{"id":4898,"date":"2021-06-18T10:43:07","date_gmt":"2021-06-18T10:43:07","guid":{"rendered":"https:\/\/monsiegeautobebe.fr\/?p=4898"},"modified":"2021-12-17T19:04:07","modified_gmt":"2021-12-17T19:04:07","slug":"bilbarnstol-bast-i-test-maj-2021","status":"publish","type":"post","link":"https:\/\/www.monsiegeautobebe.fr\/sv\/bilbarnstol-bast-i-test-maj-2021\/","title":{"rendered":"Bilbarnstolar \u2013 B\u00e4st I Test ADAC (Maj 2021)"},"content":{"rendered":"<p>F\u00f6r f\u00f6r\u00e4ldrar \u00e4r barnens s\u00e4kerhet i bilen av st\u00f6rsta vikt. Det \u00e4r d\u00e4rf\u00f6r som publikationen <a href=\"https:\/\/www.monsiegeautobebe.fr\/sv\/bast-i-test-bilbarnstol-resultat\/\">ADAC &amp; TCS krocktestresultat<\/a> \u00e4r alltid ett \u00f6gonblick att se fram emot. Syftet med krocktester \u00e4r <strong>bed\u00f6ma<\/strong> varje modells beteende i fr\u00e5ga om <strong>s\u00e4kerhet, drift, ergonomi och f\u00f6roreningsinneh\u00e5ll.<\/strong> F\u00f6r att garantera deras oberoende v\u00e4ljs de testade bilbarnstolarna ut av organisationerna sj\u00e4lva och k\u00f6ps helt anonymt. F\u00f6r dessa <strong>inledande resultat f\u00f6r 2021<\/strong>ADAC, TCS och deras partners unders\u00f6kta <strong>26 bilbarnstolsmodeller<\/strong> av alla storlekar och \u00e5ldrar. Arton av dessa bilbarnstolar bed\u00f6mdes vara <strong>\"bra\"<\/strong> medan tre modeller noterades som <strong>\"tillfredsst\u00e4llande<\/strong>. De sista fem s\u00e4tesmodellerna bed\u00f6mdes vara <strong>\"otillr\u00e4cklig<\/strong>. Orsaken var en <strong>\u00f6verdrivet f\u00f6roreningsinneh\u00e5ll<\/strong> f\u00f6r fyra av dem och en <strong>allvarlig s\u00e4kerhetsfr\u00e5ga<\/strong> f\u00f6r den senare. Till skillnad fr\u00e5n <a href=\"https:\/\/www.monsiegeautobebe.fr\/sv\/resultats-crash-tests-sieges-auto-adac-tcs-octobre-2020\/\">f\u00f6reg\u00e5ende krockprov i oktober 2020<\/a>ingen modell har lyckats uppn\u00e5 en po\u00e4ng p\u00e5 <strong>\"mycket bra\".<\/strong><\/p>\n<p><iframe title=\"TCS test av bilbarnstol 2021\" width=\"788\" height=\"443\" src=\"https:\/\/www.youtube.com\/embed\/oe2eFVqaJLg?feature=oembed\" frameborder=\"0\" allow=\"accelerometer; autoplay; clipboard-write; encrypted-media; gyroscope; picture-in-picture\" allowfullscreen><\/iframe><\/p>\n<div class=\"sc-toggle\"><div class=\"sc-toggle-title active\"><a href=\"#\">Lista \u00f6ver krocktestade bils\u00e4ten (maj 2021)<\/a><\/div><div class=\"sc-toggle-content active\">\n<p><center>Babyzen Yoyo iZi Go Modular X1 i-Size fr\u00e5n BeSafe + Bas iZi Modular i-Size<br \/>\nMaxi-Cosi Tinca + Base Tinca<br \/>\nStokke iZi Go Modular X1 i-Size by Besafe + Bas iZi Modular i-Size<br \/>\nMaxi-Cosi Tinca<br \/>\nBabyzen iZi Go Modular X1 i-Size fr\u00e5n BeSafe<br \/>\nStokke iZi Go Modular X1 i-Size fr\u00e5n BeSafe<br \/>\nBeSafe iZi Go Modul\u00e4r X1 i-Size<br \/>\nBeSafe iZi Go Modular X1 i-storlek + Bas iZi Modular i-storlek<br \/>\nPeg Perego Primo Viaggio Lounge + Bas i-Size<br \/>\nSilver Cross Simplicity Plus + Simplifix Isofix Base<br \/>\nMaxi-Cosi Marble<br \/>\nChicco Kiros i-Size<br \/>\nSilver Cross Simplicity Plus<br \/>\nPeg Perego Primo Viaggio Lounge<br \/>\nChicco Kiros i-Size + Kiros i-Size bas<br \/>\nPeg Perego Primo Viaggio 360<br \/>\nOsann Oreo 360\u00b0<br \/>\nSwandoo Marie 2<br \/>\nAxkid One+<br \/>\n<a href=\"https:\/\/www.monsiegeautobebe.fr\/sv\/bilbarnstolar-axkid-one\/\">Axkid One<\/a><br \/>\nCybex Pallas G i-Size<br \/>\nRecaro Tian Elite<br \/>\nBritax R\u00f6mer Advansafix M i-Size<br \/>\nCybex L\u00f6sning S i-Fix<br \/>\nJoie i-Traver<br \/>\nRecaro Mako Elite 2<\/center><\/div><\/div>\n\n<div id=\"ez-toc-container\" class=\"ez-toc-v2_0_82_2 counter-hierarchy ez-toc-counter ez-toc-grey ez-toc-container-direction\">\n<div class=\"ez-toc-title-container\">\n<p class=\"ez-toc-title\" style=\"cursor:inherit\">Inneh\u00e5ll<\/p>\n<span class=\"ez-toc-title-toggle\"><a href=\"#\" class=\"ez-toc-pull-right ez-toc-btn ez-toc-btn-xs ez-toc-btn-default ez-toc-toggle\" aria-label=\"V\u00e4xla till inneh\u00e5llsf\u00f6rteckning\"><span class=\"ez-toc-js-icon-con\"><span class=\"\"><span class=\"eztoc-hide\" style=\"display:none;\">V\u00e4xel<\/span><span class=\"ez-toc-icon-toggle-span\"><svg style=\"fill: #999;color:#999\" xmlns=\"http:\/\/www.w3.org\/2000\/svg\" class=\"list-377408\" width=\"20px\" height=\"20px\" viewbox=\"0 0 24 24\" fill=\"none\"><path d=\"M6 6H4v2h2V6zm14 0H8v2h12V6zM4 11h2v2H4v-2zm16 0H8v2h12v-2zM4 16h2v2H4v-2zm16 0H8v2h12v-2z\" fill=\"currentColor\"><\/path><\/svg><svg style=\"fill: #999;color:#999\" class=\"arrow-unsorted-368013\" xmlns=\"http:\/\/www.w3.org\/2000\/svg\" width=\"10px\" height=\"10px\" viewbox=\"0 0 24 24\" version=\"1.2\" baseprofile=\"tiny\"><path d=\"M18.2 9.3l-6.2-6.3-6.2 6.3c-.2.2-.3.4-.3.7s.1.5.3.7c.2.2.4.3.7.3h11c.3 0 .5-.1.7-.3.2-.2.3-.5.3-.7s-.1-.5-.3-.7zM5.8 14.7l6.2 6.3 6.2-6.3c.2-.2.3-.5.3-.7s-.1-.5-.3-.7c-.2-.2-.4-.3-.7-.3h-11c-.3 0-.5.1-.7.3-.2.2-.3.5-.3.7s.1.5.3.7z\"\/><\/svg><\/span><\/span><\/span><\/a><\/span><\/div>\n<nav><ul class='ez-toc-list ez-toc-list-level-1 eztoc-toggle-hide-by-default' ><li class='ez-toc-page-1 ez-toc-heading-level-2'><a class=\"ez-toc-link ez-toc-heading-1\" href=\"https:\/\/www.monsiegeautobebe.fr\/sv\/bilbarnstol-bast-i-test-maj-2021\/#Une_Presence_De_Polluants_Toujours_Excessive\" >\u00d6verdriven f\u00f6rekomst av f\u00f6roreningar<\/a><\/li><li class='ez-toc-page-1 ez-toc-heading-level-2'><a class=\"ez-toc-link ez-toc-heading-2\" href=\"https:\/\/www.monsiegeautobebe.fr\/sv\/bilbarnstol-bast-i-test-maj-2021\/#Un_Niveau_De_Securite_Eleve\" >En h\u00f6g s\u00e4kerhetsniv\u00e5<\/a><\/li><li class='ez-toc-page-1 ez-toc-heading-level-2'><a class=\"ez-toc-link ez-toc-heading-3\" href=\"https:\/\/www.monsiegeautobebe.fr\/sv\/bilbarnstol-bast-i-test-maj-2021\/#Selection_des_Meilleurs_Sieges_Auto_Aux_Crash-Tests_Mai_2021\" >Urval av de b\u00e4sta krocktestade bils\u00e4tena (maj 2021)<\/a><ul class='ez-toc-list-level-3' ><li class='ez-toc-heading-level-3'><a class=\"ez-toc-link ez-toc-heading-4\" href=\"https:\/\/www.monsiegeautobebe.fr\/sv\/bilbarnstol-bast-i-test-maj-2021\/#Les_Cosy_Bebe_de_la_naissance_a_18_mois_env\" >Les Cosy B\u00e9b\u00e9 (fr\u00e5n f\u00f6dseln till ca 18 m\u00e5nader)<\/a><ul class='ez-toc-list-level-4' ><li class='ez-toc-heading-level-4'><a class=\"ez-toc-link ez-toc-heading-5\" href=\"https:\/\/www.monsiegeautobebe.fr\/sv\/bilbarnstol-bast-i-test-maj-2021\/#Babyzen_iZi_Go_Modular_X1_i-Size_Stokke_iZi_Go_Modular_X1_i-Size_avec_ou_sans_base\" >Babyzen iZi Go Modular X1 i-Size &amp; Stokke iZi Go Modular X1 i-Size (med eller utan bas)<\/a><\/li><li class='ez-toc-page-1 ez-toc-heading-level-4'><a class=\"ez-toc-link ez-toc-heading-6\" href=\"https:\/\/www.monsiegeautobebe.fr\/sv\/bilbarnstol-bast-i-test-maj-2021\/#Maxi-Cosi_Tinca_avec_ou_sans_base\" >Maxi-Cosi Tinca (med eller utan bas)<\/a><\/li><li class='ez-toc-page-1 ez-toc-heading-level-4'><a class=\"ez-toc-link ez-toc-heading-7\" href=\"https:\/\/www.monsiegeautobebe.fr\/sv\/bilbarnstol-bast-i-test-maj-2021\/#Peg_Perego_Primo_Viaggio_Lounge_avec_ou_sans_base\" >Peg Perego Primo Viaggio Lounge (med eller utan bas)<\/a><\/li><li class='ez-toc-page-1 ez-toc-heading-level-4'><a class=\"ez-toc-link ez-toc-heading-8\" href=\"https:\/\/www.monsiegeautobebe.fr\/sv\/bilbarnstol-bast-i-test-maj-2021\/#Silver_Cross_Simplicity_Plus_avec_ou_sans_base\" >Silver Cross Simplicity Plus (med eller utan bas)<\/a><\/li><li class='ez-toc-page-1 ez-toc-heading-level-4'><a class=\"ez-toc-link ez-toc-heading-9\" href=\"https:\/\/www.monsiegeautobebe.fr\/sv\/bilbarnstol-bast-i-test-maj-2021\/#Maxi-Cosi_Marble_avec_base\" >Maxi-Cosi Marble (med bas)<\/a><\/li><\/ul><\/li><li class='ez-toc-page-1 ez-toc-heading-level-3'><a class=\"ez-toc-link ez-toc-heading-10\" href=\"https:\/\/www.monsiegeautobebe.fr\/sv\/bilbarnstol-bast-i-test-maj-2021\/#Les_Sieges_Auto_Enfants_de_la_naissance_a_7_ans_env\" >Bilbarnstolar (fr\u00e5n f\u00f6dseln till ca 7 \u00e5r)<\/a><ul class='ez-toc-list-level-4' ><li class='ez-toc-heading-level-4'><a class=\"ez-toc-link ez-toc-heading-11\" href=\"https:\/\/www.monsiegeautobebe.fr\/sv\/bilbarnstol-bast-i-test-maj-2021\/#Axkid_One_Axkid_One\" >Axkid One \/ Axkid One+<\/a><\/li><\/ul><\/li><li class='ez-toc-page-1 ez-toc-heading-level-3'><a class=\"ez-toc-link ez-toc-heading-12\" href=\"https:\/\/www.monsiegeautobebe.fr\/sv\/bilbarnstol-bast-i-test-maj-2021\/#Les_Sieges_Auto_Evolutifs_de_la_naissance_a_12_ans_env\" >Evolutive bilbarnstolar (fr\u00e5n f\u00f6dseln till ca 12 \u00e5r)<\/a><ul class='ez-toc-list-level-4' ><li class='ez-toc-heading-level-4'><a class=\"ez-toc-link ez-toc-heading-13\" href=\"https:\/\/www.monsiegeautobebe.fr\/sv\/bilbarnstol-bast-i-test-maj-2021\/#Cybex_Pallas_G_i-Size\" >Cybex Pallas G i-Size<\/a><\/li><\/ul><\/li><li class='ez-toc-page-1 ez-toc-heading-level-3'><a class=\"ez-toc-link ez-toc-heading-14\" href=\"https:\/\/www.monsiegeautobebe.fr\/sv\/bilbarnstol-bast-i-test-maj-2021\/#Les_Rehausseurs_Voiture_de_4_a_12_ans_env\" >B\u00e4ltesstolar (fr\u00e5n 4 till 12 \u00e5r ca.)<\/a><ul class='ez-toc-list-level-4' ><li class='ez-toc-heading-level-4'><a class=\"ez-toc-link ez-toc-heading-15\" href=\"https:\/\/www.monsiegeautobebe.fr\/sv\/bilbarnstol-bast-i-test-maj-2021\/#Cybex_Solution_S_i-Fix\" >Cybex L\u00f6sning S i-Fix<\/a><\/li><li class='ez-toc-page-1 ez-toc-heading-level-4'><a class=\"ez-toc-link ez-toc-heading-16\" href=\"https:\/\/www.monsiegeautobebe.fr\/sv\/bilbarnstol-bast-i-test-maj-2021\/#Joie_i-Traver\" >Joie i-Traver<\/a><\/li><\/ul><\/li><\/ul><\/li><li class='ez-toc-page-1 ez-toc-heading-level-2'><a class=\"ez-toc-link ez-toc-heading-17\" href=\"https:\/\/www.monsiegeautobebe.fr\/sv\/bilbarnstol-bast-i-test-maj-2021\/#Liste_Complete_des_Notes_aux_Crash-Tests_ADAC_TCS_Mai_2021\" >Komplett lista \u00f6ver ADAC &amp; TCS krocktestresultat (maj 2021)<\/a><\/li><\/ul><\/nav><\/div>\n<h2><span class=\"ez-toc-section\" id=\"Une_Presence_De_Polluants_Toujours_Excessive\"><\/span>\u00d6verdriven f\u00f6rekomst av f\u00f6roreningar<span class=\"ez-toc-section-end\"><\/span><\/h2>\n<p>Sedan den \u00f6verdrivna f\u00f6rekomsten av vissa f\u00f6rorenande \u00e4mnen inf\u00f6rdes i bed\u00f6mningskriterierna leder den systematiskt till en <strong>Devalvering av det slutliga m\u00e4rket.<\/strong> av de ber\u00f6rda s\u00e4tena. Trots att <strong>utm\u00e4rkta resultat<\/strong> N\u00e4r det g\u00e4ller s\u00e4kerhet misslyckades fyra s\u00e4tesmodeller p\u00e5 grund av f\u00f6rekomsten av <strong>giftiga \u00e4mnen<\/strong> i sina kl\u00e4dsel\u00f6verdrag. Bes\u00f6k <strong>BeSafe iZi Go Modular X1 i-Size, Swandoo Marie 2<\/strong> och<strong>Osann Oreo 360<\/strong> fick sina po\u00e4ng nedgraderade efter att sp\u00e5r av naftalen och DPHP uppt\u00e4ckts, \u00e4mnen som \u00e4r potentiellt farliga f\u00f6r sm\u00e5 barn. Efter tillk\u00e4nnagivandet av dessa resultat, <a href=\"https:\/\/swandoo.com\/fr\/marie-2-consumer-ratings-results\/\" target=\"_blank\" rel=\"noopener\">Swandoo<\/a>, <a href=\"https:\/\/www.besafe.com\/fr\/adac-spring-2021\/\" target=\"_blank\" rel=\"noopener\">BeSafe<\/a> och Osann vidtog omedelbart \u00e5tg\u00e4rder f\u00f6r att s\u00e5 snabbt som m\u00f6jligt modifiera och ers\u00e4tta de felaktiga komponenterna. \u00c4ven om <strong>F\u00f6rekomst av f\u00f6rorenande \u00e4mnen.<\/strong> \u00e4r fortfarande problematisk, detta f\u00f6rringar inte p\u00e5 n\u00e5got s\u00e4tt de goda resultaten f\u00f6r dessa modeller i <strong>s\u00e4kerhet.<\/strong> Som j\u00e4mf\u00f6relse kan n\u00e4mnas bilbarnstolar <strong>Babyzen<\/strong> och <strong>Stokke<\/strong> bed\u00f6ms p\u00e5 grundval av <strong>BeSafe iZi Go Modul\u00e4r X1 i-Size<\/strong> uppn\u00e5dde utm\u00e4rkta resultat som visade att endast s\u00e4teskl\u00e4dseln var felaktig.<\/p>\n<p><iframe title=\"Test Babyschale Chicco Kiros: Lebensgefahr f\u00fcrs Kind (Test Autokindersitze Stiftung Warentest)\" width=\"788\" height=\"443\" src=\"https:\/\/www.youtube.com\/embed\/rs33NjuS73M?feature=oembed\" frameborder=\"0\" allow=\"accelerometer; autoplay; clipboard-write; encrypted-media; gyroscope; picture-in-picture\" allowfullscreen><\/iframe><\/p>\n<p>Le <strong>Chicco Kiros i-Size + Kiros i-Size bas<\/strong> var den enda <a href=\"https:\/\/www.monsiegeautobebe.fr\/sv\/\">bilbarnstol<\/a> att ha blivit \"flunkad\" fr\u00e5n detta kraschtest f\u00f6r <strong>av s\u00e4kerhetssk\u00e4l.<\/strong> I sj\u00e4lva verket <strong><a href=\"https:\/\/www.monsiegeautobebe.fr\/sv\/babyskydd-bast-i-test\/\">baby gosedjur<\/a><\/strong> lossnade fr\u00e5n sin bas under <strong>frontalkollision<\/strong> med v\u00e5ld kasta s\u00e4tet med provdockan mot fordonets fr\u00e4mre del. I h\u00e4ndelse av en olycka \u00e4r risken f\u00f6r <strong>allvarliga skador<\/strong> f\u00f6r barnet skulle ha varit dramatisk. Medveten om faran, <a href=\"https:\/\/www.chicco.com\/en\/product-recalls\/product-recall-francia.html\" target=\"_blank\" rel=\"noopener\">Chicco har lanserat en ers\u00e4ttningskampanj<\/a> av sin Kiros i-Size-bas.<\/p>\n<h2><span class=\"ez-toc-section\" id=\"Un_Niveau_De_Securite_Eleve\"><\/span>En h\u00f6g s\u00e4kerhetsniv\u00e5<span class=\"ez-toc-section-end\"><\/span><\/h2>\n<p>Detta \u00e5r har <strong>baby gosedjur<\/strong> var de mest testade modellerna. Sammanlagt unders\u00f6kte ADAC och dess partner <strong>modeller med femton s\u00e4ten<\/strong> utformad f\u00f6r barn <strong>fr\u00e5n f\u00f6dseln till 18 m\u00e5nader<\/strong> eller s\u00e5. Det stora antalet modeller f\u00f6rklaras framf\u00f6r allt av det s\u00e4tt p\u00e5 vilket denna typ av s\u00e4te f\u00e4sts, vilket kan g\u00f6ras med b\u00e5de en <strong>s\u00e4rskild ISOFIX-bas<\/strong> eller <strong>s\u00e4kerhetsb\u00e4lte.<\/strong> P\u00e5 grund av risken f\u00f6r <strong>felaktig installation<\/strong> anv\u00e4ndningen av b\u00e4ltet, risken f\u00f6r skador och <strong>bilbarnstolar<\/strong> som \u00e4r knutna till deras baser rankas regelbundet h\u00f6gre.<\/p>\n<figure id=\"attachment_5042\" aria-describedby=\"caption-attachment-5042\" style=\"width: 900px\" class=\"wp-caption aligncenter\"><a href=\"https:\/\/monsiegeautobebe.fr\/wp-content\/uploads\/2021\/06\/siege-auto-maxi-cosi-tinca-base-isofix.jpg\"><img fetchpriority=\"high\" decoding=\"async\" class=\"size-full wp-image-5042\" src=\"https:\/\/monsiegeautobebe.fr\/wp-content\/uploads\/2021\/06\/siege-auto-maxi-cosi-tinca-base-isofix.jpg\" alt=\"Maxi Cosi Tinca bilbarnstol med ISOFIX-bas\" width=\"900\" height=\"600\" srcset=\"https:\/\/www.monsiegeautobebe.fr\/wp-content\/uploads\/2021\/06\/siege-auto-maxi-cosi-tinca-base-isofix.jpg 900w, https:\/\/www.monsiegeautobebe.fr\/wp-content\/uploads\/2021\/06\/siege-auto-maxi-cosi-tinca-base-isofix-600x400.jpg 600w, https:\/\/www.monsiegeautobebe.fr\/wp-content\/uploads\/2021\/06\/siege-auto-maxi-cosi-tinca-base-isofix-300x200.jpg 300w, https:\/\/www.monsiegeautobebe.fr\/wp-content\/uploads\/2021\/06\/siege-auto-maxi-cosi-tinca-base-isofix-768x512.jpg 768w, https:\/\/www.monsiegeautobebe.fr\/wp-content\/uploads\/2021\/06\/siege-auto-maxi-cosi-tinca-base-isofix-104x69.jpg 104w\" sizes=\"(max-width: 900px) 100vw, 900px\" \/><\/a><figcaption id=\"caption-attachment-5042\" class=\"wp-caption-text\">Maxi-Cosi Tinca korrekt installerad p\u00e5 sin ISOFIX-bas<\/figcaption><\/figure>\n<p>Anv\u00e4ndning av <a href=\"https:\/\/www.monsiegeautobebe.fr\/sv\/systeme-de-fixation-isofix-pour-siege-auto-bebe\/\">ISOFIX\u00ae monteringssystem<\/a> med ikrafttr\u00e4dandet av <strong>i-Size reglering,<\/strong> Anv\u00e4ndningen av en bas minskar avsev\u00e4rt risken f\u00f6r felaktig installation. I detta avseende anses kombinationen av en babyskydd och en bas vara det s\u00e4kraste alternativet. Anv\u00e4ndningen av en babyskydd som \u00e4r korrekt installerad med hj\u00e4lp av ett s\u00e4kerhetsb\u00e4lte \u00e4r dock lika s\u00e4ker f\u00f6r barnets s\u00e4kerhet.<\/p>\n<h2><span class=\"ez-toc-section\" id=\"Selection_des_Meilleurs_Sieges_Auto_Aux_Crash-Tests_Mai_2021\"><\/span>Urval av de b\u00e4sta krocktestade bils\u00e4tena (maj 2021)<span class=\"ez-toc-section-end\"><\/span><\/h2>\n<ol>\n<h3><span class=\"ez-toc-section\" id=\"Les_Cosy_Bebe_de_la_naissance_a_18_mois_env\"><\/span>\n<li>Les Cosy B\u00e9b\u00e9 (fr\u00e5n f\u00f6dseln till ca 18 m\u00e5nader)<span class=\"ez-toc-section-end\"><\/span><\/h3>\n<\/li>\n<p>Oavsett om den \u00e4r installerad med en <strong>ISOFIX-bas<\/strong> eller med <strong>s\u00e4kerhetsb\u00e4lte<\/strong> av fordonet, anv\u00e4ndning av en <strong>baby gosedjur<\/strong> \u00e4r fortfarande det s\u00e4kraste s\u00e4ttet att resa med en baby. F\u00f6rutom dess <a href=\"https:\/\/www.monsiegeautobebe.fr\/sv\/bilbarnstol-med-ryggen-mot-vagen\/\" target=\"_blank\" rel=\"noopener\">bak\u00e5tv\u00e4nd position<\/a> (den s\u00e4kraste), den <strong>baby gosedjur<\/strong> \u00e4r perfekt anpassad till nyf\u00f6dda barns s\u00e4rskilt \u00f6mt\u00e5liga morfologi. Det \u00e4r d\u00e4rf\u00f6r vi regelbundet rekommenderar anv\u00e4ndning av en babym\u00f6ssa som <strong>f\u00f6rsta bilbarnstolen.<\/strong><\/p>\n<p><center><a href=\"https:\/\/www.monsiegeautobebe.fr\/sv\/babyskydd-bast-i-test\/\" class=\"sc-button sc-button-default sc-button-MEDIUM\"><span>SE V\u00c5RT URVAL AV DE B\u00c4STA BABYNESTARNA<\/span><\/a><\/center><\/p>\n<ul>\n<h4><span class=\"ez-toc-section\" id=\"Babyzen_iZi_Go_Modular_X1_i-Size_Stokke_iZi_Go_Modular_X1_i-Size_avec_ou_sans_base\"><\/span>\n<li><em>Babyzen iZi Go Modular X1 i-Size &amp; Stokke iZi Go Modular X1 i-Size (med eller utan bas)<\/em><\/li>\n<span class=\"ez-toc-section-end\"><\/span><\/h4>\n<figure id=\"attachment_5145\" aria-describedby=\"caption-attachment-5145\" style=\"width: 1000px\" class=\"wp-caption aligncenter\"><a href=\"https:\/\/monsiegeautobebe.fr\/wp-content\/uploads\/2021\/06\/stokke-babyzen-yoyo-izi-go-modular-x1-by-besafe-adac.jpg\"><img decoding=\"async\" src=\"https:\/\/monsiegeautobebe.fr\/wp-content\/uploads\/2021\/06\/stokke-babyzen-yoyo-izi-go-modular-x1-by-besafe-adac.jpg\" alt=\"Mysig baby Stokke och Babyzen Yoyo iZi Go-Modular X1 av BeSafe\" width=\"1000\" height=\"600\" class=\"size-full wp-image-5145\" srcset=\"https:\/\/www.monsiegeautobebe.fr\/wp-content\/uploads\/2021\/06\/stokke-babyzen-yoyo-izi-go-modular-x1-by-besafe-adac.jpg 1000w, https:\/\/www.monsiegeautobebe.fr\/wp-content\/uploads\/2021\/06\/stokke-babyzen-yoyo-izi-go-modular-x1-by-besafe-adac-600x360.jpg 600w, https:\/\/www.monsiegeautobebe.fr\/wp-content\/uploads\/2021\/06\/stokke-babyzen-yoyo-izi-go-modular-x1-by-besafe-adac-300x180.jpg 300w, https:\/\/www.monsiegeautobebe.fr\/wp-content\/uploads\/2021\/06\/stokke-babyzen-yoyo-izi-go-modular-x1-by-besafe-adac-768x461.jpg 768w\" sizes=\"(max-width: 1000px) 100vw, 1000px\" \/><\/a><figcaption id=\"caption-attachment-5145\" class=\"wp-caption-text\">Babyzen Yoyo iZi Go Modular X1 fr\u00e5n BeSafe (v\u00e4nster) och Stokke iZi Go Modular X1 fr\u00e5n BeSafe (h\u00f6ger)<\/figcaption><\/figure>Le <strong>Babyzen Yoyo<\/strong> och <strong>Stokke iZi Go Modular X1 i-Size fr\u00e5n BeSafe<\/strong> \u00e4r b\u00e5de <strong>baby gosedjur<\/strong> designad av det norska m\u00e4rket <a href=\"https:\/\/www.besafe.com\/fr\/\" target=\"_blank\" rel=\"nofollow noopener\">BeSafe<\/a> och identisk med modellen med samma namn. Den <strong>Babyzen<\/strong> och <strong>Stokke iZi Go Modular X1 i-Size fr\u00e5n BeSafe<\/strong> \u00e4r bekv\u00e4ma l\u00e4ttviktsmodeller (4,2 kg) som \u00e4r godk\u00e4nda enligt <strong>R129 reglering (i-Size)<\/strong> f\u00f6r barn <strong>fr\u00e5n 40 till 75 cm<\/strong> (fr\u00e5n f\u00f6dseln till cirka 12 m\u00e5nader). Dessa tv\u00e5 bilbarnstolar \u00e4r utrustade med en m\u00e4ngd komfort- och s\u00e4kerhetsfunktioner som har gett dem en <strong>mycket l\u00e5g risk f\u00f6r skador<\/strong> i h\u00e4ndelse av en front- eller sidokollision. Faktum \u00e4r att dessa modeller har en <strong>5-punktssele,<\/strong> a <strong>Solskydd<\/strong> UV-skydd (UPF50+), en <strong>justerbart nackst\u00f6d<\/strong> f\u00f6r att justera s\u00e4tet till barnets l\u00e4ngd, fr\u00e5n ena sidan till den andra. <strong>avtagbart sidoskydd<\/strong> sidokollisionsskydd (SIP+) och en <strong>barnreducering<\/strong> f\u00f6r en extra lutning. L'<strong>iZi Go Modular X1 i-Size fr\u00e5n BeSafe<\/strong> m\u00e5ste installeras <strong>tillbaka till v\u00e4gen<\/strong> med hj\u00e4lp av <strong>s\u00e4kerhetsb\u00e4lte<\/strong> av fordonet eller <a href=\"https:\/\/fr.shop-orchestra.com\/fr\/auto\/base-auto\/base-isofix---izi-modular-PA000H.html?kwkuniv=P4F9B5571995100-ccP4F9B5571995111&#038;utm_campaign=generic&#038;utm_source=kwanko&#038;utm_term=0&#038;utm_medium=affiliation\" target=\"_blank\" rel=\"nofollow noopener\">bas iZi Modular i-Size<\/a> \u00e4ven kompatibel med BeSafes babyskydd iZi Modular X1 i-Size. Beroende p\u00e5 vilken modell som valts passar iZi Go Modular X1 i-Size fr\u00e5n BeSafe enkelt p\u00e5 chassit p\u00e5 f\u00f6ljande barnvagnar <strong>Stokke<\/strong> (Xplory, Beat eller Trailz) eller <strong>Babyzen<\/strong> (Yoyo+ eller Yoyo2) utan n\u00e5gra adaptrar.<\/p>\n<div id=\"tablepress-97-scroll-wrapper\" class=\"tablepress-scroll-wrapper\">\n\n<table id=\"tablepress-97\" class=\"tablepress tablepress-id-97 tablepress-responsive\">\n<thead>\n<tr class=\"row-1\">\n\t<td class=\"column-1\"><\/td><th class=\"column-2\">Babyzen Yoyo iZi Go Modular X1 i-Size<\/th><th class=\"column-3\">Stokke iZi Go Modular X1 i-Size<\/th>\n<\/tr>\n<\/thead>\n<tbody class=\"row-striping row-hover\">\n<tr class=\"row-2\">\n\t<td class=\"column-1\">Certifiering<\/td><td class=\"column-2\">R129 (i-Size)<\/td><td class=\"column-3\">R129 (i-Size)<\/td>\n<\/tr>\n<tr class=\"row-3\">\n\t<td class=\"column-1\">Barnets storlek<\/td><td class=\"column-2\">Fr\u00e5n 40 till 75 cm<\/td><td class=\"column-3\">Fr\u00e5n 40 till 75 cm<\/td>\n<\/tr>\n<tr class=\"row-4\">\n\t<td class=\"column-1\">Barnets \u00e5lder<\/td><td class=\"column-2\">Fr\u00e5n f\u00f6dseln till ca 12 m\u00e5nader.<\/td><td class=\"column-3\">Fr\u00e5n f\u00f6dseln till ca 12 m\u00e5nader.<\/td>\n<\/tr>\n<tr class=\"row-5\">\n\t<td class=\"column-1\">Barnets vikt<\/td><td class=\"column-2\">13 kg max.<\/td><td class=\"column-3\">13 kg max.<\/td>\n<\/tr>\n<tr class=\"row-6\">\n\t<td class=\"column-1\">Sittplatsens position<\/td><td class=\"column-2\">Tillbaka till v\u00e4gen<\/td><td class=\"column-3\">Tillbaka till v\u00e4gen<\/td>\n<\/tr>\n<tr class=\"row-7\">\n\t<td class=\"column-1\">Montering av bilbarnstolen<\/td><td class=\"column-2\">S\u00e4kerhetsb\u00e4lte eller bas <a href=\"https:\/\/icp.shop-orchestra.com\/?P4F9B5571995111&amp;redir=https%3A%2F%2Ffr.shop-orchestra.com%2Ffr%2Fauto%2Fbase-auto%2Fbase-isofix---izi-modular-PA000H.html\" target=\"_blank\" rel=\"nofollow noopener noreferrer\">iZi Modular i-Size<\/a> med fj\u00e4derben<\/td><td class=\"column-3\">S\u00e4kerhetsb\u00e4lte eller bas <a href=\"https:\/\/icp.shop-orchestra.com\/?P4F9B5571995111&amp;redir=https%3A%2F%2Ffr.shop-orchestra.com%2Ffr%2Fauto%2Fbase-auto%2Fbase-isofix---izi-modular-PA000H.html\" target=\"_blank\" rel=\"nofollow noopener noreferrer\">iZi Modular i-Size<\/a> med fj\u00e4derben<\/td>\n<\/tr>\n<tr class=\"row-8\">\n\t<td class=\"column-1\">Fasth\u00e5llningsanordning f\u00f6r barn<\/td><td class=\"column-2\">5-punktssele<\/td><td class=\"column-3\">5-punktssele<\/td>\n<\/tr>\n<tr class=\"row-9\">\n\t<td class=\"column-1\">Reduktion f\u00f6r nyf\u00f6dda<\/td><td class=\"column-2\"><center><img decoding=\"async\" src=\"https:\/\/monsiegeautobebe.fr\/wp-content\/uploads\/2019\/03\/icon-yes.png\" alt=\"\" width=\"16\" height=\"16\" class=\"aligncenter size-full wp-image-693\" \/><\/center><\/td><td class=\"column-3\"><center><img decoding=\"async\" src=\"https:\/\/monsiegeautobebe.fr\/wp-content\/uploads\/2019\/03\/icon-yes.png\" alt=\"\" width=\"16\" height=\"16\" class=\"aligncenter size-full wp-image-693\" \/><\/center><\/td>\n<\/tr>\n<tr class=\"row-10\">\n\t<td class=\"column-1\">Vridbar bilbarnstol<\/td><td class=\"column-2\"><center><img loading=\"lazy\" decoding=\"async\" src=\"https:\/\/monsiegeautobebe.fr\/wp-content\/uploads\/2019\/03\/icon-no.png\" alt=\"\" width=\"16\" height=\"16\" class=\"aligncenter size-full wp-image-693\" \/><\/center><\/td><td class=\"column-3\"><center><img loading=\"lazy\" decoding=\"async\" src=\"https:\/\/monsiegeautobebe.fr\/wp-content\/uploads\/2019\/03\/icon-no.png\" alt=\"\" width=\"16\" height=\"16\" class=\"aligncenter size-full wp-image-693\" \/><\/center><\/td>\n<\/tr>\n<tr class=\"row-11\">\n\t<td class=\"column-1\">Priser<\/td><td class=\"column-2\"><a href=\"https:\/\/www.wombconcept.com\/les-sieges-auto\/52641-yoyo-coque-siege-auto-groupe-0-by-besafe-3701244002191.html\" class=\"sc-button sc-button-default sc-button-MEDIUM\" target=\"_blank\" rel=\"noopener\"><span>SE DET B\u00c4STA PRISET<\/span><\/a><\/td><td class=\"column-3\"><a href=\"https:\/\/icp.shop-orchestra.com\/?P4F9B5571995111&amp;redir=https%3A%2F%2Ffr.shop-orchestra.com%2Ffr%2Fmarques-a-decouvrir%2Fstokke%2Fsiege-auto-isofix-izi-go-modular-x1-by-besafe-groupe-0---noir-PAUCWN.html\" class=\"sc-button sc-button-default sc-button-MEDIUM\" target=\"_blank\" rel=\"noopener\"><span>SE DET B\u00c4STA PRISET<\/span><\/a><\/td>\n<\/tr>\n<\/tbody>\n<\/table>\n\n<\/div><!-- #tablepress-97 from cache --><h4><span class=\"ez-toc-section\" id=\"Maxi-Cosi_Tinca_avec_ou_sans_base\"><\/span>\n<li><em>Maxi-Cosi Tinca (med eller utan bas)<\/em><\/li>\n<span class=\"ez-toc-section-end\"><\/span><\/h4>\n<p><a href=\"https:\/\/monsiegeautobebe.fr\/wp-content\/uploads\/2021\/06\/cosy-bebe-maxi-cosi-tinca-adac.jpg\"><img loading=\"lazy\" decoding=\"async\" src=\"https:\/\/monsiegeautobebe.fr\/wp-content\/uploads\/2021\/06\/cosy-bebe-maxi-cosi-tinca-adac-300x300.jpg\" alt=\"Mysig baby Maxi Cosi Tinca\" width=\"300\" height=\"300\" class=\"alignleft size-medium wp-image-5133\" srcset=\"https:\/\/www.monsiegeautobebe.fr\/wp-content\/uploads\/2021\/06\/cosy-bebe-maxi-cosi-tinca-adac-300x300.jpg 300w, https:\/\/www.monsiegeautobebe.fr\/wp-content\/uploads\/2021\/06\/cosy-bebe-maxi-cosi-tinca-adac-336x336.jpg 336w, https:\/\/www.monsiegeautobebe.fr\/wp-content\/uploads\/2021\/06\/cosy-bebe-maxi-cosi-tinca-adac-600x600.jpg 600w, https:\/\/www.monsiegeautobebe.fr\/wp-content\/uploads\/2021\/06\/cosy-bebe-maxi-cosi-tinca-adac-150x150.jpg 150w, https:\/\/www.monsiegeautobebe.fr\/wp-content\/uploads\/2021\/06\/cosy-bebe-maxi-cosi-tinca-adac-768x768.jpg 768w, https:\/\/www.monsiegeautobebe.fr\/wp-content\/uploads\/2021\/06\/cosy-bebe-maxi-cosi-tinca-adac.jpg 1000w\" sizes=\"(max-width: 300px) 100vw, 300px\" \/><\/a>Maxi-Cosi Tinca \u00e4r en R129 (i-Size) godk\u00e4nd bilbarnstol f\u00f6r <a href=\"https:\/\/www.monsiegeautobebe.fr\/sv\/bilbarnstol-med-ryggen-mot-vagen\/\">resa med ryggen mot v\u00e4gen<\/a> f\u00f6r barn fr\u00e5n 45 till 75 cm (fr\u00e5n f\u00f6dseln till ca 12 m\u00e5nader). Babyskyddet kan monteras med hj\u00e4lp av s\u00e4kerhetsb\u00e4ltet eller en av de kompatibla baserna (FmailyFix 2 eller Tinca). Oavsett hur den installeras har Maxi-Cosi Tinca uppn\u00e5tt utm\u00e4rkta s\u00e4kerhetsresultat, med en mycket l\u00e5g risk f\u00f6r skador vid en frontalkollision och en l\u00e5g risk f\u00f6r skador vid en sidokollision. Maxi-Cosi Tinca \u00e4r l\u00e4tt och funktionell och v\u00e4ger bara 3,2 kg, vilket g\u00f6r det enkelt att ta med den \u00f6verallt. F\u00f6r att garantera maximal komfort och s\u00e4kerhet \u00e4r bilbarnstolen utrustad med f\u00f6rst\u00e4rkta absorberande material f\u00f6r sidokollisionsskydd, en 3-punktssele, ett solskydd mot UV-str\u00e5lning och en avtagbar nyf\u00f6ddhetsreduktion med en separat nackst\u00f6dskudde f\u00f6r att perfekt st\u00f6dja barnets huvud.<br \/>\n<div id=\"tablepress-96-scroll-wrapper\" class=\"tablepress-scroll-wrapper\">\n\n<table id=\"tablepress-96\" class=\"tablepress tablepress-id-96 tablepress-responsive\">\n<tbody class=\"row-striping row-hover\">\n<tr class=\"row-1\">\n\t<td class=\"column-1\">Certifiering<\/td><td class=\"column-2\">R129 (i-Size)<\/td>\n<\/tr>\n<tr class=\"row-2\">\n\t<td class=\"column-1\">Barnets storlek<\/td><td class=\"column-2\">Fr\u00e5n 45 till 75 cm<\/td>\n<\/tr>\n<tr class=\"row-3\">\n\t<td class=\"column-1\">Barnets \u00e5lder<\/td><td class=\"column-2\">Fr\u00e5n f\u00f6dseln till ca 12 m\u00e5nader.<\/td>\n<\/tr>\n<tr class=\"row-4\">\n\t<td class=\"column-1\">Barnets vikt<\/td><td class=\"column-2\">12 kg max.<\/td>\n<\/tr>\n<tr class=\"row-5\">\n\t<td class=\"column-1\">Montering av bilbarnstolen<\/td><td class=\"column-2\">S\u00e4kerhetsb\u00e4lte eller bas <a href=\"https:\/\/action.metaffiliation.com\/trk.php?mclic=P494DD5719952191&amp;redir=https%3A%2F%2Fwww.roseoubleu.fr%2Fmaxi-cosi-base-pour-siege-auto-cosy-tinca-i-size-a301525.html\" target=\"_blank\" rel=\"nofollow noopener noreferrer\">Tinca<\/a> eller <a href=\"https:\/\/action.metaffiliation.com\/trk.php?mclic=P494DD5719952191&amp;redir=https%3A%2F%2Fwww.roseoubleu.fr%2Fmaxi-cosi-base-pour-siege-auto-familyfix2-a294666.html\" target=\"_blank\" rel=\"nofollow noopener noreferrer\">FamiljeFix 2<\/a> med fj\u00e4derben<\/td>\n<\/tr>\n<tr class=\"row-6\">\n\t<td class=\"column-1\">Fasth\u00e5llningsanordning f\u00f6r barn<\/td><td class=\"column-2\">3-punkts sele<\/td>\n<\/tr>\n<tr class=\"row-7\">\n\t<td class=\"column-1\">Reduktion f\u00f6r nyf\u00f6dda<\/td><td class=\"column-2\"><center><img decoding=\"async\" src=\"https:\/\/monsiegeautobebe.fr\/wp-content\/uploads\/2019\/03\/icon-yes.png\" alt=\"\" width=\"16\" height=\"16\" class=\"aligncenter size-full wp-image-693\" \/><\/center><\/td>\n<\/tr>\n<tr class=\"row-8\">\n\t<td class=\"column-1\">Lutande ryggst\u00f6d<\/td><td class=\"column-2\"><center><img loading=\"lazy\" decoding=\"async\" src=\"https:\/\/monsiegeautobebe.fr\/wp-content\/uploads\/2019\/03\/icon-no.png\" alt=\"\" width=\"16\" height=\"16\" class=\"aligncenter size-full wp-image-693\" \/><\/center><\/td>\n<\/tr>\n<tr class=\"row-9\">\n\t<td class=\"column-1\">Vridbar bilbarnstol<\/td><td class=\"column-2\"><center><img loading=\"lazy\" decoding=\"async\" src=\"https:\/\/monsiegeautobebe.fr\/wp-content\/uploads\/2019\/03\/icon-no.png\" alt=\"\" width=\"16\" height=\"16\" class=\"aligncenter size-full wp-image-693\" \/><\/center><\/td>\n<\/tr>\n<tr class=\"row-10\">\n\t<td class=\"column-1\">Sittplatsens position<\/td><td class=\"column-2\">Tillbaka till v\u00e4gen<\/td>\n<\/tr>\n<\/tbody>\n<\/table>\n\n<\/div><!-- #tablepress-96 from cache -->\n<center><a href=\"https:\/\/action.metaffiliation.com\/trk.php?mclic=P494DD5719952191&amp;redir=https%3A%2F%2Fwww.roseoubleu.fr%2Fmaxi-cosi-siege-auto-cosy-tinca-i-size-essential-graphite-a288074.html\" class=\"sc-button sc-button-default sc-button-MEDIUM\" target=\"_blank\" rel=\"noopener\"><span>SE DET B\u00c4STA PRISET<br \/>\nMAXI-COSI TINCA<\/span><\/a><\/center><\/p>\n<h4><span class=\"ez-toc-section\" id=\"Peg_Perego_Primo_Viaggio_Lounge_avec_ou_sans_base\"><\/span>\n<li><em>Peg Perego Primo Viaggio Lounge (med eller utan bas)<\/em><\/li>\n<span class=\"ez-toc-section-end\"><\/span><\/h4>\n<p><a href=\"https:\/\/monsiegeautobebe.fr\/wp-content\/uploads\/2021\/06\/cosy-bebe-peg-perego-primo-viaggio-lounge-adac.jpg\"><img loading=\"lazy\" decoding=\"async\" src=\"https:\/\/monsiegeautobebe.fr\/wp-content\/uploads\/2021\/06\/cosy-bebe-peg-perego-primo-viaggio-lounge-adac-300x300.jpg\" alt=\"Peg Perego Primo Viaggio Lounge\" width=\"300\" height=\"300\" class=\"alignleft size-medium wp-image-5134\" srcset=\"https:\/\/www.monsiegeautobebe.fr\/wp-content\/uploads\/2021\/06\/cosy-bebe-peg-perego-primo-viaggio-lounge-adac-300x300.jpg 300w, https:\/\/www.monsiegeautobebe.fr\/wp-content\/uploads\/2021\/06\/cosy-bebe-peg-perego-primo-viaggio-lounge-adac-336x336.jpg 336w, https:\/\/www.monsiegeautobebe.fr\/wp-content\/uploads\/2021\/06\/cosy-bebe-peg-perego-primo-viaggio-lounge-adac-600x600.jpg 600w, https:\/\/www.monsiegeautobebe.fr\/wp-content\/uploads\/2021\/06\/cosy-bebe-peg-perego-primo-viaggio-lounge-adac-150x150.jpg 150w, https:\/\/www.monsiegeautobebe.fr\/wp-content\/uploads\/2021\/06\/cosy-bebe-peg-perego-primo-viaggio-lounge-adac-768x768.jpg 768w, https:\/\/www.monsiegeautobebe.fr\/wp-content\/uploads\/2021\/06\/cosy-bebe-peg-perego-primo-viaggio-lounge-adac.jpg 1000w\" sizes=\"(max-width: 300px) 100vw, 300px\" \/><\/a>Le <strong>Primo Viaggio Lounge<\/strong> fr\u00e5n <strong>Peg Perego<\/strong> \u00e4r en R129 (i-Size) godk\u00e4nd babym\u00f6bel f\u00f6r barn fr\u00e5n <strong>40 till 87 cm<\/strong> (fr\u00e5n f\u00f6dseln till ca 15 m\u00e5nader). Som den <a href=\"https:\/\/www.monsiegeautobebe.fr\/sv\/test-avis-cosy-cybex-cloud-z-i-size\/\" target=\"_blank\" rel=\"noopener\">Cybex Cloud Z i-Size<\/a>den <strong>Primo Viaggio Lounge<\/strong> \u00e4r unik genom att den erbjuder en <strong>f\u00e4llbart ryggst\u00f6d<\/strong> vilket g\u00f6r att barnet kan placeras i en <strong>ergonomisk liggst\u00e4llning<\/strong> n\u00e4r s\u00e4tet \u00e4r installerat p\u00e5 en barnvagns chassi eller p\u00e5 dess dedikerade bas. Denna lutande bilbarnstol kan endast monteras bak\u00e5tv\u00e4nd med fordonets trepunktsb\u00e4lte eller s\u00e4kerhetsb\u00e4ltet. <a href=\"https:\/\/action.metaffiliation.com\/trk.php?mclic=P494DD5719952191&amp;redir=https%3A%2F%2Fwww.roseoubleu.fr%2Fpeg-perego-base-pour-cosy-i-size-primo-viaggio-lounge-i-plus-ff105-noir-2021-a309455.html\" target=\"_blank\" rel=\"nofollow noopener\">Peg Perego i-Size bas<\/a> \u00e4ven kompatibel med bilbarnstolen <a href=\"https:\/\/action.metaffiliation.com\/trk.php?mclic=P494DD5719952191&amp;redir=https%3A%2F%2Fwww.roseoubleu.fr%2Fpeg-perego-siege-auto-viaggio-ff105-ebony-2020-a262711.html\" target=\"_blank\" rel=\"nofollow noopener\">Viaggio FF105<\/a>. F\u00f6r att garantera barnens komfort och s\u00e4kerhet i bilen \u00e4r babyskyddet utrustat med en 3-punktssele, inf\u00e4llbara sidokrockskydd, ett h\u00f6jdjusterbart nackst\u00f6d, en avtagbar f\u00f6rminskning f\u00f6r nyf\u00f6dda beroende p\u00e5 barnets storlek, ett stort UV-beskyddande tak (UPF50+) och ett br\u00f6stclips f\u00f6r att h\u00e5lla selremmarna korrekt placerade. Sitsen kan ocks\u00e5 f\u00e4stas p\u00e5 Peg Peregos barnvagnschassi utan att det beh\u00f6vs n\u00e5gon adapter. Trots sin n\u00e5got h\u00f6gre vikt (5,6 kg) har Peg Perego Primo Viaggio Lounge en mycket l\u00e5g risk f\u00f6r skador vid en front- eller sidokollision.<br \/>\n<div id=\"tablepress-98-scroll-wrapper\" class=\"tablepress-scroll-wrapper\">\n\n<table id=\"tablepress-98\" class=\"tablepress tablepress-id-98 tablepress-responsive\">\n<tbody class=\"row-striping row-hover\">\n<tr class=\"row-1\">\n\t<td class=\"column-1\">Certifiering<\/td><td class=\"column-2\">R129 (i-Size)<\/td>\n<\/tr>\n<tr class=\"row-2\">\n\t<td class=\"column-1\">Barnets storlek<\/td><td class=\"column-2\">Fr\u00e5n 40 till 87 cm<\/td>\n<\/tr>\n<tr class=\"row-3\">\n\t<td class=\"column-1\">Barnets \u00e5lder<\/td><td class=\"column-2\">Fr\u00e5n f\u00f6dseln till ca 15 m\u00e5nader.<\/td>\n<\/tr>\n<tr class=\"row-4\">\n\t<td class=\"column-1\">Barnets vikt<\/td><td class=\"column-2\">13 kg max.<\/td>\n<\/tr>\n<tr class=\"row-5\">\n\t<td class=\"column-1\">Sittplatsens position<\/td><td class=\"column-2\">Tillbaka till v\u00e4gen<\/td>\n<\/tr>\n<tr class=\"row-6\">\n\t<td class=\"column-1\">Montering av bilbarnstolen<\/td><td class=\"column-2\">S\u00e4kerhetsb\u00e4lte eller bas <a href=\"https:\/\/action.metaffiliation.com\/trk.php?mclic=P494DD5719952191&amp;redir=https%3A%2F%2Fwww.roseoubleu.fr%2Fpeg-perego-base-pour-cosy-i-size-primo-viaggio-lounge-i-plus-ff105-noir-2021-a309455.html\" target=\"_blank\" rel=\"nofollow noopener\">Peg Perego i-Size<\/a> med fj\u00e4derben<\/td>\n<\/tr>\n<tr class=\"row-7\">\n\t<td class=\"column-1\">Fasth\u00e5llningsanordning f\u00f6r barn<\/td><td class=\"column-2\">3-punkts sele<\/td>\n<\/tr>\n<tr class=\"row-8\">\n\t<td class=\"column-1\">Reduktion f\u00f6r nyf\u00f6dda<\/td><td class=\"column-2\"><center><img decoding=\"async\" src=\"https:\/\/monsiegeautobebe.fr\/wp-content\/uploads\/2019\/03\/icon-yes.png\" alt=\"\" width=\"16\" height=\"16\" class=\"aligncenter size-full wp-image-693\" \/><\/center><\/td>\n<\/tr>\n<tr class=\"row-9\">\n\t<td class=\"column-1\">Lutande ryggst\u00f6d<\/td><td class=\"column-2\"><center><img decoding=\"async\" src=\"https:\/\/monsiegeautobebe.fr\/wp-content\/uploads\/2019\/03\/icon-yes.png\" alt=\"\" width=\"16\" height=\"16\" class=\"aligncenter size-full wp-image-693\" \/><\/center><\/td>\n<\/tr>\n<tr class=\"row-10\">\n\t<td class=\"column-1\">Vridbar bilbarnstol<\/td><td class=\"column-2\"><center><img loading=\"lazy\" decoding=\"async\" src=\"https:\/\/monsiegeautobebe.fr\/wp-content\/uploads\/2019\/03\/icon-no.png\" alt=\"\" width=\"16\" height=\"16\" class=\"aligncenter size-full wp-image-693\" \/><\/center><\/td>\n<\/tr>\n<\/tbody>\n<\/table>\n\n<\/div><!-- #tablepress-98 from cache -->\n<center><a href=\"https:\/\/action.metaffiliation.com\/trk.php?mclic=P494DD5719952191&amp;redir=https%3A%2F%2Fwww.roseoubleu.fr%2Fpeg-perego-siege-auto-cosy-primo-viaggio-i-size-lounge-city-grey-a306113.html\" class=\"sc-button sc-button-default sc-button-MEDIUM\" target=\"_blank\" rel=\"noopener\"><span>SE DET B\u00c4STA PRISET<br \/>\nPEG PEREGO PRIMO VIAGGIO LOUNGE<\/span><\/a><\/center><\/p>\n<h4><span class=\"ez-toc-section\" id=\"Silver_Cross_Simplicity_Plus_avec_ou_sans_base\"><\/span>\n<li><em>Silver Cross Simplicity Plus (med eller utan bas)<\/em><\/li>\n<span class=\"ez-toc-section-end\"><\/span><\/h4>\n<p><a href=\"https:\/\/monsiegeautobebe.fr\/wp-content\/uploads\/2021\/06\/siege-auto-silver-cross-simplicity-plus-adac.jpg\"><img loading=\"lazy\" decoding=\"async\" src=\"https:\/\/monsiegeautobebe.fr\/wp-content\/uploads\/2021\/06\/siege-auto-silver-cross-simplicity-plus-adac-300x300.jpg\" alt=\"Siver Cross Simplicity Plus\" width=\"300\" height=\"300\" class=\"alignleft size-medium wp-image-5137\" srcset=\"https:\/\/www.monsiegeautobebe.fr\/wp-content\/uploads\/2021\/06\/siege-auto-silver-cross-simplicity-plus-adac-300x300.jpg 300w, https:\/\/www.monsiegeautobebe.fr\/wp-content\/uploads\/2021\/06\/siege-auto-silver-cross-simplicity-plus-adac-336x336.jpg 336w, https:\/\/www.monsiegeautobebe.fr\/wp-content\/uploads\/2021\/06\/siege-auto-silver-cross-simplicity-plus-adac-600x600.jpg 600w, https:\/\/www.monsiegeautobebe.fr\/wp-content\/uploads\/2021\/06\/siege-auto-silver-cross-simplicity-plus-adac-150x150.jpg 150w, https:\/\/www.monsiegeautobebe.fr\/wp-content\/uploads\/2021\/06\/siege-auto-silver-cross-simplicity-plus-adac-768x768.jpg 768w, https:\/\/www.monsiegeautobebe.fr\/wp-content\/uploads\/2021\/06\/siege-auto-silver-cross-simplicity-plus-adac.jpg 1000w\" sizes=\"(max-width: 300px) 100vw, 300px\" \/><\/a>Silver Cross Simplicity Plus \u00e4r en bilbarnstol godk\u00e4nd enligt de senaste R129 (i-Size) f\u00f6reskrifterna, utformad f\u00f6r resor med bak\u00e5tv\u00e4nda barn fr\u00e5n 40 till 85 cm (fr\u00e5n f\u00f6dseln till ca 15 m\u00e5nader). Silver Cross Simplicity Plus \u00e4r snabb och enkel att installera och f\u00e4sts med Simplifix ISOFIX-basen eller med bilens s\u00e4kerhetsb\u00e4lte f\u00f6r vuxna. Detta babyskydd har en insats f\u00f6r nyf\u00f6dda med ett avtagbart nackst\u00f6d f\u00f6r b\u00e4ttre skydd av barnets huvud, ett h\u00f6jdjusterbart nackst\u00f6d f\u00f6r att anpassa sig till barnets tillv\u00e4xt, ett solskydd (UPF50+) f\u00f6r att skydda mot v\u00e4der och vind och en fempunktssele. F\u00f6r s\u00e4kra resor har stolen krocktestats f\u00f6r att visa en mycket l\u00e5g risk f\u00f6r skador vid en frontalkollision och en l\u00e5g risk f\u00f6r skador vid en sidokollision.<br \/>\n<div id=\"tablepress-99-scroll-wrapper\" class=\"tablepress-scroll-wrapper\">\n\n<table id=\"tablepress-99\" class=\"tablepress tablepress-id-99 tablepress-responsive\">\n<tbody class=\"row-striping row-hover\">\n<tr class=\"row-1\">\n\t<td class=\"column-1\">Certifiering<\/td><td class=\"column-2\">R129 (i-Size)<\/td>\n<\/tr>\n<tr class=\"row-2\">\n\t<td class=\"column-1\">Barnets storlek<\/td><td class=\"column-2\">Fr\u00e5n 40 till 85 cm<\/td>\n<\/tr>\n<tr class=\"row-3\">\n\t<td class=\"column-1\">Barnets \u00e5lder<\/td><td class=\"column-2\">Fr\u00e5n f\u00f6dseln till ca 15 m\u00e5nader.<\/td>\n<\/tr>\n<tr class=\"row-4\">\n\t<td class=\"column-1\">Barnets vikt<\/td><td class=\"column-2\">13 kg max.<\/td>\n<\/tr>\n<tr class=\"row-5\">\n\t<td class=\"column-1\">Sittplatsens position<\/td><td class=\"column-2\">Tillbaka till v\u00e4gen<\/td>\n<\/tr>\n<tr class=\"row-6\">\n\t<td class=\"column-1\">Montering av bilbarnstolen<\/td><td class=\"column-2\">S\u00e4kerhetsb\u00e4lte eller bas <a href=\"https:\/\/action.metaffiliation.com\/trk.php?mclic=P494DD5719952191&amp;redir=https%3A%2F%2Fwww.roseoubleu.fr%2Fpeg-perego-base-pour-cosy-i-size-primo-viaggio-lounge-i-plus-ff105-noir-2021-a309455.html\" target=\"_blank\" rel=\"nofollow noopener\">Peg Perego i-Size<\/a> med fj\u00e4derben<\/td>\n<\/tr>\n<tr class=\"row-7\">\n\t<td class=\"column-1\">Fasth\u00e5llningsanordning f\u00f6r barn<\/td><td class=\"column-2\">5-punktssele<\/td>\n<\/tr>\n<tr class=\"row-8\">\n\t<td class=\"column-1\">Reduktion f\u00f6r nyf\u00f6dda<\/td><td class=\"column-2\"><center><img decoding=\"async\" src=\"https:\/\/monsiegeautobebe.fr\/wp-content\/uploads\/2019\/03\/icon-yes.png\" alt=\"\" width=\"16\" height=\"16\" class=\"aligncenter size-full wp-image-693\" \/><\/center><\/td>\n<\/tr>\n<tr class=\"row-9\">\n\t<td class=\"column-1\">Lutande ryggst\u00f6d<\/td><td class=\"column-2\"><center><img loading=\"lazy\" decoding=\"async\" src=\"https:\/\/monsiegeautobebe.fr\/wp-content\/uploads\/2019\/03\/icon-no.png\" alt=\"\" width=\"16\" height=\"16\" class=\"aligncenter size-full wp-image-693\" \/><\/center><\/td>\n<\/tr>\n<tr class=\"row-10\">\n\t<td class=\"column-1\">Vridbar bilbarnstol<\/td><td class=\"column-2\"><center><img loading=\"lazy\" decoding=\"async\" src=\"https:\/\/monsiegeautobebe.fr\/wp-content\/uploads\/2019\/03\/icon-no.png\" alt=\"\" width=\"16\" height=\"16\" class=\"aligncenter size-full wp-image-693\" \/><\/center><\/td>\n<\/tr>\n<\/tbody>\n<\/table>\n\n<\/div><!-- #tablepress-99 from cache -->\n<center><a href=\"https:\/\/action.metaffiliation.com\/trk.php?mclic=P494DD5719952191&amp;redir=https%3A%2F%2Fwww.roseoubleu.fr%2Fsilver-cross-siege-auto-cosy-simplicity-plus-noir-a300281.html\" class=\"sc-button sc-button-default sc-button-MEDIUM\" target=\"_blank\" rel=\"noopener\"><span>SE DET B\u00c4STA PRISET<br \/>\nSILVER CROSS SIMPLICITY PLUS<\/span><\/a><\/center><\/p>\n<h4><span class=\"ez-toc-section\" id=\"Maxi-Cosi_Marble_avec_base\"><\/span>\n<li><em>Maxi-Cosi Marble (med bas)<\/em><\/li>\n<span class=\"ez-toc-section-end\"><\/span><\/h4>\n<p><a href=\"https:\/\/monsiegeautobebe.fr\/wp-content\/uploads\/2021\/06\/cosy-bebe-maxi-cosi-marble-adac.jpg\"><img loading=\"lazy\" decoding=\"async\" src=\"https:\/\/monsiegeautobebe.fr\/wp-content\/uploads\/2021\/06\/cosy-bebe-maxi-cosi-marble-adac-300x300.jpg\" alt=\"Mysig baby Maxi Cosi Marble\" width=\"300\" height=\"300\" class=\"alignleft size-medium wp-image-5132\" srcset=\"https:\/\/www.monsiegeautobebe.fr\/wp-content\/uploads\/2021\/06\/cosy-bebe-maxi-cosi-marble-adac-300x300.jpg 300w, https:\/\/www.monsiegeautobebe.fr\/wp-content\/uploads\/2021\/06\/cosy-bebe-maxi-cosi-marble-adac-336x336.jpg 336w, https:\/\/www.monsiegeautobebe.fr\/wp-content\/uploads\/2021\/06\/cosy-bebe-maxi-cosi-marble-adac-600x600.jpg 600w, https:\/\/www.monsiegeautobebe.fr\/wp-content\/uploads\/2021\/06\/cosy-bebe-maxi-cosi-marble-adac-150x150.jpg 150w, https:\/\/www.monsiegeautobebe.fr\/wp-content\/uploads\/2021\/06\/cosy-bebe-maxi-cosi-marble-adac-768x768.jpg 768w, https:\/\/www.monsiegeautobebe.fr\/wp-content\/uploads\/2021\/06\/cosy-bebe-maxi-cosi-marble-adac.jpg 1000w\" sizes=\"(max-width: 300px) 100vw, 300px\" \/><\/a>Maxi-Cosi Marble \u00e4r en bilbarnstol utformad i enlighet med den nya f\u00f6rordningen R129 (i-Size) f\u00f6r barn fr\u00e5n 40 till 85 cm (fr\u00e5n f\u00f6dseln till cirka 15 m\u00e5nader). Denna modell inneb\u00e4r en l\u00e5g risk f\u00f6r skador vid front- eller sidokollision och \u00e4r s\u00e4rskilt bekv\u00e4m och enkel att installera. Stolen kan endast installeras med ryggen mot v\u00e4gen p\u00e5 ISOFIX-basen som medf\u00f6ljer stolen. Tack vare sitt 157\u00b0 lutande ryggst\u00f6d g\u00f6r Maxi-Cosi Marble att barnet kan ligga n\u00e4stan platt i b\u00e5de barnvagnar och bilar (upp till 75 cm) f\u00f6r optimal vila. Detta babyskydd har ocks\u00e5 en 3-punktssele, h\u00f6ga, f\u00f6rst\u00e4rkta sidov\u00e4ggar i h\u00e4ndelse av en sidokollision, ett rymligt, justerbart nackst\u00f6d f\u00f6r att anpassa s\u00e4tet till barnets storlek, en avtagbar s\u00e4tesreducering f\u00f6r nyf\u00f6dda och en stor solskyddssk\u00e4rm. Naturligtvis \u00e4r Marble kompatibel med de flesta Maxi-Cosi, B\u00e9b\u00e9 Confort och Quinny barnvagnar.<br \/>\n<div id=\"tablepress-100-scroll-wrapper\" class=\"tablepress-scroll-wrapper\">\n\n<table id=\"tablepress-100\" class=\"tablepress tablepress-id-100 tablepress-responsive\">\n<tbody class=\"row-striping row-hover\">\n<tr class=\"row-1\">\n\t<td class=\"column-1\">Certifiering<\/td><td class=\"column-2\">R129 (i-Size)<\/td>\n<\/tr>\n<tr class=\"row-2\">\n\t<td class=\"column-1\">Barnets storlek<\/td><td class=\"column-2\">Fr\u00e5n 40 till 85 cm<\/td>\n<\/tr>\n<tr class=\"row-3\">\n\t<td class=\"column-1\">Barnets \u00e5lder<\/td><td class=\"column-2\">Fr\u00e5n f\u00f6dseln till ca 15 m\u00e5nader.<\/td>\n<\/tr>\n<tr class=\"row-4\">\n\t<td class=\"column-1\">Barnets vikt<\/td><td class=\"column-2\">13 kg max.<\/td>\n<\/tr>\n<tr class=\"row-5\">\n\t<td class=\"column-1\">Montering av bilbarnstolen<\/td><td class=\"column-2\">ISOFIX-bas med fj\u00e4derben<\/td>\n<\/tr>\n<tr class=\"row-6\">\n\t<td class=\"column-1\">Fasth\u00e5llningsanordning f\u00f6r barn<\/td><td class=\"column-2\">3-punkts sele<\/td>\n<\/tr>\n<tr class=\"row-7\">\n\t<td class=\"column-1\">Reduktion f\u00f6r nyf\u00f6dda<\/td><td class=\"column-2\"><center><img decoding=\"async\" src=\"https:\/\/monsiegeautobebe.fr\/wp-content\/uploads\/2019\/03\/icon-yes.png\" alt=\"\" width=\"16\" height=\"16\" class=\"aligncenter size-full wp-image-693\" \/><\/center><\/td>\n<\/tr>\n<tr class=\"row-8\">\n\t<td class=\"column-1\">Lutande ryggst\u00f6d<\/td><td class=\"column-2\"><center><img decoding=\"async\" src=\"https:\/\/monsiegeautobebe.fr\/wp-content\/uploads\/2019\/03\/icon-yes.png\" alt=\"\" width=\"16\" height=\"16\" class=\"aligncenter size-full wp-image-693\" \/><\/center><\/td>\n<\/tr>\n<tr class=\"row-9\">\n\t<td class=\"column-1\">Vridbar bilbarnstol<\/td><td class=\"column-2\"><center><img loading=\"lazy\" decoding=\"async\" src=\"https:\/\/monsiegeautobebe.fr\/wp-content\/uploads\/2019\/03\/icon-no.png\" alt=\"\" width=\"16\" height=\"16\" class=\"aligncenter size-full wp-image-693\" \/><\/center><\/td>\n<\/tr>\n<tr class=\"row-10\">\n\t<td class=\"column-1\">Sittplatsens position<\/td><td class=\"column-2\">Tillbaka till v\u00e4gen<\/td>\n<\/tr>\n<\/tbody>\n<\/table>\n\n<\/div><!-- #tablepress-100 from cache -->\n<center><a href=\"https:\/\/amzn.to\/3z1719k\" class=\"sc-button sc-button-default sc-button-MEDIUM\" target=\"_blank\" rel=\"noopener\"><span>SE DET B\u00c4STA PRISET<br \/>\nMAXI-COSI MARMOR<\/span><\/a><\/center>\n<\/ul>\n<h3><span class=\"ez-toc-section\" id=\"Les_Sieges_Auto_Enfants_de_la_naissance_a_7_ans_env\"><\/span>\n<li>Bilbarnstolar (fr\u00e5n f\u00f6dseln till ca 7 \u00e5r)<span class=\"ez-toc-section-end\"><\/span><\/h3>\n<\/li>\n<p>Fler och fler bilbarnstolar, som Klippan Oti 128 eller Britax Max-Way och Max-Way Plus, till\u00e5ter barn att f\u00e4rdas med ryggen mot v\u00e4gen s\u00e5 l\u00e4nge som m\u00f6jligt, upp till cirka 7 \u00e5rs \u00e5lder. Som en p\u00e5minnelse rekommenderas starkt att barn f\u00e4rdas med ryggen mot v\u00e4gen s\u00e5 l\u00e4nge som m\u00f6jligt f\u00f6r att avsev\u00e4rt minska risken f\u00f6r allvarliga skador p\u00e5 de mest utsatta delarna av kroppen (huvud, nacke och ryggrad) i h\u00e4ndelse av en frontalkollision.<br \/>\n<center><a href=\"https:\/\/www.monsiegeautobebe.fr\/sv\/bakatvand-bilbarnstol-bast-i-test\/\" class=\"sc-button sc-button-default sc-button-medium\"><span>SE V\u00c5RT URVAL AV DE B\u00c4STA BAK\u00c5TV\u00c4NDA BILBARNSTOLARNA<\/span><\/a><\/center><\/p>\n<ul>\n<h4><span class=\"ez-toc-section\" id=\"Axkid_One_Axkid_One\"><\/span>\n<li><em>Axkid One \/ Axkid One+<\/em><\/li>\n<span class=\"ez-toc-section-end\"><\/span><\/h4>\n<p><a href=\"https:\/\/monsiegeautobebe.fr\/wp-content\/uploads\/2021\/06\/siege-auto-dos-route-axkid-one-adac-1.jpg\"><img loading=\"lazy\" decoding=\"async\" src=\"https:\/\/monsiegeautobebe.fr\/wp-content\/uploads\/2021\/06\/siege-auto-dos-route-axkid-one-adac-1-300x300.jpg\" alt=\"Axkid One bilbarnstol\" width=\"300\" height=\"300\" class=\"alignleft size-medium wp-image-5136\" srcset=\"https:\/\/www.monsiegeautobebe.fr\/wp-content\/uploads\/2021\/06\/siege-auto-dos-route-axkid-one-adac-1-300x300.jpg 300w, https:\/\/www.monsiegeautobebe.fr\/wp-content\/uploads\/2021\/06\/siege-auto-dos-route-axkid-one-adac-1-336x336.jpg 336w, https:\/\/www.monsiegeautobebe.fr\/wp-content\/uploads\/2021\/06\/siege-auto-dos-route-axkid-one-adac-1-600x600.jpg 600w, https:\/\/www.monsiegeautobebe.fr\/wp-content\/uploads\/2021\/06\/siege-auto-dos-route-axkid-one-adac-1-150x150.jpg 150w, https:\/\/www.monsiegeautobebe.fr\/wp-content\/uploads\/2021\/06\/siege-auto-dos-route-axkid-one-adac-1-768x768.jpg 768w, https:\/\/www.monsiegeautobebe.fr\/wp-content\/uploads\/2021\/06\/siege-auto-dos-route-axkid-one-adac-1.jpg 1000w\" sizes=\"(max-width: 300px) 100vw, 300px\" \/><\/a><a href=\"https:\/\/monsiegeautobebe.fr\/wp-content\/uploads\/2021\/06\/siege-auto-dos-route-axkid-one-adac.jpg\"><img loading=\"lazy\" decoding=\"async\" src=\"https:\/\/monsiegeautobebe.fr\/wp-content\/uploads\/2021\/06\/siege-auto-dos-route-axkid-one-adac-300x300.jpg\" alt=\"Axkid One + bilbarnstol\" width=\"300\" height=\"300\" class=\"alignleft size-medium wp-image-5131\" srcset=\"https:\/\/www.monsiegeautobebe.fr\/wp-content\/uploads\/2021\/06\/siege-auto-dos-route-axkid-one-adac-300x300.jpg 300w, https:\/\/www.monsiegeautobebe.fr\/wp-content\/uploads\/2021\/06\/siege-auto-dos-route-axkid-one-adac-336x336.jpg 336w, https:\/\/www.monsiegeautobebe.fr\/wp-content\/uploads\/2021\/06\/siege-auto-dos-route-axkid-one-adac-600x600.jpg 600w, https:\/\/www.monsiegeautobebe.fr\/wp-content\/uploads\/2021\/06\/siege-auto-dos-route-axkid-one-adac-150x150.jpg 150w, https:\/\/www.monsiegeautobebe.fr\/wp-content\/uploads\/2021\/06\/siege-auto-dos-route-axkid-one-adac-768x768.jpg 768w, https:\/\/www.monsiegeautobebe.fr\/wp-content\/uploads\/2021\/06\/siege-auto-dos-route-axkid-one-adac.jpg 1000w\" sizes=\"(max-width: 300px) 100vw, 300px\" \/><\/a>Axkid One och Axkid One+ \u00e4r bland de f\u00e5 bilbarnstolar som \u00e4r godk\u00e4nda enligt de senaste R129-reglerna (i-Size) f\u00f6r ut\u00f6kad bak\u00e5tv\u00e4nd anv\u00e4ndning upp till cirka 7 \u00e5rs \u00e5lder. Axkid One \u00e4r l\u00e4mplig f\u00f6r barn fr\u00e5n 61 till 125 cm (fr\u00e5n 6 m\u00e5nader till ca 7 \u00e5r), medan Axkid One+ har en f\u00f6rminskning f\u00f6r nyf\u00f6dda som till\u00e5ter anv\u00e4ndning fr\u00e5n 40 till 125 cm (fr\u00e5n f\u00f6dseln till ca 7 \u00e5r). Axkid One och One+ \u00e4r snabba och enkla att installera i bilen med ISOFIX-anslutningarna och monteras p\u00e5 skenor som g\u00f6r att s\u00e4tena enkelt kan skjutas fram och tillbaka f\u00f6r att ge extra benutrymme \u00e4ven f\u00f6r de \u00e4ldsta barnen. One och One+ har redan f\u00e5tt Plus Test och har ocks\u00e5 visat h\u00f6g s\u00e4kerhet i krocktester, med l\u00e5g risk f\u00f6r skador vid frontalkollision och mycket l\u00e5g risk f\u00f6r skador vid sidokollision. S\u00e4tena har ocks\u00e5 st\u00f6td\u00e4mpande material, ett h\u00f6jdjusterbart nackst\u00f6d, en 5-punktssele, avtagbart sidokollisionsskydd (ASIP) och flera graders lutning f\u00f6r bekv\u00e4m justering av sittvinkeln. S\u00e4tenas aluminiumdesign f\u00f6r minskad vikt och alla deras innovationer f\u00f6rklarar det h\u00f6ga pris som dessa tv\u00e5 modeller erbjuds till.<\/p>\n<p><iframe title=\"Axkid ONE - Funktioner Frankrike\" width=\"788\" height=\"443\" src=\"https:\/\/www.youtube.com\/embed\/0yVnTcCm0pI?feature=oembed\" frameborder=\"0\" allow=\"accelerometer; autoplay; clipboard-write; encrypted-media; gyroscope; picture-in-picture\" allowfullscreen><\/iframe><\/p>\n<div id=\"tablepress-101-scroll-wrapper\" class=\"tablepress-scroll-wrapper\">\n\n<table id=\"tablepress-101\" class=\"tablepress tablepress-id-101 tablepress-responsive\">\n<thead>\n<tr class=\"row-1\">\n\t<td class=\"column-1\"><\/td><th class=\"column-2\">Axkid One<\/th><th class=\"column-3\">Axkid One+<\/th>\n<\/tr>\n<\/thead>\n<tbody class=\"row-striping row-hover\">\n<tr class=\"row-2\">\n\t<td class=\"column-1\">Certifiering<\/td><td class=\"column-2\">R129 (i-Size)<\/td><td class=\"column-3\">R129 (i-Size)<\/td>\n<\/tr>\n<tr class=\"row-3\">\n\t<td class=\"column-1\">Barnets storlek<\/td><td class=\"column-2\">Fr\u00e5n 40 till 125 cm<\/td><td class=\"column-3\">Fr\u00e5n 61 till 125 cm<\/td>\n<\/tr>\n<tr class=\"row-4\">\n\t<td class=\"column-1\">Barnets \u00e5lder<\/td><td class=\"column-2\">Fr\u00e5n f\u00f6dsel till 7 \u00e5r ca.<\/td><td class=\"column-3\">Fr\u00e5n 6 m\u00e5nader till ca 7 \u00e5r.<\/td>\n<\/tr>\n<tr class=\"row-5\">\n\t<td class=\"column-1\">Barnets vikt<\/td><td class=\"column-2\">23 kg max.<\/td><td class=\"column-3\">23 kg max.<\/td>\n<\/tr>\n<tr class=\"row-6\">\n\t<td class=\"column-1\">Montering av bilbarnstolen<\/td><td class=\"column-2\">ISOFIX med stag<\/td><td class=\"column-3\">ISOFIX med stag<\/td>\n<\/tr>\n<tr class=\"row-7\">\n\t<td class=\"column-1\">Fasth\u00e5llningsanordning f\u00f6r barn<\/td><td class=\"column-2\">5-punktssele<\/td><td class=\"column-3\">5-punktssele<\/td>\n<\/tr>\n<tr class=\"row-8\">\n\t<td class=\"column-1\">Vridbar bilbarnstol<\/td><td class=\"column-2\"><center><img loading=\"lazy\" decoding=\"async\" src=\"https:\/\/monsiegeautobebe.fr\/wp-content\/uploads\/2019\/03\/icon-no.png\" alt=\"\" width=\"16\" height=\"16\" class=\"aligncenter size-full wp-image-693\" \/><\/center><\/td><td class=\"column-3\"><center><img loading=\"lazy\" decoding=\"async\" src=\"https:\/\/monsiegeautobebe.fr\/wp-content\/uploads\/2019\/03\/icon-no.png\" alt=\"\" width=\"16\" height=\"16\" class=\"aligncenter size-full wp-image-693\" \/><\/center><\/td>\n<\/tr>\n<tr class=\"row-9\">\n\t<td class=\"column-1\">Reduktion f\u00f6r nyf\u00f6dda<\/td><td class=\"column-2\"><center><img decoding=\"async\" src=\"https:\/\/monsiegeautobebe.fr\/wp-content\/uploads\/2019\/03\/icon-yes.png\" alt=\"\" width=\"16\" height=\"16\" class=\"aligncenter size-full wp-image-693\" \/><\/center><\/td><td class=\"column-3\"><center><img loading=\"lazy\" decoding=\"async\" src=\"https:\/\/monsiegeautobebe.fr\/wp-content\/uploads\/2019\/03\/icon-no.png\" alt=\"\" width=\"16\" height=\"16\" class=\"aligncenter size-full wp-image-693\" \/><\/center><\/td>\n<\/tr>\n<tr class=\"row-10\">\n\t<td class=\"column-1\">Sittplatsens position<\/td><td class=\"column-2\">Tillbaka till v\u00e4gen<\/td><td class=\"column-3\">Tillbaka till v\u00e4gen<\/td>\n<\/tr>\n<tr class=\"row-11\">\n\t<td class=\"column-1\">Priser<\/td><td class=\"column-2\"><a href=\"https:\/\/action.metaffiliation.com\/trk.php?mclic=P494DD5719952191&amp;redir=https%3A%2F%2Fwww.roseoubleu.fr%2Faxkid-siege-auto-one-i-size-tar-noir-a297159.html\" class=\"sc-button sc-button-default sc-button-MEDIUM\" target=\"_blank\" rel=\"noopener\"><span>SE DET B\u00c4STA PRISET<\/span><\/a><\/td><td class=\"column-3\"><a href=\"https:\/\/action.metaffiliation.com\/trk.php?mclic=P494DD5719952191&amp;redir=https%3A%2F%2Fwww.roseoubleu.fr%2Faxkid-siege-auto-one-i-size-tar-noir-a297150.html\" class=\"sc-button sc-button-default sc-button-MEDIUM\" target=\"_blank\" rel=\"noopener\"><span>SE DET B\u00c4STA PRISET<\/span><\/a><\/td>\n<\/tr>\n<\/tbody>\n<\/table>\n\n<\/div><!-- #tablepress-101 from cache --><\/ul>\n<h3><span class=\"ez-toc-section\" id=\"Les_Sieges_Auto_Evolutifs_de_la_naissance_a_12_ans_env\"><\/span>\n<li>Evolutive bilbarnstolar (fr\u00e5n f\u00f6dseln till ca 12 \u00e5r)<span class=\"ez-toc-section-end\"><\/span><\/h3>\n<\/li>\n<p>Den <a href=\"https:\/\/www.monsiegeautobebe.fr\/sv\/basta-konvertibla-bilbarnstolar\/\">utvecklande bilbarnstolar<\/a> \u00e4r sittmodeller som t\u00e4cker flera vikt- och storleksgrupper f\u00f6r att f\u00f6lja med barn i flera \u00e5r.<\/p>\n<ul>\n<h4><span class=\"ez-toc-section\" id=\"Cybex_Pallas_G_i-Size\"><\/span>\n<li><em>Cybex Pallas G i-Size<\/em><\/li>\n<span class=\"ez-toc-section-end\"><\/span><\/h4>\n<p><a href=\"https:\/\/monsiegeautobebe.fr\/wp-content\/uploads\/2021\/05\/cybex-pallas-g-fix-i-size.jpg\"><img loading=\"lazy\" decoding=\"async\" src=\"https:\/\/monsiegeautobebe.fr\/wp-content\/uploads\/2021\/05\/cybex-pallas-g-fix-i-size-300x300.jpg\" alt=\"Cybex Pallas G Fix i-Size bilbarnstol\" width=\"300\" height=\"300\" class=\"alignleft size-medium wp-image-4994\" srcset=\"https:\/\/www.monsiegeautobebe.fr\/wp-content\/uploads\/2021\/05\/cybex-pallas-g-fix-i-size-300x300.jpg 300w, https:\/\/www.monsiegeautobebe.fr\/wp-content\/uploads\/2021\/05\/cybex-pallas-g-fix-i-size-336x336.jpg 336w, https:\/\/www.monsiegeautobebe.fr\/wp-content\/uploads\/2021\/05\/cybex-pallas-g-fix-i-size-600x600.jpg 600w, https:\/\/www.monsiegeautobebe.fr\/wp-content\/uploads\/2021\/05\/cybex-pallas-g-fix-i-size-150x150.jpg 150w, https:\/\/www.monsiegeautobebe.fr\/wp-content\/uploads\/2021\/05\/cybex-pallas-g-fix-i-size-768x768.jpg 768w, https:\/\/www.monsiegeautobebe.fr\/wp-content\/uploads\/2021\/05\/cybex-pallas-g-fix-i-size.jpg 1000w\" sizes=\"(max-width: 300px) 100vw, 300px\" \/><\/a>Le <strong>Cybex Pallas G i-Size<\/strong> \u00e4r den f\u00f6rsta <a href=\"https:\/\/www.monsiegeautobebe.fr\/sv\/basta-bilbarnstolar-med-skydd\/\">bilbarnstol shield<\/a> att ha godk\u00e4nts enligt det nya reglementet R-129 (i-Size) f\u00f6r anv\u00e4ndning mot v\u00e4gen med barn fr\u00e5n 76 till 150 cm (fr\u00e5n 16 m\u00e5nader till ca 12 \u00e5r). Pallas G i-Size \u00e4r en utvecklad 2-i-1-modell som kan anv\u00e4ndas med krockskyddet fr\u00e5n 76 till 105 cm (max.21 kg) innan den omvandlas till en <a href=\"https:\/\/www.monsiegeautobebe.fr\/sv\/hur-valjer-du-din-baltesstol\/\">b\u00e4ltesstol f\u00f6r bil<\/a> f\u00f6r anv\u00e4ndning upp till 150 cm. Barnet skyddas sedan av bilens s\u00e4kerhetsb\u00e4lte. Bilbarnstolen installeras i bilen med hj\u00e4lp av bilens <a href=\"https:\/\/www.monsiegeautobebe.fr\/sv\/isofix-fasten-bilbarnstolar\/\">ISOFIX-f\u00e4ste<\/a> och en rem <a href=\"https:\/\/www.monsiegeautobebe.fr\/sv\/top-tether-bilbarnstol-montering\/\">\u00d6versta f\u00e4stanordningen<\/a> f\u00f6r \u00f6kad stabilitet och s\u00e4kerhet. Till skillnad fr\u00e5n andra modeller som t.ex. <a href=\"https:\/\/www.monsiegeautobebe.fr\/sv\/siege-auto-bouclier-cybex-pallas-s-fix\/\" target=\"_blank\" rel=\"noopener\">Cybex Pallas S-Fix<\/a> eller <strong>Pallas M-Fix<\/strong>Tack vare det integrerade b\u00e4ltessystemet \u00e4r krockskyddet nu mycket enkelt att f\u00e4sta och kr\u00e4ver inte l\u00e4ngre anv\u00e4ndning av bilens s\u00e4kerhetsb\u00e4lte. Cybex Pallas G i-Size \u00e4r utrustad med linj\u00e4rt sidokrockskydd (L.S.P.), ett djupjusterbart krockskydd och ett h\u00f6jdjusterbart, lutande nackst\u00f6d.<br \/>\n<div id=\"tablepress-102-scroll-wrapper\" class=\"tablepress-scroll-wrapper\">\n\n<table id=\"tablepress-102\" class=\"tablepress tablepress-id-102 tablepress-responsive\">\n<tbody class=\"row-striping row-hover\">\n<tr class=\"row-1\">\n\t<td class=\"column-1\">Certifiering<\/td><td class=\"column-2\">R129 (i-Size)<\/td>\n<\/tr>\n<tr class=\"row-2\">\n\t<td class=\"column-1\">Barnets storlek<\/td><td class=\"column-2\">Fr\u00e5n 40 till 125 cm<\/td>\n<\/tr>\n<tr class=\"row-3\">\n\t<td class=\"column-1\">Barnets \u00e5lder<br \/>\n<\/td><td class=\"column-2\">16 m\u00e5nader till ca 12 \u00e5r<\/td>\n<\/tr>\n<tr class=\"row-4\">\n\t<td class=\"column-1\">Barnets vikt<\/td><td class=\"column-2\">Fr\u00e5n 9 till 50 kg max.<\/td>\n<\/tr>\n<tr class=\"row-5\">\n\t<td class=\"column-1\">Montering av bilbarnstolen<\/td><td class=\"column-2\">ISOFIX med \u00f6vre f\u00e4strem<\/td>\n<\/tr>\n<tr class=\"row-6\">\n\t<td class=\"column-1\">Fasth\u00e5llningsanordning f\u00f6r barn<\/td><td class=\"column-2\">Sk\u00f6ld (9 till 21 kg)<br \/>\nS\u00e4kerhetsb\u00e4lte (21 till 50 kg)<\/td>\n<\/tr>\n<tr class=\"row-7\">\n\t<td class=\"column-1\">Vridbar bilbarnstol<\/td><td class=\"column-2\"><center><img loading=\"lazy\" decoding=\"async\" src=\"https:\/\/monsiegeautobebe.fr\/wp-content\/uploads\/2019\/03\/icon-no.png\" alt=\"\" width=\"16\" height=\"16\" class=\"aligncenter size-full wp-image-693\" \/><\/center><\/td>\n<\/tr>\n<tr class=\"row-8\">\n\t<td class=\"column-1\">Reduktion f\u00f6r nyf\u00f6dda<\/td><td class=\"column-2\"><center><img loading=\"lazy\" decoding=\"async\" src=\"https:\/\/monsiegeautobebe.fr\/wp-content\/uploads\/2019\/03\/icon-no.png\" alt=\"\" width=\"16\" height=\"16\" class=\"aligncenter size-full wp-image-693\" \/><\/center><\/td>\n<\/tr>\n<tr class=\"row-9\">\n\t<td class=\"column-1\">Sittplatsens position<\/td><td class=\"column-2\">Att m\u00f6ta v\u00e4gen<\/td>\n<\/tr>\n<\/tbody>\n<\/table>\n\n<\/div><!-- #tablepress-102 from cache -->\n<center><a href=\"https:\/\/icp.shop-orchestra.com\/?P4F9B5571995111&amp;redir=https%3A%2F%2Ffr.shop-orchestra.com%2Ffr%2Fmarques-a-decouvrir%2Fcybex%2Fsiege-auto-pallas-g-i-size---deep-black-PAUDG9.html\" class=\"sc-button sc-button-default sc-button-MEDIUM\" target=\"_blank\" rel=\"noopener\"><span>SE DET B\u00c4STA PRISET<br \/>\nCYBEX PALLAS G I-SIZE<\/span><\/a><\/center>\n<\/ul>\n<h3><span class=\"ez-toc-section\" id=\"Les_Rehausseurs_Voiture_de_4_a_12_ans_env\"><\/span>\n<li>B\u00e4ltesstolar (fr\u00e5n 4 till 12 \u00e5r ca.)<span class=\"ez-toc-section-end\"><\/span><\/h3>\n<\/li>\n<p>Bilbarnstolar med ryggst\u00f6d erbjuder inte bara h\u00f6g komfort, utan ocks\u00e5 \u00f6kad s\u00e4kerhet f\u00f6r barnet, s\u00e4rskilt vid sidokollisioner. Anv\u00e4ndningen av en <a href=\"https:\/\/www.monsiegeautobebe.fr\/sv\/bast-i-test-baltesstol\/\">b\u00e4ltesstol f\u00f6r bil<\/a> \u00e4r obligatoriskt i bilar f\u00f6r barn \u00f6ver 15 kg eller 100 cm, beroende p\u00e5 bilbarnstolens typgodk\u00e4nnande. B\u00e4lteskuddar g\u00f6r att ditt barn kan sitta fast ordentligt i s\u00e4kerhetsb\u00e4ltet f\u00f6r vuxna tills han eller hon \u00e4r tillr\u00e4ckligt gammal.<br \/>\n<center><a href=\"https:\/\/www.monsiegeautobebe.fr\/sv\/comparatif-meilleurs-sieges-rehausseurs\/\" class=\"sc-button sc-button-default sc-button-MEDIUM\"><span>SE V\u00c5RT URVAL AV DE B\u00c4STA B\u00c4LTESKUDDARNA F\u00d6R BIL<\/span><\/a><\/center><\/p>\n<ul>\n<h4><span class=\"ez-toc-section\" id=\"Cybex_Solution_S_i-Fix\"><\/span>\n<li><em>Cybex L\u00f6sning S i-Fix<\/em><\/li>\n<span class=\"ez-toc-section-end\"><\/span><\/h4>\n<p><a href=\"https:\/\/monsiegeautobebe.fr\/wp-content\/uploads\/2021\/06\/rehausseur-cybex-solution-s-i-fix-adac.jpg\"><img loading=\"lazy\" decoding=\"async\" src=\"https:\/\/monsiegeautobebe.fr\/wp-content\/uploads\/2021\/06\/rehausseur-cybex-solution-s-i-fix-adac-300x300.jpg\" alt=\"Cybex L\u00f6sning S i-Fix\" width=\"300\" height=\"300\" class=\"alignleft size-medium wp-image-5135\" srcset=\"https:\/\/www.monsiegeautobebe.fr\/wp-content\/uploads\/2021\/06\/rehausseur-cybex-solution-s-i-fix-adac-300x300.jpg 300w, https:\/\/www.monsiegeautobebe.fr\/wp-content\/uploads\/2021\/06\/rehausseur-cybex-solution-s-i-fix-adac-336x336.jpg 336w, https:\/\/www.monsiegeautobebe.fr\/wp-content\/uploads\/2021\/06\/rehausseur-cybex-solution-s-i-fix-adac-600x600.jpg 600w, https:\/\/www.monsiegeautobebe.fr\/wp-content\/uploads\/2021\/06\/rehausseur-cybex-solution-s-i-fix-adac-150x150.jpg 150w, https:\/\/www.monsiegeautobebe.fr\/wp-content\/uploads\/2021\/06\/rehausseur-cybex-solution-s-i-fix-adac-768x768.jpg 768w, https:\/\/www.monsiegeautobebe.fr\/wp-content\/uploads\/2021\/06\/rehausseur-cybex-solution-s-i-fix-adac.jpg 1000w\" sizes=\"(max-width: 300px) 100vw, 300px\" \/><\/a>Cybex Solution S i-Fix \u00e4r en b\u00e4ltesstol med ryggst\u00f6d som kombinerar <strong>m\u00e5nga s\u00e4kerhets- och komfortfunktioner. <\/strong>B\u00e4lteskudden \u00e4r en R129 (i-Size) godk\u00e4nd version av Cybex Solution S-Fix som \u00e4r utformad f\u00f6r barn fr\u00e5n 100 till 150 cm (ca 3 till 12 \u00e5r gamla). Solution S i-Fix f\u00e4sts i bilen med s\u00e4kerhetsb\u00e4ltet och har \u00e4ven inf\u00e4llbara ISOFIX-f\u00e4stpunkter f\u00f6r \u00f6kad stabilitet. Med en l\u00e5g risk f\u00f6r skador vid frontalkollision och en mycket l\u00e5g risk f\u00f6r skador vid sidokollision \u00e4r Cybex Solution S i-Fix en av de b\u00e4sta bilbarnstolarna i sin kategori. De viktigaste egenskaperna \u00e4r ett brett och bekv\u00e4mt s\u00e4te, ett f\u00e4llbart ryggst\u00f6d som kan anpassas till alla sittpositioner, ett inf\u00e4llbart sidokollisionsskydd (L.S.P.), ett energiabsorberande skal, ett nackst\u00f6d som b\u00e5de kan f\u00e4llas f\u00f6r att f\u00f6rhindra att barnets huvud faller fram\u00e5t och \u00e4r h\u00f6jdjusterbart f\u00f6r att anpassas perfekt till varje barns tillv\u00e4xt.<br \/>\n<div id=\"tablepress-103-scroll-wrapper\" class=\"tablepress-scroll-wrapper\">\n\n<table id=\"tablepress-103\" class=\"tablepress tablepress-id-103 tablepress-responsive\">\n<tbody class=\"row-striping row-hover\">\n<tr class=\"row-1\">\n\t<td class=\"column-1\">Certifiering<\/td><td class=\"column-2\">R129 (i-Size)<\/td>\n<\/tr>\n<tr class=\"row-2\">\n\t<td class=\"column-1\">Barnets storlek<\/td><td class=\"column-2\">Fr\u00e5n 100 till 150 cm<\/td>\n<\/tr>\n<tr class=\"row-3\">\n\t<td class=\"column-1\">Barnets \u00e5lder<br \/>\n<\/td><td class=\"column-2\">3 till 12 \u00e5r ca.<\/td>\n<\/tr>\n<tr class=\"row-4\">\n\t<td class=\"column-1\">Barnets vikt<\/td><td class=\"column-2\">Fr\u00e5n 15 till 50 kg<\/td>\n<\/tr>\n<tr class=\"row-5\">\n\t<td class=\"column-1\">Montering av bilbarnstolen<\/td><td class=\"column-2\">S\u00e4kerhetsb\u00e4lte med ISOFIX (tillval)<\/td>\n<\/tr>\n<tr class=\"row-6\">\n\t<td class=\"column-1\">Fasth\u00e5llningsanordning f\u00f6r barn<\/td><td class=\"column-2\">S\u00e4kerhetsb\u00e4lten<\/td>\n<\/tr>\n<tr class=\"row-7\">\n\t<td class=\"column-1\">Sittplatsens position<\/td><td class=\"column-2\">Att m\u00f6ta v\u00e4gen<\/td>\n<\/tr>\n<\/tbody>\n<\/table>\n\n<\/div><!-- #tablepress-103 from cache -->\n<center><a href=\"https:\/\/icp.shop-orchestra.com\/?P4F9B5571995111&amp;redir=https%3A%2F%2Ffr.shop-orchestra.com%2Ffr%2FSearch-Show%3Fq%3DSolution%2520S%2520i-Fix\" class=\"sc-button sc-button-default sc-button-MEDIUM\" target=\"_blank\" rel=\"noopener\"><span>SE DET B\u00c4STA PRISET<br \/>\nCYBEX L\u00d6SNING S I-FIX<\/span><\/a><\/center><\/p>\n<h4><span class=\"ez-toc-section\" id=\"Joie_i-Traver\"><\/span>\n<li><em>Joie i-Traver<\/em><\/li>\n<span class=\"ez-toc-section-end\"><\/span><\/h4>\n<p><a href=\"https:\/\/monsiegeautobebe.fr\/wp-content\/uploads\/2021\/06\/rehausseur-joie-i-traver-adac.jpg\"><img loading=\"lazy\" decoding=\"async\" src=\"https:\/\/monsiegeautobebe.fr\/wp-content\/uploads\/2021\/06\/rehausseur-joie-i-traver-adac-300x300.jpg\" alt=\"Joie i-Traver\" width=\"300\" height=\"300\" class=\"alignleft size-medium wp-image-5138\" srcset=\"https:\/\/www.monsiegeautobebe.fr\/wp-content\/uploads\/2021\/06\/rehausseur-joie-i-traver-adac-300x300.jpg 300w, https:\/\/www.monsiegeautobebe.fr\/wp-content\/uploads\/2021\/06\/rehausseur-joie-i-traver-adac-336x336.jpg 336w, https:\/\/www.monsiegeautobebe.fr\/wp-content\/uploads\/2021\/06\/rehausseur-joie-i-traver-adac-600x600.jpg 600w, https:\/\/www.monsiegeautobebe.fr\/wp-content\/uploads\/2021\/06\/rehausseur-joie-i-traver-adac-150x150.jpg 150w, https:\/\/www.monsiegeautobebe.fr\/wp-content\/uploads\/2021\/06\/rehausseur-joie-i-traver-adac-768x768.jpg 768w, https:\/\/www.monsiegeautobebe.fr\/wp-content\/uploads\/2021\/06\/rehausseur-joie-i-traver-adac.jpg 1000w\" sizes=\"(max-width: 300px) 100vw, 300px\" \/><\/a>Joie i-Traver \u00e4r den f\u00f6rsta <a href=\"https:\/\/www.monsiegeautobebe.fr\/sv\/quel-rehausseur-voiture-enfant-choisir\/\" target=\"_blank\" rel=\"noopener\">b\u00e4ltesstol f\u00f6r bil<\/a> B\u00e4ltesstolen Joie i-Traver har godk\u00e4nts enligt den europeiska f\u00f6rordningen R129 (i-Size) f\u00f6r s\u00e4kra resor med barn fr\u00e5n 100 till 150 cm (ca 5 till 12 \u00e5r gamla). Som alla b\u00e4ltesstolar kan Joie i-Traver installeras p\u00e5 f\u00f6ljande s\u00e4tt <strong>att m\u00f6ta v\u00e4gen<\/strong> antingen med enbart s\u00e4kerhetsb\u00e4ltet eller med ISOFIX-f\u00e4stsystemet f\u00f6r \u00f6kad stabilitet och fordonets s\u00e4kerhetsb\u00e4lte, som ocks\u00e5 s\u00e4krar barnet i s\u00e4tet. F\u00f6r de unga passagerarnas s\u00e4kerhet och komfort har s\u00e4tet ett antal funktioner. Dessa inkluderar en djupjusterbar sittdyna, f\u00f6rst\u00e4rkt huvudskydd, ett h\u00f6jdjusterbart nackst\u00f6d med formminne, inf\u00e4llbart sidokrockskydd (Guard Surround Safety) och tv\u00e5 l\u00e4gen f\u00f6r ryggst\u00f6dets lutning f\u00f6r att anpassa det till alla bils\u00e4ten.<br \/>\n<div id=\"tablepress-104-scroll-wrapper\" class=\"tablepress-scroll-wrapper\">\n\n<table id=\"tablepress-104\" class=\"tablepress tablepress-id-104 tablepress-responsive\">\n<tbody class=\"row-striping row-hover\">\n<tr class=\"row-1\">\n\t<td class=\"column-1\">Certifiering<\/td><td class=\"column-2\">R129 (i-Size)<\/td>\n<\/tr>\n<tr class=\"row-2\">\n\t<td class=\"column-1\">Barnets storlek<\/td><td class=\"column-2\">100 till 150 cm<\/td>\n<\/tr>\n<tr class=\"row-3\">\n\t<td class=\"column-1\">Barnets \u00e5lder<br \/>\n<\/td><td class=\"column-2\">5 till 12 \u00e5r ca.<\/td>\n<\/tr>\n<tr class=\"row-4\">\n\t<td class=\"column-1\">Barnets vikt<\/td><td class=\"column-2\">15 till 50 kg<\/td>\n<\/tr>\n<tr class=\"row-5\">\n\t<td class=\"column-1\">Sittplatsens position<\/td><td class=\"column-2\">Att m\u00f6ta v\u00e4gen<\/td>\n<\/tr>\n<tr class=\"row-6\">\n\t<td class=\"column-1\">Montering av bilbarnstolen<\/td><td class=\"column-2\">S\u00e4kerhetsb\u00e4lte + ISOFIX<\/td>\n<\/tr>\n<tr class=\"row-7\">\n\t<td class=\"column-1\">Fasth\u00e5llningsanordning f\u00f6r barn<\/td><td class=\"column-2\">S\u00e4kerhetsb\u00e4lten<\/td>\n<\/tr>\n<\/tbody>\n<\/table>\n\n<\/div><!-- #tablepress-104 from cache -->\n<center><a href=\"https:\/\/icp.shop-orchestra.com\/?P4F9B5571995111&amp;redir=https%3A%2F%2Ffr.shop-orchestra.com%2Ffr%2Fmarques-a-decouvrir%2Fjoie%2Fsiege-auto-i-traver-i-size---flint--PAUD31.html\" class=\"sc-button sc-button-default sc-button-MEDIUM\" target=\"_blank\" rel=\"noopener\"><span>SE DET B\u00c4STA PRISET<br \/>\nJOY I-TRAVER<\/span><\/a><\/center><\/p>\n<h2><span class=\"ez-toc-section\" id=\"Liste_Complete_des_Notes_aux_Crash-Tests_ADAC_TCS_Mai_2021\"><\/span>Komplett lista \u00f6ver ADAC &amp; TCS krocktestresultat (maj 2021)<span class=\"ez-toc-section-end\"><\/span><\/h2>\n<p><iframe title=\"Kindersitztest 2021: Sitzerh\u00f6hung als Notl\u00f6sung? | ADAC\" width=\"788\" height=\"443\" src=\"https:\/\/www.youtube.com\/embed\/aYtHGDi-r9U?feature=oembed\" frameborder=\"0\" allow=\"accelerometer; autoplay; clipboard-write; encrypted-media; gyroscope; picture-in-picture\" allowfullscreen><\/iframe><br \/>\nBes\u00f6k <strong>den fullst\u00e4ndiga f\u00f6rteckningen \u00f6ver noter<\/strong> som erh\u00e5llits av alla bilbarnstolar som bed\u00f6mts under denna session av <strong>krocktester i maj 2021<\/strong>. F\u00f6r varje <strong>l\u00e4ngd- och\/eller viktkategori<\/strong>Bils\u00e4ten rankas fr\u00e5n b\u00e4st till s\u00e4mst. All information om de kriterier som bed\u00f6mts och det po\u00e4ngsystem som anv\u00e4nts finns i v\u00e5r artikel som helt \u00e4gnas \u00e5t bilbarnstolar. <a href=\"https:\/\/www.monsiegeautobebe.fr\/sv\/bast-i-test-bilbarnstol-resultat\/\" target=\"_blank\" rel=\"noopener noreferrer\">krocktester av bilbarnstolar<\/a>.<\/p>\n<div class=\"sc-toggle\"><div class=\"sc-toggle-title active\"><a href=\"#\">Resultat fr\u00e5n ADAC:s krocktest av bilbarnstolar (maj 2021)<\/a><\/div><div class=\"sc-toggle-content active\">\n<a href=\"https:\/\/monsiegeautobebe.fr\/wp-content\/uploads\/2021\/06\/resultat-crash-test-siege-auto-adac-mai-2021.jpg\"><img loading=\"lazy\" decoding=\"async\" class=\"aligncenter size-full wp-image-5037\" src=\"https:\/\/monsiegeautobebe.fr\/wp-content\/uploads\/2021\/06\/resultat-crash-test-siege-auto-adac-mai-2021.jpg\" alt=\"ADAC:s krocktestresultat f\u00f6r bilbarnstolar Maj 2021\" width=\"600\" height=\"937\" srcset=\"https:\/\/www.monsiegeautobebe.fr\/wp-content\/uploads\/2021\/06\/resultat-crash-test-siege-auto-adac-mai-2021.jpg 900w, https:\/\/www.monsiegeautobebe.fr\/wp-content\/uploads\/2021\/06\/resultat-crash-test-siege-auto-adac-mai-2021-600x937.jpg 600w, https:\/\/www.monsiegeautobebe.fr\/wp-content\/uploads\/2021\/06\/resultat-crash-test-siege-auto-adac-mai-2021-192x300.jpg 192w, https:\/\/www.monsiegeautobebe.fr\/wp-content\/uploads\/2021\/06\/resultat-crash-test-siege-auto-adac-mai-2021-655x1024.jpg 655w, https:\/\/www.monsiegeautobebe.fr\/wp-content\/uploads\/2021\/06\/resultat-crash-test-siege-auto-adac-mai-2021-768x1200.jpg 768w\" sizes=\"(max-width: 600px) 100vw, 600px\" \/><\/a><\/div><\/div>\n\n<div class=\"sc-toggle\"><div class=\"sc-toggle-title active\"><a href=\"#\">Resultat fr\u00e5n TCS krocktest av bils\u00e4ten (maj 2021)<\/a><\/div><div class=\"sc-toggle-content active\">\n<a href=\"https:\/\/monsiegeautobebe.fr\/wp-content\/uploads\/2021\/06\/resultat-crash-test-siege-auto-tcs-mai-2021.jpg\"><img loading=\"lazy\" decoding=\"async\" class=\"aligncenter size-full wp-image-5036\" src=\"https:\/\/monsiegeautobebe.fr\/wp-content\/uploads\/2021\/06\/resultat-crash-test-siege-auto-tcs-mai-2021.jpg\" alt=\"TCS krocktestresultat f\u00f6r bilbarnstolar Maj 2021\" width=\"600\" height=\"949\" srcset=\"https:\/\/www.monsiegeautobebe.fr\/wp-content\/uploads\/2021\/06\/resultat-crash-test-siege-auto-tcs-mai-2021.jpg 900w, https:\/\/www.monsiegeautobebe.fr\/wp-content\/uploads\/2021\/06\/resultat-crash-test-siege-auto-tcs-mai-2021-600x949.jpg 600w, https:\/\/www.monsiegeautobebe.fr\/wp-content\/uploads\/2021\/06\/resultat-crash-test-siege-auto-tcs-mai-2021-190x300.jpg 190w, https:\/\/www.monsiegeautobebe.fr\/wp-content\/uploads\/2021\/06\/resultat-crash-test-siege-auto-tcs-mai-2021-648x1024.jpg 648w, https:\/\/www.monsiegeautobebe.fr\/wp-content\/uploads\/2021\/06\/resultat-crash-test-siege-auto-tcs-mai-2021-768x1214.jpg 768w\" sizes=\"(max-width: 600px) 100vw, 600px\" \/><\/a><\/div><\/div>","protected":false},"excerpt":{"rendered":"<p>F\u00f6r f\u00f6r\u00e4ldrar \u00e4r barnens s\u00e4kerhet i bilen av yttersta vikt. D\u00e4rf\u00f6r \u00e4r publiceringen av resultaten fr\u00e5n ADAC &amp; TCS krocktester alltid en mycket efterl\u00e4ngtad h\u00e4ndelse. Syftet med krocktesterna \u00e4r att bed\u00f6ma varje modells prestanda n\u00e4r det g\u00e4ller s\u00e4kerhet, drift, ergonomi och f\u00f6roreningsinneh\u00e5ll. F\u00f6r att garantera<\/p>","protected":false},"author":2,"featured_media":4900,"comment_status":"open","ping_status":"open","sticky":false,"template":"","format":"standard","meta":{"footnotes":""},"categories":[13,30],"tags":[],"class_list":{"0":"post-4898","1":"post","2":"type-post","3":"status-publish","4":"format-standard","5":"has-post-thumbnail","7":"category-crash-tests-adac","8":"category-crash-tests-adac-2021"},"_links":{"self":[{"href":"https:\/\/www.monsiegeautobebe.fr\/sv\/wp-json\/wp\/v2\/posts\/4898","targetHints":{"allow":["GET"]}}],"collection":[{"href":"https:\/\/www.monsiegeautobebe.fr\/sv\/wp-json\/wp\/v2\/posts"}],"about":[{"href":"https:\/\/www.monsiegeautobebe.fr\/sv\/wp-json\/wp\/v2\/types\/post"}],"author":[{"embeddable":true,"href":"https:\/\/www.monsiegeautobebe.fr\/sv\/wp-json\/wp\/v2\/users\/2"}],"replies":[{"embeddable":true,"href":"https:\/\/www.monsiegeautobebe.fr\/sv\/wp-json\/wp\/v2\/comments?post=4898"}],"version-history":[{"count":0,"href":"https:\/\/www.monsiegeautobebe.fr\/sv\/wp-json\/wp\/v2\/posts\/4898\/revisions"}],"wp:featuredmedia":[{"embeddable":true,"href":"https:\/\/www.monsiegeautobebe.fr\/sv\/wp-json\/wp\/v2\/media\/4900"}],"wp:attachment":[{"href":"https:\/\/www.monsiegeautobebe.fr\/sv\/wp-json\/wp\/v2\/media?parent=4898"}],"wp:term":[{"taxonomy":"category","embeddable":true,"href":"https:\/\/www.monsiegeautobebe.fr\/sv\/wp-json\/wp\/v2\/categories?post=4898"},{"taxonomy":"post_tag","embeddable":true,"href":"https:\/\/www.monsiegeautobebe.fr\/sv\/wp-json\/wp\/v2\/tags?post=4898"}],"curies":[{"name":"wp","href":"https:\/\/api.w.org\/{rel}","templated":true}]}}