{"id":4310,"date":"2021-04-05T22:18:41","date_gmt":"2021-04-05T22:18:41","guid":{"rendered":"https:\/\/monsiegeautobebe.fr\/?p=4310"},"modified":"2023-11-29T01:42:59","modified_gmt":"2023-11-29T00:42:59","slug":"hur-valjer-man-vridbar-bilbarnstol","status":"publish","type":"post","link":"https:\/\/www.monsiegeautobebe.fr\/sv\/hur-valjer-man-vridbar-bilbarnstol\/","title":{"rendered":"Hur V\u00e4ljer Man Den B\u00e4sta Vridbara Barnstolen?"},"content":{"rendered":"<p>Att v\u00e4lja r\u00e4tt <strong><a href=\"https:\/\/www.monsiegeautobebe.fr\/sv\/\">bilbarnstol<\/a><\/strong> \u00e4r avg\u00f6rande f\u00f6r att h\u00e5lla barnen s\u00e4kra n\u00e4r de f\u00e4rdas i bilen. Av alla utgifter du kommer att ha n\u00e4r ditt barn f\u00f6ds \u00e4r valet av en <strong><a href=\"https:\/\/www.monsiegeautobebe.fr\/sv\/vilken-bilbarnstol-ska-man-valja\/\">bilbarnstol f\u00f6r barn<\/a> pivoterande<\/strong> \u00e4r ett av de viktigaste val man kan g\u00f6ra. Fr\u00e5n dag ett har <strong>ditt barns s\u00e4kerhet<\/strong> \u00e4r n\u00f6dv\u00e4ndig. Du beh\u00f6ver en <a href=\"https:\/\/www.monsiegeautobebe.fr\/sv\/vilken-bilbarnstol-ska-man-valja\/\" target=\"_blank\" rel=\"noopener\">bilbarnstol f\u00f6r barn<\/a> fr\u00e5n det att du l\u00e4mnar f\u00f6rlossningsavdelningen tills ditt barn \u00e4r tillr\u00e4ckligt gammalt f\u00f6r att anv\u00e4nda <strong>s\u00e4kerhetsb\u00e4lte<\/strong> bilen. Oavsett hur gammalt ditt barn \u00e4r, \u00e4r <strong>Vridbara bilbarnstolar f\u00f6r barn<\/strong> \u00e4r bland de bekv\u00e4maste och s\u00e4kraste modellerna f\u00f6r ditt barn. De \u00e4r b\u00e5de l\u00e4tta att installera och l\u00e4tta att anv\u00e4nda dagligen, och h\u00e4r \u00e4r v\u00e5ra rekommendationer som hj\u00e4lper dig att hitta r\u00e4tt modell f\u00f6r ditt barn. <strong>Vridbar bilbarnstol f\u00f6r barn<\/strong> b\u00e4st l\u00e4mpad f\u00f6r dina behov.<\/p>\n<div id=\"ez-toc-container\" class=\"ez-toc-v2_0_82_2 counter-hierarchy ez-toc-counter ez-toc-grey ez-toc-container-direction\">\n<div class=\"ez-toc-title-container\">\n<p class=\"ez-toc-title\" style=\"cursor:inherit\">Inneh\u00e5ll<\/p>\n<span class=\"ez-toc-title-toggle\"><a href=\"#\" class=\"ez-toc-pull-right ez-toc-btn ez-toc-btn-xs ez-toc-btn-default ez-toc-toggle\" aria-label=\"V\u00e4xla till inneh\u00e5llsf\u00f6rteckning\"><span class=\"ez-toc-js-icon-con\"><span class=\"\"><span class=\"eztoc-hide\" style=\"display:none;\">V\u00e4xel<\/span><span class=\"ez-toc-icon-toggle-span\"><svg style=\"fill: #999;color:#999\" xmlns=\"http:\/\/www.w3.org\/2000\/svg\" class=\"list-377408\" width=\"20px\" height=\"20px\" viewbox=\"0 0 24 24\" fill=\"none\"><path d=\"M6 6H4v2h2V6zm14 0H8v2h12V6zM4 11h2v2H4v-2zm16 0H8v2h12v-2zM4 16h2v2H4v-2zm16 0H8v2h12v-2z\" fill=\"currentColor\"><\/path><\/svg><svg style=\"fill: #999;color:#999\" class=\"arrow-unsorted-368013\" xmlns=\"http:\/\/www.w3.org\/2000\/svg\" width=\"10px\" height=\"10px\" viewbox=\"0 0 24 24\" version=\"1.2\" baseprofile=\"tiny\"><path d=\"M18.2 9.3l-6.2-6.3-6.2 6.3c-.2.2-.3.4-.3.7s.1.5.3.7c.2.2.4.3.7.3h11c.3 0 .5-.1.7-.3.2-.2.3-.5.3-.7s-.1-.5-.3-.7zM5.8 14.7l6.2 6.3 6.2-6.3c.2-.2.3-.5.3-.7s-.1-.5-.3-.7c-.2-.2-.4-.3-.7-.3h-11c-.3 0-.5.1-.7.3-.2.2-.3.5-.3.7s.1.5.3.7z\"\/><\/svg><\/span><\/span><\/span><\/a><\/span><\/div>\n<nav><ul class='ez-toc-list ez-toc-list-level-1 eztoc-toggle-hide-by-default' ><li class='ez-toc-page-1 ez-toc-heading-level-2'><a class=\"ez-toc-link ez-toc-heading-1\" href=\"https:\/\/www.monsiegeautobebe.fr\/sv\/hur-valjer-man-vridbar-bilbarnstol\/#Pourquoi_Choisir_Un_Siege_Auto_Bebe_Pivotant\" >Varf\u00f6r v\u00e4lja en vridbar bilbarnstol?<\/a><\/li><li class='ez-toc-page-1 ez-toc-heading-level-2'><a class=\"ez-toc-link ez-toc-heading-2\" href=\"https:\/\/www.monsiegeautobebe.fr\/sv\/hur-valjer-man-vridbar-bilbarnstol\/#Les_Avantages_Du_Siege_Auto_Bebe_Pivotant\" >F\u00f6rdelar med en vridbar bilbarnstol<\/a><\/li><li class='ez-toc-page-1 ez-toc-heading-level-2'><a class=\"ez-toc-link ez-toc-heading-3\" href=\"https:\/\/www.monsiegeautobebe.fr\/sv\/hur-valjer-man-vridbar-bilbarnstol\/#Quels_Types_de_Sieges_Auto_Pivotants_Choisir\" >Vilken typ av vridbar bilbarnstol ska jag v\u00e4lja?<\/a><ul class='ez-toc-list-level-3' ><li class='ez-toc-heading-level-3'><a class=\"ez-toc-link ez-toc-heading-4\" href=\"https:\/\/www.monsiegeautobebe.fr\/sv\/hur-valjer-man-vridbar-bilbarnstol\/#La_Reglementation_Des_Sieges_Auto_Pivotants\" >F\u00f6reskrifter f\u00f6r vridbara bilbarnstolar<\/a><\/li><li class='ez-toc-page-1 ez-toc-heading-level-3'><a class=\"ez-toc-link ez-toc-heading-5\" href=\"https:\/\/www.monsiegeautobebe.fr\/sv\/hur-valjer-man-vridbar-bilbarnstol\/#Le_Siege_Auto_Pivotant_Isofix\" >Isofix vridbar bilbarnstol<\/a><\/li><li class='ez-toc-page-1 ez-toc-heading-level-3'><a class=\"ez-toc-link ez-toc-heading-6\" href=\"https:\/\/www.monsiegeautobebe.fr\/sv\/hur-valjer-man-vridbar-bilbarnstol\/#Le_Siege_Auto_Pivotant_Dos_A_La_Route\" >Bak\u00e5tv\u00e4nd vridbar bilbarnstol<\/a><\/li><\/ul><\/li><li class='ez-toc-page-1 ez-toc-heading-level-2'><a class=\"ez-toc-link ez-toc-heading-7\" href=\"https:\/\/www.monsiegeautobebe.fr\/sv\/hur-valjer-man-vridbar-bilbarnstol\/#Comparatifs_Des_Meilleurs_Sieges_Auto_Pivotants\" >J\u00e4mf\u00f6relse av de b\u00e4sta vridbara bils\u00e4tena<\/a><\/li><li class='ez-toc-page-1 ez-toc-heading-level-2'><a class=\"ez-toc-link ez-toc-heading-8\" href=\"https:\/\/www.monsiegeautobebe.fr\/sv\/hur-valjer-man-vridbar-bilbarnstol\/#Les_Meilleures_Marques_De_Sieges_Auto_Pivotants\" >De b\u00e4sta m\u00e4rkena av sv\u00e4ngbara bils\u00e4ten<\/a><\/li><\/ul><\/nav><\/div>\n<h2><span class=\"ez-toc-section\" id=\"Pourquoi_Choisir_Un_Siege_Auto_Bebe_Pivotant\"><\/span>Varf\u00f6r v\u00e4lja en vridbar bilbarnstol?<span class=\"ez-toc-section-end\"><\/span><\/h2>\n<figure id=\"attachment_4326\" aria-describedby=\"caption-attachment-4326\" style=\"width: 900px\" class=\"wp-caption aligncenter\"><a href=\"https:\/\/monsiegeautobebe.fr\/wp-content\/uploads\/2021\/04\/choisir-siege-auto-bebe-pivotant.jpg\"><img fetchpriority=\"high\" decoding=\"async\" class=\"wp-image-4326 size-full\" src=\"https:\/\/monsiegeautobebe.fr\/wp-content\/uploads\/2021\/04\/choisir-siege-auto-bebe-pivotant.jpg\" alt=\"B\u00e9b\u00e9 Confort AxissFix Plus i-Size vridbar bilbarnstol\" width=\"900\" height=\"600\" srcset=\"https:\/\/www.monsiegeautobebe.fr\/wp-content\/uploads\/2021\/04\/choisir-siege-auto-bebe-pivotant.jpg 900w, https:\/\/www.monsiegeautobebe.fr\/wp-content\/uploads\/2021\/04\/choisir-siege-auto-bebe-pivotant-600x400.jpg 600w, https:\/\/www.monsiegeautobebe.fr\/wp-content\/uploads\/2021\/04\/choisir-siege-auto-bebe-pivotant-300x200.jpg 300w, https:\/\/www.monsiegeautobebe.fr\/wp-content\/uploads\/2021\/04\/choisir-siege-auto-bebe-pivotant-768x512.jpg 768w, https:\/\/www.monsiegeautobebe.fr\/wp-content\/uploads\/2021\/04\/choisir-siege-auto-bebe-pivotant-104x69.jpg 104w\" sizes=\"(max-width: 900px) 100vw, 900px\" \/><\/a><figcaption id=\"caption-attachment-4326\" class=\"wp-caption-text\">Den sv\u00e4ngbara babyskyddet <a href=\"https:\/\/www.monsiegeautobebe.fr\/sv\/maxi-cosi-axissfix\/\">B\u00e9b\u00e9 Confort AxissFix<\/a> Plus i-Size<\/figcaption><\/figure>\n<p>Bilolyckor \u00e4r en av de vanligaste <a href=\"https:\/\/www.securite-routiere.gouv.fr\/actualites\/chiffres-de-la-securite-routiere-en-2020\" target=\"_blank\" rel=\"noopener\">fr\u00e4msta orsakerna till allvarliga skador och d\u00f6dsfall bland barn.<\/a> Till skillnad fr\u00e5n <strong>s\u00e4kerhetsb\u00e4lten<\/strong> som inte \u00e4r utformade f\u00f6r sp\u00e4dbarns och barns kroppsform, de <strong>Vridbar bilbarnstol f\u00f6r barn<\/strong> har en egen 3- eller 5-punktssele som h\u00e5ller ditt barn s\u00e4kert vid en olycka eller pl\u00f6tslig inbromsning. Den <a href=\"https:\/\/www.monsiegeautobebe.fr\/sv\/bast-i-test-vridbar-bilbarnstol\/\" target=\"_blank\" rel=\"noopener\">B\u00e4sta vridbara bilbarnstolar<\/a> \u00e4r speciellt utvecklade f\u00f6r att skydda <strong>de mest s\u00e5rbara<\/strong> baby. I h\u00e4ndelse av kollision kommer <strong><a href=\"https:\/\/www.monsiegeautobebe.fr\/sv\/bast-i-test-vridbar-bilbarnstol\/\">Vridbar bilbarnstol<\/a><\/strong> hj\u00e4lper till att avleda den energi som frig\u00f6rs vid st\u00f6ten f\u00f6r att ge en mer effektiv <strong>optimalt skydd<\/strong> till barnets huvud och ryggrad. Dessa s\u00e4ten kan ocks\u00e5 justeras <strong>tillbaka till v\u00e4gen<\/strong> vilket g\u00f6r det \u00e4nnu enklare att skydda ditt barn.<\/p>\n<h2><span class=\"ez-toc-section\" id=\"Les_Avantages_Du_Siege_Auto_Bebe_Pivotant\"><\/span>F\u00f6rdelar med en vridbar bilbarnstol<span class=\"ez-toc-section-end\"><\/span><\/h2>\n<p>M\u00e5nga f\u00f6r\u00e4ldrar f\u00f6redrar <strong>vridbara bilbarnstolar<\/strong> som av olika sk\u00e4l har visat sig vara ett l\u00e4mpligare alternativ f\u00f6r daglig anv\u00e4ndning. Den st\u00f6rsta f\u00f6rdelen med <strong>Vridbara bilbarnstolar f\u00f6r barn<\/strong> \u00e4r hur enkelt det \u00e4r f\u00f6r f\u00f6r\u00e4ldrar att bekv\u00e4mt placera sitt barn i bilbarnstolen och ta bort den med fullst\u00e4ndig sinnesfrid. I de flesta fall r\u00e4cker det med att trycka p\u00e5 en knapp f\u00f6r att barnet ska placeras i bilbarnstolen. <strong>360\u00b0 bilbarnstol<\/strong> v\u00e4nds mot d\u00f6rren f\u00f6r att g\u00f6ra det l\u00e4ttare att stiga i och ur s\u00e4tet.<\/p>\n<figure id=\"attachment_1368\" aria-describedby=\"caption-attachment-1368\" style=\"width: 800px\" class=\"wp-caption aligncenter\"><a href=\"https:\/\/monsiegeautobebe.fr\/wp-content\/uploads\/2019\/10\/siege-auto-pivotant-cybex-sirona-z-i-size.gif\"><img decoding=\"async\" class=\"wp-image-1368 size-full\" src=\"https:\/\/monsiegeautobebe.fr\/wp-content\/uploads\/2019\/10\/siege-auto-pivotant-cybex-sirona-z-i-size.gif\" alt=\"Cybex Sirona Z i-Size vridbar bilbarnstol\" width=\"800\" height=\"604\" \/><\/a><figcaption id=\"caption-attachment-1368\" class=\"wp-caption-text\">Cybex Sirona Z i-Size vridbar bilbarnstol<\/figcaption><\/figure>\n<p>Uppt\u00e4ck den <strong>huvudsakliga f\u00f6rdelar <\/strong>sv\u00e4ngbara bilbarnstolar :<\/p>\n<ul>\n<li>Det \u00e4r l\u00e4ttare att f\u00e5 in barnet i <strong>bilbarnstol<\/strong> och ut ur den. Vrid sitsen mot dig f\u00f6r att s\u00e4tta i barnet och vrid den sedan igen f\u00f6r att s\u00e4tta barnet i r\u00e4tt position. <a href=\"https:\/\/www.monsiegeautobebe.fr\/sv\/bakatvand-bilbarnstol-bast-i-test\/\">bak\u00e5tv\u00e4nd bilbarnstol<\/a> eller v\u00e4nd mot v\u00e4gen.<\/li>\n<li>Tack till <strong>isofix-tillbeh\u00f6r<\/strong>installationen av bilbarnstolen i fordonet \u00e4r verkligen f\u00f6renklad och <strong>installationsfel<\/strong> reduceras till ett minimum. En idealisk l\u00f6sning n\u00e4r du t.ex. anv\u00e4nder bilbarnstolen i flera fordon.<\/li>\n<li>F\u00f6r <strong>\u00e4ndra riktning<\/strong> ditt barn (bak\u00e5tv\u00e4nt eller fram\u00e5tv\u00e4nt) trycker du bara p\u00e5 den dedikerade knappen en g\u00e5ng till f\u00f6r att <strong>Vrid s\u00e4tet<\/strong> i \u00f6nskad riktning. Du beh\u00f6ver inte ta bort <strong>bilbarnstol<\/strong> att placera den f\u00f6rst med ryggen mot v\u00e4gen och sedan v\u00e4nd mot v\u00e4gen.<\/li>\n<li>\u00c4ven om det fortfarande \u00e4r m\u00f6jligt att anv\u00e4nda och k\u00f6pa <strong>vridbara bilbarnstolar<\/strong> enligt best\u00e4mmelserna i R44\/04, uppfyller de flesta nya modeller nu kraven i <strong>norme i-Size.<\/strong> Denna nya f\u00f6rordning inneb\u00e4r ett antal framsteg f\u00f6r skyddet av barn i bilar.<\/li>\n<li>Den <strong>B\u00e4sta vridbara bilbarnstolar<\/strong> g\u00f6r det l\u00e4ttare att s\u00e4tta in barnet i bilen. <strong>med ryggen mot v\u00e4gen.<\/strong> P\u00e5 s\u00e5 s\u00e4tt uppmuntrar dessa modeller f\u00f6r\u00e4ldrarna att beh\u00e5lla denna position s\u00e5 l\u00e4nge som m\u00f6jligt.<\/li>\n<\/ul>\n<h2><span class=\"ez-toc-section\" id=\"Quels_Types_de_Sieges_Auto_Pivotants_Choisir\"><\/span>Vilken typ av vridbar bilbarnstol ska jag v\u00e4lja?<span class=\"ez-toc-section-end\"><\/span><\/h2>\n<p><a href=\"https:\/\/monsiegeautobebe.fr\/wp-content\/uploads\/2021\/04\/avantage-siege-auto-bebe-pivotant.jpg\"><img decoding=\"async\" class=\"aligncenter size-full wp-image-4325\" src=\"https:\/\/monsiegeautobebe.fr\/wp-content\/uploads\/2021\/04\/avantage-siege-auto-bebe-pivotant.jpg\" alt=\"F\u00f6rdelarna med vridbara bilbarnstolar\" width=\"900\" height=\"600\" srcset=\"https:\/\/www.monsiegeautobebe.fr\/wp-content\/uploads\/2021\/04\/avantage-siege-auto-bebe-pivotant.jpg 900w, https:\/\/www.monsiegeautobebe.fr\/wp-content\/uploads\/2021\/04\/avantage-siege-auto-bebe-pivotant-600x400.jpg 600w, https:\/\/www.monsiegeautobebe.fr\/wp-content\/uploads\/2021\/04\/avantage-siege-auto-bebe-pivotant-300x200.jpg 300w, https:\/\/www.monsiegeautobebe.fr\/wp-content\/uploads\/2021\/04\/avantage-siege-auto-bebe-pivotant-768x512.jpg 768w, https:\/\/www.monsiegeautobebe.fr\/wp-content\/uploads\/2021\/04\/avantage-siege-auto-bebe-pivotant-104x69.jpg 104w\" sizes=\"(max-width: 900px) 100vw, 900px\" \/><\/a><\/p>\n<ul>\n<li>\n<h3><span class=\"ez-toc-section\" id=\"La_Reglementation_Des_Sieges_Auto_Pivotants\"><\/span>F\u00f6reskrifter f\u00f6r vridbara bilbarnstolar<span class=\"ez-toc-section-end\"><\/span><\/h3>\n<\/li>\n<\/ul>\n<p>Som en p\u00e5minnelse, anv\u00e4ndningen av en <strong>h\u00e5llare<\/strong> \u00e4r obligatoriskt f\u00f6r barn i Frankrike <strong>upp till 10 \u00e5rs \u00e5lder<\/strong> minimum. N\u00e4r du k\u00f6per en ny <strong>Vridbar bilbarnstol f\u00f6r barn<\/strong>Du vill hitta den bekv\u00e4maste och s\u00e4kraste modellen f\u00f6r ditt barn. Det finns f\u00f6r n\u00e4rvarande <strong>tv\u00e5 europeiska f\u00f6rordningar<\/strong> r\u00f6rande <strong>sv\u00e4ngbara bilbarnstolar.<\/strong><\/p>\n<div id=\"tablepress-1-scroll-wrapper\" class=\"tablepress-scroll-wrapper\">\n\n<table id=\"tablepress-1\" class=\"tablepress tablepress-id-1 tablepress-responsive\">\n<thead>\n<tr class=\"row-1\">\n\t<td class=\"column-1\"><\/td><th class=\"column-2\">ECE R44\/04<\/th><th class=\"column-3\">R129 (i-Size)<\/th>\n<\/tr>\n<\/thead>\n<tbody class=\"row-striping row-hover\">\n<tr class=\"row-2\">\n\t<td class=\"column-1\">Klassificering<\/td><td class=\"column-2\">Av <strong>vikt<\/strong> av barnet<\/td><td class=\"column-3\">Av <strong>storlek<\/strong> av barnet<\/td>\n<\/tr>\n<tr class=\"row-3\">\n\t<td class=\"column-1\">Tillbaka till v\u00e4gen<\/td><td class=\"column-2\">Upp till <strong>9 kg<\/strong><\/td><td class=\"column-3\">Upp till <strong>15 m\u00e5nader<\/strong><\/td>\n<\/tr>\n<tr class=\"row-4\">\n\t<td class=\"column-1\">Tester<br \/>\ndynamik<\/td><td class=\"column-2\">Kollision <strong>front<\/strong> <em>(50 km\/h)<\/em><br \/>\nInverkan <strong>baksida<\/strong> <em>(30 km\/h)<\/em><br \/>\nIngen sidokollision<br \/>\n<br \/>\nAnv\u00e4ndning av \u00e4ldre generationens skyltdockor <em>(P-Dummies)<\/em><\/td><td class=\"column-3\">Kollision <strong>front<\/strong> <em>(50 km\/h)<\/em><br \/>\nInverkan <strong>baksida<\/strong> <em>(30 km\/h)<\/em><br \/>\nChock <strong>lateral<\/strong> <em>(24 km\/h)<\/em><br \/>\n<br \/>\nAnv\u00e4ndning av den nya generationens skyltdockor <em>(Q-Dummies)<\/em><\/td>\n<\/tr>\n<tr class=\"row-5\">\n\t<td class=\"column-1\">Fixeringssystem<\/td><td class=\"column-2\"><strong>B\u00e4lte<\/strong> eller <strong>ISOFIX<\/strong><\/td><td class=\"column-3\"><strong>ISOFIX<\/strong><\/td>\n<\/tr>\n<tr class=\"row-6\">\n\t<td class=\"column-1\">Datum f\u00f6r genomf\u00f6rande<\/td><td class=\"column-2\">Gradvis f\u00f6rsvinnande <strong>fr\u00e5n 2021<\/strong><\/td><td class=\"column-3\">G\u00e4ller sedan <strong>juli 2013<\/strong><\/td>\n<\/tr>\n<\/tbody>\n<\/table>\n\n<\/div><!-- #tablepress-1 from cache --><p>Det st\u00e4mmer, <strong>ECE R44\/04 och UN R129 (i-Size) standarder<\/strong> \u00e4r de tv\u00e5 s\u00e4kerhetsstandarder som f\u00f6r n\u00e4rvarande \u00e4r i kraft och som alla <strong>vridbara bilbarnstolar<\/strong> m\u00e5ste l\u00e4mnas in. Fram till dess, med hj\u00e4lp av <a href=\"https:\/\/www.monsiegeautobebe.fr\/sv\/vilken-bilstolsgrupp-att-valja\/\">Europeisk f\u00f6rordning R44\/04<\/a>klassificeringen av <strong>vridbara bilbarnstolar<\/strong> baserades uteslutande p\u00e5 barnets vikt. I och med inf\u00f6randet av den nya i-Size-standarden 2013 har <strong>vridbara bilbarnstolar<\/strong> f\u00f6rdelas nu efter barnets storlek.<\/p>\n<ul>\n<li>\n<h3><span class=\"ez-toc-section\" id=\"Le_Siege_Auto_Pivotant_Isofix\"><\/span>Isofix vridbar bilbarnstol<span class=\"ez-toc-section-end\"><\/span><\/h3>\n<\/li>\n<\/ul>\n<figure id=\"attachment_4240\" aria-describedby=\"caption-attachment-4240\" style=\"width: 900px\" class=\"wp-caption aligncenter\"><a href=\"https:\/\/monsiegeautobebe.fr\/wp-content\/uploads\/2021\/03\/systeme-isofix-joie-i-spin-360.jpg\"><img loading=\"lazy\" decoding=\"async\" class=\"wp-image-4240 size-full\" src=\"https:\/\/monsiegeautobebe.fr\/wp-content\/uploads\/2021\/03\/systeme-isofix-joie-i-spin-360.jpg\" alt=\"Isofix-f\u00e4ste p\u00e5 den vridbara babyskyddet Joie i-Spin 360\" width=\"900\" height=\"600\" srcset=\"https:\/\/www.monsiegeautobebe.fr\/wp-content\/uploads\/2021\/03\/systeme-isofix-joie-i-spin-360.jpg 900w, https:\/\/www.monsiegeautobebe.fr\/wp-content\/uploads\/2021\/03\/systeme-isofix-joie-i-spin-360-600x400.jpg 600w, https:\/\/www.monsiegeautobebe.fr\/wp-content\/uploads\/2021\/03\/systeme-isofix-joie-i-spin-360-300x200.jpg 300w, https:\/\/www.monsiegeautobebe.fr\/wp-content\/uploads\/2021\/03\/systeme-isofix-joie-i-spin-360-768x512.jpg 768w, https:\/\/www.monsiegeautobebe.fr\/wp-content\/uploads\/2021\/03\/systeme-isofix-joie-i-spin-360-104x69.jpg 104w\" sizes=\"(max-width: 900px) 100vw, 900px\" \/><\/a><figcaption id=\"caption-attachment-4240\" class=\"wp-caption-text\">Den <a href=\"https:\/\/www.monsiegeautobebe.fr\/sv\/isofix-fasten-bilbarnstolar\/\">isofix fixering<\/a> p\u00e5 den vridbara bilbarnstolen <a href=\"https:\/\/www.monsiegeautobebe.fr\/sv\/joie-i-spin-360-recension\/\">Joie i-Spin 360<\/a><\/figcaption><\/figure>\n<p>La <a href=\"https:\/\/www.monsiegeautobebe.fr\/sv\/reglementation-i-size-siege-auto-bebe\/\">R129 reglering (i-Size)<\/a> \u00e4r det senaste godk\u00e4nnandet som reglerar tillverkningen av <strong>sv\u00e4ngbara bilbarnstolar.<\/strong> Syftet med denna nya standard \u00e4r att g\u00f6ra <strong>bilbarnstolar f\u00f6r barn<\/strong> enklare att installera med den utbredda anv\u00e4ndningen av <strong>isofix ankarpunkter<\/strong>ger b\u00e4ttre skydd mot sidokollisioner och h\u00e5ller barnen v\u00e4nda bort fr\u00e5n v\u00e4gen <strong>upp till 15 m\u00e5naders \u00e5lder<\/strong> och klassificera <strong>bilbarnstolar<\/strong> beroende p\u00e5 barnens storlek.<\/p>\n<p>La <strong>i-Size-reglering (R129)<\/strong> erbjuder ett antal viktiga s\u00e4kerhetsf\u00f6rdelar, inklusive :<\/p>\n<ul>\n<li style=\"list-style-type: none;\">\n<ul>\n<li style=\"list-style-type: none;\">\n<ul>\n<li>Den <strong>vridbara bilbarnstolar<\/strong> ger f\u00f6rb\u00e4ttrat skydd mot <strong>sidokollision<\/strong> f\u00f6r att skydda ditt barns huvud och nacke.<\/li>\n<li>Till skillnad fr\u00e5n <strong>reglering R44\/04 <\/strong>till\u00e5ter att ett barn f\u00e4rdas i en fram\u00e5tv\u00e4nd bilbarnstol <strong>fr\u00e5n 9 kg<\/strong> (ca 9 m\u00e5nader), med <strong>f\u00f6rordningen R129 (i-Size)<\/strong>bak\u00e5tv\u00e4nd bilbarnstol \u00e4r obligatorisk <strong>upp till 15 m\u00e5naders \u00e5lder<\/strong> f\u00f6r att b\u00e4ttre skydda barnets k\u00e4nsliga delar.<\/li>\n<li>Den <strong>vridbara bilbarnstolar<\/strong> m\u00e5ste installeras med hj\u00e4lp av <strong>isofix fixering.<\/strong> Detta minskar avsev\u00e4rt risken f\u00f6r felaktig installation av den vridbara bilbarnstolen. Faktum \u00e4r att de flesta modeller levereras med flera <strong>visuella och\/eller akustiska indikatorer<\/strong> f\u00f6r att bekr\u00e4fta att basen och bilbarnstolen \u00e4r korrekt installerade.<\/li>\n<li>Den <strong>isofix vridbara bilbarnstolar<\/strong> \u00e4r klassificerade efter barnets storlek, vilket g\u00f6r det l\u00e4ttare att v\u00e4lja r\u00e4tt bilbarnstol f\u00f6r varje barn.<\/li>\n<\/ul>\n<\/li>\n<\/ul>\n<\/li>\n<\/ul>\n<ul>\n<li>\n<h3><span class=\"ez-toc-section\" id=\"Le_Siege_Auto_Pivotant_Dos_A_La_Route\"><\/span>Bak\u00e5tv\u00e4nd vridbar bilbarnstol<span class=\"ez-toc-section-end\"><\/span><\/h3>\n<\/li>\n<\/ul>\n<p>Det \u00e4r mycket viktigt f\u00f6r en nyf\u00f6dd baby att f\u00f6rbli <a href=\"https:\/\/www.monsiegeautobebe.fr\/sv\/bilbarnstol-med-ryggen-mot-vagen\/\">med ryggen mot v\u00e4gen s\u00e5 l\u00e4nge som m\u00f6jligt<\/a>. Under de f\u00f6rsta \u00e5ren av livet har ett barn inte en \"normal\" personlighet. <strong>benstruktur<\/strong> fullt utvecklad och en <strong>muskelstyrka<\/strong> f\u00f6r att f\u00f6rhindra att dess relativt stora och tunga huvud kastas fram\u00e5t vid en kollision. N\u00e4r ett barn placeras <strong>tillbaka till v\u00e4gen<\/strong>Dess huvud och nacke st\u00f6ds perfekt av s\u00e4tets baksida. <strong>bilbarnstol<\/strong>. St\u00f6tkrafterna absorberas effektivt av hela s\u00e4tesstrukturen f\u00f6r ett mer effektivt skydd.<\/p>\n<p><a href=\"https:\/\/monsiegeautobebe.fr\/wp-content\/uploads\/2021\/04\/siege-auto-bebe-pivotant-dos-route.jpg\"><img loading=\"lazy\" decoding=\"async\" class=\"aligncenter size-full wp-image-4321\" src=\"https:\/\/monsiegeautobebe.fr\/wp-content\/uploads\/2021\/04\/siege-auto-bebe-pivotant-dos-route.jpg\" alt=\"Bak\u00e5tv\u00e4nd vridbar bilbarnstol f\u00f6r barn\" width=\"900\" height=\"400\" srcset=\"https:\/\/www.monsiegeautobebe.fr\/wp-content\/uploads\/2021\/04\/siege-auto-bebe-pivotant-dos-route.jpg 900w, https:\/\/www.monsiegeautobebe.fr\/wp-content\/uploads\/2021\/04\/siege-auto-bebe-pivotant-dos-route-600x267.jpg 600w, https:\/\/www.monsiegeautobebe.fr\/wp-content\/uploads\/2021\/04\/siege-auto-bebe-pivotant-dos-route-300x133.jpg 300w, https:\/\/www.monsiegeautobebe.fr\/wp-content\/uploads\/2021\/04\/siege-auto-bebe-pivotant-dos-route-768x341.jpg 768w\" sizes=\"(max-width: 900px) 100vw, 900px\" \/><\/a><\/p>\n<p>\u00c4ven om de flesta <strong>Vridbara bilbarnstolar f\u00f6r barn<\/strong> \u00e4r l\u00e4mpliga f\u00f6r anv\u00e4ndning mot v\u00e4gen fr\u00e5n 15 m\u00e5naders \u00e5lder (lagstadgat minimum), rekommenderar vi att du f\u00f6redrar den bak\u00e5tv\u00e4nda positionen s\u00e5 l\u00e4nge som m\u00f6jligt. M\u00e5nga mycket popul\u00e4ra modeller, som t.ex. <a href=\"https:\/\/www.monsiegeautobebe.fr\/sv\/siege-auto-pivotant-joie-i-spin-360\/\" target=\"_blank\" rel=\"noopener\">Joie i-Spin 360<\/a> eller <a href=\"https:\/\/www.monsiegeautobebe.fr\/sv\/jamforelse-av-cybex-sirona-bilbarnstolar\/\" target=\"_blank\" rel=\"noopener\">Cybex Sirona Z i-Size<\/a> till\u00e5ta l\u00e5ngvarig anv\u00e4ndning av den bak\u00e5tv\u00e4nda positionen <strong>till 4 \u00e5rs \u00e5lder.<\/strong> Som en p\u00e5minnelse \u00e4r den bak\u00e5tv\u00e4nda positionen <strong>fem g\u00e5nger s\u00e4krare<\/strong> f\u00f6r ditt barn i h\u00e4ndelse av en olycka.<\/p>\n<h2><span class=\"ez-toc-section\" id=\"Comparatifs_Des_Meilleurs_Sieges_Auto_Pivotants\"><\/span>J\u00e4mf\u00f6relse av de b\u00e4sta vridbara bils\u00e4tena<span class=\"ez-toc-section-end\"><\/span><\/h2>\n<figure id=\"attachment_4327\" aria-describedby=\"caption-attachment-4327\" style=\"width: 900px\" class=\"wp-caption aligncenter\"><a href=\"https:\/\/monsiegeautobebe.fr\/wp-content\/uploads\/2021\/04\/siege-auto-bebe-pivotant-britax-romer-dualfix-i-size.jpg\"><img loading=\"lazy\" decoding=\"async\" class=\"size-full wp-image-4327\" src=\"https:\/\/monsiegeautobebe.fr\/wp-content\/uploads\/2021\/04\/siege-auto-bebe-pivotant-britax-romer-dualfix-i-size.jpg\" alt=\"Britax Romer Dualfix i-Size vridbar bilbarnstol\" width=\"900\" height=\"600\" srcset=\"https:\/\/www.monsiegeautobebe.fr\/wp-content\/uploads\/2021\/04\/siege-auto-bebe-pivotant-britax-romer-dualfix-i-size.jpg 900w, https:\/\/www.monsiegeautobebe.fr\/wp-content\/uploads\/2021\/04\/siege-auto-bebe-pivotant-britax-romer-dualfix-i-size-600x400.jpg 600w, https:\/\/www.monsiegeautobebe.fr\/wp-content\/uploads\/2021\/04\/siege-auto-bebe-pivotant-britax-romer-dualfix-i-size-300x200.jpg 300w, https:\/\/www.monsiegeautobebe.fr\/wp-content\/uploads\/2021\/04\/siege-auto-bebe-pivotant-britax-romer-dualfix-i-size-768x512.jpg 768w, https:\/\/www.monsiegeautobebe.fr\/wp-content\/uploads\/2021\/04\/siege-auto-bebe-pivotant-britax-romer-dualfix-i-size-104x69.jpg 104w\" sizes=\"(max-width: 900px) 100vw, 900px\" \/><\/a><figcaption id=\"caption-attachment-4327\" class=\"wp-caption-text\">Den sv\u00e4ngbara babyskyddet <a href=\"https:\/\/www.monsiegeautobebe.fr\/sv\/britax-romer-dualfix-i-size\/\">Britax R\u00f6mer Dualfix i-Size<\/a><\/figcaption><\/figure>\n<p>Trots sin relativt h\u00f6ga kostnad har <strong>Vridbar bilbarnstol<\/strong> \u00e4r fortfarande en utm\u00e4rkt s\u00e4kerhetsanordning f\u00f6r barn. De \u00e4r enkla, funktionella och mycket bekv\u00e4ma och kan tack vare sina m\u00e5nga funktioner enkelt anpassas till ditt barns l\u00e4ngd eller vikt. De \u00e4r verkligen den <strong>bilbarnstolar<\/strong> de mest behagliga att anv\u00e4nda, b\u00e5de f\u00f6r ditt barn och f\u00f6r dig. Alla modeller som vi har valt har ocks\u00e5 uppn\u00e5tt utm\u00e4rkta resultat <a href=\"https:\/\/www.monsiegeautobebe.fr\/sv\/bilbarnstol-bast-i-test-forklarat\/\" target=\"_blank\" rel=\"noopener\">krocktester utf\u00f6rda av oberoende organ<\/a> ut\u00f6ver de tester som tidigare utf\u00f6rts f\u00f6r europeiskt typgodk\u00e4nnande. Dessa krocktester garanterar en <strong>mycket h\u00f6ga niv\u00e5er av s\u00e4kerhet och komfort<\/strong> f\u00f6r en bekymmersfri resa i bilen med ditt barn.<\/p>\n<h2><span class=\"ez-toc-section\" id=\"Les_Meilleures_Marques_De_Sieges_Auto_Pivotants\"><\/span>De b\u00e4sta m\u00e4rkena av sv\u00e4ngbara bils\u00e4ten<span class=\"ez-toc-section-end\"><\/span><\/h2>\n<p>F\u00f6r att garantera ditt barns s\u00e4kerhet och komfort n\u00e4r du reser i bilen \u00e4r det b\u00e4st att v\u00e4lja en vridbar bilbarnstol fr\u00e5n v\u00e4lrenommerade m\u00e4rken som Britax R\u00f6mer, BeSafe, Nuna, Maxi Cosi, Joie eller Cybex. Dessa m\u00e4rken \u00e4r k\u00e4nda f\u00f6r sin expertis och tillf\u00f6rlitlighet och erbjuder <a href=\"https:\/\/fr.shop-orchestra.com\/fr\/puericulture\/auto\/tous-les-sieges-auto\/\" target=\"_blank\" rel=\"noopener\">vridbara bilbarnstolar f\u00f6r alla \u00e5ldrar<\/a> som redan har bevisat sitt v\u00e4rde p\u00e5 v\u00e4garna under \u00e5rens lopp.<\/p>\n<p>Oavsett om du letar efter <a href=\"https:\/\/www.monsiegeautobebe.fr\/sv\/barnvagn-bast-i-test\/\">b\u00e4rsele f\u00f6r baby<\/a>ett skal eller en <a href=\"https:\/\/www.monsiegeautobebe.fr\/sv\/basta-konvertibla-bilbarnstolar\/\">Utvecklande bilbarnstol<\/a>Dessa m\u00e4rken t\u00e4cker varje steg i ditt barns tillv\u00e4xt, med modeller utformade med s\u00e4kerhet i \u00e5tanke. Oavsett om det handlar om en enkel l\u00f6prunda i stan eller en l\u00e5ng familjeutflykt hittar du den perfekta f\u00f6ljeslagaren f\u00f6r varje \u00e4ventyr.<\/p>\n<p>Uppt\u00e4ck v\u00e5rt urval av <strong>b\u00e4sta vridbara bilbarnstolar :<\/strong><br \/>\n<div id=\"tablepress-32-scroll-wrapper\" class=\"tablepress-scroll-wrapper\">\n\n<table id=\"tablepress-32\" class=\"tablepress tablepress-id-32 tablepress-responsive\" aria-describedby=\"tablepress-32-description\">\n<thead>\n<tr class=\"row-1\">\n\t<td class=\"column-1\"><\/td><th class=\"column-2\">Standard<\/th><th class=\"column-3\">Storlek<\/th><th class=\"column-4\">Reducerare<\/th><th class=\"column-5\">Dos Route<\/th><th class=\"column-6\">Ansiktsv\u00e4g<\/th><th class=\"column-7\">Montering<\/th><th class=\"column-8\">Anm\u00e4rkning<br \/>\nADAC<\/th><th class=\"column-9\">Pris<\/th>\n<\/tr>\n<\/thead>\n<tbody class=\"row-striping row-hover\">\n<tr class=\"row-2\">\n\t<td class=\"column-1\"><center><a href=\"https:\/\/monsiegeautobebe.fr\/wp-content\/uploads\/2019\/10\/siege-auto-bebe-confort-axissfix-i-size.jpg\"><img loading=\"lazy\" decoding=\"async\" src=\"https:\/\/monsiegeautobebe.fr\/wp-content\/uploads\/2019\/10\/siege-auto-bebe-confort-axissfix-i-size-150x150.jpg\" alt=\"Maxi-Cosi AxissFix i-Size\" width=\"70\" height=\"70\" class=\"aligncenter size-thumbnail wp-image-1725\" srcset=\"https:\/\/www.monsiegeautobebe.fr\/wp-content\/uploads\/2019\/10\/siege-auto-bebe-confort-axissfix-i-size-150x150.jpg 150w, https:\/\/www.monsiegeautobebe.fr\/wp-content\/uploads\/2019\/10\/siege-auto-bebe-confort-axissfix-i-size-300x300.jpg 300w, https:\/\/www.monsiegeautobebe.fr\/wp-content\/uploads\/2019\/10\/siege-auto-bebe-confort-axissfix-i-size-336x336.jpg 336w, https:\/\/www.monsiegeautobebe.fr\/wp-content\/uploads\/2019\/10\/siege-auto-bebe-confort-axissfix-i-size-600x600.jpg 600w, https:\/\/www.monsiegeautobebe.fr\/wp-content\/uploads\/2019\/10\/siege-auto-bebe-confort-axissfix-i-size-768x768.jpg 768w, https:\/\/www.monsiegeautobebe.fr\/wp-content\/uploads\/2019\/10\/siege-auto-bebe-confort-axissfix-i-size.jpg 1000w\" sizes=\"(max-width: 70px) 100vw, 70px\" \/>Maxi-Cosi<br \/>\nAxissFix i-Size<\/a><\/center><\/td><td class=\"column-2\">i-Size (R129)<\/td><td class=\"column-3\">61 - 105 cm (max. 19 kg)<\/td><td class=\"column-4\"><center><img loading=\"lazy\" decoding=\"async\" src=\"https:\/\/monsiegeautobebe.fr\/wp-content\/uploads\/2019\/03\/icon-no.png\" alt=\"\" width=\"16\" height=\"16\" class=\"aligncenter size-full wp-image-693\" \/><\/center><\/td><td class=\"column-5\"><center><img loading=\"lazy\" decoding=\"async\" src=\"https:\/\/monsiegeautobebe.fr\/wp-content\/uploads\/2019\/03\/icon-yes.png\" alt=\"\" width=\"16\" height=\"16\" class=\"aligncenter size-full wp-image-693\" \/><\/center><\/td><td class=\"column-6\"><center><img loading=\"lazy\" decoding=\"async\" src=\"https:\/\/monsiegeautobebe.fr\/wp-content\/uploads\/2019\/03\/icon-yes.png\" alt=\"\" width=\"16\" height=\"16\" class=\"aligncenter size-full wp-image-693\" \/><\/center><\/td><td class=\"column-7\">ISOFIX med \u00f6vre f\u00f6rankringsband<\/td><td class=\"column-8\">Bra (2.2)<\/td><td class=\"column-9\"><\/td>\n<\/tr>\n<tr class=\"row-3\">\n\t<td class=\"column-1\"><center><a href=\"https:\/\/monsiegeautobebe.fr\/wp-content\/uploads\/2019\/10\/siege-auto-bebe-confort-axissfix-plus-i-size.jpg\"><img loading=\"lazy\" decoding=\"async\" src=\"https:\/\/monsiegeautobebe.fr\/wp-content\/uploads\/2019\/10\/siege-auto-bebe-confort-axissfix-plus-i-size-150x150.jpg\" alt=\"Maxi-Cosi AxissFix Plus i-Size\" width=\"70\" height=\"70\" class=\"aligncenter size-thumbnail wp-image-1704\" srcset=\"https:\/\/www.monsiegeautobebe.fr\/wp-content\/uploads\/2019\/10\/siege-auto-bebe-confort-axissfix-plus-i-size-150x150.jpg 150w, https:\/\/www.monsiegeautobebe.fr\/wp-content\/uploads\/2019\/10\/siege-auto-bebe-confort-axissfix-plus-i-size-300x300.jpg 300w, https:\/\/www.monsiegeautobebe.fr\/wp-content\/uploads\/2019\/10\/siege-auto-bebe-confort-axissfix-plus-i-size-336x336.jpg 336w, https:\/\/www.monsiegeautobebe.fr\/wp-content\/uploads\/2019\/10\/siege-auto-bebe-confort-axissfix-plus-i-size-600x600.jpg 600w, https:\/\/www.monsiegeautobebe.fr\/wp-content\/uploads\/2019\/10\/siege-auto-bebe-confort-axissfix-plus-i-size-768x768.jpg 768w, https:\/\/www.monsiegeautobebe.fr\/wp-content\/uploads\/2019\/10\/siege-auto-bebe-confort-axissfix-plus-i-size.jpg 1000w\" sizes=\"(max-width: 70px) 100vw, 70px\" \/>Maxi-Cosi<br \/>\nAxissFix Plus i-Size<\/a><\/center><\/td><td class=\"column-2\">i-Size (R129)<\/td><td class=\"column-3\">45 - 105 cm (max. 19 kg)<\/td><td class=\"column-4\"><center><img loading=\"lazy\" decoding=\"async\" src=\"https:\/\/monsiegeautobebe.fr\/wp-content\/uploads\/2019\/03\/icon-yes.png\" alt=\"\" width=\"16\" height=\"16\" class=\"aligncenter size-full wp-image-693\" \/><\/center><\/td><td class=\"column-5\"><center><img loading=\"lazy\" decoding=\"async\" src=\"https:\/\/monsiegeautobebe.fr\/wp-content\/uploads\/2019\/03\/icon-yes.png\" alt=\"\" width=\"16\" height=\"16\" class=\"aligncenter size-full wp-image-693\" \/><\/center><\/td><td class=\"column-6\"><center><img loading=\"lazy\" decoding=\"async\" src=\"https:\/\/monsiegeautobebe.fr\/wp-content\/uploads\/2019\/03\/icon-yes.png\" alt=\"\" width=\"16\" height=\"16\" class=\"aligncenter size-full wp-image-693\" \/><\/center><\/td><td class=\"column-7\">ISOFIX med \u00f6vre f\u00f6rankringsband<\/td><td class=\"column-8\">Bra (2.3)<\/td><td class=\"column-9\"><br \/>\n<\/td>\n<\/tr>\n<tr class=\"row-4\">\n\t<td class=\"column-1\"><center><a href=\"https:\/\/monsiegeautobebe.fr\/wp-content\/uploads\/2019\/10\/siege-auto-bebe-confort-axissfix-air-i-size.jpg\"><img loading=\"lazy\" decoding=\"async\" src=\"https:\/\/monsiegeautobebe.fr\/wp-content\/uploads\/2019\/10\/siege-auto-bebe-confort-axissfix-air-i-size-150x150.jpg\" alt=\"Maxi-Cosi AxissFix Air i-Size\" width=\"70\" height=\"70\" class=\"aligncenter size-thumbnail wp-image-1724\" srcset=\"https:\/\/www.monsiegeautobebe.fr\/wp-content\/uploads\/2019\/10\/siege-auto-bebe-confort-axissfix-air-i-size-150x150.jpg 150w, https:\/\/www.monsiegeautobebe.fr\/wp-content\/uploads\/2019\/10\/siege-auto-bebe-confort-axissfix-air-i-size-300x300.jpg 300w, https:\/\/www.monsiegeautobebe.fr\/wp-content\/uploads\/2019\/10\/siege-auto-bebe-confort-axissfix-air-i-size-336x336.jpg 336w, https:\/\/www.monsiegeautobebe.fr\/wp-content\/uploads\/2019\/10\/siege-auto-bebe-confort-axissfix-air-i-size-600x600.jpg 600w, https:\/\/www.monsiegeautobebe.fr\/wp-content\/uploads\/2019\/10\/siege-auto-bebe-confort-axissfix-air-i-size-768x768.jpg 768w, https:\/\/www.monsiegeautobebe.fr\/wp-content\/uploads\/2019\/10\/siege-auto-bebe-confort-axissfix-air-i-size.jpg 1000w\" sizes=\"(max-width: 70px) 100vw, 70px\" \/>Maxi-Cosi AxissFix Air i-Size<\/a><\/center><\/td><td class=\"column-2\">i-Size (R129)<\/td><td class=\"column-3\">61 - 105 cm (max. 19 kg)<\/td><td class=\"column-4\"><center><img loading=\"lazy\" decoding=\"async\" src=\"https:\/\/monsiegeautobebe.fr\/wp-content\/uploads\/2019\/03\/icon-no.png\" alt=\"\" width=\"16\" height=\"16\" class=\"aligncenter size-full wp-image-693\" \/><\/center><\/td><td class=\"column-5\"><center><img loading=\"lazy\" decoding=\"async\" src=\"https:\/\/monsiegeautobebe.fr\/wp-content\/uploads\/2019\/03\/icon-yes.png\" alt=\"\" width=\"16\" height=\"16\" class=\"aligncenter size-full wp-image-693\" \/><\/center><\/td><td class=\"column-6\"><center><img loading=\"lazy\" decoding=\"async\" src=\"https:\/\/monsiegeautobebe.fr\/wp-content\/uploads\/2019\/03\/icon-yes.png\" alt=\"\" width=\"16\" height=\"16\" class=\"aligncenter size-full wp-image-693\" \/><\/center><\/td><td class=\"column-7\">ISOFIX med \u00f6vre f\u00f6rankringsband<\/td><td class=\"column-8\">Bra (2.2)<\/td><td class=\"column-9\"><\/td>\n<\/tr>\n<tr class=\"row-5\">\n\t<td class=\"column-1\"><center><a href=\"https:\/\/monsiegeautobebe.fr\/wp-content\/uploads\/2019\/11\/siege-auto-besafe-izi-turn-i-size.jpg\"><img loading=\"lazy\" decoding=\"async\" src=\"https:\/\/monsiegeautobebe.fr\/wp-content\/uploads\/2019\/11\/siege-auto-besafe-izi-turn-i-size-150x150.jpg\" alt=\"BeSafe iZi Turn i-Size\" width=\"70\" height=\"70\" class=\"aligncenter size-thumbnail wp-image-1821\" srcset=\"https:\/\/www.monsiegeautobebe.fr\/wp-content\/uploads\/2019\/11\/siege-auto-besafe-izi-turn-i-size-150x150.jpg 150w, https:\/\/www.monsiegeautobebe.fr\/wp-content\/uploads\/2019\/11\/siege-auto-besafe-izi-turn-i-size-300x300.jpg 300w, https:\/\/www.monsiegeautobebe.fr\/wp-content\/uploads\/2019\/11\/siege-auto-besafe-izi-turn-i-size-336x336.jpg 336w, https:\/\/www.monsiegeautobebe.fr\/wp-content\/uploads\/2019\/11\/siege-auto-besafe-izi-turn-i-size-600x600.jpg 600w, https:\/\/www.monsiegeautobebe.fr\/wp-content\/uploads\/2019\/11\/siege-auto-besafe-izi-turn-i-size-768x768.jpg 768w, https:\/\/www.monsiegeautobebe.fr\/wp-content\/uploads\/2019\/11\/siege-auto-besafe-izi-turn-i-size.jpg 1000w\" sizes=\"(max-width: 70px) 100vw, 70px\" \/>BeSafe<br \/>\niZi Turn i-Size<\/a><\/center><\/td><td class=\"column-2\">i-Size (R129)<\/td><td class=\"column-3\">61 - 105 cm (max. 18 kg)<\/td><td class=\"column-4\"><center><img loading=\"lazy\" decoding=\"async\" src=\"https:\/\/monsiegeautobebe.fr\/wp-content\/uploads\/2019\/03\/icon-no.png\" alt=\"\" width=\"16\" height=\"16\" class=\"aligncenter size-full wp-image-693\" \/><\/center><\/td><td class=\"column-5\"><center><img loading=\"lazy\" decoding=\"async\" src=\"https:\/\/monsiegeautobebe.fr\/wp-content\/uploads\/2019\/03\/icon-yes.png\" alt=\"\" width=\"16\" height=\"16\" class=\"aligncenter size-full wp-image-693\" \/><\/center><\/td><td class=\"column-6\"><center><img loading=\"lazy\" decoding=\"async\" src=\"https:\/\/monsiegeautobebe.fr\/wp-content\/uploads\/2019\/03\/icon-yes.png\" alt=\"\" width=\"16\" height=\"16\" class=\"aligncenter size-full wp-image-693\" \/><\/center><\/td><td class=\"column-7\">ISOFIX med stag<\/td><td class=\"column-8\">Identisk med iZi Twist i-Size<\/td><td class=\"column-9\"><\/td>\n<\/tr>\n<tr class=\"row-6\">\n\t<td class=\"column-1\"><center><a href=\"https:\/\/monsiegeautobebe.fr\/wp-content\/uploads\/2019\/11\/siege-auto-besafe-izi-twist-i-size.jpg\"><img loading=\"lazy\" decoding=\"async\" src=\"https:\/\/monsiegeautobebe.fr\/wp-content\/uploads\/2019\/11\/siege-auto-besafe-izi-twist-i-size-150x150.jpg\" alt=\"BeSafe iZi Twist i-Size bilbarnstol\" width=\"70\" height=\"70\" class=\"aligncenter size-thumbnail wp-image-1807\" srcset=\"https:\/\/www.monsiegeautobebe.fr\/wp-content\/uploads\/2019\/11\/siege-auto-besafe-izi-twist-i-size-150x150.jpg 150w, https:\/\/www.monsiegeautobebe.fr\/wp-content\/uploads\/2019\/11\/siege-auto-besafe-izi-twist-i-size-300x300.jpg 300w, https:\/\/www.monsiegeautobebe.fr\/wp-content\/uploads\/2019\/11\/siege-auto-besafe-izi-twist-i-size-336x336.jpg 336w, https:\/\/www.monsiegeautobebe.fr\/wp-content\/uploads\/2019\/11\/siege-auto-besafe-izi-twist-i-size-600x600.jpg 600w, https:\/\/www.monsiegeautobebe.fr\/wp-content\/uploads\/2019\/11\/siege-auto-besafe-izi-twist-i-size-768x768.jpg 768w, https:\/\/www.monsiegeautobebe.fr\/wp-content\/uploads\/2019\/11\/siege-auto-besafe-izi-twist-i-size.jpg 1000w\" sizes=\"(max-width: 70px) 100vw, 70px\" \/>BeSafe<br \/>\niZi Twist i-Size<\/a><\/center><\/td><td class=\"column-2\">i-Size (R129)<\/td><td class=\"column-3\">61 - 105 cm (max. 18 kg)<\/td><td class=\"column-4\"><center><img loading=\"lazy\" decoding=\"async\" src=\"https:\/\/monsiegeautobebe.fr\/wp-content\/uploads\/2019\/03\/icon-no.png\" alt=\"\" width=\"16\" height=\"16\" class=\"aligncenter size-full wp-image-693\" \/><\/center><\/td><td class=\"column-5\"><center><img loading=\"lazy\" decoding=\"async\" src=\"https:\/\/monsiegeautobebe.fr\/wp-content\/uploads\/2019\/03\/icon-yes.png\" alt=\"\" width=\"16\" height=\"16\" class=\"aligncenter size-full wp-image-693\" \/><\/center><\/td><td class=\"column-6\"><center><img loading=\"lazy\" decoding=\"async\" src=\"https:\/\/monsiegeautobebe.fr\/wp-content\/uploads\/2019\/03\/icon-no.png\" alt=\"\" width=\"16\" height=\"16\" class=\"aligncenter size-full wp-image-693\" \/><\/center><\/td><td class=\"column-7\">ISOFIX med stag<\/td><td class=\"column-8\">Fler tester<\/td><td class=\"column-9\"><\/td>\n<\/tr>\n<tr class=\"row-7\">\n\t<td class=\"column-1\"><center><a href=\"https:\/\/monsiegeautobebe.fr\/wp-content\/uploads\/2019\/11\/siege-auto-besafe-izi-twist-b-i-size.jpg\"><img loading=\"lazy\" decoding=\"async\" src=\"https:\/\/monsiegeautobebe.fr\/wp-content\/uploads\/2019\/11\/siege-auto-besafe-izi-twist-b-i-size-150x150.jpg\" alt=\"BeSafe iZi Twist B i-Size bilbarnstol\" width=\"70\" height=\"70\" class=\"aligncenter size-thumbnail wp-image-1806\" srcset=\"https:\/\/www.monsiegeautobebe.fr\/wp-content\/uploads\/2019\/11\/siege-auto-besafe-izi-twist-b-i-size-150x150.jpg 150w, https:\/\/www.monsiegeautobebe.fr\/wp-content\/uploads\/2019\/11\/siege-auto-besafe-izi-twist-b-i-size-300x300.jpg 300w, https:\/\/www.monsiegeautobebe.fr\/wp-content\/uploads\/2019\/11\/siege-auto-besafe-izi-twist-b-i-size-336x336.jpg 336w, https:\/\/www.monsiegeautobebe.fr\/wp-content\/uploads\/2019\/11\/siege-auto-besafe-izi-twist-b-i-size-600x600.jpg 600w, https:\/\/www.monsiegeautobebe.fr\/wp-content\/uploads\/2019\/11\/siege-auto-besafe-izi-twist-b-i-size-768x768.jpg 768w, https:\/\/www.monsiegeautobebe.fr\/wp-content\/uploads\/2019\/11\/siege-auto-besafe-izi-twist-b-i-size.jpg 1000w\" sizes=\"(max-width: 70px) 100vw, 70px\" \/>BeSafe<br \/>\niZi Twist B i-Size<\/a><\/center><\/td><td class=\"column-2\">i-Size (R129)<\/td><td class=\"column-3\">40 - 105 cm (max. 18 kg)<\/td><td class=\"column-4\"><center><img loading=\"lazy\" decoding=\"async\" src=\"https:\/\/monsiegeautobebe.fr\/wp-content\/uploads\/2019\/03\/icon-yes.png\" alt=\"\" width=\"16\" height=\"16\" class=\"aligncenter size-full wp-image-693\" \/><\/center><\/td><td class=\"column-5\"><center><img loading=\"lazy\" decoding=\"async\" src=\"https:\/\/monsiegeautobebe.fr\/wp-content\/uploads\/2019\/03\/icon-yes.png\" alt=\"\" width=\"16\" height=\"16\" class=\"aligncenter size-full wp-image-693\" \/><\/center><\/td><td class=\"column-6\"><center><img loading=\"lazy\" decoding=\"async\" src=\"https:\/\/monsiegeautobebe.fr\/wp-content\/uploads\/2019\/03\/icon-no.png\" alt=\"\" width=\"16\" height=\"16\" class=\"aligncenter size-full wp-image-693\" \/><\/center><\/td><td class=\"column-7\">ISOFIX med stag<\/td><td class=\"column-8\">Fler tester<\/td><td class=\"column-9\"><\/td>\n<\/tr>\n<tr class=\"row-8\">\n\t<td class=\"column-1\"><center><a href=\"https:\/\/monsiegeautobebe.fr\/wp-content\/uploads\/2020\/07\/siege-auto-britax-romer-dualfix-2r-i-size-adac.jpg\"><img loading=\"lazy\" decoding=\"async\" src=\"https:\/\/monsiegeautobebe.fr\/wp-content\/uploads\/2020\/07\/siege-auto-britax-romer-dualfix-2r-i-size-adac-150x150.jpg\" alt=\"Britax Dualfix 2 R bilbarnstol\" width=\"70\" height=\"70\" class=\"aligncenter size-thumbnail wp-image-3184\" srcset=\"https:\/\/www.monsiegeautobebe.fr\/wp-content\/uploads\/2020\/07\/siege-auto-britax-romer-dualfix-2r-i-size-adac-150x150.jpg 150w, https:\/\/www.monsiegeautobebe.fr\/wp-content\/uploads\/2020\/07\/siege-auto-britax-romer-dualfix-2r-i-size-adac-300x300.jpg 300w, https:\/\/www.monsiegeautobebe.fr\/wp-content\/uploads\/2020\/07\/siege-auto-britax-romer-dualfix-2r-i-size-adac-336x336.jpg 336w, https:\/\/www.monsiegeautobebe.fr\/wp-content\/uploads\/2020\/07\/siege-auto-britax-romer-dualfix-2r-i-size-adac-600x600.jpg 600w, https:\/\/www.monsiegeautobebe.fr\/wp-content\/uploads\/2020\/07\/siege-auto-britax-romer-dualfix-2r-i-size-adac-768x768.jpg 768w, https:\/\/www.monsiegeautobebe.fr\/wp-content\/uploads\/2020\/07\/siege-auto-britax-romer-dualfix-2r-i-size-adac.jpg 1000w\" sizes=\"(max-width: 70px) 100vw, 70px\" \/>Britax R\u00f6mer<br \/>\nDualfix 2 R<\/a><\/center><\/td><td class=\"column-2\">R44\/04<\/td><td class=\"column-3\">Grupp 0+\/1 <br \/>\n0 - 18 kg<\/td><td class=\"column-4\"><center><img loading=\"lazy\" decoding=\"async\" src=\"https:\/\/monsiegeautobebe.fr\/wp-content\/uploads\/2019\/03\/icon-no.png\" alt=\"\" width=\"16\" height=\"16\" class=\"aligncenter size-full wp-image-693\" \/><\/td><td class=\"column-5\"><center><img loading=\"lazy\" decoding=\"async\" src=\"https:\/\/monsiegeautobebe.fr\/wp-content\/uploads\/2019\/03\/icon-yes.png\" alt=\"\" width=\"16\" height=\"16\" class=\"aligncenter size-full wp-image-693\" \/><\/center><\/td><td class=\"column-6\"><center><img loading=\"lazy\" decoding=\"async\" src=\"https:\/\/monsiegeautobebe.fr\/wp-content\/uploads\/2019\/03\/icon-yes.png\" alt=\"\" width=\"16\" height=\"16\" class=\"aligncenter size-full wp-image-693\" \/><\/center><\/td><td class=\"column-7\">ISOFIX med stag<\/td><td class=\"column-8\">Bra (2.4)<\/td><td class=\"column-9\"><\/td>\n<\/tr>\n<tr class=\"row-9\">\n\t<td class=\"column-1\"><center><a href=\"https:\/\/monsiegeautobebe.fr\/wp-content\/uploads\/2019\/10\/siege-auto-britax-romer-dualfix-i-size.jpg\"><img loading=\"lazy\" decoding=\"async\" src=\"https:\/\/monsiegeautobebe.fr\/wp-content\/uploads\/2019\/10\/siege-auto-britax-romer-dualfix-i-size-150x150.jpg\" alt=\"Britax R\u00f6mer Dualfix i-Size\" width=\"70\" height=\"70\" class=\"aligncenter size-thumbnail wp-image-1708\" srcset=\"https:\/\/www.monsiegeautobebe.fr\/wp-content\/uploads\/2019\/10\/siege-auto-britax-romer-dualfix-i-size-150x150.jpg 150w, https:\/\/www.monsiegeautobebe.fr\/wp-content\/uploads\/2019\/10\/siege-auto-britax-romer-dualfix-i-size-300x300.jpg 300w, https:\/\/www.monsiegeautobebe.fr\/wp-content\/uploads\/2019\/10\/siege-auto-britax-romer-dualfix-i-size-336x336.jpg 336w, https:\/\/www.monsiegeautobebe.fr\/wp-content\/uploads\/2019\/10\/siege-auto-britax-romer-dualfix-i-size-600x600.jpg 600w, https:\/\/www.monsiegeautobebe.fr\/wp-content\/uploads\/2019\/10\/siege-auto-britax-romer-dualfix-i-size-768x768.jpg 768w, https:\/\/www.monsiegeautobebe.fr\/wp-content\/uploads\/2019\/10\/siege-auto-britax-romer-dualfix-i-size.jpg 1000w\" sizes=\"(max-width: 70px) 100vw, 70px\" \/>Britax R\u00f6mer<br \/>\nDualfix i-Size<\/a><\/center><\/td><td class=\"column-2\">i-Size (R129)<\/td><td class=\"column-3\">40 - 105 cm (max. 18 kg)<\/td><td class=\"column-4\"><center><img loading=\"lazy\" decoding=\"async\" src=\"https:\/\/monsiegeautobebe.fr\/wp-content\/uploads\/2019\/03\/icon-yes.png\" alt=\"\" width=\"16\" height=\"16\" class=\"aligncenter size-full wp-image-693\" \/><\/center><\/td><td class=\"column-5\"><center><img loading=\"lazy\" decoding=\"async\" src=\"https:\/\/monsiegeautobebe.fr\/wp-content\/uploads\/2019\/03\/icon-yes.png\" alt=\"\" width=\"16\" height=\"16\" class=\"aligncenter size-full wp-image-693\" \/><\/center><\/td><td class=\"column-6\"><center><img loading=\"lazy\" decoding=\"async\" src=\"https:\/\/monsiegeautobebe.fr\/wp-content\/uploads\/2019\/03\/icon-yes.png\" alt=\"\" width=\"16\" height=\"16\" class=\"aligncenter size-full wp-image-693\" \/><\/center><\/td><td class=\"column-7\">ISOFIX med stag<\/td><td class=\"column-8\">Bra (2.1)<\/td><td class=\"column-9\"><\/td>\n<\/tr>\n<tr class=\"row-10\">\n\t<td class=\"column-1\"><center><a href=\"https:\/\/monsiegeautobebe.fr\/wp-content\/uploads\/2019\/10\/siege-auto-britax-romer-dualfix-m-i-size.jpg\"><img loading=\"lazy\" decoding=\"async\" src=\"https:\/\/monsiegeautobebe.fr\/wp-content\/uploads\/2019\/10\/siege-auto-britax-romer-dualfix-m-i-size-150x150.jpg\" alt=\"Britax R\u00f6mer Dualfix M i-Size bilbarnstol\" width=\"70\" height=\"70\" class=\"aligncenter size-thumbnail wp-image-1709\" srcset=\"https:\/\/www.monsiegeautobebe.fr\/wp-content\/uploads\/2019\/10\/siege-auto-britax-romer-dualfix-m-i-size-150x150.jpg 150w, https:\/\/www.monsiegeautobebe.fr\/wp-content\/uploads\/2019\/10\/siege-auto-britax-romer-dualfix-m-i-size-300x300.jpg 300w, https:\/\/www.monsiegeautobebe.fr\/wp-content\/uploads\/2019\/10\/siege-auto-britax-romer-dualfix-m-i-size-336x336.jpg 336w, https:\/\/www.monsiegeautobebe.fr\/wp-content\/uploads\/2019\/10\/siege-auto-britax-romer-dualfix-m-i-size-600x600.jpg 600w, https:\/\/www.monsiegeautobebe.fr\/wp-content\/uploads\/2019\/10\/siege-auto-britax-romer-dualfix-m-i-size-768x768.jpg 768w, https:\/\/www.monsiegeautobebe.fr\/wp-content\/uploads\/2019\/10\/siege-auto-britax-romer-dualfix-m-i-size.jpg 1000w\" sizes=\"(max-width: 70px) 100vw, 70px\" \/>Britax R\u00f6mer<br \/>\nDualfix M i-Size<\/a><\/center><\/td><td class=\"column-2\">i-Size (R129)<\/td><td class=\"column-3\">61 - 105 cm (max. 18 kg)<\/td><td class=\"column-4\"><center><img loading=\"lazy\" decoding=\"async\" src=\"https:\/\/monsiegeautobebe.fr\/wp-content\/uploads\/2019\/03\/icon-no.png\" alt=\"\" width=\"16\" height=\"16\" class=\"aligncenter size-full wp-image-693\" \/><\/center><\/td><td class=\"column-5\"><center><img loading=\"lazy\" decoding=\"async\" src=\"https:\/\/monsiegeautobebe.fr\/wp-content\/uploads\/2019\/03\/icon-yes.png\" alt=\"\" width=\"16\" height=\"16\" class=\"aligncenter size-full wp-image-693\" \/><\/center><\/td><td class=\"column-6\"><center><img loading=\"lazy\" decoding=\"async\" src=\"https:\/\/monsiegeautobebe.fr\/wp-content\/uploads\/2019\/03\/icon-yes.png\" alt=\"\" width=\"16\" height=\"16\" class=\"aligncenter size-full wp-image-693\" \/><\/center><\/td><td class=\"column-7\">ISOFIX med stag<\/td><td class=\"column-8\">Bra (2.1)<\/td><td class=\"column-9\"><\/td>\n<\/tr>\n<tr class=\"row-11\">\n\t<td class=\"column-1\">Britax Dualfix 3 i-Size<\/td><td class=\"column-2\">i-Size (R129)<\/td><td class=\"column-3\">61 - 105 cm (max. 18 kg)<\/td><td class=\"column-4\"><center><img loading=\"lazy\" decoding=\"async\" src=\"https:\/\/monsiegeautobebe.fr\/wp-content\/uploads\/2019\/03\/icon-no.png\" alt=\"\" width=\"16\" height=\"16\" class=\"aligncenter size-full wp-image-693\" \/><\/center><\/td><td class=\"column-5\"><center><img loading=\"lazy\" decoding=\"async\" src=\"https:\/\/monsiegeautobebe.fr\/wp-content\/uploads\/2019\/03\/icon-yes.png\" alt=\"\" width=\"16\" height=\"16\" class=\"aligncenter size-full wp-image-693\" \/><\/center><\/td><td class=\"column-6\"><center><img loading=\"lazy\" decoding=\"async\" src=\"https:\/\/monsiegeautobebe.fr\/wp-content\/uploads\/2019\/03\/icon-yes.png\" alt=\"\" width=\"16\" height=\"16\" class=\"aligncenter size-full wp-image-693\" \/><\/center><\/td><td class=\"column-7\">Flex Base iSense med fj\u00e4derben<\/td><td class=\"column-8\">Bra (2.4)<\/td><td class=\"column-9\"><\/td>\n<\/tr>\n<tr class=\"row-12\">\n\t<td class=\"column-1\">Britax Dualfix iSense<\/td><td class=\"column-2\">i-Size (R129)<\/td><td class=\"column-3\">61 - 105 cm (max. 18 kg)<\/td><td class=\"column-4\"><center><img loading=\"lazy\" decoding=\"async\" src=\"https:\/\/monsiegeautobebe.fr\/wp-content\/uploads\/2019\/03\/icon-no.png\" alt=\"\" width=\"16\" height=\"16\" class=\"aligncenter size-full wp-image-693\" \/><\/center><\/td><td class=\"column-5\"><center><img loading=\"lazy\" decoding=\"async\" src=\"https:\/\/monsiegeautobebe.fr\/wp-content\/uploads\/2019\/03\/icon-yes.png\" alt=\"\" width=\"16\" height=\"16\" class=\"aligncenter size-full wp-image-693\" \/><\/center><\/td><td class=\"column-6\"><center><img loading=\"lazy\" decoding=\"async\" src=\"https:\/\/monsiegeautobebe.fr\/wp-content\/uploads\/2019\/03\/icon-yes.png\" alt=\"\" width=\"16\" height=\"16\" class=\"aligncenter size-full wp-image-693\" \/><\/center><\/td><td class=\"column-7\">Flex Base iSense med fj\u00e4derben<\/td><td class=\"column-8\">Bra (2.4)<\/td><td class=\"column-9\"><\/td>\n<\/tr>\n<tr class=\"row-13\">\n\t<td class=\"column-1\"><center><a href=\"https:\/\/monsiegeautobebe.fr\/wp-content\/uploads\/2019\/10\/siege-auto-britax-romer-swingfix-i-size.jpg\"><img loading=\"lazy\" decoding=\"async\" src=\"https:\/\/monsiegeautobebe.fr\/wp-content\/uploads\/2019\/10\/siege-auto-britax-romer-swingfix-i-size-150x150.jpg\" alt=\"Britax R\u00f6mer Swingfix i-Size bilbarnstol\" width=\"70\" height=\"70\" class=\"aligncenter size-thumbnail wp-image-1710\" srcset=\"https:\/\/www.monsiegeautobebe.fr\/wp-content\/uploads\/2019\/10\/siege-auto-britax-romer-swingfix-i-size-150x150.jpg 150w, https:\/\/www.monsiegeautobebe.fr\/wp-content\/uploads\/2019\/10\/siege-auto-britax-romer-swingfix-i-size-300x300.jpg 300w, https:\/\/www.monsiegeautobebe.fr\/wp-content\/uploads\/2019\/10\/siege-auto-britax-romer-swingfix-i-size-336x336.jpg 336w, https:\/\/www.monsiegeautobebe.fr\/wp-content\/uploads\/2019\/10\/siege-auto-britax-romer-swingfix-i-size-600x600.jpg 600w, https:\/\/www.monsiegeautobebe.fr\/wp-content\/uploads\/2019\/10\/siege-auto-britax-romer-swingfix-i-size-768x768.jpg 768w, https:\/\/www.monsiegeautobebe.fr\/wp-content\/uploads\/2019\/10\/siege-auto-britax-romer-swingfix-i-size.jpg 1000w\" sizes=\"(max-width: 70px) 100vw, 70px\" \/>Britax R\u00f6mer<br \/>\nSwingfix i-Size<\/a><\/center><\/td><td class=\"column-2\">i-Size (R129)<\/td><td class=\"column-3\">40 - 105 cm (max. 18 kg)<\/td><td class=\"column-4\"><center><img loading=\"lazy\" decoding=\"async\" src=\"https:\/\/monsiegeautobebe.fr\/wp-content\/uploads\/2019\/03\/icon-yes.png\" alt=\"\" width=\"16\" height=\"16\" class=\"aligncenter size-full wp-image-693\" \/><\/center><\/td><td class=\"column-5\"><center><img loading=\"lazy\" decoding=\"async\" src=\"https:\/\/monsiegeautobebe.fr\/wp-content\/uploads\/2019\/03\/icon-yes.png\" alt=\"\" width=\"16\" height=\"16\" class=\"aligncenter size-full wp-image-693\" \/><\/center><\/td><td class=\"column-6\"><center><img loading=\"lazy\" decoding=\"async\" src=\"https:\/\/monsiegeautobebe.fr\/wp-content\/uploads\/2019\/03\/icon-no.png\" alt=\"\" width=\"16\" height=\"16\" class=\"aligncenter size-full wp-image-693\" \/><\/center><\/td><td class=\"column-7\">ISOFIX med stag<\/td><td class=\"column-8\">Bra (1.7)<br \/>\nFler tester<\/td><td class=\"column-9\"><\/td>\n<\/tr>\n<tr class=\"row-14\">\n\t<td class=\"column-1\"><center><a href=\"https:\/\/monsiegeautobebe.fr\/wp-content\/uploads\/2019\/10\/siege-auto-britax-romer-swingfix-m-i-size.jpg\"><img loading=\"lazy\" decoding=\"async\" src=\"https:\/\/monsiegeautobebe.fr\/wp-content\/uploads\/2019\/10\/siege-auto-britax-romer-swingfix-m-i-size-150x150.jpg\" alt=\"Britax R\u00f6mer Swingfix M i-Size bilbarnstol\" width=\"70\" height=\"70\" class=\"aligncenter size-thumbnail wp-image-1711\" srcset=\"https:\/\/www.monsiegeautobebe.fr\/wp-content\/uploads\/2019\/10\/siege-auto-britax-romer-swingfix-m-i-size-150x150.jpg 150w, https:\/\/www.monsiegeautobebe.fr\/wp-content\/uploads\/2019\/10\/siege-auto-britax-romer-swingfix-m-i-size-300x300.jpg 300w, https:\/\/www.monsiegeautobebe.fr\/wp-content\/uploads\/2019\/10\/siege-auto-britax-romer-swingfix-m-i-size-336x336.jpg 336w, https:\/\/www.monsiegeautobebe.fr\/wp-content\/uploads\/2019\/10\/siege-auto-britax-romer-swingfix-m-i-size-600x600.jpg 600w, https:\/\/www.monsiegeautobebe.fr\/wp-content\/uploads\/2019\/10\/siege-auto-britax-romer-swingfix-m-i-size-768x768.jpg 768w, https:\/\/www.monsiegeautobebe.fr\/wp-content\/uploads\/2019\/10\/siege-auto-britax-romer-swingfix-m-i-size.jpg 1000w\" sizes=\"(max-width: 70px) 100vw, 70px\" \/>Britax R\u00f6mer<br \/>\nSwingfix M i-Size<\/a><\/center><\/td><td class=\"column-2\">i-Size (R129)<\/td><td class=\"column-3\">61 - 105 cm (max. 18 kg)<\/td><td class=\"column-4\"><center><img loading=\"lazy\" decoding=\"async\" src=\"https:\/\/monsiegeautobebe.fr\/wp-content\/uploads\/2019\/03\/icon-no.png\" alt=\"\" width=\"16\" height=\"16\" class=\"aligncenter size-full wp-image-693\" \/><\/center><\/td><td class=\"column-5\"><center><img loading=\"lazy\" decoding=\"async\" src=\"https:\/\/monsiegeautobebe.fr\/wp-content\/uploads\/2019\/03\/icon-yes.png\" alt=\"\" width=\"16\" height=\"16\" class=\"aligncenter size-full wp-image-693\" \/><\/center><\/td><td class=\"column-6\"><center><img loading=\"lazy\" decoding=\"async\" src=\"https:\/\/monsiegeautobebe.fr\/wp-content\/uploads\/2019\/03\/icon-no.png\" alt=\"\" width=\"16\" height=\"16\" class=\"aligncenter size-full wp-image-693\" \/><\/center><\/td><td class=\"column-7\">ISOFIX med stag<\/td><td class=\"column-8\">Bra (1.7)<br \/>\nFler tester<\/td><td class=\"column-9\"><\/td>\n<\/tr>\n<tr class=\"row-15\">\n\t<td class=\"column-1\"><center><a href=\"https:\/\/monsiegeautobebe.fr\/wp-content\/uploads\/2019\/10\/cosi-cybex-cloud-z-i-size-adac.jpg\"><img loading=\"lazy\" decoding=\"async\" src=\"https:\/\/monsiegeautobebe.fr\/wp-content\/uploads\/2019\/10\/cosi-cybex-cloud-z-i-size-adac-150x150.jpg\" alt=\"Cosi Cybex Cloud Z i-Size\" width=\"80\" height=\"80\" class=\"aligncenter size-thumbnail wp-image-1499\" srcset=\"https:\/\/www.monsiegeautobebe.fr\/wp-content\/uploads\/2019\/10\/cosi-cybex-cloud-z-i-size-adac-150x150.jpg 150w, https:\/\/www.monsiegeautobebe.fr\/wp-content\/uploads\/2019\/10\/cosi-cybex-cloud-z-i-size-adac-300x300.jpg 300w, https:\/\/www.monsiegeautobebe.fr\/wp-content\/uploads\/2019\/10\/cosi-cybex-cloud-z-i-size-adac-336x336.jpg 336w, https:\/\/www.monsiegeautobebe.fr\/wp-content\/uploads\/2019\/10\/cosi-cybex-cloud-z-i-size-adac-600x600.jpg 600w, https:\/\/www.monsiegeautobebe.fr\/wp-content\/uploads\/2019\/10\/cosi-cybex-cloud-z-i-size-adac-768x768.jpg 768w, https:\/\/www.monsiegeautobebe.fr\/wp-content\/uploads\/2019\/10\/cosi-cybex-cloud-z-i-size-adac.jpg 1000w\" sizes=\"(max-width: 80px) 100vw, 80px\" \/>Cybex<br \/>\nMoln Z i-Size<\/a><\/center><\/td><td class=\"column-2\">i-Size (R129)<\/td><td class=\"column-3\">45 - 87 cm (max. 13 kg)<\/td><td class=\"column-4\"><center><img loading=\"lazy\" decoding=\"async\" src=\"https:\/\/monsiegeautobebe.fr\/wp-content\/uploads\/2019\/03\/icon-yes.png\" alt=\"\" width=\"16\" height=\"16\" class=\"aligncenter size-full wp-image-693\" \/><\/center><\/td><td class=\"column-5\"><center><img loading=\"lazy\" decoding=\"async\" src=\"https:\/\/monsiegeautobebe.fr\/wp-content\/uploads\/2019\/03\/icon-yes.png\" alt=\"\" width=\"16\" height=\"16\" class=\"aligncenter size-full wp-image-693\" \/><\/center><\/td><td class=\"column-6\"><center><img loading=\"lazy\" decoding=\"async\" src=\"https:\/\/monsiegeautobebe.fr\/wp-content\/uploads\/2019\/03\/icon-no.png\" alt=\"\" width=\"16\" height=\"16\" class=\"aligncenter size-full wp-image-693\" \/><\/center><\/td><td class=\"column-7\">B\u00e4lte eller <a href=\"https:\/\/action.metaffiliation.com\/trk.php?mclic=P4F2915719951B1&amp;redir=https%3A%2F%2Fwww.autourdebebe.com%2Fp%2Fcybexbasez%2Fbase-z-cybex\" rel=\"noopener nofollow noreferrer\" target=\"_blank\">Bas Z<\/a><\/td><td class=\"column-8\">Bra (1.7)<br \/>\nBra (1.8) med bas Z<\/td><td class=\"column-9\"><\/td>\n<\/tr>\n<tr class=\"row-16\">\n\t<td class=\"column-1\"><center><a href=\"https:\/\/monsiegeautobebe.fr\/wp-content\/uploads\/2019\/11\/siege-auto-cybex-sirona.jpg\"><img loading=\"lazy\" decoding=\"async\" src=\"https:\/\/monsiegeautobebe.fr\/wp-content\/uploads\/2019\/11\/siege-auto-cybex-sirona-150x150.jpg\" alt=\"Cybex Sirona bilbarnstol\" width=\"70\" height=\"70\" class=\"aligncenter size-thumbnail wp-image-1811\" srcset=\"https:\/\/www.monsiegeautobebe.fr\/wp-content\/uploads\/2019\/11\/siege-auto-cybex-sirona-150x150.jpg 150w, https:\/\/www.monsiegeautobebe.fr\/wp-content\/uploads\/2019\/11\/siege-auto-cybex-sirona-300x300.jpg 300w, https:\/\/www.monsiegeautobebe.fr\/wp-content\/uploads\/2019\/11\/siege-auto-cybex-sirona-336x336.jpg 336w, https:\/\/www.monsiegeautobebe.fr\/wp-content\/uploads\/2019\/11\/siege-auto-cybex-sirona-600x600.jpg 600w, https:\/\/www.monsiegeautobebe.fr\/wp-content\/uploads\/2019\/11\/siege-auto-cybex-sirona-768x768.jpg 768w, https:\/\/www.monsiegeautobebe.fr\/wp-content\/uploads\/2019\/11\/siege-auto-cybex-sirona.jpg 1000w\" sizes=\"(max-width: 70px) 100vw, 70px\" \/>Cybex<br \/>\nSirona<\/a><\/center><\/td><td class=\"column-2\">R44\/04<\/td><td class=\"column-3\">Grupp 0+\/1 <br \/>\n0 - 18 kg<\/td><td class=\"column-4\"><center><img loading=\"lazy\" decoding=\"async\" src=\"https:\/\/monsiegeautobebe.fr\/wp-content\/uploads\/2019\/03\/icon-yes.png\" alt=\"\" width=\"16\" height=\"16\" class=\"aligncenter size-full wp-image-693\" \/><\/center><\/td><td class=\"column-5\"><center><img loading=\"lazy\" decoding=\"async\" src=\"https:\/\/monsiegeautobebe.fr\/wp-content\/uploads\/2019\/03\/icon-yes.png\" alt=\"\" width=\"16\" height=\"16\" class=\"aligncenter size-full wp-image-693\" \/><\/center><\/td><td class=\"column-6\"><center><img loading=\"lazy\" decoding=\"async\" src=\"https:\/\/monsiegeautobebe.fr\/wp-content\/uploads\/2019\/03\/icon-yes.png\" alt=\"\" width=\"16\" height=\"16\" class=\"aligncenter size-full wp-image-693\" \/><\/center><\/td><td class=\"column-7\">ISOFIX med stag<\/td><td class=\"column-8\">Bra (1.8)<\/td><td class=\"column-9\">Ersatt av Cybex Sirona S i-Size<\/td>\n<\/tr>\n<tr class=\"row-17\">\n\t<td class=\"column-1\"><center><a href=\"https:\/\/monsiegeautobebe.fr\/wp-content\/uploads\/2019\/10\/siege-auto-cybex-sirona-s-i-size-1.jpg\"><img loading=\"lazy\" decoding=\"async\" src=\"https:\/\/monsiegeautobebe.fr\/wp-content\/uploads\/2019\/10\/siege-auto-cybex-sirona-s-i-size-1-150x150.jpg\" alt=\"Cybex Sirona S i-Size bilbarnstol\" width=\"70\" height=\"70\" class=\"aligncenter size-thumbnail wp-image-1715\" srcset=\"https:\/\/www.monsiegeautobebe.fr\/wp-content\/uploads\/2019\/10\/siege-auto-cybex-sirona-s-i-size-1-150x150.jpg 150w, https:\/\/www.monsiegeautobebe.fr\/wp-content\/uploads\/2019\/10\/siege-auto-cybex-sirona-s-i-size-1-300x300.jpg 300w, https:\/\/www.monsiegeautobebe.fr\/wp-content\/uploads\/2019\/10\/siege-auto-cybex-sirona-s-i-size-1-336x336.jpg 336w, https:\/\/www.monsiegeautobebe.fr\/wp-content\/uploads\/2019\/10\/siege-auto-cybex-sirona-s-i-size-1-600x600.jpg 600w, https:\/\/www.monsiegeautobebe.fr\/wp-content\/uploads\/2019\/10\/siege-auto-cybex-sirona-s-i-size-1-768x768.jpg 768w, https:\/\/www.monsiegeautobebe.fr\/wp-content\/uploads\/2019\/10\/siege-auto-cybex-sirona-s-i-size-1.jpg 1000w\" sizes=\"(max-width: 70px) 100vw, 70px\" \/>Cybex<br \/>\nSirona S i-Size<\/a><\/center><\/td><td class=\"column-2\">i-Size (R129)<\/td><td class=\"column-3\">45 - 105 cm (max. 18 kg)<\/td><td class=\"column-4\"><center><img loading=\"lazy\" decoding=\"async\" src=\"https:\/\/monsiegeautobebe.fr\/wp-content\/uploads\/2019\/03\/icon-yes.png\" alt=\"\" width=\"16\" height=\"16\" class=\"aligncenter size-full wp-image-693\" \/><\/center><\/td><td class=\"column-5\"><center><img loading=\"lazy\" decoding=\"async\" src=\"https:\/\/monsiegeautobebe.fr\/wp-content\/uploads\/2019\/03\/icon-yes.png\" alt=\"\" width=\"16\" height=\"16\" class=\"aligncenter size-full wp-image-693\" \/><\/center><\/td><td class=\"column-6\"><center><img loading=\"lazy\" decoding=\"async\" src=\"https:\/\/monsiegeautobebe.fr\/wp-content\/uploads\/2019\/03\/icon-yes.png\" alt=\"\" width=\"16\" height=\"16\" class=\"aligncenter size-full wp-image-693\" \/><\/center><\/td><td class=\"column-7\">ISOFIX med stag<\/td><td class=\"column-8\">Bra (2.3)<\/td><td class=\"column-9\"><\/td>\n<\/tr>\n<tr class=\"row-18\">\n\t<td class=\"column-1\"><center><a href=\"https:\/\/monsiegeautobebe.fr\/wp-content\/uploads\/2019\/10\/siege-auto-cybex-sirona-z-i-size-2.jpg\"><img loading=\"lazy\" decoding=\"async\" src=\"https:\/\/monsiegeautobebe.fr\/wp-content\/uploads\/2019\/10\/siege-auto-cybex-sirona-z-i-size-2-150x150.jpg\" alt=\"Cybex Sirona Z i-Size bilbarnstol\" width=\"70\" height=\"70\" class=\"aligncenter size-thumbnail wp-image-1716\" srcset=\"https:\/\/www.monsiegeautobebe.fr\/wp-content\/uploads\/2019\/10\/siege-auto-cybex-sirona-z-i-size-2-150x150.jpg 150w, https:\/\/www.monsiegeautobebe.fr\/wp-content\/uploads\/2019\/10\/siege-auto-cybex-sirona-z-i-size-2-300x300.jpg 300w, https:\/\/www.monsiegeautobebe.fr\/wp-content\/uploads\/2019\/10\/siege-auto-cybex-sirona-z-i-size-2-336x336.jpg 336w, https:\/\/www.monsiegeautobebe.fr\/wp-content\/uploads\/2019\/10\/siege-auto-cybex-sirona-z-i-size-2-600x600.jpg 600w, https:\/\/www.monsiegeautobebe.fr\/wp-content\/uploads\/2019\/10\/siege-auto-cybex-sirona-z-i-size-2-768x768.jpg 768w, https:\/\/www.monsiegeautobebe.fr\/wp-content\/uploads\/2019\/10\/siege-auto-cybex-sirona-z-i-size-2.jpg 1000w\" sizes=\"(max-width: 70px) 100vw, 70px\" \/>Cybex<br \/>\nSirona Z i-Size<\/a><\/center><\/td><td class=\"column-2\">i-Size (R129)<\/td><td class=\"column-3\">45 - 105 cm (max. 18 kg)<\/td><td class=\"column-4\"><center><img loading=\"lazy\" decoding=\"async\" src=\"https:\/\/monsiegeautobebe.fr\/wp-content\/uploads\/2019\/03\/icon-yes.png\" alt=\"\" width=\"16\" height=\"16\" class=\"aligncenter size-full wp-image-693\" \/><\/center><\/td><td class=\"column-5\"><center><img loading=\"lazy\" decoding=\"async\" src=\"https:\/\/monsiegeautobebe.fr\/wp-content\/uploads\/2019\/03\/icon-yes.png\" alt=\"\" width=\"16\" height=\"16\" class=\"aligncenter size-full wp-image-693\" \/><\/center><\/td><td class=\"column-6\"><center><img loading=\"lazy\" decoding=\"async\" src=\"https:\/\/monsiegeautobebe.fr\/wp-content\/uploads\/2019\/03\/icon-yes.png\" alt=\"\" width=\"16\" height=\"16\" class=\"aligncenter size-full wp-image-693\" \/><\/center><\/td><td class=\"column-7\"><a href=\"https:\/\/action.metaffiliation.com\/trk.php?mclic=P4F2915719951B1&amp;redir=https%3A%2F%2Fwww.autourdebebe.com%2Fp%2Fcybexbasez%2Fbase-z-cybex\" rel=\"noopener nofollow noreferrer\" target=\"_blank\">Bas Z<\/a> med fj\u00e4derben<\/td><td class=\"column-8\">Bra (2.1)<\/td><td class=\"column-9\"><\/td>\n<\/tr>\n<tr class=\"row-19\">\n\t<td class=\"column-1\"><center><a href=\"https:\/\/monsiegeautobebe.fr\/wp-content\/uploads\/2019\/10\/siege-auto-cybex-sirona-z-r-i-size.jpg\"><img loading=\"lazy\" decoding=\"async\" src=\"https:\/\/monsiegeautobebe.fr\/wp-content\/uploads\/2019\/10\/siege-auto-cybex-sirona-z-r-i-size-150x150.jpg\" alt=\"Cybex Sirona Z R i-Size bilbarnstol\" width=\"70\" height=\"70\" class=\"aligncenter size-thumbnail wp-image-1717\" srcset=\"https:\/\/www.monsiegeautobebe.fr\/wp-content\/uploads\/2019\/10\/siege-auto-cybex-sirona-z-r-i-size-150x150.jpg 150w, https:\/\/www.monsiegeautobebe.fr\/wp-content\/uploads\/2019\/10\/siege-auto-cybex-sirona-z-r-i-size-300x300.jpg 300w, https:\/\/www.monsiegeautobebe.fr\/wp-content\/uploads\/2019\/10\/siege-auto-cybex-sirona-z-r-i-size-336x336.jpg 336w, https:\/\/www.monsiegeautobebe.fr\/wp-content\/uploads\/2019\/10\/siege-auto-cybex-sirona-z-r-i-size-600x600.jpg 600w, https:\/\/www.monsiegeautobebe.fr\/wp-content\/uploads\/2019\/10\/siege-auto-cybex-sirona-z-r-i-size-768x768.jpg 768w, https:\/\/www.monsiegeautobebe.fr\/wp-content\/uploads\/2019\/10\/siege-auto-cybex-sirona-z-r-i-size.jpg 1000w\" sizes=\"(max-width: 70px) 100vw, 70px\" \/>Cybex<br \/>\nSirona Z R i-Size<\/a><\/center><\/td><td class=\"column-2\">i-Size (R129)<\/td><td class=\"column-3\">45 - 105 cm (max. 18 kg)<\/td><td class=\"column-4\"><center><img loading=\"lazy\" decoding=\"async\" src=\"https:\/\/monsiegeautobebe.fr\/wp-content\/uploads\/2019\/03\/icon-yes.png\" alt=\"\" width=\"16\" height=\"16\" class=\"aligncenter size-full wp-image-693\" \/><\/center><\/td><td class=\"column-5\"><center><img loading=\"lazy\" decoding=\"async\" src=\"https:\/\/monsiegeautobebe.fr\/wp-content\/uploads\/2019\/03\/icon-yes.png\" alt=\"\" width=\"16\" height=\"16\" class=\"aligncenter size-full wp-image-693\" \/><\/center><\/td><td class=\"column-6\"><center><img loading=\"lazy\" decoding=\"async\" src=\"https:\/\/monsiegeautobebe.fr\/wp-content\/uploads\/2019\/03\/icon-no.png\" alt=\"\" width=\"16\" height=\"16\" class=\"aligncenter size-full wp-image-693\" \/><\/center><\/td><td class=\"column-7\"><a href=\"https:\/\/action.metaffiliation.com\/trk.php?mclic=P4F2915719951B1&amp;redir=https%3A%2F%2Fwww.autourdebebe.com%2Fp%2Fcybexbasez%2Fbase-z-cybex\" rel=\"noopener nofollow noreferrer\" target=\"_blank\">Bas Z<\/a> med fj\u00e4derben<\/td><td class=\"column-8\">Bra (1.9)<br \/>\nBak\u00e5tv\u00e4nd version av Sirona Z i-Size<\/td><td class=\"column-9\"><\/td>\n<\/tr>\n<tr class=\"row-20\">\n\t<td class=\"column-1\"><center><a href=\"https:\/\/monsiegeautobebe.fr\/wp-content\/uploads\/2019\/10\/siege-auto-gb-vaya-i-size-1.jpg\"><img loading=\"lazy\" decoding=\"async\" src=\"https:\/\/monsiegeautobebe.fr\/wp-content\/uploads\/2019\/10\/siege-auto-gb-vaya-i-size-1-150x150.jpg\" alt=\"gb Vaya i-Size bilbarnstol\" width=\"70\" height=\"70\" class=\"aligncenter size-thumbnail wp-image-1756\" srcset=\"https:\/\/www.monsiegeautobebe.fr\/wp-content\/uploads\/2019\/10\/siege-auto-gb-vaya-i-size-1-150x150.jpg 150w, https:\/\/www.monsiegeautobebe.fr\/wp-content\/uploads\/2019\/10\/siege-auto-gb-vaya-i-size-1-300x300.jpg 300w, https:\/\/www.monsiegeautobebe.fr\/wp-content\/uploads\/2019\/10\/siege-auto-gb-vaya-i-size-1-336x336.jpg 336w, https:\/\/www.monsiegeautobebe.fr\/wp-content\/uploads\/2019\/10\/siege-auto-gb-vaya-i-size-1-600x600.jpg 600w, https:\/\/www.monsiegeautobebe.fr\/wp-content\/uploads\/2019\/10\/siege-auto-gb-vaya-i-size-1-768x768.jpg 768w, https:\/\/www.monsiegeautobebe.fr\/wp-content\/uploads\/2019\/10\/siege-auto-gb-vaya-i-size-1.jpg 1000w\" sizes=\"(max-width: 70px) 100vw, 70px\" \/>gb<br \/>\nVaya i-Size<\/a><\/center><\/td><td class=\"column-2\">i-Size (R129)<\/td><td class=\"column-3\">45 - 105 cm (max. 18 kg)\t<\/td><td class=\"column-4\"><center><img loading=\"lazy\" decoding=\"async\" src=\"https:\/\/monsiegeautobebe.fr\/wp-content\/uploads\/2019\/03\/icon-yes.png\" alt=\"\" width=\"16\" height=\"16\" class=\"aligncenter size-full wp-image-693\" \/><\/center><\/td><td class=\"column-5\"><center><img loading=\"lazy\" decoding=\"async\" src=\"https:\/\/monsiegeautobebe.fr\/wp-content\/uploads\/2019\/03\/icon-yes.png\" alt=\"\" width=\"16\" height=\"16\" class=\"aligncenter size-full wp-image-693\" \/><\/center><\/td><td class=\"column-6\"><center><img loading=\"lazy\" decoding=\"async\" src=\"https:\/\/monsiegeautobebe.fr\/wp-content\/uploads\/2019\/03\/icon-yes.png\" alt=\"\" width=\"16\" height=\"16\" class=\"aligncenter size-full wp-image-693\" \/><\/center><\/td><td class=\"column-7\">ISOFIX med stag<\/td><td class=\"column-8\">Bra (2.3)<\/td><td class=\"column-9\">Ersatt av gb Vaya 2<\/td>\n<\/tr>\n<tr class=\"row-21\">\n\t<td class=\"column-1\"><center><a href=\"https:\/\/monsiegeautobebe.fr\/wp-content\/uploads\/2019\/11\/siege-auto-joie-spin-360.jpg\"><img loading=\"lazy\" decoding=\"async\" src=\"https:\/\/monsiegeautobebe.fr\/wp-content\/uploads\/2019\/11\/siege-auto-joie-spin-360-150x150.jpg\" alt=\"Joie Spin 360\u00b0 bilbarnstol\" width=\"70\" height=\"70\" class=\"aligncenter size-thumbnail wp-image-1812\" srcset=\"https:\/\/www.monsiegeautobebe.fr\/wp-content\/uploads\/2019\/11\/siege-auto-joie-spin-360-150x150.jpg 150w, https:\/\/www.monsiegeautobebe.fr\/wp-content\/uploads\/2019\/11\/siege-auto-joie-spin-360-300x300.jpg 300w, https:\/\/www.monsiegeautobebe.fr\/wp-content\/uploads\/2019\/11\/siege-auto-joie-spin-360-336x336.jpg 336w, https:\/\/www.monsiegeautobebe.fr\/wp-content\/uploads\/2019\/11\/siege-auto-joie-spin-360-600x600.jpg 600w, https:\/\/www.monsiegeautobebe.fr\/wp-content\/uploads\/2019\/11\/siege-auto-joie-spin-360-768x768.jpg 768w, https:\/\/www.monsiegeautobebe.fr\/wp-content\/uploads\/2019\/11\/siege-auto-joie-spin-360.jpg 1000w\" sizes=\"(max-width: 70px) 100vw, 70px\" \/>Gl\u00e4dje<br \/>\n360\u00b0 snurr<\/a><\/center><\/td><td class=\"column-2\">R44\/04<\/td><td class=\"column-3\">Grupp 0+\/1 <br \/>\n0 - 18 kg<\/td><td class=\"column-4\"><center><img loading=\"lazy\" decoding=\"async\" src=\"https:\/\/monsiegeautobebe.fr\/wp-content\/uploads\/2019\/03\/icon-yes.png\" alt=\"\" width=\"16\" height=\"16\" class=\"aligncenter size-full wp-image-693\" \/><\/center><\/td><td class=\"column-5\"><center><img loading=\"lazy\" decoding=\"async\" src=\"https:\/\/monsiegeautobebe.fr\/wp-content\/uploads\/2019\/03\/icon-yes.png\" alt=\"\" width=\"16\" height=\"16\" class=\"aligncenter size-full wp-image-693\" \/><\/center><\/td><td class=\"column-6\"><center><img loading=\"lazy\" decoding=\"async\" src=\"https:\/\/monsiegeautobebe.fr\/wp-content\/uploads\/2019\/03\/icon-yes.png\" alt=\"\" width=\"16\" height=\"16\" class=\"aligncenter size-full wp-image-693\" \/><\/center><\/td><td class=\"column-7\">ISOFIX med stag<\/td><td class=\"column-8\">Tillfredsst\u00e4llande (2,8)<\/td><td class=\"column-9\"><\/td>\n<\/tr>\n<tr class=\"row-22\">\n\t<td class=\"column-1\"><center><a href=\"https:\/\/monsiegeautobebe.fr\/wp-content\/uploads\/2019\/10\/siege-auto-joie-i-spin-360-i-size.jpg\"><img loading=\"lazy\" decoding=\"async\" src=\"https:\/\/monsiegeautobebe.fr\/wp-content\/uploads\/2019\/10\/siege-auto-joie-i-spin-360-i-size-150x150.jpg\" alt=\"Joie i-Spin 360\u00b0 i-Size bilbarnstol\" width=\"70\" height=\"70\" class=\"aligncenter size-thumbnail wp-image-1753\" srcset=\"https:\/\/www.monsiegeautobebe.fr\/wp-content\/uploads\/2019\/10\/siege-auto-joie-i-spin-360-i-size-150x150.jpg 150w, https:\/\/www.monsiegeautobebe.fr\/wp-content\/uploads\/2019\/10\/siege-auto-joie-i-spin-360-i-size-300x300.jpg 300w, https:\/\/www.monsiegeautobebe.fr\/wp-content\/uploads\/2019\/10\/siege-auto-joie-i-spin-360-i-size-336x336.jpg 336w, https:\/\/www.monsiegeautobebe.fr\/wp-content\/uploads\/2019\/10\/siege-auto-joie-i-spin-360-i-size-600x600.jpg 600w, https:\/\/www.monsiegeautobebe.fr\/wp-content\/uploads\/2019\/10\/siege-auto-joie-i-spin-360-i-size-768x768.jpg 768w, https:\/\/www.monsiegeautobebe.fr\/wp-content\/uploads\/2019\/10\/siege-auto-joie-i-spin-360-i-size.jpg 1000w\" sizes=\"(max-width: 70px) 100vw, 70px\" \/>Gl\u00e4dje<br \/>\ni-Spin 360\u00b0<\/a><\/center><\/td><td class=\"column-2\">i-Size (R129)<\/td><td class=\"column-3\">40 - 105 cm (max. 18 kg)<\/td><td class=\"column-4\"><center><img loading=\"lazy\" decoding=\"async\" src=\"https:\/\/monsiegeautobebe.fr\/wp-content\/uploads\/2019\/03\/icon-yes.png\" alt=\"\" width=\"16\" height=\"16\" class=\"aligncenter size-full wp-image-693\" \/><\/center><\/td><td class=\"column-5\"><center><img loading=\"lazy\" decoding=\"async\" src=\"https:\/\/monsiegeautobebe.fr\/wp-content\/uploads\/2019\/03\/icon-yes.png\" alt=\"\" width=\"16\" height=\"16\" class=\"aligncenter size-full wp-image-693\" \/><\/center><\/td><td class=\"column-6\"><center><img loading=\"lazy\" decoding=\"async\" src=\"https:\/\/monsiegeautobebe.fr\/wp-content\/uploads\/2019\/03\/icon-yes.png\" alt=\"\" width=\"16\" height=\"16\" class=\"aligncenter size-full wp-image-693\" \/><\/center><\/td><td class=\"column-7\">ISOFIX med stag<\/td><td class=\"column-8\">Bra (1.8)<\/td><td class=\"column-9\"><\/td>\n<\/tr>\n<tr class=\"row-23\">\n\t<td class=\"column-1\"><center><a href=\"https:\/\/monsiegeautobebe.fr\/wp-content\/uploads\/2020\/11\/joie-i-spin-safe-resultat-crash-test-adac-2020.jpg\"><img loading=\"lazy\" decoding=\"async\" src=\"https:\/\/monsiegeautobebe.fr\/wp-content\/uploads\/2020\/11\/joie-i-spin-safe-resultat-crash-test-adac-2020-150x150.jpg\" alt=\"Joie i-Spin Safe vridbar bilbarnstol\" width=\"70\" height=\"70\" class=\"aligncenter size-thumbnail wp-image-3353\" srcset=\"https:\/\/www.monsiegeautobebe.fr\/wp-content\/uploads\/2020\/11\/joie-i-spin-safe-resultat-crash-test-adac-2020-150x150.jpg 150w, https:\/\/www.monsiegeautobebe.fr\/wp-content\/uploads\/2020\/11\/joie-i-spin-safe-resultat-crash-test-adac-2020-300x300.jpg 300w, https:\/\/www.monsiegeautobebe.fr\/wp-content\/uploads\/2020\/11\/joie-i-spin-safe-resultat-crash-test-adac-2020-336x336.jpg 336w, https:\/\/www.monsiegeautobebe.fr\/wp-content\/uploads\/2020\/11\/joie-i-spin-safe-resultat-crash-test-adac-2020-600x600.jpg 600w, https:\/\/www.monsiegeautobebe.fr\/wp-content\/uploads\/2020\/11\/joie-i-spin-safe-resultat-crash-test-adac-2020-768x768.jpg 768w, https:\/\/www.monsiegeautobebe.fr\/wp-content\/uploads\/2020\/11\/joie-i-spin-safe-resultat-crash-test-adac-2020.jpg 1000w\" sizes=\"(max-width: 70px) 100vw, 70px\" \/>Gl\u00e4dje<br \/>\ni-Spin S\u00e4ker<\/a><\/center><\/td><td class=\"column-2\">i-Size (R129)<\/td><td class=\"column-3\">40 - 105 cm (max. 18,5 kg)<\/td><td class=\"column-4\"><center><img loading=\"lazy\" decoding=\"async\" src=\"https:\/\/monsiegeautobebe.fr\/wp-content\/uploads\/2019\/03\/icon-yes.png\" alt=\"\" width=\"16\" height=\"16\" class=\"aligncenter size-full wp-image-693\" \/><\/center><\/td><td class=\"column-5\"><center><img loading=\"lazy\" decoding=\"async\" src=\"https:\/\/monsiegeautobebe.fr\/wp-content\/uploads\/2019\/03\/icon-yes.png\" alt=\"\" width=\"16\" height=\"16\" class=\"aligncenter size-full wp-image-693\" \/><\/center><\/td><td class=\"column-6\"><center><img loading=\"lazy\" decoding=\"async\" src=\"https:\/\/monsiegeautobebe.fr\/wp-content\/uploads\/2019\/03\/icon-no.png\" alt=\"\" width=\"16\" height=\"16\" class=\"aligncenter size-full wp-image-693\" \/><\/center><\/td><td class=\"column-7\">ISOFIX med stag<\/td><td class=\"column-8\">Fler tester<\/td><td class=\"column-9\"><\/td>\n<\/tr>\n<tr class=\"row-24\">\n\t<td class=\"column-1\"><center><a href=\"https:\/\/monsiegeautobebe.fr\/wp-content\/uploads\/2020\/11\/siege-auto-joie-spin-safe-plus-test.jpg\"><img loading=\"lazy\" decoding=\"async\" src=\"https:\/\/monsiegeautobebe.fr\/wp-content\/uploads\/2020\/11\/siege-auto-joie-spin-safe-plus-test-150x150.jpg\" alt=\"Plus Test-godk\u00e4nd Joie Spin Safe vridbar bilbarnstol\" width=\"70\" height=\"70\" class=\"aligncenter size-thumbnail wp-image-3349\" srcset=\"https:\/\/www.monsiegeautobebe.fr\/wp-content\/uploads\/2020\/11\/siege-auto-joie-spin-safe-plus-test-150x150.jpg 150w, https:\/\/www.monsiegeautobebe.fr\/wp-content\/uploads\/2020\/11\/siege-auto-joie-spin-safe-plus-test-300x300.jpg 300w, https:\/\/www.monsiegeautobebe.fr\/wp-content\/uploads\/2020\/11\/siege-auto-joie-spin-safe-plus-test-336x336.jpg 336w, https:\/\/www.monsiegeautobebe.fr\/wp-content\/uploads\/2020\/11\/siege-auto-joie-spin-safe-plus-test-600x600.jpg 600w, https:\/\/www.monsiegeautobebe.fr\/wp-content\/uploads\/2020\/11\/siege-auto-joie-spin-safe-plus-test-768x768.jpg 768w, https:\/\/www.monsiegeautobebe.fr\/wp-content\/uploads\/2020\/11\/siege-auto-joie-spin-safe-plus-test.jpg 1000w\" sizes=\"(max-width: 70px) 100vw, 70px\" \/>Gl\u00e4dje<br \/>\nSnurra s\u00e4kert<\/a><\/center><\/td><td class=\"column-2\">R44\/04<\/td><td class=\"column-3\">Grupp 0+\/1 <br \/>\n0 - 18 kg<\/td><td class=\"column-4\"><center><img loading=\"lazy\" decoding=\"async\" src=\"https:\/\/monsiegeautobebe.fr\/wp-content\/uploads\/2019\/03\/icon-yes.png\" alt=\"\" width=\"16\" height=\"16\" class=\"aligncenter size-full wp-image-693\" \/><\/center><\/td><td class=\"column-5\"><center><img loading=\"lazy\" decoding=\"async\" src=\"https:\/\/monsiegeautobebe.fr\/wp-content\/uploads\/2019\/03\/icon-yes.png\" alt=\"\" width=\"16\" height=\"16\" class=\"aligncenter size-full wp-image-693\" \/><\/center><\/td><td class=\"column-6\"><center><img loading=\"lazy\" decoding=\"async\" src=\"https:\/\/monsiegeautobebe.fr\/wp-content\/uploads\/2019\/03\/icon-no.png\" alt=\"\" width=\"16\" height=\"16\" class=\"aligncenter size-full wp-image-693\" \/><\/center><\/td><td class=\"column-7\">ISOFIX med stag<\/td><td class=\"column-8\">Bra (1.6)<br \/>\nFler tester<\/td><td class=\"column-9\"><\/td>\n<\/tr>\n<tr class=\"row-25\">\n\t<td class=\"column-1\"><center><a href=\"https:\/\/monsiegeautobebe.fr\/wp-content\/uploads\/2019\/10\/siege-auto-nuna-norr-i-size.jpg\"><img loading=\"lazy\" decoding=\"async\" src=\"https:\/\/monsiegeautobebe.fr\/wp-content\/uploads\/2019\/10\/siege-auto-nuna-norr-i-size-150x150.jpg\" alt=\"Nuna Norr i-Size bilbarnstol\" width=\"70\" height=\"70\" class=\"aligncenter size-thumbnail wp-image-1718\" srcset=\"https:\/\/www.monsiegeautobebe.fr\/wp-content\/uploads\/2019\/10\/siege-auto-nuna-norr-i-size-150x150.jpg 150w, https:\/\/www.monsiegeautobebe.fr\/wp-content\/uploads\/2019\/10\/siege-auto-nuna-norr-i-size-300x300.jpg 300w, https:\/\/www.monsiegeautobebe.fr\/wp-content\/uploads\/2019\/10\/siege-auto-nuna-norr-i-size-336x336.jpg 336w, https:\/\/www.monsiegeautobebe.fr\/wp-content\/uploads\/2019\/10\/siege-auto-nuna-norr-i-size-600x600.jpg 600w, https:\/\/www.monsiegeautobebe.fr\/wp-content\/uploads\/2019\/10\/siege-auto-nuna-norr-i-size-768x768.jpg 768w, https:\/\/www.monsiegeautobebe.fr\/wp-content\/uploads\/2019\/10\/siege-auto-nuna-norr-i-size.jpg 1000w\" sizes=\"(max-width: 70px) 100vw, 70px\" \/>Nuna<br \/>\nNorr i-Size<\/a><\/center><\/td><td class=\"column-2\">i-Size (R129)<\/td><td class=\"column-3\">40 - 105 cm (max. 18,5 kg)<\/td><td class=\"column-4\"><center><img loading=\"lazy\" decoding=\"async\" src=\"https:\/\/monsiegeautobebe.fr\/wp-content\/uploads\/2019\/03\/icon-yes.png\" alt=\"\" width=\"16\" height=\"16\" class=\"aligncenter size-full wp-image-693\" \/><\/center><\/td><td class=\"column-5\"><center><img loading=\"lazy\" decoding=\"async\" src=\"https:\/\/monsiegeautobebe.fr\/wp-content\/uploads\/2019\/03\/icon-yes.png\" alt=\"\" width=\"16\" height=\"16\" class=\"aligncenter size-full wp-image-693\" \/><\/center><\/td><td class=\"column-6\"><center><img loading=\"lazy\" decoding=\"async\" src=\"https:\/\/monsiegeautobebe.fr\/wp-content\/uploads\/2019\/03\/icon-no.png\" alt=\"\" width=\"16\" height=\"16\" class=\"aligncenter size-full wp-image-693\" \/><\/center><\/td><td class=\"column-7\">ISOFIX med stag<\/td><td class=\"column-8\">Bra (2.2)<br \/>\nFler tester<\/td><td class=\"column-9\"><\/td>\n<\/tr>\n<tr class=\"row-26\">\n\t<td class=\"column-1\"><center><a href=\"https:\/\/monsiegeautobebe.fr\/wp-content\/uploads\/2019\/10\/siege-auto-nuna-rebl-plus-i-size.jpg\"><img loading=\"lazy\" decoding=\"async\" src=\"https:\/\/monsiegeautobebe.fr\/wp-content\/uploads\/2019\/10\/siege-auto-nuna-rebl-plus-i-size-150x150.jpg\" alt=\"Nuna Rebl Plus i-Size bilbarnstol\" width=\"70\" height=\"70\" class=\"aligncenter size-thumbnail wp-image-1719\" srcset=\"https:\/\/www.monsiegeautobebe.fr\/wp-content\/uploads\/2019\/10\/siege-auto-nuna-rebl-plus-i-size-150x150.jpg 150w, https:\/\/www.monsiegeautobebe.fr\/wp-content\/uploads\/2019\/10\/siege-auto-nuna-rebl-plus-i-size-300x300.jpg 300w, https:\/\/www.monsiegeautobebe.fr\/wp-content\/uploads\/2019\/10\/siege-auto-nuna-rebl-plus-i-size-336x336.jpg 336w, https:\/\/www.monsiegeautobebe.fr\/wp-content\/uploads\/2019\/10\/siege-auto-nuna-rebl-plus-i-size-600x600.jpg 600w, https:\/\/www.monsiegeautobebe.fr\/wp-content\/uploads\/2019\/10\/siege-auto-nuna-rebl-plus-i-size-768x768.jpg 768w, https:\/\/www.monsiegeautobebe.fr\/wp-content\/uploads\/2019\/10\/siege-auto-nuna-rebl-plus-i-size.jpg 1000w\" sizes=\"(max-width: 70px) 100vw, 70px\" \/>Nuna<br \/>\nRebl Plus i-Size<\/a><\/center><\/td><td class=\"column-2\">i-Size (R129)<\/td><td class=\"column-3\">40 - 105 cm (max. 18,5 kg)<\/td><td class=\"column-4\"><center><img loading=\"lazy\" decoding=\"async\" src=\"https:\/\/monsiegeautobebe.fr\/wp-content\/uploads\/2019\/03\/icon-yes.png\" alt=\"\" width=\"16\" height=\"16\" class=\"aligncenter size-full wp-image-693\" \/><\/center><\/td><td class=\"column-5\"><center><img loading=\"lazy\" decoding=\"async\" src=\"https:\/\/monsiegeautobebe.fr\/wp-content\/uploads\/2019\/03\/icon-yes.png\" alt=\"\" width=\"16\" height=\"16\" class=\"aligncenter size-full wp-image-693\" \/><\/center><\/td><td class=\"column-6\"><center><img loading=\"lazy\" decoding=\"async\" src=\"https:\/\/monsiegeautobebe.fr\/wp-content\/uploads\/2019\/03\/icon-yes.png\" alt=\"\" width=\"16\" height=\"16\" class=\"aligncenter size-full wp-image-693\" \/><\/center><\/td><td class=\"column-7\">ISOFIX med stag<\/td><td class=\"column-8\">Bra (2.5)<\/td><td class=\"column-9\"><\/td>\n<\/tr>\n<tr class=\"row-27\">\n\t<td class=\"column-1\"><center><a href=\"https:\/\/monsiegeautobebe.fr\/wp-content\/uploads\/2019\/10\/siege-auto-recaro-zero-1-elite-i-size.jpg\"><img loading=\"lazy\" decoding=\"async\" src=\"https:\/\/monsiegeautobebe.fr\/wp-content\/uploads\/2019\/10\/siege-auto-recaro-zero-1-elite-i-size-150x150.jpg\" alt=\"Recaro Zero.1 Elite i-Size bilbarnstol\" width=\"70\" height=\"70\" class=\"aligncenter size-thumbnail wp-image-1721\" srcset=\"https:\/\/www.monsiegeautobebe.fr\/wp-content\/uploads\/2019\/10\/siege-auto-recaro-zero-1-elite-i-size-150x150.jpg 150w, https:\/\/www.monsiegeautobebe.fr\/wp-content\/uploads\/2019\/10\/siege-auto-recaro-zero-1-elite-i-size-300x300.jpg 300w, https:\/\/www.monsiegeautobebe.fr\/wp-content\/uploads\/2019\/10\/siege-auto-recaro-zero-1-elite-i-size-336x336.jpg 336w, https:\/\/www.monsiegeautobebe.fr\/wp-content\/uploads\/2019\/10\/siege-auto-recaro-zero-1-elite-i-size-600x600.jpg 600w, https:\/\/www.monsiegeautobebe.fr\/wp-content\/uploads\/2019\/10\/siege-auto-recaro-zero-1-elite-i-size-768x768.jpg 768w, https:\/\/www.monsiegeautobebe.fr\/wp-content\/uploads\/2019\/10\/siege-auto-recaro-zero-1-elite-i-size.jpg 1000w\" sizes=\"(max-width: 70px) 100vw, 70px\" \/>Recaro<br \/>\nNoll.1 Elite i-Size<\/a><\/center><\/td><td class=\"column-2\">i-Size (R129)<\/td><td class=\"column-3\">40 - 105 cm (max. 18 kg)<\/td><td class=\"column-4\">Avtagbart babyskydd<\/td><td class=\"column-5\"><center><img loading=\"lazy\" decoding=\"async\" src=\"https:\/\/monsiegeautobebe.fr\/wp-content\/uploads\/2019\/03\/icon-yes.png\" alt=\"\" width=\"16\" height=\"16\" class=\"aligncenter size-full wp-image-693\" \/><\/center><\/td><td class=\"column-6\"><center><img loading=\"lazy\" decoding=\"async\" src=\"https:\/\/monsiegeautobebe.fr\/wp-content\/uploads\/2019\/03\/icon-yes.png\" alt=\"\" width=\"16\" height=\"16\" class=\"aligncenter size-full wp-image-693\" \/><\/center><\/td><td class=\"column-7\">ISOFIX med stag<\/td><td class=\"column-8\">Bra (2.5)<\/td><td class=\"column-9\"><\/td>\n<\/tr>\n<tr class=\"row-28\">\n\t<td class=\"column-1\"><center><a href=\"https:\/\/monsiegeautobebe.fr\/wp-content\/uploads\/2019\/10\/siege-auto-recaro-zero-1-i-size.jpg\"><img loading=\"lazy\" decoding=\"async\" src=\"https:\/\/monsiegeautobebe.fr\/wp-content\/uploads\/2019\/10\/siege-auto-recaro-zero-1-i-size-150x150.jpg\" alt=\"Recaro Zero.1 i-Size bilbarnstol\" width=\"70\" height=\"70\" class=\"aligncenter size-thumbnail wp-image-1722\" srcset=\"https:\/\/www.monsiegeautobebe.fr\/wp-content\/uploads\/2019\/10\/siege-auto-recaro-zero-1-i-size-150x150.jpg 150w, https:\/\/www.monsiegeautobebe.fr\/wp-content\/uploads\/2019\/10\/siege-auto-recaro-zero-1-i-size-300x300.jpg 300w, https:\/\/www.monsiegeautobebe.fr\/wp-content\/uploads\/2019\/10\/siege-auto-recaro-zero-1-i-size-336x336.jpg 336w, https:\/\/www.monsiegeautobebe.fr\/wp-content\/uploads\/2019\/10\/siege-auto-recaro-zero-1-i-size-600x600.jpg 600w, https:\/\/www.monsiegeautobebe.fr\/wp-content\/uploads\/2019\/10\/siege-auto-recaro-zero-1-i-size-768x768.jpg 768w, https:\/\/www.monsiegeautobebe.fr\/wp-content\/uploads\/2019\/10\/siege-auto-recaro-zero-1-i-size.jpg 1000w\" sizes=\"(max-width: 70px) 100vw, 70px\" \/>Recaro<br \/>\nNoll.1 i-Size<\/a><\/center><\/td><td class=\"column-2\">i-Size (R129)<\/td><td class=\"column-3\">40 - 105 cm (max. 18 kg)<\/td><td class=\"column-4\"><center><img loading=\"lazy\" decoding=\"async\" src=\"https:\/\/monsiegeautobebe.fr\/wp-content\/uploads\/2019\/03\/icon-yes.png\" alt=\"\" width=\"16\" height=\"16\" class=\"aligncenter size-full wp-image-693\" \/><\/center><\/td><td class=\"column-5\"><center><img loading=\"lazy\" decoding=\"async\" src=\"https:\/\/monsiegeautobebe.fr\/wp-content\/uploads\/2019\/03\/icon-yes.png\" alt=\"\" width=\"16\" height=\"16\" class=\"aligncenter size-full wp-image-693\" \/><\/center><\/td><td class=\"column-6\"><center><img loading=\"lazy\" decoding=\"async\" src=\"https:\/\/monsiegeautobebe.fr\/wp-content\/uploads\/2019\/03\/icon-yes.png\" alt=\"\" width=\"16\" height=\"16\" class=\"aligncenter size-full wp-image-693\" \/><\/center><\/td><td class=\"column-7\">ISOFIX med stag<\/td><td class=\"column-8\">Bra (2.3)<\/td><td class=\"column-9\">Ersatt av Recaro Zero.1 Elite i-Size<\/td>\n<\/tr>\n<tr class=\"row-29\">\n\t<td class=\"column-1\">Cybex Cloud Z2<\/td><td class=\"column-2\">i-Size (R129)<\/td><td class=\"column-3\">45 till 87 cm (max. 13 kg)<\/td><td class=\"column-4\"><center><img loading=\"lazy\" decoding=\"async\" src=\"https:\/\/monsiegeautobebe.fr\/wp-content\/uploads\/2019\/03\/icon-yes.png\" alt=\"\" width=\"16\" height=\"16\" class=\"aligncenter size-full wp-image-693\" \/><\/center><\/td><td class=\"column-5\"><\/td><td class=\"column-6\"><\/td><td class=\"column-7\">Z2 bas med fj\u00e4derben eller s\u00e4kerhetsb\u00e4lte<\/td><td class=\"column-8\">Bra (1.7)<\/td><td class=\"column-9\"><\/td>\n<\/tr>\n<tr class=\"row-30\">\n\t<td class=\"column-1\">Cybex Sirona Z2<\/td><td class=\"column-2\">i-Size (R129)<\/td><td class=\"column-3\">45 - 105 cm (max. 18 kg)<\/td><td class=\"column-4\"><center><img loading=\"lazy\" decoding=\"async\" src=\"https:\/\/monsiegeautobebe.fr\/wp-content\/uploads\/2019\/03\/icon-yes.png\" alt=\"\" width=\"16\" height=\"16\" class=\"aligncenter size-full wp-image-693\" \/><\/center><\/td><td class=\"column-5\"><\/td><td class=\"column-6\"><\/td><td class=\"column-7\">Z2 bas med fj\u00e4derben<\/td><td class=\"column-8\">Bra (2.3)<\/td><td class=\"column-9\"><\/td>\n<\/tr>\n<tr class=\"row-31\">\n\t<td class=\"column-1\">Swandoo Curie<\/td><td class=\"column-2\">i-Size (R129)<\/td><td class=\"column-3\">40 - 105 cm (max. 18 kg)<\/td><td class=\"column-4\"><center><img loading=\"lazy\" decoding=\"async\" src=\"https:\/\/monsiegeautobebe.fr\/wp-content\/uploads\/2019\/03\/icon-yes.png\" alt=\"\" width=\"16\" height=\"16\" class=\"aligncenter size-full wp-image-693\" \/><\/center><\/td><td class=\"column-5\"><center><img loading=\"lazy\" decoding=\"async\" src=\"https:\/\/monsiegeautobebe.fr\/wp-content\/uploads\/2019\/03\/icon-yes.png\" alt=\"\" width=\"16\" height=\"16\" class=\"aligncenter size-full wp-image-693\" \/><\/center><\/td><td class=\"column-6\"><center><img loading=\"lazy\" decoding=\"async\" src=\"https:\/\/monsiegeautobebe.fr\/wp-content\/uploads\/2019\/03\/icon-no.png\" alt=\"\" width=\"16\" height=\"16\" class=\"aligncenter size-full wp-image-693\" \/><\/center><\/td><td class=\"column-7\">ISOFIX med stag<\/td><td class=\"column-8\">Bra (1.9)<\/td><td class=\"column-9\"><\/td>\n<\/tr>\n<tr class=\"row-32\">\n\t<td class=\"column-1\">Maxi-Cosi Pebble 360<\/td><td class=\"column-2\">i-Size (R129)<\/td><td class=\"column-3\">40 till 83 cm (max. 13 kg)<\/td><td class=\"column-4\"><center><img loading=\"lazy\" decoding=\"async\" src=\"https:\/\/monsiegeautobebe.fr\/wp-content\/uploads\/2019\/03\/icon-yes.png\" alt=\"\" width=\"16\" height=\"16\" class=\"aligncenter size-full wp-image-693\" \/><\/center><\/td><td class=\"column-5\"><\/td><td class=\"column-6\"><\/td><td class=\"column-7\">FamilyFix 360 bas med stag eller s\u00e4kerhetsb\u00e4lte<\/td><td class=\"column-8\">Bra (1.8)<\/td><td class=\"column-9\"><\/td>\n<\/tr>\n<tr class=\"row-33\">\n\t<td class=\"column-1\">Maxi-Cosi Pearl 360<\/td><td class=\"column-2\">i-Size (R129)<\/td><td class=\"column-3\">40 - 105 cm (max. 17,5 kg)<\/td><td class=\"column-4\"><center><img loading=\"lazy\" decoding=\"async\" src=\"https:\/\/monsiegeautobebe.fr\/wp-content\/uploads\/2019\/03\/icon-yes.png\" alt=\"\" width=\"16\" height=\"16\" class=\"aligncenter size-full wp-image-693\" \/><\/center><\/td><td class=\"column-5\"><center><img loading=\"lazy\" decoding=\"async\" src=\"https:\/\/monsiegeautobebe.fr\/wp-content\/uploads\/2019\/03\/icon-yes.png\" alt=\"\" width=\"16\" height=\"16\" class=\"aligncenter size-full wp-image-693\" \/><\/center><\/td><td class=\"column-6\"><center><img loading=\"lazy\" decoding=\"async\" src=\"https:\/\/monsiegeautobebe.fr\/wp-content\/uploads\/2019\/03\/icon-yes.png\" alt=\"\" width=\"16\" height=\"16\" class=\"aligncenter size-full wp-image-693\" \/><\/center><\/td><td class=\"column-7\">FamilyFix 360 bas med stag<\/td><td class=\"column-8\">Bra (1.9)<\/td><td class=\"column-9\"><\/td>\n<\/tr>\n<tr class=\"row-34\">\n\t<td class=\"column-1\">Maxi-Cosi Mica Pro Eco i-Size<\/td><td class=\"column-2\">i-Size (R129)<\/td><td class=\"column-3\">40 - 105 cm (max. 18 kg)<\/td><td class=\"column-4\"><center><img loading=\"lazy\" decoding=\"async\" src=\"https:\/\/monsiegeautobebe.fr\/wp-content\/uploads\/2019\/03\/icon-yes.png\" alt=\"\" width=\"16\" height=\"16\" class=\"aligncenter size-full wp-image-693\" \/><\/center><\/td><td class=\"column-5\"><center><img loading=\"lazy\" decoding=\"async\" src=\"https:\/\/monsiegeautobebe.fr\/wp-content\/uploads\/2019\/03\/icon-yes.png\" alt=\"\" width=\"16\" height=\"16\" class=\"aligncenter size-full wp-image-693\" \/><\/center><\/td><td class=\"column-6\"><center><img loading=\"lazy\" decoding=\"async\" src=\"https:\/\/monsiegeautobebe.fr\/wp-content\/uploads\/2019\/03\/icon-yes.png\" alt=\"\" width=\"16\" height=\"16\" class=\"aligncenter size-full wp-image-693\" \/><\/center><\/td><td class=\"column-7\">FamilyFix 360 bas med stag<\/td><td class=\"column-8\">Bra (2.1)<\/td><td class=\"column-9\"><\/td>\n<\/tr>\n<tr class=\"row-35\">\n\t<td class=\"column-1\">Britax R\u00f6mer Baby-Safe iSense<\/td><td class=\"column-2\"><\/td><td class=\"column-3\">40 till 83 cm (max. 13 kg)<\/td><td class=\"column-4\"><\/td><td class=\"column-5\"><\/td><td class=\"column-6\"><\/td><td class=\"column-7\">Flex Base iSense med fj\u00e4derben<\/td><td class=\"column-8\">Bra (2.1)<\/td><td class=\"column-9\"><\/td>\n<\/tr>\n<tr class=\"row-36\">\n\t<td class=\"column-1\">Britax R\u00f6mer Baby-Safe 3 iSense<\/td><td class=\"column-2\"><\/td><td class=\"column-3\">40 till 83 cm (max. 13 kg)<\/td><td class=\"column-4\"><\/td><td class=\"column-5\"><\/td><td class=\"column-6\"><\/td><td class=\"column-7\">Flex Base iSense med fj\u00e4derben<\/td><td class=\"column-8\">Bra (2.5)<\/td><td class=\"column-9\"><\/td>\n<\/tr>\n<\/tbody>\n<\/table>\n<span id=\"tablepress-32-description\" class=\"tablepress-table-description tablepress-table-description-id-32\"><\/span>\n\n<\/div><!-- #tablepress-32 from cache -->","protected":false},"excerpt":{"rendered":"<p>Att v\u00e4lja r\u00e4tt bilbarnstol \u00e4r viktigt f\u00f6r att h\u00e5lla barnen s\u00e4kra n\u00e4r de reser med bil. Av alla de utgifter du kommer att ha n\u00e4r ditt barn f\u00f6ds \u00e4r valet av en sv\u00e4ngbar bilbarnstol en av de viktigaste att t\u00e4nka p\u00e5. Fr\u00e5n den allra f\u00f6rsta<\/p>","protected":false},"author":2,"featured_media":4320,"comment_status":"open","ping_status":"open","sticky":false,"template":"","format":"standard","meta":{"footnotes":""},"categories":[19,15],"tags":[],"class_list":{"0":"post-4310","1":"post","2":"type-post","3":"status-publish","4":"format-standard","5":"has-post-thumbnail","7":"category-comparatifs","8":"category-siege-auto"},"_links":{"self":[{"href":"https:\/\/www.monsiegeautobebe.fr\/sv\/wp-json\/wp\/v2\/posts\/4310","targetHints":{"allow":["GET"]}}],"collection":[{"href":"https:\/\/www.monsiegeautobebe.fr\/sv\/wp-json\/wp\/v2\/posts"}],"about":[{"href":"https:\/\/www.monsiegeautobebe.fr\/sv\/wp-json\/wp\/v2\/types\/post"}],"author":[{"embeddable":true,"href":"https:\/\/www.monsiegeautobebe.fr\/sv\/wp-json\/wp\/v2\/users\/2"}],"replies":[{"embeddable":true,"href":"https:\/\/www.monsiegeautobebe.fr\/sv\/wp-json\/wp\/v2\/comments?post=4310"}],"version-history":[{"count":0,"href":"https:\/\/www.monsiegeautobebe.fr\/sv\/wp-json\/wp\/v2\/posts\/4310\/revisions"}],"wp:featuredmedia":[{"embeddable":true,"href":"https:\/\/www.monsiegeautobebe.fr\/sv\/wp-json\/wp\/v2\/media\/4320"}],"wp:attachment":[{"href":"https:\/\/www.monsiegeautobebe.fr\/sv\/wp-json\/wp\/v2\/media?parent=4310"}],"wp:term":[{"taxonomy":"category","embeddable":true,"href":"https:\/\/www.monsiegeautobebe.fr\/sv\/wp-json\/wp\/v2\/categories?post=4310"},{"taxonomy":"post_tag","embeddable":true,"href":"https:\/\/www.monsiegeautobebe.fr\/sv\/wp-json\/wp\/v2\/tags?post=4310"}],"curies":[{"name":"wp","href":"https:\/\/api.w.org\/{rel}","templated":true}]}}