{"id":2879,"date":"2019-06-15T14:28:25","date_gmt":"2019-06-15T14:28:25","guid":{"rendered":"https:\/\/monsiegeautobebe.fr\/?p=2879"},"modified":"2022-04-21T15:12:53","modified_gmt":"2022-04-21T15:12:53","slug":"bilbarnstol-bast-i-test-maj-2019","status":"publish","type":"post","link":"https:\/\/www.monsiegeautobebe.fr\/sv\/bilbarnstol-bast-i-test-maj-2019\/","title":{"rendered":"ADAC &amp; TCS krocktestresultat f\u00f6r bilbarnstolar (maj 2019)"},"content":{"rendered":"<p>F\u00f6r att \u00f6ka <strong>barns\u00e4kerhet<\/strong> med bil, <a href=\"https:\/\/www.monsiegeautobebe.fr\/sv\/bilbarnstol-bast-i-test-forklarat\/\" target=\"_blank\" rel=\"noopener noreferrer\">ADAC och TCS testar regelbundet nya bilbarnstolsmodeller<\/a>. Den <strong>krocktester<\/strong> utf\u00f6rs, <strong>tv\u00e5 g\u00e5nger per \u00e5r<\/strong>och produceras gemensamt av <strong>olika europeiska organ<\/strong>. F\u00f6r denna session av <strong>krocktester i maj 2019<\/strong>, <strong>24 bilbarnstolar<\/strong> har testats med avseende p\u00e5 s\u00e4kerhet, drift, ergonomi och f\u00f6roreningsinneh\u00e5ll. Dessa modeller inkluderar, <strong>fyra av dem<\/strong> testades med en <strong>anslutet larmsystem<\/strong> (s\u00e4ljs separat) som \u00e4r utformad f\u00f6r att f\u00f6rhindra att barn l\u00e4mnas ensamma i bilen. Vinnaren av detta test var <strong>B\u00e9b\u00e9 Confort Jade + 3wayFix<\/strong> po\u00e4ng <strong>\"mycket bra<\/strong>. Han var \u00f6vertygande i alla kategorier. D\u00e4remot var <strong>Chicco Oasys i-Size<\/strong> och <strong>B\u00e9b\u00e9 Confort TobiFix<\/strong> \u00e4r <strong>endast tv\u00e5 modeller<\/strong> att ha blivit d\u00f6md <strong>\"otillr\u00e4cklig<\/strong>. Experterna noterade ocks\u00e5 att det genomsnittliga priset p\u00e5 s\u00e4ten steg \u00f6verlag. Men samtidigt har vissa topprankade modeller som t.ex. <a href=\"https:\/\/www.monsiegeautobebe.fr\/sv\/test-cosy-bebe-nania-be-one\/\" target=\"_blank\" rel=\"noopener\">Nania Be One SP<\/a> eller <strong>Britax R\u00f6mer Adventure<\/strong> kan erh\u00e5llas f\u00f6r <strong>mindre \u00e4n 100 euro<\/strong>. Detta visar att pris och kvalitet inte n\u00f6dv\u00e4ndigtvis h\u00e4nger ihop.<\/p>\n<div class=\"sc-toggle\"><div class=\"sc-toggle-title active\"><a href=\"#\">Lista \u00f6ver testade bilbarnstolar (maj 2019)<\/a><\/div><div class=\"sc-toggle-content active\">\n<p><center>B\u00e9b\u00e9 Confort Jade + 3wayFix<br \/>\nB\u00e9b\u00e9 Confort Pebble Pro i-Size<br \/>\nB\u00e9b\u00e9 Confort Pebble Pro i-Size + 3wayFix<br \/>\nB\u00e9b\u00e9 Confort Pebble Pro i-Size + FamilyFix One<br \/>\nInglesina Darwin i-Size<br \/>\nInglesina Darwin i-Size + Darwin i-Size Base<br \/>\nPeg Perego Primo Viaggio i-Size + i-Size Base<br \/>\n<a href=\"https:\/\/www.monsiegeautobebe.fr\/sv\/cybex-cloud-z-i-size\/\">Cybex Cloud Z i-Size<\/a><br \/>\nCybex Cloud Z i-Size + Base Z<br \/>\nAvionaut Pixel<br \/>\nAvionaut Pixel + IQ-bas<br \/>\nBaby Jogger City Go i-Size + i-Size bas<br \/>\n<a href=\"https:\/\/www.monsiegeautobebe.fr\/sv\/nania-beone\/\">Nania Be One<\/a> SP<br \/>\nCity Go i-Size Baby Jogger<br \/>\nChicco Oasys i-Size Beb\u00e8care + i-Size Base<br \/>\nCybex Sirona Z R i-Size + Base Z<br \/>\nCybex Sirona Z i-Size + Base Z<br \/>\nNuna Norr<br \/>\nEfterf\u00f6ljare Hy5.1 TT<br \/>\nHeyner Multifix Twist<br \/>\nApramo All Stage<br \/>\nBeSafe iZi Modular RF i-Size + iZi Modular Base<br \/>\nB\u00e9b\u00e9 Confort Pearl Pro i-Size + 3wayFix<br \/>\nPeg Perego Viaggio FF105 + i-Size-bas<br \/>\nB\u00e9b\u00e9 Confort TobiFix<br \/>\nBritax R\u00f6mer Max-Way Plus<br \/>\nBritax R\u00f6mer Advansafix IV R<br \/>\nB\u00e9b\u00e9 Confort Titan Pro<br \/>\n<a href=\"https:\/\/www.monsiegeautobebe.fr\/sv\/britax-romer-kidfix-jamforelse\/\">Britax R\u00f6mer Kidfix<\/a> III M<br \/>\nBritax R\u00f6mer Adventure<br \/>\nS\u00e4kerhet 1st Road Fix<\/center><\/div><\/div>\n\n<p><iframe title=\"Kindersitztest Fr\u00fchjahr 2019 | ADAC\" width=\"788\" height=\"443\" src=\"https:\/\/www.youtube.com\/embed\/FVb2-KQC0Do?feature=oembed\" frameborder=\"0\" allow=\"accelerometer; autoplay; clipboard-write; encrypted-media; gyroscope; picture-in-picture\" allowfullscreen><\/iframe><\/p>\n<div id=\"ez-toc-container\" class=\"ez-toc-v2_0_82_2 counter-hierarchy ez-toc-counter ez-toc-grey ez-toc-container-direction\">\n<div class=\"ez-toc-title-container\">\n<p class=\"ez-toc-title\" style=\"cursor:inherit\">Inneh\u00e5ll<\/p>\n<span class=\"ez-toc-title-toggle\"><a href=\"#\" class=\"ez-toc-pull-right ez-toc-btn ez-toc-btn-xs ez-toc-btn-default ez-toc-toggle\" aria-label=\"V\u00e4xla till inneh\u00e5llsf\u00f6rteckning\"><span class=\"ez-toc-js-icon-con\"><span class=\"\"><span class=\"eztoc-hide\" style=\"display:none;\">V\u00e4xel<\/span><span class=\"ez-toc-icon-toggle-span\"><svg style=\"fill: #999;color:#999\" xmlns=\"http:\/\/www.w3.org\/2000\/svg\" class=\"list-377408\" width=\"20px\" height=\"20px\" viewbox=\"0 0 24 24\" fill=\"none\"><path d=\"M6 6H4v2h2V6zm14 0H8v2h12V6zM4 11h2v2H4v-2zm16 0H8v2h12v-2zM4 16h2v2H4v-2zm16 0H8v2h12v-2z\" fill=\"currentColor\"><\/path><\/svg><svg style=\"fill: #999;color:#999\" class=\"arrow-unsorted-368013\" xmlns=\"http:\/\/www.w3.org\/2000\/svg\" width=\"10px\" height=\"10px\" viewbox=\"0 0 24 24\" version=\"1.2\" baseprofile=\"tiny\"><path d=\"M18.2 9.3l-6.2-6.3-6.2 6.3c-.2.2-.3.4-.3.7s.1.5.3.7c.2.2.4.3.7.3h11c.3 0 .5-.1.7-.3.2-.2.3-.5.3-.7s-.1-.5-.3-.7zM5.8 14.7l6.2 6.3 6.2-6.3c.2-.2.3-.5.3-.7s-.1-.5-.3-.7c-.2-.2-.4-.3-.7-.3h-11c-.3 0-.5.1-.7.3-.2.2-.3.5-.3.7s.1.5.3.7z\"\/><\/svg><\/span><\/span><\/span><\/a><\/span><\/div>\n<nav><ul class='ez-toc-list ez-toc-list-level-1 eztoc-toggle-hide-by-default' ><li class='ez-toc-page-1 ez-toc-heading-level-2'><a class=\"ez-toc-link ez-toc-heading-1\" href=\"https:\/\/www.monsiegeautobebe.fr\/sv\/bilbarnstol-bast-i-test-maj-2019\/#Les_Sieges_Auto_Avec_Systeme_dAlarme_Connectes\" >Bils\u00e4ten med uppkopplat larmsystem<\/a><\/li><li class='ez-toc-page-1 ez-toc-heading-level-2'><a class=\"ez-toc-link ez-toc-heading-2\" href=\"https:\/\/www.monsiegeautobebe.fr\/sv\/bilbarnstol-bast-i-test-maj-2019\/#Les_Perdants_De_Cette_Session_De_Crash-Tests\" >F\u00f6rlorarna i denna Crash-Test-session<\/a><\/li><li class='ez-toc-page-1 ez-toc-heading-level-2'><a class=\"ez-toc-link ez-toc-heading-3\" href=\"https:\/\/www.monsiegeautobebe.fr\/sv\/bilbarnstol-bast-i-test-maj-2019\/#Selection_des_Meilleurs_Sieges_Auto_Recommandes_aux_Crash-Tests_Mai_2019\" >Urval av de b\u00e4sta krocktestade bils\u00e4tena (maj 2019)<\/a><\/li><li class='ez-toc-page-1 ez-toc-heading-level-2'><a class=\"ez-toc-link ez-toc-heading-4\" href=\"https:\/\/www.monsiegeautobebe.fr\/sv\/bilbarnstol-bast-i-test-maj-2019\/#Liste_Complete_des_Notes_aux_Crash-Tests_ADAC_TCS\" >Komplett lista \u00f6ver ADAC &amp; TCS krocktestresultat<\/a><\/li><\/ul><\/nav><\/div>\n<h2><span class=\"ez-toc-section\" id=\"Les_Sieges_Auto_Avec_Systeme_dAlarme_Connectes\"><\/span>Bils\u00e4ten med uppkopplat larmsystem<span class=\"ez-toc-section-end\"><\/span><\/h2>\n<p>Slutet av 2019, <a href=\"https:\/\/www.ledauphine.com\/france-monde\/2019\/11\/08\/italie-un-dispositif-anti-oubli-de-bebe-obligatoire-dans-les-voitures\" target=\"_blank\" rel=\"noopener noreferrer\">nya best\u00e4mmelser har tr\u00e4tt i kraft i Italien<\/a> f\u00f6r att f\u00f6rhindra att barn l\u00e4mnas kvar i bilen. F\u00f6r att f\u00f6rhindra detta har tillverkarna inf\u00f6rt <strong>anslutna sensorer<\/strong> som reagerar n\u00e4r den <strong>f\u00f6raren drar sig undan<\/strong> av fordonet i <strong>att l\u00e4mna barnet<\/strong> i sitt h\u00f6gkvarter. Under denna session, <strong>fyra modeller testades<\/strong> med dessa system. F\u00f6r det f\u00f6rsta <strong>Chicco Oasys i-Size<\/strong> \u00e4r utrustad <a href=\"https:\/\/www.youtube.com\/watch?v=_rWPhbvzJ-I\" target=\"_blank\" rel=\"nofollow noopener noreferrer\">av Beb\u00e8care-systemet<\/a> som detekterar <strong>Barnets n\u00e4rvaro i s\u00e4tet.<\/strong> och varnar dig n\u00e4r du r\u00f6r dig bort fr\u00e5n den. Den <a href=\"https:\/\/www.monsiegeautobebe.fr\/sv\/comparatif-sieges-auto-bebe-cybex-sirona\/\" target=\"_blank\" rel=\"noopener noreferrer\">Cybex Cloud Z i-Size, Cybex Sirona Z i-Size och Cybex Sirona Z R i-Size<\/a> anv\u00e4ndning <a href=\"https:\/\/cybex-online.com\/fr-fr\/sensorsafe\" target=\"_blank\" rel=\"nofollow noopener noreferrer\">den anslutna SensorSafe-enheten<\/a>. N\u00e4r den \u00e4r f\u00e4st vid selen kommer den <strong>ansluten sensor<\/strong> till din smartphone <strong>automatiskt varnar dig<\/strong> i h\u00e4ndelse av fara. Du informeras direkt n\u00e4r barnet <strong>tar av sig sin sele<\/strong>n\u00e4r temperaturen \u00e4r <strong>f\u00f6r varmt eller f\u00f6r kallt<\/strong>n\u00e4r barnet \u00e4r <strong>l\u00e4mnas ensam<\/strong> i bilen eller n\u00e4r ditt barn har l\u00e4mnats kvar i bilen. <strong>sitter f\u00f6r l\u00e4nge<\/strong>. Dessa larmsystem \u00e4r var och en <strong>ansluten till smarttelefonen<\/strong> via Bluetooth. De fungerar med <strong>en s\u00e4rskild applikation<\/strong> som du m\u00e5ste ladda ner till din telefon. De har <strong>automatiskt varna<\/strong> f\u00f6raren som befinner sig utanf\u00f6r signalens r\u00e4ckvidd och kan \u00e4ven skicka en <strong>varningsmeddelande till tredje part<\/strong>. \u00c4ven om det \u00e4r \u00f6vertygande befarar experterna att f\u00f6r\u00e4ldrarna f\u00f6rlitar sig f\u00f6r mycket p\u00e5 systemet och \u00e4r mindre vaksamma.<br \/>\n<a href=\"https:\/\/monsiegeautobebe.fr\/wp-content\/uploads\/2020\/06\/systeme-alarme-siege-auto-sensorsafe.jpg\"><img fetchpriority=\"high\" decoding=\"async\" class=\"aligncenter size-full wp-image-2903\" src=\"https:\/\/monsiegeautobebe.fr\/wp-content\/uploads\/2020\/06\/systeme-alarme-siege-auto-sensorsafe.jpg\" alt=\"Uppkopplat larmsystem f\u00f6r sensorsafe bilbarnstol\" width=\"1000\" height=\"440\" \/><\/a><\/p>\n<h2><span class=\"ez-toc-section\" id=\"Les_Perdants_De_Cette_Session_De_Crash-Tests\"><\/span>F\u00f6rlorarna i denna Crash-Test-session<span class=\"ez-toc-section-end\"><\/span><\/h2>\n<p>Under detta krocktest, <strong>tv\u00e5 modeller<\/strong> av platser noterades <strong>\"otillr\u00e4cklig<\/strong>. Under frontalkollisionsprovet har b\u00e4ltessp\u00e4nnet p\u00e5 <strong>Chicco Oasys i-Size Beb\u00e8care<\/strong> slets loss fr\u00e5n skrovet och orsakade att <strong>kasta ut attrappen ur s\u00e4tet<\/strong>. <a href=\"https:\/\/www.leparisien.fr\/societe\/chicco-rappelle-un-siege-auto-pour-bebe-defectueux-06-04-2019-8047707.php\" target=\"_blank\" rel=\"noopener noreferrer\">Chicco har sedan dess genomf\u00f6rt en \u00e5terkallelsekampanj<\/a> p\u00e5 denna modell f\u00f6r att korrigera detta fel. F\u00f6r den <strong>B\u00e9b\u00e9 Confort TobiFix<\/strong>\u00e4r <strong>dess f\u00f6rorenande inneh\u00e5ll<\/strong> f\u00f6r h\u00f6g, vilket leder till en <strong>nedgradering av dess kreditbetyg<\/strong>. Ingenj\u00f6rerna fann <strong>sp\u00e5r av flamskyddsmedlet TCPP<\/strong> i s\u00e4tesbjudningen v\u00e4vnader som stack ut <strong>till\u00e5tna gr\u00e4nsv\u00e4rden<\/strong>. Le <strong>Aprano All Stage<\/strong> som har ett brett anv\u00e4ndningsomr\u00e5de, b\u00f6r ocks\u00e5 undvikas p\u00e5 grund av dess <strong>dess d\u00e5liga s\u00e4kerhetsstatistik<\/strong>.<\/p>\n<h2><span class=\"ez-toc-section\" id=\"Selection_des_Meilleurs_Sieges_Auto_Recommandes_aux_Crash-Tests_Mai_2019\"><\/span>Urval av de b\u00e4sta krocktestade bils\u00e4tena (maj 2019)<span class=\"ez-toc-section-end\"><\/span><\/h2>\n<ul>\n<li>Les Nacelles (fr\u00e5n f\u00f6dseln till ca 8 m\u00e5nader)<\/li>\n<\/ul>\n<ul>\n<li><em>B\u00e9b\u00e9 Confort Jade (med bas)<\/em><\/li>\n<\/ul>\n<p><a href=\"https:\/\/monsiegeautobebe.fr\/wp-content\/uploads\/2019\/11\/bebe-confort-jade-resultat-crash-test-adac-2019.jpg\"><img decoding=\"async\" class=\"alignleft size-full wp-image-2945\" src=\"https:\/\/monsiegeautobebe.fr\/wp-content\/uploads\/2019\/11\/bebe-confort-jade-resultat-crash-test-adac-2019.jpg\" alt=\"ADAC krocktestresultat f\u00f6r Jade-dragv\u00e4skan fr\u00e5n B\u00e9b\u00e9 Confort\" width=\"250\" height=\"213\" srcset=\"https:\/\/www.monsiegeautobebe.fr\/wp-content\/uploads\/2019\/11\/bebe-confort-jade-resultat-crash-test-adac-2019.jpg 1000w, https:\/\/www.monsiegeautobebe.fr\/wp-content\/uploads\/2019\/11\/bebe-confort-jade-resultat-crash-test-adac-2019-600x510.jpg 600w, https:\/\/www.monsiegeautobebe.fr\/wp-content\/uploads\/2019\/11\/bebe-confort-jade-resultat-crash-test-adac-2019-300x255.jpg 300w, https:\/\/www.monsiegeautobebe.fr\/wp-content\/uploads\/2019\/11\/bebe-confort-jade-resultat-crash-test-adac-2019-768x653.jpg 768w\" sizes=\"(max-width: 250px) 100vw, 250px\" \/><\/a>La <strong>Jade liggdel fr\u00e5n B\u00e9b\u00e9 Confort<\/strong> \u00e4r <strong>vinnaren<\/strong> i den h\u00e4r testomg\u00e5ngen. Denna modell utm\u00e4rkte sig s\u00e4rskilt tack vare <strong>utm\u00e4rkta resultat<\/strong> under <strong>frontalkollisioner och sidokollisioner<\/strong>. Detta \u00e4r den <strong>f\u00f6rsta nacellen<\/strong> ha godk\u00e4nts i enlighet med <strong>f\u00f6rordningen R129 (i-Size)<\/strong>. Den \u00e4r l\u00e4mplig f\u00f6r sp\u00e4dbarn fr\u00e5n <strong>40 till 70 cm<\/strong> (fr\u00e5n f\u00f6dseln till ca 8 m\u00e5nader). Den erbjuder <strong>liggande st\u00e4llning<\/strong> mycket bekv\u00e4m, s\u00e5 att barnet kan resa och sova i full s\u00e4kerhet. Utanf\u00f6r bilen kan den enkelt anv\u00e4ndas p\u00e5 <strong>en barnvagnsram<\/strong> kompatibla eller fungera som <strong>extra s\u00e4ng<\/strong>. P\u00e5 grund av sin imponerande storlek kan nacellen endast placeras p\u00e5 <strong>baks\u00e4te<\/strong> av bilen. Det kr\u00e4ver basen <a href=\"http:\/\/&lt;a href=\" target=\"_blank\" rel=\"nofollow noopener noreferrer\">3wayFix<\/a><img decoding=\"async\" src=\"https:\/\/tracking.publicidees.com\/link.php?progid=605&amp;partid=59883\" width=\"1\" height=\"1\" \/> eller <a href=\"https:\/\/action.metaffiliation.com\/trk.php?mclic=P4F9AB571995171&amp;redir=https%3A%2F%2Fwww.allobebe.fr%2Fbase-familyfix-3-aBC031064289.html\" target=\"_blank\" rel=\"nofollow noopener noreferrer\">FamiljeFix3<\/a> f\u00f6r fasts\u00e4ttning. Dessa baser \u00e4r ocks\u00e5 kompatibla med <a href=\"https:\/\/action.metaffiliation.com\/trk.php?mclic=P4F9AB571995171&amp;redir=https%3A%2F%2Fwww.allobebe.fr%2Fsiege-auto-pebble-pro-i-size-G3511-1.html\" target=\"_blank\" rel=\"nofollow noopener noreferrer\">Pebble Pro i-Size<\/a>, <a href=\"https:\/\/action.metaffiliation.com\/trk.php?mclic=P4F9AB571995171&amp;redir=https%3A%2F%2Fwww.allobebe.fr%2Fsiege-auto-pearl-pro-i-size-G3459-1.html\" target=\"_blank\" rel=\"nofollow noopener noreferrer\">Pearl Pro i-Size<\/a> och <a href=\"https:\/\/action.metaffiliation.com\/trk.php?mclic=P4F9AB571995171&amp;redir=https%3A%2F%2Fwww.allobebe.fr%2Fsiege-auto-pearl-pro-2-i-size-authentic-graphite-groupe-1-aBC032160335.html\" target=\"_blank\" rel=\"nofollow noopener noreferrer\">Pearl Pro 2 i-Size<\/a> f\u00f6r anv\u00e4ndning upp till 4 \u00e5r.<\/p>\n<p><iframe title=\"Jade Maxi-Cosi: Testvinnare 2019\" width=\"788\" height=\"443\" src=\"https:\/\/www.youtube.com\/embed\/9i_YLymUnak?feature=oembed\" frameborder=\"0\" allow=\"accelerometer; autoplay; clipboard-write; encrypted-media; gyroscope; picture-in-picture\" allowfullscreen><\/iframe><br \/>\n<div id=\"tablepress-47-scroll-wrapper\" class=\"tablepress-scroll-wrapper\">\n\n<table id=\"tablepress-47\" class=\"tablepress tablepress-id-47 tablepress-responsive\">\n<tbody class=\"row-striping row-hover\">\n<tr class=\"row-1\">\n\t<td class=\"column-1\">Certifiering<\/td><td class=\"column-2\">R129 (i-Size)<\/td>\n<\/tr>\n<tr class=\"row-2\">\n\t<td class=\"column-1\">Barnets storlek<\/td><td class=\"column-2\">Fr\u00e5n 40 till 70 cm<\/td>\n<\/tr>\n<tr class=\"row-3\">\n\t<td class=\"column-1\">Barnets \u00e5lder<\/td><td class=\"column-2\">Fr\u00e5n f\u00f6dseln till ca 8 m\u00e5nader.<\/td>\n<\/tr>\n<tr class=\"row-4\">\n\t<td class=\"column-1\">Barnets vikt<\/td><td class=\"column-2\">9 kg max.<\/td>\n<\/tr>\n<tr class=\"row-5\">\n\t<td class=\"column-1\">Montering av bilbarnstolen<\/td><td class=\"column-2\">Bas <a href=\"https:\/\/tracking.publicidees.com\/clic.php?progid=605&amp;partid=59883&amp;dpl=https%3A%2F%2Fwww.aubert.com%2Fp%2F10438235-35%2FEmbase-3WayFix-Noire-Bebe-Confort\" target=\"_blank\" rel=\"nofollow noopener noreferrer\"> 3wayFix<\/a><img loading=\"lazy\" decoding=\"async\" src=\"https:\/\/tracking.publicidees.com\/link.php?progid=605&amp;partid=59883\" height=\"1\" width=\"1\"> eller <a href=\"https:\/\/action.metaffiliation.com\/trk.php?mclic=P4F9AB571995171&amp;redir=https%3A%2F%2Fwww.allobebe.fr%2Fbase-familyfix-3-aBC031064289.html\" target=\"_blank\" rel=\"nofollow noopener noreferrer\">FamiljeFix3<\/a> med stag<\/td>\n<\/tr>\n<tr class=\"row-6\">\n\t<td class=\"column-1\">Fasth\u00e5llningsanordning f\u00f6r barn<\/td><td class=\"column-2\">3-punkts sele<\/td>\n<\/tr>\n<tr class=\"row-7\">\n\t<td class=\"column-1\"><a href=\"https:\/\/www.monsiegeautobebe.fr\/sv\/\">Bilbarnstol<\/a> pivoterande<\/td><td class=\"column-2\"><center><img loading=\"lazy\" decoding=\"async\" src=\"https:\/\/monsiegeautobebe.fr\/wp-content\/uploads\/2019\/03\/icon-no.png\" alt=\"\" width=\"16\" height=\"16\" class=\"aligncenter size-full wp-image-693\" \/><\/center><\/td>\n<\/tr>\n<tr class=\"row-8\">\n\t<td class=\"column-1\">Sittplatsens position<\/td><td class=\"column-2\">Transversal<\/td>\n<\/tr>\n<\/tbody>\n<\/table>\n\n<\/div><!-- #tablepress-47 from cache -->\n<p><center><a href=\"https:\/\/action.metaffiliation.com\/trk.php?mclic=P4F9AB571995171&amp;redir=https%3A%2F%2Fwww.allobebe.fr%2Fnacelle-i-size-jade-essential-graphite-aBC041117974.html\" class=\"sc-button sc-button-default sc-button-medium\" target=\"_blank\" rel=\"noopener\"><span>SE DET B\u00c4STA PRISET<br \/>\nBABY CONFORT JADE<\/span><\/a><\/center><\/p>\n<ul>\n<li>Den <a href=\"https:\/\/www.monsiegeautobebe.fr\/sv\/babyskydd-bast-i-test\/\">Babyskydd<\/a> (fr\u00e5n f\u00f6dseln till cirka 18 m\u00e5nader)<\/li>\n<\/ul>\n<p>I en babym\u00f6bel \u00e4r barnet <strong>bekv\u00e4m och skyddad<\/strong> som en liten kokong. Dess lutning g\u00f6r att du kan <strong>f\u00f6rhindra att huvudet faller fram\u00e5t<\/strong> som kan vara fallet med en st\u00f6rre bilbarnstol som inte \u00e4r l\u00e4mplig f\u00f6r mindre barn. Skalet \u00e4r medlet <strong>den s\u00e4kraste <\/strong> f\u00f6r s\u00e4ker resa med baby <strong>fr\u00e5n f\u00f6dseln till 12, 15 eller 18 m\u00e5naders \u00e5lder<\/strong> beroende p\u00e5 <strong>modell<\/strong> och <strong>morfologi<\/strong> av barnet.<\/p>\n<p><center><a href=\"https:\/\/www.monsiegeautobebe.fr\/sv\/comparatif-meilleures-coques-cosi-bebe\/\" class=\"sc-button sc-button-default sc-button-MEDIUM\"><span>SE V\u00c5RT URVAL AV DE B\u00c4STA BABYNESTARNA<\/span><\/a><\/center><\/p>\n<ul>\n<li><em>B\u00e9b\u00e9 Confort Pebble Pro i-Size (med eller utan bas)<\/em><\/li>\n<\/ul>\n<p><a href=\"https:\/\/monsiegeautobebe.fr\/wp-content\/uploads\/2019\/11\/bebe-confort-pebble-pro-i-size-3wayfix-resultat-crash-test-adac-2019.jpg\"><img loading=\"lazy\" decoding=\"async\" class=\"alignleft size-full wp-image-2991\" src=\"https:\/\/monsiegeautobebe.fr\/wp-content\/uploads\/2019\/11\/bebe-confort-pebble-pro-i-size-3wayfix-resultat-crash-test-adac-2019.jpg\" alt=\"ADAC krocktestresultat f\u00f6r B\u00e9b\u00e9 Confort Pebble Pro i-Size spj\u00e4ls\u00e4ng\" width=\"250\" height=\"213\" srcset=\"https:\/\/www.monsiegeautobebe.fr\/wp-content\/uploads\/2019\/11\/bebe-confort-pebble-pro-i-size-3wayfix-resultat-crash-test-adac-2019.jpg 1000w, https:\/\/www.monsiegeautobebe.fr\/wp-content\/uploads\/2019\/11\/bebe-confort-pebble-pro-i-size-3wayfix-resultat-crash-test-adac-2019-600x510.jpg 600w, https:\/\/www.monsiegeautobebe.fr\/wp-content\/uploads\/2019\/11\/bebe-confort-pebble-pro-i-size-3wayfix-resultat-crash-test-adac-2019-300x255.jpg 300w, https:\/\/www.monsiegeautobebe.fr\/wp-content\/uploads\/2019\/11\/bebe-confort-pebble-pro-i-size-3wayfix-resultat-crash-test-adac-2019-768x653.jpg 768w\" sizes=\"(max-width: 250px) 100vw, 250px\" \/><\/a><br \/>\nPebble Plus i-Size ers\u00e4tts av <strong>B\u00e9b\u00e9 Confort Pebble Pro i-Size<\/strong> \u00e4r en mysig godk\u00e4nd i enlighet med de senaste best\u00e4mmelserna <strong>R129 (i-Size)<\/strong> f\u00f6r anv\u00e4ndning med sp\u00e4dbarn fr\u00e5n <strong>45 till 75 cm<\/strong> (fr\u00e5n f\u00f6dseln till ca 15 m\u00e5nader). F\u00f6r att v\u00e4lkomna de sm\u00e5 bekv\u00e4mt har den en <strong>l\u00f6stagbar insats f\u00f6r nyf\u00f6dda<\/strong> och en <strong>3-punkts sele<\/strong> l\u00e4tt att justera. Vid behov kan den monteras med hj\u00e4lp av <strong>s\u00e4kerhetsb\u00e4lte<\/strong> p\u00e5 fordonet eller via <strong>ISOFIX\u00ae-f\u00f6rankringspunkter<\/strong> tack till baserna <a href=\"http:\/\/&lt;a href=\" target=\"_blank\" rel=\"nofollow noopener noreferrer\">3wayFix<\/a><img decoding=\"async\" src=\"https:\/\/tracking.publicidees.com\/link.php?progid=605&amp;partid=59883\" width=\"1\" height=\"1\" \/> och <a href=\"https:\/\/amzn.to\/3ivwuj3\" target=\"_blank\" rel=\"nofollow noopener noreferrer\">FamiljFix One<\/a> vilket ytterligare minskar risken f\u00f6r felaktig installation. Dessa tv\u00e5 baser kan ocks\u00e5 anv\u00e4ndas f\u00f6r att installera nacellen <a href=\"https:\/\/action.metaffiliation.com\/trk.php?mclic=P4F9AB571995171&amp;redir=https%3A%2F%2Fwww.allobebe.fr%2Fnacelle-i-size-jade-essential-graphite-aBC041117974.html\" target=\"_blank\" rel=\"nofollow noopener noreferrer\">Jade<\/a> eller bilbarnstolar <a href=\"https:\/\/action.metaffiliation.com\/trk.php?mclic=P4F9AB571995171&amp;redir=https%3A%2F%2Fwww.allobebe.fr%2Fsiege-auto-pearl-pro-2-i-size-authentic-graphite-groupe-1-aBC032160335.html\" target=\"_blank\" rel=\"nofollow noopener noreferrer\">Pearl Pro 2 i-Size<\/a>, <a href=\"https:\/\/action.metaffiliation.com\/trk.php?mclic=P4F9AB571995171&amp;redir=https%3A%2F%2Fwww.allobebe.fr%2Fsiege-auto-pearl-pro-i-size-G3459-1.html\" target=\"_blank\" rel=\"nofollow noopener noreferrer\">Pearl Pro i-Size<\/a>, <a href=\"https:\/\/amzn.to\/2D6yb6k\" target=\"_blank\" rel=\"nofollow noopener noreferrer\">Pearl Smart i-Size<\/a> och <a href=\"https:\/\/amzn.to\/3gmmxmi\" target=\"_blank\" rel=\"nofollow noopener noreferrer\">Pearl One i-Size<\/a>.<\/p>\n<div id=\"tablepress-52-scroll-wrapper\" class=\"tablepress-scroll-wrapper\">\n\n<table id=\"tablepress-52\" class=\"tablepress tablepress-id-52 tablepress-responsive\">\n<tbody class=\"row-striping row-hover\">\n<tr class=\"row-1\">\n\t<td class=\"column-1\">Certifiering<\/td><td class=\"column-2\">R129 (i-Size)<\/td>\n<\/tr>\n<tr class=\"row-2\">\n\t<td class=\"column-1\">Barnets storlek<\/td><td class=\"column-2\">Fr\u00e5n 40 till 85 cm<\/td>\n<\/tr>\n<tr class=\"row-3\">\n\t<td class=\"column-1\">Barnets \u00e5lder<\/td><td class=\"column-2\">Fr\u00e5n f\u00f6dseln till ca 18 m\u00e5nader.<\/td>\n<\/tr>\n<tr class=\"row-4\">\n\t<td class=\"column-1\">Barnets vikt<\/td><td class=\"column-2\">13 kg max.<\/td>\n<\/tr>\n<tr class=\"row-5\">\n\t<td class=\"column-1\">Montering av bilbarnstolen<\/td><td class=\"column-2\">S\u00e4kerhetsb\u00e4lten eller baser <a href=\"https:\/\/tracking.publicidees.com\/clic.php?progid=605&amp;partid=59883&amp;dpl=https%3A%2F%2Fwww.aubert.com%2Fp%2F10438235-35%2FEmbase-3WayFix-Noire-Bebe-Confort\" target=\"_blank\" rel=\"nofollow noopener noreferrer\"> 3wayFix<\/a><img loading=\"lazy\" decoding=\"async\" src=\"https:\/\/tracking.publicidees.com\/link.php?progid=605&amp;partid=59883\" height=\"1\" width=\"1\"> och <a href=\"https:\/\/amzn.to\/3ivwuj3\" target=\"_blank\" rel=\"nofollow noopener noreferrer\">FamiljFix One<\/a> med stag<\/td>\n<\/tr>\n<tr class=\"row-6\">\n\t<td class=\"column-1\">Fasth\u00e5llningsanordning f\u00f6r barn<\/td><td class=\"column-2\">3-punkts sele<\/td>\n<\/tr>\n<tr class=\"row-7\">\n\t<td class=\"column-1\">Vridbar bilbarnstol<\/td><td class=\"column-2\"><center><img loading=\"lazy\" decoding=\"async\" src=\"https:\/\/monsiegeautobebe.fr\/wp-content\/uploads\/2019\/03\/icon-no.png\" alt=\"\" width=\"16\" height=\"16\" class=\"aligncenter size-full wp-image-693\" \/><\/center><\/td>\n<\/tr>\n<tr class=\"row-8\">\n\t<td class=\"column-1\">Sittplatsens position<\/td><td class=\"column-2\">Tillbaka till v\u00e4gen<\/td>\n<\/tr>\n<\/tbody>\n<\/table>\n\n<\/div><!-- #tablepress-52 from cache --><p><center><a href=\"https:\/\/action.metaffiliation.com\/trk.php?mclic=P4F9AB571995171&amp;redir=https%3A%2F%2Fwww.allobebe.fr%2Fsiege-auto-pebble-pro-i-size-essential-black-aBC031155225.html\" class=\"sc-button sc-button-default sc-button-medium\" target=\"_blank\" rel=\"noopener\"><span>SE DET B\u00c4STA PRISET<br \/>\nCOMFORT BABY PEBBLE PRO I-STORLEK<\/span><\/a><\/center><\/p>\n<ul>\n<li><em>Peg Perego Primo Viaggio i-Size (med bas)<\/em><\/li>\n<\/ul>\n<p><a href=\"https:\/\/monsiegeautobebe.fr\/wp-content\/uploads\/2019\/11\/peg-perego-primo-viaggio-i-size-resultat-crash-test-adac-2019.jpg\"><img loading=\"lazy\" decoding=\"async\" class=\"alignleft size-full wp-image-2992\" src=\"https:\/\/monsiegeautobebe.fr\/wp-content\/uploads\/2019\/11\/peg-perego-primo-viaggio-i-size-resultat-crash-test-adac-2019.jpg\" alt=\"ADAC:s krocktestresultat f\u00f6r Peg Perego Primo Viaggio i-Size babyskydd\" width=\"250\" height=\"213\" srcset=\"https:\/\/www.monsiegeautobebe.fr\/wp-content\/uploads\/2019\/11\/peg-perego-primo-viaggio-i-size-resultat-crash-test-adac-2019.jpg 1000w, https:\/\/www.monsiegeautobebe.fr\/wp-content\/uploads\/2019\/11\/peg-perego-primo-viaggio-i-size-resultat-crash-test-adac-2019-600x510.jpg 600w, https:\/\/www.monsiegeautobebe.fr\/wp-content\/uploads\/2019\/11\/peg-perego-primo-viaggio-i-size-resultat-crash-test-adac-2019-300x255.jpg 300w, https:\/\/www.monsiegeautobebe.fr\/wp-content\/uploads\/2019\/11\/peg-perego-primo-viaggio-i-size-resultat-crash-test-adac-2019-768x653.jpg 768w\" sizes=\"(max-width: 250px) 100vw, 250px\" \/><\/a>Le <strong>Primo Viaggio i-Size<\/strong> \u00e4r ett s\u00e4te som godk\u00e4nts enligt den senaste europeiska standarden <strong>R129 (i-Size)<\/strong> som g\u00f6r det m\u00f6jligt f\u00f6r barn att f\u00e4rdas med ryggen mot v\u00e4gen fr\u00e5n <strong>40 till 83 cm<\/strong> (fr\u00e5n f\u00f6dseln till ca 18 m\u00e5nader). F\u00f6r att garantera barnets komfort och s\u00e4kerhet levereras denna modell med en <strong>reducerare f\u00f6r nyf\u00f6dda<\/strong>av <strong>olika typer av skydd<\/strong> i h\u00e4ndelse av kollision och en <strong>justerbart nackst\u00f6d<\/strong>. Primo Viaggio kan installeras med <strong>s\u00e4kerhetsb\u00e4lte<\/strong> av fordonet eller dess <a href=\"https:\/\/action.metaffiliation.com\/trk.php?mclic=P494DD5719952191&amp;redir=https%3A%2F%2Fwww.roseoubleu.fr%2Fpeg-perego-base-i-size-pour-siege-auto-cosi-2019-a263308.html\" target=\"_blank\" rel=\"nofollow noopener noreferrer\">i-Size bas<\/a>. Denna bas \u00e4r ocks\u00e5 kompatibel med s\u00e4tet i den h\u00f6gre kategorin, <a href=\"https:\/\/action.metaffiliation.com\/trk.php?mclic=P494DD5719952191&amp;redir=https%3A%2F%2Fwww.roseoubleu.fr%2Fpeg-perego-siege-auto-viaggio-ff105-ebony-2020-a262711.html\" target=\"_blank\" rel=\"nofollow noopener noreferrer\">Peg Perego Viaggio FF105<\/a> (fr\u00e5n 71 till 105 cm), f\u00f6r att f\u00f6lja med barn fr\u00e5n f\u00f6dseln till ca 4 \u00e5rs \u00e5lder.<br \/>\n<div id=\"tablepress-48-scroll-wrapper\" class=\"tablepress-scroll-wrapper\">\n\n<table id=\"tablepress-48\" class=\"tablepress tablepress-id-48 tablepress-responsive\">\n<tbody class=\"row-striping row-hover\">\n<tr class=\"row-1\">\n\t<td class=\"column-1\">Certifiering<\/td><td class=\"column-2\">R129 (i-Size)<\/td>\n<\/tr>\n<tr class=\"row-2\">\n\t<td class=\"column-1\">Barnets storlek<\/td><td class=\"column-2\">Fr\u00e5n 40 till 83 cm<\/td>\n<\/tr>\n<tr class=\"row-3\">\n\t<td class=\"column-1\">Barnets vikt<\/td><td class=\"column-2\">13 kg max.<\/td>\n<\/tr>\n<tr class=\"row-4\">\n\t<td class=\"column-1\">Barnets \u00e5lder<\/td><td class=\"column-2\">Fr\u00e5n f\u00f6dseln till ca 15 m\u00e5nader.<\/td>\n<\/tr>\n<tr class=\"row-5\">\n\t<td class=\"column-1\">Montering av bilbarnstolen<\/td><td class=\"column-2\">S\u00e4kerhetsb\u00e4lte eller bas <a href=\"https:\/\/action.metaffiliation.com\/trk.php?mclic=P494DD5719952191&amp;redir=https%3A%2F%2Fwww.roseoubleu.fr%2Fpeg-perego-base-i-size-pour-siege-auto-cosi-2019-a263308.html\" target=\"_blank\" rel=\"nofollow noopener noreferrer\">i-Size Bas<\/a> med fj\u00e4derben<\/td>\n<\/tr>\n<tr class=\"row-6\">\n\t<td class=\"column-1\">Fasth\u00e5llningsanordning f\u00f6r barn<\/td><td class=\"column-2\">3-punkts sele<\/td>\n<\/tr>\n<tr class=\"row-7\">\n\t<td class=\"column-1\">Vridbar bilbarnstol<\/td><td class=\"column-2\"><center><img loading=\"lazy\" decoding=\"async\" src=\"https:\/\/monsiegeautobebe.fr\/wp-content\/uploads\/2019\/03\/icon-no.png\" alt=\"\" width=\"16\" height=\"16\" class=\"aligncenter size-full wp-image-693\" \/><\/center><\/td>\n<\/tr>\n<tr class=\"row-8\">\n\t<td class=\"column-1\">Sittplatsens position<\/td><td class=\"column-2\">Tillbaka till v\u00e4gen<\/td>\n<\/tr>\n<\/tbody>\n<\/table>\n\n<\/div><!-- #tablepress-48 from cache -->\n<p><center><a href=\"https:\/\/action.metaffiliation.com\/trk.php?mclic=P4F9AB571995171&amp;redir=https%3A%2F%2Fwww.allobebe.fr%2Fsa-primo-viaggio-base-i-size-G3378-1.html\" class=\"sc-button sc-button-default sc-button-medium\" target=\"_blank\" rel=\"noopener\"><span>SE DET B\u00c4STA PRISET<br \/>\nPEG PEREGO PRIMO VIAGGIO I-SIZE<\/span><\/a><\/center><\/p>\n<ul>\n<li><em>Cybex Cloud Z i-Size (med eller utan bas)<\/em><\/li>\n<\/ul>\n<p><a href=\"https:\/\/monsiegeautobebe.fr\/wp-content\/uploads\/2019\/11\/cybex-cloud-z-i-size-resultat-crash-test-adac-2019.jpg\"><img loading=\"lazy\" decoding=\"async\" class=\"alignleft size-full wp-image-2995\" src=\"https:\/\/monsiegeautobebe.fr\/wp-content\/uploads\/2019\/11\/cybex-cloud-z-i-size-resultat-crash-test-adac-2019.jpg\" alt=\"ADAC:s krocktestresultat f\u00f6r Cybex Cloud Z i-Size babyskydd\" width=\"250\" height=\"213\" srcset=\"https:\/\/www.monsiegeautobebe.fr\/wp-content\/uploads\/2019\/11\/cybex-cloud-z-i-size-resultat-crash-test-adac-2019.jpg 1000w, https:\/\/www.monsiegeautobebe.fr\/wp-content\/uploads\/2019\/11\/cybex-cloud-z-i-size-resultat-crash-test-adac-2019-600x510.jpg 600w, https:\/\/www.monsiegeautobebe.fr\/wp-content\/uploads\/2019\/11\/cybex-cloud-z-i-size-resultat-crash-test-adac-2019-300x255.jpg 300w, https:\/\/www.monsiegeautobebe.fr\/wp-content\/uploads\/2019\/11\/cybex-cloud-z-i-size-resultat-crash-test-adac-2019-768x653.jpg 768w\" sizes=\"(max-width: 250px) 100vw, 250px\" \/><\/a><br \/>\nEftertr\u00e4dare till <strong>Moln Q<\/strong>den <a href=\"https:\/\/www.monsiegeautobebe.fr\/sv\/test-avis-cosy-cybex-cloud-z-i-size\/\" target=\"_blank\" rel=\"noopener\">Cybex Cloud Z i-Size<\/a> \u00f6verensst\u00e4mmer med <strong>Europeisk f\u00f6rordning R129 (i-Size)<\/strong> f\u00f6r bak\u00e5tv\u00e4nd anv\u00e4ndning av <strong>45 till 87 cm<\/strong> (fr\u00e5n f\u00f6dseln till ca 18 m\u00e5nader). F\u00f6r optimal s\u00e4kerhet \u00e4r detta s\u00e4te utrustat med <strong>ett skyddssystem mot sidokollisioner (LSP)<\/strong> och ett energiabsorberande skal. F\u00f6r anv\u00e4ndning utanf\u00f6r fordonet \u00e4r <strong>Moln Z<\/strong> har den utm\u00e4rkande egenskapen att den kan anta <strong>en ergonomisk liggst\u00e4llning<\/strong> liknar den hos en b\u00e4rsele. Ditt barn kan sedan sova eller ta en promenad bekv\u00e4mt. Den <strong>Moln Z i-Size<\/strong> installeras med hj\u00e4lp av <a href=\"https:\/\/action.metaffiliation.com\/trk.php?mclic=P4F9AB571995171&amp;redir=https%3A%2F%2Fwww.allobebe.fr%2Fbase-z-black-aCY030953831.html\" target=\"_blank\" rel=\"nofollow noopener noreferrer\">Bas Z<\/a> eller <strong>s\u00e4kerhetsb\u00e4lte.<\/strong> N\u00e4r den \u00e4r installerad p\u00e5 <strong>Bas Z<\/strong>huvudkontoret kan <strong>Rotera 180<\/strong>. Den kan riktas mot bild\u00f6rren f\u00f6r att g\u00f6ra det l\u00e4ttare att s\u00e4tta in barnet i bilen. En del av <strong>av modulsystemet Z-Line<\/strong> fr\u00e5n Cybex, den <strong>Bas Z<\/strong> \u00e4r ocks\u00e5 kompatibel med <a href=\"https:\/\/www.monsiegeautobebe.fr\/sv\/comparatif-sieges-auto-bebe-cybex-sirona\/\" target=\"_blank\" rel=\"noopener noreferrer\">Sirona Z i-Size och Sirona Z R i-Size<\/a> f\u00f6r att garantera barnens s\u00e4kerhet <strong>fr\u00e5n f\u00f6dseln till 105 cm<\/strong> (upp till ca 4 \u00e5r).<br \/>\n<div id=\"tablepress-49-scroll-wrapper\" class=\"tablepress-scroll-wrapper\">\n\n<table id=\"tablepress-49\" class=\"tablepress tablepress-id-49 tablepress-responsive\">\n<tbody class=\"row-striping row-hover\">\n<tr class=\"row-1\">\n\t<td class=\"column-1\">Certifiering<\/td><td class=\"column-2\">R129 (i-Size)<\/td>\n<\/tr>\n<tr class=\"row-2\">\n\t<td class=\"column-1\">Barnets storlek<\/td><td class=\"column-2\">Fr\u00e5n 45 till 87 cm<\/td>\n<\/tr>\n<tr class=\"row-3\">\n\t<td class=\"column-1\">Barnets \u00e5lder<\/td><td class=\"column-2\">Fr\u00e5n f\u00f6dseln till ca 18 m\u00e5nader.<\/td>\n<\/tr>\n<tr class=\"row-4\">\n\t<td class=\"column-1\">Barnets vikt<\/td><td class=\"column-2\">13 kg max.<\/td>\n<\/tr>\n<tr class=\"row-5\">\n\t<td class=\"column-1\">Montering av bilbarnstolen<\/td><td class=\"column-2\">S\u00e4kerhetsb\u00e4lte eller <a href=\"https:\/\/action.metaffiliation.com\/trk.php?mclic=P4F9AB571995171&amp;redir=https%3A%2F%2Fwww.allobebe.fr%2Fbase-z-black-aCY030953831.html\" target=\"_blank\" rel=\"nofollow noopener noreferrer\">Bas Z<\/a> med fj\u00e4derben<\/td>\n<\/tr>\n<tr class=\"row-6\">\n\t<td class=\"column-1\">Fasth\u00e5llningsanordning f\u00f6r barn<\/td><td class=\"column-2\">3-punkts sele<\/td>\n<\/tr>\n<tr class=\"row-7\">\n\t<td class=\"column-1\">Vridbar bilbarnstol<\/td><td class=\"column-2\"><center><img loading=\"lazy\" decoding=\"async\" src=\"https:\/\/monsiegeautobebe.fr\/wp-content\/uploads\/2019\/03\/icon-yes.png\" alt=\"\" width=\"16\" height=\"16\" class=\"aligncenter size-full wp-image-693\" \/>(endast med Base Z)<\/center><\/td>\n<\/tr>\n<tr class=\"row-8\">\n\t<td class=\"column-1\">Sittplatsens position<\/td><td class=\"column-2\">Tillbaka till v\u00e4gen<\/td>\n<\/tr>\n<\/tbody>\n<\/table>\n\n<\/div><!-- #tablepress-49 from cache -->\n<p><center><a href=\"https:\/\/action.metaffiliation.com\/trk.php?mclic=P4F9AB571995171&amp;redir=https%3A%2F%2Fwww.allobebe.fr%2Fsiege-auto-cloud-z-i-size-autumn-goldburnt-red-groupe-0-aCY031129040.html\" class=\"sc-button sc-button-default sc-button-medium\" target=\"_blank\" rel=\"noopener\"><span>SE DET B\u00c4STA PRISET<br \/>\nCYBEX CLOUD Z I-SIZE<\/span><\/a><\/center><\/p>\n<ul>\n<li>Bilbarnstolar (fr\u00e5n f\u00f6dseln till ca 4 \u00e5r)<\/li>\n<\/ul>\n<p>Den bak\u00e5tv\u00e4nda positionen \u00e4r det b\u00e4sta s\u00e4ttet att skydda <strong>hals<\/strong> och <strong>Cervikaler<\/strong> av ett barn i h\u00e4ndelse av en kollision. Vi rekommenderar att du <strong>se till att ditt barn \u00e4r v\u00e4nt bort fr\u00e5n v\u00e4gen s\u00e5 l\u00e4nge som m\u00f6jligt<\/strong> eftersom den f\u00f6rhindrar att huvudet, som \u00e4r proportionellt tyngre, uts\u00e4tts f\u00f6r v\u00e5ld <strong>projicerad fram\u00e5t<\/strong> i h\u00e4ndelse av en st\u00f6t som kan orsaka allvarliga personskador. Den <strong>majoriteten av bilbarnstolar<\/strong> f\u00f6r att h\u00e5lla ditt barns rygg mot v\u00e4gen <strong>upp till 4 \u00e5rs \u00e5lder<\/strong> eller \u00e4nnu mer f\u00f6r vissa modeller.<\/p>\n<p><center><a href=\"https:\/\/www.monsiegeautobebe.fr\/sv\/bakatvand-bilbarnstol-bast-i-test\/\" class=\"sc-button sc-button-default sc-button-medium\"><span>SE V\u00c5RT URVAL AV DE B\u00c4STA BAK\u00c5TV\u00c4NDA BILBARNSTOLARNA<\/span><\/a><\/center><\/p>\n<ul>\n<li><em>Cybex Sirona Z i-Size (med bas)<\/em><\/li>\n<\/ul>\n<p><a href=\"https:\/\/monsiegeautobebe.fr\/wp-content\/uploads\/2019\/11\/cybex-sirona-z-i-size-resultat-crash-test-adac-2019.jpg\"><img loading=\"lazy\" decoding=\"async\" class=\"alignleft size-full wp-image-2994\" src=\"https:\/\/monsiegeautobebe.fr\/wp-content\/uploads\/2019\/11\/cybex-sirona-z-i-size-resultat-crash-test-adac-2019.jpg\" alt=\"ADAC krocktestresultat f\u00f6r Cybex Sirona Z i-Size\" width=\"250\" height=\"213\" srcset=\"https:\/\/www.monsiegeautobebe.fr\/wp-content\/uploads\/2019\/11\/cybex-sirona-z-i-size-resultat-crash-test-adac-2019.jpg 1000w, https:\/\/www.monsiegeautobebe.fr\/wp-content\/uploads\/2019\/11\/cybex-sirona-z-i-size-resultat-crash-test-adac-2019-600x510.jpg 600w, https:\/\/www.monsiegeautobebe.fr\/wp-content\/uploads\/2019\/11\/cybex-sirona-z-i-size-resultat-crash-test-adac-2019-300x255.jpg 300w, https:\/\/www.monsiegeautobebe.fr\/wp-content\/uploads\/2019\/11\/cybex-sirona-z-i-size-resultat-crash-test-adac-2019-768x653.jpg 768w\" sizes=\"(max-width: 250px) 100vw, 250px\" \/><\/a><\/p>\n<p>Le <a href=\"https:\/\/www.monsiegeautobebe.fr\/sv\/comparatif-sieges-auto-bebe-cybex-sirona\/\" target=\"_blank\" rel=\"noopener noreferrer\">Sirona Z i-Size<\/a> \u00e4r en godk\u00e4nd bilbarnstol <strong>R129 (i-Size)<\/strong> utformad f\u00f6r barn fr\u00e5n <strong>45 till 105 cm<\/strong> (fr\u00e5n f\u00f6dseln till ca 4 \u00e5r). Bes\u00f6k <strong>Sirona Z i-Size<\/strong> m\u00e5ste vara installerad p\u00e5 <strong>Bas Z<\/strong>. Den \u00e4r en del av modulsystemet Z-Line som \u00e4r kompatibelt med <strong>Moln Z i-Size<\/strong> eller <strong>Sirona Z R i-Size<\/strong>. La <a href=\"https:\/\/action.metaffiliation.com\/trk.php?mclic=P4F9AB571995171&amp;redir=https%3A%2F%2Fwww.allobebe.fr%2Fbase-z-black-aCY030953831.html\" target=\"_blank\" rel=\"nofollow noopener noreferrer\">Bas Z <\/a>ger dig m\u00f6jlighet att <strong>rotera s\u00e4tet 360<\/strong> att enkelt s\u00e4tta in barn i fordonet, men ocks\u00e5 att v\u00e4xla fr\u00e5n <strong>tillbaka till v\u00e4gen<\/strong> till positionen <strong>att m\u00f6ta v\u00e4gen<\/strong> p\u00e5 bara n\u00e5gra sekunder. Den <strong>skydd mot sidokollisioner<\/strong> (LSP), den <strong>Energiminskning<\/strong> och de olika s\u00e4tesjusteringarna ger utm\u00e4rkt komfort och \u00f6kad s\u00e4kerhet i h\u00e4ndelse av kollision. F\u00f6r den mer teknikintresserade finns <strong>Sirona Z i-Size<\/strong> \u00e4r kompatibel med <strong>SensorSafe ansluten sensor<\/strong>. N\u00e4r sensorn har f\u00e4sts vid bilbarnstolens sele kan du <strong>varna f\u00f6raren<\/strong> i h\u00e4ndelse av fara f\u00f6r barnet.<br \/>\n<div id=\"tablepress-50-scroll-wrapper\" class=\"tablepress-scroll-wrapper\">\n\n<table id=\"tablepress-50\" class=\"tablepress tablepress-id-50 tablepress-responsive\">\n<tbody class=\"row-striping row-hover\">\n<tr class=\"row-1\">\n\t<td class=\"column-1\">Certifiering<\/td><td class=\"column-2\">R129 (i-Size)<\/td>\n<\/tr>\n<tr class=\"row-2\">\n\t<td class=\"column-1\">Barnets storlek<\/td><td class=\"column-2\">Fr\u00e5n 45 till 105 cm<\/td>\n<\/tr>\n<tr class=\"row-3\">\n\t<td class=\"column-1\">Barnets \u00e5lder<\/td><td class=\"column-2\">Fr\u00e5n 0 m\u00e5nader till ca 4 \u00e5r.<\/td>\n<\/tr>\n<tr class=\"row-4\">\n\t<td class=\"column-1\">Barnets vikt<\/td><td class=\"column-2\">18 kg max.<\/td>\n<\/tr>\n<tr class=\"row-5\">\n\t<td class=\"column-1\">Montering av bilbarnstolen<\/td><td class=\"column-2\"><a href=\"https:\/\/action.metaffiliation.com\/trk.php?mclic=P4F9AB571995171&amp;redir=https%3A%2F%2Fwww.allobebe.fr%2Fbase-z-black-aCY030953831.html\" target=\"_blank\" rel=\"nofollow noopener noreferrer\">Bas Z<\/a> med fj\u00e4derben<\/td>\n<\/tr>\n<tr class=\"row-6\">\n\t<td class=\"column-1\">Fasth\u00e5llningsanordning f\u00f6r barn<\/td><td class=\"column-2\">5-punktssele<\/td>\n<\/tr>\n<tr class=\"row-7\">\n\t<td class=\"column-1\">Vridbar bilbarnstol<\/td><td class=\"column-2\"><center><img loading=\"lazy\" decoding=\"async\" src=\"https:\/\/monsiegeautobebe.fr\/wp-content\/uploads\/2019\/03\/icon-yes.png\" alt=\"\" width=\"16\" height=\"16\" class=\"aligncenter size-full wp-image-693\" \/><\/center><\/td>\n<\/tr>\n<tr class=\"row-8\">\n\t<td class=\"column-1\">Reduktion f\u00f6r nyf\u00f6dda<\/td><td class=\"column-2\"><center><img loading=\"lazy\" decoding=\"async\" src=\"https:\/\/monsiegeautobebe.fr\/wp-content\/uploads\/2019\/03\/icon-no.png\" alt=\"\" width=\"16\" height=\"16\" class=\"aligncenter size-full wp-image-693\" \/><\/center><\/td>\n<\/tr>\n<tr class=\"row-9\">\n\t<td class=\"column-1\">Sittplatsens position<\/td><td class=\"column-2\">V\u00e4g tillbaka (45 till 105 cm)<br \/>\nV\u00e4gkant (76 till 105 cm)<\/td>\n<\/tr>\n<\/tbody>\n<\/table>\n\n<\/div><!-- #tablepress-50 from cache -->\n<p><center><a href=\"https:\/\/action.metaffiliation.com\/trk.php?mclic=P4F9AB571995171&amp;redir=https%3A%2F%2Fwww.allobebe.fr%2Fsiege-auto-sirona-z-G3402-1.html\" class=\"sc-button sc-button-default sc-button-medium\" target=\"_blank\" rel=\"noopener\"><span>SE DET B\u00c4STA PRISET<br \/>\nCYBEX SIRONA Z I-SIZE<\/span><\/a><\/center><\/p>\n<ul>\n<li><em>Cybex Sirona Z R i-Size (med bas)<\/em><\/li>\n<\/ul>\n<p><a href=\"https:\/\/monsiegeautobebe.fr\/wp-content\/uploads\/2019\/11\/cybex-sirona-z-r-i-size-resultat-crash-test-adac-2019.jpg\"><img loading=\"lazy\" decoding=\"async\" class=\"alignleft size-full wp-image-2993\" src=\"https:\/\/monsiegeautobebe.fr\/wp-content\/uploads\/2019\/11\/cybex-sirona-z-r-i-size-resultat-crash-test-adac-2019.jpg\" alt=\"ADAC krocktestresultat f\u00f6r Cybex Sirona Z R i-Size\" width=\"250\" height=\"213\" srcset=\"https:\/\/www.monsiegeautobebe.fr\/wp-content\/uploads\/2019\/11\/cybex-sirona-z-r-i-size-resultat-crash-test-adac-2019.jpg 1000w, https:\/\/www.monsiegeautobebe.fr\/wp-content\/uploads\/2019\/11\/cybex-sirona-z-r-i-size-resultat-crash-test-adac-2019-600x510.jpg 600w, https:\/\/www.monsiegeautobebe.fr\/wp-content\/uploads\/2019\/11\/cybex-sirona-z-r-i-size-resultat-crash-test-adac-2019-300x255.jpg 300w, https:\/\/www.monsiegeautobebe.fr\/wp-content\/uploads\/2019\/11\/cybex-sirona-z-r-i-size-resultat-crash-test-adac-2019-768x653.jpg 768w\" sizes=\"(max-width: 250px) 100vw, 250px\" \/><\/a><br \/>\nLe <a href=\"https:\/\/www.monsiegeautobebe.fr\/sv\/comparatif-sieges-auto-bebe-cybex-sirona\/\" target=\"_blank\" rel=\"noopener noreferrer\">Sirona Z R i-Size<\/a> \u00e4r en karbonkopia av <strong>Sirona Z<\/strong> med ett undantag, <strong>den kan endast anv\u00e4ndas i bak\u00e5tv\u00e4nt l\u00e4ge<\/strong>. Detta \u00e4r en av anledningarna till att <a href=\"https:\/\/www.monsiegeautobebe.fr\/sv\/plus-test-suedois-pour-la-securite-des-sieges-auto-bebe\/\" target=\"_blank\" rel=\"noopener noreferrer\">kunde han avl\u00e4gga det mycket sv\u00e5ra Plus Test Su\u00e9dois<\/a>. Dess m\u00e5nga inbyggda s\u00e4kerhetsfunktioner och <strong>180\u00b0 vridbar<\/strong> till fordonsd\u00f6rren, vilket g\u00f6r den dagliga anv\u00e4ndningen mycket enklare. Den <strong>Sirona Z R i-Size<\/strong> kan endast installeras i en bil med <a href=\"https:\/\/action.metaffiliation.com\/trk.php?mclic=P4F9AB571995171&amp;redir=https%3A%2F%2Fwww.allobebe.fr%2Fbase-z-black-aCY030953831.html\" target=\"_blank\" rel=\"nofollow noopener noreferrer\">Bas Z<\/a> \u00e4ven kompatibel med Cloud Z i-Size babyskal eller Sirona Z i-Size.<br \/>\n<div id=\"tablepress-51-scroll-wrapper\" class=\"tablepress-scroll-wrapper\">\n\n<table id=\"tablepress-51\" class=\"tablepress tablepress-id-51 tablepress-responsive\">\n<tbody class=\"row-striping row-hover\">\n<tr class=\"row-1\">\n\t<td class=\"column-1\">Certifiering<\/td><td class=\"column-2\">R129 (i-Size)<\/td>\n<\/tr>\n<tr class=\"row-2\">\n\t<td class=\"column-1\">Barnets storlek<\/td><td class=\"column-2\">Fr\u00e5n 45 till 105 cm<\/td>\n<\/tr>\n<tr class=\"row-3\">\n\t<td class=\"column-1\">Barnets \u00e5lder<\/td><td class=\"column-2\">Fr\u00e5n f\u00f6dseln till 4 \u00e5r ca.<\/td>\n<\/tr>\n<tr class=\"row-4\">\n\t<td class=\"column-1\">Barnets vikt<\/td><td class=\"column-2\">18 kg max.<\/td>\n<\/tr>\n<tr class=\"row-5\">\n\t<td class=\"column-1\">Montering av bilbarnstolen<\/td><td class=\"column-2\"><a href=\"https:\/\/action.metaffiliation.com\/trk.php?mclic=P4F9AB571995171&amp;redir=https%3A%2F%2Fwww.allobebe.fr%2Fbase-z-black-aCY030953831.html\" target=\"_blank\" rel=\"nofollow noopener noreferrer\">Bas Z<\/a> med fj\u00e4derben<\/td>\n<\/tr>\n<tr class=\"row-6\">\n\t<td class=\"column-1\">Fasth\u00e5llningsanordning f\u00f6r barn<\/td><td class=\"column-2\">5-punktssele<\/td>\n<\/tr>\n<tr class=\"row-7\">\n\t<td class=\"column-1\">Vridbar bilbarnstol<\/td><td class=\"column-2\"><center><img loading=\"lazy\" decoding=\"async\" src=\"https:\/\/monsiegeautobebe.fr\/wp-content\/uploads\/2019\/03\/icon-yes.png\" alt=\"\" width=\"16\" height=\"16\" class=\"aligncenter size-full wp-image-693\" \/><\/center><\/td>\n<\/tr>\n<tr class=\"row-8\">\n\t<td class=\"column-1\">Reduktion f\u00f6r nyf\u00f6dda<\/td><td class=\"column-2\"><center><img loading=\"lazy\" decoding=\"async\" src=\"https:\/\/monsiegeautobebe.fr\/wp-content\/uploads\/2019\/03\/icon-no.png\" alt=\"\" width=\"16\" height=\"16\" class=\"aligncenter size-full wp-image-693\" \/><\/center><\/td>\n<\/tr>\n<tr class=\"row-9\">\n\t<td class=\"column-1\">Sittplatsens position<\/td><td class=\"column-2\">Tillbaka till v\u00e4gen<\/td>\n<\/tr>\n<\/tbody>\n<\/table>\n\n<\/div><!-- #tablepress-51 from cache -->\n<p><center><a href=\"https:\/\/www.uberkids.com\/eu\/cybex-sirona-z-r-i-size-car-seat-2009648\/\" class=\"sc-button sc-button-default sc-button-medium\" target=\"_blank\" rel=\"noopener\"><span>SE DET B\u00c4STA PRISET<br \/>\nCYBEX SIRONA Z R I-SIZE<\/span><\/a><\/center><\/p>\n<ul>\n<li><em>Nuna Norr<\/em><\/li>\n<\/ul>\n<p>&nbsp;<\/p>\n<p><a href=\"https:\/\/monsiegeautobebe.fr\/wp-content\/uploads\/2019\/11\/nuna-norr-resultat-crash-test-adac-2019.jpg\"><img loading=\"lazy\" decoding=\"async\" class=\"alignleft size-full wp-image-3016\" src=\"https:\/\/monsiegeautobebe.fr\/wp-content\/uploads\/2019\/11\/nuna-norr-resultat-crash-test-adac-2019.jpg\" alt=\"ADAC krocktestresultat f\u00f6r Nuna Norr\" width=\"250\" height=\"213\" srcset=\"https:\/\/www.monsiegeautobebe.fr\/wp-content\/uploads\/2019\/11\/nuna-norr-resultat-crash-test-adac-2019.jpg 1000w, https:\/\/www.monsiegeautobebe.fr\/wp-content\/uploads\/2019\/11\/nuna-norr-resultat-crash-test-adac-2019-600x510.jpg 600w, https:\/\/www.monsiegeautobebe.fr\/wp-content\/uploads\/2019\/11\/nuna-norr-resultat-crash-test-adac-2019-300x255.jpg 300w, https:\/\/www.monsiegeautobebe.fr\/wp-content\/uploads\/2019\/11\/nuna-norr-resultat-crash-test-adac-2019-768x653.jpg 768w\" sizes=\"(max-width: 250px) 100vw, 250px\" \/><\/a>Le <strong>Nuna Norr<\/strong> \u00e4r identisk med Nuna Rebl Plus men kan endast anv\u00e4ndas i <strong>bak\u00e5tv\u00e4nd position<\/strong> f\u00f6r \u00f6kad s\u00e4kerhet. Innehavare av <strong>Fler tester<\/strong>Denna modell \u00e4r godk\u00e4nd i enlighet med <strong>R129 (i-Size)<\/strong> f\u00f6r barn fr\u00e5n <strong>40 till 105 cm<\/strong> (fr\u00e5n f\u00f6dseln till cirka 4 \u00e5r) och en h\u00f6gsta vikt p\u00e5 <strong>18,5 kg<\/strong>. S\u00e4tet \u00e4r snabbt och enkelt att installera med ISOFIX-f\u00e4sten. Denna modell \u00e4r utrustad med <strong>ett sv\u00e4ngbart skrov<\/strong> s\u00e5 att den kan riktas mot d\u00f6rren f\u00f6r att <strong>g\u00f6ra det l\u00e4ttare f\u00f6r ditt barn att komma till r\u00e4tta<\/strong>. F\u00f6r \u00f6kad s\u00e4kerhet och komfort \u00e4r Nuna Norr ocks\u00e5 utrustad med en <strong>reducerare f\u00f6r nyf\u00f6dda<\/strong> flyttbar <strong>minnesskum<\/strong>flera <strong>skyddsanordningar<\/strong> mot slag, eller till och med en <strong>lutning<\/strong> och en <strong>justerbara nackst\u00f6d<\/strong> f\u00f6r alla \u00e5ldrar.<br \/>\n<div id=\"tablepress-53-scroll-wrapper\" class=\"tablepress-scroll-wrapper\">\n\n<table id=\"tablepress-53\" class=\"tablepress tablepress-id-53 tablepress-responsive\">\n<tbody class=\"row-striping row-hover\">\n<tr class=\"row-1\">\n\t<td class=\"column-1\">Certifiering<\/td><td class=\"column-2\">R129 (i-Size)<\/td>\n<\/tr>\n<tr class=\"row-2\">\n\t<td class=\"column-1\">Barnets storlek<\/td><td class=\"column-2\">Fr\u00e5n 40 till 105 cm<\/td>\n<\/tr>\n<tr class=\"row-3\">\n\t<td class=\"column-1\">Barnets \u00e5lder<\/td><td class=\"column-2\">Fr\u00e5n f\u00f6dseln till 4 \u00e5r ca.<\/td>\n<\/tr>\n<tr class=\"row-4\">\n\t<td class=\"column-1\">Barnets vikt<\/td><td class=\"column-2\">18 kg max.<\/td>\n<\/tr>\n<tr class=\"row-5\">\n\t<td class=\"column-1\">Montering av bilbarnstolen<\/td><td class=\"column-2\">ISOFIX-bas med fj\u00e4derben<\/td>\n<\/tr>\n<tr class=\"row-6\">\n\t<td class=\"column-1\">Fasth\u00e5llningsanordning f\u00f6r barn<\/td><td class=\"column-2\">5-punktssele<\/td>\n<\/tr>\n<tr class=\"row-7\">\n\t<td class=\"column-1\">Vridbar bilbarnstol<\/td><td class=\"column-2\"><center><img loading=\"lazy\" decoding=\"async\" src=\"https:\/\/monsiegeautobebe.fr\/wp-content\/uploads\/2019\/03\/icon-yes.png\" alt=\"\" width=\"16\" height=\"16\" class=\"aligncenter size-full wp-image-693\" \/><\/center><\/td>\n<\/tr>\n<tr class=\"row-8\">\n\t<td class=\"column-1\">Reduktion f\u00f6r nyf\u00f6dda<\/td><td class=\"column-2\"><center><img loading=\"lazy\" decoding=\"async\" src=\"https:\/\/monsiegeautobebe.fr\/wp-content\/uploads\/2019\/03\/icon-yes.png\" alt=\"\" width=\"16\" height=\"16\" class=\"aligncenter size-full wp-image-693\" \/><\/center><\/td>\n<\/tr>\n<tr class=\"row-9\">\n\t<td class=\"column-1\">Sittplatsens position<\/td><td class=\"column-2\">Tillbaka till v\u00e4gen<\/td>\n<\/tr>\n<\/tbody>\n<\/table>\n\n<\/div><!-- #tablepress-53 from cache -->\n<p><center><a href=\"https:\/\/www.uberkids.com\/eu\/nuna-norr-i-size-car-seat-nuncs08800cvrgl\/\" class=\"sc-button sc-button-default sc-button-medium\" target=\"_blank\" rel=\"noopener\"><span>SE DET B\u00c4STA PRISET<br \/>\nNUNA NORR<\/span><\/a><\/center><\/p>\n<ul>\n<li><em>BeSafe iZi Modul\u00e4r RF i-Size<\/em><\/li>\n<\/ul>\n<p><a href=\"https:\/\/monsiegeautobebe.fr\/wp-content\/uploads\/2019\/11\/besafe-izi-modular-rf-i-size-resultat-crash-test-adac-2019.jpg\"><img loading=\"lazy\" decoding=\"async\" class=\"alignleft size-full wp-image-3018\" src=\"https:\/\/monsiegeautobebe.fr\/wp-content\/uploads\/2019\/11\/besafe-izi-modular-rf-i-size-resultat-crash-test-adac-2019.jpg\" alt=\"ADAC:s krocktestresultat f\u00f6r BeSafe iZi Modular RF i-Size\" width=\"250\" height=\"213\" srcset=\"https:\/\/www.monsiegeautobebe.fr\/wp-content\/uploads\/2019\/11\/besafe-izi-modular-rf-i-size-resultat-crash-test-adac-2019.jpg 1000w, https:\/\/www.monsiegeautobebe.fr\/wp-content\/uploads\/2019\/11\/besafe-izi-modular-rf-i-size-resultat-crash-test-adac-2019-600x510.jpg 600w, https:\/\/www.monsiegeautobebe.fr\/wp-content\/uploads\/2019\/11\/besafe-izi-modular-rf-i-size-resultat-crash-test-adac-2019-300x255.jpg 300w, https:\/\/www.monsiegeautobebe.fr\/wp-content\/uploads\/2019\/11\/besafe-izi-modular-rf-i-size-resultat-crash-test-adac-2019-768x653.jpg 768w\" sizes=\"(max-width: 250px) 100vw, 250px\" \/><\/a>Le <strong>BeSafe iZi Modul\u00e4r RF i-Size<\/strong> \u00e4r godk\u00e4nd i enlighet med de senaste europeiska best\u00e4mmelserna <strong>R129 (i-Size)<\/strong> f\u00f6r barn fr\u00e5n <strong>61 till 105 cm<\/strong> (fr\u00e5n ca 6 m\u00e5nader till ca 4 \u00e5r). Detta s\u00e4te f\u00e5r endast monteras p\u00e5 <a href=\"https:\/\/action.metaffiliation.com\/trk.php?mclic=P4F9AB571995171&amp;redir=https%3A%2F%2Fwww.allobebe.fr%2Fbase-izi-modular-i-size-aES031095005.html\" target=\"_blank\" rel=\"nofollow noopener noreferrer\">bas iZi Modular i-Size<\/a> med vilken den endast f\u00e5r anv\u00e4ndas i <strong>bak\u00e5tv\u00e4nd position<\/strong> (RF = bak\u00e5tv\u00e4nd). Detta gjorde det m\u00f6jligt f\u00f6r f\u00f6retaget att framg\u00e5ngsrikt erh\u00e5lla <a href=\"https:\/\/www.monsiegeautobebe.fr\/sv\/plus-test-suedois-pour-la-securite-des-sieges-auto-bebe\/\" target=\"_blank\" rel=\"noopener noreferrer\">Plustestet<\/a>. Omv\u00e4nt g\u00e4ller att <a href=\"https:\/\/action.metaffiliation.com\/trk.php?mclic=P4F9AB571995171&amp;redir=https%3A%2F%2Fwww.allobebe.fr%2Fsiege-auto-izi-modular-i-size-black-cab-groupe-01-aES032100645.html\" target=\"_blank\" rel=\"nofollow noopener noreferrer\">BeSafe iZi Modul\u00e4r i-Size<\/a> och <a href=\"https:\/\/action.metaffiliation.com\/trk.php?mclic=P494DD5719952191&amp;redir=https%3A%2F%2Fwww.roseoubleu.fr%2Fbesafe-siege-auto-pivotant-izi-modular-x1-i-size-cloud-melange-2020-a287007.html\" target=\"_blank\" rel=\"nofollow noopener noreferrer\">iZi Modular X1 i-Size<\/a>99%, identisk med iZi Modular RF i-Size, kan anv\u00e4ndas f\u00f6r b\u00e5de <strong>tillbaka till v\u00e4gen<\/strong> att <strong>att m\u00f6ta v\u00e4gen<\/strong>. L'<strong>iZi Modular RF i-Size<\/strong> tack vare ISOFIX-basen, kan <strong>justera tillg\u00e4ngligt utrymme<\/strong> benst\u00f6d i 3 positioner. Den \u00e4r ocks\u00e5 utrustad med en <strong>energiabsorberande system<\/strong>av <strong>sidoskydd<\/strong> (SIP), en <strong>justerbart nackst\u00f6d<\/strong>flera <strong>lutningsl\u00e4gen<\/strong> eller en <strong>reducerare f\u00f6r nyf\u00f6dda<\/strong> avtagbart minnesskum.<\/p>\n<p>La <a href=\"https:\/\/action.metaffiliation.com\/trk.php?mclic=P4F9AB571995171&amp;redir=https%3A%2F%2Fwww.allobebe.fr%2Fbase-izi-modular-i-size-aES031095005.html\" target=\"_blank\" rel=\"nofollow noopener noreferrer\">bas iZi Modular i-Size<\/a> kan anv\u00e4ndas med f\u00f6ljande bilbarnstolar och skal :<\/p>\n<ol>\n<li style=\"list-style-type: none;\">\n<ul>\n<li><a href=\"http:\/\/&lt;a href=\" target=\"_blank\" rel=\"nofollow noopener\">BeSafe iZi GO Modul\u00e4r i-Size<\/a><img loading=\"lazy\" decoding=\"async\" src=\"https:\/\/tracking.publicidees.com\/link.php?progid=605&amp;partid=53816\" width=\"1\" height=\"1\" \/><\/li>\n<li><a href=\"https:\/\/action.metaffiliation.com\/trk.php?mclic=P494DD5719952191&amp;redir=https%3A%2F%2Fwww.roseoubleu.fr%2Fbesafe-siege-auto-cosi-izi-go-modular-x1-i-size-fresh-black-cab-a274264.html\" target=\"_blank\" rel=\"nofollow noopener noreferrer\">BeSafe iZi GO Modul\u00e4r X1 i-Size<\/a> (ny version av iZi GO Modular i-Size)<\/li>\n<li><a href=\"https:\/\/action.metaffiliation.com\/trk.php?mclic=P4F9AB571995171&amp;redir=https%3A%2F%2Fwww.allobebe.fr%2Fsiege-auto-izi-modular-i-size-black-cab-groupe-01-aES032100645.html\" target=\"_blank\" rel=\"nofollow noopener noreferrer\">BeSafe iZi Modul\u00e4r i-Size<\/a><\/li>\n<li><a href=\"https:\/\/action.metaffiliation.com\/trk.php?mclic=P494DD5719952191&amp;redir=https%3A%2F%2Fwww.roseoubleu.fr%2Fbesafe-siege-auto-pivotant-izi-modular-x1-i-size-cloud-melange-2020-a287007.html\" target=\"_blank\" rel=\"nofollow noopener noreferrer\">BeSafe iZi Modular X1 i-Size<\/a> (ny version av iZi Modular i-Size)<\/li>\n<li><a href=\"https:\/\/action.metaffiliation.com\/trk.php?mclic=P494DD5719952191&amp;redir=https%3A%2F%2Fwww.roseoubleu.fr%2Fbesafe-siege-auto-izi-modular-i-size-rf-x1-burgundy-melange-2020-a286994.html\" target=\"_blank\" rel=\"nofollow noopener noreferrer\">BeSafe iZi Modul\u00e4r RF X1 i-Size<\/a> (ny version av iZi Modular RF i-Size)<\/li>\n<\/ul>\n<\/li>\n<\/ol>\n<ul>\n<li style=\"list-style-type: none;\">\n<ul><div id=\"tablepress-54-scroll-wrapper\" class=\"tablepress-scroll-wrapper\">\n\n<table id=\"tablepress-54\" class=\"tablepress tablepress-id-54 tablepress-responsive\">\n<tbody class=\"row-striping row-hover\">\n<tr class=\"row-1\">\n\t<td class=\"column-1\">Certifiering<\/td><td class=\"column-2\">R129 (i-Size)<\/td>\n<\/tr>\n<tr class=\"row-2\">\n\t<td class=\"column-1\">Barnets storlek<\/td><td class=\"column-2\">Fr\u00e5n 61 till 105 cm<\/td>\n<\/tr>\n<tr class=\"row-3\">\n\t<td class=\"column-1\">Barnets \u00e5lder<\/td><td class=\"column-2\">Fr\u00e5n 6 m\u00e5nader till ca 4 \u00e5r.<\/td>\n<\/tr>\n<tr class=\"row-4\">\n\t<td class=\"column-1\">Barnets vikt<\/td><td class=\"column-2\">18 kg max.<\/td>\n<\/tr>\n<tr class=\"row-5\">\n\t<td class=\"column-1\">Montering av bilbarnstolen<\/td><td class=\"column-2\">Bas <a href=\"https:\/\/action.metaffiliation.com\/trk.php?mclic=P4F9AB571995171&amp;redir=https%3A%2F%2Fwww.allobebe.fr%2Fbase-izi-modular-i-size-aES031095005.html\" target=\"_blank\" rel=\"nofollow noopener noreferrer\">iZi Modular i-Size<\/a> med fj\u00e4derben<\/td>\n<\/tr>\n<tr class=\"row-6\">\n\t<td class=\"column-1\">Fasth\u00e5llningsanordning f\u00f6r barn<\/td><td class=\"column-2\">5-punktssele<\/td>\n<\/tr>\n<tr class=\"row-7\">\n\t<td class=\"column-1\">Vridbar bilbarnstol<\/td><td class=\"column-2\"><center><img loading=\"lazy\" decoding=\"async\" src=\"https:\/\/monsiegeautobebe.fr\/wp-content\/uploads\/2019\/03\/icon-no.png\" alt=\"\" width=\"16\" height=\"16\" class=\"aligncenter size-full wp-image-693\" \/><\/center><\/td>\n<\/tr>\n<tr class=\"row-8\">\n\t<td class=\"column-1\">Reduktion f\u00f6r nyf\u00f6dda<\/td><td class=\"column-2\"><center><img loading=\"lazy\" decoding=\"async\" src=\"https:\/\/monsiegeautobebe.fr\/wp-content\/uploads\/2019\/03\/icon-yes.png\" alt=\"\" width=\"16\" height=\"16\" class=\"aligncenter size-full wp-image-693\" \/><\/center><\/td>\n<\/tr>\n<tr class=\"row-9\">\n\t<td class=\"column-1\">Sittplatsens position<\/td><td class=\"column-2\">Tillbaka till v\u00e4gen<\/td>\n<\/tr>\n<\/tbody>\n<\/table>\n\n<\/div><!-- #tablepress-54 from cache --><\/ul>\n<\/li>\n<\/ul>\n<p>&nbsp;<\/p>\n<p><center><a href=\"https:\/\/www.uberkids.com\/eu\/besafe-izi-modular-rf-i-size-car-seat-1182491\/\" class=\"sc-button sc-button-default sc-button-medium\" target=\"_blank\" rel=\"noopener\"><span>SE DET B\u00c4STA PRISET<br \/>\nBESAFE IZI MODUL\u00c4R RF I-STORLEK<\/span><\/a><\/center><\/p>\n<ul>\n<li>B\u00e4ltesstolar (fr\u00e5n 4 till 12 \u00e5r ca.)<\/li>\n<\/ul>\n<p>Den <strong>b\u00e4ltesstolar<\/strong> \u00e4r utformade f\u00f6r att anpassa barnet till <strong>s\u00e4kerhetsb\u00e4lte f\u00f6r vuxen<\/strong> av fordonet f\u00f6r att skydda barnet <em>till 12 \u00e5rs \u00e5lder.<\/em> \u00c4ven om det \u00e4r m\u00f6jligt att anv\u00e4nda en <a href=\"https:\/\/www.monsiegeautobebe.fr\/sv\/quel-rehausseur-voiture-enfant-choisir\/\" target=\"_blank\" rel=\"noopener\">b\u00e4ltesstol f\u00f6r bil<\/a> fr\u00e5n 3 \u00e5rs \u00e5lder f\u00f6redra anv\u00e4ndning av en <strong><a href=\"https:\/\/www.monsiegeautobebe.fr\/sv\/bakatvand-bilbarnstol-bast-i-test\/\">bak\u00e5tv\u00e4nd bilbarnstol<\/a><\/strong> innan du v\u00e4xlar till <strong><a href=\"https:\/\/www.monsiegeautobebe.fr\/sv\/hur-valjer-du-din-baltesstol\/\">b\u00e4ltesstol f\u00f6r bil<\/a><\/strong>.<\/p>\n<p><center><a href=\"https:\/\/www.monsiegeautobebe.fr\/sv\/bakatvand-bilbarnstol-bast-i-test\/\" class=\"sc-button sc-button-default sc-button-MEDIUM\"><span>SE V\u00c5RT URVAL AV DE B\u00c4STA B\u00c4LTESKUDDARNA F\u00d6R BIL<\/span><\/a><\/center><\/p>\n<ul>\n<li><em>Britax R\u00f6mer Kidfix III M<\/em><\/li>\n<\/ul>\n<p><a href=\"https:\/\/monsiegeautobebe.fr\/wp-content\/uploads\/2019\/11\/britax-romer-kidfix-iii-m-resultat-crash-test-adac-2019.jpg\"><img loading=\"lazy\" decoding=\"async\" class=\"alignleft size-full wp-image-3017\" src=\"https:\/\/monsiegeautobebe.fr\/wp-content\/uploads\/2019\/11\/britax-romer-kidfix-iii-m-resultat-crash-test-adac-2019.jpg\" alt=\"ADAC:s krocktestresultat f\u00f6r Britax KIDFIX III M b\u00e4lteskudde\" width=\"250\" height=\"213\" srcset=\"https:\/\/www.monsiegeautobebe.fr\/wp-content\/uploads\/2019\/11\/britax-romer-kidfix-iii-m-resultat-crash-test-adac-2019.jpg 1000w, https:\/\/www.monsiegeautobebe.fr\/wp-content\/uploads\/2019\/11\/britax-romer-kidfix-iii-m-resultat-crash-test-adac-2019-600x510.jpg 600w, https:\/\/www.monsiegeautobebe.fr\/wp-content\/uploads\/2019\/11\/britax-romer-kidfix-iii-m-resultat-crash-test-adac-2019-300x255.jpg 300w, https:\/\/www.monsiegeautobebe.fr\/wp-content\/uploads\/2019\/11\/britax-romer-kidfix-iii-m-resultat-crash-test-adac-2019-768x653.jpg 768w\" sizes=\"(max-width: 250px) 100vw, 250px\" \/><\/a><br \/>\nLe <strong>Kidfix III M<\/strong> \u00e4r en b\u00e4ltesstol med ryggst\u00f6d som godk\u00e4nts i enlighet med <strong>reglering R44\/04<\/strong>. Det \u00e4r en bekv\u00e4m och elegant modell i 2\/3-gruppen f\u00f6r barn fr\u00e5n <strong>15 till 36 kg<\/strong> (\u00e5ldrarna 4 till 12 ca.). Le <strong>Kidfix III M<\/strong> har s\u00e4rskilda s\u00e4kerhetssystem som t.ex. <strong>skydd mot sidokollisioner<\/strong> (SICT) eller <strong>SecureGuard<\/strong> som fungerar som en <strong>fj\u00e4rde h\u00e5llplats<\/strong> f\u00f6r att f\u00f6rb\u00e4ttra s\u00e4kerhetsb\u00e4ltets position. Den har ocks\u00e5 en <strong>justerbart nackst\u00f6d<\/strong> och en <strong>V-format ryggst\u00f6d<\/strong> f\u00f6r att anpassa sig till barnens tillv\u00e4xt. Den <strong>Britax Kidfix III M<\/strong> kan installeras med hj\u00e4lp av <strong>s\u00e4kerhetsb\u00e4lte<\/strong> och <strong>punkter av <a href=\"https:\/\/www.monsiegeautobebe.fr\/sv\/isofix-fasten-bilbarnstolar\/\">ISOFIX-f\u00e4ste<\/a><\/strong> eller helt enkelt med <strong>3-punkts s\u00e4kerhetsb\u00e4lte<\/strong> av fordonet<\/p>\n<div id=\"tablepress-55-scroll-wrapper\" class=\"tablepress-scroll-wrapper\">\n\n<table id=\"tablepress-55\" class=\"tablepress tablepress-id-55 tablepress-responsive\">\n<tbody class=\"row-striping row-hover\">\n<tr class=\"row-1\">\n\t<td class=\"column-1\">Certifiering<\/td><td class=\"column-2\">R44\/04<\/td>\n<\/tr>\n<tr class=\"row-2\">\n\t<td class=\"column-1\">Barnets vikt<\/td><td class=\"column-2\">Grupp 2\/3<br \/>\n(15 - 36 kg)<\/td>\n<\/tr>\n<tr class=\"row-3\">\n\t<td class=\"column-1\">Barnets \u00e5lder<\/td><td class=\"column-2\">Fr\u00e5n 4 till 12 \u00e5r ca.<\/td>\n<\/tr>\n<tr class=\"row-4\">\n\t<td class=\"column-1\">Montering av bilbarnstolen<\/td><td class=\"column-2\">S\u00e4kerhetsb\u00e4lte eller ISOFIX<\/td>\n<\/tr>\n<tr class=\"row-5\">\n\t<td class=\"column-1\">Fasth\u00e5llningsanordning f\u00f6r barn<\/td><td class=\"column-2\">S\u00e4kerhetsb\u00e4lten<\/td>\n<\/tr>\n<tr class=\"row-6\">\n\t<td class=\"column-1\">Sittplatsens position<\/td><td class=\"column-2\">Att m\u00f6ta v\u00e4gen<\/td>\n<\/tr>\n<\/tbody>\n<\/table>\n\n<\/div><!-- #tablepress-55 from cache --><p><center><a href=\"https:\/\/action.metaffiliation.com\/trk.php?mclic=P4F2915719951B1&amp;redir=https%3A%2F%2Fwww.autourdebebe.com%2Fp%2Fbritax1siegeautokidfixiiimcosmosblack%2Fsiege-auto-kidfix-iii-m-britax-romer\" class=\"sc-button sc-button-default sc-button-medium\" target=\"_blank\" rel=\"noopener\"><span>SE DET B\u00c4STA PRISET<br \/>\nBRITAX R\u00d6MER KIDFIX III M<\/span><\/a><\/center><\/p>\n<h2><span class=\"ez-toc-section\" id=\"Liste_Complete_des_Notes_aux_Crash-Tests_ADAC_TCS\"><\/span>Komplett lista \u00f6ver ADAC &amp; TCS krocktestresultat<span class=\"ez-toc-section-end\"><\/span><\/h2>\n<p>Bes\u00f6k <strong>den fullst\u00e4ndiga listan \u00f6ver slutresultat<\/strong> som erh\u00e5llits av de bilbarnstolar som utv\u00e4rderats under denna session av <strong>krocktester i maj 2019.<\/strong> F\u00f6r varje <strong>Storlekskategori<\/strong>Bilbarnstolarna \u00e4r rangordnade efter po\u00e4ng, <strong>fr\u00e5n det b\u00e4sta till det s\u00e4msta<\/strong>. F\u00f6r mer information om de kriterier som bed\u00f6mts och det po\u00e4ngsystem som anv\u00e4nts, se <a href=\"https:\/\/www.monsiegeautobebe.fr\/sv\/resultat-crash-test-siege-auto\/\" target=\"_blank\" rel=\"noopener noreferrer\">v\u00e5r artikel om krocktester<\/a> f\u00f6r alla svar.<br \/>\n<div class=\"sc-toggle\"><div class=\"sc-toggle-title active\"><a href=\"#\">Resultat fr\u00e5n ADAC:s krocktest (maj 2019)<\/a><\/div><div class=\"sc-toggle-content active\">\n<a href=\"https:\/\/monsiegeautobebe.fr\/wp-content\/uploads\/2020\/06\/2019-mai-resultat-crash-test-adac.jpg\"><img loading=\"lazy\" decoding=\"async\" class=\"aligncenter size-full wp-image-2894\" src=\"https:\/\/monsiegeautobebe.fr\/wp-content\/uploads\/2020\/06\/2019-mai-resultat-crash-test-adac.jpg\" alt=\"ADAC krocktestresultat f\u00f6r maj 2019\" width=\"900\" height=\"600\" srcset=\"https:\/\/www.monsiegeautobebe.fr\/wp-content\/uploads\/2020\/06\/2019-mai-resultat-crash-test-adac.jpg 1950w, https:\/\/www.monsiegeautobebe.fr\/wp-content\/uploads\/2020\/06\/2019-mai-resultat-crash-test-adac-600x400.jpg 600w, https:\/\/www.monsiegeautobebe.fr\/wp-content\/uploads\/2020\/06\/2019-mai-resultat-crash-test-adac-300x200.jpg 300w, https:\/\/www.monsiegeautobebe.fr\/wp-content\/uploads\/2020\/06\/2019-mai-resultat-crash-test-adac-1024x683.jpg 1024w, https:\/\/www.monsiegeautobebe.fr\/wp-content\/uploads\/2020\/06\/2019-mai-resultat-crash-test-adac-768x512.jpg 768w, https:\/\/www.monsiegeautobebe.fr\/wp-content\/uploads\/2020\/06\/2019-mai-resultat-crash-test-adac-1536x1024.jpg 1536w, https:\/\/www.monsiegeautobebe.fr\/wp-content\/uploads\/2020\/06\/2019-mai-resultat-crash-test-adac-104x69.jpg 104w\" sizes=\"(max-width: 900px) 100vw, 900px\" \/><\/a><br \/>\n<\/div><\/div>\n\n<div class=\"sc-toggle\"><div class=\"sc-toggle-title active\"><a href=\"#\">Resultat krocktester TCS (maj 2019)<\/a><\/div><div class=\"sc-toggle-content active\">\n<a href=\"https:\/\/monsiegeautobebe.fr\/wp-content\/uploads\/2020\/06\/resultat-crash-test-tcs-siege-enfant-mai-2019.jpg\"><img loading=\"lazy\" decoding=\"async\" class=\"aligncenter size-full wp-image-2881\" src=\"https:\/\/monsiegeautobebe.fr\/wp-content\/uploads\/2020\/06\/resultat-crash-test-tcs-siege-enfant-mai-2019.jpg\" alt=\"TCS krocktestresultat f\u00f6r maj 2019\" width=\"600\" height=\"871\" srcset=\"https:\/\/www.monsiegeautobebe.fr\/wp-content\/uploads\/2020\/06\/resultat-crash-test-tcs-siege-enfant-mai-2019.jpg 1000w, https:\/\/www.monsiegeautobebe.fr\/wp-content\/uploads\/2020\/06\/resultat-crash-test-tcs-siege-enfant-mai-2019-600x871.jpg 600w, https:\/\/www.monsiegeautobebe.fr\/wp-content\/uploads\/2020\/06\/resultat-crash-test-tcs-siege-enfant-mai-2019-207x300.jpg 207w, https:\/\/www.monsiegeautobebe.fr\/wp-content\/uploads\/2020\/06\/resultat-crash-test-tcs-siege-enfant-mai-2019-705x1024.jpg 705w, https:\/\/www.monsiegeautobebe.fr\/wp-content\/uploads\/2020\/06\/resultat-crash-test-tcs-siege-enfant-mai-2019-768x1115.jpg 768w\" sizes=\"(max-width: 600px) 100vw, 600px\" \/><\/a><\/div><\/div>","protected":false},"excerpt":{"rendered":"<p>F\u00f6r att \u00f6ka s\u00e4kerheten f\u00f6r barn i bilar testar ADAC och TCS regelbundet nya bilbarnstolsmodeller. Krocktesterna genomf\u00f6rs tv\u00e5 g\u00e5nger per \u00e5r, gemensamt av olika europeiska organ. F\u00f6r den h\u00e4r omg\u00e5ngen av krocktester i maj 2019 har 24 bilbarnstolar testats med avseende p\u00e5 s\u00e4kerhet och funktionalitet,<\/p>","protected":false},"author":2,"featured_media":2952,"comment_status":"open","ping_status":"open","sticky":false,"template":"","format":"standard","meta":{"footnotes":""},"categories":[13,32],"tags":[8,7,9],"class_list":{"0":"post-2879","1":"post","2":"type-post","3":"status-publish","4":"format-standard","5":"has-post-thumbnail","7":"category-crash-tests-adac","8":"category-crash-tests-adac-2019","9":"tag-adac","10":"tag-crash-tests","11":"tag-tcs"},"_links":{"self":[{"href":"https:\/\/www.monsiegeautobebe.fr\/sv\/wp-json\/wp\/v2\/posts\/2879","targetHints":{"allow":["GET"]}}],"collection":[{"href":"https:\/\/www.monsiegeautobebe.fr\/sv\/wp-json\/wp\/v2\/posts"}],"about":[{"href":"https:\/\/www.monsiegeautobebe.fr\/sv\/wp-json\/wp\/v2\/types\/post"}],"author":[{"embeddable":true,"href":"https:\/\/www.monsiegeautobebe.fr\/sv\/wp-json\/wp\/v2\/users\/2"}],"replies":[{"embeddable":true,"href":"https:\/\/www.monsiegeautobebe.fr\/sv\/wp-json\/wp\/v2\/comments?post=2879"}],"version-history":[{"count":0,"href":"https:\/\/www.monsiegeautobebe.fr\/sv\/wp-json\/wp\/v2\/posts\/2879\/revisions"}],"wp:featuredmedia":[{"embeddable":true,"href":"https:\/\/www.monsiegeautobebe.fr\/sv\/wp-json\/wp\/v2\/media\/2952"}],"wp:attachment":[{"href":"https:\/\/www.monsiegeautobebe.fr\/sv\/wp-json\/wp\/v2\/media?parent=2879"}],"wp:term":[{"taxonomy":"category","embeddable":true,"href":"https:\/\/www.monsiegeautobebe.fr\/sv\/wp-json\/wp\/v2\/categories?post=2879"},{"taxonomy":"post_tag","embeddable":true,"href":"https:\/\/www.monsiegeautobebe.fr\/sv\/wp-json\/wp\/v2\/tags?post=2879"}],"curies":[{"name":"wp","href":"https:\/\/api.w.org\/{rel}","templated":true}]}}