{"id":4898,"date":"2021-06-18T10:43:07","date_gmt":"2021-06-18T10:43:07","guid":{"rendered":"https:\/\/monsiegeautobebe.fr\/?p=4898"},"modified":"2021-12-17T19:04:07","modified_gmt":"2021-12-17T19:04:07","slug":"adac-testy-fotelikow-wiosna-2021","status":"publish","type":"post","link":"https:\/\/www.monsiegeautobebe.fr\/pl\/adac-testy-fotelikow-wiosna-2021\/","title":{"rendered":"Wyniki Test\u00f3w Fotelik\u00f3w Samochodowych ADAC (Maj 2021)"},"content":{"rendered":"<p>Dla rodzic\u00f3w bezpiecze\u0144stwo dzieci w samochodzie jest najwa\u017cniejsze. W\u0142a\u015bnie dlatego publikacja <a href=\"https:\/\/www.monsiegeautobebe.fr\/pl\/adac-testy-fotelikow-najnowsze\/\">Wyniki test\u00f3w zderzeniowych ADAC i TCS<\/a> to moment, na kt\u00f3ry zawsze warto czeka\u0107. Celem test\u00f3w zderzeniowych jest <strong>ocenia\u0107<\/strong> zachowanie ka\u017cdego modelu pod wzgl\u0119dem <strong>bezpiecze\u0144stwo, obs\u0142uga, ergonomia i zawarto\u015b\u0107 zanieczyszcze\u0144.<\/strong> Aby zagwarantowa\u0107 ich niezale\u017cno\u015b\u0107, testowane foteliki samochodowe s\u0105 wybierane przez same organizacje i kupowane ca\u0142kowicie anonimowo. Dla tych <strong>wst\u0119pne wyniki za 2021 r.<\/strong>ADAC, TCS i ich partnerzy zbadali <strong>26 modeli fotelik\u00f3w samochodowych<\/strong> wszystkich rozmiar\u00f3w i w ka\u017cdym wieku. Osiemna\u015bcie z tych fotelik\u00f3w zosta\u0142o ocenionych jako <strong>\"dobry\"<\/strong> podczas gdy trzy modele zosta\u0142y oznaczone jako <strong>\"zadowalaj\u0105cy<\/strong>. Ostatnie pi\u0119\u0107 modeli foteli zosta\u0142o ocenionych jako <strong>\"niewystarczaj\u0105cy<\/strong>. Przyczyn\u0105 by\u0142 <strong>nadmierna zawarto\u015b\u0107 zanieczyszcze\u0144<\/strong> dla czterech z nich i jednego <strong>powa\u017cna kwestia bezpiecze\u0144stwa<\/strong> dla tego ostatniego. W przeciwie\u0144stwie do <a href=\"https:\/\/www.monsiegeautobebe.fr\/pl\/resultats-crash-tests-sieges-auto-adac-tcs-octobre-2020\/\">poprzednia sesja test\u00f3w zderzeniowych w pa\u017adzierniku 2020 r.<\/a>\u017cadnemu modelowi nie uda\u0142o si\u0119 osi\u0105gn\u0105\u0107 wyniku <strong>\"bardzo dobry\".<\/strong><\/p>\n<p><iframe title=\"Test fotelik\u00f3w dzieci\u0119cych TCS 2021\" width=\"788\" height=\"443\" src=\"https:\/\/www.youtube.com\/embed\/oe2eFVqaJLg?feature=oembed\" frameborder=\"0\" allow=\"accelerometer; autoplay; clipboard-write; encrypted-media; gyroscope; picture-in-picture\" allowfullscreen><\/iframe><\/p>\n<div class=\"sc-toggle\"><div class=\"sc-toggle-title active\"><a href=\"#\">Lista fotelik\u00f3w samochodowych poddanych testom zderzeniowym (maj 2021)<\/a><\/div><div class=\"sc-toggle-content active\">\n<p><center>Babyzen Yoyo iZi Go Modular X1 i-Size by BeSafe + Base iZi Modular i-Size<br \/>\nMaxi-Cosi Tinca + Baza Tinca<br \/>\nStokke iZi Go Modular X1 i-Size by Besafe + Base iZi Modular i-Size<br \/>\nMaxi-Cosi Tinca<br \/>\nBabyzen iZi Go Modular X1 i-Size by BeSafe<br \/>\nStokke iZi Go Modular X1 i-Size by BeSafe<br \/>\nBeSafe iZi Go Modular X1 i-Size<br \/>\nBeSafe iZi Go Modular X1 i-Size + Base iZi Modular i-Size<br \/>\nPeg Perego Primo Viaggio Lounge + Base i-Size<br \/>\nSilver Cross Simplicity Plus + Simplifix Isofix Base<br \/>\nMaxi-Cosi Marble<br \/>\nChicco Kiros i-Size<br \/>\nSilver Cross Simplicity Plus<br \/>\nPeg Perego Primo Viaggio Lounge<br \/>\nChicco Kiros i-Size + Kiros i-Size Base<br \/>\nPeg Perego Primo Viaggio 360<br \/>\nOsann Oreo 360\u00b0<br \/>\nSwandoo Marie 2<br \/>\nAxkid One+<br \/>\n<a href=\"https:\/\/www.monsiegeautobebe.fr\/pl\/foteliki-samochodowe-axkid-one\/\">Axkid One<\/a><br \/>\nCybex Pallas G i-Size<br \/>\nRecaro Tian Elite<br \/>\nBritax R\u00f6mer Advansafix M i-Size<br \/>\nCybex Solution S i-Fix<br \/>\nJoie i-Traver<br \/>\nRecaro Mako Elite 2<\/center><\/div><\/div>\n\n<div id=\"ez-toc-container\" class=\"ez-toc-v2_0_82_2 counter-hierarchy ez-toc-counter ez-toc-grey ez-toc-container-direction\">\n<div class=\"ez-toc-title-container\">\n<p class=\"ez-toc-title\" style=\"cursor:inherit\">Zawarto\u015b\u0107<\/p>\n<span class=\"ez-toc-title-toggle\"><a href=\"#\" class=\"ez-toc-pull-right ez-toc-btn ez-toc-btn-xs ez-toc-btn-default ez-toc-toggle\" aria-label=\"Prze\u0142\u0105cznik Spisu Tre\u015bci\"><span class=\"ez-toc-js-icon-con\"><span class=\"\"><span class=\"eztoc-hide\" style=\"display:none;\">Toggle<\/span><span class=\"ez-toc-icon-toggle-span\"><svg style=\"fill: #999;color:#999\" xmlns=\"http:\/\/www.w3.org\/2000\/svg\" class=\"list-377408\" width=\"20px\" height=\"20px\" viewbox=\"0 0 24 24\" fill=\"none\"><path d=\"M6 6H4v2h2V6zm14 0H8v2h12V6zM4 11h2v2H4v-2zm16 0H8v2h12v-2zM4 16h2v2H4v-2zm16 0H8v2h12v-2z\" fill=\"currentColor\"><\/path><\/svg><svg style=\"fill: #999;color:#999\" class=\"arrow-unsorted-368013\" xmlns=\"http:\/\/www.w3.org\/2000\/svg\" width=\"10px\" height=\"10px\" viewbox=\"0 0 24 24\" version=\"1.2\" baseprofile=\"tiny\"><path d=\"M18.2 9.3l-6.2-6.3-6.2 6.3c-.2.2-.3.4-.3.7s.1.5.3.7c.2.2.4.3.7.3h11c.3 0 .5-.1.7-.3.2-.2.3-.5.3-.7s-.1-.5-.3-.7zM5.8 14.7l6.2 6.3 6.2-6.3c.2-.2.3-.5.3-.7s-.1-.5-.3-.7c-.2-.2-.4-.3-.7-.3h-11c-.3 0-.5.1-.7.3-.2.2-.3.5-.3.7s.1.5.3.7z\"\/><\/svg><\/span><\/span><\/span><\/a><\/span><\/div>\n<nav><ul class='ez-toc-list ez-toc-list-level-1 eztoc-toggle-hide-by-default' ><li class='ez-toc-page-1 ez-toc-heading-level-2'><a class=\"ez-toc-link ez-toc-heading-1\" href=\"https:\/\/www.monsiegeautobebe.fr\/pl\/adac-testy-fotelikow-wiosna-2021\/#Une_Presence_De_Polluants_Toujours_Excessive\" >Nadmierna obecno\u015b\u0107 zanieczyszcze\u0144<\/a><\/li><li class='ez-toc-page-1 ez-toc-heading-level-2'><a class=\"ez-toc-link ez-toc-heading-2\" href=\"https:\/\/www.monsiegeautobebe.fr\/pl\/adac-testy-fotelikow-wiosna-2021\/#Un_Niveau_De_Securite_Eleve\" >Wysoki poziom bezpiecze\u0144stwa<\/a><\/li><li class='ez-toc-page-1 ez-toc-heading-level-2'><a class=\"ez-toc-link ez-toc-heading-3\" href=\"https:\/\/www.monsiegeautobebe.fr\/pl\/adac-testy-fotelikow-wiosna-2021\/#Selection_des_Meilleurs_Sieges_Auto_Aux_Crash-Tests_Mai_2021\" >Wyb\u00f3r najlepiej przetestowanych fotelik\u00f3w samochodowych (maj 2021)<\/a><ul class='ez-toc-list-level-3' ><li class='ez-toc-heading-level-3'><a class=\"ez-toc-link ez-toc-heading-4\" href=\"https:\/\/www.monsiegeautobebe.fr\/pl\/adac-testy-fotelikow-wiosna-2021\/#Les_Cosy_Bebe_de_la_naissance_a_18_mois_env\" >Les Cosy B\u00e9b\u00e9 (od urodzenia do oko\u0142o 18 miesi\u0119cy)<\/a><ul class='ez-toc-list-level-4' ><li class='ez-toc-heading-level-4'><a class=\"ez-toc-link ez-toc-heading-5\" href=\"https:\/\/www.monsiegeautobebe.fr\/pl\/adac-testy-fotelikow-wiosna-2021\/#Babyzen_iZi_Go_Modular_X1_i-Size_Stokke_iZi_Go_Modular_X1_i-Size_avec_ou_sans_base\" >Babyzen iZi Go Modular X1 i-Size &amp; Stokke iZi Go Modular X1 i-Size (z podstaw\u0105 lub bez)<\/a><\/li><li class='ez-toc-page-1 ez-toc-heading-level-4'><a class=\"ez-toc-link ez-toc-heading-6\" href=\"https:\/\/www.monsiegeautobebe.fr\/pl\/adac-testy-fotelikow-wiosna-2021\/#Maxi-Cosi_Tinca_avec_ou_sans_base\" >Maxi-Cosi Tinca (z podstaw\u0105 lub bez)<\/a><\/li><li class='ez-toc-page-1 ez-toc-heading-level-4'><a class=\"ez-toc-link ez-toc-heading-7\" href=\"https:\/\/www.monsiegeautobebe.fr\/pl\/adac-testy-fotelikow-wiosna-2021\/#Peg_Perego_Primo_Viaggio_Lounge_avec_ou_sans_base\" >Peg Perego Primo Viaggio Lounge (z podstaw\u0105 lub bez)<\/a><\/li><li class='ez-toc-page-1 ez-toc-heading-level-4'><a class=\"ez-toc-link ez-toc-heading-8\" href=\"https:\/\/www.monsiegeautobebe.fr\/pl\/adac-testy-fotelikow-wiosna-2021\/#Silver_Cross_Simplicity_Plus_avec_ou_sans_base\" >Silver Cross Simplicity Plus (z podstaw\u0105 lub bez)<\/a><\/li><li class='ez-toc-page-1 ez-toc-heading-level-4'><a class=\"ez-toc-link ez-toc-heading-9\" href=\"https:\/\/www.monsiegeautobebe.fr\/pl\/adac-testy-fotelikow-wiosna-2021\/#Maxi-Cosi_Marble_avec_base\" >Maxi-Cosi Marble (z podstaw\u0105)<\/a><\/li><\/ul><\/li><li class='ez-toc-page-1 ez-toc-heading-level-3'><a class=\"ez-toc-link ez-toc-heading-10\" href=\"https:\/\/www.monsiegeautobebe.fr\/pl\/adac-testy-fotelikow-wiosna-2021\/#Les_Sieges_Auto_Enfants_de_la_naissance_a_7_ans_env\" >Foteliki samochodowe dla dzieci (od urodzenia do ok. 7 lat)<\/a><ul class='ez-toc-list-level-4' ><li class='ez-toc-heading-level-4'><a class=\"ez-toc-link ez-toc-heading-11\" href=\"https:\/\/www.monsiegeautobebe.fr\/pl\/adac-testy-fotelikow-wiosna-2021\/#Axkid_One_Axkid_One\" >Axkid One \/ Axkid One+<\/a><\/li><\/ul><\/li><li class='ez-toc-page-1 ez-toc-heading-level-3'><a class=\"ez-toc-link ez-toc-heading-12\" href=\"https:\/\/www.monsiegeautobebe.fr\/pl\/adac-testy-fotelikow-wiosna-2021\/#Les_Sieges_Auto_Evolutifs_de_la_naissance_a_12_ans_env\" >Foteliki samochodowe Evolutive (od urodzenia do ok. 12 lat)<\/a><ul class='ez-toc-list-level-4' ><li class='ez-toc-heading-level-4'><a class=\"ez-toc-link ez-toc-heading-13\" href=\"https:\/\/www.monsiegeautobebe.fr\/pl\/adac-testy-fotelikow-wiosna-2021\/#Cybex_Pallas_G_i-Size\" >Cybex Pallas G i-Size<\/a><\/li><\/ul><\/li><li class='ez-toc-page-1 ez-toc-heading-level-3'><a class=\"ez-toc-link ez-toc-heading-14\" href=\"https:\/\/www.monsiegeautobebe.fr\/pl\/adac-testy-fotelikow-wiosna-2021\/#Les_Rehausseurs_Voiture_de_4_a_12_ans_env\" >Foteliki podwy\u017cszaj\u0105ce (od ok. 4 do 12 lat)<\/a><ul class='ez-toc-list-level-4' ><li class='ez-toc-heading-level-4'><a class=\"ez-toc-link ez-toc-heading-15\" href=\"https:\/\/www.monsiegeautobebe.fr\/pl\/adac-testy-fotelikow-wiosna-2021\/#Cybex_Solution_S_i-Fix\" >Cybex Solution S i-Fix<\/a><\/li><li class='ez-toc-page-1 ez-toc-heading-level-4'><a class=\"ez-toc-link ez-toc-heading-16\" href=\"https:\/\/www.monsiegeautobebe.fr\/pl\/adac-testy-fotelikow-wiosna-2021\/#Joie_i-Traver\" >Joie i-Traver<\/a><\/li><\/ul><\/li><\/ul><\/li><li class='ez-toc-page-1 ez-toc-heading-level-2'><a class=\"ez-toc-link ez-toc-heading-17\" href=\"https:\/\/www.monsiegeautobebe.fr\/pl\/adac-testy-fotelikow-wiosna-2021\/#Liste_Complete_des_Notes_aux_Crash-Tests_ADAC_TCS_Mai_2021\" >Pe\u0142na lista wynik\u00f3w test\u00f3w zderzeniowych ADAC i TCS (maj 2021)<\/a><\/li><\/ul><\/nav><\/div>\n<h2><span class=\"ez-toc-section\" id=\"Une_Presence_De_Polluants_Toujours_Excessive\"><\/span>Nadmierna obecno\u015b\u0107 zanieczyszcze\u0144<span class=\"ez-toc-section-end\"><\/span><\/h2>\n<p>Od momentu w\u0142\u0105czenia do kryteri\u00f3w oceny, nadmierna obecno\u015b\u0107 niekt\u00f3rych zanieczyszcze\u0144 systematycznie prowadzi do <strong>dewaluacja oceny ko\u0144cowej<\/strong> danych miejsc. Pomimo <strong>doskona\u0142e wyniki<\/strong> pod wzgl\u0119dem bezpiecze\u0144stwa, cztery modele foteli zawiod\u0142y ze wzgl\u0119du na obecno\u015b\u0107 <strong>substancje toksyczne<\/strong> w pokrowcach tapicerskich. Odwied\u017a <strong>BeSafe iZi Go Modular X1 i-Size, Swandoo Marie 2<\/strong> i<strong>Osann Oreo 360<\/strong> zosta\u0142y obni\u017cone po wykryciu \u015bladowych ilo\u015bci naftalenu i DPHP, substancji potencjalnie niebezpiecznych dla ma\u0142ych dzieci. Po og\u0142oszeniu tych wynik\u00f3w, <a href=\"https:\/\/swandoo.com\/fr\/marie-2-consumer-ratings-results\/\" target=\"_blank\" rel=\"noopener\">Swandoo<\/a>, <a href=\"https:\/\/www.besafe.com\/fr\/adac-spring-2021\/\" target=\"_blank\" rel=\"noopener\">BeSafe<\/a> Osann podj\u0105\u0142 natychmiastowe kroki w celu modyfikacji i wymiany wadliwych komponent\u00f3w tak szybko, jak to mo\u017cliwe. Chocia\u017c <strong>obecno\u015b\u0107 zanieczyszcze\u0144<\/strong> jest nadal problematyczne, ale w \u017caden spos\u00f3b nie umniejsza to dobrych wynik\u00f3w tych modeli w <strong>bezpiecze\u0144stwo.<\/strong> Dla por\u00f3wnania, foteliki samochodowe <strong>Babyzen<\/strong> oraz <strong>Stokke<\/strong> oceniane na podstawie <strong>BeSafe iZi Go Modular X1 i-Size<\/strong> uzyska\u0142 doskona\u0142e wyniki, wykazuj\u0105c, \u017ce winne by\u0142o tylko pokrycie siedzenia.<\/p>\n<p><iframe title=\"Test Babyschale Chicco Kiros: Lebensgefahr f\u00fcrs Kind (Test Autokindersitze Stiftung Warentest)\" width=\"788\" height=\"443\" src=\"https:\/\/www.youtube.com\/embed\/rs33NjuS73M?feature=oembed\" frameborder=\"0\" allow=\"accelerometer; autoplay; clipboard-write; encrypted-media; gyroscope; picture-in-picture\" allowfullscreen><\/iframe><\/p>\n<p>Le <strong>Chicco Kiros i-Size + Kiros i-Size Base<\/strong> by\u0142 jedynym <a href=\"https:\/\/www.monsiegeautobebe.fr\/pl\/\">fotelik samochodowy<\/a> zosta\u0142 \"oblany\" z tej sesji crash-test\u00f3w za <strong>ze wzgl\u0119d\u00f3w bezpiecze\u0144stwa.<\/strong> Rzeczywi\u015bcie, to <strong><a href=\"https:\/\/www.monsiegeautobebe.fr\/pl\/najlepszy-fotelik-dla-niemowlaka\/\">przytulanka dla niemowl\u0105t<\/a><\/strong> zosta\u0142 od\u0142\u0105czony od podstawy podczas <strong>zderzenie czo\u0142owe<\/strong> gwa\u0142towne wyrzucenie fotelika z manekinem w kierunku przodu pojazdu. W razie wypadku istnieje ryzyko <strong>powa\u017cne obra\u017cenia<\/strong> dla dziecka by\u0142aby dramatyczna. \u015awiadomy niebezpiecze\u0144stwa, <a href=\"https:\/\/www.chicco.com\/en\/product-recalls\/product-recall-francia.html\" target=\"_blank\" rel=\"noopener\">Chicco rozpocz\u0119\u0142o kampani\u0119 wymiany<\/a> jego podstawy Kiros i-Size.<\/p>\n<h2><span class=\"ez-toc-section\" id=\"Un_Niveau_De_Securite_Eleve\"><\/span>Wysoki poziom bezpiecze\u0144stwa<span class=\"ez-toc-section-end\"><\/span><\/h2>\n<p>W tym roku <strong>przytulanka dla niemowl\u0105t<\/strong> by\u0142y najliczniej testowanymi modelami. W sumie ADAC i jego partnerzy zbadali <strong>Modele z pi\u0119tnastoma siedzeniami<\/strong> przeznaczony dla dzieci <strong>od urodzenia do 18 miesi\u0119cy<\/strong> lub wi\u0119cej. T\u0119 du\u017c\u0105 liczb\u0119 modeli mo\u017cna wyja\u015bni\u0107 w szczeg\u00f3lno\u015bci sposobem mocowania tego typu fotelika, kt\u00f3re mo\u017cna wykona\u0107 zar\u00f3wno za pomoc\u0105 <strong>dedykowana podstawa ISOFIX<\/strong> lub <strong>pas bezpiecze\u0144stwa.<\/strong> Ze wzgl\u0119du na ryzyko <strong>Nieprawid\u0142owa instalacja<\/strong> korzystanie z pas\u00f3w bezpiecze\u0144stwa, ryzyko zwi\u0105zane <strong>foteliki samochodowe<\/strong> zwi\u0105zane z ich bazami s\u0105 regularnie wy\u017cej oceniane.<\/p>\n<figure id=\"attachment_5042\" aria-describedby=\"caption-attachment-5042\" style=\"width: 900px\" class=\"wp-caption aligncenter\"><a href=\"https:\/\/monsiegeautobebe.fr\/wp-content\/uploads\/2021\/06\/siege-auto-maxi-cosi-tinca-base-isofix.jpg\"><img fetchpriority=\"high\" decoding=\"async\" class=\"size-full wp-image-5042\" src=\"https:\/\/monsiegeautobebe.fr\/wp-content\/uploads\/2021\/06\/siege-auto-maxi-cosi-tinca-base-isofix.jpg\" alt=\"Fotelik samochodowy Maxi Cosi Tinca z baz\u0105 ISOFIX\" width=\"900\" height=\"600\" srcset=\"https:\/\/www.monsiegeautobebe.fr\/wp-content\/uploads\/2021\/06\/siege-auto-maxi-cosi-tinca-base-isofix.jpg 900w, https:\/\/www.monsiegeautobebe.fr\/wp-content\/uploads\/2021\/06\/siege-auto-maxi-cosi-tinca-base-isofix-600x400.jpg 600w, https:\/\/www.monsiegeautobebe.fr\/wp-content\/uploads\/2021\/06\/siege-auto-maxi-cosi-tinca-base-isofix-300x200.jpg 300w, https:\/\/www.monsiegeautobebe.fr\/wp-content\/uploads\/2021\/06\/siege-auto-maxi-cosi-tinca-base-isofix-768x512.jpg 768w, https:\/\/www.monsiegeautobebe.fr\/wp-content\/uploads\/2021\/06\/siege-auto-maxi-cosi-tinca-base-isofix-104x69.jpg 104w\" sizes=\"(max-width: 900px) 100vw, 900px\" \/><\/a><figcaption id=\"caption-attachment-5042\" class=\"wp-caption-text\">Maxi-Cosi Tinca prawid\u0142owo zamontowany na podstawie ISOFIX<\/figcaption><\/figure>\n<p>Korzystanie z <a href=\"https:\/\/www.monsiegeautobebe.fr\/pl\/systeme-de-fixation-isofix-pour-siege-auto-bebe\/\">System mocowania ISOFIX<\/a> wraz z wej\u015bciem w \u017cycie <strong>Regulacja i-Size,<\/strong> U\u017cycie podstawy znacznie zmniejsza ryzyko nieprawid\u0142owej instalacji. Pod tym wzgl\u0119dem po\u0142\u0105czenie fotelika i bazy jest uwa\u017cane za najbezpieczniejsz\u0105 alternatyw\u0119. Jednak korzystanie z fotelika prawid\u0142owo zamontowanego za pomoc\u0105 pas\u00f3w bezpiecze\u0144stwa jest r\u00f3wnie bezpieczne dla dziecka.<\/p>\n<h2><span class=\"ez-toc-section\" id=\"Selection_des_Meilleurs_Sieges_Auto_Aux_Crash-Tests_Mai_2021\"><\/span>Wyb\u00f3r najlepiej przetestowanych fotelik\u00f3w samochodowych (maj 2021)<span class=\"ez-toc-section-end\"><\/span><\/h2>\n<ol>\n<h3><span class=\"ez-toc-section\" id=\"Les_Cosy_Bebe_de_la_naissance_a_18_mois_env\"><\/span>\n<li>Les Cosy B\u00e9b\u00e9 (od urodzenia do oko\u0142o 18 miesi\u0119cy)<span class=\"ez-toc-section-end\"><\/span><\/h3>\n<\/li>\n<p>Niezale\u017cnie od tego, czy zainstalowano <strong>Podstawa ISOFIX<\/strong> lub z <strong>pas bezpiecze\u0144stwa<\/strong> pojazdu, korzystanie z <strong>przytulanka dla niemowl\u0105t<\/strong> jest nadal najbezpieczniejszym sposobem podr\u00f3\u017cowania z dzieckiem. Opr\u00f3cz <a href=\"https:\/\/www.monsiegeautobebe.fr\/pl\/voyager-siege-auto-dos-a-la-route\/\" target=\"_blank\" rel=\"noopener\">Pozycja ty\u0142em do kierunku jazdy<\/a> (najbezpieczniejszy) <strong>przytulanka dla niemowl\u0105t<\/strong> jest idealnie dopasowana do szczeg\u00f3lnie delikatnej morfologii noworodk\u00f3w. Dlatego te\u017c regularnie zalecamy stosowanie \u015bpioszk\u00f3w dla niemowl\u0105t, takich jak <strong>pierwszy fotelik samochodowy.<\/strong><\/p>\n<p><center><a href=\"https:\/\/www.monsiegeautobebe.fr\/pl\/najlepszy-fotelik-dla-niemowlaka\/\" class=\"sc-button sc-button-default sc-button-MEDIUM\"><span>ZOBACZ NASZ WYB\u00d3R NAJLEPSZYCH \u015aPIOSZK\u00d3W DLA NIEMOWL\u0104T<\/span><\/a><\/center><\/p>\n<ul>\n<h4><span class=\"ez-toc-section\" id=\"Babyzen_iZi_Go_Modular_X1_i-Size_Stokke_iZi_Go_Modular_X1_i-Size_avec_ou_sans_base\"><\/span>\n<li><em>Babyzen iZi Go Modular X1 i-Size &amp; Stokke iZi Go Modular X1 i-Size (z podstaw\u0105 lub bez)<\/em><\/li>\n<span class=\"ez-toc-section-end\"><\/span><\/h4>\n<figure id=\"attachment_5145\" aria-describedby=\"caption-attachment-5145\" style=\"width: 1000px\" class=\"wp-caption aligncenter\"><a href=\"https:\/\/monsiegeautobebe.fr\/wp-content\/uploads\/2021\/06\/stokke-babyzen-yoyo-izi-go-modular-x1-by-besafe-adac.jpg\"><img decoding=\"async\" src=\"https:\/\/monsiegeautobebe.fr\/wp-content\/uploads\/2021\/06\/stokke-babyzen-yoyo-izi-go-modular-x1-by-besafe-adac.jpg\" alt=\"Przytulny fotelik dzieci\u0119cy Stokke i Babyzen Yoyo iZi Go-Modular X1 by BeSafe\" width=\"1000\" height=\"600\" class=\"size-full wp-image-5145\" srcset=\"https:\/\/www.monsiegeautobebe.fr\/wp-content\/uploads\/2021\/06\/stokke-babyzen-yoyo-izi-go-modular-x1-by-besafe-adac.jpg 1000w, https:\/\/www.monsiegeautobebe.fr\/wp-content\/uploads\/2021\/06\/stokke-babyzen-yoyo-izi-go-modular-x1-by-besafe-adac-600x360.jpg 600w, https:\/\/www.monsiegeautobebe.fr\/wp-content\/uploads\/2021\/06\/stokke-babyzen-yoyo-izi-go-modular-x1-by-besafe-adac-300x180.jpg 300w, https:\/\/www.monsiegeautobebe.fr\/wp-content\/uploads\/2021\/06\/stokke-babyzen-yoyo-izi-go-modular-x1-by-besafe-adac-768x461.jpg 768w\" sizes=\"(max-width: 1000px) 100vw, 1000px\" \/><\/a><figcaption id=\"caption-attachment-5145\" class=\"wp-caption-text\">Babyzen Yoyo iZi Go Modular X1 by BeSafe (po lewej) i Stokke iZi Go Modular X1 by BeSafe (po prawej)<\/figcaption><\/figure>Le <strong>Babyzen Yoyo<\/strong> i <strong>Stokke iZi Go Modular X1 i-Size by BeSafe<\/strong> s\u0105 oba <strong>przytulanka dla niemowl\u0105t<\/strong> zaprojektowane przez norwesk\u0105 mark\u0119 <a href=\"https:\/\/www.besafe.com\/fr\/\" target=\"_blank\" rel=\"nofollow noopener\">BeSafe<\/a> i identyczny z modelem o tej samej nazwie. The <strong>Babyzen<\/strong> i <strong>Stokke iZi Go Modular X1 i-Size by BeSafe<\/strong> s\u0105 wygodnymi, lekkimi modelami (4,2 kg) zatwierdzonymi przez <strong>Regulacja R129 (i-Size)<\/strong> dla dzieci <strong>od 40 do 75 cm<\/strong> (od urodzenia do oko\u0142o 12 miesi\u0119cy). Te dwa foteliki samochodowe s\u0105 wyposa\u017cone w szereg funkcji zapewniaj\u0105cych komfort i bezpiecze\u0144stwo, dzi\u0119ki kt\u00f3rym zyska\u0142y miano <strong>bardzo niskie ryzyko obra\u017ce\u0144<\/strong> w przypadku zderzenia czo\u0142owego lub bocznego. W rzeczywisto\u015bci modele te maj\u0105 <strong>5-punktowe pasy bezpiecze\u0144stwa,<\/strong> a <strong>os\u0142ona przeciws\u0142oneczna<\/strong> Ochrona przed promieniowaniem UV (UPF50+), a <strong>regulowany zag\u0142\u00f3wek<\/strong> aby dostosowa\u0107 fotelik do wzrostu dziecka, z jednej strony na drug\u0105. <strong>Zdejmowana ochrona boczna<\/strong> ochrona przed uderzeniami bocznymi (SIP+) i <strong>reduktor dla niemowl\u0105t<\/strong> dla dodatkowego nachylenia. L'<strong>iZi Go Modular X1 i-Size by BeSafe<\/strong> musi by\u0107 zainstalowany <strong>powr\u00f3t na drog\u0119<\/strong> przy u\u017cyciu <strong>pas bezpiecze\u0144stwa<\/strong> pojazdu lub <a href=\"https:\/\/fr.shop-orchestra.com\/fr\/auto\/base-auto\/base-isofix---izi-modular-PA000H.html?kwkuniv=P4F9B5571995100-ccP4F9B5571995111&#038;utm_campaign=generic&#038;utm_source=kwanko&#038;utm_term=0&#038;utm_medium=affiliation\" target=\"_blank\" rel=\"nofollow noopener\">Podstawa iZi Modular i-Size<\/a> kompatybilny r\u00f3wnie\u017c z fotelikiem samochodowym dla niemowl\u0105t BeSafe iZi Modular X1 i-Size. W zale\u017cno\u015bci od wybranego modelu, fotelik iZi Go Modular X1 i-Size firmy BeSafe mo\u017cna \u0142atwo zamontowa\u0107 na ramie nast\u0119puj\u0105cych w\u00f3zk\u00f3w dzieci\u0119cych <strong>Stokke<\/strong> (Xplory, Beat lub Trailz) lub <strong>Babyzen<\/strong> (Yoyo+ lub Yoyo2) bez \u017cadnych adapter\u00f3w.<\/p>\n<div id=\"tablepress-97-scroll-wrapper\" class=\"tablepress-scroll-wrapper\">\n\n<table id=\"tablepress-97\" class=\"tablepress tablepress-id-97 tablepress-responsive\">\n<thead>\n<tr class=\"row-1\">\n\t<td class=\"column-1\"><\/td><th class=\"column-2\">Babyzen Yoyo iZi Go Modular X1 i-Size<\/th><th class=\"column-3\">Stokke iZi Go Modular X1 i-Size<\/th>\n<\/tr>\n<\/thead>\n<tbody class=\"row-striping row-hover\">\n<tr class=\"row-2\">\n\t<td class=\"column-1\">Certyfikacja<\/td><td class=\"column-2\">R129 (i-Size)<\/td><td class=\"column-3\">R129 (i-Size)<\/td>\n<\/tr>\n<tr class=\"row-3\">\n\t<td class=\"column-1\">Rozmiar dziecka<\/td><td class=\"column-2\">Od 40 do 75 cm<\/td><td class=\"column-3\">Od 40 do 75 cm<\/td>\n<\/tr>\n<tr class=\"row-4\">\n\t<td class=\"column-1\">Wiek dziecka<\/td><td class=\"column-2\">Od urodzenia do oko\u0142o 12 miesi\u0119cy.<\/td><td class=\"column-3\">Od urodzenia do oko\u0142o 12 miesi\u0119cy.<\/td>\n<\/tr>\n<tr class=\"row-5\">\n\t<td class=\"column-1\">Waga dziecka<\/td><td class=\"column-2\">13 kg maks.<\/td><td class=\"column-3\">13 kg maks.<\/td>\n<\/tr>\n<tr class=\"row-6\">\n\t<td class=\"column-1\">Pozycja siedz\u0105ca<\/td><td class=\"column-2\">Powr\u00f3t na drog\u0119<\/td><td class=\"column-3\">Powr\u00f3t na drog\u0119<\/td>\n<\/tr>\n<tr class=\"row-7\">\n\t<td class=\"column-1\">Monta\u017c fotelika samochodowego<\/td><td class=\"column-2\">Pas bezpiecze\u0144stwa lub podstawa <a href=\"https:\/\/icp.shop-orchestra.com\/?P4F9B5571995111&amp;redir=https%3A%2F%2Ffr.shop-orchestra.com%2Ffr%2Fauto%2Fbase-auto%2Fbase-isofix---izi-modular-PA000H.html\" target=\"_blank\" rel=\"nofollow noopener noreferrer\">iZi Modular i-Size<\/a> z rozp\u00f3rk\u0105<\/td><td class=\"column-3\">Pas bezpiecze\u0144stwa lub podstawa <a href=\"https:\/\/icp.shop-orchestra.com\/?P4F9B5571995111&amp;redir=https%3A%2F%2Ffr.shop-orchestra.com%2Ffr%2Fauto%2Fbase-auto%2Fbase-isofix---izi-modular-PA000H.html\" target=\"_blank\" rel=\"nofollow noopener noreferrer\">iZi Modular i-Size<\/a> z rozp\u00f3rk\u0105<\/td>\n<\/tr>\n<tr class=\"row-8\">\n\t<td class=\"column-1\">Urz\u0105dzenie przytrzymuj\u0105ce dla dzieci<\/td><td class=\"column-2\">5-punktowe pasy bezpiecze\u0144stwa<\/td><td class=\"column-3\">5-punktowe pasy bezpiecze\u0144stwa<\/td>\n<\/tr>\n<tr class=\"row-9\">\n\t<td class=\"column-1\">Reduktor dla noworodk\u00f3w<\/td><td class=\"column-2\"><center><img decoding=\"async\" src=\"https:\/\/monsiegeautobebe.fr\/wp-content\/uploads\/2019\/03\/icon-yes.png\" alt=\"\" width=\"16\" height=\"16\" class=\"aligncenter size-full wp-image-693\" \/><\/center><\/td><td class=\"column-3\"><center><img decoding=\"async\" src=\"https:\/\/monsiegeautobebe.fr\/wp-content\/uploads\/2019\/03\/icon-yes.png\" alt=\"\" width=\"16\" height=\"16\" class=\"aligncenter size-full wp-image-693\" \/><\/center><\/td>\n<\/tr>\n<tr class=\"row-10\">\n\t<td class=\"column-1\">Obrotowy fotelik samochodowy<\/td><td class=\"column-2\"><center><img loading=\"lazy\" decoding=\"async\" src=\"https:\/\/monsiegeautobebe.fr\/wp-content\/uploads\/2019\/03\/icon-no.png\" alt=\"\" width=\"16\" height=\"16\" class=\"aligncenter size-full wp-image-693\" \/><\/center><\/td><td class=\"column-3\"><center><img loading=\"lazy\" decoding=\"async\" src=\"https:\/\/monsiegeautobebe.fr\/wp-content\/uploads\/2019\/03\/icon-no.png\" alt=\"\" width=\"16\" height=\"16\" class=\"aligncenter size-full wp-image-693\" \/><\/center><\/td>\n<\/tr>\n<tr class=\"row-11\">\n\t<td class=\"column-1\">Ceny<\/td><td class=\"column-2\"><a href=\"https:\/\/www.wombconcept.com\/les-sieges-auto\/52641-yoyo-coque-siege-auto-groupe-0-by-besafe-3701244002191.html\" class=\"sc-button sc-button-default sc-button-MEDIUM\" target=\"_blank\" rel=\"noopener\"><span>ZOBACZ NAJLEPSZ\u0104 CEN\u0118<\/span><\/a><\/td><td class=\"column-3\"><a href=\"https:\/\/icp.shop-orchestra.com\/?P4F9B5571995111&amp;redir=https%3A%2F%2Ffr.shop-orchestra.com%2Ffr%2Fmarques-a-decouvrir%2Fstokke%2Fsiege-auto-isofix-izi-go-modular-x1-by-besafe-groupe-0---noir-PAUCWN.html\" class=\"sc-button sc-button-default sc-button-MEDIUM\" target=\"_blank\" rel=\"noopener\"><span>ZOBACZ NAJLEPSZ\u0104 CEN\u0118<\/span><\/a><\/td>\n<\/tr>\n<\/tbody>\n<\/table>\n\n<\/div><!-- #tablepress-97 from cache --><h4><span class=\"ez-toc-section\" id=\"Maxi-Cosi_Tinca_avec_ou_sans_base\"><\/span>\n<li><em>Maxi-Cosi Tinca (z podstaw\u0105 lub bez)<\/em><\/li>\n<span class=\"ez-toc-section-end\"><\/span><\/h4>\n<p><a href=\"https:\/\/monsiegeautobebe.fr\/wp-content\/uploads\/2021\/06\/cosy-bebe-maxi-cosi-tinca-adac.jpg\"><img loading=\"lazy\" decoding=\"async\" src=\"https:\/\/monsiegeautobebe.fr\/wp-content\/uploads\/2021\/06\/cosy-bebe-maxi-cosi-tinca-adac-300x300.jpg\" alt=\"Przytulne dziecko Maxi Cosi Tinca\" width=\"300\" height=\"300\" class=\"alignleft size-medium wp-image-5133\" srcset=\"https:\/\/www.monsiegeautobebe.fr\/wp-content\/uploads\/2021\/06\/cosy-bebe-maxi-cosi-tinca-adac-300x300.jpg 300w, https:\/\/www.monsiegeautobebe.fr\/wp-content\/uploads\/2021\/06\/cosy-bebe-maxi-cosi-tinca-adac-336x336.jpg 336w, https:\/\/www.monsiegeautobebe.fr\/wp-content\/uploads\/2021\/06\/cosy-bebe-maxi-cosi-tinca-adac-600x600.jpg 600w, https:\/\/www.monsiegeautobebe.fr\/wp-content\/uploads\/2021\/06\/cosy-bebe-maxi-cosi-tinca-adac-150x150.jpg 150w, https:\/\/www.monsiegeautobebe.fr\/wp-content\/uploads\/2021\/06\/cosy-bebe-maxi-cosi-tinca-adac-768x768.jpg 768w, https:\/\/www.monsiegeautobebe.fr\/wp-content\/uploads\/2021\/06\/cosy-bebe-maxi-cosi-tinca-adac.jpg 1000w\" sizes=\"(max-width: 300px) 100vw, 300px\" \/><\/a>Maxi-Cosi Tinca to fotelik samochodowy z homologacj\u0105 R129 (i-Size) przeznaczony dla <a href=\"https:\/\/www.monsiegeautobebe.fr\/pl\/voyager-siege-auto-dos-a-la-route\/\">podr\u00f3\u017cowanie ty\u0142em do drogi<\/a> dla dzieci o wzro\u015bcie od 45 do 75 cm (od urodzenia do oko\u0142o 12 miesi\u0119cy). Fotelik mo\u017cna zamontowa\u0107 za pomoc\u0105 pasa bezpiecze\u0144stwa lub jednej z kompatybilnych baz (FmailyFix 2 lub Tinca). Niezale\u017cnie od sposobu monta\u017cu, fotelik Maxi-Cosi Tinca osi\u0105gn\u0105\u0142 doskona\u0142e wyniki w zakresie bezpiecze\u0144stwa, z bardzo niskim ryzykiem obra\u017ce\u0144 w przypadku zderzenia czo\u0142owego i niskim ryzykiem obra\u017ce\u0144 w przypadku zderzenia bocznego. Lekki i funkcjonalny fotelik Maxi-Cosi Tinca wa\u017cy zaledwie 3,2 kg, dzi\u0119ki czemu mo\u017cna go zabra\u0107 ze sob\u0105 wsz\u0119dzie. Aby zapewni\u0107 maksymalny komfort i bezpiecze\u0144stwo, fotelik samochodowy jest wyposa\u017cony we wzmocnione materia\u0142y poch\u0142aniaj\u0105ce uderzenia boczne, 3-punktowe pasy bezpiecze\u0144stwa, os\u0142on\u0119 przeciws\u0142oneczn\u0105 zapobiegaj\u0105c\u0105 promieniowaniu UV i zdejmowany reduktor dla noworodk\u00f3w z oddzieln\u0105 poduszk\u0105 zag\u0142\u00f3wka, kt\u00f3ra idealnie podtrzymuje g\u0142\u00f3wk\u0119 dziecka.<br \/>\n<div id=\"tablepress-96-scroll-wrapper\" class=\"tablepress-scroll-wrapper\">\n\n<table id=\"tablepress-96\" class=\"tablepress tablepress-id-96 tablepress-responsive\">\n<tbody class=\"row-striping row-hover\">\n<tr class=\"row-1\">\n\t<td class=\"column-1\">Certyfikacja<\/td><td class=\"column-2\">R129 (i-Size)<\/td>\n<\/tr>\n<tr class=\"row-2\">\n\t<td class=\"column-1\">Rozmiar dziecka<\/td><td class=\"column-2\">Od 45 do 75 cm<\/td>\n<\/tr>\n<tr class=\"row-3\">\n\t<td class=\"column-1\">Wiek dziecka<\/td><td class=\"column-2\">Od urodzenia do oko\u0142o 12 miesi\u0119cy.<\/td>\n<\/tr>\n<tr class=\"row-4\">\n\t<td class=\"column-1\">Waga dziecka<\/td><td class=\"column-2\">12 kg maks.<\/td>\n<\/tr>\n<tr class=\"row-5\">\n\t<td class=\"column-1\">Monta\u017c fotelika samochodowego<\/td><td class=\"column-2\">Pas bezpiecze\u0144stwa lub podstawa <a href=\"https:\/\/action.metaffiliation.com\/trk.php?mclic=P494DD5719952191&amp;redir=https%3A%2F%2Fwww.roseoubleu.fr%2Fmaxi-cosi-base-pour-siege-auto-cosy-tinca-i-size-a301525.html\" target=\"_blank\" rel=\"nofollow noopener noreferrer\">Tinca<\/a> lub <a href=\"https:\/\/action.metaffiliation.com\/trk.php?mclic=P494DD5719952191&amp;redir=https%3A%2F%2Fwww.roseoubleu.fr%2Fmaxi-cosi-base-pour-siege-auto-familyfix2-a294666.html\" target=\"_blank\" rel=\"nofollow noopener noreferrer\">FamilyFix 2<\/a> z rozp\u00f3rk\u0105<\/td>\n<\/tr>\n<tr class=\"row-6\">\n\t<td class=\"column-1\">Urz\u0105dzenie przytrzymuj\u0105ce dla dzieci<\/td><td class=\"column-2\">3-punktowa uprz\u0105\u017c<\/td>\n<\/tr>\n<tr class=\"row-7\">\n\t<td class=\"column-1\">Reduktor dla noworodk\u00f3w<\/td><td class=\"column-2\"><center><img decoding=\"async\" src=\"https:\/\/monsiegeautobebe.fr\/wp-content\/uploads\/2019\/03\/icon-yes.png\" alt=\"\" width=\"16\" height=\"16\" class=\"aligncenter size-full wp-image-693\" \/><\/center><\/td>\n<\/tr>\n<tr class=\"row-8\">\n\t<td class=\"column-1\">Odchylane oparcie<\/td><td class=\"column-2\"><center><img loading=\"lazy\" decoding=\"async\" src=\"https:\/\/monsiegeautobebe.fr\/wp-content\/uploads\/2019\/03\/icon-no.png\" alt=\"\" width=\"16\" height=\"16\" class=\"aligncenter size-full wp-image-693\" \/><\/center><\/td>\n<\/tr>\n<tr class=\"row-9\">\n\t<td class=\"column-1\">Obrotowy fotelik samochodowy<\/td><td class=\"column-2\"><center><img loading=\"lazy\" decoding=\"async\" src=\"https:\/\/monsiegeautobebe.fr\/wp-content\/uploads\/2019\/03\/icon-no.png\" alt=\"\" width=\"16\" height=\"16\" class=\"aligncenter size-full wp-image-693\" \/><\/center><\/td>\n<\/tr>\n<tr class=\"row-10\">\n\t<td class=\"column-1\">Pozycja siedz\u0105ca<\/td><td class=\"column-2\">Powr\u00f3t na drog\u0119<\/td>\n<\/tr>\n<\/tbody>\n<\/table>\n\n<\/div><!-- #tablepress-96 from cache -->\n<center><a href=\"https:\/\/action.metaffiliation.com\/trk.php?mclic=P494DD5719952191&amp;redir=https%3A%2F%2Fwww.roseoubleu.fr%2Fmaxi-cosi-siege-auto-cosy-tinca-i-size-essential-graphite-a288074.html\" class=\"sc-button sc-button-default sc-button-MEDIUM\" target=\"_blank\" rel=\"noopener\"><span>ZOBACZ NAJLEPSZ\u0104 CEN\u0118<br \/>\nMAXI-COSI TINCA<\/span><\/a><\/center><\/p>\n<h4><span class=\"ez-toc-section\" id=\"Peg_Perego_Primo_Viaggio_Lounge_avec_ou_sans_base\"><\/span>\n<li><em>Peg Perego Primo Viaggio Lounge (z podstaw\u0105 lub bez)<\/em><\/li>\n<span class=\"ez-toc-section-end\"><\/span><\/h4>\n<p><a href=\"https:\/\/monsiegeautobebe.fr\/wp-content\/uploads\/2021\/06\/cosy-bebe-peg-perego-primo-viaggio-lounge-adac.jpg\"><img loading=\"lazy\" decoding=\"async\" src=\"https:\/\/monsiegeautobebe.fr\/wp-content\/uploads\/2021\/06\/cosy-bebe-peg-perego-primo-viaggio-lounge-adac-300x300.jpg\" alt=\"Peg Perego Primo Viaggio Lounge\" width=\"300\" height=\"300\" class=\"alignleft size-medium wp-image-5134\" srcset=\"https:\/\/www.monsiegeautobebe.fr\/wp-content\/uploads\/2021\/06\/cosy-bebe-peg-perego-primo-viaggio-lounge-adac-300x300.jpg 300w, https:\/\/www.monsiegeautobebe.fr\/wp-content\/uploads\/2021\/06\/cosy-bebe-peg-perego-primo-viaggio-lounge-adac-336x336.jpg 336w, https:\/\/www.monsiegeautobebe.fr\/wp-content\/uploads\/2021\/06\/cosy-bebe-peg-perego-primo-viaggio-lounge-adac-600x600.jpg 600w, https:\/\/www.monsiegeautobebe.fr\/wp-content\/uploads\/2021\/06\/cosy-bebe-peg-perego-primo-viaggio-lounge-adac-150x150.jpg 150w, https:\/\/www.monsiegeautobebe.fr\/wp-content\/uploads\/2021\/06\/cosy-bebe-peg-perego-primo-viaggio-lounge-adac-768x768.jpg 768w, https:\/\/www.monsiegeautobebe.fr\/wp-content\/uploads\/2021\/06\/cosy-bebe-peg-perego-primo-viaggio-lounge-adac.jpg 1000w\" sizes=\"(max-width: 300px) 100vw, 300px\" \/><\/a>Le <strong>Primo Viaggio Lounge<\/strong> z <strong>Peg Perego<\/strong> to zatwierdzona przez R129 (i-Size) przytulanka dla dzieci od <strong>40 do 87 cm<\/strong> (od urodzenia do oko\u0142o 15 miesi\u0119cy). Podobnie jak <a href=\"https:\/\/www.monsiegeautobebe.fr\/pl\/test-avis-cosy-cybex-cloud-z-i-size\/\" target=\"_blank\" rel=\"noopener\">Cybex Cloud Z i-Size<\/a>w <strong>Primo Viaggio Lounge<\/strong> jest wyj\u0105tkowy, poniewa\u017c oferuje <strong>odchylane oparcie<\/strong> co pozwala na umieszczenie dziecka w pozycji <strong>ergonomiczna pozycja le\u017c\u0105ca<\/strong> gdy fotelik jest zainstalowany na podwoziu w\u00f3zka dzieci\u0119cego lub na dedykowanej podstawie. Ten odchylany fotelik samochodowy jest montowany wy\u0142\u0105cznie ty\u0142em do kierunku jazdy za pomoc\u0105 trzypunktowego pasa bezpiecze\u0144stwa pojazdu lub bazy. <a href=\"https:\/\/action.metaffiliation.com\/trk.php?mclic=P494DD5719952191&amp;redir=https%3A%2F%2Fwww.roseoubleu.fr%2Fpeg-perego-base-pour-cosy-i-size-primo-viaggio-lounge-i-plus-ff105-noir-2021-a309455.html\" target=\"_blank\" rel=\"nofollow noopener\">Podstawa Peg Perego i-Size<\/a> kompatybilny r\u00f3wnie\u017c z fotelikiem samochodowym <a href=\"https:\/\/action.metaffiliation.com\/trk.php?mclic=P494DD5719952191&amp;redir=https%3A%2F%2Fwww.roseoubleu.fr%2Fpeg-perego-siege-auto-viaggio-ff105-ebony-2020-a262711.html\" target=\"_blank\" rel=\"nofollow noopener\">Viaggio FF105<\/a>. Aby zapewni\u0107 komfort i bezpiecze\u0144stwo dzieci w samochodzie, ten fotelik jest wyposa\u017cony w 3-punktowe pasy bezpiecze\u0144stwa, chowane ochraniacze boczne, zag\u0142\u00f3wek z regulacj\u0105 wysoko\u015bci, wyjmowany reduktor dla noworodk\u00f3w w zale\u017cno\u015bci od wielko\u015bci dziecka, du\u017cy daszek anty-UV (UPF50+) i klips na klatk\u0119 piersiow\u0105, kt\u00f3ry utrzymuje pasy uprz\u0119\u017cy w prawid\u0142owej pozycji. Fotelik mo\u017cna r\u00f3wnie\u017c wpi\u0105\u0107 na podwozie w\u00f3zka Peg Perego bez konieczno\u015bci stosowania adaptera. Pomimo nieco wi\u0119kszej wagi (5,6 kg), Peg Perego Primo Viaggio Lounge stwarza bardzo niskie ryzyko obra\u017ce\u0144 w przypadku zderzenia czo\u0142owego lub bocznego.<br \/>\n<div id=\"tablepress-98-scroll-wrapper\" class=\"tablepress-scroll-wrapper\">\n\n<table id=\"tablepress-98\" class=\"tablepress tablepress-id-98 tablepress-responsive\">\n<tbody class=\"row-striping row-hover\">\n<tr class=\"row-1\">\n\t<td class=\"column-1\">Certyfikacja<\/td><td class=\"column-2\">R129 (i-Size)<\/td>\n<\/tr>\n<tr class=\"row-2\">\n\t<td class=\"column-1\">Rozmiar dziecka<\/td><td class=\"column-2\">Od 40 do 87 cm<\/td>\n<\/tr>\n<tr class=\"row-3\">\n\t<td class=\"column-1\">Wiek dziecka<\/td><td class=\"column-2\">Od urodzenia do oko\u0142o 15 miesi\u0119cy.<\/td>\n<\/tr>\n<tr class=\"row-4\">\n\t<td class=\"column-1\">Waga dziecka<\/td><td class=\"column-2\">13 kg maks.<\/td>\n<\/tr>\n<tr class=\"row-5\">\n\t<td class=\"column-1\">Pozycja siedz\u0105ca<\/td><td class=\"column-2\">Powr\u00f3t na drog\u0119<\/td>\n<\/tr>\n<tr class=\"row-6\">\n\t<td class=\"column-1\">Monta\u017c fotelika samochodowego<\/td><td class=\"column-2\">Pas bezpiecze\u0144stwa lub podstawa <a href=\"https:\/\/action.metaffiliation.com\/trk.php?mclic=P494DD5719952191&amp;redir=https%3A%2F%2Fwww.roseoubleu.fr%2Fpeg-perego-base-pour-cosy-i-size-primo-viaggio-lounge-i-plus-ff105-noir-2021-a309455.html\" target=\"_blank\" rel=\"nofollow noopener\">Peg Perego i-Size<\/a> z rozp\u00f3rk\u0105<\/td>\n<\/tr>\n<tr class=\"row-7\">\n\t<td class=\"column-1\">Urz\u0105dzenie przytrzymuj\u0105ce dla dzieci<\/td><td class=\"column-2\">3-punktowa uprz\u0105\u017c<\/td>\n<\/tr>\n<tr class=\"row-8\">\n\t<td class=\"column-1\">Reduktor dla noworodk\u00f3w<\/td><td class=\"column-2\"><center><img decoding=\"async\" src=\"https:\/\/monsiegeautobebe.fr\/wp-content\/uploads\/2019\/03\/icon-yes.png\" alt=\"\" width=\"16\" height=\"16\" class=\"aligncenter size-full wp-image-693\" \/><\/center><\/td>\n<\/tr>\n<tr class=\"row-9\">\n\t<td class=\"column-1\">Odchylane oparcie<\/td><td class=\"column-2\"><center><img decoding=\"async\" src=\"https:\/\/monsiegeautobebe.fr\/wp-content\/uploads\/2019\/03\/icon-yes.png\" alt=\"\" width=\"16\" height=\"16\" class=\"aligncenter size-full wp-image-693\" \/><\/center><\/td>\n<\/tr>\n<tr class=\"row-10\">\n\t<td class=\"column-1\">Obrotowy fotelik samochodowy<\/td><td class=\"column-2\"><center><img loading=\"lazy\" decoding=\"async\" src=\"https:\/\/monsiegeautobebe.fr\/wp-content\/uploads\/2019\/03\/icon-no.png\" alt=\"\" width=\"16\" height=\"16\" class=\"aligncenter size-full wp-image-693\" \/><\/center><\/td>\n<\/tr>\n<\/tbody>\n<\/table>\n\n<\/div><!-- #tablepress-98 from cache -->\n<center><a href=\"https:\/\/action.metaffiliation.com\/trk.php?mclic=P494DD5719952191&amp;redir=https%3A%2F%2Fwww.roseoubleu.fr%2Fpeg-perego-siege-auto-cosy-primo-viaggio-i-size-lounge-city-grey-a306113.html\" class=\"sc-button sc-button-default sc-button-MEDIUM\" target=\"_blank\" rel=\"noopener\"><span>ZOBACZ NAJLEPSZ\u0104 CEN\u0118<br \/>\nPEG PEREGO PRIMO VIAGGIO LOUNGE<\/span><\/a><\/center><\/p>\n<h4><span class=\"ez-toc-section\" id=\"Silver_Cross_Simplicity_Plus_avec_ou_sans_base\"><\/span>\n<li><em>Silver Cross Simplicity Plus (z podstaw\u0105 lub bez)<\/em><\/li>\n<span class=\"ez-toc-section-end\"><\/span><\/h4>\n<p><a href=\"https:\/\/monsiegeautobebe.fr\/wp-content\/uploads\/2021\/06\/siege-auto-silver-cross-simplicity-plus-adac.jpg\"><img loading=\"lazy\" decoding=\"async\" src=\"https:\/\/monsiegeautobebe.fr\/wp-content\/uploads\/2021\/06\/siege-auto-silver-cross-simplicity-plus-adac-300x300.jpg\" alt=\"Siver Cross Simplicity Plus\" width=\"300\" height=\"300\" class=\"alignleft size-medium wp-image-5137\" srcset=\"https:\/\/www.monsiegeautobebe.fr\/wp-content\/uploads\/2021\/06\/siege-auto-silver-cross-simplicity-plus-adac-300x300.jpg 300w, https:\/\/www.monsiegeautobebe.fr\/wp-content\/uploads\/2021\/06\/siege-auto-silver-cross-simplicity-plus-adac-336x336.jpg 336w, https:\/\/www.monsiegeautobebe.fr\/wp-content\/uploads\/2021\/06\/siege-auto-silver-cross-simplicity-plus-adac-600x600.jpg 600w, https:\/\/www.monsiegeautobebe.fr\/wp-content\/uploads\/2021\/06\/siege-auto-silver-cross-simplicity-plus-adac-150x150.jpg 150w, https:\/\/www.monsiegeautobebe.fr\/wp-content\/uploads\/2021\/06\/siege-auto-silver-cross-simplicity-plus-adac-768x768.jpg 768w, https:\/\/www.monsiegeautobebe.fr\/wp-content\/uploads\/2021\/06\/siege-auto-silver-cross-simplicity-plus-adac.jpg 1000w\" sizes=\"(max-width: 300px) 100vw, 300px\" \/><\/a>Silver Cross Simplicity Plus to fotelik samochodowy zatwierdzony zgodnie z najnowszymi przepisami R129 (i-Size), przeznaczony do przewo\u017cenia dzieci o wzro\u015bcie od 40 do 85 cm (od urodzenia do oko\u0142o 15 miesi\u0119cy) ty\u0142em do kierunku jazdy. Szybki i \u0142atwy w monta\u017cu fotelik Silver Cross Simplicity Plus mocuje si\u0119 za pomoc\u0105 bazy Simplifix ISOFIX lub pas\u00f3w bezpiecze\u0144stwa pojazdu dla doros\u0142ych. Fotelik posiada wk\u0142adk\u0119 dla noworodka z od\u0142\u0105czanym zag\u0142\u00f3wkiem dla lepszej ochrony g\u0142\u00f3wki dziecka, zag\u0142\u00f3wek z regulacj\u0105 wysoko\u015bci, kt\u00f3ry dostosowuje si\u0119 do wzrostu dziecka, os\u0142on\u0119 przeciws\u0142oneczn\u0105 (UPF50+) chroni\u0105c\u0105 przed warunkami atmosferycznymi oraz pi\u0119ciopunktowe pasy bezpiecze\u0144stwa. Fotelik zosta\u0142 poddany testom zderzeniowym, aby wykaza\u0107 bardzo niskie ryzyko obra\u017ce\u0144 w przypadku zderzenia czo\u0142owego i niskie ryzyko obra\u017ce\u0144 w przypadku zderzenia bocznego.<br \/>\n<div id=\"tablepress-99-scroll-wrapper\" class=\"tablepress-scroll-wrapper\">\n\n<table id=\"tablepress-99\" class=\"tablepress tablepress-id-99 tablepress-responsive\">\n<tbody class=\"row-striping row-hover\">\n<tr class=\"row-1\">\n\t<td class=\"column-1\">Certyfikacja<\/td><td class=\"column-2\">R129 (i-Size)<\/td>\n<\/tr>\n<tr class=\"row-2\">\n\t<td class=\"column-1\">Rozmiar dziecka<\/td><td class=\"column-2\">Od 40 do 85 cm<\/td>\n<\/tr>\n<tr class=\"row-3\">\n\t<td class=\"column-1\">Wiek dziecka<\/td><td class=\"column-2\">Od urodzenia do oko\u0142o 15 miesi\u0119cy.<\/td>\n<\/tr>\n<tr class=\"row-4\">\n\t<td class=\"column-1\">Waga dziecka<\/td><td class=\"column-2\">13 kg maks.<\/td>\n<\/tr>\n<tr class=\"row-5\">\n\t<td class=\"column-1\">Pozycja siedz\u0105ca<\/td><td class=\"column-2\">Powr\u00f3t na drog\u0119<\/td>\n<\/tr>\n<tr class=\"row-6\">\n\t<td class=\"column-1\">Monta\u017c fotelika samochodowego<\/td><td class=\"column-2\">Pas bezpiecze\u0144stwa lub podstawa <a href=\"https:\/\/action.metaffiliation.com\/trk.php?mclic=P494DD5719952191&amp;redir=https%3A%2F%2Fwww.roseoubleu.fr%2Fpeg-perego-base-pour-cosy-i-size-primo-viaggio-lounge-i-plus-ff105-noir-2021-a309455.html\" target=\"_blank\" rel=\"nofollow noopener\">Peg Perego i-Size<\/a> z rozp\u00f3rk\u0105<\/td>\n<\/tr>\n<tr class=\"row-7\">\n\t<td class=\"column-1\">Urz\u0105dzenie przytrzymuj\u0105ce dla dzieci<\/td><td class=\"column-2\">5-punktowe pasy bezpiecze\u0144stwa<\/td>\n<\/tr>\n<tr class=\"row-8\">\n\t<td class=\"column-1\">Reduktor dla noworodk\u00f3w<\/td><td class=\"column-2\"><center><img decoding=\"async\" src=\"https:\/\/monsiegeautobebe.fr\/wp-content\/uploads\/2019\/03\/icon-yes.png\" alt=\"\" width=\"16\" height=\"16\" class=\"aligncenter size-full wp-image-693\" \/><\/center><\/td>\n<\/tr>\n<tr class=\"row-9\">\n\t<td class=\"column-1\">Odchylane oparcie<\/td><td class=\"column-2\"><center><img loading=\"lazy\" decoding=\"async\" src=\"https:\/\/monsiegeautobebe.fr\/wp-content\/uploads\/2019\/03\/icon-no.png\" alt=\"\" width=\"16\" height=\"16\" class=\"aligncenter size-full wp-image-693\" \/><\/center><\/td>\n<\/tr>\n<tr class=\"row-10\">\n\t<td class=\"column-1\">Obrotowy fotelik samochodowy<\/td><td class=\"column-2\"><center><img loading=\"lazy\" decoding=\"async\" src=\"https:\/\/monsiegeautobebe.fr\/wp-content\/uploads\/2019\/03\/icon-no.png\" alt=\"\" width=\"16\" height=\"16\" class=\"aligncenter size-full wp-image-693\" \/><\/center><\/td>\n<\/tr>\n<\/tbody>\n<\/table>\n\n<\/div><!-- #tablepress-99 from cache -->\n<center><a href=\"https:\/\/action.metaffiliation.com\/trk.php?mclic=P494DD5719952191&amp;redir=https%3A%2F%2Fwww.roseoubleu.fr%2Fsilver-cross-siege-auto-cosy-simplicity-plus-noir-a300281.html\" class=\"sc-button sc-button-default sc-button-MEDIUM\" target=\"_blank\" rel=\"noopener\"><span>ZOBACZ NAJLEPSZ\u0104 CEN\u0118<br \/>\nSILVER CROSS SIMPLICITY PLUS<\/span><\/a><\/center><\/p>\n<h4><span class=\"ez-toc-section\" id=\"Maxi-Cosi_Marble_avec_base\"><\/span>\n<li><em>Maxi-Cosi Marble (z podstaw\u0105)<\/em><\/li>\n<span class=\"ez-toc-section-end\"><\/span><\/h4>\n<p><a href=\"https:\/\/monsiegeautobebe.fr\/wp-content\/uploads\/2021\/06\/cosy-bebe-maxi-cosi-marble-adac.jpg\"><img loading=\"lazy\" decoding=\"async\" src=\"https:\/\/monsiegeautobebe.fr\/wp-content\/uploads\/2021\/06\/cosy-bebe-maxi-cosi-marble-adac-300x300.jpg\" alt=\"Przytulny fotelik dzieci\u0119cy Maxi Cosi Marble\" width=\"300\" height=\"300\" class=\"alignleft size-medium wp-image-5132\" srcset=\"https:\/\/www.monsiegeautobebe.fr\/wp-content\/uploads\/2021\/06\/cosy-bebe-maxi-cosi-marble-adac-300x300.jpg 300w, https:\/\/www.monsiegeautobebe.fr\/wp-content\/uploads\/2021\/06\/cosy-bebe-maxi-cosi-marble-adac-336x336.jpg 336w, https:\/\/www.monsiegeautobebe.fr\/wp-content\/uploads\/2021\/06\/cosy-bebe-maxi-cosi-marble-adac-600x600.jpg 600w, https:\/\/www.monsiegeautobebe.fr\/wp-content\/uploads\/2021\/06\/cosy-bebe-maxi-cosi-marble-adac-150x150.jpg 150w, https:\/\/www.monsiegeautobebe.fr\/wp-content\/uploads\/2021\/06\/cosy-bebe-maxi-cosi-marble-adac-768x768.jpg 768w, https:\/\/www.monsiegeautobebe.fr\/wp-content\/uploads\/2021\/06\/cosy-bebe-maxi-cosi-marble-adac.jpg 1000w\" sizes=\"(max-width: 300px) 100vw, 300px\" \/><\/a>Maxi-Cosi Marble to fotelik samochodowy zaprojektowany zgodnie z now\u0105 regulacj\u0105 R129 (i-Size) dla dzieci o wzro\u015bcie od 40 do 85 cm (od urodzenia do oko\u0142o 15 miesi\u0119cy). Model ten stwarza niskie ryzyko obra\u017ce\u0144 w przypadku zderzenia czo\u0142owego lub bocznego, jest wyj\u0105tkowo wygodny i \u0142atwy w monta\u017cu. Fotelik mo\u017ce by\u0107 montowany wy\u0142\u0105cznie ty\u0142em do kierunku jazdy na bazie ISOFIX dostarczanej wraz z fotelikiem. Dzi\u0119ki oparciu odchylanemu pod k\u0105tem 157\u00b0 fotelik Maxi-Cosi Marble pozwala dziecku le\u017ce\u0107 prawie p\u0142asko zar\u00f3wno w w\u00f3zku, jak i w samochodzie (do 75 cm), zapewniaj\u0105c optymalny odpoczynek. Ten przytulny fotelik jest r\u00f3wnie\u017c wyposa\u017cony w 3-punktowe pasy bezpiecze\u0144stwa, wysokie, wzmocnione \u015bciany boczne na wypadek zderzenia bocznego, przestronny, regulowany zag\u0142\u00f3wek, aby dostosowa\u0107 fotelik do wzrostu dziecka, zdejmowany reduktor siedziska dla noworodk\u00f3w i du\u017cy daszek przeciws\u0142oneczny. Oczywi\u015bcie Marble jest kompatybilny z wi\u0119kszo\u015bci\u0105 w\u00f3zk\u00f3w Maxi-Cosi, B\u00e9b\u00e9 Confort i Quinny.<br \/>\n<div id=\"tablepress-100-scroll-wrapper\" class=\"tablepress-scroll-wrapper\">\n\n<table id=\"tablepress-100\" class=\"tablepress tablepress-id-100 tablepress-responsive\">\n<tbody class=\"row-striping row-hover\">\n<tr class=\"row-1\">\n\t<td class=\"column-1\">Certyfikacja<\/td><td class=\"column-2\">R129 (i-Size)<\/td>\n<\/tr>\n<tr class=\"row-2\">\n\t<td class=\"column-1\">Rozmiar dziecka<\/td><td class=\"column-2\">Od 40 do 85 cm<\/td>\n<\/tr>\n<tr class=\"row-3\">\n\t<td class=\"column-1\">Wiek dziecka<\/td><td class=\"column-2\">Od urodzenia do oko\u0142o 15 miesi\u0119cy.<\/td>\n<\/tr>\n<tr class=\"row-4\">\n\t<td class=\"column-1\">Waga dziecka<\/td><td class=\"column-2\">13 kg maks.<\/td>\n<\/tr>\n<tr class=\"row-5\">\n\t<td class=\"column-1\">Monta\u017c fotelika samochodowego<\/td><td class=\"column-2\">Podstawa ISOFIX z rozp\u00f3rk\u0105<\/td>\n<\/tr>\n<tr class=\"row-6\">\n\t<td class=\"column-1\">Urz\u0105dzenie przytrzymuj\u0105ce dla dzieci<\/td><td class=\"column-2\">3-punktowa uprz\u0105\u017c<\/td>\n<\/tr>\n<tr class=\"row-7\">\n\t<td class=\"column-1\">Reduktor dla noworodk\u00f3w<\/td><td class=\"column-2\"><center><img decoding=\"async\" src=\"https:\/\/monsiegeautobebe.fr\/wp-content\/uploads\/2019\/03\/icon-yes.png\" alt=\"\" width=\"16\" height=\"16\" class=\"aligncenter size-full wp-image-693\" \/><\/center><\/td>\n<\/tr>\n<tr class=\"row-8\">\n\t<td class=\"column-1\">Odchylane oparcie<\/td><td class=\"column-2\"><center><img decoding=\"async\" src=\"https:\/\/monsiegeautobebe.fr\/wp-content\/uploads\/2019\/03\/icon-yes.png\" alt=\"\" width=\"16\" height=\"16\" class=\"aligncenter size-full wp-image-693\" \/><\/center><\/td>\n<\/tr>\n<tr class=\"row-9\">\n\t<td class=\"column-1\">Obrotowy fotelik samochodowy<\/td><td class=\"column-2\"><center><img loading=\"lazy\" decoding=\"async\" src=\"https:\/\/monsiegeautobebe.fr\/wp-content\/uploads\/2019\/03\/icon-no.png\" alt=\"\" width=\"16\" height=\"16\" class=\"aligncenter size-full wp-image-693\" \/><\/center><\/td>\n<\/tr>\n<tr class=\"row-10\">\n\t<td class=\"column-1\">Pozycja siedz\u0105ca<\/td><td class=\"column-2\">Powr\u00f3t na drog\u0119<\/td>\n<\/tr>\n<\/tbody>\n<\/table>\n\n<\/div><!-- #tablepress-100 from cache -->\n<center><a href=\"https:\/\/amzn.to\/3z1719k\" class=\"sc-button sc-button-default sc-button-MEDIUM\" target=\"_blank\" rel=\"noopener\"><span>ZOBACZ NAJLEPSZ\u0104 CEN\u0118<br \/>\nMARMUR MAXI-COSI<\/span><\/a><\/center>\n<\/ul>\n<h3><span class=\"ez-toc-section\" id=\"Les_Sieges_Auto_Enfants_de_la_naissance_a_7_ans_env\"><\/span>\n<li>Foteliki samochodowe dla dzieci (od urodzenia do ok. 7 lat)<span class=\"ez-toc-section-end\"><\/span><\/h3>\n<\/li>\n<p>Coraz wi\u0119cej fotelik\u00f3w samochodowych, takich jak Klippan Oti 128 lub Britax Max-Way i Max-Way Plus, pozwala dzieciom podr\u00f3\u017cowa\u0107 ty\u0142em do kierunku jazdy tak d\u0142ugo, jak to mo\u017cliwe, do wieku oko\u0142o 7 lat. Przypominamy, \u017ce zdecydowanie zaleca si\u0119, aby dzieci podr\u00f3\u017cowa\u0142y ty\u0142em do kierunku jazdy tak d\u0142ugo, jak to mo\u017cliwe, aby znacznie zmniejszy\u0107 ryzyko powa\u017cnych obra\u017ce\u0144 najbardziej wra\u017cliwych cz\u0119\u015bci cia\u0142a (g\u0142owy, szyi i kr\u0119gos\u0142upa) w przypadku zderzenia czo\u0142owego.<br \/>\n<center><a href=\"https:\/\/www.monsiegeautobebe.fr\/pl\/najlepszy-fotelik-tylem-do-kierunku-jazdy\/\" class=\"sc-button sc-button-default sc-button-medium\"><span>ZOBACZ NASZ WYB\u00d3R NAJLEPSZYCH FOTELIK\u00d3W SAMOCHODOWYCH MONTOWANYCH TY\u0141EM DO KIERUNKU JAZDY<\/span><\/a><\/center><\/p>\n<ul>\n<h4><span class=\"ez-toc-section\" id=\"Axkid_One_Axkid_One\"><\/span>\n<li><em>Axkid One \/ Axkid One+<\/em><\/li>\n<span class=\"ez-toc-section-end\"><\/span><\/h4>\n<p><a href=\"https:\/\/monsiegeautobebe.fr\/wp-content\/uploads\/2021\/06\/siege-auto-dos-route-axkid-one-adac-1.jpg\"><img loading=\"lazy\" decoding=\"async\" src=\"https:\/\/monsiegeautobebe.fr\/wp-content\/uploads\/2021\/06\/siege-auto-dos-route-axkid-one-adac-1-300x300.jpg\" alt=\"Fotelik samochodowy Axkid One\" width=\"300\" height=\"300\" class=\"alignleft size-medium wp-image-5136\" srcset=\"https:\/\/www.monsiegeautobebe.fr\/wp-content\/uploads\/2021\/06\/siege-auto-dos-route-axkid-one-adac-1-300x300.jpg 300w, https:\/\/www.monsiegeautobebe.fr\/wp-content\/uploads\/2021\/06\/siege-auto-dos-route-axkid-one-adac-1-336x336.jpg 336w, https:\/\/www.monsiegeautobebe.fr\/wp-content\/uploads\/2021\/06\/siege-auto-dos-route-axkid-one-adac-1-600x600.jpg 600w, https:\/\/www.monsiegeautobebe.fr\/wp-content\/uploads\/2021\/06\/siege-auto-dos-route-axkid-one-adac-1-150x150.jpg 150w, https:\/\/www.monsiegeautobebe.fr\/wp-content\/uploads\/2021\/06\/siege-auto-dos-route-axkid-one-adac-1-768x768.jpg 768w, https:\/\/www.monsiegeautobebe.fr\/wp-content\/uploads\/2021\/06\/siege-auto-dos-route-axkid-one-adac-1.jpg 1000w\" sizes=\"(max-width: 300px) 100vw, 300px\" \/><\/a><a href=\"https:\/\/monsiegeautobebe.fr\/wp-content\/uploads\/2021\/06\/siege-auto-dos-route-axkid-one-adac.jpg\"><img loading=\"lazy\" decoding=\"async\" src=\"https:\/\/monsiegeautobebe.fr\/wp-content\/uploads\/2021\/06\/siege-auto-dos-route-axkid-one-adac-300x300.jpg\" alt=\"Axkid One + fotelik samochodowy\" width=\"300\" height=\"300\" class=\"alignleft size-medium wp-image-5131\" srcset=\"https:\/\/www.monsiegeautobebe.fr\/wp-content\/uploads\/2021\/06\/siege-auto-dos-route-axkid-one-adac-300x300.jpg 300w, https:\/\/www.monsiegeautobebe.fr\/wp-content\/uploads\/2021\/06\/siege-auto-dos-route-axkid-one-adac-336x336.jpg 336w, https:\/\/www.monsiegeautobebe.fr\/wp-content\/uploads\/2021\/06\/siege-auto-dos-route-axkid-one-adac-600x600.jpg 600w, https:\/\/www.monsiegeautobebe.fr\/wp-content\/uploads\/2021\/06\/siege-auto-dos-route-axkid-one-adac-150x150.jpg 150w, https:\/\/www.monsiegeautobebe.fr\/wp-content\/uploads\/2021\/06\/siege-auto-dos-route-axkid-one-adac-768x768.jpg 768w, https:\/\/www.monsiegeautobebe.fr\/wp-content\/uploads\/2021\/06\/siege-auto-dos-route-axkid-one-adac.jpg 1000w\" sizes=\"(max-width: 300px) 100vw, 300px\" \/><\/a>Axkid One i Axkid One+ s\u0105 jednymi z niewielu fotelik\u00f3w samochodowych zatwierdzonych zgodnie z najnowszymi przepisami R129 (i-Size) do przed\u0142u\u017conego u\u017cytkowania ty\u0142em do kierunku jazdy do oko\u0142o 7 roku \u017cycia. Podczas gdy Axkid One jest odpowiedni dla dzieci o wzro\u015bcie od 61 do 125 cm (od 6 miesi\u0119cy do oko\u0142o 7 lat), Axkid One+ ma reduktor dla noworodk\u00f3w umo\u017cliwiaj\u0105cy u\u017cywanie go od 40 do 125 cm (od urodzenia do oko\u0142o 7 lat). Szybkie i \u0142atwe do zainstalowania w samochodzie za pomoc\u0105 z\u0142\u0105czy ISOFIX, Axkid One i One+ s\u0105 montowane na szynach, kt\u00f3re umo\u017cliwiaj\u0105 \u0142atwe przesuwanie siedze\u0144 w prz\u00f3d iw ty\u0142, aby zapewni\u0107 dodatkowe miejsce na nogi nawet najstarszym dzieciom. Foteliki One i One+, posiadaj\u0105ce ju\u017c certyfikat Plus Test, wykaza\u0142y r\u00f3wnie\u017c wysoki poziom bezpiecze\u0144stwa w testach zderzeniowych, z niskim ryzykiem obra\u017ce\u0144 w przypadku zderzenia czo\u0142owego i bardzo niskim ryzykiem obra\u017ce\u0144 w przypadku zderzenia bocznego. Fotele s\u0105 r\u00f3wnie\u017c wyposa\u017cone w materia\u0142y poch\u0142aniaj\u0105ce uderzenia, zag\u0142\u00f3wek z regulacj\u0105 wysoko\u015bci, 5-punktowe pasy bezpiecze\u0144stwa, zdejmowan\u0105 ochron\u0119 przed uderzeniami bocznymi (ASIP) i kilka stopni odchylenia dla wygodnej regulacji k\u0105ta siedzenia. Aluminiowa konstrukcja foteli o zmniejszonej wadze i wszystkie ich innowacje wyja\u015bniaj\u0105 wysok\u0105 cen\u0119, za jak\u0105 oferowane s\u0105 te dwa modele.<\/p>\n<p><iframe title=\"Axkid ONE - Cechy Francja\" width=\"788\" height=\"443\" src=\"https:\/\/www.youtube.com\/embed\/0yVnTcCm0pI?feature=oembed\" frameborder=\"0\" allow=\"accelerometer; autoplay; clipboard-write; encrypted-media; gyroscope; picture-in-picture\" allowfullscreen><\/iframe><\/p>\n<div id=\"tablepress-101-scroll-wrapper\" class=\"tablepress-scroll-wrapper\">\n\n<table id=\"tablepress-101\" class=\"tablepress tablepress-id-101 tablepress-responsive\">\n<thead>\n<tr class=\"row-1\">\n\t<td class=\"column-1\"><\/td><th class=\"column-2\">Axkid One<\/th><th class=\"column-3\">Axkid One+<\/th>\n<\/tr>\n<\/thead>\n<tbody class=\"row-striping row-hover\">\n<tr class=\"row-2\">\n\t<td class=\"column-1\">Certyfikacja<\/td><td class=\"column-2\">R129 (i-Size)<\/td><td class=\"column-3\">R129 (i-Size)<\/td>\n<\/tr>\n<tr class=\"row-3\">\n\t<td class=\"column-1\">Rozmiar dziecka<\/td><td class=\"column-2\">Od 40 do 125 cm<\/td><td class=\"column-3\">Od 61 do 125 cm<\/td>\n<\/tr>\n<tr class=\"row-4\">\n\t<td class=\"column-1\">Wiek dziecka<\/td><td class=\"column-2\">Od urodzenia do ok. 7 lat.<\/td><td class=\"column-3\">Oko\u0142o 6 miesi\u0119cy do 7 lat.<\/td>\n<\/tr>\n<tr class=\"row-5\">\n\t<td class=\"column-1\">Waga dziecka<\/td><td class=\"column-2\">23 kg maks.<\/td><td class=\"column-3\">23 kg maks.<\/td>\n<\/tr>\n<tr class=\"row-6\">\n\t<td class=\"column-1\">Monta\u017c fotelika samochodowego<\/td><td class=\"column-2\">ISOFIX z rozp\u00f3rk\u0105<\/td><td class=\"column-3\">ISOFIX z rozp\u00f3rk\u0105<\/td>\n<\/tr>\n<tr class=\"row-7\">\n\t<td class=\"column-1\">Urz\u0105dzenie przytrzymuj\u0105ce dla dzieci<\/td><td class=\"column-2\">5-punktowe pasy bezpiecze\u0144stwa<\/td><td class=\"column-3\">5-punktowe pasy bezpiecze\u0144stwa<\/td>\n<\/tr>\n<tr class=\"row-8\">\n\t<td class=\"column-1\">Obrotowy fotelik samochodowy<\/td><td class=\"column-2\"><center><img loading=\"lazy\" decoding=\"async\" src=\"https:\/\/monsiegeautobebe.fr\/wp-content\/uploads\/2019\/03\/icon-no.png\" alt=\"\" width=\"16\" height=\"16\" class=\"aligncenter size-full wp-image-693\" \/><\/center><\/td><td class=\"column-3\"><center><img loading=\"lazy\" decoding=\"async\" src=\"https:\/\/monsiegeautobebe.fr\/wp-content\/uploads\/2019\/03\/icon-no.png\" alt=\"\" width=\"16\" height=\"16\" class=\"aligncenter size-full wp-image-693\" \/><\/center><\/td>\n<\/tr>\n<tr class=\"row-9\">\n\t<td class=\"column-1\">Reduktor dla noworodk\u00f3w<\/td><td class=\"column-2\"><center><img decoding=\"async\" src=\"https:\/\/monsiegeautobebe.fr\/wp-content\/uploads\/2019\/03\/icon-yes.png\" alt=\"\" width=\"16\" height=\"16\" class=\"aligncenter size-full wp-image-693\" \/><\/center><\/td><td class=\"column-3\"><center><img loading=\"lazy\" decoding=\"async\" src=\"https:\/\/monsiegeautobebe.fr\/wp-content\/uploads\/2019\/03\/icon-no.png\" alt=\"\" width=\"16\" height=\"16\" class=\"aligncenter size-full wp-image-693\" \/><\/center><\/td>\n<\/tr>\n<tr class=\"row-10\">\n\t<td class=\"column-1\">Pozycja siedz\u0105ca<\/td><td class=\"column-2\">Powr\u00f3t na drog\u0119<\/td><td class=\"column-3\">Powr\u00f3t na drog\u0119<\/td>\n<\/tr>\n<tr class=\"row-11\">\n\t<td class=\"column-1\">Ceny<\/td><td class=\"column-2\"><a href=\"https:\/\/action.metaffiliation.com\/trk.php?mclic=P494DD5719952191&amp;redir=https%3A%2F%2Fwww.roseoubleu.fr%2Faxkid-siege-auto-one-i-size-tar-noir-a297159.html\" class=\"sc-button sc-button-default sc-button-MEDIUM\" target=\"_blank\" rel=\"noopener\"><span>ZOBACZ NAJLEPSZ\u0104 CEN\u0118<\/span><\/a><\/td><td class=\"column-3\"><a href=\"https:\/\/action.metaffiliation.com\/trk.php?mclic=P494DD5719952191&amp;redir=https%3A%2F%2Fwww.roseoubleu.fr%2Faxkid-siege-auto-one-i-size-tar-noir-a297150.html\" class=\"sc-button sc-button-default sc-button-MEDIUM\" target=\"_blank\" rel=\"noopener\"><span>ZOBACZ NAJLEPSZ\u0104 CEN\u0118<\/span><\/a><\/td>\n<\/tr>\n<\/tbody>\n<\/table>\n\n<\/div><!-- #tablepress-101 from cache --><\/ul>\n<h3><span class=\"ez-toc-section\" id=\"Les_Sieges_Auto_Evolutifs_de_la_naissance_a_12_ans_env\"><\/span>\n<li>Foteliki samochodowe Evolutive (od urodzenia do ok. 12 lat)<span class=\"ez-toc-section-end\"><\/span><\/h3>\n<\/li>\n<p>The <a href=\"https:\/\/www.monsiegeautobebe.fr\/pl\/najlepsze-konwertowalne-foteliki-samochodowe\/\">rozwijaj\u0105ce si\u0119 foteliki samochodowe<\/a> to modele fotelik\u00f3w, kt\u00f3re obejmuj\u0105 kilka grup wagowych i rozmiarowych, aby towarzyszy\u0107 dzieciom przez kilka lat.<\/p>\n<ul>\n<h4><span class=\"ez-toc-section\" id=\"Cybex_Pallas_G_i-Size\"><\/span>\n<li><em>Cybex Pallas G i-Size<\/em><\/li>\n<span class=\"ez-toc-section-end\"><\/span><\/h4>\n<p><a href=\"https:\/\/monsiegeautobebe.fr\/wp-content\/uploads\/2021\/05\/cybex-pallas-g-fix-i-size.jpg\"><img loading=\"lazy\" decoding=\"async\" src=\"https:\/\/monsiegeautobebe.fr\/wp-content\/uploads\/2021\/05\/cybex-pallas-g-fix-i-size-300x300.jpg\" alt=\"Fotelik samochodowy Cybex Pallas G Fix i-Size\" width=\"300\" height=\"300\" class=\"alignleft size-medium wp-image-4994\" srcset=\"https:\/\/www.monsiegeautobebe.fr\/wp-content\/uploads\/2021\/05\/cybex-pallas-g-fix-i-size-300x300.jpg 300w, https:\/\/www.monsiegeautobebe.fr\/wp-content\/uploads\/2021\/05\/cybex-pallas-g-fix-i-size-336x336.jpg 336w, https:\/\/www.monsiegeautobebe.fr\/wp-content\/uploads\/2021\/05\/cybex-pallas-g-fix-i-size-600x600.jpg 600w, https:\/\/www.monsiegeautobebe.fr\/wp-content\/uploads\/2021\/05\/cybex-pallas-g-fix-i-size-150x150.jpg 150w, https:\/\/www.monsiegeautobebe.fr\/wp-content\/uploads\/2021\/05\/cybex-pallas-g-fix-i-size-768x768.jpg 768w, https:\/\/www.monsiegeautobebe.fr\/wp-content\/uploads\/2021\/05\/cybex-pallas-g-fix-i-size.jpg 1000w\" sizes=\"(max-width: 300px) 100vw, 300px\" \/><\/a>Le <strong>Cybex Pallas G i-Size<\/strong> jest pierwszym <a href=\"https:\/\/www.monsiegeautobebe.fr\/pl\/najlepszy-fotelik-z-oslona-tulowia\/\">fotelik samochodowy shield<\/a> zosta\u0142 zatwierdzony zgodnie z now\u0105 regulacj\u0105 R-129 (i-Size) do u\u017cytku przodem do kierunku jazdy z dzie\u0107mi o wzro\u015bcie od 76 do 150 cm (od 16 miesi\u0119cy do ok. 12 lat). Pallas G i-Size to ewoluuj\u0105cy model 2 w 1, kt\u00f3ry mo\u017ce by\u0107 u\u017cywany z os\u0142on\u0105 przeciwuderzeniow\u0105 od 76 do 105 cm (maks. 21 kg), zanim zostanie przekszta\u0142cony w fotelik samochodowy. <a href=\"https:\/\/www.monsiegeautobebe.fr\/pl\/jak-wybrac-swoj-fotelik-dzieciecy\/\">samochodowy fotelik podwy\u017cszaj\u0105cy<\/a> do u\u017cytku do 150 cm. Dziecko jest wtedy chronione pasem bezpiecze\u0144stwa pojazdu. Fotelik samochodowy jest instalowany w samochodzie za pomoc\u0105 <a href=\"https:\/\/www.monsiegeautobebe.fr\/pl\/isofix-mocowanie-system\/\">Mocowanie ISOFIX<\/a> i pasek <a href=\"https:\/\/www.monsiegeautobebe.fr\/pl\/mocowanie-top-tether-fotelik\/\">G\u00f3rny pasek<\/a> dla wi\u0119kszej stabilno\u015bci i bezpiecze\u0144stwa. W przeciwie\u0144stwie do innych modeli, takich jak <a href=\"https:\/\/www.monsiegeautobebe.fr\/pl\/siege-auto-bouclier-cybex-pallas-s-fix\/\" target=\"_blank\" rel=\"noopener\">Cybex Pallas S-Fix<\/a> lub <strong>Pallas M-Fix<\/strong>Dzi\u0119ki zintegrowanemu systemowi pas\u00f3w, os\u0142ona przed uderzeniami jest teraz bardzo \u0142atwa do zamocowania i nie wymaga ju\u017c u\u017cycia pas\u00f3w bezpiecze\u0144stwa pojazdu. Cybex Pallas G i-Size jest wyposa\u017cony w liniow\u0105 ochron\u0119 przed uderzeniami bocznymi (L.S.P.), os\u0142on\u0119 przed uderzeniami z regulacj\u0105 g\u0142\u0119boko\u015bci i odchylany zag\u0142\u00f3wek z regulacj\u0105 wysoko\u015bci.<br \/>\n<div id=\"tablepress-102-scroll-wrapper\" class=\"tablepress-scroll-wrapper\">\n\n<table id=\"tablepress-102\" class=\"tablepress tablepress-id-102 tablepress-responsive\">\n<tbody class=\"row-striping row-hover\">\n<tr class=\"row-1\">\n\t<td class=\"column-1\">Certyfikacja<\/td><td class=\"column-2\">R129 (i-Size)<\/td>\n<\/tr>\n<tr class=\"row-2\">\n\t<td class=\"column-1\">Rozmiar dziecka<\/td><td class=\"column-2\">Od 40 do 125 cm<\/td>\n<\/tr>\n<tr class=\"row-3\">\n\t<td class=\"column-1\">Wiek dziecka<br \/>\n<\/td><td class=\"column-2\">16 miesi\u0119cy do ok. 12 lat<\/td>\n<\/tr>\n<tr class=\"row-4\">\n\t<td class=\"column-1\">Waga dziecka<\/td><td class=\"column-2\">Od 9 do 50 kg maks.<\/td>\n<\/tr>\n<tr class=\"row-5\">\n\t<td class=\"column-1\">Monta\u017c fotelika samochodowego<\/td><td class=\"column-2\">ISOFIX z g\u00f3rnym paskiem mocuj\u0105cym<\/td>\n<\/tr>\n<tr class=\"row-6\">\n\t<td class=\"column-1\">Urz\u0105dzenie przytrzymuj\u0105ce dla dzieci<\/td><td class=\"column-2\">Tarcza (od 9 do 21 kg)<br \/>\nPas bezpiecze\u0144stwa (od 21 do 50 kg)<\/td>\n<\/tr>\n<tr class=\"row-7\">\n\t<td class=\"column-1\">Obrotowy fotelik samochodowy<\/td><td class=\"column-2\"><center><img loading=\"lazy\" decoding=\"async\" src=\"https:\/\/monsiegeautobebe.fr\/wp-content\/uploads\/2019\/03\/icon-no.png\" alt=\"\" width=\"16\" height=\"16\" class=\"aligncenter size-full wp-image-693\" \/><\/center><\/td>\n<\/tr>\n<tr class=\"row-8\">\n\t<td class=\"column-1\">Reduktor dla noworodk\u00f3w<\/td><td class=\"column-2\"><center><img loading=\"lazy\" decoding=\"async\" src=\"https:\/\/monsiegeautobebe.fr\/wp-content\/uploads\/2019\/03\/icon-no.png\" alt=\"\" width=\"16\" height=\"16\" class=\"aligncenter size-full wp-image-693\" \/><\/center><\/td>\n<\/tr>\n<tr class=\"row-9\">\n\t<td class=\"column-1\">Pozycja siedz\u0105ca<\/td><td class=\"column-2\">W obliczu drogi<\/td>\n<\/tr>\n<\/tbody>\n<\/table>\n\n<\/div><!-- #tablepress-102 from cache -->\n<center><a href=\"https:\/\/icp.shop-orchestra.com\/?P4F9B5571995111&amp;redir=https%3A%2F%2Ffr.shop-orchestra.com%2Ffr%2Fmarques-a-decouvrir%2Fcybex%2Fsiege-auto-pallas-g-i-size---deep-black-PAUDG9.html\" class=\"sc-button sc-button-default sc-button-MEDIUM\" target=\"_blank\" rel=\"noopener\"><span>ZOBACZ NAJLEPSZ\u0104 CEN\u0118<br \/>\nCYBEX PALLAS G I-SIZE<\/span><\/a><\/center>\n<\/ul>\n<h3><span class=\"ez-toc-section\" id=\"Les_Rehausseurs_Voiture_de_4_a_12_ans_env\"><\/span>\n<li>Foteliki podwy\u017cszaj\u0105ce (od ok. 4 do 12 lat)<span class=\"ez-toc-section-end\"><\/span><\/h3>\n<\/li>\n<p>Samochodowe foteliki podwy\u017cszaj\u0105ce z oparciem oferuj\u0105 nie tylko wysoki poziom komfortu, ale tak\u017ce zwi\u0119kszone bezpiecze\u0144stwo dziecka, szczeg\u00f3lnie w przypadku zderzenia bocznego. Zastosowanie <a href=\"https:\/\/www.monsiegeautobebe.fr\/pl\/najlepszy-fotelik-samochodowy-15-36\/\">samochodowy fotelik podwy\u017cszaj\u0105cy<\/a> jest obowi\u0105zkowy w samochodach dla dzieci powy\u017cej 15 kg lub 100 cm, w zale\u017cno\u015bci od homologacji fotelika samochodowego. Foteliki podwy\u017cszaj\u0105ce umo\u017cliwiaj\u0105 dziecku dopasowanie si\u0119 do pas\u00f3w bezpiecze\u0144stwa dla doros\u0142ych, dop\u00f3ki nie osi\u0105gnie odpowiedniego wieku.<br \/>\n<center><a href=\"https:\/\/www.monsiegeautobebe.fr\/pl\/comparatif-meilleurs-sieges-rehausseurs\/\" class=\"sc-button sc-button-default sc-button-MEDIUM\"><span>ZOBACZ NASZ WYB\u00d3R NAJLEPSZYCH FOTELIK\u00d3W SAMOCHODOWYCH<\/span><\/a><\/center><\/p>\n<ul>\n<h4><span class=\"ez-toc-section\" id=\"Cybex_Solution_S_i-Fix\"><\/span>\n<li><em>Cybex Solution S i-Fix<\/em><\/li>\n<span class=\"ez-toc-section-end\"><\/span><\/h4>\n<p><a href=\"https:\/\/monsiegeautobebe.fr\/wp-content\/uploads\/2021\/06\/rehausseur-cybex-solution-s-i-fix-adac.jpg\"><img loading=\"lazy\" decoding=\"async\" src=\"https:\/\/monsiegeautobebe.fr\/wp-content\/uploads\/2021\/06\/rehausseur-cybex-solution-s-i-fix-adac-300x300.jpg\" alt=\"Cybex Solution S i-Fix\" width=\"300\" height=\"300\" class=\"alignleft size-medium wp-image-5135\" srcset=\"https:\/\/www.monsiegeautobebe.fr\/wp-content\/uploads\/2021\/06\/rehausseur-cybex-solution-s-i-fix-adac-300x300.jpg 300w, https:\/\/www.monsiegeautobebe.fr\/wp-content\/uploads\/2021\/06\/rehausseur-cybex-solution-s-i-fix-adac-336x336.jpg 336w, https:\/\/www.monsiegeautobebe.fr\/wp-content\/uploads\/2021\/06\/rehausseur-cybex-solution-s-i-fix-adac-600x600.jpg 600w, https:\/\/www.monsiegeautobebe.fr\/wp-content\/uploads\/2021\/06\/rehausseur-cybex-solution-s-i-fix-adac-150x150.jpg 150w, https:\/\/www.monsiegeautobebe.fr\/wp-content\/uploads\/2021\/06\/rehausseur-cybex-solution-s-i-fix-adac-768x768.jpg 768w, https:\/\/www.monsiegeautobebe.fr\/wp-content\/uploads\/2021\/06\/rehausseur-cybex-solution-s-i-fix-adac.jpg 1000w\" sizes=\"(max-width: 300px) 100vw, 300px\" \/><\/a>Cybex Solution S i-Fix to fotelik podwy\u017cszaj\u0105cy z oparciem, kt\u00f3ry \u0142\u0105czy w sobie <strong>liczne funkcje bezpiecze\u0144stwa i komfortu. <\/strong>Ten fotelik podwy\u017cszaj\u0105cy to zatwierdzona przez R129 (i-Size) wersja fotelika Cybex Solution S-Fix przeznaczona do podr\u00f3\u017cowania z dzie\u0107mi o wzro\u015bcie od 100 do 150 cm (w wieku od ok. 3 do 12 lat). Zabezpieczony w samochodzie za pomoc\u0105 pasa bezpiecze\u0144stwa, Solution S i-Fix posiada r\u00f3wnie\u017c chowane punkty mocowania ISOFIX dla dodatkowej stabilno\u015bci. Dzi\u0119ki niskiemu ryzyku obra\u017ce\u0144 w przypadku zderzenia czo\u0142owego i bardzo niskiemu ryzyku obra\u017ce\u0144 w przypadku zderzenia bocznego, Cybex Solution S i-Fix jest jednym z najlepszych fotelik\u00f3w samochodowych w swojej kategorii. Jego g\u0142\u00f3wne cechy to szerokie, wygodne siedzisko, odchylane oparcie, kt\u00f3re dostosowuje si\u0119 do wszystkich pozycji siedz\u0105cych, chowany system ochrony przed uderzeniami bocznymi (L.S.P.), skorupa poch\u0142aniaj\u0105ca energi\u0119, zag\u0142\u00f3wek, kt\u00f3ry zar\u00f3wno odchyla si\u0119, aby zapobiec opadaniu g\u0142owy dziecka do przodu, jak i ma regulowan\u0105 wysoko\u015b\u0107, aby idealnie dopasowa\u0107 si\u0119 do wzrostu ka\u017cdego dziecka.<br \/>\n<div id=\"tablepress-103-scroll-wrapper\" class=\"tablepress-scroll-wrapper\">\n\n<table id=\"tablepress-103\" class=\"tablepress tablepress-id-103 tablepress-responsive\">\n<tbody class=\"row-striping row-hover\">\n<tr class=\"row-1\">\n\t<td class=\"column-1\">Certyfikacja<\/td><td class=\"column-2\">R129 (i-Size)<\/td>\n<\/tr>\n<tr class=\"row-2\">\n\t<td class=\"column-1\">Rozmiar dziecka<\/td><td class=\"column-2\">Od 100 do 150 cm<\/td>\n<\/tr>\n<tr class=\"row-3\">\n\t<td class=\"column-1\">Wiek dziecka<br \/>\n<\/td><td class=\"column-2\">3 do 12 lat ok.<\/td>\n<\/tr>\n<tr class=\"row-4\">\n\t<td class=\"column-1\">Waga dziecka<\/td><td class=\"column-2\">Od 15 do 50 kg<\/td>\n<\/tr>\n<tr class=\"row-5\">\n\t<td class=\"column-1\">Monta\u017c fotelika samochodowego<\/td><td class=\"column-2\">Pasy bezpiecze\u0144stwa z ISOFIX (opcjonalnie)<\/td>\n<\/tr>\n<tr class=\"row-6\">\n\t<td class=\"column-1\">Urz\u0105dzenie przytrzymuj\u0105ce dla dzieci<\/td><td class=\"column-2\">Pasy bezpiecze\u0144stwa<\/td>\n<\/tr>\n<tr class=\"row-7\">\n\t<td class=\"column-1\">Pozycja siedz\u0105ca<\/td><td class=\"column-2\">W obliczu drogi<\/td>\n<\/tr>\n<\/tbody>\n<\/table>\n\n<\/div><!-- #tablepress-103 from cache -->\n<center><a href=\"https:\/\/icp.shop-orchestra.com\/?P4F9B5571995111&amp;redir=https%3A%2F%2Ffr.shop-orchestra.com%2Ffr%2FSearch-Show%3Fq%3DSolution%2520S%2520i-Fix\" class=\"sc-button sc-button-default sc-button-MEDIUM\" target=\"_blank\" rel=\"noopener\"><span>ZOBACZ NAJLEPSZ\u0104 CEN\u0118<br \/>\nCYBEX SOLUTION S I-FIX<\/span><\/a><\/center><\/p>\n<h4><span class=\"ez-toc-section\" id=\"Joie_i-Traver\"><\/span>\n<li><em>Joie i-Traver<\/em><\/li>\n<span class=\"ez-toc-section-end\"><\/span><\/h4>\n<p><a href=\"https:\/\/monsiegeautobebe.fr\/wp-content\/uploads\/2021\/06\/rehausseur-joie-i-traver-adac.jpg\"><img loading=\"lazy\" decoding=\"async\" src=\"https:\/\/monsiegeautobebe.fr\/wp-content\/uploads\/2021\/06\/rehausseur-joie-i-traver-adac-300x300.jpg\" alt=\"Joie i-Traver\" width=\"300\" height=\"300\" class=\"alignleft size-medium wp-image-5138\" srcset=\"https:\/\/www.monsiegeautobebe.fr\/wp-content\/uploads\/2021\/06\/rehausseur-joie-i-traver-adac-300x300.jpg 300w, https:\/\/www.monsiegeautobebe.fr\/wp-content\/uploads\/2021\/06\/rehausseur-joie-i-traver-adac-336x336.jpg 336w, https:\/\/www.monsiegeautobebe.fr\/wp-content\/uploads\/2021\/06\/rehausseur-joie-i-traver-adac-600x600.jpg 600w, https:\/\/www.monsiegeautobebe.fr\/wp-content\/uploads\/2021\/06\/rehausseur-joie-i-traver-adac-150x150.jpg 150w, https:\/\/www.monsiegeautobebe.fr\/wp-content\/uploads\/2021\/06\/rehausseur-joie-i-traver-adac-768x768.jpg 768w, https:\/\/www.monsiegeautobebe.fr\/wp-content\/uploads\/2021\/06\/rehausseur-joie-i-traver-adac.jpg 1000w\" sizes=\"(max-width: 300px) 100vw, 300px\" \/><\/a>Joie i-Traver jest pierwszym <a href=\"https:\/\/www.monsiegeautobebe.fr\/pl\/quel-rehausseur-voiture-enfant-choisir\/\" target=\"_blank\" rel=\"noopener\">samochodowy fotelik podwy\u017cszaj\u0105cy<\/a> Fotelik podwy\u017cszaj\u0105cy Joie i-Traver zosta\u0142 zatwierdzony zgodnie z europejsk\u0105 regulacj\u0105 R129 (i-Size) do bezpiecznego podr\u00f3\u017cowania z dzie\u0107mi o wzro\u015bcie od 100 do 150 cm (ok. 5-12 lat). Podobnie jak wszystkie foteliki podwy\u017cszaj\u0105ce, Joie i-Traver mo\u017cna zamontowa\u0107 w nast\u0119puj\u0105cy spos\u00f3b <strong>w kierunku drogi<\/strong> za pomoc\u0105 samego pasa bezpiecze\u0144stwa lub za pomoc\u0105 systemu mocowania ISOFIX dla dodatkowej stabilno\u015bci i pasa bezpiecze\u0144stwa pojazdu, kt\u00f3ry r\u00f3wnie\u017c zabezpiecza dziecko w foteliku. Z my\u015bl\u0105 o bezpiecze\u0144stwie i komforcie ma\u0142ych pasa\u017cer\u00f3w fotelik wyposa\u017cono w szereg funkcji. Obejmuj\u0105 one poduszk\u0119 siedziska o regulowanej g\u0142\u0119boko\u015bci, wzmocnion\u0105 ochron\u0119 g\u0142owy, zag\u0142\u00f3wek o regulowanej wysoko\u015bci z pami\u0119ci\u0105 kszta\u0142tu, wysuwan\u0105 ochron\u0119 przed uderzeniami bocznymi (Guard Surround Safety) oraz dwie pozycje odchylenia oparcia w celu dostosowania do wszystkich siedze\u0144 pojazdu.<br \/>\n<div id=\"tablepress-104-scroll-wrapper\" class=\"tablepress-scroll-wrapper\">\n\n<table id=\"tablepress-104\" class=\"tablepress tablepress-id-104 tablepress-responsive\">\n<tbody class=\"row-striping row-hover\">\n<tr class=\"row-1\">\n\t<td class=\"column-1\">Certyfikacja<\/td><td class=\"column-2\">R129 (i-Size)<\/td>\n<\/tr>\n<tr class=\"row-2\">\n\t<td class=\"column-1\">Rozmiar dziecka<\/td><td class=\"column-2\">100 do 150 cm<\/td>\n<\/tr>\n<tr class=\"row-3\">\n\t<td class=\"column-1\">Wiek dziecka<br \/>\n<\/td><td class=\"column-2\">5 do 12 lat ok.<\/td>\n<\/tr>\n<tr class=\"row-4\">\n\t<td class=\"column-1\">Waga dziecka<\/td><td class=\"column-2\">15 do 50 kg<\/td>\n<\/tr>\n<tr class=\"row-5\">\n\t<td class=\"column-1\">Pozycja siedz\u0105ca<\/td><td class=\"column-2\">W obliczu drogi<\/td>\n<\/tr>\n<tr class=\"row-6\">\n\t<td class=\"column-1\">Monta\u017c fotelika samochodowego<\/td><td class=\"column-2\">Pasy bezpiecze\u0144stwa + ISOFIX<\/td>\n<\/tr>\n<tr class=\"row-7\">\n\t<td class=\"column-1\">Urz\u0105dzenie przytrzymuj\u0105ce dla dzieci<\/td><td class=\"column-2\">Pasy bezpiecze\u0144stwa<\/td>\n<\/tr>\n<\/tbody>\n<\/table>\n\n<\/div><!-- #tablepress-104 from cache -->\n<center><a href=\"https:\/\/icp.shop-orchestra.com\/?P4F9B5571995111&amp;redir=https%3A%2F%2Ffr.shop-orchestra.com%2Ffr%2Fmarques-a-decouvrir%2Fjoie%2Fsiege-auto-i-traver-i-size---flint--PAUD31.html\" class=\"sc-button sc-button-default sc-button-MEDIUM\" target=\"_blank\" rel=\"noopener\"><span>ZOBACZ NAJLEPSZ\u0104 CEN\u0118<br \/>\nJOY I-TRAVER<\/span><\/a><\/center><\/p>\n<h2><span class=\"ez-toc-section\" id=\"Liste_Complete_des_Notes_aux_Crash-Tests_ADAC_TCS_Mai_2021\"><\/span>Pe\u0142na lista wynik\u00f3w test\u00f3w zderzeniowych ADAC i TCS (maj 2021)<span class=\"ez-toc-section-end\"><\/span><\/h2>\n<p><iframe title=\"Kindersitztest 2021: Sitzerh\u00f6hung als Notl\u00f6sung? | ADAC\" width=\"788\" height=\"443\" src=\"https:\/\/www.youtube.com\/embed\/aYtHGDi-r9U?feature=oembed\" frameborder=\"0\" allow=\"accelerometer; autoplay; clipboard-write; encrypted-media; gyroscope; picture-in-picture\" allowfullscreen><\/iframe><br \/>\nOdwied\u017a <strong>pe\u0142na lista notatek<\/strong> uzyskane przez wszystkie foteliki samochodowe oceniane podczas tej sesji <strong>testy zderzeniowe w maju 2021 r.<\/strong>. Dla ka\u017cdego <strong>kategoria wzrostu i\/lub wagi<\/strong>Foteliki samochodowe s\u0105 uszeregowane od najlepszego do najgorszego. Wszystkie informacje na temat ocenianych kryteri\u00f3w i stosowanego systemu punktacji dost\u0119pne s\u0105 w naszym artykule po\u015bwi\u0119conym w ca\u0142o\u015bci fotelikom samochodowym. <a href=\"https:\/\/www.monsiegeautobebe.fr\/pl\/adac-testy-fotelikow-najnowsze\/\" target=\"_blank\" rel=\"noopener noreferrer\">testy zderzeniowe fotelik\u00f3w samochodowych<\/a>.<\/p>\n<div class=\"sc-toggle\"><div class=\"sc-toggle-title active\"><a href=\"#\">Wyniki test\u00f3w zderzeniowych fotelik\u00f3w samochodowych ADAC (maj 2021)<\/a><\/div><div class=\"sc-toggle-content active\">\n<a href=\"https:\/\/monsiegeautobebe.fr\/wp-content\/uploads\/2021\/06\/resultat-crash-test-siege-auto-adac-mai-2021.jpg\"><img loading=\"lazy\" decoding=\"async\" class=\"aligncenter size-full wp-image-5037\" src=\"https:\/\/monsiegeautobebe.fr\/wp-content\/uploads\/2021\/06\/resultat-crash-test-siege-auto-adac-mai-2021.jpg\" alt=\"Wyniki test\u00f3w zderzeniowych ADAC dla fotelik\u00f3w samochodowych Maj 2021\" width=\"600\" height=\"937\" srcset=\"https:\/\/www.monsiegeautobebe.fr\/wp-content\/uploads\/2021\/06\/resultat-crash-test-siege-auto-adac-mai-2021.jpg 900w, https:\/\/www.monsiegeautobebe.fr\/wp-content\/uploads\/2021\/06\/resultat-crash-test-siege-auto-adac-mai-2021-600x937.jpg 600w, https:\/\/www.monsiegeautobebe.fr\/wp-content\/uploads\/2021\/06\/resultat-crash-test-siege-auto-adac-mai-2021-192x300.jpg 192w, https:\/\/www.monsiegeautobebe.fr\/wp-content\/uploads\/2021\/06\/resultat-crash-test-siege-auto-adac-mai-2021-655x1024.jpg 655w, https:\/\/www.monsiegeautobebe.fr\/wp-content\/uploads\/2021\/06\/resultat-crash-test-siege-auto-adac-mai-2021-768x1200.jpg 768w\" sizes=\"(max-width: 600px) 100vw, 600px\" \/><\/a><\/div><\/div>\n\n<div class=\"sc-toggle\"><div class=\"sc-toggle-title active\"><a href=\"#\">Wyniki test\u00f3w zderzeniowych fotelik\u00f3w samochodowych TCS (maj 2021)<\/a><\/div><div class=\"sc-toggle-content active\">\n<a href=\"https:\/\/monsiegeautobebe.fr\/wp-content\/uploads\/2021\/06\/resultat-crash-test-siege-auto-tcs-mai-2021.jpg\"><img loading=\"lazy\" decoding=\"async\" class=\"aligncenter size-full wp-image-5036\" src=\"https:\/\/monsiegeautobebe.fr\/wp-content\/uploads\/2021\/06\/resultat-crash-test-siege-auto-tcs-mai-2021.jpg\" alt=\"Wyniki test\u00f3w zderzeniowych TCS dla fotelik\u00f3w samochodowych Maj 2021\" width=\"600\" height=\"949\" srcset=\"https:\/\/www.monsiegeautobebe.fr\/wp-content\/uploads\/2021\/06\/resultat-crash-test-siege-auto-tcs-mai-2021.jpg 900w, https:\/\/www.monsiegeautobebe.fr\/wp-content\/uploads\/2021\/06\/resultat-crash-test-siege-auto-tcs-mai-2021-600x949.jpg 600w, https:\/\/www.monsiegeautobebe.fr\/wp-content\/uploads\/2021\/06\/resultat-crash-test-siege-auto-tcs-mai-2021-190x300.jpg 190w, https:\/\/www.monsiegeautobebe.fr\/wp-content\/uploads\/2021\/06\/resultat-crash-test-siege-auto-tcs-mai-2021-648x1024.jpg 648w, https:\/\/www.monsiegeautobebe.fr\/wp-content\/uploads\/2021\/06\/resultat-crash-test-siege-auto-tcs-mai-2021-768x1214.jpg 768w\" sizes=\"(max-width: 600px) 100vw, 600px\" \/><\/a><\/div><\/div>","protected":false},"excerpt":{"rendered":"<p>Dla rodzic\u00f3w bezpiecze\u0144stwo ich dzieci w samochodzie jest najwa\u017cniejsze. Dlatego publikacja wynik\u00f3w test\u00f3w zderzeniowych ADAC i TCS jest zawsze bardzo oczekiwanym wydarzeniem. Celem test\u00f3w zderzeniowych jest ocena wydajno\u015bci ka\u017cdego modelu pod wzgl\u0119dem bezpiecze\u0144stwa, obs\u0142ugi, ergonomii i zawarto\u015bci zanieczyszcze\u0144. Aby zagwarantowa\u0107<\/p>","protected":false},"author":2,"featured_media":4900,"comment_status":"open","ping_status":"open","sticky":false,"template":"","format":"standard","meta":{"footnotes":""},"categories":[13,30],"tags":[],"class_list":{"0":"post-4898","1":"post","2":"type-post","3":"status-publish","4":"format-standard","5":"has-post-thumbnail","7":"category-crash-tests-adac","8":"category-crash-tests-adac-2021"},"_links":{"self":[{"href":"https:\/\/www.monsiegeautobebe.fr\/pl\/wp-json\/wp\/v2\/posts\/4898","targetHints":{"allow":["GET"]}}],"collection":[{"href":"https:\/\/www.monsiegeautobebe.fr\/pl\/wp-json\/wp\/v2\/posts"}],"about":[{"href":"https:\/\/www.monsiegeautobebe.fr\/pl\/wp-json\/wp\/v2\/types\/post"}],"author":[{"embeddable":true,"href":"https:\/\/www.monsiegeautobebe.fr\/pl\/wp-json\/wp\/v2\/users\/2"}],"replies":[{"embeddable":true,"href":"https:\/\/www.monsiegeautobebe.fr\/pl\/wp-json\/wp\/v2\/comments?post=4898"}],"version-history":[{"count":0,"href":"https:\/\/www.monsiegeautobebe.fr\/pl\/wp-json\/wp\/v2\/posts\/4898\/revisions"}],"wp:featuredmedia":[{"embeddable":true,"href":"https:\/\/www.monsiegeautobebe.fr\/pl\/wp-json\/wp\/v2\/media\/4900"}],"wp:attachment":[{"href":"https:\/\/www.monsiegeautobebe.fr\/pl\/wp-json\/wp\/v2\/media?parent=4898"}],"wp:term":[{"taxonomy":"category","embeddable":true,"href":"https:\/\/www.monsiegeautobebe.fr\/pl\/wp-json\/wp\/v2\/categories?post=4898"},{"taxonomy":"post_tag","embeddable":true,"href":"https:\/\/www.monsiegeautobebe.fr\/pl\/wp-json\/wp\/v2\/tags?post=4898"}],"curies":[{"name":"wp","href":"https:\/\/api.w.org\/{rel}","templated":true}]}}