{"id":4310,"date":"2021-04-05T22:18:41","date_gmt":"2021-04-05T22:18:41","guid":{"rendered":"https:\/\/monsiegeautobebe.fr\/?p=4310"},"modified":"2023-11-29T01:42:59","modified_gmt":"2023-11-29T00:42:59","slug":"jak-wybrac-obrotowy-fotelik-samochodowy","status":"publish","type":"post","link":"https:\/\/www.monsiegeautobebe.fr\/pl\/jak-wybrac-obrotowy-fotelik-samochodowy\/","title":{"rendered":"Jak Wybra\u0107 Najlepszy Obrotowy Fotelik Samochodowy?"},"content":{"rendered":"<p>Wyb\u00f3r w\u0142a\u015bciwego <strong><a href=\"https:\/\/www.monsiegeautobebe.fr\/pl\/\">fotelik samochodowy<\/a><\/strong> jest niezb\u0119dny do zapewnienia dzieciom bezpiecze\u0144stwa podczas podr\u00f3\u017cy samochodem. Spo\u015br\u00f3d wszystkich wydatk\u00f3w, kt\u00f3re poniesiesz, gdy urodzi si\u0119 Twoje dziecko, wyb\u00f3r <strong><a href=\"https:\/\/www.monsiegeautobebe.fr\/pl\/fotelik-samochodowy-jaki-wybrac\/\">fotelik samochodowy dla dziecka<\/a> obracanie<\/strong> jest jednym z najwa\u017cniejszych wybor\u00f3w. Od pierwszego dnia <strong>bezpiecze\u0144stwo dziecka<\/strong> jest niezb\u0119dna. B\u0119dziesz potrzebowa\u0107 <a href=\"https:\/\/www.monsiegeautobebe.fr\/pl\/fotelik-samochodowy-jaki-wybrac\/\" target=\"_blank\" rel=\"noopener\">fotelik samochodowy dla dziecka<\/a> od momentu opuszczenia oddzia\u0142u po\u0142o\u017cniczego do momentu, w kt\u00f3rym dziecko jest na tyle doros\u0142e, aby m\u00f3c z niego korzysta\u0107 <strong>pas bezpiecze\u0144stwa<\/strong> samoch\u00f3d. Niezale\u017cnie od wieku dziecka <strong>Obrotowe foteliki samochodowe dla dzieci<\/strong> to jedne z najwygodniejszych i najbezpieczniejszych modeli dla Twojego dziecka. Zar\u00f3wno \u0142atwe w instalacji, jak i codziennym u\u017cytkowaniu, oto nasze zalecenia, kt\u00f3re pomog\u0105 Ci znale\u017a\u0107 odpowiedni model dla Twojego dziecka. <strong>Obrotowy fotelik samochodowy dla dziecka<\/strong> najlepiej dopasowane do Twoich potrzeb.<\/p>\n<div id=\"ez-toc-container\" class=\"ez-toc-v2_0_82_2 counter-hierarchy ez-toc-counter ez-toc-grey ez-toc-container-direction\">\n<div class=\"ez-toc-title-container\">\n<p class=\"ez-toc-title\" style=\"cursor:inherit\">Zawarto\u015b\u0107<\/p>\n<span class=\"ez-toc-title-toggle\"><a href=\"#\" class=\"ez-toc-pull-right ez-toc-btn ez-toc-btn-xs ez-toc-btn-default ez-toc-toggle\" aria-label=\"Prze\u0142\u0105cznik Spisu Tre\u015bci\"><span class=\"ez-toc-js-icon-con\"><span class=\"\"><span class=\"eztoc-hide\" style=\"display:none;\">Toggle<\/span><span class=\"ez-toc-icon-toggle-span\"><svg style=\"fill: #999;color:#999\" xmlns=\"http:\/\/www.w3.org\/2000\/svg\" class=\"list-377408\" width=\"20px\" height=\"20px\" viewbox=\"0 0 24 24\" fill=\"none\"><path d=\"M6 6H4v2h2V6zm14 0H8v2h12V6zM4 11h2v2H4v-2zm16 0H8v2h12v-2zM4 16h2v2H4v-2zm16 0H8v2h12v-2z\" fill=\"currentColor\"><\/path><\/svg><svg style=\"fill: #999;color:#999\" class=\"arrow-unsorted-368013\" xmlns=\"http:\/\/www.w3.org\/2000\/svg\" width=\"10px\" height=\"10px\" viewbox=\"0 0 24 24\" version=\"1.2\" baseprofile=\"tiny\"><path d=\"M18.2 9.3l-6.2-6.3-6.2 6.3c-.2.2-.3.4-.3.7s.1.5.3.7c.2.2.4.3.7.3h11c.3 0 .5-.1.7-.3.2-.2.3-.5.3-.7s-.1-.5-.3-.7zM5.8 14.7l6.2 6.3 6.2-6.3c.2-.2.3-.5.3-.7s-.1-.5-.3-.7c-.2-.2-.4-.3-.7-.3h-11c-.3 0-.5.1-.7.3-.2.2-.3.5-.3.7s.1.5.3.7z\"\/><\/svg><\/span><\/span><\/span><\/a><\/span><\/div>\n<nav><ul class='ez-toc-list ez-toc-list-level-1 eztoc-toggle-hide-by-default' ><li class='ez-toc-page-1 ez-toc-heading-level-2'><a class=\"ez-toc-link ez-toc-heading-1\" href=\"https:\/\/www.monsiegeautobebe.fr\/pl\/jak-wybrac-obrotowy-fotelik-samochodowy\/#Pourquoi_Choisir_Un_Siege_Auto_Bebe_Pivotant\" >Dlaczego warto wybra\u0107 obrotowy fotelik samochodowy dla dziecka?<\/a><\/li><li class='ez-toc-page-1 ez-toc-heading-level-2'><a class=\"ez-toc-link ez-toc-heading-2\" href=\"https:\/\/www.monsiegeautobebe.fr\/pl\/jak-wybrac-obrotowy-fotelik-samochodowy\/#Les_Avantages_Du_Siege_Auto_Bebe_Pivotant\" >Zalety obrotowego fotelika samochodowego dla niemowl\u0105t<\/a><\/li><li class='ez-toc-page-1 ez-toc-heading-level-2'><a class=\"ez-toc-link ez-toc-heading-3\" href=\"https:\/\/www.monsiegeautobebe.fr\/pl\/jak-wybrac-obrotowy-fotelik-samochodowy\/#Quels_Types_de_Sieges_Auto_Pivotants_Choisir\" >Jaki typ obrotowego fotelika samochodowego powinienem wybra\u0107?<\/a><ul class='ez-toc-list-level-3' ><li class='ez-toc-heading-level-3'><a class=\"ez-toc-link ez-toc-heading-4\" href=\"https:\/\/www.monsiegeautobebe.fr\/pl\/jak-wybrac-obrotowy-fotelik-samochodowy\/#La_Reglementation_Des_Sieges_Auto_Pivotants\" >Przepisy dotycz\u0105ce obrotowych fotelik\u00f3w samochodowych<\/a><\/li><li class='ez-toc-page-1 ez-toc-heading-level-3'><a class=\"ez-toc-link ez-toc-heading-5\" href=\"https:\/\/www.monsiegeautobebe.fr\/pl\/jak-wybrac-obrotowy-fotelik-samochodowy\/#Le_Siege_Auto_Pivotant_Isofix\" >Obrotowy fotelik samochodowy ISOFIX<\/a><\/li><li class='ez-toc-page-1 ez-toc-heading-level-3'><a class=\"ez-toc-link ez-toc-heading-6\" href=\"https:\/\/www.monsiegeautobebe.fr\/pl\/jak-wybrac-obrotowy-fotelik-samochodowy\/#Le_Siege_Auto_Pivotant_Dos_A_La_Route\" >Obrotowy fotelik samochodowy ty\u0142em do kierunku jazdy<\/a><\/li><\/ul><\/li><li class='ez-toc-page-1 ez-toc-heading-level-2'><a class=\"ez-toc-link ez-toc-heading-7\" href=\"https:\/\/www.monsiegeautobebe.fr\/pl\/jak-wybrac-obrotowy-fotelik-samochodowy\/#Comparatifs_Des_Meilleurs_Sieges_Auto_Pivotants\" >Por\u00f3wnanie najlepszych obrotowych fotelik\u00f3w samochodowych<\/a><\/li><li class='ez-toc-page-1 ez-toc-heading-level-2'><a class=\"ez-toc-link ez-toc-heading-8\" href=\"https:\/\/www.monsiegeautobebe.fr\/pl\/jak-wybrac-obrotowy-fotelik-samochodowy\/#Les_Meilleures_Marques_De_Sieges_Auto_Pivotants\" >Najlepsze marki obrotowych fotelik\u00f3w samochodowych<\/a><\/li><\/ul><\/nav><\/div>\n<h2><span class=\"ez-toc-section\" id=\"Pourquoi_Choisir_Un_Siege_Auto_Bebe_Pivotant\"><\/span>Dlaczego warto wybra\u0107 obrotowy fotelik samochodowy dla dziecka?<span class=\"ez-toc-section-end\"><\/span><\/h2>\n<figure id=\"attachment_4326\" aria-describedby=\"caption-attachment-4326\" style=\"width: 900px\" class=\"wp-caption aligncenter\"><a href=\"https:\/\/monsiegeautobebe.fr\/wp-content\/uploads\/2021\/04\/choisir-siege-auto-bebe-pivotant.jpg\"><img fetchpriority=\"high\" decoding=\"async\" class=\"wp-image-4326 size-full\" src=\"https:\/\/monsiegeautobebe.fr\/wp-content\/uploads\/2021\/04\/choisir-siege-auto-bebe-pivotant.jpg\" alt=\"Obrotowy fotelik samochodowy dla niemowl\u0105t B\u00e9b\u00e9 Confort AxissFix Plus i-Size\" width=\"900\" height=\"600\" srcset=\"https:\/\/www.monsiegeautobebe.fr\/wp-content\/uploads\/2021\/04\/choisir-siege-auto-bebe-pivotant.jpg 900w, https:\/\/www.monsiegeautobebe.fr\/wp-content\/uploads\/2021\/04\/choisir-siege-auto-bebe-pivotant-600x400.jpg 600w, https:\/\/www.monsiegeautobebe.fr\/wp-content\/uploads\/2021\/04\/choisir-siege-auto-bebe-pivotant-300x200.jpg 300w, https:\/\/www.monsiegeautobebe.fr\/wp-content\/uploads\/2021\/04\/choisir-siege-auto-bebe-pivotant-768x512.jpg 768w, https:\/\/www.monsiegeautobebe.fr\/wp-content\/uploads\/2021\/04\/choisir-siege-auto-bebe-pivotant-104x69.jpg 104w\" sizes=\"(max-width: 900px) 100vw, 900px\" \/><\/a><figcaption id=\"caption-attachment-4326\" class=\"wp-caption-text\">Obrotowy fotelik samochodowy dla niemowl\u0105t <a href=\"https:\/\/www.monsiegeautobebe.fr\/pl\/maxi-cosi-axissfix\/\">B\u00e9b\u00e9 Confort AxissFix<\/a> Plus i-Size<\/figcaption><\/figure>\n<p>Wypadki samochodowe s\u0105 jednym z najbardziej <a href=\"https:\/\/www.securite-routiere.gouv.fr\/actualites\/chiffres-de-la-securite-routiere-en-2020\" target=\"_blank\" rel=\"noopener\">g\u0142\u00f3wne przyczyny powa\u017cnych obra\u017ce\u0144 i \u015bmierci w\u015br\u00f3d dzieci.<\/a> W przeciwie\u0144stwie do <strong>pasy bezpiecze\u0144stwa<\/strong> kt\u00f3re nie s\u0105 przeznaczone do kszta\u0142tu cia\u0142a niemowl\u0105t i dzieci, a tak\u017ce <strong>Obrotowy fotelik samochodowy dla dziecka<\/strong> posiada w\u0142asne 3- lub 5-punktowe pasy bezpiecze\u0144stwa, aby zapewni\u0107 dziecku bezpiecze\u0144stwo w razie wypadku lub nag\u0142ego hamowania. Fotelik <a href=\"https:\/\/www.monsiegeautobebe.fr\/pl\/najlepszy-fotelik-samochodowy-obrotowy\/\" target=\"_blank\" rel=\"noopener\">najlepsze obrotowe foteliki samochodowe<\/a> s\u0105 specjalnie opracowane, aby chroni\u0107 <strong>najbardziej nara\u017ceni<\/strong> dziecko. W przypadku uderzenia <strong><a href=\"https:\/\/www.monsiegeautobebe.fr\/pl\/najlepszy-fotelik-samochodowy-obrotowy\/\">fotelik samochodowy obrotowy<\/a><\/strong> pomaga rozproszy\u0107 energi\u0119 uwalnian\u0105 podczas uderzenia, aby zapewni\u0107 bardziej efektywne <strong>Optymalna ochrona<\/strong> do g\u0142owy i kr\u0119gos\u0142upa dziecka. Foteliki te mo\u017cna r\u00f3wnie\u017c obraca\u0107 <strong>powr\u00f3t na drog\u0119<\/strong> dzi\u0119ki czemu ochrona dziecka jest jeszcze \u0142atwiejsza.<\/p>\n<h2><span class=\"ez-toc-section\" id=\"Les_Avantages_Du_Siege_Auto_Bebe_Pivotant\"><\/span>Zalety obrotowego fotelika samochodowego dla niemowl\u0105t<span class=\"ez-toc-section-end\"><\/span><\/h2>\n<p>Wielu rodzic\u00f3w woli <strong>obrotowe foteliki samochodowe<\/strong> kt\u00f3re z r\u00f3\u017cnych powod\u00f3w okazuj\u0105 si\u0119 by\u0107 bardziej odpowiedni\u0105 opcj\u0105 do codziennego u\u017cytku. G\u0142\u00f3wn\u0105 zalet\u0105 <strong>Obrotowe foteliki samochodowe dla dzieci<\/strong> jest \u0142atwo\u015b\u0107, z jak\u0105 rodzice mog\u0105 wygodnie umie\u015bci\u0107 swoje dziecko w foteliku samochodowym i zabra\u0107 je z domu z ca\u0142kowitym spokojem. W wi\u0119kszo\u015bci przypadk\u00f3w wystarczy nacisn\u0105\u0107 przycisk, aby umie\u015bci\u0107 dziecko w foteliku samochodowym. <strong>Fotelik samochodowy 360<\/strong> obraca si\u0119 w kierunku drzwi, aby u\u0142atwi\u0107 wsiadanie i wysiadanie z fotela.<\/p>\n<figure id=\"attachment_1368\" aria-describedby=\"caption-attachment-1368\" style=\"width: 800px\" class=\"wp-caption aligncenter\"><a href=\"https:\/\/monsiegeautobebe.fr\/wp-content\/uploads\/2019\/10\/siege-auto-pivotant-cybex-sirona-z-i-size.gif\"><img decoding=\"async\" class=\"wp-image-1368 size-full\" src=\"https:\/\/monsiegeautobebe.fr\/wp-content\/uploads\/2019\/10\/siege-auto-pivotant-cybex-sirona-z-i-size.gif\" alt=\"Obrotowy fotelik samochodowy dla niemowl\u0105t Cybex Sirona Z i-Size\" width=\"800\" height=\"604\" \/><\/a><figcaption id=\"caption-attachment-1368\" class=\"wp-caption-text\">Obrotowy fotelik samochodowy dla niemowl\u0105t Cybex Sirona Z i-Size<\/figcaption><\/figure>\n<p>Odkryj <strong>g\u0142\u00f3wne zalety <\/strong>obrotowe foteliki samochodowe dla dzieci :<\/p>\n<ul>\n<li>\u0141atwiej jest wprowadzi\u0107 dziecko do <strong>fotelik samochodowy<\/strong> i z niego. Wystarczy obr\u00f3ci\u0107 fotelik do siebie, aby w\u0142o\u017cy\u0107 dziecko, a nast\u0119pnie obr\u00f3ci\u0107 go ponownie, aby ustawi\u0107 dziecko we w\u0142a\u015bciwej pozycji. <a href=\"https:\/\/www.monsiegeautobebe.fr\/pl\/najlepszy-fotelik-tylem-do-kierunku-jazdy\/\">fotelik ty\u0142em do kierunku jazdy<\/a> lub twarz\u0105 do drogi.<\/li>\n<li>Dzi\u0119ki <strong>mocowania isofix<\/strong>instalacja fotelika samochodowego w poje\u017adzie jest naprawd\u0119 uproszczona, a <strong>b\u0142\u0119dy instalacji<\/strong> s\u0105 ograniczone do minimum. Idealne rozwi\u0105zanie, gdy fotelik samochodowy jest u\u017cywany na przyk\u0142ad w kilku pojazdach.<\/li>\n<li>Dla <strong>zmieni\u0107 kierunek<\/strong> dziecka (ty\u0142em lub przodem do kierunku jazdy), wystarczy ponownie nacisn\u0105\u0107 dedykowany przycisk, aby <strong>obracanie siedzenia<\/strong> w po\u017c\u0105danym kierunku. Nie ma potrzeby usuwania <strong>fotelik samochodowy<\/strong> ustawi\u0107 go najpierw ty\u0142em do drogi, a nast\u0119pnie przodem do niej.<\/li>\n<li>Chocia\u017c nadal mo\u017cna u\u017cywa\u0107 i kupowa\u0107 <strong>obrotowe foteliki samochodowe<\/strong> Zgodnie z przepisami R44\/04, wi\u0119kszo\u015b\u0107 nowych modeli jest obecnie zgodna z normami <strong>norme i-Size.<\/strong> Nowe rozporz\u0105dzenie wprowadza szereg ulepsze\u0144 w zakresie ochrony dzieci w samochodach.<\/li>\n<li>The <strong>najlepsze obrotowe foteliki samochodowe<\/strong> u\u0142atwiaj\u0105 umieszczenie dziecka w samochodzie. <strong>ty\u0142em do drogi.<\/strong> W ten spos\u00f3b modele te zach\u0119caj\u0105 rodzic\u00f3w do preferowania tej pozycji tak d\u0142ugo, jak to mo\u017cliwe.<\/li>\n<\/ul>\n<h2><span class=\"ez-toc-section\" id=\"Quels_Types_de_Sieges_Auto_Pivotants_Choisir\"><\/span>Jaki typ obrotowego fotelika samochodowego powinienem wybra\u0107?<span class=\"ez-toc-section-end\"><\/span><\/h2>\n<p><a href=\"https:\/\/monsiegeautobebe.fr\/wp-content\/uploads\/2021\/04\/avantage-siege-auto-bebe-pivotant.jpg\"><img decoding=\"async\" class=\"aligncenter size-full wp-image-4325\" src=\"https:\/\/monsiegeautobebe.fr\/wp-content\/uploads\/2021\/04\/avantage-siege-auto-bebe-pivotant.jpg\" alt=\"Zalety obrotowych fotelik\u00f3w samochodowych dla dzieci\" width=\"900\" height=\"600\" srcset=\"https:\/\/www.monsiegeautobebe.fr\/wp-content\/uploads\/2021\/04\/avantage-siege-auto-bebe-pivotant.jpg 900w, https:\/\/www.monsiegeautobebe.fr\/wp-content\/uploads\/2021\/04\/avantage-siege-auto-bebe-pivotant-600x400.jpg 600w, https:\/\/www.monsiegeautobebe.fr\/wp-content\/uploads\/2021\/04\/avantage-siege-auto-bebe-pivotant-300x200.jpg 300w, https:\/\/www.monsiegeautobebe.fr\/wp-content\/uploads\/2021\/04\/avantage-siege-auto-bebe-pivotant-768x512.jpg 768w, https:\/\/www.monsiegeautobebe.fr\/wp-content\/uploads\/2021\/04\/avantage-siege-auto-bebe-pivotant-104x69.jpg 104w\" sizes=\"(max-width: 900px) 100vw, 900px\" \/><\/a><\/p>\n<ul>\n<li>\n<h3><span class=\"ez-toc-section\" id=\"La_Reglementation_Des_Sieges_Auto_Pivotants\"><\/span>Przepisy dotycz\u0105ce obrotowych fotelik\u00f3w samochodowych<span class=\"ez-toc-section-end\"><\/span><\/h3>\n<\/li>\n<\/ul>\n<p>Przypominamy, \u017ce korzystanie z <strong>urz\u0105dzenie retencyjne<\/strong> jest obowi\u0105zkowa dla dzieci we Francji <strong>do 10 roku \u017cycia<\/strong> minimum. Przy zakupie nowego <strong>Obrotowy fotelik samochodowy dla dziecka<\/strong>Chcesz znale\u017a\u0107 najwygodniejszy i najbezpieczniejszy model dla swojego dziecka. Obecnie dost\u0119pne s\u0105 <strong>dwa europejskie rozporz\u0105dzenia<\/strong> dotycz\u0105cy <strong>Obrotowe foteliki samochodowe dla dzieci.<\/strong><\/p>\n<div id=\"tablepress-1-scroll-wrapper\" class=\"tablepress-scroll-wrapper\">\n\n<table id=\"tablepress-1\" class=\"tablepress tablepress-id-1 tablepress-responsive\">\n<thead>\n<tr class=\"row-1\">\n\t<td class=\"column-1\"><\/td><th class=\"column-2\">ECE R44\/04<\/th><th class=\"column-3\">R129 (i-Size)<\/th>\n<\/tr>\n<\/thead>\n<tbody class=\"row-striping row-hover\">\n<tr class=\"row-2\">\n\t<td class=\"column-1\">Klasyfikacja<\/td><td class=\"column-2\">Przez <strong>waga<\/strong> dziecka<\/td><td class=\"column-3\">Przez <strong>rozmiar<\/strong> dziecka<\/td>\n<\/tr>\n<tr class=\"row-3\">\n\t<td class=\"column-1\">Powr\u00f3t na drog\u0119<\/td><td class=\"column-2\">Do <strong>9 kg<\/strong><\/td><td class=\"column-3\">Do <strong>15 miesi\u0119cy<\/strong><\/td>\n<\/tr>\n<tr class=\"row-4\">\n\t<td class=\"column-1\">Testy<br \/>\ndynamika<\/td><td class=\"column-2\">Kolizja <strong>prz\u00f3d<\/strong> <em>(50 km\/h)<\/em><br \/>\nWp\u0142yw <strong>ty\u0142<\/strong> <em>(30 km\/h)<\/em><br \/>\nBrak uderzenia bocznego<br \/>\n<br \/>\nKorzystanie z manekin\u00f3w starszej generacji <em>(P-Dummies)<\/em><\/td><td class=\"column-3\">Kolizja <strong>prz\u00f3d<\/strong> <em>(50 km\/h)<\/em><br \/>\nWp\u0142yw <strong>ty\u0142<\/strong> <em>(30 km\/h)<\/em><br \/>\nSzok <strong>boczny<\/strong> <em>(24 km\/h)<\/em><br \/>\n<br \/>\nKorzystanie z manekin\u00f3w nowej generacji <em>(Q-Dummies)<\/em><\/td>\n<\/tr>\n<tr class=\"row-5\">\n\t<td class=\"column-1\">System mocowania<\/td><td class=\"column-2\"><strong>Pas<\/strong> lub <strong>ISOFIX<\/strong><\/td><td class=\"column-3\"><strong>ISOFIX<\/strong><\/td>\n<\/tr>\n<tr class=\"row-6\">\n\t<td class=\"column-1\">Data wdro\u017cenia<\/td><td class=\"column-2\">Stopniowe zanikanie <strong>od 2021 r.<\/strong><\/td><td class=\"column-3\">Obowi\u0105zuje od <strong>Lipiec 2013 r.<\/strong><\/td>\n<\/tr>\n<\/tbody>\n<\/table>\n\n<\/div><!-- #tablepress-1 from cache --><p>Zgadza si\u0119, <strong>Normy ECE R44\/04 i UN R129 (i-Size)<\/strong> s\u0105 dwiema obowi\u0105zuj\u0105cymi obecnie normami bezpiecze\u0144stwa, zgodnie z kt\u00f3rymi wszystkie <strong>obrotowe foteliki samochodowe<\/strong> musi zosta\u0107 z\u0142o\u017cony. Do tego czasu, z <a href=\"https:\/\/www.monsiegeautobebe.fr\/pl\/ktora-grupe-fotelika-samochodowego-wybrac\/\">Rozporz\u0105dzenie europejskie R44\/04<\/a>klasyfikacja <strong>obrotowe foteliki samochodowe<\/strong> opiera\u0142 si\u0119 wy\u0142\u0105cznie na wadze dziecka. Wraz z wprowadzeniem nowego standardu i-Size w 2013 roku <strong>obrotowe foteliki samochodowe<\/strong> s\u0105 teraz przydzielane zgodnie z rozmiarem dziecka.<\/p>\n<ul>\n<li>\n<h3><span class=\"ez-toc-section\" id=\"Le_Siege_Auto_Pivotant_Isofix\"><\/span>Obrotowy fotelik samochodowy ISOFIX<span class=\"ez-toc-section-end\"><\/span><\/h3>\n<\/li>\n<\/ul>\n<figure id=\"attachment_4240\" aria-describedby=\"caption-attachment-4240\" style=\"width: 900px\" class=\"wp-caption aligncenter\"><a href=\"https:\/\/monsiegeautobebe.fr\/wp-content\/uploads\/2021\/03\/systeme-isofix-joie-i-spin-360.jpg\"><img loading=\"lazy\" decoding=\"async\" class=\"wp-image-4240 size-full\" src=\"https:\/\/monsiegeautobebe.fr\/wp-content\/uploads\/2021\/03\/systeme-isofix-joie-i-spin-360.jpg\" alt=\"Mocowanie ISOFIX do obrotowego fotelika samochodowego Joie i-Spin 360\" width=\"900\" height=\"600\" srcset=\"https:\/\/www.monsiegeautobebe.fr\/wp-content\/uploads\/2021\/03\/systeme-isofix-joie-i-spin-360.jpg 900w, https:\/\/www.monsiegeautobebe.fr\/wp-content\/uploads\/2021\/03\/systeme-isofix-joie-i-spin-360-600x400.jpg 600w, https:\/\/www.monsiegeautobebe.fr\/wp-content\/uploads\/2021\/03\/systeme-isofix-joie-i-spin-360-300x200.jpg 300w, https:\/\/www.monsiegeautobebe.fr\/wp-content\/uploads\/2021\/03\/systeme-isofix-joie-i-spin-360-768x512.jpg 768w, https:\/\/www.monsiegeautobebe.fr\/wp-content\/uploads\/2021\/03\/systeme-isofix-joie-i-spin-360-104x69.jpg 104w\" sizes=\"(max-width: 900px) 100vw, 900px\" \/><\/a><figcaption id=\"caption-attachment-4240\" class=\"wp-caption-text\">The <a href=\"https:\/\/www.monsiegeautobebe.fr\/pl\/isofix-mocowanie-system\/\">mocowanie isofix<\/a> na obrotowym foteliku samochodowym dla dziecka <a href=\"https:\/\/www.monsiegeautobebe.fr\/pl\/joie-i-spin-360-recenzja\/\">Joie i-Spin 360<\/a><\/figcaption><\/figure>\n<p>La <a href=\"https:\/\/www.monsiegeautobebe.fr\/pl\/reglementation-i-size-siege-auto-bebe\/\">Regulacja R129 (i-Size)<\/a> jest najnowszym zatwierdzeniem kontroluj\u0105cym produkcj\u0119 <strong>obrotowe foteliki samochodowe.<\/strong> Celem tego nowego standardu jest <strong>foteliki samochodowe dla dzieci<\/strong> \u0142atwiejsze do zainstalowania dzi\u0119ki powszechnemu stosowaniu <strong>Punkty mocowania isofix<\/strong>zapewniaj\u0105 lepsz\u0105 ochron\u0119 przed uderzeniami bocznymi, utrzymuj\u0105 dzieci zwr\u00f3cone w kierunku przeciwnym do kierunku jazdy <strong>do 15 miesi\u0105ca \u017cycia<\/strong> i klasyfikowa\u0107 <strong>foteliki samochodowe<\/strong> w zale\u017cno\u015bci od wielko\u015bci dzieci.<\/p>\n<p>La <strong>Regulacja i-Size (R129)<\/strong> oferuje szereg wa\u017cnych korzy\u015bci w zakresie bezpiecze\u0144stwa, w tym :<\/p>\n<ul>\n<li style=\"list-style-type: none;\">\n<ul>\n<li style=\"list-style-type: none;\">\n<ul>\n<li>The <strong>obrotowe foteliki samochodowe<\/strong> oferuj\u0105 lepsz\u0105 ochron\u0119 przed <strong>zderzenie boczne<\/strong> aby chroni\u0107 g\u0142ow\u0119 i szyj\u0119 dziecka.<\/li>\n<li>W przeciwie\u0144stwie do <strong>rozporz\u0105dzenie R44\/04 <\/strong>pozwala dziecku podr\u00f3\u017cowa\u0107 w foteliku samochodowym skierowanym przodem do kierunku jazdy <strong>od 9 kg<\/strong> (oko\u0142o 9 miesi\u0119cy), z <strong>regulacja R129 (i-Size)<\/strong>Fotelik samochodowy montowany ty\u0142em do kierunku jazdy jest obowi\u0105zkowy <strong>do 15 miesi\u0105ca \u017cycia<\/strong> aby lepiej chroni\u0107 wra\u017cliwe cz\u0119\u015bci cia\u0142a dziecka.<\/li>\n<li>The <strong>obrotowe foteliki samochodowe<\/strong> musi zosta\u0107 zainstalowany przy u\u017cyciu <strong>mocowanie isofix.<\/strong> Znacznie zmniejsza to ryzyko nieprawid\u0142owego monta\u017cu obrotowego fotelika samochodowego. Wi\u0119kszo\u015b\u0107 modeli jest dost\u0119pna z kilkoma <strong>wska\u017aniki wizualne i\/lub d\u017awi\u0119kowe<\/strong> aby potwierdzi\u0107, \u017ce baza i fotelik s\u0105 prawid\u0142owo zainstalowane.<\/li>\n<li>The <strong>Obrotowe foteliki samochodowe isofix<\/strong> s\u0105 klasyfikowane wed\u0142ug rozmiaru dziecka, co u\u0142atwia wyb\u00f3r odpowiedniego fotelika samochodowego dla ka\u017cdego dziecka.<\/li>\n<\/ul>\n<\/li>\n<\/ul>\n<\/li>\n<\/ul>\n<ul>\n<li>\n<h3><span class=\"ez-toc-section\" id=\"Le_Siege_Auto_Pivotant_Dos_A_La_Route\"><\/span>Obrotowy fotelik samochodowy ty\u0142em do kierunku jazdy<span class=\"ez-toc-section-end\"><\/span><\/h3>\n<\/li>\n<\/ul>\n<p>Bardzo wa\u017cne jest, aby noworodek pozosta\u0142 <a href=\"https:\/\/www.monsiegeautobebe.fr\/pl\/voyager-siege-auto-dos-a-la-route\/\">jak najd\u0142u\u017cej ty\u0142em do drogi<\/a>. W pierwszych latach \u017cycia dziecko nie ma \"normalnej\" osobowo\u015bci. <strong>struktura ko\u015bci<\/strong> w pe\u0142ni rozwini\u0119ty i <strong>si\u0142a mi\u0119\u015bni<\/strong> aby zapobiec wyrzuceniu stosunkowo du\u017cej i ci\u0119\u017ckiej g\u0142owy do przodu w przypadku uderzenia. Kiedy dziecko jest umieszczone <strong>powr\u00f3t na drog\u0119<\/strong>Jego g\u0142owa i szyja s\u0105 doskonale podparte przez oparcie siedziska. <strong>fotelik samochodowy<\/strong>. Si\u0142y uderzenia s\u0105 skutecznie poch\u0142aniane przez ca\u0142\u0105 konstrukcj\u0119 fotelika, co zapewnia skuteczniejsz\u0105 ochron\u0119.<\/p>\n<p><a href=\"https:\/\/monsiegeautobebe.fr\/wp-content\/uploads\/2021\/04\/siege-auto-bebe-pivotant-dos-route.jpg\"><img loading=\"lazy\" decoding=\"async\" class=\"aligncenter size-full wp-image-4321\" src=\"https:\/\/monsiegeautobebe.fr\/wp-content\/uploads\/2021\/04\/siege-auto-bebe-pivotant-dos-route.jpg\" alt=\"Obrotowy fotelik samochodowy dla niemowl\u0105t montowany ty\u0142em do kierunku jazdy\" width=\"900\" height=\"400\" srcset=\"https:\/\/www.monsiegeautobebe.fr\/wp-content\/uploads\/2021\/04\/siege-auto-bebe-pivotant-dos-route.jpg 900w, https:\/\/www.monsiegeautobebe.fr\/wp-content\/uploads\/2021\/04\/siege-auto-bebe-pivotant-dos-route-600x267.jpg 600w, https:\/\/www.monsiegeautobebe.fr\/wp-content\/uploads\/2021\/04\/siege-auto-bebe-pivotant-dos-route-300x133.jpg 300w, https:\/\/www.monsiegeautobebe.fr\/wp-content\/uploads\/2021\/04\/siege-auto-bebe-pivotant-dos-route-768x341.jpg 768w\" sizes=\"(max-width: 900px) 100vw, 900px\" \/><\/a><\/p>\n<p>Chocia\u017c wi\u0119kszo\u015b\u0107 <strong>Obrotowe foteliki samochodowe dla dzieci<\/strong> s\u0105 odpowiednie do u\u017cytku przodem do kierunku jazdy od 15 miesi\u0105ca \u017cycia (minimum ustawowe), zalecamy preferowanie pozycji ty\u0142em do kierunku jazdy tak d\u0142ugo, jak to mo\u017cliwe. Wiele bardzo popularnych modeli, takich jak <a href=\"https:\/\/www.monsiegeautobebe.fr\/pl\/siege-auto-pivotant-joie-i-spin-360\/\" target=\"_blank\" rel=\"noopener\">Joie i-Spin 360<\/a> lub <a href=\"https:\/\/www.monsiegeautobebe.fr\/pl\/porownanie-fotelikow-samochodowych-cybex-sirona\/\" target=\"_blank\" rel=\"noopener\">Cybex Sirona Z i-Size<\/a> pozwalaj\u0105 na d\u0142u\u017csze korzystanie z pozycji ty\u0142em do kierunku jazdy <strong>do 4 roku \u017cycia.<\/strong> Przypominamy, \u017ce pozycja ty\u0142em do kierunku jazdy to <strong>pi\u0119\u0107 razy bezpieczniejszy<\/strong> dla dziecka w razie wypadku.<\/p>\n<h2><span class=\"ez-toc-section\" id=\"Comparatifs_Des_Meilleurs_Sieges_Auto_Pivotants\"><\/span>Por\u00f3wnanie najlepszych obrotowych fotelik\u00f3w samochodowych<span class=\"ez-toc-section-end\"><\/span><\/h2>\n<figure id=\"attachment_4327\" aria-describedby=\"caption-attachment-4327\" style=\"width: 900px\" class=\"wp-caption aligncenter\"><a href=\"https:\/\/monsiegeautobebe.fr\/wp-content\/uploads\/2021\/04\/siege-auto-bebe-pivotant-britax-romer-dualfix-i-size.jpg\"><img loading=\"lazy\" decoding=\"async\" class=\"size-full wp-image-4327\" src=\"https:\/\/monsiegeautobebe.fr\/wp-content\/uploads\/2021\/04\/siege-auto-bebe-pivotant-britax-romer-dualfix-i-size.jpg\" alt=\"Obrotowy fotelik samochodowy dla niemowl\u0105t Britax Romer Dualfix i-Size\" width=\"900\" height=\"600\" srcset=\"https:\/\/www.monsiegeautobebe.fr\/wp-content\/uploads\/2021\/04\/siege-auto-bebe-pivotant-britax-romer-dualfix-i-size.jpg 900w, https:\/\/www.monsiegeautobebe.fr\/wp-content\/uploads\/2021\/04\/siege-auto-bebe-pivotant-britax-romer-dualfix-i-size-600x400.jpg 600w, https:\/\/www.monsiegeautobebe.fr\/wp-content\/uploads\/2021\/04\/siege-auto-bebe-pivotant-britax-romer-dualfix-i-size-300x200.jpg 300w, https:\/\/www.monsiegeautobebe.fr\/wp-content\/uploads\/2021\/04\/siege-auto-bebe-pivotant-britax-romer-dualfix-i-size-768x512.jpg 768w, https:\/\/www.monsiegeautobebe.fr\/wp-content\/uploads\/2021\/04\/siege-auto-bebe-pivotant-britax-romer-dualfix-i-size-104x69.jpg 104w\" sizes=\"(max-width: 900px) 100vw, 900px\" \/><\/a><figcaption id=\"caption-attachment-4327\" class=\"wp-caption-text\">Obrotowy fotelik samochodowy dla niemowl\u0105t <a href=\"https:\/\/www.monsiegeautobebe.fr\/pl\/britax-romer-dualfix-i-size\/\">Britax R\u00f6mer Dualfix i-Size<\/a><\/figcaption><\/figure>\n<p>Pomimo stosunkowo wysokich koszt\u00f3w <strong>fotelik samochodowy obrotowy<\/strong> to nadal doskona\u0142e urz\u0105dzenie zabezpieczaj\u0105ce dla dzieci. Proste, funkcjonalne i bardzo wygodne, mo\u017cna je \u0142atwo dostosowa\u0107 do wzrostu lub wagi dziecka dzi\u0119ki wielu funkcjom. Z pewno\u015bci\u0105 s\u0105 to <strong>foteliki samochodowe<\/strong> najprzyjemniejsze w u\u017cyciu, zar\u00f3wno dla dziecka, jak i dla Ciebie. Wszystkie wybrane przez nas modele osi\u0105gn\u0119\u0142y r\u00f3wnie\u017c doskona\u0142e wyniki <a href=\"https:\/\/www.monsiegeautobebe.fr\/pl\/testy-adac-fotelikow-objasniony\/\" target=\"_blank\" rel=\"noopener\">testy zderzeniowe przeprowadzane przez niezale\u017cne organy<\/a> opr\u00f3cz test\u00f3w przeprowadzonych wcze\u015bniej w celu uzyskania europejskiej homologacji typu. Te testy zderzeniowe gwarantuj\u0105 <strong>bardzo wysoki poziom bezpiecze\u0144stwa i komfortu<\/strong> dla beztroskiej podr\u00f3\u017cy samochodem z dzieckiem.<\/p>\n<h2><span class=\"ez-toc-section\" id=\"Les_Meilleures_Marques_De_Sieges_Auto_Pivotants\"><\/span>Najlepsze marki obrotowych fotelik\u00f3w samochodowych<span class=\"ez-toc-section-end\"><\/span><\/h2>\n<p>Aby zapewni\u0107 dziecku bezpiecze\u0144stwo i komfort podczas podr\u00f3\u017cy samochodem, najlepiej zdecydowa\u0107 si\u0119 na obrotowy fotelik samochodowy renomowanych marek, takich jak Britax R\u00f6mer, BeSafe, Nuna, Maxi Cosi, Joie lub Cybex. Znane ze swojej wiedzy i niezawodno\u015bci, marki te oferuj\u0105 <a href=\"https:\/\/fr.shop-orchestra.com\/fr\/puericulture\/auto\/tous-les-sieges-auto\/\" target=\"_blank\" rel=\"noopener\">Obrotowe foteliki samochodowe dla wszystkich grup wiekowych<\/a> kt\u00f3re przez lata udowodni\u0142y swoj\u0105 warto\u015b\u0107 na drodze.<\/p>\n<p>Niezale\u017cnie od tego, czy szukasz <a href=\"https:\/\/www.monsiegeautobebe.fr\/pl\/najlepsza-gondola-samochodowa\/\">gondola dzieci\u0119ca<\/a>pow\u0142oka lub <a href=\"https:\/\/www.monsiegeautobebe.fr\/pl\/najlepsze-konwertowalne-foteliki-samochodowe\/\">rozwijaj\u0105cy si\u0119 fotelik samochodowy<\/a>Marki te obejmuj\u0105 ka\u017cdy etap rozwoju dziecka, z modelami zaprojektowanymi z my\u015bl\u0105 o bezpiecze\u0144stwie. Niezale\u017cnie od tego, czy jest to zwyk\u0142y bieg po mie\u015bcie, czy d\u0142uga rodzinna wycieczka, znajdziesz idealnego towarzysza podr\u00f3\u017cy na ka\u017cd\u0105 przygod\u0119.<\/p>\n<p>Odkryj nasz wyb\u00f3r <strong>najlepsze obrotowe foteliki samochodowe :<\/strong><br \/>\n<div id=\"tablepress-32-scroll-wrapper\" class=\"tablepress-scroll-wrapper\">\n\n<table id=\"tablepress-32\" class=\"tablepress tablepress-id-32 tablepress-responsive\" aria-describedby=\"tablepress-32-description\">\n<thead>\n<tr class=\"row-1\">\n\t<td class=\"column-1\"><\/td><th class=\"column-2\">Standard<\/th><th class=\"column-3\">Rozmiar<\/th><th class=\"column-4\">Reduktor<\/th><th class=\"column-5\">Droga powrotna<\/th><th class=\"column-6\">Trasa twarzy<\/th><th class=\"column-7\">Monta\u017c<\/th><th class=\"column-8\">Uwaga<br \/>\nADAC<\/th><th class=\"column-9\">Stawka<\/th>\n<\/tr>\n<\/thead>\n<tbody class=\"row-striping row-hover\">\n<tr class=\"row-2\">\n\t<td class=\"column-1\"><center><a href=\"https:\/\/monsiegeautobebe.fr\/wp-content\/uploads\/2019\/10\/siege-auto-bebe-confort-axissfix-i-size.jpg\"><img loading=\"lazy\" decoding=\"async\" src=\"https:\/\/monsiegeautobebe.fr\/wp-content\/uploads\/2019\/10\/siege-auto-bebe-confort-axissfix-i-size-150x150.jpg\" alt=\"Maxi-Cosi AxissFix i-Size\" width=\"70\" height=\"70\" class=\"aligncenter size-thumbnail wp-image-1725\" srcset=\"https:\/\/www.monsiegeautobebe.fr\/wp-content\/uploads\/2019\/10\/siege-auto-bebe-confort-axissfix-i-size-150x150.jpg 150w, https:\/\/www.monsiegeautobebe.fr\/wp-content\/uploads\/2019\/10\/siege-auto-bebe-confort-axissfix-i-size-300x300.jpg 300w, https:\/\/www.monsiegeautobebe.fr\/wp-content\/uploads\/2019\/10\/siege-auto-bebe-confort-axissfix-i-size-336x336.jpg 336w, https:\/\/www.monsiegeautobebe.fr\/wp-content\/uploads\/2019\/10\/siege-auto-bebe-confort-axissfix-i-size-600x600.jpg 600w, https:\/\/www.monsiegeautobebe.fr\/wp-content\/uploads\/2019\/10\/siege-auto-bebe-confort-axissfix-i-size-768x768.jpg 768w, https:\/\/www.monsiegeautobebe.fr\/wp-content\/uploads\/2019\/10\/siege-auto-bebe-confort-axissfix-i-size.jpg 1000w\" sizes=\"(max-width: 70px) 100vw, 70px\" \/>Maxi-Cosi<br \/>\nAxissFix i-Size<\/a><\/center><\/td><td class=\"column-2\">i-Size (R129)<\/td><td class=\"column-3\">61 - 105 cm (maks. 19 kg)<\/td><td class=\"column-4\"><center><img loading=\"lazy\" decoding=\"async\" src=\"https:\/\/monsiegeautobebe.fr\/wp-content\/uploads\/2019\/03\/icon-no.png\" alt=\"\" width=\"16\" height=\"16\" class=\"aligncenter size-full wp-image-693\" \/><\/center><\/td><td class=\"column-5\"><center><img loading=\"lazy\" decoding=\"async\" src=\"https:\/\/monsiegeautobebe.fr\/wp-content\/uploads\/2019\/03\/icon-yes.png\" alt=\"\" width=\"16\" height=\"16\" class=\"aligncenter size-full wp-image-693\" \/><\/center><\/td><td class=\"column-6\"><center><img loading=\"lazy\" decoding=\"async\" src=\"https:\/\/monsiegeautobebe.fr\/wp-content\/uploads\/2019\/03\/icon-yes.png\" alt=\"\" width=\"16\" height=\"16\" class=\"aligncenter size-full wp-image-693\" \/><\/center><\/td><td class=\"column-7\">ISOFIX z g\u00f3rnym paskiem mocuj\u0105cym<\/td><td class=\"column-8\">Dobry (2.2)<\/td><td class=\"column-9\"><\/td>\n<\/tr>\n<tr class=\"row-3\">\n\t<td class=\"column-1\"><center><a href=\"https:\/\/monsiegeautobebe.fr\/wp-content\/uploads\/2019\/10\/siege-auto-bebe-confort-axissfix-plus-i-size.jpg\"><img loading=\"lazy\" decoding=\"async\" src=\"https:\/\/monsiegeautobebe.fr\/wp-content\/uploads\/2019\/10\/siege-auto-bebe-confort-axissfix-plus-i-size-150x150.jpg\" alt=\"Maxi-Cosi AxissFix Plus i-Size\" width=\"70\" height=\"70\" class=\"aligncenter size-thumbnail wp-image-1704\" srcset=\"https:\/\/www.monsiegeautobebe.fr\/wp-content\/uploads\/2019\/10\/siege-auto-bebe-confort-axissfix-plus-i-size-150x150.jpg 150w, https:\/\/www.monsiegeautobebe.fr\/wp-content\/uploads\/2019\/10\/siege-auto-bebe-confort-axissfix-plus-i-size-300x300.jpg 300w, https:\/\/www.monsiegeautobebe.fr\/wp-content\/uploads\/2019\/10\/siege-auto-bebe-confort-axissfix-plus-i-size-336x336.jpg 336w, https:\/\/www.monsiegeautobebe.fr\/wp-content\/uploads\/2019\/10\/siege-auto-bebe-confort-axissfix-plus-i-size-600x600.jpg 600w, https:\/\/www.monsiegeautobebe.fr\/wp-content\/uploads\/2019\/10\/siege-auto-bebe-confort-axissfix-plus-i-size-768x768.jpg 768w, https:\/\/www.monsiegeautobebe.fr\/wp-content\/uploads\/2019\/10\/siege-auto-bebe-confort-axissfix-plus-i-size.jpg 1000w\" sizes=\"(max-width: 70px) 100vw, 70px\" \/>Maxi-Cosi<br \/>\nAxissFix Plus i-Size<\/a><\/center><\/td><td class=\"column-2\">i-Size (R129)<\/td><td class=\"column-3\">45 - 105 cm (maks. 19 kg)<\/td><td class=\"column-4\"><center><img loading=\"lazy\" decoding=\"async\" src=\"https:\/\/monsiegeautobebe.fr\/wp-content\/uploads\/2019\/03\/icon-yes.png\" alt=\"\" width=\"16\" height=\"16\" class=\"aligncenter size-full wp-image-693\" \/><\/center><\/td><td class=\"column-5\"><center><img loading=\"lazy\" decoding=\"async\" src=\"https:\/\/monsiegeautobebe.fr\/wp-content\/uploads\/2019\/03\/icon-yes.png\" alt=\"\" width=\"16\" height=\"16\" class=\"aligncenter size-full wp-image-693\" \/><\/center><\/td><td class=\"column-6\"><center><img loading=\"lazy\" decoding=\"async\" src=\"https:\/\/monsiegeautobebe.fr\/wp-content\/uploads\/2019\/03\/icon-yes.png\" alt=\"\" width=\"16\" height=\"16\" class=\"aligncenter size-full wp-image-693\" \/><\/center><\/td><td class=\"column-7\">ISOFIX z g\u00f3rnym paskiem mocuj\u0105cym<\/td><td class=\"column-8\">Dobry (2.3)<\/td><td class=\"column-9\"><br \/>\n<\/td>\n<\/tr>\n<tr class=\"row-4\">\n\t<td class=\"column-1\"><center><a href=\"https:\/\/monsiegeautobebe.fr\/wp-content\/uploads\/2019\/10\/siege-auto-bebe-confort-axissfix-air-i-size.jpg\"><img loading=\"lazy\" decoding=\"async\" src=\"https:\/\/monsiegeautobebe.fr\/wp-content\/uploads\/2019\/10\/siege-auto-bebe-confort-axissfix-air-i-size-150x150.jpg\" alt=\"Maxi-Cosi AxissFix Air i-Size\" width=\"70\" height=\"70\" class=\"aligncenter size-thumbnail wp-image-1724\" srcset=\"https:\/\/www.monsiegeautobebe.fr\/wp-content\/uploads\/2019\/10\/siege-auto-bebe-confort-axissfix-air-i-size-150x150.jpg 150w, https:\/\/www.monsiegeautobebe.fr\/wp-content\/uploads\/2019\/10\/siege-auto-bebe-confort-axissfix-air-i-size-300x300.jpg 300w, https:\/\/www.monsiegeautobebe.fr\/wp-content\/uploads\/2019\/10\/siege-auto-bebe-confort-axissfix-air-i-size-336x336.jpg 336w, https:\/\/www.monsiegeautobebe.fr\/wp-content\/uploads\/2019\/10\/siege-auto-bebe-confort-axissfix-air-i-size-600x600.jpg 600w, https:\/\/www.monsiegeautobebe.fr\/wp-content\/uploads\/2019\/10\/siege-auto-bebe-confort-axissfix-air-i-size-768x768.jpg 768w, https:\/\/www.monsiegeautobebe.fr\/wp-content\/uploads\/2019\/10\/siege-auto-bebe-confort-axissfix-air-i-size.jpg 1000w\" sizes=\"(max-width: 70px) 100vw, 70px\" \/>Maxi-Cosi AxissFix Air i-Size<\/a><\/center><\/td><td class=\"column-2\">i-Size (R129)<\/td><td class=\"column-3\">61 - 105 cm (maks. 19 kg)<\/td><td class=\"column-4\"><center><img loading=\"lazy\" decoding=\"async\" src=\"https:\/\/monsiegeautobebe.fr\/wp-content\/uploads\/2019\/03\/icon-no.png\" alt=\"\" width=\"16\" height=\"16\" class=\"aligncenter size-full wp-image-693\" \/><\/center><\/td><td class=\"column-5\"><center><img loading=\"lazy\" decoding=\"async\" src=\"https:\/\/monsiegeautobebe.fr\/wp-content\/uploads\/2019\/03\/icon-yes.png\" alt=\"\" width=\"16\" height=\"16\" class=\"aligncenter size-full wp-image-693\" \/><\/center><\/td><td class=\"column-6\"><center><img loading=\"lazy\" decoding=\"async\" src=\"https:\/\/monsiegeautobebe.fr\/wp-content\/uploads\/2019\/03\/icon-yes.png\" alt=\"\" width=\"16\" height=\"16\" class=\"aligncenter size-full wp-image-693\" \/><\/center><\/td><td class=\"column-7\">ISOFIX z g\u00f3rnym paskiem mocuj\u0105cym<\/td><td class=\"column-8\">Dobry (2.2)<\/td><td class=\"column-9\"><\/td>\n<\/tr>\n<tr class=\"row-5\">\n\t<td class=\"column-1\"><center><a href=\"https:\/\/monsiegeautobebe.fr\/wp-content\/uploads\/2019\/11\/siege-auto-besafe-izi-turn-i-size.jpg\"><img loading=\"lazy\" decoding=\"async\" src=\"https:\/\/monsiegeautobebe.fr\/wp-content\/uploads\/2019\/11\/siege-auto-besafe-izi-turn-i-size-150x150.jpg\" alt=\"BeSafe iZi Turn i-Size\" width=\"70\" height=\"70\" class=\"aligncenter size-thumbnail wp-image-1821\" srcset=\"https:\/\/www.monsiegeautobebe.fr\/wp-content\/uploads\/2019\/11\/siege-auto-besafe-izi-turn-i-size-150x150.jpg 150w, https:\/\/www.monsiegeautobebe.fr\/wp-content\/uploads\/2019\/11\/siege-auto-besafe-izi-turn-i-size-300x300.jpg 300w, https:\/\/www.monsiegeautobebe.fr\/wp-content\/uploads\/2019\/11\/siege-auto-besafe-izi-turn-i-size-336x336.jpg 336w, https:\/\/www.monsiegeautobebe.fr\/wp-content\/uploads\/2019\/11\/siege-auto-besafe-izi-turn-i-size-600x600.jpg 600w, https:\/\/www.monsiegeautobebe.fr\/wp-content\/uploads\/2019\/11\/siege-auto-besafe-izi-turn-i-size-768x768.jpg 768w, https:\/\/www.monsiegeautobebe.fr\/wp-content\/uploads\/2019\/11\/siege-auto-besafe-izi-turn-i-size.jpg 1000w\" sizes=\"(max-width: 70px) 100vw, 70px\" \/>BeSafe<br \/>\niZi Turn i-Size<\/a><\/center><\/td><td class=\"column-2\">i-Size (R129)<\/td><td class=\"column-3\">61 - 105 cm (maks. 18 kg)<\/td><td class=\"column-4\"><center><img loading=\"lazy\" decoding=\"async\" src=\"https:\/\/monsiegeautobebe.fr\/wp-content\/uploads\/2019\/03\/icon-no.png\" alt=\"\" width=\"16\" height=\"16\" class=\"aligncenter size-full wp-image-693\" \/><\/center><\/td><td class=\"column-5\"><center><img loading=\"lazy\" decoding=\"async\" src=\"https:\/\/monsiegeautobebe.fr\/wp-content\/uploads\/2019\/03\/icon-yes.png\" alt=\"\" width=\"16\" height=\"16\" class=\"aligncenter size-full wp-image-693\" \/><\/center><\/td><td class=\"column-6\"><center><img loading=\"lazy\" decoding=\"async\" src=\"https:\/\/monsiegeautobebe.fr\/wp-content\/uploads\/2019\/03\/icon-yes.png\" alt=\"\" width=\"16\" height=\"16\" class=\"aligncenter size-full wp-image-693\" \/><\/center><\/td><td class=\"column-7\">ISOFIX z rozp\u00f3rk\u0105<\/td><td class=\"column-8\">Identyczny jak iZi Twist i-Size<\/td><td class=\"column-9\"><\/td>\n<\/tr>\n<tr class=\"row-6\">\n\t<td class=\"column-1\"><center><a href=\"https:\/\/monsiegeautobebe.fr\/wp-content\/uploads\/2019\/11\/siege-auto-besafe-izi-twist-i-size.jpg\"><img loading=\"lazy\" decoding=\"async\" src=\"https:\/\/monsiegeautobebe.fr\/wp-content\/uploads\/2019\/11\/siege-auto-besafe-izi-twist-i-size-150x150.jpg\" alt=\"Fotelik samochodowy BeSafe iZi Twist i-Size\" width=\"70\" height=\"70\" class=\"aligncenter size-thumbnail wp-image-1807\" srcset=\"https:\/\/www.monsiegeautobebe.fr\/wp-content\/uploads\/2019\/11\/siege-auto-besafe-izi-twist-i-size-150x150.jpg 150w, https:\/\/www.monsiegeautobebe.fr\/wp-content\/uploads\/2019\/11\/siege-auto-besafe-izi-twist-i-size-300x300.jpg 300w, https:\/\/www.monsiegeautobebe.fr\/wp-content\/uploads\/2019\/11\/siege-auto-besafe-izi-twist-i-size-336x336.jpg 336w, https:\/\/www.monsiegeautobebe.fr\/wp-content\/uploads\/2019\/11\/siege-auto-besafe-izi-twist-i-size-600x600.jpg 600w, https:\/\/www.monsiegeautobebe.fr\/wp-content\/uploads\/2019\/11\/siege-auto-besafe-izi-twist-i-size-768x768.jpg 768w, https:\/\/www.monsiegeautobebe.fr\/wp-content\/uploads\/2019\/11\/siege-auto-besafe-izi-twist-i-size.jpg 1000w\" sizes=\"(max-width: 70px) 100vw, 70px\" \/>BeSafe<br \/>\niZi Twist i-Size<\/a><\/center><\/td><td class=\"column-2\">i-Size (R129)<\/td><td class=\"column-3\">61 - 105 cm (maks. 18 kg)<\/td><td class=\"column-4\"><center><img loading=\"lazy\" decoding=\"async\" src=\"https:\/\/monsiegeautobebe.fr\/wp-content\/uploads\/2019\/03\/icon-no.png\" alt=\"\" width=\"16\" height=\"16\" class=\"aligncenter size-full wp-image-693\" \/><\/center><\/td><td class=\"column-5\"><center><img loading=\"lazy\" decoding=\"async\" src=\"https:\/\/monsiegeautobebe.fr\/wp-content\/uploads\/2019\/03\/icon-yes.png\" alt=\"\" width=\"16\" height=\"16\" class=\"aligncenter size-full wp-image-693\" \/><\/center><\/td><td class=\"column-6\"><center><img loading=\"lazy\" decoding=\"async\" src=\"https:\/\/monsiegeautobebe.fr\/wp-content\/uploads\/2019\/03\/icon-no.png\" alt=\"\" width=\"16\" height=\"16\" class=\"aligncenter size-full wp-image-693\" \/><\/center><\/td><td class=\"column-7\">ISOFIX z rozp\u00f3rk\u0105<\/td><td class=\"column-8\">Wi\u0119cej test\u00f3w<\/td><td class=\"column-9\"><\/td>\n<\/tr>\n<tr class=\"row-7\">\n\t<td class=\"column-1\"><center><a href=\"https:\/\/monsiegeautobebe.fr\/wp-content\/uploads\/2019\/11\/siege-auto-besafe-izi-twist-b-i-size.jpg\"><img loading=\"lazy\" decoding=\"async\" src=\"https:\/\/monsiegeautobebe.fr\/wp-content\/uploads\/2019\/11\/siege-auto-besafe-izi-twist-b-i-size-150x150.jpg\" alt=\"Fotelik samochodowy BeSafe iZi Twist B i-Size\" width=\"70\" height=\"70\" class=\"aligncenter size-thumbnail wp-image-1806\" srcset=\"https:\/\/www.monsiegeautobebe.fr\/wp-content\/uploads\/2019\/11\/siege-auto-besafe-izi-twist-b-i-size-150x150.jpg 150w, https:\/\/www.monsiegeautobebe.fr\/wp-content\/uploads\/2019\/11\/siege-auto-besafe-izi-twist-b-i-size-300x300.jpg 300w, https:\/\/www.monsiegeautobebe.fr\/wp-content\/uploads\/2019\/11\/siege-auto-besafe-izi-twist-b-i-size-336x336.jpg 336w, https:\/\/www.monsiegeautobebe.fr\/wp-content\/uploads\/2019\/11\/siege-auto-besafe-izi-twist-b-i-size-600x600.jpg 600w, https:\/\/www.monsiegeautobebe.fr\/wp-content\/uploads\/2019\/11\/siege-auto-besafe-izi-twist-b-i-size-768x768.jpg 768w, https:\/\/www.monsiegeautobebe.fr\/wp-content\/uploads\/2019\/11\/siege-auto-besafe-izi-twist-b-i-size.jpg 1000w\" sizes=\"(max-width: 70px) 100vw, 70px\" \/>BeSafe<br \/>\niZi Twist B i-Size<\/a><\/center><\/td><td class=\"column-2\">i-Size (R129)<\/td><td class=\"column-3\">40 - 105 cm (maks. 18 kg)<\/td><td class=\"column-4\"><center><img loading=\"lazy\" decoding=\"async\" src=\"https:\/\/monsiegeautobebe.fr\/wp-content\/uploads\/2019\/03\/icon-yes.png\" alt=\"\" width=\"16\" height=\"16\" class=\"aligncenter size-full wp-image-693\" \/><\/center><\/td><td class=\"column-5\"><center><img loading=\"lazy\" decoding=\"async\" src=\"https:\/\/monsiegeautobebe.fr\/wp-content\/uploads\/2019\/03\/icon-yes.png\" alt=\"\" width=\"16\" height=\"16\" class=\"aligncenter size-full wp-image-693\" \/><\/center><\/td><td class=\"column-6\"><center><img loading=\"lazy\" decoding=\"async\" src=\"https:\/\/monsiegeautobebe.fr\/wp-content\/uploads\/2019\/03\/icon-no.png\" alt=\"\" width=\"16\" height=\"16\" class=\"aligncenter size-full wp-image-693\" \/><\/center><\/td><td class=\"column-7\">ISOFIX z rozp\u00f3rk\u0105<\/td><td class=\"column-8\">Wi\u0119cej test\u00f3w<\/td><td class=\"column-9\"><\/td>\n<\/tr>\n<tr class=\"row-8\">\n\t<td class=\"column-1\"><center><a href=\"https:\/\/monsiegeautobebe.fr\/wp-content\/uploads\/2020\/07\/siege-auto-britax-romer-dualfix-2r-i-size-adac.jpg\"><img loading=\"lazy\" decoding=\"async\" src=\"https:\/\/monsiegeautobebe.fr\/wp-content\/uploads\/2020\/07\/siege-auto-britax-romer-dualfix-2r-i-size-adac-150x150.jpg\" alt=\"Fotelik samochodowy Britax Dualfix 2 R\" width=\"70\" height=\"70\" class=\"aligncenter size-thumbnail wp-image-3184\" srcset=\"https:\/\/www.monsiegeautobebe.fr\/wp-content\/uploads\/2020\/07\/siege-auto-britax-romer-dualfix-2r-i-size-adac-150x150.jpg 150w, https:\/\/www.monsiegeautobebe.fr\/wp-content\/uploads\/2020\/07\/siege-auto-britax-romer-dualfix-2r-i-size-adac-300x300.jpg 300w, https:\/\/www.monsiegeautobebe.fr\/wp-content\/uploads\/2020\/07\/siege-auto-britax-romer-dualfix-2r-i-size-adac-336x336.jpg 336w, https:\/\/www.monsiegeautobebe.fr\/wp-content\/uploads\/2020\/07\/siege-auto-britax-romer-dualfix-2r-i-size-adac-600x600.jpg 600w, https:\/\/www.monsiegeautobebe.fr\/wp-content\/uploads\/2020\/07\/siege-auto-britax-romer-dualfix-2r-i-size-adac-768x768.jpg 768w, https:\/\/www.monsiegeautobebe.fr\/wp-content\/uploads\/2020\/07\/siege-auto-britax-romer-dualfix-2r-i-size-adac.jpg 1000w\" sizes=\"(max-width: 70px) 100vw, 70px\" \/>Britax R\u00f6mer<br \/>\nDualfix 2 R<\/a><\/center><\/td><td class=\"column-2\">R44\/04<\/td><td class=\"column-3\">Grupa 0+\/1 <br \/>\n0 - 18 kg<\/td><td class=\"column-4\"><center><img loading=\"lazy\" decoding=\"async\" src=\"https:\/\/monsiegeautobebe.fr\/wp-content\/uploads\/2019\/03\/icon-no.png\" alt=\"\" width=\"16\" height=\"16\" class=\"aligncenter size-full wp-image-693\" \/><\/td><td class=\"column-5\"><center><img loading=\"lazy\" decoding=\"async\" src=\"https:\/\/monsiegeautobebe.fr\/wp-content\/uploads\/2019\/03\/icon-yes.png\" alt=\"\" width=\"16\" height=\"16\" class=\"aligncenter size-full wp-image-693\" \/><\/center><\/td><td class=\"column-6\"><center><img loading=\"lazy\" decoding=\"async\" src=\"https:\/\/monsiegeautobebe.fr\/wp-content\/uploads\/2019\/03\/icon-yes.png\" alt=\"\" width=\"16\" height=\"16\" class=\"aligncenter size-full wp-image-693\" \/><\/center><\/td><td class=\"column-7\">ISOFIX z rozp\u00f3rk\u0105<\/td><td class=\"column-8\">Dobry (2.4)<\/td><td class=\"column-9\"><\/td>\n<\/tr>\n<tr class=\"row-9\">\n\t<td class=\"column-1\"><center><a href=\"https:\/\/monsiegeautobebe.fr\/wp-content\/uploads\/2019\/10\/siege-auto-britax-romer-dualfix-i-size.jpg\"><img loading=\"lazy\" decoding=\"async\" src=\"https:\/\/monsiegeautobebe.fr\/wp-content\/uploads\/2019\/10\/siege-auto-britax-romer-dualfix-i-size-150x150.jpg\" alt=\"Britax R\u00f6mer Dualfix i-Size\" width=\"70\" height=\"70\" class=\"aligncenter size-thumbnail wp-image-1708\" srcset=\"https:\/\/www.monsiegeautobebe.fr\/wp-content\/uploads\/2019\/10\/siege-auto-britax-romer-dualfix-i-size-150x150.jpg 150w, https:\/\/www.monsiegeautobebe.fr\/wp-content\/uploads\/2019\/10\/siege-auto-britax-romer-dualfix-i-size-300x300.jpg 300w, https:\/\/www.monsiegeautobebe.fr\/wp-content\/uploads\/2019\/10\/siege-auto-britax-romer-dualfix-i-size-336x336.jpg 336w, https:\/\/www.monsiegeautobebe.fr\/wp-content\/uploads\/2019\/10\/siege-auto-britax-romer-dualfix-i-size-600x600.jpg 600w, https:\/\/www.monsiegeautobebe.fr\/wp-content\/uploads\/2019\/10\/siege-auto-britax-romer-dualfix-i-size-768x768.jpg 768w, https:\/\/www.monsiegeautobebe.fr\/wp-content\/uploads\/2019\/10\/siege-auto-britax-romer-dualfix-i-size.jpg 1000w\" sizes=\"(max-width: 70px) 100vw, 70px\" \/>Britax R\u00f6mer<br \/>\nDualfix i-Size<\/a><\/center><\/td><td class=\"column-2\">i-Size (R129)<\/td><td class=\"column-3\">40 - 105 cm (maks. 18 kg)<\/td><td class=\"column-4\"><center><img loading=\"lazy\" decoding=\"async\" src=\"https:\/\/monsiegeautobebe.fr\/wp-content\/uploads\/2019\/03\/icon-yes.png\" alt=\"\" width=\"16\" height=\"16\" class=\"aligncenter size-full wp-image-693\" \/><\/center><\/td><td class=\"column-5\"><center><img loading=\"lazy\" decoding=\"async\" src=\"https:\/\/monsiegeautobebe.fr\/wp-content\/uploads\/2019\/03\/icon-yes.png\" alt=\"\" width=\"16\" height=\"16\" class=\"aligncenter size-full wp-image-693\" \/><\/center><\/td><td class=\"column-6\"><center><img loading=\"lazy\" decoding=\"async\" src=\"https:\/\/monsiegeautobebe.fr\/wp-content\/uploads\/2019\/03\/icon-yes.png\" alt=\"\" width=\"16\" height=\"16\" class=\"aligncenter size-full wp-image-693\" \/><\/center><\/td><td class=\"column-7\">ISOFIX z rozp\u00f3rk\u0105<\/td><td class=\"column-8\">Dobry (2.1)<\/td><td class=\"column-9\"><\/td>\n<\/tr>\n<tr class=\"row-10\">\n\t<td class=\"column-1\"><center><a href=\"https:\/\/monsiegeautobebe.fr\/wp-content\/uploads\/2019\/10\/siege-auto-britax-romer-dualfix-m-i-size.jpg\"><img loading=\"lazy\" decoding=\"async\" src=\"https:\/\/monsiegeautobebe.fr\/wp-content\/uploads\/2019\/10\/siege-auto-britax-romer-dualfix-m-i-size-150x150.jpg\" alt=\"Fotelik samochodowy Britax R\u00f6mer Dualfix M i-Size\" width=\"70\" height=\"70\" class=\"aligncenter size-thumbnail wp-image-1709\" srcset=\"https:\/\/www.monsiegeautobebe.fr\/wp-content\/uploads\/2019\/10\/siege-auto-britax-romer-dualfix-m-i-size-150x150.jpg 150w, https:\/\/www.monsiegeautobebe.fr\/wp-content\/uploads\/2019\/10\/siege-auto-britax-romer-dualfix-m-i-size-300x300.jpg 300w, https:\/\/www.monsiegeautobebe.fr\/wp-content\/uploads\/2019\/10\/siege-auto-britax-romer-dualfix-m-i-size-336x336.jpg 336w, https:\/\/www.monsiegeautobebe.fr\/wp-content\/uploads\/2019\/10\/siege-auto-britax-romer-dualfix-m-i-size-600x600.jpg 600w, https:\/\/www.monsiegeautobebe.fr\/wp-content\/uploads\/2019\/10\/siege-auto-britax-romer-dualfix-m-i-size-768x768.jpg 768w, https:\/\/www.monsiegeautobebe.fr\/wp-content\/uploads\/2019\/10\/siege-auto-britax-romer-dualfix-m-i-size.jpg 1000w\" sizes=\"(max-width: 70px) 100vw, 70px\" \/>Britax R\u00f6mer<br \/>\nDualfix M i-Size<\/a><\/center><\/td><td class=\"column-2\">i-Size (R129)<\/td><td class=\"column-3\">61 - 105 cm (maks. 18 kg)<\/td><td class=\"column-4\"><center><img loading=\"lazy\" decoding=\"async\" src=\"https:\/\/monsiegeautobebe.fr\/wp-content\/uploads\/2019\/03\/icon-no.png\" alt=\"\" width=\"16\" height=\"16\" class=\"aligncenter size-full wp-image-693\" \/><\/center><\/td><td class=\"column-5\"><center><img loading=\"lazy\" decoding=\"async\" src=\"https:\/\/monsiegeautobebe.fr\/wp-content\/uploads\/2019\/03\/icon-yes.png\" alt=\"\" width=\"16\" height=\"16\" class=\"aligncenter size-full wp-image-693\" \/><\/center><\/td><td class=\"column-6\"><center><img loading=\"lazy\" decoding=\"async\" src=\"https:\/\/monsiegeautobebe.fr\/wp-content\/uploads\/2019\/03\/icon-yes.png\" alt=\"\" width=\"16\" height=\"16\" class=\"aligncenter size-full wp-image-693\" \/><\/center><\/td><td class=\"column-7\">ISOFIX z rozp\u00f3rk\u0105<\/td><td class=\"column-8\">Dobry (2.1)<\/td><td class=\"column-9\"><\/td>\n<\/tr>\n<tr class=\"row-11\">\n\t<td class=\"column-1\">Britax Dualfix 3 i-Size<\/td><td class=\"column-2\">i-Size (R129)<\/td><td class=\"column-3\">61 - 105 cm (maks. 18 kg)<\/td><td class=\"column-4\"><center><img loading=\"lazy\" decoding=\"async\" src=\"https:\/\/monsiegeautobebe.fr\/wp-content\/uploads\/2019\/03\/icon-no.png\" alt=\"\" width=\"16\" height=\"16\" class=\"aligncenter size-full wp-image-693\" \/><\/center><\/td><td class=\"column-5\"><center><img loading=\"lazy\" decoding=\"async\" src=\"https:\/\/monsiegeautobebe.fr\/wp-content\/uploads\/2019\/03\/icon-yes.png\" alt=\"\" width=\"16\" height=\"16\" class=\"aligncenter size-full wp-image-693\" \/><\/center><\/td><td class=\"column-6\"><center><img loading=\"lazy\" decoding=\"async\" src=\"https:\/\/monsiegeautobebe.fr\/wp-content\/uploads\/2019\/03\/icon-yes.png\" alt=\"\" width=\"16\" height=\"16\" class=\"aligncenter size-full wp-image-693\" \/><\/center><\/td><td class=\"column-7\">Flex Base iSense z rozp\u00f3rk\u0105<\/td><td class=\"column-8\">Dobry (2.4)<\/td><td class=\"column-9\"><\/td>\n<\/tr>\n<tr class=\"row-12\">\n\t<td class=\"column-1\">Britax Dualfix iSense<\/td><td class=\"column-2\">i-Size (R129)<\/td><td class=\"column-3\">61 - 105 cm (maks. 18 kg)<\/td><td class=\"column-4\"><center><img loading=\"lazy\" decoding=\"async\" src=\"https:\/\/monsiegeautobebe.fr\/wp-content\/uploads\/2019\/03\/icon-no.png\" alt=\"\" width=\"16\" height=\"16\" class=\"aligncenter size-full wp-image-693\" \/><\/center><\/td><td class=\"column-5\"><center><img loading=\"lazy\" decoding=\"async\" src=\"https:\/\/monsiegeautobebe.fr\/wp-content\/uploads\/2019\/03\/icon-yes.png\" alt=\"\" width=\"16\" height=\"16\" class=\"aligncenter size-full wp-image-693\" \/><\/center><\/td><td class=\"column-6\"><center><img loading=\"lazy\" decoding=\"async\" src=\"https:\/\/monsiegeautobebe.fr\/wp-content\/uploads\/2019\/03\/icon-yes.png\" alt=\"\" width=\"16\" height=\"16\" class=\"aligncenter size-full wp-image-693\" \/><\/center><\/td><td class=\"column-7\">Flex Base iSense z rozp\u00f3rk\u0105<\/td><td class=\"column-8\">Dobry (2.4)<\/td><td class=\"column-9\"><\/td>\n<\/tr>\n<tr class=\"row-13\">\n\t<td class=\"column-1\"><center><a href=\"https:\/\/monsiegeautobebe.fr\/wp-content\/uploads\/2019\/10\/siege-auto-britax-romer-swingfix-i-size.jpg\"><img loading=\"lazy\" decoding=\"async\" src=\"https:\/\/monsiegeautobebe.fr\/wp-content\/uploads\/2019\/10\/siege-auto-britax-romer-swingfix-i-size-150x150.jpg\" alt=\"Fotelik samochodowy Britax R\u00f6mer Swingfix i-Size\" width=\"70\" height=\"70\" class=\"aligncenter size-thumbnail wp-image-1710\" srcset=\"https:\/\/www.monsiegeautobebe.fr\/wp-content\/uploads\/2019\/10\/siege-auto-britax-romer-swingfix-i-size-150x150.jpg 150w, https:\/\/www.monsiegeautobebe.fr\/wp-content\/uploads\/2019\/10\/siege-auto-britax-romer-swingfix-i-size-300x300.jpg 300w, https:\/\/www.monsiegeautobebe.fr\/wp-content\/uploads\/2019\/10\/siege-auto-britax-romer-swingfix-i-size-336x336.jpg 336w, https:\/\/www.monsiegeautobebe.fr\/wp-content\/uploads\/2019\/10\/siege-auto-britax-romer-swingfix-i-size-600x600.jpg 600w, https:\/\/www.monsiegeautobebe.fr\/wp-content\/uploads\/2019\/10\/siege-auto-britax-romer-swingfix-i-size-768x768.jpg 768w, https:\/\/www.monsiegeautobebe.fr\/wp-content\/uploads\/2019\/10\/siege-auto-britax-romer-swingfix-i-size.jpg 1000w\" sizes=\"(max-width: 70px) 100vw, 70px\" \/>Britax R\u00f6mer<br \/>\nSwingfix i-Size<\/a><\/center><\/td><td class=\"column-2\">i-Size (R129)<\/td><td class=\"column-3\">40 - 105 cm (maks. 18 kg)<\/td><td class=\"column-4\"><center><img loading=\"lazy\" decoding=\"async\" src=\"https:\/\/monsiegeautobebe.fr\/wp-content\/uploads\/2019\/03\/icon-yes.png\" alt=\"\" width=\"16\" height=\"16\" class=\"aligncenter size-full wp-image-693\" \/><\/center><\/td><td class=\"column-5\"><center><img loading=\"lazy\" decoding=\"async\" src=\"https:\/\/monsiegeautobebe.fr\/wp-content\/uploads\/2019\/03\/icon-yes.png\" alt=\"\" width=\"16\" height=\"16\" class=\"aligncenter size-full wp-image-693\" \/><\/center><\/td><td class=\"column-6\"><center><img loading=\"lazy\" decoding=\"async\" src=\"https:\/\/monsiegeautobebe.fr\/wp-content\/uploads\/2019\/03\/icon-no.png\" alt=\"\" width=\"16\" height=\"16\" class=\"aligncenter size-full wp-image-693\" \/><\/center><\/td><td class=\"column-7\">ISOFIX z rozp\u00f3rk\u0105<\/td><td class=\"column-8\">Dobry (1.7)<br \/>\nWi\u0119cej test\u00f3w<\/td><td class=\"column-9\"><\/td>\n<\/tr>\n<tr class=\"row-14\">\n\t<td class=\"column-1\"><center><a href=\"https:\/\/monsiegeautobebe.fr\/wp-content\/uploads\/2019\/10\/siege-auto-britax-romer-swingfix-m-i-size.jpg\"><img loading=\"lazy\" decoding=\"async\" src=\"https:\/\/monsiegeautobebe.fr\/wp-content\/uploads\/2019\/10\/siege-auto-britax-romer-swingfix-m-i-size-150x150.jpg\" alt=\"Fotelik samochodowy Britax R\u00f6mer Swingfix M i-Size\" width=\"70\" height=\"70\" class=\"aligncenter size-thumbnail wp-image-1711\" srcset=\"https:\/\/www.monsiegeautobebe.fr\/wp-content\/uploads\/2019\/10\/siege-auto-britax-romer-swingfix-m-i-size-150x150.jpg 150w, https:\/\/www.monsiegeautobebe.fr\/wp-content\/uploads\/2019\/10\/siege-auto-britax-romer-swingfix-m-i-size-300x300.jpg 300w, https:\/\/www.monsiegeautobebe.fr\/wp-content\/uploads\/2019\/10\/siege-auto-britax-romer-swingfix-m-i-size-336x336.jpg 336w, https:\/\/www.monsiegeautobebe.fr\/wp-content\/uploads\/2019\/10\/siege-auto-britax-romer-swingfix-m-i-size-600x600.jpg 600w, https:\/\/www.monsiegeautobebe.fr\/wp-content\/uploads\/2019\/10\/siege-auto-britax-romer-swingfix-m-i-size-768x768.jpg 768w, https:\/\/www.monsiegeautobebe.fr\/wp-content\/uploads\/2019\/10\/siege-auto-britax-romer-swingfix-m-i-size.jpg 1000w\" sizes=\"(max-width: 70px) 100vw, 70px\" \/>Britax R\u00f6mer<br \/>\nSwingfix M i-Size<\/a><\/center><\/td><td class=\"column-2\">i-Size (R129)<\/td><td class=\"column-3\">61 - 105 cm (maks. 18 kg)<\/td><td class=\"column-4\"><center><img loading=\"lazy\" decoding=\"async\" src=\"https:\/\/monsiegeautobebe.fr\/wp-content\/uploads\/2019\/03\/icon-no.png\" alt=\"\" width=\"16\" height=\"16\" class=\"aligncenter size-full wp-image-693\" \/><\/center><\/td><td class=\"column-5\"><center><img loading=\"lazy\" decoding=\"async\" src=\"https:\/\/monsiegeautobebe.fr\/wp-content\/uploads\/2019\/03\/icon-yes.png\" alt=\"\" width=\"16\" height=\"16\" class=\"aligncenter size-full wp-image-693\" \/><\/center><\/td><td class=\"column-6\"><center><img loading=\"lazy\" decoding=\"async\" src=\"https:\/\/monsiegeautobebe.fr\/wp-content\/uploads\/2019\/03\/icon-no.png\" alt=\"\" width=\"16\" height=\"16\" class=\"aligncenter size-full wp-image-693\" \/><\/center><\/td><td class=\"column-7\">ISOFIX z rozp\u00f3rk\u0105<\/td><td class=\"column-8\">Dobry (1.7)<br \/>\nWi\u0119cej test\u00f3w<\/td><td class=\"column-9\"><\/td>\n<\/tr>\n<tr class=\"row-15\">\n\t<td class=\"column-1\"><center><a href=\"https:\/\/monsiegeautobebe.fr\/wp-content\/uploads\/2019\/10\/cosi-cybex-cloud-z-i-size-adac.jpg\"><img loading=\"lazy\" decoding=\"async\" src=\"https:\/\/monsiegeautobebe.fr\/wp-content\/uploads\/2019\/10\/cosi-cybex-cloud-z-i-size-adac-150x150.jpg\" alt=\"Cosi Cybex Cloud Z i-Size\" width=\"80\" height=\"80\" class=\"aligncenter size-thumbnail wp-image-1499\" srcset=\"https:\/\/www.monsiegeautobebe.fr\/wp-content\/uploads\/2019\/10\/cosi-cybex-cloud-z-i-size-adac-150x150.jpg 150w, https:\/\/www.monsiegeautobebe.fr\/wp-content\/uploads\/2019\/10\/cosi-cybex-cloud-z-i-size-adac-300x300.jpg 300w, https:\/\/www.monsiegeautobebe.fr\/wp-content\/uploads\/2019\/10\/cosi-cybex-cloud-z-i-size-adac-336x336.jpg 336w, https:\/\/www.monsiegeautobebe.fr\/wp-content\/uploads\/2019\/10\/cosi-cybex-cloud-z-i-size-adac-600x600.jpg 600w, https:\/\/www.monsiegeautobebe.fr\/wp-content\/uploads\/2019\/10\/cosi-cybex-cloud-z-i-size-adac-768x768.jpg 768w, https:\/\/www.monsiegeautobebe.fr\/wp-content\/uploads\/2019\/10\/cosi-cybex-cloud-z-i-size-adac.jpg 1000w\" sizes=\"(max-width: 80px) 100vw, 80px\" \/>Cybex<br \/>\nCloud Z i-Size<\/a><\/center><\/td><td class=\"column-2\">i-Size (R129)<\/td><td class=\"column-3\">45 - 87 cm (maks. 13 kg)<\/td><td class=\"column-4\"><center><img loading=\"lazy\" decoding=\"async\" src=\"https:\/\/monsiegeautobebe.fr\/wp-content\/uploads\/2019\/03\/icon-yes.png\" alt=\"\" width=\"16\" height=\"16\" class=\"aligncenter size-full wp-image-693\" \/><\/center><\/td><td class=\"column-5\"><center><img loading=\"lazy\" decoding=\"async\" src=\"https:\/\/monsiegeautobebe.fr\/wp-content\/uploads\/2019\/03\/icon-yes.png\" alt=\"\" width=\"16\" height=\"16\" class=\"aligncenter size-full wp-image-693\" \/><\/center><\/td><td class=\"column-6\"><center><img loading=\"lazy\" decoding=\"async\" src=\"https:\/\/monsiegeautobebe.fr\/wp-content\/uploads\/2019\/03\/icon-no.png\" alt=\"\" width=\"16\" height=\"16\" class=\"aligncenter size-full wp-image-693\" \/><\/center><\/td><td class=\"column-7\">Pasek lub <a href=\"https:\/\/action.metaffiliation.com\/trk.php?mclic=P4F2915719951B1&amp;redir=https%3A%2F%2Fwww.autourdebebe.com%2Fp%2Fcybexbasez%2Fbase-z-cybex\" rel=\"noopener nofollow noreferrer\" target=\"_blank\">Baza Z<\/a><\/td><td class=\"column-8\">Dobry (1.7)<br \/>\nDobry (1,8) z baz\u0105 Z<\/td><td class=\"column-9\"><\/td>\n<\/tr>\n<tr class=\"row-16\">\n\t<td class=\"column-1\"><center><a href=\"https:\/\/monsiegeautobebe.fr\/wp-content\/uploads\/2019\/11\/siege-auto-cybex-sirona.jpg\"><img loading=\"lazy\" decoding=\"async\" src=\"https:\/\/monsiegeautobebe.fr\/wp-content\/uploads\/2019\/11\/siege-auto-cybex-sirona-150x150.jpg\" alt=\"Fotelik samochodowy Cybex Sirona\" width=\"70\" height=\"70\" class=\"aligncenter size-thumbnail wp-image-1811\" srcset=\"https:\/\/www.monsiegeautobebe.fr\/wp-content\/uploads\/2019\/11\/siege-auto-cybex-sirona-150x150.jpg 150w, https:\/\/www.monsiegeautobebe.fr\/wp-content\/uploads\/2019\/11\/siege-auto-cybex-sirona-300x300.jpg 300w, https:\/\/www.monsiegeautobebe.fr\/wp-content\/uploads\/2019\/11\/siege-auto-cybex-sirona-336x336.jpg 336w, https:\/\/www.monsiegeautobebe.fr\/wp-content\/uploads\/2019\/11\/siege-auto-cybex-sirona-600x600.jpg 600w, https:\/\/www.monsiegeautobebe.fr\/wp-content\/uploads\/2019\/11\/siege-auto-cybex-sirona-768x768.jpg 768w, https:\/\/www.monsiegeautobebe.fr\/wp-content\/uploads\/2019\/11\/siege-auto-cybex-sirona.jpg 1000w\" sizes=\"(max-width: 70px) 100vw, 70px\" \/>Cybex<br \/>\nSirona<\/a><\/center><\/td><td class=\"column-2\">R44\/04<\/td><td class=\"column-3\">Grupa 0+\/1 <br \/>\n0 - 18 kg<\/td><td class=\"column-4\"><center><img loading=\"lazy\" decoding=\"async\" src=\"https:\/\/monsiegeautobebe.fr\/wp-content\/uploads\/2019\/03\/icon-yes.png\" alt=\"\" width=\"16\" height=\"16\" class=\"aligncenter size-full wp-image-693\" \/><\/center><\/td><td class=\"column-5\"><center><img loading=\"lazy\" decoding=\"async\" src=\"https:\/\/monsiegeautobebe.fr\/wp-content\/uploads\/2019\/03\/icon-yes.png\" alt=\"\" width=\"16\" height=\"16\" class=\"aligncenter size-full wp-image-693\" \/><\/center><\/td><td class=\"column-6\"><center><img loading=\"lazy\" decoding=\"async\" src=\"https:\/\/monsiegeautobebe.fr\/wp-content\/uploads\/2019\/03\/icon-yes.png\" alt=\"\" width=\"16\" height=\"16\" class=\"aligncenter size-full wp-image-693\" \/><\/center><\/td><td class=\"column-7\">ISOFIX z rozp\u00f3rk\u0105<\/td><td class=\"column-8\">Dobry (1.8)<\/td><td class=\"column-9\">Zast\u0105piony przez Cybex Sirona S i-Size<\/td>\n<\/tr>\n<tr class=\"row-17\">\n\t<td class=\"column-1\"><center><a href=\"https:\/\/monsiegeautobebe.fr\/wp-content\/uploads\/2019\/10\/siege-auto-cybex-sirona-s-i-size-1.jpg\"><img loading=\"lazy\" decoding=\"async\" src=\"https:\/\/monsiegeautobebe.fr\/wp-content\/uploads\/2019\/10\/siege-auto-cybex-sirona-s-i-size-1-150x150.jpg\" alt=\"Fotelik samochodowy Cybex Sirona S i-Size\" width=\"70\" height=\"70\" class=\"aligncenter size-thumbnail wp-image-1715\" srcset=\"https:\/\/www.monsiegeautobebe.fr\/wp-content\/uploads\/2019\/10\/siege-auto-cybex-sirona-s-i-size-1-150x150.jpg 150w, https:\/\/www.monsiegeautobebe.fr\/wp-content\/uploads\/2019\/10\/siege-auto-cybex-sirona-s-i-size-1-300x300.jpg 300w, https:\/\/www.monsiegeautobebe.fr\/wp-content\/uploads\/2019\/10\/siege-auto-cybex-sirona-s-i-size-1-336x336.jpg 336w, https:\/\/www.monsiegeautobebe.fr\/wp-content\/uploads\/2019\/10\/siege-auto-cybex-sirona-s-i-size-1-600x600.jpg 600w, https:\/\/www.monsiegeautobebe.fr\/wp-content\/uploads\/2019\/10\/siege-auto-cybex-sirona-s-i-size-1-768x768.jpg 768w, https:\/\/www.monsiegeautobebe.fr\/wp-content\/uploads\/2019\/10\/siege-auto-cybex-sirona-s-i-size-1.jpg 1000w\" sizes=\"(max-width: 70px) 100vw, 70px\" \/>Cybex<br \/>\nSirona S i-Size<\/a><\/center><\/td><td class=\"column-2\">i-Size (R129)<\/td><td class=\"column-3\">45 - 105 cm (maks. 18 kg)<\/td><td class=\"column-4\"><center><img loading=\"lazy\" decoding=\"async\" src=\"https:\/\/monsiegeautobebe.fr\/wp-content\/uploads\/2019\/03\/icon-yes.png\" alt=\"\" width=\"16\" height=\"16\" class=\"aligncenter size-full wp-image-693\" \/><\/center><\/td><td class=\"column-5\"><center><img loading=\"lazy\" decoding=\"async\" src=\"https:\/\/monsiegeautobebe.fr\/wp-content\/uploads\/2019\/03\/icon-yes.png\" alt=\"\" width=\"16\" height=\"16\" class=\"aligncenter size-full wp-image-693\" \/><\/center><\/td><td class=\"column-6\"><center><img loading=\"lazy\" decoding=\"async\" src=\"https:\/\/monsiegeautobebe.fr\/wp-content\/uploads\/2019\/03\/icon-yes.png\" alt=\"\" width=\"16\" height=\"16\" class=\"aligncenter size-full wp-image-693\" \/><\/center><\/td><td class=\"column-7\">ISOFIX z rozp\u00f3rk\u0105<\/td><td class=\"column-8\">Dobry (2.3)<\/td><td class=\"column-9\"><\/td>\n<\/tr>\n<tr class=\"row-18\">\n\t<td class=\"column-1\"><center><a href=\"https:\/\/monsiegeautobebe.fr\/wp-content\/uploads\/2019\/10\/siege-auto-cybex-sirona-z-i-size-2.jpg\"><img loading=\"lazy\" decoding=\"async\" src=\"https:\/\/monsiegeautobebe.fr\/wp-content\/uploads\/2019\/10\/siege-auto-cybex-sirona-z-i-size-2-150x150.jpg\" alt=\"Fotelik samochodowy Cybex Sirona Z i-Size\" width=\"70\" height=\"70\" class=\"aligncenter size-thumbnail wp-image-1716\" srcset=\"https:\/\/www.monsiegeautobebe.fr\/wp-content\/uploads\/2019\/10\/siege-auto-cybex-sirona-z-i-size-2-150x150.jpg 150w, https:\/\/www.monsiegeautobebe.fr\/wp-content\/uploads\/2019\/10\/siege-auto-cybex-sirona-z-i-size-2-300x300.jpg 300w, https:\/\/www.monsiegeautobebe.fr\/wp-content\/uploads\/2019\/10\/siege-auto-cybex-sirona-z-i-size-2-336x336.jpg 336w, https:\/\/www.monsiegeautobebe.fr\/wp-content\/uploads\/2019\/10\/siege-auto-cybex-sirona-z-i-size-2-600x600.jpg 600w, https:\/\/www.monsiegeautobebe.fr\/wp-content\/uploads\/2019\/10\/siege-auto-cybex-sirona-z-i-size-2-768x768.jpg 768w, https:\/\/www.monsiegeautobebe.fr\/wp-content\/uploads\/2019\/10\/siege-auto-cybex-sirona-z-i-size-2.jpg 1000w\" sizes=\"(max-width: 70px) 100vw, 70px\" \/>Cybex<br \/>\nSirona Z i-Size<\/a><\/center><\/td><td class=\"column-2\">i-Size (R129)<\/td><td class=\"column-3\">45 - 105 cm (maks. 18 kg)<\/td><td class=\"column-4\"><center><img loading=\"lazy\" decoding=\"async\" src=\"https:\/\/monsiegeautobebe.fr\/wp-content\/uploads\/2019\/03\/icon-yes.png\" alt=\"\" width=\"16\" height=\"16\" class=\"aligncenter size-full wp-image-693\" \/><\/center><\/td><td class=\"column-5\"><center><img loading=\"lazy\" decoding=\"async\" src=\"https:\/\/monsiegeautobebe.fr\/wp-content\/uploads\/2019\/03\/icon-yes.png\" alt=\"\" width=\"16\" height=\"16\" class=\"aligncenter size-full wp-image-693\" \/><\/center><\/td><td class=\"column-6\"><center><img loading=\"lazy\" decoding=\"async\" src=\"https:\/\/monsiegeautobebe.fr\/wp-content\/uploads\/2019\/03\/icon-yes.png\" alt=\"\" width=\"16\" height=\"16\" class=\"aligncenter size-full wp-image-693\" \/><\/center><\/td><td class=\"column-7\"><a href=\"https:\/\/action.metaffiliation.com\/trk.php?mclic=P4F2915719951B1&amp;redir=https%3A%2F%2Fwww.autourdebebe.com%2Fp%2Fcybexbasez%2Fbase-z-cybex\" rel=\"noopener nofollow noreferrer\" target=\"_blank\">Baza Z<\/a> z rozp\u00f3rk\u0105<\/td><td class=\"column-8\">Dobry (2.1)<\/td><td class=\"column-9\"><\/td>\n<\/tr>\n<tr class=\"row-19\">\n\t<td class=\"column-1\"><center><a href=\"https:\/\/monsiegeautobebe.fr\/wp-content\/uploads\/2019\/10\/siege-auto-cybex-sirona-z-r-i-size.jpg\"><img loading=\"lazy\" decoding=\"async\" src=\"https:\/\/monsiegeautobebe.fr\/wp-content\/uploads\/2019\/10\/siege-auto-cybex-sirona-z-r-i-size-150x150.jpg\" alt=\"Fotelik samochodowy Cybex Sirona Z R i-Size\" width=\"70\" height=\"70\" class=\"aligncenter size-thumbnail wp-image-1717\" srcset=\"https:\/\/www.monsiegeautobebe.fr\/wp-content\/uploads\/2019\/10\/siege-auto-cybex-sirona-z-r-i-size-150x150.jpg 150w, https:\/\/www.monsiegeautobebe.fr\/wp-content\/uploads\/2019\/10\/siege-auto-cybex-sirona-z-r-i-size-300x300.jpg 300w, https:\/\/www.monsiegeautobebe.fr\/wp-content\/uploads\/2019\/10\/siege-auto-cybex-sirona-z-r-i-size-336x336.jpg 336w, https:\/\/www.monsiegeautobebe.fr\/wp-content\/uploads\/2019\/10\/siege-auto-cybex-sirona-z-r-i-size-600x600.jpg 600w, https:\/\/www.monsiegeautobebe.fr\/wp-content\/uploads\/2019\/10\/siege-auto-cybex-sirona-z-r-i-size-768x768.jpg 768w, https:\/\/www.monsiegeautobebe.fr\/wp-content\/uploads\/2019\/10\/siege-auto-cybex-sirona-z-r-i-size.jpg 1000w\" sizes=\"(max-width: 70px) 100vw, 70px\" \/>Cybex<br \/>\nSirona Z R i-Size<\/a><\/center><\/td><td class=\"column-2\">i-Size (R129)<\/td><td class=\"column-3\">45 - 105 cm (maks. 18 kg)<\/td><td class=\"column-4\"><center><img loading=\"lazy\" decoding=\"async\" src=\"https:\/\/monsiegeautobebe.fr\/wp-content\/uploads\/2019\/03\/icon-yes.png\" alt=\"\" width=\"16\" height=\"16\" class=\"aligncenter size-full wp-image-693\" \/><\/center><\/td><td class=\"column-5\"><center><img loading=\"lazy\" decoding=\"async\" src=\"https:\/\/monsiegeautobebe.fr\/wp-content\/uploads\/2019\/03\/icon-yes.png\" alt=\"\" width=\"16\" height=\"16\" class=\"aligncenter size-full wp-image-693\" \/><\/center><\/td><td class=\"column-6\"><center><img loading=\"lazy\" decoding=\"async\" src=\"https:\/\/monsiegeautobebe.fr\/wp-content\/uploads\/2019\/03\/icon-no.png\" alt=\"\" width=\"16\" height=\"16\" class=\"aligncenter size-full wp-image-693\" \/><\/center><\/td><td class=\"column-7\"><a href=\"https:\/\/action.metaffiliation.com\/trk.php?mclic=P4F2915719951B1&amp;redir=https%3A%2F%2Fwww.autourdebebe.com%2Fp%2Fcybexbasez%2Fbase-z-cybex\" rel=\"noopener nofollow noreferrer\" target=\"_blank\">Baza Z<\/a> z rozp\u00f3rk\u0105<\/td><td class=\"column-8\">Dobry (1.9)<br \/>\nWersja Sirona Z i-Size skierowana do ty\u0142u<\/td><td class=\"column-9\"><\/td>\n<\/tr>\n<tr class=\"row-20\">\n\t<td class=\"column-1\"><center><a href=\"https:\/\/monsiegeautobebe.fr\/wp-content\/uploads\/2019\/10\/siege-auto-gb-vaya-i-size-1.jpg\"><img loading=\"lazy\" decoding=\"async\" src=\"https:\/\/monsiegeautobebe.fr\/wp-content\/uploads\/2019\/10\/siege-auto-gb-vaya-i-size-1-150x150.jpg\" alt=\"Fotelik samochodowy gb Vaya i-Size\" width=\"70\" height=\"70\" class=\"aligncenter size-thumbnail wp-image-1756\" srcset=\"https:\/\/www.monsiegeautobebe.fr\/wp-content\/uploads\/2019\/10\/siege-auto-gb-vaya-i-size-1-150x150.jpg 150w, https:\/\/www.monsiegeautobebe.fr\/wp-content\/uploads\/2019\/10\/siege-auto-gb-vaya-i-size-1-300x300.jpg 300w, https:\/\/www.monsiegeautobebe.fr\/wp-content\/uploads\/2019\/10\/siege-auto-gb-vaya-i-size-1-336x336.jpg 336w, https:\/\/www.monsiegeautobebe.fr\/wp-content\/uploads\/2019\/10\/siege-auto-gb-vaya-i-size-1-600x600.jpg 600w, https:\/\/www.monsiegeautobebe.fr\/wp-content\/uploads\/2019\/10\/siege-auto-gb-vaya-i-size-1-768x768.jpg 768w, https:\/\/www.monsiegeautobebe.fr\/wp-content\/uploads\/2019\/10\/siege-auto-gb-vaya-i-size-1.jpg 1000w\" sizes=\"(max-width: 70px) 100vw, 70px\" \/>gb<br \/>\nVaya i-Size<\/a><\/center><\/td><td class=\"column-2\">i-Size (R129)<\/td><td class=\"column-3\">45 - 105 cm (maks. 18 kg)\t<\/td><td class=\"column-4\"><center><img loading=\"lazy\" decoding=\"async\" src=\"https:\/\/monsiegeautobebe.fr\/wp-content\/uploads\/2019\/03\/icon-yes.png\" alt=\"\" width=\"16\" height=\"16\" class=\"aligncenter size-full wp-image-693\" \/><\/center><\/td><td class=\"column-5\"><center><img loading=\"lazy\" decoding=\"async\" src=\"https:\/\/monsiegeautobebe.fr\/wp-content\/uploads\/2019\/03\/icon-yes.png\" alt=\"\" width=\"16\" height=\"16\" class=\"aligncenter size-full wp-image-693\" \/><\/center><\/td><td class=\"column-6\"><center><img loading=\"lazy\" decoding=\"async\" src=\"https:\/\/monsiegeautobebe.fr\/wp-content\/uploads\/2019\/03\/icon-yes.png\" alt=\"\" width=\"16\" height=\"16\" class=\"aligncenter size-full wp-image-693\" \/><\/center><\/td><td class=\"column-7\">ISOFIX z rozp\u00f3rk\u0105<\/td><td class=\"column-8\">Dobry (2.3)<\/td><td class=\"column-9\">Zast\u0105piony przez gb Vaya 2<\/td>\n<\/tr>\n<tr class=\"row-21\">\n\t<td class=\"column-1\"><center><a href=\"https:\/\/monsiegeautobebe.fr\/wp-content\/uploads\/2019\/11\/siege-auto-joie-spin-360.jpg\"><img loading=\"lazy\" decoding=\"async\" src=\"https:\/\/monsiegeautobebe.fr\/wp-content\/uploads\/2019\/11\/siege-auto-joie-spin-360-150x150.jpg\" alt=\"Fotelik samochodowy Joie Spin 360\" width=\"70\" height=\"70\" class=\"aligncenter size-thumbnail wp-image-1812\" srcset=\"https:\/\/www.monsiegeautobebe.fr\/wp-content\/uploads\/2019\/11\/siege-auto-joie-spin-360-150x150.jpg 150w, https:\/\/www.monsiegeautobebe.fr\/wp-content\/uploads\/2019\/11\/siege-auto-joie-spin-360-300x300.jpg 300w, https:\/\/www.monsiegeautobebe.fr\/wp-content\/uploads\/2019\/11\/siege-auto-joie-spin-360-336x336.jpg 336w, https:\/\/www.monsiegeautobebe.fr\/wp-content\/uploads\/2019\/11\/siege-auto-joie-spin-360-600x600.jpg 600w, https:\/\/www.monsiegeautobebe.fr\/wp-content\/uploads\/2019\/11\/siege-auto-joie-spin-360-768x768.jpg 768w, https:\/\/www.monsiegeautobebe.fr\/wp-content\/uploads\/2019\/11\/siege-auto-joie-spin-360.jpg 1000w\" sizes=\"(max-width: 70px) 100vw, 70px\" \/>Rado\u015b\u0107<br \/>\nObr\u00f3t o 360<\/a><\/center><\/td><td class=\"column-2\">R44\/04<\/td><td class=\"column-3\">Grupa 0+\/1 <br \/>\n0 - 18 kg<\/td><td class=\"column-4\"><center><img loading=\"lazy\" decoding=\"async\" src=\"https:\/\/monsiegeautobebe.fr\/wp-content\/uploads\/2019\/03\/icon-yes.png\" alt=\"\" width=\"16\" height=\"16\" class=\"aligncenter size-full wp-image-693\" \/><\/center><\/td><td class=\"column-5\"><center><img loading=\"lazy\" decoding=\"async\" src=\"https:\/\/monsiegeautobebe.fr\/wp-content\/uploads\/2019\/03\/icon-yes.png\" alt=\"\" width=\"16\" height=\"16\" class=\"aligncenter size-full wp-image-693\" \/><\/center><\/td><td class=\"column-6\"><center><img loading=\"lazy\" decoding=\"async\" src=\"https:\/\/monsiegeautobebe.fr\/wp-content\/uploads\/2019\/03\/icon-yes.png\" alt=\"\" width=\"16\" height=\"16\" class=\"aligncenter size-full wp-image-693\" \/><\/center><\/td><td class=\"column-7\">ISOFIX z rozp\u00f3rk\u0105<\/td><td class=\"column-8\">Zadowalaj\u0105cy (2.8)<\/td><td class=\"column-9\"><\/td>\n<\/tr>\n<tr class=\"row-22\">\n\t<td class=\"column-1\"><center><a href=\"https:\/\/monsiegeautobebe.fr\/wp-content\/uploads\/2019\/10\/siege-auto-joie-i-spin-360-i-size.jpg\"><img loading=\"lazy\" decoding=\"async\" src=\"https:\/\/monsiegeautobebe.fr\/wp-content\/uploads\/2019\/10\/siege-auto-joie-i-spin-360-i-size-150x150.jpg\" alt=\"Fotelik samochodowy Joie i-Spin 360\u00b0 i-Size\" width=\"70\" height=\"70\" class=\"aligncenter size-thumbnail wp-image-1753\" srcset=\"https:\/\/www.monsiegeautobebe.fr\/wp-content\/uploads\/2019\/10\/siege-auto-joie-i-spin-360-i-size-150x150.jpg 150w, https:\/\/www.monsiegeautobebe.fr\/wp-content\/uploads\/2019\/10\/siege-auto-joie-i-spin-360-i-size-300x300.jpg 300w, https:\/\/www.monsiegeautobebe.fr\/wp-content\/uploads\/2019\/10\/siege-auto-joie-i-spin-360-i-size-336x336.jpg 336w, https:\/\/www.monsiegeautobebe.fr\/wp-content\/uploads\/2019\/10\/siege-auto-joie-i-spin-360-i-size-600x600.jpg 600w, https:\/\/www.monsiegeautobebe.fr\/wp-content\/uploads\/2019\/10\/siege-auto-joie-i-spin-360-i-size-768x768.jpg 768w, https:\/\/www.monsiegeautobebe.fr\/wp-content\/uploads\/2019\/10\/siege-auto-joie-i-spin-360-i-size.jpg 1000w\" sizes=\"(max-width: 70px) 100vw, 70px\" \/>Rado\u015b\u0107<br \/>\ni-Spin 360<\/a><\/center><\/td><td class=\"column-2\">i-Size (R129)<\/td><td class=\"column-3\">40 - 105 cm (maks. 18 kg)<\/td><td class=\"column-4\"><center><img loading=\"lazy\" decoding=\"async\" src=\"https:\/\/monsiegeautobebe.fr\/wp-content\/uploads\/2019\/03\/icon-yes.png\" alt=\"\" width=\"16\" height=\"16\" class=\"aligncenter size-full wp-image-693\" \/><\/center><\/td><td class=\"column-5\"><center><img loading=\"lazy\" decoding=\"async\" src=\"https:\/\/monsiegeautobebe.fr\/wp-content\/uploads\/2019\/03\/icon-yes.png\" alt=\"\" width=\"16\" height=\"16\" class=\"aligncenter size-full wp-image-693\" \/><\/center><\/td><td class=\"column-6\"><center><img loading=\"lazy\" decoding=\"async\" src=\"https:\/\/monsiegeautobebe.fr\/wp-content\/uploads\/2019\/03\/icon-yes.png\" alt=\"\" width=\"16\" height=\"16\" class=\"aligncenter size-full wp-image-693\" \/><\/center><\/td><td class=\"column-7\">ISOFIX z rozp\u00f3rk\u0105<\/td><td class=\"column-8\">Dobry (1.8)<\/td><td class=\"column-9\"><\/td>\n<\/tr>\n<tr class=\"row-23\">\n\t<td class=\"column-1\"><center><a href=\"https:\/\/monsiegeautobebe.fr\/wp-content\/uploads\/2020\/11\/joie-i-spin-safe-resultat-crash-test-adac-2020.jpg\"><img loading=\"lazy\" decoding=\"async\" src=\"https:\/\/monsiegeautobebe.fr\/wp-content\/uploads\/2020\/11\/joie-i-spin-safe-resultat-crash-test-adac-2020-150x150.jpg\" alt=\"Obrotowy fotelik samochodowy Joie i-Spin Safe\" width=\"70\" height=\"70\" class=\"aligncenter size-thumbnail wp-image-3353\" srcset=\"https:\/\/www.monsiegeautobebe.fr\/wp-content\/uploads\/2020\/11\/joie-i-spin-safe-resultat-crash-test-adac-2020-150x150.jpg 150w, https:\/\/www.monsiegeautobebe.fr\/wp-content\/uploads\/2020\/11\/joie-i-spin-safe-resultat-crash-test-adac-2020-300x300.jpg 300w, https:\/\/www.monsiegeautobebe.fr\/wp-content\/uploads\/2020\/11\/joie-i-spin-safe-resultat-crash-test-adac-2020-336x336.jpg 336w, https:\/\/www.monsiegeautobebe.fr\/wp-content\/uploads\/2020\/11\/joie-i-spin-safe-resultat-crash-test-adac-2020-600x600.jpg 600w, https:\/\/www.monsiegeautobebe.fr\/wp-content\/uploads\/2020\/11\/joie-i-spin-safe-resultat-crash-test-adac-2020-768x768.jpg 768w, https:\/\/www.monsiegeautobebe.fr\/wp-content\/uploads\/2020\/11\/joie-i-spin-safe-resultat-crash-test-adac-2020.jpg 1000w\" sizes=\"(max-width: 70px) 100vw, 70px\" \/>Rado\u015b\u0107<br \/>\ni-Spin Safe<\/a><\/center><\/td><td class=\"column-2\">i-Size (R129)<\/td><td class=\"column-3\">40 - 105 cm (maks. 18,5 kg)<\/td><td class=\"column-4\"><center><img loading=\"lazy\" decoding=\"async\" src=\"https:\/\/monsiegeautobebe.fr\/wp-content\/uploads\/2019\/03\/icon-yes.png\" alt=\"\" width=\"16\" height=\"16\" class=\"aligncenter size-full wp-image-693\" \/><\/center><\/td><td class=\"column-5\"><center><img loading=\"lazy\" decoding=\"async\" src=\"https:\/\/monsiegeautobebe.fr\/wp-content\/uploads\/2019\/03\/icon-yes.png\" alt=\"\" width=\"16\" height=\"16\" class=\"aligncenter size-full wp-image-693\" \/><\/center><\/td><td class=\"column-6\"><center><img loading=\"lazy\" decoding=\"async\" src=\"https:\/\/monsiegeautobebe.fr\/wp-content\/uploads\/2019\/03\/icon-no.png\" alt=\"\" width=\"16\" height=\"16\" class=\"aligncenter size-full wp-image-693\" \/><\/center><\/td><td class=\"column-7\">ISOFIX z rozp\u00f3rk\u0105<\/td><td class=\"column-8\">Wi\u0119cej test\u00f3w<\/td><td class=\"column-9\"><\/td>\n<\/tr>\n<tr class=\"row-24\">\n\t<td class=\"column-1\"><center><a href=\"https:\/\/monsiegeautobebe.fr\/wp-content\/uploads\/2020\/11\/siege-auto-joie-spin-safe-plus-test.jpg\"><img loading=\"lazy\" decoding=\"async\" src=\"https:\/\/monsiegeautobebe.fr\/wp-content\/uploads\/2020\/11\/siege-auto-joie-spin-safe-plus-test-150x150.jpg\" alt=\"Zatwierdzony przez Plus Test obrotowy fotelik samochodowy Joie Spin Safe\" width=\"70\" height=\"70\" class=\"aligncenter size-thumbnail wp-image-3349\" srcset=\"https:\/\/www.monsiegeautobebe.fr\/wp-content\/uploads\/2020\/11\/siege-auto-joie-spin-safe-plus-test-150x150.jpg 150w, https:\/\/www.monsiegeautobebe.fr\/wp-content\/uploads\/2020\/11\/siege-auto-joie-spin-safe-plus-test-300x300.jpg 300w, https:\/\/www.monsiegeautobebe.fr\/wp-content\/uploads\/2020\/11\/siege-auto-joie-spin-safe-plus-test-336x336.jpg 336w, https:\/\/www.monsiegeautobebe.fr\/wp-content\/uploads\/2020\/11\/siege-auto-joie-spin-safe-plus-test-600x600.jpg 600w, https:\/\/www.monsiegeautobebe.fr\/wp-content\/uploads\/2020\/11\/siege-auto-joie-spin-safe-plus-test-768x768.jpg 768w, https:\/\/www.monsiegeautobebe.fr\/wp-content\/uploads\/2020\/11\/siege-auto-joie-spin-safe-plus-test.jpg 1000w\" sizes=\"(max-width: 70px) 100vw, 70px\" \/>Rado\u015b\u0107<br \/>\nSpin Safe<\/a><\/center><\/td><td class=\"column-2\">R44\/04<\/td><td class=\"column-3\">Grupa 0+\/1 <br \/>\n0 - 18 kg<\/td><td class=\"column-4\"><center><img loading=\"lazy\" decoding=\"async\" src=\"https:\/\/monsiegeautobebe.fr\/wp-content\/uploads\/2019\/03\/icon-yes.png\" alt=\"\" width=\"16\" height=\"16\" class=\"aligncenter size-full wp-image-693\" \/><\/center><\/td><td class=\"column-5\"><center><img loading=\"lazy\" decoding=\"async\" src=\"https:\/\/monsiegeautobebe.fr\/wp-content\/uploads\/2019\/03\/icon-yes.png\" alt=\"\" width=\"16\" height=\"16\" class=\"aligncenter size-full wp-image-693\" \/><\/center><\/td><td class=\"column-6\"><center><img loading=\"lazy\" decoding=\"async\" src=\"https:\/\/monsiegeautobebe.fr\/wp-content\/uploads\/2019\/03\/icon-no.png\" alt=\"\" width=\"16\" height=\"16\" class=\"aligncenter size-full wp-image-693\" \/><\/center><\/td><td class=\"column-7\">ISOFIX z rozp\u00f3rk\u0105<\/td><td class=\"column-8\">Dobry (1.6)<br \/>\nWi\u0119cej test\u00f3w<\/td><td class=\"column-9\"><\/td>\n<\/tr>\n<tr class=\"row-25\">\n\t<td class=\"column-1\"><center><a href=\"https:\/\/monsiegeautobebe.fr\/wp-content\/uploads\/2019\/10\/siege-auto-nuna-norr-i-size.jpg\"><img loading=\"lazy\" decoding=\"async\" src=\"https:\/\/monsiegeautobebe.fr\/wp-content\/uploads\/2019\/10\/siege-auto-nuna-norr-i-size-150x150.jpg\" alt=\"Fotelik samochodowy Nuna Norr i-Size\" width=\"70\" height=\"70\" class=\"aligncenter size-thumbnail wp-image-1718\" srcset=\"https:\/\/www.monsiegeautobebe.fr\/wp-content\/uploads\/2019\/10\/siege-auto-nuna-norr-i-size-150x150.jpg 150w, https:\/\/www.monsiegeautobebe.fr\/wp-content\/uploads\/2019\/10\/siege-auto-nuna-norr-i-size-300x300.jpg 300w, https:\/\/www.monsiegeautobebe.fr\/wp-content\/uploads\/2019\/10\/siege-auto-nuna-norr-i-size-336x336.jpg 336w, https:\/\/www.monsiegeautobebe.fr\/wp-content\/uploads\/2019\/10\/siege-auto-nuna-norr-i-size-600x600.jpg 600w, https:\/\/www.monsiegeautobebe.fr\/wp-content\/uploads\/2019\/10\/siege-auto-nuna-norr-i-size-768x768.jpg 768w, https:\/\/www.monsiegeautobebe.fr\/wp-content\/uploads\/2019\/10\/siege-auto-nuna-norr-i-size.jpg 1000w\" sizes=\"(max-width: 70px) 100vw, 70px\" \/>Nuna<br \/>\nNorr i-Size<\/a><\/center><\/td><td class=\"column-2\">i-Size (R129)<\/td><td class=\"column-3\">40 - 105 cm (maks. 18,5 kg)<\/td><td class=\"column-4\"><center><img loading=\"lazy\" decoding=\"async\" src=\"https:\/\/monsiegeautobebe.fr\/wp-content\/uploads\/2019\/03\/icon-yes.png\" alt=\"\" width=\"16\" height=\"16\" class=\"aligncenter size-full wp-image-693\" \/><\/center><\/td><td class=\"column-5\"><center><img loading=\"lazy\" decoding=\"async\" src=\"https:\/\/monsiegeautobebe.fr\/wp-content\/uploads\/2019\/03\/icon-yes.png\" alt=\"\" width=\"16\" height=\"16\" class=\"aligncenter size-full wp-image-693\" \/><\/center><\/td><td class=\"column-6\"><center><img loading=\"lazy\" decoding=\"async\" src=\"https:\/\/monsiegeautobebe.fr\/wp-content\/uploads\/2019\/03\/icon-no.png\" alt=\"\" width=\"16\" height=\"16\" class=\"aligncenter size-full wp-image-693\" \/><\/center><\/td><td class=\"column-7\">ISOFIX z rozp\u00f3rk\u0105<\/td><td class=\"column-8\">Dobry (2.2)<br \/>\nWi\u0119cej test\u00f3w<\/td><td class=\"column-9\"><\/td>\n<\/tr>\n<tr class=\"row-26\">\n\t<td class=\"column-1\"><center><a href=\"https:\/\/monsiegeautobebe.fr\/wp-content\/uploads\/2019\/10\/siege-auto-nuna-rebl-plus-i-size.jpg\"><img loading=\"lazy\" decoding=\"async\" src=\"https:\/\/monsiegeautobebe.fr\/wp-content\/uploads\/2019\/10\/siege-auto-nuna-rebl-plus-i-size-150x150.jpg\" alt=\"Fotelik samochodowy Nuna Rebl Plus i-Size\" width=\"70\" height=\"70\" class=\"aligncenter size-thumbnail wp-image-1719\" srcset=\"https:\/\/www.monsiegeautobebe.fr\/wp-content\/uploads\/2019\/10\/siege-auto-nuna-rebl-plus-i-size-150x150.jpg 150w, https:\/\/www.monsiegeautobebe.fr\/wp-content\/uploads\/2019\/10\/siege-auto-nuna-rebl-plus-i-size-300x300.jpg 300w, https:\/\/www.monsiegeautobebe.fr\/wp-content\/uploads\/2019\/10\/siege-auto-nuna-rebl-plus-i-size-336x336.jpg 336w, https:\/\/www.monsiegeautobebe.fr\/wp-content\/uploads\/2019\/10\/siege-auto-nuna-rebl-plus-i-size-600x600.jpg 600w, https:\/\/www.monsiegeautobebe.fr\/wp-content\/uploads\/2019\/10\/siege-auto-nuna-rebl-plus-i-size-768x768.jpg 768w, https:\/\/www.monsiegeautobebe.fr\/wp-content\/uploads\/2019\/10\/siege-auto-nuna-rebl-plus-i-size.jpg 1000w\" sizes=\"(max-width: 70px) 100vw, 70px\" \/>Nuna<br \/>\nRebl Plus i-Size<\/a><\/center><\/td><td class=\"column-2\">i-Size (R129)<\/td><td class=\"column-3\">40 - 105 cm (maks. 18,5 kg)<\/td><td class=\"column-4\"><center><img loading=\"lazy\" decoding=\"async\" src=\"https:\/\/monsiegeautobebe.fr\/wp-content\/uploads\/2019\/03\/icon-yes.png\" alt=\"\" width=\"16\" height=\"16\" class=\"aligncenter size-full wp-image-693\" \/><\/center><\/td><td class=\"column-5\"><center><img loading=\"lazy\" decoding=\"async\" src=\"https:\/\/monsiegeautobebe.fr\/wp-content\/uploads\/2019\/03\/icon-yes.png\" alt=\"\" width=\"16\" height=\"16\" class=\"aligncenter size-full wp-image-693\" \/><\/center><\/td><td class=\"column-6\"><center><img loading=\"lazy\" decoding=\"async\" src=\"https:\/\/monsiegeautobebe.fr\/wp-content\/uploads\/2019\/03\/icon-yes.png\" alt=\"\" width=\"16\" height=\"16\" class=\"aligncenter size-full wp-image-693\" \/><\/center><\/td><td class=\"column-7\">ISOFIX z rozp\u00f3rk\u0105<\/td><td class=\"column-8\">Dobry (2.5)<\/td><td class=\"column-9\"><\/td>\n<\/tr>\n<tr class=\"row-27\">\n\t<td class=\"column-1\"><center><a href=\"https:\/\/monsiegeautobebe.fr\/wp-content\/uploads\/2019\/10\/siege-auto-recaro-zero-1-elite-i-size.jpg\"><img loading=\"lazy\" decoding=\"async\" src=\"https:\/\/monsiegeautobebe.fr\/wp-content\/uploads\/2019\/10\/siege-auto-recaro-zero-1-elite-i-size-150x150.jpg\" alt=\"Fotelik samochodowy Recaro Zero.1 Elite i-Size\" width=\"70\" height=\"70\" class=\"aligncenter size-thumbnail wp-image-1721\" srcset=\"https:\/\/www.monsiegeautobebe.fr\/wp-content\/uploads\/2019\/10\/siege-auto-recaro-zero-1-elite-i-size-150x150.jpg 150w, https:\/\/www.monsiegeautobebe.fr\/wp-content\/uploads\/2019\/10\/siege-auto-recaro-zero-1-elite-i-size-300x300.jpg 300w, https:\/\/www.monsiegeautobebe.fr\/wp-content\/uploads\/2019\/10\/siege-auto-recaro-zero-1-elite-i-size-336x336.jpg 336w, https:\/\/www.monsiegeautobebe.fr\/wp-content\/uploads\/2019\/10\/siege-auto-recaro-zero-1-elite-i-size-600x600.jpg 600w, https:\/\/www.monsiegeautobebe.fr\/wp-content\/uploads\/2019\/10\/siege-auto-recaro-zero-1-elite-i-size-768x768.jpg 768w, https:\/\/www.monsiegeautobebe.fr\/wp-content\/uploads\/2019\/10\/siege-auto-recaro-zero-1-elite-i-size.jpg 1000w\" sizes=\"(max-width: 70px) 100vw, 70px\" \/>Recaro<br \/>\nZero.1 Elite i-Size<\/a><\/center><\/td><td class=\"column-2\">i-Size (R129)<\/td><td class=\"column-3\">40 - 105 cm (maks. 18 kg)<\/td><td class=\"column-4\">Zdejmowana pow\u0142oka dla niemowl\u0105t<\/td><td class=\"column-5\"><center><img loading=\"lazy\" decoding=\"async\" src=\"https:\/\/monsiegeautobebe.fr\/wp-content\/uploads\/2019\/03\/icon-yes.png\" alt=\"\" width=\"16\" height=\"16\" class=\"aligncenter size-full wp-image-693\" \/><\/center><\/td><td class=\"column-6\"><center><img loading=\"lazy\" decoding=\"async\" src=\"https:\/\/monsiegeautobebe.fr\/wp-content\/uploads\/2019\/03\/icon-yes.png\" alt=\"\" width=\"16\" height=\"16\" class=\"aligncenter size-full wp-image-693\" \/><\/center><\/td><td class=\"column-7\">ISOFIX z rozp\u00f3rk\u0105<\/td><td class=\"column-8\">Dobry (2.5)<\/td><td class=\"column-9\"><\/td>\n<\/tr>\n<tr class=\"row-28\">\n\t<td class=\"column-1\"><center><a href=\"https:\/\/monsiegeautobebe.fr\/wp-content\/uploads\/2019\/10\/siege-auto-recaro-zero-1-i-size.jpg\"><img loading=\"lazy\" decoding=\"async\" src=\"https:\/\/monsiegeautobebe.fr\/wp-content\/uploads\/2019\/10\/siege-auto-recaro-zero-1-i-size-150x150.jpg\" alt=\"Fotelik samochodowy Recaro Zero.1 i-Size\" width=\"70\" height=\"70\" class=\"aligncenter size-thumbnail wp-image-1722\" srcset=\"https:\/\/www.monsiegeautobebe.fr\/wp-content\/uploads\/2019\/10\/siege-auto-recaro-zero-1-i-size-150x150.jpg 150w, https:\/\/www.monsiegeautobebe.fr\/wp-content\/uploads\/2019\/10\/siege-auto-recaro-zero-1-i-size-300x300.jpg 300w, https:\/\/www.monsiegeautobebe.fr\/wp-content\/uploads\/2019\/10\/siege-auto-recaro-zero-1-i-size-336x336.jpg 336w, https:\/\/www.monsiegeautobebe.fr\/wp-content\/uploads\/2019\/10\/siege-auto-recaro-zero-1-i-size-600x600.jpg 600w, https:\/\/www.monsiegeautobebe.fr\/wp-content\/uploads\/2019\/10\/siege-auto-recaro-zero-1-i-size-768x768.jpg 768w, https:\/\/www.monsiegeautobebe.fr\/wp-content\/uploads\/2019\/10\/siege-auto-recaro-zero-1-i-size.jpg 1000w\" sizes=\"(max-width: 70px) 100vw, 70px\" \/>Recaro<br \/>\nZero.1 i-Size<\/a><\/center><\/td><td class=\"column-2\">i-Size (R129)<\/td><td class=\"column-3\">40 - 105 cm (maks. 18 kg)<\/td><td class=\"column-4\"><center><img loading=\"lazy\" decoding=\"async\" src=\"https:\/\/monsiegeautobebe.fr\/wp-content\/uploads\/2019\/03\/icon-yes.png\" alt=\"\" width=\"16\" height=\"16\" class=\"aligncenter size-full wp-image-693\" \/><\/center><\/td><td class=\"column-5\"><center><img loading=\"lazy\" decoding=\"async\" src=\"https:\/\/monsiegeautobebe.fr\/wp-content\/uploads\/2019\/03\/icon-yes.png\" alt=\"\" width=\"16\" height=\"16\" class=\"aligncenter size-full wp-image-693\" \/><\/center><\/td><td class=\"column-6\"><center><img loading=\"lazy\" decoding=\"async\" src=\"https:\/\/monsiegeautobebe.fr\/wp-content\/uploads\/2019\/03\/icon-yes.png\" alt=\"\" width=\"16\" height=\"16\" class=\"aligncenter size-full wp-image-693\" \/><\/center><\/td><td class=\"column-7\">ISOFIX z rozp\u00f3rk\u0105<\/td><td class=\"column-8\">Dobry (2.3)<\/td><td class=\"column-9\">Zast\u0105piony przez Recaro Zero.1 Elite i-Size<\/td>\n<\/tr>\n<tr class=\"row-29\">\n\t<td class=\"column-1\">Cybex Cloud Z2<\/td><td class=\"column-2\">i-Size (R129)<\/td><td class=\"column-3\">45 do 87 cm (maks. 13 kg)<\/td><td class=\"column-4\"><center><img loading=\"lazy\" decoding=\"async\" src=\"https:\/\/monsiegeautobebe.fr\/wp-content\/uploads\/2019\/03\/icon-yes.png\" alt=\"\" width=\"16\" height=\"16\" class=\"aligncenter size-full wp-image-693\" \/><\/center><\/td><td class=\"column-5\"><\/td><td class=\"column-6\"><\/td><td class=\"column-7\">Podstawa Z2 z rozp\u00f3rk\u0105 lub pasem bezpiecze\u0144stwa<\/td><td class=\"column-8\">Dobry (1.7)<\/td><td class=\"column-9\"><\/td>\n<\/tr>\n<tr class=\"row-30\">\n\t<td class=\"column-1\">Cybex Sirona Z2<\/td><td class=\"column-2\">i-Size (R129)<\/td><td class=\"column-3\">45 - 105 cm (maks. 18 kg)<\/td><td class=\"column-4\"><center><img loading=\"lazy\" decoding=\"async\" src=\"https:\/\/monsiegeautobebe.fr\/wp-content\/uploads\/2019\/03\/icon-yes.png\" alt=\"\" width=\"16\" height=\"16\" class=\"aligncenter size-full wp-image-693\" \/><\/center><\/td><td class=\"column-5\"><\/td><td class=\"column-6\"><\/td><td class=\"column-7\">Podstawa Z2 z rozp\u00f3rk\u0105<\/td><td class=\"column-8\">Dobry (2.3)<\/td><td class=\"column-9\"><\/td>\n<\/tr>\n<tr class=\"row-31\">\n\t<td class=\"column-1\">Swandoo Curie<\/td><td class=\"column-2\">i-Size (R129)<\/td><td class=\"column-3\">40 - 105 cm (maks. 18 kg)<\/td><td class=\"column-4\"><center><img loading=\"lazy\" decoding=\"async\" src=\"https:\/\/monsiegeautobebe.fr\/wp-content\/uploads\/2019\/03\/icon-yes.png\" alt=\"\" width=\"16\" height=\"16\" class=\"aligncenter size-full wp-image-693\" \/><\/center><\/td><td class=\"column-5\"><center><img loading=\"lazy\" decoding=\"async\" src=\"https:\/\/monsiegeautobebe.fr\/wp-content\/uploads\/2019\/03\/icon-yes.png\" alt=\"\" width=\"16\" height=\"16\" class=\"aligncenter size-full wp-image-693\" \/><\/center><\/td><td class=\"column-6\"><center><img loading=\"lazy\" decoding=\"async\" src=\"https:\/\/monsiegeautobebe.fr\/wp-content\/uploads\/2019\/03\/icon-no.png\" alt=\"\" width=\"16\" height=\"16\" class=\"aligncenter size-full wp-image-693\" \/><\/center><\/td><td class=\"column-7\">ISOFIX z rozp\u00f3rk\u0105<\/td><td class=\"column-8\">Dobry (1.9)<\/td><td class=\"column-9\"><\/td>\n<\/tr>\n<tr class=\"row-32\">\n\t<td class=\"column-1\">Maxi-Cosi Pebble 360<\/td><td class=\"column-2\">i-Size (R129)<\/td><td class=\"column-3\">40 do 83 cm (maks. 13 kg)<\/td><td class=\"column-4\"><center><img loading=\"lazy\" decoding=\"async\" src=\"https:\/\/monsiegeautobebe.fr\/wp-content\/uploads\/2019\/03\/icon-yes.png\" alt=\"\" width=\"16\" height=\"16\" class=\"aligncenter size-full wp-image-693\" \/><\/center><\/td><td class=\"column-5\"><\/td><td class=\"column-6\"><\/td><td class=\"column-7\">Podstawa FamilyFix 360 z rozp\u00f3rk\u0105 lub pasem bezpiecze\u0144stwa<\/td><td class=\"column-8\">Dobry (1.8)<\/td><td class=\"column-9\"><\/td>\n<\/tr>\n<tr class=\"row-33\">\n\t<td class=\"column-1\">Maxi-Cosi Pearl 360<\/td><td class=\"column-2\">i-Size (R129)<\/td><td class=\"column-3\">40 - 105 cm (maks. 17,5 kg)<\/td><td class=\"column-4\"><center><img loading=\"lazy\" decoding=\"async\" src=\"https:\/\/monsiegeautobebe.fr\/wp-content\/uploads\/2019\/03\/icon-yes.png\" alt=\"\" width=\"16\" height=\"16\" class=\"aligncenter size-full wp-image-693\" \/><\/center><\/td><td class=\"column-5\"><center><img loading=\"lazy\" decoding=\"async\" src=\"https:\/\/monsiegeautobebe.fr\/wp-content\/uploads\/2019\/03\/icon-yes.png\" alt=\"\" width=\"16\" height=\"16\" class=\"aligncenter size-full wp-image-693\" \/><\/center><\/td><td class=\"column-6\"><center><img loading=\"lazy\" decoding=\"async\" src=\"https:\/\/monsiegeautobebe.fr\/wp-content\/uploads\/2019\/03\/icon-yes.png\" alt=\"\" width=\"16\" height=\"16\" class=\"aligncenter size-full wp-image-693\" \/><\/center><\/td><td class=\"column-7\">Podstawa FamilyFix 360 z rozp\u00f3rk\u0105<\/td><td class=\"column-8\">Dobry (1.9)<\/td><td class=\"column-9\"><\/td>\n<\/tr>\n<tr class=\"row-34\">\n\t<td class=\"column-1\">Maxi-Cosi Mica Pro Eco i-Size<\/td><td class=\"column-2\">i-Size (R129)<\/td><td class=\"column-3\">40 - 105 cm (maks. 18 kg)<\/td><td class=\"column-4\"><center><img loading=\"lazy\" decoding=\"async\" src=\"https:\/\/monsiegeautobebe.fr\/wp-content\/uploads\/2019\/03\/icon-yes.png\" alt=\"\" width=\"16\" height=\"16\" class=\"aligncenter size-full wp-image-693\" \/><\/center><\/td><td class=\"column-5\"><center><img loading=\"lazy\" decoding=\"async\" src=\"https:\/\/monsiegeautobebe.fr\/wp-content\/uploads\/2019\/03\/icon-yes.png\" alt=\"\" width=\"16\" height=\"16\" class=\"aligncenter size-full wp-image-693\" \/><\/center><\/td><td class=\"column-6\"><center><img loading=\"lazy\" decoding=\"async\" src=\"https:\/\/monsiegeautobebe.fr\/wp-content\/uploads\/2019\/03\/icon-yes.png\" alt=\"\" width=\"16\" height=\"16\" class=\"aligncenter size-full wp-image-693\" \/><\/center><\/td><td class=\"column-7\">Podstawa FamilyFix 360 z rozp\u00f3rk\u0105<\/td><td class=\"column-8\">Dobry (2.1)<\/td><td class=\"column-9\"><\/td>\n<\/tr>\n<tr class=\"row-35\">\n\t<td class=\"column-1\">Britax R\u00f6mer Baby-Safe iSense<\/td><td class=\"column-2\"><\/td><td class=\"column-3\">40 do 83 cm (maks. 13 kg)<\/td><td class=\"column-4\"><\/td><td class=\"column-5\"><\/td><td class=\"column-6\"><\/td><td class=\"column-7\">Flex Base iSense z rozp\u00f3rk\u0105<\/td><td class=\"column-8\">Dobry (2.1)<\/td><td class=\"column-9\"><\/td>\n<\/tr>\n<tr class=\"row-36\">\n\t<td class=\"column-1\">Britax R\u00f6mer Baby-Safe 3 iSense<\/td><td class=\"column-2\"><\/td><td class=\"column-3\">40 do 83 cm (maks. 13 kg)<\/td><td class=\"column-4\"><\/td><td class=\"column-5\"><\/td><td class=\"column-6\"><\/td><td class=\"column-7\">Flex Base iSense z rozp\u00f3rk\u0105<\/td><td class=\"column-8\">Dobry (2.5)<\/td><td class=\"column-9\"><\/td>\n<\/tr>\n<\/tbody>\n<\/table>\n<span id=\"tablepress-32-description\" class=\"tablepress-table-description tablepress-table-description-id-32\"><\/span>\n\n<\/div><!-- #tablepress-32 from cache -->","protected":false},"excerpt":{"rendered":"<p>Wyb\u00f3r odpowiedniego fotelika samochodowego ma zasadnicze znaczenie dla zapewnienia dzieciom bezpiecze\u0144stwa podczas podr\u00f3\u017cy samochodem. Spo\u015br\u00f3d wszystkich wydatk\u00f3w, kt\u00f3re poniesiesz po urodzeniu dziecka, wyb\u00f3r obrotowego fotelika samochodowego dla dziecka jest jednym z najwa\u017cniejszych do rozwa\u017cenia. Od pierwszego<\/p>","protected":false},"author":2,"featured_media":4320,"comment_status":"open","ping_status":"open","sticky":false,"template":"","format":"standard","meta":{"footnotes":""},"categories":[19,15],"tags":[],"class_list":{"0":"post-4310","1":"post","2":"type-post","3":"status-publish","4":"format-standard","5":"has-post-thumbnail","7":"category-comparatifs","8":"category-siege-auto"},"_links":{"self":[{"href":"https:\/\/www.monsiegeautobebe.fr\/pl\/wp-json\/wp\/v2\/posts\/4310","targetHints":{"allow":["GET"]}}],"collection":[{"href":"https:\/\/www.monsiegeautobebe.fr\/pl\/wp-json\/wp\/v2\/posts"}],"about":[{"href":"https:\/\/www.monsiegeautobebe.fr\/pl\/wp-json\/wp\/v2\/types\/post"}],"author":[{"embeddable":true,"href":"https:\/\/www.monsiegeautobebe.fr\/pl\/wp-json\/wp\/v2\/users\/2"}],"replies":[{"embeddable":true,"href":"https:\/\/www.monsiegeautobebe.fr\/pl\/wp-json\/wp\/v2\/comments?post=4310"}],"version-history":[{"count":0,"href":"https:\/\/www.monsiegeautobebe.fr\/pl\/wp-json\/wp\/v2\/posts\/4310\/revisions"}],"wp:featuredmedia":[{"embeddable":true,"href":"https:\/\/www.monsiegeautobebe.fr\/pl\/wp-json\/wp\/v2\/media\/4320"}],"wp:attachment":[{"href":"https:\/\/www.monsiegeautobebe.fr\/pl\/wp-json\/wp\/v2\/media?parent=4310"}],"wp:term":[{"taxonomy":"category","embeddable":true,"href":"https:\/\/www.monsiegeautobebe.fr\/pl\/wp-json\/wp\/v2\/categories?post=4310"},{"taxonomy":"post_tag","embeddable":true,"href":"https:\/\/www.monsiegeautobebe.fr\/pl\/wp-json\/wp\/v2\/tags?post=4310"}],"curies":[{"name":"wp","href":"https:\/\/api.w.org\/{rel}","templated":true}]}}