{"id":2879,"date":"2019-06-15T14:28:25","date_gmt":"2019-06-15T14:28:25","guid":{"rendered":"https:\/\/monsiegeautobebe.fr\/?p=2879"},"modified":"2022-04-21T15:12:53","modified_gmt":"2022-04-21T15:12:53","slug":"adac-testy-fotelikow-wiosna-2019","status":"publish","type":"post","link":"https:\/\/www.monsiegeautobebe.fr\/pl\/adac-testy-fotelikow-wiosna-2019\/","title":{"rendered":"Wyniki test\u00f3w zderzeniowych fotelik\u00f3w samochodowych ADAC i TCS (maj 2019)"},"content":{"rendered":"<p>Aby zwi\u0119kszy\u0107 <strong>bezpiecze\u0144stwo dzieci<\/strong> samochodem, <a href=\"https:\/\/www.monsiegeautobebe.fr\/pl\/testy-adac-fotelikow-objasniony\/\" target=\"_blank\" rel=\"noopener noreferrer\">ADAC i TCS regularnie testuj\u0105 nowe modele fotelik\u00f3w samochodowych<\/a>. The <strong>testy zderzeniowe<\/strong> s\u0105 przeprowadzane, <strong>dwa razy w roku<\/strong>i s\u0105 produkowane wsp\u00f3lnie przez <strong>r\u00f3\u017cne organy europejskie<\/strong>. Dla tej sesji <strong>testy zderzeniowe w maju 2019 r.<\/strong>, <strong>24 dzieci\u0119ce foteliki samochodowe<\/strong> zosta\u0142y przetestowane pod k\u0105tem bezpiecze\u0144stwa, obs\u0142ugi, ergonomii i zawarto\u015bci zanieczyszcze\u0144. Modele te obejmuj\u0105, <strong>cztery z nich<\/strong> zosta\u0142y przetestowane za pomoc\u0105 <strong>pod\u0142\u0105czony system alarmowy<\/strong> (sprzedawany oddzielnie) zaprojektowany, aby zapobiec pozostawianiu dzieci samych w samochodzie. Zwyci\u0119zc\u0105 tej sesji testowej zosta\u0142 <strong>B\u00e9b\u00e9 Confort Jade + 3wayFix<\/strong> wyniki <strong>\"bardzo dobry<\/strong>. By\u0142 przekonuj\u0105cy w ka\u017cdej kategorii. W przeciwie\u0144stwie do <strong>Chicco Oasys i-Size<\/strong> i <strong>B\u00e9b\u00e9 Confort TobiFix<\/strong> s\u0105 <strong>tylko dwa modele<\/strong> zosta\u0107 os\u0105dzonym <strong>\"niewystarczaj\u0105cy<\/strong>. Eksperci zauwa\u017cyli r\u00f3wnie\u017c, \u017ce \u015brednia cena foteli og\u00f3lnie ro\u015bnie. Jednak w tym samym czasie niekt\u00f3re najwy\u017cej oceniane modele, takie jak <a href=\"https:\/\/www.monsiegeautobebe.fr\/pl\/test-cosy-bebe-nania-be-one\/\" target=\"_blank\" rel=\"noopener\">Nania Be One SP<\/a> lub <strong>Britax R\u00f6mer Adventure<\/strong> mo\u017cna uzyska\u0107 dla <strong>mniej ni\u017c 100 euro<\/strong>. To pokazuje, \u017ce cena i jako\u015b\u0107 niekoniecznie s\u0105 ze sob\u0105 powi\u0105zane.<\/p>\n<div class=\"sc-toggle\"><div class=\"sc-toggle-title active\"><a href=\"#\">Lista przetestowanych fotelik\u00f3w samochodowych (maj 2019)<\/a><\/div><div class=\"sc-toggle-content active\">\n<p><center>B\u00e9b\u00e9 Confort Jade + 3wayFix<br \/>\nB\u00e9b\u00e9 Confort Pebble Pro i-Size<br \/>\nB\u00e9b\u00e9 Confort Pebble Pro i-Size + 3wayFix<br \/>\nB\u00e9b\u00e9 Confort Pebble Pro i-Size + FamilyFix One<br \/>\nInglesina Darwin i-Size<br \/>\nInglesina Darwin i-Size + Darwin i-Size Base<br \/>\nPeg Perego Primo Viaggio i-Size + i-Size Base<br \/>\n<a href=\"https:\/\/www.monsiegeautobebe.fr\/pl\/cybex-cloud-z-i-size\/\">Cybex Cloud Z i-Size<\/a><br \/>\nCybex Cloud Z i-Size + Base Z<br \/>\nAvionaut Pixel<br \/>\nAvionaut Pixel + baza IQ<br \/>\nBaby Jogger City Go i-Size + baza i-Size<br \/>\n<a href=\"https:\/\/www.monsiegeautobebe.fr\/pl\/nania-beone\/\">Nania Be One<\/a> SP<br \/>\nW\u00f3zek dzieci\u0119cy City Go i-Size<br \/>\nChicco Oasys i-Size Beb\u00e8care + i-Size Base<br \/>\nCybex Sirona Z R i-Size + Base Z<br \/>\nCybex Sirona Z i-Size + Base Z<br \/>\nNuna Norr<br \/>\nNachfolger Hy5.1 TT<br \/>\nHeyner Multifix Twist<br \/>\nApramo All Stage<br \/>\nBeSafe iZi Modular RF i-Size + iZi Modular Base<br \/>\nB\u00e9b\u00e9 Confort Pearl Pro i-Size + 3wayFix<br \/>\nPeg Perego Viaggio FF105 + i-Size Base<br \/>\nB\u00e9b\u00e9 Confort TobiFix<br \/>\nBritax R\u00f6mer Max-Way Plus<br \/>\nBritax R\u00f6mer Advansafix IV R<br \/>\nB\u00e9b\u00e9 Confort Titan Pro<br \/>\n<a href=\"https:\/\/www.monsiegeautobebe.fr\/pl\/porownanie-britax-romer-kidfix\/\">Britax R\u00f6mer Kidfix<\/a> III M<br \/>\nBritax R\u00f6mer Adventure<br \/>\nSafety 1st Road Fix<\/center><\/div><\/div>\n\n<p><iframe title=\"Kindersitztest Fr\u00fchjahr 2019 | ADAC\" width=\"788\" height=\"443\" src=\"https:\/\/www.youtube.com\/embed\/FVb2-KQC0Do?feature=oembed\" frameborder=\"0\" allow=\"accelerometer; autoplay; clipboard-write; encrypted-media; gyroscope; picture-in-picture\" allowfullscreen><\/iframe><\/p>\n<div id=\"ez-toc-container\" class=\"ez-toc-v2_0_82_2 counter-hierarchy ez-toc-counter ez-toc-grey ez-toc-container-direction\">\n<div class=\"ez-toc-title-container\">\n<p class=\"ez-toc-title\" style=\"cursor:inherit\">Zawarto\u015b\u0107<\/p>\n<span class=\"ez-toc-title-toggle\"><a href=\"#\" class=\"ez-toc-pull-right ez-toc-btn ez-toc-btn-xs ez-toc-btn-default ez-toc-toggle\" aria-label=\"Prze\u0142\u0105cznik Spisu Tre\u015bci\"><span class=\"ez-toc-js-icon-con\"><span class=\"\"><span class=\"eztoc-hide\" style=\"display:none;\">Toggle<\/span><span class=\"ez-toc-icon-toggle-span\"><svg style=\"fill: #999;color:#999\" xmlns=\"http:\/\/www.w3.org\/2000\/svg\" class=\"list-377408\" width=\"20px\" height=\"20px\" viewbox=\"0 0 24 24\" fill=\"none\"><path d=\"M6 6H4v2h2V6zm14 0H8v2h12V6zM4 11h2v2H4v-2zm16 0H8v2h12v-2zM4 16h2v2H4v-2zm16 0H8v2h12v-2z\" fill=\"currentColor\"><\/path><\/svg><svg style=\"fill: #999;color:#999\" class=\"arrow-unsorted-368013\" xmlns=\"http:\/\/www.w3.org\/2000\/svg\" width=\"10px\" height=\"10px\" viewbox=\"0 0 24 24\" version=\"1.2\" baseprofile=\"tiny\"><path d=\"M18.2 9.3l-6.2-6.3-6.2 6.3c-.2.2-.3.4-.3.7s.1.5.3.7c.2.2.4.3.7.3h11c.3 0 .5-.1.7-.3.2-.2.3-.5.3-.7s-.1-.5-.3-.7zM5.8 14.7l6.2 6.3 6.2-6.3c.2-.2.3-.5.3-.7s-.1-.5-.3-.7c-.2-.2-.4-.3-.7-.3h-11c-.3 0-.5.1-.7.3-.2.2-.3.5-.3.7s.1.5.3.7z\"\/><\/svg><\/span><\/span><\/span><\/a><\/span><\/div>\n<nav><ul class='ez-toc-list ez-toc-list-level-1 eztoc-toggle-hide-by-default' ><li class='ez-toc-page-1 ez-toc-heading-level-2'><a class=\"ez-toc-link ez-toc-heading-1\" href=\"https:\/\/www.monsiegeautobebe.fr\/pl\/adac-testy-fotelikow-wiosna-2019\/#Les_Sieges_Auto_Avec_Systeme_dAlarme_Connectes\" >Foteliki samochodowe z pod\u0142\u0105czonym systemem alarmowym<\/a><\/li><li class='ez-toc-page-1 ez-toc-heading-level-2'><a class=\"ez-toc-link ez-toc-heading-2\" href=\"https:\/\/www.monsiegeautobebe.fr\/pl\/adac-testy-fotelikow-wiosna-2019\/#Les_Perdants_De_Cette_Session_De_Crash-Tests\" >Przegrani tej sesji test\u00f3w zderzeniowych<\/a><\/li><li class='ez-toc-page-1 ez-toc-heading-level-2'><a class=\"ez-toc-link ez-toc-heading-3\" href=\"https:\/\/www.monsiegeautobebe.fr\/pl\/adac-testy-fotelikow-wiosna-2019\/#Selection_des_Meilleurs_Sieges_Auto_Recommandes_aux_Crash-Tests_Mai_2019\" >Wyb\u00f3r najlepiej przetestowanych fotelik\u00f3w samochodowych (maj 2019)<\/a><\/li><li class='ez-toc-page-1 ez-toc-heading-level-2'><a class=\"ez-toc-link ez-toc-heading-4\" href=\"https:\/\/www.monsiegeautobebe.fr\/pl\/adac-testy-fotelikow-wiosna-2019\/#Liste_Complete_des_Notes_aux_Crash-Tests_ADAC_TCS\" >Pe\u0142na lista wynik\u00f3w test\u00f3w zderzeniowych ADAC i TCS<\/a><\/li><\/ul><\/nav><\/div>\n<h2><span class=\"ez-toc-section\" id=\"Les_Sieges_Auto_Avec_Systeme_dAlarme_Connectes\"><\/span>Foteliki samochodowe z pod\u0142\u0105czonym systemem alarmowym<span class=\"ez-toc-section-end\"><\/span><\/h2>\n<p>Koniec 2019 r, <a href=\"https:\/\/www.ledauphine.com\/france-monde\/2019\/11\/08\/italie-un-dispositif-anti-oubli-de-bebe-obligatoire-dans-les-voitures\" target=\"_blank\" rel=\"noopener noreferrer\">nowe przepisy wesz\u0142y w \u017cycie we W\u0142oszech<\/a> aby zapobiec pozostawianiu dzieci w samochodzie. Aby temu zapobiec, producenci wprowadzili <strong>pod\u0142\u0105czone czujniki<\/strong> kt\u00f3re reaguj\u0105, gdy <strong>kierowca odje\u017cd\u017ca<\/strong> pojazdu w <strong>pozostawienie dziecka<\/strong> w swojej siedzibie. Podczas tej sesji, <strong>przetestowano cztery modele<\/strong> z tymi systemami. Po pierwsze <strong>Chicco Oasys i-Size<\/strong> jest wyposa\u017cony <a href=\"https:\/\/www.youtube.com\/watch?v=_rWPhbvzJ-I\" target=\"_blank\" rel=\"nofollow noopener noreferrer\">systemu Beb\u00e8care<\/a> kt\u00f3ry wykrywa <strong>obecno\u015b\u0107 dziecka w foteliku<\/strong> i ostrzega o oddaleniu si\u0119 od niego. The <a href=\"https:\/\/www.monsiegeautobebe.fr\/pl\/comparatif-sieges-auto-bebe-cybex-sirona\/\" target=\"_blank\" rel=\"noopener noreferrer\">Cybex Cloud Z i-Size, Cybex Sirona Z i-Size i Cybex Sirona Z R i-Size<\/a> u\u017cycie <a href=\"https:\/\/cybex-online.com\/fr-fr\/sensorsafe\" target=\"_blank\" rel=\"nofollow noopener noreferrer\">pod\u0142\u0105czone urz\u0105dzenie SensorSafe<\/a>. Po pod\u0142\u0105czeniu do uprz\u0119\u017cy <strong>pod\u0142\u0105czony czujnik<\/strong> do smartfona <strong>automatycznie powiadamia u\u017cytkownika<\/strong> w przypadku zagro\u017cenia. U\u017cytkownik jest bezpo\u015brednio informowany, gdy dziecko <strong>zdejmuje uprz\u0105\u017c<\/strong>gdy temperatura wynosi <strong>za gor\u0105co lub za zimno<\/strong>gdy dziecko jest <strong>pozostawiony samemu sobie<\/strong> w samochodzie lub gdy dziecko zosta\u0142o pozostawione w samochodzie. <strong>zbyt d\u0142ugie siedzenie<\/strong>. Ka\u017cdy z tych system\u00f3w alarmowych <strong>pod\u0142\u0105czony do smartfona<\/strong> przez Bluetooth. Wsp\u00f3\u0142pracuj\u0105 z <strong>dedykowana aplikacja<\/strong> kt\u00f3re nale\u017cy pobra\u0107 na sw\u00f3j telefon. Oni <strong>automatyczne ostrze\u017cenie<\/strong> kierowcy, kt\u00f3ry znajduje si\u0119 poza zasi\u0119giem sygna\u0142u i mo\u017ce r\u00f3wnie\u017c wys\u0142a\u0107 <strong>komunikat ostrzegawczy dla os\u00f3b trzecich<\/strong>. Chocia\u017c jest to przekonuj\u0105ce, eksperci obawiaj\u0105 si\u0119, \u017ce rodzice zbyt mocno polegaj\u0105 na systemie i s\u0105 mniej czujni.<br \/>\n<a href=\"https:\/\/monsiegeautobebe.fr\/wp-content\/uploads\/2020\/06\/systeme-alarme-siege-auto-sensorsafe.jpg\"><img fetchpriority=\"high\" decoding=\"async\" class=\"aligncenter size-full wp-image-2903\" src=\"https:\/\/monsiegeautobebe.fr\/wp-content\/uploads\/2020\/06\/systeme-alarme-siege-auto-sensorsafe.jpg\" alt=\"Pod\u0142\u0105czony system alarmowy do fotelika samochodowego sensorsafe\" width=\"1000\" height=\"440\" \/><\/a><\/p>\n<h2><span class=\"ez-toc-section\" id=\"Les_Perdants_De_Cette_Session_De_Crash-Tests\"><\/span>Przegrani tej sesji test\u00f3w zderzeniowych<span class=\"ez-toc-section-end\"><\/span><\/h2>\n<p>Podczas tej sesji crash-test\u00f3w, <strong>dwa modele<\/strong> miejsc odnotowano <strong>\"niewystarczaj\u0105cy<\/strong>. Podczas testu zderzenia czo\u0142owego, klamra pasa <strong>Chicco Oasys i-Size Beb\u00e8care<\/strong> oderwa\u0142 si\u0119 od kad\u0142uba, powoduj\u0105c <strong>wyrzucenie manekina z siedzenia<\/strong>. <a href=\"https:\/\/www.leparisien.fr\/societe\/chicco-rappelle-un-siege-auto-pour-bebe-defectueux-06-04-2019-8047707.php\" target=\"_blank\" rel=\"noopener noreferrer\">Od tego czasu Chicco przeprowadzi\u0142o kampani\u0119 wycofywania produkt\u00f3w z rynku<\/a> w tym modelu, aby naprawi\u0107 ten b\u0142\u0105d. Dla <strong>B\u00e9b\u00e9 Confort TobiFix<\/strong>jest <strong>zawarto\u015b\u0107 zanieczyszcze\u0144<\/strong> zbyt wysoka, co prowadzi do <strong>obni\u017cenie ratingu<\/strong>. In\u017cynierowie znale\u017ali <strong>\u015bladowe ilo\u015bci \u015brodka zmniejszaj\u0105cego palno\u015b\u0107 TCPP<\/strong> w wystaj\u0105cych tkankach zamka <strong>dozwolone warto\u015bci graniczne<\/strong>. Le <strong>Aprano All Stage<\/strong> kt\u00f3ry oferuje szeroki zakres zastosowa\u0144, nale\u017cy r\u00f3wnie\u017c unika\u0107 ze wzgl\u0119du na jego <strong>s\u0142abe wyniki w zakresie bezpiecze\u0144stwa<\/strong>.<\/p>\n<h2><span class=\"ez-toc-section\" id=\"Selection_des_Meilleurs_Sieges_Auto_Recommandes_aux_Crash-Tests_Mai_2019\"><\/span>Wyb\u00f3r najlepiej przetestowanych fotelik\u00f3w samochodowych (maj 2019)<span class=\"ez-toc-section-end\"><\/span><\/h2>\n<ul>\n<li>Les Nacelles (od urodzenia do oko\u0142o 8 miesi\u0119cy)<\/li>\n<\/ul>\n<ul>\n<li><em>B\u00e9b\u00e9 Confort Jade (z podstaw\u0105)<\/em><\/li>\n<\/ul>\n<p><a href=\"https:\/\/monsiegeautobebe.fr\/wp-content\/uploads\/2019\/11\/bebe-confort-jade-resultat-crash-test-adac-2019.jpg\"><img decoding=\"async\" class=\"alignleft size-full wp-image-2945\" src=\"https:\/\/monsiegeautobebe.fr\/wp-content\/uploads\/2019\/11\/bebe-confort-jade-resultat-crash-test-adac-2019.jpg\" alt=\"Wyniki test\u00f3w zderzeniowych ADAC dla gondoli Jade od B\u00e9b\u00e9 Confort\" width=\"250\" height=\"213\" srcset=\"https:\/\/www.monsiegeautobebe.fr\/wp-content\/uploads\/2019\/11\/bebe-confort-jade-resultat-crash-test-adac-2019.jpg 1000w, https:\/\/www.monsiegeautobebe.fr\/wp-content\/uploads\/2019\/11\/bebe-confort-jade-resultat-crash-test-adac-2019-600x510.jpg 600w, https:\/\/www.monsiegeautobebe.fr\/wp-content\/uploads\/2019\/11\/bebe-confort-jade-resultat-crash-test-adac-2019-300x255.jpg 300w, https:\/\/www.monsiegeautobebe.fr\/wp-content\/uploads\/2019\/11\/bebe-confort-jade-resultat-crash-test-adac-2019-768x653.jpg 768w\" sizes=\"(max-width: 250px) 100vw, 250px\" \/><\/a>La <strong>Gondola Jade od B\u00e9b\u00e9 Confort<\/strong> jest <strong>zwyci\u0119zca<\/strong> w tej sesji testowej. Model ten szczeg\u00f3lnie wyr\u00f3\u017cnia\u0142 si\u0119 dzi\u0119ki <strong>doskona\u0142e wyniki<\/strong> podczas <strong>zderzenia czo\u0142owe i boczne<\/strong>. To jest <strong>pierwsza gondola<\/strong> zosta\u0142y zatwierdzone zgodnie z <strong>regulacja R129 (i-Size)<\/strong>. Jest odpowiedni dla niemowl\u0105t od <strong>40 do 70 cm<\/strong> (od urodzenia do oko\u0142o 8 miesi\u0119cy). Oferuje <strong>pozycja le\u017c\u0105ca<\/strong> Bardzo wygodny, dzi\u0119ki czemu dziecko mo\u017ce podr\u00f3\u017cowa\u0107 i spa\u0107 w pe\u0142ni bezpiecznie. Poza samochodem mo\u017cna go \u0142atwo u\u017cywa\u0107 na <strong>rama w\u00f3zka dzieci\u0119cego<\/strong> kompatybilny lub s\u0142u\u017cy\u0107 jako <strong>dodatkowe \u0142\u00f3\u017cko<\/strong>. Ze wzgl\u0119du na sw\u00f3j imponuj\u0105cy rozmiar, gondola mo\u017ce by\u0107 umieszczona tylko na <strong>tylna \u0142awka<\/strong> samochodu. Wymaga podstawy <a href=\"http:\/\/&lt;a href=\" target=\"_blank\" rel=\"nofollow noopener noreferrer\">3wayFix<\/a><img decoding=\"async\" src=\"https:\/\/tracking.publicidees.com\/link.php?progid=605&amp;partid=59883\" width=\"1\" height=\"1\" \/> lub <a href=\"https:\/\/action.metaffiliation.com\/trk.php?mclic=P4F9AB571995171&amp;redir=https%3A%2F%2Fwww.allobebe.fr%2Fbase-familyfix-3-aBC031064289.html\" target=\"_blank\" rel=\"nofollow noopener noreferrer\">FamilyFix3<\/a> do mocowania. Podstawy te s\u0105 r\u00f3wnie\u017c kompatybilne z <a href=\"https:\/\/action.metaffiliation.com\/trk.php?mclic=P4F9AB571995171&amp;redir=https%3A%2F%2Fwww.allobebe.fr%2Fsiege-auto-pebble-pro-i-size-G3511-1.html\" target=\"_blank\" rel=\"nofollow noopener noreferrer\">Pebble Pro i-Size<\/a>, <a href=\"https:\/\/action.metaffiliation.com\/trk.php?mclic=P4F9AB571995171&amp;redir=https%3A%2F%2Fwww.allobebe.fr%2Fsiege-auto-pearl-pro-i-size-G3459-1.html\" target=\"_blank\" rel=\"nofollow noopener noreferrer\">Pearl Pro i-Size<\/a> oraz <a href=\"https:\/\/action.metaffiliation.com\/trk.php?mclic=P4F9AB571995171&amp;redir=https%3A%2F%2Fwww.allobebe.fr%2Fsiege-auto-pearl-pro-2-i-size-authentic-graphite-groupe-1-aBC032160335.html\" target=\"_blank\" rel=\"nofollow noopener noreferrer\">Pearl Pro 2 i-Size<\/a> do u\u017cytku przez okres do 4 lat.<\/p>\n<p><iframe title=\"Jade Maxi-Cosi: Testsieger 2019\" width=\"788\" height=\"443\" src=\"https:\/\/www.youtube.com\/embed\/9i_YLymUnak?feature=oembed\" frameborder=\"0\" allow=\"accelerometer; autoplay; clipboard-write; encrypted-media; gyroscope; picture-in-picture\" allowfullscreen><\/iframe><br \/>\n<div id=\"tablepress-47-scroll-wrapper\" class=\"tablepress-scroll-wrapper\">\n\n<table id=\"tablepress-47\" class=\"tablepress tablepress-id-47 tablepress-responsive\">\n<tbody class=\"row-striping row-hover\">\n<tr class=\"row-1\">\n\t<td class=\"column-1\">Certyfikacja<\/td><td class=\"column-2\">R129 (i-Size)<\/td>\n<\/tr>\n<tr class=\"row-2\">\n\t<td class=\"column-1\">Rozmiar dziecka<\/td><td class=\"column-2\">Od 40 do 70 cm<\/td>\n<\/tr>\n<tr class=\"row-3\">\n\t<td class=\"column-1\">Wiek dziecka<\/td><td class=\"column-2\">Od urodzenia do oko\u0142o 8 miesi\u0119cy.<\/td>\n<\/tr>\n<tr class=\"row-4\">\n\t<td class=\"column-1\">Waga dziecka<\/td><td class=\"column-2\">9 kg maks.<\/td>\n<\/tr>\n<tr class=\"row-5\">\n\t<td class=\"column-1\">Monta\u017c fotelika samochodowego<\/td><td class=\"column-2\">Podstawa <a href=\"https:\/\/tracking.publicidees.com\/clic.php?progid=605&amp;partid=59883&amp;dpl=https%3A%2F%2Fwww.aubert.com%2Fp%2F10438235-35%2FEmbase-3WayFix-Noire-Bebe-Confort\" target=\"_blank\" rel=\"nofollow noopener noreferrer\"> 3wayFix<\/a><img loading=\"lazy\" decoding=\"async\" src=\"https:\/\/tracking.publicidees.com\/link.php?progid=605&amp;partid=59883\" height=\"1\" width=\"1\"> lub <a href=\"https:\/\/action.metaffiliation.com\/trk.php?mclic=P4F9AB571995171&amp;redir=https%3A%2F%2Fwww.allobebe.fr%2Fbase-familyfix-3-aBC031064289.html\" target=\"_blank\" rel=\"nofollow noopener noreferrer\">FamilyFix3<\/a> z rozp\u00f3rkami<\/td>\n<\/tr>\n<tr class=\"row-6\">\n\t<td class=\"column-1\">Urz\u0105dzenie przytrzymuj\u0105ce dla dzieci<\/td><td class=\"column-2\">3-punktowa uprz\u0105\u017c<\/td>\n<\/tr>\n<tr class=\"row-7\">\n\t<td class=\"column-1\"><a href=\"https:\/\/www.monsiegeautobebe.fr\/pl\/\">Fotelik samochodowy<\/a> obracanie<\/td><td class=\"column-2\"><center><img loading=\"lazy\" decoding=\"async\" src=\"https:\/\/monsiegeautobebe.fr\/wp-content\/uploads\/2019\/03\/icon-no.png\" alt=\"\" width=\"16\" height=\"16\" class=\"aligncenter size-full wp-image-693\" \/><\/center><\/td>\n<\/tr>\n<tr class=\"row-8\">\n\t<td class=\"column-1\">Pozycja siedz\u0105ca<\/td><td class=\"column-2\">Poprzeczny<\/td>\n<\/tr>\n<\/tbody>\n<\/table>\n\n<\/div><!-- #tablepress-47 from cache -->\n<p><center><a href=\"https:\/\/action.metaffiliation.com\/trk.php?mclic=P4F9AB571995171&amp;redir=https%3A%2F%2Fwww.allobebe.fr%2Fnacelle-i-size-jade-essential-graphite-aBC041117974.html\" class=\"sc-button sc-button-default sc-button-medium\" target=\"_blank\" rel=\"noopener\"><span>ZOBACZ NAJLEPSZ\u0104 CEN\u0118<br \/>\nB\u00c9B\u00c9 CONFORT JADE<\/span><\/a><\/center><\/p>\n<ul>\n<li>The <a href=\"https:\/\/www.monsiegeautobebe.fr\/pl\/najlepszy-fotelik-dla-niemowlaka\/\">Fotelik Dla Niemowlaka<\/a> (od urodzenia do oko\u0142o 18 miesi\u0119cy)<\/li>\n<\/ul>\n<p>W \u0142\u00f3\u017ceczku niemowl\u0119cym dziecko jest <strong>wygoda i ochrona<\/strong> jak ma\u0142y kokon. Jego nachylenie pozwala na <strong>zapobiega opadaniu g\u0142owy do przodu<\/strong> co mo\u017ce mie\u0107 miejsce w przypadku wi\u0119kszego fotelika samochodowego, kt\u00f3ry jest nieodpowiedni dla mniejszych dzieci. Skorupa jest \u015brodkiem <strong>najbezpieczniejszy <\/strong> dla bezpiecznej podr\u00f3\u017cy z dzieckiem <strong>od urodzenia do wieku 12, 15 lub 18 miesi\u0119cy<\/strong> w zale\u017cno\u015bci od <strong>model<\/strong> oraz <strong>morfologia<\/strong> dziecka.<\/p>\n<p><center><a href=\"https:\/\/www.monsiegeautobebe.fr\/pl\/comparatif-meilleures-coques-cosi-bebe\/\" class=\"sc-button sc-button-default sc-button-MEDIUM\"><span>ZOBACZ NASZ WYB\u00d3R NAJLEPSZYCH \u015aPIOSZK\u00d3W DLA NIEMOWL\u0104T<\/span><\/a><\/center><\/p>\n<ul>\n<li><em>B\u00e9b\u00e9 Confort Pebble Pro i-Size (z podstaw\u0105 lub bez)<\/em><\/li>\n<\/ul>\n<p><a href=\"https:\/\/monsiegeautobebe.fr\/wp-content\/uploads\/2019\/11\/bebe-confort-pebble-pro-i-size-3wayfix-resultat-crash-test-adac-2019.jpg\"><img loading=\"lazy\" decoding=\"async\" class=\"alignleft size-full wp-image-2991\" src=\"https:\/\/monsiegeautobebe.fr\/wp-content\/uploads\/2019\/11\/bebe-confort-pebble-pro-i-size-3wayfix-resultat-crash-test-adac-2019.jpg\" alt=\"Wynik testu zderzeniowego ADAC dla \u0142\u00f3\u017ceczka B\u00e9b\u00e9 Confort Pebble Pro i-Size\" width=\"250\" height=\"213\" srcset=\"https:\/\/www.monsiegeautobebe.fr\/wp-content\/uploads\/2019\/11\/bebe-confort-pebble-pro-i-size-3wayfix-resultat-crash-test-adac-2019.jpg 1000w, https:\/\/www.monsiegeautobebe.fr\/wp-content\/uploads\/2019\/11\/bebe-confort-pebble-pro-i-size-3wayfix-resultat-crash-test-adac-2019-600x510.jpg 600w, https:\/\/www.monsiegeautobebe.fr\/wp-content\/uploads\/2019\/11\/bebe-confort-pebble-pro-i-size-3wayfix-resultat-crash-test-adac-2019-300x255.jpg 300w, https:\/\/www.monsiegeautobebe.fr\/wp-content\/uploads\/2019\/11\/bebe-confort-pebble-pro-i-size-3wayfix-resultat-crash-test-adac-2019-768x653.jpg 768w\" sizes=\"(max-width: 250px) 100vw, 250px\" \/><\/a><br \/>\nZast\u0119puj\u0105c Pebble Plus i-Size, urz\u0105dzenie <strong>B\u00e9b\u00e9 Confort Pebble Pro i-Size<\/strong> jest przytulny zatwierdzony zgodnie z najnowszymi przepisami <strong>R129 (i-Size)<\/strong> do stosowania u niemowl\u0105t od <strong>45 do 75 cm<\/strong> (od urodzenia do oko\u0142o 15 miesi\u0119cy). Aby wygodnie powita\u0107 najm\u0142odszych, ma <strong>Wyjmowana wk\u0142adka dla noworodk\u00f3w<\/strong> oraz <strong>3-punktowa uprz\u0105\u017c<\/strong> \u0142atwa regulacja. W razie potrzeby mo\u017cna go zainstalowa\u0107 za pomoc\u0105 <strong>pas bezpiecze\u0144stwa<\/strong> pojazdu lub za po\u015brednictwem <strong>Punkty mocowania ISOFIX<\/strong> dzi\u0119ki bazom <a href=\"http:\/\/&lt;a href=\" target=\"_blank\" rel=\"nofollow noopener noreferrer\">3wayFix<\/a><img decoding=\"async\" src=\"https:\/\/tracking.publicidees.com\/link.php?progid=605&amp;partid=59883\" width=\"1\" height=\"1\" \/> oraz <a href=\"https:\/\/amzn.to\/3ivwuj3\" target=\"_blank\" rel=\"nofollow noopener noreferrer\">FamilyFix One<\/a> co dodatkowo zmniejsza ryzyko nieprawid\u0142owej instalacji. Te dwie podstawy mog\u0105 by\u0107 r\u00f3wnie\u017c u\u017cywane do monta\u017cu gondoli <a href=\"https:\/\/action.metaffiliation.com\/trk.php?mclic=P4F9AB571995171&amp;redir=https%3A%2F%2Fwww.allobebe.fr%2Fnacelle-i-size-jade-essential-graphite-aBC041117974.html\" target=\"_blank\" rel=\"nofollow noopener noreferrer\">Jadeit<\/a> lub foteliki samochodowe <a href=\"https:\/\/action.metaffiliation.com\/trk.php?mclic=P4F9AB571995171&amp;redir=https%3A%2F%2Fwww.allobebe.fr%2Fsiege-auto-pearl-pro-2-i-size-authentic-graphite-groupe-1-aBC032160335.html\" target=\"_blank\" rel=\"nofollow noopener noreferrer\">Pearl Pro 2 i-Size<\/a>, <a href=\"https:\/\/action.metaffiliation.com\/trk.php?mclic=P4F9AB571995171&amp;redir=https%3A%2F%2Fwww.allobebe.fr%2Fsiege-auto-pearl-pro-i-size-G3459-1.html\" target=\"_blank\" rel=\"nofollow noopener noreferrer\">Pearl Pro i-Size<\/a>, <a href=\"https:\/\/amzn.to\/2D6yb6k\" target=\"_blank\" rel=\"nofollow noopener noreferrer\">Pearl Smart i-Size<\/a> oraz <a href=\"https:\/\/amzn.to\/3gmmxmi\" target=\"_blank\" rel=\"nofollow noopener noreferrer\">Pearl One i-Size<\/a>.<\/p>\n<div id=\"tablepress-52-scroll-wrapper\" class=\"tablepress-scroll-wrapper\">\n\n<table id=\"tablepress-52\" class=\"tablepress tablepress-id-52 tablepress-responsive\">\n<tbody class=\"row-striping row-hover\">\n<tr class=\"row-1\">\n\t<td class=\"column-1\">Certyfikacja<\/td><td class=\"column-2\">R129 (i-Size)<\/td>\n<\/tr>\n<tr class=\"row-2\">\n\t<td class=\"column-1\">Rozmiar dziecka<\/td><td class=\"column-2\">Od 40 do 85 cm<\/td>\n<\/tr>\n<tr class=\"row-3\">\n\t<td class=\"column-1\">Wiek dziecka<\/td><td class=\"column-2\">Od urodzenia do oko\u0142o 18 miesi\u0119cy.<\/td>\n<\/tr>\n<tr class=\"row-4\">\n\t<td class=\"column-1\">Waga dziecka<\/td><td class=\"column-2\">13 kg maks.<\/td>\n<\/tr>\n<tr class=\"row-5\">\n\t<td class=\"column-1\">Monta\u017c fotelika samochodowego<\/td><td class=\"column-2\">Pasy bezpiecze\u0144stwa lub podstawy <a href=\"https:\/\/tracking.publicidees.com\/clic.php?progid=605&amp;partid=59883&amp;dpl=https%3A%2F%2Fwww.aubert.com%2Fp%2F10438235-35%2FEmbase-3WayFix-Noire-Bebe-Confort\" target=\"_blank\" rel=\"nofollow noopener noreferrer\"> 3wayFix<\/a><img loading=\"lazy\" decoding=\"async\" src=\"https:\/\/tracking.publicidees.com\/link.php?progid=605&amp;partid=59883\" height=\"1\" width=\"1\"> oraz <a href=\"https:\/\/amzn.to\/3ivwuj3\" target=\"_blank\" rel=\"nofollow noopener noreferrer\">FamilyFix One<\/a> z rozp\u00f3rkami<\/td>\n<\/tr>\n<tr class=\"row-6\">\n\t<td class=\"column-1\">Urz\u0105dzenie przytrzymuj\u0105ce dla dzieci<\/td><td class=\"column-2\">3-punktowa uprz\u0105\u017c<\/td>\n<\/tr>\n<tr class=\"row-7\">\n\t<td class=\"column-1\">Obrotowy fotelik samochodowy<\/td><td class=\"column-2\"><center><img loading=\"lazy\" decoding=\"async\" src=\"https:\/\/monsiegeautobebe.fr\/wp-content\/uploads\/2019\/03\/icon-no.png\" alt=\"\" width=\"16\" height=\"16\" class=\"aligncenter size-full wp-image-693\" \/><\/center><\/td>\n<\/tr>\n<tr class=\"row-8\">\n\t<td class=\"column-1\">Pozycja siedz\u0105ca<\/td><td class=\"column-2\">Powr\u00f3t na drog\u0119<\/td>\n<\/tr>\n<\/tbody>\n<\/table>\n\n<\/div><!-- #tablepress-52 from cache --><p><center><a href=\"https:\/\/action.metaffiliation.com\/trk.php?mclic=P4F9AB571995171&amp;redir=https%3A%2F%2Fwww.allobebe.fr%2Fsiege-auto-pebble-pro-i-size-essential-black-aBC031155225.html\" class=\"sc-button sc-button-default sc-button-medium\" target=\"_blank\" rel=\"noopener\"><span>ZOBACZ NAJLEPSZ\u0104 CEN\u0118<br \/>\nCOMFORT BABY PEBBLE PRO I-SIZE<\/span><\/a><\/center><\/p>\n<ul>\n<li><em>Peg Perego Primo Viaggio i-Size (z podstaw\u0105)<\/em><\/li>\n<\/ul>\n<p><a href=\"https:\/\/monsiegeautobebe.fr\/wp-content\/uploads\/2019\/11\/peg-perego-primo-viaggio-i-size-resultat-crash-test-adac-2019.jpg\"><img loading=\"lazy\" decoding=\"async\" class=\"alignleft size-full wp-image-2992\" src=\"https:\/\/monsiegeautobebe.fr\/wp-content\/uploads\/2019\/11\/peg-perego-primo-viaggio-i-size-resultat-crash-test-adac-2019.jpg\" alt=\"Wyniki test\u00f3w zderzeniowych ADAC dla noside\u0142ka Peg Perego Primo Viaggio i-Size\" width=\"250\" height=\"213\" srcset=\"https:\/\/www.monsiegeautobebe.fr\/wp-content\/uploads\/2019\/11\/peg-perego-primo-viaggio-i-size-resultat-crash-test-adac-2019.jpg 1000w, https:\/\/www.monsiegeautobebe.fr\/wp-content\/uploads\/2019\/11\/peg-perego-primo-viaggio-i-size-resultat-crash-test-adac-2019-600x510.jpg 600w, https:\/\/www.monsiegeautobebe.fr\/wp-content\/uploads\/2019\/11\/peg-perego-primo-viaggio-i-size-resultat-crash-test-adac-2019-300x255.jpg 300w, https:\/\/www.monsiegeautobebe.fr\/wp-content\/uploads\/2019\/11\/peg-perego-primo-viaggio-i-size-resultat-crash-test-adac-2019-768x653.jpg 768w\" sizes=\"(max-width: 250px) 100vw, 250px\" \/><\/a>Le <strong>Primo Viaggio i-Size<\/strong> to fotelik zatwierdzony zgodnie z najnowsz\u0105 norm\u0105 europejsk\u0105 <strong>R129 (i-Size)<\/strong> kt\u00f3ra pozwala dzieciom podr\u00f3\u017cowa\u0107 ty\u0142em do drogi z <strong>40 do 83 cm<\/strong> (od urodzenia do oko\u0142o 18 miesi\u0119cy). Aby zagwarantowa\u0107 dziecku komfort i bezpiecze\u0144stwo, model ten jest wyposa\u017cony w <strong>reduktor dla noworodk\u00f3w<\/strong>z <strong>r\u00f3\u017cne rodzaje ochrony<\/strong> w przypadku uderzenia i <strong>regulowany zag\u0142\u00f3wek<\/strong>. Primo Viaggio mo\u017cna zainstalowa\u0107 za pomoc\u0105 <strong>pas bezpiecze\u0144stwa<\/strong> pojazdu lub jego <a href=\"https:\/\/action.metaffiliation.com\/trk.php?mclic=P494DD5719952191&amp;redir=https%3A%2F%2Fwww.roseoubleu.fr%2Fpeg-perego-base-i-size-pour-siege-auto-cosi-2019-a263308.html\" target=\"_blank\" rel=\"nofollow noopener noreferrer\">Podstawa i-Size<\/a>. Baza ta jest r\u00f3wnie\u017c kompatybilna z fotelikiem wy\u017cszej kategorii, tj. <a href=\"https:\/\/action.metaffiliation.com\/trk.php?mclic=P494DD5719952191&amp;redir=https%3A%2F%2Fwww.roseoubleu.fr%2Fpeg-perego-siege-auto-viaggio-ff105-ebony-2020-a262711.html\" target=\"_blank\" rel=\"nofollow noopener noreferrer\">Peg Perego Viaggio FF105<\/a> (od 71 do 105 cm), towarzysz\u0105cy dzieciom od urodzenia do oko\u0142o 4 lat.<br \/>\n<div id=\"tablepress-48-scroll-wrapper\" class=\"tablepress-scroll-wrapper\">\n\n<table id=\"tablepress-48\" class=\"tablepress tablepress-id-48 tablepress-responsive\">\n<tbody class=\"row-striping row-hover\">\n<tr class=\"row-1\">\n\t<td class=\"column-1\">Certyfikacja<\/td><td class=\"column-2\">R129 (i-Size)<\/td>\n<\/tr>\n<tr class=\"row-2\">\n\t<td class=\"column-1\">Rozmiar dziecka<\/td><td class=\"column-2\">Od 40 do 83 cm<\/td>\n<\/tr>\n<tr class=\"row-3\">\n\t<td class=\"column-1\">Waga dziecka<\/td><td class=\"column-2\">13 kg maks.<\/td>\n<\/tr>\n<tr class=\"row-4\">\n\t<td class=\"column-1\">Wiek dziecka<\/td><td class=\"column-2\">Od urodzenia do oko\u0142o 15 miesi\u0119cy.<\/td>\n<\/tr>\n<tr class=\"row-5\">\n\t<td class=\"column-1\">Monta\u017c fotelika samochodowego<\/td><td class=\"column-2\">Pas bezpiecze\u0144stwa lub podstawa <a href=\"https:\/\/action.metaffiliation.com\/trk.php?mclic=P494DD5719952191&amp;redir=https%3A%2F%2Fwww.roseoubleu.fr%2Fpeg-perego-base-i-size-pour-siege-auto-cosi-2019-a263308.html\" target=\"_blank\" rel=\"nofollow noopener noreferrer\">i-Size Base<\/a> z rozp\u00f3rk\u0105<\/td>\n<\/tr>\n<tr class=\"row-6\">\n\t<td class=\"column-1\">Urz\u0105dzenie przytrzymuj\u0105ce dla dzieci<\/td><td class=\"column-2\">3-punktowa uprz\u0105\u017c<\/td>\n<\/tr>\n<tr class=\"row-7\">\n\t<td class=\"column-1\">Obrotowy fotelik samochodowy<\/td><td class=\"column-2\"><center><img loading=\"lazy\" decoding=\"async\" src=\"https:\/\/monsiegeautobebe.fr\/wp-content\/uploads\/2019\/03\/icon-no.png\" alt=\"\" width=\"16\" height=\"16\" class=\"aligncenter size-full wp-image-693\" \/><\/center><\/td>\n<\/tr>\n<tr class=\"row-8\">\n\t<td class=\"column-1\">Pozycja siedz\u0105ca<\/td><td class=\"column-2\">Powr\u00f3t na drog\u0119<\/td>\n<\/tr>\n<\/tbody>\n<\/table>\n\n<\/div><!-- #tablepress-48 from cache -->\n<p><center><a href=\"https:\/\/action.metaffiliation.com\/trk.php?mclic=P4F9AB571995171&amp;redir=https%3A%2F%2Fwww.allobebe.fr%2Fsa-primo-viaggio-base-i-size-G3378-1.html\" class=\"sc-button sc-button-default sc-button-medium\" target=\"_blank\" rel=\"noopener\"><span>ZOBACZ NAJLEPSZ\u0104 CEN\u0118<br \/>\nPEG PEREGO PRIMO VIAGGIO I-SIZE<\/span><\/a><\/center><\/p>\n<ul>\n<li><em>Cybex Cloud Z i-Size (z podstaw\u0105 lub bez)<\/em><\/li>\n<\/ul>\n<p><a href=\"https:\/\/monsiegeautobebe.fr\/wp-content\/uploads\/2019\/11\/cybex-cloud-z-i-size-resultat-crash-test-adac-2019.jpg\"><img loading=\"lazy\" decoding=\"async\" class=\"alignleft size-full wp-image-2995\" src=\"https:\/\/monsiegeautobebe.fr\/wp-content\/uploads\/2019\/11\/cybex-cloud-z-i-size-resultat-crash-test-adac-2019.jpg\" alt=\"Wyniki test\u00f3w zderzeniowych ADAC dla fotelika Cybex Cloud Z i-Size\" width=\"250\" height=\"213\" srcset=\"https:\/\/www.monsiegeautobebe.fr\/wp-content\/uploads\/2019\/11\/cybex-cloud-z-i-size-resultat-crash-test-adac-2019.jpg 1000w, https:\/\/www.monsiegeautobebe.fr\/wp-content\/uploads\/2019\/11\/cybex-cloud-z-i-size-resultat-crash-test-adac-2019-600x510.jpg 600w, https:\/\/www.monsiegeautobebe.fr\/wp-content\/uploads\/2019\/11\/cybex-cloud-z-i-size-resultat-crash-test-adac-2019-300x255.jpg 300w, https:\/\/www.monsiegeautobebe.fr\/wp-content\/uploads\/2019\/11\/cybex-cloud-z-i-size-resultat-crash-test-adac-2019-768x653.jpg 768w\" sizes=\"(max-width: 250px) 100vw, 250px\" \/><\/a><br \/>\nNast\u0119pca <strong>Cloud Q<\/strong>w <a href=\"https:\/\/www.monsiegeautobebe.fr\/pl\/test-avis-cosy-cybex-cloud-z-i-size\/\" target=\"_blank\" rel=\"noopener\">Cybex Cloud Z i-Size<\/a> jest zgodny z <strong>Europejskie przepisy R129 (i-Size)<\/strong> do u\u017cytku ty\u0142em do kierunku jazdy <strong>45 do 87 cm<\/strong> (od urodzenia do oko\u0142o 18 miesi\u0119cy). Dla zapewnienia optymalnego bezpiecze\u0144stwa fotelik jest wyposa\u017cony w <strong>system ochrony przed zderzeniem bocznym (LSP)<\/strong> i pow\u0142ok\u0119 poch\u0142aniaj\u0105c\u0105 energi\u0119. Do u\u017cytku poza pojazdem <strong>Cloud Z<\/strong> ma charakterystyczn\u0105 cech\u0119 polegaj\u0105c\u0105 na mo\u017cliwo\u015bci przyj\u0119cia <strong>ergonomiczna pozycja le\u017c\u0105ca<\/strong> podobny do gondoli. Dzi\u0119ki temu dziecko mo\u017ce wygodnie spa\u0107 lub i\u015b\u0107 na spacer. W <strong>Cloud Z i-Size<\/strong> jest instalowany przy u\u017cyciu <a href=\"https:\/\/action.metaffiliation.com\/trk.php?mclic=P4F9AB571995171&amp;redir=https%3A%2F%2Fwww.allobebe.fr%2Fbase-z-black-aCY030953831.html\" target=\"_blank\" rel=\"nofollow noopener noreferrer\">Baza Z<\/a> lub <strong>pas bezpiecze\u0144stwa.<\/strong> Po zainstalowaniu na <strong>Baza Z<\/strong>centrala mo\u017ce <strong>obr\u00f3t o 180<\/strong>. Mo\u017cna go skierowa\u0107 w stron\u0119 drzwi samochodu, aby u\u0142atwi\u0107 wk\u0142adanie dziecka do samochodu. Cz\u0119\u015b\u0107 <strong>systemu modu\u0142owego Z-Line<\/strong> od Cybex <strong>Baza Z<\/strong> jest r\u00f3wnie\u017c kompatybilny z <a href=\"https:\/\/www.monsiegeautobebe.fr\/pl\/comparatif-sieges-auto-bebe-cybex-sirona\/\" target=\"_blank\" rel=\"noopener noreferrer\">Sirona Z i-Size i Sirona Z R i-Size<\/a> zapewnienie bezpiecze\u0144stwa dzieciom <strong>od urodzenia do 105 cm<\/strong> (do oko\u0142o 4 lat).<br \/>\n<div id=\"tablepress-49-scroll-wrapper\" class=\"tablepress-scroll-wrapper\">\n\n<table id=\"tablepress-49\" class=\"tablepress tablepress-id-49 tablepress-responsive\">\n<tbody class=\"row-striping row-hover\">\n<tr class=\"row-1\">\n\t<td class=\"column-1\">Certyfikacja<\/td><td class=\"column-2\">R129 (i-Size)<\/td>\n<\/tr>\n<tr class=\"row-2\">\n\t<td class=\"column-1\">Rozmiar dziecka<\/td><td class=\"column-2\">Od 45 do 87 cm<\/td>\n<\/tr>\n<tr class=\"row-3\">\n\t<td class=\"column-1\">Wiek dziecka<\/td><td class=\"column-2\">Od urodzenia do oko\u0142o 18 miesi\u0119cy.<\/td>\n<\/tr>\n<tr class=\"row-4\">\n\t<td class=\"column-1\">Waga dziecka<\/td><td class=\"column-2\">13 kg maks.<\/td>\n<\/tr>\n<tr class=\"row-5\">\n\t<td class=\"column-1\">Monta\u017c fotelika samochodowego<\/td><td class=\"column-2\">Pas bezpiecze\u0144stwa lub <a href=\"https:\/\/action.metaffiliation.com\/trk.php?mclic=P4F9AB571995171&amp;redir=https%3A%2F%2Fwww.allobebe.fr%2Fbase-z-black-aCY030953831.html\" target=\"_blank\" rel=\"nofollow noopener noreferrer\">Baza Z<\/a> z rozp\u00f3rk\u0105<\/td>\n<\/tr>\n<tr class=\"row-6\">\n\t<td class=\"column-1\">Urz\u0105dzenie przytrzymuj\u0105ce dla dzieci<\/td><td class=\"column-2\">3-punktowa uprz\u0105\u017c<\/td>\n<\/tr>\n<tr class=\"row-7\">\n\t<td class=\"column-1\">Obrotowy fotelik samochodowy<\/td><td class=\"column-2\"><center><img loading=\"lazy\" decoding=\"async\" src=\"https:\/\/monsiegeautobebe.fr\/wp-content\/uploads\/2019\/03\/icon-yes.png\" alt=\"\" width=\"16\" height=\"16\" class=\"aligncenter size-full wp-image-693\" \/>(tylko z baz\u0105 Z)<\/center><\/td>\n<\/tr>\n<tr class=\"row-8\">\n\t<td class=\"column-1\">Pozycja siedz\u0105ca<\/td><td class=\"column-2\">Powr\u00f3t na drog\u0119<\/td>\n<\/tr>\n<\/tbody>\n<\/table>\n\n<\/div><!-- #tablepress-49 from cache -->\n<p><center><a href=\"https:\/\/action.metaffiliation.com\/trk.php?mclic=P4F9AB571995171&amp;redir=https%3A%2F%2Fwww.allobebe.fr%2Fsiege-auto-cloud-z-i-size-autumn-goldburnt-red-groupe-0-aCY031129040.html\" class=\"sc-button sc-button-default sc-button-medium\" target=\"_blank\" rel=\"noopener\"><span>ZOBACZ NAJLEPSZ\u0104 CEN\u0118<br \/>\nCYBEX CLOUD Z I-SIZE<\/span><\/a><\/center><\/p>\n<ul>\n<li>Foteliki samochodowe dla dzieci (od urodzenia do ok. 4 lat)<\/li>\n<\/ul>\n<p>Pozycja ty\u0142em do kierunku jazdy jest najlepszym sposobem ochrony dziecka. <strong>szyja<\/strong> oraz <strong>szyjki macicy<\/strong> dziecka w przypadku kolizji. Zalecamy <strong>trzyma\u0107 dziecko jak najd\u0142u\u017cej odwr\u00f3cone ty\u0142em do drogi<\/strong> poniewa\u017c zapobiega to gwa\u0142townemu uszkodzeniu g\u0142owy, kt\u00f3ra jest proporcjonalnie ci\u0119\u017csza. <strong>Przewidywana przysz\u0142o\u015b\u0107<\/strong> w przypadku uderzenia, kt\u00f3re mo\u017ce spowodowa\u0107 powa\u017cne obra\u017cenia. W przypadku <strong>wi\u0119kszo\u015b\u0107 fotelik\u00f3w samochodowych<\/strong> aby utrzyma\u0107 dziecko ty\u0142em do drogi <strong>do 4 roku \u017cycia<\/strong> lub nawet wi\u0119cej w przypadku niekt\u00f3rych modeli.<\/p>\n<p><center><a href=\"https:\/\/www.monsiegeautobebe.fr\/pl\/najlepszy-fotelik-tylem-do-kierunku-jazdy\/\" class=\"sc-button sc-button-default sc-button-medium\"><span>ZOBACZ NASZ WYB\u00d3R NAJLEPSZYCH FOTELIK\u00d3W SAMOCHODOWYCH MONTOWANYCH TY\u0141EM DO KIERUNKU JAZDY<\/span><\/a><\/center><\/p>\n<ul>\n<li><em>Cybex Sirona Z i-Size (z podstaw\u0105)<\/em><\/li>\n<\/ul>\n<p><a href=\"https:\/\/monsiegeautobebe.fr\/wp-content\/uploads\/2019\/11\/cybex-sirona-z-i-size-resultat-crash-test-adac-2019.jpg\"><img loading=\"lazy\" decoding=\"async\" class=\"alignleft size-full wp-image-2994\" src=\"https:\/\/monsiegeautobebe.fr\/wp-content\/uploads\/2019\/11\/cybex-sirona-z-i-size-resultat-crash-test-adac-2019.jpg\" alt=\"Wyniki test\u00f3w zderzeniowych ADAC dla Cybex Sirona Z i-Size\" width=\"250\" height=\"213\" srcset=\"https:\/\/www.monsiegeautobebe.fr\/wp-content\/uploads\/2019\/11\/cybex-sirona-z-i-size-resultat-crash-test-adac-2019.jpg 1000w, https:\/\/www.monsiegeautobebe.fr\/wp-content\/uploads\/2019\/11\/cybex-sirona-z-i-size-resultat-crash-test-adac-2019-600x510.jpg 600w, https:\/\/www.monsiegeautobebe.fr\/wp-content\/uploads\/2019\/11\/cybex-sirona-z-i-size-resultat-crash-test-adac-2019-300x255.jpg 300w, https:\/\/www.monsiegeautobebe.fr\/wp-content\/uploads\/2019\/11\/cybex-sirona-z-i-size-resultat-crash-test-adac-2019-768x653.jpg 768w\" sizes=\"(max-width: 250px) 100vw, 250px\" \/><\/a><\/p>\n<p>Le <a href=\"https:\/\/www.monsiegeautobebe.fr\/pl\/comparatif-sieges-auto-bebe-cybex-sirona\/\" target=\"_blank\" rel=\"noopener noreferrer\">Sirona Z i-Size<\/a> jest zatwierdzonym fotelikiem samochodowym <strong>R129 (i-Size)<\/strong> przeznaczony dla dzieci od <strong>45 do 105 cm<\/strong> (od urodzenia do oko\u0142o 4 lat). Wizyta <strong>Sirona Z i-Size<\/strong> musi by\u0107 zainstalowany na <strong>Baza Z<\/strong>. Jest cz\u0119\u015bci\u0105 modu\u0142owego systemu Z-Line kompatybilnego z <strong>Cloud Z i-Size<\/strong> lub <strong>Sirona Z R i-Size<\/strong>. La <a href=\"https:\/\/action.metaffiliation.com\/trk.php?mclic=P4F9AB571995171&amp;redir=https%3A%2F%2Fwww.allobebe.fr%2Fbase-z-black-aCY030953831.html\" target=\"_blank\" rel=\"nofollow noopener noreferrer\">Baza Z <\/a>umo\u017cliwia <strong>obr\u00f3t fotela o 360<\/strong> do \u0142atwego umieszczania dzieci w poje\u017adzie, ale tak\u017ce do prze\u0142\u0105czania si\u0119 z <strong>powr\u00f3t na drog\u0119<\/strong> do pozycji <strong>w kierunku drogi<\/strong> w ci\u0105gu kilku sekund. The <strong>ochrona przed uderzeniami bocznymi<\/strong> (LSP) <strong>redukcja energii<\/strong> a r\u00f3\u017cne regulacje fotela zapewniaj\u0105 doskona\u0142y komfort, a tak\u017ce zwi\u0119kszone bezpiecze\u0144stwo w przypadku uderzenia. Dla bardziej zaawansowanych technicznie <strong>Sirona Z i-Size<\/strong> jest kompatybilny z <strong>Pod\u0142\u0105czony czujnik SensorSafe<\/strong>. Po przymocowaniu do uprz\u0119\u017cy fotelika czujnik umo\u017cliwia <strong>ostrzec kierowc\u0119<\/strong> w przypadku zagro\u017cenia dla dziecka.<br \/>\n<div id=\"tablepress-50-scroll-wrapper\" class=\"tablepress-scroll-wrapper\">\n\n<table id=\"tablepress-50\" class=\"tablepress tablepress-id-50 tablepress-responsive\">\n<tbody class=\"row-striping row-hover\">\n<tr class=\"row-1\">\n\t<td class=\"column-1\">Certyfikacja<\/td><td class=\"column-2\">R129 (i-Size)<\/td>\n<\/tr>\n<tr class=\"row-2\">\n\t<td class=\"column-1\">Rozmiar dziecka<\/td><td class=\"column-2\">Od 45 do 105 cm<\/td>\n<\/tr>\n<tr class=\"row-3\">\n\t<td class=\"column-1\">Wiek dziecka<\/td><td class=\"column-2\">Od miesi\u0105ca urodzenia do ok. 4 lat.<\/td>\n<\/tr>\n<tr class=\"row-4\">\n\t<td class=\"column-1\">Waga dziecka<\/td><td class=\"column-2\">18 kg maks.<\/td>\n<\/tr>\n<tr class=\"row-5\">\n\t<td class=\"column-1\">Monta\u017c fotelika samochodowego<\/td><td class=\"column-2\"><a href=\"https:\/\/action.metaffiliation.com\/trk.php?mclic=P4F9AB571995171&amp;redir=https%3A%2F%2Fwww.allobebe.fr%2Fbase-z-black-aCY030953831.html\" target=\"_blank\" rel=\"nofollow noopener noreferrer\">Baza Z<\/a> z rozp\u00f3rk\u0105<\/td>\n<\/tr>\n<tr class=\"row-6\">\n\t<td class=\"column-1\">Urz\u0105dzenie przytrzymuj\u0105ce dla dzieci<\/td><td class=\"column-2\">5-punktowe pasy bezpiecze\u0144stwa<\/td>\n<\/tr>\n<tr class=\"row-7\">\n\t<td class=\"column-1\">Obrotowy fotelik samochodowy<\/td><td class=\"column-2\"><center><img loading=\"lazy\" decoding=\"async\" src=\"https:\/\/monsiegeautobebe.fr\/wp-content\/uploads\/2019\/03\/icon-yes.png\" alt=\"\" width=\"16\" height=\"16\" class=\"aligncenter size-full wp-image-693\" \/><\/center><\/td>\n<\/tr>\n<tr class=\"row-8\">\n\t<td class=\"column-1\">Reduktor dla noworodk\u00f3w<\/td><td class=\"column-2\"><center><img loading=\"lazy\" decoding=\"async\" src=\"https:\/\/monsiegeautobebe.fr\/wp-content\/uploads\/2019\/03\/icon-no.png\" alt=\"\" width=\"16\" height=\"16\" class=\"aligncenter size-full wp-image-693\" \/><\/center><\/td>\n<\/tr>\n<tr class=\"row-9\">\n\t<td class=\"column-1\">Pozycja siedz\u0105ca<\/td><td class=\"column-2\">Grzbiet szosowy (od 45 do 105 cm)<br \/>\nPobocze drogi (od 76 do 105 cm)<\/td>\n<\/tr>\n<\/tbody>\n<\/table>\n\n<\/div><!-- #tablepress-50 from cache -->\n<p><center><a href=\"https:\/\/action.metaffiliation.com\/trk.php?mclic=P4F9AB571995171&amp;redir=https%3A%2F%2Fwww.allobebe.fr%2Fsiege-auto-sirona-z-G3402-1.html\" class=\"sc-button sc-button-default sc-button-medium\" target=\"_blank\" rel=\"noopener\"><span>ZOBACZ NAJLEPSZ\u0104 CEN\u0118<br \/>\nCYBEX SIRONA Z I-SIZE<\/span><\/a><\/center><\/p>\n<ul>\n<li><em>Cybex Sirona Z R i-Size (z podstaw\u0105)<\/em><\/li>\n<\/ul>\n<p><a href=\"https:\/\/monsiegeautobebe.fr\/wp-content\/uploads\/2019\/11\/cybex-sirona-z-r-i-size-resultat-crash-test-adac-2019.jpg\"><img loading=\"lazy\" decoding=\"async\" class=\"alignleft size-full wp-image-2993\" src=\"https:\/\/monsiegeautobebe.fr\/wp-content\/uploads\/2019\/11\/cybex-sirona-z-r-i-size-resultat-crash-test-adac-2019.jpg\" alt=\"Wyniki test\u00f3w zderzeniowych ADAC dla Cybex Sirona Z R i-Size\" width=\"250\" height=\"213\" srcset=\"https:\/\/www.monsiegeautobebe.fr\/wp-content\/uploads\/2019\/11\/cybex-sirona-z-r-i-size-resultat-crash-test-adac-2019.jpg 1000w, https:\/\/www.monsiegeautobebe.fr\/wp-content\/uploads\/2019\/11\/cybex-sirona-z-r-i-size-resultat-crash-test-adac-2019-600x510.jpg 600w, https:\/\/www.monsiegeautobebe.fr\/wp-content\/uploads\/2019\/11\/cybex-sirona-z-r-i-size-resultat-crash-test-adac-2019-300x255.jpg 300w, https:\/\/www.monsiegeautobebe.fr\/wp-content\/uploads\/2019\/11\/cybex-sirona-z-r-i-size-resultat-crash-test-adac-2019-768x653.jpg 768w\" sizes=\"(max-width: 250px) 100vw, 250px\" \/><\/a><br \/>\nLe <a href=\"https:\/\/www.monsiegeautobebe.fr\/pl\/comparatif-sieges-auto-bebe-cybex-sirona\/\" target=\"_blank\" rel=\"noopener noreferrer\">Sirona Z R i-Size<\/a> jest kopi\u0105 <strong>Sirona Z<\/strong> z jednym wyj\u0105tkiem, <strong>mo\u017ce by\u0107 u\u017cywany tylko w pozycji ty\u0142em do kierunku jazdy<\/strong>. Jest to jeden z powod\u00f3w, dla kt\u00f3rych <a href=\"https:\/\/www.monsiegeautobebe.fr\/pl\/plus-test-suedois-pour-la-securite-des-sieges-auto-bebe\/\" target=\"_blank\" rel=\"noopener noreferrer\">by\u0142 w stanie uzyska\u0107 bardzo trudny Plus Test Su\u00e9dois<\/a>. Wiele wbudowanych funkcji bezpiecze\u0144stwa i <strong>Obr\u00f3t o 180<\/strong> do drzwi pojazdu, co znacznie u\u0142atwia codzienne u\u017cytkowanie. W zestawie <strong>Sirona Z R i-Size<\/strong> mo\u017cna zainstalowa\u0107 tylko w samochodzie z <a href=\"https:\/\/action.metaffiliation.com\/trk.php?mclic=P4F9AB571995171&amp;redir=https%3A%2F%2Fwww.allobebe.fr%2Fbase-z-black-aCY030953831.html\" target=\"_blank\" rel=\"nofollow noopener noreferrer\">Baza Z<\/a> kompatybilny r\u00f3wnie\u017c z muszl\u0105 niemowl\u0119c\u0105 Cloud Z i-Size lub Sirona Z i-Size.<br \/>\n<div id=\"tablepress-51-scroll-wrapper\" class=\"tablepress-scroll-wrapper\">\n\n<table id=\"tablepress-51\" class=\"tablepress tablepress-id-51 tablepress-responsive\">\n<tbody class=\"row-striping row-hover\">\n<tr class=\"row-1\">\n\t<td class=\"column-1\">Certyfikacja<\/td><td class=\"column-2\">R129 (i-Size)<\/td>\n<\/tr>\n<tr class=\"row-2\">\n\t<td class=\"column-1\">Rozmiar dziecka<\/td><td class=\"column-2\">Od 45 do 105 cm<\/td>\n<\/tr>\n<tr class=\"row-3\">\n\t<td class=\"column-1\">Wiek dziecka<\/td><td class=\"column-2\">Od urodzenia do 4 lat ok.<\/td>\n<\/tr>\n<tr class=\"row-4\">\n\t<td class=\"column-1\">Waga dziecka<\/td><td class=\"column-2\">18 kg maks.<\/td>\n<\/tr>\n<tr class=\"row-5\">\n\t<td class=\"column-1\">Monta\u017c fotelika samochodowego<\/td><td class=\"column-2\"><a href=\"https:\/\/action.metaffiliation.com\/trk.php?mclic=P4F9AB571995171&amp;redir=https%3A%2F%2Fwww.allobebe.fr%2Fbase-z-black-aCY030953831.html\" target=\"_blank\" rel=\"nofollow noopener noreferrer\">Baza Z<\/a> z rozp\u00f3rk\u0105<\/td>\n<\/tr>\n<tr class=\"row-6\">\n\t<td class=\"column-1\">Urz\u0105dzenie przytrzymuj\u0105ce dla dzieci<\/td><td class=\"column-2\">5-punktowe pasy bezpiecze\u0144stwa<\/td>\n<\/tr>\n<tr class=\"row-7\">\n\t<td class=\"column-1\">Obrotowy fotelik samochodowy<\/td><td class=\"column-2\"><center><img loading=\"lazy\" decoding=\"async\" src=\"https:\/\/monsiegeautobebe.fr\/wp-content\/uploads\/2019\/03\/icon-yes.png\" alt=\"\" width=\"16\" height=\"16\" class=\"aligncenter size-full wp-image-693\" \/><\/center><\/td>\n<\/tr>\n<tr class=\"row-8\">\n\t<td class=\"column-1\">Reduktor dla noworodk\u00f3w<\/td><td class=\"column-2\"><center><img loading=\"lazy\" decoding=\"async\" src=\"https:\/\/monsiegeautobebe.fr\/wp-content\/uploads\/2019\/03\/icon-no.png\" alt=\"\" width=\"16\" height=\"16\" class=\"aligncenter size-full wp-image-693\" \/><\/center><\/td>\n<\/tr>\n<tr class=\"row-9\">\n\t<td class=\"column-1\">Pozycja siedz\u0105ca<\/td><td class=\"column-2\">Powr\u00f3t na drog\u0119<\/td>\n<\/tr>\n<\/tbody>\n<\/table>\n\n<\/div><!-- #tablepress-51 from cache -->\n<p><center><a href=\"https:\/\/www.uberkids.com\/eu\/cybex-sirona-z-r-i-size-car-seat-2009648\/\" class=\"sc-button sc-button-default sc-button-medium\" target=\"_blank\" rel=\"noopener\"><span>ZOBACZ NAJLEPSZ\u0104 CEN\u0118<br \/>\nCYBEX SIRONA Z R I-SIZE<\/span><\/a><\/center><\/p>\n<ul>\n<li><em>Nuna Norr<\/em><\/li>\n<\/ul>\n<p>&nbsp;<\/p>\n<p><a href=\"https:\/\/monsiegeautobebe.fr\/wp-content\/uploads\/2019\/11\/nuna-norr-resultat-crash-test-adac-2019.jpg\"><img loading=\"lazy\" decoding=\"async\" class=\"alignleft size-full wp-image-3016\" src=\"https:\/\/monsiegeautobebe.fr\/wp-content\/uploads\/2019\/11\/nuna-norr-resultat-crash-test-adac-2019.jpg\" alt=\"Wyniki test\u00f3w zderzeniowych ADAC dla Nuna Norr\" width=\"250\" height=\"213\" srcset=\"https:\/\/www.monsiegeautobebe.fr\/wp-content\/uploads\/2019\/11\/nuna-norr-resultat-crash-test-adac-2019.jpg 1000w, https:\/\/www.monsiegeautobebe.fr\/wp-content\/uploads\/2019\/11\/nuna-norr-resultat-crash-test-adac-2019-600x510.jpg 600w, https:\/\/www.monsiegeautobebe.fr\/wp-content\/uploads\/2019\/11\/nuna-norr-resultat-crash-test-adac-2019-300x255.jpg 300w, https:\/\/www.monsiegeautobebe.fr\/wp-content\/uploads\/2019\/11\/nuna-norr-resultat-crash-test-adac-2019-768x653.jpg 768w\" sizes=\"(max-width: 250px) 100vw, 250px\" \/><\/a>Le <strong>Nuna Norr<\/strong> jest identyczny jak Nuna Rebl Plus, ale mo\u017ce by\u0107 u\u017cywany tylko w <strong>Pozycja ty\u0142em do kierunku jazdy<\/strong> dla wi\u0119kszego bezpiecze\u0144stwa. Posiadacz <strong>Wi\u0119cej test\u00f3w<\/strong>Ten model zosta\u0142 zatwierdzony zgodnie z <strong>R129 (i-Size)<\/strong> dla dzieci z <strong>40 do 105 cm<\/strong> (od urodzenia do oko\u0142o 4 lat) i maksymalnej wadze wynosz\u0105cej <strong>18,5 kg<\/strong>. Fotelik mo\u017cna szybko i \u0142atwo zamontowa\u0107 za pomoc\u0105 mocowa\u0144 ISOFIX. Ten model jest wyposa\u017cony w <strong>obracaj\u0105cy si\u0119 kad\u0142ub<\/strong> tak, aby m\u00f3g\u0142 by\u0107 skierowany w stron\u0119 drzwi do <strong>u\u0142atwienie dziecku osiedlenia si\u0119<\/strong>. Dla dodatkowego bezpiecze\u0144stwa i komfortu, Nuna Norr jest r\u00f3wnie\u017c wyposa\u017cony w <strong>reduktor dla noworodk\u00f3w<\/strong> usuwalny <strong>pianka z pami\u0119ci\u0105<\/strong>kilka <strong>urz\u0105dzenia zabezpieczaj\u0105ce<\/strong> przed uderzeniem, a nawet <strong>nachylenie<\/strong> oraz <strong>regulowane zag\u0142\u00f3wki<\/strong> dla wszystkich grup wiekowych.<br \/>\n<div id=\"tablepress-53-scroll-wrapper\" class=\"tablepress-scroll-wrapper\">\n\n<table id=\"tablepress-53\" class=\"tablepress tablepress-id-53 tablepress-responsive\">\n<tbody class=\"row-striping row-hover\">\n<tr class=\"row-1\">\n\t<td class=\"column-1\">Certyfikacja<\/td><td class=\"column-2\">R129 (i-Size)<\/td>\n<\/tr>\n<tr class=\"row-2\">\n\t<td class=\"column-1\">Rozmiar dziecka<\/td><td class=\"column-2\">Od 40 do 105 cm<\/td>\n<\/tr>\n<tr class=\"row-3\">\n\t<td class=\"column-1\">Wiek dziecka<\/td><td class=\"column-2\">Od urodzenia do 4 lat ok.<\/td>\n<\/tr>\n<tr class=\"row-4\">\n\t<td class=\"column-1\">Waga dziecka<\/td><td class=\"column-2\">18 kg maks.<\/td>\n<\/tr>\n<tr class=\"row-5\">\n\t<td class=\"column-1\">Monta\u017c fotelika samochodowego<\/td><td class=\"column-2\">Podstawa ISOFIX z rozp\u00f3rk\u0105<\/td>\n<\/tr>\n<tr class=\"row-6\">\n\t<td class=\"column-1\">Urz\u0105dzenie przytrzymuj\u0105ce dla dzieci<\/td><td class=\"column-2\">5-punktowe pasy bezpiecze\u0144stwa<\/td>\n<\/tr>\n<tr class=\"row-7\">\n\t<td class=\"column-1\">Obrotowy fotelik samochodowy<\/td><td class=\"column-2\"><center><img loading=\"lazy\" decoding=\"async\" src=\"https:\/\/monsiegeautobebe.fr\/wp-content\/uploads\/2019\/03\/icon-yes.png\" alt=\"\" width=\"16\" height=\"16\" class=\"aligncenter size-full wp-image-693\" \/><\/center><\/td>\n<\/tr>\n<tr class=\"row-8\">\n\t<td class=\"column-1\">Reduktor dla noworodk\u00f3w<\/td><td class=\"column-2\"><center><img loading=\"lazy\" decoding=\"async\" src=\"https:\/\/monsiegeautobebe.fr\/wp-content\/uploads\/2019\/03\/icon-yes.png\" alt=\"\" width=\"16\" height=\"16\" class=\"aligncenter size-full wp-image-693\" \/><\/center><\/td>\n<\/tr>\n<tr class=\"row-9\">\n\t<td class=\"column-1\">Pozycja siedz\u0105ca<\/td><td class=\"column-2\">Powr\u00f3t na drog\u0119<\/td>\n<\/tr>\n<\/tbody>\n<\/table>\n\n<\/div><!-- #tablepress-53 from cache -->\n<p><center><a href=\"https:\/\/www.uberkids.com\/eu\/nuna-norr-i-size-car-seat-nuncs08800cvrgl\/\" class=\"sc-button sc-button-default sc-button-medium\" target=\"_blank\" rel=\"noopener\"><span>ZOBACZ NAJLEPSZ\u0104 CEN\u0118<br \/>\nNUNA NORR<\/span><\/a><\/center><\/p>\n<ul>\n<li><em>BeSafe iZi Modular RF i-Size<\/em><\/li>\n<\/ul>\n<p><a href=\"https:\/\/monsiegeautobebe.fr\/wp-content\/uploads\/2019\/11\/besafe-izi-modular-rf-i-size-resultat-crash-test-adac-2019.jpg\"><img loading=\"lazy\" decoding=\"async\" class=\"alignleft size-full wp-image-3018\" src=\"https:\/\/monsiegeautobebe.fr\/wp-content\/uploads\/2019\/11\/besafe-izi-modular-rf-i-size-resultat-crash-test-adac-2019.jpg\" alt=\"Wyniki test\u00f3w zderzeniowych ADAC dla BeSafe iZi Modular RF i-Size\" width=\"250\" height=\"213\" srcset=\"https:\/\/www.monsiegeautobebe.fr\/wp-content\/uploads\/2019\/11\/besafe-izi-modular-rf-i-size-resultat-crash-test-adac-2019.jpg 1000w, https:\/\/www.monsiegeautobebe.fr\/wp-content\/uploads\/2019\/11\/besafe-izi-modular-rf-i-size-resultat-crash-test-adac-2019-600x510.jpg 600w, https:\/\/www.monsiegeautobebe.fr\/wp-content\/uploads\/2019\/11\/besafe-izi-modular-rf-i-size-resultat-crash-test-adac-2019-300x255.jpg 300w, https:\/\/www.monsiegeautobebe.fr\/wp-content\/uploads\/2019\/11\/besafe-izi-modular-rf-i-size-resultat-crash-test-adac-2019-768x653.jpg 768w\" sizes=\"(max-width: 250px) 100vw, 250px\" \/><\/a>Le <strong>BeSafe iZi Modular RF i-Size<\/strong> jest zatwierdzony zgodnie z najnowszymi przepisami europejskimi <strong>R129 (i-Size)<\/strong> dla dzieci z <strong>61 do 105 cm<\/strong> (od 6 miesi\u0119cy do ok. 4 lat). Ten fotelik mo\u017cna zainstalowa\u0107 tylko na <a href=\"https:\/\/action.metaffiliation.com\/trk.php?mclic=P4F9AB571995171&amp;redir=https%3A%2F%2Fwww.allobebe.fr%2Fbase-izi-modular-i-size-aES031095005.html\" target=\"_blank\" rel=\"nofollow noopener noreferrer\">Podstawa iZi Modular i-Size<\/a> kt\u00f3ra mo\u017ce by\u0107 u\u017cywana tylko w po\u0142\u0105czeniu z <strong>Pozycja ty\u0142em do kierunku jazdy<\/strong> (RF = Rear Facing). Umo\u017cliwi\u0142o to pomy\u015blne uzyskanie <a href=\"https:\/\/www.monsiegeautobebe.fr\/pl\/plus-test-suedois-pour-la-securite-des-sieges-auto-bebe\/\" target=\"_blank\" rel=\"noopener noreferrer\">Szwedzki Test Plus<\/a>. I odwrotnie <a href=\"https:\/\/action.metaffiliation.com\/trk.php?mclic=P4F9AB571995171&amp;redir=https%3A%2F%2Fwww.allobebe.fr%2Fsiege-auto-izi-modular-i-size-black-cab-groupe-01-aES032100645.html\" target=\"_blank\" rel=\"nofollow noopener noreferrer\">BeSafe iZi Modular i-Size<\/a> oraz <a href=\"https:\/\/action.metaffiliation.com\/trk.php?mclic=P494DD5719952191&amp;redir=https%3A%2F%2Fwww.roseoubleu.fr%2Fbesafe-siege-auto-pivotant-izi-modular-x1-i-size-cloud-melange-2020-a287007.html\" target=\"_blank\" rel=\"nofollow noopener noreferrer\">iZi Modular X1 i-Size<\/a>99%, identyczny z iZi Modular RF i-Size, mo\u017ce by\u0107 u\u017cywany zar\u00f3wno dla <strong>powr\u00f3t na drog\u0119<\/strong> \u017ce <strong>w kierunku drogi<\/strong>. L'<strong>iZi Modular RF i-Size<\/strong> dzi\u0119ki podstawie ISOFIX jest w stanie <strong>dostosowa\u0107 dost\u0119pn\u0105 przestrze\u0144<\/strong> podparcie n\u00f3g w 3 pozycjach. Jest r\u00f3wnie\u017c wyposa\u017cony w <strong>system poch\u0142aniania energii<\/strong>z <strong>ochrona boczna<\/strong> (SIP), a <strong>regulowany zag\u0142\u00f3wek<\/strong>kilka <strong>pozycje pochylenia<\/strong> lub <strong>reduktor dla noworodk\u00f3w<\/strong> wyjmowana pianka z pami\u0119ci\u0105 kszta\u0142tu.<\/p>\n<p>La <a href=\"https:\/\/action.metaffiliation.com\/trk.php?mclic=P4F9AB571995171&amp;redir=https%3A%2F%2Fwww.allobebe.fr%2Fbase-izi-modular-i-size-aES031095005.html\" target=\"_blank\" rel=\"nofollow noopener noreferrer\">Podstawa iZi Modular i-Size<\/a> Mo\u017ce by\u0107 u\u017cywany z nast\u0119puj\u0105cymi fotelikami samochodowymi i os\u0142onami:<\/p>\n<ol>\n<li style=\"list-style-type: none;\">\n<ul>\n<li><a href=\"http:\/\/&lt;a href=\" target=\"_blank\" rel=\"nofollow noopener\">BeSafe iZi GO Modular i-Size<\/a><img loading=\"lazy\" decoding=\"async\" src=\"https:\/\/tracking.publicidees.com\/link.php?progid=605&amp;partid=53816\" width=\"1\" height=\"1\" \/><\/li>\n<li><a href=\"https:\/\/action.metaffiliation.com\/trk.php?mclic=P494DD5719952191&amp;redir=https%3A%2F%2Fwww.roseoubleu.fr%2Fbesafe-siege-auto-cosi-izi-go-modular-x1-i-size-fresh-black-cab-a274264.html\" target=\"_blank\" rel=\"nofollow noopener noreferrer\">BeSafe iZi GO Modular X1 i-Size<\/a> (nowa wersja iZi GO Modular i-Size)<\/li>\n<li><a href=\"https:\/\/action.metaffiliation.com\/trk.php?mclic=P4F9AB571995171&amp;redir=https%3A%2F%2Fwww.allobebe.fr%2Fsiege-auto-izi-modular-i-size-black-cab-groupe-01-aES032100645.html\" target=\"_blank\" rel=\"nofollow noopener noreferrer\">BeSafe iZi Modular i-Size<\/a><\/li>\n<li><a href=\"https:\/\/action.metaffiliation.com\/trk.php?mclic=P494DD5719952191&amp;redir=https%3A%2F%2Fwww.roseoubleu.fr%2Fbesafe-siege-auto-pivotant-izi-modular-x1-i-size-cloud-melange-2020-a287007.html\" target=\"_blank\" rel=\"nofollow noopener noreferrer\">BeSafe iZi Modular X1 i-Size<\/a> (nowa wersja iZi Modular i-Size)<\/li>\n<li><a href=\"https:\/\/action.metaffiliation.com\/trk.php?mclic=P494DD5719952191&amp;redir=https%3A%2F%2Fwww.roseoubleu.fr%2Fbesafe-siege-auto-izi-modular-i-size-rf-x1-burgundy-melange-2020-a286994.html\" target=\"_blank\" rel=\"nofollow noopener noreferrer\">BeSafe iZi Modular RF X1 i-Size<\/a> (nowa wersja iZi Modular RF i-Size)<\/li>\n<\/ul>\n<\/li>\n<\/ol>\n<ul>\n<li style=\"list-style-type: none;\">\n<ul><div id=\"tablepress-54-scroll-wrapper\" class=\"tablepress-scroll-wrapper\">\n\n<table id=\"tablepress-54\" class=\"tablepress tablepress-id-54 tablepress-responsive\">\n<tbody class=\"row-striping row-hover\">\n<tr class=\"row-1\">\n\t<td class=\"column-1\">Certyfikacja<\/td><td class=\"column-2\">R129 (i-Size)<\/td>\n<\/tr>\n<tr class=\"row-2\">\n\t<td class=\"column-1\">Rozmiar dziecka<\/td><td class=\"column-2\">Od 61 do 105 cm<\/td>\n<\/tr>\n<tr class=\"row-3\">\n\t<td class=\"column-1\">Wiek dziecka<\/td><td class=\"column-2\">Od ok. 6 miesi\u0119cy do ok. 4 lat.<\/td>\n<\/tr>\n<tr class=\"row-4\">\n\t<td class=\"column-1\">Waga dziecka<\/td><td class=\"column-2\">18 kg maks.<\/td>\n<\/tr>\n<tr class=\"row-5\">\n\t<td class=\"column-1\">Monta\u017c fotelika samochodowego<\/td><td class=\"column-2\">Podstawa <a href=\"https:\/\/action.metaffiliation.com\/trk.php?mclic=P4F9AB571995171&amp;redir=https%3A%2F%2Fwww.allobebe.fr%2Fbase-izi-modular-i-size-aES031095005.html\" target=\"_blank\" rel=\"nofollow noopener noreferrer\">iZi Modular i-Size<\/a> z rozp\u00f3rk\u0105<\/td>\n<\/tr>\n<tr class=\"row-6\">\n\t<td class=\"column-1\">Urz\u0105dzenie przytrzymuj\u0105ce dla dzieci<\/td><td class=\"column-2\">5-punktowe pasy bezpiecze\u0144stwa<\/td>\n<\/tr>\n<tr class=\"row-7\">\n\t<td class=\"column-1\">Obrotowy fotelik samochodowy<\/td><td class=\"column-2\"><center><img loading=\"lazy\" decoding=\"async\" src=\"https:\/\/monsiegeautobebe.fr\/wp-content\/uploads\/2019\/03\/icon-no.png\" alt=\"\" width=\"16\" height=\"16\" class=\"aligncenter size-full wp-image-693\" \/><\/center><\/td>\n<\/tr>\n<tr class=\"row-8\">\n\t<td class=\"column-1\">Reduktor dla noworodk\u00f3w<\/td><td class=\"column-2\"><center><img loading=\"lazy\" decoding=\"async\" src=\"https:\/\/monsiegeautobebe.fr\/wp-content\/uploads\/2019\/03\/icon-yes.png\" alt=\"\" width=\"16\" height=\"16\" class=\"aligncenter size-full wp-image-693\" \/><\/center><\/td>\n<\/tr>\n<tr class=\"row-9\">\n\t<td class=\"column-1\">Pozycja siedz\u0105ca<\/td><td class=\"column-2\">Powr\u00f3t na drog\u0119<\/td>\n<\/tr>\n<\/tbody>\n<\/table>\n\n<\/div><!-- #tablepress-54 from cache --><\/ul>\n<\/li>\n<\/ul>\n<p>&nbsp;<\/p>\n<p><center><a href=\"https:\/\/www.uberkids.com\/eu\/besafe-izi-modular-rf-i-size-car-seat-1182491\/\" class=\"sc-button sc-button-default sc-button-medium\" target=\"_blank\" rel=\"noopener\"><span>ZOBACZ NAJLEPSZ\u0104 CEN\u0118<br \/>\nBESAFE IZI MODULAR RF I-SIZE<\/span><\/a><\/center><\/p>\n<ul>\n<li>Foteliki podwy\u017cszaj\u0105ce (od ok. 4 do 12 lat)<\/li>\n<\/ul>\n<p>The <strong>foteliki podwy\u017cszaj\u0105ce<\/strong> maj\u0105 na celu dostosowanie dziecka do <strong>pas bezpiecze\u0144stwa dla doros\u0142ych<\/strong> pojazdu w celu ochrony dziecka <em>do 12 roku \u017cycia.<\/em> Chocia\u017c mo\u017cliwe jest u\u017cycie <a href=\"https:\/\/www.monsiegeautobebe.fr\/pl\/quel-rehausseur-voiture-enfant-choisir\/\" target=\"_blank\" rel=\"noopener\">samochodowy fotelik podwy\u017cszaj\u0105cy<\/a> od 3 roku \u017cycia, preferowa\u0107 korzystanie z <strong><a href=\"https:\/\/www.monsiegeautobebe.fr\/pl\/najlepszy-fotelik-tylem-do-kierunku-jazdy\/\">fotelik ty\u0142em do kierunku jazdy<\/a><\/strong> przed prze\u0142\u0105czeniem na <strong><a href=\"https:\/\/www.monsiegeautobebe.fr\/pl\/jak-wybrac-swoj-fotelik-dzieciecy\/\">samochodowy fotelik podwy\u017cszaj\u0105cy<\/a><\/strong>.<\/p>\n<p><center><a href=\"https:\/\/www.monsiegeautobebe.fr\/pl\/najlepszy-fotelik-tylem-do-kierunku-jazdy\/\" class=\"sc-button sc-button-default sc-button-MEDIUM\"><span>ZOBACZ NASZ WYB\u00d3R NAJLEPSZYCH FOTELIK\u00d3W SAMOCHODOWYCH<\/span><\/a><\/center><\/p>\n<ul>\n<li><em>Britax R\u00f6mer Kidfix III M<\/em><\/li>\n<\/ul>\n<p><a href=\"https:\/\/monsiegeautobebe.fr\/wp-content\/uploads\/2019\/11\/britax-romer-kidfix-iii-m-resultat-crash-test-adac-2019.jpg\"><img loading=\"lazy\" decoding=\"async\" class=\"alignleft size-full wp-image-3017\" src=\"https:\/\/monsiegeautobebe.fr\/wp-content\/uploads\/2019\/11\/britax-romer-kidfix-iii-m-resultat-crash-test-adac-2019.jpg\" alt=\"Wyniki test\u00f3w zderzeniowych ADAC dla fotelika podwy\u017cszaj\u0105cego Britax KIDFIX III M\" width=\"250\" height=\"213\" srcset=\"https:\/\/www.monsiegeautobebe.fr\/wp-content\/uploads\/2019\/11\/britax-romer-kidfix-iii-m-resultat-crash-test-adac-2019.jpg 1000w, https:\/\/www.monsiegeautobebe.fr\/wp-content\/uploads\/2019\/11\/britax-romer-kidfix-iii-m-resultat-crash-test-adac-2019-600x510.jpg 600w, https:\/\/www.monsiegeautobebe.fr\/wp-content\/uploads\/2019\/11\/britax-romer-kidfix-iii-m-resultat-crash-test-adac-2019-300x255.jpg 300w, https:\/\/www.monsiegeautobebe.fr\/wp-content\/uploads\/2019\/11\/britax-romer-kidfix-iii-m-resultat-crash-test-adac-2019-768x653.jpg 768w\" sizes=\"(max-width: 250px) 100vw, 250px\" \/><\/a><br \/>\nLe <strong>Kidfix III M<\/strong> jest fotelikiem podwy\u017cszaj\u0105cym z oparciem homologowanym zgodnie z <strong>rozporz\u0105dzenie R44\/04<\/strong>. Jest to wygodny, elegancki model w grupie 2\/3 dla dzieci od 3 roku \u017cycia. <strong>15 do 36 kg<\/strong> (w wieku od 4 do 12 lat). Le <strong>Kidfix III M<\/strong> posiada specjalne systemy bezpiecze\u0144stwa, takie jak <strong>ochrona przed uderzeniami bocznymi<\/strong> (SICT) lub <strong>SecureGuard<\/strong> kt\u00f3ry dzia\u0142a jako <strong>czwarty punkt wstrzymania<\/strong> aby poprawi\u0107 pozycj\u0119 pas\u00f3w bezpiecze\u0144stwa. Posiada r\u00f3wnie\u017c <strong>regulowany zag\u0142\u00f3wek<\/strong> oraz <strong>Oparcie w kszta\u0142cie litery V<\/strong> aby dostosowa\u0107 si\u0119 do wzrostu dzieci. The <strong>Britax Kidfix III M<\/strong> mo\u017cna zainstalowa\u0107 za pomoc\u0105 <strong>pas bezpiecze\u0144stwa<\/strong> oraz <strong>punkty <a href=\"https:\/\/www.monsiegeautobebe.fr\/pl\/isofix-mocowanie-system\/\">Mocowanie ISOFIX<\/a><\/strong> lub po prostu z <strong>3-punktowy pas bezpiecze\u0144stwa<\/strong> pojazdu<\/p>\n<div id=\"tablepress-55-scroll-wrapper\" class=\"tablepress-scroll-wrapper\">\n\n<table id=\"tablepress-55\" class=\"tablepress tablepress-id-55 tablepress-responsive\">\n<tbody class=\"row-striping row-hover\">\n<tr class=\"row-1\">\n\t<td class=\"column-1\">Certyfikacja<\/td><td class=\"column-2\">R44\/04<\/td>\n<\/tr>\n<tr class=\"row-2\">\n\t<td class=\"column-1\">Waga dziecka<\/td><td class=\"column-2\">Grupa 2\/3<br \/>\n(15 - 36 kg)<\/td>\n<\/tr>\n<tr class=\"row-3\">\n\t<td class=\"column-1\">Wiek dziecka<\/td><td class=\"column-2\">Oko\u0142o 4-12 lat.<\/td>\n<\/tr>\n<tr class=\"row-4\">\n\t<td class=\"column-1\">Monta\u017c fotelika samochodowego<\/td><td class=\"column-2\">Pas bezpiecze\u0144stwa lub ISOFIX<\/td>\n<\/tr>\n<tr class=\"row-5\">\n\t<td class=\"column-1\">Urz\u0105dzenie przytrzymuj\u0105ce dla dzieci<\/td><td class=\"column-2\">Pasy bezpiecze\u0144stwa<\/td>\n<\/tr>\n<tr class=\"row-6\">\n\t<td class=\"column-1\">Pozycja siedz\u0105ca<\/td><td class=\"column-2\">W obliczu drogi<\/td>\n<\/tr>\n<\/tbody>\n<\/table>\n\n<\/div><!-- #tablepress-55 from cache --><p><center><a href=\"https:\/\/action.metaffiliation.com\/trk.php?mclic=P4F2915719951B1&amp;redir=https%3A%2F%2Fwww.autourdebebe.com%2Fp%2Fbritax1siegeautokidfixiiimcosmosblack%2Fsiege-auto-kidfix-iii-m-britax-romer\" class=\"sc-button sc-button-default sc-button-medium\" target=\"_blank\" rel=\"noopener\"><span>ZOBACZ NAJLEPSZ\u0104 CEN\u0118<br \/>\nBRITAX R\u00d6MER KIDFIX III M<\/span><\/a><\/center><\/p>\n<h2><span class=\"ez-toc-section\" id=\"Liste_Complete_des_Notes_aux_Crash-Tests_ADAC_TCS\"><\/span>Pe\u0142na lista wynik\u00f3w test\u00f3w zderzeniowych ADAC i TCS<span class=\"ez-toc-section-end\"><\/span><\/h2>\n<p>Odwied\u017a <strong>Pe\u0142na lista wynik\u00f3w ko\u0144cowych<\/strong> uzyskane przez foteliki samochodowe oceniane podczas tej sesji <strong>testy zderzeniowe w maju 2019 r.<\/strong> Dla ka\u017cdego <strong>kategoria rozmiaru<\/strong>Foteliki samochodowe s\u0105 uszeregowane w kolejno\u015bci wynik\u00f3w, <strong>Od najlepszych do najgorszych<\/strong>. Wi\u0119cej informacji na temat ocenianych kryteri\u00f3w i stosowanego systemu punktacji mo\u017cna znale\u017a\u0107 na stronie <a href=\"https:\/\/www.monsiegeautobebe.fr\/pl\/resultat-crash-test-siege-auto\/\" target=\"_blank\" rel=\"noopener noreferrer\">Nasz artyku\u0142 na temat test\u00f3w zderzeniowych<\/a> dla wszystkich odpowiedzi.<br \/>\n<div class=\"sc-toggle\"><div class=\"sc-toggle-title active\"><a href=\"#\">Wyniki test\u00f3w zderzeniowych ADAC (maj 2019)<\/a><\/div><div class=\"sc-toggle-content active\">\n<a href=\"https:\/\/monsiegeautobebe.fr\/wp-content\/uploads\/2020\/06\/2019-mai-resultat-crash-test-adac.jpg\"><img loading=\"lazy\" decoding=\"async\" class=\"aligncenter size-full wp-image-2894\" src=\"https:\/\/monsiegeautobebe.fr\/wp-content\/uploads\/2020\/06\/2019-mai-resultat-crash-test-adac.jpg\" alt=\"Wyniki test\u00f3w zderzeniowych ADAC w maju 2019 r.\" width=\"900\" height=\"600\" srcset=\"https:\/\/www.monsiegeautobebe.fr\/wp-content\/uploads\/2020\/06\/2019-mai-resultat-crash-test-adac.jpg 1950w, https:\/\/www.monsiegeautobebe.fr\/wp-content\/uploads\/2020\/06\/2019-mai-resultat-crash-test-adac-600x400.jpg 600w, https:\/\/www.monsiegeautobebe.fr\/wp-content\/uploads\/2020\/06\/2019-mai-resultat-crash-test-adac-300x200.jpg 300w, https:\/\/www.monsiegeautobebe.fr\/wp-content\/uploads\/2020\/06\/2019-mai-resultat-crash-test-adac-1024x683.jpg 1024w, https:\/\/www.monsiegeautobebe.fr\/wp-content\/uploads\/2020\/06\/2019-mai-resultat-crash-test-adac-768x512.jpg 768w, https:\/\/www.monsiegeautobebe.fr\/wp-content\/uploads\/2020\/06\/2019-mai-resultat-crash-test-adac-1536x1024.jpg 1536w, https:\/\/www.monsiegeautobebe.fr\/wp-content\/uploads\/2020\/06\/2019-mai-resultat-crash-test-adac-104x69.jpg 104w\" sizes=\"(max-width: 900px) 100vw, 900px\" \/><\/a><br \/>\n<\/div><\/div>\n\n<div class=\"sc-toggle\"><div class=\"sc-toggle-title active\"><a href=\"#\">Wyniki test\u00f3w zderzeniowych TCS (maj 2019)<\/a><\/div><div class=\"sc-toggle-content active\">\n<a href=\"https:\/\/monsiegeautobebe.fr\/wp-content\/uploads\/2020\/06\/resultat-crash-test-tcs-siege-enfant-mai-2019.jpg\"><img loading=\"lazy\" decoding=\"async\" class=\"aligncenter size-full wp-image-2881\" src=\"https:\/\/monsiegeautobebe.fr\/wp-content\/uploads\/2020\/06\/resultat-crash-test-tcs-siege-enfant-mai-2019.jpg\" alt=\"Wyniki test\u00f3w zderzeniowych TCS w maju 2019 r.\" width=\"600\" height=\"871\" srcset=\"https:\/\/www.monsiegeautobebe.fr\/wp-content\/uploads\/2020\/06\/resultat-crash-test-tcs-siege-enfant-mai-2019.jpg 1000w, https:\/\/www.monsiegeautobebe.fr\/wp-content\/uploads\/2020\/06\/resultat-crash-test-tcs-siege-enfant-mai-2019-600x871.jpg 600w, https:\/\/www.monsiegeautobebe.fr\/wp-content\/uploads\/2020\/06\/resultat-crash-test-tcs-siege-enfant-mai-2019-207x300.jpg 207w, https:\/\/www.monsiegeautobebe.fr\/wp-content\/uploads\/2020\/06\/resultat-crash-test-tcs-siege-enfant-mai-2019-705x1024.jpg 705w, https:\/\/www.monsiegeautobebe.fr\/wp-content\/uploads\/2020\/06\/resultat-crash-test-tcs-siege-enfant-mai-2019-768x1115.jpg 768w\" sizes=\"(max-width: 600px) 100vw, 600px\" \/><\/a><\/div><\/div>","protected":false},"excerpt":{"rendered":"<p>Aby zwi\u0119kszy\u0107 bezpiecze\u0144stwo dzieci w samochodach, ADAC i TCS regularnie testuj\u0105 nowe modele fotelik\u00f3w samochodowych. Testy zderzeniowe s\u0105 przeprowadzane dwa razy w roku, wsp\u00f3lnie przez r\u00f3\u017cne organy europejskie. W tej sesji test\u00f3w zderzeniowych w maju 2019 r. 24 dzieci\u0119ce foteliki samochodowe zosta\u0142y przetestowane pod k\u0105tem bezpiecze\u0144stwa i funkcjonalno\u015bci,<\/p>","protected":false},"author":2,"featured_media":2952,"comment_status":"open","ping_status":"open","sticky":false,"template":"","format":"standard","meta":{"footnotes":""},"categories":[13,32],"tags":[8,7,9],"class_list":{"0":"post-2879","1":"post","2":"type-post","3":"status-publish","4":"format-standard","5":"has-post-thumbnail","7":"category-crash-tests-adac","8":"category-crash-tests-adac-2019","9":"tag-adac","10":"tag-crash-tests","11":"tag-tcs"},"_links":{"self":[{"href":"https:\/\/www.monsiegeautobebe.fr\/pl\/wp-json\/wp\/v2\/posts\/2879","targetHints":{"allow":["GET"]}}],"collection":[{"href":"https:\/\/www.monsiegeautobebe.fr\/pl\/wp-json\/wp\/v2\/posts"}],"about":[{"href":"https:\/\/www.monsiegeautobebe.fr\/pl\/wp-json\/wp\/v2\/types\/post"}],"author":[{"embeddable":true,"href":"https:\/\/www.monsiegeautobebe.fr\/pl\/wp-json\/wp\/v2\/users\/2"}],"replies":[{"embeddable":true,"href":"https:\/\/www.monsiegeautobebe.fr\/pl\/wp-json\/wp\/v2\/comments?post=2879"}],"version-history":[{"count":0,"href":"https:\/\/www.monsiegeautobebe.fr\/pl\/wp-json\/wp\/v2\/posts\/2879\/revisions"}],"wp:featuredmedia":[{"embeddable":true,"href":"https:\/\/www.monsiegeautobebe.fr\/pl\/wp-json\/wp\/v2\/media\/2952"}],"wp:attachment":[{"href":"https:\/\/www.monsiegeautobebe.fr\/pl\/wp-json\/wp\/v2\/media?parent=2879"}],"wp:term":[{"taxonomy":"category","embeddable":true,"href":"https:\/\/www.monsiegeautobebe.fr\/pl\/wp-json\/wp\/v2\/categories?post=2879"},{"taxonomy":"post_tag","embeddable":true,"href":"https:\/\/www.monsiegeautobebe.fr\/pl\/wp-json\/wp\/v2\/tags?post=2879"}],"curies":[{"name":"wp","href":"https:\/\/api.w.org\/{rel}","templated":true}]}}