{"id":2101,"date":"2019-12-06T11:35:03","date_gmt":"2019-12-06T11:35:03","guid":{"rendered":"https:\/\/monsiegeautobebe.fr\/?p=2101"},"modified":"2023-11-08T22:37:10","modified_gmt":"2023-11-08T21:37:10","slug":"maxi-cosi-axissfix","status":"publish","type":"post","link":"https:\/\/www.monsiegeautobebe.fr\/pl\/maxi-cosi-axissfix\/","title":{"rendered":"Foteliki samochodowe AxissFix, AxissFix Plus i AxissFix Air Maxi Cosi"},"content":{"rendered":"<p>Od kilku lat foteliki samochodowe <strong>Maxi Cosi AxissFix, AxissFix Plus<\/strong> oraz <strong>AxissFix Air<\/strong> ugruntowa\u0142y swoj\u0105 pozycj\u0119 w\u015br\u00f3d konsument\u00f3w jako jedne z najlepszych na \u015bwiecie. <a href=\"https:\/\/www.monsiegeautobebe.fr\/pl\/najlepszy-fotelik-samochodowy-obrotowy\/\" target=\"_blank\" rel=\"noopener noreferrer\">najlepsze obrotowe foteliki samochodowe<\/a>kt\u00f3re zdoby\u0142y nagrody, w tym <a href=\"https:\/\/www.monsiegeautobebe.fr\/pl\/testy-adac-fotelikow-objasniony\/\" target=\"_blank\" rel=\"noopener noreferrer\">Bardzo dobre wyniki test\u00f3w zderzeniowych<\/a>. Od czasu wydania <strong>Axiss<\/strong> w 2008 roku, pierwszy obrotowy model marki, <strong>Maxi Cosi<\/strong> stale rozwija swoj\u0105 gam\u0119, oferuj\u0105c nowe modele, kt\u00f3re s\u0105 coraz bardziej innowacyjne zar\u00f3wno pod wzgl\u0119dem komfortu, jak i bezpiecze\u0144stwa. Wygl\u0105d <strong>z <a href=\"https:\/\/www.monsiegeautobebe.fr\/pl\/isofix-mocowanie-system\/\">Mocowanie ISOFIX<\/a><\/strong> na <strong>AxissFix<\/strong> w 2014 roku, a ostatnio wraz z wydaniem <strong>AxissFix Air<\/strong>pierwszy <a href=\"https:\/\/www.monsiegeautobebe.fr\/pl\/\">fotelik samochodowy<\/a> z <strong>zintegrowane poduszki powietrzne<\/strong>Dzi\u0119ki temu sta\u0142y si\u0119 one jeszcze bardziej popularne w\u015br\u00f3d rodzic\u00f3w. Dowiedz si\u0119 wi\u0119cej o specyficznych cechach ka\u017cdego modelu.<\/p>\n<div id=\"ez-toc-container\" class=\"ez-toc-v2_0_82_2 counter-hierarchy ez-toc-counter ez-toc-grey ez-toc-container-direction\">\n<div class=\"ez-toc-title-container\">\n<p class=\"ez-toc-title\" style=\"cursor:inherit\">Zawarto\u015b\u0107<\/p>\n<span class=\"ez-toc-title-toggle\"><a href=\"#\" class=\"ez-toc-pull-right ez-toc-btn ez-toc-btn-xs ez-toc-btn-default ez-toc-toggle\" aria-label=\"Prze\u0142\u0105cznik Spisu Tre\u015bci\"><span class=\"ez-toc-js-icon-con\"><span class=\"\"><span class=\"eztoc-hide\" style=\"display:none;\">Toggle<\/span><span class=\"ez-toc-icon-toggle-span\"><svg style=\"fill: #999;color:#999\" xmlns=\"http:\/\/www.w3.org\/2000\/svg\" class=\"list-377408\" width=\"20px\" height=\"20px\" viewbox=\"0 0 24 24\" fill=\"none\"><path d=\"M6 6H4v2h2V6zm14 0H8v2h12V6zM4 11h2v2H4v-2zm16 0H8v2h12v-2zM4 16h2v2H4v-2zm16 0H8v2h12v-2z\" fill=\"currentColor\"><\/path><\/svg><svg style=\"fill: #999;color:#999\" class=\"arrow-unsorted-368013\" xmlns=\"http:\/\/www.w3.org\/2000\/svg\" width=\"10px\" height=\"10px\" viewbox=\"0 0 24 24\" version=\"1.2\" baseprofile=\"tiny\"><path d=\"M18.2 9.3l-6.2-6.3-6.2 6.3c-.2.2-.3.4-.3.7s.1.5.3.7c.2.2.4.3.7.3h11c.3 0 .5-.1.7-.3.2-.2.3-.5.3-.7s-.1-.5-.3-.7zM5.8 14.7l6.2 6.3 6.2-6.3c.2-.2.3-.5.3-.7s-.1-.5-.3-.7c-.2-.2-.4-.3-.7-.3h-11c-.3 0-.5.1-.7.3-.2.2-.3.5-.3.7s.1.5.3.7z\"\/><\/svg><\/span><\/span><\/span><\/a><\/span><\/div>\n<nav><ul class='ez-toc-list ez-toc-list-level-1 eztoc-toggle-hide-by-default' ><li class='ez-toc-page-1 ez-toc-heading-level-2'><a class=\"ez-toc-link ez-toc-heading-1\" href=\"https:\/\/www.monsiegeautobebe.fr\/pl\/maxi-cosi-axissfix\/#Tableau_Comparatif_des_Sieges_Auto_Maxi_Cosi_Axiss_AxissFix_AxissFix_Plus_et_AxissFix_Air\" >Tabela por\u00f3wnawcza fotelik\u00f3w samochodowych Maxi Cosi Axiss, AxissFix, AxissFix Plus i AxissFix Air<\/a><\/li><li class='ez-toc-page-1 ez-toc-heading-level-2'><a class=\"ez-toc-link ez-toc-heading-2\" href=\"https:\/\/www.monsiegeautobebe.fr\/pl\/maxi-cosi-axissfix\/#Maxi_Cosi_AxissFix_i-Size\" >Maxi Cosi AxissFix i-Size<\/a><\/li><li class='ez-toc-page-1 ez-toc-heading-level-2'><a class=\"ez-toc-link ez-toc-heading-3\" href=\"https:\/\/www.monsiegeautobebe.fr\/pl\/maxi-cosi-axissfix\/#Maxi_Cosi_AxissFix_Plus_i-Size\" >Maxi Cosi AxissFix Plus i-Size<\/a><\/li><li class='ez-toc-page-1 ez-toc-heading-level-2'><a class=\"ez-toc-link ez-toc-heading-4\" href=\"https:\/\/www.monsiegeautobebe.fr\/pl\/maxi-cosi-axissfix\/#Maxi_Cosi_AxissFix_Air_i-Size\" >Maxi Cosi AxissFix Air i-Size<\/a><\/li><li class='ez-toc-page-1 ez-toc-heading-level-2'><a class=\"ez-toc-link ez-toc-heading-5\" href=\"https:\/\/www.monsiegeautobebe.fr\/pl\/maxi-cosi-axissfix\/#La_Gamme_de_Sieges_Auto_Maxi_Cosi_AxissFix\" >Gama fotelik\u00f3w samochodowych Maxi Cosi AxissFix<\/a><\/li><\/ul><\/nav><\/div>\n<h2><span class=\"ez-toc-section\" id=\"Tableau_Comparatif_des_Sieges_Auto_Maxi_Cosi_Axiss_AxissFix_AxissFix_Plus_et_AxissFix_Air\"><\/span>Tabela por\u00f3wnawcza fotelik\u00f3w samochodowych Maxi Cosi Axiss, AxissFix, AxissFix Plus i AxissFix Air<span class=\"ez-toc-section-end\"><\/span><\/h2>\n<div id=\"tablepress-34-scroll-wrapper\" class=\"tablepress-scroll-wrapper\">\n\n<table id=\"tablepress-34\" class=\"tablepress tablepress-id-34 tablepress-responsive\">\n<thead>\n<tr class=\"row-1\">\n\t<td class=\"column-1\"><\/td><th class=\"column-2\"><a href=\"https:\/\/monsiegeautobebe.fr\/wp-content\/uploads\/2019\/11\/siege-auto-bebe-confort-axiss.jpg\"><img decoding=\"async\" src=\"https:\/\/monsiegeautobebe.fr\/wp-content\/uploads\/2019\/11\/siege-auto-bebe-confort-axiss-150x150.jpg\" alt=\"Fotelik samochodowy B\u00e9b\u00e9 Confort Axiss\" width=\"100\" height=\"100\" class=\"aligncenter size-thumbnail wp-image-2096\" srcset=\"https:\/\/www.monsiegeautobebe.fr\/wp-content\/uploads\/2019\/11\/siege-auto-bebe-confort-axiss-150x150.jpg 150w, https:\/\/www.monsiegeautobebe.fr\/wp-content\/uploads\/2019\/11\/siege-auto-bebe-confort-axiss-300x300.jpg 300w, https:\/\/www.monsiegeautobebe.fr\/wp-content\/uploads\/2019\/11\/siege-auto-bebe-confort-axiss-336x336.jpg 336w, https:\/\/www.monsiegeautobebe.fr\/wp-content\/uploads\/2019\/11\/siege-auto-bebe-confort-axiss-600x600.jpg 600w, https:\/\/www.monsiegeautobebe.fr\/wp-content\/uploads\/2019\/11\/siege-auto-bebe-confort-axiss-768x768.jpg 768w, https:\/\/www.monsiegeautobebe.fr\/wp-content\/uploads\/2019\/11\/siege-auto-bebe-confort-axiss.jpg 1000w\" sizes=\"(max-width: 100px) 100vw, 100px\" \/>B\u00e9b\u00e9 Confort<br \/>\nAxiss<\/a><\/th><th class=\"column-3\"><a href=\"https:\/\/monsiegeautobebe.fr\/wp-content\/uploads\/2019\/10\/siege-auto-bebe-confort-axissfix-i-size.jpg\"><img decoding=\"async\" src=\"https:\/\/monsiegeautobebe.fr\/wp-content\/uploads\/2019\/10\/siege-auto-bebe-confort-axissfix-i-size-150x150.jpg\" alt=\"Fotelik samochodowy B\u00e9b\u00e9 Confort AxissFix i-Size\" width=\"100\" height=\"100\" class=\"aligncenter size-full wp-image-1725\" srcset=\"https:\/\/www.monsiegeautobebe.fr\/wp-content\/uploads\/2019\/10\/siege-auto-bebe-confort-axissfix-i-size-150x150.jpg 150w, https:\/\/www.monsiegeautobebe.fr\/wp-content\/uploads\/2019\/10\/siege-auto-bebe-confort-axissfix-i-size-300x300.jpg 300w, https:\/\/www.monsiegeautobebe.fr\/wp-content\/uploads\/2019\/10\/siege-auto-bebe-confort-axissfix-i-size-336x336.jpg 336w, https:\/\/www.monsiegeautobebe.fr\/wp-content\/uploads\/2019\/10\/siege-auto-bebe-confort-axissfix-i-size-600x600.jpg 600w, https:\/\/www.monsiegeautobebe.fr\/wp-content\/uploads\/2019\/10\/siege-auto-bebe-confort-axissfix-i-size-768x768.jpg 768w, https:\/\/www.monsiegeautobebe.fr\/wp-content\/uploads\/2019\/10\/siege-auto-bebe-confort-axissfix-i-size.jpg 1000w\" sizes=\"(max-width: 100px) 100vw, 100px\" \/>B\u00e9b\u00e9 Confort AxissFix<\/a><\/th><th class=\"column-4\"><a href=\"https:\/\/monsiegeautobebe.fr\/wp-content\/uploads\/2019\/10\/siege-auto-bebe-confort-axissfix-plus-i-size.jpg\"><img decoding=\"async\" src=\"https:\/\/monsiegeautobebe.fr\/wp-content\/uploads\/2019\/10\/siege-auto-bebe-confort-axissfix-plus-i-size-150x150.jpg\" alt=\"Fotelik samochodowy B\u00e9b\u00e9 Confort AxissFix Plus i-Size\" width=\"100\" height=\"100\" class=\"aligncenter size-full wp-image-1704\" srcset=\"https:\/\/www.monsiegeautobebe.fr\/wp-content\/uploads\/2019\/10\/siege-auto-bebe-confort-axissfix-plus-i-size-150x150.jpg 150w, https:\/\/www.monsiegeautobebe.fr\/wp-content\/uploads\/2019\/10\/siege-auto-bebe-confort-axissfix-plus-i-size-300x300.jpg 300w, https:\/\/www.monsiegeautobebe.fr\/wp-content\/uploads\/2019\/10\/siege-auto-bebe-confort-axissfix-plus-i-size-336x336.jpg 336w, https:\/\/www.monsiegeautobebe.fr\/wp-content\/uploads\/2019\/10\/siege-auto-bebe-confort-axissfix-plus-i-size-600x600.jpg 600w, https:\/\/www.monsiegeautobebe.fr\/wp-content\/uploads\/2019\/10\/siege-auto-bebe-confort-axissfix-plus-i-size-768x768.jpg 768w, https:\/\/www.monsiegeautobebe.fr\/wp-content\/uploads\/2019\/10\/siege-auto-bebe-confort-axissfix-plus-i-size.jpg 1000w\" sizes=\"(max-width: 100px) 100vw, 100px\" \/>B\u00e9b\u00e9 Confort AxissFix Plus<\/a><\/th><th class=\"column-5\"><a href=\"https:\/\/monsiegeautobebe.fr\/wp-content\/uploads\/2019\/10\/siege-auto-bebe-confort-axissfix-air-i-size.jpg\"><img loading=\"lazy\" decoding=\"async\" src=\"https:\/\/monsiegeautobebe.fr\/wp-content\/uploads\/2019\/10\/siege-auto-bebe-confort-axissfix-air-i-size-150x150.jpg\" alt=\"Fotelik samochodowy B\u00e9b\u00e9 Confort AxissFix Air i-Size\" width=\"100\" height=\"100\" class=\"aligncenter size-full wp-image-1724\" srcset=\"https:\/\/www.monsiegeautobebe.fr\/wp-content\/uploads\/2019\/10\/siege-auto-bebe-confort-axissfix-air-i-size-150x150.jpg 150w, https:\/\/www.monsiegeautobebe.fr\/wp-content\/uploads\/2019\/10\/siege-auto-bebe-confort-axissfix-air-i-size-300x300.jpg 300w, https:\/\/www.monsiegeautobebe.fr\/wp-content\/uploads\/2019\/10\/siege-auto-bebe-confort-axissfix-air-i-size-336x336.jpg 336w, https:\/\/www.monsiegeautobebe.fr\/wp-content\/uploads\/2019\/10\/siege-auto-bebe-confort-axissfix-air-i-size-600x600.jpg 600w, https:\/\/www.monsiegeautobebe.fr\/wp-content\/uploads\/2019\/10\/siege-auto-bebe-confort-axissfix-air-i-size-768x768.jpg 768w, https:\/\/www.monsiegeautobebe.fr\/wp-content\/uploads\/2019\/10\/siege-auto-bebe-confort-axissfix-air-i-size.jpg 1000w\" sizes=\"(max-width: 100px) 100vw, 100px\" \/>B\u00e9b\u00e9 Confort AxissFix Air<\/a><br \/>\n<\/th>\n<\/tr>\n<\/thead>\n<tbody class=\"row-striping row-hover\">\n<tr class=\"row-2\">\n\t<td class=\"column-1\">Certyfikacja<\/td><td class=\"column-2\">R44\/04<\/td><td class=\"column-3\">i-Size (R129)<\/td><td class=\"column-4\">i-Size (R129)<\/td><td class=\"column-5\">i-Size (R129)<\/td>\n<\/tr>\n<tr class=\"row-3\">\n\t<td class=\"column-1\">Instalacja<\/td><td class=\"column-2\">Pasy bezpiecze\u0144stwa<\/td><td class=\"column-3\">ISOFIX z <a href=\"https:\/\/www.monsiegeautobebe.fr\/pl\/mocowanie-top-tether-fotelik\/\">g\u00f3rny pasek<\/a><\/td><td class=\"column-4\">ISOFIX z g\u00f3rnym paskiem mocuj\u0105cym<\/td><td class=\"column-5\">ISOFIX z g\u00f3rnym paskiem mocuj\u0105cym<\/td>\n<\/tr>\n<tr class=\"row-4\">\n\t<td class=\"column-1\">Rozmiar i waga<br \/>\ndziecka<\/td><td class=\"column-2\">Grupa 1<br \/>\n(od 9 do 18 kg)<\/td><td class=\"column-3\">Od 61 do 105 cm<br \/>\n(maks. 19 kg)<\/td><td class=\"column-4\">Od 45 do 105 cm<br \/>\n(maks. 19 kg)<\/td><td class=\"column-5\">Od 61 do 105 cm<br \/>\n(maks. 19 kg)<\/td>\n<\/tr>\n<tr class=\"row-5\">\n\t<td class=\"column-1\">Wiek dziecka<\/td><td class=\"column-2\">Od 9 miesi\u0119cy do 4 lat<\/td><td class=\"column-3\">Od 4 miesi\u0119cy do 4 lat<\/td><td class=\"column-4\">Od urodzenia do 4 lat<\/td><td class=\"column-5\">Od 4 miesi\u0119cy do 4 lat<\/td>\n<\/tr>\n<tr class=\"row-6\">\n\t<td class=\"column-1\">Reduktor<br \/>\nnoworodek<\/td><td class=\"column-2\"><center><img loading=\"lazy\" decoding=\"async\" src=\"https:\/\/monsiegeautobebe.fr\/wp-content\/uploads\/2019\/03\/icon-no.png\" alt=\"\" width=\"16\" height=\"16\" class=\"aligncenter size-full wp-image-693\" \/><\/center><\/td><td class=\"column-3\"><center><img loading=\"lazy\" decoding=\"async\" src=\"https:\/\/monsiegeautobebe.fr\/wp-content\/uploads\/2019\/03\/icon-no.png\" alt=\"\" width=\"16\" height=\"16\" class=\"aligncenter size-full wp-image-693\" \/><\/center><\/td><td class=\"column-4\"><center><img loading=\"lazy\" decoding=\"async\" src=\"https:\/\/monsiegeautobebe.fr\/wp-content\/uploads\/2019\/03\/icon-yes.png\" alt=\"\" width=\"16\" height=\"16\" class=\"aligncenter size-full wp-image-693\" \/><\/center><\/td><td class=\"column-5\"><center><img loading=\"lazy\" decoding=\"async\" src=\"https:\/\/monsiegeautobebe.fr\/wp-content\/uploads\/2019\/03\/icon-no.png\" alt=\"\" width=\"16\" height=\"16\" class=\"aligncenter size-full wp-image-693\" \/><\/center><\/td>\n<\/tr>\n<tr class=\"row-7\">\n\t<td class=\"column-1\">Obracanie<\/td><td class=\"column-2\">90\u00b0<\/td><td class=\"column-3\">360\u00b0<\/td><td class=\"column-4\">360\u00b0<\/td><td class=\"column-5\">360\u00b0<\/td>\n<\/tr>\n<tr class=\"row-8\">\n\t<td class=\"column-1\">Powr\u00f3t na drog\u0119<\/td><td class=\"column-2\"><center><img loading=\"lazy\" decoding=\"async\" src=\"https:\/\/monsiegeautobebe.fr\/wp-content\/uploads\/2019\/03\/icon-no.png\" alt=\"\" width=\"16\" height=\"16\" class=\"aligncenter size-full wp-image-693\" \/><\/center><\/td><td class=\"column-3\">Od 61 do 87 cm<br \/>\n(w przybli\u017ceniu od 4 miesi\u0119cy do 2 lat).<\/td><td class=\"column-4\">Od 61 do 87 cm<br \/>\n(w przybli\u017ceniu od 4 miesi\u0119cy do 2 lat).<\/td><td class=\"column-5\">Od 61 do 87 cm<br \/>\n(w przybli\u017ceniu od 4 miesi\u0119cy do 2 lat).<\/td>\n<\/tr>\n<tr class=\"row-9\">\n\t<td class=\"column-1\">W obliczu drogi<\/td><td class=\"column-2\">Od 9 do 18 kg<\/td><td class=\"column-3\">Od 76 do 105 cm<br \/>\n(od 15 miesi\u0119cy do ok. 4 lat)<\/td><td class=\"column-4\">Od 76 do 105 cm<br \/>\n(od 15 miesi\u0119cy do ok. 4 lat)<\/td><td class=\"column-5\">Od 76 do 105 cm<br \/>\n(od 15 miesi\u0119cy do ok. 4 lat)<\/td>\n<\/tr>\n<tr class=\"row-10\">\n\t<td class=\"column-1\">Bezpiecze\u0144stwo lotnicze<\/td><td class=\"column-2\"><center><img loading=\"lazy\" decoding=\"async\" src=\"https:\/\/monsiegeautobebe.fr\/wp-content\/uploads\/2019\/03\/icon-no.png\" alt=\"\" width=\"16\" height=\"16\" class=\"aligncenter size-full wp-image-693\" \/><\/center><\/td><td class=\"column-3\"><center><img loading=\"lazy\" decoding=\"async\" src=\"https:\/\/monsiegeautobebe.fr\/wp-content\/uploads\/2019\/03\/icon-no.png\" alt=\"\" width=\"16\" height=\"16\" class=\"aligncenter size-full wp-image-693\" \/><\/center><\/td><td class=\"column-4\"><center><img loading=\"lazy\" decoding=\"async\" src=\"https:\/\/monsiegeautobebe.fr\/wp-content\/uploads\/2019\/03\/icon-no.png\" alt=\"\" width=\"16\" height=\"16\" class=\"aligncenter size-full wp-image-693\" \/><\/center><\/td><td class=\"column-5\"><center><img loading=\"lazy\" decoding=\"async\" src=\"https:\/\/monsiegeautobebe.fr\/wp-content\/uploads\/2019\/03\/icon-yes.png\" alt=\"\" width=\"16\" height=\"16\" class=\"aligncenter size-full wp-image-693\" \/><\/center><\/td>\n<\/tr>\n<tr class=\"row-11\">\n\t<td class=\"column-1\">Holding<br \/>\ndziecka<\/td><td class=\"column-2\">5-punktowe pasy bezpiecze\u0144stwa<\/td><td class=\"column-3\">5-punktowe pasy bezpiecze\u0144stwa<\/td><td class=\"column-4\">5-punktowe pasy bezpiecze\u0144stwa<\/td><td class=\"column-5\">5-punktowe pasy bezpiecze\u0144stwa<\/td>\n<\/tr>\n<tr class=\"row-12\">\n\t<td class=\"column-1\">Test zderzeniowy<br \/>\nADAC<\/td><td class=\"column-2\">Zadowalaj\u0105cy<\/td><td class=\"column-3\">Dobry (2.2)<\/td><td class=\"column-4\">Dobry (2.3)<\/td><td class=\"column-5\">Dobry (2.2)<\/td>\n<\/tr>\n<tr class=\"row-13\">\n\t<td class=\"column-1\">Stawki<\/td><td class=\"column-2\">Niezalecane<\/td><td class=\"column-3\"><a href=\"https:\/\/amzn.to\/3aJ313v\" class=\"sc-button sc-button-default\" target=\"_blank\" rel=\"noopener\"><span>ZOBACZ CEN\u0118<\/span><\/a><\/td><td class=\"column-4\"><a href=\"https:\/\/amzn.to\/3dzsuhu\" class=\"sc-button sc-button-default\" target=\"_blank\" rel=\"noopener\"><span>ZOBACZ CEN\u0118<\/span><\/a><\/td><td class=\"column-5\"><a href=\"https:\/\/tidd.ly\/3dzt0vW\" class=\"sc-button sc-button-default\" target=\"_blank\" rel=\"noopener\"><span>ZOBACZ CEN\u0118<\/span><\/a><\/td>\n<\/tr>\n<\/tbody>\n<\/table>\n\n<\/div><!-- #tablepress-34 from cache --><h2><span class=\"ez-toc-section\" id=\"Maxi_Cosi_AxissFix_i-Size\"><\/span>Maxi Cosi AxissFix i-Size<span class=\"ez-toc-section-end\"><\/span><\/h2>\n<p><a href=\"https:\/\/monsiegeautobebe.fr\/wp-content\/uploads\/2019\/12\/siege-auto-bebe-confort-axissfix.jpg\" rel=\"noopener noreferrer\"><img loading=\"lazy\" decoding=\"async\" class=\"alignleft size-full wp-image-2160\" src=\"https:\/\/monsiegeautobebe.fr\/wp-content\/uploads\/2019\/12\/siege-auto-bebe-confort-axissfix.jpg\" alt=\"Maxi Cosi AxissFix i-Size\" width=\"350\" height=\"367\" srcset=\"https:\/\/www.monsiegeautobebe.fr\/wp-content\/uploads\/2019\/12\/siege-auto-bebe-confort-axissfix.jpg 900w, https:\/\/www.monsiegeautobebe.fr\/wp-content\/uploads\/2019\/12\/siege-auto-bebe-confort-axissfix-600x630.jpg 600w, https:\/\/www.monsiegeautobebe.fr\/wp-content\/uploads\/2019\/12\/siege-auto-bebe-confort-axissfix-286x300.jpg 286w, https:\/\/www.monsiegeautobebe.fr\/wp-content\/uploads\/2019\/12\/siege-auto-bebe-confort-axissfix-768x806.jpg 768w\" sizes=\"(max-width: 350px) 100vw, 350px\" \/><\/a>Nast\u0119pca fotelika Maxi Cosi Axiss, AxissFix i-Size jest <strong>pierwszy <a href=\"https:\/\/www.monsiegeautobebe.fr\/pl\/najlepszy-fotelik-samochodowy-obrotowy\/\">fotelik samochodowy obrotowy<\/a><\/strong> kt\u00f3re zosta\u0142y zatwierdzone w ramach nowego <strong>Europejskie rozporz\u0105dzenie i-Size (R129)<\/strong>. Ten model jest instalowany w poje\u017adzie za pomoc\u0105 <a href=\"https:\/\/www.monsiegeautobebe.fr\/pl\/systeme-de-fixation-isofix-pour-siege-auto-bebe\/\" target=\"_blank\" rel=\"noopener\">System mocowania ISOFIX<\/a> i g\u00f3rny pasek do szybkiego i \u0142atwego monta\u017cu. Jest to jeden z niewielu <a href=\"https:\/\/www.monsiegeautobebe.fr\/pl\/fotelik-samochodowy-jaki-wybrac\/\" target=\"_blank\" rel=\"noopener\">foteliki samochodowe dla dzieci<\/a> kt\u00f3ry nie wykorzystuje rozp\u00f3rek, co mo\u017ce by\u0107 przydatne, gdy na tylnych siedzeniach znajduj\u0105 si\u0119 skrzynie pod\u0142ogowe. Aby unikn\u0105\u0107 b\u0142\u0119d\u00f3w obs\u0142ugi, <strong>kilka wska\u017anik\u00f3w wizualnych<\/strong> wskazuj\u0105 na prawid\u0142ow\u0105 instalacj\u0119 fotelika. <strong>AxissFix by Maxi Cosi<\/strong> jest <a href=\"https:\/\/www.monsiegeautobebe.fr\/pl\/fotelik-samochodowy-jaki-wybrac\/\">fotelik samochodowy dla dziecka<\/a> System obrotowy, kt\u00f3ry jest stosunkowo kompaktowy w por\u00f3wnaniu z konkurentami, takimi jak <strong>Britax Dualfix<\/strong> lub <a href=\"https:\/\/www.monsiegeautobebe.fr\/pl\/comparatif-sieges-auto-bebe-cybex-sirona\/\" target=\"_blank\" rel=\"noopener noreferrer\">Cybex Sirona<\/a>. Jest to bardzo praktyczne, gdy masz ma\u0142y samoch\u00f3d lub kilka fotelik\u00f3w samochodowych z ty\u0142u. Model ten mo\u017ce by\u0107 u\u017cywany od <strong>61 do 105 cm<\/strong> lub <strong>Od 4 miesi\u0119cy do 4 lat<\/strong> na temat. Odwied\u017a <strong>Maxi Cosi AxissFix<\/strong> ma ogromn\u0105 zalet\u0119 <strong>obr\u00f3t o 360<\/strong>U\u0142atwia to instalacj\u0119 dziecka i dopasowanie uprz\u0119\u017cy, a tak\u017ce wyb\u00f3r fotelika montowanego przodem lub ty\u0142em do kierunku jazdy.<br \/>\n<a href=\"https:\/\/monsiegeautobebe.fr\/wp-content\/uploads\/2019\/12\/siege-auto-pivotant-bebe-confort-axissfix.jpg\"><img loading=\"lazy\" decoding=\"async\" class=\"alignleft size-large wp-image-2152\" src=\"https:\/\/monsiegeautobebe.fr\/wp-content\/uploads\/2019\/12\/siege-auto-pivotant-bebe-confort-axissfix-1024x423.jpg\" alt=\"Obrotowy fotelik samochodowy Maxi Cosi AxissFix\" width=\"702\" height=\"290\" srcset=\"https:\/\/www.monsiegeautobebe.fr\/wp-content\/uploads\/2019\/12\/siege-auto-pivotant-bebe-confort-axissfix-1024x423.jpg 1024w, https:\/\/www.monsiegeautobebe.fr\/wp-content\/uploads\/2019\/12\/siege-auto-pivotant-bebe-confort-axissfix-600x248.jpg 600w, https:\/\/www.monsiegeautobebe.fr\/wp-content\/uploads\/2019\/12\/siege-auto-pivotant-bebe-confort-axissfix-300x124.jpg 300w, https:\/\/www.monsiegeautobebe.fr\/wp-content\/uploads\/2019\/12\/siege-auto-pivotant-bebe-confort-axissfix-768x318.jpg 768w, https:\/\/www.monsiegeautobebe.fr\/wp-content\/uploads\/2019\/12\/siege-auto-pivotant-bebe-confort-axissfix.jpg 1400w\" sizes=\"(max-width: 702px) 100vw, 702px\" \/><\/a><br \/>\nZgodnie z <a href=\"https:\/\/www.monsiegeautobebe.fr\/pl\/reglementation-i-size-siege-auto-bebe\/\" target=\"_blank\" rel=\"noopener noreferrer\">nowe rozporz\u0105dzenie i-Size<\/a>, <strong>AxissFix<\/strong> musi by\u0107 u\u017cywany <strong>ty\u0142em do kierunku jazdy przez co najmniej 15 miesi\u0119cy.<\/strong> W rzeczywisto\u015bci, <strong>AxissFix<\/strong> umo\u017cliwia podr\u00f3\u017cowanie <strong>ty\u0142em do drogi od 61 do 87 cm<\/strong> <em>(w przybli\u017ceniu od 4 miesi\u0119cy do 2 lat).<\/em> nast\u0119pnie prze\u0142\u0105cz na <strong>w kierunku drogi od 76 do 105 cm<\/strong> <em>(od 15 miesi\u0119cy do ok. 4 lat)<\/em>. Jednak w celu zapewnienia optymalnego bezpiecze\u0144stwa w razie wypadku oraz ochrony g\u0142owy i szyi dziecka, kt\u00f3re w tym wieku s\u0105 nadal bardzo delikatne, zalecamy u\u017cywanie fotelika samochodowego w pozycji ty\u0142em do kierunku jazdy, do maksymalnej dozwolonej dla tego modelu. Chocia\u017c wa\u017cne jest, aby pami\u0119ta\u0107, \u017ce <strong><a href=\"https:\/\/www.monsiegeautobebe.fr\/pl\/voyager-siege-auto-dos-a-la-route\/\">podr\u00f3\u017cowanie ty\u0142em do drogi<\/a> jest 5 razy bezpieczniejszy<\/strong>Fotelik ten pozwala rodzicom, kt\u00f3rzy nadal niech\u0119tnie pozwalaj\u0105 dziecku siedzie\u0107 ty\u0142em do kierunku jazdy, jeszcze bardziej rozszerzy\u0107 t\u0119 pozycj\u0119, nadal maj\u0105c mo\u017cliwo\u015b\u0107 wyboru orientacji (przodem lub ty\u0142em do kierunku jazdy). Dla jeszcze wi\u0119kszego bezpiecze\u0144stwa, przycisk z przodu fotelika mo\u017ce by\u0107 u\u017cyty do zablokowania orientacji fotelika do czasu, a\u017c dziecko osi\u0105gnie wiek co najmniej 15 miesi\u0119cy.<\/p>\n<p><a href=\"https:\/\/monsiegeautobebe.fr\/wp-content\/uploads\/2019\/12\/bebe-confort-axissfix.jpg\"><img loading=\"lazy\" decoding=\"async\" class=\"aligncenter size-full wp-image-2149\" src=\"https:\/\/monsiegeautobebe.fr\/wp-content\/uploads\/2019\/12\/bebe-confort-axissfix.jpg\" alt=\"Fotelik samochodowy Maxi Cosi AxissFix\" width=\"800\" height=\"533\" srcset=\"https:\/\/www.monsiegeautobebe.fr\/wp-content\/uploads\/2019\/12\/bebe-confort-axissfix.jpg 1200w, https:\/\/www.monsiegeautobebe.fr\/wp-content\/uploads\/2019\/12\/bebe-confort-axissfix-600x400.jpg 600w, https:\/\/www.monsiegeautobebe.fr\/wp-content\/uploads\/2019\/12\/bebe-confort-axissfix-300x200.jpg 300w, https:\/\/www.monsiegeautobebe.fr\/wp-content\/uploads\/2019\/12\/bebe-confort-axissfix-1024x683.jpg 1024w, https:\/\/www.monsiegeautobebe.fr\/wp-content\/uploads\/2019\/12\/bebe-confort-axissfix-768x512.jpg 768w, https:\/\/www.monsiegeautobebe.fr\/wp-content\/uploads\/2019\/12\/bebe-confort-axissfix-104x69.jpg 104w\" sizes=\"(max-width: 800px) 100vw, 800px\" \/><\/a><\/p>\n<p>Co wi\u0119cej, to <strong>fotelik samochodowy dla dziecka<\/strong> ma <strong>Zag\u0142\u00f3wek z regulacj\u0105 wysoko\u015bci<\/strong> na 7 pozycjach, a <strong>5-punktowa uprz\u0105\u017c antypo\u015blizgowa<\/strong> i ma\u0142e haczyki po bokach, aby zapewni\u0107 <strong>utrzymuj uprz\u0105\u017c otwart\u0105<\/strong> podczas gdy dziecko siedzi spokojnie w foteliku samochodowym. Jest to r\u00f3wnie\u017c <strong>w pe\u0142ni zdejmowalny<\/strong> mo\u017cna pra\u0107 w pralce. Jedynym minusem tego fotelika samochodowego jest to, \u017ce pomimo <strong>4 pozycje pochylenia<\/strong> zar\u00f3wno przodem, jak i ty\u0142em do drogi, nie pozwala niekt\u00f3rym dzieciom <strong>przed uko\u0144czeniem 8 lub 9 miesi\u0105ca \u017cycia<\/strong> aby mie\u0107 wystarczaj\u0105co podpart\u0105 g\u0142ow\u0119 podczas zasypiania. Przy okazji, <strong>Maxi Cosi<\/strong> szybko rozwi\u0105za\u0142 ten problem, oferuj\u0105c model wyposa\u017cony w <strong>reduktor dla noworodk\u00f3w<\/strong>.<\/p>\n<p><center><a href=\"https:\/\/amzn.to\/3aJ313v\" class=\"sc-button sc-button-default sc-button-large\" target=\"_blank\" rel=\"noopener\"><span>ZOBACZ NAJLEPSZ\u0104 CEN\u0118<br \/>\nMAXI COSI AXISSFIX I-SIZE<\/span><\/a><\/center><\/p>\n<div class=\"caracteristique\">\n<div class=\"tableau2colonnes\">\n<div class=\"plus\">\n<p><span class=\"lesplus\">Plus<\/span><\/p>\n<div class=\"plustext\">\n<ul>\n<li>System mocowania ISOFIX<\/li>\n<li>Obr\u00f3t o 360<\/li>\n<li>Intuicyjny system rotacji<\/li>\n<li>Wygodny<\/li>\n<li>Kupony <a href=\"https:\/\/www.monsiegeautobebe.fr\/pl\/notation-crash-tests-adac\/\">Wyniki test\u00f3w zderzeniowych<\/a><\/li>\n<\/ul>\n<\/div>\n<\/div>\n<div class=\"moins\">\n<p><span class=\"lesmoins\">The -<\/span><\/p>\n<div class=\"plustext\">\n<ul>\n<li>Brak reduktora dla niemowl\u0105t<\/li>\n<li>Powr\u00f3t do drogi ograniczony do 87 cm (oko\u0142o 2 lat)<\/li>\n<li>Niewystarczaj\u0105ce pochylenie fotela<\/li>\n<\/ul>\n<\/div>\n<\/div>\n<\/div>\n<\/div>\n<h2><span class=\"ez-toc-section\" id=\"Maxi_Cosi_AxissFix_Plus_i-Size\"><\/span>Maxi Cosi AxissFix Plus i-Size<span class=\"ez-toc-section-end\"><\/span><\/h2>\n<p><a href=\"https:\/\/monsiegeautobebe.fr\/wp-content\/uploads\/2019\/12\/siege-auto-bebe-confort-axissfix-plus.jpg\"><img loading=\"lazy\" decoding=\"async\" class=\"alignleft size-full wp-image-2159\" src=\"https:\/\/monsiegeautobebe.fr\/wp-content\/uploads\/2019\/12\/siege-auto-bebe-confort-axissfix-plus.jpg\" alt=\"Maxi Cosi AxissFix Plus i-Size\" width=\"350\" height=\"367\" srcset=\"https:\/\/www.monsiegeautobebe.fr\/wp-content\/uploads\/2019\/12\/siege-auto-bebe-confort-axissfix-plus.jpg 900w, https:\/\/www.monsiegeautobebe.fr\/wp-content\/uploads\/2019\/12\/siege-auto-bebe-confort-axissfix-plus-600x630.jpg 600w, https:\/\/www.monsiegeautobebe.fr\/wp-content\/uploads\/2019\/12\/siege-auto-bebe-confort-axissfix-plus-286x300.jpg 286w, https:\/\/www.monsiegeautobebe.fr\/wp-content\/uploads\/2019\/12\/siege-auto-bebe-confort-axissfix-plus-768x806.jpg 768w\" sizes=\"(max-width: 350px) 100vw, 350px\" \/><\/a><strong>AxissFix Plus<\/strong> jest bezpo\u015brednim spadkobierc\u0105 <strong>AxissFix<\/strong> z kt\u00f3rym dzieli dok\u0142adnie te same cechy, zar\u00f3wno pod wzgl\u0119dem komfortu, jak i bezpiecze\u0144stwa. <strong>G\u0142\u00f3wna r\u00f3\u017cnica<\/strong> mi\u0119dzy tymi dwoma modelami polega na tym, \u017ce <strong>AxissFix Plus zawiera reduktor dla noworodk\u00f3w<\/strong> (nie sprzedawany oddzielnie). Pozwala to na <a href=\"https:\/\/www.monsiegeautobebe.fr\/pl\/fotelik-samochodowy-jaki-wybrac\/\" target=\"_blank\" rel=\"noopener\">fotelik samochodowy dla dziecka<\/a> mo\u017ce by\u0107 u\u017cywany od urodzenia <em>(od 45 do 60 cm)<\/em> nieznacznie koryguj\u0105c nachylenie, kt\u00f3rego brakowa\u0142o na <strong>AxissFix<\/strong>. Do u\u017cytku z fotelikiem samochodowym powy\u017cej 60 cm <em>(oko\u0142o 4 miesi\u0119cy)<\/em>Reduktor nale\u017cy po prostu usun\u0105\u0107, aby dziecko nie by\u0142o zbyt ciasne. <strong>AxissFix Plus<\/strong> to zatwierdzony fotelik i-Size do u\u017cytku od <strong>45 do 105 cm<\/strong> <em>(od urodzenia do ok. 4 lat)<\/em> z u\u017cyciem <strong>z powrotem do drogi od 45 do 87 cm<\/strong> <em>(od urodzenia do oko\u0142o 2 lat)<\/em> wtedy <strong>w kierunku drogi od 76 do 105 cm<\/strong> <em>(od 15 miesi\u0119cy do ok. 4 lat)<\/em>.<\/p>\n<p><a href=\"https:\/\/monsiegeautobebe.fr\/wp-content\/uploads\/2019\/12\/bebe-confort-axissfix-plus.jpg\"><img loading=\"lazy\" decoding=\"async\" class=\"aligncenter size-full wp-image-2151\" src=\"https:\/\/monsiegeautobebe.fr\/wp-content\/uploads\/2019\/12\/bebe-confort-axissfix-plus.jpg\" alt=\"Fotelik samochodowy Maxi Cosi AxissFix Plus\" width=\"800\" height=\"533\" srcset=\"https:\/\/www.monsiegeautobebe.fr\/wp-content\/uploads\/2019\/12\/bebe-confort-axissfix-plus.jpg 1200w, https:\/\/www.monsiegeautobebe.fr\/wp-content\/uploads\/2019\/12\/bebe-confort-axissfix-plus-600x400.jpg 600w, https:\/\/www.monsiegeautobebe.fr\/wp-content\/uploads\/2019\/12\/bebe-confort-axissfix-plus-300x200.jpg 300w, https:\/\/www.monsiegeautobebe.fr\/wp-content\/uploads\/2019\/12\/bebe-confort-axissfix-plus-1024x683.jpg 1024w, https:\/\/www.monsiegeautobebe.fr\/wp-content\/uploads\/2019\/12\/bebe-confort-axissfix-plus-768x512.jpg 768w, https:\/\/www.monsiegeautobebe.fr\/wp-content\/uploads\/2019\/12\/bebe-confort-axissfix-plus-104x69.jpg 104w\" sizes=\"(max-width: 800px) 100vw, 800px\" \/><\/a><\/p>\n<p>Jak <strong>AxissFix<\/strong>Montuje si\u0119 go na tylnych siedzeniach pojazdu poprzez pod\u0142\u0105czenie dw\u00f3ch zacisk\u00f3w ISOFIX i g\u00f3rnego paska mocuj\u0105cego do przewidzianych do tego punkt\u00f3w kotwiczenia. Nie ma wi\u0119kszej rewolucji w tym modelu, kt\u00f3ry ma t\u0119 zalet\u0119, \u017ce mo\u017ce by\u0107 u\u017cywany zaraz po opuszczeniu oddzia\u0142u po\u0142o\u017cniczego.<\/p>\n<p><center><a href=\"https:\/\/amzn.to\/3dzsuhu\" class=\"sc-button sc-button-default sc-button-large\" target=\"_blank\" rel=\"noopener\"><span>ZOBACZ NAJLEPSZ\u0104 CEN\u0118<br \/>\nMAXI COSI AXISSFIX PLUS I-SIZE<\/span><\/a><\/center><\/p>\n<div class=\"caracteristique\">\n<div class=\"tableau2colonnes\">\n<div class=\"plus\">\n<p><span class=\"lesplus\">Plus<\/span><\/p>\n<div class=\"plustext\">\n<ul>\n<li>System mocowania ISOFIX<\/li>\n<li>Obr\u00f3t o 360<\/li>\n<li>Intuicyjny system rotacji<\/li>\n<li>Reduktor dla noworodk\u00f3w<\/li>\n<li>Wygodny<\/li>\n<li>Dobre wyniki test\u00f3w zderzeniowych<\/li>\n<\/ul>\n<\/div>\n<\/div>\n<div class=\"moins\">\n<p><span class=\"lesmoins\">The -<\/span><\/p>\n<div class=\"plustext\">\n<ul>\n<li>Powr\u00f3t do drogi ograniczony do 87 cm (oko\u0142o 2 lat)<\/li>\n<\/ul>\n<\/div>\n<\/div>\n<\/div>\n<\/div>\n<h2><span class=\"ez-toc-section\" id=\"Maxi_Cosi_AxissFix_Air_i-Size\"><\/span>Maxi Cosi AxissFix Air i-Size<span class=\"ez-toc-section-end\"><\/span><\/h2>\n<p><a href=\"https:\/\/monsiegeautobebe.fr\/wp-content\/uploads\/2019\/12\/siege-auto-bebe-confort-axissfix-air.jpg\"><img loading=\"lazy\" decoding=\"async\" class=\"alignleft size-full wp-image-2161\" src=\"https:\/\/monsiegeautobebe.fr\/wp-content\/uploads\/2019\/12\/siege-auto-bebe-confort-axissfix-air.jpg\" alt=\"Maxi Cosi AxissFix Air i-Size\" width=\"350\" height=\"367\" srcset=\"https:\/\/www.monsiegeautobebe.fr\/wp-content\/uploads\/2019\/12\/siege-auto-bebe-confort-axissfix-air.jpg 900w, https:\/\/www.monsiegeautobebe.fr\/wp-content\/uploads\/2019\/12\/siege-auto-bebe-confort-axissfix-air-600x630.jpg 600w, https:\/\/www.monsiegeautobebe.fr\/wp-content\/uploads\/2019\/12\/siege-auto-bebe-confort-axissfix-air-286x300.jpg 286w, https:\/\/www.monsiegeautobebe.fr\/wp-content\/uploads\/2019\/12\/siege-auto-bebe-confort-axissfix-air-768x806.jpg 768w\" sizes=\"(max-width: 350px) 100vw, 350px\" \/><\/a><strong>AxissFix Air<\/strong> to najnowszy dodatek do gamy krzese\u0142 obrotowych AxissFix, z wieloma takimi samymi funkcjami. Model ten wyr\u00f3\u017cnia si\u0119 na tle swoich poprzednik\u00f3w i g\u0142\u00f3wnych konkurent\u00f3w dzi\u0119ki istotnej innowacji. Powa\u017cna innowacja, <strong>AxissFix Air<\/strong> jest pierwszym modelem <strong>zawieraj\u0105 system poduszek powietrznych<\/strong> <em>(Technologia bezpiecze\u0144stwa lotniczego)<\/em> aby skuteczniej chroni\u0107 dzieci w razie wypadku. Czytaj wi\u0119cej, <strong>AxissFix Air<\/strong> jest wyposa\u017cony w nab\u00f3j CO2. Gdy tylko system bezpiecze\u0144stwa fotelika samochodowego wykryje kolizj\u0119, uruchamia si\u0119 w ci\u0105gu kilku milisekund <strong>dwie poduszki powietrzne umieszczone w pasach naramiennych uprz\u0119\u017cy<\/strong> kt\u00f3ry nast\u0119pnie wype\u0142nia si\u0119 zimnym powietrzem (bez ryzyka poparzenia), amortyzuj\u0105c g\u0142ow\u0119 i szyj\u0119 dziecka jak poduszka, a nast\u0119pnie opr\u00f3\u017cnia si\u0119.<br \/>\n<a href=\"https:\/\/monsiegeautobebe.fr\/wp-content\/uploads\/2019\/12\/bebe-confort-axissfix-air-technologie-air-safety.jpg\"><img loading=\"lazy\" decoding=\"async\" class=\"aligncenter size-full wp-image-2128\" src=\"https:\/\/monsiegeautobebe.fr\/wp-content\/uploads\/2019\/12\/bebe-confort-axissfix-air-technologie-air-safety.jpg\" alt=\"Technologia Air Safety w foteliku Maxi Cosi AxissFix Air\" width=\"1000\" height=\"325\" srcset=\"https:\/\/www.monsiegeautobebe.fr\/wp-content\/uploads\/2019\/12\/bebe-confort-axissfix-air-technologie-air-safety.jpg 1000w, https:\/\/www.monsiegeautobebe.fr\/wp-content\/uploads\/2019\/12\/bebe-confort-axissfix-air-technologie-air-safety-600x195.jpg 600w, https:\/\/www.monsiegeautobebe.fr\/wp-content\/uploads\/2019\/12\/bebe-confort-axissfix-air-technologie-air-safety-300x98.jpg 300w, https:\/\/www.monsiegeautobebe.fr\/wp-content\/uploads\/2019\/12\/bebe-confort-axissfix-air-technologie-air-safety-768x250.jpg 768w\" sizes=\"(max-width: 1000px) 100vw, 1000px\" \/><\/a><br \/>\nZgodnie z <strong>Najnowsza regulacja i-Size (R129)<\/strong>, <strong>AxissFix Air<\/strong> to obracaj\u0105cy si\u0119 o 360\u00b0 fotelik samochodowy, kt\u00f3ry jest idealny dla dzieci od 1. roku \u017cycia. <strong>61 do 105 cm<\/strong> <em>(od ok. 4 miesi\u0119cy do ok. 4 lat)<\/em> z mo\u017cliw\u0105 instalacj\u0105 <strong>ty\u0142em do drogi od 61 do 87 cm<\/strong> <em>(w przybli\u017ceniu od 4 miesi\u0119cy do 2 lat).<\/em> wtedy <strong>w kierunku drogi od 76 do 105 cm<\/strong> <em>(od 15 miesi\u0119cy do ok. 4 lat)<\/em>. Pod wzgl\u0119dem komfortu, <strong>Wy\u015bci\u00f3\u0142ka siedzenia i uprz\u0119\u017cy<\/strong> i <strong>zag\u0142\u00f3wek<\/strong> AxissFix Air zosta\u0142 ulepszony, aby zapewni\u0107 dziecku jeszcze wi\u0119kszy komfort.<br \/>\n<a href=\"https:\/\/monsiegeautobebe.fr\/wp-content\/uploads\/2019\/12\/bebe-confort-axissfix-air.jpg\"><img loading=\"lazy\" decoding=\"async\" class=\"aligncenter size-full wp-image-2150\" src=\"https:\/\/monsiegeautobebe.fr\/wp-content\/uploads\/2019\/12\/bebe-confort-axissfix-air.jpg\" alt=\"Fotelik samochodowy Maxi Cosi AxissFix Air\" width=\"800\" height=\"533\" srcset=\"https:\/\/www.monsiegeautobebe.fr\/wp-content\/uploads\/2019\/12\/bebe-confort-axissfix-air.jpg 1200w, https:\/\/www.monsiegeautobebe.fr\/wp-content\/uploads\/2019\/12\/bebe-confort-axissfix-air-600x400.jpg 600w, https:\/\/www.monsiegeautobebe.fr\/wp-content\/uploads\/2019\/12\/bebe-confort-axissfix-air-300x200.jpg 300w, https:\/\/www.monsiegeautobebe.fr\/wp-content\/uploads\/2019\/12\/bebe-confort-axissfix-air-1024x683.jpg 1024w, https:\/\/www.monsiegeautobebe.fr\/wp-content\/uploads\/2019\/12\/bebe-confort-axissfix-air-768x512.jpg 768w, https:\/\/www.monsiegeautobebe.fr\/wp-content\/uploads\/2019\/12\/bebe-confort-axissfix-air-104x69.jpg 104w\" sizes=\"(max-width: 800px) 100vw, 800px\" \/><\/a><br \/>\nJak to ju\u017c mia\u0142o miejsce w przypadku <strong>Maxi Cosi AxissFix<\/strong>Odchylenie jest jednak nadal niewystarczaj\u0105ce dla najmniejszych dzieci, co mo\u017ce prowadzi\u0107 do odroczenia korzystania z niego na kilka miesi\u0119cy i kontynuowania korzystania z urz\u0105dzenia. <a href=\"https:\/\/www.monsiegeautobebe.fr\/pl\/najlepszy-fotelik-dla-niemowlaka\/\" target=\"_blank\" rel=\"noopener\">przytulanka dla niemowl\u0105t<\/a>. W przeciwie\u0144stwie do <strong>Maxi Cosi AxissFix Plus<\/strong>Ten model nie jest wyposa\u017cony w skrzyni\u0119 bieg\u00f3w. Drugi punkt ujemny, <strong>Zapi\u0119cie poduszki powietrznej<\/strong> poniewa\u017c jest umieszczony nieco wysoko, mo\u017ce by\u0107 niewygodny dla szyi i podbr\u00f3dk\u00f3w niekt\u00f3rych dzieci. Pomimo tych niedogodno\u015bci, <strong>AxissFix Air<\/strong> to nadal bardzo dobry wyb\u00f3r do bezpiecznego przewo\u017cenia dzieci.<\/p>\n<p><center><a href=\"https:\/\/tidd.ly\/3dzt0vW\" class=\"sc-button sc-button-default sc-button-large\" target=\"_blank\" rel=\"noopener\"><span>ZOBACZ NAJLEPSZ\u0104 CEN\u0118<br \/>\nMAXI COSI AXISSFIX AIR I-SIZE<\/span><\/a><\/center><\/p>\n<div class=\"caracteristique\">\n<div class=\"tableau2colonnes\">\n<div class=\"plus\">\n<p><span class=\"lesplus\">Plus<\/span><\/p>\n<div class=\"plustext\">\n<ul>\n<li>System mocowania ISOFIX<\/li>\n<li>Obr\u00f3t o 360<\/li>\n<li>Intuicyjny system rotacji<\/li>\n<li>Zintegrowane poduszki powietrzne<\/li>\n<li>Wygodny<\/li>\n<li>Dobre wyniki test\u00f3w zderzeniowych<\/li>\n<\/ul>\n<\/div>\n<\/div>\n<div class=\"moins\">\n<p><span class=\"lesmoins\">The -<\/span><\/p>\n<div class=\"plustext\">\n<ul>\n<li>Brak reduktora dla niemowl\u0105t<\/li>\n<li>Powr\u00f3t do drogi ograniczony do 87 cm (oko\u0142o 2 lat)<\/li>\n<li>Niewystarczaj\u0105ce pochylenie fotela<\/li>\n<li>Zapi\u0119cie poduszki powietrznej troch\u0119 wysoko<\/li>\n<li>Wysokie ceny<\/li>\n<\/ul>\n<\/div>\n<\/div>\n<\/div>\n<\/div>\n<h2><span class=\"ez-toc-section\" id=\"La_Gamme_de_Sieges_Auto_Maxi_Cosi_AxissFix\"><\/span>Gama fotelik\u00f3w samochodowych Maxi Cosi AxissFix<span class=\"ez-toc-section-end\"><\/span><\/h2>\n<p><iframe title=\"AXISSFIX, AXISSFIX PLUS I AXISSFIX AIR TABELA POR\u00d3WNAWCZA KOMFORTU DZIECKA\" width=\"788\" height=\"443\" src=\"https:\/\/www.youtube.com\/embed\/2jxAGuw4JDU?feature=oembed\" frameborder=\"0\" allow=\"accelerometer; autoplay; clipboard-write; encrypted-media; gyroscope; picture-in-picture; web-share\" allowfullscreen><\/iframe><\/p>","protected":false},"excerpt":{"rendered":"<p>Od kilku lat foteliki samochodowe Maxi Cosi AxissFix, AxissFix Plus i AxissFix Air ciesz\u0105 si\u0119 uznaniem konsument\u00f3w jako jedne z najlepszych obrotowych fotelik\u00f3w samochodowych, szczeg\u00f3lnie dzi\u0119ki doskona\u0142ym wynikom test\u00f3w zderzeniowych. Od czasu wprowadzenia na rynek fotelika Axiss w 2008 roku, pierwszego obrotowego modelu marki, Maxi Cosi kontynuuje wprowadzanie innowacji.<\/p>","protected":false},"author":2,"featured_media":2112,"comment_status":"open","ping_status":"open","sticky":false,"template":"","format":"standard","meta":{"footnotes":""},"categories":[19],"tags":[282,43],"class_list":{"0":"post-2101","1":"post","2":"type-post","3":"status-publish","4":"format-standard","5":"has-post-thumbnail","7":"category-comparatifs","8":"tag-maxi-cosi-axissfix","9":"tag-maxi-cosi"},"_links":{"self":[{"href":"https:\/\/www.monsiegeautobebe.fr\/pl\/wp-json\/wp\/v2\/posts\/2101","targetHints":{"allow":["GET"]}}],"collection":[{"href":"https:\/\/www.monsiegeautobebe.fr\/pl\/wp-json\/wp\/v2\/posts"}],"about":[{"href":"https:\/\/www.monsiegeautobebe.fr\/pl\/wp-json\/wp\/v2\/types\/post"}],"author":[{"embeddable":true,"href":"https:\/\/www.monsiegeautobebe.fr\/pl\/wp-json\/wp\/v2\/users\/2"}],"replies":[{"embeddable":true,"href":"https:\/\/www.monsiegeautobebe.fr\/pl\/wp-json\/wp\/v2\/comments?post=2101"}],"version-history":[{"count":0,"href":"https:\/\/www.monsiegeautobebe.fr\/pl\/wp-json\/wp\/v2\/posts\/2101\/revisions"}],"wp:featuredmedia":[{"embeddable":true,"href":"https:\/\/www.monsiegeautobebe.fr\/pl\/wp-json\/wp\/v2\/media\/2112"}],"wp:attachment":[{"href":"https:\/\/www.monsiegeautobebe.fr\/pl\/wp-json\/wp\/v2\/media?parent=2101"}],"wp:term":[{"taxonomy":"category","embeddable":true,"href":"https:\/\/www.monsiegeautobebe.fr\/pl\/wp-json\/wp\/v2\/categories?post=2101"},{"taxonomy":"post_tag","embeddable":true,"href":"https:\/\/www.monsiegeautobebe.fr\/pl\/wp-json\/wp\/v2\/tags?post=2101"}],"curies":[{"name":"wp","href":"https:\/\/api.w.org\/{rel}","templated":true}]}}