{"id":1055,"date":"2019-10-18T19:59:04","date_gmt":"2019-10-18T19:59:04","guid":{"rendered":"https:\/\/monsiegeautobebe.fr\/?p=1055"},"modified":"2023-02-24T15:54:53","modified_gmt":"2023-02-24T14:54:53","slug":"fotelik-samochodowy-jaki-wybrac","status":"publish","type":"post","link":"https:\/\/www.monsiegeautobebe.fr\/pl\/fotelik-samochodowy-jaki-wybrac\/","title":{"rendered":"Jak Wybra\u0107 Fotelik Samochodowy Dla Dziecka?"},"content":{"rendered":"<p>Kiedy przygotowujesz si\u0119 na przyj\u015bcie dziecka na \u015bwiat, pojawia si\u0119 pytanie <strong>wyb\u00f3r <a href=\"https:\/\/www.monsiegeautobebe.fr\/pl\/\">fotelik samochodowy<\/a> dziecko<\/strong> i nie bez powodu: ma to kluczowe znaczenie. <strong>Obowi\u0105zkowe zaraz po opuszczeniu szpitala po\u0142o\u017cniczego<\/strong>Wyb\u00f3r fotelika samochodowego dla dziecka nie jest \u0142atwy. Najwa\u017cniejsz\u0105 rzecz\u0105 do rozwa\u017cenia przy zakupie fotelika samochodowego jest przede wszystkim <strong>waga i wiek dziecka<\/strong>. Aby systemy ochronne w ka\u017cdym foteliku samochodowym by\u0142y jak najbardziej skuteczne, musz\u0105 by\u0107 idealnie dopasowane do potrzeb dziecka. <strong>dostosowa\u0107 si\u0119 do morfologii dziecka<\/strong> na ka\u017cdym etapie jego rozwoju. Wykorzystanie <strong>fotelik samochodowy<\/strong> znacznie zmniejsza <strong>ryzyko powa\u017cnych obra\u017ce\u0144<\/strong> w razie wypadku. To jest nasz <strong>przewodnik zakupu<\/strong> aby pom\u00f3c Ci znale\u017a\u0107 <strong>najlepszy fotelik samochodowy dla dziecka<\/strong>.<\/p>\n<div id=\"ez-toc-container\" class=\"ez-toc-v2_0_82_2 counter-hierarchy ez-toc-counter ez-toc-grey ez-toc-container-direction\">\n<div class=\"ez-toc-title-container\">\n<p class=\"ez-toc-title\" style=\"cursor:inherit\">Zawarto\u015b\u0107<\/p>\n<span class=\"ez-toc-title-toggle\"><a href=\"#\" class=\"ez-toc-pull-right ez-toc-btn ez-toc-btn-xs ez-toc-btn-default ez-toc-toggle\" aria-label=\"Prze\u0142\u0105cznik Spisu Tre\u015bci\"><span class=\"ez-toc-js-icon-con\"><span class=\"\"><span class=\"eztoc-hide\" style=\"display:none;\">Toggle<\/span><span class=\"ez-toc-icon-toggle-span\"><svg style=\"fill: #999;color:#999\" xmlns=\"http:\/\/www.w3.org\/2000\/svg\" class=\"list-377408\" width=\"20px\" height=\"20px\" viewbox=\"0 0 24 24\" fill=\"none\"><path d=\"M6 6H4v2h2V6zm14 0H8v2h12V6zM4 11h2v2H4v-2zm16 0H8v2h12v-2zM4 16h2v2H4v-2zm16 0H8v2h12v-2z\" fill=\"currentColor\"><\/path><\/svg><svg style=\"fill: #999;color:#999\" class=\"arrow-unsorted-368013\" xmlns=\"http:\/\/www.w3.org\/2000\/svg\" width=\"10px\" height=\"10px\" viewbox=\"0 0 24 24\" version=\"1.2\" baseprofile=\"tiny\"><path d=\"M18.2 9.3l-6.2-6.3-6.2 6.3c-.2.2-.3.4-.3.7s.1.5.3.7c.2.2.4.3.7.3h11c.3 0 .5-.1.7-.3.2-.2.3-.5.3-.7s-.1-.5-.3-.7zM5.8 14.7l6.2 6.3 6.2-6.3c.2-.2.3-.5.3-.7s-.1-.5-.3-.7c-.2-.2-.4-.3-.7-.3h-11c-.3 0-.5.1-.7.3-.2.2-.3.5-.3.7s.1.5.3.7z\"\/><\/svg><\/span><\/span><\/span><\/a><\/span><\/div>\n<nav><ul class='ez-toc-list ez-toc-list-level-1 eztoc-toggle-hide-by-default' ><li class='ez-toc-page-1 ez-toc-heading-level-2'><a class=\"ez-toc-link ez-toc-heading-1\" href=\"https:\/\/www.monsiegeautobebe.fr\/pl\/fotelik-samochodowy-jaki-wybrac\/#Les_Differents_Groupes_De_Sieges_Auto_Bebe\" >R\u00f3\u017cne grupy fotelik\u00f3w samochodowych dla niemowl\u0105t<\/a><ul class='ez-toc-list-level-3' ><li class='ez-toc-heading-level-3'><a class=\"ez-toc-link ez-toc-heading-2\" href=\"https:\/\/www.monsiegeautobebe.fr\/pl\/fotelik-samochodowy-jaki-wybrac\/#A_Quoi_Sert_Lhomologation_Des_Sieges_Auto\" >Jaki jest cel certyfikacji fotelik\u00f3w samochodowych?<\/a><\/li><li class='ez-toc-page-1 ez-toc-heading-level-3'><a class=\"ez-toc-link ez-toc-heading-3\" href=\"https:\/\/www.monsiegeautobebe.fr\/pl\/fotelik-samochodowy-jaki-wybrac\/#Les_Differentes_Reglementations_Europeennes_R129_i-Size_et_R44\" >R\u00f3\u017cne przepisy europejskie R129 (i-Size) i R44<\/a><\/li><li class='ez-toc-page-1 ez-toc-heading-level-3'><a class=\"ez-toc-link ez-toc-heading-4\" href=\"https:\/\/www.monsiegeautobebe.fr\/pl\/fotelik-samochodowy-jaki-wybrac\/#La_Reglementation_R129_i-Size_classification_des_sieges_auto_bebe_selon_la_taille_de_lenfant\" >Rozporz\u0105dzenie R129 (i-Size): klasyfikacja fotelik\u00f3w samochodowych dla niemowl\u0105t wed\u0142ug rozmiaru dziecka<\/a><\/li><li class='ez-toc-page-1 ez-toc-heading-level-3'><a class=\"ez-toc-link ez-toc-heading-5\" href=\"https:\/\/www.monsiegeautobebe.fr\/pl\/fotelik-samochodowy-jaki-wybrac\/#La_Reglementation_ECE_R44_classification_des_sieges_auto_bebe_selon_le_poids_de_lenfant\" >Przepisy ECE R44: klasyfikacja fotelik\u00f3w samochodowych dla dzieci w zale\u017cno\u015bci od wagi dziecka<\/a><ul class='ez-toc-list-level-4' ><li class='ez-toc-heading-level-4'><a class=\"ez-toc-link ez-toc-heading-6\" href=\"https:\/\/www.monsiegeautobebe.fr\/pl\/fotelik-samochodowy-jaki-wybrac\/#Les_Principales_Differences_Entre_La_Reglementation_R4404_Et_R129_i-Size\" >G\u0142\u00f3wne r\u00f3\u017cnice mi\u0119dzy regulacjami R44\/04 i R129 (i-Size)<\/a><\/li><\/ul><\/li><li class='ez-toc-page-1 ez-toc-heading-level-3'><a class=\"ez-toc-link ez-toc-heading-7\" href=\"https:\/\/www.monsiegeautobebe.fr\/pl\/fotelik-samochodowy-jaki-wybrac\/#Devez-Vous_Obligatoirement_Opter_pour_un_Siege_Auto_i-Size\" >Czy musisz wybra\u0107 fotelik samochodowy i-Size?<\/a><\/li><\/ul><\/li><li class='ez-toc-page-1 ez-toc-heading-level-2'><a class=\"ez-toc-link ez-toc-heading-8\" href=\"https:\/\/www.monsiegeautobebe.fr\/pl\/fotelik-samochodowy-jaki-wybrac\/#Comment_Bien_Choisir_son_Siege_Auto_Bebe\" >Jak wybra\u0107 odpowiedni fotelik samochodowy dla dziecka?<\/a><ul class='ez-toc-list-level-3' ><li class='ez-toc-heading-level-3'><a class=\"ez-toc-link ez-toc-heading-9\" href=\"https:\/\/www.monsiegeautobebe.fr\/pl\/fotelik-samochodowy-jaki-wybrac\/#Le_Poids_Et_La_Taille_De_lEnfant\" >Waga i wzrost dzieci<\/a><\/li><li class='ez-toc-page-1 ez-toc-heading-level-3'><a class=\"ez-toc-link ez-toc-heading-10\" href=\"https:\/\/www.monsiegeautobebe.fr\/pl\/fotelik-samochodowy-jaki-wybrac\/#Les_Resultats_Des_Sieges_Auto_Aux_Crash-Tests\" >Wyniki test\u00f3w zderzeniowych fotelik\u00f3w samochodowych<\/a><\/li><li class='ez-toc-page-1 ez-toc-heading-level-3'><a class=\"ez-toc-link ez-toc-heading-11\" href=\"https:\/\/www.monsiegeautobebe.fr\/pl\/fotelik-samochodowy-jaki-wybrac\/#Le_Confort_Du_Siege_Auto_Bebe\" >Wygoda dzieci\u0119cego fotelika samochodowego<\/a><\/li><li class='ez-toc-page-1 ez-toc-heading-level-3'><a class=\"ez-toc-link ez-toc-heading-12\" href=\"https:\/\/www.monsiegeautobebe.fr\/pl\/fotelik-samochodowy-jaki-wybrac\/#Votre_Modele_De_Voiture\" >Model samochodu<\/a><\/li><li class='ez-toc-page-1 ez-toc-heading-level-3'><a class=\"ez-toc-link ez-toc-heading-13\" href=\"https:\/\/www.monsiegeautobebe.fr\/pl\/fotelik-samochodowy-jaki-wybrac\/#Votre_Budget\" >Tw\u00f3j bud\u017cet<\/a><\/li><\/ul><\/li><li class='ez-toc-page-1 ez-toc-heading-level-2'><a class=\"ez-toc-link ez-toc-heading-14\" href=\"https:\/\/www.monsiegeautobebe.fr\/pl\/fotelik-samochodowy-jaki-wybrac\/#Les_Principales_Caracteristiques_des_Sieges_Auto_Bebe\" >G\u0142\u00f3wne cechy fotelik\u00f3w samochodowych dla dzieci<\/a><ul class='ez-toc-list-level-3' ><li class='ez-toc-heading-level-3'><a class=\"ez-toc-link ez-toc-heading-15\" href=\"https:\/\/www.monsiegeautobebe.fr\/pl\/fotelik-samochodowy-jaki-wybrac\/#La_Position_du_Siege_Auto_Face_ou_Dos_a_la_Route\" >Pozycja fotelika samochodowego: przodem czy ty\u0142em do kierunku jazdy?<\/a><\/li><li class='ez-toc-page-1 ez-toc-heading-level-3'><a class=\"ez-toc-link ez-toc-heading-16\" href=\"https:\/\/www.monsiegeautobebe.fr\/pl\/fotelik-samochodowy-jaki-wybrac\/#Les_Systemes_de_Fixation_des_Sieges_Auto_Bebe\" >Systemy mocowania fotelik\u00f3w samochodowych dla dzieci<\/a><ul class='ez-toc-list-level-4' ><li class='ez-toc-heading-level-4'><a class=\"ez-toc-link ez-toc-heading-17\" href=\"https:\/\/www.monsiegeautobebe.fr\/pl\/fotelik-samochodowy-jaki-wybrac\/#La_Ceinture_De_Securite\" >Pas bezpiecze\u0144stwa<\/a><\/li><li class='ez-toc-page-1 ez-toc-heading-level-4'><a class=\"ez-toc-link ez-toc-heading-18\" href=\"https:\/\/www.monsiegeautobebe.fr\/pl\/fotelik-samochodowy-jaki-wybrac\/#Le_Systeme_De_Fixation_ISOFIX\" >System mocowania ISOFIX<\/a><\/li><\/ul><\/li><li class='ez-toc-page-1 ez-toc-heading-level-3'><a class=\"ez-toc-link ez-toc-heading-19\" href=\"https:\/\/www.monsiegeautobebe.fr\/pl\/fotelik-samochodowy-jaki-wybrac\/#Le_Systeme_de_Retenue_Harnais_ou_Bouclier\" >System bezpiecze\u0144stwa: uprz\u0105\u017c czy tarcza?<\/a><\/li><\/ul><\/li><li class='ez-toc-page-1 ez-toc-heading-level-2'><a class=\"ez-toc-link ez-toc-heading-20\" href=\"https:\/\/www.monsiegeautobebe.fr\/pl\/fotelik-samochodowy-jaki-wybrac\/#Les_Differents_Types_de_Sieges_Auto_Bebe\" >R\u00f3\u017cne rodzaje fotelik\u00f3w samochodowych dla dzieci<\/a><ul class='ez-toc-list-level-3' ><li class='ez-toc-heading-level-3'><a class=\"ez-toc-link ez-toc-heading-21\" href=\"https:\/\/www.monsiegeautobebe.fr\/pl\/fotelik-samochodowy-jaki-wybrac\/#Les_Sieges_Auto_Pour_Bebe_de_la_naissance_a_12_mois_env\" >Foteliki samochodowe dla dzieci (od urodzenia do oko\u0142o 12 miesi\u0119cy)<\/a><ul class='ez-toc-list-level-4' ><li class='ez-toc-heading-level-4'><a class=\"ez-toc-link ez-toc-heading-22\" href=\"https:\/\/www.monsiegeautobebe.fr\/pl\/fotelik-samochodowy-jaki-wybrac\/#La_Nacelle_de_la_naissance_a_6_mois_env\" >La Nacelle (od urodzenia do oko\u0142o 6 miesi\u0119cy)<\/a><\/li><li class='ez-toc-page-1 ez-toc-heading-level-4'><a class=\"ez-toc-link ez-toc-heading-23\" href=\"https:\/\/www.monsiegeautobebe.fr\/pl\/fotelik-samochodowy-jaki-wybrac\/#Le_Cosy_Bebe_de_la_naissance_a_15_mois_env\" >Le Cosy B\u00e9b\u00e9 (od urodzenia do oko\u0142o 15 miesi\u0119cy)<\/a><\/li><li class='ez-toc-page-1 ez-toc-heading-level-4'><a class=\"ez-toc-link ez-toc-heading-24\" href=\"https:\/\/www.monsiegeautobebe.fr\/pl\/fotelik-samochodowy-jaki-wybrac\/#Les_Sieges_Auto_Pour_Enfants_de_6_mois_a_4_ans_env\" >Foteliki samochodowe dla dzieci (od 6 miesi\u0119cy do ok. 4 lat)<\/a><\/li><li class='ez-toc-page-1 ez-toc-heading-level-4'><a class=\"ez-toc-link ez-toc-heading-25\" href=\"https:\/\/www.monsiegeautobebe.fr\/pl\/fotelik-samochodowy-jaki-wybrac\/#Les_Rehausseurs_de_3_ans_a_12_ans_env\" >Foteliki podwy\u017cszaj\u0105ce (od 3 do 12 lat)<\/a><\/li><li class='ez-toc-page-1 ez-toc-heading-level-4'><a class=\"ez-toc-link ez-toc-heading-26\" href=\"https:\/\/www.monsiegeautobebe.fr\/pl\/fotelik-samochodowy-jaki-wybrac\/#Les_Sieges_Auto_Evolutifs\" >Ewoluuj\u0105ce foteliki samochodowe<\/a><\/li><li class='ez-toc-page-1 ez-toc-heading-level-4'><a class=\"ez-toc-link ez-toc-heading-27\" href=\"https:\/\/www.monsiegeautobebe.fr\/pl\/fotelik-samochodowy-jaki-wybrac\/#Les_Sieges_Auto_Pivotants\" >Obrotowe foteliki samochodowe<\/a><\/li><\/ul><\/li><\/ul><\/li><li class='ez-toc-page-1 ez-toc-heading-level-2'><a class=\"ez-toc-link ez-toc-heading-28\" href=\"https:\/\/www.monsiegeautobebe.fr\/pl\/fotelik-samochodowy-jaki-wybrac\/#Combien_De_Siege_Auto_Devez-Vous_Acheter\" >Ile fotelik\u00f3w samochodowych potrzebujesz?<\/a><\/li><li class='ez-toc-page-1 ez-toc-heading-level-2'><a class=\"ez-toc-link ez-toc-heading-29\" href=\"https:\/\/www.monsiegeautobebe.fr\/pl\/fotelik-samochodowy-jaki-wybrac\/#Les_Points_Essentiels_Dans_Le_Choix_Dun_Siege_Auto_Bebe\" >Najwa\u017cniejsze punkty przy wyborze fotelika samochodowego dla dziecka<\/a><\/li><\/ul><\/nav><\/div>\n<h2><span class=\"ez-toc-section\" id=\"Les_Differents_Groupes_De_Sieges_Auto_Bebe\"><\/span>R\u00f3\u017cne grupy fotelik\u00f3w samochodowych dla niemowl\u0105t<span class=\"ez-toc-section-end\"><\/span><\/h2>\n<h3><span class=\"ez-toc-section\" id=\"A_Quoi_Sert_Lhomologation_Des_Sieges_Auto\"><\/span>Jaki jest cel certyfikacji fotelik\u00f3w samochodowych?<span class=\"ez-toc-section-end\"><\/span><\/h3>\n<p>Francuskie, a przede wszystkim europejskie przepisy zapewniaj\u0105, \u017ce fotelik samochodowy gwarantuje <strong>wystarczaj\u0105cy poziom ochrony<\/strong> dla dziecka w razie wypadku. We Francji, <strong>dziecko w wieku poni\u017cej 10 lat<\/strong> musz\u0105 by\u0107 utrzymywane przez <strong>zatwierdzone urz\u0105dzenie przytrzymuj\u0105ce<\/strong> specyficzne dla <strong>wiek, waga i kszta\u0142t cia\u0142a<\/strong>. <strong>Certyfikacja jest obowi\u0105zkowa<\/strong> dla wszystkich fotelik\u00f3w samochodowych sprzedawanych w Unii Europejskiej. Wskazuje si\u0119 <a href=\"https:\/\/www.monsiegeautobebe.fr\/pl\/how-to-decrypt-label-homologation-r129-i-size-r44\/\">specjalna pomara\u0144czowa etykieta na ka\u017cdym foteliku samochodowym<\/a>Ta strona zawiera wszystkie niezb\u0119dne informacje na temat dw\u00f3ch rozporz\u0105dze\u0144 obowi\u0105zuj\u0105cych obecnie w Europie: <strong>R129 (i-Size) i ECE R44<\/strong>.<\/p>\n<p>Dwa europejskie rozporz\u0105dzenia maj\u0105 obecnie zastosowanie \u0142\u0105cznie do <strong>foteliki samochodowe dla dzieci<\/strong> :<\/p>\n<ul>\n<li><strong>Regulacja R129 (i-Size)<\/strong>kt\u00f3ra klasyfikuje foteliki samochodowe wed\u0142ug <strong>rozmiar dziecka<\/strong> i,<\/li>\n<li><strong>Przepisy ECE R44\/04<\/strong>kt\u00f3ra definiuje grupy miejsc wed\u0142ug <strong>waga dziecka<\/strong>.<\/li>\n<\/ul>\n<p>https:\/\/www.youtube.com\/watch?v=VvqdiN-L3so<\/p>\n<h3><span class=\"ez-toc-section\" id=\"Les_Differentes_Reglementations_Europeennes_R129_i-Size_et_R44\"><\/span>R\u00f3\u017cne europejskie przepisy dotycz\u0105ce R129 <em>(i-Size)<\/em> i R44<span class=\"ez-toc-section-end\"><\/span><\/h3>\n<ul>\n<li>\n<h3><span class=\"ez-toc-section\" id=\"La_Reglementation_R129_i-Size_classification_des_sieges_auto_bebe_selon_la_taille_de_lenfant\"><\/span>Regulamin R129 <em>(i-Size)<\/em> Klasyfikacja fotelik\u00f3w samochodowych w zale\u017cno\u015bci od rozmiaru dziecka<span class=\"ez-toc-section-end\"><\/span><\/h3>\n<\/li>\n<\/ul>\n<p><a href=\"https:\/\/www.monsiegeautobebe.fr\/pl\/reglementation-i-size-siege-auto-bebe\/\">Regulacja R129 lub i-Size<\/a> to nowy europejski standard, kt\u00f3ry wszed\u0142 w \u017cycie <strong>9 lipca 2013 r.<\/strong>. Jego celem jest <strong>dalsze wzmocnienie wymog\u00f3w bezpiecze\u0144stwa<\/strong> dzieci w samochodzie. Celem tych nowych europejskich przepis\u00f3w jest upowszechnienie korzystania z <a href=\"https:\/\/www.monsiegeautobebe.fr\/pl\/systeme-de-fixation-isofix-pour-siege-auto-bebe\/\">ISOFIX<\/a>przed\u0142u\u017cy\u0107 obowi\u0105zkowy okres <strong>monta\u017c ty\u0142em do kierunku jazdy dla dzieci do 15 miesi\u0105ca \u017cycia<\/strong> i zapewniaj\u0105 lepsz\u0105 ochron\u0119 w przypadku kolizji <strong>prz\u00f3d lub bok<\/strong>. Rozporz\u0105dzenie i-Size modyfikuje r\u00f3wnie\u017c <strong>kryteria klasyfikacji fotelik\u00f3w samochodowych<\/strong> kt\u00f3ry b\u0119dzie teraz oparty na <strong>rozmiar dziecka<\/strong> a nie jego waga.<\/p>\n<figure id=\"attachment_194\" aria-describedby=\"caption-attachment-194\" style=\"width: 941px\" class=\"wp-caption aligncenter\"><a href=\"https:\/\/monsiegeautobebe.fr\/wp-content\/uploads\/2018\/01\/classification-siege-auto-i-size.jpg\"><img fetchpriority=\"high\" decoding=\"async\" class=\"size-full wp-image-194\" src=\"https:\/\/monsiegeautobebe.fr\/wp-content\/uploads\/2018\/01\/classification-siege-auto-i-size.jpg\" alt=\"Klasyfikacja fotelik\u00f3w samochodowych i-Size\" width=\"941\" height=\"624\" srcset=\"https:\/\/www.monsiegeautobebe.fr\/wp-content\/uploads\/2018\/01\/classification-siege-auto-i-size.jpg 941w, https:\/\/www.monsiegeautobebe.fr\/wp-content\/uploads\/2018\/01\/classification-siege-auto-i-size-600x398.jpg 600w, https:\/\/www.monsiegeautobebe.fr\/wp-content\/uploads\/2018\/01\/classification-siege-auto-i-size-300x199.jpg 300w, https:\/\/www.monsiegeautobebe.fr\/wp-content\/uploads\/2018\/01\/classification-siege-auto-i-size-768x509.jpg 768w, https:\/\/www.monsiegeautobebe.fr\/wp-content\/uploads\/2018\/01\/classification-siege-auto-i-size-104x69.jpg 104w\" sizes=\"(max-width: 941px) 100vw, 941px\" \/><\/a><figcaption id=\"caption-attachment-194\" class=\"wp-caption-text\">Klasyfikacja fotelik\u00f3w samochodowych wed\u0142ug rozmiaru dziecka (przepisy R129)<\/figcaption><\/figure>\n<ul>\n<li>\n<h3><span class=\"ez-toc-section\" id=\"La_Reglementation_ECE_R44_classification_des_sieges_auto_bebe_selon_le_poids_de_lenfant\"><\/span>Przepisy ECE R44: klasyfikacja fotelik\u00f3w samochodowych dla dzieci w zale\u017cno\u015bci od wagi dziecka<span class=\"ez-toc-section-end\"><\/span><\/h3>\n<\/li>\n<\/ul>\n<p>Rozporz\u0105dzenie ECE R44\/04 klasyfikuje <a href=\"https:\/\/www.monsiegeautobebe.fr\/pl\/ktora-grupe-fotelika-samochodowego-wybrac\/\" target=\"_blank\" rel=\"noopener noreferrer\">foteliki samochodowe w pi\u0119ciu grupach<\/a>wg. <strong>waga dziecka<\/strong> mog\u0105 pomie\u015bci\u0107 :<\/p>\n<ul>\n<li>Grupa 0 <em>(od urodzenia do 10 kg)<\/em><\/li>\n<li>Grupa 0+ <em>(od urodzenia do 13 kg)<\/em><\/li>\n<li>Grupa 1 <em>(od 9 do 18 kg)<\/em><\/li>\n<li>Grupa 2 <em>(od 15 do 25 kg)<\/em><\/li>\n<li>Grupa 3 <em>(od 22 do 36 kg)<\/em><\/li>\n<\/ul>\n<p>Wiele fotelik\u00f3w samochodowych m\u00f3wi <strong>\"ewoluuj\u0105cy<\/strong> mo\u017ce r\u00f3wnie\u017c obejmowa\u0107 <strong>kilka zakres\u00f3w wagowych<\/strong> w celu dostosowania si\u0119 do jego ewolucji:<\/p>\n<ul>\n<li>Grupa 0+\/1 <em>(od urodzenia do 18 kg)<\/em><\/li>\n<li>Grupa 1\/2\/3 <em>(od 9 do 36 kg)<\/em><\/li>\n<li>Grupa 2\/3 <em>(od 15 do 36 kg)<\/em><\/li>\n<\/ul>\n<figure id=\"attachment_1070\" aria-describedby=\"caption-attachment-1070\" style=\"width: 698px\" class=\"wp-caption aligncenter\"><a href=\"https:\/\/monsiegeautobebe.fr\/wp-content\/uploads\/2019\/10\/classification-groupe-siege-auto-poids.jpg\"><img decoding=\"async\" class=\"size-full wp-image-1070\" src=\"https:\/\/monsiegeautobebe.fr\/wp-content\/uploads\/2019\/10\/classification-groupe-siege-auto-poids.jpg\" alt=\"Klasyfikacja fotelik\u00f3w samochodowych z homologacj\u0105 R44\/04 wed\u0142ug wagi dziecka\" width=\"698\" height=\"350\" srcset=\"https:\/\/www.monsiegeautobebe.fr\/wp-content\/uploads\/2019\/10\/classification-groupe-siege-auto-poids.jpg 1000w, https:\/\/www.monsiegeautobebe.fr\/wp-content\/uploads\/2019\/10\/classification-groupe-siege-auto-poids-300x150.jpg 300w, https:\/\/www.monsiegeautobebe.fr\/wp-content\/uploads\/2019\/10\/classification-groupe-siege-auto-poids-768x384.jpg 768w, https:\/\/www.monsiegeautobebe.fr\/wp-content\/uploads\/2019\/10\/classification-groupe-siege-auto-poids-150x75.jpg 150w, https:\/\/www.monsiegeautobebe.fr\/wp-content\/uploads\/2019\/10\/classification-groupe-siege-auto-poids-450x225.jpg 450w\" sizes=\"(max-width: 698px) 100vw, 698px\" \/><\/a><figcaption id=\"caption-attachment-1070\" class=\"wp-caption-text\">Klasyfikacja fotelik\u00f3w samochodowych wed\u0142ug wagi dziecka (rozporz\u0105dzenie R44\/04)<\/figcaption><\/figure>\n<h4><span class=\"ez-toc-section\" id=\"Les_Principales_Differences_Entre_La_Reglementation_R4404_Et_R129_i-Size\"><\/span>G\u0142\u00f3wne r\u00f3\u017cnice mi\u0119dzy regulacjami R44\/04 i R129 (i-Size)<span class=\"ez-toc-section-end\"><\/span><\/h4>\n<div id=\"tablepress-1-scroll-wrapper\" class=\"tablepress-scroll-wrapper\">\n\n<table id=\"tablepress-1\" class=\"tablepress tablepress-id-1 tablepress-responsive\">\n<thead>\n<tr class=\"row-1\">\n\t<td class=\"column-1\"><\/td><th class=\"column-2\">ECE R44\/04<\/th><th class=\"column-3\">R129 (i-Size)<\/th>\n<\/tr>\n<\/thead>\n<tbody class=\"row-striping row-hover\">\n<tr class=\"row-2\">\n\t<td class=\"column-1\">Klasyfikacja<\/td><td class=\"column-2\">Przez <strong>waga<\/strong> dziecka<\/td><td class=\"column-3\">Przez <strong>rozmiar<\/strong> dziecka<\/td>\n<\/tr>\n<tr class=\"row-3\">\n\t<td class=\"column-1\">Powr\u00f3t na drog\u0119<\/td><td class=\"column-2\">Do <strong>9 kg<\/strong><\/td><td class=\"column-3\">Do <strong>15 miesi\u0119cy<\/strong><\/td>\n<\/tr>\n<tr class=\"row-4\">\n\t<td class=\"column-1\">Testy<br \/>\ndynamika<\/td><td class=\"column-2\">Kolizja <strong>prz\u00f3d<\/strong> <em>(50 km\/h)<\/em><br \/>\nWp\u0142yw <strong>ty\u0142<\/strong> <em>(30 km\/h)<\/em><br \/>\nBrak uderzenia bocznego<br \/>\n<br \/>\nKorzystanie z manekin\u00f3w starszej generacji <em>(P-Dummies)<\/em><\/td><td class=\"column-3\">Kolizja <strong>prz\u00f3d<\/strong> <em>(50 km\/h)<\/em><br \/>\nWp\u0142yw <strong>ty\u0142<\/strong> <em>(30 km\/h)<\/em><br \/>\nSzok <strong>boczny<\/strong> <em>(24 km\/h)<\/em><br \/>\n<br \/>\nKorzystanie z manekin\u00f3w nowej generacji <em>(Q-Dummies)<\/em><\/td>\n<\/tr>\n<tr class=\"row-5\">\n\t<td class=\"column-1\">System mocowania<\/td><td class=\"column-2\"><strong>Pas<\/strong> lub <strong>ISOFIX<\/strong><\/td><td class=\"column-3\"><strong>ISOFIX<\/strong><\/td>\n<\/tr>\n<tr class=\"row-6\">\n\t<td class=\"column-1\">Data wdro\u017cenia<\/td><td class=\"column-2\">Stopniowe zanikanie <strong>od 2021 r.<\/strong><\/td><td class=\"column-3\">Obowi\u0105zuje od <strong>Lipiec 2013 r.<\/strong><\/td>\n<\/tr>\n<\/tbody>\n<\/table>\n\n<\/div><!-- #tablepress-1 from cache --><h3><span class=\"ez-toc-section\" id=\"Devez-Vous_Obligatoirement_Opter_pour_un_Siege_Auto_i-Size\"><\/span>Czy musisz wybra\u0107 fotelik samochodowy i-Size?<span class=\"ez-toc-section-end\"><\/span><\/h3>\n<p>Chocia\u017c <strong>Zatwierdzone foteliki samochodowe i-Size<\/strong> przynie\u015b\u0107 <strong>wy\u017cszy poziom bezpiecze\u0144stwa<\/strong> ni\u017c modele z homologacj\u0105 R44\/04, przepisy nie wymagaj\u0105, aby konsumenci <strong>zakup lub wymiana obecnego fotelika samochodowego<\/strong> przez model zatwierdzony przez i-Size. Poniewa\u017c te dwa zestawy przepis\u00f3w b\u0119d\u0105 wsp\u00f3\u0142istnie\u0107 jeszcze przez kilka lat, rodzice mog\u0105 nadal wybiera\u0107 zatwierdzone foteliki samochodowe dla dzieci. <strong>i-Size (R129)<\/strong> lub model <strong>R44\/04 zatwierdzony<\/strong>.<\/p>\n<h2><span class=\"ez-toc-section\" id=\"Comment_Bien_Choisir_son_Siege_Auto_Bebe\"><\/span>Jak wybra\u0107 odpowiedni fotelik samochodowy dla dziecka?<span class=\"ez-toc-section-end\"><\/span><\/h2>\n<p>Aby znale\u017a\u0107 najlepszy fotelik samochodowy dla swoich dzieci, <strong>kilka kryteri\u00f3w<\/strong> musz\u0105 by\u0107 brane pod uwag\u0119 dla <strong>poprowadzi\u0107 ci\u0119 w dokonaniu wyboru<\/strong>.<\/p>\n<ul>\n<li>\n<h3><span class=\"ez-toc-section\" id=\"Le_Poids_Et_La_Taille_De_lEnfant\"><\/span>Waga i wzrost dzieci<span class=\"ez-toc-section-end\"><\/span><\/h3>\n<\/li>\n<\/ul>\n<p>Jest to <strong>pierwsze kryterium<\/strong> kt\u00f3re nale\u017cy wzi\u0105\u0107 pod uwag\u0119 przy dokonywaniu wyboru. Po pierwsze i najwa\u017cniejsze, fotelik samochodowy dla dziecka musi by\u0107 idealnie <strong>dostosowany do morfologii dziecka<\/strong> aby by\u0107 w pe\u0142ni skutecznym. W zale\u017cno\u015bci od <strong>wzrost i waga ka\u017cdego dziecka<\/strong>Je\u015bli chodzi o foteliki samochodowe dla dzieci, producenci oferuj\u0105 r\u00f3\u017cne modele zaprojektowane z my\u015bl\u0105 o potrzebach dzieci na r\u00f3\u017cnych etapach rozwoju. Wybieraj\u0105c fotelik samochodowy zatwierdzony zgodnie z <strong>Regulacja R129 (i-Size)<\/strong>b\u0119dziesz musia\u0142 polega\u0107 na <strong>rozmiar<\/strong> dziecka, aby okre\u015bli\u0107, kt\u00f3ry typ fotelika samochodowego jest dla niego odpowiedni. Z drugiej strony, wybieraj\u0105c model zatwierdzony zgodnie z norm\u0105 <strong>rozporz\u0105dzenie R44\/04<\/strong>jest <strong>jego waga<\/strong> kt\u00f3ra okre\u015bli odpowiedni\u0105 grup\u0119.<\/p>\n<ul>\n<li>\n<h3><span class=\"ez-toc-section\" id=\"Les_Resultats_Des_Sieges_Auto_Aux_Crash-Tests\"><\/span>Wyniki test\u00f3w zderzeniowych fotelik\u00f3w samochodowych<span class=\"ez-toc-section-end\"><\/span><\/h3>\n<\/li>\n<\/ul>\n<p><strong>Bezpiecze\u0144stwo dzieci<\/strong> samochodem jest naszym zdaniem <strong>najwa\u017cniejsze kryterium<\/strong> przy wyborze fotelika samochodowego dla dziecka. Pomimo <strong>europejskie homologacje<\/strong>Nie wszystkie foteliki samochodowe s\u0105 sobie r\u00f3wne. Przed podj\u0119ciem decyzji o wyborze tego, a nie innego fotelika, nale\u017cy skonsultowa\u0107 si\u0119 z <a href=\"https:\/\/www.monsiegeautobebe.fr\/pl\/testy-adac-fotelikow-objasniony\/\" target=\"_blank\" rel=\"noopener noreferrer\">Wyniki test\u00f3w zderzeniowych fotelik\u00f3w samochodowych<\/a> przeprowadzanych ka\u017cdego roku. Przeprowadzane przez organizacje o mi\u0119dzynarodowej renomie <em>(ADAC, TCS, \u00d6AMTC, Stiftung Warentest lub Que-Choisir)<\/em>Te testy zderzeniowe maj\u0105 na celu <strong>ocena bezpiecze\u0144stwa<\/strong> ka\u017cdego fotelika samochodowego. R\u00f3\u017cne modele s\u0105 testowane podczas <strong>zderze\u0144 czo\u0142owych i bocznych<\/strong>z manekinami o r\u00f3\u017cnych rozmiarach i we wszystkich mo\u017cliwych konfiguracjach. Testy uwzgl\u0119dniaj\u0105 r\u00f3wnie\u017c <strong>\u0141atwo\u015b\u0107 u\u017cytkowania, ergonomia i komfort<\/strong> jak r\u00f3wnie\u017c <strong>zawarto\u015b\u0107 substancji szkodliwych<\/strong>. Oceniaj\u0105c r\u00f3\u017cne parametry, mo\u017cemy <strong>ustali\u0107 og\u00f3lny wynik<\/strong>. Ka\u017cdego roku <a href=\"https:\/\/www.monsiegeautobebe.fr\/pl\/notation-crash-tests-adac\/\">Wyniki test\u00f3w zderzeniowych<\/a> s\u0105 publikowane bezpo\u015brednio na stronach internetowych r\u00f3\u017cnych organ\u00f3w europejskich, kt\u00f3re przeprowadzaj\u0105 te testy.<br \/>\n<iframe title=\"Kindersitztest Fr\u00fchjahr 2019 | ADAC\" width=\"788\" height=\"443\" src=\"https:\/\/www.youtube.com\/embed\/FVb2-KQC0Do?feature=oembed\" frameborder=\"0\" allow=\"accelerometer; autoplay; clipboard-write; encrypted-media; gyroscope; picture-in-picture; web-share\" allowfullscreen><\/iframe><\/p>\n<ul>\n<li><a href=\"https:\/\/www.adac.de\/infotestrat\/tests\/kindersicherung\/kindersitz-test\/default.aspx\" target=\"_blank\" rel=\"noopener noreferrer\">ADAC <em>(Allgemeiner Deutscher Automobil-Club)<\/em><\/a> jest federacj\u0105 automobilklub\u00f3w w Niemczech. Jest najwi\u0119ksz\u0105 w Europie i drug\u0105 co do wielko\u015bci na \u015bwiecie po American Automobile Association.<\/li>\n<li><a href=\"https:\/\/www.tcs.ch\/fr\/tests-conseils\/tests\/sieges-enfants\/test-de-sieges-enfants.php\" target=\"_blank\" rel=\"noopener noreferrer\">TCS <em>(Touring Club Switzerland)<\/em><\/a> to stowarzyszenie motoryzacyjne zrzeszaj\u0105ce 1,5 miliona cz\u0142onk\u00f3w, kt\u00f3re publikuje testy zderzeniowe w j\u0119zyku francuskim.<\/li>\n<li><a href=\"https:\/\/www.vti.se\/en\/\" target=\"_blank\" rel=\"noopener noreferrer\">VTI <em>(Szwedzki Krajowy Instytut Badawczy Dr\u00f3g i Transportu)<\/em><\/a> jest niezale\u017cn\u0105 szwedzk\u0105 organizacj\u0105, kt\u00f3ra wprowadzi\u0142a <a href=\"https:\/\/www.monsiegeautobebe.fr\/pl\/plus-test-suedois-pour-la-securite-des-sieges-auto-bebe\/\" target=\"_blank\" rel=\"noopener noreferrer\">Wi\u0119cej test\u00f3w<\/a>Jeszcze bardziej rygorystyczny test, kt\u00f3ry obejmuje tylko najlepsze foteliki samochodowe montowane ty\u0142em do kierunku jazdy.<\/li>\n<\/ul>\n<ul>\n<li>\n<h3><span class=\"ez-toc-section\" id=\"Le_Confort_Du_Siege_Auto_Bebe\"><\/span>Wygoda dzieci\u0119cego fotelika samochodowego<span class=\"ez-toc-section-end\"><\/span><\/h3>\n<\/li>\n<\/ul>\n<p>Nie ma co do tego w\u0105tpliwo\u015bci, niezale\u017cnie od tego, czy wybierasz si\u0119 na wakacje, do szko\u0142y czy w odwiedziny do dziadk\u00f3w, <strong>Twoje dziecko sp\u0119dzi wiele godzin<\/strong> w foteliku samochodowym bez mo\u017cliwo\u015bci wysiadania, wi\u0119c r\u00f3wnie dobrze mo\u017cesz sprawi\u0107, by by\u0142o to jak najprzyjemniejsze dla niego, ale tak\u017ce dla ciebie. Aby dziecko by\u0142o <strong>wygodny<\/strong> i jak najlepiej wykorzysta\u0107 swoje podr\u00f3\u017ce samochodem, niekt\u00f3re <strong>foteliki samochodowe<\/strong> mo\u017ce przyj\u0105\u0107 <strong>kilka pozycji nachylenia<\/strong>Foteliki te mo\u017cna regulowa\u0107 w zale\u017cno\u015bci od tego, czy dziecko \u015bpi, czy nie, aby zapobiec przechylaniu g\u0142owy do przodu. Takie foteliki s\u0105 wygodniejsze dla dzieci i idealne dla rodzic\u00f3w, kt\u00f3rzy du\u017co je\u017cd\u017c\u0105 samochodem. Nale\u017cy r\u00f3wnie\u017c zwr\u00f3ci\u0107 uwag\u0119 na inne drobne szczeg\u00f3\u0142y, takie jak <strong>Regulacja zag\u0142\u00f3wka<\/strong>w <strong>wy\u015bci\u00f3\u0142ka siedzenia<\/strong> lub obecno\u015b\u0107 <strong>reduktor dla noworodk\u00f3w<\/strong> kt\u00f3ry pozwala na u\u0142o\u017cenie bardzo ma\u0142ych dzieci w wygodnej pozycji, podpieraj\u0105c ich g\u0142ow\u0119, szyj\u0119 i plecy. Wreszcie, mi\u0119dzy okruchami i plamami wszelkiego rodzaju, zdecydowanie zaleca si\u0119 r\u00f3wnie\u017c wyb\u00f3r <strong>w pe\u0142ni zdejmowane os\u0142ony<\/strong> dzi\u0119ki czemu mo\u017cna go regularnie czy\u015bci\u0107.<\/p>\n<figure id=\"attachment_1098\" aria-describedby=\"caption-attachment-1098\" style=\"width: 800px\" class=\"wp-caption aligncenter\"><a href=\"https:\/\/amzn.to\/2ACGKkS\" target=\"_blank&quot;\" rel=\"noopener noreferrer nofollow\"><img decoding=\"async\" class=\"size-full wp-image-1098\" src=\"https:\/\/monsiegeautobebe.fr\/wp-content\/uploads\/2019\/10\/inclinaison-siege-auto-bebe.gif\" alt=\"Pozycje pochylenia fotelika samochodowego Britax Dualfix\u00b2 R\" width=\"800\" height=\"600\" \/><\/a><figcaption id=\"caption-attachment-1098\" class=\"wp-caption-text\">Britax Dualfix\u00b2 R to fotelik obrotowy z kilkoma pozycjami odchylania.<\/figcaption><\/figure>\n<ul>\n<li>\n<h3><span class=\"ez-toc-section\" id=\"Votre_Modele_De_Voiture\"><\/span>Model samochodu<span class=\"ez-toc-section-end\"><\/span><\/h3>\n<\/li>\n<\/ul>\n<p>Niezale\u017cnie od tego, czy zdecydujesz si\u0119 na fotelik samochodowy, kt\u00f3ry mo\u017cna zainstalowa\u0107 za pomoc\u0105 <strong>pas bezpiecze\u0144stwa<\/strong> lub punkt\u00f3w mocowania ISOFIX, nale\u017cy po\u015bwi\u0119ci\u0107 troch\u0119 czasu na sprawdzenie zgodno\u015bci <strong>fotelik samochodowy dla dziecka<\/strong> z modelem samochodu. W rzeczywisto\u015bci obowi\u0105zkowe tylko w <strong>nowych pojazd\u00f3w od 2011 roku<\/strong>Nie wszystkie modele samochod\u00f3w s\u0105 wyposa\u017cone w <strong>system <a href=\"https:\/\/www.monsiegeautobebe.fr\/pl\/isofix-mocowanie-system\/\">Mocowanie ISOFIX<\/a><\/strong>. Uwa\u017caj r\u00f3wnie\u017c na modele samochod\u00f3w z <strong>puszki pod\u0142ogowe<\/strong> z ty\u0142u, co mo\u017ce uniemo\u017cliwi\u0107 prawid\u0142ow\u0105 instalacj\u0119 <strong>rozp\u00f3rka obci\u0105\u017cenia<\/strong>. Mo\u017cesz znale\u017a\u0107 list\u0119 (nie jest wyczerpuj\u0105ca) <strong>kompatybilne samochody<\/strong> z r\u00f3\u017cnymi modelami fotelik\u00f3w samochodowych bezpo\u015brednio na stronie producenta.<\/p>\n<ul>\n<li><a href=\"https:\/\/www.britax-roemer.fr\/fitfinder\" target=\"_blank\" rel=\"noopener noreferrer\">Fit Finder od Britax R\u00f6mer<\/a><\/li>\n<li><a href=\"https:\/\/fitguide.joiebaby.com\/fr-CH\" target=\"_blank\" rel=\"noopener noreferrer\">Fit przewodnik po rado\u015bci<\/a><\/li>\n<li><a href=\"https:\/\/www.bebeconfort.fr\/compatibilite-voiture-siege-auto#\/\" target=\"_blank\" rel=\"noopener noreferrer\">B\u00e9b\u00e9 Confort<\/a><\/li>\n<li><a href=\"https:\/\/www.besafe.com\/fr\/guide-dutilisation-tous-les-produits\/\" target=\"_blank\" rel=\"noopener noreferrer\">BeSafe<\/a><\/li>\n<li>Przy <a href=\"https:\/\/cybex-online.com\/fr-fr\" target=\"_blank\" rel=\"noopener noreferrer nofollow\">Cybex<\/a>Kompatybilno\u015b\u0107 jest wskazana na stronie ka\u017cdego modelu.<\/li>\n<\/ul>\n<ul>\n<li>\n<h3><span class=\"ez-toc-section\" id=\"Votre_Budget\"><\/span>Tw\u00f3j bud\u017cet<span class=\"ez-toc-section-end\"><\/span><\/h3>\n<\/li>\n<\/ul>\n<p>Chocia\u017c bezpiecze\u0144stwo jest bezcenne, nie ka\u017cdy mo\u017ce sobie pozwoli\u0107 na zakup <strong>fotelik samochodowy dla dziecka<\/strong> za ponad 500 euro. Na szcz\u0119\u015bcie dost\u0119pnych jest wiele modeli wysokiej jako\u015bci, kt\u00f3re spe\u0142niaj\u0105 najbardziej wymagaj\u0105ce wymagania. <strong>wymagania dotycz\u0105ce bezpiecze\u0144stwa i komfortu<\/strong>w rozs\u0105dnych cenach, zw\u0142aszcza je\u015bli we\u017amie si\u0119 pod uwag\u0119, \u017ce od <strong>od urodzenia do 10 roku \u017cycia<\/strong>dziecko b\u0119dzie potrzebowa\u0142o <strong>dwa lub trzy r\u00f3\u017cne miejsca<\/strong>. Nale\u017cy jednak pami\u0119ta\u0107, \u017ce w zale\u017cno\u015bci od marki i opcji (akcesoria, systemy mocowania i funkcje bezpiecze\u0144stwa) ceny mog\u0105 szybko wzrosn\u0105\u0107. Dla ka\u017cdego typu fotelika samochodowego ceny wahaj\u0105 si\u0119 od <strong>50 do 250 euro<\/strong> dla <strong><a href=\"https:\/\/www.monsiegeautobebe.fr\/pl\/najlepszy-fotelik-dla-niemowlaka\/\">przytulanka dla niemowl\u0105t<\/a><\/strong> dla noworodk\u00f3w <strong>250 do 600 euro<\/strong> dla <strong>fotelik samochodowy do 4 roku \u017cycia<\/strong> lub <strong>120 do 250 euro<\/strong> dla <strong>foteliki podwy\u017cszaj\u0105ce<\/strong>. Istnieje r\u00f3wnie\u017c kilka doskona\u0142ych modeli <a href=\"https:\/\/www.monsiegeautobebe.fr\/pl\/najlepsze-fotelik-samochodowy-uzywany\/\">tanie foteliki samochodowe.<\/a><\/p>\n<h2><span class=\"ez-toc-section\" id=\"Les_Principales_Caracteristiques_des_Sieges_Auto_Bebe\"><\/span>G\u0142\u00f3wne cechy fotelik\u00f3w samochodowych dla dzieci<span class=\"ez-toc-section-end\"><\/span><\/h2>\n<ul>\n<li>\n<h3><span class=\"ez-toc-section\" id=\"La_Position_du_Siege_Auto_Face_ou_Dos_a_la_Route\"><\/span>Pozycja fotelika samochodowego: przodem czy ty\u0142em do kierunku jazdy?<span class=\"ez-toc-section-end\"><\/span><\/h3>\n<\/li>\n<\/ul>\n<p><strong>G\u0142owa dziecka jest ci\u0119\u017cka<\/strong> a mi\u0119\u015bnie z ty\u0142u jej szyi nie s\u0105 wystarczaj\u0105co silne, aby utrzyma\u0107 j\u0105 w razie wypadku. The <a href=\"https:\/\/www.monsiegeautobebe.fr\/pl\/voyager-siege-auto-dos-a-la-route\/\" target=\"_blank\" rel=\"noopener\">Pozycja ty\u0142em do kierunku jazdy<\/a> <em>(lub ty\u0142em do kierunku jazdy)<\/em> to rodzaj transportu, kt\u00f3ry musi by\u0107 <strong>uprzywilejowany tak d\u0142ugo, jak to mo\u017cliwe<\/strong>. R\u00f3\u017cne testy zderzeniowe przeprowadzone przez niezale\u017cne organy wykazuj\u0105, \u017ce nacisk wywierany na odcinek szyjny kr\u0119gos\u0142upa dziecka podczas kolizji wynosi <strong>pi\u0119\u0107 razy mniej<\/strong> gdy fotelik samochodowy jest <strong>zainstalowany ty\u0142em do drogi<\/strong>. Zmuszanie dzieci do podr\u00f3\u017cowania w tej pozycji jest zatem <strong>pi\u0119\u0107 razy bezpieczniej!<\/strong><br \/>\n<img loading=\"lazy\" decoding=\"async\" class=\"aligncenter size-full wp-image-190\" src=\"https:\/\/monsiegeautobebe.fr\/wp-content\/uploads\/2018\/01\/dos-a-la-route-siege-auto.jpg\" alt=\"Fotelik samochodowy ISOFIX montowany ty\u0142em do kierunku jazdy\" width=\"600\" height=\"311\" \/><br \/>\nDla <strong>Fotelik samochodowy z homologacj\u0105 R129 (i-Size)<\/strong>ustawodawstwo wymaga, aby dziecko pozosta\u0142o <strong>powr\u00f3t na drog\u0119 do wieku 15 miesi\u0119cy<\/strong> minimum i <strong>do 9 kg<\/strong> w przypadku <strong>Fotelik z homologacj\u0105 ECE R44\/04<\/strong>. Jest to jednak zdecydowanie <strong>Zalecamy trzymanie si\u0119 ty\u0142em do drogi<\/strong> tak d\u0142ugo, jak to mo\u017cliwe. Obecnie wiele <strong>foteliki samochodowe dla dzieci<\/strong> pozwalaj\u0105 utrzyma\u0107 dziecko w <strong>Pozycja ty\u0142em do kierunku jazdy<\/strong> do 4 roku \u017cycia (ok. 105 cm).<\/p>\n<p><center><a href=\"https:\/\/www.monsiegeautobebe.fr\/pl\/najlepszy-fotelik-tylem-do-kierunku-jazdy\/\" class=\"sc-button sc-button-default sc-button-large\"><span>ZOBACZ NASZ WYB\u00d3R NAJLEPSZYCH<br \/>\nFOTELIK SAMOCHODOWY MONTOWANY TY\u0141EM DO KIERUNKU JAZDY<\/span><\/a><\/center><\/p>\n<ul>\n<li>\n<h3><span class=\"ez-toc-section\" id=\"Les_Systemes_de_Fixation_des_Sieges_Auto_Bebe\"><\/span>Systemy mocowania fotelik\u00f3w samochodowych dla dzieci<span class=\"ez-toc-section-end\"><\/span><\/h3>\n<\/li>\n<\/ul>\n<p>Jest to fundamentalne pytanie, poniewa\u017c fotelik samochodowy naprawd\u0119 chroni dziecko tylko wtedy, gdy jest prawid\u0142owo przymocowany do samochodu. <strong>Dwa systemy mocowania<\/strong> do<a href=\"https:\/\/www.monsiegeautobebe.fr\/pl\/installation-siege-auto-isofix\/\">Monta\u017c fotelika samochodowego<\/a> w samochodzie:<\/p>\n<ul>\n<li style=\"list-style-type: none;\">\n<ul>\n<li style=\"list-style-type: none;\">\n<ul>\n<li>\n<h4><span class=\"ez-toc-section\" id=\"La_Ceinture_De_Securite\"><\/span>Pas bezpiecze\u0144stwa<span class=\"ez-toc-section-end\"><\/span><\/h4>\n<\/li>\n<\/ul>\n<\/li>\n<\/ul>\n<\/li>\n<\/ul>\n<p>Jest to tradycyjne rozwi\u0105zanie do instalacji <strong>fotelik samochodowy dla dziecka<\/strong> do \u0142awki pojazdu. To <strong>Uniwersalny system mocowania<\/strong> ma t\u0119 ogromn\u0105 zalet\u0119, \u017ce jest kompatybilny ze wszystkimi samochodami wyposa\u017conymi w pasy bezpiecze\u0144stwa. Umo\u017cliwia r\u00f3wnie\u017c instalacj\u0119 <strong>przytulanka dla niemowl\u0105t<\/strong> na przednim siedzeniu pasa\u017cera, kt\u00f3re nie ma mocowania ISOFIX. Z drugiej strony, g\u0142\u00f3wn\u0105 wad\u0105 pas\u00f3w bezpiecze\u0144stwa jest to, \u017ce zwi\u0119kszaj\u0105 one ryzyko kolizji. <strong>S\u0142aba instalacja<\/strong> co mo\u017ce prowadzi\u0107 do powa\u017cnych obra\u017ce\u0144 w razie wypadku. Foteliki samochodowe wykorzystuj\u0105ce ten system mocowania s\u0105 zazwyczaj ta\u0144sze ni\u017c ich odpowiedniki wyposa\u017cone w system mocowania ISOFIX, kt\u00f3re cz\u0119sto wymagaj\u0105 dodatkowej bazy mocuj\u0105cej.<\/p>\n<figure id=\"attachment_1442\" aria-describedby=\"caption-attachment-1442\" style=\"width: 600px\" class=\"wp-caption aligncenter\"><a href=\"https:\/\/action.metaffiliation.com\/trk.php?mclic=P4F2915719951B1&amp;redir=https%3A%2F%2Fwww.autourdebebe.com%2Fp%2F4000984192667%2Fcoque-baby-safe-2-i-size-britax-romer\" target=\"_blank\" rel=\"noopener\"><img loading=\"lazy\" decoding=\"async\" class=\"size-full wp-image-1442\" src=\"https:\/\/monsiegeautobebe.fr\/wp-content\/uploads\/2019\/10\/siege-auto-britax-baby-safe-2-i-size.jpg\" alt=\"\" width=\"600\" height=\"533\" srcset=\"https:\/\/www.monsiegeautobebe.fr\/wp-content\/uploads\/2019\/10\/siege-auto-britax-baby-safe-2-i-size.jpg 1000w, https:\/\/www.monsiegeautobebe.fr\/wp-content\/uploads\/2019\/10\/siege-auto-britax-baby-safe-2-i-size-600x533.jpg 600w, https:\/\/www.monsiegeautobebe.fr\/wp-content\/uploads\/2019\/10\/siege-auto-britax-baby-safe-2-i-size-300x267.jpg 300w, https:\/\/www.monsiegeautobebe.fr\/wp-content\/uploads\/2019\/10\/siege-auto-britax-baby-safe-2-i-size-768x683.jpg 768w\" sizes=\"(max-width: 600px) 100vw, 600px\" \/><\/a><figcaption id=\"caption-attachment-1442\" class=\"wp-caption-text\">Fotelik Britax Baby-Safe\u00b2 i-Size mo\u017cna zamontowa\u0107 za pomoc\u0105 bazy Flex lub pas\u00f3w bezpiecze\u0144stwa pojazdu.<\/figcaption><\/figure>\n<ul>\n<li style=\"list-style-type: none;\">\n<ul>\n<li style=\"list-style-type: none;\">\n<ul>\n<li>\n<h4><span class=\"ez-toc-section\" id=\"Le_Systeme_De_Fixation_ISOFIX\"><\/span>System mocowania ISOFIX<span class=\"ez-toc-section-end\"><\/span><\/h4>\n<\/li>\n<\/ul>\n<\/li>\n<\/ul>\n<\/li>\n<\/ul>\n<figure id=\"attachment_1113\" aria-describedby=\"caption-attachment-1113\" style=\"width: 400px\" class=\"wp-caption alignleft\"><img loading=\"lazy\" decoding=\"async\" class=\"size-full wp-image-1113\" src=\"https:\/\/monsiegeautobebe.fr\/wp-content\/uploads\/2019\/10\/systeme-fixation-isofix-siege-auto-bebe.jpg\" alt=\"System mocowania ISOFIX do dzieci\u0119cego fotelika samochodowego\" width=\"400\" height=\"251\" srcset=\"https:\/\/www.monsiegeautobebe.fr\/wp-content\/uploads\/2019\/10\/systeme-fixation-isofix-siege-auto-bebe.jpg 1000w, https:\/\/www.monsiegeautobebe.fr\/wp-content\/uploads\/2019\/10\/systeme-fixation-isofix-siege-auto-bebe-600x377.jpg 600w, https:\/\/www.monsiegeautobebe.fr\/wp-content\/uploads\/2019\/10\/systeme-fixation-isofix-siege-auto-bebe-300x188.jpg 300w, https:\/\/www.monsiegeautobebe.fr\/wp-content\/uploads\/2019\/10\/systeme-fixation-isofix-siege-auto-bebe-768x482.jpg 768w, https:\/\/www.monsiegeautobebe.fr\/wp-content\/uploads\/2019\/10\/systeme-fixation-isofix-siege-auto-bebe-343x215.jpg 343w, https:\/\/www.monsiegeautobebe.fr\/wp-content\/uploads\/2019\/10\/systeme-fixation-isofix-siege-auto-bebe-326x205.jpg 326w, https:\/\/www.monsiegeautobebe.fr\/wp-content\/uploads\/2019\/10\/systeme-fixation-isofix-siege-auto-bebe-163x102.jpg 163w\" sizes=\"(max-width: 400px) 100vw, 400px\" \/><figcaption id=\"caption-attachment-1113\" class=\"wp-caption-text\">System mocowania ISOFIX umo\u017cliwia zaczepienie fotelika na tylnej kanapie.<\/figcaption><\/figure>\n<p>Na\u0142o\u017cone przez wej\u015bcie w \u017cycie <a href=\"https:\/\/www.monsiegeautobebe.fr\/pl\/reglementation-i-size-siege-auto-bebe\/\" target=\"_blank\" rel=\"noopener noreferrer\">Europejskie przepisy R129 (i-Size)<\/a>System mocowania ISOFIX jest obowi\u0105zkowy we wszystkich samochodach opuszczaj\u0105cych fabryki we Francji od 2011 roku. W przeciwie\u0144stwie do pas\u00f3w bezpiecze\u0144stwa, <a href=\"https:\/\/www.monsiegeautobebe.fr\/pl\/systeme-de-fixation-isofix-pour-siege-auto-bebe\/\" target=\"_blank\" rel=\"noopener noreferrer\">System mocowania ISOFIX<\/a> znacznie zmniejsza ryzyko <strong>Nieprawid\u0142owa instalacja<\/strong>. Ten system mocowania <strong>p\u00f3\u0142uniwersalny<\/strong>Ma on posta\u0107 dw\u00f3ch metalowych pier\u015bcieni umieszczonych mi\u0119dzy oparciem a siedziskiem tylnej kanapy. Fotelik samochodowy jest wyposa\u017cony w dwa metalowe klipsy, kt\u00f3re s\u0105 przypinane bezpo\u015brednio do dw\u00f3ch punkt\u00f3w mocowania na kanapie. Monta\u017c fotelika samochodowego dla dziecka jest znacznie szybszy i \u0142atwiejszy ni\u017c przy u\u017cyciu pas\u00f3w bezpiecze\u0144stwa.<\/p>\n<p><strong>ISOFIX<\/strong> proponuje domy\u015blnie <strong>dwa punkty kotwiczenia<\/strong> oraz trzeci punkt mocowania. Mocowania ISOFIX s\u0105 nast\u0119pnie \u0142\u0105czone z dodatkowym systemem przytrzymuj\u0105cym, tj. <strong><a href=\"https:\/\/www.monsiegeautobebe.fr\/pl\/mocowanie-top-tether-fotelik\/\">g\u00f3rny pasek<\/a><\/strong> lub <strong>rozp\u00f3rka obci\u0105\u017cenia<\/strong>kt\u00f3ry dodaje <strong>dodatkowy punkt stabilno\u015bci<\/strong> w przypadku kolizji, aby zapobiec przechyleniu si\u0119 fotela do przodu (urz\u0105dzenie zapobiegaj\u0105ce obracaniu si\u0119).<\/p>\n<figure id=\"attachment_1387\" aria-describedby=\"caption-attachment-1387\" style=\"width: 244px\" class=\"wp-caption alignright\"><a href=\"https:\/\/monsiegeautobebe.fr\/wp-content\/uploads\/2019\/10\/siege-auto-bebe-jambe-de-force.jpg\"><img loading=\"lazy\" decoding=\"async\" class=\"size-medium wp-image-1387\" src=\"https:\/\/monsiegeautobebe.fr\/wp-content\/uploads\/2019\/10\/siege-auto-bebe-jambe-de-force-244x300.jpg\" alt=\"Rozp\u00f3rka w Cybex Sirona Z i-Size\" width=\"244\" height=\"300\" srcset=\"https:\/\/www.monsiegeautobebe.fr\/wp-content\/uploads\/2019\/10\/siege-auto-bebe-jambe-de-force-244x300.jpg 244w, https:\/\/www.monsiegeautobebe.fr\/wp-content\/uploads\/2019\/10\/siege-auto-bebe-jambe-de-force-600x737.jpg 600w, https:\/\/www.monsiegeautobebe.fr\/wp-content\/uploads\/2019\/10\/siege-auto-bebe-jambe-de-force-768x943.jpg 768w, https:\/\/www.monsiegeautobebe.fr\/wp-content\/uploads\/2019\/10\/siege-auto-bebe-jambe-de-force.jpg 800w\" sizes=\"(max-width: 244px) 100vw, 244px\" \/><\/a><figcaption id=\"caption-attachment-1387\" class=\"wp-caption-text\">Rozp\u00f3rka w Cybex Sirona Z i-Size<\/figcaption><\/figure>\n<ul>\n<li style=\"list-style-type: none;\">\n<ul>\n<li style=\"list-style-type: none;\">\n<ul>\n<li><strong>Rozp\u00f3rka<\/strong> to wspornik o regulowanej wysoko\u015bci, kt\u00f3ry spoczywa na pod\u0142odze samochodu w celu ustabilizowania fotela. Mo\u017cna jej u\u017cy\u0107 na przyk\u0142ad do przeniesienia cz\u0119\u015bci uderzenia na pod\u0142o\u017ce w razie wypadku. Uwaga <strong>rozp\u00f3rki<\/strong> nie s\u0105 kompatybilne z samochodami, kt\u00f3re maj\u0105 schowki pod\u0142ogowe na tylnych siedzeniach.<\/li>\n<li><strong>G\u00f3rny pasek<\/strong> jest alternatyw\u0105 dla rozp\u00f3rki. Jest to <strong>pasek mocuj\u0105cy<\/strong> kt\u00f3ry mocuje si\u0119 do haka znajduj\u0105cego si\u0119 w baga\u017cniku pojazdu. W zale\u017cno\u015bci od samochodu, hak mo\u017ce znajdowa\u0107 si\u0119 na tylnej p\u00f3\u0142ce baga\u017cnika, z ty\u0142u kanapy lub na pod\u0142odze baga\u017cnika. W przeciwie\u0144stwie do rozp\u00f3rki, kt\u00f3ra utrzymuje siedzenie w miejscu od do\u0142u, hak <strong>g\u00f3rny pasek<\/strong> utrzymuje go w miejscu od g\u00f3ry. System ten mo\u017cna znale\u017a\u0107 na stronie <a href=\"https:\/\/www.monsiegeautobebe.fr\/pl\/najlepszy-fotelik-tylem-do-kierunku-jazdy\/\">Foteliki samochodowe montowane ty\u0142em do kierunku jazdy<\/a> ni\u017c twarz\u0105 do drogi.<\/li>\n<\/ul>\n<\/li>\n<\/ul>\n<\/li>\n<\/ul>\n<p><img loading=\"lazy\" decoding=\"async\" class=\"aligncenter size-full wp-image-35\" src=\"https:\/\/monsiegeautobebe.fr\/wp-content\/uploads\/2017\/12\/siege-auto-isofix-fixation.jpg\" alt=\"Punkty mocowania ISOFIX\" width=\"571\" height=\"201\" srcset=\"https:\/\/www.monsiegeautobebe.fr\/wp-content\/uploads\/2017\/12\/siege-auto-isofix-fixation.jpg 571w, https:\/\/www.monsiegeautobebe.fr\/wp-content\/uploads\/2017\/12\/siege-auto-isofix-fixation-300x106.jpg 300w, https:\/\/www.monsiegeautobebe.fr\/wp-content\/uploads\/2017\/12\/siege-auto-isofix-fixation-18x6.jpg 18w, https:\/\/www.monsiegeautobebe.fr\/wp-content\/uploads\/2017\/12\/siege-auto-isofix-fixation-150x53.jpg 150w, https:\/\/www.monsiegeautobebe.fr\/wp-content\/uploads\/2017\/12\/siege-auto-isofix-fixation-450x158.jpg 450w\" sizes=\"(max-width: 571px) 100vw, 571px\" \/><\/p>\n<p>Dla <strong>Foteliki samochodowe dla dzieci montowane ty\u0142em do kierunku jazdy<\/strong>Istniej\u0105 dwa inne mo\u017cliwe systemy mocowania, z kt\u00f3rych oba maj\u0105 na celu zapobieganie przechylaniu si\u0119 fotelika do przodu w razie wypadku.<\/p>\n<figure id=\"attachment_1364\" aria-describedby=\"caption-attachment-1364\" style=\"width: 300px\" class=\"wp-caption alignright\"><a href=\"https:\/\/monsiegeautobebe.fr\/wp-content\/uploads\/2019\/10\/siege-auto-barre-anti-rebond.jpg\"><img loading=\"lazy\" decoding=\"async\" class=\"size-medium wp-image-1364\" src=\"https:\/\/monsiegeautobebe.fr\/wp-content\/uploads\/2019\/10\/siege-auto-barre-anti-rebond-300x242.jpg\" alt=\"Fotelik samochodowy Britax Dualfix i-Size z pa\u0142\u0105kiem przeciwodbiciowym\" width=\"300\" height=\"242\" srcset=\"https:\/\/www.monsiegeautobebe.fr\/wp-content\/uploads\/2019\/10\/siege-auto-barre-anti-rebond-300x242.jpg 300w, https:\/\/www.monsiegeautobebe.fr\/wp-content\/uploads\/2019\/10\/siege-auto-barre-anti-rebond-600x484.jpg 600w, https:\/\/www.monsiegeautobebe.fr\/wp-content\/uploads\/2019\/10\/siege-auto-barre-anti-rebond-768x619.jpg 768w, https:\/\/www.monsiegeautobebe.fr\/wp-content\/uploads\/2019\/10\/siege-auto-barre-anti-rebond-168x137.jpg 168w, https:\/\/www.monsiegeautobebe.fr\/wp-content\/uploads\/2019\/10\/siege-auto-barre-anti-rebond.jpg 1000w\" sizes=\"(max-width: 300px) 100vw, 300px\" \/><\/a><figcaption id=\"caption-attachment-1364\" class=\"wp-caption-text\">Pasek zapobiegaj\u0105cy odrzutowi na <a href=\"https:\/\/www.monsiegeautobebe.fr\/pl\/britax-romer-dualfix-i-size\/\">Britax Dualfix i-Size<\/a><\/figcaption><\/figure>\n<ul>\n<li style=\"list-style-type: none;\">\n<ul>\n<li><strong>Pasek zabezpieczaj\u0105cy przed odrzutem<\/strong> ma posta\u0107 ochronnej metalowej obr\u0119czy, kt\u00f3ra jest dociskana do <strong>oparcie siedzenia<\/strong> na kt\u00f3rym jest zainstalowany. Dost\u0119pne g\u0142\u00f3wnie w fotelikach samochodowych <strong>Dos \u00e0 la rout<\/strong>Zapobiega to przechyleniu si\u0119 fotela w razie kolizji.<\/li>\n<li><strong>Paski mocuj\u0105ce<\/strong> s\u0105 alternatywnym rozwi\u0105zaniem dla <strong>g\u00f3rny pasek<\/strong> oraz <strong>Pasek zapobiegaj\u0105cy odbiciu<\/strong> dla <a href=\"https:\/\/www.monsiegeautobebe.fr\/pl\/najlepszy-fotelik-tylem-do-kierunku-jazdy\/\" target=\"_blank\" rel=\"noopener\">Foteliki samochodowe montowane ty\u0142em do kierunku jazdy<\/a> (ty\u0142em do kierunku jazdy). Pasy te s\u0105 zazwyczaj przymocowane do przedniego siedzenia pojazdu, gdy fotelik jest zainstalowany na tylnej kanapie. Mo\u017cna je znale\u017a\u0107 na <a href=\"https:\/\/www.monsiegeautobebe.fr\/pl\/plus-test-suedois-pour-la-securite-des-sieges-auto-bebe\/\" target=\"_blank\" rel=\"noopener noreferrer\">Foteliki samochodowe z certyfikatem Plus Test<\/a> i mog\u0105 by\u0107 u\u017cywane tylko ty\u0142em do kierunku jazdy, takie jak Britax Max Way Plus lub Axkid Minikid.<\/li>\n<\/ul>\n<\/li>\n<\/ul>\n<figure id=\"attachment_1543\" aria-describedby=\"caption-attachment-1543\" style=\"width: 900px\" class=\"wp-caption aligncenter\"><a href=\"https:\/\/action.metaffiliation.com\/trk.php?mclic=P4F2915719951B1&amp;redir=https%3A%2F%2Fwww.autourdebebe.com%2Fp%2Fbritax1maxwayblackseries%2Fmax-way-black-series-britax-romer\" target=\"_blank\" rel=\"nofollow noopener\"><img loading=\"lazy\" decoding=\"async\" class=\"size-full wp-image-1543\" src=\"https:\/\/monsiegeautobebe.fr\/wp-content\/uploads\/2019\/10\/tether-straps-britax-max-way-plus.jpg\" alt=\"Pasy mocuj\u0105ce fotelika samochodowego Britax Max Way\" width=\"900\" height=\"506\" srcset=\"https:\/\/www.monsiegeautobebe.fr\/wp-content\/uploads\/2019\/10\/tether-straps-britax-max-way-plus.jpg 900w, https:\/\/www.monsiegeautobebe.fr\/wp-content\/uploads\/2019\/10\/tether-straps-britax-max-way-plus-600x337.jpg 600w, https:\/\/www.monsiegeautobebe.fr\/wp-content\/uploads\/2019\/10\/tether-straps-britax-max-way-plus-300x169.jpg 300w, https:\/\/www.monsiegeautobebe.fr\/wp-content\/uploads\/2019\/10\/tether-straps-britax-max-way-plus-768x432.jpg 768w\" sizes=\"(max-width: 900px) 100vw, 900px\" \/><\/a><figcaption id=\"caption-attachment-1543\" class=\"wp-caption-text\">Pasy mocuj\u0105ce Britax R\u00f6mer Max-Way Plus mocuje si\u0119 do szyn przedniego siedzenia pasa\u017cera.<\/figcaption><\/figure>\n<ul>\n<li>\n<h3><span class=\"ez-toc-section\" id=\"Le_Systeme_de_Retenue_Harnais_ou_Bouclier\"><\/span>System bezpiecze\u0144stwa: uprz\u0105\u017c czy tarcza?<span class=\"ez-toc-section-end\"><\/span><\/h3>\n<\/li>\n<\/ul>\n<p>Obecnie istniej\u0105 <strong>dwa g\u0142\u00f3wne systemy przytrzymuj\u0105ce<\/strong> dla dzieci <strong>5-punktowe pasy bezpiecze\u0144stwa<\/strong> i <strong>os\u0142ona przeciwuderzeniowa<\/strong>.<\/p>\n<ul>\n<li><strong>Os\u0142ona przed uderzeniami<\/strong> ma posta\u0107 poduszki wykonanej z materia\u0142\u00f3w o doskona\u0142ej zdolno\u015bci poch\u0142aniania energii, umieszczonej na klatce piersiowej dziecka. Zapewnia ona doskona\u0142\u0105 ochron\u0119 w przypadku uderzenia i pomaga w <strong>zmniejszy\u0107 si\u0142y<\/strong> w przypadku kolizji, z cia\u0142em dziecka owini\u0119tym wok\u00f3\u0142 os\u0142ony. Chocia\u017c jest zatwierdzony do u\u017cytku <strong>w kierunku drogi<\/strong> od 9 kg, zaleca si\u0119, aby nie przewidywa\u0107 zbytnio jego u\u017cycia i preferowa\u0107 <strong>powr\u00f3t na drog\u0119<\/strong> tak d\u0142ugo, jak to mo\u017cliwe. Podczas prze\u0142\u0105czania na os\u0142on\u0119 nale\u017cy upewni\u0107 si\u0119, \u017ce dziecko nie jest ani zbyt ma\u0142e, ani zbyt wysokie, aby unikn\u0105\u0107 nieprawid\u0142owego ustawienia os\u0142ony. Dost\u0119pnych jest wiele modeli z os\u0142on\u0105 w <a href=\"https:\/\/www.monsiegeautobebe.fr\/pl\/comparatif-meilleurs-sieges-auto-cybex\/\" target=\"_blank\" rel=\"noopener\">Foteliki samochodowe Cybex<\/a>.<\/li>\n<li><strong>5-punktowe pasy bezpiecze\u0144stwa<\/strong> zosta\u0142 zaprojektowany tak, aby mocno trzyma\u0107 dziecko w foteliku za sztywne cz\u0119\u015bci cia\u0142a wok\u00f3\u0142 krocza, ramion i miednicy. Aby unikn\u0105\u0107 ryzyka<strong> Nieprawid\u0142owa instalacja<\/strong>Uprz\u0105\u017c musi by\u0107 wystarczaj\u0105co napi\u0119ta i nie mo\u017ce by\u0107 skr\u0119cona, aby skutecznie chroni\u0107 dziecko. W przeciwie\u0144stwie do os\u0142ony, uprz\u0105\u017c jest odpowiednia dla <strong>od urodzenia.<\/strong> Jego wysoko\u015b\u0107 mo\u017cna \u0142atwo dostosowa\u0107 do wszystkich rozmiar\u00f3w cia\u0142a i dotrzyma\u0107 kroku najnowszym trendom. <strong>wzrost dziecka.<\/strong> Uprz\u0105\u017c jest systemem przytrzymuj\u0105cym u\u017cywanym w wi\u0119kszo\u015bci samochod\u00f3w. <strong>Foteliki samochodowe montowane ty\u0142em do kierunku jazdy<\/strong>Zalecamy jego stosowanie, kt\u00f3ry znajduje si\u0119 w wi\u0119kszo\u015bci <a href=\"https:\/\/www.monsiegeautobebe.fr\/pl\/comparatif-meilleurs-sieges-auto-britax-romer\/\" target=\"_blank\" rel=\"noopener\">Foteliki samochodowe Britax R\u00f6mer<\/a> lub B\u00e9b\u00e9 Confort.<\/li>\n<\/ul>\n<figure id=\"attachment_1127\" aria-describedby=\"caption-attachment-1127\" style=\"width: 800px\" class=\"wp-caption aligncenter\"><a href=\"https:\/\/monsiegeautobebe.fr\/wp-content\/uploads\/2019\/10\/siege-auto-dos-route-face-route.jpg\"><img loading=\"lazy\" decoding=\"async\" class=\"size-full wp-image-1127\" src=\"https:\/\/monsiegeautobebe.fr\/wp-content\/uploads\/2019\/10\/siege-auto-dos-route-face-route.jpg\" alt=\"Fotelik samochodowy dla dziecka z uprz\u0119\u017c\u0105 i os\u0142on\u0105 przed uderzeniami\" width=\"800\" height=\"383\" srcset=\"https:\/\/www.monsiegeautobebe.fr\/wp-content\/uploads\/2019\/10\/siege-auto-dos-route-face-route.jpg 800w, https:\/\/www.monsiegeautobebe.fr\/wp-content\/uploads\/2019\/10\/siege-auto-dos-route-face-route-600x287.jpg 600w, https:\/\/www.monsiegeautobebe.fr\/wp-content\/uploads\/2019\/10\/siege-auto-dos-route-face-route-300x144.jpg 300w, https:\/\/www.monsiegeautobebe.fr\/wp-content\/uploads\/2019\/10\/siege-auto-dos-route-face-route-768x368.jpg 768w, https:\/\/www.monsiegeautobebe.fr\/wp-content\/uploads\/2019\/10\/siege-auto-dos-route-face-route-702x336.jpg 702w\" sizes=\"(max-width: 800px) 100vw, 800px\" \/><\/a><figcaption id=\"caption-attachment-1127\" class=\"wp-caption-text\">Le <a href=\"https:\/\/www.monsiegeautobebe.fr\/pl\/cybex-pallas-s-fix\/\">Cybex Pallas S-Fix<\/a> z os\u0142on\u0105 przed uderzeniami i Cybex Sirona S i-Size z 5-punktowymi pasami bezpiecze\u0144stwa<\/figcaption><\/figure>\n<h2><span class=\"ez-toc-section\" id=\"Les_Differents_Types_de_Sieges_Auto_Bebe\"><\/span>R\u00f3\u017cne rodzaje fotelik\u00f3w samochodowych dla dzieci<span class=\"ez-toc-section-end\"><\/span><\/h2>\n<p>Gondola, przytulanka dla niemowl\u0105t, fotelik samochodowy lub fotelik podwy\u017cszaj\u0105cy - istnieje wiele mo\u017cliwo\u015bci wyboru, je\u015bli chodzi o sprz\u0119t dla niemowl\u0105t. <strong>fotelik samochodowy dla dziecka<\/strong>. Ka\u017cdy rodzaj fotelika jest przeznaczony do okre\u015blonego etapu rozwoju dziecka. Idealnie, <strong>dziecko b\u0119dzie potrzebowa\u0142o trzech fotelik\u00f3w samochodowych<\/strong> aby nad\u0105\u017cy\u0107 za zmianami kszta\u0142tu cia\u0142a i zapewni\u0107 skuteczn\u0105 ochron\u0119. Oto kr\u00f3tki przegl\u0105d r\u00f3\u017cnych typ\u00f3w fotelik\u00f3w, aby pom\u00f3c Ci zrozumie\u0107 ich specyficzne cechy.<\/p>\n<ul>\n<li>\n<h3><span class=\"ez-toc-section\" id=\"Les_Sieges_Auto_Pour_Bebe_de_la_naissance_a_12_mois_env\"><\/span>Foteliki samochodowe dla niemowl\u0105t <em>(od urodzenia do oko\u0142o 12 miesi\u0119cy)<\/em><span class=\"ez-toc-section-end\"><\/span><\/h3>\n<p>&nbsp;<\/li>\n<\/ul>\n<p>Le <strong>gondola<\/strong> i\/lub <strong>przytulanka dla niemowl\u0105t<\/strong> b\u0119dzie pierwszym <strong>foteliki samochodowe dla dzieci<\/strong> kt\u00f3rych z pewno\u015bci\u0105 b\u0119dziesz u\u017cywa\u0107, gdy tylko opu\u015bcisz oddzia\u0142 po\u0142o\u017cniczy. Chocia\u017c mog\u0105 by\u0107 u\u017cywane <strong>od urodzenia<\/strong> i w pierwszych miesi\u0105cach \u017cycia dziecka, ka\u017cde z tych rozwi\u0105za\u0144 ma swoje specyficzne cechy.<\/p>\n<ul>\n<li style=\"list-style-type: none;\">\n<ul>\n<li style=\"list-style-type: none;\">\n<ul>\n<li>\n<h4><span class=\"ez-toc-section\" id=\"La_Nacelle_de_la_naissance_a_6_mois_env\"><\/span>La Nacelle <em>(od urodzenia do oko\u0142o 6 miesi\u0119cy)<\/em><span class=\"ez-toc-section-end\"><\/span><\/h4>\n<\/li>\n<\/ul>\n<\/li>\n<\/ul>\n<\/li>\n<\/ul>\n<figure id=\"attachment_1371\" aria-describedby=\"caption-attachment-1371\" style=\"width: 400px\" class=\"wp-caption alignleft\"><a href=\"https:\/\/tidd.ly\/3k0qboS\" target=\"_blank\" rel=\"nofollow noopener\"><img loading=\"lazy\" decoding=\"async\" class=\"size-full wp-image-1371\" src=\"https:\/\/monsiegeautobebe.fr\/wp-content\/uploads\/2019\/10\/nacelle-jade-bebe-confort-maxi-cosi.jpg\" alt=\"Gondola Jade od B\u00e9b\u00e9 Confort z atestem i-Size\" width=\"400\" height=\"300\" srcset=\"https:\/\/www.monsiegeautobebe.fr\/wp-content\/uploads\/2019\/10\/nacelle-jade-bebe-confort-maxi-cosi.jpg 1000w, https:\/\/www.monsiegeautobebe.fr\/wp-content\/uploads\/2019\/10\/nacelle-jade-bebe-confort-maxi-cosi-600x450.jpg 600w, https:\/\/www.monsiegeautobebe.fr\/wp-content\/uploads\/2019\/10\/nacelle-jade-bebe-confort-maxi-cosi-300x225.jpg 300w, https:\/\/www.monsiegeautobebe.fr\/wp-content\/uploads\/2019\/10\/nacelle-jade-bebe-confort-maxi-cosi-768x576.jpg 768w\" sizes=\"(max-width: 400px) 100vw, 400px\" \/><\/a><figcaption id=\"caption-attachment-1371\" class=\"wp-caption-text\">La <a href=\"https:\/\/www.monsiegeautobebe.fr\/pl\/najlepsza-gondola-samochodowa\/\">gondola dzieci\u0119ca<\/a> Confort Jade to pierwsza gondola zatwierdzona przez i-Size<\/figcaption><\/figure>\n<p><strong>Noside\u0142ko dla dziecka<\/strong> to rodzaj gondoli, kt\u00f3ra pozwala dziecku wygodnie podr\u00f3\u017cowa\u0107 w samochodzie <strong>od urodzenia do oko\u0142o 6 miesi\u0119cy<\/strong><em>(do ok. 70 cm lub maks. 10 kg)<\/em>. W samochodzie gondola jest <strong>bardzo uci\u0105\u017cliwe<\/strong> poniewa\u017c siedzi r\u00f3wnolegle do tylnej kanapy pojazdu i zajmuje 2 miejsca. To prawdziwy <strong>dodatkowe \u0142\u00f3\u017cko<\/strong> kt\u00f3ra umo\u017cliwia przewo\u017cenie dziecka w pozycji le\u017c\u0105cej bez budzenia go, zar\u00f3wno w samochodzie, jak i w w\u00f3zku. Wi\u0119kszo\u015b\u0107 gondoli mo\u017cna przymocowa\u0107 do ramy w\u00f3zka, aby umo\u017cliwi\u0107 przewo\u017cenie dziecka za pomoc\u0105 <strong>duo \/ trio pack<\/strong> lub <strong>System podr\u00f3\u017cny<\/strong>. W przeciwie\u0144stwie do <strong>przytulanka dla niemowl\u0105t<\/strong>Gondola mo\u017ce by\u0107 r\u00f3wnie\u017c u\u017cywana okazjonalnie jako <strong>\u0142\u00f3\u017ceczko<\/strong> Przez pierwsze kilka tygodni lub do spania w domu przyjaciela lub na wakacjach. Jednak\u017ce, cho\u0107 oferuj\u0105 one niezaprzeczalny komfort dla dziecka, gondole maj\u0105 bardzo ograniczone zastosowanie w czasie. Nie zapewniaj\u0105 one wystarczaj\u0105cego wsparcia i bezpiecze\u0144stwa podczas d\u0142ugich podr\u00f3\u017cy samochodem, tak jak gondola. <strong>przytulanka dla niemowl\u0105t<\/strong>. Z wyj\u0105tkiem zupe\u0142nie nowego <strong>B\u00e9b\u00e9 Confort Jade<\/strong>pierwsza zatwierdzona gondola i-Size, kt\u00f3ra uzyska\u0142a certyfikat <a href=\"https:\/\/www.monsiegeautobebe.fr\/pl\/adac-testy-fotelikow-wiosna-2019\/\" target=\"_blank\" rel=\"noopener\">Doskona\u0142e wyniki test\u00f3w zderzeniowych<\/a>bardzo niewiele modeli gwarantuje <strong>poziom bezpiecze\u0144stwa<\/strong> odpowiednik przytulno\u015bci.<\/p>\n<ul>\n<li style=\"list-style-type: none;\">\n<ul>\n<li style=\"list-style-type: none;\">\n<ul>\n<li>\n<h4><span class=\"ez-toc-section\" id=\"Le_Cosy_Bebe_de_la_naissance_a_15_mois_env\"><\/span>Le Cosy B\u00e9b\u00e9 <em>(od urodzenia do oko\u0142o 15 miesi\u0119cy)<\/em><span class=\"ez-toc-section-end\"><\/span><\/h4>\n<\/li>\n<\/ul>\n<\/li>\n<\/ul>\n<\/li>\n<\/ul>\n<figure id=\"attachment_1382\" aria-describedby=\"caption-attachment-1382\" style=\"width: 400px\" class=\"wp-caption alignright\"><a href=\"https:\/\/action.metaffiliation.com\/trk.php?mclic=P4F2915719951B1&amp;redir=https%3A%2F%2Fwww.autourdebebe.com%2Fp%2Fampafrancecosipebbleproisize%2Fcosi-pebble-pro-i-size-bebe-confort\" target=\"_blank\" rel=\"noopener nofollow noreferrer\"><img loading=\"lazy\" decoding=\"async\" class=\"size-full wp-image-1382\" src=\"https:\/\/monsiegeautobebe.fr\/wp-content\/uploads\/2025\/07\/maxi-cosi-pebble-pro-installation-voiture.jpg\" alt=\"Przytulanka B\u00e9b\u00e9 Confort Pebble Pro i-Size i jej podstawa 3wayFix\" width=\"400\" height=\"300\" \/><\/a><figcaption id=\"caption-attachment-1382\" class=\"wp-caption-text\">Przytulanka B\u00e9b\u00e9 Confort Pebble Pro i-Size przymocowana do podstawy 3wayFix<\/figcaption><\/figure>\n<p>Le <a href=\"https:\/\/www.monsiegeautobebe.fr\/pl\/najlepszy-fotelik-dla-niemowlaka\/\" target=\"_blank\" rel=\"noopener\">przytulanka dla niemowl\u0105t<\/a>znany r\u00f3wnie\u017c jako <strong>kad\u0142ub<\/strong>to oryginalny fotelik samochodowy przystosowany dla niemowl\u0105t <strong>od urodzenia do oko\u0142o 12 miesi\u0119cy<\/strong> <em>(do ok. 87 cm lub maks. 13 kg)<\/em>. W przeciwie\u0144stwie do gondoli, dziecko siedzi w <strong>stanowisko p\u00f3\u0142sta\u0142e<\/strong>. Z tego powodu nigdy nie mo\u017ce by\u0107 u\u017cywany jako \u0142\u00f3\u017cko. Fotelik zosta\u0142 zaprojektowany tak, aby dziecko by\u0142o bezpiecznie przypi\u0119te za pomoc\u0105 3- lub 5-punktowych pas\u00f3w bezpiecze\u0144stwa. Le\u017caczek jest zawsze ustawiony <strong>powr\u00f3t na drog\u0119<\/strong> i mo\u017ce by\u0107 zainstalowany na tylnych siedzeniach pojazdu lub na przednim siedzeniu pasa\u017cera, zwracaj\u0105c uwag\u0119 na dezaktywacj\u0119 poduszki powietrznej. Poduszka powietrzna <strong>przytulanka dla niemowl\u0105t<\/strong> jest nast\u0119pnie mocowany do siedzenia za pomoc\u0105 pasa bezpiecze\u0144stwa lub bazy ISOFIX. Podobnie jak w przypadku gondoli, przytulank\u0119 mo\u017cna r\u00f3wnie\u017c przymocowa\u0107 do <strong>rama w\u00f3zka dzieci\u0119cego<\/strong> dzi\u0119ki czemu mo\u017cna \u0142atwo wynie\u015b\u0107 dziecko z samochodu, nie budz\u0105c go. Wreszcie <strong>przytulanka dla niemowl\u0105t<\/strong> to \u015brodek transportu, kt\u00f3ry zapewnia maksymalne bezpiecze\u0144stwo i komfort podczas podr\u00f3\u017cy samochodem z dzieckiem.<\/p>\n<p><center><a href=\"https:\/\/www.monsiegeautobebe.fr\/pl\/najlepszy-fotelik-dla-niemowlaka\/\" class=\"sc-button sc-button-default sc-button-large\"><span>ZOBACZ NASZ WYB\u00d3R NAJLEPSZYCH<br \/>\nCOSY BABY<\/span><\/a><\/center><\/p>\n<ul>\n<li>\n<h4><span class=\"ez-toc-section\" id=\"Les_Sieges_Auto_Pour_Enfants_de_6_mois_a_4_ans_env\"><\/span>Foteliki samochodowe dla dzieci <em>(od ok. 6 miesi\u0119cy do ok. 4 lat)<\/em><span class=\"ez-toc-section-end\"><\/span><\/h4>\n<\/li>\n<\/ul>\n<p><strong>Foteliki samochodowe drugiej klasy<\/strong> s\u0105 przeznaczone dla dzieci <strong>od 6 miesi\u0119cy do 4 lat<\/strong> (do ok. 105 cm lub maks. 18 kg). Foteliki te s\u0105 przeznaczone dla <strong>by\u0107 ustawieni ty\u0142em do drogi i zwr\u00f3ceni w jej kierunku<\/strong> gdy dziecko jest wystarczaj\u0105co du\u017ce. Dziecko jest nast\u0119pnie przytrzymywane przez <strong>5-punktowe pasy bezpiecze\u0144stwa<\/strong> i\/lub <strong>os\u0142ona przeciwuderzeniowa<\/strong>. Fotelik mo\u017cna przymocowa\u0107 do pojazdu z podstaw\u0105 lub bez niej dzi\u0119ki <strong>z ISOFIX<\/strong> lub do <strong>pas bezpiecze\u0144stwa<\/strong>.<\/p>\n<figure id=\"attachment_1429\" aria-describedby=\"caption-attachment-1429\" style=\"width: 702px\" class=\"wp-caption aligncenter\"><a href=\"https:\/\/action.metaffiliation.com\/trk.php?mclic=P494DD5719952191&amp;redir=https%3A%2F%2Fwww.roseoubleu.fr%2Fbesafe-siege-auto-izi-modular-i-size-groupe-0-1-black-cab-a148921.html\" target=\"_blank\" rel=\"noopener nofollow noreferrer\"><img loading=\"lazy\" decoding=\"async\" class=\"size-large wp-image-1429\" src=\"https:\/\/monsiegeautobebe.fr\/wp-content\/uploads\/2019\/10\/siege-auto-besafe-izi-modular-i-size-1024x831.jpg\" alt=\"Fotelik samochodowy dla niemowl\u0105t BeSafe iZi Modular i-Size\" width=\"702\" height=\"570\" srcset=\"https:\/\/www.monsiegeautobebe.fr\/wp-content\/uploads\/2019\/10\/siege-auto-besafe-izi-modular-i-size-1024x831.jpg 1024w, https:\/\/www.monsiegeautobebe.fr\/wp-content\/uploads\/2019\/10\/siege-auto-besafe-izi-modular-i-size-600x487.jpg 600w, https:\/\/www.monsiegeautobebe.fr\/wp-content\/uploads\/2019\/10\/siege-auto-besafe-izi-modular-i-size-300x243.jpg 300w, https:\/\/www.monsiegeautobebe.fr\/wp-content\/uploads\/2019\/10\/siege-auto-besafe-izi-modular-i-size-768x623.jpg 768w, https:\/\/www.monsiegeautobebe.fr\/wp-content\/uploads\/2019\/10\/siege-auto-besafe-izi-modular-i-size-168x137.jpg 168w, https:\/\/www.monsiegeautobebe.fr\/wp-content\/uploads\/2019\/10\/siege-auto-besafe-izi-modular-i-size.jpg 1080w\" sizes=\"(max-width: 702px) 100vw, 702px\" \/><\/a><figcaption id=\"caption-attachment-1429\" class=\"wp-caption-text\">BeSafe iZi Modular i-Size mo\u017ce by\u0107 u\u017cywany od 61 do 105 cm (od oko\u0142o 6 miesi\u0119cy do 4 lat).<\/figcaption><\/figure>\n<ul>\n<li>\n<h4><span class=\"ez-toc-section\" id=\"Les_Rehausseurs_de_3_ans_a_12_ans_env\"><\/span>Foteliki podwy\u017cszaj\u0105ce <em>(w wieku od 3 do oko\u0142o 12 lat)<\/em><span class=\"ez-toc-section-end\"><\/span><\/h4>\n<p>&nbsp;<\/li>\n<\/ul>\n<figure id=\"attachment_1373\" aria-describedby=\"caption-attachment-1373\" style=\"width: 400px\" class=\"wp-caption alignleft\"><a href=\"https:\/\/amzn.to\/32kMXhz\" target=\"_blank\" rel=\"noopener nofollow noreferrer\"><img loading=\"lazy\" decoding=\"async\" class=\"size-full wp-image-1373\" src=\"https:\/\/monsiegeautobebe.fr\/wp-content\/uploads\/2019\/10\/rehausseur-bebe-confort-rodifix-airprotect.jpg\" alt=\"Fotelik podwy\u017cszaj\u0105cy B\u00e9b\u00e9 Confort RodiFix AirProtect\" width=\"400\" height=\"300\" srcset=\"https:\/\/www.monsiegeautobebe.fr\/wp-content\/uploads\/2019\/10\/rehausseur-bebe-confort-rodifix-airprotect.jpg 1000w, https:\/\/www.monsiegeautobebe.fr\/wp-content\/uploads\/2019\/10\/rehausseur-bebe-confort-rodifix-airprotect-600x450.jpg 600w, https:\/\/www.monsiegeautobebe.fr\/wp-content\/uploads\/2019\/10\/rehausseur-bebe-confort-rodifix-airprotect-300x225.jpg 300w, https:\/\/www.monsiegeautobebe.fr\/wp-content\/uploads\/2019\/10\/rehausseur-bebe-confort-rodifix-airprotect-768x576.jpg 768w\" sizes=\"(max-width: 400px) 100vw, 400px\" \/><\/a><figcaption id=\"caption-attachment-1373\" class=\"wp-caption-text\">Fotelik podwy\u017cszaj\u0105cy <a href=\"https:\/\/www.monsiegeautobebe.fr\/pl\/maxi-cosi-rodifix-airprotect\/\">B\u00e9b\u00e9 Confort RodiFix AirProtect<\/a> jest wyposa\u017cony w oparcie zapewniaj\u0105ce optymaln\u0105 ochron\u0119<\/figcaption><\/figure>\n<p>Przed <strong>W wieku 10\/12 lat<\/strong> (od 100 cm do 150 cm lub maks. 36 kg), dziecko nie mo\u017ce by\u0107 jeszcze prawid\u0142owo zabezpieczone. <strong>przez pas bezpiecze\u0144stwa pojazdu<\/strong> bez nara\u017cania si\u0119 na powa\u017cne obra\u017cenia w razie wypadku. Odwied\u017a <strong>fotelik podwy\u017cszaj\u0105cy do podnoszenia dziecka<\/strong> aby upewni\u0107 si\u0119, \u017ce 3-punktowy pas bezpiecze\u0144stwa pojazdu jest prawid\u0142owo umieszczony na wysoko\u015bci g\u0142owy dziecka. <strong>jego rami\u0119<\/strong> i <strong>jego dorzecze<\/strong>. Od 2017 r, <strong>Zatwierdzone foteliki podwy\u017cszaj\u0105ce i-Size (R129)<\/strong>dla dzieci o wzro\u015bcie powy\u017cej 100 cm musz\u0105 by\u0107 <strong>by\u0107 wyposa\u017cone w oparcie<\/strong> aby zapewni\u0107 lepsz\u0105 ochron\u0119 g\u0142owy i szyi dziecka w razie kolizji. Jednak foteliki podwy\u017cszaj\u0105ce bez oparcia mog\u0105 by\u0107 nadal u\u017cywane przez dzieci o wzro\u015bcie powy\u017cej 125 cm i wadze powy\u017cej 22 kg.<\/p>\n<p><center><a href=\"https:\/\/www.monsiegeautobebe.fr\/pl\/comparatif-meilleurs-sieges-rehausseurs\/\" class=\"sc-button sc-button-default sc-button-large\"><span>ZOBACZ NASZ WYB\u00d3R NAJLEPSZYCH<br \/>\nSIEDZENIA PODWY\u017bSZAJ\u0104CE<\/span><\/a><\/center><\/p>\n<ul>\n<li>\n<h4><span class=\"ez-toc-section\" id=\"Les_Sieges_Auto_Evolutifs\"><\/span>Ewoluuj\u0105ce foteliki samochodowe<span class=\"ez-toc-section-end\"><\/span><\/h4>\n<\/li>\n<\/ul>\n<p>The <strong><a href=\"https:\/\/www.monsiegeautobebe.fr\/pl\/najlepsze-konwertowalne-foteliki-samochodowe\/\">rozwijaj\u0105ce si\u0119 foteliki samochodowe<\/a><\/strong> dostosowuj\u0105 si\u0119 do wzrostu dziecka. Pozwalaj\u0105 one na d\u0142u\u017csze u\u017cytkowanie fotelika samochodowego, poniewa\u017c dostosowuj\u0105 si\u0119 do wzrostu dziecka. Ten typ fotelika samochodowego mo\u017cna znale\u017a\u0107 g\u0142\u00f3wnie w <strong>grupy 0+\/1<\/strong> (od urodzenia do 105 cm lub 18 kg), <strong>grupa 1\/2\/3<\/strong> (od 75 cm do 150 cm lub od 9 do 36 kg), <strong>grupa 2\/3<\/strong> (od 100 cm do 150 cm lub od 15 do 36 kg), a teraz nawet dla <strong>grupy 0+\/1\/2\/3<\/strong> (od urodzenia do 150 cm lub 36 kg). Pomimo ich niezaprzeczalnej przewagi pod wzgl\u0119dem koszt\u00f3w, s\u0105 one gorzej dopasowane do ka\u017cdej grupy wiekowej ni\u017c konkretne modele. Lepszym rozwi\u0105zaniem by\u0142oby na przyk\u0142ad zainwestowanie w <strong>przytulanka dla niemowl\u0105t<\/strong>kt\u00f3ry b\u0119dzie znacznie lepiej dostosowany do morfologii dziecka przez pierwsze kilka miesi\u0119cy.<\/p>\n<figure id=\"attachment_1402\" aria-describedby=\"caption-attachment-1402\" style=\"width: 965px\" class=\"wp-caption aligncenter\"><a href=\"https:\/\/amzn.to\/2M6K5lz\" target=\"_blank\" rel=\"noopener nofollow noreferrer\"><img loading=\"lazy\" decoding=\"async\" class=\"size-full wp-image-1402\" src=\"https:\/\/monsiegeautobebe.fr\/wp-content\/uploads\/2019\/10\/siege-auto-evolutif-joie-every-stage.jpg\" alt=\"Grupa 0+\/1\/2\/3 Rozwijaj\u0105cy si\u0119 fotelik samochodowy Joie Every Stage\" width=\"965\" height=\"528\" srcset=\"https:\/\/www.monsiegeautobebe.fr\/wp-content\/uploads\/2019\/10\/siege-auto-evolutif-joie-every-stage.jpg 965w, https:\/\/www.monsiegeautobebe.fr\/wp-content\/uploads\/2019\/10\/siege-auto-evolutif-joie-every-stage-600x328.jpg 600w, https:\/\/www.monsiegeautobebe.fr\/wp-content\/uploads\/2019\/10\/siege-auto-evolutif-joie-every-stage-300x164.jpg 300w, https:\/\/www.monsiegeautobebe.fr\/wp-content\/uploads\/2019\/10\/siege-auto-evolutif-joie-every-stage-768x420.jpg 768w\" sizes=\"(max-width: 965px) 100vw, 965px\" \/><\/a><figcaption id=\"caption-attachment-1402\" class=\"wp-caption-text\">Joie Every Stage obejmuje grupy 0+\/1\/2\/3, od urodzenia do 36 kg (ok. 12 lat).<\/figcaption><\/figure>\n<ul>\n<li>\n<h4><span class=\"ez-toc-section\" id=\"Les_Sieges_Auto_Pivotants\"><\/span>Obrotowe foteliki samochodowe<span class=\"ez-toc-section-end\"><\/span><\/h4>\n<\/li>\n<\/ul>\n<figure id=\"attachment_1368\" aria-describedby=\"caption-attachment-1368\" style=\"width: 300px\" class=\"wp-caption alignleft\"><a href=\"https:\/\/monsiegeautobebe.fr\/wp-content\/uploads\/2019\/10\/siege-auto-pivotant-cybex-sirona-z-i-size.gif\"><img loading=\"lazy\" decoding=\"async\" class=\"size-full wp-image-1368\" src=\"https:\/\/monsiegeautobebe.fr\/wp-content\/uploads\/2019\/10\/siege-auto-pivotant-cybex-sirona-z-i-size.gif\" alt=\"Obrotowy fotelik samochodowy 360\u00b0 Cybex Sirona Z i-Size\" width=\"300\" height=\"226\" \/><\/a><figcaption id=\"caption-attachment-1368\" class=\"wp-caption-text\">Cybex Sirona Z i-Size obraca si\u0119 o 360\u00b0, co u\u0142atwia monta\u017c<\/figcaption><\/figure>\n<p>The <a href=\"https:\/\/www.monsiegeautobebe.fr\/pl\/najlepszy-fotelik-samochodowy-obrotowy\/\" target=\"_blank\" rel=\"noopener\">najlepsze obrotowe foteliki samochodowe<\/a> Zapewniaj\u0105 wi\u0119kszy komfort podczas wk\u0142adania dziecka do fotelika samochodowego, poniewa\u017c mo\u017cna je obraca\u0107. <strong>do 360<\/strong>. \u0141atwo jest umie\u015bci\u0107 dziecko w foteliku samochodowym przodem do siebie, a nast\u0119pnie obr\u00f3ci\u0107 go, aby ustawi\u0107 je we w\u0142a\u015bciwej pozycji. <strong>powr\u00f3t na drog\u0119<\/strong> lub <strong>w kierunku drogi<\/strong> tak jak w przypadku wielu wersji <a href=\"https:\/\/www.monsiegeautobebe.fr\/pl\/porownanie-fotelikow-samochodowych-cybex-sirona\/\" target=\"_blank\" rel=\"noopener noreferrer\">Cybex Sirona<\/a>. The <a href=\"https:\/\/www.monsiegeautobebe.fr\/pl\/najlepszy-fotelik-samochodowy-obrotowy\/\">obrotowe foteliki samochodowe<\/a> s\u0105 stosunkowo nieliczne, poniewa\u017c dotycz\u0105 tylko <strong>grupy 0+\/1<\/strong> (od urodzenia do 18 kg) oraz <strong>Grupa 1<\/strong> (od 9 do 18 kg).<\/p>\n<p><center><a href=\"https:\/\/www.monsiegeautobebe.fr\/pl\/najlepszy-fotelik-samochodowy-obrotowy\/\" class=\"sc-button sc-button-default sc-button-large\"><span>ZOBACZ NASZ WYB\u00d3R NAJLEPSZYCH<br \/>\nOBROTOWE FOTELIKI SAMOCHODOWE<\/span><\/a><\/center><\/p>\n<h2><span class=\"ez-toc-section\" id=\"Combien_De_Siege_Auto_Devez-Vous_Acheter\"><\/span>Ile fotelik\u00f3w samochodowych potrzebujesz?<span class=\"ez-toc-section-end\"><\/span><\/h2>\n<p>Aby zapewni\u0107 <strong>maksymalne bezpiecze\u0144stwo<\/strong> i <strong>komfort<\/strong> do dziecka, idealnym rozwi\u0105zaniem by\u0142oby u\u017cycie <strong>co najmniej dwa lub trzy foteliki samochodowe<\/strong> do <strong>W wieku 10\/12 lat<\/strong>. Istnieje wiele r\u00f3\u017cnych kombinacji fotelik\u00f3w. Jednak, aby chroni\u0107 dziecko tak skutecznie, jak to mo\u017cliwe i wspiera\u0107 je, gdy ro\u015bnie, szczeg\u00f3lnie zalecamy <strong>dwie kombinacje<\/strong>Zawsze upewnij si\u0119, \u017ce jeste\u015b odwr\u00f3cony ty\u0142em do drogi.<\/p>\n<ul>\n<li>A <strong>przytulanka dla niemowl\u0105t<\/strong> <em>(Grupa 0\/0+, od urodzenia do 85 cm, tj. do oko\u0142o 15 miesi\u0119cy)<\/em><\/li>\n<li>A <strong>fotelik samochodowy dla dziecka<\/strong> <em>(Grupa 0+\/1 lub Grupa 1, od 60 do 105 cm, tj. od ok. 6 miesi\u0119cy do ok. 4 lat).<\/em><\/li>\n<li>A <strong>fotelik podwy\u017cszaj\u0105cy z oparciem<\/strong> <em>(Grupa 2\/3, od 100 do 150 cm, tj. od ok. 3 do 12 lat).<\/em><\/li>\n<\/ul>\n<p>lub<\/p>\n<ul>\n<li>A <strong>fotelik samochodowy dla dziecka<\/strong> (Grupa 0+\/1, od urodzenia do 105 cm, tj. do oko\u0142o 4 lat)<\/li>\n<li>A <strong>fotelik podwy\u017cszaj\u0105cy z oparciem<\/strong> (Grupa 2\/3, od 100 do 150 cm, tj. od ok. 3 do 12 lat).<\/li>\n<\/ul>\n<h2><span class=\"ez-toc-section\" id=\"Les_Points_Essentiels_Dans_Le_Choix_Dun_Siege_Auto_Bebe\"><\/span>Najwa\u017cniejsze punkty przy wyborze fotelika samochodowego dla dziecka<span class=\"ez-toc-section-end\"><\/span><\/h2>\n<p>Podsumowuj\u0105c, oto nasze porady, kt\u00f3re pomog\u0105 Ci wybra\u0107 najlepszy fotelik samochodowy dla Twojego dziecka:<\/p>\n<ul>\n<li>Le <strong>waga i wzrost dziecka<\/strong> s\u0105 pierwszymi kryteriami, kt\u00f3re nale\u017cy wzi\u0105\u0107 pod uwag\u0119.<\/li>\n<li>Dowiedz si\u0119 wi\u0119cej o <strong>wyniki test\u00f3w zderzeniowych.<\/strong><\/li>\n<li>Wybierz <strong>wygodny model<\/strong> z rozk\u0142adanymi i wyjmowanymi siedzeniami.<\/li>\n<li>Sprawd\u017a <strong>kompatybilno\u015b\u0107 foteli<\/strong> z samochodem.<\/li>\n<li>Najdro\u017csze miejsca niekoniecznie s\u0105 najlepsze. <strong>Przeczytaj uwa\u017cnie r\u00f3\u017cne testy i opinie<\/strong> aby znale\u017a\u0107 model najlepiej dopasowany do danej sytuacji.<\/li>\n<\/ul>\n<p>We wszystkich przypadkach, <strong>zakup fotelika samochodowego<\/strong> nie nale\u017cy lekcewa\u017cy\u0107. Dobre informacje s\u0105 niezb\u0119dne przy wyborze fotelika <strong>najlepiej dopasowane do dziecka<\/strong>, \u00e0 <strong>bud\u017cet<\/strong> oraz <strong>samoch\u00f3d<\/strong>. Niezale\u017cnie od tego, czy wybierzesz jeden model zamiast drugiego, <strong>zawsze u\u017cywaj pozycji ty\u0142em do kierunku jazdy<\/strong> tak d\u0142ugo, jak to mo\u017cliwe. Najmniejszy wypadek mo\u017ce mie\u0107 powa\u017cne konsekwencje dla dziecka, wi\u0119c nie r\u00f3b niczego, co mog\u0142oby mu zaszkodzi\u0107. <strong>Bez kompromis\u00f3w w kwestii bezpiecze\u0144stwa<\/strong>.<\/p>","protected":false},"excerpt":{"rendered":"<p>Kiedy przygotowujesz si\u0119 na przyj\u015bcie dziecka na \u015bwiat, szybko pojawia si\u0119 kwestia wyboru fotelika samochodowego dla dziecka i nie bez powodu: ma to kluczowe znaczenie. Fotelik samochodowy dla dziecka jest obowi\u0105zkowy od momentu opuszczenia szpitala po\u0142o\u017cniczego, ale jego wyb\u00f3r nie jest \u0142atwy. Najwa\u017cniejsz\u0105 rzecz\u0105 do rozwa\u017cenia przy zakupie fotelika samochodowego jest<\/p>","protected":false},"author":2,"featured_media":1087,"comment_status":"open","ping_status":"open","sticky":false,"template":"","format":"standard","meta":{"footnotes":""},"categories":[18],"tags":[],"class_list":{"0":"post-1055","1":"post","2":"type-post","3":"status-publish","4":"format-standard","5":"has-post-thumbnail","7":"category-guide-achat"},"_links":{"self":[{"href":"https:\/\/www.monsiegeautobebe.fr\/pl\/wp-json\/wp\/v2\/posts\/1055","targetHints":{"allow":["GET"]}}],"collection":[{"href":"https:\/\/www.monsiegeautobebe.fr\/pl\/wp-json\/wp\/v2\/posts"}],"about":[{"href":"https:\/\/www.monsiegeautobebe.fr\/pl\/wp-json\/wp\/v2\/types\/post"}],"author":[{"embeddable":true,"href":"https:\/\/www.monsiegeautobebe.fr\/pl\/wp-json\/wp\/v2\/users\/2"}],"replies":[{"embeddable":true,"href":"https:\/\/www.monsiegeautobebe.fr\/pl\/wp-json\/wp\/v2\/comments?post=1055"}],"version-history":[{"count":0,"href":"https:\/\/www.monsiegeautobebe.fr\/pl\/wp-json\/wp\/v2\/posts\/1055\/revisions"}],"wp:featuredmedia":[{"embeddable":true,"href":"https:\/\/www.monsiegeautobebe.fr\/pl\/wp-json\/wp\/v2\/media\/1087"}],"wp:attachment":[{"href":"https:\/\/www.monsiegeautobebe.fr\/pl\/wp-json\/wp\/v2\/media?parent=1055"}],"wp:term":[{"taxonomy":"category","embeddable":true,"href":"https:\/\/www.monsiegeautobebe.fr\/pl\/wp-json\/wp\/v2\/categories?post=1055"},{"taxonomy":"post_tag","embeddable":true,"href":"https:\/\/www.monsiegeautobebe.fr\/pl\/wp-json\/wp\/v2\/tags?post=1055"}],"curies":[{"name":"wp","href":"https:\/\/api.w.org\/{rel}","templated":true}]}}