{"id":762,"date":"2019-06-25T18:24:40","date_gmt":"2019-06-25T18:24:40","guid":{"rendered":"https:\/\/monsiegeautobebe.fr\/?p=762"},"modified":"2023-02-18T15:35:24","modified_gmt":"2023-02-18T14:35:24","slug":"hvilken-bilstolgruppe-velge","status":"publish","type":"post","link":"https:\/\/www.monsiegeautobebe.fr\/nb\/hvilken-bilstolgruppe-velge\/","title":{"rendered":"Hvilken bilsetegruppe b\u00f8r du velge til barnet ditt?"},"content":{"rendered":"<p><a href=\"https:\/\/www.securite-routiere.gouv.fr\/chacun-sa-conduite\/conseils-sur-la-route-avec-les-enfants\/siege-auto-les-dispositifs-de-retenue\" target=\"_blank\" rel=\"nofollow noopener noreferrer\">I Frankrike er bilbarnestoler obligatoriske for barn opp til 10 \u00e5r.<\/a>eller til de er s\u00e5 store at de kan bruke bilbelte. Det viktigste du m\u00e5 huske p\u00e5 n\u00e5r du skal velge bilbelte, er f\u00f8lgende <strong>\u00e5 velge en <a href=\"https:\/\/www.monsiegeautobebe.fr\/nb\/\">bilsete<\/a> barn eller baby<\/strong> er f\u00f8rst og fremst \u00e5 ta hensyn til <strong>barnets vekt, h\u00f8yde og alder.<\/strong> Hvert bilsete er utformet i henhold til disse kriteriene for \u00e5 passe best mulig til barnas morfologi p\u00e5 hvert vekststadium. V\u00e6r imidlertid \u00e5rv\u00e5ken, for du kan bryte loven hvis du ikke kjenner til alle reglene som gjelder for bruk av bilbarnestoler. <strong>bruk av bilseter eller beltestoler<\/strong>.<\/p>\n<div id=\"ez-toc-container\" class=\"ez-toc-v2_0_82_2 counter-hierarchy ez-toc-counter ez-toc-grey ez-toc-container-direction\">\n<div class=\"ez-toc-title-container\">\n<p class=\"ez-toc-title\" style=\"cursor:inherit\">Innhold<\/p>\n<span class=\"ez-toc-title-toggle\"><a href=\"#\" class=\"ez-toc-pull-right ez-toc-btn ez-toc-btn-xs ez-toc-btn-default ez-toc-toggle\" aria-label=\"Bytt innholdsfortegnelse\"><span class=\"ez-toc-js-icon-con\"><span class=\"\"><span class=\"eztoc-hide\" style=\"display:none;\">Toggle<\/span><span class=\"ez-toc-icon-toggle-span\"><svg style=\"fill: #999;color:#999\" xmlns=\"http:\/\/www.w3.org\/2000\/svg\" class=\"list-377408\" width=\"20px\" height=\"20px\" viewbox=\"0 0 24 24\" fill=\"none\"><path d=\"M6 6H4v2h2V6zm14 0H8v2h12V6zM4 11h2v2H4v-2zm16 0H8v2h12v-2zM4 16h2v2H4v-2zm16 0H8v2h12v-2z\" fill=\"currentColor\"><\/path><\/svg><svg style=\"fill: #999;color:#999\" class=\"arrow-unsorted-368013\" xmlns=\"http:\/\/www.w3.org\/2000\/svg\" width=\"10px\" height=\"10px\" viewbox=\"0 0 24 24\" version=\"1.2\" baseprofile=\"tiny\"><path d=\"M18.2 9.3l-6.2-6.3-6.2 6.3c-.2.2-.3.4-.3.7s.1.5.3.7c.2.2.4.3.7.3h11c.3 0 .5-.1.7-.3.2-.2.3-.5.3-.7s-.1-.5-.3-.7zM5.8 14.7l6.2 6.3 6.2-6.3c.2-.2.3-.5.3-.7s-.1-.5-.3-.7c-.2-.2-.4-.3-.7-.3h-11c-.3 0-.5.1-.7.3-.2.2-.3.5-.3.7s.1.5.3.7z\"\/><\/svg><\/span><\/span><\/span><\/a><\/span><\/div>\n<nav><ul class='ez-toc-list ez-toc-list-level-1 eztoc-toggle-hide-by-default' ><li class='ez-toc-page-1 ez-toc-heading-level-2'><a class=\"ez-toc-link ez-toc-heading-1\" href=\"https:\/\/www.monsiegeautobebe.fr\/nb\/hvilken-bilstolgruppe-velge\/#Comment_Choisir_un_Siege_Auto_Bebe_selon_lAge_de_son_Enfant\" >Hvordan velge bilbarnestol i henhold til barnets alder?<\/a><ul class='ez-toc-list-level-4' ><li class='ez-toc-heading-level-4'><ul class='ez-toc-list-level-4' ><li class='ez-toc-heading-level-4'><a class=\"ez-toc-link ez-toc-heading-2\" href=\"https:\/\/www.monsiegeautobebe.fr\/nb\/hvilken-bilstolgruppe-velge\/#Groupe_0_de_la_naissance_a_10_kg_jusqua_70_cm\" >Gruppe 0 : fra f\u00f8dsel til 10 kg* \/ opp til 70 cm**.<\/a><\/li><li class='ez-toc-page-1 ez-toc-heading-level-4'><a class=\"ez-toc-link ez-toc-heading-3\" href=\"https:\/\/www.monsiegeautobebe.fr\/nb\/hvilken-bilstolgruppe-velge\/#Groupe_0_de_la_naissance_a_13_kg_jusqua_80_cm\" >Gruppe 0+ : fra f\u00f8dsel til 13 kg* \/ opptil 80 cm**.<\/a><\/li><li class='ez-toc-page-1 ez-toc-heading-level-4'><a class=\"ez-toc-link ez-toc-heading-4\" href=\"https:\/\/www.monsiegeautobebe.fr\/nb\/hvilken-bilstolgruppe-velge\/#Groupe_1_de_9_a_18_kg_jusqua_100_cm\" >Gruppe 1: fra 9 til 18 kg* \/ opp til 100 cm**.<\/a><\/li><li class='ez-toc-page-1 ez-toc-heading-level-4'><a class=\"ez-toc-link ez-toc-heading-5\" href=\"https:\/\/www.monsiegeautobebe.fr\/nb\/hvilken-bilstolgruppe-velge\/#Groupe_2_de_15_a_25_kg_et_groupe_3_de_22_a_36_kg_jusqua_150_cm\" >Gruppe 2 fra 15 til 25 kg* og gruppe 3 fra 22 til 36 kg* \/ opp til 150 cm**.<\/a><\/li><\/ul><\/li><\/ul><\/li><li class='ez-toc-page-1 ez-toc-heading-level-2'><a class=\"ez-toc-link ez-toc-heading-6\" href=\"https:\/\/www.monsiegeautobebe.fr\/nb\/hvilken-bilstolgruppe-velge\/#Quand_Faut-il_Changer_de_Groupe_de_Siege_Auto\" >N\u00e5r b\u00f8r jeg bytte bilsetegruppe?<\/a><\/li><li class='ez-toc-page-1 ez-toc-heading-level-2'><a class=\"ez-toc-link ez-toc-heading-7\" href=\"https:\/\/www.monsiegeautobebe.fr\/nb\/hvilken-bilstolgruppe-velge\/#Comment_Reconnaitre_un_Siege_Auto_Bebe_Homologues\" >Hvordan gjenkjenne et godkjent bilbarnestol?<\/a><\/li><li class='ez-toc-page-1 ez-toc-heading-level-2'><a class=\"ez-toc-link ez-toc-heading-8\" href=\"https:\/\/www.monsiegeautobebe.fr\/nb\/hvilken-bilstolgruppe-velge\/#Quelles_sont_les_Derogations_Incluses_dans_la_Reglementation\" >Hvilke unntak er inkludert i regelverket?<\/a><ul class='ez-toc-list-level-5' ><li class='ez-toc-heading-level-5'><ul class='ez-toc-list-level-5' ><li class='ez-toc-heading-level-5'><ul class='ez-toc-list-level-5' ><li class='ez-toc-heading-level-5'><a class=\"ez-toc-link ez-toc-heading-9\" href=\"https:\/\/www.monsiegeautobebe.fr\/nb\/hvilken-bilstolgruppe-velge\/#Quelques_points_important_a_retenir_lors_du_choix\" >Her er noen viktige punkter du b\u00f8r ha i bakhodet n\u00e5r du gj\u00f8r ditt valg:<\/a><\/li><\/ul><\/li><\/ul><\/li><\/ul><\/li><li class='ez-toc-page-1 ez-toc-heading-level-2'><a class=\"ez-toc-link ez-toc-heading-10\" href=\"https:\/\/www.monsiegeautobebe.fr\/nb\/hvilken-bilstolgruppe-velge\/#Quelles_sont_les_Consequences_en_Cas_de_Non-Respect_de_la_Reglementation\" >Hva er konsekvensene hvis regelverket ikke overholdes?<\/a><\/li><\/ul><\/nav><\/div>\n<h2><span class=\"ez-toc-section\" id=\"Comment_Choisir_un_Siege_Auto_Bebe_selon_lAge_de_son_Enfant\"><\/span>Hvordan velge bilbarnestol i henhold til barnets alder?<span class=\"ez-toc-section-end\"><\/span><\/h2>\n<p>Det f\u00f8rste du m\u00e5 huske er at <strong>regelverket gjelder ikke i henhold til barnets alder<\/strong>men if\u00f8lge <strong>av sin vekt<\/strong> <em>(forordning R44\/04)<\/em> eller <strong>st\u00f8rrelse<\/strong> <em>(forskrift R129 (i-Size))<\/em>. S\u00e5 ikke stol p\u00e5 naboen som forteller deg at barna hennes har brukt det samme setet fra de var 2 til 6 \u00e5r gamle.<\/p>\n<ul>\n<li>Europeisk forordning R44\/04<\/li>\n<\/ul>\n<p>Den europeiske forskriften R44\/04 deler bilseter inn i f\u00f8lgende kategorier <strong>5 grupper<\/strong> korrespondent <strong>barnets vekt<\/strong> som de er egnet for. I dag er det fortsatt tillatt \u00e5 markedsf\u00f8re og bruke bilbarnestoler som er godkjent i henhold til forordning R44\/04. Disse forskriftene skal imidlertid fases ut i l\u00f8pet av de kommende \u00e5rene til fordel for <strong>den nyeste europeiske reguleringen R129 (i-Size)<\/strong>.<\/p>\n<p><strong>Europeisk forordning R44\/04<\/strong> klassifiserer fastholdelsessystemer i <strong>5 grupper<\/strong> distinkt :<\/p>\n<ol>\n<li style=\"list-style-type: none;\">\n<ol>\n<li style=\"list-style-type: none;\">\n<ul>\n<li><strong>Gruppe 0 :<\/strong> <em>fra f\u00f8dsel til 10 kg (ca. 9 m\u00e5neder)<\/em><\/li>\n<li><strong>Gruppe 0+ :<\/strong> <em>fra f\u00f8dsel til 13 kg (ca. 15 m\u00e5neder)<\/em><\/li>\n<li><strong>Gruppe 1:<\/strong> <em>fra 9 til 18 kg (ca. fra 8 m\u00e5neder til 4 \u00e5r)<\/em><\/li>\n<li><strong>Gruppe 2:<\/strong> <em>fra 15 til 25 kg (ca. fra 3 til 7 \u00e5r)<\/em><\/li>\n<li><strong>Gruppe 3:<\/strong> <em>fra 22 til 36 kg (ca. fra 6 til 12 \u00e5r)<\/em><\/li>\n<\/ul>\n<\/li>\n<\/ol>\n<\/li>\n<\/ol>\n<p>Noen s\u00e5kalte <em><strong>\"i utvikling<\/strong><\/em> kan samtidig dekke <strong>flere vektomr\u00e5der<\/strong> og kan derfor brukes for alle gruppene de tilh\u00f8rer:<\/p>\n<ol>\n<li style=\"list-style-type: none;\">\n<ol>\n<li style=\"list-style-type: none;\">\n<ul>\n<li><strong>Gruppe 0+\/1 :<\/strong> <em>fra f\u00f8dsel til 18 kg (ca. 4 \u00e5r)<\/em><\/li>\n<li><strong>Gruppe 1\/2\/3 :<\/strong> <em>fra 9 til 36 kg (ca. fra 8 m\u00e5neder til 12 \u00e5r)<\/em><\/li>\n<li><strong>Gruppe 2\/3 :<\/strong> <em>fra 15 til 36 kg (ca. fra 3 til 12 \u00e5r)<\/em><\/li>\n<\/ul>\n<\/li>\n<\/ol>\n<\/li>\n<\/ol>\n<figure id=\"attachment_779\" aria-describedby=\"caption-attachment-779\" style=\"width: 7000px\" class=\"wp-caption aligncenter\"><img fetchpriority=\"high\" decoding=\"async\" class=\"size-full wp-image-779\" src=\"https:\/\/monsiegeautobebe.fr\/wp-content\/uploads\/2019\/06\/siege-auto-groupe-reglementation-r44.jpg\" alt=\"Klassifisering av bilbarnestoler i henhold til EU-forordning R44\/04\" width=\"7000\" height=\"400\" \/><figcaption id=\"caption-attachment-779\" class=\"wp-caption-text\">Klassifisering av bilbarnestoler i henhold til EU-forordning R44\/04<\/figcaption><\/figure>\n<h4><span class=\"ez-toc-section\" id=\"Groupe_0_de_la_naissance_a_10_kg_jusqua_70_cm\"><\/span>Gruppe 0 : fra f\u00f8dsel til 10 kg* \/ opp til 70 cm**.<span class=\"ez-toc-section-end\"><\/span><\/h4>\n<p>Det finnes hovedsakelig b\u00e6resenger, men ogs\u00e5 noen f\u00e5 skallsenger. Liggesengen gj\u00f8r det mulig \u00e5 plassere nyf\u00f8dte babyer i en liggende stilling under bilturen. Babysengen monteres parallelt med baksetet, med babyens hode i midten og f\u00f8ttene pekende mot bild\u00f8ren. Selv om de nye b\u00e6reselene, som Jade fra B\u00e9b\u00e9 Confort, er mye tryggere, er det \u00e5 foretrekke \u00e5 bruke et bilsete eller en cosi p\u00e5 bilturen, som er bedre egnet.<\/p>\n<ul>\n<li>V\u00e5rt utvalg av gruppe 0+ babyskjell<\/li>\n<\/ul>\n<div id=\"tablepress-17-scroll-wrapper\" class=\"tablepress-scroll-wrapper\">\n\n<table id=\"tablepress-17\" class=\"tablepress tablepress-id-17 tablepress-responsive\">\n<thead>\n<tr class=\"row-1\">\n\t<td class=\"column-1\"><\/td><th class=\"column-2\"><center><img decoding=\"async\" src=\"https:\/\/monsiegeautobebe.fr\/wp-content\/uploads\/2019\/06\/siege-auto-kiddy-evolution-pro-2-150x150.jpg\" alt=\"Gruppe 0+ Kiddy Evolution Pro 2 bilbarnestol\" width=\"100\" height=\"100\" class=\"aligncenter size-thumbnail wp-image-874\" srcset=\"https:\/\/www.monsiegeautobebe.fr\/wp-content\/uploads\/2019\/06\/siege-auto-kiddy-evolution-pro-2-150x150.jpg 150w, https:\/\/www.monsiegeautobebe.fr\/wp-content\/uploads\/2019\/06\/siege-auto-kiddy-evolution-pro-2-300x300.jpg 300w, https:\/\/www.monsiegeautobebe.fr\/wp-content\/uploads\/2019\/06\/siege-auto-kiddy-evolution-pro-2-336x336.jpg 336w, https:\/\/www.monsiegeautobebe.fr\/wp-content\/uploads\/2019\/06\/siege-auto-kiddy-evolution-pro-2-600x600.jpg 600w, https:\/\/www.monsiegeautobebe.fr\/wp-content\/uploads\/2019\/06\/siege-auto-kiddy-evolution-pro-2-768x768.jpg 768w, https:\/\/www.monsiegeautobebe.fr\/wp-content\/uploads\/2019\/06\/siege-auto-kiddy-evolution-pro-2-1024x1024.jpg 1024w, https:\/\/www.monsiegeautobebe.fr\/wp-content\/uploads\/2019\/06\/siege-auto-kiddy-evolution-pro-2.jpg 1050w\" sizes=\"(max-width: 100px) 100vw, 100px\" \/>Barn<br \/>\nEvolution Pro 2<\/center><\/th><th class=\"column-3\"><center><img decoding=\"async\" src=\"https:\/\/monsiegeautobebe.fr\/wp-content\/uploads\/2019\/06\/coque-b\u00e9b\u00e9-cybex-aton-q-150x150.jpg\" alt=\"Gruppe 0+ Cybex Aton Q babyskall\" width=\"100\" height=\"100\" class=\"aligncenter size-thumbnail wp-image-874\" \/>Cybex<br \/>\nAton Q<\/center><\/th><th class=\"column-4\"><center><img loading=\"lazy\" decoding=\"async\" src=\"https:\/\/monsiegeautobebe.fr\/wp-content\/uploads\/2019\/06\/coque-b\u00e9b\u00e9-cybex-cloud-q-150x150.jpg\" alt=\"Gruppe 0+ Cybex Aton Cloud Q babyskall for barn\" width=\"100\" height=\"100\" class=\"aligncenter size-thumbnail wp-image-873\" \/>Cybex<br \/>\nSky Q<\/center><\/th><th class=\"column-5\"><center><img loading=\"lazy\" decoding=\"async\" src=\"https:\/\/monsiegeautobebe.fr\/wp-content\/uploads\/2019\/06\/siege-auto-bebe-confort-cabriofix-150x150.jpg\" alt=\"Gruppe 0+ B\u00e9b\u00e9 Confort Cabriofix bilbarnestol Cabriofix\" width=\"100\" height=\"100\" class=\"aligncenter size-thumbnail wp-image-872\" srcset=\"https:\/\/www.monsiegeautobebe.fr\/wp-content\/uploads\/2019\/06\/siege-auto-bebe-confort-cabriofix-150x150.jpg 150w, https:\/\/www.monsiegeautobebe.fr\/wp-content\/uploads\/2019\/06\/siege-auto-bebe-confort-cabriofix-300x300.jpg 300w, https:\/\/www.monsiegeautobebe.fr\/wp-content\/uploads\/2019\/06\/siege-auto-bebe-confort-cabriofix-336x336.jpg 336w, https:\/\/www.monsiegeautobebe.fr\/wp-content\/uploads\/2019\/06\/siege-auto-bebe-confort-cabriofix-600x600.jpg 600w, https:\/\/www.monsiegeautobebe.fr\/wp-content\/uploads\/2019\/06\/siege-auto-bebe-confort-cabriofix-768x768.jpg 768w, https:\/\/www.monsiegeautobebe.fr\/wp-content\/uploads\/2019\/06\/siege-auto-bebe-confort-cabriofix-1024x1024.jpg 1024w, https:\/\/www.monsiegeautobebe.fr\/wp-content\/uploads\/2019\/06\/siege-auto-bebe-confort-cabriofix.jpg 1050w\" sizes=\"(max-width: 100px) 100vw, 100px\" \/>B\u00e9b\u00e9 Confort<br \/>\nCabrioFix<\/center><\/th>\n<\/tr>\n<\/thead>\n<tbody class=\"row-striping row-hover\">\n<tr class=\"row-2\">\n\t<td class=\"column-1\"><\/td><td class=\"column-2\"><a href=\"https:\/\/www.awin1.com\/cread.php?awinmid=6948&amp;awinaffid=561535&amp;clickref=Kiddy+Evolution+Pro+2&amp;p=%5B%5Bhttps%253A%252F%252Fwww.cdiscount.com%252Fpret-a-porter%252Fbebe-puericulture%252Fkiddy-siege-coque-evolution-pro-2-spring-green%252Ff-11317710110-kid4009749366213.html%5D%5D\" class=\"sc-button sc-button-default\" target=\"_blank\" rel=\"noopener\"><span>SE PRIS<\/span><\/a><\/td><td class=\"column-3\"><a href=\"http:\/\/rover.ebay.com\/rover\/1\/709-53476-19255-0\/1?icep_ff3=9&amp;pub=5575362389&amp;toolid=10001&amp;campid=5338556892&amp;customid=&amp;icep_uq=Cybex+Aton+Q&amp;icep_sellerId=&amp;icep_ex_kw=&amp;icep_sortBy=12&amp;icep_catId=&amp;icep_minPrice=&amp;icep_maxPrice=&amp;ipn=psmain&amp;icep_vectorid=229480&amp;kwid=902099&amp;mtid=824&amp;kw=lg\" class=\"sc-button sc-button-default\" target=\"_blank\" rel=\"noopener\"><span>SE PRIS<\/span><\/a><\/td><td class=\"column-4\"><a href=\"http:\/\/rover.ebay.com\/rover\/1\/709-53476-19255-0\/1?icep_ff3=9&amp;pub=5575362389&amp;toolid=10001&amp;campid=5338607654&amp;customid=&amp;icep_uq=Cybex+Cloud+Q&amp;icep_sellerId=&amp;icep_ex_kw=&amp;icep_sortBy=12&amp;icep_catId=&amp;icep_minPrice=&amp;icep_maxPrice=&amp;ipn=psmain&amp;icep_vectorid=229480&amp;kwid=902099&amp;mtid=824&amp;kw=lg\" class=\"sc-button sc-button-default\" target=\"_blank\" rel=\"noopener\"><span>SE PRIS<\/span><\/a><\/td><td class=\"column-5\"><a href=\"https:\/\/amzn.to\/2IL3R1o\" class=\"sc-button sc-button-default\" target=\"_blank\" rel=\"noopener\"><span>SE PRIS<\/span><\/a><\/td>\n<\/tr>\n<tr class=\"row-3\">\n\t<td class=\"column-1\">Sertifisering<\/td><td class=\"column-2\">R44\/04<\/td><td class=\"column-3\">R44\/04<\/td><td class=\"column-4\">R44\/04<\/td><td class=\"column-5\">R44\/04<\/td>\n<\/tr>\n<tr class=\"row-4\">\n\t<td class=\"column-1\">Klassifisering<\/td><td class=\"column-2\">Gruppe 0+<\/td><td class=\"column-3\">Gruppe 0+<\/td><td class=\"column-4\">Gruppe 0+<\/td><td class=\"column-5\">Gruppe 0+<\/td>\n<\/tr>\n<tr class=\"row-5\">\n\t<td class=\"column-1\">Barnets vekt<\/td><td class=\"column-2\">0 - 13 kg<\/td><td class=\"column-3\">0 - 13 kg<\/td><td class=\"column-4\">0 - 13 kg<\/td><td class=\"column-5\">0 - 13 kg<\/td>\n<\/tr>\n<tr class=\"row-6\">\n\t<td class=\"column-1\">Reisestilling<\/td><td class=\"column-2\">Tilbake til veien<\/td><td class=\"column-3\">Tilbake til veien<\/td><td class=\"column-4\">Tilbake til veien<\/td><td class=\"column-5\">Tilbake til veien<\/td>\n<\/tr>\n<tr class=\"row-7\">\n\t<td class=\"column-1\">Fikseringssystem<\/td><td class=\"column-2\">Sikkerhetsbelte eller ISOFIX med ISOFIX 2-base<\/td><td class=\"column-3\">Sikkerhetsbelte eller ISOFIX med <a href=\"https:\/\/amzn.to\/31Y0OdE\" rel=\"noopener nofollow\" target=\"_blank\">Q-Fix-sokkel<\/a><br \/>\n<\/td><td class=\"column-4\">Sikkerhetsbelte eller ISOFIX med <a href=\"https:\/\/amzn.to\/31Y0OdE\" rel=\"noopener nofollow\" target=\"_blank\">Q-Fix-sokkel<\/a><\/td><td class=\"column-5\">Sikkerhetsbelte eller ISOFIX med <a href=\"https:\/\/amzn.to\/2X9ueH6\" rel=\"nofollow noopener\" target=\"_blank\">FamiliFix-basen<\/a><\/td>\n<\/tr>\n<tr class=\"row-8\">\n\t<td class=\"column-1\">Reduksjonsmiddel for nyf\u00f8dte<\/td><td class=\"column-2\"><center><img loading=\"lazy\" decoding=\"async\" src=\"https:\/\/monsiegeautobebe.fr\/wp-content\/uploads\/2019\/03\/icon-yes.png\" alt=\"\" width=\"16\" height=\"16\" class=\"aligncenter size-full wp-image-693\" \/><\/center><\/td><td class=\"column-3\"><center><img loading=\"lazy\" decoding=\"async\" src=\"https:\/\/monsiegeautobebe.fr\/wp-content\/uploads\/2019\/03\/icon-yes.png\" alt=\"\" width=\"16\" height=\"16\" class=\"aligncenter size-full wp-image-693\" \/><\/center><\/td><td class=\"column-4\"><center><img loading=\"lazy\" decoding=\"async\" src=\"https:\/\/monsiegeautobebe.fr\/wp-content\/uploads\/2019\/03\/icon-yes.png\" alt=\"\" width=\"16\" height=\"16\" class=\"aligncenter size-full wp-image-693\" \/><\/center><\/td><td class=\"column-5\"><center><img loading=\"lazy\" decoding=\"async\" src=\"https:\/\/monsiegeautobebe.fr\/wp-content\/uploads\/2019\/03\/icon-yes.png\" alt=\"\" width=\"16\" height=\"16\" class=\"aligncenter size-full wp-image-693\" \/><\/center><\/td>\n<\/tr>\n<tr class=\"row-9\">\n\t<td class=\"column-1\">Barnesikringssystem<\/td><td class=\"column-2\">3-punkts sele<\/td><td class=\"column-3\">3-punkts sele<\/td><td class=\"column-4\">3-punkts sele<\/td><td class=\"column-5\">3-punkts sele<\/td>\n<\/tr>\n<tr class=\"row-10\">\n\t<td class=\"column-1\">Resultater fra ADACs kollisjonstester<\/td><td class=\"column-2\"><a href=\"https:\/\/monsiegeautobebe.fr\/wp-content\/uploads\/2019\/06\/adac-crash-test-kiddy-evolution-pro-2.jpg\" target=\"_blank\"><img loading=\"lazy\" decoding=\"async\" src=\"https:\/\/monsiegeautobebe.fr\/wp-content\/uploads\/2019\/06\/adac-crash-test-kiddy-evolution-pro-2-300x203.jpg\" alt=\"Resultater fra ADAC Kiddy Evolution Pro 2-kollisjonstesten\" width=\"110\" height=\"74\" class=\"aligncenter size-medium wp-image-953\" srcset=\"https:\/\/www.monsiegeautobebe.fr\/wp-content\/uploads\/2019\/06\/adac-crash-test-kiddy-evolution-pro-2-300x203.jpg 300w, https:\/\/www.monsiegeautobebe.fr\/wp-content\/uploads\/2019\/06\/adac-crash-test-kiddy-evolution-pro-2-104x69.jpg 104w, https:\/\/www.monsiegeautobebe.fr\/wp-content\/uploads\/2019\/06\/adac-crash-test-kiddy-evolution-pro-2.jpg 500w\" sizes=\"(max-width: 110px) 100vw, 110px\" \/><\/a><\/td><td class=\"column-3\"><a href=\"https:\/\/monsiegeautobebe.fr\/wp-content\/uploads\/2019\/06\/adac-crash-test-cybex-aton-q.jpg\" target=\"_blank\"><img loading=\"lazy\" decoding=\"async\" src=\"https:\/\/monsiegeautobebe.fr\/wp-content\/uploads\/2019\/06\/adac-crash-test-cybex-aton-q-300x203.jpg\" alt=\"ADAC Cybex Aton Q kollisjonstestresultater\" width=\"110\" height=\"74\" class=\"aligncenter size-medium wp-image-982\" srcset=\"https:\/\/www.monsiegeautobebe.fr\/wp-content\/uploads\/2019\/06\/adac-crash-test-cybex-aton-q-300x203.jpg 300w, https:\/\/www.monsiegeautobebe.fr\/wp-content\/uploads\/2019\/06\/adac-crash-test-cybex-aton-q-104x69.jpg 104w, https:\/\/www.monsiegeautobebe.fr\/wp-content\/uploads\/2019\/06\/adac-crash-test-cybex-aton-q.jpg 500w\" sizes=\"(max-width: 110px) 100vw, 110px\" \/><\/a><\/td><td class=\"column-4\"><a href=\"https:\/\/monsiegeautobebe.fr\/wp-content\/uploads\/2019\/06\/adac-crash-test-cybex-cloud-q.jpg\" target=\"_blank\"><img loading=\"lazy\" decoding=\"async\" src=\"https:\/\/monsiegeautobebe.fr\/wp-content\/uploads\/2019\/06\/adac-crash-test-cybex-cloud-q-300x203.jpg\" alt=\"Resultater fra ADAC Cybex Cloud Q-kollisjonstesten\" width=\"110\" height=\"74\" class=\"aligncenter size-medium wp-image-949\" srcset=\"https:\/\/www.monsiegeautobebe.fr\/wp-content\/uploads\/2019\/06\/adac-crash-test-cybex-cloud-q-300x203.jpg 300w, https:\/\/www.monsiegeautobebe.fr\/wp-content\/uploads\/2019\/06\/adac-crash-test-cybex-cloud-q-104x69.jpg 104w, https:\/\/www.monsiegeautobebe.fr\/wp-content\/uploads\/2019\/06\/adac-crash-test-cybex-cloud-q.jpg 500w\" sizes=\"(max-width: 110px) 100vw, 110px\" \/><\/a><\/td><td class=\"column-5\"><a href=\"https:\/\/monsiegeautobebe.fr\/wp-content\/uploads\/2019\/06\/adac-crash-test-bebe-confort-cabriofix.jpg\" target=\"_blank\"><img loading=\"lazy\" decoding=\"async\" src=\"https:\/\/monsiegeautobebe.fr\/wp-content\/uploads\/2019\/06\/adac-crash-test-bebe-confort-cabriofix-300x203.jpg\" alt=\"Resultater fra ADAC B\u00e9b\u00e9 Confort CabrioFix-kollisjonstesten\" width=\"110\" height=\"74\" class=\"aligncenter size-medium wp-image-966\" srcset=\"https:\/\/www.monsiegeautobebe.fr\/wp-content\/uploads\/2019\/06\/adac-crash-test-bebe-confort-cabriofix-300x203.jpg 300w, https:\/\/www.monsiegeautobebe.fr\/wp-content\/uploads\/2019\/06\/adac-crash-test-bebe-confort-cabriofix-104x69.jpg 104w, https:\/\/www.monsiegeautobebe.fr\/wp-content\/uploads\/2019\/06\/adac-crash-test-bebe-confort-cabriofix.jpg 500w\" sizes=\"(max-width: 110px) 100vw, 110px\" \/><\/a><\/td>\n<\/tr>\n<\/tbody>\n<\/table>\n\n<\/div><!-- #tablepress-17 from cache --><h4><span class=\"ez-toc-section\" id=\"Groupe_0_de_la_naissance_a_13_kg_jusqua_80_cm\"><\/span>Gruppe 0+ : fra f\u00f8dsel til 13 kg* \/ opptil 80 cm**.<span class=\"ez-toc-section-end\"><\/span><\/h4>\n<p>Dette er en <a href=\"https:\/\/www.monsiegeautobebe.fr\/nb\/hvordan-kjope-bilstol\/\">bilbarnestol<\/a> kalt <strong>skrog eller cosi<\/strong>. Den gj\u00f8r det mulig \u00e5 plassere <strong>barnet i halvsittende stilling<\/strong> vedlikeholdt av <strong>en 3- eller 5-punktssele<\/strong>. Cosis er systematisk installert <strong>tilbake til veien<\/strong>. Det kan v\u00e6re <strong>montert p\u00e5 den bakre benken<\/strong> eller p\u00e5 <strong>bilens passasjersete foran<\/strong> forutsatt at kollisjonsputen er deaktivert. Cosi er et multifunksjonelt bilsete som kan brukes som bilsete for \u00e5 holde babyen trygg under bilturer, eller festes til et barnevognstativ for utflukter.<\/p>\n<p><center><a href=\"https:\/\/www.monsiegeautobebe.fr\/nb\/best-i-test-bilstol-baby\/\" class=\"sc-button sc-button-default sc-button-large\"><span>SE DE BESTE KUSENE OG BABYSKJELLENE<\/span><\/a><\/center><\/p>\n<ul>\n<li>V\u00e5rt utvalg av gruppe 0+ babyskjell<\/li>\n<\/ul>\n<div id=\"tablepress-19-scroll-wrapper\" class=\"tablepress-scroll-wrapper\">\n\n<table id=\"tablepress-19\" class=\"tablepress tablepress-id-19 tablepress-responsive\">\n<thead>\n<tr class=\"row-1\">\n\t<td class=\"column-1\"><\/td><th class=\"column-2\"><center><img loading=\"lazy\" decoding=\"async\" src=\"https:\/\/monsiegeautobebe.fr\/wp-content\/uploads\/2019\/06\/coque-bebe-besafe-izi-go-x1-150x150.jpg\" alt=\"BeSafe iZi Go X1 gruppe 0+ bilbarnestoltrekk for babyer\" width=\"100\" height=\"100\" class=\"aligncenter size-thumbnail wp-image-872\" \/>BeSafe<br \/>\niZi Go X1<\/center><\/th><th class=\"column-3\"><center><img loading=\"lazy\" decoding=\"async\" src=\"https:\/\/monsiegeautobebe.fr\/wp-content\/uploads\/2019\/06\/coque-b\u00e9b\u00e9-britax-baby-safe-plus-shr-ii-150x150.jpg\" alt=\"Britax BABY-SAFE PLUS SHR II gruppe 0+ bilbarnestol for barn\" width=\"100\" height=\"100\" class=\"aligncenter size-thumbnail wp-image-872\" \/>Britax<br \/>\nBaby-Safe Plus SHR II<\/center><\/th><th class=\"column-4\"><center><img loading=\"lazy\" decoding=\"async\" src=\"https:\/\/monsiegeautobebe.fr\/wp-content\/uploads\/2019\/06\/siege-auto-cybex-aton-5-150x150.jpg\" alt=\"Gruppe 0+ Cybex Aton 5 bilbarnestol\" width=\"100\" height=\"100\" class=\"aligncenter size-thumbnail wp-image-873\" srcset=\"https:\/\/www.monsiegeautobebe.fr\/wp-content\/uploads\/2019\/06\/siege-auto-cybex-aton-5-150x150.jpg 150w, https:\/\/www.monsiegeautobebe.fr\/wp-content\/uploads\/2019\/06\/siege-auto-cybex-aton-5-300x300.jpg 300w, https:\/\/www.monsiegeautobebe.fr\/wp-content\/uploads\/2019\/06\/siege-auto-cybex-aton-5-336x336.jpg 336w, https:\/\/www.monsiegeautobebe.fr\/wp-content\/uploads\/2019\/06\/siege-auto-cybex-aton-5-600x600.jpg 600w, https:\/\/www.monsiegeautobebe.fr\/wp-content\/uploads\/2019\/06\/siege-auto-cybex-aton-5-768x768.jpg 768w, https:\/\/www.monsiegeautobebe.fr\/wp-content\/uploads\/2019\/06\/siege-auto-cybex-aton-5-1024x1024.jpg 1024w, https:\/\/www.monsiegeautobebe.fr\/wp-content\/uploads\/2019\/06\/siege-auto-cybex-aton-5.jpg 1050w\" sizes=\"(max-width: 100px) 100vw, 100px\" \/>Cybex<br \/>\nAton 5<\/center><\/th>\n<\/tr>\n<\/thead>\n<tbody class=\"row-striping row-hover\">\n<tr class=\"row-2\">\n\t<td class=\"column-1\"><\/td><td class=\"column-2\"><a href=\"https:\/\/action.metaffiliation.com\/trk.php?mclic=P4F9AB571995171&amp;redir=https%3A%2F%2Fwww.allobebe.fr%2Fsiege-auto-coque-izi-go-x1-black-cab-groupe-0-aES031130641.html\" class=\"sc-button sc-button-default\" target=\"_blank\" rel=\"noopener\"><span>SE PRIS<\/span><\/a><\/td><td class=\"column-3\"><a href=\"https:\/\/amzn.to\/2ZOq4RZ\" class=\"sc-button sc-button-default\" target=\"_blank\" rel=\"noopener\"><span>SE PRIS<\/span><\/a><\/td><td class=\"column-4\"><a href=\"https:\/\/amzn.to\/2Fz91LZ\" class=\"sc-button sc-button-default\" target=\"_blank\" rel=\"noopener\"><span>SE PRIS<\/span><\/a><\/td>\n<\/tr>\n<tr class=\"row-3\">\n\t<td class=\"column-1\">Sertifisering<\/td><td class=\"column-2\">R44\/04<\/td><td class=\"column-3\">R44\/04<\/td><td class=\"column-4\">R44\/04<\/td>\n<\/tr>\n<tr class=\"row-4\">\n\t<td class=\"column-1\">Klassifisering<\/td><td class=\"column-2\">Gruppe 0+<\/td><td class=\"column-3\">Gruppe 0+<\/td><td class=\"column-4\">Gruppe 0+<\/td>\n<\/tr>\n<tr class=\"row-5\">\n\t<td class=\"column-1\">Barnets vekt<\/td><td class=\"column-2\">0 - 13 kg<\/td><td class=\"column-3\">0 - 13 kg<\/td><td class=\"column-4\">0 - 13 kg<\/td>\n<\/tr>\n<tr class=\"row-6\">\n\t<td class=\"column-1\">Reisestilling<\/td><td class=\"column-2\">Tilbake til veien<\/td><td class=\"column-3\">Tilbake til veien<\/td><td class=\"column-4\">Tilbake til veien<\/td>\n<\/tr>\n<tr class=\"row-7\">\n\t<td class=\"column-1\">Fikseringssystem<\/td><td class=\"column-2\">Sikkerhetsbelte eller ISOFIX med <a href=\"https:\/\/www.allobebe.fr\/base-izi-go-isofix-aES031050014.html\" rel=\"noopener nofollow\" target=\"_blank\">iZi Go base<\/a><\/td><td class=\"column-3\">Sikkerhetsbelte med eller uten <a href=\"https:\/\/amzn.to\/2xgvNnA\" rel=\"noopener nofollow\" target=\"_blank\">Babysikker BELTED-base<\/a> eller ISOFIX med <a href=\"https:\/\/amzn.to\/2KDNDcM\" rel=\"noopener nofollow\" target=\"_blank\">Babysikker ISOFIX-base<\/a><\/td><td class=\"column-4\">Sikkerhetsbelte eller ISOFIX med <a href=\"https:\/\/amzn.to\/2X8zYRI\" rel=\"nofollow noopener\" target=\"_blank\">Aton Base 2-fix<\/a> eller <a href=\"https:\/\/amzn.to\/2FzT6ND\" rel=\"nofollow noopener\" target=\"_blank\">Aton Base 2<\/a><\/td>\n<\/tr>\n<tr class=\"row-8\">\n\t<td class=\"column-1\">Reduksjonsmiddel for nyf\u00f8dte<\/td><td class=\"column-2\"><center><img loading=\"lazy\" decoding=\"async\" src=\"https:\/\/monsiegeautobebe.fr\/wp-content\/uploads\/2019\/03\/icon-yes.png\" alt=\"\" width=\"16\" height=\"16\" class=\"aligncenter size-full wp-image-693\" \/><\/center><\/td><td class=\"column-3\"><center><img loading=\"lazy\" decoding=\"async\" src=\"https:\/\/monsiegeautobebe.fr\/wp-content\/uploads\/2019\/03\/icon-yes.png\" alt=\"\" width=\"16\" height=\"16\" class=\"aligncenter size-full wp-image-693\" \/><\/center><\/td><td class=\"column-4\"><center><img loading=\"lazy\" decoding=\"async\" src=\"https:\/\/monsiegeautobebe.fr\/wp-content\/uploads\/2019\/03\/icon-yes.png\" alt=\"\" width=\"16\" height=\"16\" class=\"aligncenter size-full wp-image-693\" \/><\/center><\/td>\n<\/tr>\n<tr class=\"row-9\">\n\t<td class=\"column-1\">Barnesikringssystem<\/td><td class=\"column-2\">5-punkts sele<\/td><td class=\"column-3\">5-punkts sele<\/td><td class=\"column-4\">3-punkts sele<\/td>\n<\/tr>\n<tr class=\"row-10\">\n\t<td class=\"column-1\">Resultater fra ADACs kollisjonstester<\/td><td class=\"column-2\"><a href=\"https:\/\/monsiegeautobebe.fr\/wp-content\/uploads\/2019\/06\/adac-crash-test-besafe-izi-go-x1.jpg\" target=\"_blank\"><img loading=\"lazy\" decoding=\"async\" src=\"https:\/\/monsiegeautobebe.fr\/wp-content\/uploads\/2019\/06\/adac-crash-test-besafe-izi-go-x1-300x203.jpg\" alt=\"Resultater av ADAC BeSafe iZi Go X1-kollisjonstesten\" width=\"120\" height=\"81\" class=\"aligncenter size-medium wp-image-974\" srcset=\"https:\/\/www.monsiegeautobebe.fr\/wp-content\/uploads\/2019\/06\/adac-crash-test-besafe-izi-go-x1-300x203.jpg 300w, https:\/\/www.monsiegeautobebe.fr\/wp-content\/uploads\/2019\/06\/adac-crash-test-besafe-izi-go-x1-104x69.jpg 104w, https:\/\/www.monsiegeautobebe.fr\/wp-content\/uploads\/2019\/06\/adac-crash-test-besafe-izi-go-x1.jpg 500w\" sizes=\"(max-width: 120px) 100vw, 120px\" \/><\/a><\/td><td class=\"column-3\"><a href=\"https:\/\/monsiegeautobebe.fr\/wp-content\/uploads\/2019\/06\/adac-crash-test-britax-baby-safe-plus-shr-ii.jpg\" target=\"_blank\"><img loading=\"lazy\" decoding=\"async\" src=\"https:\/\/monsiegeautobebe.fr\/wp-content\/uploads\/2019\/06\/adac-crash-test-britax-baby-safe-plus-shr-ii-300x203.jpg\" alt=\"ADAC Britax Baby-Safe Plus SHR II kollisjonstestresultater\" width=\"120\" height=\"81\" class=\"aligncenter size-medium wp-image-967\" srcset=\"https:\/\/www.monsiegeautobebe.fr\/wp-content\/uploads\/2019\/06\/adac-crash-test-britax-baby-safe-plus-shr-ii-300x203.jpg 300w, https:\/\/www.monsiegeautobebe.fr\/wp-content\/uploads\/2019\/06\/adac-crash-test-britax-baby-safe-plus-shr-ii-104x69.jpg 104w, https:\/\/www.monsiegeautobebe.fr\/wp-content\/uploads\/2019\/06\/adac-crash-test-britax-baby-safe-plus-shr-ii.jpg 500w\" sizes=\"(max-width: 120px) 100vw, 120px\" \/><\/a><\/td><td class=\"column-4\"><a href=\"https:\/\/monsiegeautobebe.fr\/wp-content\/uploads\/2019\/06\/adac-crash-test-cybex-aton-5.jpg\" target=\"_blank\"><img loading=\"lazy\" decoding=\"async\" src=\"https:\/\/monsiegeautobebe.fr\/wp-content\/uploads\/2019\/06\/adac-crash-test-cybex-aton-5-300x203.jpg\" alt=\"ADAC Cybex Aton 5 kollisjonstestresultater\" width=\"120\" height=\"81\" class=\"aligncenter size-medium wp-image-948\" srcset=\"https:\/\/www.monsiegeautobebe.fr\/wp-content\/uploads\/2019\/06\/adac-crash-test-cybex-aton-5-300x203.jpg 300w, https:\/\/www.monsiegeautobebe.fr\/wp-content\/uploads\/2019\/06\/adac-crash-test-cybex-aton-5-104x69.jpg 104w, https:\/\/www.monsiegeautobebe.fr\/wp-content\/uploads\/2019\/06\/adac-crash-test-cybex-aton-5.jpg 500w\" sizes=\"(max-width: 120px) 100vw, 120px\" \/><\/a><\/td>\n<\/tr>\n<\/tbody>\n<\/table>\n\n<\/div><!-- #tablepress-19 from cache --><h4><span class=\"ez-toc-section\" id=\"Groupe_1_de_9_a_18_kg_jusqua_100_cm\"><\/span>Gruppe 1: fra 9 til 18 kg* \/ opp til 100 cm**.<span class=\"ez-toc-section-end\"><\/span><\/h4>\n<p>De er beregnet p\u00e5 <strong>barn som n\u00e5 er i stand til \u00e5 sitte oppreist<\/strong>. Bilseter av denne typen <strong>m\u00e5 monteres bak p\u00e5 kj\u00f8ret\u00f8yet<\/strong> og kan brukes b\u00e5de <strong>vendt mot veien<\/strong> det <strong>tilbake til veien<\/strong> noe vi anbefaler p\u00e5 det sterkeste. Barnet kan plasseres i en bilstol med <strong>et sele- eller skjoldbasert sikkerhetssystem<\/strong>.<\/p>\n<ul>\n<li>V\u00e5rt utvalg av bilbarnestoler i gruppe 0+\/1 og gruppe 1<\/li>\n<\/ul>\n<div id=\"tablepress-16-scroll-wrapper\" class=\"tablepress-scroll-wrapper\">\n\n<table id=\"tablepress-16\" class=\"tablepress tablepress-id-16 tablepress-responsive\">\n<thead>\n<tr class=\"row-1\">\n\t<td class=\"column-1\"><\/td><th class=\"column-2\"><center><img loading=\"lazy\" decoding=\"async\" src=\"https:\/\/monsiegeautobebe.fr\/wp-content\/uploads\/2019\/06\/siege-auto-britax-dualfix-150x150.jpg\" alt=\"Britax Dualfix bilbarnestol gruppe 0+\/1\" width=\"100\" height=\"100\" class=\"aligncenter size-thumbnail wp-image-846\" srcset=\"https:\/\/www.monsiegeautobebe.fr\/wp-content\/uploads\/2019\/06\/siege-auto-britax-dualfix-150x150.jpg 150w, https:\/\/www.monsiegeautobebe.fr\/wp-content\/uploads\/2019\/06\/siege-auto-britax-dualfix-300x300.jpg 300w, https:\/\/www.monsiegeautobebe.fr\/wp-content\/uploads\/2019\/06\/siege-auto-britax-dualfix-336x336.jpg 336w, https:\/\/www.monsiegeautobebe.fr\/wp-content\/uploads\/2019\/06\/siege-auto-britax-dualfix-600x600.jpg 600w, https:\/\/www.monsiegeautobebe.fr\/wp-content\/uploads\/2019\/06\/siege-auto-britax-dualfix-768x768.jpg 768w, https:\/\/www.monsiegeautobebe.fr\/wp-content\/uploads\/2019\/06\/siege-auto-britax-dualfix-1024x1024.jpg 1024w, https:\/\/www.monsiegeautobebe.fr\/wp-content\/uploads\/2019\/06\/siege-auto-britax-dualfix.jpg 1050w\" sizes=\"(max-width: 100px) 100vw, 100px\" \/>Britax<br \/>\nDualfix<\/center><\/th><th class=\"column-3\"><center><img loading=\"lazy\" decoding=\"async\" src=\"https:\/\/monsiegeautobebe.fr\/wp-content\/uploads\/2019\/06\/siege-auto-bebe-confort-milofix-150x150.jpg\" alt=\"B\u00e9b\u00e9 Confort Milofix bilbarnestol gruppe 0+\/1\" width=\"100\" height=\"100\" class=\"aligncenter size-thumbnail wp-image-845\" srcset=\"https:\/\/www.monsiegeautobebe.fr\/wp-content\/uploads\/2019\/06\/siege-auto-bebe-confort-milofix-150x150.jpg 150w, https:\/\/www.monsiegeautobebe.fr\/wp-content\/uploads\/2019\/06\/siege-auto-bebe-confort-milofix-300x300.jpg 300w, https:\/\/www.monsiegeautobebe.fr\/wp-content\/uploads\/2019\/06\/siege-auto-bebe-confort-milofix-336x336.jpg 336w, https:\/\/www.monsiegeautobebe.fr\/wp-content\/uploads\/2019\/06\/siege-auto-bebe-confort-milofix-600x600.jpg 600w, https:\/\/www.monsiegeautobebe.fr\/wp-content\/uploads\/2019\/06\/siege-auto-bebe-confort-milofix-768x768.jpg 768w, https:\/\/www.monsiegeautobebe.fr\/wp-content\/uploads\/2019\/06\/siege-auto-bebe-confort-milofix-1024x1024.jpg 1024w, https:\/\/www.monsiegeautobebe.fr\/wp-content\/uploads\/2019\/06\/siege-auto-bebe-confort-milofix.jpg 1050w\" sizes=\"(max-width: 100px) 100vw, 100px\" \/>B\u00e9b\u00e9 Confort<br \/>\nMilofix<\/center><\/th><th class=\"column-4\"><center><img loading=\"lazy\" decoding=\"async\" src=\"https:\/\/monsiegeautobebe.fr\/wp-content\/uploads\/2019\/06\/siege-auto-cybex-juno-2-fix-150x150.jpg\" alt=\"Cybex Juno 2-fix-bilstol gruppe 1\" width=\"100\" height=\"100\" class=\"aligncenter size-thumbnail wp-image-847\" srcset=\"https:\/\/www.monsiegeautobebe.fr\/wp-content\/uploads\/2019\/06\/siege-auto-cybex-juno-2-fix-150x150.jpg 150w, https:\/\/www.monsiegeautobebe.fr\/wp-content\/uploads\/2019\/06\/siege-auto-cybex-juno-2-fix-300x300.jpg 300w, https:\/\/www.monsiegeautobebe.fr\/wp-content\/uploads\/2019\/06\/siege-auto-cybex-juno-2-fix-336x336.jpg 336w, https:\/\/www.monsiegeautobebe.fr\/wp-content\/uploads\/2019\/06\/siege-auto-cybex-juno-2-fix-600x600.jpg 600w, https:\/\/www.monsiegeautobebe.fr\/wp-content\/uploads\/2019\/06\/siege-auto-cybex-juno-2-fix-768x768.jpg 768w, https:\/\/www.monsiegeautobebe.fr\/wp-content\/uploads\/2019\/06\/siege-auto-cybex-juno-2-fix-1024x1024.jpg 1024w, https:\/\/www.monsiegeautobebe.fr\/wp-content\/uploads\/2019\/06\/siege-auto-cybex-juno-2-fix.jpg 1050w\" sizes=\"(max-width: 100px) 100vw, 100px\" \/>Cybex<br \/>\nJuno 2-Fix<\/center><\/th>\n<\/tr>\n<\/thead>\n<tbody class=\"row-striping row-hover\">\n<tr class=\"row-2\">\n\t<td class=\"column-1\"><\/td><td class=\"column-2\"><a href=\"https:\/\/amzn.to\/2LgZEEn\" class=\"sc-button sc-button-default\" target=\"_blank\" rel=\"noopener\"><span>SE PRIS<\/span><\/a><\/td><td class=\"column-3\"><a href=\"http:\/\/www.awin1.com\/cread.php?awinaffid=561535&amp;awinmid=6948&amp;clickref=B\u00e9b\u00e9 Confort Milofix&amp;p=https%3A%2F%2Fwww.cdiscount.com%2Fpret-a-porter%2Fbebe-puericulture%2Fbebe-confort-siege-autogroupe-0-1-milofix-isofix%2Ff-11317710101-85368950.html%23mpos%3D1%7Ccd\" class=\"sc-button sc-button-default\" target=\"_blank\" rel=\"noopener\"><span>SE PRIS<\/span><\/a><\/td><td class=\"column-4\"><a href=\"https:\/\/amzn.to\/2J8NQ4i\" class=\"sc-button sc-button-default\" target=\"_blank\" rel=\"noopener\"><span>SE PRIS<\/span><\/a><\/td>\n<\/tr>\n<tr class=\"row-3\">\n\t<td class=\"column-1\">Sertifisering<\/td><td class=\"column-2\">R44\/04<\/td><td class=\"column-3\">R44\/04<\/td><td class=\"column-4\">R44\/04<\/td>\n<\/tr>\n<tr class=\"row-4\">\n\t<td class=\"column-1\">Klassifisering<\/td><td class=\"column-2\">Gruppe 0+\/1<\/td><td class=\"column-3\">Gruppe 0+\/1<\/td><td class=\"column-4\">Gruppe 1<\/td>\n<\/tr>\n<tr class=\"row-5\">\n\t<td class=\"column-1\">Barnets vekt<\/td><td class=\"column-2\">0 - 18 kg<\/td><td class=\"column-3\">0 - 18 kg<\/td><td class=\"column-4\">9 - 18 kg<\/td>\n<\/tr>\n<tr class=\"row-6\">\n\t<td class=\"column-1\">Reisestilling<\/td><td class=\"column-2\">Tilbake til veien <em>(0 til 18 kg)<\/em><br \/>\n\u00c5 m\u00f8te veien <em>(9 til 18 kg)<\/em><\/td><td class=\"column-3\">Tilbake til veien <em>(0 til 13 kg)<\/em><br \/>\n\u00c5 m\u00f8te veien <em>(9 til 18 kg)<\/em><\/td><td class=\"column-4\">\u00c5 m\u00f8te veien<\/td>\n<\/tr>\n<tr class=\"row-7\">\n\t<td class=\"column-1\">Fikseringssystem<\/td><td class=\"column-2\">ISOFIX med stag<\/td><td class=\"column-3\">ISOFIX med <a href=\"https:\/\/www.monsiegeautobebe.fr\/nb\/top-tether-bilstol-festing\/\">\u00f8vre festeanordning<\/a><\/td><td class=\"column-4\">ISOFIX eller sikkerhetsbelte<\/td>\n<\/tr>\n<tr class=\"row-8\">\n\t<td class=\"column-1\">Barnesikringssystem<\/td><td class=\"column-2\">5-punkts sele<\/td><td class=\"column-3\">5-punkts sele<\/td><td class=\"column-4\">Skjold<\/td>\n<\/tr>\n<tr class=\"row-9\">\n\t<td class=\"column-1\">Svingbar<\/td><td class=\"column-2\"><center><img loading=\"lazy\" decoding=\"async\" src=\"https:\/\/monsiegeautobebe.fr\/wp-content\/uploads\/2019\/03\/icon-yes.png\" alt=\"\" width=\"16\" height=\"16\" class=\"aligncenter size-full wp-image-693\" \/><\/center><\/td><td class=\"column-3\"><center><img loading=\"lazy\" decoding=\"async\" src=\"https:\/\/monsiegeautobebe.fr\/wp-content\/uploads\/2019\/03\/icon-no.png\" alt=\"\" width=\"16\" height=\"16\" class=\"aligncenter size-full wp-image-693\" \/><\/center><\/td><td class=\"column-4\"><center><img loading=\"lazy\" decoding=\"async\" src=\"https:\/\/monsiegeautobebe.fr\/wp-content\/uploads\/2019\/03\/icon-no.png\" alt=\"\" width=\"16\" height=\"16\" class=\"aligncenter size-full wp-image-693\" \/><\/center><\/td>\n<\/tr>\n<tr class=\"row-10\">\n\t<td class=\"column-1\">Resultater fra ADACs kollisjonstester<\/td><td class=\"column-2\"><\/td><td class=\"column-3\"><a href=\"https:\/\/monsiegeautobebe.fr\/wp-content\/uploads\/2019\/06\/adac-crash-test-bebe-confort-milofix.jpg\" target=\"_blank\"><img loading=\"lazy\" decoding=\"async\" src=\"https:\/\/monsiegeautobebe.fr\/wp-content\/uploads\/2019\/06\/adac-crash-test-bebe-confort-milofix-300x203.jpg\" alt=\"Resultater fra ADAC B\u00e9b\u00e9 Confort MiloFix-kollisjonstestene\" width=\"120\" height=\"81\" class=\"aligncenter size-medium wp-image-946\" srcset=\"https:\/\/www.monsiegeautobebe.fr\/wp-content\/uploads\/2019\/06\/adac-crash-test-bebe-confort-milofix-300x203.jpg 300w, https:\/\/www.monsiegeautobebe.fr\/wp-content\/uploads\/2019\/06\/adac-crash-test-bebe-confort-milofix-104x69.jpg 104w, https:\/\/www.monsiegeautobebe.fr\/wp-content\/uploads\/2019\/06\/adac-crash-test-bebe-confort-milofix.jpg 500w\" sizes=\"(max-width: 120px) 100vw, 120px\" \/><\/a><\/td><td class=\"column-4\"><a href=\"https:\/\/monsiegeautobebe.fr\/wp-content\/uploads\/2019\/06\/adac-crash-test-cybex-juno-2-fix.jpg\" target=\"_blank\"><img loading=\"lazy\" decoding=\"async\" src=\"https:\/\/monsiegeautobebe.fr\/wp-content\/uploads\/2019\/06\/adac-crash-test-cybex-juno-2-fix-300x203.jpg\" alt=\"Resultater fra ADAC Cybex Juno 2-Fix kollisjonstesten\" width=\"120\" height=\"81\" class=\"aligncenter size-medium wp-image-950\" srcset=\"https:\/\/www.monsiegeautobebe.fr\/wp-content\/uploads\/2019\/06\/adac-crash-test-cybex-juno-2-fix-300x203.jpg 300w, https:\/\/www.monsiegeautobebe.fr\/wp-content\/uploads\/2019\/06\/adac-crash-test-cybex-juno-2-fix-104x69.jpg 104w, https:\/\/www.monsiegeautobebe.fr\/wp-content\/uploads\/2019\/06\/adac-crash-test-cybex-juno-2-fix.jpg 500w\" sizes=\"(max-width: 120px) 100vw, 120px\" \/><\/a><\/td>\n<\/tr>\n<\/tbody>\n<\/table>\n\n<\/div><!-- #tablepress-16 from cache --><h4><span class=\"ez-toc-section\" id=\"Groupe_2_de_15_a_25_kg_et_groupe_3_de_22_a_36_kg_jusqua_150_cm\"><\/span>Gruppe 2 fra 15 til 25 kg* og gruppe 3 fra 22 til 36 kg* \/ opp til 150 cm**.<span class=\"ez-toc-section-end\"><\/span><\/h4>\n<p>N\u00e5r <strong>barnet veier mer enn 15 kg<\/strong> og <strong>frem til 10-\u00e5rsalderen<\/strong>den m\u00e5 plasseres i <strong>et bilsete<\/strong> eller <strong>et beltesete<\/strong> (med eller uten ryggst\u00f8tte). Dette gj\u00f8r det mulig for barnet \u00e5 v\u00e6re h\u00f8yt nok oppe til \u00e5 <strong>sikkerhetsbeltet i baksetet beskytter ham i tilfelle en ulykke.<\/strong>. Men hvis barnets morfologi ikke tillater det, er det noen ganger bedre \u00e5 vente litt f\u00f8r du tar steget. Siden 2017 har regelverket for beltestoler endret seg noe. Fra n\u00e5 av er bruken av et ryggl\u00f8st beltesete utelukkende forbeholdt <strong>barn som m\u00e5ler minst 125 cm eller veier 22 kg.<\/strong><\/p>\n<p><center><a href=\"https:\/\/www.monsiegeautobebe.fr\/nb\/beltestol-best-i-test\/\" class=\"sc-button sc-button-default sc-button-large\"><span>SE DE BESTE BELTESTOLENE<\/span><\/a><\/center><\/p>\n<ul>\n<li>V\u00e5rt utvalg av bilbarnestoler i gruppe 1\/2\/3<\/li>\n<\/ul>\n<div id=\"tablepress-18-scroll-wrapper\" class=\"tablepress-scroll-wrapper\">\n\n<table id=\"tablepress-18\" class=\"tablepress tablepress-id-18 tablepress-responsive\">\n<thead>\n<tr class=\"row-1\">\n\t<td class=\"column-1\"><\/td><th class=\"column-2\"><center><img loading=\"lazy\" decoding=\"async\" src=\"https:\/\/monsiegeautobebe.fr\/wp-content\/uploads\/2019\/06\/siege-auto-cybex-pallas-2-fix-150x150.jpg\" alt=\"Gruppe 1\/2\/3 Cybex Pallas 2-Fix-bilsete for gruppe 1\/2\/3\" width=\"100\" height=\"100\" class=\"aligncenter size-thumbnail wp-image-874\" \/>Cybex<br \/>\nPallas 2-Fix<\/center><\/th><th class=\"column-3\"><center><img loading=\"lazy\" decoding=\"async\" src=\"https:\/\/monsiegeautobebe.fr\/wp-content\/uploads\/2019\/06\/siege-auto-cybex-pallas-s-fix-150x150.jpg\" alt=\"Gruppe 1\/2\/3 Cybex Pallas S-Fix-bilsete for gruppe 1\/2\/3\" width=\"100\" height=\"100\" class=\"aligncenter size-thumbnail wp-image-873\" \/>Cybex<br \/>\nPallas S-Fix<\/center><\/th><th class=\"column-4\"><center><img loading=\"lazy\" decoding=\"async\" src=\"https:\/\/monsiegeautobebe.fr\/wp-content\/uploads\/2019\/06\/rehausseur-joie-traver-shield-150x150.jpg\" alt=\"Gruppe 1\/2\/3 Joie Traver Shield bilbarnestol for gruppe 1\/2\/3\" width=\"100\" height=\"100\" class=\"aligncenter size-thumbnail wp-image-925\" srcset=\"https:\/\/www.monsiegeautobebe.fr\/wp-content\/uploads\/2019\/06\/rehausseur-joie-traver-shield-150x150.jpg 150w, https:\/\/www.monsiegeautobebe.fr\/wp-content\/uploads\/2019\/06\/rehausseur-joie-traver-shield-300x300.jpg 300w, https:\/\/www.monsiegeautobebe.fr\/wp-content\/uploads\/2019\/06\/rehausseur-joie-traver-shield-336x336.jpg 336w, https:\/\/www.monsiegeautobebe.fr\/wp-content\/uploads\/2019\/06\/rehausseur-joie-traver-shield-600x600.jpg 600w, https:\/\/www.monsiegeautobebe.fr\/wp-content\/uploads\/2019\/06\/rehausseur-joie-traver-shield-768x768.jpg 768w, https:\/\/www.monsiegeautobebe.fr\/wp-content\/uploads\/2019\/06\/rehausseur-joie-traver-shield-1024x1024.jpg 1024w, https:\/\/www.monsiegeautobebe.fr\/wp-content\/uploads\/2019\/06\/rehausseur-joie-traver-shield.jpg 1050w\" sizes=\"(max-width: 100px) 100vw, 100px\" \/>Glede<br \/>\nTraver-skjold <\/center><\/th>\n<\/tr>\n<\/thead>\n<tbody class=\"row-striping row-hover\">\n<tr class=\"row-2\">\n\t<td class=\"column-1\"><\/td><td class=\"column-2\"><a href=\"https:\/\/amzn.to\/2ZKTmks\" class=\"sc-button sc-button-default\" target=\"_blank\" rel=\"noopener\"><span>SE PRIS<\/span><\/a><\/td><td class=\"column-3\"><a href=\"https:\/\/amzn.to\/2RCYVi7\" class=\"sc-button sc-button-default\" target=\"_blank\" rel=\"noopener\"><span>SE PRIS<\/span><\/a><\/td><td class=\"column-4\"><a href=\"https:\/\/amzn.to\/2LlmkTZ\" class=\"sc-button sc-button-default\" target=\"_blank\" rel=\"noopener\"><span>SE PRIS<\/span><\/a><\/td>\n<\/tr>\n<tr class=\"row-3\">\n\t<td class=\"column-1\">Sertifisering<\/td><td class=\"column-2\">R44\/04<\/td><td class=\"column-3\">R44\/04<\/td><td class=\"column-4\">R44\/04<\/td>\n<\/tr>\n<tr class=\"row-4\">\n\t<td class=\"column-1\">Klassifisering<\/td><td class=\"column-2\">Gruppe 1\/2\/3<\/td><td class=\"column-3\">Gruppe 1\/2\/3<\/td><td class=\"column-4\">Gruppe 1\/2\/3<\/td>\n<\/tr>\n<tr class=\"row-5\">\n\t<td class=\"column-1\">Barnets vekt<\/td><td class=\"column-2\">9 - 36 kg<\/td><td class=\"column-3\">9 - 36 kg<\/td><td class=\"column-4\">9 - 36 kg<\/td>\n<\/tr>\n<tr class=\"row-6\">\n\t<td class=\"column-1\">Reisestilling<\/td><td class=\"column-2\">\u00c5 m\u00f8te veien<\/td><td class=\"column-3\">\u00c5 m\u00f8te veien<\/td><td class=\"column-4\">\u00c5 m\u00f8te veien<\/td>\n<\/tr>\n<tr class=\"row-7\">\n\t<td class=\"column-1\">Fikseringssystem<\/td><td class=\"column-2\">Sikkerhetsbelte eller ISOFIX<\/td><td class=\"column-3\">Sikkerhetsbelte eller ISOFIX<\/td><td class=\"column-4\">Sikkerhetsbelte eller ISOFIX<\/td>\n<\/tr>\n<tr class=\"row-8\">\n\t<td class=\"column-1\">Barnesikringssystem<\/td><td class=\"column-2\">Gruppe 1 <em>(9 til 15 kg)<\/em> med skjold<br \/>\nGruppe 2 og 3 <em>(15 til 36 kg)<\/em> med sikkerhetsbelte<\/td><td class=\"column-3\">Gruppe 1 <em>(9 til 15 kg)<\/em> med skjold<br \/>\nGruppe 2 og 3 <em>(15 til 36 kg)<\/em> med sikkerhetsbelte<\/td><td class=\"column-4\">Gruppe 1 <em>(fra 9 til 18 kg)<\/em> med skjold<br \/>\nGruppe 2 og 3 <em>(fra 18 til 36 kg)<\/em> med sikkerhetsbelte<\/td>\n<\/tr>\n<tr class=\"row-9\">\n\t<td class=\"column-1\">Resultater fra ADACs kollisjonstester<\/td><td class=\"column-2\"><a href=\"https:\/\/monsiegeautobebe.fr\/wp-content\/uploads\/2019\/06\/adac-crash-test-cybex-pallas-2-fix.jpg\" target=\"_blank\"><img loading=\"lazy\" decoding=\"async\" src=\"https:\/\/monsiegeautobebe.fr\/wp-content\/uploads\/2019\/06\/adac-crash-test-cybex-pallas-2-fix-300x203.jpg\" alt=\"ADAC Cybex Pallas 2-fix kollisjonstestresultater\" width=\"120\" height=\"81\" class=\"aligncenter size-medium wp-image-968\" srcset=\"https:\/\/www.monsiegeautobebe.fr\/wp-content\/uploads\/2019\/06\/adac-crash-test-cybex-pallas-2-fix-300x203.jpg 300w, https:\/\/www.monsiegeautobebe.fr\/wp-content\/uploads\/2019\/06\/adac-crash-test-cybex-pallas-2-fix-104x69.jpg 104w, https:\/\/www.monsiegeautobebe.fr\/wp-content\/uploads\/2019\/06\/adac-crash-test-cybex-pallas-2-fix.jpg 500w\" sizes=\"(max-width: 120px) 100vw, 120px\" \/><\/a><\/td><td class=\"column-3\"><a href=\"https:\/\/monsiegeautobebe.fr\/wp-content\/uploads\/2019\/06\/adac-crash-test-cybex-pallas-s-fix.jpg\" target=\"_blank\"><img loading=\"lazy\" decoding=\"async\" src=\"https:\/\/monsiegeautobebe.fr\/wp-content\/uploads\/2019\/06\/adac-crash-test-cybex-pallas-s-fix-300x203.jpg\" alt=\"ADAC Cybex Pallas S-Fix kollisjonstestresultater\" width=\"120\" height=\"81\" class=\"aligncenter size-medium wp-image-951\" srcset=\"https:\/\/www.monsiegeautobebe.fr\/wp-content\/uploads\/2019\/06\/adac-crash-test-cybex-pallas-s-fix-300x203.jpg 300w, https:\/\/www.monsiegeautobebe.fr\/wp-content\/uploads\/2019\/06\/adac-crash-test-cybex-pallas-s-fix-104x69.jpg 104w, https:\/\/www.monsiegeautobebe.fr\/wp-content\/uploads\/2019\/06\/adac-crash-test-cybex-pallas-s-fix.jpg 500w\" sizes=\"(max-width: 120px) 100vw, 120px\" \/><\/a><\/td><td class=\"column-4\"><a href=\"https:\/\/monsiegeautobebe.fr\/wp-content\/uploads\/2019\/06\/adac-crash-test-joie-traver-shield.jpg\" target=\"_blank\"><img loading=\"lazy\" decoding=\"async\" src=\"https:\/\/monsiegeautobebe.fr\/wp-content\/uploads\/2019\/06\/adac-crash-test-joie-traver-shield-300x244.jpg\" alt=\"Resultat av ADAC Joie Traver Shield-kollisjonstesten\" width=\"120\" height=\"98\" class=\"aligncenter size-medium wp-image-988\" srcset=\"https:\/\/www.monsiegeautobebe.fr\/wp-content\/uploads\/2019\/06\/adac-crash-test-joie-traver-shield-300x244.jpg 300w, https:\/\/www.monsiegeautobebe.fr\/wp-content\/uploads\/2019\/06\/adac-crash-test-joie-traver-shield-168x137.jpg 168w, https:\/\/www.monsiegeautobebe.fr\/wp-content\/uploads\/2019\/06\/adac-crash-test-joie-traver-shield.jpg 500w\" sizes=\"(max-width: 120px) 100vw, 120px\" \/><\/a><\/td>\n<\/tr>\n<\/tbody>\n<\/table>\n\n<\/div><!-- #tablepress-18 from cache --><ul>\n<li>V\u00e5rt utvalg av bilbarnestoler i gruppe 2\/3<\/li>\n<\/ul>\n<div id=\"tablepress-20-scroll-wrapper\" class=\"tablepress-scroll-wrapper\">\n\n<table id=\"tablepress-20\" class=\"tablepress tablepress-id-20 tablepress-responsive\">\n<thead>\n<tr class=\"row-1\">\n\t<td class=\"column-1\"><\/td><th class=\"column-2\"><center><img loading=\"lazy\" decoding=\"async\" src=\"https:\/\/monsiegeautobebe.fr\/wp-content\/uploads\/2019\/06\/rehausseur-britax-kidfix-sl-sict-150x150.jpg\" alt=\"Britax KIDFIX SL SICT bilbarnestol gruppe 2\/3\" width=\"100\" height=\"100\" class=\"aligncenter size-thumbnail wp-image-924\" srcset=\"https:\/\/www.monsiegeautobebe.fr\/wp-content\/uploads\/2019\/06\/rehausseur-britax-kidfix-sl-sict-150x150.jpg 150w, https:\/\/www.monsiegeautobebe.fr\/wp-content\/uploads\/2019\/06\/rehausseur-britax-kidfix-sl-sict-300x300.jpg 300w, https:\/\/www.monsiegeautobebe.fr\/wp-content\/uploads\/2019\/06\/rehausseur-britax-kidfix-sl-sict-336x336.jpg 336w, https:\/\/www.monsiegeautobebe.fr\/wp-content\/uploads\/2019\/06\/rehausseur-britax-kidfix-sl-sict-600x600.jpg 600w, https:\/\/www.monsiegeautobebe.fr\/wp-content\/uploads\/2019\/06\/rehausseur-britax-kidfix-sl-sict-768x768.jpg 768w, https:\/\/www.monsiegeautobebe.fr\/wp-content\/uploads\/2019\/06\/rehausseur-britax-kidfix-sl-sict-1024x1024.jpg 1024w, https:\/\/www.monsiegeautobebe.fr\/wp-content\/uploads\/2019\/06\/rehausseur-britax-kidfix-sl-sict.jpg 1050w\" sizes=\"(max-width: 100px) 100vw, 100px\" \/>Britax R\u00f6mer<br \/>\nKIDFIX SL SICT<\/center><\/th><th class=\"column-3\"><center><img loading=\"lazy\" decoding=\"async\" src=\"https:\/\/monsiegeautobebe.fr\/wp-content\/uploads\/2019\/06\/rehausseur-bebe-confort-rodifix-airprotect-150x150.jpg\" alt=\"B\u00e9b\u00e9 Confort RodiFix AirProtect bilbarnestol gruppe 2\/3\" width=\"100\" height=\"100\" class=\"aligncenter size-thumbnail wp-image-923\" srcset=\"https:\/\/www.monsiegeautobebe.fr\/wp-content\/uploads\/2019\/06\/rehausseur-bebe-confort-rodifix-airprotect-150x150.jpg 150w, https:\/\/www.monsiegeautobebe.fr\/wp-content\/uploads\/2019\/06\/rehausseur-bebe-confort-rodifix-airprotect-300x300.jpg 300w, https:\/\/www.monsiegeautobebe.fr\/wp-content\/uploads\/2019\/06\/rehausseur-bebe-confort-rodifix-airprotect-336x336.jpg 336w, https:\/\/www.monsiegeautobebe.fr\/wp-content\/uploads\/2019\/06\/rehausseur-bebe-confort-rodifix-airprotect-600x600.jpg 600w, https:\/\/www.monsiegeautobebe.fr\/wp-content\/uploads\/2019\/06\/rehausseur-bebe-confort-rodifix-airprotect-768x768.jpg 768w, https:\/\/www.monsiegeautobebe.fr\/wp-content\/uploads\/2019\/06\/rehausseur-bebe-confort-rodifix-airprotect-1024x1024.jpg 1024w, https:\/\/www.monsiegeautobebe.fr\/wp-content\/uploads\/2019\/06\/rehausseur-bebe-confort-rodifix-airprotect.jpg 1050w\" sizes=\"(max-width: 100px) 100vw, 100px\" \/>B\u00e9b\u00e9 Confort<br \/>\nRodiFix AirProtect<\/center><\/th><th class=\"column-4\"><center><img decoding=\"async\" src=\"https:\/\/monsiegeautobebe.fr\/wp-content\/uploads\/2019\/06\/siege-auto-cybex-solution-s-fix-150x150.jpg\" alt=\"Cybex bilbarnestol&lt;br \/&gt;Gruppe 2\/3 S-Fix-l&oslash;sning\" width=\"100\" height=\"100\" class=\"aligncenter size-thumbnail wp-image-872\" \/>Cybex<br \/>\nS-Fix-l\u00f8sning<\/center><\/th>\n<\/tr>\n<\/thead>\n<tbody class=\"row-striping row-hover\">\n<tr class=\"row-2\">\n\t<td class=\"column-1\"><\/td><td class=\"column-2\"><a href=\"https:\/\/amzn.to\/2ZUZDdz\" class=\"sc-button sc-button-default\" target=\"_blank\" rel=\"noopener\"><span>SE PRIS<\/span><\/a><\/td><td class=\"column-3\"><a href=\"https:\/\/amzn.to\/2KFhxNU\" class=\"sc-button sc-button-default\" target=\"_blank\" rel=\"noopener\"><span>SE PRIS<\/span><\/a><\/td><td class=\"column-4\"><a href=\"https:\/\/amzn.to\/2ZSq8jR\" class=\"sc-button sc-button-default\" target=\"_blank\" rel=\"noopener\"><span>SE PRIS<\/span><\/a><\/td>\n<\/tr>\n<tr class=\"row-3\">\n\t<td class=\"column-1\">Sertifisering<\/td><td class=\"column-2\">R44\/04<\/td><td class=\"column-3\">R44\/04<\/td><td class=\"column-4\">R44\/04<\/td>\n<\/tr>\n<tr class=\"row-4\">\n\t<td class=\"column-1\">Klassifisering<\/td><td class=\"column-2\">Gruppe 2\/3<\/td><td class=\"column-3\">Gruppe 2\/3<\/td><td class=\"column-4\">Gruppe 2\/3<\/td>\n<\/tr>\n<tr class=\"row-5\">\n\t<td class=\"column-1\">Barnets vekt<\/td><td class=\"column-2\">15 - 36 kg<\/td><td class=\"column-3\">15 - 36 kg<\/td><td class=\"column-4\">15 - 36 kg<\/td>\n<\/tr>\n<tr class=\"row-6\">\n\t<td class=\"column-1\">Reisestilling<\/td><td class=\"column-2\">\u00c5 m\u00f8te veien<\/td><td class=\"column-3\">\u00c5 m\u00f8te veien<\/td><td class=\"column-4\">\u00c5 m\u00f8te veien<\/td>\n<\/tr>\n<tr class=\"row-7\">\n\t<td class=\"column-1\">Fikseringssystem<\/td><td class=\"column-2\">Sikkerhetsbelte eller ISOFIX<\/td><td class=\"column-3\">Sikkerhetsbelte eller ISOFIX<\/td><td class=\"column-4\">Sikkerhetsbelte eller ISOFIX<\/td>\n<\/tr>\n<tr class=\"row-8\">\n\t<td class=\"column-1\">Barnesikringssystem<\/td><td class=\"column-2\">Bilens sikkerhetsbelte<\/td><td class=\"column-3\">Bilens sikkerhetsbelte<\/td><td class=\"column-4\">Bilens sikkerhetsbelte<\/td>\n<\/tr>\n<tr class=\"row-9\">\n\t<td class=\"column-1\">Resultater fra ADACs kollisjonstester<\/td><td class=\"column-2\"><a href=\"https:\/\/monsiegeautobebe.fr\/wp-content\/uploads\/2019\/06\/adac-crash-test-britax-kidfix-sl-sict.jpg\" target=\"_blank\"><img loading=\"lazy\" decoding=\"async\" src=\"https:\/\/monsiegeautobebe.fr\/wp-content\/uploads\/2019\/06\/adac-crash-test-britax-kidfix-sl-sict-300x203.jpg\" alt=\"ADAC Britax Kidfix SL SICT kollisjonstestresultater\" width=\"120\" height=\"81\" class=\"aligncenter size-medium wp-image-947\" srcset=\"https:\/\/www.monsiegeautobebe.fr\/wp-content\/uploads\/2019\/06\/adac-crash-test-britax-kidfix-sl-sict-300x203.jpg 300w, https:\/\/www.monsiegeautobebe.fr\/wp-content\/uploads\/2019\/06\/adac-crash-test-britax-kidfix-sl-sict-104x69.jpg 104w, https:\/\/www.monsiegeautobebe.fr\/wp-content\/uploads\/2019\/06\/adac-crash-test-britax-kidfix-sl-sict.jpg 500w\" sizes=\"(max-width: 120px) 100vw, 120px\" \/><\/a><\/td><td class=\"column-3\"><a href=\"https:\/\/monsiegeautobebe.fr\/wp-content\/uploads\/2019\/06\/adac-crash-test-bebe-confort-rodifix-airprotect.jpg\" target=\"_blank\"><img loading=\"lazy\" decoding=\"async\" src=\"https:\/\/monsiegeautobebe.fr\/wp-content\/uploads\/2019\/06\/adac-crash-test-bebe-confort-rodifix-airprotect-300x203.jpg\" alt=\"Resultat av ADAC B\u00e9b\u00e9 Confort RodiFix AirProtect-kollisjonstesten\" width=\"120\" height=\"81\" class=\"aligncenter size-medium wp-image-958\" srcset=\"https:\/\/www.monsiegeautobebe.fr\/wp-content\/uploads\/2019\/06\/adac-crash-test-bebe-confort-rodifix-airprotect-300x203.jpg 300w, https:\/\/www.monsiegeautobebe.fr\/wp-content\/uploads\/2019\/06\/adac-crash-test-bebe-confort-rodifix-airprotect-104x69.jpg 104w, https:\/\/www.monsiegeautobebe.fr\/wp-content\/uploads\/2019\/06\/adac-crash-test-bebe-confort-rodifix-airprotect.jpg 500w\" sizes=\"(max-width: 120px) 100vw, 120px\" \/><\/a><\/td><td class=\"column-4\"><a href=\"https:\/\/monsiegeautobebe.fr\/wp-content\/uploads\/2019\/06\/adac-crash-test-cybex-solution-s-fix.jpg\" target=\"_blank\"><img loading=\"lazy\" decoding=\"async\" src=\"https:\/\/monsiegeautobebe.fr\/wp-content\/uploads\/2019\/06\/adac-crash-test-cybex-solution-s-fix-300x203.jpg\" alt=\"ADAC Cybex Solution S-Fix kollisjonstestresultater\" width=\"120\" height=\"81\" class=\"aligncenter size-medium wp-image-952\" srcset=\"https:\/\/www.monsiegeautobebe.fr\/wp-content\/uploads\/2019\/06\/adac-crash-test-cybex-solution-s-fix-300x203.jpg 300w, https:\/\/www.monsiegeautobebe.fr\/wp-content\/uploads\/2019\/06\/adac-crash-test-cybex-solution-s-fix-104x69.jpg 104w, https:\/\/www.monsiegeautobebe.fr\/wp-content\/uploads\/2019\/06\/adac-crash-test-cybex-solution-s-fix.jpg 500w\" sizes=\"(max-width: 120px) 100vw, 120px\" \/><\/a><\/td>\n<\/tr>\n<\/tbody>\n<\/table>\n\n<\/div><!-- #tablepress-20 from cache --><p><em>* klassifisering i henhold til standard R44 (barnets vekt)<\/em><br \/>\n<em>** klassifisering i henhold til standard R129 (barneh\u00f8yde)<\/em><\/p>\n<ul>\n<li>Den nye europeiske reguleringen R129 (i-Size)<\/li>\n<\/ul>\n<p><a href=\"https:\/\/www.monsiegeautobebe.fr\/nb\/reglementation-i-size-siege-auto-bebe\/\" target=\"_blank\" rel=\"noopener noreferrer\">Siden juli 2013 har den nye europeiske forskriften R129 (i-Size) v\u00e6rt gjeldende.<\/a> har tr\u00e5dt i kraft. Denne nye standarden vil eksistere side om side i flere \u00e5r med <strong>den tidligere forskriften R44\/04<\/strong> til den gradvis forsvinner innen 2020. <strong>De nyeste R129-forskriftene (i-Size)<\/strong> gir en rekke fremskritt n\u00e5r det gjelder sikkerhet, med generaliseringen av <strong>av <a href=\"https:\/\/www.monsiegeautobebe.fr\/nb\/isofix-feste-system-bilbarnestol\/\">ISOFIX-feste<\/a><\/strong>forpliktelsen <strong>tilbake p\u00e5 veien i minst 15 m\u00e5neder eller mer<\/strong>tar hensyn til <strong>sidekollisjoner i kollisjonstester<\/strong> og implementeringen av en <strong>ny klassifisering for bilseter<\/strong> avhengig av barnets st\u00f8rrelse.<br \/>\n<img loading=\"lazy\" decoding=\"async\" class=\"aligncenter size-full wp-image-194\" src=\"https:\/\/monsiegeautobebe.fr\/wp-content\/uploads\/2018\/01\/classification-siege-auto-i-size.jpg\" alt=\"Klassifisering av i-Size-bilseter\" width=\"627\" height=\"416\" srcset=\"https:\/\/www.monsiegeautobebe.fr\/wp-content\/uploads\/2018\/01\/classification-siege-auto-i-size.jpg 941w, https:\/\/www.monsiegeautobebe.fr\/wp-content\/uploads\/2018\/01\/classification-siege-auto-i-size-600x398.jpg 600w, https:\/\/www.monsiegeautobebe.fr\/wp-content\/uploads\/2018\/01\/classification-siege-auto-i-size-300x199.jpg 300w, https:\/\/www.monsiegeautobebe.fr\/wp-content\/uploads\/2018\/01\/classification-siege-auto-i-size-768x509.jpg 768w, https:\/\/www.monsiegeautobebe.fr\/wp-content\/uploads\/2018\/01\/classification-siege-auto-i-size-104x69.jpg 104w\" sizes=\"(max-width: 627px) 100vw, 627px\" \/><\/p>\n<h2><span class=\"ez-toc-section\" id=\"Quand_Faut-il_Changer_de_Groupe_de_Siege_Auto\"><\/span>N\u00e5r b\u00f8r jeg bytte bilsetegruppe?<span class=\"ez-toc-section-end\"><\/span><\/h2>\n<p>Etter hvert som barna vokser, m\u00e5 de <strong>et system som er tilpasset deres aldersgruppe<\/strong>. Bytte fra en gruppe til en annen m\u00e5 gj\u00f8res n\u00e5r forholdene gj\u00f8r det n\u00f8dvendig. <strong>Det finnes flere kriterier for \u00e5 identifisere det rette tidspunktet<\/strong> for <a href=\"https:\/\/www.monsiegeautobebe.fr\/nb\/bytte-bilstol-gruppe\/\">bytte av bilseter<\/a> for \u00e5 sikre <strong>maksimal beskyttelse<\/strong> i tilfelle en kollisjon.<\/p>\n<ul>\n<li>Hodets posisjon<\/li>\n<\/ul>\n<p>For de minste barna er det n\u00f8dvendig \u00e5 bytte bilseter <strong>n\u00e5r toppen av barnets hode n\u00e5r opp til eller overskrider den \u00f8vre kanten<\/strong> av cosi-hodest\u00f8tten.<\/p>\n<ul>\n<li>Barnets vekt<\/li>\n<\/ul>\n<p>Hvert bilsete er konstruert for \u00e5 t\u00e5le en viss vekt. Velg alltid <strong>en modell som er tilpasset barnets vekt eller h\u00f8yde<\/strong>. Derfor, <strong>unng\u00e5 \u00e5 overskride den maksimale vekten<\/strong> autorisert for hver gruppe.<\/p>\n<ul>\n<li>Seleposisjon<\/li>\n<\/ul>\n<p>Selen m\u00e5 <strong>v\u00e6re plassert i barnets skulderh\u00f8yde<\/strong>ikke for h\u00f8yt, ikke for lavt. N\u00e5r <strong>barnets skuldre strekker seg lenger ut enn selens h\u00f8yeste posisjon.<\/strong> er det p\u00e5 tide \u00e5 legge inn et h\u00f8yere gir.<\/p>\n<p><img loading=\"lazy\" decoding=\"async\" class=\"aligncenter size-full wp-image-794\" src=\"https:\/\/monsiegeautobebe.fr\/wp-content\/uploads\/2019\/06\/criteres-changer-siege-auto-bebe.jpg\" alt=\"Kriterier for bytte av bilseter\" width=\"800\" height=\"311\" \/><\/p>\n<h2><span class=\"ez-toc-section\" id=\"Comment_Reconnaitre_un_Siege_Auto_Bebe_Homologues\"><\/span>Hvordan gjenkjenne et godkjent bilbarnestol?<span class=\"ez-toc-section-end\"><\/span><\/h2>\n<p>I Frankrike er det kun tillatt \u00e5 bruke <strong>modeller med typegodkjenningssertifikat R04\/44 eller R129<\/strong> som bekrefter at de er i samsvar med gjeldende europeiske forskrifter. P\u00e5 kj\u00f8pstidspunktet, <a href=\"https:\/\/www.monsiegeautobebe.fr\/nb\/hvordan-dechiffrere-godkjenningsetiketten-for-r129-i-storrelse-r44\/\" target=\"_blank\" rel=\"noopener noreferrer\">se etter den oransje etiketten som bekrefter at produsenten har f\u00e5tt godkjenning.<\/a> for denne modellen. Kontroller at det st\u00e5r :<br \/>\n<img loading=\"lazy\" decoding=\"async\" class=\"alignright size-full wp-image-161\" src=\"https:\/\/monsiegeautobebe.fr\/wp-content\/uploads\/2018\/01\/etiquette-i-size.jpg\" alt=\"i-Size-godkjenningsetikett\" width=\"166\" height=\"188\" srcset=\"https:\/\/www.monsiegeautobebe.fr\/wp-content\/uploads\/2018\/01\/etiquette-i-size.jpg 333w, https:\/\/www.monsiegeautobebe.fr\/wp-content\/uploads\/2018\/01\/etiquette-i-size-265x300.jpg 265w\" sizes=\"(max-width: 166px) 100vw, 166px\" \/><\/p>\n<ul>\n<li><strong>Vekt eller h\u00f8yde<\/strong> som modellen ble utviklet for.<\/li>\n<li><strong>Bokstaven E omgitt av en sirkel<\/strong> er symbolet som indikerer at enheten er i samsvar med en av de to europeiske standardene. Tallet ved siden av <strong>angir godkjenningslandet<\/strong> bilseter (1 for Tyskland, 2 for Frankrike, 3 for Italia, 4 for Nederland...)<\/li>\n<\/ul>\n<p>Du b\u00f8r ogs\u00e5 kontrollere at kj\u00f8ret\u00f8yet ditt har <a href=\"https:\/\/www.monsiegeautobebe.fr\/nb\/systeme-de-fixation-isofix-pour-siege-auto-bebe\/\" target=\"_blank\" rel=\"noopener noreferrer\">av ISOFIX<\/a>. Alle kj\u00f8ret\u00f8y som har v\u00e6rt p\u00e5 veien siden 2011, har denne typen montering, selv om ikke alle kj\u00f8ret\u00f8y fra den forrige perioden hadde det. <strong>Valg av bilsete<\/strong> m\u00e5 utf\u00f8res i henhold til dette.<\/p>\n<h2><span class=\"ez-toc-section\" id=\"Quelles_sont_les_Derogations_Incluses_dans_la_Reglementation\"><\/span>Hvilke unntak er inkludert i regelverket?<span class=\"ez-toc-section-end\"><\/span><\/h2>\n<p>Regelverket <strong>omfatter unntak fra bruk av bilsete<\/strong>. Disse unntakene er strengt <a href=\"https:\/\/www.interieur.gouv.fr\/content\/download\/7441\/70415\/file\/Siege-Auto.pdf\" target=\"_blank\" rel=\"noopener nofollow noreferrer\">regulert av veitrafikkloven<\/a>.<\/p>\n<ol>\n<li style=\"list-style-type: none;\">\n<ol>\n<li>Bruk av bilsete eller beltestol <strong>er ikke obligatorisk i drosjer eller offentlige transportmidler.<\/strong> med mindre det er inng\u00e5tt en avtale om skoleskyss. Det samme gjelder hvis <strong>barnets morfologi<\/strong> ikke er egnet for bruk av sikkerhetsbelte.<\/li>\n<li>Det er mulig \u00e5 <strong>plassere et barn foran i kj\u00f8ret\u00f8yet<\/strong> i f\u00f8lgende tilfeller:\n<ul><div class=\"sc-list sc-list-check fa-ul\"><\/ul>\n<\/li>\n<\/ol>\n<\/li>\n<\/ol>\n<p>&nbsp;<\/p>\n<ol>\n<li style=\"list-style-type: none;\">\n<ol>\n<li style=\"list-style-type: none;\">\n<ul><li><i class=\"fa fa-check\"><\/i>Bilen har ingen bakseter<\/li><\/ul>\n<\/li>\n<\/ol>\n<\/li>\n<\/ol>\n<p>&nbsp;<\/p>\n<ol>\n<li style=\"list-style-type: none;\">\n<ol>\n<li style=\"list-style-type: none;\">\n<ul><li><i class=\"fa fa-check\"><\/i>Barn under 10 \u00e5r allerede i baksetet<\/li><\/ul>\n<\/li>\n<\/ol>\n<\/li>\n<\/ol>\n<p>&nbsp;<\/p>\n<ol>\n<li style=\"list-style-type: none;\">\n<ol>\n<li style=\"list-style-type: none;\">\n<ul><li><i class=\"fa fa-check\"><\/i>Baksetet har ikke sikkerhetsbelte<\/li><\/ul>\n<\/li>\n<\/ol>\n<\/li>\n<\/ol>\n<p>&nbsp;<\/p>\n<ol>\n<li style=\"list-style-type: none;\">\n<ul><\/div><\/ul>\n<\/li>\n<\/ol>\n<h5><span class=\"ez-toc-section\" id=\"Quelques_points_important_a_retenir_lors_du_choix\"><\/span>Her er noen viktige punkter du b\u00f8r ha i bakhodet n\u00e5r du gj\u00f8r ditt valg:<span class=\"ez-toc-section-end\"><\/span><\/h5>\n<ul>\n<li><strong>Alle barn under 10 \u00e5r<\/strong> m\u00e5 reise i et bilsete som er tilpasset deres behov. <strong>h\u00f8yde, vekt og morfologi.<\/strong><\/li>\n<li><strong>Bare ett barn<\/strong> samtidig kan plasseres i et bilsete.<\/li>\n<li>Det er sj\u00e5f\u00f8rens ansvar \u00e5 s\u00f8rge for f\u00f8lgende <strong>alle barn under 10 \u00e5r er beskyttet av et fastholdelsessystem<\/strong> tilpasset seg den.<\/li>\n<li>Det er strengt forbudt \u00e5 plassere <strong>et barn under 10 \u00e5r foran i et hvilket som helst kj\u00f8ret\u00f8y<\/strong>Dette gjelder med mindre barnet sitter i et bilsete med ryggen mot veien, eller hvis det er helt umulig \u00e5 gj\u00f8re noe annet.<\/li>\n<li>N\u00e5r bilsetet er montert p\u00e5 forsetet i bilen, er det viktig \u00e5 <strong>deaktiverer passasjerkollisjonsputen.<\/strong><\/li>\n<\/ul>\n<h2><span class=\"ez-toc-section\" id=\"Quelles_sont_les_Consequences_en_Cas_de_Non-Respect_de_la_Reglementation\"><\/span>Hva er konsekvensene hvis regelverket ikke overholdes?<span class=\"ez-toc-section-end\"><\/span><\/h2>\n<p>Sj\u00e5f\u00f8ren er ansvarlig for <strong>alle passasjerer under 18 \u00e5r<\/strong> i kj\u00f8ret\u00f8yet. <a href=\"https:\/\/www.demarches.interieur.gouv.fr\/particuliers\/ceinture-securite-siege-enfant-bebe-quelles-regles\" target=\"_blank\" rel=\"noopener nofollow noreferrer\">Ved overtredelse av bilbelte- og bilseteforbudet ilegges f\u00f8reren en fast bot p\u00e5 135 euro.<\/a> for hvert lovbrudd som involverer en mindre\u00e5rig.<\/p>\n<p>Regelverket er i stadig endring, <strong>holde deg oppdatert om eventuelle endringer p\u00e5 nettstedet<\/strong> for ikke \u00e5 risikere \u00e5 bli b\u00f8telagt eller sette barnas sikkerhet i fare ved en eventuell ulykke. Hvis du vil ha mer informasjon om dette emnet, kan du g\u00e5 direkte til <a href=\"https:\/\/www.securite-routiere.gouv.fr\/\" target=\"_blank\" rel=\"nofollow noopener noreferrer\">trafikksikkerhet<\/a> eller <a href=\"https:\/\/www.service-public.fr\/particuliers\/vosdroits\/F628\" target=\"_blank\" rel=\"nofollow noopener noreferrer\">offentlig tjeneste<\/a>.<\/p>","protected":false},"excerpt":{"rendered":"<p>I Frankrike er det p\u00e5budt med bilbarnestol for barn opp til 10 \u00e5r, eller til de er store nok til \u00e5 bruke bilbelte. Det viktigste du b\u00f8r tenke p\u00e5 n\u00e5r du skal velge bilbarnestol, er vekten,<\/p>","protected":false},"author":2,"featured_media":813,"comment_status":"open","ping_status":"open","sticky":false,"template":"","format":"standard","meta":{"footnotes":""},"categories":[1],"tags":[],"class_list":{"0":"post-762","1":"post","2":"type-post","3":"status-publish","4":"format-standard","5":"has-post-thumbnail","7":"category-reglementation"},"_links":{"self":[{"href":"https:\/\/www.monsiegeautobebe.fr\/nb\/wp-json\/wp\/v2\/posts\/762","targetHints":{"allow":["GET"]}}],"collection":[{"href":"https:\/\/www.monsiegeautobebe.fr\/nb\/wp-json\/wp\/v2\/posts"}],"about":[{"href":"https:\/\/www.monsiegeautobebe.fr\/nb\/wp-json\/wp\/v2\/types\/post"}],"author":[{"embeddable":true,"href":"https:\/\/www.monsiegeautobebe.fr\/nb\/wp-json\/wp\/v2\/users\/2"}],"replies":[{"embeddable":true,"href":"https:\/\/www.monsiegeautobebe.fr\/nb\/wp-json\/wp\/v2\/comments?post=762"}],"version-history":[{"count":0,"href":"https:\/\/www.monsiegeautobebe.fr\/nb\/wp-json\/wp\/v2\/posts\/762\/revisions"}],"wp:featuredmedia":[{"embeddable":true,"href":"https:\/\/www.monsiegeautobebe.fr\/nb\/wp-json\/wp\/v2\/media\/813"}],"wp:attachment":[{"href":"https:\/\/www.monsiegeautobebe.fr\/nb\/wp-json\/wp\/v2\/media?parent=762"}],"wp:term":[{"taxonomy":"category","embeddable":true,"href":"https:\/\/www.monsiegeautobebe.fr\/nb\/wp-json\/wp\/v2\/categories?post=762"},{"taxonomy":"post_tag","embeddable":true,"href":"https:\/\/www.monsiegeautobebe.fr\/nb\/wp-json\/wp\/v2\/tags?post=762"}],"curies":[{"name":"wp","href":"https:\/\/api.w.org\/{rel}","templated":true}]}}