{"id":2374,"date":"2020-03-16T15:25:50","date_gmt":"2020-03-16T15:25:50","guid":{"rendered":"https:\/\/monsiegeautobebe.fr\/?p=2374"},"modified":"2023-10-20T03:08:34","modified_gmt":"2023-10-20T01:08:34","slug":"beste-svenske-plus-testen-bilstoler","status":"publish","type":"post","link":"https:\/\/www.monsiegeautobebe.fr\/nb\/beste-svenske-plus-testen-bilstoler\/","title":{"rendered":"Beste Svenske Plus Testede Bilstoler Sammenligning"},"content":{"rendered":"<p>Opprettet av <a href=\"https:\/\/www.vti.se\/en\/\" target=\"_blank\" rel=\"noopener\">VTI<\/a> (Statens v\u00e4g- och transportforskningsinstitut) og den svenske <a href=\"https:\/\/ntf.se\/\" target=\"_blank\" rel=\"noopener\">NTF<\/a> (Nationalf\u00f6reningen f\u00f6r trafiks\u00e4kerhetens fr\u00e4mjande), to uavhengige svenske instanser, den svenske <strong>Flere tester<\/strong> har som m\u00e5l \u00e5 <strong>sertifisere de sikreste bilstolene<\/strong> i markedet ved \u00e5 m\u00e5le n\u00f8yaktig de kreftene som ut\u00f8ves p\u00e5 barns nakke ved en kollisjon. Den <strong>Flere tester<\/strong> er en utfyllende sertifisering til det europeiske regelverket <a href=\"https:\/\/www.monsiegeautobebe.fr\/nb\/hvilken-bilstolgruppe-velge\/\" target=\"_blank\" rel=\"noopener\">R44\/04<\/a> eller <a href=\"https:\/\/www.monsiegeautobebe.fr\/nb\/reglementation-i-size-siege-auto-bebe\/\" target=\"_blank\" rel=\"noopener\">R129 (i-Size)<\/a> som gjelder for \u00f8yeblikket. Det er produsentene selv som frivillig velger om de vil sende inn sine modeller til sertifisering eller ikke. P\u00e5 grunn av vanskelighetsgraden er det bare en h\u00e5ndfull modeller som har f\u00e5tt denne sertifiseringen.<\/p>\n<div id=\"ez-toc-container\" class=\"ez-toc-v2_0_82_2 counter-hierarchy ez-toc-counter ez-toc-grey ez-toc-container-direction\">\n<div class=\"ez-toc-title-container\">\n<p class=\"ez-toc-title\" style=\"cursor:inherit\">Innhold<\/p>\n<span class=\"ez-toc-title-toggle\"><a href=\"#\" class=\"ez-toc-pull-right ez-toc-btn ez-toc-btn-xs ez-toc-btn-default ez-toc-toggle\" aria-label=\"Bytt innholdsfortegnelse\"><span class=\"ez-toc-js-icon-con\"><span class=\"\"><span class=\"eztoc-hide\" style=\"display:none;\">Toggle<\/span><span class=\"ez-toc-icon-toggle-span\"><svg style=\"fill: #999;color:#999\" xmlns=\"http:\/\/www.w3.org\/2000\/svg\" class=\"list-377408\" width=\"20px\" height=\"20px\" viewbox=\"0 0 24 24\" fill=\"none\"><path d=\"M6 6H4v2h2V6zm14 0H8v2h12V6zM4 11h2v2H4v-2zm16 0H8v2h12v-2zM4 16h2v2H4v-2zm16 0H8v2h12v-2z\" fill=\"currentColor\"><\/path><\/svg><svg style=\"fill: #999;color:#999\" class=\"arrow-unsorted-368013\" xmlns=\"http:\/\/www.w3.org\/2000\/svg\" width=\"10px\" height=\"10px\" viewbox=\"0 0 24 24\" version=\"1.2\" baseprofile=\"tiny\"><path d=\"M18.2 9.3l-6.2-6.3-6.2 6.3c-.2.2-.3.4-.3.7s.1.5.3.7c.2.2.4.3.7.3h11c.3 0 .5-.1.7-.3.2-.2.3-.5.3-.7s-.1-.5-.3-.7zM5.8 14.7l6.2 6.3 6.2-6.3c.2-.2.3-.5.3-.7s-.1-.5-.3-.7c-.2-.2-.4-.3-.7-.3h-11c-.3 0-.5.1-.7.3-.2.2-.3.5-.3.7s.1.5.3.7z\"\/><\/svg><\/span><\/span><\/span><\/a><\/span><\/div>\n<nav><ul class='ez-toc-list ez-toc-list-level-1 eztoc-toggle-hide-by-default' ><li class='ez-toc-page-1 ez-toc-heading-level-2'><a class=\"ez-toc-link ez-toc-heading-1\" href=\"https:\/\/www.monsiegeautobebe.fr\/nb\/beste-svenske-plus-testen-bilstoler\/#La_Creation_Du_Plus_Test_Suedois\" >\u00c5 skape Sveriges st\u00f8rste test<\/a><\/li><li class='ez-toc-page-1 ez-toc-heading-level-2'><a class=\"ez-toc-link ez-toc-heading-2\" href=\"https:\/\/www.monsiegeautobebe.fr\/nb\/beste-svenske-plus-testen-bilstoler\/#Quels_Sont_Les_Criteres_Du_Plus_Test\" >Hva er kriteriene for den beste testen?<\/a><\/li><li class='ez-toc-page-1 ez-toc-heading-level-2'><a class=\"ez-toc-link ez-toc-heading-3\" href=\"https:\/\/www.monsiegeautobebe.fr\/nb\/beste-svenske-plus-testen-bilstoler\/#Les_Avantages_Des_Sieges_Auto_Dos_A_La_Route\" >Fordelene med bakovervendte bilseter<\/a><\/li><li class='ez-toc-page-1 ez-toc-heading-level-2'><a class=\"ez-toc-link ez-toc-heading-4\" href=\"https:\/\/www.monsiegeautobebe.fr\/nb\/beste-svenske-plus-testen-bilstoler\/#Liste_Des_Meilleurs_Sieges_Auto_Titulaire_Du_Plus_Test\" >Liste over de best testede bilstolene<\/a><\/li><\/ul><\/nav><\/div>\n<h2><span class=\"ez-toc-section\" id=\"La_Creation_Du_Plus_Test_Suedois\"><\/span>\u00c5 skape Sveriges st\u00f8rste test<span class=\"ez-toc-section-end\"><\/span><\/h2>\n<p>Den <strong>VTI<\/strong> har lang erfaring med \u00e5 utf\u00f8re kollisjonstester for <a href=\"https:\/\/www.monsiegeautobebe.fr\/nb\/\">bilsete<\/a> siden de var blant de f\u00f8rste i verden til \u00e5 gjennomf\u00f8re dem. VTIs engasjement innen setetesting begynte p\u00e5 1960-tallet. Siden den gang har VTI fortsatt \u00e5 spille en aktiv rolle i utviklingen av bilstoler for \u00e5 forbedre barns sikkerhet i bil.<\/p>\n<p><iframe title=\"Den svenske Plus-testen - vendt mot veien eller med ryggen mot veien\" width=\"788\" height=\"443\" src=\"https:\/\/www.youtube.com\/embed\/TeolZ5VaG38?feature=oembed\" frameborder=\"0\" allow=\"accelerometer; autoplay; clipboard-write; encrypted-media; gyroscope; picture-in-picture; web-share\" allowfullscreen><\/iframe><\/p>\n<h2><span class=\"ez-toc-section\" id=\"Quels_Sont_Les_Criteres_Du_Plus_Test\"><\/span>Hva er kriteriene for den beste testen?<span class=\"ez-toc-section-end\"><\/span><\/h2>\n<figure id=\"attachment_381\" aria-describedby=\"caption-attachment-381\" style=\"width: 150px\" class=\"wp-caption alignleft\"><a href=\"https:\/\/monsiegeautobebe.fr\/wp-content\/uploads\/2019\/02\/label-plus-test-suedois-crash-tests.jpg\"><img decoding=\"async\" class=\"size-medium wp-image-381\" src=\"https:\/\/monsiegeautobebe.fr\/wp-content\/uploads\/2019\/02\/label-plus-test-suedois-crash-tests-196x300.jpg\" alt=\"Logoen til det svenske merket PLUS TEST\" width=\"150\" height=\"230\" srcset=\"https:\/\/www.monsiegeautobebe.fr\/wp-content\/uploads\/2019\/02\/label-plus-test-suedois-crash-tests-196x300.jpg 196w, https:\/\/www.monsiegeautobebe.fr\/wp-content\/uploads\/2019\/02\/label-plus-test-suedois-crash-tests.jpg 360w\" sizes=\"(max-width: 150px) 100vw, 150px\" \/><\/a><figcaption id=\"caption-attachment-381\" class=\"wp-caption-text\">Eksempel p\u00e5 etikett p\u00e5 sertifiserte bilbarnestoler<\/figcaption><\/figure>\n<p>F\u00f8r de kan markedsf\u00f8res i Frankrike og Europa, m\u00e5 alle bilbarnestoler oppfylle ett av f\u00f8lgende krav <strong>to forskrifter<\/strong> som gjelder i dag. Selv om det utf\u00f8res kollisjonstester for \u00e5 teste de ulike modellene, er det ingen av dem som n\u00f8yaktig kan m\u00e5le belastningene p\u00e5 barns nakke, skuldre og ryggrad i kollisjons\u00f8yeblikket.<\/p>\n<p>I motsetning til det europeiske regelverket (som er obligatorisk), har <strong>Flere tester<\/strong> er en frivillig tilleggstest som bilstolprodusentene st\u00e5r fritt til \u00e5 sende inn sine modeller til for eventuell sertifisering. P\u00e5 grunn av de sv\u00e6rt strenge spesifikasjonene er Plus-testen kjent for \u00e5 v\u00e6re en av de strengeste sikkerhetstestene i verden. Det legges s\u00e6rlig vekt p\u00e5 belastningen p\u00e5 barnets nakke ved en eventuell ulykke. Testen er ekstremt vanskelig \u00e5 best\u00e5, og bare et f\u00f8rtitalls modeller som utelukkende er bakovervendte, har best\u00e5tt. Hittil har ingen fremovervendte bilstoler blitt sertifisert.<\/p>\n<h2><span class=\"ez-toc-section\" id=\"Les_Avantages_Des_Sieges_Auto_Dos_A_La_Route\"><\/span>Fordelene med bakovervendte bilseter<span class=\"ez-toc-section-end\"><\/span><\/h2>\n<p>\u00c5 sette barnet ditt i en <a href=\"https:\/\/www.monsiegeautobebe.fr\/nb\/best-i-test-bakovervendt-bilstol\/\">bakovervendt bilstol<\/a> er den beste m\u00e5ten \u00e5 reise trygt og sikkert p\u00e5. Fordelen med et bakovervendt bilsete er at kreftene som frigj\u00f8res ved en kollisjon, absorberes bedre av setet. Det betyr at de \u00f8mfintlige delene av barnets kropp beskyttes mer effektivt, slik at spenningen som ut\u00f8ves er betydelig lavere enn i et forovervendt sete. N\u00e5r barn sitter vendt mot veien, kastes hodet forover ved en kollisjon, noe som kan f\u00f8re til sv\u00e6rt alvorlige skader. De ulike studiene og kollisjonstestene som er gjennomf\u00f8rt p\u00e5 dette omr\u00e5det i \u00e5renes l\u00f8p, har vist at <a href=\"https:\/\/www.monsiegeautobebe.fr\/nb\/reisebilstol-med-ryggen-mot-veien\/\">Det var fem ganger tryggere for barnet \u00e5 reise med ryggen mot veien.<\/a><\/p>\n<figure id=\"attachment_2471\" aria-describedby=\"caption-attachment-2471\" style=\"width: 800px\" class=\"wp-caption aligncenter\"><a href=\"https:\/\/monsiegeautobebe.fr\/wp-content\/uploads\/2020\/02\/consequence-siege-auto-dos-route-face-route.jpg\"><img fetchpriority=\"high\" decoding=\"async\" class=\"size-full wp-image-2471\" src=\"https:\/\/monsiegeautobebe.fr\/wp-content\/uploads\/2020\/02\/consequence-siege-auto-dos-route-face-route.jpg\" alt=\"Sammenligning mellom forovervendte og bakovervendte bilstoler\" width=\"800\" height=\"275\" srcset=\"https:\/\/www.monsiegeautobebe.fr\/wp-content\/uploads\/2020\/02\/consequence-siege-auto-dos-route-face-route.jpg 800w, https:\/\/www.monsiegeautobebe.fr\/wp-content\/uploads\/2020\/02\/consequence-siege-auto-dos-route-face-route-600x206.jpg 600w, https:\/\/www.monsiegeautobebe.fr\/wp-content\/uploads\/2020\/02\/consequence-siege-auto-dos-route-face-route-300x103.jpg 300w, https:\/\/www.monsiegeautobebe.fr\/wp-content\/uploads\/2020\/02\/consequence-siege-auto-dos-route-face-route-768x264.jpg 768w\" sizes=\"(max-width: 800px) 100vw, 800px\" \/><\/a><figcaption id=\"caption-attachment-2471\" class=\"wp-caption-text\">Kreftene som ut\u00f8ves er 5 ganger lavere i et bakovervendt sete.<\/figcaption><\/figure>\n<h2><span class=\"ez-toc-section\" id=\"Liste_Des_Meilleurs_Sieges_Auto_Titulaire_Du_Plus_Test\"><\/span>Liste over de best testede bilstolene<span class=\"ez-toc-section-end\"><\/span><\/h2>\n<p>Nedenfor finner du en fullstendig liste over <strong>bilseter<\/strong> som har oppn\u00e5dd <strong>Plus Test.<\/strong><br \/>\n<em>(Tabellen er oppdatert i april 2022)<\/em><br \/>\n<div id=\"tablepress-11-scroll-wrapper\" class=\"tablepress-scroll-wrapper\">\n\n<table id=\"tablepress-11\" class=\"tablepress tablepress-id-11 tablepress-responsive\">\n<thead>\n<tr class=\"row-1\">\n\t<th class=\"column-1\"><center>Modeller<\/center><\/th><th class=\"column-2\">Standard<\/th><th class=\"column-3\">Barnets h\u00f8yde\/vekt<\/th><th class=\"column-4\">Svingbar<\/th><th class=\"column-5\">Fikseringssystem<\/th><th class=\"column-6\">Installasjon<\/th><th class=\"column-7\">VTI-NUMMER<\/th><th class=\"column-8\">Priser<\/th>\n<\/tr>\n<\/thead>\n<tbody class=\"row-striping row-hover\">\n<tr class=\"row-2\">\n\t<td class=\"column-1\"><center><a href=\"https:\/\/monsiegeautobebe.fr\/wp-content\/uploads\/2022\/04\/akto-graco-duologic-2-plus-test.jpg\"><img decoding=\"async\" src=\"https:\/\/monsiegeautobebe.fr\/wp-content\/uploads\/2022\/04\/akto-graco-duologic-2-plus-test.jpg\" alt=\"akto graco duologic 2 plus test\" width=\"100\" height=\"100\" class=\"aligncenter size-full wp-image-6138\" srcset=\"https:\/\/www.monsiegeautobebe.fr\/wp-content\/uploads\/2022\/04\/akto-graco-duologic-2-plus-test.jpg 1000w, https:\/\/www.monsiegeautobebe.fr\/wp-content\/uploads\/2022\/04\/akto-graco-duologic-2-plus-test-300x300.jpg 300w, https:\/\/www.monsiegeautobebe.fr\/wp-content\/uploads\/2022\/04\/akto-graco-duologic-2-plus-test-150x150.jpg 150w, https:\/\/www.monsiegeautobebe.fr\/wp-content\/uploads\/2022\/04\/akto-graco-duologic-2-plus-test-768x768.jpg 768w, https:\/\/www.monsiegeautobebe.fr\/wp-content\/uploads\/2022\/04\/akto-graco-duologic-2-plus-test-450x450.jpg 450w, https:\/\/www.monsiegeautobebe.fr\/wp-content\/uploads\/2022\/04\/akto-graco-duologic-2-plus-test-600x600.jpg 600w, https:\/\/www.monsiegeautobebe.fr\/wp-content\/uploads\/2022\/04\/akto-graco-duologic-2-plus-test-336x336.jpg 336w\" sizes=\"(max-width: 100px) 100vw, 100px\" \/>Akta Graco Duo Logic 2<\/a><\/center><\/td><td class=\"column-2\">R44\/04<\/td><td class=\"column-3\">Gruppe 0+\/1<br \/>\n(F\u00f8dsel - 18 kg)<\/td><td class=\"column-4\"><center><img loading=\"lazy\" decoding=\"async\" src=\"https:\/\/monsiegeautobebe.fr\/wp-content\/uploads\/2019\/03\/icon-no.png\" alt=\"\" width=\"16\" height=\"16\" class=\"aligncenter size-full wp-image-693\" \/><\/center><\/td><td class=\"column-5\">ISOFIX med stag eller sikkerhetsbelte<\/td><td class=\"column-6\">Bakovervendt<\/td><td class=\"column-7\">VTI-0003<\/td><td class=\"column-8\"><\/td>\n<\/tr>\n<tr class=\"row-3\">\n\t<td class=\"column-1\"><center><a href=\"https:\/\/monsiegeautobebe.fr\/wp-content\/uploads\/2019\/02\/siege-auto-akta-graco-belogic-plus-test.jpg\"><img loading=\"lazy\" decoding=\"async\" src=\"https:\/\/monsiegeautobebe.fr\/wp-content\/uploads\/2019\/02\/siege-auto-akta-graco-belogic-plus-test-150x150.jpg\" alt=\"Akta Graco BeLogic sertifisert Plus Test bilbarnestol for baby\" width=\"100\" height=\"100\" class=\"aligncenter size-thumbnail wp-image-468\" srcset=\"https:\/\/www.monsiegeautobebe.fr\/wp-content\/uploads\/2019\/02\/siege-auto-akta-graco-belogic-plus-test-150x150.jpg 150w, https:\/\/www.monsiegeautobebe.fr\/wp-content\/uploads\/2019\/02\/siege-auto-akta-graco-belogic-plus-test-300x300.jpg 300w, https:\/\/www.monsiegeautobebe.fr\/wp-content\/uploads\/2019\/02\/siege-auto-akta-graco-belogic-plus-test-336x336.jpg 336w, https:\/\/www.monsiegeautobebe.fr\/wp-content\/uploads\/2019\/02\/siege-auto-akta-graco-belogic-plus-test-600x600.jpg 600w, https:\/\/www.monsiegeautobebe.fr\/wp-content\/uploads\/2019\/02\/siege-auto-akta-graco-belogic-plus-test-768x768.jpg 768w, https:\/\/www.monsiegeautobebe.fr\/wp-content\/uploads\/2019\/02\/siege-auto-akta-graco-belogic-plus-test-1024x1024.jpg 1024w, https:\/\/www.monsiegeautobebe.fr\/wp-content\/uploads\/2019\/02\/siege-auto-akta-graco-belogic-plus-test.jpg 1050w\" sizes=\"(max-width: 100px) 100vw, 100px\" \/>Akta Graco Be Logic<\/a><\/center><\/td><td class=\"column-2\">R44\/04<\/td><td class=\"column-3\">Gruppe 1\/2<br \/>\n(9 - 25 kg)<\/td><td class=\"column-4\"><center><img loading=\"lazy\" decoding=\"async\" src=\"https:\/\/monsiegeautobebe.fr\/wp-content\/uploads\/2019\/03\/icon-no.png\" alt=\"\" width=\"16\" height=\"16\" class=\"aligncenter size-full wp-image-693\" \/><\/center><\/td><td class=\"column-5\">Sikkerhetsbelte med stag<\/td><td class=\"column-6\">Bakovervendt<\/td><td class=\"column-7\">VTI-0005<\/td><td class=\"column-8\"><\/td>\n<\/tr>\n<tr class=\"row-4\">\n\t<td class=\"column-1\"><center><a href=\"https:\/\/monsiegeautobebe.fr\/wp-content\/uploads\/2019\/03\/siege-auto-avionaut-aerofix-rwf-plus-test.jpg\"><img loading=\"lazy\" decoding=\"async\" src=\"https:\/\/monsiegeautobebe.fr\/wp-content\/uploads\/2019\/03\/siege-auto-avionaut-aerofix-rwf-plus-test-150x150.jpg\" alt=\"Avionaut AeroFIX RWF bilbarnestol for barn sertifisert av Plus Test\" width=\"100\" height=\"100\" class=\"aligncenter size-thumbnail wp-image-493\" \/>Avionaut Aerofix RWF<\/a><\/center><\/td><td class=\"column-2\">i-Size (R129)<\/td><td class=\"column-3\">Fra 67 til 105 cm<br \/>\n(ca. 6 m\u00e5neder til 4 \u00e5r)<\/td><td class=\"column-4\"><center><img loading=\"lazy\" decoding=\"async\" src=\"https:\/\/monsiegeautobebe.fr\/wp-content\/uploads\/2019\/03\/icon-no.png\" alt=\"\" width=\"16\" height=\"16\" class=\"aligncenter size-full wp-image-693\" \/><\/center><\/td><td class=\"column-5\">Avionaut IQ-base med stag<\/td><td class=\"column-6\">Bakovervendt<\/td><td class=\"column-7\">VTI-0023<\/td><td class=\"column-8\"><a href=\"https:\/\/amzn.to\/3Kn5mj7\" class=\"sc-button sc-button-default\" target=\"_blank\" rel=\"noopener\"><span>SE PRIS<\/span><\/a><\/td>\n<\/tr>\n<tr class=\"row-5\">\n\t<td class=\"column-1\"><center><a href=\"https:\/\/monsiegeautobebe.fr\/wp-content\/uploads\/2021\/05\/siege-auto-axkid-one-plus-test.jpg\"><img loading=\"lazy\" decoding=\"async\" src=\"https:\/\/monsiegeautobebe.fr\/wp-content\/uploads\/2021\/05\/siege-auto-axkid-one-plus-test-150x150.jpg\" alt=\"Plus Test-godkjent Axkid One-bilstol\" width=\"100\" height=\"100\" class=\"aligncenter size-thumbnail wp-image-4763\" srcset=\"https:\/\/www.monsiegeautobebe.fr\/wp-content\/uploads\/2021\/05\/siege-auto-axkid-one-plus-test-150x150.jpg 150w, https:\/\/www.monsiegeautobebe.fr\/wp-content\/uploads\/2021\/05\/siege-auto-axkid-one-plus-test-300x300.jpg 300w, https:\/\/www.monsiegeautobebe.fr\/wp-content\/uploads\/2021\/05\/siege-auto-axkid-one-plus-test-336x336.jpg 336w, https:\/\/www.monsiegeautobebe.fr\/wp-content\/uploads\/2021\/05\/siege-auto-axkid-one-plus-test-600x600.jpg 600w, https:\/\/www.monsiegeautobebe.fr\/wp-content\/uploads\/2021\/05\/siege-auto-axkid-one-plus-test-768x768.jpg 768w, https:\/\/www.monsiegeautobebe.fr\/wp-content\/uploads\/2021\/05\/siege-auto-axkid-one-plus-test.jpg 1000w\" sizes=\"(max-width: 100px) 100vw, 100px\" \/>Axkid One <\/a><\/center><\/td><td class=\"column-2\">i-Size (R129)<\/td><td class=\"column-3\">Fra 61 til 125 cm<br \/>\n(ca. 6 m\u00e5neder til 7 \u00e5r)<\/td><td class=\"column-4\"><center><img loading=\"lazy\" decoding=\"async\" src=\"https:\/\/monsiegeautobebe.fr\/wp-content\/uploads\/2019\/03\/icon-no.png\" alt=\"\" width=\"16\" height=\"16\" class=\"aligncenter size-full wp-image-693\" \/><\/center><\/td><td class=\"column-5\">ISOFIX med stag<\/td><td class=\"column-6\">Bakovervendt<\/td><td class=\"column-7\">VTI-0037<\/td><td class=\"column-8\"><a href=\"https:\/\/action.metaffiliation.com\/trk.php?mclic=P494DD5719952191&amp;redir=https%3A%2F%2Fwww.roseoubleu.fr%2Faxkid-siege-auto-one-i-size-tar-noir-a297159.html\" class=\"sc-button sc-button-default\" target=\"_blank\" rel=\"noopener\"><span>SE PRIS<\/span><\/a><\/td>\n<\/tr>\n<tr class=\"row-6\">\n\t<td class=\"column-1\"><center><a href=\"https:\/\/monsiegeautobebe.fr\/wp-content\/uploads\/2021\/05\/siege-auto-axkid-one-plus-test.jpg\"><img loading=\"lazy\" decoding=\"async\" src=\"https:\/\/monsiegeautobebe.fr\/wp-content\/uploads\/2021\/05\/siege-auto-axkid-one-plus-test-150x150.jpg\" alt=\"Plus Test-godkjent Axkid One-bilstol\" width=\"100\" height=\"100\" class=\"aligncenter size-thumbnail wp-image-4763\" srcset=\"https:\/\/www.monsiegeautobebe.fr\/wp-content\/uploads\/2021\/05\/siege-auto-axkid-one-plus-test-150x150.jpg 150w, https:\/\/www.monsiegeautobebe.fr\/wp-content\/uploads\/2021\/05\/siege-auto-axkid-one-plus-test-300x300.jpg 300w, https:\/\/www.monsiegeautobebe.fr\/wp-content\/uploads\/2021\/05\/siege-auto-axkid-one-plus-test-336x336.jpg 336w, https:\/\/www.monsiegeautobebe.fr\/wp-content\/uploads\/2021\/05\/siege-auto-axkid-one-plus-test-600x600.jpg 600w, https:\/\/www.monsiegeautobebe.fr\/wp-content\/uploads\/2021\/05\/siege-auto-axkid-one-plus-test-768x768.jpg 768w, https:\/\/www.monsiegeautobebe.fr\/wp-content\/uploads\/2021\/05\/siege-auto-axkid-one-plus-test.jpg 1000w\" sizes=\"(max-width: 100px) 100vw, 100px\" \/>Axkid One 2<\/a><\/center><\/td><td class=\"column-2\">i-Size (R129)<\/td><td class=\"column-3\">Fra 61 til 125 cm<br \/>\n(ca. 6 m\u00e5neder til 7 \u00e5r)<\/td><td class=\"column-4\"><center><img loading=\"lazy\" decoding=\"async\" src=\"https:\/\/monsiegeautobebe.fr\/wp-content\/uploads\/2019\/03\/icon-no.png\" alt=\"\" width=\"16\" height=\"16\" class=\"aligncenter size-full wp-image-693\" \/><\/center><\/td><td class=\"column-5\">ISOFIX med stag<\/td><td class=\"column-6\">Bakovervendt<\/td><td class=\"column-7\"><\/td><td class=\"column-8\"><\/td>\n<\/tr>\n<tr class=\"row-7\">\n\t<td class=\"column-1\"><center><a href=\"https:\/\/monsiegeautobebe.fr\/wp-content\/uploads\/2021\/05\/siege-auto-axkid-one-plus-test-1.jpg\"><img loading=\"lazy\" decoding=\"async\" src=\"https:\/\/monsiegeautobebe.fr\/wp-content\/uploads\/2021\/05\/siege-auto-axkid-one-plus-test-1-150x150.jpg\" alt=\"Plus Test-godkjent Axkid One+ bilbarnestol\" width=\"100\" height=\"100\" class=\"aligncenter size-thumbnail wp-image-4765\" srcset=\"https:\/\/www.monsiegeautobebe.fr\/wp-content\/uploads\/2021\/05\/siege-auto-axkid-one-plus-test-1-150x150.jpg 150w, https:\/\/www.monsiegeautobebe.fr\/wp-content\/uploads\/2021\/05\/siege-auto-axkid-one-plus-test-1-300x300.jpg 300w, https:\/\/www.monsiegeautobebe.fr\/wp-content\/uploads\/2021\/05\/siege-auto-axkid-one-plus-test-1-336x336.jpg 336w, https:\/\/www.monsiegeautobebe.fr\/wp-content\/uploads\/2021\/05\/siege-auto-axkid-one-plus-test-1-600x600.jpg 600w, https:\/\/www.monsiegeautobebe.fr\/wp-content\/uploads\/2021\/05\/siege-auto-axkid-one-plus-test-1-768x768.jpg 768w, https:\/\/www.monsiegeautobebe.fr\/wp-content\/uploads\/2021\/05\/siege-auto-axkid-one-plus-test-1.jpg 1000w\" sizes=\"(max-width: 100px) 100vw, 100px\" \/><br \/>\nAxkid One+<\/a><\/center><\/td><td class=\"column-2\">i-Size (R129)<\/td><td class=\"column-3\">Fra f\u00f8dsel til 125 cm<br \/>\n(ca. 7 \u00e5r gammel)<\/td><td class=\"column-4\"><center><img loading=\"lazy\" decoding=\"async\" src=\"https:\/\/monsiegeautobebe.fr\/wp-content\/uploads\/2019\/03\/icon-no.png\" alt=\"\" width=\"16\" height=\"16\" class=\"aligncenter size-full wp-image-693\" \/><\/center><\/td><td class=\"column-5\">ISOFIX med stag<\/td><td class=\"column-6\">Bakovervendt<\/td><td class=\"column-7\">VTI-0037<\/td><td class=\"column-8\"><a href=\"https:\/\/action.metaffiliation.com\/trk.php?mclic=P494DD5719952191&amp;redir=https%3A%2F%2Fwww.roseoubleu.fr%2Faxkid-siege-auto-one-i-size-tar-noir-a297150.html\" class=\"sc-button sc-button-default\" target=\"_blank\" rel=\"noopener\"><span>SE PRIS<\/span><\/a><\/td>\n<\/tr>\n<tr class=\"row-8\">\n\t<td class=\"column-1\"><center><a href=\"https:\/\/monsiegeautobebe.fr\/wp-content\/uploads\/2021\/05\/siege-auto-axkid-one-plus-test-1.jpg\"><img loading=\"lazy\" decoding=\"async\" src=\"https:\/\/monsiegeautobebe.fr\/wp-content\/uploads\/2021\/05\/siege-auto-axkid-one-plus-test-1-150x150.jpg\" alt=\"Plus Test-godkjent Axkid One+ bilbarnestol\" width=\"100\" height=\"100\" class=\"aligncenter size-thumbnail wp-image-4765\" srcset=\"https:\/\/www.monsiegeautobebe.fr\/wp-content\/uploads\/2021\/05\/siege-auto-axkid-one-plus-test-1-150x150.jpg 150w, https:\/\/www.monsiegeautobebe.fr\/wp-content\/uploads\/2021\/05\/siege-auto-axkid-one-plus-test-1-300x300.jpg 300w, https:\/\/www.monsiegeautobebe.fr\/wp-content\/uploads\/2021\/05\/siege-auto-axkid-one-plus-test-1-336x336.jpg 336w, https:\/\/www.monsiegeautobebe.fr\/wp-content\/uploads\/2021\/05\/siege-auto-axkid-one-plus-test-1-600x600.jpg 600w, https:\/\/www.monsiegeautobebe.fr\/wp-content\/uploads\/2021\/05\/siege-auto-axkid-one-plus-test-1-768x768.jpg 768w, https:\/\/www.monsiegeautobebe.fr\/wp-content\/uploads\/2021\/05\/siege-auto-axkid-one-plus-test-1.jpg 1000w\" sizes=\"(max-width: 100px) 100vw, 100px\" \/><br \/>\nAxkid One+ 2<\/a><\/center><\/td><td class=\"column-2\">i-Size (R129)<\/td><td class=\"column-3\">Fra f\u00f8dsel til 125 cm<br \/>\n(ca. 7 \u00e5r gammel)<\/td><td class=\"column-4\"><center><img loading=\"lazy\" decoding=\"async\" src=\"https:\/\/monsiegeautobebe.fr\/wp-content\/uploads\/2019\/03\/icon-no.png\" alt=\"\" width=\"16\" height=\"16\" class=\"aligncenter size-full wp-image-693\" \/><\/center><\/td><td class=\"column-5\">ISOFIX med stag<\/td><td class=\"column-6\">Bakovervendt<\/td><td class=\"column-7\"><\/td><td class=\"column-8\"><\/td>\n<\/tr>\n<tr class=\"row-9\">\n\t<td class=\"column-1\"><center><a href=\"https:\/\/monsiegeautobebe.fr\/wp-content\/uploads\/2019\/02\/siege-auto-axkid-minikid-plus-test.jpg\"><img loading=\"lazy\" decoding=\"async\" src=\"https:\/\/monsiegeautobebe.fr\/wp-content\/uploads\/2019\/02\/siege-auto-axkid-minikid-plus-test-150x150.jpg\" alt=\"Axkid Minikid babybilsete Plus Test holder\" width=\"100\" height=\"100\" class=\"aligncenter size-thumbnail wp-image-493\" srcset=\"https:\/\/www.monsiegeautobebe.fr\/wp-content\/uploads\/2019\/02\/siege-auto-axkid-minikid-plus-test-150x150.jpg 150w, https:\/\/www.monsiegeautobebe.fr\/wp-content\/uploads\/2019\/02\/siege-auto-axkid-minikid-plus-test-300x300.jpg 300w, https:\/\/www.monsiegeautobebe.fr\/wp-content\/uploads\/2019\/02\/siege-auto-axkid-minikid-plus-test-336x336.jpg 336w, https:\/\/www.monsiegeautobebe.fr\/wp-content\/uploads\/2019\/02\/siege-auto-axkid-minikid-plus-test-600x600.jpg 600w, https:\/\/www.monsiegeautobebe.fr\/wp-content\/uploads\/2019\/02\/siege-auto-axkid-minikid-plus-test-768x768.jpg 768w, https:\/\/www.monsiegeautobebe.fr\/wp-content\/uploads\/2019\/02\/siege-auto-axkid-minikid-plus-test-1024x1024.jpg 1024w, https:\/\/www.monsiegeautobebe.fr\/wp-content\/uploads\/2019\/02\/siege-auto-axkid-minikid-plus-test.jpg 1050w\" sizes=\"(max-width: 100px) 100vw, 100px\" \/>Axkid Minikid<\/a><\/center><\/td><td class=\"column-2\">R44\/04<\/td><td class=\"column-3\">Gruppe 1\/2<br \/>\n(9 - 25 kg)<\/td><td class=\"column-4\"><center><img loading=\"lazy\" decoding=\"async\" src=\"https:\/\/monsiegeautobebe.fr\/wp-content\/uploads\/2019\/03\/icon-no.png\" alt=\"\" width=\"16\" height=\"16\" class=\"aligncenter size-full wp-image-693\" \/><\/center><\/td><td class=\"column-5\">Sikkerhetsbelte med stag<\/td><td class=\"column-6\">Bakovervendt<\/td><td class=\"column-7\">VTI-0008<\/td><td class=\"column-8\"><a href=\"https:\/\/amzn.to\/2I1jpQf\" class=\"sc-button sc-button-default\" target=\"_blank\" rel=\"noopener\"><span>SE PRIS<\/span><\/a><\/td>\n<\/tr>\n<tr class=\"row-10\">\n\t<td class=\"column-1\"><center><a href=\"https:\/\/monsiegeautobebe.fr\/wp-content\/uploads\/2019\/02\/siege-auto-axkid-minikid-2-plus-test.jpg\"><img loading=\"lazy\" decoding=\"async\" src=\"https:\/\/monsiegeautobebe.fr\/wp-content\/uploads\/2019\/02\/siege-auto-axkid-minikid-2-plus-test-150x150.jpg\" alt=\"Babybilstol Axkid Minikid 2.0 sertifisert Plus Test\" width=\"100\" height=\"100\" class=\"aligncenter size-thumbnail wp-image-469\" srcset=\"https:\/\/www.monsiegeautobebe.fr\/wp-content\/uploads\/2019\/02\/siege-auto-axkid-minikid-2-plus-test-150x150.jpg 150w, https:\/\/www.monsiegeautobebe.fr\/wp-content\/uploads\/2019\/02\/siege-auto-axkid-minikid-2-plus-test-300x300.jpg 300w, https:\/\/www.monsiegeautobebe.fr\/wp-content\/uploads\/2019\/02\/siege-auto-axkid-minikid-2-plus-test-336x336.jpg 336w, https:\/\/www.monsiegeautobebe.fr\/wp-content\/uploads\/2019\/02\/siege-auto-axkid-minikid-2-plus-test-600x600.jpg 600w, https:\/\/www.monsiegeautobebe.fr\/wp-content\/uploads\/2019\/02\/siege-auto-axkid-minikid-2-plus-test-768x768.jpg 768w, https:\/\/www.monsiegeautobebe.fr\/wp-content\/uploads\/2019\/02\/siege-auto-axkid-minikid-2-plus-test-1024x1024.jpg 1024w, https:\/\/www.monsiegeautobebe.fr\/wp-content\/uploads\/2019\/02\/siege-auto-axkid-minikid-2-plus-test.jpg 1050w\" sizes=\"(max-width: 100px) 100vw, 100px\" \/>Axkid Minikid 2<\/a><\/center><\/td><td class=\"column-2\">R44\/04<\/td><td class=\"column-3\">Gruppe 0+\/1\/2<br \/>\n(F\u00f8dsel - 25 kg)<\/td><td class=\"column-4\"><center><img loading=\"lazy\" decoding=\"async\" src=\"https:\/\/monsiegeautobebe.fr\/wp-content\/uploads\/2019\/03\/icon-no.png\" alt=\"\" width=\"16\" height=\"16\" class=\"aligncenter size-full wp-image-693\" \/><\/center><\/td><td class=\"column-5\">Sikkerhetsbelte med stag<\/td><td class=\"column-6\">Bakovervendt<\/td><td class=\"column-7\"><\/td><td class=\"column-8\"><a href=\"https:\/\/action.metaffiliation.com\/trk.php?mclic=P494DD5719952191&amp;redir=https%3A%2F%2Fwww.roseoubleu.fr%2Faxkid-siege-auto-minikid-2-0-gr-0-1-shellfish-a292056.html\" class=\"sc-button sc-button-default\" target=\"_blank\" rel=\"noopener\"><span>SE PRIS<\/span><\/a><\/td>\n<\/tr>\n<tr class=\"row-11\">\n\t<td class=\"column-1\"><center><a href=\"https:\/\/monsiegeautobebe.fr\/wp-content\/uploads\/2022\/04\/axkid-minikid-3-plus-test.jpg\"><img loading=\"lazy\" decoding=\"async\" src=\"https:\/\/monsiegeautobebe.fr\/wp-content\/uploads\/2022\/04\/axkid-minikid-3-plus-test.jpg\" alt=\"axkid minikid 3 plus test\" width=\"100\" height=\"100\" class=\"aligncenter size-full wp-image-6143\" srcset=\"https:\/\/www.monsiegeautobebe.fr\/wp-content\/uploads\/2022\/04\/axkid-minikid-3-plus-test.jpg 1000w, https:\/\/www.monsiegeautobebe.fr\/wp-content\/uploads\/2022\/04\/axkid-minikid-3-plus-test-300x300.jpg 300w, https:\/\/www.monsiegeautobebe.fr\/wp-content\/uploads\/2022\/04\/axkid-minikid-3-plus-test-150x150.jpg 150w, https:\/\/www.monsiegeautobebe.fr\/wp-content\/uploads\/2022\/04\/axkid-minikid-3-plus-test-768x768.jpg 768w, https:\/\/www.monsiegeautobebe.fr\/wp-content\/uploads\/2022\/04\/axkid-minikid-3-plus-test-450x450.jpg 450w, https:\/\/www.monsiegeautobebe.fr\/wp-content\/uploads\/2022\/04\/axkid-minikid-3-plus-test-600x600.jpg 600w, https:\/\/www.monsiegeautobebe.fr\/wp-content\/uploads\/2022\/04\/axkid-minikid-3-plus-test-336x336.jpg 336w\" sizes=\"(max-width: 100px) 100vw, 100px\" \/>Axkid Minikid 3<\/center><\/a><\/td><td class=\"column-2\">i-Size (R129)<\/td><td class=\"column-3\">61 til 125 cm<br \/>\n(ca. 6 m\u00e5neder til 7 \u00e5r)<\/td><td class=\"column-4\"><center><img loading=\"lazy\" decoding=\"async\" src=\"https:\/\/monsiegeautobebe.fr\/wp-content\/uploads\/2019\/03\/icon-no.png\" alt=\"\" width=\"16\" height=\"16\" class=\"aligncenter size-full wp-image-693\" \/><\/center><\/td><td class=\"column-5\">Belte med stag og stropper<\/td><td class=\"column-6\">Bakovervendt<\/td><td class=\"column-7\">VTI-0041<\/td><td class=\"column-8\"><a href=\"https:\/\/tidd.ly\/3rV05c2\" class=\"sc-button sc-button-default\" target=\"_blank\" rel=\"noopener\"><span>SE PRIS<\/span><\/a><\/td>\n<\/tr>\n<tr class=\"row-12\">\n\t<td class=\"column-1\"><center><a href=\"https:\/\/monsiegeautobebe.fr\/wp-content\/uploads\/2022\/04\/axkid-modukid-plus-test.jpg\"><img loading=\"lazy\" decoding=\"async\" src=\"https:\/\/monsiegeautobebe.fr\/wp-content\/uploads\/2022\/04\/axkid-modukid-plus-test.jpg\" alt=\"axkid modukid plus test\" width=\"100\" height=\"100\" class=\"aligncenter size-full wp-image-6146\" srcset=\"https:\/\/www.monsiegeautobebe.fr\/wp-content\/uploads\/2022\/04\/axkid-modukid-plus-test.jpg 1000w, https:\/\/www.monsiegeautobebe.fr\/wp-content\/uploads\/2022\/04\/axkid-modukid-plus-test-300x300.jpg 300w, https:\/\/www.monsiegeautobebe.fr\/wp-content\/uploads\/2022\/04\/axkid-modukid-plus-test-150x150.jpg 150w, https:\/\/www.monsiegeautobebe.fr\/wp-content\/uploads\/2022\/04\/axkid-modukid-plus-test-768x768.jpg 768w, https:\/\/www.monsiegeautobebe.fr\/wp-content\/uploads\/2022\/04\/axkid-modukid-plus-test-450x450.jpg 450w, https:\/\/www.monsiegeautobebe.fr\/wp-content\/uploads\/2022\/04\/axkid-modukid-plus-test-600x600.jpg 600w, https:\/\/www.monsiegeautobebe.fr\/wp-content\/uploads\/2022\/04\/axkid-modukid-plus-test-336x336.jpg 336w\" sizes=\"(max-width: 100px) 100vw, 100px\" \/>Axkid Modukid<\/a><\/center><\/td><td class=\"column-2\">i-Size (R129)<\/td><td class=\"column-3\">61 til 125 cm<br \/>\n(ca. 6 m\u00e5neder til 7 \u00e5r)<\/td><td class=\"column-4\"><center><img loading=\"lazy\" decoding=\"async\" src=\"https:\/\/monsiegeautobebe.fr\/wp-content\/uploads\/2019\/03\/icon-no.png\" alt=\"\" width=\"16\" height=\"16\" class=\"aligncenter size-full wp-image-693\" \/><\/center><\/td><td class=\"column-5\">Base Axkid Modukid<\/td><td class=\"column-6\">Bakovervendt<\/td><td class=\"column-7\">VTI-0032<\/td><td class=\"column-8\"><a href=\"https:\/\/action.metaffiliation.com\/trk.php?mclic=P494DD5719952191&amp;redir=https%3A%2F%2Fwww.roseoubleu.fr%2Faxkid-siege-auto-modukid-i-size-sea-blue-a330954.html\" class=\"sc-button sc-button-default\" target=\"_blank\" rel=\"noopener\"><span>SE PRIS<\/span><\/a><\/td>\n<\/tr>\n<tr class=\"row-13\">\n\t<td class=\"column-1\"><center><a href=\"https:\/\/monsiegeautobebe.fr\/wp-content\/uploads\/2019\/09\/siege-auto-axkid-move-plus-test.jpg\"><img loading=\"lazy\" decoding=\"async\" src=\"https:\/\/monsiegeautobebe.fr\/wp-content\/uploads\/2019\/09\/siege-auto-axkid-move-plus-test-150x150.jpg\" alt=\"Axkid Move bilbarnestol Plus Test-godkjent\" width=\"100\" height=\"100\" class=\"aligncenter size-thumbnail wp-image-1039\" srcset=\"https:\/\/www.monsiegeautobebe.fr\/wp-content\/uploads\/2019\/09\/siege-auto-axkid-move-plus-test-150x150.jpg 150w, https:\/\/www.monsiegeautobebe.fr\/wp-content\/uploads\/2019\/09\/siege-auto-axkid-move-plus-test-300x300.jpg 300w, https:\/\/www.monsiegeautobebe.fr\/wp-content\/uploads\/2019\/09\/siege-auto-axkid-move-plus-test-336x336.jpg 336w, https:\/\/www.monsiegeautobebe.fr\/wp-content\/uploads\/2019\/09\/siege-auto-axkid-move-plus-test-600x600.jpg 600w, https:\/\/www.monsiegeautobebe.fr\/wp-content\/uploads\/2019\/09\/siege-auto-axkid-move-plus-test-768x768.jpg 768w, https:\/\/www.monsiegeautobebe.fr\/wp-content\/uploads\/2019\/09\/siege-auto-axkid-move-plus-test-1024x1024.jpg 1024w, https:\/\/www.monsiegeautobebe.fr\/wp-content\/uploads\/2019\/09\/siege-auto-axkid-move-plus-test.jpg 1050w\" sizes=\"(max-width: 100px) 100vw, 100px\" \/>Axkid Move \/ Wolmax<\/a><\/center><\/td><td class=\"column-2\">R44\/04<\/td><td class=\"column-3\">Gruppe 1\/2<br \/>\n(9 - 25 kg)<\/td><td class=\"column-4\"><center><img loading=\"lazy\" decoding=\"async\" src=\"https:\/\/monsiegeautobebe.fr\/wp-content\/uploads\/2019\/03\/icon-no.png\" alt=\"\" width=\"16\" height=\"16\" class=\"aligncenter size-full wp-image-693\" \/><\/center><\/td><td class=\"column-5\">Sikkerhetsbelter<\/td><td class=\"column-6\">Bakovervendt<\/td><td class=\"column-7\">VTI-0018<\/td><td class=\"column-8\"><a href=\"https:\/\/action.metaffiliation.com\/trk.php?mclic=P494DD5719952191&amp;redir=https%3A%2F%2Fwww.roseoubleu.fr%2Faxkid-siege-auto-move-gris-a243103.html\" class=\"sc-button sc-button-default\" target=\"_blank\" rel=\"noopener\"><span>SE PRIS<\/span><\/a><\/td>\n<\/tr>\n<tr class=\"row-14\">\n\t<td class=\"column-1\"><center><a href=\"https:\/\/monsiegeautobebe.fr\/wp-content\/uploads\/2019\/02\/siege-auto-axkid-rekid-plus-test.jpg\"><img loading=\"lazy\" decoding=\"async\" src=\"https:\/\/monsiegeautobebe.fr\/wp-content\/uploads\/2019\/02\/siege-auto-axkid-rekid-plus-test-150x150.jpg\" alt=\"Axkid Rekid sertifisert Plus Test bilbarnestol for baby\" width=\"100\" height=\"100\" class=\"aligncenter size-thumbnail wp-image-470\" srcset=\"https:\/\/www.monsiegeautobebe.fr\/wp-content\/uploads\/2019\/02\/siege-auto-axkid-rekid-plus-test-150x150.jpg 150w, https:\/\/www.monsiegeautobebe.fr\/wp-content\/uploads\/2019\/02\/siege-auto-axkid-rekid-plus-test-300x300.jpg 300w, https:\/\/www.monsiegeautobebe.fr\/wp-content\/uploads\/2019\/02\/siege-auto-axkid-rekid-plus-test-336x336.jpg 336w, https:\/\/www.monsiegeautobebe.fr\/wp-content\/uploads\/2019\/02\/siege-auto-axkid-rekid-plus-test-600x600.jpg 600w, https:\/\/www.monsiegeautobebe.fr\/wp-content\/uploads\/2019\/02\/siege-auto-axkid-rekid-plus-test-768x768.jpg 768w, https:\/\/www.monsiegeautobebe.fr\/wp-content\/uploads\/2019\/02\/siege-auto-axkid-rekid-plus-test-1024x1024.jpg 1024w, https:\/\/www.monsiegeautobebe.fr\/wp-content\/uploads\/2019\/02\/siege-auto-axkid-rekid-plus-test.jpg 1050w\" sizes=\"(max-width: 100px) 100vw, 100px\" \/>Axkid Rekid<\/a><\/center><\/td><td class=\"column-2\">R44\/04<\/td><td class=\"column-3\">Gruppe 1\/2<br \/>\n(9 - 25 kg)<\/td><td class=\"column-4\"><center><img loading=\"lazy\" decoding=\"async\" src=\"https:\/\/monsiegeautobebe.fr\/wp-content\/uploads\/2019\/03\/icon-no.png\" alt=\"\" width=\"16\" height=\"16\" class=\"aligncenter size-full wp-image-693\" \/><\/center><\/td><td class=\"column-5\">ISOFIX med stag og stropper) eller sikkerhetsbelte opp til 18 kg, deretter kun sikkerhetsbelte opp til 25 kg.<\/td><td class=\"column-6\">Bakovervendt<\/td><td class=\"column-7\">VTI-0013<\/td><td class=\"column-8\"><a href=\"https:\/\/action.metaffiliation.com\/trk.php?mclic=P494DD5719952191&amp;redir=https%3A%2F%2Fwww.roseoubleu.fr%2Faxkid-siege-auto-rekid-new-edition-gris-a199641.html\" class=\"sc-button sc-button-default\" target=\"_blank\" rel=\"noopener\"><span>SE PRIS<\/span><\/a><\/td>\n<\/tr>\n<tr class=\"row-15\">\n\t<td class=\"column-1\"><center><a href=\"https:\/\/monsiegeautobebe.fr\/wp-content\/uploads\/2019\/02\/siege-auto-besafe-izi-kid-x1-i-size-plus-test.jpg\"><img loading=\"lazy\" decoding=\"async\" src=\"https:\/\/monsiegeautobebe.fr\/wp-content\/uploads\/2019\/02\/siege-auto-besafe-izi-kid-x1-i-size-plus-test-150x150.jpg\" alt=\"BeSafe iZi Kid X1 i-Size bilbarnestol Plus Test holder\" width=\"100\" height=\"100\" class=\"aligncenter size-thumbnail wp-image-503\" srcset=\"https:\/\/www.monsiegeautobebe.fr\/wp-content\/uploads\/2019\/02\/siege-auto-besafe-izi-kid-x1-i-size-plus-test-150x150.jpg 150w, https:\/\/www.monsiegeautobebe.fr\/wp-content\/uploads\/2019\/02\/siege-auto-besafe-izi-kid-x1-i-size-plus-test-300x300.jpg 300w, https:\/\/www.monsiegeautobebe.fr\/wp-content\/uploads\/2019\/02\/siege-auto-besafe-izi-kid-x1-i-size-plus-test-336x336.jpg 336w, https:\/\/www.monsiegeautobebe.fr\/wp-content\/uploads\/2019\/02\/siege-auto-besafe-izi-kid-x1-i-size-plus-test-600x600.jpg 600w, https:\/\/www.monsiegeautobebe.fr\/wp-content\/uploads\/2019\/02\/siege-auto-besafe-izi-kid-x1-i-size-plus-test-768x768.jpg 768w, https:\/\/www.monsiegeautobebe.fr\/wp-content\/uploads\/2019\/02\/siege-auto-besafe-izi-kid-x1-i-size-plus-test-1024x1024.jpg 1024w, https:\/\/www.monsiegeautobebe.fr\/wp-content\/uploads\/2019\/02\/siege-auto-besafe-izi-kid-x1-i-size-plus-test.jpg 1050w\" sizes=\"(max-width: 100px) 100vw, 100px\" \/>BeSafe iZi Kid X1 i-Size<\/a><\/center><\/td><td class=\"column-2\">i-Size (R129)<\/td><td class=\"column-3\">Fra 61 til 105 cm<br \/>\n(ca. 6 m\u00e5neder til 4 \u00e5r)<\/td><td class=\"column-4\"><center><img loading=\"lazy\" decoding=\"async\" src=\"https:\/\/monsiegeautobebe.fr\/wp-content\/uploads\/2019\/03\/icon-no.png\" alt=\"\" width=\"16\" height=\"16\" class=\"aligncenter size-full wp-image-693\" \/><\/center><\/td><td class=\"column-5\">ISOFIX med stag<\/td><td class=\"column-6\">Bakovervendt<\/td><td class=\"column-7\">VTI-0011<\/td><td class=\"column-8\"><\/td>\n<\/tr>\n<tr class=\"row-16\">\n\t<td class=\"column-1\"><center><a href=\"https:\/\/monsiegeautobebe.fr\/wp-content\/uploads\/2019\/02\/siege-auto-besafe-izi-kid-x3-isofix-plus-test.jpg\"><img loading=\"lazy\" decoding=\"async\" src=\"https:\/\/monsiegeautobebe.fr\/wp-content\/uploads\/2019\/02\/siege-auto-besafe-izi-kid-x3-isofix-plus-test-150x150.jpg\" alt=\"BeSafe iZi Kid X1 ISOFIX-sertifisert Plus Test bilbarnestol for barn\" width=\"100\" height=\"100\" class=\"aligncenter size-thumbnail wp-image-499\" srcset=\"https:\/\/www.monsiegeautobebe.fr\/wp-content\/uploads\/2019\/02\/siege-auto-besafe-izi-kid-x3-isofix-plus-test-150x150.jpg 150w, https:\/\/www.monsiegeautobebe.fr\/wp-content\/uploads\/2019\/02\/siege-auto-besafe-izi-kid-x3-isofix-plus-test-300x300.jpg 300w, https:\/\/www.monsiegeautobebe.fr\/wp-content\/uploads\/2019\/02\/siege-auto-besafe-izi-kid-x3-isofix-plus-test-336x336.jpg 336w, https:\/\/www.monsiegeautobebe.fr\/wp-content\/uploads\/2019\/02\/siege-auto-besafe-izi-kid-x3-isofix-plus-test-600x600.jpg 600w, https:\/\/www.monsiegeautobebe.fr\/wp-content\/uploads\/2019\/02\/siege-auto-besafe-izi-kid-x3-isofix-plus-test-768x768.jpg 768w, https:\/\/www.monsiegeautobebe.fr\/wp-content\/uploads\/2019\/02\/siege-auto-besafe-izi-kid-x3-isofix-plus-test-1024x1024.jpg 1024w, https:\/\/www.monsiegeautobebe.fr\/wp-content\/uploads\/2019\/02\/siege-auto-besafe-izi-kid-x3-isofix-plus-test.jpg 1050w\" sizes=\"(max-width: 100px) 100vw, 100px\" \/>BeSafe iZi Kid X1 ISOfix<\/a><\/center><\/td><td class=\"column-2\">R44\/04<\/td><td class=\"column-3\">Gruppe 0+\/1<br \/>\n(F\u00f8dsel - 18 kg)<\/td><td class=\"column-4\"><center><img loading=\"lazy\" decoding=\"async\" src=\"https:\/\/monsiegeautobebe.fr\/wp-content\/uploads\/2019\/03\/icon-no.png\" alt=\"\" width=\"16\" height=\"16\" class=\"aligncenter size-full wp-image-693\" \/><\/center><\/td><td class=\"column-5\">ISOFIX med stag<\/td><td class=\"column-6\">Bakovervendt<\/td><td class=\"column-7\">VTI-0002<\/td><td class=\"column-8\"><\/td>\n<\/tr>\n<tr class=\"row-17\">\n\t<td class=\"column-1\"><center><a href=\"https:\/\/monsiegeautobebe.fr\/wp-content\/uploads\/2019\/02\/siege-auto-besafe-izi-kid-x2-plus-test.jpg\"><img loading=\"lazy\" decoding=\"async\" src=\"https:\/\/monsiegeautobebe.fr\/wp-content\/uploads\/2019\/02\/siege-auto-besafe-izi-kid-x2-plus-test-150x150.jpg\" alt=\"beSafe iZi Kid X2 Plus Test bilbarnestol for barn\" width=\"100\" height=\"100\" class=\"aligncenter size-thumbnail wp-image-471\" srcset=\"https:\/\/www.monsiegeautobebe.fr\/wp-content\/uploads\/2019\/02\/siege-auto-besafe-izi-kid-x2-plus-test-150x150.jpg 150w, https:\/\/www.monsiegeautobebe.fr\/wp-content\/uploads\/2019\/02\/siege-auto-besafe-izi-kid-x2-plus-test-300x300.jpg 300w, https:\/\/www.monsiegeautobebe.fr\/wp-content\/uploads\/2019\/02\/siege-auto-besafe-izi-kid-x2-plus-test-336x336.jpg 336w, https:\/\/www.monsiegeautobebe.fr\/wp-content\/uploads\/2019\/02\/siege-auto-besafe-izi-kid-x2-plus-test-600x600.jpg 600w, https:\/\/www.monsiegeautobebe.fr\/wp-content\/uploads\/2019\/02\/siege-auto-besafe-izi-kid-x2-plus-test-768x768.jpg 768w, https:\/\/www.monsiegeautobebe.fr\/wp-content\/uploads\/2019\/02\/siege-auto-besafe-izi-kid-x2-plus-test-1024x1024.jpg 1024w, https:\/\/www.monsiegeautobebe.fr\/wp-content\/uploads\/2019\/02\/siege-auto-besafe-izi-kid-x2-plus-test.jpg 1050w\" sizes=\"(max-width: 100px) 100vw, 100px\" \/>BeSafe iZi Kid X2 i-Size<\/a><\/center><\/td><td class=\"column-2\">i-Size (R129)<\/td><td class=\"column-3\">Fra 61 til 105 cm<br \/>\n(ca. 6 m\u00e5neder til 4 \u00e5r)<\/td><td class=\"column-4\"><center><img loading=\"lazy\" decoding=\"async\" src=\"https:\/\/monsiegeautobebe.fr\/wp-content\/uploads\/2019\/03\/icon-no.png\" alt=\"\" width=\"16\" height=\"16\" class=\"aligncenter size-full wp-image-693\" \/><\/center><\/td><td class=\"column-5\">ISOFIX med stag<\/td><td class=\"column-6\">Bakovervendt<\/td><td class=\"column-7\">VTI-0011<\/td><td class=\"column-8\"><a href=\"https:\/\/www.aubert.com\/p\/01096723\/izi-kid-x2-i-size-metallic-melange-besafe\" class=\"sc-button sc-button-default\" target=\"_blank\" rel=\"noopener\"><span>SE PRIS<\/span><\/a><\/td>\n<\/tr>\n<tr class=\"row-18\">\n\t<td class=\"column-1\"><center><a href=\"https:\/\/monsiegeautobebe.fr\/wp-content\/uploads\/2019\/11\/siege-auto-besafe-izi-kid-x3-plus-test.jpg\"><img loading=\"lazy\" decoding=\"async\" src=\"https:\/\/monsiegeautobebe.fr\/wp-content\/uploads\/2019\/11\/siege-auto-besafe-izi-kid-x3-plus-test-150x150.jpg\" alt=\"BeSafe iZi Kid X3 bilbarnestol\" width=\"100\" height=\"100\" class=\"aligncenter size-thumbnail wp-image-2015\" srcset=\"https:\/\/www.monsiegeautobebe.fr\/wp-content\/uploads\/2019\/11\/siege-auto-besafe-izi-kid-x3-plus-test-150x150.jpg 150w, https:\/\/www.monsiegeautobebe.fr\/wp-content\/uploads\/2019\/11\/siege-auto-besafe-izi-kid-x3-plus-test-300x300.jpg 300w, https:\/\/www.monsiegeautobebe.fr\/wp-content\/uploads\/2019\/11\/siege-auto-besafe-izi-kid-x3-plus-test-336x336.jpg 336w, https:\/\/www.monsiegeautobebe.fr\/wp-content\/uploads\/2019\/11\/siege-auto-besafe-izi-kid-x3-plus-test-600x600.jpg 600w, https:\/\/www.monsiegeautobebe.fr\/wp-content\/uploads\/2019\/11\/siege-auto-besafe-izi-kid-x3-plus-test-768x768.jpg 768w, https:\/\/www.monsiegeautobebe.fr\/wp-content\/uploads\/2019\/11\/siege-auto-besafe-izi-kid-x3-plus-test.jpg 1000w\" sizes=\"(max-width: 100px) 100vw, 100px\" \/>BeSafe iZi Kid X3 i-Size<\/a><\/center><\/td><td class=\"column-2\">i-Size (R129)<\/td><td class=\"column-3\">Fra 61 til 105 cm<br \/>\n(ca. 6 m\u00e5neder til 4 \u00e5r)<\/td><td class=\"column-4\"><center><img loading=\"lazy\" decoding=\"async\" src=\"https:\/\/monsiegeautobebe.fr\/wp-content\/uploads\/2019\/03\/icon-no.png\" alt=\"\" width=\"16\" height=\"16\" class=\"aligncenter size-full wp-image-693\" \/><\/center><\/td><td class=\"column-5\">ISOFIX med stag<\/td><td class=\"column-6\">Bakovervendt<\/td><td class=\"column-7\">VTI-0011<\/td><td class=\"column-8\"><a href=\"https:\/\/action.metaffiliation.com\/trk.php?mclic=P4F9AB571995171&amp;redir=https%3A%2F%2Fwww.allobebe.fr%2Fsiege-auto-izi-kid-x3-i-size-G3586-1.html\" class=\"sc-button sc-button-default\" target=\"_blank\" rel=\"noopener\"><span>SE PRIS<\/span><\/a><\/td>\n<\/tr>\n<tr class=\"row-19\">\n\t<td class=\"column-1\"><center><a href=\"https:\/\/monsiegeautobebe.fr\/wp-content\/uploads\/2019\/02\/siege-auto-besafe-izi-modular-rear-facing-plus-test.jpg\"><img loading=\"lazy\" decoding=\"async\" src=\"https:\/\/monsiegeautobebe.fr\/wp-content\/uploads\/2019\/02\/siege-auto-besafe-izi-modular-rear-facing-plus-test-150x150.jpg\" alt=\"BeSafe iZi Modular bakovervendt bilbarnestol sertifisert av Plus Test\" width=\"100\" height=\"100\" class=\"aligncenter size-thumbnail wp-image-472\" srcset=\"https:\/\/www.monsiegeautobebe.fr\/wp-content\/uploads\/2019\/02\/siege-auto-besafe-izi-modular-rear-facing-plus-test-150x150.jpg 150w, https:\/\/www.monsiegeautobebe.fr\/wp-content\/uploads\/2019\/02\/siege-auto-besafe-izi-modular-rear-facing-plus-test-300x300.jpg 300w, https:\/\/www.monsiegeautobebe.fr\/wp-content\/uploads\/2019\/02\/siege-auto-besafe-izi-modular-rear-facing-plus-test-336x336.jpg 336w, https:\/\/www.monsiegeautobebe.fr\/wp-content\/uploads\/2019\/02\/siege-auto-besafe-izi-modular-rear-facing-plus-test-600x600.jpg 600w, https:\/\/www.monsiegeautobebe.fr\/wp-content\/uploads\/2019\/02\/siege-auto-besafe-izi-modular-rear-facing-plus-test-768x768.jpg 768w, https:\/\/www.monsiegeautobebe.fr\/wp-content\/uploads\/2019\/02\/siege-auto-besafe-izi-modular-rear-facing-plus-test-1024x1024.jpg 1024w, https:\/\/www.monsiegeautobebe.fr\/wp-content\/uploads\/2019\/02\/siege-auto-besafe-izi-modular-rear-facing-plus-test.jpg 1050w\" sizes=\"(max-width: 100px) 100vw, 100px\" \/>BeSafe iZi modul\u00e6r RF i-Size<\/a><\/center><\/td><td class=\"column-2\">i-Size (R129)<\/td><td class=\"column-3\">Fra 61 til 105 cm<br \/>\n(ca. 6 m\u00e5neder til 4 \u00e5r)<\/td><td class=\"column-4\"><center><img loading=\"lazy\" decoding=\"async\" src=\"https:\/\/monsiegeautobebe.fr\/wp-content\/uploads\/2019\/03\/icon-no.png\" alt=\"\" width=\"16\" height=\"16\" class=\"aligncenter size-full wp-image-693\" \/><\/center><\/td><td class=\"column-5\"><a href=\"https:\/\/c3po.link\/QJYaQnUTTr\" rel=\"noopener nofollow noreferrer\" target=\"_blank\">iZi Modular i-Size Base<\/a> med stag<\/td><td class=\"column-6\">Bakovervendt<\/td><td class=\"column-7\">VTI-0017<\/td><td class=\"column-8\"><\/td>\n<\/tr>\n<tr class=\"row-20\">\n\t<td class=\"column-1\"><center><a href=\"https:\/\/monsiegeautobebe.fr\/wp-content\/uploads\/2020\/07\/siege-auto-besafe-izi-modular-rear-facing-X1-plus-test.jpg\"><img loading=\"lazy\" decoding=\"async\" src=\"https:\/\/monsiegeautobebe.fr\/wp-content\/uploads\/2020\/07\/siege-auto-besafe-izi-modular-rear-facing-X1-plus-test-150x150.jpg\" alt=\"BeSafe iZi Modular RF X1 bilbarnestol\" width=\"100\" height=\"100\" class=\"aligncenter size-thumbnail wp-image-3025\" srcset=\"https:\/\/www.monsiegeautobebe.fr\/wp-content\/uploads\/2020\/07\/siege-auto-besafe-izi-modular-rear-facing-X1-plus-test-150x150.jpg 150w, https:\/\/www.monsiegeautobebe.fr\/wp-content\/uploads\/2020\/07\/siege-auto-besafe-izi-modular-rear-facing-X1-plus-test-300x300.jpg 300w, https:\/\/www.monsiegeautobebe.fr\/wp-content\/uploads\/2020\/07\/siege-auto-besafe-izi-modular-rear-facing-X1-plus-test-336x336.jpg 336w, https:\/\/www.monsiegeautobebe.fr\/wp-content\/uploads\/2020\/07\/siege-auto-besafe-izi-modular-rear-facing-X1-plus-test-600x600.jpg 600w, https:\/\/www.monsiegeautobebe.fr\/wp-content\/uploads\/2020\/07\/siege-auto-besafe-izi-modular-rear-facing-X1-plus-test-768x768.jpg 768w, https:\/\/www.monsiegeautobebe.fr\/wp-content\/uploads\/2020\/07\/siege-auto-besafe-izi-modular-rear-facing-X1-plus-test.jpg 1000w\" sizes=\"(max-width: 100px) 100vw, 100px\" \/>BeSafe iZi Modular RF X1 i-Size<\/a><\/center><\/td><td class=\"column-2\">i-Size (R129)<\/td><td class=\"column-3\">Fra 61 til 105 cm<br \/>\n(ca. 6 m\u00e5neder til 4 \u00e5r)<\/td><td class=\"column-4\"><center><img loading=\"lazy\" decoding=\"async\" src=\"https:\/\/monsiegeautobebe.fr\/wp-content\/uploads\/2019\/03\/icon-no.png\" alt=\"\" width=\"16\" height=\"16\" class=\"aligncenter size-full wp-image-693\" \/><\/center><\/td><td class=\"column-5\"><a href=\"https:\/\/c3po.link\/QJYaQnUTTr\" rel=\"noopener nofollow noreferrer\" target=\"_blank\">iZi Modular i-Size Base<\/a> med stag<\/td><td class=\"column-6\">Bakovervendt<\/td><td class=\"column-7\"><\/td><td class=\"column-8\"><a href=\"https:\/\/action.metaffiliation.com\/trk.php?mclic=P494DD5719952191&amp;redir=https%3A%2F%2Fwww.roseoubleu.fr%2Fbesafe-siege-auto-izi-modular-i-size-rf-x1-sea-green-melange-2020-a286993.html\" class=\"sc-button sc-button-default\" target=\"_blank\" rel=\"noopener\"><span>SE PRIS<\/span><\/a><\/td>\n<\/tr>\n<tr class=\"row-21\">\n\t<td class=\"column-1\"><center><a href=\"https:\/\/monsiegeautobebe.fr\/wp-content\/uploads\/2022\/04\/besafe-izi-plus-plus-test.jpg\"><img loading=\"lazy\" decoding=\"async\" src=\"https:\/\/monsiegeautobebe.fr\/wp-content\/uploads\/2022\/04\/besafe-izi-plus-plus-test.jpg\" alt=\"besafe izi plus plus test\" width=\"100\" height=\"100\" class=\"aligncenter size-full wp-image-6149\" srcset=\"https:\/\/www.monsiegeautobebe.fr\/wp-content\/uploads\/2022\/04\/besafe-izi-plus-plus-test.jpg 1000w, https:\/\/www.monsiegeautobebe.fr\/wp-content\/uploads\/2022\/04\/besafe-izi-plus-plus-test-300x300.jpg 300w, https:\/\/www.monsiegeautobebe.fr\/wp-content\/uploads\/2022\/04\/besafe-izi-plus-plus-test-150x150.jpg 150w, https:\/\/www.monsiegeautobebe.fr\/wp-content\/uploads\/2022\/04\/besafe-izi-plus-plus-test-768x768.jpg 768w, https:\/\/www.monsiegeautobebe.fr\/wp-content\/uploads\/2022\/04\/besafe-izi-plus-plus-test-450x450.jpg 450w, https:\/\/www.monsiegeautobebe.fr\/wp-content\/uploads\/2022\/04\/besafe-izi-plus-plus-test-600x600.jpg 600w, https:\/\/www.monsiegeautobebe.fr\/wp-content\/uploads\/2022\/04\/besafe-izi-plus-plus-test-336x336.jpg 336w\" sizes=\"(max-width: 100px) 100vw, 100px\" \/>BeSafe iZi Plus<\/center><\/a><\/td><td class=\"column-2\">R44\/04<\/td><td class=\"column-3\">Gruppe 0+\/1\/2<br \/>\n(F\u00f8dsel - 25 kg)<\/td><td class=\"column-4\"><center><img loading=\"lazy\" decoding=\"async\" src=\"https:\/\/monsiegeautobebe.fr\/wp-content\/uploads\/2019\/03\/icon-no.png\" alt=\"\" width=\"16\" height=\"16\" class=\"aligncenter size-full wp-image-693\" \/><\/center><\/td><td class=\"column-5\">Sikkerhetsbelte med stag <\/td><td class=\"column-6\">Bakovervendt<\/td><td class=\"column-7\">VTI-0010<\/td><td class=\"column-8\"><\/td>\n<\/tr>\n<tr class=\"row-22\">\n\t<td class=\"column-1\"><center><a href=\"https:\/\/monsiegeautobebe.fr\/wp-content\/uploads\/2019\/02\/siege-auto-besafe-izi-plus-plus-test.jpg\"><img loading=\"lazy\" decoding=\"async\" src=\"https:\/\/monsiegeautobebe.fr\/wp-content\/uploads\/2019\/02\/siege-auto-besafe-izi-plus-plus-test-150x150.jpg\" alt=\"BeSafe iZi Plus X1 bilbarnestolholder i Plus-testen\" width=\"100\" height=\"100\" class=\"aligncenter size-thumbnail wp-image-473\" srcset=\"https:\/\/www.monsiegeautobebe.fr\/wp-content\/uploads\/2019\/02\/siege-auto-besafe-izi-plus-plus-test-150x150.jpg 150w, https:\/\/www.monsiegeautobebe.fr\/wp-content\/uploads\/2019\/02\/siege-auto-besafe-izi-plus-plus-test-300x300.jpg 300w, https:\/\/www.monsiegeautobebe.fr\/wp-content\/uploads\/2019\/02\/siege-auto-besafe-izi-plus-plus-test-768x768.jpg 768w, https:\/\/www.monsiegeautobebe.fr\/wp-content\/uploads\/2019\/02\/siege-auto-besafe-izi-plus-plus-test-450x450.jpg 450w, https:\/\/www.monsiegeautobebe.fr\/wp-content\/uploads\/2019\/02\/siege-auto-besafe-izi-plus-plus-test-600x600.jpg 600w, https:\/\/www.monsiegeautobebe.fr\/wp-content\/uploads\/2019\/02\/siege-auto-besafe-izi-plus-plus-test-336x336.jpg 336w, https:\/\/www.monsiegeautobebe.fr\/wp-content\/uploads\/2019\/02\/siege-auto-besafe-izi-plus-plus-test.jpg 1000w\" sizes=\"(max-width: 100px) 100vw, 100px\" \/>BeSafe iZi Plus X1<\/a><\/center><\/td><td class=\"column-2\">R44\/04<\/td><td class=\"column-3\">Gruppe 0+\/1\/2<br \/>\n(F\u00f8dsel - 25 kg)<\/td><td class=\"column-4\"><center><img loading=\"lazy\" decoding=\"async\" src=\"https:\/\/monsiegeautobebe.fr\/wp-content\/uploads\/2019\/03\/icon-no.png\" alt=\"\" width=\"16\" height=\"16\" class=\"aligncenter size-full wp-image-693\" \/><\/center><\/td><td class=\"column-5\">Sikkerhetsbelte med stag <\/td><td class=\"column-6\">Bakovervendt<\/td><td class=\"column-7\">VTI-0010<\/td><td class=\"column-8\"><a href=\"https:\/\/action.metaffiliation.com\/trk.php?mclic=P494DD5719952191&amp;redir=https%3A%2F%2Fwww.roseoubleu.fr%2Fbesafe-siege-auto-izi-plus-x1-fresh-black-cab-a272732.html\" class=\"sc-button sc-button-default\" target=\"_blank\" rel=\"noopener\"><span>SE PRIS<\/span><\/a><\/td>\n<\/tr>\n<tr class=\"row-23\">\n\t<td class=\"column-1\"><center><a href=\"https:\/\/monsiegeautobebe.fr\/wp-content\/uploads\/2019\/11\/siege-auto-besafe-izi-twist-i-size.jpg\"><img loading=\"lazy\" decoding=\"async\" src=\"https:\/\/monsiegeautobebe.fr\/wp-content\/uploads\/2019\/11\/siege-auto-besafe-izi-twist-i-size-150x150.jpg\" alt=\"BeSafe iZi Twist i-Size-bilbarnestol\" width=\"100\" height=\"100\" class=\"aligncenter size-thumbnail wp-image-1807\" srcset=\"https:\/\/www.monsiegeautobebe.fr\/wp-content\/uploads\/2019\/11\/siege-auto-besafe-izi-twist-i-size-150x150.jpg 150w, https:\/\/www.monsiegeautobebe.fr\/wp-content\/uploads\/2019\/11\/siege-auto-besafe-izi-twist-i-size-300x300.jpg 300w, https:\/\/www.monsiegeautobebe.fr\/wp-content\/uploads\/2019\/11\/siege-auto-besafe-izi-twist-i-size-336x336.jpg 336w, https:\/\/www.monsiegeautobebe.fr\/wp-content\/uploads\/2019\/11\/siege-auto-besafe-izi-twist-i-size-600x600.jpg 600w, https:\/\/www.monsiegeautobebe.fr\/wp-content\/uploads\/2019\/11\/siege-auto-besafe-izi-twist-i-size-768x768.jpg 768w, https:\/\/www.monsiegeautobebe.fr\/wp-content\/uploads\/2019\/11\/siege-auto-besafe-izi-twist-i-size.jpg 1000w\" sizes=\"(max-width: 100px) 100vw, 100px\" \/>BeSafe iZi Twist i-Size<\/a><\/center><\/td><td class=\"column-2\">i-Size (R129)<\/td><td class=\"column-3\">Fra 61 til 105 cm<br \/>\n(ca. 6 m\u00e5neder til 4 \u00e5r)<\/td><td class=\"column-4\"><center><img loading=\"lazy\" decoding=\"async\" src=\"https:\/\/monsiegeautobebe.fr\/wp-content\/uploads\/2019\/03\/icon-yes.png\" alt=\"\" width=\"16\" height=\"16\" class=\"aligncenter size-full wp-image-693\" \/><\/center><\/td><td class=\"column-5\">ISOFIX med stag<\/td><td class=\"column-6\">Bakovervendt<\/td><td class=\"column-7\">VTI-0025<\/td><td class=\"column-8\"><a href=\"https:\/\/action.metaffiliation.com\/trk.php?mclic=P494DD5719952191&amp;redir=https%3A%2F%2Fwww.roseoubleu.fr%2Fbesafe-siege-auto-pivotant-izi-twist-i-size-fresh-black-cab-a278580.html\" class=\"sc-button sc-button-default\" target=\"_blank\" rel=\"noopener\"><span>SE PRIS<\/span><\/a><\/td>\n<\/tr>\n<tr class=\"row-24\">\n\t<td class=\"column-1\"><center><a href=\"https:\/\/monsiegeautobebe.fr\/wp-content\/uploads\/2019\/11\/siege-auto-besafe-izi-twist-b-i-size.jpg\"><img loading=\"lazy\" decoding=\"async\" src=\"https:\/\/monsiegeautobebe.fr\/wp-content\/uploads\/2019\/11\/siege-auto-besafe-izi-twist-b-i-size-150x150.jpg\" alt=\"BeSafe iZi Twist B i-Size-bilbarnestol\" width=\"100\" height=\"100\" class=\"aligncenter size-thumbnail wp-image-1806\" srcset=\"https:\/\/www.monsiegeautobebe.fr\/wp-content\/uploads\/2019\/11\/siege-auto-besafe-izi-twist-b-i-size-150x150.jpg 150w, https:\/\/www.monsiegeautobebe.fr\/wp-content\/uploads\/2019\/11\/siege-auto-besafe-izi-twist-b-i-size-300x300.jpg 300w, https:\/\/www.monsiegeautobebe.fr\/wp-content\/uploads\/2019\/11\/siege-auto-besafe-izi-twist-b-i-size-336x336.jpg 336w, https:\/\/www.monsiegeautobebe.fr\/wp-content\/uploads\/2019\/11\/siege-auto-besafe-izi-twist-b-i-size-600x600.jpg 600w, https:\/\/www.monsiegeautobebe.fr\/wp-content\/uploads\/2019\/11\/siege-auto-besafe-izi-twist-b-i-size-768x768.jpg 768w, https:\/\/www.monsiegeautobebe.fr\/wp-content\/uploads\/2019\/11\/siege-auto-besafe-izi-twist-b-i-size.jpg 1000w\" sizes=\"(max-width: 100px) 100vw, 100px\" \/>BeSafe iZi Twist B i-Size<\/a><\/center><\/td><td class=\"column-2\">i-Size (R129)<\/td><td class=\"column-3\">Fra f\u00f8dsel til 105 cm<br \/>\n(ca. 4 \u00e5r gammel)<\/td><td class=\"column-4\"><center><img loading=\"lazy\" decoding=\"async\" src=\"https:\/\/monsiegeautobebe.fr\/wp-content\/uploads\/2019\/03\/icon-yes.png\" alt=\"\" width=\"16\" height=\"16\" class=\"aligncenter size-full wp-image-693\" \/><\/center><\/td><td class=\"column-5\">ISOFIX med stag<\/td><td class=\"column-6\">Bakovervendt<\/td><td class=\"column-7\">VTI-0027<\/td><td class=\"column-8\"><a href=\"https:\/\/action.metaffiliation.com\/trk.php?mclic=P494DD5719952191&amp;redir=https%3A%2F%2Fwww.roseoubleu.fr%2Fbesafe-siege-auto-pivotant-izi-twist-b-i-size-fresh-black-cab-a278661.html\" class=\"sc-button sc-button-default\" target=\"_blank\" rel=\"noopener\"><span>SE PRIS<\/span><\/a><\/td>\n<\/tr>\n<tr class=\"row-25\">\n\t<td class=\"column-1\"><center><a href=\"https:\/\/monsiegeautobebe.fr\/wp-content\/uploads\/2022\/04\/besafe-stretch-plus-test.jpg\"><img loading=\"lazy\" decoding=\"async\" src=\"https:\/\/monsiegeautobebe.fr\/wp-content\/uploads\/2022\/04\/besafe-stretch-plus-test.jpg\" alt=\"besafe stretch plus test\" width=\"100\" height=\"100\" class=\"aligncenter size-full wp-image-6144\" srcset=\"https:\/\/www.monsiegeautobebe.fr\/wp-content\/uploads\/2022\/04\/besafe-stretch-plus-test.jpg 1000w, https:\/\/www.monsiegeautobebe.fr\/wp-content\/uploads\/2022\/04\/besafe-stretch-plus-test-300x300.jpg 300w, https:\/\/www.monsiegeautobebe.fr\/wp-content\/uploads\/2022\/04\/besafe-stretch-plus-test-150x150.jpg 150w, https:\/\/www.monsiegeautobebe.fr\/wp-content\/uploads\/2022\/04\/besafe-stretch-plus-test-768x768.jpg 768w, https:\/\/www.monsiegeautobebe.fr\/wp-content\/uploads\/2022\/04\/besafe-stretch-plus-test-450x450.jpg 450w, https:\/\/www.monsiegeautobebe.fr\/wp-content\/uploads\/2022\/04\/besafe-stretch-plus-test-600x600.jpg 600w, https:\/\/www.monsiegeautobebe.fr\/wp-content\/uploads\/2022\/04\/besafe-stretch-plus-test-336x336.jpg 336w\" sizes=\"(max-width: 100px) 100vw, 100px\" \/>BeSafe Stretch<\/a><\/center><\/td><td class=\"column-2\">i-Size (R129)<\/td><td class=\"column-3\">61 til 125 cm<br \/>\n(ca. 6 m\u00e5neder til 7 \u00e5r)<\/td><td class=\"column-4\"><center><img loading=\"lazy\" decoding=\"async\" src=\"https:\/\/monsiegeautobebe.fr\/wp-content\/uploads\/2019\/03\/icon-no.png\" alt=\"\" width=\"16\" height=\"16\" class=\"aligncenter size-full wp-image-693\" \/><\/center><\/td><td class=\"column-5\">Belte med stag og stropper<\/td><td class=\"column-6\">Bakovervendt<\/td><td class=\"column-7\">VTI-0040<\/td><td class=\"column-8\"><\/td>\n<\/tr>\n<tr class=\"row-26\">\n\t<td class=\"column-1\"><center><a href=\"https:\/\/monsiegeautobebe.fr\/wp-content\/uploads\/2019\/02\/siege-auto-biltema-39-810-plus-test.jpg\"><img loading=\"lazy\" decoding=\"async\" src=\"https:\/\/monsiegeautobebe.fr\/wp-content\/uploads\/2019\/02\/siege-auto-biltema-39-810-plus-test-150x150.jpg\" alt=\"Biltema 39-810 Plus Test bilbarnestol for baby\" width=\"100\" height=\"100\" class=\"aligncenter size-thumbnail wp-image-474\" srcset=\"https:\/\/www.monsiegeautobebe.fr\/wp-content\/uploads\/2019\/02\/siege-auto-biltema-39-810-plus-test-150x150.jpg 150w, https:\/\/www.monsiegeautobebe.fr\/wp-content\/uploads\/2019\/02\/siege-auto-biltema-39-810-plus-test-300x300.jpg 300w, https:\/\/www.monsiegeautobebe.fr\/wp-content\/uploads\/2019\/02\/siege-auto-biltema-39-810-plus-test-336x336.jpg 336w, https:\/\/www.monsiegeautobebe.fr\/wp-content\/uploads\/2019\/02\/siege-auto-biltema-39-810-plus-test-600x600.jpg 600w, https:\/\/www.monsiegeautobebe.fr\/wp-content\/uploads\/2019\/02\/siege-auto-biltema-39-810-plus-test-768x768.jpg 768w, https:\/\/www.monsiegeautobebe.fr\/wp-content\/uploads\/2019\/02\/siege-auto-biltema-39-810-plus-test-1024x1024.jpg 1024w, https:\/\/www.monsiegeautobebe.fr\/wp-content\/uploads\/2019\/02\/siege-auto-biltema-39-810-plus-test.jpg 1050w\" sizes=\"(max-width: 100px) 100vw, 100px\" \/>Biltema 39-810<\/a><\/center><\/td><td class=\"column-2\">R44\/04<\/td><td class=\"column-3\">Gruppe 0+\/1<br \/>\n(F\u00f8dsel - 18 kg)<\/td><td class=\"column-4\"><center><img loading=\"lazy\" decoding=\"async\" src=\"https:\/\/monsiegeautobebe.fr\/wp-content\/uploads\/2019\/03\/icon-no.png\" alt=\"\" width=\"16\" height=\"16\" class=\"aligncenter size-full wp-image-693\" \/><\/center><\/td><td class=\"column-5\">Belte med stag og stropper<\/td><td class=\"column-6\">Bakovervendt<\/td><td class=\"column-7\"><\/td><td class=\"column-8\"><\/td>\n<\/tr>\n<tr class=\"row-27\">\n\t<td class=\"column-1\"><center><a href=\"https:\/\/monsiegeautobebe.fr\/wp-content\/uploads\/2019\/02\/siege-auto-britax-max-fix-2-plus-test.jpg\"><img loading=\"lazy\" decoding=\"async\" src=\"https:\/\/monsiegeautobebe.fr\/wp-content\/uploads\/2019\/02\/siege-auto-britax-max-fix-2-plus-test-150x150.jpg\" alt=\"Britax Max Fix 2 babybilstol Plus Test holder\" width=\"100\" height=\"100\" class=\"aligncenter size-thumbnail wp-image-475\" srcset=\"https:\/\/www.monsiegeautobebe.fr\/wp-content\/uploads\/2019\/02\/siege-auto-britax-max-fix-2-plus-test-150x150.jpg 150w, https:\/\/www.monsiegeautobebe.fr\/wp-content\/uploads\/2019\/02\/siege-auto-britax-max-fix-2-plus-test-300x300.jpg 300w, https:\/\/www.monsiegeautobebe.fr\/wp-content\/uploads\/2019\/02\/siege-auto-britax-max-fix-2-plus-test-336x336.jpg 336w, https:\/\/www.monsiegeautobebe.fr\/wp-content\/uploads\/2019\/02\/siege-auto-britax-max-fix-2-plus-test-600x600.jpg 600w, https:\/\/www.monsiegeautobebe.fr\/wp-content\/uploads\/2019\/02\/siege-auto-britax-max-fix-2-plus-test-768x768.jpg 768w, https:\/\/www.monsiegeautobebe.fr\/wp-content\/uploads\/2019\/02\/siege-auto-britax-max-fix-2-plus-test-1024x1024.jpg 1024w, https:\/\/www.monsiegeautobebe.fr\/wp-content\/uploads\/2019\/02\/siege-auto-britax-max-fix-2-plus-test.jpg 1050w\" sizes=\"(max-width: 100px) 100vw, 100px\" \/>Britax R\u00f6mer Max-Fix | Max-Fix 2<\/a><\/center><\/td><td class=\"column-2\">R44\/04<\/td><td class=\"column-3\">Gruppe 0+\/1<br \/>\n(F\u00f8dsel - 18 kg)<\/td><td class=\"column-4\"><center><img loading=\"lazy\" decoding=\"async\" src=\"https:\/\/monsiegeautobebe.fr\/wp-content\/uploads\/2019\/03\/icon-no.png\" alt=\"\" width=\"16\" height=\"16\" class=\"aligncenter size-full wp-image-693\" \/><\/center><\/td><td class=\"column-5\">ISOFIX med stag<\/td><td class=\"column-6\">Bakovervendt<\/td><td class=\"column-7\">VTI-0009<\/td><td class=\"column-8\"><a href=\"https:\/\/amzn.to\/2to1DwN\" class=\"sc-button sc-button-default\" target=\"_blank\" rel=\"noopener\"><span>SE PRIS<\/span><\/a><\/td>\n<\/tr>\n<tr class=\"row-28\">\n\t<td class=\"column-1\"><center><a href=\"https:\/\/monsiegeautobebe.fr\/wp-content\/uploads\/2022\/04\/britax-hi-way-plus-test.jpg\"><img loading=\"lazy\" decoding=\"async\" src=\"https:\/\/monsiegeautobebe.fr\/wp-content\/uploads\/2022\/04\/britax-hi-way-plus-test.jpg\" alt=\"britax hi way plus test\" width=\"100\" height=\"100\" class=\"aligncenter size-full wp-image-6140\" srcset=\"https:\/\/www.monsiegeautobebe.fr\/wp-content\/uploads\/2022\/04\/britax-hi-way-plus-test.jpg 1000w, https:\/\/www.monsiegeautobebe.fr\/wp-content\/uploads\/2022\/04\/britax-hi-way-plus-test-300x300.jpg 300w, https:\/\/www.monsiegeautobebe.fr\/wp-content\/uploads\/2022\/04\/britax-hi-way-plus-test-150x150.jpg 150w, https:\/\/www.monsiegeautobebe.fr\/wp-content\/uploads\/2022\/04\/britax-hi-way-plus-test-768x768.jpg 768w, https:\/\/www.monsiegeautobebe.fr\/wp-content\/uploads\/2022\/04\/britax-hi-way-plus-test-450x450.jpg 450w, https:\/\/www.monsiegeautobebe.fr\/wp-content\/uploads\/2022\/04\/britax-hi-way-plus-test-600x600.jpg 600w, https:\/\/www.monsiegeautobebe.fr\/wp-content\/uploads\/2022\/04\/britax-hi-way-plus-test-336x336.jpg 336w\" sizes=\"(max-width: 100px) 100vw, 100px\" \/>Britax R\u00f6mer Hi-Way<\/center><\/a><\/td><td class=\"column-2\">R44\/04<\/td><td class=\"column-3\">Gruppe 0+\/1\/2<br \/>\n(F\u00f8dsel - 25 kg)<\/td><td class=\"column-4\"><center><img loading=\"lazy\" decoding=\"async\" src=\"https:\/\/monsiegeautobebe.fr\/wp-content\/uploads\/2019\/03\/icon-no.png\" alt=\"\" width=\"16\" height=\"16\" class=\"aligncenter size-full wp-image-693\" \/><\/center><\/td><td class=\"column-5\">Belte med stag og stropper<\/td><td class=\"column-6\">Bakovervendt<\/td><td class=\"column-7\">VTI-0004<\/td><td class=\"column-8\"><\/td>\n<\/tr>\n<tr class=\"row-29\">\n\t<td class=\"column-1\"><center><a href=\"https:\/\/monsiegeautobebe.fr\/wp-content\/uploads\/2019\/11\/siege-auto-britax-romer-hi-way-ii.jpg\"><img loading=\"lazy\" decoding=\"async\" src=\"https:\/\/monsiegeautobebe.fr\/wp-content\/uploads\/2019\/11\/siege-auto-britax-romer-hi-way-ii-150x150.jpg\" alt=\"Britax R\u00f6mer Hi-Way II bilbarnestol\" width=\"100\" height=\"100\" class=\"aligncenter size-thumbnail wp-image-1808\" srcset=\"https:\/\/www.monsiegeautobebe.fr\/wp-content\/uploads\/2019\/11\/siege-auto-britax-romer-hi-way-ii-150x150.jpg 150w, https:\/\/www.monsiegeautobebe.fr\/wp-content\/uploads\/2019\/11\/siege-auto-britax-romer-hi-way-ii-300x300.jpg 300w, https:\/\/www.monsiegeautobebe.fr\/wp-content\/uploads\/2019\/11\/siege-auto-britax-romer-hi-way-ii-336x336.jpg 336w, https:\/\/www.monsiegeautobebe.fr\/wp-content\/uploads\/2019\/11\/siege-auto-britax-romer-hi-way-ii-600x600.jpg 600w, https:\/\/www.monsiegeautobebe.fr\/wp-content\/uploads\/2019\/11\/siege-auto-britax-romer-hi-way-ii-768x768.jpg 768w, https:\/\/www.monsiegeautobebe.fr\/wp-content\/uploads\/2019\/11\/siege-auto-britax-romer-hi-way-ii.jpg 1000w\" sizes=\"(max-width: 100px) 100vw, 100px\" \/>Britax R\u00f6mer Hi-Way II<\/a><\/center><\/td><td class=\"column-2\">R44\/04<\/td><td class=\"column-3\">Gruppe 0+\/1\/2<br \/>\n(F\u00f8dsel - 25 kg)<\/td><td class=\"column-4\"><center><img loading=\"lazy\" decoding=\"async\" src=\"https:\/\/monsiegeautobebe.fr\/wp-content\/uploads\/2019\/03\/icon-no.png\" alt=\"\" width=\"16\" height=\"16\" class=\"aligncenter size-full wp-image-693\" \/><\/center><\/td><td class=\"column-5\">Belte med stag og stropper<\/td><td class=\"column-6\">Bakovervendt<\/td><td class=\"column-7\">VTI-0006<\/td><td class=\"column-8\"><\/td>\n<\/tr>\n<tr class=\"row-30\">\n\t<td class=\"column-1\"><center><a href=\"https:\/\/monsiegeautobebe.fr\/wp-content\/uploads\/2022\/04\/britax-max-way-plus-test.jpg\"><img loading=\"lazy\" decoding=\"async\" src=\"https:\/\/monsiegeautobebe.fr\/wp-content\/uploads\/2022\/04\/britax-max-way-plus-test.jpg\" alt=\"britax max way plus test\" width=\"100\" height=\"100\" class=\"aligncenter size-full wp-image-6150\" srcset=\"https:\/\/www.monsiegeautobebe.fr\/wp-content\/uploads\/2022\/04\/britax-max-way-plus-test.jpg 1000w, https:\/\/www.monsiegeautobebe.fr\/wp-content\/uploads\/2022\/04\/britax-max-way-plus-test-300x300.jpg 300w, https:\/\/www.monsiegeautobebe.fr\/wp-content\/uploads\/2022\/04\/britax-max-way-plus-test-150x150.jpg 150w, https:\/\/www.monsiegeautobebe.fr\/wp-content\/uploads\/2022\/04\/britax-max-way-plus-test-768x768.jpg 768w, https:\/\/www.monsiegeautobebe.fr\/wp-content\/uploads\/2022\/04\/britax-max-way-plus-test-450x450.jpg 450w, https:\/\/www.monsiegeautobebe.fr\/wp-content\/uploads\/2022\/04\/britax-max-way-plus-test-600x600.jpg 600w, https:\/\/www.monsiegeautobebe.fr\/wp-content\/uploads\/2022\/04\/britax-max-way-plus-test-336x336.jpg 336w\" sizes=\"(max-width: 100px) 100vw, 100px\" \/>Britax R\u00f6mer Max-Way<\/center><\/a><\/td><td class=\"column-2\">R44\/04<\/td><td class=\"column-3\">Gruppe 1\/2<br \/>\n(9 - 25 kg)<\/td><td class=\"column-4\"><center><img loading=\"lazy\" decoding=\"async\" src=\"https:\/\/monsiegeautobebe.fr\/wp-content\/uploads\/2019\/03\/icon-no.png\" alt=\"\" width=\"16\" height=\"16\" class=\"aligncenter size-full wp-image-693\" \/><\/center><\/td><td class=\"column-5\">Belte med stag og stropper<\/td><td class=\"column-6\">Bakovervendt<\/td><td class=\"column-7\">VTI-0007<\/td><td class=\"column-8\"><a href=\"https:\/\/tidd.ly\/3MxuJAf\" class=\"sc-button sc-button-default\" target=\"_blank\" rel=\"noopener\"><span>SE PRIS<\/span><\/a><\/td>\n<\/tr>\n<tr class=\"row-31\">\n\t<td class=\"column-1\"><center><a href=\"https:\/\/monsiegeautobebe.fr\/wp-content\/uploads\/2019\/03\/siege-auto-britax-max-way-plus-plus-test.jpg\"><img loading=\"lazy\" decoding=\"async\" src=\"https:\/\/monsiegeautobebe.fr\/wp-content\/uploads\/2019\/03\/siege-auto-britax-max-way-plus-plus-test-150x150.jpg\" alt=\"Britax Max-Way Plus babybilstol sertifisert av Plus Test\" width=\"100\" height=\"100\" class=\"aligncenter size-thumbnail wp-image-476\" \/>Britax R\u00f6mer Max-Way Plus<\/a><\/center><\/td><td class=\"column-2\">R44\/04<\/td><td class=\"column-3\">Gruppe 1\/2<br \/>\n(9 - 25 kg)<\/td><td class=\"column-4\"><center><img loading=\"lazy\" decoding=\"async\" src=\"https:\/\/monsiegeautobebe.fr\/wp-content\/uploads\/2019\/03\/icon-no.png\" alt=\"\" width=\"16\" height=\"16\" class=\"aligncenter size-full wp-image-693\" \/><\/center><\/td><td class=\"column-5\">Sikkerhetsbelte med stropper og festeanordninger<\/td><td class=\"column-6\">Bakovervendt<\/td><td class=\"column-7\">VTI-0007<\/td><td class=\"column-8\"><a href=\"https:\/\/tidd.ly\/3OHZ1lv\" class=\"sc-button sc-button-default\" target=\"_blank\" rel=\"noopener\"><span>SE PRIS<\/span><\/a><\/td>\n<\/tr>\n<tr class=\"row-32\">\n\t<td class=\"column-1\"><center><a href=\"https:\/\/monsiegeautobebe.fr\/wp-content\/uploads\/2019\/02\/siege-auto-britax-swingfix-plus-test.jpg\"><img loading=\"lazy\" decoding=\"async\" src=\"https:\/\/monsiegeautobebe.fr\/wp-content\/uploads\/2019\/02\/siege-auto-britax-swingfix-plus-test-150x150.jpg\" alt=\"Britax Swingfix-bilbarnestol sertifisert av Plus Test\" width=\"100\" height=\"100\" class=\"aligncenter size-thumbnail wp-image-478\" srcset=\"https:\/\/www.monsiegeautobebe.fr\/wp-content\/uploads\/2019\/02\/siege-auto-britax-swingfix-plus-test-150x150.jpg 150w, https:\/\/www.monsiegeautobebe.fr\/wp-content\/uploads\/2019\/02\/siege-auto-britax-swingfix-plus-test-300x300.jpg 300w, https:\/\/www.monsiegeautobebe.fr\/wp-content\/uploads\/2019\/02\/siege-auto-britax-swingfix-plus-test-336x336.jpg 336w, https:\/\/www.monsiegeautobebe.fr\/wp-content\/uploads\/2019\/02\/siege-auto-britax-swingfix-plus-test-600x600.jpg 600w, https:\/\/www.monsiegeautobebe.fr\/wp-content\/uploads\/2019\/02\/siege-auto-britax-swingfix-plus-test-768x768.jpg 768w, https:\/\/www.monsiegeautobebe.fr\/wp-content\/uploads\/2019\/02\/siege-auto-britax-swingfix-plus-test-1024x1024.jpg 1024w, https:\/\/www.monsiegeautobebe.fr\/wp-content\/uploads\/2019\/02\/siege-auto-britax-swingfix-plus-test.jpg 1050w\" sizes=\"(max-width: 100px) 100vw, 100px\" \/>Britax R\u00f6mer Swingfix i-Size<\/a><\/center><\/td><td class=\"column-2\">i-Size (R129)<\/td><td class=\"column-3\">Fra f\u00f8dsel til 105 cm<br \/>\n(ca. 4 \u00e5r gammel)<\/td><td class=\"column-4\"><center><img loading=\"lazy\" decoding=\"async\" src=\"https:\/\/monsiegeautobebe.fr\/wp-content\/uploads\/2019\/03\/icon-yes.png\" alt=\"\" width=\"16\" height=\"16\" class=\"aligncenter size-full wp-image-693\" \/><\/center><\/td><td class=\"column-5\">ISOFIX med stag<\/td><td class=\"column-6\">Bakovervendt<\/td><td class=\"column-7\">VTI-0021<\/td><td class=\"column-8\"><a href=\"https:\/\/amzn.to\/2GkCz27\" class=\"sc-button sc-button-default\" target=\"_blank\" rel=\"noopener\"><span>SE PRIS<\/span><\/a><br \/>\n<br \/>\n<\/td>\n<\/tr>\n<tr class=\"row-33\">\n\t<td class=\"column-1\"><center><a href=\"https:\/\/monsiegeautobebe.fr\/wp-content\/uploads\/2019\/02\/siege-auto-britax-swingfix-m-plus-test.jpg\"><img loading=\"lazy\" decoding=\"async\" src=\"https:\/\/monsiegeautobebe.fr\/wp-content\/uploads\/2019\/02\/siege-auto-britax-swingfix-m-plus-test-150x150.jpg\" alt=\"Britax Swingfix M babybilstol Plus Test holder\" width=\"100\" height=\"100\" class=\"aligncenter size-thumbnail wp-image-477\" srcset=\"https:\/\/www.monsiegeautobebe.fr\/wp-content\/uploads\/2019\/02\/siege-auto-britax-swingfix-m-plus-test-150x150.jpg 150w, https:\/\/www.monsiegeautobebe.fr\/wp-content\/uploads\/2019\/02\/siege-auto-britax-swingfix-m-plus-test-300x300.jpg 300w, https:\/\/www.monsiegeautobebe.fr\/wp-content\/uploads\/2019\/02\/siege-auto-britax-swingfix-m-plus-test-336x336.jpg 336w, https:\/\/www.monsiegeautobebe.fr\/wp-content\/uploads\/2019\/02\/siege-auto-britax-swingfix-m-plus-test-600x600.jpg 600w, https:\/\/www.monsiegeautobebe.fr\/wp-content\/uploads\/2019\/02\/siege-auto-britax-swingfix-m-plus-test-768x768.jpg 768w, https:\/\/www.monsiegeautobebe.fr\/wp-content\/uploads\/2019\/02\/siege-auto-britax-swingfix-m-plus-test-1024x1024.jpg 1024w, https:\/\/www.monsiegeautobebe.fr\/wp-content\/uploads\/2019\/02\/siege-auto-britax-swingfix-m-plus-test.jpg 1050w\" sizes=\"(max-width: 100px) 100vw, 100px\" \/>Britax R\u00f6mer Swingfix M i-Size<\/a><\/center><\/td><td class=\"column-2\">i-Size (R129)<\/td><td class=\"column-3\">61 til 105 cm<br \/>\n(ca. 3 m\u00e5neder til 4 \u00e5r)<\/td><td class=\"column-4\"><center><img loading=\"lazy\" decoding=\"async\" src=\"https:\/\/monsiegeautobebe.fr\/wp-content\/uploads\/2019\/03\/icon-yes.png\" alt=\"\" width=\"16\" height=\"16\" class=\"aligncenter size-full wp-image-693\" \/><\/center><\/td><td class=\"column-5\">ISOFIX med stag<\/td><td class=\"column-6\">Bakovervendt<\/td><td class=\"column-7\">VTI-0024<\/td><td class=\"column-8\"><a href=\"https:\/\/tidd.ly\/3vn6Ntz\" class=\"sc-button sc-button-default\" target=\"_blank\" rel=\"noopener\"><span>SE PRIS<\/span><\/a><\/td>\n<\/tr>\n<tr class=\"row-34\">\n\t<td class=\"column-1\"><center><a href=\"https:\/\/monsiegeautobebe.fr\/wp-content\/uploads\/2019\/02\/siege-auto-concord-reverso-plus-plus-test.jpg\"><img loading=\"lazy\" decoding=\"async\" src=\"https:\/\/monsiegeautobebe.fr\/wp-content\/uploads\/2019\/02\/siege-auto-concord-reverso-plus-plus-test-150x150.jpg\" alt=\"Concord Reverso Plus-bilbarnestol sertifisert av Plus Test\" width=\"100\" height=\"100\" class=\"aligncenter size-thumbnail wp-image-479\" srcset=\"https:\/\/www.monsiegeautobebe.fr\/wp-content\/uploads\/2019\/02\/siege-auto-concord-reverso-plus-plus-test-150x150.jpg 150w, https:\/\/www.monsiegeautobebe.fr\/wp-content\/uploads\/2019\/02\/siege-auto-concord-reverso-plus-plus-test-300x300.jpg 300w, https:\/\/www.monsiegeautobebe.fr\/wp-content\/uploads\/2019\/02\/siege-auto-concord-reverso-plus-plus-test-336x336.jpg 336w, https:\/\/www.monsiegeautobebe.fr\/wp-content\/uploads\/2019\/02\/siege-auto-concord-reverso-plus-plus-test-600x600.jpg 600w, https:\/\/www.monsiegeautobebe.fr\/wp-content\/uploads\/2019\/02\/siege-auto-concord-reverso-plus-plus-test-768x768.jpg 768w, https:\/\/www.monsiegeautobebe.fr\/wp-content\/uploads\/2019\/02\/siege-auto-concord-reverso-plus-plus-test-1024x1024.jpg 1024w, https:\/\/www.monsiegeautobebe.fr\/wp-content\/uploads\/2019\/02\/siege-auto-concord-reverso-plus-plus-test.jpg 1050w\" sizes=\"(max-width: 100px) 100vw, 100px\" \/>Concord Reverso Plus i-Size<\/a><\/center><\/td><td class=\"column-2\">i-Size (R129)<\/td><td class=\"column-3\">Fra f\u00f8dsel til 105 cm<br \/>\n(ca. 4 \u00e5r gammel)<\/td><td class=\"column-4\"><center><img loading=\"lazy\" decoding=\"async\" src=\"https:\/\/monsiegeautobebe.fr\/wp-content\/uploads\/2019\/03\/icon-no.png\" alt=\"\" width=\"16\" height=\"16\" class=\"aligncenter size-full wp-image-693\" \/><\/center><\/td><td class=\"column-5\">ISOFIX med stag<\/td><td class=\"column-6\">Bakovervendt<\/td><td class=\"column-7\">VTI-0016<\/td><td class=\"column-8\"><a href=\"https:\/\/action.metaffiliation.com\/trk.php?mclic=P494DD5719952191&amp;redir=https%3A%2F%2Fwww.roseoubleu.fr%2Fconcord-siege-auto-reverso-plus-i-size-soft-black-a332059.html\" class=\"sc-button sc-button-default\" target=\"_blank\" rel=\"noopener\"><span>SE PRIS<\/span><\/a><\/td>\n<\/tr>\n<tr class=\"row-35\">\n\t<td class=\"column-1\"><center><a href=\"https:\/\/monsiegeautobebe.fr\/wp-content\/uploads\/2022\/04\/jane-concord-reverso-iplus-plus-test.jpg\"><img loading=\"lazy\" decoding=\"async\" src=\"https:\/\/monsiegeautobebe.fr\/wp-content\/uploads\/2022\/04\/jane-concord-reverso-iplus-plus-test.jpg\" alt=\"jane concord reverso iplus plus plus test\" width=\"100\" height=\"100\" class=\"aligncenter size-full wp-image-6145\" srcset=\"https:\/\/www.monsiegeautobebe.fr\/wp-content\/uploads\/2022\/04\/jane-concord-reverso-iplus-plus-test.jpg 1000w, https:\/\/www.monsiegeautobebe.fr\/wp-content\/uploads\/2022\/04\/jane-concord-reverso-iplus-plus-test-300x300.jpg 300w, https:\/\/www.monsiegeautobebe.fr\/wp-content\/uploads\/2022\/04\/jane-concord-reverso-iplus-plus-test-150x150.jpg 150w, https:\/\/www.monsiegeautobebe.fr\/wp-content\/uploads\/2022\/04\/jane-concord-reverso-iplus-plus-test-768x768.jpg 768w, https:\/\/www.monsiegeautobebe.fr\/wp-content\/uploads\/2022\/04\/jane-concord-reverso-iplus-plus-test-450x450.jpg 450w, https:\/\/www.monsiegeautobebe.fr\/wp-content\/uploads\/2022\/04\/jane-concord-reverso-iplus-plus-test-600x600.jpg 600w, https:\/\/www.monsiegeautobebe.fr\/wp-content\/uploads\/2022\/04\/jane-concord-reverso-iplus-plus-test-336x336.jpg 336w\" sizes=\"(max-width: 100px) 100vw, 100px\" \/>Jan\u00e9 Concord Reverso iPlus<\/a><\/center><\/td><td class=\"column-2\">i-Size (R129)<\/td><td class=\"column-3\">Fra f\u00f8dsel til 105 cm<br \/>\n(ca. 4 \u00e5r gammel)<\/td><td class=\"column-4\"><center><img loading=\"lazy\" decoding=\"async\" src=\"https:\/\/monsiegeautobebe.fr\/wp-content\/uploads\/2019\/03\/icon-no.png\" alt=\"\" width=\"16\" height=\"16\" class=\"aligncenter size-full wp-image-693\" \/><\/center><\/td><td class=\"column-5\">ISOFIX med stag<\/td><td class=\"column-6\">Bakovervendt<\/td><td class=\"column-7\"><\/td><td class=\"column-8\"><\/td>\n<\/tr>\n<tr class=\"row-36\">\n\t<td class=\"column-1\"><center><a href=\"https:\/\/monsiegeautobebe.fr\/wp-content\/uploads\/2022\/04\/graco-ascent-plus-test.jpg\"><img loading=\"lazy\" decoding=\"async\" src=\"https:\/\/monsiegeautobebe.fr\/wp-content\/uploads\/2022\/04\/graco-ascent-plus-test.jpg\" alt=\"graco ascent plus test\" width=\"100\" height=\"100\" class=\"aligncenter size-full wp-image-6141\" srcset=\"https:\/\/www.monsiegeautobebe.fr\/wp-content\/uploads\/2022\/04\/graco-ascent-plus-test.jpg 1000w, https:\/\/www.monsiegeautobebe.fr\/wp-content\/uploads\/2022\/04\/graco-ascent-plus-test-300x300.jpg 300w, https:\/\/www.monsiegeautobebe.fr\/wp-content\/uploads\/2022\/04\/graco-ascent-plus-test-150x150.jpg 150w, https:\/\/www.monsiegeautobebe.fr\/wp-content\/uploads\/2022\/04\/graco-ascent-plus-test-768x768.jpg 768w, https:\/\/www.monsiegeautobebe.fr\/wp-content\/uploads\/2022\/04\/graco-ascent-plus-test-450x450.jpg 450w, https:\/\/www.monsiegeautobebe.fr\/wp-content\/uploads\/2022\/04\/graco-ascent-plus-test-600x600.jpg 600w, https:\/\/www.monsiegeautobebe.fr\/wp-content\/uploads\/2022\/04\/graco-ascent-plus-test-336x336.jpg 336w\" sizes=\"(max-width: 100px) 100vw, 100px\" \/>Graco Ascent<\/a><\/center><\/td><td class=\"column-2\">i-Size (R129)<\/td><td class=\"column-3\">Fra f\u00f8dsel til 105 cm<br \/>\n(ca. 4 \u00e5r gammel)<\/td><td class=\"column-4\"><center><img loading=\"lazy\" decoding=\"async\" src=\"https:\/\/monsiegeautobebe.fr\/wp-content\/uploads\/2019\/03\/icon-no.png\" alt=\"\" width=\"16\" height=\"16\" class=\"aligncenter size-full wp-image-693\" \/><\/center><\/td><td class=\"column-5\"><a href=\"https:\/\/action.metaffiliation.com\/trk.php?mclic=P494DD5719952191&amp;redir=https%3A%2F%2Fwww.roseoubleu.fr%2Fgraco-base-de-siege-auto-isofamily-i-size-black-a343721.html\" target=\"_blank\" rel=\"nofollow noopener\">IsoFamily i-Size base<\/a><\/td><td class=\"column-6\">Bakovervendt<\/td><td class=\"column-7\">VTI-0036<\/td><td class=\"column-8\"><a href=\"https:\/\/gracobaby.eu\/fr\/ascent\" class=\"sc-button sc-button-default\" target=\"_blank\" rel=\"noopener\"><span>SE PRIS<\/span><\/a><\/td>\n<\/tr>\n<tr class=\"row-37\">\n\t<td class=\"column-1\"><center><a href=\"https:\/\/monsiegeautobebe.fr\/wp-content\/uploads\/2020\/11\/siege-auto-joie-i-spin-safe-plus-test.jpg\"><img loading=\"lazy\" decoding=\"async\" src=\"https:\/\/monsiegeautobebe.fr\/wp-content\/uploads\/2020\/11\/siege-auto-joie-i-spin-safe-plus-test-150x150.jpg\" alt=\"Plus Test-godkjent Joie i-Spin Safe dreibart bilsete med Plus Test-godkjenning\" width=\"100\" height=\"100\" class=\"aligncenter size-thumbnail wp-image-3348\" srcset=\"https:\/\/www.monsiegeautobebe.fr\/wp-content\/uploads\/2020\/11\/siege-auto-joie-i-spin-safe-plus-test-150x150.jpg 150w, https:\/\/www.monsiegeautobebe.fr\/wp-content\/uploads\/2020\/11\/siege-auto-joie-i-spin-safe-plus-test-300x300.jpg 300w, https:\/\/www.monsiegeautobebe.fr\/wp-content\/uploads\/2020\/11\/siege-auto-joie-i-spin-safe-plus-test-336x336.jpg 336w, https:\/\/www.monsiegeautobebe.fr\/wp-content\/uploads\/2020\/11\/siege-auto-joie-i-spin-safe-plus-test-600x600.jpg 600w, https:\/\/www.monsiegeautobebe.fr\/wp-content\/uploads\/2020\/11\/siege-auto-joie-i-spin-safe-plus-test-768x768.jpg 768w, https:\/\/www.monsiegeautobebe.fr\/wp-content\/uploads\/2020\/11\/siege-auto-joie-i-spin-safe-plus-test.jpg 1000w\" sizes=\"(max-width: 100px) 100vw, 100px\" \/>Joie i-Spin Safe<\/a><\/center><\/td><td class=\"column-2\">i-Size (R129)<\/td><td class=\"column-3\">Fra f\u00f8dsel til 105 cm<br \/>\n(ca. 4 \u00e5r gammel)<\/td><td class=\"column-4\"><center><img loading=\"lazy\" decoding=\"async\" src=\"https:\/\/monsiegeautobebe.fr\/wp-content\/uploads\/2019\/03\/icon-yes.png\" alt=\"\" width=\"16\" height=\"16\" class=\"aligncenter size-full wp-image-693\" \/><\/center><\/td><td class=\"column-5\">ISOFIX med stag<\/td><td class=\"column-6\">Bakovervendt<\/td><td class=\"column-7\">VTI-0033<\/td><td class=\"column-8\"><a href=\"https:\/\/action.metaffiliation.com\/trk.php?mclic=P4F2915719951B1&amp;redir=https%3A%2F%2Fwww.autourdebebe.com%2Fp%2Foutlandersiegeautoispinsafe%2Fsiege-auto-i-spin-safe-joie\" class=\"sc-button sc-button-default\" target=\"_blank\" rel=\"noopener\"><span>SE PRIS<\/span><\/a><\/td>\n<\/tr>\n<tr class=\"row-38\">\n\t<td class=\"column-1\"><center><a href=\"https:\/\/monsiegeautobebe.fr\/wp-content\/uploads\/2020\/11\/siege-auto-joie-spin-safe-plus-test.jpg\"><img loading=\"lazy\" decoding=\"async\" src=\"https:\/\/monsiegeautobebe.fr\/wp-content\/uploads\/2020\/11\/siege-auto-joie-spin-safe-plus-test-150x150.jpg\" alt=\"Plus Test-godkjent Joie Spin Safe dreibar bilbarnestol\" width=\"100\" height=\"100\" class=\"aligncenter size-thumbnail wp-image-3349\" srcset=\"https:\/\/www.monsiegeautobebe.fr\/wp-content\/uploads\/2020\/11\/siege-auto-joie-spin-safe-plus-test-150x150.jpg 150w, https:\/\/www.monsiegeautobebe.fr\/wp-content\/uploads\/2020\/11\/siege-auto-joie-spin-safe-plus-test-300x300.jpg 300w, https:\/\/www.monsiegeautobebe.fr\/wp-content\/uploads\/2020\/11\/siege-auto-joie-spin-safe-plus-test-336x336.jpg 336w, https:\/\/www.monsiegeautobebe.fr\/wp-content\/uploads\/2020\/11\/siege-auto-joie-spin-safe-plus-test-600x600.jpg 600w, https:\/\/www.monsiegeautobebe.fr\/wp-content\/uploads\/2020\/11\/siege-auto-joie-spin-safe-plus-test-768x768.jpg 768w, https:\/\/www.monsiegeautobebe.fr\/wp-content\/uploads\/2020\/11\/siege-auto-joie-spin-safe-plus-test.jpg 1000w\" sizes=\"(max-width: 100px) 100vw, 100px\" \/>Joie Spin Safe<\/a><\/center><\/td><td class=\"column-2\">R44\/04<\/td><td class=\"column-3\">Gruppe 0+\/1<br \/>\n(F\u00f8dsel - 18 kg)<\/td><td class=\"column-4\"><center><img loading=\"lazy\" decoding=\"async\" src=\"https:\/\/monsiegeautobebe.fr\/wp-content\/uploads\/2019\/03\/icon-yes.png\" alt=\"\" width=\"16\" height=\"16\" class=\"aligncenter size-full wp-image-693\" \/><\/center><\/td><td class=\"column-5\">ISOFIX med stag<\/td><td class=\"column-6\">Bakovervendt<\/td><td class=\"column-7\"><\/td><td class=\"column-8\"><\/td>\n<\/tr>\n<tr class=\"row-39\">\n\t<td class=\"column-1\"><center>Karwala AV370 Sky<\/center><\/td><td class=\"column-2\">i-Size (R129)<\/td><td class=\"column-3\">Fra 61 til 125 cm<br \/>\n(ca. 6 m\u00e5neder til 7 \u00e5r)<\/td><td class=\"column-4\"><center><img loading=\"lazy\" decoding=\"async\" src=\"https:\/\/monsiegeautobebe.fr\/wp-content\/uploads\/2019\/03\/icon-yes.png\" alt=\"\" width=\"16\" height=\"16\" class=\"aligncenter size-full wp-image-693\" \/><\/center><\/td><td class=\"column-5\">ISOFIX med stag<\/td><td class=\"column-6\">Bakovervendt<\/td><td class=\"column-7\">VTI-0038<\/td><td class=\"column-8\"><\/td>\n<\/tr>\n<tr class=\"row-40\">\n\t<td class=\"column-1\"><center>Karwala AV370.Q<\/center><\/td><td class=\"column-2\">i-Size (R129)<\/td><td class=\"column-3\">Fra 61 til 125 cm<br \/>\n(ca. 6 m\u00e5neder til 7 \u00e5r)<\/td><td class=\"column-4\"><center><img loading=\"lazy\" decoding=\"async\" src=\"https:\/\/monsiegeautobebe.fr\/wp-content\/uploads\/2019\/03\/icon-yes.png\" alt=\"\" width=\"16\" height=\"16\" class=\"aligncenter size-full wp-image-693\" \/><\/center><\/td><td class=\"column-5\">ISOFIX med stag<\/td><td class=\"column-6\">Bakovervendt<\/td><td class=\"column-7\">VTI-0039<\/td><td class=\"column-8\"><\/td>\n<\/tr>\n<tr class=\"row-41\">\n\t<td class=\"column-1\"><center><a href=\"https:\/\/monsiegeautobebe.fr\/wp-content\/uploads\/2019\/11\/siege-auto-klippan-century.jpg\"><img loading=\"lazy\" decoding=\"async\" src=\"https:\/\/monsiegeautobebe.fr\/wp-content\/uploads\/2019\/11\/siege-auto-klippan-century-150x150.jpg\" alt=\"Klippan Century bilsete\" width=\"100\" height=\"100\" class=\"aligncenter size-thumbnail wp-image-1813\" srcset=\"https:\/\/www.monsiegeautobebe.fr\/wp-content\/uploads\/2019\/11\/siege-auto-klippan-century-150x150.jpg 150w, https:\/\/www.monsiegeautobebe.fr\/wp-content\/uploads\/2019\/11\/siege-auto-klippan-century-300x300.jpg 300w, https:\/\/www.monsiegeautobebe.fr\/wp-content\/uploads\/2019\/11\/siege-auto-klippan-century-336x336.jpg 336w, https:\/\/www.monsiegeautobebe.fr\/wp-content\/uploads\/2019\/11\/siege-auto-klippan-century-600x600.jpg 600w, https:\/\/www.monsiegeautobebe.fr\/wp-content\/uploads\/2019\/11\/siege-auto-klippan-century-768x768.jpg 768w, https:\/\/www.monsiegeautobebe.fr\/wp-content\/uploads\/2019\/11\/siege-auto-klippan-century.jpg 1000w\" sizes=\"(max-width: 100px) 100vw, 100px\" \/>Klippan Century<\/a><\/center><\/td><td class=\"column-2\">R44\/04<\/td><td class=\"column-3\">Gruppe 1\/2<br \/>\n(9 - 25 kg)<\/td><td class=\"column-4\"><center><img loading=\"lazy\" decoding=\"async\" src=\"https:\/\/monsiegeautobebe.fr\/wp-content\/uploads\/2019\/03\/icon-no.png\" alt=\"\" width=\"16\" height=\"16\" class=\"aligncenter size-full wp-image-693\" \/><\/center><\/td><td class=\"column-5\">Belte med stag og stropper<\/td><td class=\"column-6\">Bakovervendt<\/td><td class=\"column-7\">VTI-0020<\/td><td class=\"column-8\"><a href=\"https:\/\/www.babylor.com\/fr\/les-sieges-groupe-123-et-rehausseur-23\/117-klippan-century-6417840022132.html\" class=\"sc-button sc-button-default\" target=\"_blank\" rel=\"noopener\"><span>SE PRIS<\/span><\/a><\/td>\n<\/tr>\n<tr class=\"row-42\">\n\t<td class=\"column-1\"><center><a href=\"https:\/\/monsiegeautobebe.fr\/wp-content\/uploads\/2019\/02\/siege-auto-klippan-kiss-2-plus-plus-test.jpg\"><img loading=\"lazy\" decoding=\"async\" src=\"https:\/\/monsiegeautobebe.fr\/wp-content\/uploads\/2019\/02\/siege-auto-klippan-kiss-2-plus-plus-test-150x150.jpg\" alt=\"Klippan Kiss 2 Plus bilstolholder for baby i Plus-testen\" width=\"100\" height=\"100\" class=\"aligncenter size-thumbnail wp-image-480\" srcset=\"https:\/\/www.monsiegeautobebe.fr\/wp-content\/uploads\/2019\/02\/siege-auto-klippan-kiss-2-plus-plus-test-150x150.jpg 150w, https:\/\/www.monsiegeautobebe.fr\/wp-content\/uploads\/2019\/02\/siege-auto-klippan-kiss-2-plus-plus-test-300x300.jpg 300w, https:\/\/www.monsiegeautobebe.fr\/wp-content\/uploads\/2019\/02\/siege-auto-klippan-kiss-2-plus-plus-test-336x336.jpg 336w, https:\/\/www.monsiegeautobebe.fr\/wp-content\/uploads\/2019\/02\/siege-auto-klippan-kiss-2-plus-plus-test-600x600.jpg 600w, https:\/\/www.monsiegeautobebe.fr\/wp-content\/uploads\/2019\/02\/siege-auto-klippan-kiss-2-plus-plus-test-768x768.jpg 768w, https:\/\/www.monsiegeautobebe.fr\/wp-content\/uploads\/2019\/02\/siege-auto-klippan-kiss-2-plus-plus-test-1024x1024.jpg 1024w, https:\/\/www.monsiegeautobebe.fr\/wp-content\/uploads\/2019\/02\/siege-auto-klippan-kiss-2-plus-plus-test.jpg 1050w\" sizes=\"(max-width: 100px) 100vw, 100px\" \/>Klippan Kiss 2 | Kiss 2 Plus<\/a><\/center><\/td><td class=\"column-2\">R44\/04<\/td><td class=\"column-3\">Gruppe 0+\/1<br \/>\n(F\u00f8dsel - 18 kg)<\/td><td class=\"column-4\"><center><img loading=\"lazy\" decoding=\"async\" src=\"https:\/\/monsiegeautobebe.fr\/wp-content\/uploads\/2019\/03\/icon-no.png\" alt=\"\" width=\"16\" height=\"16\" class=\"aligncenter size-full wp-image-693\" \/><\/center><\/td><td class=\"column-5\">ISOFIX med stag eller sikkerhetsbelte<\/td><td class=\"column-6\">Bakovervendt<\/td><td class=\"column-7\">VTI-0015<\/td><td class=\"column-8\"><a href=\"https:\/\/www.babylor.com\/fr\/sieges-auto\/369-siege-auto-klippan-kiss-2-plus-sport-gris-et-noir-avec-base-isofix-et-appui-tete.html\" class=\"sc-button sc-button-default\" target=\"_blank\" rel=\"noopener\"><span>SE PRIS<\/span><\/a><\/td>\n<\/tr>\n<tr class=\"row-43\">\n\t<td class=\"column-1\"><center><a href=\"https:\/\/monsiegeautobebe.fr\/wp-content\/uploads\/2020\/06\/siege-auto-wod-uno-plus-test.jpg\"><img loading=\"lazy\" decoding=\"async\" src=\"https:\/\/monsiegeautobebe.fr\/wp-content\/uploads\/2020\/06\/siege-auto-wod-uno-plus-test.jpg\" alt=\"Klippan Uno bilbarnestol sertifisert av Plus Test\" width=\"100\" height=\"100\" class=\"aligncenter size-full wp-image-2865\" srcset=\"https:\/\/www.monsiegeautobebe.fr\/wp-content\/uploads\/2020\/06\/siege-auto-wod-uno-plus-test.jpg 1000w, https:\/\/www.monsiegeautobebe.fr\/wp-content\/uploads\/2020\/06\/siege-auto-wod-uno-plus-test-300x300.jpg 300w, https:\/\/www.monsiegeautobebe.fr\/wp-content\/uploads\/2020\/06\/siege-auto-wod-uno-plus-test-336x336.jpg 336w, https:\/\/www.monsiegeautobebe.fr\/wp-content\/uploads\/2020\/06\/siege-auto-wod-uno-plus-test-600x600.jpg 600w, https:\/\/www.monsiegeautobebe.fr\/wp-content\/uploads\/2020\/06\/siege-auto-wod-uno-plus-test-150x150.jpg 150w, https:\/\/www.monsiegeautobebe.fr\/wp-content\/uploads\/2020\/06\/siege-auto-wod-uno-plus-test-768x768.jpg 768w\" sizes=\"(max-width: 100px) 100vw, 100px\" \/>Klippan Uno<\/a><\/center><\/td><td class=\"column-2\">R44\/04<\/td><td class=\"column-3\">Gruppe 1<br \/>\n(9 - 18 kg)<\/td><td class=\"column-4\"><center><img loading=\"lazy\" decoding=\"async\" src=\"https:\/\/monsiegeautobebe.fr\/wp-content\/uploads\/2019\/03\/icon-no.png\" alt=\"\" width=\"16\" height=\"16\" class=\"aligncenter size-full wp-image-693\" \/><\/center><\/td><td class=\"column-5\">Belte med stag <\/td><td class=\"column-6\">Bakovervendt<\/td><td class=\"column-7\">VTI-0020<\/td><td class=\"column-8\"><\/td>\n<\/tr>\n<tr class=\"row-44\">\n\t<td class=\"column-1\"><center><a href=\"https:\/\/monsiegeautobebe.fr\/wp-content\/uploads\/2020\/06\/siege-auto-klippan-opti-129-plus-test.jpg\"><img loading=\"lazy\" decoding=\"async\" src=\"https:\/\/monsiegeautobebe.fr\/wp-content\/uploads\/2020\/06\/siege-auto-klippan-opti-129-plus-test.jpg\" alt=\"Klippan Opti 129 babybilstol sertifisert av Plus Test\" width=\"100\" height=\"100\" class=\"aligncenter size-full wp-image-2867\" srcset=\"https:\/\/www.monsiegeautobebe.fr\/wp-content\/uploads\/2020\/06\/siege-auto-klippan-opti-129-plus-test.jpg 1000w, https:\/\/www.monsiegeautobebe.fr\/wp-content\/uploads\/2020\/06\/siege-auto-klippan-opti-129-plus-test-300x300.jpg 300w, https:\/\/www.monsiegeautobebe.fr\/wp-content\/uploads\/2020\/06\/siege-auto-klippan-opti-129-plus-test-336x336.jpg 336w, https:\/\/www.monsiegeautobebe.fr\/wp-content\/uploads\/2020\/06\/siege-auto-klippan-opti-129-plus-test-600x600.jpg 600w, https:\/\/www.monsiegeautobebe.fr\/wp-content\/uploads\/2020\/06\/siege-auto-klippan-opti-129-plus-test-150x150.jpg 150w, https:\/\/www.monsiegeautobebe.fr\/wp-content\/uploads\/2020\/06\/siege-auto-klippan-opti-129-plus-test-768x768.jpg 768w\" sizes=\"(max-width: 100px) 100vw, 100px\" \/>Klippan Opti 129<\/a><\/center><\/td><td class=\"column-2\">i-Size (R129)<\/td><td class=\"column-3\">Fra 61 til 125 cm<br \/>\n(ca. 6 m\u00e5neder til 7 \u00e5r)<\/td><td class=\"column-4\"><center><img loading=\"lazy\" decoding=\"async\" src=\"https:\/\/monsiegeautobebe.fr\/wp-content\/uploads\/2019\/03\/icon-no.png\" alt=\"\" width=\"16\" height=\"16\" class=\"aligncenter size-full wp-image-693\" \/><\/center><\/td><td class=\"column-5\">Belte med stag og stropper<\/td><td class=\"column-6\">Bakovervendt<\/td><td class=\"column-7\"><\/td><td class=\"column-8\"><a href=\"https:\/\/www.carseat.se\/product\/klippan-opti-129-freestyle\/\" class=\"sc-button sc-button-default\" target=\"_blank\" rel=\"noopener\"><span>SE PRIS<\/span><\/a><\/td>\n<\/tr>\n<tr class=\"row-45\">\n\t<td class=\"column-1\"><center><a href=\"https:\/\/monsiegeautobebe.fr\/wp-content\/uploads\/2019\/02\/siege-auto-maxi-cosi-pearl-one-plus-test.jpg\"><img loading=\"lazy\" decoding=\"async\" src=\"https:\/\/monsiegeautobebe.fr\/wp-content\/uploads\/2019\/02\/siege-auto-maxi-cosi-pearl-one-plus-test-150x150.jpg\" alt=\"Maxi Cosi Pearl One bilbarnestolholder i Plus-testen\" width=\"100\" height=\"100\" class=\"aligncenter size-thumbnail wp-image-490\" srcset=\"https:\/\/www.monsiegeautobebe.fr\/wp-content\/uploads\/2019\/02\/siege-auto-maxi-cosi-pearl-one-plus-test-150x150.jpg 150w, https:\/\/www.monsiegeautobebe.fr\/wp-content\/uploads\/2019\/02\/siege-auto-maxi-cosi-pearl-one-plus-test-300x300.jpg 300w, https:\/\/www.monsiegeautobebe.fr\/wp-content\/uploads\/2019\/02\/siege-auto-maxi-cosi-pearl-one-plus-test-336x336.jpg 336w, https:\/\/www.monsiegeautobebe.fr\/wp-content\/uploads\/2019\/02\/siege-auto-maxi-cosi-pearl-one-plus-test-600x600.jpg 600w, https:\/\/www.monsiegeautobebe.fr\/wp-content\/uploads\/2019\/02\/siege-auto-maxi-cosi-pearl-one-plus-test-768x768.jpg 768w, https:\/\/www.monsiegeautobebe.fr\/wp-content\/uploads\/2019\/02\/siege-auto-maxi-cosi-pearl-one-plus-test-1024x1024.jpg 1024w, https:\/\/www.monsiegeautobebe.fr\/wp-content\/uploads\/2019\/02\/siege-auto-maxi-cosi-pearl-one-plus-test.jpg 1050w\" sizes=\"(max-width: 100px) 100vw, 100px\" \/>Maxi Cosi Pearl One (Pearl XP)<\/a><\/center><\/td><td class=\"column-2\">i-Size (R129)<\/td><td class=\"column-3\">67 til 105 cm<br \/>\n(ca. 6 m\u00e5neder til 7 \u00e5r)<\/td><td class=\"column-4\"><center><img loading=\"lazy\" decoding=\"async\" src=\"https:\/\/monsiegeautobebe.fr\/wp-content\/uploads\/2019\/03\/icon-no.png\" alt=\"\" width=\"16\" height=\"16\" class=\"aligncenter size-full wp-image-693\" \/><\/center><\/td><td class=\"column-5\"><a href=\"https:\/\/icp.shop-orchestra.com\/?P4F9B5571995111&amp;redir=https%3A%2F%2Ffr.shop-orchestra.com%2Ffr%2Fauto%2Fbase-auto%2Fbase-i-size-familyfix-2---noir-PAUD25.html\" rel=\"noopener nofollow noreferrer\" target=\"_blank\">FamilyFix One base<\/a> med stag<\/td><td class=\"column-6\">Bakovervendt<\/td><td class=\"column-7\">VTI-0012<\/td><td class=\"column-8\">Skandinavisk versjon av Pearl Pro &amp;. <a href=\"https:\/\/amzn.to\/2DrnXKt\" rel=\"nofollow noopener noreferrer\" target=\"_blank\">Pearl Smart<\/a> men bare med ryggen mot veien<br \/>\n<br \/>\n<\/td>\n<\/tr>\n<tr class=\"row-46\">\n\t<td class=\"column-1\"><center><a href=\"https:\/\/monsiegeautobebe.fr\/wp-content\/uploads\/2022\/04\/meinkind-mk666s-plus-test.jpg\"><img loading=\"lazy\" decoding=\"async\" src=\"https:\/\/monsiegeautobebe.fr\/wp-content\/uploads\/2022\/04\/meinkind-mk666s-plus-test.jpg\" alt=\"meinkind mk666s plus test\" width=\"100\" height=\"100\" class=\"aligncenter size-full wp-image-6148\" srcset=\"https:\/\/www.monsiegeautobebe.fr\/wp-content\/uploads\/2022\/04\/meinkind-mk666s-plus-test.jpg 1000w, https:\/\/www.monsiegeautobebe.fr\/wp-content\/uploads\/2022\/04\/meinkind-mk666s-plus-test-300x300.jpg 300w, https:\/\/www.monsiegeautobebe.fr\/wp-content\/uploads\/2022\/04\/meinkind-mk666s-plus-test-150x150.jpg 150w, https:\/\/www.monsiegeautobebe.fr\/wp-content\/uploads\/2022\/04\/meinkind-mk666s-plus-test-768x768.jpg 768w, https:\/\/www.monsiegeautobebe.fr\/wp-content\/uploads\/2022\/04\/meinkind-mk666s-plus-test-450x450.jpg 450w, https:\/\/www.monsiegeautobebe.fr\/wp-content\/uploads\/2022\/04\/meinkind-mk666s-plus-test-600x600.jpg 600w, https:\/\/www.monsiegeautobebe.fr\/wp-content\/uploads\/2022\/04\/meinkind-mk666s-plus-test-336x336.jpg 336w\" sizes=\"(max-width: 100px) 100vw, 100px\" \/>Meinkind MK666S<\/a><\/center><\/td><td class=\"column-2\"><\/td><td class=\"column-3\">Gruppe 0+\/1<br \/>\n(F\u00f8dsel - 18 kg)<\/td><td class=\"column-4\"><center><img loading=\"lazy\" decoding=\"async\" src=\"https:\/\/monsiegeautobebe.fr\/wp-content\/uploads\/2019\/03\/icon-no.png\" alt=\"\" width=\"16\" height=\"16\" class=\"aligncenter size-full wp-image-693\" \/><\/center><\/td><td class=\"column-5\"><\/td><td class=\"column-6\">Bakovervendt<\/td><td class=\"column-7\">VTI-0014<\/td><td class=\"column-8\"><\/td>\n<\/tr>\n<tr class=\"row-47\">\n\t<td class=\"column-1\"><center><a href=\"https:\/\/monsiegeautobebe.fr\/wp-content\/uploads\/2019\/02\/siege-auto-nuna-nurr-plus-test.jpg\"><img loading=\"lazy\" decoding=\"async\" src=\"https:\/\/monsiegeautobebe.fr\/wp-content\/uploads\/2019\/02\/siege-auto-nuna-nurr-plus-test-150x150.jpg\" alt=\"Nuna Norr babybilstol sertifisert av Plus Test\" width=\"100\" height=\"100\" class=\"aligncenter size-thumbnail wp-image-481\" srcset=\"https:\/\/www.monsiegeautobebe.fr\/wp-content\/uploads\/2019\/02\/siege-auto-nuna-nurr-plus-test-150x150.jpg 150w, https:\/\/www.monsiegeautobebe.fr\/wp-content\/uploads\/2019\/02\/siege-auto-nuna-nurr-plus-test-300x300.jpg 300w, https:\/\/www.monsiegeautobebe.fr\/wp-content\/uploads\/2019\/02\/siege-auto-nuna-nurr-plus-test-336x336.jpg 336w, https:\/\/www.monsiegeautobebe.fr\/wp-content\/uploads\/2019\/02\/siege-auto-nuna-nurr-plus-test-600x600.jpg 600w, https:\/\/www.monsiegeautobebe.fr\/wp-content\/uploads\/2019\/02\/siege-auto-nuna-nurr-plus-test-768x768.jpg 768w, https:\/\/www.monsiegeautobebe.fr\/wp-content\/uploads\/2019\/02\/siege-auto-nuna-nurr-plus-test-1024x1024.jpg 1024w, https:\/\/www.monsiegeautobebe.fr\/wp-content\/uploads\/2019\/02\/siege-auto-nuna-nurr-plus-test.jpg 1050w\" sizes=\"(max-width: 100px) 100vw, 100px\" \/>Nuna Norr<\/a><\/center><\/td><td class=\"column-2\">i-Size (R129)<\/td><td class=\"column-3\">Fra f\u00f8dsel til 105 cm<br \/>\n(ca. 4 \u00e5r gammel)<\/td><td class=\"column-4\"><center><img loading=\"lazy\" decoding=\"async\" src=\"https:\/\/monsiegeautobebe.fr\/wp-content\/uploads\/2019\/03\/icon-yes.png\" alt=\"\" width=\"16\" height=\"16\" class=\"aligncenter size-full wp-image-693\" \/><\/center><\/td><td class=\"column-5\">ISOFIX med stag<\/td><td class=\"column-6\">Bakovervendt<\/td><td class=\"column-7\">VTI-0035<\/td><td class=\"column-8\">Skandinavisk versjon av Nuna REBL Plus, men kun med ryggen mot veien.<\/td>\n<\/tr>\n<tr class=\"row-48\">\n\t<td class=\"column-1\"><center><a href=\"https:\/\/monsiegeautobebe.fr\/wp-content\/uploads\/2022\/04\/volvo-britax-max-way-plus-test.jpg\"><img loading=\"lazy\" decoding=\"async\" src=\"https:\/\/monsiegeautobebe.fr\/wp-content\/uploads\/2022\/04\/volvo-britax-max-way-plus-test.jpg\" alt=\"volvo britax max way plus test\" width=\"100\" height=\"100\" class=\"aligncenter size-full wp-image-6142\" srcset=\"https:\/\/www.monsiegeautobebe.fr\/wp-content\/uploads\/2022\/04\/volvo-britax-max-way-plus-test.jpg 1000w, https:\/\/www.monsiegeautobebe.fr\/wp-content\/uploads\/2022\/04\/volvo-britax-max-way-plus-test-300x300.jpg 300w, https:\/\/www.monsiegeautobebe.fr\/wp-content\/uploads\/2022\/04\/volvo-britax-max-way-plus-test-150x150.jpg 150w, https:\/\/www.monsiegeautobebe.fr\/wp-content\/uploads\/2022\/04\/volvo-britax-max-way-plus-test-768x768.jpg 768w, https:\/\/www.monsiegeautobebe.fr\/wp-content\/uploads\/2022\/04\/volvo-britax-max-way-plus-test-450x450.jpg 450w, https:\/\/www.monsiegeautobebe.fr\/wp-content\/uploads\/2022\/04\/volvo-britax-max-way-plus-test-600x600.jpg 600w, https:\/\/www.monsiegeautobebe.fr\/wp-content\/uploads\/2022\/04\/volvo-britax-max-way-plus-test-336x336.jpg 336w\" sizes=\"(max-width: 100px) 100vw, 100px\" \/>Volvo Max-Way (Britax)<\/a><\/center><\/td><td class=\"column-2\">R44\/04<\/td><td class=\"column-3\">Gruppe 1\/2<br \/>\n(9 - 25 kg)<\/td><td class=\"column-4\"><center><img loading=\"lazy\" decoding=\"async\" src=\"https:\/\/monsiegeautobebe.fr\/wp-content\/uploads\/2019\/03\/icon-no.png\" alt=\"\" width=\"16\" height=\"16\" class=\"aligncenter size-full wp-image-693\" \/><\/center><\/td><td class=\"column-5\">Belte med stag og stropper<\/td><td class=\"column-6\">Bakovervendt<\/td><td class=\"column-7\"><\/td><td class=\"column-8\">Identisk med Britax Max-Way<\/td>\n<\/tr>\n<\/tbody>\n<\/table>\n\n<\/div><!-- #tablepress-11 from cache -->","protected":false},"excerpt":{"rendered":"<p>Plusstesten er opprettet av VTI (Statens v\u00e4g- och transportforskningsinstitut) og NTF (Nationalf\u00f6reningen f\u00f6r trafiks\u00e4kerhetens fr\u00e4mjande), to uavhengige svenske organer, og har som m\u00e5l \u00e5 sertifisere de sikreste bilbarnestolene p\u00e5 markedet ved \u00e5 m\u00e5le kreftene som ut\u00f8ves mot nakken n\u00f8yaktig.<\/p>","protected":false},"author":2,"featured_media":2484,"comment_status":"open","ping_status":"open","sticky":false,"template":"","format":"standard","meta":{"footnotes":""},"categories":[15],"tags":[10,11],"class_list":{"0":"post-2374","1":"post","2":"type-post","3":"status-publish","4":"format-standard","5":"has-post-thumbnail","7":"category-siege-auto","8":"tag-dos-a-la-route","9":"tag-plus-test"},"_links":{"self":[{"href":"https:\/\/www.monsiegeautobebe.fr\/nb\/wp-json\/wp\/v2\/posts\/2374","targetHints":{"allow":["GET"]}}],"collection":[{"href":"https:\/\/www.monsiegeautobebe.fr\/nb\/wp-json\/wp\/v2\/posts"}],"about":[{"href":"https:\/\/www.monsiegeautobebe.fr\/nb\/wp-json\/wp\/v2\/types\/post"}],"author":[{"embeddable":true,"href":"https:\/\/www.monsiegeautobebe.fr\/nb\/wp-json\/wp\/v2\/users\/2"}],"replies":[{"embeddable":true,"href":"https:\/\/www.monsiegeautobebe.fr\/nb\/wp-json\/wp\/v2\/comments?post=2374"}],"version-history":[{"count":0,"href":"https:\/\/www.monsiegeautobebe.fr\/nb\/wp-json\/wp\/v2\/posts\/2374\/revisions"}],"wp:featuredmedia":[{"embeddable":true,"href":"https:\/\/www.monsiegeautobebe.fr\/nb\/wp-json\/wp\/v2\/media\/2484"}],"wp:attachment":[{"href":"https:\/\/www.monsiegeautobebe.fr\/nb\/wp-json\/wp\/v2\/media?parent=2374"}],"wp:term":[{"taxonomy":"category","embeddable":true,"href":"https:\/\/www.monsiegeautobebe.fr\/nb\/wp-json\/wp\/v2\/categories?post=2374"},{"taxonomy":"post_tag","embeddable":true,"href":"https:\/\/www.monsiegeautobebe.fr\/nb\/wp-json\/wp\/v2\/tags?post=2374"}],"curies":[{"name":"wp","href":"https:\/\/api.w.org\/{rel}","templated":true}]}}