{"id":762,"date":"2019-06-25T18:24:40","date_gmt":"2019-06-25T18:24:40","guid":{"rendered":"https:\/\/monsiegeautobebe.fr\/?p=762"},"modified":"2023-02-18T15:35:24","modified_gmt":"2023-02-18T14:35:24","slug":"quale-gruppo-di-seggiolino-auto-scegliere","status":"publish","type":"post","link":"https:\/\/www.monsiegeautobebe.fr\/it\/quale-gruppo-di-seggiolino-auto-scegliere\/","title":{"rendered":"Quale gruppo di seggiolini auto scegliere per il vostro bambino?"},"content":{"rendered":"<p><a href=\"https:\/\/www.securite-routiere.gouv.fr\/chacun-sa-conduite\/conseils-sur-la-route-avec-les-enfants\/siege-auto-les-dispositifs-de-retenue\" target=\"_blank\" rel=\"nofollow noopener noreferrer\">In Francia, i seggiolini auto sono obbligatori per i bambini fino a 10 anni.<\/a>o fino a quando la loro taglia non consentir\u00e0 loro di utilizzare una cintura di sicurezza. La cosa pi\u00f9 importante da tenere a mente quando si sceglie una cintura di sicurezza \u00e8 <strong>per scegliere un <a href=\"https:\/\/www.monsiegeautobebe.fr\/it\/\">seggiolino auto<\/a> bambino o neonato<\/strong> \u00e8 quello di prendere in considerazione soprattutto <strong>il peso, l'altezza e l'et\u00e0 del bambino.<\/strong> Ogni seggiolino \u00e8 progettato secondo questi criteri per adattarsi al meglio alla morfologia dei bambini in ogni fase della loro crescita. Siate comunque vigili, perch\u00e9 potreste violare la legge se non siete a conoscenza di tutte le norme che regolano l'uso dei seggiolini auto. <strong>l'uso di seggiolini auto o di rialzo<\/strong>.<\/p>\n<div id=\"ez-toc-container\" class=\"ez-toc-v2_0_82_2 counter-hierarchy ez-toc-counter ez-toc-grey ez-toc-container-direction\">\n<div class=\"ez-toc-title-container\">\n<p class=\"ez-toc-title\" style=\"cursor:inherit\">Contenuti<\/p>\n<span class=\"ez-toc-title-toggle\"><a href=\"#\" class=\"ez-toc-pull-right ez-toc-btn ez-toc-btn-xs ez-toc-btn-default ez-toc-toggle\" aria-label=\"Allinea la tabella dei contenuti\"><span class=\"ez-toc-js-icon-con\"><span class=\"\"><span class=\"eztoc-hide\" style=\"display:none;\">Toggle<\/span><span class=\"ez-toc-icon-toggle-span\"><svg style=\"fill: #999;color:#999\" xmlns=\"http:\/\/www.w3.org\/2000\/svg\" class=\"list-377408\" width=\"20px\" height=\"20px\" viewbox=\"0 0 24 24\" fill=\"none\"><path d=\"M6 6H4v2h2V6zm14 0H8v2h12V6zM4 11h2v2H4v-2zm16 0H8v2h12v-2zM4 16h2v2H4v-2zm16 0H8v2h12v-2z\" fill=\"currentColor\"><\/path><\/svg><svg style=\"fill: #999;color:#999\" class=\"arrow-unsorted-368013\" xmlns=\"http:\/\/www.w3.org\/2000\/svg\" width=\"10px\" height=\"10px\" viewbox=\"0 0 24 24\" version=\"1.2\" baseprofile=\"tiny\"><path d=\"M18.2 9.3l-6.2-6.3-6.2 6.3c-.2.2-.3.4-.3.7s.1.5.3.7c.2.2.4.3.7.3h11c.3 0 .5-.1.7-.3.2-.2.3-.5.3-.7s-.1-.5-.3-.7zM5.8 14.7l6.2 6.3 6.2-6.3c.2-.2.3-.5.3-.7s-.1-.5-.3-.7c-.2-.2-.4-.3-.7-.3h-11c-.3 0-.5.1-.7.3-.2.2-.3.5-.3.7s.1.5.3.7z\"\/><\/svg><\/span><\/span><\/span><\/a><\/span><\/div>\n<nav><ul class='ez-toc-list ez-toc-list-level-1 eztoc-toggle-hide-by-default' ><li class='ez-toc-page-1 ez-toc-heading-level-2'><a class=\"ez-toc-link ez-toc-heading-1\" href=\"https:\/\/www.monsiegeautobebe.fr\/it\/quale-gruppo-di-seggiolino-auto-scegliere\/#Comment_Choisir_un_Siege_Auto_Bebe_selon_lAge_de_son_Enfant\" >Come scegliere il seggiolino auto in base all'et\u00e0 del bambino?<\/a><ul class='ez-toc-list-level-4' ><li class='ez-toc-heading-level-4'><ul class='ez-toc-list-level-4' ><li class='ez-toc-heading-level-4'><a class=\"ez-toc-link ez-toc-heading-2\" href=\"https:\/\/www.monsiegeautobebe.fr\/it\/quale-gruppo-di-seggiolino-auto-scegliere\/#Groupe_0_de_la_naissance_a_10_kg_jusqua_70_cm\" >Gruppo 0 : dalla nascita a 10 kg* \/ fino a 70 cm**<\/a><\/li><li class='ez-toc-page-1 ez-toc-heading-level-4'><a class=\"ez-toc-link ez-toc-heading-3\" href=\"https:\/\/www.monsiegeautobebe.fr\/it\/quale-gruppo-di-seggiolino-auto-scegliere\/#Groupe_0_de_la_naissance_a_13_kg_jusqua_80_cm\" >Gruppo 0+ : dalla nascita a 13 kg* \/ fino a 80 cm**<\/a><\/li><li class='ez-toc-page-1 ez-toc-heading-level-4'><a class=\"ez-toc-link ez-toc-heading-4\" href=\"https:\/\/www.monsiegeautobebe.fr\/it\/quale-gruppo-di-seggiolino-auto-scegliere\/#Groupe_1_de_9_a_18_kg_jusqua_100_cm\" >Gruppo 1 : da 9 a 18 kg* \/ fino a 100 cm**<\/a><\/li><li class='ez-toc-page-1 ez-toc-heading-level-4'><a class=\"ez-toc-link ez-toc-heading-5\" href=\"https:\/\/www.monsiegeautobebe.fr\/it\/quale-gruppo-di-seggiolino-auto-scegliere\/#Groupe_2_de_15_a_25_kg_et_groupe_3_de_22_a_36_kg_jusqua_150_cm\" >Gruppo 2 da 15 a 25 kg* e gruppo 3 da 22 a 36 kg* \/ fino a 150 cm**.<\/a><\/li><\/ul><\/li><\/ul><\/li><li class='ez-toc-page-1 ez-toc-heading-level-2'><a class=\"ez-toc-link ez-toc-heading-6\" href=\"https:\/\/www.monsiegeautobebe.fr\/it\/quale-gruppo-di-seggiolino-auto-scegliere\/#Quand_Faut-il_Changer_de_Groupe_de_Siege_Auto\" >Quando devo cambiare il gruppo del seggiolino auto?<\/a><\/li><li class='ez-toc-page-1 ez-toc-heading-level-2'><a class=\"ez-toc-link ez-toc-heading-7\" href=\"https:\/\/www.monsiegeautobebe.fr\/it\/quale-gruppo-di-seggiolino-auto-scegliere\/#Comment_Reconnaitre_un_Siege_Auto_Bebe_Homologues\" >Come riconoscere un seggiolino auto omologato?<\/a><\/li><li class='ez-toc-page-1 ez-toc-heading-level-2'><a class=\"ez-toc-link ez-toc-heading-8\" href=\"https:\/\/www.monsiegeautobebe.fr\/it\/quale-gruppo-di-seggiolino-auto-scegliere\/#Quelles_sont_les_Derogations_Incluses_dans_la_Reglementation\" >Quali sono le esenzioni previste dalla normativa?<\/a><ul class='ez-toc-list-level-5' ><li class='ez-toc-heading-level-5'><ul class='ez-toc-list-level-5' ><li class='ez-toc-heading-level-5'><ul class='ez-toc-list-level-5' ><li class='ez-toc-heading-level-5'><a class=\"ez-toc-link ez-toc-heading-9\" href=\"https:\/\/www.monsiegeautobebe.fr\/it\/quale-gruppo-di-seggiolino-auto-scegliere\/#Quelques_points_important_a_retenir_lors_du_choix\" >Ecco alcuni punti importanti da tenere a mente al momento della scelta:<\/a><\/li><\/ul><\/li><\/ul><\/li><\/ul><\/li><li class='ez-toc-page-1 ez-toc-heading-level-2'><a class=\"ez-toc-link ez-toc-heading-10\" href=\"https:\/\/www.monsiegeautobebe.fr\/it\/quale-gruppo-di-seggiolino-auto-scegliere\/#Quelles_sont_les_Consequences_en_Cas_de_Non-Respect_de_la_Reglementation\" >Quali sono le conseguenze in caso di mancato rispetto dei regolamenti?<\/a><\/li><\/ul><\/nav><\/div>\n<h2><span class=\"ez-toc-section\" id=\"Comment_Choisir_un_Siege_Auto_Bebe_selon_lAge_de_son_Enfant\"><\/span>Come scegliere il seggiolino auto in base all'et\u00e0 del bambino?<span class=\"ez-toc-section-end\"><\/span><\/h2>\n<p>La prima cosa da ricordare \u00e8 che <strong>le norme non si applicano in base all'et\u00e0 del bambino<\/strong>ma secondo <strong>del suo peso<\/strong> <em>(regolamento R44\/04)<\/em> o <strong>le sue dimensioni<\/strong> <em>(regolamento R129 (i-Size))<\/em>. Quindi non fidatevi della vicina che vi dice che i suoi figli hanno usato lo stesso seggiolino dai 2 ai 6 anni.<\/p>\n<ul>\n<li>Regolamento europeo R44\/04<\/li>\n<\/ul>\n<p>La normativa europea R44\/04 suddivide i seggiolini auto in <strong>5 gruppi<\/strong> corrispondente <strong>il peso del bambino<\/strong> per cui sono adatti. Oggi \u00e8 ancora consentito commercializzare e utilizzare seggiolini auto per bambini omologati secondo la normativa R44\/04. Tuttavia, nei prossimi anni queste norme saranno gradualmente eliminate a favore di seggiolini omologati per bambini. Tuttavia, nei prossimi anni \u00e8 prevista l'eliminazione graduale di queste norme a favore di <strong>l'ultima normativa europea R129 (i-Size)<\/strong>.<\/p>\n<p><strong>Regolamento europeo R44\/04<\/strong> classifica i sistemi di ritenuta in <strong>5 gruppi<\/strong> distinto :<\/p>\n<ol>\n<li style=\"list-style-type: none;\">\n<ol>\n<li style=\"list-style-type: none;\">\n<ul>\n<li><strong>Gruppo 0 :<\/strong> <em>dalla nascita a 10 kg (circa 9 mesi)<\/em><\/li>\n<li><strong>Gruppo 0+ :<\/strong> <em>dalla nascita a 13 kg (circa 15 mesi)<\/em><\/li>\n<li><strong>Gruppo 1:<\/strong> <em>da 9 a 18 kg (circa da 8 mesi a 4 anni)<\/em><\/li>\n<li><strong>Gruppo 2:<\/strong> <em>da 15 a 25 kg (circa da 3 a 7 anni)<\/em><\/li>\n<li><strong>Gruppo 3:<\/strong> <em>da 22 a 36 kg (circa da 6 a 12 anni)<\/em><\/li>\n<\/ul>\n<\/li>\n<\/ol>\n<\/li>\n<\/ol>\n<p>Alcuni cosiddetti <em><strong>\"evolversi<\/strong><\/em> pu\u00f2 coprire contemporaneamente <strong>diverse fasce di peso<\/strong> e possono quindi essere utilizzati per tutti i gruppi a cui appartengono:<\/p>\n<ol>\n<li style=\"list-style-type: none;\">\n<ol>\n<li style=\"list-style-type: none;\">\n<ul>\n<li><strong>Gruppo 0+\/1 :<\/strong> <em>dalla nascita a 18 kg (circa 4 anni)<\/em><\/li>\n<li><strong>Gruppo 1\/2\/3 :<\/strong> <em>da 9 a 36 kg (circa da 8 mesi a 12 anni)<\/em><\/li>\n<li><strong>Gruppo 2\/3 :<\/strong> <em>da 15 a 36 kg (circa da 3 a 12 anni)<\/em><\/li>\n<\/ul>\n<\/li>\n<\/ol>\n<\/li>\n<\/ol>\n<figure id=\"attachment_779\" aria-describedby=\"caption-attachment-779\" style=\"width: 7000px\" class=\"wp-caption aligncenter\"><img fetchpriority=\"high\" decoding=\"async\" class=\"size-full wp-image-779\" src=\"https:\/\/monsiegeautobebe.fr\/wp-content\/uploads\/2019\/06\/siege-auto-groupe-reglementation-r44.jpg\" alt=\"Classificazione dei seggiolini auto secondo il regolamento europeo R44\/04\" width=\"7000\" height=\"400\" \/><figcaption id=\"caption-attachment-779\" class=\"wp-caption-text\">Classificazione dei seggiolini auto secondo il regolamento europeo R44\/04<\/figcaption><\/figure>\n<h4><span class=\"ez-toc-section\" id=\"Groupe_0_de_la_naissance_a_10_kg_jusqua_70_cm\"><\/span>Gruppo 0 : dalla nascita a 10 kg* \/ fino a 70 cm**<span class=\"ez-toc-section-end\"><\/span><\/h4>\n<p>Ci sono soprattutto lettini per navicella, ma anche alcuni lettini a conchiglia. La navicella consente di mettere il neonato in posizione reclinata durante i viaggi in auto. La navicella viene montata parallelamente allo schienale del sedile posteriore, con la testa del bambino al centro e i piedi rivolti verso la portiera dell'auto. Anche se le nuove navicelle, come la Jade di B\u00e9b\u00e9 Confort, sono molto pi\u00f9 sicure, \u00e8 preferibile utilizzare un seggiolino auto o un cosi per i viaggi del bambino, che sar\u00e0 pi\u00f9 adatto.<\/p>\n<ul>\n<li>La nostra selezione di conchiglie per bambini Gruppo 0+<\/li>\n<\/ul>\n<div id=\"tablepress-17-scroll-wrapper\" class=\"tablepress-scroll-wrapper\">\n\n<table id=\"tablepress-17\" class=\"tablepress tablepress-id-17 tablepress-responsive\">\n<thead>\n<tr class=\"row-1\">\n\t<td class=\"column-1\"><\/td><th class=\"column-2\"><center><img decoding=\"async\" src=\"https:\/\/monsiegeautobebe.fr\/wp-content\/uploads\/2019\/06\/siege-auto-kiddy-evolution-pro-2-150x150.jpg\" alt=\"Seggiolino auto Gruppo 0+ Kiddy Evolution Pro 2\" width=\"100\" height=\"100\" class=\"aligncenter size-thumbnail wp-image-874\" srcset=\"https:\/\/www.monsiegeautobebe.fr\/wp-content\/uploads\/2019\/06\/siege-auto-kiddy-evolution-pro-2-150x150.jpg 150w, https:\/\/www.monsiegeautobebe.fr\/wp-content\/uploads\/2019\/06\/siege-auto-kiddy-evolution-pro-2-300x300.jpg 300w, https:\/\/www.monsiegeautobebe.fr\/wp-content\/uploads\/2019\/06\/siege-auto-kiddy-evolution-pro-2-336x336.jpg 336w, https:\/\/www.monsiegeautobebe.fr\/wp-content\/uploads\/2019\/06\/siege-auto-kiddy-evolution-pro-2-600x600.jpg 600w, https:\/\/www.monsiegeautobebe.fr\/wp-content\/uploads\/2019\/06\/siege-auto-kiddy-evolution-pro-2-768x768.jpg 768w, https:\/\/www.monsiegeautobebe.fr\/wp-content\/uploads\/2019\/06\/siege-auto-kiddy-evolution-pro-2-1024x1024.jpg 1024w, https:\/\/www.monsiegeautobebe.fr\/wp-content\/uploads\/2019\/06\/siege-auto-kiddy-evolution-pro-2.jpg 1050w\" sizes=\"(max-width: 100px) 100vw, 100px\" \/>Bambini<br \/>\nEvolution Pro 2<\/center><\/th><th class=\"column-3\"><center><img decoding=\"async\" src=\"https:\/\/monsiegeautobebe.fr\/wp-content\/uploads\/2019\/06\/coque-b\u00e9b\u00e9-cybex-aton-q-150x150.jpg\" alt=\"Gruppo 0+ Cybex Aton Q guscio per bambini\" width=\"100\" height=\"100\" class=\"aligncenter size-thumbnail wp-image-874\" \/>Cybex<br \/>\nAton Q<\/center><\/th><th class=\"column-4\"><center><img loading=\"lazy\" decoding=\"async\" src=\"https:\/\/monsiegeautobebe.fr\/wp-content\/uploads\/2019\/06\/coque-b\u00e9b\u00e9-cybex-cloud-q-150x150.jpg\" alt=\"Gruppo 0+ Cybex Aton Cloud Q guscio per bambini\" width=\"100\" height=\"100\" class=\"aligncenter size-thumbnail wp-image-873\" \/>Cybex<br \/>\nNuvola Q<\/center><\/th><th class=\"column-5\"><center><img loading=\"lazy\" decoding=\"async\" src=\"https:\/\/monsiegeautobebe.fr\/wp-content\/uploads\/2019\/06\/siege-auto-bebe-confort-cabriofix-150x150.jpg\" alt=\"Seggiolino auto Gruppo 0+ B\u00e9b\u00e9 Confort Cabriofix\" width=\"100\" height=\"100\" class=\"aligncenter size-thumbnail wp-image-872\" srcset=\"https:\/\/www.monsiegeautobebe.fr\/wp-content\/uploads\/2019\/06\/siege-auto-bebe-confort-cabriofix-150x150.jpg 150w, https:\/\/www.monsiegeautobebe.fr\/wp-content\/uploads\/2019\/06\/siege-auto-bebe-confort-cabriofix-300x300.jpg 300w, https:\/\/www.monsiegeautobebe.fr\/wp-content\/uploads\/2019\/06\/siege-auto-bebe-confort-cabriofix-336x336.jpg 336w, https:\/\/www.monsiegeautobebe.fr\/wp-content\/uploads\/2019\/06\/siege-auto-bebe-confort-cabriofix-600x600.jpg 600w, https:\/\/www.monsiegeautobebe.fr\/wp-content\/uploads\/2019\/06\/siege-auto-bebe-confort-cabriofix-768x768.jpg 768w, https:\/\/www.monsiegeautobebe.fr\/wp-content\/uploads\/2019\/06\/siege-auto-bebe-confort-cabriofix-1024x1024.jpg 1024w, https:\/\/www.monsiegeautobebe.fr\/wp-content\/uploads\/2019\/06\/siege-auto-bebe-confort-cabriofix.jpg 1050w\" sizes=\"(max-width: 100px) 100vw, 100px\" \/>Bambino Confort<br \/>\nCabrioFix<\/center><\/th>\n<\/tr>\n<\/thead>\n<tbody class=\"row-striping row-hover\">\n<tr class=\"row-2\">\n\t<td class=\"column-1\"><\/td><td class=\"column-2\"><a href=\"https:\/\/www.awin1.com\/cread.php?awinmid=6948&amp;awinaffid=561535&amp;clickref=Kiddy+Evolution+Pro+2&amp;p=%5B%5Bhttps%253A%252F%252Fwww.cdiscount.com%252Fpret-a-porter%252Fbebe-puericulture%252Fkiddy-siege-coque-evolution-pro-2-spring-green%252Ff-11317710110-kid4009749366213.html%5D%5D\" class=\"sc-button sc-button-default\" target=\"_blank\" rel=\"noopener\"><span>VEDI PREZZO<\/span><\/a><\/td><td class=\"column-3\"><a href=\"http:\/\/rover.ebay.com\/rover\/1\/709-53476-19255-0\/1?icep_ff3=9&amp;pub=5575362389&amp;toolid=10001&amp;campid=5338556892&amp;customid=&amp;icep_uq=Cybex+Aton+Q&amp;icep_sellerId=&amp;icep_ex_kw=&amp;icep_sortBy=12&amp;icep_catId=&amp;icep_minPrice=&amp;icep_maxPrice=&amp;ipn=psmain&amp;icep_vectorid=229480&amp;kwid=902099&amp;mtid=824&amp;kw=lg\" class=\"sc-button sc-button-default\" target=\"_blank\" rel=\"noopener\"><span>VEDI PREZZO<\/span><\/a><\/td><td class=\"column-4\"><a href=\"http:\/\/rover.ebay.com\/rover\/1\/709-53476-19255-0\/1?icep_ff3=9&amp;pub=5575362389&amp;toolid=10001&amp;campid=5338607654&amp;customid=&amp;icep_uq=Cybex+Cloud+Q&amp;icep_sellerId=&amp;icep_ex_kw=&amp;icep_sortBy=12&amp;icep_catId=&amp;icep_minPrice=&amp;icep_maxPrice=&amp;ipn=psmain&amp;icep_vectorid=229480&amp;kwid=902099&amp;mtid=824&amp;kw=lg\" class=\"sc-button sc-button-default\" target=\"_blank\" rel=\"noopener\"><span>VEDI PREZZO<\/span><\/a><\/td><td class=\"column-5\"><a href=\"https:\/\/amzn.to\/2IL3R1o\" class=\"sc-button sc-button-default\" target=\"_blank\" rel=\"noopener\"><span>VEDI PREZZO<\/span><\/a><\/td>\n<\/tr>\n<tr class=\"row-3\">\n\t<td class=\"column-1\">Certificazione<\/td><td class=\"column-2\">R44\/04<\/td><td class=\"column-3\">R44\/04<\/td><td class=\"column-4\">R44\/04<\/td><td class=\"column-5\">R44\/04<\/td>\n<\/tr>\n<tr class=\"row-4\">\n\t<td class=\"column-1\">Classificazione<\/td><td class=\"column-2\">Gruppo 0+<\/td><td class=\"column-3\">Gruppo 0+<\/td><td class=\"column-4\">Gruppo 0+<\/td><td class=\"column-5\">Gruppo 0+<\/td>\n<\/tr>\n<tr class=\"row-5\">\n\t<td class=\"column-1\">Peso del bambino<\/td><td class=\"column-2\">0 - 13 kg<\/td><td class=\"column-3\">0 - 13 kg<\/td><td class=\"column-4\">0 - 13 kg<\/td><td class=\"column-5\">0 - 13 kg<\/td>\n<\/tr>\n<tr class=\"row-6\">\n\t<td class=\"column-1\">Posizione di viaggio<\/td><td class=\"column-2\">Ritorno alla strada<\/td><td class=\"column-3\">Ritorno alla strada<\/td><td class=\"column-4\">Ritorno alla strada<\/td><td class=\"column-5\">Ritorno alla strada<\/td>\n<\/tr>\n<tr class=\"row-7\">\n\t<td class=\"column-1\">Sistema di fissaggio<\/td><td class=\"column-2\">Cintura di sicurezza o ISOFIX con base ISOFIX 2<\/td><td class=\"column-3\">Cintura di sicurezza o ISOFIX con <a href=\"https:\/\/amzn.to\/31Y0OdE\" rel=\"noopener nofollow\" target=\"_blank\">Base Q-Fix<\/a><br \/>\n<\/td><td class=\"column-4\">Cintura di sicurezza o ISOFIX con <a href=\"https:\/\/amzn.to\/31Y0OdE\" rel=\"noopener nofollow\" target=\"_blank\">Base Q-Fix<\/a><\/td><td class=\"column-5\">Cintura di sicurezza o ISOFIX con <a href=\"https:\/\/amzn.to\/2X9ueH6\" rel=\"nofollow noopener\" target=\"_blank\">la base FamiliFix<\/a><\/td>\n<\/tr>\n<tr class=\"row-8\">\n\t<td class=\"column-1\">Riduttore per neonati<\/td><td class=\"column-2\"><center><img loading=\"lazy\" decoding=\"async\" src=\"https:\/\/monsiegeautobebe.fr\/wp-content\/uploads\/2019\/03\/icon-yes.png\" alt=\"\" width=\"16\" height=\"16\" class=\"aligncenter size-full wp-image-693\" \/><\/center><\/td><td class=\"column-3\"><center><img loading=\"lazy\" decoding=\"async\" src=\"https:\/\/monsiegeautobebe.fr\/wp-content\/uploads\/2019\/03\/icon-yes.png\" alt=\"\" width=\"16\" height=\"16\" class=\"aligncenter size-full wp-image-693\" \/><\/center><\/td><td class=\"column-4\"><center><img loading=\"lazy\" decoding=\"async\" src=\"https:\/\/monsiegeautobebe.fr\/wp-content\/uploads\/2019\/03\/icon-yes.png\" alt=\"\" width=\"16\" height=\"16\" class=\"aligncenter size-full wp-image-693\" \/><\/center><\/td><td class=\"column-5\"><center><img loading=\"lazy\" decoding=\"async\" src=\"https:\/\/monsiegeautobebe.fr\/wp-content\/uploads\/2019\/03\/icon-yes.png\" alt=\"\" width=\"16\" height=\"16\" class=\"aligncenter size-full wp-image-693\" \/><\/center><\/td>\n<\/tr>\n<tr class=\"row-9\">\n\t<td class=\"column-1\">Sistema di ritenuta per bambini<\/td><td class=\"column-2\">Imbracatura a 3 punti<\/td><td class=\"column-3\">Imbracatura a 3 punti<\/td><td class=\"column-4\">Imbracatura a 3 punti<\/td><td class=\"column-5\">Imbracatura a 3 punti<\/td>\n<\/tr>\n<tr class=\"row-10\">\n\t<td class=\"column-1\">Risultati dei crash test ADAC<\/td><td class=\"column-2\"><a href=\"https:\/\/monsiegeautobebe.fr\/wp-content\/uploads\/2019\/06\/adac-crash-test-kiddy-evolution-pro-2.jpg\" target=\"_blank\"><img loading=\"lazy\" decoding=\"async\" src=\"https:\/\/monsiegeautobebe.fr\/wp-content\/uploads\/2019\/06\/adac-crash-test-kiddy-evolution-pro-2-300x203.jpg\" alt=\"Risultati del crash test di ADAC Kiddy Evolution Pro 2\" width=\"110\" height=\"74\" class=\"aligncenter size-medium wp-image-953\" srcset=\"https:\/\/www.monsiegeautobebe.fr\/wp-content\/uploads\/2019\/06\/adac-crash-test-kiddy-evolution-pro-2-300x203.jpg 300w, https:\/\/www.monsiegeautobebe.fr\/wp-content\/uploads\/2019\/06\/adac-crash-test-kiddy-evolution-pro-2-104x69.jpg 104w, https:\/\/www.monsiegeautobebe.fr\/wp-content\/uploads\/2019\/06\/adac-crash-test-kiddy-evolution-pro-2.jpg 500w\" sizes=\"(max-width: 110px) 100vw, 110px\" \/><\/a><\/td><td class=\"column-3\"><a href=\"https:\/\/monsiegeautobebe.fr\/wp-content\/uploads\/2019\/06\/adac-crash-test-cybex-aton-q.jpg\" target=\"_blank\"><img loading=\"lazy\" decoding=\"async\" src=\"https:\/\/monsiegeautobebe.fr\/wp-content\/uploads\/2019\/06\/adac-crash-test-cybex-aton-q-300x203.jpg\" alt=\"Risultati del crash test ADAC Cybex Aton Q\" width=\"110\" height=\"74\" class=\"aligncenter size-medium wp-image-982\" srcset=\"https:\/\/www.monsiegeautobebe.fr\/wp-content\/uploads\/2019\/06\/adac-crash-test-cybex-aton-q-300x203.jpg 300w, https:\/\/www.monsiegeautobebe.fr\/wp-content\/uploads\/2019\/06\/adac-crash-test-cybex-aton-q-104x69.jpg 104w, https:\/\/www.monsiegeautobebe.fr\/wp-content\/uploads\/2019\/06\/adac-crash-test-cybex-aton-q.jpg 500w\" sizes=\"(max-width: 110px) 100vw, 110px\" \/><\/a><\/td><td class=\"column-4\"><a href=\"https:\/\/monsiegeautobebe.fr\/wp-content\/uploads\/2019\/06\/adac-crash-test-cybex-cloud-q.jpg\" target=\"_blank\"><img loading=\"lazy\" decoding=\"async\" src=\"https:\/\/monsiegeautobebe.fr\/wp-content\/uploads\/2019\/06\/adac-crash-test-cybex-cloud-q-300x203.jpg\" alt=\"Risultati del crash test ADAC Cybex Cloud Q\" width=\"110\" height=\"74\" class=\"aligncenter size-medium wp-image-949\" srcset=\"https:\/\/www.monsiegeautobebe.fr\/wp-content\/uploads\/2019\/06\/adac-crash-test-cybex-cloud-q-300x203.jpg 300w, https:\/\/www.monsiegeautobebe.fr\/wp-content\/uploads\/2019\/06\/adac-crash-test-cybex-cloud-q-104x69.jpg 104w, https:\/\/www.monsiegeautobebe.fr\/wp-content\/uploads\/2019\/06\/adac-crash-test-cybex-cloud-q.jpg 500w\" sizes=\"(max-width: 110px) 100vw, 110px\" \/><\/a><\/td><td class=\"column-5\"><a href=\"https:\/\/monsiegeautobebe.fr\/wp-content\/uploads\/2019\/06\/adac-crash-test-bebe-confort-cabriofix.jpg\" target=\"_blank\"><img loading=\"lazy\" decoding=\"async\" src=\"https:\/\/monsiegeautobebe.fr\/wp-content\/uploads\/2019\/06\/adac-crash-test-bebe-confort-cabriofix-300x203.jpg\" alt=\"Risultati del crash test ADAC B\u00e9b\u00e9 Confort CabrioFix\" width=\"110\" height=\"74\" class=\"aligncenter size-medium wp-image-966\" srcset=\"https:\/\/www.monsiegeautobebe.fr\/wp-content\/uploads\/2019\/06\/adac-crash-test-bebe-confort-cabriofix-300x203.jpg 300w, https:\/\/www.monsiegeautobebe.fr\/wp-content\/uploads\/2019\/06\/adac-crash-test-bebe-confort-cabriofix-104x69.jpg 104w, https:\/\/www.monsiegeautobebe.fr\/wp-content\/uploads\/2019\/06\/adac-crash-test-bebe-confort-cabriofix.jpg 500w\" sizes=\"(max-width: 110px) 100vw, 110px\" \/><\/a><\/td>\n<\/tr>\n<\/tbody>\n<\/table>\n\n<\/div><!-- #tablepress-17 from cache --><h4><span class=\"ez-toc-section\" id=\"Groupe_0_de_la_naissance_a_13_kg_jusqua_80_cm\"><\/span>Gruppo 0+ : dalla nascita a 13 kg* \/ fino a 80 cm**<span class=\"ez-toc-section-end\"><\/span><\/h4>\n<p>Questo \u00e8 un <a href=\"https:\/\/www.monsiegeautobebe.fr\/it\/come-scegliere-seggiolino-auto\/\">seggiolino auto per bambini<\/a> chiamato <strong>scafo o cosi<\/strong>. Consente di posizionare <strong>il bambino in posizione semisdraiata<\/strong> mantenuto da <strong>un'imbracatura a 3 o 5 punti<\/strong>. Le Cosis sono sistematicamente installate <strong>ritorno alla strada<\/strong>. Pu\u00f2 essere <strong>installato sulla panca posteriore<\/strong> o su <strong>il sedile anteriore del passeggero del veicolo<\/strong> a condizione che l'airbag sia disattivato. Il cosi \u00e8 un seggiolino multiuso che pu\u00f2 essere utilizzato come seggiolino auto per tenere il bambino al sicuro durante i viaggi in auto, oppure agganciato al telaio di un passeggino per le gite fuori porta.<\/p>\n<p><center><a href=\"https:\/\/www.monsiegeautobebe.fr\/it\/miglior-seggiolini-auto-bambini\/\" class=\"sc-button sc-button-default sc-button-large\"><span>SCOPRI LE MIGLIORI COPERTINE E CONCHIGLIE PER NEONATI<\/span><\/a><\/center><\/p>\n<ul>\n<li>La nostra selezione di conchiglie per bambini Gruppo 0+<\/li>\n<\/ul>\n<div id=\"tablepress-19-scroll-wrapper\" class=\"tablepress-scroll-wrapper\">\n\n<table id=\"tablepress-19\" class=\"tablepress tablepress-id-19 tablepress-responsive\">\n<thead>\n<tr class=\"row-1\">\n\t<td class=\"column-1\"><\/td><th class=\"column-2\"><center><img loading=\"lazy\" decoding=\"async\" src=\"https:\/\/monsiegeautobebe.fr\/wp-content\/uploads\/2019\/06\/coque-bebe-besafe-izi-go-x1-150x150.jpg\" alt=\"Copri seggiolino auto BeSafe iZi Go X1 gruppo 0+\" width=\"100\" height=\"100\" class=\"aligncenter size-thumbnail wp-image-872\" \/>BeSafe<br \/>\niZi Go X1<\/center><\/th><th class=\"column-3\"><center><img loading=\"lazy\" decoding=\"async\" src=\"https:\/\/monsiegeautobebe.fr\/wp-content\/uploads\/2019\/06\/coque-b\u00e9b\u00e9-britax-baby-safe-plus-shr-ii-150x150.jpg\" alt=\"Britax BABY-SAFE PLUS SHR II gruppo 0+ copriseggiolino auto per bambini\" width=\"100\" height=\"100\" class=\"aligncenter size-thumbnail wp-image-872\" \/>Britax<br \/>\nBaby-Safe Plus SHR II<\/center><\/th><th class=\"column-4\"><center><img loading=\"lazy\" decoding=\"async\" src=\"https:\/\/monsiegeautobebe.fr\/wp-content\/uploads\/2019\/06\/siege-auto-cybex-aton-5-150x150.jpg\" alt=\"Seggiolino auto Gruppo 0+ Cybex Aton 5\" width=\"100\" height=\"100\" class=\"aligncenter size-thumbnail wp-image-873\" srcset=\"https:\/\/www.monsiegeautobebe.fr\/wp-content\/uploads\/2019\/06\/siege-auto-cybex-aton-5-150x150.jpg 150w, https:\/\/www.monsiegeautobebe.fr\/wp-content\/uploads\/2019\/06\/siege-auto-cybex-aton-5-300x300.jpg 300w, https:\/\/www.monsiegeautobebe.fr\/wp-content\/uploads\/2019\/06\/siege-auto-cybex-aton-5-336x336.jpg 336w, https:\/\/www.monsiegeautobebe.fr\/wp-content\/uploads\/2019\/06\/siege-auto-cybex-aton-5-600x600.jpg 600w, https:\/\/www.monsiegeautobebe.fr\/wp-content\/uploads\/2019\/06\/siege-auto-cybex-aton-5-768x768.jpg 768w, https:\/\/www.monsiegeautobebe.fr\/wp-content\/uploads\/2019\/06\/siege-auto-cybex-aton-5-1024x1024.jpg 1024w, https:\/\/www.monsiegeautobebe.fr\/wp-content\/uploads\/2019\/06\/siege-auto-cybex-aton-5.jpg 1050w\" sizes=\"(max-width: 100px) 100vw, 100px\" \/>Cybex<br \/>\nAton 5<\/center><\/th>\n<\/tr>\n<\/thead>\n<tbody class=\"row-striping row-hover\">\n<tr class=\"row-2\">\n\t<td class=\"column-1\"><\/td><td class=\"column-2\"><a href=\"https:\/\/action.metaffiliation.com\/trk.php?mclic=P4F9AB571995171&amp;redir=https%3A%2F%2Fwww.allobebe.fr%2Fsiege-auto-coque-izi-go-x1-black-cab-groupe-0-aES031130641.html\" class=\"sc-button sc-button-default\" target=\"_blank\" rel=\"noopener\"><span>VEDI PREZZO<\/span><\/a><\/td><td class=\"column-3\"><a href=\"https:\/\/amzn.to\/2ZOq4RZ\" class=\"sc-button sc-button-default\" target=\"_blank\" rel=\"noopener\"><span>VEDI PREZZO<\/span><\/a><\/td><td class=\"column-4\"><a href=\"https:\/\/amzn.to\/2Fz91LZ\" class=\"sc-button sc-button-default\" target=\"_blank\" rel=\"noopener\"><span>VEDI PREZZO<\/span><\/a><\/td>\n<\/tr>\n<tr class=\"row-3\">\n\t<td class=\"column-1\">Certificazione<\/td><td class=\"column-2\">R44\/04<\/td><td class=\"column-3\">R44\/04<\/td><td class=\"column-4\">R44\/04<\/td>\n<\/tr>\n<tr class=\"row-4\">\n\t<td class=\"column-1\">Classificazione<\/td><td class=\"column-2\">Gruppo 0+<\/td><td class=\"column-3\">Gruppo 0+<\/td><td class=\"column-4\">Gruppo 0+<\/td>\n<\/tr>\n<tr class=\"row-5\">\n\t<td class=\"column-1\">Peso del bambino<\/td><td class=\"column-2\">0 - 13 kg<\/td><td class=\"column-3\">0 - 13 kg<\/td><td class=\"column-4\">0 - 13 kg<\/td>\n<\/tr>\n<tr class=\"row-6\">\n\t<td class=\"column-1\">Posizione di viaggio<\/td><td class=\"column-2\">Ritorno alla strada<\/td><td class=\"column-3\">Ritorno alla strada<\/td><td class=\"column-4\">Ritorno alla strada<\/td>\n<\/tr>\n<tr class=\"row-7\">\n\t<td class=\"column-1\">Sistema di fissaggio<\/td><td class=\"column-2\">Cintura di sicurezza o ISOFIX con <a href=\"https:\/\/www.allobebe.fr\/base-izi-go-isofix-aES031050014.html\" rel=\"noopener nofollow\" target=\"_blank\">Base iZi Go<\/a><\/td><td class=\"column-3\">Cintura di sicurezza con o senza <a href=\"https:\/\/amzn.to\/2xgvNnA\" rel=\"noopener nofollow\" target=\"_blank\">Base con cintura di sicurezza per bambini<\/a> o ISOFIX con <a href=\"https:\/\/amzn.to\/2KDNDcM\" rel=\"noopener nofollow\" target=\"_blank\">Base ISOFIX a prova di bambino<\/a><\/td><td class=\"column-4\">Cintura di sicurezza o ISOFIX con <a href=\"https:\/\/amzn.to\/2X8zYRI\" rel=\"nofollow noopener\" target=\"_blank\">Aton Base 2-fix<\/a> o <a href=\"https:\/\/amzn.to\/2FzT6ND\" rel=\"nofollow noopener\" target=\"_blank\">Base Aton 2<\/a><\/td>\n<\/tr>\n<tr class=\"row-8\">\n\t<td class=\"column-1\">Riduttore per neonati<\/td><td class=\"column-2\"><center><img loading=\"lazy\" decoding=\"async\" src=\"https:\/\/monsiegeautobebe.fr\/wp-content\/uploads\/2019\/03\/icon-yes.png\" alt=\"\" width=\"16\" height=\"16\" class=\"aligncenter size-full wp-image-693\" \/><\/center><\/td><td class=\"column-3\"><center><img loading=\"lazy\" decoding=\"async\" src=\"https:\/\/monsiegeautobebe.fr\/wp-content\/uploads\/2019\/03\/icon-yes.png\" alt=\"\" width=\"16\" height=\"16\" class=\"aligncenter size-full wp-image-693\" \/><\/center><\/td><td class=\"column-4\"><center><img loading=\"lazy\" decoding=\"async\" src=\"https:\/\/monsiegeautobebe.fr\/wp-content\/uploads\/2019\/03\/icon-yes.png\" alt=\"\" width=\"16\" height=\"16\" class=\"aligncenter size-full wp-image-693\" \/><\/center><\/td>\n<\/tr>\n<tr class=\"row-9\">\n\t<td class=\"column-1\">Sistema di ritenuta per bambini<\/td><td class=\"column-2\">Imbracatura a 5 punti<\/td><td class=\"column-3\">Imbracatura a 5 punti<\/td><td class=\"column-4\">Imbracatura a 3 punti<\/td>\n<\/tr>\n<tr class=\"row-10\">\n\t<td class=\"column-1\">Risultati dei crash test ADAC<\/td><td class=\"column-2\"><a href=\"https:\/\/monsiegeautobebe.fr\/wp-content\/uploads\/2019\/06\/adac-crash-test-besafe-izi-go-x1.jpg\" target=\"_blank\"><img loading=\"lazy\" decoding=\"async\" src=\"https:\/\/monsiegeautobebe.fr\/wp-content\/uploads\/2019\/06\/adac-crash-test-besafe-izi-go-x1-300x203.jpg\" alt=\"Risultati del crash test ADAC BeSafe iZi Go X1\" width=\"120\" height=\"81\" class=\"aligncenter size-medium wp-image-974\" srcset=\"https:\/\/www.monsiegeautobebe.fr\/wp-content\/uploads\/2019\/06\/adac-crash-test-besafe-izi-go-x1-300x203.jpg 300w, https:\/\/www.monsiegeautobebe.fr\/wp-content\/uploads\/2019\/06\/adac-crash-test-besafe-izi-go-x1-104x69.jpg 104w, https:\/\/www.monsiegeautobebe.fr\/wp-content\/uploads\/2019\/06\/adac-crash-test-besafe-izi-go-x1.jpg 500w\" sizes=\"(max-width: 120px) 100vw, 120px\" \/><\/a><\/td><td class=\"column-3\"><a href=\"https:\/\/monsiegeautobebe.fr\/wp-content\/uploads\/2019\/06\/adac-crash-test-britax-baby-safe-plus-shr-ii.jpg\" target=\"_blank\"><img loading=\"lazy\" decoding=\"async\" src=\"https:\/\/monsiegeautobebe.fr\/wp-content\/uploads\/2019\/06\/adac-crash-test-britax-baby-safe-plus-shr-ii-300x203.jpg\" alt=\"Risultati del crash test ADAC Britax Baby-Safe Plus SHR II\" width=\"120\" height=\"81\" class=\"aligncenter size-medium wp-image-967\" srcset=\"https:\/\/www.monsiegeautobebe.fr\/wp-content\/uploads\/2019\/06\/adac-crash-test-britax-baby-safe-plus-shr-ii-300x203.jpg 300w, https:\/\/www.monsiegeautobebe.fr\/wp-content\/uploads\/2019\/06\/adac-crash-test-britax-baby-safe-plus-shr-ii-104x69.jpg 104w, https:\/\/www.monsiegeautobebe.fr\/wp-content\/uploads\/2019\/06\/adac-crash-test-britax-baby-safe-plus-shr-ii.jpg 500w\" sizes=\"(max-width: 120px) 100vw, 120px\" \/><\/a><\/td><td class=\"column-4\"><a href=\"https:\/\/monsiegeautobebe.fr\/wp-content\/uploads\/2019\/06\/adac-crash-test-cybex-aton-5.jpg\" target=\"_blank\"><img loading=\"lazy\" decoding=\"async\" src=\"https:\/\/monsiegeautobebe.fr\/wp-content\/uploads\/2019\/06\/adac-crash-test-cybex-aton-5-300x203.jpg\" alt=\"Risultati del crash test ADAC Cybex Aton 5\" width=\"120\" height=\"81\" class=\"aligncenter size-medium wp-image-948\" srcset=\"https:\/\/www.monsiegeautobebe.fr\/wp-content\/uploads\/2019\/06\/adac-crash-test-cybex-aton-5-300x203.jpg 300w, https:\/\/www.monsiegeautobebe.fr\/wp-content\/uploads\/2019\/06\/adac-crash-test-cybex-aton-5-104x69.jpg 104w, https:\/\/www.monsiegeautobebe.fr\/wp-content\/uploads\/2019\/06\/adac-crash-test-cybex-aton-5.jpg 500w\" sizes=\"(max-width: 120px) 100vw, 120px\" \/><\/a><\/td>\n<\/tr>\n<\/tbody>\n<\/table>\n\n<\/div><!-- #tablepress-19 from cache --><h4><span class=\"ez-toc-section\" id=\"Groupe_1_de_9_a_18_kg_jusqua_100_cm\"><\/span>Gruppo 1 : da 9 a 18 kg* \/ fino a 100 cm**<span class=\"ez-toc-section-end\"><\/span><\/h4>\n<p>Sono destinati a <strong>bambini che ora sono in grado di stare seduti<\/strong>. Seggiolini auto di questo tipo <strong>deve essere installato nella parte posteriore del veicolo<\/strong> e pu\u00f2 essere utilizzato sia <strong>di fronte alla strada<\/strong> che <strong>ritorno alla strada<\/strong> che consigliamo vivamente. Il bambino pu\u00f2 essere sistemato in un seggiolino auto con <strong>un sistema di ritenuta con imbracatura o scudo<\/strong>.<\/p>\n<ul>\n<li>La nostra selezione di seggiolini auto Gruppo 0+\/1 e Gruppo 1<\/li>\n<\/ul>\n<div id=\"tablepress-16-scroll-wrapper\" class=\"tablepress-scroll-wrapper\">\n\n<table id=\"tablepress-16\" class=\"tablepress tablepress-id-16 tablepress-responsive\">\n<thead>\n<tr class=\"row-1\">\n\t<td class=\"column-1\"><\/td><th class=\"column-2\"><center><img loading=\"lazy\" decoding=\"async\" src=\"https:\/\/monsiegeautobebe.fr\/wp-content\/uploads\/2019\/06\/siege-auto-britax-dualfix-150x150.jpg\" alt=\"Seggiolino auto Britax Dualfix gruppo 0+\/1\" width=\"100\" height=\"100\" class=\"aligncenter size-thumbnail wp-image-846\" srcset=\"https:\/\/www.monsiegeautobebe.fr\/wp-content\/uploads\/2019\/06\/siege-auto-britax-dualfix-150x150.jpg 150w, https:\/\/www.monsiegeautobebe.fr\/wp-content\/uploads\/2019\/06\/siege-auto-britax-dualfix-300x300.jpg 300w, https:\/\/www.monsiegeautobebe.fr\/wp-content\/uploads\/2019\/06\/siege-auto-britax-dualfix-336x336.jpg 336w, https:\/\/www.monsiegeautobebe.fr\/wp-content\/uploads\/2019\/06\/siege-auto-britax-dualfix-600x600.jpg 600w, https:\/\/www.monsiegeautobebe.fr\/wp-content\/uploads\/2019\/06\/siege-auto-britax-dualfix-768x768.jpg 768w, https:\/\/www.monsiegeautobebe.fr\/wp-content\/uploads\/2019\/06\/siege-auto-britax-dualfix-1024x1024.jpg 1024w, https:\/\/www.monsiegeautobebe.fr\/wp-content\/uploads\/2019\/06\/siege-auto-britax-dualfix.jpg 1050w\" sizes=\"(max-width: 100px) 100vw, 100px\" \/>Britax<br \/>\nDualfix<\/center><\/th><th class=\"column-3\"><center><img loading=\"lazy\" decoding=\"async\" src=\"https:\/\/monsiegeautobebe.fr\/wp-content\/uploads\/2019\/06\/siege-auto-bebe-confort-milofix-150x150.jpg\" alt=\"Seggiolino auto B\u00e9b\u00e9 Confort Milofix gruppo 0+\/1\" width=\"100\" height=\"100\" class=\"aligncenter size-thumbnail wp-image-845\" srcset=\"https:\/\/www.monsiegeautobebe.fr\/wp-content\/uploads\/2019\/06\/siege-auto-bebe-confort-milofix-150x150.jpg 150w, https:\/\/www.monsiegeautobebe.fr\/wp-content\/uploads\/2019\/06\/siege-auto-bebe-confort-milofix-300x300.jpg 300w, https:\/\/www.monsiegeautobebe.fr\/wp-content\/uploads\/2019\/06\/siege-auto-bebe-confort-milofix-336x336.jpg 336w, https:\/\/www.monsiegeautobebe.fr\/wp-content\/uploads\/2019\/06\/siege-auto-bebe-confort-milofix-600x600.jpg 600w, https:\/\/www.monsiegeautobebe.fr\/wp-content\/uploads\/2019\/06\/siege-auto-bebe-confort-milofix-768x768.jpg 768w, https:\/\/www.monsiegeautobebe.fr\/wp-content\/uploads\/2019\/06\/siege-auto-bebe-confort-milofix-1024x1024.jpg 1024w, https:\/\/www.monsiegeautobebe.fr\/wp-content\/uploads\/2019\/06\/siege-auto-bebe-confort-milofix.jpg 1050w\" sizes=\"(max-width: 100px) 100vw, 100px\" \/>Bambino Confort<br \/>\nMilofix<\/center><\/th><th class=\"column-4\"><center><img loading=\"lazy\" decoding=\"async\" src=\"https:\/\/monsiegeautobebe.fr\/wp-content\/uploads\/2019\/06\/siege-auto-cybex-juno-2-fix-150x150.jpg\" alt=\"Seggiolino auto Cybex Juno 2-fix gruppo 1\" width=\"100\" height=\"100\" class=\"aligncenter size-thumbnail wp-image-847\" srcset=\"https:\/\/www.monsiegeautobebe.fr\/wp-content\/uploads\/2019\/06\/siege-auto-cybex-juno-2-fix-150x150.jpg 150w, https:\/\/www.monsiegeautobebe.fr\/wp-content\/uploads\/2019\/06\/siege-auto-cybex-juno-2-fix-300x300.jpg 300w, https:\/\/www.monsiegeautobebe.fr\/wp-content\/uploads\/2019\/06\/siege-auto-cybex-juno-2-fix-336x336.jpg 336w, https:\/\/www.monsiegeautobebe.fr\/wp-content\/uploads\/2019\/06\/siege-auto-cybex-juno-2-fix-600x600.jpg 600w, https:\/\/www.monsiegeautobebe.fr\/wp-content\/uploads\/2019\/06\/siege-auto-cybex-juno-2-fix-768x768.jpg 768w, https:\/\/www.monsiegeautobebe.fr\/wp-content\/uploads\/2019\/06\/siege-auto-cybex-juno-2-fix-1024x1024.jpg 1024w, https:\/\/www.monsiegeautobebe.fr\/wp-content\/uploads\/2019\/06\/siege-auto-cybex-juno-2-fix.jpg 1050w\" sizes=\"(max-width: 100px) 100vw, 100px\" \/>Cybex<br \/>\nGiunone 2-Fix<\/center><\/th>\n<\/tr>\n<\/thead>\n<tbody class=\"row-striping row-hover\">\n<tr class=\"row-2\">\n\t<td class=\"column-1\"><\/td><td class=\"column-2\"><a href=\"https:\/\/amzn.to\/2LgZEEn\" class=\"sc-button sc-button-default\" target=\"_blank\" rel=\"noopener\"><span>VEDI PREZZO<\/span><\/a><\/td><td class=\"column-3\"><a href=\"http:\/\/www.awin1.com\/cread.php?awinaffid=561535&amp;awinmid=6948&amp;clickref=B\u00e9b\u00e9 Confort Milofix&amp;p=https%3A%2F%2Fwww.cdiscount.com%2Fpret-a-porter%2Fbebe-puericulture%2Fbebe-confort-siege-autogroupe-0-1-milofix-isofix%2Ff-11317710101-85368950.html%23mpos%3D1%7Ccd\" class=\"sc-button sc-button-default\" target=\"_blank\" rel=\"noopener\"><span>VEDI PREZZO<\/span><\/a><\/td><td class=\"column-4\"><a href=\"https:\/\/amzn.to\/2J8NQ4i\" class=\"sc-button sc-button-default\" target=\"_blank\" rel=\"noopener\"><span>VEDI PREZZO<\/span><\/a><\/td>\n<\/tr>\n<tr class=\"row-3\">\n\t<td class=\"column-1\">Certificazione<\/td><td class=\"column-2\">R44\/04<\/td><td class=\"column-3\">R44\/04<\/td><td class=\"column-4\">R44\/04<\/td>\n<\/tr>\n<tr class=\"row-4\">\n\t<td class=\"column-1\">Classificazione<\/td><td class=\"column-2\">Gruppo 0+\/1<\/td><td class=\"column-3\">Gruppo 0+\/1<\/td><td class=\"column-4\">Gruppo 1<\/td>\n<\/tr>\n<tr class=\"row-5\">\n\t<td class=\"column-1\">Peso del bambino<\/td><td class=\"column-2\">0 - 18 kg<\/td><td class=\"column-3\">0 - 18 kg<\/td><td class=\"column-4\">9 - 18 kg<\/td>\n<\/tr>\n<tr class=\"row-6\">\n\t<td class=\"column-1\">Posizione di viaggio<\/td><td class=\"column-2\">Ritorno alla strada <em>(da 0 a 18 kg)<\/em><br \/>\nAffrontare la strada <em>(da 9 a 18 kg)<\/em><\/td><td class=\"column-3\">Ritorno alla strada <em>(da 0 a 13 kg)<\/em><br \/>\nAffrontare la strada <em>(da 9 a 18 kg)<\/em><\/td><td class=\"column-4\">Affrontare la strada<\/td>\n<\/tr>\n<tr class=\"row-7\">\n\t<td class=\"column-1\">Sistema di fissaggio<\/td><td class=\"column-2\">ISOFIX con montante<\/td><td class=\"column-3\">ISOFIX con <a href=\"https:\/\/www.monsiegeautobebe.fr\/it\/fissaggio-top-tether-seggiolino-auto\/\">cinghia di trasmissione superiore<\/a><\/td><td class=\"column-4\">ISOFIX o cintura di sicurezza<\/td>\n<\/tr>\n<tr class=\"row-8\">\n\t<td class=\"column-1\">Sistema di ritenuta per bambini<\/td><td class=\"column-2\">Imbracatura a 5 punti<\/td><td class=\"column-3\">Imbracatura a 5 punti<\/td><td class=\"column-4\">Scudo<\/td>\n<\/tr>\n<tr class=\"row-9\">\n\t<td class=\"column-1\">Pivotante<\/td><td class=\"column-2\"><center><img loading=\"lazy\" decoding=\"async\" src=\"https:\/\/monsiegeautobebe.fr\/wp-content\/uploads\/2019\/03\/icon-yes.png\" alt=\"\" width=\"16\" height=\"16\" class=\"aligncenter size-full wp-image-693\" \/><\/center><\/td><td class=\"column-3\"><center><img loading=\"lazy\" decoding=\"async\" src=\"https:\/\/monsiegeautobebe.fr\/wp-content\/uploads\/2019\/03\/icon-no.png\" alt=\"\" width=\"16\" height=\"16\" class=\"aligncenter size-full wp-image-693\" \/><\/center><\/td><td class=\"column-4\"><center><img loading=\"lazy\" decoding=\"async\" src=\"https:\/\/monsiegeautobebe.fr\/wp-content\/uploads\/2019\/03\/icon-no.png\" alt=\"\" width=\"16\" height=\"16\" class=\"aligncenter size-full wp-image-693\" \/><\/center><\/td>\n<\/tr>\n<tr class=\"row-10\">\n\t<td class=\"column-1\">Risultati dei crash test ADAC<\/td><td class=\"column-2\"><\/td><td class=\"column-3\"><a href=\"https:\/\/monsiegeautobebe.fr\/wp-content\/uploads\/2019\/06\/adac-crash-test-bebe-confort-milofix.jpg\" target=\"_blank\"><img loading=\"lazy\" decoding=\"async\" src=\"https:\/\/monsiegeautobebe.fr\/wp-content\/uploads\/2019\/06\/adac-crash-test-bebe-confort-milofix-300x203.jpg\" alt=\"Risultati del crash test ADAC B\u00e9b\u00e9 Confort MiloFix\" width=\"120\" height=\"81\" class=\"aligncenter size-medium wp-image-946\" srcset=\"https:\/\/www.monsiegeautobebe.fr\/wp-content\/uploads\/2019\/06\/adac-crash-test-bebe-confort-milofix-300x203.jpg 300w, https:\/\/www.monsiegeautobebe.fr\/wp-content\/uploads\/2019\/06\/adac-crash-test-bebe-confort-milofix-104x69.jpg 104w, https:\/\/www.monsiegeautobebe.fr\/wp-content\/uploads\/2019\/06\/adac-crash-test-bebe-confort-milofix.jpg 500w\" sizes=\"(max-width: 120px) 100vw, 120px\" \/><\/a><\/td><td class=\"column-4\"><a href=\"https:\/\/monsiegeautobebe.fr\/wp-content\/uploads\/2019\/06\/adac-crash-test-cybex-juno-2-fix.jpg\" target=\"_blank\"><img loading=\"lazy\" decoding=\"async\" src=\"https:\/\/monsiegeautobebe.fr\/wp-content\/uploads\/2019\/06\/adac-crash-test-cybex-juno-2-fix-300x203.jpg\" alt=\"Risultati del crash test ADAC Cybex Juno 2-Fix\" width=\"120\" height=\"81\" class=\"aligncenter size-medium wp-image-950\" srcset=\"https:\/\/www.monsiegeautobebe.fr\/wp-content\/uploads\/2019\/06\/adac-crash-test-cybex-juno-2-fix-300x203.jpg 300w, https:\/\/www.monsiegeautobebe.fr\/wp-content\/uploads\/2019\/06\/adac-crash-test-cybex-juno-2-fix-104x69.jpg 104w, https:\/\/www.monsiegeautobebe.fr\/wp-content\/uploads\/2019\/06\/adac-crash-test-cybex-juno-2-fix.jpg 500w\" sizes=\"(max-width: 120px) 100vw, 120px\" \/><\/a><\/td>\n<\/tr>\n<\/tbody>\n<\/table>\n\n<\/div><!-- #tablepress-16 from cache --><h4><span class=\"ez-toc-section\" id=\"Groupe_2_de_15_a_25_kg_et_groupe_3_de_22_a_36_kg_jusqua_150_cm\"><\/span>Gruppo 2 da 15 a 25 kg* e gruppo 3 da 22 a 36 kg* \/ fino a 150 cm**.<span class=\"ez-toc-section-end\"><\/span><\/h4>\n<p>Quando <strong>il bambino supera i 15 kg<\/strong> e <strong>fino all'et\u00e0 di 10 anni<\/strong>deve essere collocato in <strong>un seggiolino auto<\/strong> o <strong>un seggiolino di rialzo<\/strong> (con o senza schienale). In questo modo il bambino potr\u00e0 trovarsi ad un'altezza sufficiente per <strong>la cintura di sicurezza sul sedile posteriore lo protegge in caso di incidente<\/strong>. Tuttavia, se la morfologia del bambino non lo consente, a volte \u00e8 meglio aspettare un po' prima di fare il grande passo. Dal 2017 le norme sui seggiolini sono leggermente cambiate. D'ora in poi, l'uso di un seggiolino senza schienale \u00e8 riservato esclusivamente a <strong>bambini di almeno 125 cm o di 22 kg di peso.<\/strong><\/p>\n<p><center><a href=\"https:\/\/www.monsiegeautobebe.fr\/it\/miglior-rialzo-seggiolino-auto\/\" class=\"sc-button sc-button-default sc-button-large\"><span>VEDERE I MIGLIORI SEGGIOLINI DI RIALZO<\/span><\/a><\/center><\/p>\n<ul>\n<li>La nostra selezione di seggiolini auto del gruppo 1\/2\/3<\/li>\n<\/ul>\n<div id=\"tablepress-18-scroll-wrapper\" class=\"tablepress-scroll-wrapper\">\n\n<table id=\"tablepress-18\" class=\"tablepress tablepress-id-18 tablepress-responsive\">\n<thead>\n<tr class=\"row-1\">\n\t<td class=\"column-1\"><\/td><th class=\"column-2\"><center><img loading=\"lazy\" decoding=\"async\" src=\"https:\/\/monsiegeautobebe.fr\/wp-content\/uploads\/2019\/06\/siege-auto-cybex-pallas-2-fix-150x150.jpg\" alt=\"Gruppo 1\/2\/3 Seggiolino auto Cybex Pallas 2-Fix\" width=\"100\" height=\"100\" class=\"aligncenter size-thumbnail wp-image-874\" \/>Cybex<br \/>\nPallas 2-Fix<\/center><\/th><th class=\"column-3\"><center><img loading=\"lazy\" decoding=\"async\" src=\"https:\/\/monsiegeautobebe.fr\/wp-content\/uploads\/2019\/06\/siege-auto-cybex-pallas-s-fix-150x150.jpg\" alt=\"Gruppo 1\/2\/3 Seggiolino auto Cybex Pallas S-Fix\" width=\"100\" height=\"100\" class=\"aligncenter size-thumbnail wp-image-873\" \/>Cybex<br \/>\nPallas S-Fix<\/center><\/th><th class=\"column-4\"><center><img loading=\"lazy\" decoding=\"async\" src=\"https:\/\/monsiegeautobebe.fr\/wp-content\/uploads\/2019\/06\/rehausseur-joie-traver-shield-150x150.jpg\" alt=\"Seggiolino auto di gruppo 1\/2\/3 Joie Traver Shield\" width=\"100\" height=\"100\" class=\"aligncenter size-thumbnail wp-image-925\" srcset=\"https:\/\/www.monsiegeautobebe.fr\/wp-content\/uploads\/2019\/06\/rehausseur-joie-traver-shield-150x150.jpg 150w, https:\/\/www.monsiegeautobebe.fr\/wp-content\/uploads\/2019\/06\/rehausseur-joie-traver-shield-300x300.jpg 300w, https:\/\/www.monsiegeautobebe.fr\/wp-content\/uploads\/2019\/06\/rehausseur-joie-traver-shield-336x336.jpg 336w, https:\/\/www.monsiegeautobebe.fr\/wp-content\/uploads\/2019\/06\/rehausseur-joie-traver-shield-600x600.jpg 600w, https:\/\/www.monsiegeautobebe.fr\/wp-content\/uploads\/2019\/06\/rehausseur-joie-traver-shield-768x768.jpg 768w, https:\/\/www.monsiegeautobebe.fr\/wp-content\/uploads\/2019\/06\/rehausseur-joie-traver-shield-1024x1024.jpg 1024w, https:\/\/www.monsiegeautobebe.fr\/wp-content\/uploads\/2019\/06\/rehausseur-joie-traver-shield.jpg 1050w\" sizes=\"(max-width: 100px) 100vw, 100px\" \/>Gioia<br \/>\nScudo Traver <\/center><\/th>\n<\/tr>\n<\/thead>\n<tbody class=\"row-striping row-hover\">\n<tr class=\"row-2\">\n\t<td class=\"column-1\"><\/td><td class=\"column-2\"><a href=\"https:\/\/amzn.to\/2ZKTmks\" class=\"sc-button sc-button-default\" target=\"_blank\" rel=\"noopener\"><span>VEDI PREZZO<\/span><\/a><\/td><td class=\"column-3\"><a href=\"https:\/\/amzn.to\/2RCYVi7\" class=\"sc-button sc-button-default\" target=\"_blank\" rel=\"noopener\"><span>VEDI PREZZO<\/span><\/a><\/td><td class=\"column-4\"><a href=\"https:\/\/amzn.to\/2LlmkTZ\" class=\"sc-button sc-button-default\" target=\"_blank\" rel=\"noopener\"><span>VEDI PREZZO<\/span><\/a><\/td>\n<\/tr>\n<tr class=\"row-3\">\n\t<td class=\"column-1\">Certificazione<\/td><td class=\"column-2\">R44\/04<\/td><td class=\"column-3\">R44\/04<\/td><td class=\"column-4\">R44\/04<\/td>\n<\/tr>\n<tr class=\"row-4\">\n\t<td class=\"column-1\">Classificazione<\/td><td class=\"column-2\">Gruppo 1\/2\/3<\/td><td class=\"column-3\">Gruppo 1\/2\/3<\/td><td class=\"column-4\">Gruppo 1\/2\/3<\/td>\n<\/tr>\n<tr class=\"row-5\">\n\t<td class=\"column-1\">Peso del bambino<\/td><td class=\"column-2\">9 - 36 kg<\/td><td class=\"column-3\">9 - 36 kg<\/td><td class=\"column-4\">9 - 36 kg<\/td>\n<\/tr>\n<tr class=\"row-6\">\n\t<td class=\"column-1\">Posizione di viaggio<\/td><td class=\"column-2\">Affrontare la strada<\/td><td class=\"column-3\">Affrontare la strada<\/td><td class=\"column-4\">Affrontare la strada<\/td>\n<\/tr>\n<tr class=\"row-7\">\n\t<td class=\"column-1\">Sistema di fissaggio<\/td><td class=\"column-2\">Cintura di sicurezza o ISOFIX<\/td><td class=\"column-3\">Cintura di sicurezza o ISOFIX<\/td><td class=\"column-4\">Cintura di sicurezza o ISOFIX<\/td>\n<\/tr>\n<tr class=\"row-8\">\n\t<td class=\"column-1\">Sistema di ritenuta per bambini<\/td><td class=\"column-2\">Gruppo 1 <em>(da 9 a 15 kg)<\/em> con scudo<br \/>\nGruppo 2 e 3 <em>(da 15 a 36 kg)<\/em> con cintura di sicurezza<\/td><td class=\"column-3\">Gruppo 1 <em>(da 9 a 15 kg)<\/em> con scudo<br \/>\nGruppo 2 e 3 <em>(da 15 a 36 kg)<\/em> con cintura di sicurezza<\/td><td class=\"column-4\">Gruppo 1 <em>(da 9 a 18 kg)<\/em> con scudo<br \/>\nGruppo 2 e 3 <em>(da 18 a 36 kg)<\/em> con cintura di sicurezza<\/td>\n<\/tr>\n<tr class=\"row-9\">\n\t<td class=\"column-1\">Risultati dei crash test ADAC<\/td><td class=\"column-2\"><a href=\"https:\/\/monsiegeautobebe.fr\/wp-content\/uploads\/2019\/06\/adac-crash-test-cybex-pallas-2-fix.jpg\" target=\"_blank\"><img loading=\"lazy\" decoding=\"async\" src=\"https:\/\/monsiegeautobebe.fr\/wp-content\/uploads\/2019\/06\/adac-crash-test-cybex-pallas-2-fix-300x203.jpg\" alt=\"Risultati del crash test ADAC Cybex Pallas 2-fix\" width=\"120\" height=\"81\" class=\"aligncenter size-medium wp-image-968\" srcset=\"https:\/\/www.monsiegeautobebe.fr\/wp-content\/uploads\/2019\/06\/adac-crash-test-cybex-pallas-2-fix-300x203.jpg 300w, https:\/\/www.monsiegeautobebe.fr\/wp-content\/uploads\/2019\/06\/adac-crash-test-cybex-pallas-2-fix-104x69.jpg 104w, https:\/\/www.monsiegeautobebe.fr\/wp-content\/uploads\/2019\/06\/adac-crash-test-cybex-pallas-2-fix.jpg 500w\" sizes=\"(max-width: 120px) 100vw, 120px\" \/><\/a><\/td><td class=\"column-3\"><a href=\"https:\/\/monsiegeautobebe.fr\/wp-content\/uploads\/2019\/06\/adac-crash-test-cybex-pallas-s-fix.jpg\" target=\"_blank\"><img loading=\"lazy\" decoding=\"async\" src=\"https:\/\/monsiegeautobebe.fr\/wp-content\/uploads\/2019\/06\/adac-crash-test-cybex-pallas-s-fix-300x203.jpg\" alt=\"Risultati del crash test ADAC Cybex Pallas S-Fix\" width=\"120\" height=\"81\" class=\"aligncenter size-medium wp-image-951\" srcset=\"https:\/\/www.monsiegeautobebe.fr\/wp-content\/uploads\/2019\/06\/adac-crash-test-cybex-pallas-s-fix-300x203.jpg 300w, https:\/\/www.monsiegeautobebe.fr\/wp-content\/uploads\/2019\/06\/adac-crash-test-cybex-pallas-s-fix-104x69.jpg 104w, https:\/\/www.monsiegeautobebe.fr\/wp-content\/uploads\/2019\/06\/adac-crash-test-cybex-pallas-s-fix.jpg 500w\" sizes=\"(max-width: 120px) 100vw, 120px\" \/><\/a><\/td><td class=\"column-4\"><a href=\"https:\/\/monsiegeautobebe.fr\/wp-content\/uploads\/2019\/06\/adac-crash-test-joie-traver-shield.jpg\" target=\"_blank\"><img loading=\"lazy\" decoding=\"async\" src=\"https:\/\/monsiegeautobebe.fr\/wp-content\/uploads\/2019\/06\/adac-crash-test-joie-traver-shield-300x244.jpg\" alt=\"Risultati del crash test dell&#039;ADAC Joie Traver Shield\" width=\"120\" height=\"98\" class=\"aligncenter size-medium wp-image-988\" srcset=\"https:\/\/www.monsiegeautobebe.fr\/wp-content\/uploads\/2019\/06\/adac-crash-test-joie-traver-shield-300x244.jpg 300w, https:\/\/www.monsiegeautobebe.fr\/wp-content\/uploads\/2019\/06\/adac-crash-test-joie-traver-shield-168x137.jpg 168w, https:\/\/www.monsiegeautobebe.fr\/wp-content\/uploads\/2019\/06\/adac-crash-test-joie-traver-shield.jpg 500w\" sizes=\"(max-width: 120px) 100vw, 120px\" \/><\/a><\/td>\n<\/tr>\n<\/tbody>\n<\/table>\n\n<\/div><!-- #tablepress-18 from cache --><ul>\n<li>La nostra selezione di seggiolini auto del gruppo 2\/3<\/li>\n<\/ul>\n<div id=\"tablepress-20-scroll-wrapper\" class=\"tablepress-scroll-wrapper\">\n\n<table id=\"tablepress-20\" class=\"tablepress tablepress-id-20 tablepress-responsive\">\n<thead>\n<tr class=\"row-1\">\n\t<td class=\"column-1\"><\/td><th class=\"column-2\"><center><img loading=\"lazy\" decoding=\"async\" src=\"https:\/\/monsiegeautobebe.fr\/wp-content\/uploads\/2019\/06\/rehausseur-britax-kidfix-sl-sict-150x150.jpg\" alt=\"Seggiolino auto Britax KIDFIX SL SICT gruppo 2\/3\" width=\"100\" height=\"100\" class=\"aligncenter size-thumbnail wp-image-924\" srcset=\"https:\/\/www.monsiegeautobebe.fr\/wp-content\/uploads\/2019\/06\/rehausseur-britax-kidfix-sl-sict-150x150.jpg 150w, https:\/\/www.monsiegeautobebe.fr\/wp-content\/uploads\/2019\/06\/rehausseur-britax-kidfix-sl-sict-300x300.jpg 300w, https:\/\/www.monsiegeautobebe.fr\/wp-content\/uploads\/2019\/06\/rehausseur-britax-kidfix-sl-sict-336x336.jpg 336w, https:\/\/www.monsiegeautobebe.fr\/wp-content\/uploads\/2019\/06\/rehausseur-britax-kidfix-sl-sict-600x600.jpg 600w, https:\/\/www.monsiegeautobebe.fr\/wp-content\/uploads\/2019\/06\/rehausseur-britax-kidfix-sl-sict-768x768.jpg 768w, https:\/\/www.monsiegeautobebe.fr\/wp-content\/uploads\/2019\/06\/rehausseur-britax-kidfix-sl-sict-1024x1024.jpg 1024w, https:\/\/www.monsiegeautobebe.fr\/wp-content\/uploads\/2019\/06\/rehausseur-britax-kidfix-sl-sict.jpg 1050w\" sizes=\"(max-width: 100px) 100vw, 100px\" \/>Britax R\u00f6mer<br \/>\nKIDFIX SL SICT<\/center><\/th><th class=\"column-3\"><center><img loading=\"lazy\" decoding=\"async\" src=\"https:\/\/monsiegeautobebe.fr\/wp-content\/uploads\/2019\/06\/rehausseur-bebe-confort-rodifix-airprotect-150x150.jpg\" alt=\"Seggiolino auto B\u00e9b\u00e9 Confort RodiFix AirProtect gruppo 2\/3\" width=\"100\" height=\"100\" class=\"aligncenter size-thumbnail wp-image-923\" srcset=\"https:\/\/www.monsiegeautobebe.fr\/wp-content\/uploads\/2019\/06\/rehausseur-bebe-confort-rodifix-airprotect-150x150.jpg 150w, https:\/\/www.monsiegeautobebe.fr\/wp-content\/uploads\/2019\/06\/rehausseur-bebe-confort-rodifix-airprotect-300x300.jpg 300w, https:\/\/www.monsiegeautobebe.fr\/wp-content\/uploads\/2019\/06\/rehausseur-bebe-confort-rodifix-airprotect-336x336.jpg 336w, https:\/\/www.monsiegeautobebe.fr\/wp-content\/uploads\/2019\/06\/rehausseur-bebe-confort-rodifix-airprotect-600x600.jpg 600w, https:\/\/www.monsiegeautobebe.fr\/wp-content\/uploads\/2019\/06\/rehausseur-bebe-confort-rodifix-airprotect-768x768.jpg 768w, https:\/\/www.monsiegeautobebe.fr\/wp-content\/uploads\/2019\/06\/rehausseur-bebe-confort-rodifix-airprotect-1024x1024.jpg 1024w, https:\/\/www.monsiegeautobebe.fr\/wp-content\/uploads\/2019\/06\/rehausseur-bebe-confort-rodifix-airprotect.jpg 1050w\" sizes=\"(max-width: 100px) 100vw, 100px\" \/>Bambino Confort<br \/>\nRodiFix AirProtect<\/center><\/th><th class=\"column-4\"><center><img decoding=\"async\" src=\"https:\/\/monsiegeautobebe.fr\/wp-content\/uploads\/2019\/06\/siege-auto-cybex-solution-s-fix-150x150.jpg\" alt=\"Seggiolino auto Cybex&lt;br \/&gt;Gruppo 2\/3 Soluzione S-Fix\" width=\"100\" height=\"100\" class=\"aligncenter size-thumbnail wp-image-872\" \/>Cybex<br \/>\nSoluzione S-Fix<\/center><\/th>\n<\/tr>\n<\/thead>\n<tbody class=\"row-striping row-hover\">\n<tr class=\"row-2\">\n\t<td class=\"column-1\"><\/td><td class=\"column-2\"><a href=\"https:\/\/amzn.to\/2ZUZDdz\" class=\"sc-button sc-button-default\" target=\"_blank\" rel=\"noopener\"><span>VEDI PREZZO<\/span><\/a><\/td><td class=\"column-3\"><a href=\"https:\/\/amzn.to\/2KFhxNU\" class=\"sc-button sc-button-default\" target=\"_blank\" rel=\"noopener\"><span>VEDI PREZZO<\/span><\/a><\/td><td class=\"column-4\"><a href=\"https:\/\/amzn.to\/2ZSq8jR\" class=\"sc-button sc-button-default\" target=\"_blank\" rel=\"noopener\"><span>VEDI PREZZO<\/span><\/a><\/td>\n<\/tr>\n<tr class=\"row-3\">\n\t<td class=\"column-1\">Certificazione<\/td><td class=\"column-2\">R44\/04<\/td><td class=\"column-3\">R44\/04<\/td><td class=\"column-4\">R44\/04<\/td>\n<\/tr>\n<tr class=\"row-4\">\n\t<td class=\"column-1\">Classificazione<\/td><td class=\"column-2\">Gruppo 2\/3<\/td><td class=\"column-3\">Gruppo 2\/3<\/td><td class=\"column-4\">Gruppo 2\/3<\/td>\n<\/tr>\n<tr class=\"row-5\">\n\t<td class=\"column-1\">Peso del bambino<\/td><td class=\"column-2\">15 - 36 kg<\/td><td class=\"column-3\">15 - 36 kg<\/td><td class=\"column-4\">15 - 36 kg<\/td>\n<\/tr>\n<tr class=\"row-6\">\n\t<td class=\"column-1\">Posizione di viaggio<\/td><td class=\"column-2\">Affrontare la strada<\/td><td class=\"column-3\">Affrontare la strada<\/td><td class=\"column-4\">Affrontare la strada<\/td>\n<\/tr>\n<tr class=\"row-7\">\n\t<td class=\"column-1\">Sistema di fissaggio<\/td><td class=\"column-2\">Cintura di sicurezza o ISOFIX<\/td><td class=\"column-3\">Cintura di sicurezza o ISOFIX<\/td><td class=\"column-4\">Cintura di sicurezza o ISOFIX<\/td>\n<\/tr>\n<tr class=\"row-8\">\n\t<td class=\"column-1\">Sistema di ritenuta per bambini<\/td><td class=\"column-2\">Cintura di sicurezza dell'auto<\/td><td class=\"column-3\">Cintura di sicurezza dell'auto<\/td><td class=\"column-4\">Cintura di sicurezza dell'auto<\/td>\n<\/tr>\n<tr class=\"row-9\">\n\t<td class=\"column-1\">Risultati dei crash test ADAC<\/td><td class=\"column-2\"><a href=\"https:\/\/monsiegeautobebe.fr\/wp-content\/uploads\/2019\/06\/adac-crash-test-britax-kidfix-sl-sict.jpg\" target=\"_blank\"><img loading=\"lazy\" decoding=\"async\" src=\"https:\/\/monsiegeautobebe.fr\/wp-content\/uploads\/2019\/06\/adac-crash-test-britax-kidfix-sl-sict-300x203.jpg\" alt=\"Risultati del crash test ADAC Britax Kidfix SL SICT\" width=\"120\" height=\"81\" class=\"aligncenter size-medium wp-image-947\" srcset=\"https:\/\/www.monsiegeautobebe.fr\/wp-content\/uploads\/2019\/06\/adac-crash-test-britax-kidfix-sl-sict-300x203.jpg 300w, https:\/\/www.monsiegeautobebe.fr\/wp-content\/uploads\/2019\/06\/adac-crash-test-britax-kidfix-sl-sict-104x69.jpg 104w, https:\/\/www.monsiegeautobebe.fr\/wp-content\/uploads\/2019\/06\/adac-crash-test-britax-kidfix-sl-sict.jpg 500w\" sizes=\"(max-width: 120px) 100vw, 120px\" \/><\/a><\/td><td class=\"column-3\"><a href=\"https:\/\/monsiegeautobebe.fr\/wp-content\/uploads\/2019\/06\/adac-crash-test-bebe-confort-rodifix-airprotect.jpg\" target=\"_blank\"><img loading=\"lazy\" decoding=\"async\" src=\"https:\/\/monsiegeautobebe.fr\/wp-content\/uploads\/2019\/06\/adac-crash-test-bebe-confort-rodifix-airprotect-300x203.jpg\" alt=\"Risultati del crash test ADAC B\u00e9b\u00e9 Confort RodiFix AirProtect\" width=\"120\" height=\"81\" class=\"aligncenter size-medium wp-image-958\" srcset=\"https:\/\/www.monsiegeautobebe.fr\/wp-content\/uploads\/2019\/06\/adac-crash-test-bebe-confort-rodifix-airprotect-300x203.jpg 300w, https:\/\/www.monsiegeautobebe.fr\/wp-content\/uploads\/2019\/06\/adac-crash-test-bebe-confort-rodifix-airprotect-104x69.jpg 104w, https:\/\/www.monsiegeautobebe.fr\/wp-content\/uploads\/2019\/06\/adac-crash-test-bebe-confort-rodifix-airprotect.jpg 500w\" sizes=\"(max-width: 120px) 100vw, 120px\" \/><\/a><\/td><td class=\"column-4\"><a href=\"https:\/\/monsiegeautobebe.fr\/wp-content\/uploads\/2019\/06\/adac-crash-test-cybex-solution-s-fix.jpg\" target=\"_blank\"><img loading=\"lazy\" decoding=\"async\" src=\"https:\/\/monsiegeautobebe.fr\/wp-content\/uploads\/2019\/06\/adac-crash-test-cybex-solution-s-fix-300x203.jpg\" alt=\"Risultati del crash test ADAC Cybex Solution S-Fix\" width=\"120\" height=\"81\" class=\"aligncenter size-medium wp-image-952\" srcset=\"https:\/\/www.monsiegeautobebe.fr\/wp-content\/uploads\/2019\/06\/adac-crash-test-cybex-solution-s-fix-300x203.jpg 300w, https:\/\/www.monsiegeautobebe.fr\/wp-content\/uploads\/2019\/06\/adac-crash-test-cybex-solution-s-fix-104x69.jpg 104w, https:\/\/www.monsiegeautobebe.fr\/wp-content\/uploads\/2019\/06\/adac-crash-test-cybex-solution-s-fix.jpg 500w\" sizes=\"(max-width: 120px) 100vw, 120px\" \/><\/a><\/td>\n<\/tr>\n<\/tbody>\n<\/table>\n\n<\/div><!-- #tablepress-20 from cache --><p><em>* classificazione secondo la norma R44 (peso del bambino)<\/em><br \/>\n<em>** classificazione secondo la norma R129 (altezza del bambino)<\/em><\/p>\n<ul>\n<li>Il nuovo regolamento europeo R129 (i-Size)<\/li>\n<\/ul>\n<p><a href=\"https:\/\/www.monsiegeautobebe.fr\/it\/reglementation-i-size-siege-auto-bebe\/\" target=\"_blank\" rel=\"noopener noreferrer\">Dal luglio 2013, il nuovo regolamento europeo R129 (i-Size)<\/a> \u00e8 entrato in vigore. Questo nuovo standard coesister\u00e0 per diversi anni con <strong>il precedente regolamento R44\/04<\/strong> fino alla sua graduale scomparsa entro il 2020. <strong>Le ultime normative R129 (i-Size)<\/strong> porta una serie di progressi in termini di sicurezza, con la generalizzazione di <strong>del <a href=\"https:\/\/www.monsiegeautobebe.fr\/it\/attacchi-isofix-seggiolino-auto\/\">Attacco ISOFIX<\/a><\/strong>l'obbligo <strong>ritorno alla strada fino ad almeno 15 mesi<\/strong>tenendo conto di <strong>impatti laterali nei crash test<\/strong> e l'implementazione di un <strong>nuova classificazione per i seggiolini auto<\/strong> a seconda delle dimensioni del bambino.<br \/>\n<img loading=\"lazy\" decoding=\"async\" class=\"aligncenter size-full wp-image-194\" src=\"https:\/\/monsiegeautobebe.fr\/wp-content\/uploads\/2018\/01\/classification-siege-auto-i-size.jpg\" alt=\"Classificazione dei seggiolini auto i-Size\" width=\"627\" height=\"416\" srcset=\"https:\/\/www.monsiegeautobebe.fr\/wp-content\/uploads\/2018\/01\/classification-siege-auto-i-size.jpg 941w, https:\/\/www.monsiegeautobebe.fr\/wp-content\/uploads\/2018\/01\/classification-siege-auto-i-size-600x398.jpg 600w, https:\/\/www.monsiegeautobebe.fr\/wp-content\/uploads\/2018\/01\/classification-siege-auto-i-size-300x199.jpg 300w, https:\/\/www.monsiegeautobebe.fr\/wp-content\/uploads\/2018\/01\/classification-siege-auto-i-size-768x509.jpg 768w, https:\/\/www.monsiegeautobebe.fr\/wp-content\/uploads\/2018\/01\/classification-siege-auto-i-size-104x69.jpg 104w\" sizes=\"(max-width: 627px) 100vw, 627px\" \/><\/p>\n<h2><span class=\"ez-toc-section\" id=\"Quand_Faut-il_Changer_de_Groupe_de_Siege_Auto\"><\/span>Quando devo cambiare il gruppo del seggiolino auto?<span class=\"ez-toc-section-end\"><\/span><\/h2>\n<p>Quando i bambini crescono, hanno bisogno di <strong>un sistema adatto alla loro fascia d'et\u00e0<\/strong>. Il passaggio da un gruppo all'altro deve avvenire quando le condizioni lo rendono necessario. <strong>Esistono diversi criteri per individuare il momento giusto<\/strong> per <a href=\"https:\/\/www.monsiegeautobebe.fr\/it\/cambio-gruppo-seggiolino\/\">cambio di seggiolini auto<\/a> per garantire <strong>massima protezione<\/strong> in caso di collisione.<\/p>\n<ul>\n<li>La posizione della testa<\/li>\n<\/ul>\n<p>Per i bambini pi\u00f9 piccoli, \u00e8 necessario cambiare il seggiolino auto <strong>quando la sommit\u00e0 della testa del bambino raggiunge o supera il bordo superiore<\/strong> del poggiatesta Cosi.<\/p>\n<ul>\n<li>Il peso del bambino<\/li>\n<\/ul>\n<p>Ogni seggiolino \u00e8 progettato per sostenere un determinato peso. Scegliere sempre <strong>un modello adattato al peso o all'altezza del bambino<\/strong>. Pertanto, <strong>evitare di superare il peso massimo<\/strong> autorizzati per ogni gruppo.<\/p>\n<ul>\n<li>Posizione dell'imbracatura<\/li>\n<\/ul>\n<p>L'imbracatura deve <strong>essere posizionato all'altezza delle spalle del bambino<\/strong>n\u00e9 troppo alto, n\u00e9 troppo basso. Quando <strong>le spalle del bambino si estendono oltre la posizione pi\u00f9 alta dell'imbracatura<\/strong> \u00e8 il momento di fare un salto di qualit\u00e0.<\/p>\n<p><img loading=\"lazy\" decoding=\"async\" class=\"aligncenter size-full wp-image-794\" src=\"https:\/\/monsiegeautobebe.fr\/wp-content\/uploads\/2019\/06\/criteres-changer-siege-auto-bebe.jpg\" alt=\"Criteri per il cambio dei seggiolini auto\" width=\"800\" height=\"311\" \/><\/p>\n<h2><span class=\"ez-toc-section\" id=\"Comment_Reconnaitre_un_Siege_Auto_Bebe_Homologues\"><\/span>Come riconoscere un seggiolino auto omologato?<span class=\"ez-toc-section-end\"><\/span><\/h2>\n<p>In Francia \u00e8 consentito solo l'uso di <strong>modelli con certificato di omologazione R04\/44 o R129<\/strong> che ne certifica la conformit\u00e0 alle normative europee vigenti. Al momento dell'acquisto, <a href=\"https:\/\/www.monsiegeautobebe.fr\/it\/come-decifrare-letichetta-omologazione-r129-i-size-r44\/\" target=\"_blank\" rel=\"noopener noreferrer\">cercate l'etichetta arancione che certifica che il produttore ha ottenuto l'omologazione<\/a> per questo modello. Controllare l'etichetta per verificare che ci sia scritto :<br \/>\n<img loading=\"lazy\" decoding=\"async\" class=\"alignright size-full wp-image-161\" src=\"https:\/\/monsiegeautobebe.fr\/wp-content\/uploads\/2018\/01\/etiquette-i-size.jpg\" alt=\"Etichetta di omologazione i-Size\" width=\"166\" height=\"188\" srcset=\"https:\/\/www.monsiegeautobebe.fr\/wp-content\/uploads\/2018\/01\/etiquette-i-size.jpg 333w, https:\/\/www.monsiegeautobebe.fr\/wp-content\/uploads\/2018\/01\/etiquette-i-size-265x300.jpg 265w\" sizes=\"(max-width: 166px) 100vw, 166px\" \/><\/p>\n<ul>\n<li><strong>Peso o altezza<\/strong> per cui il modello \u00e8 stato progettato.<\/li>\n<li><strong>La lettera E circondata da un cerchio<\/strong> \u00e8 il simbolo che indica che il dispositivo \u00e8 conforme a uno dei due standard europei. Il numero accanto a <strong>indica il paese di omologazione<\/strong> seggiolini auto (1 per la Germania, 2 per la Francia, 3 per l'Italia, 4 per i Paesi Bassi...)<\/li>\n<\/ul>\n<p>\u00c8 inoltre necessario verificare che il veicolo abbia <a href=\"https:\/\/www.monsiegeautobebe.fr\/it\/systeme-de-fixation-isofix-pour-siege-auto-bebe\/\" target=\"_blank\" rel=\"noopener noreferrer\">del sistema ISOFIX<\/a>. I veicoli in circolazione dal 2011 sono tutti dotati di questo tipo di montaggio, anche se non tutti i veicoli del periodo precedente ne erano dotati. <strong>Scelta del seggiolino auto<\/strong> devono essere eseguiti di conseguenza.<\/p>\n<h2><span class=\"ez-toc-section\" id=\"Quelles_sont_les_Derogations_Incluses_dans_la_Reglementation\"><\/span>Quali sono le esenzioni previste dalla normativa?<span class=\"ez-toc-section-end\"><\/span><\/h2>\n<p>I regolamenti <strong>include eccezioni all'uso del seggiolino auto<\/strong>. Queste eccezioni sono strettamente <a href=\"https:\/\/www.interieur.gouv.fr\/content\/download\/7441\/70415\/file\/Siege-Auto.pdf\" target=\"_blank\" rel=\"noopener nofollow noreferrer\">disciplinato dal codice della strada<\/a>.<\/p>\n<ol>\n<li style=\"list-style-type: none;\">\n<ol>\n<li>Utilizzo di un seggiolino auto o di un rialzo <strong>non \u00e8 obbligatorio sui taxi o sui veicoli per il trasporto pubblico<\/strong> tranne nel caso in cui operi nell'ambito di un accordo di trasporto scolastico. Lo stesso vale se <strong>la morfologia del bambino<\/strong> non \u00e8 adatto per indossare la cintura di sicurezza.<\/li>\n<li>\u00c8 possibile <strong>collocare un bambino nella parte anteriore del veicolo<\/strong> nei seguenti casi:\n<ul><div class=\"sc-list sc-list-check fa-ul\"><\/ul>\n<\/li>\n<\/ol>\n<\/li>\n<\/ol>\n<p>&nbsp;<\/p>\n<ol>\n<li style=\"list-style-type: none;\">\n<ol>\n<li style=\"list-style-type: none;\">\n<ul><li><i class=\"fa fa-check\"><\/i>Il veicolo non ha sedili posteriori<\/li><\/ul>\n<\/li>\n<\/ol>\n<\/li>\n<\/ol>\n<p>&nbsp;<\/p>\n<ol>\n<li style=\"list-style-type: none;\">\n<ol>\n<li style=\"list-style-type: none;\">\n<ul><li><i class=\"fa fa-check\"><\/i>Bambini sotto i 10 anni gi\u00e0 sul sedile posteriore<\/li><\/ul>\n<\/li>\n<\/ol>\n<\/li>\n<\/ol>\n<p>&nbsp;<\/p>\n<ol>\n<li style=\"list-style-type: none;\">\n<ol>\n<li style=\"list-style-type: none;\">\n<ul><li><i class=\"fa fa-check\"><\/i>Il sedile posteriore a panchina non \u00e8 dotato di cinture di sicurezza<\/li><\/ul>\n<\/li>\n<\/ol>\n<\/li>\n<\/ol>\n<p>&nbsp;<\/p>\n<ol>\n<li style=\"list-style-type: none;\">\n<ul><\/div><\/ul>\n<\/li>\n<\/ol>\n<h5><span class=\"ez-toc-section\" id=\"Quelques_points_important_a_retenir_lors_du_choix\"><\/span>Ecco alcuni punti importanti da tenere a mente al momento della scelta:<span class=\"ez-toc-section-end\"><\/span><\/h5>\n<ul>\n<li><strong>Tutti i bambini di et\u00e0 inferiore ai 10 anni<\/strong> devono viaggiare su un seggiolino auto adatto alle loro esigenze. <strong>altezza, peso e morfologia.<\/strong><\/li>\n<li><strong>Un solo bambino<\/strong> allo stesso tempo pu\u00f2 essere collocato in un seggiolino auto.<\/li>\n<li>\u00c8 responsabilit\u00e0 del conducente accertarsi che <strong>tutti i bambini di et\u00e0 inferiore ai 10 anni sono protetti da un sistema di ritenuta<\/strong> adattato ad esso.<\/li>\n<li>\u00c8 severamente vietato collocare <strong>un bambino di et\u00e0 inferiore ai 10 anni nella parte anteriore del veicolo<\/strong>Questo a meno che il bambino non sia sul seggiolino con le spalle alla strada o se non \u00e8 assolutamente possibile fare altrimenti.<\/li>\n<li>Quando il seggiolino viene installato sul sedile anteriore del veicolo, \u00e8 fondamentale che <strong>disattivare l'airbag del passeggero.<\/strong><\/li>\n<\/ul>\n<h2><span class=\"ez-toc-section\" id=\"Quelles_sont_les_Consequences_en_Cas_de_Non-Respect_de_la_Reglementation\"><\/span>Quali sono le conseguenze in caso di mancato rispetto dei regolamenti?<span class=\"ez-toc-section-end\"><\/span><\/h2>\n<p>Il conducente \u00e8 responsabile di <strong>tutti i passeggeri di et\u00e0 inferiore ai 18 anni<\/strong> nel veicolo. <a href=\"https:\/\/www.demarches.interieur.gouv.fr\/particuliers\/ceinture-securite-siege-enfant-bebe-quelles-regles\" target=\"_blank\" rel=\"noopener nofollow noreferrer\">In caso di infrazione alle cinture di sicurezza e ai seggiolini, il conducente \u00e8 passibile di una multa fissa di 135 euro.<\/a> per ogni reato che coinvolge un minore.<\/p>\n<p>Le normative sono in continua evoluzione, <strong>tenersi aggiornati su eventuali modifiche al sito web<\/strong> per non rischiare di essere multati o di mettere a rischio la sicurezza dei vostri figli in caso di incidente. Per maggiori informazioni su questo argomento, consultate direttamente il sito <a href=\"https:\/\/www.securite-routiere.gouv.fr\/\" target=\"_blank\" rel=\"nofollow noopener noreferrer\">sicurezza stradale<\/a> o il <a href=\"https:\/\/www.service-public.fr\/particuliers\/vosdroits\/F628\" target=\"_blank\" rel=\"nofollow noopener noreferrer\">servizio pubblico<\/a>.<\/p>","protected":false},"excerpt":{"rendered":"<p>In Francia, i seggiolini auto sono obbligatori per i bambini fino all'et\u00e0 di 10 anni, o fino a quando non sono abbastanza alti per usare la cintura di sicurezza. La cosa pi\u00f9 importante da considerare quando si sceglie un seggiolino per bambini o neonati \u00e8 il peso,<\/p>","protected":false},"author":2,"featured_media":813,"comment_status":"open","ping_status":"open","sticky":false,"template":"","format":"standard","meta":{"footnotes":""},"categories":[1],"tags":[],"class_list":{"0":"post-762","1":"post","2":"type-post","3":"status-publish","4":"format-standard","5":"has-post-thumbnail","7":"category-reglementation"},"_links":{"self":[{"href":"https:\/\/www.monsiegeautobebe.fr\/it\/wp-json\/wp\/v2\/posts\/762","targetHints":{"allow":["GET"]}}],"collection":[{"href":"https:\/\/www.monsiegeautobebe.fr\/it\/wp-json\/wp\/v2\/posts"}],"about":[{"href":"https:\/\/www.monsiegeautobebe.fr\/it\/wp-json\/wp\/v2\/types\/post"}],"author":[{"embeddable":true,"href":"https:\/\/www.monsiegeautobebe.fr\/it\/wp-json\/wp\/v2\/users\/2"}],"replies":[{"embeddable":true,"href":"https:\/\/www.monsiegeautobebe.fr\/it\/wp-json\/wp\/v2\/comments?post=762"}],"version-history":[{"count":0,"href":"https:\/\/www.monsiegeautobebe.fr\/it\/wp-json\/wp\/v2\/posts\/762\/revisions"}],"wp:featuredmedia":[{"embeddable":true,"href":"https:\/\/www.monsiegeautobebe.fr\/it\/wp-json\/wp\/v2\/media\/813"}],"wp:attachment":[{"href":"https:\/\/www.monsiegeautobebe.fr\/it\/wp-json\/wp\/v2\/media?parent=762"}],"wp:term":[{"taxonomy":"category","embeddable":true,"href":"https:\/\/www.monsiegeautobebe.fr\/it\/wp-json\/wp\/v2\/categories?post=762"},{"taxonomy":"post_tag","embeddable":true,"href":"https:\/\/www.monsiegeautobebe.fr\/it\/wp-json\/wp\/v2\/tags?post=762"}],"curies":[{"name":"wp","href":"https:\/\/api.w.org\/{rel}","templated":true}]}}