{"id":6193,"date":"2022-06-14T21:17:16","date_gmt":"2022-06-14T19:17:16","guid":{"rendered":"https:\/\/monsiegeautobebe.fr\/?p=6193"},"modified":"2023-07-30T02:50:59","modified_gmt":"2023-07-30T00:50:59","slug":"test-adac-sillas-coche-primavera-2022","status":"publish","type":"post","link":"https:\/\/www.monsiegeautobebe.fr\/es\/test-adac-sillas-coche-primavera-2022\/","title":{"rendered":"Resultados Del Test ADAC De Sillas De Coche (Mayo de 2022)"},"content":{"rendered":"<div data-elementor-type=\"wp-post\" data-elementor-id=\"6193\" class=\"elementor elementor-6193\">\n\t\t\t\t\t\t<section class=\"elementor-section elementor-top-section elementor-element elementor-element-64e617e1 elementor-section-boxed elementor-section-height-default elementor-section-height-default\" data-id=\"64e617e1\" data-element_type=\"section\" data-e-type=\"section\">\n\t\t\t\t\t\t<div class=\"elementor-container elementor-column-gap-default\">\n\t\t\t\t\t<div class=\"elementor-column elementor-col-100 elementor-top-column elementor-element elementor-element-4fd71bfa\" data-id=\"4fd71bfa\" data-element_type=\"column\" data-e-type=\"column\">\n\t\t\t<div class=\"elementor-widget-wrap elementor-element-populated\">\n\t\t\t\t\t\t<div class=\"elementor-element elementor-element-0afd117 post-content elementor-widget elementor-widget-text-editor\" data-id=\"0afd117\" data-element_type=\"widget\" data-e-type=\"widget\" data-widget_type=\"text-editor.default\">\n\t\t\t\t<div class=\"elementor-widget-container\">\n\t\t\t\t\t\t\t\t\t<p>Durante esta primera sesi\u00f3n de pruebas de choque del a\u00f1o, se sometieron a ensayo los siguientes veh\u00edculos <strong>30 sillas de coche para ni\u00f1os<\/strong> (con o sin base isofix) que fueron probados por ADAC en la primavera de 2022. Todos estos modelos se dividieron en diferentes categor\u00edas de tama\u00f1o, peso y edad para ser evaluados seg\u00fan criterios de seguridad, funcionamiento, ergonom\u00eda y contenido de contaminantes. Varios modelos superaron claramente los requisitos legales. Entre estos modelos, <strong>19 sillas de coche<\/strong> probados recibieron una puntuaci\u00f3n de <strong>\"bueno\"<\/strong>Se han observado otras 6 <strong>\"<\/strong> satisfactorio <strong>\"<\/strong> mientras que 4 modelos probados fallaron. El sitio <strong>Cybex Anoris T i-Size <\/strong>con<strong> airbag integrado<\/strong> es el \u00fanico <a href=\"https:\/\/www.monsiegeautobebe.fr\/es\/\">silla de coche<\/a> de la prueba haber recibido una nota de <strong>\"muy bueno<\/strong>una calificaci\u00f3n muy raramente otorgada por ADAC.<\/p>\t\t\t\t\t\t\t\t<\/div>\n\t\t\t\t<\/div>\n\t\t\t\t\t<\/div>\n\t\t<\/div>\n\t\t\t\t\t<\/div>\n\t\t<\/section>\n\t\t\t\t<section class=\"has-el-gap el-gap-default elementor-section elementor-top-section elementor-element elementor-element-d00c459 elementor-section-boxed elementor-section-height-default elementor-section-height-default\" data-id=\"d00c459\" data-element_type=\"section\" data-e-type=\"section\">\n\t\t\t\t\t\t<div class=\"elementor-container elementor-column-gap-no\">\n\t\t\t\t\t<div class=\"elementor-column elementor-col-100 elementor-top-column elementor-element elementor-element-89b73ac\" data-id=\"89b73ac\" data-element_type=\"column\" data-e-type=\"column\">\n\t\t\t<div class=\"elementor-widget-wrap elementor-element-populated\">\n\t\t\t\t\t\t<div class=\"elementor-element elementor-element-8bf4b59 elementor-widget elementor-widget-video\" data-id=\"8bf4b59\" data-element_type=\"widget\" data-e-type=\"widget\" data-settings=\"{&quot;youtube_url&quot;:&quot;https:\\\/\\\/youtu.be\\\/reGGzXSYT6c&quot;,&quot;video_type&quot;:&quot;youtube&quot;,&quot;controls&quot;:&quot;yes&quot;}\" data-widget_type=\"video.default\">\n\t\t\t\t<div class=\"elementor-widget-container\">\n\t\t\t\t\t\t\t<div class=\"elementor-wrapper elementor-open-inline\">\n\t\t\t<div class=\"elementor-video\"><\/div>\t\t<\/div>\n\t\t\t\t\t\t<\/div>\n\t\t\t\t<\/div>\n\t\t\t\t<section class=\"has-el-gap el-gap-default elementor-section elementor-inner-section elementor-element elementor-element-a74a6de elementor-section-boxed elementor-section-height-default elementor-section-height-default\" data-id=\"a74a6de\" data-element_type=\"section\" data-e-type=\"section\">\n\t\t\t\t\t\t<div class=\"elementor-container elementor-column-gap-no\">\n\t\t\t\t\t<div class=\"elementor-column elementor-col-100 elementor-inner-column elementor-element elementor-element-a4a8c2e\" data-id=\"a4a8c2e\" data-element_type=\"column\" data-e-type=\"column\">\n\t\t\t<div class=\"elementor-widget-wrap elementor-element-populated\">\n\t\t\t\t\t\t<div class=\"elementor-element elementor-element-ff0b24e elementor-widget elementor-widget-accordion\" data-id=\"ff0b24e\" data-element_type=\"widget\" data-e-type=\"widget\" data-widget_type=\"accordion.default\">\n\t\t\t\t<div class=\"elementor-widget-container\">\n\t\t\t\t\t\t\t<div class=\"elementor-accordion\">\n\t\t\t\t\t\t\t<div class=\"elementor-accordion-item\">\n\t\t\t\t\t<div id=\"elementor-tab-title-2671\" class=\"elementor-tab-title\" data-tab=\"1\" role=\"button\" aria-controls=\"elementor-tab-content-2671\" aria-expanded=\"false\">\n\t\t\t\t\t\t\t\t\t\t\t\t\t<span class=\"elementor-accordion-icon elementor-accordion-icon-right\" aria-hidden=\"true\">\n\t\t\t\t\t\t\t\t\t\t\t\t\t\t\t<span class=\"elementor-accordion-icon-closed\"><i class=\"fas fa-plus\"><\/i><\/span>\n\t\t\t\t\t\t\t\t<span class=\"elementor-accordion-icon-opened\"><i class=\"fas fa-minus\"><\/i><\/span>\n\t\t\t\t\t\t\t\t\t\t\t\t\t\t<\/span>\n\t\t\t\t\t\t\t\t\t\t\t\t<a class=\"elementor-accordion-title\" tabindex=\"0\">Lista de asientos de coche sometidos a pruebas de colisi\u00f3n (mayo de 2022)<\/a>\n\t\t\t\t\t<\/div>\n\t\t\t\t\t<div id=\"elementor-tab-content-2671\" class=\"elementor-tab-content elementor-clearfix\" data-tab=\"1\" role=\"region\" aria-labelledby=\"elementor-tab-title-2671\"><p style=\"text-align: center;\"><strong>Desde el nacimiento hasta los 75 cm (aprox. 12\/15 meses)<\/strong><br \/>Maxi-Cosi CabrioFix i-Size + Base CabrioFix i-Size<br \/>Base Snug Essentials + Isofamily i-Size de Graco<br \/>Maxi-Cosi CabrioFix i-Size<\/p><p style=\"text-align: center;\"><strong>Desde el nacimiento hasta 85 cm (aprox. 18 meses)<\/strong><br \/>Cybex Aton B2 i-Size + Base Uno<br \/>Nuna Pipa Next + Base Next<br \/>Recaro Avan + Base Avan\/Kio<br \/>Cybex Aton B2 i-Size<br \/>Nuna Pipa Siguiente<br \/>Peg Perego Primo Viaggio SLK + Base i-Size<br \/>Peg Perego Primo Viaggio SLK<br \/>Recaro Avan<\/p><p style=\"text-align: center;\"><strong>Desde el nacimiento hasta 105 cm (4 a\u00f1os aprox.)<\/strong><br \/>Maxi-Cosi Mica Pro Eco i-Size<br \/>Maxi-Cosi Pearl 360 + base FamilyFix 360<br \/>Nuna Todl Next + Base Next<br \/>Graco Turn2Me<br \/><a href=\"https:\/\/www.monsiegeautobebe.fr\/es\/joie-spin-360\/\">Joie Spin 360<\/a><br \/>Chicco Seat2Fit i-Size<br \/>Chicco Seat2Fit i-Size Air<br \/>Lionelo Antoon RWF<\/p><p style=\"text-align: center;\"><strong>Desde el nacimiento hasta los 6 a\u00f1os aproximadamente\u00a0<\/strong><br \/>Joie i-Spin Crecimiento<\/p><p style=\"text-align: center;\"><strong>De 60 a 105 cm (aprox. de 6 meses a 4 a\u00f1os)<\/strong><br \/>Besafe iZi Modular RF X1 + Base iZi Modular i-Size<br \/>Recaro Kio + Base Avan\/Kio<br \/>Britax R\u00f6mer Dualfix 3 i-Size + Base Flex iSense<br \/>Kanga Urbano Uptown Modelo TV107<\/p><p style=\"text-align: center;\"><strong>De 76 a 115 cm (aprox. de 12 meses a 6 a\u00f1os)<\/strong><br \/>Cybex Anoris T i-Size<\/p><p style=\"text-align: center;\"><strong>De 9 a 36 kg (aprox. de 12 meses a 12 a\u00f1os) <\/strong><br \/>Kinderkraft Confort Up<\/p><p style=\"text-align: center;\"><strong>De 100 a 135 cm (de 3 a 8 a\u00f1os aprox.)<\/strong><br \/>Walser Kids Experts Noemi<\/p><p style=\"text-align: center;\"><strong>De 100 a 150 cm (de 4 a 12 a\u00f1os aprox.)<\/strong><br \/><a href=\"https:\/\/www.monsiegeautobebe.fr\/es\/comparativa-britax-romer-kidfix\/\">Britax R\u00f6mer Kidfix<\/a> M i-Tama\u00f1o<br \/>Graco EverSure i-Size<br \/>Casualplay Backfix i-size<\/p><\/div>\n\t\t\t\t<\/div>\n\t\t\t\t\t\t\t\t<\/div>\n\t\t\t\t\t\t<\/div>\n\t\t\t\t<\/div>\n\t\t\t\t\t<\/div>\n\t\t<\/div>\n\t\t\t\t\t<\/div>\n\t\t<\/section>\n\t\t\t\t<section class=\"has-el-gap el-gap-default elementor-section elementor-inner-section elementor-element elementor-element-a38325d elementor-section-boxed elementor-section-height-default elementor-section-height-default\" data-id=\"a38325d\" data-element_type=\"section\" data-e-type=\"section\">\n\t\t\t\t\t\t<div class=\"elementor-container elementor-column-gap-no\">\n\t\t\t\t\t<div class=\"elementor-column elementor-col-100 elementor-inner-column elementor-element elementor-element-e83ad3c\" data-id=\"e83ad3c\" data-element_type=\"column\" data-e-type=\"column\">\n\t\t\t<div class=\"elementor-widget-wrap elementor-element-populated\">\n\t\t\t\t\t\t<div class=\"elementor-element elementor-element-c7733da elementor-widget elementor-widget-heading\" data-id=\"c7733da\" data-element_type=\"widget\" data-e-type=\"widget\" data-widget_type=\"heading.default\">\n\t\t\t\t<div class=\"elementor-widget-container\">\n\t\t\t\t\t<div id=\"ez-toc-container\" class=\"ez-toc-v2_0_82_2 counter-hierarchy ez-toc-counter ez-toc-grey ez-toc-container-direction\">\n<div class=\"ez-toc-title-container\">\n<p class=\"ez-toc-title\" style=\"cursor:inherit\">Contenido<\/p>\n<span class=\"ez-toc-title-toggle\"><a href=\"#\" class=\"ez-toc-pull-right ez-toc-btn ez-toc-btn-xs ez-toc-btn-default ez-toc-toggle\" aria-label=\"Alternar tabla de contenidos\"><span class=\"ez-toc-js-icon-con\"><span class=\"\"><span class=\"eztoc-hide\" style=\"display:none;\">Toggle<\/span><span class=\"ez-toc-icon-toggle-span\"><svg style=\"fill: #999;color:#999\" xmlns=\"http:\/\/www.w3.org\/2000\/svg\" class=\"list-377408\" width=\"20px\" height=\"20px\" viewbox=\"0 0 24 24\" fill=\"none\"><path d=\"M6 6H4v2h2V6zm14 0H8v2h12V6zM4 11h2v2H4v-2zm16 0H8v2h12v-2zM4 16h2v2H4v-2zm16 0H8v2h12v-2z\" fill=\"currentColor\"><\/path><\/svg><svg style=\"fill: #999;color:#999\" class=\"arrow-unsorted-368013\" xmlns=\"http:\/\/www.w3.org\/2000\/svg\" width=\"10px\" height=\"10px\" viewbox=\"0 0 24 24\" version=\"1.2\" baseprofile=\"tiny\"><path d=\"M18.2 9.3l-6.2-6.3-6.2 6.3c-.2.2-.3.4-.3.7s.1.5.3.7c.2.2.4.3.7.3h11c.3 0 .5-.1.7-.3.2-.2.3-.5.3-.7s-.1-.5-.3-.7zM5.8 14.7l6.2 6.3 6.2-6.3c.2-.2.3-.5.3-.7s-.1-.5-.3-.7c-.2-.2-.4-.3-.7-.3h-11c-.3 0-.5.1-.7.3-.2.2-.3.5-.3.7s.1.5.3.7z\"\/><\/svg><\/span><\/span><\/span><\/a><\/span><\/div>\n<nav><ul class='ez-toc-list ez-toc-list-level-1 eztoc-toggle-hide-by-default' ><li class='ez-toc-page-1 ez-toc-heading-level-2'><a class=\"ez-toc-link ez-toc-heading-1\" href=\"https:\/\/www.monsiegeautobebe.fr\/es\/test-adac-sillas-coche-primavera-2022\/#Le_Cybex_Anoris_T_i-Size\" >El Cybex Anoris T i-Size<\/a><\/li><li class='ez-toc-page-1 ez-toc-heading-level-2'><a class=\"ez-toc-link ez-toc-heading-2\" href=\"https:\/\/www.monsiegeautobebe.fr\/es\/test-adac-sillas-coche-primavera-2022\/#Les_Sieges_Auto_Enfants_Non_Recommandes\" >Sillas de auto para ni\u00f1os no recomendadas<\/a><\/li><li class='ez-toc-page-1 ez-toc-heading-level-2'><a class=\"ez-toc-link ez-toc-heading-3\" href=\"https:\/\/www.monsiegeautobebe.fr\/es\/test-adac-sillas-coche-primavera-2022\/#Selection_des_Meilleurs_Sieges_Auto_Aux_Crash-Tests_Mai_2022\" >Selecci\u00f3n de las mejores sillas de coche sometidas a pruebas de choque (mayo de 2022)<\/a><ul class='ez-toc-list-level-3' ><li class='ez-toc-heading-level-3'><a class=\"ez-toc-link ez-toc-heading-4\" href=\"https:\/\/www.monsiegeautobebe.fr\/es\/test-adac-sillas-coche-primavera-2022\/#1_Les_Cosy_Bebe_de_la_naissance_a_18_mois_env\" >1. Cosy B\u00e9b\u00e9 (desde el nacimiento hasta los 18 meses aproximadamente)<\/a><ul class='ez-toc-list-level-4' ><li class='ez-toc-heading-level-4'><a class=\"ez-toc-link ez-toc-heading-5\" href=\"https:\/\/www.monsiegeautobebe.fr\/es\/test-adac-sillas-coche-primavera-2022\/#Maxi-Cosi_CabrioFix_i-Size_avec_ou_sans_base\" >Maxi-Cosi CabrioFix i-Size (con o sin base)<\/a><\/li><li class='ez-toc-page-1 ez-toc-heading-level-4'><a class=\"ez-toc-link ez-toc-heading-6\" href=\"https:\/\/www.monsiegeautobebe.fr\/es\/test-adac-sillas-coche-primavera-2022\/#Cybex_Aton_B2_i-Size_avec_ou_sans_base\" >Cybex Aton B2 i-Size (con o sin base)<\/a><\/li><li class='ez-toc-page-1 ez-toc-heading-level-4'><a class=\"ez-toc-link ez-toc-heading-7\" href=\"https:\/\/www.monsiegeautobebe.fr\/es\/test-adac-sillas-coche-primavera-2022\/#Peg_Perego_Primo_Viaggio_SLK_avec_ou_sans_base\" >Peg Perego Primo Viaggio SLK (con o sin base)<\/a><\/li><li class='ez-toc-page-1 ez-toc-heading-level-4'><a class=\"ez-toc-link ez-toc-heading-8\" href=\"https:\/\/www.monsiegeautobebe.fr\/es\/test-adac-sillas-coche-primavera-2022\/#Recarde_Avan_avec_ou_sans_base\" >Disco retr\u00e1ctil Avan (con o sin base)<\/a><\/li><li class='ez-toc-page-1 ez-toc-heading-level-4'><a class=\"ez-toc-link ez-toc-heading-9\" href=\"https:\/\/www.monsiegeautobebe.fr\/es\/test-adac-sillas-coche-primavera-2022\/#Nuna_Pipa_Next_avec_ou_sans_base\" >Nuna Pipa Next (con o sin base)<\/a><\/li><li class='ez-toc-page-1 ez-toc-heading-level-4'><a class=\"ez-toc-link ez-toc-heading-10\" href=\"https:\/\/www.monsiegeautobebe.fr\/es\/test-adac-sillas-coche-primavera-2022\/#Graco_SnugEssentials_Isofamily_i-Size_Base\" >Graco SnugEssentials + Base Isofamily i-Size<\/a><\/li><\/ul><\/li><li class='ez-toc-page-1 ez-toc-heading-level-3'><a class=\"ez-toc-link ez-toc-heading-11\" href=\"https:\/\/www.monsiegeautobebe.fr\/es\/test-adac-sillas-coche-primavera-2022\/#2_Les_Sieges_Auto_Enfants_de_la_naissance_a_4_ans_env\" >2. Sillas de coche para ni\u00f1os (desde el nacimiento hasta los 4 a\u00f1os aproximadamente)<\/a><ul class='ez-toc-list-level-4' ><li class='ez-toc-heading-level-4'><a class=\"ez-toc-link ez-toc-heading-12\" href=\"https:\/\/www.monsiegeautobebe.fr\/es\/test-adac-sillas-coche-primavera-2022\/#BeSafe_iZi_Modular_RF_X1_iZi_Modular_i-Size_Base\" >BeSafe iZi Modular RF X1 + Base iZi Modular i-Size<\/a><\/li><li class='ez-toc-page-1 ez-toc-heading-level-4'><a class=\"ez-toc-link ez-toc-heading-13\" href=\"https:\/\/www.monsiegeautobebe.fr\/es\/test-adac-sillas-coche-primavera-2022\/#Recaro_Kio_AvanKio_Base\" >Recaro Kio + Avan\/Kio Base<\/a><\/li><li class='ez-toc-page-1 ez-toc-heading-level-4'><a class=\"ez-toc-link ez-toc-heading-14\" href=\"https:\/\/www.monsiegeautobebe.fr\/es\/test-adac-sillas-coche-primavera-2022\/#Britax_Romer_Dualfix_3_i-Size_Flex_Base_iSense\" >Britax R\u00f6mer Dualfix 3 i-Size + Base Flex iSense<\/a><\/li><li class='ez-toc-page-1 ez-toc-heading-level-4'><a class=\"ez-toc-link ez-toc-heading-15\" href=\"https:\/\/www.monsiegeautobebe.fr\/es\/test-adac-sillas-coche-primavera-2022\/#Maxi-Cosi_Pearl_360_Base_FamilyFix_360\" >Maxi-Cosi Pearl 360 + base FamilyFix 360<\/a><\/li><li class='ez-toc-page-1 ez-toc-heading-level-4'><a class=\"ez-toc-link ez-toc-heading-16\" href=\"https:\/\/www.monsiegeautobebe.fr\/es\/test-adac-sillas-coche-primavera-2022\/#Maxi-Cosi_Mica_Pro_Eco_i-Size\" >Maxi-Cosi Mica Pro Eco i-Size<\/a><\/li><\/ul><\/li><li class='ez-toc-page-1 ez-toc-heading-level-3'><a class=\"ez-toc-link ez-toc-heading-17\" href=\"https:\/\/www.monsiegeautobebe.fr\/es\/test-adac-sillas-coche-primavera-2022\/#3_Les_Sieges_Auto_Enfants_de_15_mois_a_4_ans_env\" >3. Sillas de coche para ni\u00f1os (de 15 meses a 4 a\u00f1os aprox.)<\/a><ul class='ez-toc-list-level-4' ><li class='ez-toc-heading-level-4'><a class=\"ez-toc-link ez-toc-heading-18\" href=\"https:\/\/www.monsiegeautobebe.fr\/es\/test-adac-sillas-coche-primavera-2022\/#Cybex_Anoris_T_i-Size\" >Cybex Anoris T i-Size<\/a><\/li><\/ul><\/li><li class='ez-toc-page-1 ez-toc-heading-level-3'><a class=\"ez-toc-link ez-toc-heading-19\" href=\"https:\/\/www.monsiegeautobebe.fr\/es\/test-adac-sillas-coche-primavera-2022\/#4_Les_Rehausseurs_Voiture_de_4_a_12_ans_env\" >4. Asientos elevadores para coches (de 4 a 12 a\u00f1os aprox.)<\/a><ul class='ez-toc-list-level-4' ><li class='ez-toc-heading-level-4'><a class=\"ez-toc-link ez-toc-heading-20\" href=\"https:\/\/www.monsiegeautobebe.fr\/es\/test-adac-sillas-coche-primavera-2022\/#Britax_Romer_Kidfix_M_i-Size\" >Britax R\u00f6mer Kidfix M i-Size<\/a><\/li><li class='ez-toc-page-1 ez-toc-heading-level-4'><a class=\"ez-toc-link ez-toc-heading-21\" href=\"https:\/\/www.monsiegeautobebe.fr\/es\/test-adac-sillas-coche-primavera-2022\/#Graco_EverSure_i-Size\" >Graco EverSure i-Size<\/a><\/li><\/ul><\/li><\/ul><\/li><li class='ez-toc-page-1 ez-toc-heading-level-2'><a class=\"ez-toc-link ez-toc-heading-22\" href=\"https:\/\/www.monsiegeautobebe.fr\/es\/test-adac-sillas-coche-primavera-2022\/#Liste_Complete_des_Notes_aux_Crash-Tests_ADAC_TCS_Mai_2022\" >Liste Compl\u00e8te des Notes aux Crash-Tests ADAC &amp; TCS (Mai 2022)<\/a><\/li><\/ul><\/nav><\/div>\n<h2 class=\"elementor-heading-title elementor-size-default\"><span class=\"ez-toc-section\" id=\"Le_Cybex_Anoris_T_i-Size\"><\/span>El Cybex Anoris T i-Size<span class=\"ez-toc-section-end\"><\/span><\/h2>\t\t\t\t<\/div>\n\t\t\t\t<\/div>\n\t\t\t\t<div class=\"elementor-element elementor-element-82203da post-content elementor-widget elementor-widget-text-editor\" data-id=\"82203da\" data-element_type=\"widget\" data-e-type=\"widget\" data-widget_type=\"text-editor.default\">\n\t\t\t\t<div class=\"elementor-widget-container\">\n\t\t\t\t\t\t\t\t\t<p>El ganador indiscutible de esta sesi\u00f3n de pruebas de choque es el <strong>Cybex Anoris T i-Size<\/strong>que recibi\u00f3 la marca <strong>\"muy bueno (1,5)<\/strong>. Es la \u00fanica silla de auto orientada hacia delante que ha recibido esta calificaci\u00f3n en la historia de las pruebas ADAC, gracias a <strong>el airbag <\/strong>directamente integrado en el parachoques. El airbag se despliega progresivamente hacia arriba tras el impacto para evitar golpear violentamente al ni\u00f1o y proteger las zonas m\u00e1s vulnerables.<\/p>\t\t\t\t\t\t\t\t<\/div>\n\t\t\t\t<\/div>\n\t\t\t\t\t<\/div>\n\t\t<\/div>\n\t\t\t\t\t<\/div>\n\t\t<\/section>\n\t\t\t\t<div class=\"elementor-element elementor-element-1195ca4 elementor-widget elementor-widget-video\" data-id=\"1195ca4\" data-element_type=\"widget\" data-e-type=\"widget\" data-settings=\"{&quot;youtube_url&quot;:&quot;https:\\\/\\\/youtu.be\\\/4TbYNhoP13s&quot;,&quot;video_type&quot;:&quot;youtube&quot;,&quot;controls&quot;:&quot;yes&quot;}\" data-widget_type=\"video.default\">\n\t\t\t\t<div class=\"elementor-widget-container\">\n\t\t\t\t\t\t\t<div class=\"elementor-wrapper elementor-open-inline\">\n\t\t\t<div class=\"elementor-video\"><\/div>\t\t<\/div>\n\t\t\t\t\t\t<\/div>\n\t\t\t\t<\/div>\n\t\t\t\t<section class=\"has-el-gap el-gap-default elementor-section elementor-inner-section elementor-element elementor-element-51e5541 elementor-section-boxed elementor-section-height-default elementor-section-height-default\" data-id=\"51e5541\" data-element_type=\"section\" data-e-type=\"section\">\n\t\t\t\t\t\t<div class=\"elementor-container elementor-column-gap-no\">\n\t\t\t\t\t<div class=\"elementor-column elementor-col-100 elementor-inner-column elementor-element elementor-element-0978bab\" data-id=\"0978bab\" data-element_type=\"column\" data-e-type=\"column\">\n\t\t\t<div class=\"elementor-widget-wrap elementor-element-populated\">\n\t\t\t\t\t\t<div class=\"elementor-element elementor-element-70fb7e8 post-content elementor-widget elementor-widget-text-editor\" data-id=\"70fb7e8\" data-element_type=\"widget\" data-e-type=\"widget\" data-widget_type=\"text-editor.default\">\n\t\t\t\t<div class=\"elementor-widget-container\">\n\t\t\t\t\t\t\t\t\t<p>Le <strong>Cybex Anoris T i-Size<\/strong> es un <strong><a href=\"https:\/\/www.monsiegeautobebe.fr\/es\/mejor-silla-de-coche-con-escudo-frontal\/\">silla de auto shield<\/a> <\/strong>aprobado para ni\u00f1os de <strong>76 cm a 125 cm <\/strong>(de 15 meses a 6 a\u00f1os aproximadamente). Como este modelo s\u00f3lo puede utilizarse de cara a la carretera, no puede utilizarse antes de los 15 meses. La presencia del airbag en el escudo contra impactos de la silla reduce considerablemente el riesgo de lesiones. <strong>en caso de colisi\u00f3n frontal o lateral.<\/strong> La estabilidad en el veh\u00edculo, el bajo riesgo de errores de manejo, el excelente espacio disponible y el muy bajo contenido de sustancias nocivas tambi\u00e9n fueron especialmente bien valorados en la prueba. El Anoris T i-Size tambi\u00e9n puntu\u00f3 <strong>5 de 5 estrellas<\/strong> (Excelente) del TCS.<\/p>\t\t\t\t\t\t\t\t<\/div>\n\t\t\t\t<\/div>\n\t\t\t\t<div class=\"elementor-element elementor-element-d875c1d elementor-widget elementor-widget-image\" data-id=\"d875c1d\" data-element_type=\"widget\" data-e-type=\"widget\" data-widget_type=\"image.default\">\n\t\t\t\t<div class=\"elementor-widget-container\">\n\t\t\t\t\t\t\t\t\t\t\t\t<figure class=\"wp-caption\">\n\t\t\t\t\t\t\t\t\t\t\t<a href=\"https:\/\/monsiegeautobebe.fr\/wp-content\/uploads\/2022\/06\/airbag-cybex-anoris-t-i-size-crash-test.jpg\" data-elementor-open-lightbox=\"yes\" data-elementor-lightbox-title=\"airbag-cybex-anoris-t-i-size-crash-test\" data-e-action-hash=\"#elementor-action%3Aaction%3Dlightbox%26settings%3DeyJpZCI6NjIzNCwidXJsIjoiaHR0cHM6XC9cL3d3dy5tb25zaWVnZWF1dG9iZWJlLmZyXC93cC1jb250ZW50XC91cGxvYWRzXC8yMDIyXC8wNlwvYWlyYmFnLWN5YmV4LWFub3Jpcy10LWktc2l6ZS1jcmFzaC10ZXN0LmpwZyJ9\">\n\t\t\t\t\t\t\t<img fetchpriority=\"high\" decoding=\"async\" class=\"attachment-large size-large wp-image-6234 lazyload\" width=\"788\" height=\"714\" src=\"data:image\/svg+xml;base64,PHN2ZyB2aWV3Qm94PScwIDAgNzg4IDcxNCcgeG1sbnM9J2h0dHA6Ly93d3cudzMub3JnLzIwMDAvc3ZnJz48L3N2Zz4=\" alt=\"airbag cybex anoris t i size crash test\" srcset=\"https:\/\/www.monsiegeautobebe.fr\/wp-content\/uploads\/2022\/06\/airbag-cybex-anoris-t-i-size-crash-test.jpg 1000w, https:\/\/www.monsiegeautobebe.fr\/wp-content\/uploads\/2022\/06\/airbag-cybex-anoris-t-i-size-crash-test-300x272.jpg 300w, https:\/\/www.monsiegeautobebe.fr\/wp-content\/uploads\/2022\/06\/airbag-cybex-anoris-t-i-size-crash-test-768x696.jpg 768w, https:\/\/www.monsiegeautobebe.fr\/wp-content\/uploads\/2022\/06\/airbag-cybex-anoris-t-i-size-crash-test-150x136.jpg 150w, https:\/\/www.monsiegeautobebe.fr\/wp-content\/uploads\/2022\/06\/airbag-cybex-anoris-t-i-size-crash-test-450x408.jpg 450w, https:\/\/www.monsiegeautobebe.fr\/wp-content\/uploads\/2022\/06\/airbag-cybex-anoris-t-i-size-crash-test-600x544.jpg 600w\" sizes=\"(max-width: 788px) 100vw, 788px\" data-src=\"https:\/\/www.monsiegeautobebe.fr\/wp-content\/uploads\/2022\/06\/airbag-cybex-anoris-t-i-size-crash-test.jpg\" \/>\t\t\t\t\t\t\t\t<\/a>\n\t\t\t\t\t\t\t\t\t\t\t<figcaption class=\"widget-image-caption wp-caption-text\">El airbag del Cybex Anoris T i-Size se infla en 25 milisegundos para proteger la cabeza, el cuello y el cuerpo del ni\u00f1o.<\/figcaption>\n\t\t\t\t\t\t\t\t\t\t<\/figure>\n\t\t\t\t\t\t\t\t\t<\/div>\n\t\t\t\t<\/div>\n\t\t\t\t\t<\/div>\n\t\t<\/div>\n\t\t\t\t\t<\/div>\n\t\t<\/section>\n\t\t\t\t<section class=\"has-el-gap el-gap-default elementor-section elementor-inner-section elementor-element elementor-element-ea607cc elementor-section-boxed elementor-section-height-default elementor-section-height-default\" data-id=\"ea607cc\" data-element_type=\"section\" data-e-type=\"section\">\n\t\t\t\t\t\t<div class=\"elementor-container elementor-column-gap-no\">\n\t\t\t\t\t<div class=\"elementor-column elementor-col-100 elementor-inner-column elementor-element elementor-element-88ba9ed\" data-id=\"88ba9ed\" data-element_type=\"column\" data-e-type=\"column\">\n\t\t\t<div class=\"elementor-widget-wrap elementor-element-populated\">\n\t\t\t\t\t\t<div class=\"elementor-element elementor-element-fed9c47 elementor-widget elementor-widget-heading\" data-id=\"fed9c47\" data-element_type=\"widget\" data-e-type=\"widget\" data-widget_type=\"heading.default\">\n\t\t\t\t<div class=\"elementor-widget-container\">\n\t\t\t\t\t<h2 class=\"elementor-heading-title elementor-size-default\"><span class=\"ez-toc-section\" id=\"Les_Sieges_Auto_Enfants_Non_Recommandes\"><\/span>Sillas de auto para ni\u00f1os no recomendadas<span class=\"ez-toc-section-end\"><\/span><\/h2>\t\t\t\t<\/div>\n\t\t\t\t<\/div>\n\t\t\t\t<div class=\"elementor-element elementor-element-78cce05 post-content elementor-widget elementor-widget-text-editor\" data-id=\"78cce05\" data-element_type=\"widget\" data-e-type=\"widget\" data-widget_type=\"text-editor.default\">\n\t\t\t\t<div class=\"elementor-widget-container\">\n\t\t\t\t\t\t\t\t\t<p>La ADAC desaconseja la compra de <strong>cuatro asientos de coche<\/strong> resultaron insuficientes. Tres modelos obtuvieron resultados \"insuficientes\" en la prueba de contaminaci\u00f3n. Los tejidos de los <strong>Lionelo Antoon RWF<\/strong> y <strong>Walser Kids Experts Noemi<\/strong> contienen retardantes de llama sospechosos de ser cancer\u00edgenos. Tambi\u00e9n se han detectado retardantes de llama en los tejidos del asiento plegable del coche. <strong>Kanga Urbano Uptown Modelo TV107<\/strong> que tampoco super\u00f3 la prueba de impacto lateral. Por su parte, el <strong>Kinderkraft Comfort Up<\/strong> no ofrece protecci\u00f3n suficiente en caso de impacto lateral.<\/p>\t\t\t\t\t\t\t\t<\/div>\n\t\t\t\t<\/div>\n\t\t\t\t\t<\/div>\n\t\t<\/div>\n\t\t\t\t\t<\/div>\n\t\t<\/section>\n\t\t\t\t\t<\/div>\n\t\t<\/div>\n\t\t\t\t\t<\/div>\n\t\t<\/section>\n\t\t\t\t<section class=\"has-el-gap el-gap-default elementor-section elementor-top-section elementor-element elementor-element-49b6ef4 elementor-section-boxed elementor-section-height-default elementor-section-height-default\" data-id=\"49b6ef4\" data-element_type=\"section\" data-e-type=\"section\">\n\t\t\t\t\t\t<div class=\"elementor-container elementor-column-gap-no\">\n\t\t\t\t\t<div class=\"elementor-column elementor-col-100 elementor-top-column elementor-element elementor-element-abb6d4b\" data-id=\"abb6d4b\" data-element_type=\"column\" data-e-type=\"column\">\n\t\t\t<div class=\"elementor-widget-wrap elementor-element-populated\">\n\t\t\t\t\t\t<div class=\"elementor-element elementor-element-f1be19c elementor-widget elementor-widget-heading\" data-id=\"f1be19c\" data-element_type=\"widget\" data-e-type=\"widget\" data-widget_type=\"heading.default\">\n\t\t\t\t<div class=\"elementor-widget-container\">\n\t\t\t\t\t<h2 class=\"elementor-heading-title elementor-size-large\"><span class=\"ez-toc-section\" id=\"Selection_des_Meilleurs_Sieges_Auto_Aux_Crash-Tests_Mai_2022\"><\/span>Selecci\u00f3n de las mejores sillas de coche sometidas a pruebas de choque (mayo de 2022)<span class=\"ez-toc-section-end\"><\/span><\/h2>\t\t\t\t<\/div>\n\t\t\t\t<\/div>\n\t\t\t\t<section class=\"has-el-gap el-gap-default elementor-section elementor-inner-section elementor-element elementor-element-b3121d7 elementor-section-boxed elementor-section-height-default elementor-section-height-default\" data-id=\"b3121d7\" data-element_type=\"section\" data-e-type=\"section\">\n\t\t\t\t\t\t<div class=\"elementor-container elementor-column-gap-no\">\n\t\t\t\t\t<div class=\"elementor-column elementor-col-100 elementor-inner-column elementor-element elementor-element-c3de888\" data-id=\"c3de888\" data-element_type=\"column\" data-e-type=\"column\">\n\t\t\t<div class=\"elementor-widget-wrap elementor-element-populated\">\n\t\t\t\t\t\t<div class=\"elementor-element elementor-element-50ba8f2 elementor-widget elementor-widget-heading\" data-id=\"50ba8f2\" data-element_type=\"widget\" data-e-type=\"widget\" data-widget_type=\"heading.default\">\n\t\t\t\t<div class=\"elementor-widget-container\">\n\t\t\t\t\t<h3 class=\"elementor-heading-title elementor-size-large\"><span class=\"ez-toc-section\" id=\"1_Les_Cosy_Bebe_de_la_naissance_a_18_mois_env\"><\/span>1. Cosy B\u00e9b\u00e9 (desde el nacimiento hasta los 18 meses aproximadamente)<span class=\"ez-toc-section-end\"><\/span><\/h3>\t\t\t\t<\/div>\n\t\t\t\t<\/div>\n\t\t\t\t\t<\/div>\n\t\t<\/div>\n\t\t\t\t\t<\/div>\n\t\t<\/section>\n\t\t\t\t<section class=\"has-el-gap el-gap-default elementor-section elementor-inner-section elementor-element elementor-element-310efa1 elementor-section-boxed elementor-section-height-default elementor-section-height-default\" data-id=\"310efa1\" data-element_type=\"section\" data-e-type=\"section\">\n\t\t\t\t\t\t<div class=\"elementor-container elementor-column-gap-no\">\n\t\t\t\t\t<div class=\"elementor-column elementor-col-100 elementor-inner-column elementor-element elementor-element-56f7464\" data-id=\"56f7464\" data-element_type=\"column\" data-e-type=\"column\">\n\t\t\t<div class=\"elementor-widget-wrap elementor-element-populated\">\n\t\t\t\t\t\t<div class=\"elementor-element elementor-element-72ddc58 post-content elementor-widget elementor-widget-text-editor\" data-id=\"72ddc58\" data-element_type=\"widget\" data-e-type=\"widget\" data-widget_type=\"text-editor.default\">\n\t\t\t\t<div class=\"elementor-widget-container\">\n\t\t\t\t\t\t\t\t\t<ul><li><h4><span class=\"ez-toc-section\" id=\"Maxi-Cosi_CabrioFix_i-Size_avec_ou_sans_base\"><\/span>Maxi-Cosi CabrioFix i-Size (con o sin base)<span class=\"ez-toc-section-end\"><\/span><\/h4><\/li><\/ul><p><a href=\"https:\/\/monsiegeautobebe.fr\/wp-content\/uploads\/2022\/06\/maxi-cosi-cabriofix-i-size-crash-test-adac.jpg\"><img decoding=\"async\" class=\"alignleft size-full wp-image-6336\" src=\"https:\/\/monsiegeautobebe.fr\/wp-content\/uploads\/2022\/06\/maxi-cosi-cabriofix-i-size-crash-test-adac.jpg\" alt=\"maxi cosi cabriofix i size crash test adac\" width=\"300\" height=\"300\" srcset=\"https:\/\/www.monsiegeautobebe.fr\/wp-content\/uploads\/2022\/06\/maxi-cosi-cabriofix-i-size-crash-test-adac.jpg 1000w, https:\/\/www.monsiegeautobebe.fr\/wp-content\/uploads\/2022\/06\/maxi-cosi-cabriofix-i-size-crash-test-adac-300x300.jpg 300w, https:\/\/www.monsiegeautobebe.fr\/wp-content\/uploads\/2022\/06\/maxi-cosi-cabriofix-i-size-crash-test-adac-150x150.jpg 150w, https:\/\/www.monsiegeautobebe.fr\/wp-content\/uploads\/2022\/06\/maxi-cosi-cabriofix-i-size-crash-test-adac-768x768.jpg 768w, https:\/\/www.monsiegeautobebe.fr\/wp-content\/uploads\/2022\/06\/maxi-cosi-cabriofix-i-size-crash-test-adac-450x450.jpg 450w, https:\/\/www.monsiegeautobebe.fr\/wp-content\/uploads\/2022\/06\/maxi-cosi-cabriofix-i-size-crash-test-adac-600x600.jpg 600w, https:\/\/www.monsiegeautobebe.fr\/wp-content\/uploads\/2022\/06\/maxi-cosi-cabriofix-i-size-crash-test-adac-336x336.jpg 336w\" sizes=\"(max-width: 300px) 100vw, 300px\" \/><\/a>Le <strong>Maxi-Cosi CabrioFix i-Size<\/strong> es un <a href=\"https:\/\/www.monsiegeautobebe.fr\/es\/mejor-silla-coche-bebe\/\">acogedor beb\u00e9<\/a> Ligero (3,2 kg) y extremadamente seguro, puede utilizarse con o sin el <b>Base CabrioFix i-Size<\/b>. Este modelo est\u00e1 homologado de conformidad con <strong>R129 (i-Size)<\/strong> viajar con ni\u00f1os de <strong>40 a 75 cm<\/strong> (desde el nacimiento hasta los 12 meses aproximadamente). Durante las pruebas, se comprob\u00f3 que hab\u00eda muy poco riesgo de lesiones en caso de colisi\u00f3n frontal o lateral.<\/p><p>Este modelo cuenta con un reductor de asiento con coj\u00edn, protecci\u00f3n contra impactos laterales, un arn\u00e9s acolchado de 3 puntos y una suave capota. Como la mayor\u00eda de las sillas de paseo, este asiento es compatible con la mayor\u00eda de los cochecitos Maxi-Cosi, as\u00ed como con los de otros fabricantes (con adaptadores).<\/p><p><\/p><p><div id=\"tablepress-119-scroll-wrapper\" class=\"tablepress-scroll-wrapper\">\n\n<table id=\"tablepress-119\" class=\"tablepress tablepress-id-119 tablepress-responsive\">\n<thead>\n<tr class=\"row-1\">\n\t<td class=\"column-1\"><\/td><th class=\"column-2\">Maxi-Cosi CabrioFix i-Size<\/th>\n<\/tr>\n<\/thead>\n<tbody class=\"row-striping row-hover\">\n<tr class=\"row-2\">\n\t<td class=\"column-1\">Certificaci\u00f3n<\/td><td class=\"column-2\">R129 (i-Size)<\/td>\n<\/tr>\n<tr class=\"row-3\">\n\t<td class=\"column-1\">Tama\u00f1o infantil<\/td><td class=\"column-2\">40 a 75 cm<\/td>\n<\/tr>\n<tr class=\"row-4\">\n\t<td class=\"column-1\">Edad del ni\u00f1o<\/td><td class=\"column-2\">Desde el nacimiento hasta los 12 meses aproximadamente.<\/td>\n<\/tr>\n<tr class=\"row-5\">\n\t<td class=\"column-1\">Peso del ni\u00f1o<\/td><td class=\"column-2\">13 kg m\u00e1x.<\/td>\n<\/tr>\n<tr class=\"row-6\">\n\t<td class=\"column-1\">Posici\u00f3n del asiento<\/td><td class=\"column-2\">De vuelta a la carretera<\/td>\n<\/tr>\n<tr class=\"row-7\">\n\t<td class=\"column-1\">Instalaci\u00f3n de la silla<\/td><td class=\"column-2\">Cintur\u00f3n de seguridad o <a href=\"https:\/\/amzn.to\/3tzzSk0\" target=\"_blank\" rel=\"nofollow noopener noreferrer\">Base CabrioFix i-Size<\/a><\/td>\n<\/tr>\n<tr class=\"row-8\">\n\t<td class=\"column-1\">Sistema de retenci\u00f3n infantil<\/td><td class=\"column-2\">Arn\u00e9s de 3 puntos<\/td>\n<\/tr>\n<tr class=\"row-9\">\n\t<td class=\"column-1\">Reductor para reci\u00e9n nacidos<\/td><td class=\"column-2\"><center><img decoding=\"async\" src=\"https:\/\/monsiegeautobebe.fr\/wp-content\/uploads\/2019\/03\/icon-yes.png\" alt=\"\" width=\"16\" height=\"16\" class=\"aligncenter size-full wp-image-693\" \/><\/center><\/td>\n<\/tr>\n<tr class=\"row-10\">\n\t<td class=\"column-1\"><a href=\"https:\/\/www.monsiegeautobebe.fr\/es\/mejor-silla-coche-bebe-giratoria\/\">Silla de coche giratoria<\/a><\/td><td class=\"column-2\"><center><img loading=\"lazy\" decoding=\"async\" src=\"https:\/\/monsiegeautobebe.fr\/wp-content\/uploads\/2019\/03\/icon-no.png\" alt=\"\" width=\"16\" height=\"16\" class=\"aligncenter size-full wp-image-693\" \/><\/center><\/td>\n<\/tr>\n<tr class=\"row-11\">\n\t<td class=\"column-1\">Peso<\/td><td class=\"column-2\">3,2 kg<\/td>\n<\/tr>\n<tr class=\"row-12\">\n\t<td class=\"column-1\">Precios<\/td><td class=\"column-2\"><\/td>\n<\/tr>\n<\/tbody>\n<\/table>\n\n<\/div><!-- #tablepress-119 from cache --><\/p>\t\t\t\t\t\t\t\t<\/div>\n\t\t\t\t<\/div>\n\t\t\t\t\t<\/div>\n\t\t<\/div>\n\t\t\t\t\t<\/div>\n\t\t<\/section>\n\t\t\t\t<section class=\"has-el-gap el-gap-default elementor-section elementor-inner-section elementor-element elementor-element-0d6c810 elementor-section-boxed elementor-section-height-default elementor-section-height-default\" data-id=\"0d6c810\" data-element_type=\"section\" data-e-type=\"section\">\n\t\t\t\t\t\t<div class=\"elementor-container elementor-column-gap-no\">\n\t\t\t\t\t<div class=\"elementor-column elementor-col-100 elementor-inner-column elementor-element elementor-element-4e8f8fd\" data-id=\"4e8f8fd\" data-element_type=\"column\" data-e-type=\"column\">\n\t\t\t<div class=\"elementor-widget-wrap elementor-element-populated\">\n\t\t\t\t\t\t<div class=\"elementor-element elementor-element-5854daf post-content elementor-widget elementor-widget-text-editor\" data-id=\"5854daf\" data-element_type=\"widget\" data-e-type=\"widget\" data-widget_type=\"text-editor.default\">\n\t\t\t\t<div class=\"elementor-widget-container\">\n\t\t\t\t\t\t\t\t\t<ul><li><h4><span class=\"ez-toc-section\" id=\"Cybex_Aton_B2_i-Size_avec_ou_sans_base\"><\/span>Cybex Aton B2 i-Size (con o sin base)<span class=\"ez-toc-section-end\"><\/span><\/h4><\/li><\/ul><p><a href=\"https:\/\/monsiegeautobebe.fr\/wp-content\/uploads\/2022\/06\/cybex-aton-b2-crash-test-adac.jpg\"><img loading=\"lazy\" decoding=\"async\" class=\"alignleft size-full wp-image-6355\" src=\"https:\/\/monsiegeautobebe.fr\/wp-content\/uploads\/2022\/06\/cybex-aton-b2-crash-test-adac.jpg\" alt=\"cybex aton b2 crash test adac\" width=\"300\" height=\"300\" srcset=\"https:\/\/www.monsiegeautobebe.fr\/wp-content\/uploads\/2022\/06\/cybex-aton-b2-crash-test-adac.jpg 1000w, https:\/\/www.monsiegeautobebe.fr\/wp-content\/uploads\/2022\/06\/cybex-aton-b2-crash-test-adac-300x300.jpg 300w, https:\/\/www.monsiegeautobebe.fr\/wp-content\/uploads\/2022\/06\/cybex-aton-b2-crash-test-adac-150x150.jpg 150w, https:\/\/www.monsiegeautobebe.fr\/wp-content\/uploads\/2022\/06\/cybex-aton-b2-crash-test-adac-768x768.jpg 768w, https:\/\/www.monsiegeautobebe.fr\/wp-content\/uploads\/2022\/06\/cybex-aton-b2-crash-test-adac-450x450.jpg 450w, https:\/\/www.monsiegeautobebe.fr\/wp-content\/uploads\/2022\/06\/cybex-aton-b2-crash-test-adac-600x600.jpg 600w, https:\/\/www.monsiegeautobebe.fr\/wp-content\/uploads\/2022\/06\/cybex-aton-b2-crash-test-adac-336x336.jpg 336w\" sizes=\"(max-width: 300px) 100vw, 300px\" \/><\/a>Le <strong>Cybex Aton B2 i-Size<\/strong> es un arrullo para beb\u00e9s de la <a href=\"https:\/\/www.monsiegeautobebe.fr\/es\/comparatif-meilleurs-sieges-auto-cybex\/\" target=\"_blank\" rel=\"noopener\">Silla de auto Cybex Silver<\/a> que puede instalarse en su veh\u00edculo con o sin su <b>Base Uno<\/b>. Este modelo seguro y f\u00e1cil de manejar est\u00e1 homologado conforme a la normativa <strong>R129 (i-Size)<\/strong> viajar con ni\u00f1os de <strong>45 a 87 cm<\/strong> (desde el nacimiento hasta los 24 meses aproximadamente).<\/p><p>El asiento est\u00e1 equipado con un reductor para reci\u00e9n nacidos (hasta 60 cm), protecci\u00f3n contra <strong>impacto lateral<\/strong> (L.S.P), una <strong>Arn\u00e9s de 3 puntos<\/strong> o un gran <strong>Toldo UPF 50<\/strong>. Este asiento es compatible con la tecnolog\u00eda SensorSafe y con la mayor\u00eda de los cochecitos Cybex\/gb. Durante las pruebas, se comprob\u00f3 que exist\u00eda un riesgo muy bajo de lesiones en caso de colisi\u00f3n frontal y un riesgo bajo de lesiones en caso de impacto lateral.<\/p><p><\/p><p><div id=\"tablepress-120-scroll-wrapper\" class=\"tablepress-scroll-wrapper\">\n\n<table id=\"tablepress-120\" class=\"tablepress tablepress-id-120 tablepress-responsive\">\n<thead>\n<tr class=\"row-1\">\n\t<td class=\"column-1\"><\/td><th class=\"column-2\">Cybex Aton B2 i-Size<\/th>\n<\/tr>\n<\/thead>\n<tbody class=\"row-striping row-hover\">\n<tr class=\"row-2\">\n\t<td class=\"column-1\">Certificaci\u00f3n<\/td><td class=\"column-2\">R129 (i-Size)<\/td>\n<\/tr>\n<tr class=\"row-3\">\n\t<td class=\"column-1\">Tama\u00f1o infantil<\/td><td class=\"column-2\">45 a 87 cm<\/td>\n<\/tr>\n<tr class=\"row-4\">\n\t<td class=\"column-1\">Edad del ni\u00f1o<\/td><td class=\"column-2\">Desde el nacimiento hasta alrededor de los 24 meses.<\/td>\n<\/tr>\n<tr class=\"row-5\">\n\t<td class=\"column-1\">Peso del ni\u00f1o<\/td><td class=\"column-2\">13 kg m\u00e1x.<\/td>\n<\/tr>\n<tr class=\"row-6\">\n\t<td class=\"column-1\">Posici\u00f3n del asiento<\/td><td class=\"column-2\">De vuelta a la carretera<\/td>\n<\/tr>\n<tr class=\"row-7\">\n\t<td class=\"column-1\">Instalaci\u00f3n de la silla<\/td><td class=\"column-2\">Cintur\u00f3n de seguridad o <a href=\"https:\/\/action.metaffiliation.com\/trk.php?mclic=P4F2915719951B1&amp;redir=https%3A%2F%2Fwww.autourdebebe.com%2Fp%2Fcybexbaseone%2Fbase-one-cybex\" target=\"_blank\" rel=\"nofollow noopener\">Base Uno<\/a><\/td>\n<\/tr>\n<tr class=\"row-8\">\n\t<td class=\"column-1\">Sistema de retenci\u00f3n infantil<\/td><td class=\"column-2\">Arn\u00e9s de 3 puntos<\/td>\n<\/tr>\n<tr class=\"row-9\">\n\t<td class=\"column-1\">Reductor para reci\u00e9n nacidos<\/td><td class=\"column-2\"><center><img decoding=\"async\" src=\"https:\/\/monsiegeautobebe.fr\/wp-content\/uploads\/2019\/03\/icon-yes.png\" alt=\"\" width=\"16\" height=\"16\" class=\"aligncenter size-full wp-image-693\" \/><\/center><\/td>\n<\/tr>\n<tr class=\"row-10\">\n\t<td class=\"column-1\">Silla de coche giratoria<\/td><td class=\"column-2\"><center><img loading=\"lazy\" decoding=\"async\" src=\"https:\/\/monsiegeautobebe.fr\/wp-content\/uploads\/2019\/03\/icon-no.png\" alt=\"\" width=\"16\" height=\"16\" class=\"aligncenter size-full wp-image-693\" \/><\/center><\/td>\n<\/tr>\n<tr class=\"row-11\">\n\t<td class=\"column-1\">Peso<\/td><td class=\"column-2\">3,8 kg<\/td>\n<\/tr>\n<tr class=\"row-12\">\n\t<td class=\"column-1\">Precios<\/td><td class=\"column-2\"><\/td>\n<\/tr>\n<\/tbody>\n<\/table>\n\n<\/div><!-- #tablepress-120 from cache --><\/p>\t\t\t\t\t\t\t\t<\/div>\n\t\t\t\t<\/div>\n\t\t\t\t\t<\/div>\n\t\t<\/div>\n\t\t\t\t\t<\/div>\n\t\t<\/section>\n\t\t\t\t<section class=\"has-el-gap el-gap-default elementor-section elementor-inner-section elementor-element elementor-element-22e5fa8 elementor-section-boxed elementor-section-height-default elementor-section-height-default\" data-id=\"22e5fa8\" data-element_type=\"section\" data-e-type=\"section\">\n\t\t\t\t\t\t<div class=\"elementor-container elementor-column-gap-no\">\n\t\t\t\t\t<div class=\"elementor-column elementor-col-100 elementor-inner-column elementor-element elementor-element-a102537\" data-id=\"a102537\" data-element_type=\"column\" data-e-type=\"column\">\n\t\t\t<div class=\"elementor-widget-wrap elementor-element-populated\">\n\t\t\t\t\t\t<div class=\"elementor-element elementor-element-3a4c29b post-content elementor-widget elementor-widget-text-editor\" data-id=\"3a4c29b\" data-element_type=\"widget\" data-e-type=\"widget\" data-widget_type=\"text-editor.default\">\n\t\t\t\t<div class=\"elementor-widget-container\">\n\t\t\t\t\t\t\t\t\t<ul><li><h4><span class=\"ez-toc-section\" id=\"Peg_Perego_Primo_Viaggio_SLK_avec_ou_sans_base\"><\/span>Peg Perego Primo Viaggio SLK (con o sin base)<span class=\"ez-toc-section-end\"><\/span><\/h4><\/li><\/ul><p><a href=\"https:\/\/monsiegeautobebe.fr\/wp-content\/uploads\/2022\/06\/peg-perego-primo-viaggio-slk-i-size.jpg\"><img loading=\"lazy\" decoding=\"async\" class=\"alignleft size-medium wp-image-6357\" src=\"https:\/\/monsiegeautobebe.fr\/wp-content\/uploads\/2022\/06\/peg-perego-primo-viaggio-slk-i-size-300x300.jpg\" alt=\"peg perego primo viaggio slk i talla\" width=\"300\" height=\"300\" srcset=\"https:\/\/www.monsiegeautobebe.fr\/wp-content\/uploads\/2022\/06\/peg-perego-primo-viaggio-slk-i-size-300x300.jpg 300w, https:\/\/www.monsiegeautobebe.fr\/wp-content\/uploads\/2022\/06\/peg-perego-primo-viaggio-slk-i-size-150x150.jpg 150w, https:\/\/www.monsiegeautobebe.fr\/wp-content\/uploads\/2022\/06\/peg-perego-primo-viaggio-slk-i-size-768x768.jpg 768w, https:\/\/www.monsiegeautobebe.fr\/wp-content\/uploads\/2022\/06\/peg-perego-primo-viaggio-slk-i-size-450x450.jpg 450w, https:\/\/www.monsiegeautobebe.fr\/wp-content\/uploads\/2022\/06\/peg-perego-primo-viaggio-slk-i-size-600x600.jpg 600w, https:\/\/www.monsiegeautobebe.fr\/wp-content\/uploads\/2022\/06\/peg-perego-primo-viaggio-slk-i-size-336x336.jpg 336w, https:\/\/www.monsiegeautobebe.fr\/wp-content\/uploads\/2022\/06\/peg-perego-primo-viaggio-slk-i-size.jpg 1000w\" sizes=\"(max-width: 300px) 100vw, 300px\" \/><\/a>Le <strong>Peg Perego Primo Viaggio SLK<\/strong> es una silla de coche homologada seg\u00fan la <strong>R129 (i-Size)<\/strong> para viajar con ni\u00f1os <strong>desde el nacimiento hasta los 87 cm<\/strong> (hasta los 24 meses aproximadamente). Se coloca simplemente con el cintur\u00f3n de seguridad de 3 puntos del coche o con la ayuda de su <b>Base i-Size<\/b> tambi\u00e9n compatible con la silla de coche <b>Peg Perego FF05.<\/b> Las pruebas de choque revelaron un riesgo muy bajo de lesiones en caso de impactos frontales y laterales.<\/p><p>Le <strong>Primo Viaggio SLK<\/strong> est\u00e1 equipada con reductor extra\u00edble en dos partes para reci\u00e9n nacidos (cabeza + espalda), arn\u00e9s de 3 puntos, protecci\u00f3n lateral reforzada (Kinetic Pods) y capota UPF 50+. Esta silla es compatible con los cochecitos Peg Perego y otras marcas con adaptadores espec\u00edficos.<\/p><p><\/p><p><div id=\"tablepress-121-scroll-wrapper\" class=\"tablepress-scroll-wrapper\">\n\n<table id=\"tablepress-121\" class=\"tablepress tablepress-id-121 tablepress-responsive\">\n<thead>\n<tr class=\"row-1\">\n\t<td class=\"column-1\"><\/td><th class=\"column-2\">Peg Perego Primo Viaggio SLK<\/th>\n<\/tr>\n<\/thead>\n<tbody class=\"row-striping row-hover\">\n<tr class=\"row-2\">\n\t<td class=\"column-1\">Certificaci\u00f3n<\/td><td class=\"column-2\">R129 (i-Size)<\/td>\n<\/tr>\n<tr class=\"row-3\">\n\t<td class=\"column-1\">Tama\u00f1o infantil<\/td><td class=\"column-2\">De 40 a 87 cm<\/td>\n<\/tr>\n<tr class=\"row-4\">\n\t<td class=\"column-1\">Edad del ni\u00f1o<\/td><td class=\"column-2\">Desde el nacimiento hasta alrededor de los 24 meses.<\/td>\n<\/tr>\n<tr class=\"row-5\">\n\t<td class=\"column-1\">Peso del ni\u00f1o<\/td><td class=\"column-2\">13 kg m\u00e1x.<\/td>\n<\/tr>\n<tr class=\"row-6\">\n\t<td class=\"column-1\">Posici\u00f3n del asiento<\/td><td class=\"column-2\">De vuelta a la carretera<\/td>\n<\/tr>\n<tr class=\"row-7\">\n\t<td class=\"column-1\">Instalaci\u00f3n de la silla<\/td><td class=\"column-2\">Cintur\u00f3n de seguridad o base i-Size<\/td>\n<\/tr>\n<tr class=\"row-8\">\n\t<td class=\"column-1\">Sistema de retenci\u00f3n infantil<\/td><td class=\"column-2\">Arn\u00e9s de 3 puntos<\/td>\n<\/tr>\n<tr class=\"row-9\">\n\t<td class=\"column-1\">Reductor para reci\u00e9n nacidos<\/td><td class=\"column-2\"><center><img decoding=\"async\" src=\"https:\/\/monsiegeautobebe.fr\/wp-content\/uploads\/2019\/03\/icon-yes.png\" alt=\"\" width=\"16\" height=\"16\" class=\"aligncenter size-full wp-image-693\" \/><\/center><\/td>\n<\/tr>\n<tr class=\"row-10\">\n\t<td class=\"column-1\">Silla de coche giratoria<\/td><td class=\"column-2\"><center><img loading=\"lazy\" decoding=\"async\" src=\"https:\/\/monsiegeautobebe.fr\/wp-content\/uploads\/2019\/03\/icon-no.png\" alt=\"\" width=\"16\" height=\"16\" class=\"aligncenter size-full wp-image-693\" \/><\/center><\/td>\n<\/tr>\n<tr class=\"row-11\">\n\t<td class=\"column-1\">Peso<\/td><td class=\"column-2\">4 kg<\/td>\n<\/tr>\n<\/tbody>\n<\/table>\n\n<\/div><!-- #tablepress-121 from cache --><\/p>\t\t\t\t\t\t\t\t<\/div>\n\t\t\t\t<\/div>\n\t\t\t\t\t<\/div>\n\t\t<\/div>\n\t\t\t\t\t<\/div>\n\t\t<\/section>\n\t\t\t\t<section class=\"has-el-gap el-gap-default elementor-section elementor-inner-section elementor-element elementor-element-fec4428 elementor-section-boxed elementor-section-height-default elementor-section-height-default\" data-id=\"fec4428\" data-element_type=\"section\" data-e-type=\"section\">\n\t\t\t\t\t\t<div class=\"elementor-container elementor-column-gap-no\">\n\t\t\t\t\t<div class=\"elementor-column elementor-col-100 elementor-inner-column elementor-element elementor-element-bf75072\" data-id=\"bf75072\" data-element_type=\"column\" data-e-type=\"column\">\n\t\t\t<div class=\"elementor-widget-wrap elementor-element-populated\">\n\t\t\t\t\t\t<div class=\"elementor-element elementor-element-f80e520 post-content elementor-widget elementor-widget-text-editor\" data-id=\"f80e520\" data-element_type=\"widget\" data-e-type=\"widget\" data-widget_type=\"text-editor.default\">\n\t\t\t\t<div class=\"elementor-widget-container\">\n\t\t\t\t\t\t\t\t\t<ul>\n<li>\n<h4><span class=\"ez-toc-section\" id=\"Recarde_Avan_avec_ou_sans_base\"><\/span>Disco retr\u00e1ctil Avan (con o sin base)<span class=\"ez-toc-section-end\"><\/span><\/h4>\n<\/li>\n<\/ul>\n<p>Le <strong>Recaro Avan<\/strong> es un modelo c\u00f3modo y modular homologado conforme a la normativa <strong>R129 (i-Size)<\/strong> viajar con ni\u00f1os de <strong>De 40 a 83 cm<\/strong> (desde el nacimiento hasta los 16 meses aproximadamente). Este cobertor para beb\u00e9s puede fijarse con el cintur\u00f3n de seguridad del autom\u00f3vil o con un solo clic mediante el bot\u00f3n <strong>Avan\/Kio i-Size base <\/strong>tambi\u00e9n compatible con la silla de coche <b>Recaro Kio.<\/b> Durante las distintas pruebas, se observ\u00f3 un riesgo muy bajo de lesiones en caso de colisi\u00f3n frontal y un riesgo bajo de lesiones en caso de colisi\u00f3n lateral.<\/p>\n<p><iframe title=\"\u00bfPor qu\u00e9 elegir la silla de coche Avan de RECARO?\" width=\"788\" height=\"443\" src=\"https:\/\/www.youtube.com\/embed\/RCsvVcQOGt0?feature=oembed\" frameborder=\"0\" allow=\"accelerometer; autoplay; clipboard-write; encrypted-media; gyroscope; picture-in-picture\" allowfullscreen><\/iframe><\/p>\n<p>Le <strong>Recaro Avan<\/strong> est\u00e1 equipada con una inserci\u00f3n para reci\u00e9n nacidos, un arn\u00e9s de seguridad de 3 puntos, un asiento de malla acolchado y una capota anti-UV. Esta silla es compatible con muchos cochecitos gracias a los adaptadores que se venden por separado.<\/p>\n<p><div id=\"tablepress-122-scroll-wrapper\" class=\"tablepress-scroll-wrapper\">\n\n<table id=\"tablepress-122\" class=\"tablepress tablepress-id-122 tablepress-responsive\">\n<thead>\n<tr class=\"row-1\">\n\t<td class=\"column-1\"><\/td><th class=\"column-2\">Recaro Avan<\/th>\n<\/tr>\n<\/thead>\n<tbody class=\"row-striping row-hover\">\n<tr class=\"row-2\">\n\t<td class=\"column-1\">Certificaci\u00f3n<\/td><td class=\"column-2\">R129 (i-Size)<\/td>\n<\/tr>\n<tr class=\"row-3\">\n\t<td class=\"column-1\">Tama\u00f1o infantil<\/td><td class=\"column-2\">De 40 a 83 cm<\/td>\n<\/tr>\n<tr class=\"row-4\">\n\t<td class=\"column-1\">Edad del ni\u00f1o<\/td><td class=\"column-2\">Desde el nacimiento hasta los 15 meses aproximadamente.<\/td>\n<\/tr>\n<tr class=\"row-5\">\n\t<td class=\"column-1\">Peso del ni\u00f1o<\/td><td class=\"column-2\">13 kg m\u00e1x.<\/td>\n<\/tr>\n<tr class=\"row-6\">\n\t<td class=\"column-1\">Posici\u00f3n del asiento<\/td><td class=\"column-2\">De vuelta a la carretera<\/td>\n<\/tr>\n<tr class=\"row-7\">\n\t<td class=\"column-1\">Instalaci\u00f3n de la silla<\/td><td class=\"column-2\">Cintur\u00f3n de seguridad i-Size o base Avan\/Kio<\/td>\n<\/tr>\n<tr class=\"row-8\">\n\t<td class=\"column-1\">Sistema de retenci\u00f3n infantil<\/td><td class=\"column-2\">Arn\u00e9s de 3 puntos<\/td>\n<\/tr>\n<tr class=\"row-9\">\n\t<td class=\"column-1\">Reductor para reci\u00e9n nacidos<\/td><td class=\"column-2\"><center><img decoding=\"async\" src=\"https:\/\/monsiegeautobebe.fr\/wp-content\/uploads\/2019\/03\/icon-yes.png\" alt=\"\" width=\"16\" height=\"16\" class=\"aligncenter size-full wp-image-693\" \/><\/center><\/td>\n<\/tr>\n<tr class=\"row-10\">\n\t<td class=\"column-1\">Silla de coche giratoria<\/td><td class=\"column-2\"><center><img loading=\"lazy\" decoding=\"async\" src=\"https:\/\/monsiegeautobebe.fr\/wp-content\/uploads\/2019\/03\/icon-no.png\" alt=\"\" width=\"16\" height=\"16\" class=\"aligncenter size-full wp-image-693\" \/><\/center><\/td>\n<\/tr>\n<tr class=\"row-11\">\n\t<td class=\"column-1\">Peso<\/td><td class=\"column-2\">4,1 kg<\/td>\n<\/tr>\n<\/tbody>\n<\/table>\n\n<\/div><!-- #tablepress-122 from cache --><\/p>\t\t\t\t\t\t\t\t<\/div>\n\t\t\t\t<\/div>\n\t\t\t\t\t<\/div>\n\t\t<\/div>\n\t\t\t\t\t<\/div>\n\t\t<\/section>\n\t\t\t\t<section class=\"has-el-gap el-gap-default elementor-section elementor-inner-section elementor-element elementor-element-72ab85c elementor-section-boxed elementor-section-height-default elementor-section-height-default\" data-id=\"72ab85c\" data-element_type=\"section\" data-e-type=\"section\">\n\t\t\t\t\t\t<div class=\"elementor-container elementor-column-gap-no\">\n\t\t\t\t\t<div class=\"elementor-column elementor-col-100 elementor-inner-column elementor-element elementor-element-a5f11a5\" data-id=\"a5f11a5\" data-element_type=\"column\" data-e-type=\"column\">\n\t\t\t<div class=\"elementor-widget-wrap elementor-element-populated\">\n\t\t\t\t\t\t<div class=\"elementor-element elementor-element-0d48d3a post-content elementor-widget elementor-widget-text-editor\" data-id=\"0d48d3a\" data-element_type=\"widget\" data-e-type=\"widget\" data-widget_type=\"text-editor.default\">\n\t\t\t\t<div class=\"elementor-widget-container\">\n\t\t\t\t\t\t\t\t\t<ul><li><h4><span class=\"ez-toc-section\" id=\"Nuna_Pipa_Next_avec_ou_sans_base\"><\/span>Nuna Pipa Next (con o sin base)<span class=\"ez-toc-section-end\"><\/span><\/h4><\/li><\/ul><p><a href=\"https:\/\/monsiegeautobebe.fr\/wp-content\/uploads\/2022\/06\/nuna-pipa-next-crash-test-adac-full.jpg\"><img loading=\"lazy\" decoding=\"async\" class=\"alignleft size-medium wp-image-6398\" src=\"https:\/\/monsiegeautobebe.fr\/wp-content\/uploads\/2022\/06\/nuna-pipa-next-crash-test-adac-full-300x300.jpg\" alt=\"nuna pipa next crash test adac full\" width=\"300\" height=\"300\" srcset=\"https:\/\/www.monsiegeautobebe.fr\/wp-content\/uploads\/2022\/06\/nuna-pipa-next-crash-test-adac-full-300x300.jpg 300w, https:\/\/www.monsiegeautobebe.fr\/wp-content\/uploads\/2022\/06\/nuna-pipa-next-crash-test-adac-full-150x150.jpg 150w, https:\/\/www.monsiegeautobebe.fr\/wp-content\/uploads\/2022\/06\/nuna-pipa-next-crash-test-adac-full-768x768.jpg 768w, https:\/\/www.monsiegeautobebe.fr\/wp-content\/uploads\/2022\/06\/nuna-pipa-next-crash-test-adac-full-450x450.jpg 450w, https:\/\/www.monsiegeautobebe.fr\/wp-content\/uploads\/2022\/06\/nuna-pipa-next-crash-test-adac-full-600x600.jpg 600w, https:\/\/www.monsiegeautobebe.fr\/wp-content\/uploads\/2022\/06\/nuna-pipa-next-crash-test-adac-full-336x336.jpg 336w, https:\/\/www.monsiegeautobebe.fr\/wp-content\/uploads\/2022\/06\/nuna-pipa-next-crash-test-adac-full.jpg 1000w\" sizes=\"(max-width: 300px) 100vw, 300px\" \/><\/a>Con un peso de s\u00f3lo 2,8 kg, el <b>Nuna Pipa Siguiente<\/b> es una de las sillas de beb\u00e9 m\u00e1s ligeras del mercado. La Pipa Next es una silla polivalente homologada de acuerdo con las siguientes normativas <strong>R129 (i-Size)<\/strong> para ni\u00f1os de <strong>De 40 a 83 cm<\/strong> (desde el nacimiento hasta los 16 meses aproximadamente). Se trata de un modelo que puede instalarse tanto con el cintur\u00f3n de seguridad del veh\u00edculo como con el <strong>Base Siguiente<\/strong> tambi\u00e9n compatible con la silla de coche <b>Nuna Todl.<\/b> Las pruebas revelaron un riesgo muy bajo de lesiones en caso de colisi\u00f3n frontal y un riesgo bajo de lesiones en caso de colisi\u00f3n lateral.<\/p><p>Le <strong>Pipa Siguiente<\/strong> cuenta con protecci\u00f3n total contra impactos laterales (SIP), un asiento de espuma con memoria, un arn\u00e9s de 3 puntos y una capota extra\u00edble, de cuerpo entero, anti-UV 50+. Este modelo tambi\u00e9n tiene la caracter\u00edstica \u00fanica de ser <strong>Aprobado por T\u00dcV<\/strong> para su uso en aeronaves.<\/p><p><span style=\"font-size: 16px; color: var(--c-contrast-800);\"><div id=\"tablepress-123-scroll-wrapper\" class=\"tablepress-scroll-wrapper\">\n\n<table id=\"tablepress-123\" class=\"tablepress tablepress-id-123 tablepress-responsive\">\n<thead>\n<tr class=\"row-1\">\n\t<td class=\"column-1\"><\/td><th class=\"column-2\">Nuna Pipa Siguiente<\/th>\n<\/tr>\n<\/thead>\n<tbody class=\"row-striping row-hover\">\n<tr class=\"row-2\">\n\t<td class=\"column-1\">Certificaci\u00f3n<\/td><td class=\"column-2\">R129 (i-Size)<\/td>\n<\/tr>\n<tr class=\"row-3\">\n\t<td class=\"column-1\">Tama\u00f1o infantil<\/td><td class=\"column-2\">De 40 a 83 cm<\/td>\n<\/tr>\n<tr class=\"row-4\">\n\t<td class=\"column-1\">Edad del ni\u00f1o<\/td><td class=\"column-2\">Desde el nacimiento hasta los 15 meses aproximadamente.<\/td>\n<\/tr>\n<tr class=\"row-5\">\n\t<td class=\"column-1\">Peso del ni\u00f1o<\/td><td class=\"column-2\">13 kg m\u00e1x.<\/td>\n<\/tr>\n<tr class=\"row-6\">\n\t<td class=\"column-1\">Posici\u00f3n del asiento<\/td><td class=\"column-2\">De vuelta a la carretera<\/td>\n<\/tr>\n<tr class=\"row-7\">\n\t<td class=\"column-1\">Instalaci\u00f3n de la silla<\/td><td class=\"column-2\">Cintur\u00f3n de seguridad o Base Siguiente<\/td>\n<\/tr>\n<tr class=\"row-8\">\n\t<td class=\"column-1\">Sistema de retenci\u00f3n infantil<\/td><td class=\"column-2\">Arn\u00e9s de 3 puntos<\/td>\n<\/tr>\n<tr class=\"row-9\">\n\t<td class=\"column-1\">Reductor para reci\u00e9n nacidos<\/td><td class=\"column-2\"><center><img decoding=\"async\" src=\"https:\/\/monsiegeautobebe.fr\/wp-content\/uploads\/2019\/03\/icon-yes.png\" alt=\"\" width=\"16\" height=\"16\" class=\"aligncenter size-full wp-image-693\" \/><\/center><\/td>\n<\/tr>\n<tr class=\"row-10\">\n\t<td class=\"column-1\">Silla de coche giratoria<\/td><td class=\"column-2\"><center><img loading=\"lazy\" decoding=\"async\" src=\"https:\/\/monsiegeautobebe.fr\/wp-content\/uploads\/2019\/03\/icon-no.png\" alt=\"\" width=\"16\" height=\"16\" class=\"aligncenter size-full wp-image-693\" \/><\/center><\/td>\n<\/tr>\n<tr class=\"row-11\">\n\t<td class=\"column-1\">Peso<\/td><td class=\"column-2\">2,8 kg<\/td>\n<\/tr>\n<\/tbody>\n<\/table>\n\n<\/div><!-- #tablepress-123 from cache --><\/span><\/p>\t\t\t\t\t\t\t\t<\/div>\n\t\t\t\t<\/div>\n\t\t\t\t\t<\/div>\n\t\t<\/div>\n\t\t\t\t\t<\/div>\n\t\t<\/section>\n\t\t\t\t<section class=\"has-el-gap el-gap-default elementor-section elementor-inner-section elementor-element elementor-element-edbd403 elementor-section-boxed elementor-section-height-default elementor-section-height-default\" data-id=\"edbd403\" data-element_type=\"section\" data-e-type=\"section\">\n\t\t\t\t\t\t<div class=\"elementor-container elementor-column-gap-no\">\n\t\t\t\t\t<div class=\"elementor-column elementor-col-100 elementor-inner-column elementor-element elementor-element-8f4b6c9\" data-id=\"8f4b6c9\" data-element_type=\"column\" data-e-type=\"column\">\n\t\t\t<div class=\"elementor-widget-wrap elementor-element-populated\">\n\t\t\t\t\t\t<div class=\"elementor-element elementor-element-7f0844d post-content elementor-widget elementor-widget-text-editor\" data-id=\"7f0844d\" data-element_type=\"widget\" data-e-type=\"widget\" data-widget_type=\"text-editor.default\">\n\t\t\t\t<div class=\"elementor-widget-container\">\n\t\t\t\t\t\t\t\t\t<ul><li><h4><span class=\"ez-toc-section\" id=\"Graco_SnugEssentials_Isofamily_i-Size_Base\"><\/span>Graco SnugEssentials + Base Isofamily i-Size<span class=\"ez-toc-section-end\"><\/span><\/h4><\/li><\/ul><p><a href=\"https:\/\/monsiegeautobebe.fr\/wp-content\/uploads\/2022\/06\/graco-snugessential-crash-test-adac.jpg\"><img loading=\"lazy\" decoding=\"async\" class=\"alignleft size-full wp-image-6356\" src=\"https:\/\/monsiegeautobebe.fr\/wp-content\/uploads\/2022\/06\/graco-snugessential-crash-test-adac.jpg\" alt=\"graco snugessential crash test adac\" width=\"300\" height=\"300\" srcset=\"https:\/\/www.monsiegeautobebe.fr\/wp-content\/uploads\/2022\/06\/graco-snugessential-crash-test-adac.jpg 1000w, https:\/\/www.monsiegeautobebe.fr\/wp-content\/uploads\/2022\/06\/graco-snugessential-crash-test-adac-300x300.jpg 300w, https:\/\/www.monsiegeautobebe.fr\/wp-content\/uploads\/2022\/06\/graco-snugessential-crash-test-adac-150x150.jpg 150w, https:\/\/www.monsiegeautobebe.fr\/wp-content\/uploads\/2022\/06\/graco-snugessential-crash-test-adac-768x768.jpg 768w, https:\/\/www.monsiegeautobebe.fr\/wp-content\/uploads\/2022\/06\/graco-snugessential-crash-test-adac-450x450.jpg 450w, https:\/\/www.monsiegeautobebe.fr\/wp-content\/uploads\/2022\/06\/graco-snugessential-crash-test-adac-600x600.jpg 600w, https:\/\/www.monsiegeautobebe.fr\/wp-content\/uploads\/2022\/06\/graco-snugessential-crash-test-adac-336x336.jpg 336w\" sizes=\"(max-width: 300px) 100vw, 300px\" \/><\/a>Le <strong>SnugEssentials i-Size de Graco<\/strong> es un acogedor homologado conforme a la normativa <strong>R129 (i-Size)<\/strong> que ya hab\u00eda sido <a href=\"https:\/\/www.monsiegeautobebe.fr\/es\/adac-test-sillas-de-coche-otono-2021\/\" target=\"_blank\" rel=\"noopener\">probado en octubre de 2021<\/a> con el <b>Base Snugride i-Size<\/b>. Este modelo puede utilizarse para transportar ni\u00f1os de <strong>40 a 75 cm<\/strong> (desde el nacimiento hasta los 12 meses aproximadamente) pueden instalarse utilizando el cintur\u00f3n de seguridad del veh\u00edculo o el <strong>Isofamilia i-Size base<\/strong> tambi\u00e9n compatible con la silla de coche <strong>Graco Ascent. <\/strong> Las pruebas revelaron un riesgo muy bajo de lesiones en caso de colisi\u00f3n frontal y un riesgo bajo de lesiones en caso de colisi\u00f3n lateral.<\/p><p>Le <b>Graco SnugEssential<\/b> est\u00e1 equipado con un arn\u00e9s de 3 puntos, un inserto de nacimiento con memoria, un reposacabezas ajustable y una gran capota. El SnugEssential es compatible con todos los cochecitos Graco equipados con el sistema <b>Haz clic en Conectar.<\/b><\/p><p><\/p><p><div id=\"tablepress-109-scroll-wrapper\" class=\"tablepress-scroll-wrapper\">\n\n<table id=\"tablepress-109\" class=\"tablepress tablepress-id-109 tablepress-responsive\">\n<thead>\n<tr class=\"row-1\">\n\t<td class=\"column-1\"><\/td><th class=\"column-2\">SnugEssentials de Graco<\/th>\n<\/tr>\n<\/thead>\n<tbody class=\"row-striping row-hover\">\n<tr class=\"row-2\">\n\t<td class=\"column-1\">Certificaci\u00f3n<\/td><td class=\"column-2\">R129 (i-Size)<\/td>\n<\/tr>\n<tr class=\"row-3\">\n\t<td class=\"column-1\">Tama\u00f1o infantil<\/td><td class=\"column-2\">40 a 75 cm<\/td>\n<\/tr>\n<tr class=\"row-4\">\n\t<td class=\"column-1\">Edad del ni\u00f1o<\/td><td class=\"column-2\">Desde el nacimiento hasta los 12 meses aproximadamente.<\/td>\n<\/tr>\n<tr class=\"row-5\">\n\t<td class=\"column-1\">Peso del ni\u00f1o<\/td><td class=\"column-2\">13 kg m\u00e1x.<\/td>\n<\/tr>\n<tr class=\"row-6\">\n\t<td class=\"column-1\">Posici\u00f3n del asiento<\/td><td class=\"column-2\">De vuelta a la carretera<\/td>\n<\/tr>\n<tr class=\"row-7\">\n\t<td class=\"column-1\">Instalaci\u00f3n de la silla<\/td><td class=\"column-2\">Cintur\u00f3n de seguridad o base <a href=\"https:\/\/amzn.to\/3d4UnfK\" target=\"_blank\" rel=\"nofollow noopener noreferrer\">Snugride i-Size<\/a><\/td>\n<\/tr>\n<tr class=\"row-8\">\n\t<td class=\"column-1\">Sistema de retenci\u00f3n infantil<\/td><td class=\"column-2\">Arn\u00e9s de 3 puntos<\/td>\n<\/tr>\n<tr class=\"row-9\">\n\t<td class=\"column-1\">Reductor para reci\u00e9n nacidos<\/td><td class=\"column-2\"><center><img decoding=\"async\" src=\"https:\/\/monsiegeautobebe.fr\/wp-content\/uploads\/2019\/03\/icon-yes.png\" alt=\"\" width=\"16\" height=\"16\" class=\"aligncenter size-full wp-image-693\" \/><\/center><\/td>\n<\/tr>\n<tr class=\"row-10\">\n\t<td class=\"column-1\">Silla de coche giratoria<\/td><td class=\"column-2\"><center><img loading=\"lazy\" decoding=\"async\" src=\"https:\/\/monsiegeautobebe.fr\/wp-content\/uploads\/2019\/03\/icon-no.png\" alt=\"\" width=\"16\" height=\"16\" class=\"aligncenter size-full wp-image-693\" \/><\/center><\/td>\n<\/tr>\n<tr class=\"row-11\">\n\t<td class=\"column-1\">Peso<\/td><td class=\"column-2\">3,7 kg<\/td>\n<\/tr>\n<\/tbody>\n<\/table>\n\n<\/div><!-- #tablepress-109 from cache --><\/p>\t\t\t\t\t\t\t\t<\/div>\n\t\t\t\t<\/div>\n\t\t\t\t\t<\/div>\n\t\t<\/div>\n\t\t\t\t\t<\/div>\n\t\t<\/section>\n\t\t\t\t\t<\/div>\n\t\t<\/div>\n\t\t\t\t\t<\/div>\n\t\t<\/section>\n\t\t\t\t<section class=\"has-el-gap el-gap-default elementor-section elementor-top-section elementor-element elementor-element-b5c84a8 elementor-section-boxed elementor-section-height-default elementor-section-height-default\" data-id=\"b5c84a8\" data-element_type=\"section\" data-e-type=\"section\">\n\t\t\t\t\t\t<div class=\"elementor-container elementor-column-gap-no\">\n\t\t\t\t\t<div class=\"elementor-column elementor-col-100 elementor-top-column elementor-element elementor-element-8d99eef\" data-id=\"8d99eef\" data-element_type=\"column\" data-e-type=\"column\">\n\t\t\t<div class=\"elementor-widget-wrap elementor-element-populated\">\n\t\t\t\t\t\t<section class=\"has-el-gap el-gap-default elementor-section elementor-inner-section elementor-element elementor-element-9128171 elementor-section-boxed elementor-section-height-default elementor-section-height-default\" data-id=\"9128171\" data-element_type=\"section\" data-e-type=\"section\">\n\t\t\t\t\t\t<div class=\"elementor-container elementor-column-gap-no\">\n\t\t\t\t\t<div class=\"elementor-column elementor-col-100 elementor-inner-column elementor-element elementor-element-5c1c037\" data-id=\"5c1c037\" data-element_type=\"column\" data-e-type=\"column\">\n\t\t\t<div class=\"elementor-widget-wrap elementor-element-populated\">\n\t\t\t\t\t\t<div class=\"elementor-element elementor-element-8c68c30 elementor-widget elementor-widget-heading\" data-id=\"8c68c30\" data-element_type=\"widget\" data-e-type=\"widget\" data-widget_type=\"heading.default\">\n\t\t\t\t<div class=\"elementor-widget-container\">\n\t\t\t\t\t<h3 class=\"elementor-heading-title elementor-size-large\"><span class=\"ez-toc-section\" id=\"2_Les_Sieges_Auto_Enfants_de_la_naissance_a_4_ans_env\"><\/span>2. Sillas de coche para ni\u00f1os (desde el nacimiento hasta los 4 a\u00f1os aproximadamente)<span class=\"ez-toc-section-end\"><\/span><\/h3>\t\t\t\t<\/div>\n\t\t\t\t<\/div>\n\t\t\t\t\t<\/div>\n\t\t<\/div>\n\t\t\t\t\t<\/div>\n\t\t<\/section>\n\t\t\t\t\t<\/div>\n\t\t<\/div>\n\t\t\t\t\t<\/div>\n\t\t<\/section>\n\t\t\t\t<section class=\"has-el-gap el-gap-default elementor-section elementor-top-section elementor-element elementor-element-7fcfec8 elementor-section-boxed elementor-section-height-default elementor-section-height-default\" data-id=\"7fcfec8\" data-element_type=\"section\" data-e-type=\"section\">\n\t\t\t\t\t\t<div class=\"elementor-container elementor-column-gap-no\">\n\t\t\t\t\t<div class=\"elementor-column elementor-col-100 elementor-top-column elementor-element elementor-element-11ad646\" data-id=\"11ad646\" data-element_type=\"column\" data-e-type=\"column\">\n\t\t\t<div class=\"elementor-widget-wrap elementor-element-populated\">\n\t\t\t\t\t\t<section class=\"has-el-gap el-gap-default elementor-section elementor-inner-section elementor-element elementor-element-52861d9 elementor-section-boxed elementor-section-height-default elementor-section-height-default\" data-id=\"52861d9\" data-element_type=\"section\" data-e-type=\"section\">\n\t\t\t\t\t\t<div class=\"elementor-container elementor-column-gap-no\">\n\t\t\t\t\t<div class=\"elementor-column elementor-col-100 elementor-inner-column elementor-element elementor-element-f000b92\" data-id=\"f000b92\" data-element_type=\"column\" data-e-type=\"column\">\n\t\t\t<div class=\"elementor-widget-wrap elementor-element-populated\">\n\t\t\t\t\t\t<div class=\"elementor-element elementor-element-b2e3085 elementor-widget elementor-widget-text-editor\" data-id=\"b2e3085\" data-element_type=\"widget\" data-e-type=\"widget\" data-widget_type=\"text-editor.default\">\n\t\t\t\t<div class=\"elementor-widget-container\">\n\t\t\t\t\t\t\t\t\t<ul><li><h4><span class=\"ez-toc-section\" id=\"BeSafe_iZi_Modular_RF_X1_iZi_Modular_i-Size_Base\"><\/span>BeSafe iZi Modular RF X1 + Base iZi Modular i-Size<span class=\"ez-toc-section-end\"><\/span><\/h4><\/li><\/ul><p>Le <strong>BeSafe iZi Modular RF X1<\/strong> es una versi\u00f3n exclusivamente orientada hacia atr\u00e1s (RF = Rear Facing) del <strong>Cybex iZi Modular X1 i-Size. <\/strong>Este modelo ha sido homologado de conformidad con la siguiente normativa <strong>R129 (i-Size)<\/strong> para ni\u00f1os de <strong>61 a 105 cm<\/strong> (de 6 meses a aprox. 4 a\u00f1os), que s\u00f3lo puede instalarse mediante el programa <b>Base iZi Modular.<\/b> Adem\u00e1s de estos excelentes <a href=\"https:\/\/www.monsiegeautobebe.fr\/es\/notation-crash-tests-adac\/\">resultados de las pruebas de choque<\/a> con un riesgo muy bajo de lesiones en caso de colisi\u00f3n frontal o lateral, el <b>iZi Modular RF X1<\/b> tambi\u00e9n posee el <a href=\"https:\/\/www.monsiegeautobebe.fr\/es\/plus-test-suedois-pour-la-securite-des-sieges-auto-bebe\/\" target=\"_blank\" rel=\"noopener\">Plus Test Su\u00e8dois.<\/a><\/p><p><a href=\"https:\/\/monsiegeautobebe.fr\/wp-content\/uploads\/2022\/06\/besafe-izi-modular-rf-x1-crash-test-adac.jpg\"><img loading=\"lazy\" decoding=\"async\" src=\"https:\/\/monsiegeautobebe.fr\/wp-content\/uploads\/2022\/06\/besafe-izi-modular-rf-x1-crash-test-adac.jpg\" alt=\"besafe izi modular rf x1 crash test adac\" width=\"1000\" height=\"800\" \/><\/a><\/p><p>Este modelo cuenta con una inserci\u00f3n para reci\u00e9n nacidos, un arn\u00e9s magn\u00e9tico de 5 puntos, protecci\u00f3n contra impactos laterales (SIP+) extra\u00edble, varios niveles de reclinado, una barra de rebote, un reposacabezas ajustable en altura y un protector de arn\u00e9s ergon\u00f3mico.<\/p><p><\/p><p><div id=\"tablepress-124-scroll-wrapper\" class=\"tablepress-scroll-wrapper\">\n\n<table id=\"tablepress-124\" class=\"tablepress tablepress-id-124 tablepress-responsive\">\n<thead>\n<tr class=\"row-1\">\n\t<td class=\"column-1\"><\/td><th class=\"column-2\">BeSafe iZi Modular X1 RF i-Size<\/th>\n<\/tr>\n<\/thead>\n<tbody class=\"row-striping row-hover\">\n<tr class=\"row-2\">\n\t<td class=\"column-1\">Certificaci\u00f3n<\/td><td class=\"column-2\">R129 (i-Size)<\/td>\n<\/tr>\n<tr class=\"row-3\">\n\t<td class=\"column-1\">Tama\u00f1o infantil<\/td><td class=\"column-2\">61 a 105 cm<\/td>\n<\/tr>\n<tr class=\"row-4\">\n\t<td class=\"column-1\">Edad del ni\u00f1o<\/td><td class=\"column-2\">De 6 meses a 4 a\u00f1os aprox.<\/td>\n<\/tr>\n<tr class=\"row-5\">\n\t<td class=\"column-1\">Peso del ni\u00f1o<\/td><td class=\"column-2\">18 kg m\u00e1x.<\/td>\n<\/tr>\n<tr class=\"row-6\">\n\t<td class=\"column-1\">Instalaci\u00f3n de la silla<\/td><td class=\"column-2\">Base <a href=\"https:\/\/icp.shop-orchestra.com\/?P4F9B5571995111&amp;redir=https%3A%2F%2Ffr.shop-orchestra.com%2Ffr%2Fauto%2Fbase-auto%2Fbase-isofix---izi-modular-PA000H.html\" target=\"_blank\" rel=\"nofollow noopener noreferrer\">iZi Modular i-Size<\/a> con puntal<\/td>\n<\/tr>\n<tr class=\"row-7\">\n\t<td class=\"column-1\">Sistema de retenci\u00f3n infantil<\/td><td class=\"column-2\">Arn\u00e9s de 5 puntos<\/td>\n<\/tr>\n<tr class=\"row-8\">\n\t<td class=\"column-1\">Silla de coche giratoria<\/td><td class=\"column-2\"><center><img loading=\"lazy\" decoding=\"async\" src=\"https:\/\/monsiegeautobebe.fr\/wp-content\/uploads\/2019\/03\/icon-no.png\" alt=\"\" width=\"16\" height=\"16\" class=\"aligncenter size-full wp-image-693\" \/><\/center><\/td>\n<\/tr>\n<tr class=\"row-9\">\n\t<td class=\"column-1\">Protecci\u00f3n lateral adicional<\/td><td class=\"column-2\"><center><img decoding=\"async\" src=\"https:\/\/monsiegeautobebe.fr\/wp-content\/uploads\/2019\/03\/icon-yes.png\" alt=\"\" width=\"16\" height=\"16\" class=\"aligncenter size-full wp-image-693\" \/><\/center><\/td>\n<\/tr>\n<tr class=\"row-10\">\n\t<td class=\"column-1\">Reductor para reci\u00e9n nacidos<\/td><td class=\"column-2\"><center><img decoding=\"async\" src=\"https:\/\/monsiegeautobebe.fr\/wp-content\/uploads\/2019\/03\/icon-yes.png\" alt=\"\" width=\"16\" height=\"16\" class=\"aligncenter size-full wp-image-693\" \/><\/center><\/td>\n<\/tr>\n<tr class=\"row-11\">\n\t<td class=\"column-1\">Posici\u00f3n del asiento<\/td><td class=\"column-2\">Espalda de carretera (61 a 105 cm)<\/td>\n<\/tr>\n<tr class=\"row-12\">\n\t<td class=\"column-1\">Peso (Asiento + Base)<\/td><td class=\"column-2\">8,6 kg + 6,7 kg<\/td>\n<\/tr>\n<\/tbody>\n<\/table>\n\n<\/div><!-- #tablepress-124 from cache --><\/p>\t\t\t\t\t\t\t\t<\/div>\n\t\t\t\t<\/div>\n\t\t\t\t\t<\/div>\n\t\t<\/div>\n\t\t\t\t\t<\/div>\n\t\t<\/section>\n\t\t\t\t<section class=\"has-el-gap el-gap-default elementor-section elementor-inner-section elementor-element elementor-element-3e64060 elementor-section-boxed elementor-section-height-default elementor-section-height-default\" data-id=\"3e64060\" data-element_type=\"section\" data-e-type=\"section\">\n\t\t\t\t\t\t<div class=\"elementor-container elementor-column-gap-no\">\n\t\t\t\t\t<div class=\"elementor-column elementor-col-100 elementor-inner-column elementor-element elementor-element-c0d65ef\" data-id=\"c0d65ef\" data-element_type=\"column\" data-e-type=\"column\">\n\t\t\t<div class=\"elementor-widget-wrap elementor-element-populated\">\n\t\t\t\t\t\t<div class=\"elementor-element elementor-element-7e2d743 post-content elementor-widget elementor-widget-text-editor\" data-id=\"7e2d743\" data-element_type=\"widget\" data-e-type=\"widget\" data-widget_type=\"text-editor.default\">\n\t\t\t\t<div class=\"elementor-widget-container\">\n\t\t\t\t\t\t\t\t\t<ul><li><h4><span class=\"ez-toc-section\" id=\"Recaro_Kio_AvanKio_Base\"><\/span>Recaro Kio + Avan\/Kio Base<span class=\"ez-toc-section-end\"><\/span><\/h4><\/li><\/ul><p>Le <strong>Recaro Kio i-Size<\/strong> es una silla de coche homologada seg\u00fan la normativa R129 (i-Size) para viajar con ni\u00f1os a partir de <strong>60 a 105 cm<\/strong> (de 6 meses a 4 a\u00f1os aprox.). Puede utilizarse mirando hacia atr\u00e1s <i>(hasta 105 cm)<\/i> y de cara a la carretera <i>(a partir de 76 cm)<\/i>El asiento puede instalarse utilizando el <strong>Base Avan\/Kio i-Size,<\/strong> una base que tambi\u00e9n es compatible con el baby cosy <strong>Recaro Avan.<br \/><\/strong><\/p><p><a href=\"https:\/\/monsiegeautobebe.fr\/wp-content\/uploads\/2022\/06\/recaro-kio-crash-test-adac.jpg\"><img loading=\"lazy\" decoding=\"async\" src=\"https:\/\/monsiegeautobebe.fr\/wp-content\/uploads\/2022\/06\/recaro-kio-crash-test-adac.jpg\" alt=\"recaro kio crash test adac\" width=\"1000\" height=\"1000\" \/><\/a><\/p><p>Esta silla de auto cuenta con un arn\u00e9s inteligente de 5 puntos, protecci\u00f3n lateral adicional integrada (ASP), reposacabezas ajustable con memoria y varias posiciones de reclinado. Para utilizar la silla desde el nacimiento, puedes adquirir el reductor para reci\u00e9n nacidos, que se vende por separado.<\/p><p><\/p><p><div id=\"tablepress-125-scroll-wrapper\" class=\"tablepress-scroll-wrapper\">\n\n<table id=\"tablepress-125\" class=\"tablepress tablepress-id-125 tablepress-responsive\">\n<thead>\n<tr class=\"row-1\">\n\t<td class=\"column-1\"><\/td><th class=\"column-2\">Recaro Kio<\/th>\n<\/tr>\n<\/thead>\n<tbody class=\"row-striping row-hover\">\n<tr class=\"row-2\">\n\t<td class=\"column-1\">Certificaci\u00f3n<\/td><td class=\"column-2\">R129 (i-Size)<\/td>\n<\/tr>\n<tr class=\"row-3\">\n\t<td class=\"column-1\">Tama\u00f1o infantil<\/td><td class=\"column-2\">60 a 105 cm<\/td>\n<\/tr>\n<tr class=\"row-4\">\n\t<td class=\"column-1\">Edad del ni\u00f1o<\/td><td class=\"column-2\">De 6 meses a 4 a\u00f1os aprox.<\/td>\n<\/tr>\n<tr class=\"row-5\">\n\t<td class=\"column-1\">Peso del ni\u00f1o<\/td><td class=\"column-2\">18 kg m\u00e1x.<\/td>\n<\/tr>\n<tr class=\"row-6\">\n\t<td class=\"column-1\">Instalaci\u00f3n de la silla<\/td><td class=\"column-2\">Avan\/Kio base con puntal<\/td>\n<\/tr>\n<tr class=\"row-7\">\n\t<td class=\"column-1\">Sistema de retenci\u00f3n infantil<\/td><td class=\"column-2\">Arn\u00e9s de 5 puntos<\/td>\n<\/tr>\n<tr class=\"row-8\">\n\t<td class=\"column-1\">Silla de coche giratoria<\/td><td class=\"column-2\"><center><img loading=\"lazy\" decoding=\"async\" src=\"https:\/\/monsiegeautobebe.fr\/wp-content\/uploads\/2019\/03\/icon-no.png\" alt=\"\" width=\"16\" height=\"16\" class=\"aligncenter size-full wp-image-693\" \/><\/center><\/td>\n<\/tr>\n<tr class=\"row-9\">\n\t<td class=\"column-1\">Protecci\u00f3n lateral adicional<\/td><td class=\"column-2\"><center><img decoding=\"async\" src=\"https:\/\/monsiegeautobebe.fr\/wp-content\/uploads\/2019\/03\/icon-yes.png\" alt=\"\" width=\"16\" height=\"16\" class=\"aligncenter size-full wp-image-693\" \/><\/center><\/td>\n<\/tr>\n<tr class=\"row-10\">\n\t<td class=\"column-1\">Reductor para reci\u00e9n nacidos<\/td><td class=\"column-2\"><center><img loading=\"lazy\" decoding=\"async\" src=\"https:\/\/monsiegeautobebe.fr\/wp-content\/uploads\/2019\/03\/icon-no.png\" alt=\"\" width=\"16\" height=\"16\" class=\"aligncenter size-full wp-image-693\" \/><\/center><\/td>\n<\/tr>\n<tr class=\"row-11\">\n\t<td class=\"column-1\">Posici\u00f3n del asiento<\/td><td class=\"column-2\">Espalda de carretera (60 a 105 cm)<br \/>\nLado de la carretera (76 a 105 cm)<\/td>\n<\/tr>\n<tr class=\"row-12\">\n\t<td class=\"column-1\">Peso (Asiento + Base)<\/td><td class=\"column-2\">7,1 kg + 7,6 kg<\/td>\n<\/tr>\n<\/tbody>\n<\/table>\n\n<\/div><!-- #tablepress-125 from cache --><\/p>\t\t\t\t\t\t\t\t<\/div>\n\t\t\t\t<\/div>\n\t\t\t\t\t<\/div>\n\t\t<\/div>\n\t\t\t\t\t<\/div>\n\t\t<\/section>\n\t\t\t\t<section class=\"has-el-gap el-gap-default elementor-section elementor-inner-section elementor-element elementor-element-64e7b69 elementor-section-boxed elementor-section-height-default elementor-section-height-default\" data-id=\"64e7b69\" data-element_type=\"section\" data-e-type=\"section\">\n\t\t\t\t\t\t<div class=\"elementor-container elementor-column-gap-no\">\n\t\t\t\t\t<div class=\"elementor-column elementor-col-100 elementor-inner-column elementor-element elementor-element-8f9c91b\" data-id=\"8f9c91b\" data-element_type=\"column\" data-e-type=\"column\">\n\t\t\t<div class=\"elementor-widget-wrap elementor-element-populated\">\n\t\t\t\t\t\t<div class=\"elementor-element elementor-element-7e895c5 post-content elementor-widget elementor-widget-text-editor\" data-id=\"7e895c5\" data-element_type=\"widget\" data-e-type=\"widget\" data-widget_type=\"text-editor.default\">\n\t\t\t\t<div class=\"elementor-widget-container\">\n\t\t\t\t\t\t\t\t\t<ul><li><h4><span class=\"ez-toc-section\" id=\"Britax_Romer_Dualfix_3_i-Size_Flex_Base_iSense\"><\/span>Britax R\u00f6mer Dualfix 3 i-Size + Base Flex iSense<span class=\"ez-toc-section-end\"><\/span><\/h4><\/li><\/ul><p><a href=\"https:\/\/monsiegeautobebe.fr\/wp-content\/uploads\/2022\/06\/britax-dualfix-3-crash-test-adac.jpg\"><img loading=\"lazy\" decoding=\"async\" class=\"wp-image-6513 alignleft\" src=\"https:\/\/monsiegeautobebe.fr\/wp-content\/uploads\/2022\/06\/britax-dualfix-3-crash-test-adac.jpg\" alt=\"britax dualfix 3 crash test adac\" width=\"300\" height=\"300\" srcset=\"https:\/\/www.monsiegeautobebe.fr\/wp-content\/uploads\/2022\/06\/britax-dualfix-3-crash-test-adac.jpg 1000w, https:\/\/www.monsiegeautobebe.fr\/wp-content\/uploads\/2022\/06\/britax-dualfix-3-crash-test-adac-300x300.jpg 300w, https:\/\/www.monsiegeautobebe.fr\/wp-content\/uploads\/2022\/06\/britax-dualfix-3-crash-test-adac-150x150.jpg 150w, https:\/\/www.monsiegeautobebe.fr\/wp-content\/uploads\/2022\/06\/britax-dualfix-3-crash-test-adac-768x768.jpg 768w, https:\/\/www.monsiegeautobebe.fr\/wp-content\/uploads\/2022\/06\/britax-dualfix-3-crash-test-adac-450x450.jpg 450w, https:\/\/www.monsiegeautobebe.fr\/wp-content\/uploads\/2022\/06\/britax-dualfix-3-crash-test-adac-600x600.jpg 600w, https:\/\/www.monsiegeautobebe.fr\/wp-content\/uploads\/2022\/06\/britax-dualfix-3-crash-test-adac-336x336.jpg 336w\" sizes=\"(max-width: 300px) 100vw, 300px\" \/><\/a>Le<strong> Britax Dualfix 3 i-Size<\/strong> es el \u00faltimo modelo de la <a href=\"https:\/\/www.monsiegeautobebe.fr\/es\/sieges-auto-pivotants-britax-dualfix\/\" target=\"_blank\" rel=\"noopener\">Silla de auto Britax Dualfix. <\/a>Este modelo se utiliza exclusivamente con el <strong>Base Flex iSense, <\/strong>una base giratoria que tambi\u00e9n es compatible con muchos otros modelos (Baby Safe iSense, Baby Safe 3 o Dualfix iSense). Puede utilizarse mirando hacia atr\u00e1s <i>(hasta 105 cm)<\/i> y de cara a la carretera <i>(a partir de 76 cm), c<\/i>ste modelo est\u00e1 homologado conforme a la normativa R129 (i-Size) para ni\u00f1os de <strong>61 a 105 cm<\/strong> (de 6 meses a 4 a\u00f1os aprox.).<br \/>Esta silla de auto tiene una base pivotante, m\u00faltiples posiciones de reclinado, protecci\u00f3n lateral adicional (SICT Inside), un arn\u00e9s de 5 puntos y un reposacabezas ergon\u00f3mico ajustable.<\/p><p><\/p><p><div id=\"tablepress-126-scroll-wrapper\" class=\"tablepress-scroll-wrapper\">\n\n<table id=\"tablepress-126\" class=\"tablepress tablepress-id-126 tablepress-responsive\">\n<thead>\n<tr class=\"row-1\">\n\t<td class=\"column-1\"><\/td><th class=\"column-2\">Britax R\u00f6mer Dualfix 3 i-Size<\/th>\n<\/tr>\n<\/thead>\n<tbody class=\"row-striping row-hover\">\n<tr class=\"row-2\">\n\t<td class=\"column-1\">Certificaci\u00f3n<\/td><td class=\"column-2\">R129 (i-Size)<\/td>\n<\/tr>\n<tr class=\"row-3\">\n\t<td class=\"column-1\">Tama\u00f1o infantil<\/td><td class=\"column-2\">60 a 105 cm<\/td>\n<\/tr>\n<tr class=\"row-4\">\n\t<td class=\"column-1\">Edad del ni\u00f1o<\/td><td class=\"column-2\">De 3 meses a 4 a\u00f1os aprox.<\/td>\n<\/tr>\n<tr class=\"row-5\">\n\t<td class=\"column-1\">Peso del ni\u00f1o<\/td><td class=\"column-2\">18 kg m\u00e1x.<\/td>\n<\/tr>\n<tr class=\"row-6\">\n\t<td class=\"column-1\">Instalaci\u00f3n de la silla<\/td><td class=\"column-2\">Base Flex iSense con puntal<\/td>\n<\/tr>\n<tr class=\"row-7\">\n\t<td class=\"column-1\">Sistema de retenci\u00f3n infantil<\/td><td class=\"column-2\">Arn\u00e9s de 5 puntos<\/td>\n<\/tr>\n<tr class=\"row-8\">\n\t<td class=\"column-1\">Silla de coche giratoria<\/td><td class=\"column-2\"><center><img decoding=\"async\" src=\"https:\/\/monsiegeautobebe.fr\/wp-content\/uploads\/2019\/03\/icon-yes.png\" alt=\"\" width=\"16\" height=\"16\" class=\"aligncenter size-full wp-image-693\" \/><\/center><\/td>\n<\/tr>\n<tr class=\"row-9\">\n\t<td class=\"column-1\">Protecci\u00f3n lateral adicional<\/td><td class=\"column-2\"><center><img decoding=\"async\" src=\"https:\/\/monsiegeautobebe.fr\/wp-content\/uploads\/2019\/03\/icon-yes.png\" alt=\"\" width=\"16\" height=\"16\" class=\"aligncenter size-full wp-image-693\" \/><\/center><\/td>\n<\/tr>\n<tr class=\"row-10\">\n\t<td class=\"column-1\">Reductor para reci\u00e9n nacidos<\/td><td class=\"column-2\"><center><img decoding=\"async\" src=\"https:\/\/monsiegeautobebe.fr\/wp-content\/uploads\/2019\/03\/icon-yes.png\" alt=\"\" width=\"16\" height=\"16\" class=\"aligncenter size-full wp-image-693\" \/><\/center><\/td>\n<\/tr>\n<tr class=\"row-11\">\n\t<td class=\"column-1\">Posici\u00f3n del asiento<\/td><td class=\"column-2\">Espalda de carretera (61 a 105 cm)<br \/>\nLado de la carretera (76 a 105 cm)<\/td>\n<\/tr>\n<tr class=\"row-12\">\n\t<td class=\"column-1\">Peso (Asiento + Base)<\/td><td class=\"column-2\">5,6 kg + 9,7 kg<\/td>\n<\/tr>\n<\/tbody>\n<\/table>\n\n<\/div><!-- #tablepress-126 from cache --><\/p>\t\t\t\t\t\t\t\t<\/div>\n\t\t\t\t<\/div>\n\t\t\t\t\t<\/div>\n\t\t<\/div>\n\t\t\t\t\t<\/div>\n\t\t<\/section>\n\t\t\t\t<section class=\"has-el-gap el-gap-default elementor-section elementor-inner-section elementor-element elementor-element-b3dc0d5 elementor-section-boxed elementor-section-height-default elementor-section-height-default\" data-id=\"b3dc0d5\" data-element_type=\"section\" data-e-type=\"section\">\n\t\t\t\t\t\t<div class=\"elementor-container elementor-column-gap-no\">\n\t\t\t\t\t<div class=\"elementor-column elementor-col-100 elementor-inner-column elementor-element elementor-element-1528df4\" data-id=\"1528df4\" data-element_type=\"column\" data-e-type=\"column\">\n\t\t\t<div class=\"elementor-widget-wrap elementor-element-populated\">\n\t\t\t\t\t\t<div class=\"elementor-element elementor-element-b5f0e19 post-content elementor-widget elementor-widget-text-editor\" data-id=\"b5f0e19\" data-element_type=\"widget\" data-e-type=\"widget\" data-widget_type=\"text-editor.default\">\n\t\t\t\t<div class=\"elementor-widget-container\">\n\t\t\t\t\t\t\t\t\t<ul><li><h4><span class=\"ez-toc-section\" id=\"Maxi-Cosi_Pearl_360_Base_FamilyFix_360\"><\/span>Maxi-Cosi Pearl 360 + base FamilyFix 360<span class=\"ez-toc-section-end\"><\/span><\/h4><\/li><\/ul><div><a href=\"https:\/\/monsiegeautobebe.fr\/wp-content\/uploads\/2022\/06\/maxi-cosi-pearl-360-crash-test-adac.jpg\"><img loading=\"lazy\" decoding=\"async\" class=\"alignleft size-medium wp-image-6595\" src=\"https:\/\/monsiegeautobebe.fr\/wp-content\/uploads\/2022\/06\/maxi-cosi-pearl-360-crash-test-adac-300x300.jpg\" alt=\"maxi cosi pearl 360 crash test adac\" width=\"300\" height=\"300\" srcset=\"https:\/\/www.monsiegeautobebe.fr\/wp-content\/uploads\/2022\/06\/maxi-cosi-pearl-360-crash-test-adac-300x300.jpg 300w, https:\/\/www.monsiegeautobebe.fr\/wp-content\/uploads\/2022\/06\/maxi-cosi-pearl-360-crash-test-adac-150x150.jpg 150w, https:\/\/www.monsiegeautobebe.fr\/wp-content\/uploads\/2022\/06\/maxi-cosi-pearl-360-crash-test-adac-768x768.jpg 768w, https:\/\/www.monsiegeautobebe.fr\/wp-content\/uploads\/2022\/06\/maxi-cosi-pearl-360-crash-test-adac-450x450.jpg 450w, https:\/\/www.monsiegeautobebe.fr\/wp-content\/uploads\/2022\/06\/maxi-cosi-pearl-360-crash-test-adac-600x600.jpg 600w, https:\/\/www.monsiegeautobebe.fr\/wp-content\/uploads\/2022\/06\/maxi-cosi-pearl-360-crash-test-adac-336x336.jpg 336w, https:\/\/www.monsiegeautobebe.fr\/wp-content\/uploads\/2022\/06\/maxi-cosi-pearl-360-crash-test-adac.jpg 1000w\" sizes=\"(max-width: 300px) 100vw, 300px\" \/><\/a>Le <b>Maxi-Cosi Pearl 360<\/b> es un <a href=\"https:\/\/www.monsiegeautobebe.fr\/es\/mejor-silla-coche-bebe-giratoria\/\" target=\"_blank\" rel=\"noopener\">silla de coche giratoria<\/a> R129 (i-Size) homologado para ni\u00f1os a partir de <b>40 a 105 cm<\/b> (desde el nacimiento hasta los 4 a\u00f1os aproximadamente). Gracias a su <b>Base FamilyFix 360, <\/b>que tambi\u00e9n puede alojar modelos del <a href=\"https:\/\/www.monsiegeautobebe.fr\/es\/siege-auto-maxi-cosi-360-family\/\">Familia Maxi-Cosi 360<\/a> (Coral 360 y Pebble 360), esta silla de auto puede girar 360\u00b0 para permitir que los ni\u00f1os viajen de espaldas a la carretera (hasta 105 cm) o de cara a la carretera (a partir de 76 cm). La \u00f3ptima ergonom\u00eda del espacio interior y su protecci\u00f3n lateral ofrecen un alto nivel de seguridad y confort.<\/div><div>\u00a0<\/div><p>Adem\u00e1s de su base pivotante, el <b>Maxi-Cosi Pearl 360<\/b> tambi\u00e9n cuenta con un coj\u00edn reductor para reci\u00e9n nacidos, un arn\u00e9s inteligente de 5 puntos, protecci\u00f3n contra impactos laterales (G-Cell), varios niveles de reclinaci\u00f3n y un reposacabezas ajustable.<\/p><p><\/p><div><p><div id=\"tablepress-130-scroll-wrapper\" class=\"tablepress-scroll-wrapper\">\n\n<table id=\"tablepress-130\" class=\"tablepress tablepress-id-130 tablepress-responsive\">\n<thead>\n<tr class=\"row-1\">\n\t<td class=\"column-1\"><\/td><th class=\"column-2\">Maxi-Cosi Pearl 360<\/th>\n<\/tr>\n<\/thead>\n<tbody class=\"row-striping row-hover\">\n<tr class=\"row-2\">\n\t<td class=\"column-1\">Certificaci\u00f3n<\/td><td class=\"column-2\">R129 (i-Size)<\/td>\n<\/tr>\n<tr class=\"row-3\">\n\t<td class=\"column-1\">Tama\u00f1o infantil<\/td><td class=\"column-2\">40 a 105 cm<\/td>\n<\/tr>\n<tr class=\"row-4\">\n\t<td class=\"column-1\">Edad del ni\u00f1o<\/td><td class=\"column-2\">Desde el nacimiento hasta los 4 a\u00f1os aprox.<\/td>\n<\/tr>\n<tr class=\"row-5\">\n\t<td class=\"column-1\">Peso del ni\u00f1o<\/td><td class=\"column-2\">17,5 kg m\u00e1x.<\/td>\n<\/tr>\n<tr class=\"row-6\">\n\t<td class=\"column-1\">Instalaci\u00f3n de la silla<\/td><td class=\"column-2\">FamilyFix 360 base con puntal<\/td>\n<\/tr>\n<tr class=\"row-7\">\n\t<td class=\"column-1\">Sistema de retenci\u00f3n infantil<\/td><td class=\"column-2\">Arn\u00e9s de 5 puntos<\/td>\n<\/tr>\n<tr class=\"row-8\">\n\t<td class=\"column-1\">Silla de coche giratoria<\/td><td class=\"column-2\"><center><img decoding=\"async\" src=\"https:\/\/monsiegeautobebe.fr\/wp-content\/uploads\/2019\/03\/icon-yes.png\" alt=\"\" width=\"16\" height=\"16\" class=\"aligncenter size-full wp-image-693\" \/><\/center><\/td>\n<\/tr>\n<tr class=\"row-9\">\n\t<td class=\"column-1\">Protecci\u00f3n lateral adicional<\/td><td class=\"column-2\"><center><img decoding=\"async\" src=\"https:\/\/monsiegeautobebe.fr\/wp-content\/uploads\/2019\/03\/icon-yes.png\" alt=\"\" width=\"16\" height=\"16\" class=\"aligncenter size-full wp-image-693\" \/><\/center><\/td>\n<\/tr>\n<tr class=\"row-10\">\n\t<td class=\"column-1\">Reductor para reci\u00e9n nacidos<\/td><td class=\"column-2\"><center><img decoding=\"async\" src=\"https:\/\/monsiegeautobebe.fr\/wp-content\/uploads\/2019\/03\/icon-yes.png\" alt=\"\" width=\"16\" height=\"16\" class=\"aligncenter size-full wp-image-693\" \/><\/center><\/td>\n<\/tr>\n<tr class=\"row-11\">\n\t<td class=\"column-1\">Posici\u00f3n del asiento<\/td><td class=\"column-2\">Espalda de carretera (61 a 105 cm)<br \/>\nLado de la carretera (76 a 105 cm)<\/td>\n<\/tr>\n<tr class=\"row-12\">\n\t<td class=\"column-1\">Peso (Asiento + Base)<\/td><td class=\"column-2\">7,9 kg + 8 kg<\/td>\n<\/tr>\n<\/tbody>\n<\/table>\n\n<\/div><!-- #tablepress-130 from cache --><\/p><\/div>\t\t\t\t\t\t\t\t<\/div>\n\t\t\t\t<\/div>\n\t\t\t\t\t<\/div>\n\t\t<\/div>\n\t\t\t\t\t<\/div>\n\t\t<\/section>\n\t\t\t\t<section class=\"has-el-gap el-gap-default elementor-section elementor-inner-section elementor-element elementor-element-ddda1d6 elementor-section-boxed elementor-section-height-default elementor-section-height-default\" data-id=\"ddda1d6\" data-element_type=\"section\" data-e-type=\"section\">\n\t\t\t\t\t\t<div class=\"elementor-container elementor-column-gap-no\">\n\t\t\t\t\t<div class=\"elementor-column elementor-col-100 elementor-inner-column elementor-element elementor-element-1b56625\" data-id=\"1b56625\" data-element_type=\"column\" data-e-type=\"column\">\n\t\t\t<div class=\"elementor-widget-wrap elementor-element-populated\">\n\t\t\t\t\t\t<div class=\"elementor-element elementor-element-53b005b post-content elementor-widget elementor-widget-text-editor\" data-id=\"53b005b\" data-element_type=\"widget\" data-e-type=\"widget\" data-widget_type=\"text-editor.default\">\n\t\t\t\t<div class=\"elementor-widget-container\">\n\t\t\t\t\t\t\t\t\t<ul><li><h4><span class=\"ez-toc-section\" id=\"Maxi-Cosi_Mica_Pro_Eco_i-Size\"><\/span>Maxi-Cosi Mica Pro Eco i-Size<span class=\"ez-toc-section-end\"><\/span><\/h4><\/li><\/ul><p><a href=\"https:\/\/monsiegeautobebe.fr\/wp-content\/uploads\/2022\/06\/maxi-cosi-mica-pro-eco-crash-test-adac.jpg\"><img loading=\"lazy\" decoding=\"async\" class=\"alignleft size-medium wp-image-6618\" src=\"https:\/\/monsiegeautobebe.fr\/wp-content\/uploads\/2022\/06\/maxi-cosi-mica-pro-eco-crash-test-adac-300x300.jpg\" alt=\"maxi cosi mica pro eco crash test adac\" width=\"300\" height=\"300\" srcset=\"https:\/\/www.monsiegeautobebe.fr\/wp-content\/uploads\/2022\/06\/maxi-cosi-mica-pro-eco-crash-test-adac-300x300.jpg 300w, https:\/\/www.monsiegeautobebe.fr\/wp-content\/uploads\/2022\/06\/maxi-cosi-mica-pro-eco-crash-test-adac-150x150.jpg 150w, https:\/\/www.monsiegeautobebe.fr\/wp-content\/uploads\/2022\/06\/maxi-cosi-mica-pro-eco-crash-test-adac-768x768.jpg 768w, https:\/\/www.monsiegeautobebe.fr\/wp-content\/uploads\/2022\/06\/maxi-cosi-mica-pro-eco-crash-test-adac-450x450.jpg 450w, https:\/\/www.monsiegeautobebe.fr\/wp-content\/uploads\/2022\/06\/maxi-cosi-mica-pro-eco-crash-test-adac-600x600.jpg 600w, https:\/\/www.monsiegeautobebe.fr\/wp-content\/uploads\/2022\/06\/maxi-cosi-mica-pro-eco-crash-test-adac-336x336.jpg 336w, https:\/\/www.monsiegeautobebe.fr\/wp-content\/uploads\/2022\/06\/maxi-cosi-mica-pro-eco-crash-test-adac.jpg 1000w\" sizes=\"(max-width: 300px) 100vw, 300px\" \/><\/a>Le <strong>Maxi-Cosi Mica Pro Eco i-Size<\/strong> es una silla de coche giratoria para viajar con ni\u00f1os de <b>40 a 105 cm<\/b> (desde el nacimiento hasta los 4 a\u00f1os aproximadamente) tanto en sentido contrario a la marcha (hasta 105 cm) como en sentido de la marcha (a partir de 76 cm). Este modelo, que cumple la nueva normativa europea R129 (i-Size), tiene la particularidad de estar fabricado con tejidos totalmente reciclados con la etiqueta Eco Care.<\/p><p>Adem\u00e1s de su base giratoria integrada, el <strong>Mica Pro Eco i-Size<\/strong> est\u00e1 equipado con protecci\u00f3n contra impactos laterales (G-Cell), un arn\u00e9s inteligente de 5 puntos, varios niveles de reclinaci\u00f3n y un reposacabezas ajustable.<\/p><p><\/p><p><div id=\"tablepress-131-scroll-wrapper\" class=\"tablepress-scroll-wrapper\">\n\n<table id=\"tablepress-131\" class=\"tablepress tablepress-id-131 tablepress-responsive\">\n<thead>\n<tr class=\"row-1\">\n\t<td class=\"column-1\"><\/td><th class=\"column-2\">Maxi-Cosi Mica Pro Eco i-Size<\/th>\n<\/tr>\n<\/thead>\n<tbody class=\"row-striping row-hover\">\n<tr class=\"row-2\">\n\t<td class=\"column-1\">Certificaci\u00f3n<\/td><td class=\"column-2\">R129 (i-Size)<\/td>\n<\/tr>\n<tr class=\"row-3\">\n\t<td class=\"column-1\">Tama\u00f1o infantil<\/td><td class=\"column-2\">40 a 105 cm<\/td>\n<\/tr>\n<tr class=\"row-4\">\n\t<td class=\"column-1\">Edad del ni\u00f1o<\/td><td class=\"column-2\">Desde el nacimiento hasta los 4 a\u00f1os aprox.<\/td>\n<\/tr>\n<tr class=\"row-5\">\n\t<td class=\"column-1\">Peso del ni\u00f1o<\/td><td class=\"column-2\">18 kg m\u00e1x.<\/td>\n<\/tr>\n<tr class=\"row-6\">\n\t<td class=\"column-1\">Instalaci\u00f3n de la silla<\/td><td class=\"column-2\">Base giratoria con puntal<\/td>\n<\/tr>\n<tr class=\"row-7\">\n\t<td class=\"column-1\">Sistema de retenci\u00f3n infantil<\/td><td class=\"column-2\">Arn\u00e9s de 5 puntos<\/td>\n<\/tr>\n<tr class=\"row-8\">\n\t<td class=\"column-1\">Silla de coche giratoria<\/td><td class=\"column-2\"><center><img decoding=\"async\" src=\"https:\/\/monsiegeautobebe.fr\/wp-content\/uploads\/2019\/03\/icon-yes.png\" alt=\"\" width=\"16\" height=\"16\" class=\"aligncenter size-full wp-image-693\" \/><\/center><\/td>\n<\/tr>\n<tr class=\"row-9\">\n\t<td class=\"column-1\">Protecci\u00f3n lateral adicional<\/td><td class=\"column-2\"><center><img decoding=\"async\" src=\"https:\/\/monsiegeautobebe.fr\/wp-content\/uploads\/2019\/03\/icon-yes.png\" alt=\"\" width=\"16\" height=\"16\" class=\"aligncenter size-full wp-image-693\" \/><\/center><\/td>\n<\/tr>\n<tr class=\"row-10\">\n\t<td class=\"column-1\">Reductor para reci\u00e9n nacidos<\/td><td class=\"column-2\"><center><img decoding=\"async\" src=\"https:\/\/monsiegeautobebe.fr\/wp-content\/uploads\/2019\/03\/icon-yes.png\" alt=\"\" width=\"16\" height=\"16\" class=\"aligncenter size-full wp-image-693\" \/><\/center><\/td>\n<\/tr>\n<tr class=\"row-11\">\n\t<td class=\"column-1\">Posici\u00f3n del asiento<\/td><td class=\"column-2\">Espalda de carretera (40 a 105 cm)<br \/>\nLado de la carretera (76 a 105 cm)<\/td>\n<\/tr>\n<tr class=\"row-12\">\n\t<td class=\"column-1\">Peso (Asiento + Base)<\/td><td class=\"column-2\">14,7 kg<\/td>\n<\/tr>\n<\/tbody>\n<\/table>\n\n<\/div><!-- #tablepress-131 from cache --><\/p>\t\t\t\t\t\t\t\t<\/div>\n\t\t\t\t<\/div>\n\t\t\t\t<div class=\"elementor-element elementor-element-d237b4b elementor-widget elementor-widget-heading\" data-id=\"d237b4b\" data-element_type=\"widget\" data-e-type=\"widget\" data-widget_type=\"heading.default\">\n\t\t\t\t<div class=\"elementor-widget-container\">\n\t\t\t\t\t<h3 class=\"elementor-heading-title elementor-size-large\"><span class=\"ez-toc-section\" id=\"3_Les_Sieges_Auto_Enfants_de_15_mois_a_4_ans_env\"><\/span>3. Sillas de coche para ni\u00f1os (de 15 meses a 4 a\u00f1os aprox.)<span class=\"ez-toc-section-end\"><\/span><\/h3>\t\t\t\t<\/div>\n\t\t\t\t<\/div>\n\t\t\t\t\t<\/div>\n\t\t<\/div>\n\t\t\t\t\t<\/div>\n\t\t<\/section>\n\t\t\t\t<section class=\"has-el-gap el-gap-default elementor-section elementor-inner-section elementor-element elementor-element-bba7c57 elementor-section-boxed elementor-section-height-default elementor-section-height-default\" data-id=\"bba7c57\" data-element_type=\"section\" data-e-type=\"section\">\n\t\t\t\t\t\t<div class=\"elementor-container elementor-column-gap-no\">\n\t\t\t\t\t<div class=\"elementor-column elementor-col-100 elementor-inner-column elementor-element elementor-element-dd80e6c\" data-id=\"dd80e6c\" data-element_type=\"column\" data-e-type=\"column\">\n\t\t\t<div class=\"elementor-widget-wrap elementor-element-populated\">\n\t\t\t\t\t\t<div class=\"elementor-element elementor-element-e142747 post-content elementor-widget elementor-widget-text-editor\" data-id=\"e142747\" data-element_type=\"widget\" data-e-type=\"widget\" data-widget_type=\"text-editor.default\">\n\t\t\t\t<div class=\"elementor-widget-container\">\n\t\t\t\t\t\t\t\t\t<ul><li><h4><span class=\"ez-toc-section\" id=\"Cybex_Anoris_T_i-Size\"><\/span>Cybex Anoris T i-Size<span class=\"ez-toc-section-end\"><\/span><\/h4><\/li><\/ul><p><a href=\"https:\/\/monsiegeautobebe.fr\/wp-content\/uploads\/2022\/06\/cybex-anoris-t-i-size-crash-test-adac.jpg\"><img loading=\"lazy\" decoding=\"async\" class=\"alignleft size-medium wp-image-6539\" src=\"https:\/\/monsiegeautobebe.fr\/wp-content\/uploads\/2022\/06\/cybex-anoris-t-i-size-crash-test-adac-300x300.jpg\" alt=\"cybex anoris t i size crash test adac\" width=\"300\" height=\"300\" srcset=\"https:\/\/www.monsiegeautobebe.fr\/wp-content\/uploads\/2022\/06\/cybex-anoris-t-i-size-crash-test-adac-300x300.jpg 300w, https:\/\/www.monsiegeautobebe.fr\/wp-content\/uploads\/2022\/06\/cybex-anoris-t-i-size-crash-test-adac-150x150.jpg 150w, https:\/\/www.monsiegeautobebe.fr\/wp-content\/uploads\/2022\/06\/cybex-anoris-t-i-size-crash-test-adac-768x768.jpg 768w, https:\/\/www.monsiegeautobebe.fr\/wp-content\/uploads\/2022\/06\/cybex-anoris-t-i-size-crash-test-adac-450x450.jpg 450w, https:\/\/www.monsiegeautobebe.fr\/wp-content\/uploads\/2022\/06\/cybex-anoris-t-i-size-crash-test-adac-600x600.jpg 600w, https:\/\/www.monsiegeautobebe.fr\/wp-content\/uploads\/2022\/06\/cybex-anoris-t-i-size-crash-test-adac-336x336.jpg 336w, https:\/\/www.monsiegeautobebe.fr\/wp-content\/uploads\/2022\/06\/cybex-anoris-t-i-size-crash-test-adac.jpg 1000w\" sizes=\"(max-width: 300px) 100vw, 300px\" \/><\/a>Le <strong>Cybex Anoris T i-Size<\/strong>\u00a0es un <b>silla de auto shield<\/b> con airbag integrado homologado seg\u00fan R129 (i-Size) para ni\u00f1os a partir de <b>76 a 115 cm<\/b>\u00a0(de 15 meses a 6 a\u00f1os aproximadamente). S\u00f3lo puede utilizarse de cara a la carretera una vez que se ha asegurado con su <strong>base isofix<\/strong>Este modelo tiene su propio sistema de fijaci\u00f3n que no requiere el uso de los cinturones de seguridad del veh\u00edculo para sujetarlo.<\/p><p>Adem\u00e1s del airbag, este asiento es un modelo espacioso y c\u00f3modo con protecci\u00f3n contra el impacto de una colisi\u00f3n.<strong> impactos laterales<\/strong> (Advanced Linear Side Impact Protection), un respaldo reclinable, un asiento trasero <strong>reposacabezas ajustable<\/strong> o un <strong>Pantalla LED<\/strong> para comprobar que el conjunto est\u00e1 correctamente instalado.<\/p><p><\/p><p><div id=\"tablepress-127-scroll-wrapper\" class=\"tablepress-scroll-wrapper\">\n\n<table id=\"tablepress-127\" class=\"tablepress tablepress-id-127 tablepress-responsive\">\n<thead>\n<tr class=\"row-1\">\n\t<td class=\"column-1\"><\/td><th class=\"column-2\">Cybex Anoris T i-Size<\/th>\n<\/tr>\n<\/thead>\n<tbody class=\"row-striping row-hover\">\n<tr class=\"row-2\">\n\t<td class=\"column-1\">Certificaci\u00f3n<\/td><td class=\"column-2\">R129 (i-Size)<\/td>\n<\/tr>\n<tr class=\"row-3\">\n\t<td class=\"column-1\">Tama\u00f1o infantil<\/td><td class=\"column-2\">76 a 115 cm<\/td>\n<\/tr>\n<tr class=\"row-4\">\n\t<td class=\"column-1\">Edad del ni\u00f1o<\/td><td class=\"column-2\">De 15 meses a 6 a\u00f1os aprox.<\/td>\n<\/tr>\n<tr class=\"row-5\">\n\t<td class=\"column-1\">Peso del ni\u00f1o<\/td><td class=\"column-2\">21 kg m\u00e1x.<\/td>\n<\/tr>\n<tr class=\"row-6\">\n\t<td class=\"column-1\">Instalaci\u00f3n de la silla<\/td><td class=\"column-2\">Base ISOFIX con puntales<\/td>\n<\/tr>\n<tr class=\"row-7\">\n\t<td class=\"column-1\">Sistema de retenci\u00f3n infantil<\/td><td class=\"column-2\">Escudo<\/td>\n<\/tr>\n<tr class=\"row-8\">\n\t<td class=\"column-1\">Silla de coche giratoria<\/td><td class=\"column-2\"><center><img decoding=\"async\" src=\"https:\/\/monsiegeautobebe.fr\/wp-content\/uploads\/2019\/03\/icon-yes.png\" alt=\"\" width=\"16\" height=\"16\" class=\"aligncenter size-full wp-image-693\" \/><\/center><\/td>\n<\/tr>\n<tr class=\"row-9\">\n\t<td class=\"column-1\">Protecci\u00f3n lateral adicional<\/td><td class=\"column-2\"><center><img decoding=\"async\" src=\"https:\/\/monsiegeautobebe.fr\/wp-content\/uploads\/2019\/03\/icon-yes.png\" alt=\"\" width=\"16\" height=\"16\" class=\"aligncenter size-full wp-image-693\" \/><\/center><\/td>\n<\/tr>\n<tr class=\"row-10\">\n\t<td class=\"column-1\">Reductor para reci\u00e9n nacidos<\/td><td class=\"column-2\"><center><img decoding=\"async\" src=\"https:\/\/monsiegeautobebe.fr\/wp-content\/uploads\/2019\/03\/icon-yes.png\" alt=\"\" width=\"16\" height=\"16\" class=\"aligncenter size-full wp-image-693\" \/><\/center><\/td>\n<\/tr>\n<tr class=\"row-11\">\n\t<td class=\"column-1\">Posici\u00f3n del asiento<\/td><td class=\"column-2\">Ruta de la cara<\/td>\n<\/tr>\n<tr class=\"row-12\">\n\t<td class=\"column-1\">Peso (Asiento + Base)<\/td><td class=\"column-2\">11,7 kg<\/td>\n<\/tr>\n<\/tbody>\n<\/table>\n\n<\/div><!-- #tablepress-127 from cache --><\/p>\t\t\t\t\t\t\t\t<\/div>\n\t\t\t\t<\/div>\n\t\t\t\t\t<\/div>\n\t\t<\/div>\n\t\t\t\t\t<\/div>\n\t\t<\/section>\n\t\t\t\t<section class=\"has-el-gap el-gap-default elementor-section elementor-inner-section elementor-element elementor-element-0e61d7a elementor-section-boxed elementor-section-height-default elementor-section-height-default\" data-id=\"0e61d7a\" data-element_type=\"section\" data-e-type=\"section\">\n\t\t\t\t\t\t<div class=\"elementor-container elementor-column-gap-no\">\n\t\t\t\t\t<div class=\"elementor-column elementor-col-100 elementor-inner-column elementor-element elementor-element-d3abfdf\" data-id=\"d3abfdf\" data-element_type=\"column\" data-e-type=\"column\">\n\t\t\t<div class=\"elementor-widget-wrap elementor-element-populated\">\n\t\t\t\t\t\t<div class=\"elementor-element elementor-element-fd8c973 elementor-widget elementor-widget-heading\" data-id=\"fd8c973\" data-element_type=\"widget\" data-e-type=\"widget\" data-widget_type=\"heading.default\">\n\t\t\t\t<div class=\"elementor-widget-container\">\n\t\t\t\t\t<h3 class=\"elementor-heading-title elementor-size-large\"><span class=\"ez-toc-section\" id=\"4_Les_Rehausseurs_Voiture_de_4_a_12_ans_env\"><\/span>4. Asientos elevadores para coches (de 4 a 12 a\u00f1os aprox.)<span class=\"ez-toc-section-end\"><\/span><\/h3>\t\t\t\t<\/div>\n\t\t\t\t<\/div>\n\t\t\t\t\t<\/div>\n\t\t<\/div>\n\t\t\t\t\t<\/div>\n\t\t<\/section>\n\t\t\t\t<section class=\"has-el-gap el-gap-default elementor-section elementor-inner-section elementor-element elementor-element-f789a80 elementor-section-boxed elementor-section-height-default elementor-section-height-default\" data-id=\"f789a80\" data-element_type=\"section\" data-e-type=\"section\">\n\t\t\t\t\t\t<div class=\"elementor-container elementor-column-gap-no\">\n\t\t\t\t\t<div class=\"elementor-column elementor-col-100 elementor-inner-column elementor-element elementor-element-78100b8\" data-id=\"78100b8\" data-element_type=\"column\" data-e-type=\"column\">\n\t\t\t<div class=\"elementor-widget-wrap elementor-element-populated\">\n\t\t\t\t\t\t<div class=\"elementor-element elementor-element-7b6eeda post-content elementor-widget elementor-widget-text-editor\" data-id=\"7b6eeda\" data-element_type=\"widget\" data-e-type=\"widget\" data-widget_type=\"text-editor.default\">\n\t\t\t\t<div class=\"elementor-widget-container\">\n\t\t\t\t\t\t\t\t\t<ul><li><h4><span class=\"ez-toc-section\" id=\"Britax_Romer_Kidfix_M_i-Size\"><\/span>Britax R\u00f6mer Kidfix M i-Size<span class=\"ez-toc-section-end\"><\/span><\/h4><\/li><\/ul><div><a href=\"https:\/\/monsiegeautobebe.fr\/wp-content\/uploads\/2022\/06\/britax-kidfix-m-i-size-crash-test-adac.jpg\"><img loading=\"lazy\" decoding=\"async\" class=\"alignleft\" src=\"https:\/\/monsiegeautobebe.fr\/wp-content\/uploads\/2022\/06\/britax-kidfix-m-i-size-crash-test-adac-300x300.jpg\" alt=\"britax kidfix m i talla crash test adac\" width=\"300\" height=\"300\" \/><\/a><\/div><p>Le <strong>Britax KidFix M i-Size<\/strong> es un asiento elevador homologado conforme a la normativa R129 (i-Size) para viajar con ni\u00f1os de <b>100 a 150 cm<\/b> (de 4 a 12 a\u00f1os aprox.). Este modelo dispone de dos conectores ISOFIX que ayudan a garantizar la correcta instalaci\u00f3n de la silla.<\/p><p>Este <a href=\"https:\/\/www.monsiegeautobebe.fr\/es\/mejor-alzador-coche\/\" target=\"_blank\" rel=\"noopener\">asiento elevador para coche<\/a> es un modelo compacto (44 cm de ancho) con carcasa reforzada, gu\u00edas para el cintur\u00f3n, protecci\u00f3n lateral y reposacabezas ergon\u00f3mico y ajustable.<\/p><p><\/p><p><div id=\"tablepress-129-scroll-wrapper\" class=\"tablepress-scroll-wrapper\">\n\n<table id=\"tablepress-129\" class=\"tablepress tablepress-id-129 tablepress-responsive\">\n<thead>\n<tr class=\"row-1\">\n\t<td class=\"column-1\"><\/td><th class=\"column-2\">Britax Kidfix M i-Size<\/th>\n<\/tr>\n<\/thead>\n<tbody class=\"row-striping row-hover\">\n<tr class=\"row-2\">\n\t<td class=\"column-1\">Certificaci\u00f3n<\/td><td class=\"column-2\">R129 (i-Size)<\/td>\n<\/tr>\n<tr class=\"row-3\">\n\t<td class=\"column-1\">Tama\u00f1o infantil<\/td><td class=\"column-2\">100 a 150 cm<\/td>\n<\/tr>\n<tr class=\"row-4\">\n\t<td class=\"column-1\">Edad del ni\u00f1o<br \/>\n<\/td><td class=\"column-2\">De 4 a 12 a\u00f1os aprox.<\/td>\n<\/tr>\n<tr class=\"row-5\">\n\t<td class=\"column-1\">Posici\u00f3n del asiento<\/td><td class=\"column-2\">De cara a la carretera<\/td>\n<\/tr>\n<tr class=\"row-6\">\n\t<td class=\"column-1\">Instalaci\u00f3n de la silla<\/td><td class=\"column-2\">Cintur\u00f3n de seguridad + ISOFIX<\/td>\n<\/tr>\n<tr class=\"row-7\">\n\t<td class=\"column-1\">Sistema de retenci\u00f3n infantil<\/td><td class=\"column-2\">Cinturones de seguridad<\/td>\n<\/tr>\n<tr class=\"row-8\">\n\t<td class=\"column-1\">Peso<\/td><td class=\"column-2\">6,5 kg<\/td>\n<\/tr>\n<\/tbody>\n<\/table>\n\n<\/div><!-- #tablepress-129 from cache --><\/p>\t\t\t\t\t\t\t\t<\/div>\n\t\t\t\t<\/div>\n\t\t\t\t\t<\/div>\n\t\t<\/div>\n\t\t\t\t\t<\/div>\n\t\t<\/section>\n\t\t\t\t<section class=\"has-el-gap el-gap-default elementor-section elementor-inner-section elementor-element elementor-element-0fad373 elementor-section-boxed elementor-section-height-default elementor-section-height-default\" data-id=\"0fad373\" data-element_type=\"section\" data-e-type=\"section\">\n\t\t\t\t\t\t<div class=\"elementor-container elementor-column-gap-no\">\n\t\t\t\t\t<div class=\"elementor-column elementor-col-100 elementor-inner-column elementor-element elementor-element-5ebf568\" data-id=\"5ebf568\" data-element_type=\"column\" data-e-type=\"column\">\n\t\t\t<div class=\"elementor-widget-wrap elementor-element-populated\">\n\t\t\t\t\t\t<div class=\"elementor-element elementor-element-f1b2828 post-content elementor-widget elementor-widget-text-editor\" data-id=\"f1b2828\" data-element_type=\"widget\" data-e-type=\"widget\" data-widget_type=\"text-editor.default\">\n\t\t\t\t<div class=\"elementor-widget-container\">\n\t\t\t\t\t\t\t\t\t<ul><li><h4><span class=\"ez-toc-section\" id=\"Graco_EverSure_i-Size\"><\/span>Graco EverSure i-Size<span class=\"ez-toc-section-end\"><\/span><\/h4><\/li><\/ul><p><a href=\"https:\/\/monsiegeautobebe.fr\/wp-content\/uploads\/2022\/06\/graco-eversure-i-size-crash-test-adac.jpg\"><img loading=\"lazy\" decoding=\"async\" class=\"alignleft size-medium wp-image-6549\" src=\"https:\/\/monsiegeautobebe.fr\/wp-content\/uploads\/2022\/06\/graco-eversure-i-size-crash-test-adac-300x300.jpg\" alt=\"graco eversure i size crash test adac\" width=\"300\" height=\"300\" srcset=\"https:\/\/www.monsiegeautobebe.fr\/wp-content\/uploads\/2022\/06\/graco-eversure-i-size-crash-test-adac-300x300.jpg 300w, https:\/\/www.monsiegeautobebe.fr\/wp-content\/uploads\/2022\/06\/graco-eversure-i-size-crash-test-adac-150x150.jpg 150w, https:\/\/www.monsiegeautobebe.fr\/wp-content\/uploads\/2022\/06\/graco-eversure-i-size-crash-test-adac-768x768.jpg 768w, https:\/\/www.monsiegeautobebe.fr\/wp-content\/uploads\/2022\/06\/graco-eversure-i-size-crash-test-adac-450x450.jpg 450w, https:\/\/www.monsiegeautobebe.fr\/wp-content\/uploads\/2022\/06\/graco-eversure-i-size-crash-test-adac-600x600.jpg 600w, https:\/\/www.monsiegeautobebe.fr\/wp-content\/uploads\/2022\/06\/graco-eversure-i-size-crash-test-adac-336x336.jpg 336w, https:\/\/www.monsiegeautobebe.fr\/wp-content\/uploads\/2022\/06\/graco-eversure-i-size-crash-test-adac.jpg 1000w\" sizes=\"(max-width: 300px) 100vw, 300px\" \/><\/a>Le <strong>Graco EverSure<\/strong>\u00a0es un asiento elevador homologado <strong>R129 (i-Size) <\/strong>viajar con ni\u00f1os de <strong>100 a 150 cm<\/strong> (de 4 a 12 a\u00f1os aproximadamente). Este modelo puede instalarse en el autom\u00f3vil utilizando los cinturones de seguridad de 3 puntos y los conectores isofix del veh\u00edculo. <span style=\"color: #202124; font-family: arial, sans-serif; font-size: 16px; font-style: normal; font-variant-ligatures: normal; font-variant-caps: normal; font-weight: 400; letter-spacing: normal; orphans: 2; text-align: left; text-indent: 0px; text-transform: none; white-space: normal; widows: 2; word-spacing: 0px; -webkit-text-stroke-width: 0px; background-color: #ffffff; text-decoration-thickness: initial; text-decoration-style: initial; text-decoration-color: initial; display: inline !important; float: none;\">\"IsoCatch <\/span><span style=\"color: #202124; font-family: arial, sans-serif; font-size: 16px; font-style: normal; font-variant-ligatures: normal; font-variant-caps: normal; font-weight: 400; letter-spacing: normal; orphans: 2; text-align: left; text-indent: 0px; text-transform: none; white-space: normal; widows: 2; word-spacing: 0px; -webkit-text-stroke-width: 0px; background-color: #ffffff; text-decoration-thickness: initial; text-decoration-style: initial; text-decoration-color: initial; display: inline !important; float: none;\">\".<\/span><\/p><p><span style=\"color: #202124; font-family: arial, sans-serif; font-size: 16px; font-style: normal; font-variant-ligatures: normal; font-variant-caps: normal; font-weight: 400; letter-spacing: normal; orphans: 2; text-align: left; text-indent: 0px; text-transform: none; white-space: normal; widows: 2; word-spacing: 0px; -webkit-text-stroke-width: 0px; background-color: #ffffff; text-decoration-thickness: initial; text-decoration-style: initial; text-decoration-color: initial; display: inline !important; float: none;\">Este asiento tambi\u00e9n est\u00e1 equipado con<\/span> portavasos, reposacabezas ajustable en diez posiciones, gu\u00edas para las correas, reposabrazos y un sistema de protecci\u00f3n contra impactos laterales (Safety Surround).<\/p><p><\/p><p><div id=\"tablepress-128-scroll-wrapper\" class=\"tablepress-scroll-wrapper\">\n\n<table id=\"tablepress-128\" class=\"tablepress tablepress-id-128 tablepress-responsive\">\n<thead>\n<tr class=\"row-1\">\n\t<td class=\"column-1\"><\/td><th class=\"column-2\">Graco EverSure i-Size<\/th>\n<\/tr>\n<\/thead>\n<tbody class=\"row-striping row-hover\">\n<tr class=\"row-2\">\n\t<td class=\"column-1\">Certificaci\u00f3n<\/td><td class=\"column-2\">R129 (i-Size)<\/td>\n<\/tr>\n<tr class=\"row-3\">\n\t<td class=\"column-1\">Tama\u00f1o infantil<\/td><td class=\"column-2\">100 a 150 cm<\/td>\n<\/tr>\n<tr class=\"row-4\">\n\t<td class=\"column-1\">Edad del ni\u00f1o<br \/>\n<\/td><td class=\"column-2\">De 4 a 12 a\u00f1os aprox.<\/td>\n<\/tr>\n<tr class=\"row-5\">\n\t<td class=\"column-1\">Posici\u00f3n del asiento<\/td><td class=\"column-2\">De cara a la carretera<\/td>\n<\/tr>\n<tr class=\"row-6\">\n\t<td class=\"column-1\">Instalaci\u00f3n de la silla<\/td><td class=\"column-2\">Cintur\u00f3n de seguridad + ISOFIX<\/td>\n<\/tr>\n<tr class=\"row-7\">\n\t<td class=\"column-1\">Sistema de retenci\u00f3n infantil<\/td><td class=\"column-2\">Cinturones de seguridad<\/td>\n<\/tr>\n<tr class=\"row-8\">\n\t<td class=\"column-1\">Peso<\/td><td class=\"column-2\">5 kg<\/td>\n<\/tr>\n<\/tbody>\n<\/table>\n\n<\/div><!-- #tablepress-128 from cache --><\/p>\t\t\t\t\t\t\t\t<\/div>\n\t\t\t\t<\/div>\n\t\t\t\t\t<\/div>\n\t\t<\/div>\n\t\t\t\t\t<\/div>\n\t\t<\/section>\n\t\t\t\t\t<\/div>\n\t\t<\/div>\n\t\t\t\t\t<\/div>\n\t\t<\/section>\n\t\t\t\t<section class=\"has-el-gap el-gap-default elementor-section elementor-top-section elementor-element elementor-element-42c875e elementor-section-boxed elementor-section-height-default elementor-section-height-default\" data-id=\"42c875e\" data-element_type=\"section\" data-e-type=\"section\">\n\t\t\t\t\t\t<div class=\"elementor-container elementor-column-gap-no\">\n\t\t\t\t\t<div class=\"elementor-column elementor-col-100 elementor-top-column elementor-element elementor-element-7c1a960\" data-id=\"7c1a960\" data-element_type=\"column\" data-e-type=\"column\">\n\t\t\t<div class=\"elementor-widget-wrap elementor-element-populated\">\n\t\t\t\t\t\t<div class=\"elementor-element elementor-element-6a4fcff elementor-widget elementor-widget-heading\" data-id=\"6a4fcff\" data-element_type=\"widget\" data-e-type=\"widget\" data-widget_type=\"heading.default\">\n\t\t\t\t<div class=\"elementor-widget-container\">\n\t\t\t\t\t<h2 class=\"elementor-heading-title elementor-size-large\"><span class=\"ez-toc-section\" id=\"Liste_Complete_des_Notes_aux_Crash-Tests_ADAC_TCS_Mai_2022\"><\/span>Liste Compl\u00e8te des Notes aux Crash-Tests ADAC &amp; TCS (Mai 2022)<span class=\"ez-toc-section-end\"><\/span><\/h2>\t\t\t\t<\/div>\n\t\t\t\t<\/div>\n\t\t\t\t<div class=\"elementor-element elementor-element-2b19f27 elementor-widget elementor-widget-image\" data-id=\"2b19f27\" data-element_type=\"widget\" data-e-type=\"widget\" data-widget_type=\"image.default\">\n\t\t\t\t<div class=\"elementor-widget-container\">\n\t\t\t\t\t\t\t\t\t\t\t\t\t\t\t\t<a href=\"https:\/\/www.monsiegeautobebe.fr\/wp-content\/uploads\/2022\/06\/2022-mai-resultat-crash-test-adac.jpg\" data-elementor-open-lightbox=\"yes\" data-elementor-lightbox-title=\"2022-mai-resultat-crash-test-adac\" data-e-action-hash=\"#elementor-action%3Aaction%3Dlightbox%26settings%3DeyJpZCI6NjYyOCwidXJsIjoiaHR0cHM6XC9cL3d3dy5tb25zaWVnZWF1dG9iZWJlLmZyXC93cC1jb250ZW50XC91cGxvYWRzXC8yMDIyXC8wNlwvMjAyMi1tYWktcmVzdWx0YXQtY3Jhc2gtdGVzdC1hZGFjLmpwZyJ9\">\n\t\t\t\t\t\t\t<img loading=\"lazy\" decoding=\"async\" class=\"attachment-full size-full wp-image-6628 lazyload\" width=\"1000\" height=\"1656\" src=\"data:image\/svg+xml;base64,PHN2ZyB2aWV3Qm94PScwIDAgMTAwMCAxNjU2JyB4bWxucz0naHR0cDovL3d3dy53My5vcmcvMjAwMC9zdmcnPjwvc3ZnPg==\" alt=\"resultados de las pruebas de choque adac de mayo de 2022\" srcset=\"https:\/\/www.monsiegeautobebe.fr\/wp-content\/uploads\/2022\/06\/2022-mai-resultat-crash-test-adac.jpg 1000w, https:\/\/www.monsiegeautobebe.fr\/wp-content\/uploads\/2022\/06\/2022-mai-resultat-crash-test-adac-181x300.jpg 181w, https:\/\/www.monsiegeautobebe.fr\/wp-content\/uploads\/2022\/06\/2022-mai-resultat-crash-test-adac-618x1024.jpg 618w, https:\/\/www.monsiegeautobebe.fr\/wp-content\/uploads\/2022\/06\/2022-mai-resultat-crash-test-adac-768x1272.jpg 768w, https:\/\/www.monsiegeautobebe.fr\/wp-content\/uploads\/2022\/06\/2022-mai-resultat-crash-test-adac-928x1536.jpg 928w, https:\/\/www.monsiegeautobebe.fr\/wp-content\/uploads\/2022\/06\/2022-mai-resultat-crash-test-adac-150x248.jpg 150w, https:\/\/www.monsiegeautobebe.fr\/wp-content\/uploads\/2022\/06\/2022-mai-resultat-crash-test-adac-450x745.jpg 450w, https:\/\/www.monsiegeautobebe.fr\/wp-content\/uploads\/2022\/06\/2022-mai-resultat-crash-test-adac-600x994.jpg 600w\" sizes=\"(max-width: 1000px) 100vw, 1000px\" data-src=\"https:\/\/www.monsiegeautobebe.fr\/wp-content\/uploads\/2022\/06\/2022-mai-resultat-crash-test-adac.jpg\" \/>\t\t\t\t\t\t\t\t<\/a>\n\t\t\t\t\t\t\t\t\t\t\t\t\t\t\t<\/div>\n\t\t\t\t<\/div>\n\t\t\t\t<div class=\"elementor-element elementor-element-d92f8e8 elementor-widget elementor-widget-video\" data-id=\"d92f8e8\" data-element_type=\"widget\" data-e-type=\"widget\" data-settings=\"{&quot;youtube_url&quot;:&quot;https:\\\/\\\/www.youtube.com\\\/watch?v=7tx5XC-Ym6Q&quot;,&quot;video_type&quot;:&quot;youtube&quot;,&quot;controls&quot;:&quot;yes&quot;}\" data-widget_type=\"video.default\">\n\t\t\t\t<div class=\"elementor-widget-container\">\n\t\t\t\t\t\t\t<div class=\"elementor-wrapper elementor-open-inline\">\n\t\t\t<div class=\"elementor-video\"><\/div>\t\t<\/div>\n\t\t\t\t\t\t<\/div>\n\t\t\t\t<\/div>\n\t\t\t\t\t<\/div>\n\t\t<\/div>\n\t\t\t\t\t<\/div>\n\t\t<\/section>\n\t\t\t\t<\/div>","protected":false},"excerpt":{"rendered":"<p>Durante esta primera sesi\u00f3n de pruebas de choque del a\u00f1o, el ADAC someti\u00f3 a ensayo 30 sillas de coche para ni\u00f1os (con o sin base isofix) en la primavera de 2022. Todos estos modelos se dividieron en diferentes categor\u00edas de tama\u00f1o, peso y edad para ser evaluados seg\u00fan criterios de seguridad y funcionalidad,<\/p>","protected":false},"author":2,"featured_media":6425,"comment_status":"open","ping_status":"open","sticky":false,"template":"","format":"standard","meta":{"footnotes":""},"categories":[13,178],"tags":[],"class_list":{"0":"post-6193","1":"post","2":"type-post","3":"status-publish","4":"format-standard","5":"has-post-thumbnail","7":"category-crash-tests-adac","8":"category-crash-tests-adac-2022"},"_links":{"self":[{"href":"https:\/\/www.monsiegeautobebe.fr\/es\/wp-json\/wp\/v2\/posts\/6193","targetHints":{"allow":["GET"]}}],"collection":[{"href":"https:\/\/www.monsiegeautobebe.fr\/es\/wp-json\/wp\/v2\/posts"}],"about":[{"href":"https:\/\/www.monsiegeautobebe.fr\/es\/wp-json\/wp\/v2\/types\/post"}],"author":[{"embeddable":true,"href":"https:\/\/www.monsiegeautobebe.fr\/es\/wp-json\/wp\/v2\/users\/2"}],"replies":[{"embeddable":true,"href":"https:\/\/www.monsiegeautobebe.fr\/es\/wp-json\/wp\/v2\/comments?post=6193"}],"version-history":[{"count":0,"href":"https:\/\/www.monsiegeautobebe.fr\/es\/wp-json\/wp\/v2\/posts\/6193\/revisions"}],"wp:featuredmedia":[{"embeddable":true,"href":"https:\/\/www.monsiegeautobebe.fr\/es\/wp-json\/wp\/v2\/media\/6425"}],"wp:attachment":[{"href":"https:\/\/www.monsiegeautobebe.fr\/es\/wp-json\/wp\/v2\/media?parent=6193"}],"wp:term":[{"taxonomy":"category","embeddable":true,"href":"https:\/\/www.monsiegeautobebe.fr\/es\/wp-json\/wp\/v2\/categories?post=6193"},{"taxonomy":"post_tag","embeddable":true,"href":"https:\/\/www.monsiegeautobebe.fr\/es\/wp-json\/wp\/v2\/tags?post=6193"}],"curies":[{"name":"wp","href":"https:\/\/api.w.org\/{rel}","templated":true}]}}