{"id":2374,"date":"2020-03-16T15:25:50","date_gmt":"2020-03-16T15:25:50","guid":{"rendered":"https:\/\/monsiegeautobebe.fr\/?p=2374"},"modified":"2023-10-20T03:08:34","modified_gmt":"2023-10-20T01:08:34","slug":"mejores-sillas-coche-plus-test","status":"publish","type":"post","link":"https:\/\/www.monsiegeautobebe.fr\/es\/mejores-sillas-coche-plus-test\/","title":{"rendered":"Mejores Sillas de Coche Suecas Plus Test Comparativa"},"content":{"rendered":"<p>Creado por el <a href=\"https:\/\/www.vti.se\/en\/\" target=\"_blank\" rel=\"noopener\">VTI<\/a> (Instituto Nacional Sueco de Investigaci\u00f3n sobre Carreteras y Transportes) y el <a href=\"https:\/\/ntf.se\/\" target=\"_blank\" rel=\"noopener\">NTF<\/a> (Sociedad Nacional de Seguridad Vial), dos organismos suecos independientes, la <strong>M\u00e1s pruebas<\/strong> tiene por objeto <strong>certificar las sillas de coche m\u00e1s seguras<\/strong> en el mercado al medir con precisi\u00f3n las fuerzas ejercidas sobre el cuello de los ni\u00f1os en caso de colisi\u00f3n. El <strong>M\u00e1s pruebas<\/strong> es una certificaci\u00f3n complementaria a la normativa europea <a href=\"https:\/\/www.monsiegeautobebe.fr\/es\/que-grupo-de-silla-de-coche-elegir\/\" target=\"_blank\" rel=\"noopener\">R44\/04<\/a> o <a href=\"https:\/\/www.monsiegeautobebe.fr\/es\/reglementation-i-size-siege-auto-bebe\/\" target=\"_blank\" rel=\"noopener\">R129 (i-Size)<\/a> actualmente en vigor. Son los propios fabricantes quienes deciden voluntariamente si someten o no sus modelos a certificaci\u00f3n. Dada la dificultad que entra\u00f1a, s\u00f3lo unos pocos modelos han logrado obtener esta certificaci\u00f3n.<\/p>\n<div id=\"ez-toc-container\" class=\"ez-toc-v2_0_82_2 counter-hierarchy ez-toc-counter ez-toc-grey ez-toc-container-direction\">\n<div class=\"ez-toc-title-container\">\n<p class=\"ez-toc-title\" style=\"cursor:inherit\">Contenido<\/p>\n<span class=\"ez-toc-title-toggle\"><a href=\"#\" class=\"ez-toc-pull-right ez-toc-btn ez-toc-btn-xs ez-toc-btn-default ez-toc-toggle\" aria-label=\"Alternar tabla de contenidos\"><span class=\"ez-toc-js-icon-con\"><span class=\"\"><span class=\"eztoc-hide\" style=\"display:none;\">Toggle<\/span><span class=\"ez-toc-icon-toggle-span\"><svg style=\"fill: #999;color:#999\" xmlns=\"http:\/\/www.w3.org\/2000\/svg\" class=\"list-377408\" width=\"20px\" height=\"20px\" viewbox=\"0 0 24 24\" fill=\"none\"><path d=\"M6 6H4v2h2V6zm14 0H8v2h12V6zM4 11h2v2H4v-2zm16 0H8v2h12v-2zM4 16h2v2H4v-2zm16 0H8v2h12v-2z\" fill=\"currentColor\"><\/path><\/svg><svg style=\"fill: #999;color:#999\" class=\"arrow-unsorted-368013\" xmlns=\"http:\/\/www.w3.org\/2000\/svg\" width=\"10px\" height=\"10px\" viewbox=\"0 0 24 24\" version=\"1.2\" baseprofile=\"tiny\"><path d=\"M18.2 9.3l-6.2-6.3-6.2 6.3c-.2.2-.3.4-.3.7s.1.5.3.7c.2.2.4.3.7.3h11c.3 0 .5-.1.7-.3.2-.2.3-.5.3-.7s-.1-.5-.3-.7zM5.8 14.7l6.2 6.3 6.2-6.3c.2-.2.3-.5.3-.7s-.1-.5-.3-.7c-.2-.2-.4-.3-.7-.3h-11c-.3 0-.5.1-.7.3-.2.2-.3.5-.3.7s.1.5.3.7z\"\/><\/svg><\/span><\/span><\/span><\/a><\/span><\/div>\n<nav><ul class='ez-toc-list ez-toc-list-level-1 eztoc-toggle-hide-by-default' ><li class='ez-toc-page-1 ez-toc-heading-level-2'><a class=\"ez-toc-link ez-toc-heading-1\" href=\"https:\/\/www.monsiegeautobebe.fr\/es\/mejores-sillas-coche-plus-test\/#La_Creation_Du_Plus_Test_Suedois\" >Crear la mayor prueba de Suecia<\/a><\/li><li class='ez-toc-page-1 ez-toc-heading-level-2'><a class=\"ez-toc-link ez-toc-heading-2\" href=\"https:\/\/www.monsiegeautobebe.fr\/es\/mejores-sillas-coche-plus-test\/#Quels_Sont_Les_Criteres_Du_Plus_Test\" >\u00bfCu\u00e1les son los criterios de la mejor prueba?<\/a><\/li><li class='ez-toc-page-1 ez-toc-heading-level-2'><a class=\"ez-toc-link ez-toc-heading-3\" href=\"https:\/\/www.monsiegeautobebe.fr\/es\/mejores-sillas-coche-plus-test\/#Les_Avantages_Des_Sieges_Auto_Dos_A_La_Route\" >Ventajas de las sillas orientadas hacia atr\u00e1s<\/a><\/li><li class='ez-toc-page-1 ez-toc-heading-level-2'><a class=\"ez-toc-link ez-toc-heading-4\" href=\"https:\/\/www.monsiegeautobebe.fr\/es\/mejores-sillas-coche-plus-test\/#Liste_Des_Meilleurs_Sieges_Auto_Titulaire_Du_Plus_Test\" >Lista de las sillas de coche mejor probadas<\/a><\/li><\/ul><\/nav><\/div>\n<h2><span class=\"ez-toc-section\" id=\"La_Creation_Du_Plus_Test_Suedois\"><\/span>Crear la mayor prueba de Suecia<span class=\"ez-toc-section-end\"><\/span><\/h2>\n<p>En <strong>VTI<\/strong> tiene una amplia experiencia en la realizaci\u00f3n de pruebas de choque para <a href=\"https:\/\/www.monsiegeautobebe.fr\/es\/\">silla de coche<\/a> ya que fueron de los primeros del mundo en llevarlas a cabo. La participaci\u00f3n de VTI en las pruebas de asientos comenz\u00f3 en los a\u00f1os sesenta. Desde entonces, VTI ha seguido desempe\u00f1ando un papel activo en el desarrollo de asientos para mejorar la seguridad de los ni\u00f1os en el autom\u00f3vil.<\/p>\n<p><iframe title=\"La prueba sueca Plus: de cara a la carretera o de espaldas a la carretera\" width=\"788\" height=\"443\" src=\"https:\/\/www.youtube.com\/embed\/TeolZ5VaG38?feature=oembed\" frameborder=\"0\" allow=\"accelerometer; autoplay; clipboard-write; encrypted-media; gyroscope; picture-in-picture; web-share\" allowfullscreen><\/iframe><\/p>\n<h2><span class=\"ez-toc-section\" id=\"Quels_Sont_Les_Criteres_Du_Plus_Test\"><\/span>\u00bfCu\u00e1les son los criterios de la mejor prueba?<span class=\"ez-toc-section-end\"><\/span><\/h2>\n<figure id=\"attachment_381\" aria-describedby=\"caption-attachment-381\" style=\"width: 150px\" class=\"wp-caption alignleft\"><a href=\"https:\/\/monsiegeautobebe.fr\/wp-content\/uploads\/2019\/02\/label-plus-test-suedois-crash-tests.jpg\"><img decoding=\"async\" class=\"size-medium wp-image-381\" src=\"https:\/\/monsiegeautobebe.fr\/wp-content\/uploads\/2019\/02\/label-plus-test-suedois-crash-tests-196x300.jpg\" alt=\"Logotipo de la marca sueca PLUS TEST\" width=\"150\" height=\"230\" srcset=\"https:\/\/www.monsiegeautobebe.fr\/wp-content\/uploads\/2019\/02\/label-plus-test-suedois-crash-tests-196x300.jpg 196w, https:\/\/www.monsiegeautobebe.fr\/wp-content\/uploads\/2019\/02\/label-plus-test-suedois-crash-tests.jpg 360w\" sizes=\"(max-width: 150px) 100vw, 150px\" \/><\/a><figcaption id=\"caption-attachment-381\" class=\"wp-caption-text\">Ejemplo de etiqueta adherida a las sillas de coche homologadas<\/figcaption><\/figure>\n<p>Antes de poder comercializarse en Francia y Europa, todas las sillas de coche deben cumplir uno de los siguientes requisitos <strong>dos reglamentos<\/strong> actualmente en vigor. Aunque se realizan ensayos de choque para probar los distintos modelos, ninguno de ellos puede medir con precisi\u00f3n las tensiones que sufren el cuello, los hombros y la columna vertebral de los ni\u00f1os en el momento del impacto.<\/p>\n<p>Contrariamente a la normativa europea (que es obligatoria), el <strong>M\u00e1s pruebas<\/strong> es una prueba adicional voluntaria a la que los fabricantes de sillas de coche pueden someter sus modelos para una posible certificaci\u00f3n. Debido a sus especificaciones muy estrictas, la prueba Plus tiene fama de ser una de las pruebas de seguridad m\u00e1s rigurosas del mundo. Se presta especial atenci\u00f3n a la carga sobre el cuello del ni\u00f1o en caso de accidente. Extremadamente dif\u00edcil de superar, s\u00f3lo una cuarentena de modelos orientados exclusivamente hacia atr\u00e1s han podido pasar. Hasta la fecha, no se ha certificado ninguna silla orientada hacia delante.<\/p>\n<h2><span class=\"ez-toc-section\" id=\"Les_Avantages_Des_Sieges_Auto_Dos_A_La_Route\"><\/span>Ventajas de las sillas orientadas hacia atr\u00e1s<span class=\"ez-toc-section-end\"><\/span><\/h2>\n<p>Poner a su hijo en un <a href=\"https:\/\/www.monsiegeautobebe.fr\/es\/mejor-silla-coche-a-contramarcha\/\">silla coche contramarcha<\/a> es la mejor manera de viajar con total seguridad. La ventaja de una silla de auto orientada hacia atr\u00e1s reside en que las fuerzas liberadas en caso de colisi\u00f3n son mejor absorbidas por el asiento. Esto significa que las partes sensibles del cuerpo del ni\u00f1o est\u00e1n mejor protegidas, por lo que la tensi\u00f3n ejercida es considerablemente menor que en un asiento orientado hacia delante. Cuando los ni\u00f1os van sentados en sentido contrario a la marcha, sus cabezas salen despedidas violentamente hacia delante en caso de impacto, lo que puede causarles lesiones muy graves. Los diversos estudios y pruebas de choque realizados sobre este tema a lo largo de los a\u00f1os han demostrado que <a href=\"https:\/\/www.monsiegeautobebe.fr\/es\/voyager-siege-auto-dos-a-la-route\/\">Viajar de espaldas a la carretera era 5 veces m\u00e1s seguro para el ni\u00f1o.<\/a><\/p>\n<figure id=\"attachment_2471\" aria-describedby=\"caption-attachment-2471\" style=\"width: 800px\" class=\"wp-caption aligncenter\"><a href=\"https:\/\/monsiegeautobebe.fr\/wp-content\/uploads\/2020\/02\/consequence-siege-auto-dos-route-face-route.jpg\"><img fetchpriority=\"high\" decoding=\"async\" class=\"size-full wp-image-2471\" src=\"https:\/\/monsiegeautobebe.fr\/wp-content\/uploads\/2020\/02\/consequence-siege-auto-dos-route-face-route.jpg\" alt=\"Comparaci\u00f3n entre las sillas de auto orientadas hacia delante y hacia atr\u00e1s\" width=\"800\" height=\"275\" srcset=\"https:\/\/www.monsiegeautobebe.fr\/wp-content\/uploads\/2020\/02\/consequence-siege-auto-dos-route-face-route.jpg 800w, https:\/\/www.monsiegeautobebe.fr\/wp-content\/uploads\/2020\/02\/consequence-siege-auto-dos-route-face-route-600x206.jpg 600w, https:\/\/www.monsiegeautobebe.fr\/wp-content\/uploads\/2020\/02\/consequence-siege-auto-dos-route-face-route-300x103.jpg 300w, https:\/\/www.monsiegeautobebe.fr\/wp-content\/uploads\/2020\/02\/consequence-siege-auto-dos-route-face-route-768x264.jpg 768w\" sizes=\"(max-width: 800px) 100vw, 800px\" \/><\/a><figcaption id=\"caption-attachment-2471\" class=\"wp-caption-text\">Las fuerzas ejercidas son 5 veces menores en un asiento orientado hacia atr\u00e1s<\/figcaption><\/figure>\n<h2><span class=\"ez-toc-section\" id=\"Liste_Des_Meilleurs_Sieges_Auto_Titulaire_Du_Plus_Test\"><\/span>Lista de las sillas de coche mejor probadas<span class=\"ez-toc-section-end\"><\/span><\/h2>\n<p>A continuaci\u00f3n figura la lista completa de <strong>asientos de coche<\/strong> que hayan obtenido <strong>Plus Test.<\/strong><br \/>\n<em>(Cuadro actualizado en abril de 2022)<\/em><br \/>\n<div id=\"tablepress-11-scroll-wrapper\" class=\"tablepress-scroll-wrapper\">\n\n<table id=\"tablepress-11\" class=\"tablepress tablepress-id-11 tablepress-responsive\">\n<thead>\n<tr class=\"row-1\">\n\t<th class=\"column-1\"><center>Modelos<\/center><\/th><th class=\"column-2\">Est\u00e1ndar<\/th><th class=\"column-3\">Altura \/ peso del ni\u00f1o<\/th><th class=\"column-4\">Pivotante<\/th><th class=\"column-5\">Sistema de fijaci\u00f3n<\/th><th class=\"column-6\">Instalaci\u00f3n<\/th><th class=\"column-7\">N\u00daMERO VTI<\/th><th class=\"column-8\">Precios<\/th>\n<\/tr>\n<\/thead>\n<tbody class=\"row-striping row-hover\">\n<tr class=\"row-2\">\n\t<td class=\"column-1\"><center><a href=\"https:\/\/monsiegeautobebe.fr\/wp-content\/uploads\/2022\/04\/akto-graco-duologic-2-plus-test.jpg\"><img decoding=\"async\" src=\"https:\/\/monsiegeautobebe.fr\/wp-content\/uploads\/2022\/04\/akto-graco-duologic-2-plus-test.jpg\" alt=\"akto graco duologic 2 plus test\" width=\"100\" height=\"100\" class=\"aligncenter size-full wp-image-6138\" srcset=\"https:\/\/www.monsiegeautobebe.fr\/wp-content\/uploads\/2022\/04\/akto-graco-duologic-2-plus-test.jpg 1000w, https:\/\/www.monsiegeautobebe.fr\/wp-content\/uploads\/2022\/04\/akto-graco-duologic-2-plus-test-300x300.jpg 300w, https:\/\/www.monsiegeautobebe.fr\/wp-content\/uploads\/2022\/04\/akto-graco-duologic-2-plus-test-150x150.jpg 150w, https:\/\/www.monsiegeautobebe.fr\/wp-content\/uploads\/2022\/04\/akto-graco-duologic-2-plus-test-768x768.jpg 768w, https:\/\/www.monsiegeautobebe.fr\/wp-content\/uploads\/2022\/04\/akto-graco-duologic-2-plus-test-450x450.jpg 450w, https:\/\/www.monsiegeautobebe.fr\/wp-content\/uploads\/2022\/04\/akto-graco-duologic-2-plus-test-600x600.jpg 600w, https:\/\/www.monsiegeautobebe.fr\/wp-content\/uploads\/2022\/04\/akto-graco-duologic-2-plus-test-336x336.jpg 336w\" sizes=\"(max-width: 100px) 100vw, 100px\" \/>Akta Graco Duo Logic 2<\/a><\/center><\/td><td class=\"column-2\">R44\/04<\/td><td class=\"column-3\">Grupo 0+\/1<br \/>\n(Nacimiento - 18 kg)<\/td><td class=\"column-4\"><center><img loading=\"lazy\" decoding=\"async\" src=\"https:\/\/monsiegeautobebe.fr\/wp-content\/uploads\/2019\/03\/icon-no.png\" alt=\"\" width=\"16\" height=\"16\" class=\"aligncenter size-full wp-image-693\" \/><\/center><\/td><td class=\"column-5\">ISOFIX con puntal o cintur\u00f3n de seguridad<\/td><td class=\"column-6\">Orientado hacia atr\u00e1s<\/td><td class=\"column-7\">VTI-0003<\/td><td class=\"column-8\"><\/td>\n<\/tr>\n<tr class=\"row-3\">\n\t<td class=\"column-1\"><center><a href=\"https:\/\/monsiegeautobebe.fr\/wp-content\/uploads\/2019\/02\/siege-auto-akta-graco-belogic-plus-test.jpg\"><img loading=\"lazy\" decoding=\"async\" src=\"https:\/\/monsiegeautobebe.fr\/wp-content\/uploads\/2019\/02\/siege-auto-akta-graco-belogic-plus-test-150x150.jpg\" alt=\"Akta Graco BeLogic certificado Plus Test asiento de coche de beb\u00e9\" width=\"100\" height=\"100\" class=\"aligncenter size-thumbnail wp-image-468\" srcset=\"https:\/\/www.monsiegeautobebe.fr\/wp-content\/uploads\/2019\/02\/siege-auto-akta-graco-belogic-plus-test-150x150.jpg 150w, https:\/\/www.monsiegeautobebe.fr\/wp-content\/uploads\/2019\/02\/siege-auto-akta-graco-belogic-plus-test-300x300.jpg 300w, https:\/\/www.monsiegeautobebe.fr\/wp-content\/uploads\/2019\/02\/siege-auto-akta-graco-belogic-plus-test-336x336.jpg 336w, https:\/\/www.monsiegeautobebe.fr\/wp-content\/uploads\/2019\/02\/siege-auto-akta-graco-belogic-plus-test-600x600.jpg 600w, https:\/\/www.monsiegeautobebe.fr\/wp-content\/uploads\/2019\/02\/siege-auto-akta-graco-belogic-plus-test-768x768.jpg 768w, https:\/\/www.monsiegeautobebe.fr\/wp-content\/uploads\/2019\/02\/siege-auto-akta-graco-belogic-plus-test-1024x1024.jpg 1024w, https:\/\/www.monsiegeautobebe.fr\/wp-content\/uploads\/2019\/02\/siege-auto-akta-graco-belogic-plus-test.jpg 1050w\" sizes=\"(max-width: 100px) 100vw, 100px\" \/>Akta Graco Be Logic<\/a><\/center><\/td><td class=\"column-2\">R44\/04<\/td><td class=\"column-3\">Grupo 1\/2<br \/>\n(9 - 25 kg)<\/td><td class=\"column-4\"><center><img loading=\"lazy\" decoding=\"async\" src=\"https:\/\/monsiegeautobebe.fr\/wp-content\/uploads\/2019\/03\/icon-no.png\" alt=\"\" width=\"16\" height=\"16\" class=\"aligncenter size-full wp-image-693\" \/><\/center><\/td><td class=\"column-5\">Cintur\u00f3n de seguridad con puntal<\/td><td class=\"column-6\">Orientado hacia atr\u00e1s<\/td><td class=\"column-7\">VTI-0005<\/td><td class=\"column-8\"><\/td>\n<\/tr>\n<tr class=\"row-4\">\n\t<td class=\"column-1\"><center><a href=\"https:\/\/monsiegeautobebe.fr\/wp-content\/uploads\/2019\/03\/siege-auto-avionaut-aerofix-rwf-plus-test.jpg\"><img loading=\"lazy\" decoding=\"async\" src=\"https:\/\/monsiegeautobebe.fr\/wp-content\/uploads\/2019\/03\/siege-auto-avionaut-aerofix-rwf-plus-test-150x150.jpg\" alt=\"Silla de auto Avionaut AeroFIX RWF certificada por Plus Test\" width=\"100\" height=\"100\" class=\"aligncenter size-thumbnail wp-image-493\" \/>Avionaut Aerofix RWF<\/a><\/center><\/td><td class=\"column-2\">i-Size (R129)<\/td><td class=\"column-3\">De 67 a 105 cm<br \/>\n(aprox. de 6 meses a 4 a\u00f1os)<\/td><td class=\"column-4\"><center><img loading=\"lazy\" decoding=\"async\" src=\"https:\/\/monsiegeautobebe.fr\/wp-content\/uploads\/2019\/03\/icon-no.png\" alt=\"\" width=\"16\" height=\"16\" class=\"aligncenter size-full wp-image-693\" \/><\/center><\/td><td class=\"column-5\">Base Avionaut IQ con puntal<\/td><td class=\"column-6\">Orientado hacia atr\u00e1s<\/td><td class=\"column-7\">VTI-0023<\/td><td class=\"column-8\"><a href=\"https:\/\/amzn.to\/3Kn5mj7\" class=\"sc-button sc-button-default\" target=\"_blank\" rel=\"noopener\"><span>VER PRECIO<\/span><\/a><\/td>\n<\/tr>\n<tr class=\"row-5\">\n\t<td class=\"column-1\"><center><a href=\"https:\/\/monsiegeautobebe.fr\/wp-content\/uploads\/2021\/05\/siege-auto-axkid-one-plus-test.jpg\"><img loading=\"lazy\" decoding=\"async\" src=\"https:\/\/monsiegeautobebe.fr\/wp-content\/uploads\/2021\/05\/siege-auto-axkid-one-plus-test-150x150.jpg\" alt=\"Silla de auto Axkid One homologada Plus Test\" width=\"100\" height=\"100\" class=\"aligncenter size-thumbnail wp-image-4763\" srcset=\"https:\/\/www.monsiegeautobebe.fr\/wp-content\/uploads\/2021\/05\/siege-auto-axkid-one-plus-test-150x150.jpg 150w, https:\/\/www.monsiegeautobebe.fr\/wp-content\/uploads\/2021\/05\/siege-auto-axkid-one-plus-test-300x300.jpg 300w, https:\/\/www.monsiegeautobebe.fr\/wp-content\/uploads\/2021\/05\/siege-auto-axkid-one-plus-test-336x336.jpg 336w, https:\/\/www.monsiegeautobebe.fr\/wp-content\/uploads\/2021\/05\/siege-auto-axkid-one-plus-test-600x600.jpg 600w, https:\/\/www.monsiegeautobebe.fr\/wp-content\/uploads\/2021\/05\/siege-auto-axkid-one-plus-test-768x768.jpg 768w, https:\/\/www.monsiegeautobebe.fr\/wp-content\/uploads\/2021\/05\/siege-auto-axkid-one-plus-test.jpg 1000w\" sizes=\"(max-width: 100px) 100vw, 100px\" \/>Axkid Uno <\/a><\/center><\/td><td class=\"column-2\">i-Size (R129)<\/td><td class=\"column-3\">De 61 a 125 cm<br \/>\n(aprox. de 6 meses a 7 a\u00f1os)<\/td><td class=\"column-4\"><center><img loading=\"lazy\" decoding=\"async\" src=\"https:\/\/monsiegeautobebe.fr\/wp-content\/uploads\/2019\/03\/icon-no.png\" alt=\"\" width=\"16\" height=\"16\" class=\"aligncenter size-full wp-image-693\" \/><\/center><\/td><td class=\"column-5\">ISOFIX con puntal<\/td><td class=\"column-6\">Orientado hacia atr\u00e1s<\/td><td class=\"column-7\">VTI-0037<\/td><td class=\"column-8\"><a href=\"https:\/\/action.metaffiliation.com\/trk.php?mclic=P494DD5719952191&amp;redir=https%3A%2F%2Fwww.roseoubleu.fr%2Faxkid-siege-auto-one-i-size-tar-noir-a297159.html\" class=\"sc-button sc-button-default\" target=\"_blank\" rel=\"noopener\"><span>VER PRECIO<\/span><\/a><\/td>\n<\/tr>\n<tr class=\"row-6\">\n\t<td class=\"column-1\"><center><a href=\"https:\/\/monsiegeautobebe.fr\/wp-content\/uploads\/2021\/05\/siege-auto-axkid-one-plus-test.jpg\"><img loading=\"lazy\" decoding=\"async\" src=\"https:\/\/monsiegeautobebe.fr\/wp-content\/uploads\/2021\/05\/siege-auto-axkid-one-plus-test-150x150.jpg\" alt=\"Silla de auto Axkid One homologada Plus Test\" width=\"100\" height=\"100\" class=\"aligncenter size-thumbnail wp-image-4763\" srcset=\"https:\/\/www.monsiegeautobebe.fr\/wp-content\/uploads\/2021\/05\/siege-auto-axkid-one-plus-test-150x150.jpg 150w, https:\/\/www.monsiegeautobebe.fr\/wp-content\/uploads\/2021\/05\/siege-auto-axkid-one-plus-test-300x300.jpg 300w, https:\/\/www.monsiegeautobebe.fr\/wp-content\/uploads\/2021\/05\/siege-auto-axkid-one-plus-test-336x336.jpg 336w, https:\/\/www.monsiegeautobebe.fr\/wp-content\/uploads\/2021\/05\/siege-auto-axkid-one-plus-test-600x600.jpg 600w, https:\/\/www.monsiegeautobebe.fr\/wp-content\/uploads\/2021\/05\/siege-auto-axkid-one-plus-test-768x768.jpg 768w, https:\/\/www.monsiegeautobebe.fr\/wp-content\/uploads\/2021\/05\/siege-auto-axkid-one-plus-test.jpg 1000w\" sizes=\"(max-width: 100px) 100vw, 100px\" \/>Axkid Uno 2<\/a><\/center><\/td><td class=\"column-2\">i-Size (R129)<\/td><td class=\"column-3\">De 61 a 125 cm<br \/>\n(aprox. de 6 meses a 7 a\u00f1os)<\/td><td class=\"column-4\"><center><img loading=\"lazy\" decoding=\"async\" src=\"https:\/\/monsiegeautobebe.fr\/wp-content\/uploads\/2019\/03\/icon-no.png\" alt=\"\" width=\"16\" height=\"16\" class=\"aligncenter size-full wp-image-693\" \/><\/center><\/td><td class=\"column-5\">ISOFIX con puntal<\/td><td class=\"column-6\">Orientado hacia atr\u00e1s<\/td><td class=\"column-7\"><\/td><td class=\"column-8\"><\/td>\n<\/tr>\n<tr class=\"row-7\">\n\t<td class=\"column-1\"><center><a href=\"https:\/\/monsiegeautobebe.fr\/wp-content\/uploads\/2021\/05\/siege-auto-axkid-one-plus-test-1.jpg\"><img loading=\"lazy\" decoding=\"async\" src=\"https:\/\/monsiegeautobebe.fr\/wp-content\/uploads\/2021\/05\/siege-auto-axkid-one-plus-test-1-150x150.jpg\" alt=\"Silla de auto Axkid One+ homologada por Plus Test\" width=\"100\" height=\"100\" class=\"aligncenter size-thumbnail wp-image-4765\" srcset=\"https:\/\/www.monsiegeautobebe.fr\/wp-content\/uploads\/2021\/05\/siege-auto-axkid-one-plus-test-1-150x150.jpg 150w, https:\/\/www.monsiegeautobebe.fr\/wp-content\/uploads\/2021\/05\/siege-auto-axkid-one-plus-test-1-300x300.jpg 300w, https:\/\/www.monsiegeautobebe.fr\/wp-content\/uploads\/2021\/05\/siege-auto-axkid-one-plus-test-1-336x336.jpg 336w, https:\/\/www.monsiegeautobebe.fr\/wp-content\/uploads\/2021\/05\/siege-auto-axkid-one-plus-test-1-600x600.jpg 600w, https:\/\/www.monsiegeautobebe.fr\/wp-content\/uploads\/2021\/05\/siege-auto-axkid-one-plus-test-1-768x768.jpg 768w, https:\/\/www.monsiegeautobebe.fr\/wp-content\/uploads\/2021\/05\/siege-auto-axkid-one-plus-test-1.jpg 1000w\" sizes=\"(max-width: 100px) 100vw, 100px\" \/><br \/>\nAxkid Uno+<\/a><\/center><\/td><td class=\"column-2\">i-Size (R129)<\/td><td class=\"column-3\">Desde el nacimiento hasta 125 cm<br \/>\n(aprox. 7 a\u00f1os)<\/td><td class=\"column-4\"><center><img loading=\"lazy\" decoding=\"async\" src=\"https:\/\/monsiegeautobebe.fr\/wp-content\/uploads\/2019\/03\/icon-no.png\" alt=\"\" width=\"16\" height=\"16\" class=\"aligncenter size-full wp-image-693\" \/><\/center><\/td><td class=\"column-5\">ISOFIX con puntal<\/td><td class=\"column-6\">Orientado hacia atr\u00e1s<\/td><td class=\"column-7\">VTI-0037<\/td><td class=\"column-8\"><a href=\"https:\/\/action.metaffiliation.com\/trk.php?mclic=P494DD5719952191&amp;redir=https%3A%2F%2Fwww.roseoubleu.fr%2Faxkid-siege-auto-one-i-size-tar-noir-a297150.html\" class=\"sc-button sc-button-default\" target=\"_blank\" rel=\"noopener\"><span>VER PRECIO<\/span><\/a><\/td>\n<\/tr>\n<tr class=\"row-8\">\n\t<td class=\"column-1\"><center><a href=\"https:\/\/monsiegeautobebe.fr\/wp-content\/uploads\/2021\/05\/siege-auto-axkid-one-plus-test-1.jpg\"><img loading=\"lazy\" decoding=\"async\" src=\"https:\/\/monsiegeautobebe.fr\/wp-content\/uploads\/2021\/05\/siege-auto-axkid-one-plus-test-1-150x150.jpg\" alt=\"Silla de auto Axkid One+ homologada por Plus Test\" width=\"100\" height=\"100\" class=\"aligncenter size-thumbnail wp-image-4765\" srcset=\"https:\/\/www.monsiegeautobebe.fr\/wp-content\/uploads\/2021\/05\/siege-auto-axkid-one-plus-test-1-150x150.jpg 150w, https:\/\/www.monsiegeautobebe.fr\/wp-content\/uploads\/2021\/05\/siege-auto-axkid-one-plus-test-1-300x300.jpg 300w, https:\/\/www.monsiegeautobebe.fr\/wp-content\/uploads\/2021\/05\/siege-auto-axkid-one-plus-test-1-336x336.jpg 336w, https:\/\/www.monsiegeautobebe.fr\/wp-content\/uploads\/2021\/05\/siege-auto-axkid-one-plus-test-1-600x600.jpg 600w, https:\/\/www.monsiegeautobebe.fr\/wp-content\/uploads\/2021\/05\/siege-auto-axkid-one-plus-test-1-768x768.jpg 768w, https:\/\/www.monsiegeautobebe.fr\/wp-content\/uploads\/2021\/05\/siege-auto-axkid-one-plus-test-1.jpg 1000w\" sizes=\"(max-width: 100px) 100vw, 100px\" \/><br \/>\nAxkid One+ 2<\/a><\/center><\/td><td class=\"column-2\">i-Size (R129)<\/td><td class=\"column-3\">Desde el nacimiento hasta 125 cm<br \/>\n(aprox. 7 a\u00f1os)<\/td><td class=\"column-4\"><center><img loading=\"lazy\" decoding=\"async\" src=\"https:\/\/monsiegeautobebe.fr\/wp-content\/uploads\/2019\/03\/icon-no.png\" alt=\"\" width=\"16\" height=\"16\" class=\"aligncenter size-full wp-image-693\" \/><\/center><\/td><td class=\"column-5\">ISOFIX con puntal<\/td><td class=\"column-6\">Orientado hacia atr\u00e1s<\/td><td class=\"column-7\"><\/td><td class=\"column-8\"><\/td>\n<\/tr>\n<tr class=\"row-9\">\n\t<td class=\"column-1\"><center><a href=\"https:\/\/monsiegeautobebe.fr\/wp-content\/uploads\/2019\/02\/siege-auto-axkid-minikid-plus-test.jpg\"><img loading=\"lazy\" decoding=\"async\" src=\"https:\/\/monsiegeautobebe.fr\/wp-content\/uploads\/2019\/02\/siege-auto-axkid-minikid-plus-test-150x150.jpg\" alt=\"Silla de auto Axkid Minikid Plus Test holder\" width=\"100\" height=\"100\" class=\"aligncenter size-thumbnail wp-image-493\" srcset=\"https:\/\/www.monsiegeautobebe.fr\/wp-content\/uploads\/2019\/02\/siege-auto-axkid-minikid-plus-test-150x150.jpg 150w, https:\/\/www.monsiegeautobebe.fr\/wp-content\/uploads\/2019\/02\/siege-auto-axkid-minikid-plus-test-300x300.jpg 300w, https:\/\/www.monsiegeautobebe.fr\/wp-content\/uploads\/2019\/02\/siege-auto-axkid-minikid-plus-test-336x336.jpg 336w, https:\/\/www.monsiegeautobebe.fr\/wp-content\/uploads\/2019\/02\/siege-auto-axkid-minikid-plus-test-600x600.jpg 600w, https:\/\/www.monsiegeautobebe.fr\/wp-content\/uploads\/2019\/02\/siege-auto-axkid-minikid-plus-test-768x768.jpg 768w, https:\/\/www.monsiegeautobebe.fr\/wp-content\/uploads\/2019\/02\/siege-auto-axkid-minikid-plus-test-1024x1024.jpg 1024w, https:\/\/www.monsiegeautobebe.fr\/wp-content\/uploads\/2019\/02\/siege-auto-axkid-minikid-plus-test.jpg 1050w\" sizes=\"(max-width: 100px) 100vw, 100px\" \/>Axkid Minikid<\/a><\/center><\/td><td class=\"column-2\">R44\/04<\/td><td class=\"column-3\">Grupo 1\/2<br \/>\n(9 - 25 kg)<\/td><td class=\"column-4\"><center><img loading=\"lazy\" decoding=\"async\" src=\"https:\/\/monsiegeautobebe.fr\/wp-content\/uploads\/2019\/03\/icon-no.png\" alt=\"\" width=\"16\" height=\"16\" class=\"aligncenter size-full wp-image-693\" \/><\/center><\/td><td class=\"column-5\">Cintur\u00f3n de seguridad con puntal<\/td><td class=\"column-6\">Orientado hacia atr\u00e1s<\/td><td class=\"column-7\">VTI-0008<\/td><td class=\"column-8\"><a href=\"https:\/\/amzn.to\/2I1jpQf\" class=\"sc-button sc-button-default\" target=\"_blank\" rel=\"noopener\"><span>VER PRECIO<\/span><\/a><\/td>\n<\/tr>\n<tr class=\"row-10\">\n\t<td class=\"column-1\"><center><a href=\"https:\/\/monsiegeautobebe.fr\/wp-content\/uploads\/2019\/02\/siege-auto-axkid-minikid-2-plus-test.jpg\"><img loading=\"lazy\" decoding=\"async\" src=\"https:\/\/monsiegeautobebe.fr\/wp-content\/uploads\/2019\/02\/siege-auto-axkid-minikid-2-plus-test-150x150.jpg\" alt=\"Silla de auto Axkid Minikid 2.0 certificada Plus Test\" width=\"100\" height=\"100\" class=\"aligncenter size-thumbnail wp-image-469\" srcset=\"https:\/\/www.monsiegeautobebe.fr\/wp-content\/uploads\/2019\/02\/siege-auto-axkid-minikid-2-plus-test-150x150.jpg 150w, https:\/\/www.monsiegeautobebe.fr\/wp-content\/uploads\/2019\/02\/siege-auto-axkid-minikid-2-plus-test-300x300.jpg 300w, https:\/\/www.monsiegeautobebe.fr\/wp-content\/uploads\/2019\/02\/siege-auto-axkid-minikid-2-plus-test-336x336.jpg 336w, https:\/\/www.monsiegeautobebe.fr\/wp-content\/uploads\/2019\/02\/siege-auto-axkid-minikid-2-plus-test-600x600.jpg 600w, https:\/\/www.monsiegeautobebe.fr\/wp-content\/uploads\/2019\/02\/siege-auto-axkid-minikid-2-plus-test-768x768.jpg 768w, https:\/\/www.monsiegeautobebe.fr\/wp-content\/uploads\/2019\/02\/siege-auto-axkid-minikid-2-plus-test-1024x1024.jpg 1024w, https:\/\/www.monsiegeautobebe.fr\/wp-content\/uploads\/2019\/02\/siege-auto-axkid-minikid-2-plus-test.jpg 1050w\" sizes=\"(max-width: 100px) 100vw, 100px\" \/>Axkid Minikid 2<\/a><\/center><\/td><td class=\"column-2\">R44\/04<\/td><td class=\"column-3\">Grupo 0+\/1\/2<br \/>\n(Nacimiento - 25 kg)<\/td><td class=\"column-4\"><center><img loading=\"lazy\" decoding=\"async\" src=\"https:\/\/monsiegeautobebe.fr\/wp-content\/uploads\/2019\/03\/icon-no.png\" alt=\"\" width=\"16\" height=\"16\" class=\"aligncenter size-full wp-image-693\" \/><\/center><\/td><td class=\"column-5\">Cintur\u00f3n de seguridad con puntal<\/td><td class=\"column-6\">Orientado hacia atr\u00e1s<\/td><td class=\"column-7\"><\/td><td class=\"column-8\"><a href=\"https:\/\/action.metaffiliation.com\/trk.php?mclic=P494DD5719952191&amp;redir=https%3A%2F%2Fwww.roseoubleu.fr%2Faxkid-siege-auto-minikid-2-0-gr-0-1-shellfish-a292056.html\" class=\"sc-button sc-button-default\" target=\"_blank\" rel=\"noopener\"><span>VER PRECIO<\/span><\/a><\/td>\n<\/tr>\n<tr class=\"row-11\">\n\t<td class=\"column-1\"><center><a href=\"https:\/\/monsiegeautobebe.fr\/wp-content\/uploads\/2022\/04\/axkid-minikid-3-plus-test.jpg\"><img loading=\"lazy\" decoding=\"async\" src=\"https:\/\/monsiegeautobebe.fr\/wp-content\/uploads\/2022\/04\/axkid-minikid-3-plus-test.jpg\" alt=\"axkid minikid 3 plus test\" width=\"100\" height=\"100\" class=\"aligncenter size-full wp-image-6143\" srcset=\"https:\/\/www.monsiegeautobebe.fr\/wp-content\/uploads\/2022\/04\/axkid-minikid-3-plus-test.jpg 1000w, https:\/\/www.monsiegeautobebe.fr\/wp-content\/uploads\/2022\/04\/axkid-minikid-3-plus-test-300x300.jpg 300w, https:\/\/www.monsiegeautobebe.fr\/wp-content\/uploads\/2022\/04\/axkid-minikid-3-plus-test-150x150.jpg 150w, https:\/\/www.monsiegeautobebe.fr\/wp-content\/uploads\/2022\/04\/axkid-minikid-3-plus-test-768x768.jpg 768w, https:\/\/www.monsiegeautobebe.fr\/wp-content\/uploads\/2022\/04\/axkid-minikid-3-plus-test-450x450.jpg 450w, https:\/\/www.monsiegeautobebe.fr\/wp-content\/uploads\/2022\/04\/axkid-minikid-3-plus-test-600x600.jpg 600w, https:\/\/www.monsiegeautobebe.fr\/wp-content\/uploads\/2022\/04\/axkid-minikid-3-plus-test-336x336.jpg 336w\" sizes=\"(max-width: 100px) 100vw, 100px\" \/>Axkid Minikid 3<\/center><\/a><\/td><td class=\"column-2\">i-Size (R129)<\/td><td class=\"column-3\">61 a 125 cm<br \/>\n(de 6 meses a 7 a\u00f1os aprox.)<\/td><td class=\"column-4\"><center><img loading=\"lazy\" decoding=\"async\" src=\"https:\/\/monsiegeautobebe.fr\/wp-content\/uploads\/2019\/03\/icon-no.png\" alt=\"\" width=\"16\" height=\"16\" class=\"aligncenter size-full wp-image-693\" \/><\/center><\/td><td class=\"column-5\">Cintur\u00f3n con tirantes y correas de sujeci\u00f3n<\/td><td class=\"column-6\">Orientado hacia atr\u00e1s<\/td><td class=\"column-7\">VTI-0041<\/td><td class=\"column-8\"><a href=\"https:\/\/tidd.ly\/3rV05c2\" class=\"sc-button sc-button-default\" target=\"_blank\" rel=\"noopener\"><span>VER PRECIO<\/span><\/a><\/td>\n<\/tr>\n<tr class=\"row-12\">\n\t<td class=\"column-1\"><center><a href=\"https:\/\/monsiegeautobebe.fr\/wp-content\/uploads\/2022\/04\/axkid-modukid-plus-test.jpg\"><img loading=\"lazy\" decoding=\"async\" src=\"https:\/\/monsiegeautobebe.fr\/wp-content\/uploads\/2022\/04\/axkid-modukid-plus-test.jpg\" alt=\"axkid modukid plus test\" width=\"100\" height=\"100\" class=\"aligncenter size-full wp-image-6146\" srcset=\"https:\/\/www.monsiegeautobebe.fr\/wp-content\/uploads\/2022\/04\/axkid-modukid-plus-test.jpg 1000w, https:\/\/www.monsiegeautobebe.fr\/wp-content\/uploads\/2022\/04\/axkid-modukid-plus-test-300x300.jpg 300w, https:\/\/www.monsiegeautobebe.fr\/wp-content\/uploads\/2022\/04\/axkid-modukid-plus-test-150x150.jpg 150w, https:\/\/www.monsiegeautobebe.fr\/wp-content\/uploads\/2022\/04\/axkid-modukid-plus-test-768x768.jpg 768w, https:\/\/www.monsiegeautobebe.fr\/wp-content\/uploads\/2022\/04\/axkid-modukid-plus-test-450x450.jpg 450w, https:\/\/www.monsiegeautobebe.fr\/wp-content\/uploads\/2022\/04\/axkid-modukid-plus-test-600x600.jpg 600w, https:\/\/www.monsiegeautobebe.fr\/wp-content\/uploads\/2022\/04\/axkid-modukid-plus-test-336x336.jpg 336w\" sizes=\"(max-width: 100px) 100vw, 100px\" \/>Axkid Modukid<\/a><\/center><\/td><td class=\"column-2\">i-Size (R129)<\/td><td class=\"column-3\">61 a 125 cm<br \/>\n(de 6 meses a 7 a\u00f1os aprox.)<\/td><td class=\"column-4\"><center><img loading=\"lazy\" decoding=\"async\" src=\"https:\/\/monsiegeautobebe.fr\/wp-content\/uploads\/2019\/03\/icon-no.png\" alt=\"\" width=\"16\" height=\"16\" class=\"aligncenter size-full wp-image-693\" \/><\/center><\/td><td class=\"column-5\">Base Axkid Modukid<\/td><td class=\"column-6\">Orientado hacia atr\u00e1s<\/td><td class=\"column-7\">VTI-0032<\/td><td class=\"column-8\"><a href=\"https:\/\/action.metaffiliation.com\/trk.php?mclic=P494DD5719952191&amp;redir=https%3A%2F%2Fwww.roseoubleu.fr%2Faxkid-siege-auto-modukid-i-size-sea-blue-a330954.html\" class=\"sc-button sc-button-default\" target=\"_blank\" rel=\"noopener\"><span>VER PRECIO<\/span><\/a><\/td>\n<\/tr>\n<tr class=\"row-13\">\n\t<td class=\"column-1\"><center><a href=\"https:\/\/monsiegeautobebe.fr\/wp-content\/uploads\/2019\/09\/siege-auto-axkid-move-plus-test.jpg\"><img loading=\"lazy\" decoding=\"async\" src=\"https:\/\/monsiegeautobebe.fr\/wp-content\/uploads\/2019\/09\/siege-auto-axkid-move-plus-test-150x150.jpg\" alt=\"Silla de auto Axkid Move homologada Plus Test\" width=\"100\" height=\"100\" class=\"aligncenter size-thumbnail wp-image-1039\" srcset=\"https:\/\/www.monsiegeautobebe.fr\/wp-content\/uploads\/2019\/09\/siege-auto-axkid-move-plus-test-150x150.jpg 150w, https:\/\/www.monsiegeautobebe.fr\/wp-content\/uploads\/2019\/09\/siege-auto-axkid-move-plus-test-300x300.jpg 300w, https:\/\/www.monsiegeautobebe.fr\/wp-content\/uploads\/2019\/09\/siege-auto-axkid-move-plus-test-336x336.jpg 336w, https:\/\/www.monsiegeautobebe.fr\/wp-content\/uploads\/2019\/09\/siege-auto-axkid-move-plus-test-600x600.jpg 600w, https:\/\/www.monsiegeautobebe.fr\/wp-content\/uploads\/2019\/09\/siege-auto-axkid-move-plus-test-768x768.jpg 768w, https:\/\/www.monsiegeautobebe.fr\/wp-content\/uploads\/2019\/09\/siege-auto-axkid-move-plus-test-1024x1024.jpg 1024w, https:\/\/www.monsiegeautobebe.fr\/wp-content\/uploads\/2019\/09\/siege-auto-axkid-move-plus-test.jpg 1050w\" sizes=\"(max-width: 100px) 100vw, 100px\" \/>Axkid Move \/ Wolmax<\/a><\/center><\/td><td class=\"column-2\">R44\/04<\/td><td class=\"column-3\">Grupo 1\/2<br \/>\n(9 - 25 kg)<\/td><td class=\"column-4\"><center><img loading=\"lazy\" decoding=\"async\" src=\"https:\/\/monsiegeautobebe.fr\/wp-content\/uploads\/2019\/03\/icon-no.png\" alt=\"\" width=\"16\" height=\"16\" class=\"aligncenter size-full wp-image-693\" \/><\/center><\/td><td class=\"column-5\">Cinturones de seguridad<\/td><td class=\"column-6\">Orientado hacia atr\u00e1s<\/td><td class=\"column-7\">VTI-0018<\/td><td class=\"column-8\"><a href=\"https:\/\/action.metaffiliation.com\/trk.php?mclic=P494DD5719952191&amp;redir=https%3A%2F%2Fwww.roseoubleu.fr%2Faxkid-siege-auto-move-gris-a243103.html\" class=\"sc-button sc-button-default\" target=\"_blank\" rel=\"noopener\"><span>VER PRECIO<\/span><\/a><\/td>\n<\/tr>\n<tr class=\"row-14\">\n\t<td class=\"column-1\"><center><a href=\"https:\/\/monsiegeautobebe.fr\/wp-content\/uploads\/2019\/02\/siege-auto-axkid-rekid-plus-test.jpg\"><img loading=\"lazy\" decoding=\"async\" src=\"https:\/\/monsiegeautobebe.fr\/wp-content\/uploads\/2019\/02\/siege-auto-axkid-rekid-plus-test-150x150.jpg\" alt=\"Silla de auto para beb\u00e9 Axkid Rekid certificada Plus Test\" width=\"100\" height=\"100\" class=\"aligncenter size-thumbnail wp-image-470\" srcset=\"https:\/\/www.monsiegeautobebe.fr\/wp-content\/uploads\/2019\/02\/siege-auto-axkid-rekid-plus-test-150x150.jpg 150w, https:\/\/www.monsiegeautobebe.fr\/wp-content\/uploads\/2019\/02\/siege-auto-axkid-rekid-plus-test-300x300.jpg 300w, https:\/\/www.monsiegeautobebe.fr\/wp-content\/uploads\/2019\/02\/siege-auto-axkid-rekid-plus-test-336x336.jpg 336w, https:\/\/www.monsiegeautobebe.fr\/wp-content\/uploads\/2019\/02\/siege-auto-axkid-rekid-plus-test-600x600.jpg 600w, https:\/\/www.monsiegeautobebe.fr\/wp-content\/uploads\/2019\/02\/siege-auto-axkid-rekid-plus-test-768x768.jpg 768w, https:\/\/www.monsiegeautobebe.fr\/wp-content\/uploads\/2019\/02\/siege-auto-axkid-rekid-plus-test-1024x1024.jpg 1024w, https:\/\/www.monsiegeautobebe.fr\/wp-content\/uploads\/2019\/02\/siege-auto-axkid-rekid-plus-test.jpg 1050w\" sizes=\"(max-width: 100px) 100vw, 100px\" \/>Axkid Rekid<\/a><\/center><\/td><td class=\"column-2\">R44\/04<\/td><td class=\"column-3\">Grupo 1\/2<br \/>\n(9 - 25 kg)<\/td><td class=\"column-4\"><center><img loading=\"lazy\" decoding=\"async\" src=\"https:\/\/monsiegeautobebe.fr\/wp-content\/uploads\/2019\/03\/icon-no.png\" alt=\"\" width=\"16\" height=\"16\" class=\"aligncenter size-full wp-image-693\" \/><\/center><\/td><td class=\"column-5\">ISOFIX con puntal y correas de sujeci\u00f3n) o cintur\u00f3n de seguridad hasta 18 kg y luego s\u00f3lo cintur\u00f3n de seguridad hasta 25 kg.<\/td><td class=\"column-6\">Orientado hacia atr\u00e1s<\/td><td class=\"column-7\">VTI-0013<\/td><td class=\"column-8\"><a href=\"https:\/\/action.metaffiliation.com\/trk.php?mclic=P494DD5719952191&amp;redir=https%3A%2F%2Fwww.roseoubleu.fr%2Faxkid-siege-auto-rekid-new-edition-gris-a199641.html\" class=\"sc-button sc-button-default\" target=\"_blank\" rel=\"noopener\"><span>VER PRECIO<\/span><\/a><\/td>\n<\/tr>\n<tr class=\"row-15\">\n\t<td class=\"column-1\"><center><a href=\"https:\/\/monsiegeautobebe.fr\/wp-content\/uploads\/2019\/02\/siege-auto-besafe-izi-kid-x1-i-size-plus-test.jpg\"><img loading=\"lazy\" decoding=\"async\" src=\"https:\/\/monsiegeautobebe.fr\/wp-content\/uploads\/2019\/02\/siege-auto-besafe-izi-kid-x1-i-size-plus-test-150x150.jpg\" alt=\"Silla de auto BeSafe iZi Kid X1 i-Size M\u00e1s Soporte para pruebas\" width=\"100\" height=\"100\" class=\"aligncenter size-thumbnail wp-image-503\" srcset=\"https:\/\/www.monsiegeautobebe.fr\/wp-content\/uploads\/2019\/02\/siege-auto-besafe-izi-kid-x1-i-size-plus-test-150x150.jpg 150w, https:\/\/www.monsiegeautobebe.fr\/wp-content\/uploads\/2019\/02\/siege-auto-besafe-izi-kid-x1-i-size-plus-test-300x300.jpg 300w, https:\/\/www.monsiegeautobebe.fr\/wp-content\/uploads\/2019\/02\/siege-auto-besafe-izi-kid-x1-i-size-plus-test-336x336.jpg 336w, https:\/\/www.monsiegeautobebe.fr\/wp-content\/uploads\/2019\/02\/siege-auto-besafe-izi-kid-x1-i-size-plus-test-600x600.jpg 600w, https:\/\/www.monsiegeautobebe.fr\/wp-content\/uploads\/2019\/02\/siege-auto-besafe-izi-kid-x1-i-size-plus-test-768x768.jpg 768w, https:\/\/www.monsiegeautobebe.fr\/wp-content\/uploads\/2019\/02\/siege-auto-besafe-izi-kid-x1-i-size-plus-test-1024x1024.jpg 1024w, https:\/\/www.monsiegeautobebe.fr\/wp-content\/uploads\/2019\/02\/siege-auto-besafe-izi-kid-x1-i-size-plus-test.jpg 1050w\" sizes=\"(max-width: 100px) 100vw, 100px\" \/>BeSafe iZi Kid X1 i-Size<\/a><\/center><\/td><td class=\"column-2\">i-Size (R129)<\/td><td class=\"column-3\">De 61 a 105 cm<br \/>\n(de 6 meses a 4 a\u00f1os aprox.)<\/td><td class=\"column-4\"><center><img loading=\"lazy\" decoding=\"async\" src=\"https:\/\/monsiegeautobebe.fr\/wp-content\/uploads\/2019\/03\/icon-no.png\" alt=\"\" width=\"16\" height=\"16\" class=\"aligncenter size-full wp-image-693\" \/><\/center><\/td><td class=\"column-5\">ISOFIX con puntal<\/td><td class=\"column-6\">Orientado hacia atr\u00e1s<\/td><td class=\"column-7\">VTI-0011<\/td><td class=\"column-8\"><\/td>\n<\/tr>\n<tr class=\"row-16\">\n\t<td class=\"column-1\"><center><a href=\"https:\/\/monsiegeautobebe.fr\/wp-content\/uploads\/2019\/02\/siege-auto-besafe-izi-kid-x3-isofix-plus-test.jpg\"><img loading=\"lazy\" decoding=\"async\" src=\"https:\/\/monsiegeautobebe.fr\/wp-content\/uploads\/2019\/02\/siege-auto-besafe-izi-kid-x3-isofix-plus-test-150x150.jpg\" alt=\"Silla de auto BeSafe iZi Kid X1 con certificaci\u00f3n ISOFIX Plus Test\" width=\"100\" height=\"100\" class=\"aligncenter size-thumbnail wp-image-499\" srcset=\"https:\/\/www.monsiegeautobebe.fr\/wp-content\/uploads\/2019\/02\/siege-auto-besafe-izi-kid-x3-isofix-plus-test-150x150.jpg 150w, https:\/\/www.monsiegeautobebe.fr\/wp-content\/uploads\/2019\/02\/siege-auto-besafe-izi-kid-x3-isofix-plus-test-300x300.jpg 300w, https:\/\/www.monsiegeautobebe.fr\/wp-content\/uploads\/2019\/02\/siege-auto-besafe-izi-kid-x3-isofix-plus-test-336x336.jpg 336w, https:\/\/www.monsiegeautobebe.fr\/wp-content\/uploads\/2019\/02\/siege-auto-besafe-izi-kid-x3-isofix-plus-test-600x600.jpg 600w, https:\/\/www.monsiegeautobebe.fr\/wp-content\/uploads\/2019\/02\/siege-auto-besafe-izi-kid-x3-isofix-plus-test-768x768.jpg 768w, https:\/\/www.monsiegeautobebe.fr\/wp-content\/uploads\/2019\/02\/siege-auto-besafe-izi-kid-x3-isofix-plus-test-1024x1024.jpg 1024w, https:\/\/www.monsiegeautobebe.fr\/wp-content\/uploads\/2019\/02\/siege-auto-besafe-izi-kid-x3-isofix-plus-test.jpg 1050w\" sizes=\"(max-width: 100px) 100vw, 100px\" \/>BeSafe iZi Kid X1 ISOfix<\/a><\/center><\/td><td class=\"column-2\">R44\/04<\/td><td class=\"column-3\">Grupo 0+\/1<br \/>\n(Nacimiento - 18 kg)<\/td><td class=\"column-4\"><center><img loading=\"lazy\" decoding=\"async\" src=\"https:\/\/monsiegeautobebe.fr\/wp-content\/uploads\/2019\/03\/icon-no.png\" alt=\"\" width=\"16\" height=\"16\" class=\"aligncenter size-full wp-image-693\" \/><\/center><\/td><td class=\"column-5\">ISOFIX con puntal<\/td><td class=\"column-6\">Orientado hacia atr\u00e1s<\/td><td class=\"column-7\">VTI-0002<\/td><td class=\"column-8\"><\/td>\n<\/tr>\n<tr class=\"row-17\">\n\t<td class=\"column-1\"><center><a href=\"https:\/\/monsiegeautobebe.fr\/wp-content\/uploads\/2019\/02\/siege-auto-besafe-izi-kid-x2-plus-test.jpg\"><img loading=\"lazy\" decoding=\"async\" src=\"https:\/\/monsiegeautobebe.fr\/wp-content\/uploads\/2019\/02\/siege-auto-besafe-izi-kid-x2-plus-test-150x150.jpg\" alt=\"beSafe iZi Kid X2 Plus Test silla de auto para beb\u00e9s\" width=\"100\" height=\"100\" class=\"aligncenter size-thumbnail wp-image-471\" srcset=\"https:\/\/www.monsiegeautobebe.fr\/wp-content\/uploads\/2019\/02\/siege-auto-besafe-izi-kid-x2-plus-test-150x150.jpg 150w, https:\/\/www.monsiegeautobebe.fr\/wp-content\/uploads\/2019\/02\/siege-auto-besafe-izi-kid-x2-plus-test-300x300.jpg 300w, https:\/\/www.monsiegeautobebe.fr\/wp-content\/uploads\/2019\/02\/siege-auto-besafe-izi-kid-x2-plus-test-336x336.jpg 336w, https:\/\/www.monsiegeautobebe.fr\/wp-content\/uploads\/2019\/02\/siege-auto-besafe-izi-kid-x2-plus-test-600x600.jpg 600w, https:\/\/www.monsiegeautobebe.fr\/wp-content\/uploads\/2019\/02\/siege-auto-besafe-izi-kid-x2-plus-test-768x768.jpg 768w, https:\/\/www.monsiegeautobebe.fr\/wp-content\/uploads\/2019\/02\/siege-auto-besafe-izi-kid-x2-plus-test-1024x1024.jpg 1024w, https:\/\/www.monsiegeautobebe.fr\/wp-content\/uploads\/2019\/02\/siege-auto-besafe-izi-kid-x2-plus-test.jpg 1050w\" sizes=\"(max-width: 100px) 100vw, 100px\" \/>BeSafe iZi Kid X2 i-Size<\/a><\/center><\/td><td class=\"column-2\">i-Size (R129)<\/td><td class=\"column-3\">De 61 a 105 cm<br \/>\n(de 6 meses a 4 a\u00f1os aprox.)<\/td><td class=\"column-4\"><center><img loading=\"lazy\" decoding=\"async\" src=\"https:\/\/monsiegeautobebe.fr\/wp-content\/uploads\/2019\/03\/icon-no.png\" alt=\"\" width=\"16\" height=\"16\" class=\"aligncenter size-full wp-image-693\" \/><\/center><\/td><td class=\"column-5\">ISOFIX con puntal<\/td><td class=\"column-6\">Orientado hacia atr\u00e1s<\/td><td class=\"column-7\">VTI-0011<\/td><td class=\"column-8\"><a href=\"https:\/\/www.aubert.com\/p\/01096723\/izi-kid-x2-i-size-metallic-melange-besafe\" class=\"sc-button sc-button-default\" target=\"_blank\" rel=\"noopener\"><span>VER PRECIO<\/span><\/a><\/td>\n<\/tr>\n<tr class=\"row-18\">\n\t<td class=\"column-1\"><center><a href=\"https:\/\/monsiegeautobebe.fr\/wp-content\/uploads\/2019\/11\/siege-auto-besafe-izi-kid-x3-plus-test.jpg\"><img loading=\"lazy\" decoding=\"async\" src=\"https:\/\/monsiegeautobebe.fr\/wp-content\/uploads\/2019\/11\/siege-auto-besafe-izi-kid-x3-plus-test-150x150.jpg\" alt=\"Silla de auto BeSafe iZi Kid X3\" width=\"100\" height=\"100\" class=\"aligncenter size-thumbnail wp-image-2015\" srcset=\"https:\/\/www.monsiegeautobebe.fr\/wp-content\/uploads\/2019\/11\/siege-auto-besafe-izi-kid-x3-plus-test-150x150.jpg 150w, https:\/\/www.monsiegeautobebe.fr\/wp-content\/uploads\/2019\/11\/siege-auto-besafe-izi-kid-x3-plus-test-300x300.jpg 300w, https:\/\/www.monsiegeautobebe.fr\/wp-content\/uploads\/2019\/11\/siege-auto-besafe-izi-kid-x3-plus-test-336x336.jpg 336w, https:\/\/www.monsiegeautobebe.fr\/wp-content\/uploads\/2019\/11\/siege-auto-besafe-izi-kid-x3-plus-test-600x600.jpg 600w, https:\/\/www.monsiegeautobebe.fr\/wp-content\/uploads\/2019\/11\/siege-auto-besafe-izi-kid-x3-plus-test-768x768.jpg 768w, https:\/\/www.monsiegeautobebe.fr\/wp-content\/uploads\/2019\/11\/siege-auto-besafe-izi-kid-x3-plus-test.jpg 1000w\" sizes=\"(max-width: 100px) 100vw, 100px\" \/>BeSafe iZi Kid X3 i-Size<\/a><\/center><\/td><td class=\"column-2\">i-Size (R129)<\/td><td class=\"column-3\">De 61 a 105 cm<br \/>\n(de 6 meses a 4 a\u00f1os aprox.)<\/td><td class=\"column-4\"><center><img loading=\"lazy\" decoding=\"async\" src=\"https:\/\/monsiegeautobebe.fr\/wp-content\/uploads\/2019\/03\/icon-no.png\" alt=\"\" width=\"16\" height=\"16\" class=\"aligncenter size-full wp-image-693\" \/><\/center><\/td><td class=\"column-5\">ISOFIX con puntal<\/td><td class=\"column-6\">Orientado hacia atr\u00e1s<\/td><td class=\"column-7\">VTI-0011<\/td><td class=\"column-8\"><a href=\"https:\/\/action.metaffiliation.com\/trk.php?mclic=P4F9AB571995171&amp;redir=https%3A%2F%2Fwww.allobebe.fr%2Fsiege-auto-izi-kid-x3-i-size-G3586-1.html\" class=\"sc-button sc-button-default\" target=\"_blank\" rel=\"noopener\"><span>VER PRECIO<\/span><\/a><\/td>\n<\/tr>\n<tr class=\"row-19\">\n\t<td class=\"column-1\"><center><a href=\"https:\/\/monsiegeautobebe.fr\/wp-content\/uploads\/2019\/02\/siege-auto-besafe-izi-modular-rear-facing-plus-test.jpg\"><img loading=\"lazy\" decoding=\"async\" src=\"https:\/\/monsiegeautobebe.fr\/wp-content\/uploads\/2019\/02\/siege-auto-besafe-izi-modular-rear-facing-plus-test-150x150.jpg\" alt=\"Silla de auto BeSafe iZi Modular en sentido contrario a la marcha certificada por Plus Test\" width=\"100\" height=\"100\" class=\"aligncenter size-thumbnail wp-image-472\" srcset=\"https:\/\/www.monsiegeautobebe.fr\/wp-content\/uploads\/2019\/02\/siege-auto-besafe-izi-modular-rear-facing-plus-test-150x150.jpg 150w, https:\/\/www.monsiegeautobebe.fr\/wp-content\/uploads\/2019\/02\/siege-auto-besafe-izi-modular-rear-facing-plus-test-300x300.jpg 300w, https:\/\/www.monsiegeautobebe.fr\/wp-content\/uploads\/2019\/02\/siege-auto-besafe-izi-modular-rear-facing-plus-test-336x336.jpg 336w, https:\/\/www.monsiegeautobebe.fr\/wp-content\/uploads\/2019\/02\/siege-auto-besafe-izi-modular-rear-facing-plus-test-600x600.jpg 600w, https:\/\/www.monsiegeautobebe.fr\/wp-content\/uploads\/2019\/02\/siege-auto-besafe-izi-modular-rear-facing-plus-test-768x768.jpg 768w, https:\/\/www.monsiegeautobebe.fr\/wp-content\/uploads\/2019\/02\/siege-auto-besafe-izi-modular-rear-facing-plus-test-1024x1024.jpg 1024w, https:\/\/www.monsiegeautobebe.fr\/wp-content\/uploads\/2019\/02\/siege-auto-besafe-izi-modular-rear-facing-plus-test.jpg 1050w\" sizes=\"(max-width: 100px) 100vw, 100px\" \/>BeSafe iZi Modular RF i-Size<\/a><\/center><\/td><td class=\"column-2\">i-Size (R129)<\/td><td class=\"column-3\">De 61 a 105 cm<br \/>\n(de 6 meses a 4 a\u00f1os aprox.)<\/td><td class=\"column-4\"><center><img loading=\"lazy\" decoding=\"async\" src=\"https:\/\/monsiegeautobebe.fr\/wp-content\/uploads\/2019\/03\/icon-no.png\" alt=\"\" width=\"16\" height=\"16\" class=\"aligncenter size-full wp-image-693\" \/><\/center><\/td><td class=\"column-5\"><a href=\"https:\/\/c3po.link\/QJYaQnUTTr\" rel=\"noopener nofollow noreferrer\" target=\"_blank\">Base iZi Modular i-Size<\/a> con puntal<\/td><td class=\"column-6\">Orientado hacia atr\u00e1s<\/td><td class=\"column-7\">VTI-0017<\/td><td class=\"column-8\"><\/td>\n<\/tr>\n<tr class=\"row-20\">\n\t<td class=\"column-1\"><center><a href=\"https:\/\/monsiegeautobebe.fr\/wp-content\/uploads\/2020\/07\/siege-auto-besafe-izi-modular-rear-facing-X1-plus-test.jpg\"><img loading=\"lazy\" decoding=\"async\" src=\"https:\/\/monsiegeautobebe.fr\/wp-content\/uploads\/2020\/07\/siege-auto-besafe-izi-modular-rear-facing-X1-plus-test-150x150.jpg\" alt=\"Silla de auto BeSafe iZi Modular RF X1\" width=\"100\" height=\"100\" class=\"aligncenter size-thumbnail wp-image-3025\" srcset=\"https:\/\/www.monsiegeautobebe.fr\/wp-content\/uploads\/2020\/07\/siege-auto-besafe-izi-modular-rear-facing-X1-plus-test-150x150.jpg 150w, https:\/\/www.monsiegeautobebe.fr\/wp-content\/uploads\/2020\/07\/siege-auto-besafe-izi-modular-rear-facing-X1-plus-test-300x300.jpg 300w, https:\/\/www.monsiegeautobebe.fr\/wp-content\/uploads\/2020\/07\/siege-auto-besafe-izi-modular-rear-facing-X1-plus-test-336x336.jpg 336w, https:\/\/www.monsiegeautobebe.fr\/wp-content\/uploads\/2020\/07\/siege-auto-besafe-izi-modular-rear-facing-X1-plus-test-600x600.jpg 600w, https:\/\/www.monsiegeautobebe.fr\/wp-content\/uploads\/2020\/07\/siege-auto-besafe-izi-modular-rear-facing-X1-plus-test-768x768.jpg 768w, https:\/\/www.monsiegeautobebe.fr\/wp-content\/uploads\/2020\/07\/siege-auto-besafe-izi-modular-rear-facing-X1-plus-test.jpg 1000w\" sizes=\"(max-width: 100px) 100vw, 100px\" \/>BeSafe iZi Modular RF X1 i-Size<\/a><\/center><\/td><td class=\"column-2\">i-Size (R129)<\/td><td class=\"column-3\">De 61 a 105 cm<br \/>\n(de 6 meses a 4 a\u00f1os aprox.)<\/td><td class=\"column-4\"><center><img loading=\"lazy\" decoding=\"async\" src=\"https:\/\/monsiegeautobebe.fr\/wp-content\/uploads\/2019\/03\/icon-no.png\" alt=\"\" width=\"16\" height=\"16\" class=\"aligncenter size-full wp-image-693\" \/><\/center><\/td><td class=\"column-5\"><a href=\"https:\/\/c3po.link\/QJYaQnUTTr\" rel=\"noopener nofollow noreferrer\" target=\"_blank\">Base iZi Modular i-Size<\/a> con puntal<\/td><td class=\"column-6\">Orientado hacia atr\u00e1s<\/td><td class=\"column-7\"><\/td><td class=\"column-8\"><a href=\"https:\/\/action.metaffiliation.com\/trk.php?mclic=P494DD5719952191&amp;redir=https%3A%2F%2Fwww.roseoubleu.fr%2Fbesafe-siege-auto-izi-modular-i-size-rf-x1-sea-green-melange-2020-a286993.html\" class=\"sc-button sc-button-default\" target=\"_blank\" rel=\"noopener\"><span>VER PRECIO<\/span><\/a><\/td>\n<\/tr>\n<tr class=\"row-21\">\n\t<td class=\"column-1\"><center><a href=\"https:\/\/monsiegeautobebe.fr\/wp-content\/uploads\/2022\/04\/besafe-izi-plus-plus-test.jpg\"><img loading=\"lazy\" decoding=\"async\" src=\"https:\/\/monsiegeautobebe.fr\/wp-content\/uploads\/2022\/04\/besafe-izi-plus-plus-test.jpg\" alt=\"besafe izi plus plus test\" width=\"100\" height=\"100\" class=\"aligncenter size-full wp-image-6149\" srcset=\"https:\/\/www.monsiegeautobebe.fr\/wp-content\/uploads\/2022\/04\/besafe-izi-plus-plus-test.jpg 1000w, https:\/\/www.monsiegeautobebe.fr\/wp-content\/uploads\/2022\/04\/besafe-izi-plus-plus-test-300x300.jpg 300w, https:\/\/www.monsiegeautobebe.fr\/wp-content\/uploads\/2022\/04\/besafe-izi-plus-plus-test-150x150.jpg 150w, https:\/\/www.monsiegeautobebe.fr\/wp-content\/uploads\/2022\/04\/besafe-izi-plus-plus-test-768x768.jpg 768w, https:\/\/www.monsiegeautobebe.fr\/wp-content\/uploads\/2022\/04\/besafe-izi-plus-plus-test-450x450.jpg 450w, https:\/\/www.monsiegeautobebe.fr\/wp-content\/uploads\/2022\/04\/besafe-izi-plus-plus-test-600x600.jpg 600w, https:\/\/www.monsiegeautobebe.fr\/wp-content\/uploads\/2022\/04\/besafe-izi-plus-plus-test-336x336.jpg 336w\" sizes=\"(max-width: 100px) 100vw, 100px\" \/>BeSafe iZi Plus<\/center><\/a><\/td><td class=\"column-2\">R44\/04<\/td><td class=\"column-3\">Grupo 0+\/1\/2<br \/>\n(Nacimiento - 25 kg)<\/td><td class=\"column-4\"><center><img loading=\"lazy\" decoding=\"async\" src=\"https:\/\/monsiegeautobebe.fr\/wp-content\/uploads\/2019\/03\/icon-no.png\" alt=\"\" width=\"16\" height=\"16\" class=\"aligncenter size-full wp-image-693\" \/><\/center><\/td><td class=\"column-5\">Cintur\u00f3n de seguridad con puntal <\/td><td class=\"column-6\">Orientado hacia atr\u00e1s<\/td><td class=\"column-7\">VTI-0010<\/td><td class=\"column-8\"><\/td>\n<\/tr>\n<tr class=\"row-22\">\n\t<td class=\"column-1\"><center><a href=\"https:\/\/monsiegeautobebe.fr\/wp-content\/uploads\/2019\/02\/siege-auto-besafe-izi-plus-plus-test.jpg\"><img loading=\"lazy\" decoding=\"async\" src=\"https:\/\/monsiegeautobebe.fr\/wp-content\/uploads\/2019\/02\/siege-auto-besafe-izi-plus-plus-test-150x150.jpg\" alt=\"Portabeb\u00e9s BeSafe iZi Plus X1 de la prueba Plus\" width=\"100\" height=\"100\" class=\"aligncenter size-thumbnail wp-image-473\" srcset=\"https:\/\/www.monsiegeautobebe.fr\/wp-content\/uploads\/2019\/02\/siege-auto-besafe-izi-plus-plus-test-150x150.jpg 150w, https:\/\/www.monsiegeautobebe.fr\/wp-content\/uploads\/2019\/02\/siege-auto-besafe-izi-plus-plus-test-300x300.jpg 300w, https:\/\/www.monsiegeautobebe.fr\/wp-content\/uploads\/2019\/02\/siege-auto-besafe-izi-plus-plus-test-768x768.jpg 768w, https:\/\/www.monsiegeautobebe.fr\/wp-content\/uploads\/2019\/02\/siege-auto-besafe-izi-plus-plus-test-450x450.jpg 450w, https:\/\/www.monsiegeautobebe.fr\/wp-content\/uploads\/2019\/02\/siege-auto-besafe-izi-plus-plus-test-600x600.jpg 600w, https:\/\/www.monsiegeautobebe.fr\/wp-content\/uploads\/2019\/02\/siege-auto-besafe-izi-plus-plus-test-336x336.jpg 336w, https:\/\/www.monsiegeautobebe.fr\/wp-content\/uploads\/2019\/02\/siege-auto-besafe-izi-plus-plus-test.jpg 1000w\" sizes=\"(max-width: 100px) 100vw, 100px\" \/>BeSafe iZi Plus X1<\/a><\/center><\/td><td class=\"column-2\">R44\/04<\/td><td class=\"column-3\">Grupo 0+\/1\/2<br \/>\n(Nacimiento - 25 kg)<\/td><td class=\"column-4\"><center><img loading=\"lazy\" decoding=\"async\" src=\"https:\/\/monsiegeautobebe.fr\/wp-content\/uploads\/2019\/03\/icon-no.png\" alt=\"\" width=\"16\" height=\"16\" class=\"aligncenter size-full wp-image-693\" \/><\/center><\/td><td class=\"column-5\">Cintur\u00f3n de seguridad con puntal <\/td><td class=\"column-6\">Orientado hacia atr\u00e1s<\/td><td class=\"column-7\">VTI-0010<\/td><td class=\"column-8\"><a href=\"https:\/\/action.metaffiliation.com\/trk.php?mclic=P494DD5719952191&amp;redir=https%3A%2F%2Fwww.roseoubleu.fr%2Fbesafe-siege-auto-izi-plus-x1-fresh-black-cab-a272732.html\" class=\"sc-button sc-button-default\" target=\"_blank\" rel=\"noopener\"><span>VER PRECIO<\/span><\/a><\/td>\n<\/tr>\n<tr class=\"row-23\">\n\t<td class=\"column-1\"><center><a href=\"https:\/\/monsiegeautobebe.fr\/wp-content\/uploads\/2019\/11\/siege-auto-besafe-izi-twist-i-size.jpg\"><img loading=\"lazy\" decoding=\"async\" src=\"https:\/\/monsiegeautobebe.fr\/wp-content\/uploads\/2019\/11\/siege-auto-besafe-izi-twist-i-size-150x150.jpg\" alt=\"Silla de auto BeSafe iZi Twist i-Size\" width=\"100\" height=\"100\" class=\"aligncenter size-thumbnail wp-image-1807\" srcset=\"https:\/\/www.monsiegeautobebe.fr\/wp-content\/uploads\/2019\/11\/siege-auto-besafe-izi-twist-i-size-150x150.jpg 150w, https:\/\/www.monsiegeautobebe.fr\/wp-content\/uploads\/2019\/11\/siege-auto-besafe-izi-twist-i-size-300x300.jpg 300w, https:\/\/www.monsiegeautobebe.fr\/wp-content\/uploads\/2019\/11\/siege-auto-besafe-izi-twist-i-size-336x336.jpg 336w, https:\/\/www.monsiegeautobebe.fr\/wp-content\/uploads\/2019\/11\/siege-auto-besafe-izi-twist-i-size-600x600.jpg 600w, https:\/\/www.monsiegeautobebe.fr\/wp-content\/uploads\/2019\/11\/siege-auto-besafe-izi-twist-i-size-768x768.jpg 768w, https:\/\/www.monsiegeautobebe.fr\/wp-content\/uploads\/2019\/11\/siege-auto-besafe-izi-twist-i-size.jpg 1000w\" sizes=\"(max-width: 100px) 100vw, 100px\" \/>BeSafe iZi Twist i-Size<\/a><\/center><\/td><td class=\"column-2\">i-Size (R129)<\/td><td class=\"column-3\">De 61 a 105 cm<br \/>\n(de 6 meses a 4 a\u00f1os aprox.)<\/td><td class=\"column-4\"><center><img loading=\"lazy\" decoding=\"async\" src=\"https:\/\/monsiegeautobebe.fr\/wp-content\/uploads\/2019\/03\/icon-yes.png\" alt=\"\" width=\"16\" height=\"16\" class=\"aligncenter size-full wp-image-693\" \/><\/center><\/td><td class=\"column-5\">ISOFIX con puntal<\/td><td class=\"column-6\">Orientado hacia atr\u00e1s<\/td><td class=\"column-7\">VTI-0025<\/td><td class=\"column-8\"><a href=\"https:\/\/action.metaffiliation.com\/trk.php?mclic=P494DD5719952191&amp;redir=https%3A%2F%2Fwww.roseoubleu.fr%2Fbesafe-siege-auto-pivotant-izi-twist-i-size-fresh-black-cab-a278580.html\" class=\"sc-button sc-button-default\" target=\"_blank\" rel=\"noopener\"><span>VER PRECIO<\/span><\/a><\/td>\n<\/tr>\n<tr class=\"row-24\">\n\t<td class=\"column-1\"><center><a href=\"https:\/\/monsiegeautobebe.fr\/wp-content\/uploads\/2019\/11\/siege-auto-besafe-izi-twist-b-i-size.jpg\"><img loading=\"lazy\" decoding=\"async\" src=\"https:\/\/monsiegeautobebe.fr\/wp-content\/uploads\/2019\/11\/siege-auto-besafe-izi-twist-b-i-size-150x150.jpg\" alt=\"Silla de auto BeSafe iZi Twist B i-Size\" width=\"100\" height=\"100\" class=\"aligncenter size-thumbnail wp-image-1806\" srcset=\"https:\/\/www.monsiegeautobebe.fr\/wp-content\/uploads\/2019\/11\/siege-auto-besafe-izi-twist-b-i-size-150x150.jpg 150w, https:\/\/www.monsiegeautobebe.fr\/wp-content\/uploads\/2019\/11\/siege-auto-besafe-izi-twist-b-i-size-300x300.jpg 300w, https:\/\/www.monsiegeautobebe.fr\/wp-content\/uploads\/2019\/11\/siege-auto-besafe-izi-twist-b-i-size-336x336.jpg 336w, https:\/\/www.monsiegeautobebe.fr\/wp-content\/uploads\/2019\/11\/siege-auto-besafe-izi-twist-b-i-size-600x600.jpg 600w, https:\/\/www.monsiegeautobebe.fr\/wp-content\/uploads\/2019\/11\/siege-auto-besafe-izi-twist-b-i-size-768x768.jpg 768w, https:\/\/www.monsiegeautobebe.fr\/wp-content\/uploads\/2019\/11\/siege-auto-besafe-izi-twist-b-i-size.jpg 1000w\" sizes=\"(max-width: 100px) 100vw, 100px\" \/>BeSafe iZi Twist B i-Size<\/a><\/center><\/td><td class=\"column-2\">i-Size (R129)<\/td><td class=\"column-3\">Desde el nacimiento hasta 105 cm<br \/>\n(aprox. 4 a\u00f1os)<\/td><td class=\"column-4\"><center><img loading=\"lazy\" decoding=\"async\" src=\"https:\/\/monsiegeautobebe.fr\/wp-content\/uploads\/2019\/03\/icon-yes.png\" alt=\"\" width=\"16\" height=\"16\" class=\"aligncenter size-full wp-image-693\" \/><\/center><\/td><td class=\"column-5\">ISOFIX con puntal<\/td><td class=\"column-6\">Orientado hacia atr\u00e1s<\/td><td class=\"column-7\">VTI-0027<\/td><td class=\"column-8\"><a href=\"https:\/\/action.metaffiliation.com\/trk.php?mclic=P494DD5719952191&amp;redir=https%3A%2F%2Fwww.roseoubleu.fr%2Fbesafe-siege-auto-pivotant-izi-twist-b-i-size-fresh-black-cab-a278661.html\" class=\"sc-button sc-button-default\" target=\"_blank\" rel=\"noopener\"><span>VER PRECIO<\/span><\/a><\/td>\n<\/tr>\n<tr class=\"row-25\">\n\t<td class=\"column-1\"><center><a href=\"https:\/\/monsiegeautobebe.fr\/wp-content\/uploads\/2022\/04\/besafe-stretch-plus-test.jpg\"><img loading=\"lazy\" decoding=\"async\" src=\"https:\/\/monsiegeautobebe.fr\/wp-content\/uploads\/2022\/04\/besafe-stretch-plus-test.jpg\" alt=\"prueba besafe stretch plus\" width=\"100\" height=\"100\" class=\"aligncenter size-full wp-image-6144\" srcset=\"https:\/\/www.monsiegeautobebe.fr\/wp-content\/uploads\/2022\/04\/besafe-stretch-plus-test.jpg 1000w, https:\/\/www.monsiegeautobebe.fr\/wp-content\/uploads\/2022\/04\/besafe-stretch-plus-test-300x300.jpg 300w, https:\/\/www.monsiegeautobebe.fr\/wp-content\/uploads\/2022\/04\/besafe-stretch-plus-test-150x150.jpg 150w, https:\/\/www.monsiegeautobebe.fr\/wp-content\/uploads\/2022\/04\/besafe-stretch-plus-test-768x768.jpg 768w, https:\/\/www.monsiegeautobebe.fr\/wp-content\/uploads\/2022\/04\/besafe-stretch-plus-test-450x450.jpg 450w, https:\/\/www.monsiegeautobebe.fr\/wp-content\/uploads\/2022\/04\/besafe-stretch-plus-test-600x600.jpg 600w, https:\/\/www.monsiegeautobebe.fr\/wp-content\/uploads\/2022\/04\/besafe-stretch-plus-test-336x336.jpg 336w\" sizes=\"(max-width: 100px) 100vw, 100px\" \/>Estiramiento BeSafe<\/a><\/center><\/td><td class=\"column-2\">i-Size (R129)<\/td><td class=\"column-3\">61 a 125 cm<br \/>\n(de 6 meses a 7 a\u00f1os aprox.)<\/td><td class=\"column-4\"><center><img loading=\"lazy\" decoding=\"async\" src=\"https:\/\/monsiegeautobebe.fr\/wp-content\/uploads\/2019\/03\/icon-no.png\" alt=\"\" width=\"16\" height=\"16\" class=\"aligncenter size-full wp-image-693\" \/><\/center><\/td><td class=\"column-5\">Cintur\u00f3n con tirantes y correas de sujeci\u00f3n<\/td><td class=\"column-6\">Orientado hacia atr\u00e1s<\/td><td class=\"column-7\">VTI-0040<\/td><td class=\"column-8\"><\/td>\n<\/tr>\n<tr class=\"row-26\">\n\t<td class=\"column-1\"><center><a href=\"https:\/\/monsiegeautobebe.fr\/wp-content\/uploads\/2019\/02\/siege-auto-biltema-39-810-plus-test.jpg\"><img loading=\"lazy\" decoding=\"async\" src=\"https:\/\/monsiegeautobebe.fr\/wp-content\/uploads\/2019\/02\/siege-auto-biltema-39-810-plus-test-150x150.jpg\" alt=\"Silla de auto Biltema 39-810 Plus Test\" width=\"100\" height=\"100\" class=\"aligncenter size-thumbnail wp-image-474\" srcset=\"https:\/\/www.monsiegeautobebe.fr\/wp-content\/uploads\/2019\/02\/siege-auto-biltema-39-810-plus-test-150x150.jpg 150w, https:\/\/www.monsiegeautobebe.fr\/wp-content\/uploads\/2019\/02\/siege-auto-biltema-39-810-plus-test-300x300.jpg 300w, https:\/\/www.monsiegeautobebe.fr\/wp-content\/uploads\/2019\/02\/siege-auto-biltema-39-810-plus-test-336x336.jpg 336w, https:\/\/www.monsiegeautobebe.fr\/wp-content\/uploads\/2019\/02\/siege-auto-biltema-39-810-plus-test-600x600.jpg 600w, https:\/\/www.monsiegeautobebe.fr\/wp-content\/uploads\/2019\/02\/siege-auto-biltema-39-810-plus-test-768x768.jpg 768w, https:\/\/www.monsiegeautobebe.fr\/wp-content\/uploads\/2019\/02\/siege-auto-biltema-39-810-plus-test-1024x1024.jpg 1024w, https:\/\/www.monsiegeautobebe.fr\/wp-content\/uploads\/2019\/02\/siege-auto-biltema-39-810-plus-test.jpg 1050w\" sizes=\"(max-width: 100px) 100vw, 100px\" \/>Biltema 39-810<\/a><\/center><\/td><td class=\"column-2\">R44\/04<\/td><td class=\"column-3\">Grupo 0+\/1<br \/>\n(Nacimiento - 18 kg)<\/td><td class=\"column-4\"><center><img loading=\"lazy\" decoding=\"async\" src=\"https:\/\/monsiegeautobebe.fr\/wp-content\/uploads\/2019\/03\/icon-no.png\" alt=\"\" width=\"16\" height=\"16\" class=\"aligncenter size-full wp-image-693\" \/><\/center><\/td><td class=\"column-5\">Cintur\u00f3n con tirantes y correas de sujeci\u00f3n<\/td><td class=\"column-6\">Orientado hacia atr\u00e1s<\/td><td class=\"column-7\"><\/td><td class=\"column-8\"><\/td>\n<\/tr>\n<tr class=\"row-27\">\n\t<td class=\"column-1\"><center><a href=\"https:\/\/monsiegeautobebe.fr\/wp-content\/uploads\/2019\/02\/siege-auto-britax-max-fix-2-plus-test.jpg\"><img loading=\"lazy\" decoding=\"async\" src=\"https:\/\/monsiegeautobebe.fr\/wp-content\/uploads\/2019\/02\/siege-auto-britax-max-fix-2-plus-test-150x150.jpg\" alt=\"Silla de auto Britax Max Fix 2 Plus Test holder\" width=\"100\" height=\"100\" class=\"aligncenter size-thumbnail wp-image-475\" srcset=\"https:\/\/www.monsiegeautobebe.fr\/wp-content\/uploads\/2019\/02\/siege-auto-britax-max-fix-2-plus-test-150x150.jpg 150w, https:\/\/www.monsiegeautobebe.fr\/wp-content\/uploads\/2019\/02\/siege-auto-britax-max-fix-2-plus-test-300x300.jpg 300w, https:\/\/www.monsiegeautobebe.fr\/wp-content\/uploads\/2019\/02\/siege-auto-britax-max-fix-2-plus-test-336x336.jpg 336w, https:\/\/www.monsiegeautobebe.fr\/wp-content\/uploads\/2019\/02\/siege-auto-britax-max-fix-2-plus-test-600x600.jpg 600w, https:\/\/www.monsiegeautobebe.fr\/wp-content\/uploads\/2019\/02\/siege-auto-britax-max-fix-2-plus-test-768x768.jpg 768w, https:\/\/www.monsiegeautobebe.fr\/wp-content\/uploads\/2019\/02\/siege-auto-britax-max-fix-2-plus-test-1024x1024.jpg 1024w, https:\/\/www.monsiegeautobebe.fr\/wp-content\/uploads\/2019\/02\/siege-auto-britax-max-fix-2-plus-test.jpg 1050w\" sizes=\"(max-width: 100px) 100vw, 100px\" \/>Britax R\u00f6mer Max-Fix | Max-Fix 2<\/a><\/center><\/td><td class=\"column-2\">R44\/04<\/td><td class=\"column-3\">Grupo 0+\/1<br \/>\n(Nacimiento - 18 kg)<\/td><td class=\"column-4\"><center><img loading=\"lazy\" decoding=\"async\" src=\"https:\/\/monsiegeautobebe.fr\/wp-content\/uploads\/2019\/03\/icon-no.png\" alt=\"\" width=\"16\" height=\"16\" class=\"aligncenter size-full wp-image-693\" \/><\/center><\/td><td class=\"column-5\">ISOFIX con puntal<\/td><td class=\"column-6\">Orientado hacia atr\u00e1s<\/td><td class=\"column-7\">VTI-0009<\/td><td class=\"column-8\"><a href=\"https:\/\/amzn.to\/2to1DwN\" class=\"sc-button sc-button-default\" target=\"_blank\" rel=\"noopener\"><span>VER PRECIO<\/span><\/a><\/td>\n<\/tr>\n<tr class=\"row-28\">\n\t<td class=\"column-1\"><center><a href=\"https:\/\/monsiegeautobebe.fr\/wp-content\/uploads\/2022\/04\/britax-hi-way-plus-test.jpg\"><img loading=\"lazy\" decoding=\"async\" src=\"https:\/\/monsiegeautobebe.fr\/wp-content\/uploads\/2022\/04\/britax-hi-way-plus-test.jpg\" alt=\"prueba britax hi way plus\" width=\"100\" height=\"100\" class=\"aligncenter size-full wp-image-6140\" srcset=\"https:\/\/www.monsiegeautobebe.fr\/wp-content\/uploads\/2022\/04\/britax-hi-way-plus-test.jpg 1000w, https:\/\/www.monsiegeautobebe.fr\/wp-content\/uploads\/2022\/04\/britax-hi-way-plus-test-300x300.jpg 300w, https:\/\/www.monsiegeautobebe.fr\/wp-content\/uploads\/2022\/04\/britax-hi-way-plus-test-150x150.jpg 150w, https:\/\/www.monsiegeautobebe.fr\/wp-content\/uploads\/2022\/04\/britax-hi-way-plus-test-768x768.jpg 768w, https:\/\/www.monsiegeautobebe.fr\/wp-content\/uploads\/2022\/04\/britax-hi-way-plus-test-450x450.jpg 450w, https:\/\/www.monsiegeautobebe.fr\/wp-content\/uploads\/2022\/04\/britax-hi-way-plus-test-600x600.jpg 600w, https:\/\/www.monsiegeautobebe.fr\/wp-content\/uploads\/2022\/04\/britax-hi-way-plus-test-336x336.jpg 336w\" sizes=\"(max-width: 100px) 100vw, 100px\" \/>Britax R\u00f6mer Hi-Way<\/center><\/a><\/td><td class=\"column-2\">R44\/04<\/td><td class=\"column-3\">Grupo 0+\/1\/2<br \/>\n(Nacimiento - 25 kg)<\/td><td class=\"column-4\"><center><img loading=\"lazy\" decoding=\"async\" src=\"https:\/\/monsiegeautobebe.fr\/wp-content\/uploads\/2019\/03\/icon-no.png\" alt=\"\" width=\"16\" height=\"16\" class=\"aligncenter size-full wp-image-693\" \/><\/center><\/td><td class=\"column-5\">Cintur\u00f3n con tirantes y correas de sujeci\u00f3n<\/td><td class=\"column-6\">Orientado hacia atr\u00e1s<\/td><td class=\"column-7\">VTI-0004<\/td><td class=\"column-8\"><\/td>\n<\/tr>\n<tr class=\"row-29\">\n\t<td class=\"column-1\"><center><a href=\"https:\/\/monsiegeautobebe.fr\/wp-content\/uploads\/2019\/11\/siege-auto-britax-romer-hi-way-ii.jpg\"><img loading=\"lazy\" decoding=\"async\" src=\"https:\/\/monsiegeautobebe.fr\/wp-content\/uploads\/2019\/11\/siege-auto-britax-romer-hi-way-ii-150x150.jpg\" alt=\"Silla de auto Britax R\u00f6mer Hi-Way II\" width=\"100\" height=\"100\" class=\"aligncenter size-thumbnail wp-image-1808\" srcset=\"https:\/\/www.monsiegeautobebe.fr\/wp-content\/uploads\/2019\/11\/siege-auto-britax-romer-hi-way-ii-150x150.jpg 150w, https:\/\/www.monsiegeautobebe.fr\/wp-content\/uploads\/2019\/11\/siege-auto-britax-romer-hi-way-ii-300x300.jpg 300w, https:\/\/www.monsiegeautobebe.fr\/wp-content\/uploads\/2019\/11\/siege-auto-britax-romer-hi-way-ii-336x336.jpg 336w, https:\/\/www.monsiegeautobebe.fr\/wp-content\/uploads\/2019\/11\/siege-auto-britax-romer-hi-way-ii-600x600.jpg 600w, https:\/\/www.monsiegeautobebe.fr\/wp-content\/uploads\/2019\/11\/siege-auto-britax-romer-hi-way-ii-768x768.jpg 768w, https:\/\/www.monsiegeautobebe.fr\/wp-content\/uploads\/2019\/11\/siege-auto-britax-romer-hi-way-ii.jpg 1000w\" sizes=\"(max-width: 100px) 100vw, 100px\" \/>Britax R\u00f6mer Hi-Way II<\/a><\/center><\/td><td class=\"column-2\">R44\/04<\/td><td class=\"column-3\">Grupo 0+\/1\/2<br \/>\n(Nacimiento - 25 kg)<\/td><td class=\"column-4\"><center><img loading=\"lazy\" decoding=\"async\" src=\"https:\/\/monsiegeautobebe.fr\/wp-content\/uploads\/2019\/03\/icon-no.png\" alt=\"\" width=\"16\" height=\"16\" class=\"aligncenter size-full wp-image-693\" \/><\/center><\/td><td class=\"column-5\">Cintur\u00f3n con tirantes y correas de sujeci\u00f3n<\/td><td class=\"column-6\">Orientado hacia atr\u00e1s<\/td><td class=\"column-7\">VTI-0006<\/td><td class=\"column-8\"><\/td>\n<\/tr>\n<tr class=\"row-30\">\n\t<td class=\"column-1\"><center><a href=\"https:\/\/monsiegeautobebe.fr\/wp-content\/uploads\/2022\/04\/britax-max-way-plus-test.jpg\"><img loading=\"lazy\" decoding=\"async\" src=\"https:\/\/monsiegeautobebe.fr\/wp-content\/uploads\/2022\/04\/britax-max-way-plus-test.jpg\" alt=\"prueba britax max way plus\" width=\"100\" height=\"100\" class=\"aligncenter size-full wp-image-6150\" srcset=\"https:\/\/www.monsiegeautobebe.fr\/wp-content\/uploads\/2022\/04\/britax-max-way-plus-test.jpg 1000w, https:\/\/www.monsiegeautobebe.fr\/wp-content\/uploads\/2022\/04\/britax-max-way-plus-test-300x300.jpg 300w, https:\/\/www.monsiegeautobebe.fr\/wp-content\/uploads\/2022\/04\/britax-max-way-plus-test-150x150.jpg 150w, https:\/\/www.monsiegeautobebe.fr\/wp-content\/uploads\/2022\/04\/britax-max-way-plus-test-768x768.jpg 768w, https:\/\/www.monsiegeautobebe.fr\/wp-content\/uploads\/2022\/04\/britax-max-way-plus-test-450x450.jpg 450w, https:\/\/www.monsiegeautobebe.fr\/wp-content\/uploads\/2022\/04\/britax-max-way-plus-test-600x600.jpg 600w, https:\/\/www.monsiegeautobebe.fr\/wp-content\/uploads\/2022\/04\/britax-max-way-plus-test-336x336.jpg 336w\" sizes=\"(max-width: 100px) 100vw, 100px\" \/>Britax R\u00f6mer Max-Way<\/center><\/a><\/td><td class=\"column-2\">R44\/04<\/td><td class=\"column-3\">Grupo 1\/2<br \/>\n(9 - 25 kg)<\/td><td class=\"column-4\"><center><img loading=\"lazy\" decoding=\"async\" src=\"https:\/\/monsiegeautobebe.fr\/wp-content\/uploads\/2019\/03\/icon-no.png\" alt=\"\" width=\"16\" height=\"16\" class=\"aligncenter size-full wp-image-693\" \/><\/center><\/td><td class=\"column-5\">Cintur\u00f3n con tirantes y correas de sujeci\u00f3n<\/td><td class=\"column-6\">Orientado hacia atr\u00e1s<\/td><td class=\"column-7\">VTI-0007<\/td><td class=\"column-8\"><a href=\"https:\/\/tidd.ly\/3MxuJAf\" class=\"sc-button sc-button-default\" target=\"_blank\" rel=\"noopener\"><span>VER PRECIO<\/span><\/a><\/td>\n<\/tr>\n<tr class=\"row-31\">\n\t<td class=\"column-1\"><center><a href=\"https:\/\/monsiegeautobebe.fr\/wp-content\/uploads\/2019\/03\/siege-auto-britax-max-way-plus-plus-test.jpg\"><img loading=\"lazy\" decoding=\"async\" src=\"https:\/\/monsiegeautobebe.fr\/wp-content\/uploads\/2019\/03\/siege-auto-britax-max-way-plus-plus-test-150x150.jpg\" alt=\"Silla de auto Britax Max-Way Plus certificada por Plus Test\" width=\"100\" height=\"100\" class=\"aligncenter size-thumbnail wp-image-476\" \/>Britax R\u00f6mer Max-Way Plus<\/a><\/center><\/td><td class=\"column-2\">R44\/04<\/td><td class=\"column-3\">Grupo 1\/2<br \/>\n(9 - 25 kg)<\/td><td class=\"column-4\"><center><img loading=\"lazy\" decoding=\"async\" src=\"https:\/\/monsiegeautobebe.fr\/wp-content\/uploads\/2019\/03\/icon-no.png\" alt=\"\" width=\"16\" height=\"16\" class=\"aligncenter size-full wp-image-693\" \/><\/center><\/td><td class=\"column-5\">Cintur\u00f3n de seguridad con tirantes y correas de sujeci\u00f3n<\/td><td class=\"column-6\">Orientado hacia atr\u00e1s<\/td><td class=\"column-7\">VTI-0007<\/td><td class=\"column-8\"><a href=\"https:\/\/tidd.ly\/3OHZ1lv\" class=\"sc-button sc-button-default\" target=\"_blank\" rel=\"noopener\"><span>VER PRECIO<\/span><\/a><\/td>\n<\/tr>\n<tr class=\"row-32\">\n\t<td class=\"column-1\"><center><a href=\"https:\/\/monsiegeautobebe.fr\/wp-content\/uploads\/2019\/02\/siege-auto-britax-swingfix-plus-test.jpg\"><img loading=\"lazy\" decoding=\"async\" src=\"https:\/\/monsiegeautobebe.fr\/wp-content\/uploads\/2019\/02\/siege-auto-britax-swingfix-plus-test-150x150.jpg\" alt=\"Silla de auto Britax Swingfix certificada por Plus Test\" width=\"100\" height=\"100\" class=\"aligncenter size-thumbnail wp-image-478\" srcset=\"https:\/\/www.monsiegeautobebe.fr\/wp-content\/uploads\/2019\/02\/siege-auto-britax-swingfix-plus-test-150x150.jpg 150w, https:\/\/www.monsiegeautobebe.fr\/wp-content\/uploads\/2019\/02\/siege-auto-britax-swingfix-plus-test-300x300.jpg 300w, https:\/\/www.monsiegeautobebe.fr\/wp-content\/uploads\/2019\/02\/siege-auto-britax-swingfix-plus-test-336x336.jpg 336w, https:\/\/www.monsiegeautobebe.fr\/wp-content\/uploads\/2019\/02\/siege-auto-britax-swingfix-plus-test-600x600.jpg 600w, https:\/\/www.monsiegeautobebe.fr\/wp-content\/uploads\/2019\/02\/siege-auto-britax-swingfix-plus-test-768x768.jpg 768w, https:\/\/www.monsiegeautobebe.fr\/wp-content\/uploads\/2019\/02\/siege-auto-britax-swingfix-plus-test-1024x1024.jpg 1024w, https:\/\/www.monsiegeautobebe.fr\/wp-content\/uploads\/2019\/02\/siege-auto-britax-swingfix-plus-test.jpg 1050w\" sizes=\"(max-width: 100px) 100vw, 100px\" \/>Britax R\u00f6mer Swingfix i-Size<\/a><\/center><\/td><td class=\"column-2\">i-Size (R129)<\/td><td class=\"column-3\">Desde el nacimiento hasta 105 cm<br \/>\n(aprox. 4 a\u00f1os)<\/td><td class=\"column-4\"><center><img loading=\"lazy\" decoding=\"async\" src=\"https:\/\/monsiegeautobebe.fr\/wp-content\/uploads\/2019\/03\/icon-yes.png\" alt=\"\" width=\"16\" height=\"16\" class=\"aligncenter size-full wp-image-693\" \/><\/center><\/td><td class=\"column-5\">ISOFIX con puntal<\/td><td class=\"column-6\">Orientado hacia atr\u00e1s<\/td><td class=\"column-7\">VTI-0021<\/td><td class=\"column-8\"><a href=\"https:\/\/amzn.to\/2GkCz27\" class=\"sc-button sc-button-default\" target=\"_blank\" rel=\"noopener\"><span>VER PRECIO<\/span><\/a><br \/>\n<br \/>\n<\/td>\n<\/tr>\n<tr class=\"row-33\">\n\t<td class=\"column-1\"><center><a href=\"https:\/\/monsiegeautobebe.fr\/wp-content\/uploads\/2019\/02\/siege-auto-britax-swingfix-m-plus-test.jpg\"><img loading=\"lazy\" decoding=\"async\" src=\"https:\/\/monsiegeautobebe.fr\/wp-content\/uploads\/2019\/02\/siege-auto-britax-swingfix-m-plus-test-150x150.jpg\" alt=\"Silla de auto Britax Swingfix M Plus Test holder\" width=\"100\" height=\"100\" class=\"aligncenter size-thumbnail wp-image-477\" srcset=\"https:\/\/www.monsiegeautobebe.fr\/wp-content\/uploads\/2019\/02\/siege-auto-britax-swingfix-m-plus-test-150x150.jpg 150w, https:\/\/www.monsiegeautobebe.fr\/wp-content\/uploads\/2019\/02\/siege-auto-britax-swingfix-m-plus-test-300x300.jpg 300w, https:\/\/www.monsiegeautobebe.fr\/wp-content\/uploads\/2019\/02\/siege-auto-britax-swingfix-m-plus-test-336x336.jpg 336w, https:\/\/www.monsiegeautobebe.fr\/wp-content\/uploads\/2019\/02\/siege-auto-britax-swingfix-m-plus-test-600x600.jpg 600w, https:\/\/www.monsiegeautobebe.fr\/wp-content\/uploads\/2019\/02\/siege-auto-britax-swingfix-m-plus-test-768x768.jpg 768w, https:\/\/www.monsiegeautobebe.fr\/wp-content\/uploads\/2019\/02\/siege-auto-britax-swingfix-m-plus-test-1024x1024.jpg 1024w, https:\/\/www.monsiegeautobebe.fr\/wp-content\/uploads\/2019\/02\/siege-auto-britax-swingfix-m-plus-test.jpg 1050w\" sizes=\"(max-width: 100px) 100vw, 100px\" \/>Britax R\u00f6mer Swingfix M i-Size<\/a><\/center><\/td><td class=\"column-2\">i-Size (R129)<\/td><td class=\"column-3\">61 a 105 cm<br \/>\n(de 3 meses a 4 a\u00f1os aprox.)<\/td><td class=\"column-4\"><center><img loading=\"lazy\" decoding=\"async\" src=\"https:\/\/monsiegeautobebe.fr\/wp-content\/uploads\/2019\/03\/icon-yes.png\" alt=\"\" width=\"16\" height=\"16\" class=\"aligncenter size-full wp-image-693\" \/><\/center><\/td><td class=\"column-5\">ISOFIX con puntal<\/td><td class=\"column-6\">Orientado hacia atr\u00e1s<\/td><td class=\"column-7\">VTI-0024<\/td><td class=\"column-8\"><a href=\"https:\/\/tidd.ly\/3vn6Ntz\" class=\"sc-button sc-button-default\" target=\"_blank\" rel=\"noopener\"><span>VER PRECIO<\/span><\/a><\/td>\n<\/tr>\n<tr class=\"row-34\">\n\t<td class=\"column-1\"><center><a href=\"https:\/\/monsiegeautobebe.fr\/wp-content\/uploads\/2019\/02\/siege-auto-concord-reverso-plus-plus-test.jpg\"><img loading=\"lazy\" decoding=\"async\" src=\"https:\/\/monsiegeautobebe.fr\/wp-content\/uploads\/2019\/02\/siege-auto-concord-reverso-plus-plus-test-150x150.jpg\" alt=\"Silla de auto Concord Reverso Plus certificada por Plus Test\" width=\"100\" height=\"100\" class=\"aligncenter size-thumbnail wp-image-479\" srcset=\"https:\/\/www.monsiegeautobebe.fr\/wp-content\/uploads\/2019\/02\/siege-auto-concord-reverso-plus-plus-test-150x150.jpg 150w, https:\/\/www.monsiegeautobebe.fr\/wp-content\/uploads\/2019\/02\/siege-auto-concord-reverso-plus-plus-test-300x300.jpg 300w, https:\/\/www.monsiegeautobebe.fr\/wp-content\/uploads\/2019\/02\/siege-auto-concord-reverso-plus-plus-test-336x336.jpg 336w, https:\/\/www.monsiegeautobebe.fr\/wp-content\/uploads\/2019\/02\/siege-auto-concord-reverso-plus-plus-test-600x600.jpg 600w, https:\/\/www.monsiegeautobebe.fr\/wp-content\/uploads\/2019\/02\/siege-auto-concord-reverso-plus-plus-test-768x768.jpg 768w, https:\/\/www.monsiegeautobebe.fr\/wp-content\/uploads\/2019\/02\/siege-auto-concord-reverso-plus-plus-test-1024x1024.jpg 1024w, https:\/\/www.monsiegeautobebe.fr\/wp-content\/uploads\/2019\/02\/siege-auto-concord-reverso-plus-plus-test.jpg 1050w\" sizes=\"(max-width: 100px) 100vw, 100px\" \/>Concord Reverso Plus i-Size<\/a><\/center><\/td><td class=\"column-2\">i-Size (R129)<\/td><td class=\"column-3\">Desde el nacimiento hasta 105 cm<br \/>\n(aprox. 4 a\u00f1os)<\/td><td class=\"column-4\"><center><img loading=\"lazy\" decoding=\"async\" src=\"https:\/\/monsiegeautobebe.fr\/wp-content\/uploads\/2019\/03\/icon-no.png\" alt=\"\" width=\"16\" height=\"16\" class=\"aligncenter size-full wp-image-693\" \/><\/center><\/td><td class=\"column-5\">ISOFIX con puntal<\/td><td class=\"column-6\">Orientado hacia atr\u00e1s<\/td><td class=\"column-7\">VTI-0016<\/td><td class=\"column-8\"><a href=\"https:\/\/action.metaffiliation.com\/trk.php?mclic=P494DD5719952191&amp;redir=https%3A%2F%2Fwww.roseoubleu.fr%2Fconcord-siege-auto-reverso-plus-i-size-soft-black-a332059.html\" class=\"sc-button sc-button-default\" target=\"_blank\" rel=\"noopener\"><span>VER PRECIO<\/span><\/a><\/td>\n<\/tr>\n<tr class=\"row-35\">\n\t<td class=\"column-1\"><center><a href=\"https:\/\/monsiegeautobebe.fr\/wp-content\/uploads\/2022\/04\/jane-concord-reverso-iplus-plus-test.jpg\"><img loading=\"lazy\" decoding=\"async\" src=\"https:\/\/monsiegeautobebe.fr\/wp-content\/uploads\/2022\/04\/jane-concord-reverso-iplus-plus-test.jpg\" alt=\"jane concord reverso iplus plus test\" width=\"100\" height=\"100\" class=\"aligncenter size-full wp-image-6145\" srcset=\"https:\/\/www.monsiegeautobebe.fr\/wp-content\/uploads\/2022\/04\/jane-concord-reverso-iplus-plus-test.jpg 1000w, https:\/\/www.monsiegeautobebe.fr\/wp-content\/uploads\/2022\/04\/jane-concord-reverso-iplus-plus-test-300x300.jpg 300w, https:\/\/www.monsiegeautobebe.fr\/wp-content\/uploads\/2022\/04\/jane-concord-reverso-iplus-plus-test-150x150.jpg 150w, https:\/\/www.monsiegeautobebe.fr\/wp-content\/uploads\/2022\/04\/jane-concord-reverso-iplus-plus-test-768x768.jpg 768w, https:\/\/www.monsiegeautobebe.fr\/wp-content\/uploads\/2022\/04\/jane-concord-reverso-iplus-plus-test-450x450.jpg 450w, https:\/\/www.monsiegeautobebe.fr\/wp-content\/uploads\/2022\/04\/jane-concord-reverso-iplus-plus-test-600x600.jpg 600w, https:\/\/www.monsiegeautobebe.fr\/wp-content\/uploads\/2022\/04\/jane-concord-reverso-iplus-plus-test-336x336.jpg 336w\" sizes=\"(max-width: 100px) 100vw, 100px\" \/>Jan\u00e9 Concord Reverso iPlus<\/a><\/center><\/td><td class=\"column-2\">i-Size (R129)<\/td><td class=\"column-3\">Desde el nacimiento hasta 105 cm<br \/>\n(aprox. 4 a\u00f1os)<\/td><td class=\"column-4\"><center><img loading=\"lazy\" decoding=\"async\" src=\"https:\/\/monsiegeautobebe.fr\/wp-content\/uploads\/2019\/03\/icon-no.png\" alt=\"\" width=\"16\" height=\"16\" class=\"aligncenter size-full wp-image-693\" \/><\/center><\/td><td class=\"column-5\">ISOFIX con puntal<\/td><td class=\"column-6\">Orientado hacia atr\u00e1s<\/td><td class=\"column-7\"><\/td><td class=\"column-8\"><\/td>\n<\/tr>\n<tr class=\"row-36\">\n\t<td class=\"column-1\"><center><a href=\"https:\/\/monsiegeautobebe.fr\/wp-content\/uploads\/2022\/04\/graco-ascent-plus-test.jpg\"><img loading=\"lazy\" decoding=\"async\" src=\"https:\/\/monsiegeautobebe.fr\/wp-content\/uploads\/2022\/04\/graco-ascent-plus-test.jpg\" alt=\"prueba graco ascent plus\" width=\"100\" height=\"100\" class=\"aligncenter size-full wp-image-6141\" srcset=\"https:\/\/www.monsiegeautobebe.fr\/wp-content\/uploads\/2022\/04\/graco-ascent-plus-test.jpg 1000w, https:\/\/www.monsiegeautobebe.fr\/wp-content\/uploads\/2022\/04\/graco-ascent-plus-test-300x300.jpg 300w, https:\/\/www.monsiegeautobebe.fr\/wp-content\/uploads\/2022\/04\/graco-ascent-plus-test-150x150.jpg 150w, https:\/\/www.monsiegeautobebe.fr\/wp-content\/uploads\/2022\/04\/graco-ascent-plus-test-768x768.jpg 768w, https:\/\/www.monsiegeautobebe.fr\/wp-content\/uploads\/2022\/04\/graco-ascent-plus-test-450x450.jpg 450w, https:\/\/www.monsiegeautobebe.fr\/wp-content\/uploads\/2022\/04\/graco-ascent-plus-test-600x600.jpg 600w, https:\/\/www.monsiegeautobebe.fr\/wp-content\/uploads\/2022\/04\/graco-ascent-plus-test-336x336.jpg 336w\" sizes=\"(max-width: 100px) 100vw, 100px\" \/>Graco Ascent<\/a><\/center><\/td><td class=\"column-2\">i-Size (R129)<\/td><td class=\"column-3\">Desde el nacimiento hasta 105 cm<br \/>\n(aprox. 4 a\u00f1os)<\/td><td class=\"column-4\"><center><img loading=\"lazy\" decoding=\"async\" src=\"https:\/\/monsiegeautobebe.fr\/wp-content\/uploads\/2019\/03\/icon-no.png\" alt=\"\" width=\"16\" height=\"16\" class=\"aligncenter size-full wp-image-693\" \/><\/center><\/td><td class=\"column-5\"><a href=\"https:\/\/action.metaffiliation.com\/trk.php?mclic=P494DD5719952191&amp;redir=https%3A%2F%2Fwww.roseoubleu.fr%2Fgraco-base-de-siege-auto-isofamily-i-size-black-a343721.html\" target=\"_blank\" rel=\"nofollow noopener\">IsoFamily i-Size base<\/a><\/td><td class=\"column-6\">Orientado hacia atr\u00e1s<\/td><td class=\"column-7\">VTI-0036<\/td><td class=\"column-8\"><a href=\"https:\/\/gracobaby.eu\/fr\/ascent\" class=\"sc-button sc-button-default\" target=\"_blank\" rel=\"noopener\"><span>VER PRECIO<\/span><\/a><\/td>\n<\/tr>\n<tr class=\"row-37\">\n\t<td class=\"column-1\"><center><a href=\"https:\/\/monsiegeautobebe.fr\/wp-content\/uploads\/2020\/11\/siege-auto-joie-i-spin-safe-plus-test.jpg\"><img loading=\"lazy\" decoding=\"async\" src=\"https:\/\/monsiegeautobebe.fr\/wp-content\/uploads\/2020\/11\/siege-auto-joie-i-spin-safe-plus-test-150x150.jpg\" alt=\"Silla de auto giratoria Joie i-Spin Safe homologada Plus Test\" width=\"100\" height=\"100\" class=\"aligncenter size-thumbnail wp-image-3348\" srcset=\"https:\/\/www.monsiegeautobebe.fr\/wp-content\/uploads\/2020\/11\/siege-auto-joie-i-spin-safe-plus-test-150x150.jpg 150w, https:\/\/www.monsiegeautobebe.fr\/wp-content\/uploads\/2020\/11\/siege-auto-joie-i-spin-safe-plus-test-300x300.jpg 300w, https:\/\/www.monsiegeautobebe.fr\/wp-content\/uploads\/2020\/11\/siege-auto-joie-i-spin-safe-plus-test-336x336.jpg 336w, https:\/\/www.monsiegeautobebe.fr\/wp-content\/uploads\/2020\/11\/siege-auto-joie-i-spin-safe-plus-test-600x600.jpg 600w, https:\/\/www.monsiegeautobebe.fr\/wp-content\/uploads\/2020\/11\/siege-auto-joie-i-spin-safe-plus-test-768x768.jpg 768w, https:\/\/www.monsiegeautobebe.fr\/wp-content\/uploads\/2020\/11\/siege-auto-joie-i-spin-safe-plus-test.jpg 1000w\" sizes=\"(max-width: 100px) 100vw, 100px\" \/>Joie i-Spin Safe<\/a><\/center><\/td><td class=\"column-2\">i-Size (R129)<\/td><td class=\"column-3\">Desde el nacimiento hasta 105 cm<br \/>\n(aprox. 4 a\u00f1os)<\/td><td class=\"column-4\"><center><img loading=\"lazy\" decoding=\"async\" src=\"https:\/\/monsiegeautobebe.fr\/wp-content\/uploads\/2019\/03\/icon-yes.png\" alt=\"\" width=\"16\" height=\"16\" class=\"aligncenter size-full wp-image-693\" \/><\/center><\/td><td class=\"column-5\">ISOFIX con puntal<\/td><td class=\"column-6\">Orientado hacia atr\u00e1s<\/td><td class=\"column-7\">VTI-0033<\/td><td class=\"column-8\"><a href=\"https:\/\/action.metaffiliation.com\/trk.php?mclic=P4F2915719951B1&amp;redir=https%3A%2F%2Fwww.autourdebebe.com%2Fp%2Foutlandersiegeautoispinsafe%2Fsiege-auto-i-spin-safe-joie\" class=\"sc-button sc-button-default\" target=\"_blank\" rel=\"noopener\"><span>VER PRECIO<\/span><\/a><\/td>\n<\/tr>\n<tr class=\"row-38\">\n\t<td class=\"column-1\"><center><a href=\"https:\/\/monsiegeautobebe.fr\/wp-content\/uploads\/2020\/11\/siege-auto-joie-spin-safe-plus-test.jpg\"><img loading=\"lazy\" decoding=\"async\" src=\"https:\/\/monsiegeautobebe.fr\/wp-content\/uploads\/2020\/11\/siege-auto-joie-spin-safe-plus-test-150x150.jpg\" alt=\"Silla de auto giratoria Joie Spin Safe homologada Plus Test\" width=\"100\" height=\"100\" class=\"aligncenter size-thumbnail wp-image-3349\" srcset=\"https:\/\/www.monsiegeautobebe.fr\/wp-content\/uploads\/2020\/11\/siege-auto-joie-spin-safe-plus-test-150x150.jpg 150w, https:\/\/www.monsiegeautobebe.fr\/wp-content\/uploads\/2020\/11\/siege-auto-joie-spin-safe-plus-test-300x300.jpg 300w, https:\/\/www.monsiegeautobebe.fr\/wp-content\/uploads\/2020\/11\/siege-auto-joie-spin-safe-plus-test-336x336.jpg 336w, https:\/\/www.monsiegeautobebe.fr\/wp-content\/uploads\/2020\/11\/siege-auto-joie-spin-safe-plus-test-600x600.jpg 600w, https:\/\/www.monsiegeautobebe.fr\/wp-content\/uploads\/2020\/11\/siege-auto-joie-spin-safe-plus-test-768x768.jpg 768w, https:\/\/www.monsiegeautobebe.fr\/wp-content\/uploads\/2020\/11\/siege-auto-joie-spin-safe-plus-test.jpg 1000w\" sizes=\"(max-width: 100px) 100vw, 100px\" \/>Joie Spin Safe<\/a><\/center><\/td><td class=\"column-2\">R44\/04<\/td><td class=\"column-3\">Grupo 0+\/1<br \/>\n(Nacimiento - 18 kg)<\/td><td class=\"column-4\"><center><img loading=\"lazy\" decoding=\"async\" src=\"https:\/\/monsiegeautobebe.fr\/wp-content\/uploads\/2019\/03\/icon-yes.png\" alt=\"\" width=\"16\" height=\"16\" class=\"aligncenter size-full wp-image-693\" \/><\/center><\/td><td class=\"column-5\">ISOFIX con puntal<\/td><td class=\"column-6\">Orientado hacia atr\u00e1s<\/td><td class=\"column-7\"><\/td><td class=\"column-8\"><\/td>\n<\/tr>\n<tr class=\"row-39\">\n\t<td class=\"column-1\"><center>Karwala AV370 Sky<\/center><\/td><td class=\"column-2\">i-Size (R129)<\/td><td class=\"column-3\">De 61 a 125 cm<br \/>\n(de 6 meses a 7 a\u00f1os aprox. )<\/td><td class=\"column-4\"><center><img loading=\"lazy\" decoding=\"async\" src=\"https:\/\/monsiegeautobebe.fr\/wp-content\/uploads\/2019\/03\/icon-yes.png\" alt=\"\" width=\"16\" height=\"16\" class=\"aligncenter size-full wp-image-693\" \/><\/center><\/td><td class=\"column-5\">ISOFIX con puntal<\/td><td class=\"column-6\">Orientado hacia atr\u00e1s<\/td><td class=\"column-7\">VTI-0038<\/td><td class=\"column-8\"><\/td>\n<\/tr>\n<tr class=\"row-40\">\n\t<td class=\"column-1\"><center>Karwala AV370.Q<\/center><\/td><td class=\"column-2\">i-Size (R129)<\/td><td class=\"column-3\">De 61 a 125 cm<br \/>\n(de 6 meses a 7 a\u00f1os aprox. )<\/td><td class=\"column-4\"><center><img loading=\"lazy\" decoding=\"async\" src=\"https:\/\/monsiegeautobebe.fr\/wp-content\/uploads\/2019\/03\/icon-yes.png\" alt=\"\" width=\"16\" height=\"16\" class=\"aligncenter size-full wp-image-693\" \/><\/center><\/td><td class=\"column-5\">ISOFIX con puntal<\/td><td class=\"column-6\">Orientado hacia atr\u00e1s<\/td><td class=\"column-7\">VTI-0039<\/td><td class=\"column-8\"><\/td>\n<\/tr>\n<tr class=\"row-41\">\n\t<td class=\"column-1\"><center><a href=\"https:\/\/monsiegeautobebe.fr\/wp-content\/uploads\/2019\/11\/siege-auto-klippan-century.jpg\"><img loading=\"lazy\" decoding=\"async\" src=\"https:\/\/monsiegeautobebe.fr\/wp-content\/uploads\/2019\/11\/siege-auto-klippan-century-150x150.jpg\" alt=\"Silla de auto Klippan Century\" width=\"100\" height=\"100\" class=\"aligncenter size-thumbnail wp-image-1813\" srcset=\"https:\/\/www.monsiegeautobebe.fr\/wp-content\/uploads\/2019\/11\/siege-auto-klippan-century-150x150.jpg 150w, https:\/\/www.monsiegeautobebe.fr\/wp-content\/uploads\/2019\/11\/siege-auto-klippan-century-300x300.jpg 300w, https:\/\/www.monsiegeautobebe.fr\/wp-content\/uploads\/2019\/11\/siege-auto-klippan-century-336x336.jpg 336w, https:\/\/www.monsiegeautobebe.fr\/wp-content\/uploads\/2019\/11\/siege-auto-klippan-century-600x600.jpg 600w, https:\/\/www.monsiegeautobebe.fr\/wp-content\/uploads\/2019\/11\/siege-auto-klippan-century-768x768.jpg 768w, https:\/\/www.monsiegeautobebe.fr\/wp-content\/uploads\/2019\/11\/siege-auto-klippan-century.jpg 1000w\" sizes=\"(max-width: 100px) 100vw, 100px\" \/>Siglo de Klippan<\/a><\/center><\/td><td class=\"column-2\">R44\/04<\/td><td class=\"column-3\">Grupo 1\/2<br \/>\n(9 - 25 kg)<\/td><td class=\"column-4\"><center><img loading=\"lazy\" decoding=\"async\" src=\"https:\/\/monsiegeautobebe.fr\/wp-content\/uploads\/2019\/03\/icon-no.png\" alt=\"\" width=\"16\" height=\"16\" class=\"aligncenter size-full wp-image-693\" \/><\/center><\/td><td class=\"column-5\">Cintur\u00f3n con tirantes y correas de sujeci\u00f3n<\/td><td class=\"column-6\">Orientado hacia atr\u00e1s<\/td><td class=\"column-7\">VTI-0020<\/td><td class=\"column-8\"><a href=\"https:\/\/www.babylor.com\/fr\/les-sieges-groupe-123-et-rehausseur-23\/117-klippan-century-6417840022132.html\" class=\"sc-button sc-button-default\" target=\"_blank\" rel=\"noopener\"><span>VER PRECIO<\/span><\/a><\/td>\n<\/tr>\n<tr class=\"row-42\">\n\t<td class=\"column-1\"><center><a href=\"https:\/\/monsiegeautobebe.fr\/wp-content\/uploads\/2019\/02\/siege-auto-klippan-kiss-2-plus-plus-test.jpg\"><img loading=\"lazy\" decoding=\"async\" src=\"https:\/\/monsiegeautobebe.fr\/wp-content\/uploads\/2019\/02\/siege-auto-klippan-kiss-2-plus-plus-test-150x150.jpg\" alt=\"Portabeb\u00e9s Klippan Kiss 2 Plus de la prueba Plus\" width=\"100\" height=\"100\" class=\"aligncenter size-thumbnail wp-image-480\" srcset=\"https:\/\/www.monsiegeautobebe.fr\/wp-content\/uploads\/2019\/02\/siege-auto-klippan-kiss-2-plus-plus-test-150x150.jpg 150w, https:\/\/www.monsiegeautobebe.fr\/wp-content\/uploads\/2019\/02\/siege-auto-klippan-kiss-2-plus-plus-test-300x300.jpg 300w, https:\/\/www.monsiegeautobebe.fr\/wp-content\/uploads\/2019\/02\/siege-auto-klippan-kiss-2-plus-plus-test-336x336.jpg 336w, https:\/\/www.monsiegeautobebe.fr\/wp-content\/uploads\/2019\/02\/siege-auto-klippan-kiss-2-plus-plus-test-600x600.jpg 600w, https:\/\/www.monsiegeautobebe.fr\/wp-content\/uploads\/2019\/02\/siege-auto-klippan-kiss-2-plus-plus-test-768x768.jpg 768w, https:\/\/www.monsiegeautobebe.fr\/wp-content\/uploads\/2019\/02\/siege-auto-klippan-kiss-2-plus-plus-test-1024x1024.jpg 1024w, https:\/\/www.monsiegeautobebe.fr\/wp-content\/uploads\/2019\/02\/siege-auto-klippan-kiss-2-plus-plus-test.jpg 1050w\" sizes=\"(max-width: 100px) 100vw, 100px\" \/>Klippan Kiss 2 | Kiss 2 Plus<\/a><\/center><\/td><td class=\"column-2\">R44\/04<\/td><td class=\"column-3\">Grupo 0+\/1<br \/>\n(Nacimiento - 18 kg)<\/td><td class=\"column-4\"><center><img loading=\"lazy\" decoding=\"async\" src=\"https:\/\/monsiegeautobebe.fr\/wp-content\/uploads\/2019\/03\/icon-no.png\" alt=\"\" width=\"16\" height=\"16\" class=\"aligncenter size-full wp-image-693\" \/><\/center><\/td><td class=\"column-5\">ISOFIX con puntal o cintur\u00f3n de seguridad<\/td><td class=\"column-6\">Orientado hacia atr\u00e1s<\/td><td class=\"column-7\">VTI-0015<\/td><td class=\"column-8\"><a href=\"https:\/\/www.babylor.com\/fr\/sieges-auto\/369-siege-auto-klippan-kiss-2-plus-sport-gris-et-noir-avec-base-isofix-et-appui-tete.html\" class=\"sc-button sc-button-default\" target=\"_blank\" rel=\"noopener\"><span>VER PRECIO<\/span><\/a><\/td>\n<\/tr>\n<tr class=\"row-43\">\n\t<td class=\"column-1\"><center><a href=\"https:\/\/monsiegeautobebe.fr\/wp-content\/uploads\/2020\/06\/siege-auto-wod-uno-plus-test.jpg\"><img loading=\"lazy\" decoding=\"async\" src=\"https:\/\/monsiegeautobebe.fr\/wp-content\/uploads\/2020\/06\/siege-auto-wod-uno-plus-test.jpg\" alt=\"Silla de auto Klippan Uno certificada por Plus Test\" width=\"100\" height=\"100\" class=\"aligncenter size-full wp-image-2865\" srcset=\"https:\/\/www.monsiegeautobebe.fr\/wp-content\/uploads\/2020\/06\/siege-auto-wod-uno-plus-test.jpg 1000w, https:\/\/www.monsiegeautobebe.fr\/wp-content\/uploads\/2020\/06\/siege-auto-wod-uno-plus-test-300x300.jpg 300w, https:\/\/www.monsiegeautobebe.fr\/wp-content\/uploads\/2020\/06\/siege-auto-wod-uno-plus-test-336x336.jpg 336w, https:\/\/www.monsiegeautobebe.fr\/wp-content\/uploads\/2020\/06\/siege-auto-wod-uno-plus-test-600x600.jpg 600w, https:\/\/www.monsiegeautobebe.fr\/wp-content\/uploads\/2020\/06\/siege-auto-wod-uno-plus-test-150x150.jpg 150w, https:\/\/www.monsiegeautobebe.fr\/wp-content\/uploads\/2020\/06\/siege-auto-wod-uno-plus-test-768x768.jpg 768w\" sizes=\"(max-width: 100px) 100vw, 100px\" \/>Klippan Uno<\/a><\/center><\/td><td class=\"column-2\">R44\/04<\/td><td class=\"column-3\">Grupo 1<br \/>\n(9 - 18 kg)<\/td><td class=\"column-4\"><center><img loading=\"lazy\" decoding=\"async\" src=\"https:\/\/monsiegeautobebe.fr\/wp-content\/uploads\/2019\/03\/icon-no.png\" alt=\"\" width=\"16\" height=\"16\" class=\"aligncenter size-full wp-image-693\" \/><\/center><\/td><td class=\"column-5\">Correa con puntal <\/td><td class=\"column-6\">Orientado hacia atr\u00e1s<\/td><td class=\"column-7\">VTI-0020<\/td><td class=\"column-8\"><\/td>\n<\/tr>\n<tr class=\"row-44\">\n\t<td class=\"column-1\"><center><a href=\"https:\/\/monsiegeautobebe.fr\/wp-content\/uploads\/2020\/06\/siege-auto-klippan-opti-129-plus-test.jpg\"><img loading=\"lazy\" decoding=\"async\" src=\"https:\/\/monsiegeautobebe.fr\/wp-content\/uploads\/2020\/06\/siege-auto-klippan-opti-129-plus-test.jpg\" alt=\"Silla de auto Klippan Opti 129 certificada por Plus Test\" width=\"100\" height=\"100\" class=\"aligncenter size-full wp-image-2867\" srcset=\"https:\/\/www.monsiegeautobebe.fr\/wp-content\/uploads\/2020\/06\/siege-auto-klippan-opti-129-plus-test.jpg 1000w, https:\/\/www.monsiegeautobebe.fr\/wp-content\/uploads\/2020\/06\/siege-auto-klippan-opti-129-plus-test-300x300.jpg 300w, https:\/\/www.monsiegeautobebe.fr\/wp-content\/uploads\/2020\/06\/siege-auto-klippan-opti-129-plus-test-336x336.jpg 336w, https:\/\/www.monsiegeautobebe.fr\/wp-content\/uploads\/2020\/06\/siege-auto-klippan-opti-129-plus-test-600x600.jpg 600w, https:\/\/www.monsiegeautobebe.fr\/wp-content\/uploads\/2020\/06\/siege-auto-klippan-opti-129-plus-test-150x150.jpg 150w, https:\/\/www.monsiegeautobebe.fr\/wp-content\/uploads\/2020\/06\/siege-auto-klippan-opti-129-plus-test-768x768.jpg 768w\" sizes=\"(max-width: 100px) 100vw, 100px\" \/>Klippan Opti 129<\/a><\/center><\/td><td class=\"column-2\">i-Size (R129)<\/td><td class=\"column-3\">De 61 a 125 cm<br \/>\n(de 6 meses a 7 a\u00f1os aprox. )<\/td><td class=\"column-4\"><center><img loading=\"lazy\" decoding=\"async\" src=\"https:\/\/monsiegeautobebe.fr\/wp-content\/uploads\/2019\/03\/icon-no.png\" alt=\"\" width=\"16\" height=\"16\" class=\"aligncenter size-full wp-image-693\" \/><\/center><\/td><td class=\"column-5\">Cintur\u00f3n con tirantes y correas de sujeci\u00f3n<\/td><td class=\"column-6\">Orientado hacia atr\u00e1s<\/td><td class=\"column-7\"><\/td><td class=\"column-8\"><a href=\"https:\/\/www.carseat.se\/product\/klippan-opti-129-freestyle\/\" class=\"sc-button sc-button-default\" target=\"_blank\" rel=\"noopener\"><span>VER PRECIO<\/span><\/a><\/td>\n<\/tr>\n<tr class=\"row-45\">\n\t<td class=\"column-1\"><center><a href=\"https:\/\/monsiegeautobebe.fr\/wp-content\/uploads\/2019\/02\/siege-auto-maxi-cosi-pearl-one-plus-test.jpg\"><img loading=\"lazy\" decoding=\"async\" src=\"https:\/\/monsiegeautobebe.fr\/wp-content\/uploads\/2019\/02\/siege-auto-maxi-cosi-pearl-one-plus-test-150x150.jpg\" alt=\"Silla de auto Maxi Cosi Pearl One de la prueba Plus\" width=\"100\" height=\"100\" class=\"aligncenter size-thumbnail wp-image-490\" srcset=\"https:\/\/www.monsiegeautobebe.fr\/wp-content\/uploads\/2019\/02\/siege-auto-maxi-cosi-pearl-one-plus-test-150x150.jpg 150w, https:\/\/www.monsiegeautobebe.fr\/wp-content\/uploads\/2019\/02\/siege-auto-maxi-cosi-pearl-one-plus-test-300x300.jpg 300w, https:\/\/www.monsiegeautobebe.fr\/wp-content\/uploads\/2019\/02\/siege-auto-maxi-cosi-pearl-one-plus-test-336x336.jpg 336w, https:\/\/www.monsiegeautobebe.fr\/wp-content\/uploads\/2019\/02\/siege-auto-maxi-cosi-pearl-one-plus-test-600x600.jpg 600w, https:\/\/www.monsiegeautobebe.fr\/wp-content\/uploads\/2019\/02\/siege-auto-maxi-cosi-pearl-one-plus-test-768x768.jpg 768w, https:\/\/www.monsiegeautobebe.fr\/wp-content\/uploads\/2019\/02\/siege-auto-maxi-cosi-pearl-one-plus-test-1024x1024.jpg 1024w, https:\/\/www.monsiegeautobebe.fr\/wp-content\/uploads\/2019\/02\/siege-auto-maxi-cosi-pearl-one-plus-test.jpg 1050w\" sizes=\"(max-width: 100px) 100vw, 100px\" \/>Maxi Cosi Pearl One (Pearl XP)<\/a><\/center><\/td><td class=\"column-2\">i-Size (R129)<\/td><td class=\"column-3\">67 a 105 cm<br \/>\n(de 6 meses a 7 a\u00f1os aprox.)<\/td><td class=\"column-4\"><center><img loading=\"lazy\" decoding=\"async\" src=\"https:\/\/monsiegeautobebe.fr\/wp-content\/uploads\/2019\/03\/icon-no.png\" alt=\"\" width=\"16\" height=\"16\" class=\"aligncenter size-full wp-image-693\" \/><\/center><\/td><td class=\"column-5\"><a href=\"https:\/\/icp.shop-orchestra.com\/?P4F9B5571995111&amp;redir=https%3A%2F%2Ffr.shop-orchestra.com%2Ffr%2Fauto%2Fbase-auto%2Fbase-i-size-familyfix-2---noir-PAUD25.html\" rel=\"noopener nofollow noreferrer\" target=\"_blank\">FamilyFix Una base<\/a> con puntal<\/td><td class=\"column-6\">Orientado hacia atr\u00e1s<\/td><td class=\"column-7\">VTI-0012<\/td><td class=\"column-8\">Versi\u00f3n escandinava del Pearl Pro &amp;. <a href=\"https:\/\/amzn.to\/2DrnXKt\" rel=\"nofollow noopener noreferrer\" target=\"_blank\">Pearl Smart<\/a> pero s\u00f3lo de espaldas a la carretera<br \/>\n<br \/>\n<\/td>\n<\/tr>\n<tr class=\"row-46\">\n\t<td class=\"column-1\"><center><a href=\"https:\/\/monsiegeautobebe.fr\/wp-content\/uploads\/2022\/04\/meinkind-mk666s-plus-test.jpg\"><img loading=\"lazy\" decoding=\"async\" src=\"https:\/\/monsiegeautobebe.fr\/wp-content\/uploads\/2022\/04\/meinkind-mk666s-plus-test.jpg\" alt=\"prueba meinkind mk666s plus\" width=\"100\" height=\"100\" class=\"aligncenter size-full wp-image-6148\" srcset=\"https:\/\/www.monsiegeautobebe.fr\/wp-content\/uploads\/2022\/04\/meinkind-mk666s-plus-test.jpg 1000w, https:\/\/www.monsiegeautobebe.fr\/wp-content\/uploads\/2022\/04\/meinkind-mk666s-plus-test-300x300.jpg 300w, https:\/\/www.monsiegeautobebe.fr\/wp-content\/uploads\/2022\/04\/meinkind-mk666s-plus-test-150x150.jpg 150w, https:\/\/www.monsiegeautobebe.fr\/wp-content\/uploads\/2022\/04\/meinkind-mk666s-plus-test-768x768.jpg 768w, https:\/\/www.monsiegeautobebe.fr\/wp-content\/uploads\/2022\/04\/meinkind-mk666s-plus-test-450x450.jpg 450w, https:\/\/www.monsiegeautobebe.fr\/wp-content\/uploads\/2022\/04\/meinkind-mk666s-plus-test-600x600.jpg 600w, https:\/\/www.monsiegeautobebe.fr\/wp-content\/uploads\/2022\/04\/meinkind-mk666s-plus-test-336x336.jpg 336w\" sizes=\"(max-width: 100px) 100vw, 100px\" \/>Meinkind MK666S<\/a><\/center><\/td><td class=\"column-2\"><\/td><td class=\"column-3\">Grupo 0+\/1<br \/>\n(Nacimiento - 18 kg)<\/td><td class=\"column-4\"><center><img loading=\"lazy\" decoding=\"async\" src=\"https:\/\/monsiegeautobebe.fr\/wp-content\/uploads\/2019\/03\/icon-no.png\" alt=\"\" width=\"16\" height=\"16\" class=\"aligncenter size-full wp-image-693\" \/><\/center><\/td><td class=\"column-5\"><\/td><td class=\"column-6\">Orientado hacia atr\u00e1s<\/td><td class=\"column-7\">VTI-0014<\/td><td class=\"column-8\"><\/td>\n<\/tr>\n<tr class=\"row-47\">\n\t<td class=\"column-1\"><center><a href=\"https:\/\/monsiegeautobebe.fr\/wp-content\/uploads\/2019\/02\/siege-auto-nuna-nurr-plus-test.jpg\"><img loading=\"lazy\" decoding=\"async\" src=\"https:\/\/monsiegeautobebe.fr\/wp-content\/uploads\/2019\/02\/siege-auto-nuna-nurr-plus-test-150x150.jpg\" alt=\"Silla de auto Nuna Norr certificada por Plus Test\" width=\"100\" height=\"100\" class=\"aligncenter size-thumbnail wp-image-481\" srcset=\"https:\/\/www.monsiegeautobebe.fr\/wp-content\/uploads\/2019\/02\/siege-auto-nuna-nurr-plus-test-150x150.jpg 150w, https:\/\/www.monsiegeautobebe.fr\/wp-content\/uploads\/2019\/02\/siege-auto-nuna-nurr-plus-test-300x300.jpg 300w, https:\/\/www.monsiegeautobebe.fr\/wp-content\/uploads\/2019\/02\/siege-auto-nuna-nurr-plus-test-336x336.jpg 336w, https:\/\/www.monsiegeautobebe.fr\/wp-content\/uploads\/2019\/02\/siege-auto-nuna-nurr-plus-test-600x600.jpg 600w, https:\/\/www.monsiegeautobebe.fr\/wp-content\/uploads\/2019\/02\/siege-auto-nuna-nurr-plus-test-768x768.jpg 768w, https:\/\/www.monsiegeautobebe.fr\/wp-content\/uploads\/2019\/02\/siege-auto-nuna-nurr-plus-test-1024x1024.jpg 1024w, https:\/\/www.monsiegeautobebe.fr\/wp-content\/uploads\/2019\/02\/siege-auto-nuna-nurr-plus-test.jpg 1050w\" sizes=\"(max-width: 100px) 100vw, 100px\" \/>Nuna Norr<\/a><\/center><\/td><td class=\"column-2\">i-Size (R129)<\/td><td class=\"column-3\">Desde el nacimiento hasta 105 cm<br \/>\n(aprox. 4 a\u00f1os)<\/td><td class=\"column-4\"><center><img loading=\"lazy\" decoding=\"async\" src=\"https:\/\/monsiegeautobebe.fr\/wp-content\/uploads\/2019\/03\/icon-yes.png\" alt=\"\" width=\"16\" height=\"16\" class=\"aligncenter size-full wp-image-693\" \/><\/center><\/td><td class=\"column-5\">ISOFIX con puntal<\/td><td class=\"column-6\">Orientado hacia atr\u00e1s<\/td><td class=\"column-7\">VTI-0035<\/td><td class=\"column-8\">Versi\u00f3n escandinava del Nuna REBL Plus, pero s\u00f3lo de espaldas a la carretera<\/td>\n<\/tr>\n<tr class=\"row-48\">\n\t<td class=\"column-1\"><center><a href=\"https:\/\/monsiegeautobebe.fr\/wp-content\/uploads\/2022\/04\/volvo-britax-max-way-plus-test.jpg\"><img loading=\"lazy\" decoding=\"async\" src=\"https:\/\/monsiegeautobebe.fr\/wp-content\/uploads\/2022\/04\/volvo-britax-max-way-plus-test.jpg\" alt=\"prueba volvo britax max way plus\" width=\"100\" height=\"100\" class=\"aligncenter size-full wp-image-6142\" srcset=\"https:\/\/www.monsiegeautobebe.fr\/wp-content\/uploads\/2022\/04\/volvo-britax-max-way-plus-test.jpg 1000w, https:\/\/www.monsiegeautobebe.fr\/wp-content\/uploads\/2022\/04\/volvo-britax-max-way-plus-test-300x300.jpg 300w, https:\/\/www.monsiegeautobebe.fr\/wp-content\/uploads\/2022\/04\/volvo-britax-max-way-plus-test-150x150.jpg 150w, https:\/\/www.monsiegeautobebe.fr\/wp-content\/uploads\/2022\/04\/volvo-britax-max-way-plus-test-768x768.jpg 768w, https:\/\/www.monsiegeautobebe.fr\/wp-content\/uploads\/2022\/04\/volvo-britax-max-way-plus-test-450x450.jpg 450w, https:\/\/www.monsiegeautobebe.fr\/wp-content\/uploads\/2022\/04\/volvo-britax-max-way-plus-test-600x600.jpg 600w, https:\/\/www.monsiegeautobebe.fr\/wp-content\/uploads\/2022\/04\/volvo-britax-max-way-plus-test-336x336.jpg 336w\" sizes=\"(max-width: 100px) 100vw, 100px\" \/>Volvo Max-Way (Britax)<\/a><\/center><\/td><td class=\"column-2\">R44\/04<\/td><td class=\"column-3\">Grupo 1\/2<br \/>\n(9 - 25 kg)<\/td><td class=\"column-4\"><center><img loading=\"lazy\" decoding=\"async\" src=\"https:\/\/monsiegeautobebe.fr\/wp-content\/uploads\/2019\/03\/icon-no.png\" alt=\"\" width=\"16\" height=\"16\" class=\"aligncenter size-full wp-image-693\" \/><\/center><\/td><td class=\"column-5\">Cintur\u00f3n con tirantes y correas de sujeci\u00f3n<\/td><td class=\"column-6\">Orientado hacia atr\u00e1s<\/td><td class=\"column-7\"><\/td><td class=\"column-8\">Id\u00e9ntico al Britax Max-Way<\/td>\n<\/tr>\n<\/tbody>\n<\/table>\n\n<\/div><!-- #tablepress-11 from cache -->","protected":false},"excerpt":{"rendered":"<p>Creada por el VTI (Instituto Nacional Sueco de Investigaci\u00f3n sobre Carreteras y Transportes) y la NTF (Sociedad Nacional de Seguridad Vial), dos organismos suecos independientes, la prueba Plus pretende certificar las sillas de coche m\u00e1s seguras del mercado midiendo con precisi\u00f3n las fuerzas ejercidas sobre la nuca.<\/p>","protected":false},"author":2,"featured_media":2484,"comment_status":"open","ping_status":"open","sticky":false,"template":"","format":"standard","meta":{"footnotes":""},"categories":[15],"tags":[10,11],"class_list":{"0":"post-2374","1":"post","2":"type-post","3":"status-publish","4":"format-standard","5":"has-post-thumbnail","7":"category-siege-auto","8":"tag-dos-a-la-route","9":"tag-plus-test"},"_links":{"self":[{"href":"https:\/\/www.monsiegeautobebe.fr\/es\/wp-json\/wp\/v2\/posts\/2374","targetHints":{"allow":["GET"]}}],"collection":[{"href":"https:\/\/www.monsiegeautobebe.fr\/es\/wp-json\/wp\/v2\/posts"}],"about":[{"href":"https:\/\/www.monsiegeautobebe.fr\/es\/wp-json\/wp\/v2\/types\/post"}],"author":[{"embeddable":true,"href":"https:\/\/www.monsiegeautobebe.fr\/es\/wp-json\/wp\/v2\/users\/2"}],"replies":[{"embeddable":true,"href":"https:\/\/www.monsiegeautobebe.fr\/es\/wp-json\/wp\/v2\/comments?post=2374"}],"version-history":[{"count":0,"href":"https:\/\/www.monsiegeautobebe.fr\/es\/wp-json\/wp\/v2\/posts\/2374\/revisions"}],"wp:featuredmedia":[{"embeddable":true,"href":"https:\/\/www.monsiegeautobebe.fr\/es\/wp-json\/wp\/v2\/media\/2484"}],"wp:attachment":[{"href":"https:\/\/www.monsiegeautobebe.fr\/es\/wp-json\/wp\/v2\/media?parent=2374"}],"wp:term":[{"taxonomy":"category","embeddable":true,"href":"https:\/\/www.monsiegeautobebe.fr\/es\/wp-json\/wp\/v2\/categories?post=2374"},{"taxonomy":"post_tag","embeddable":true,"href":"https:\/\/www.monsiegeautobebe.fr\/es\/wp-json\/wp\/v2\/tags?post=2374"}],"curies":[{"name":"wp","href":"https:\/\/api.w.org\/{rel}","templated":true}]}}