{"id":1662,"date":"2023-11-21T09:06:06","date_gmt":"2023-11-21T08:06:06","guid":{"rendered":"https:\/\/monsiegeautobebe.fr\/?p=1662"},"modified":"2023-11-29T13:40:32","modified_gmt":"2023-11-29T12:40:32","slug":"best-carrycot-car-seat","status":"publish","type":"post","link":"https:\/\/www.monsiegeautobebe.fr\/en\/best-carrycot-car-seat\/","title":{"rendered":"Our Selection Of The Best Carrycot Car Seats For Newborns (Up To 8 Months)"},"content":{"rendered":"<p>Baby carriers provide a comfortable and secure resting space for newborns, allowing them to lie completely flat, an ideal position for their well-being, whether out and about in a pushchair or on a car journey. Complying with the strictest safety standards, such as the i-Size standard (R129), isofix carrycots are designed to guarantee optimum protection and comfort for your child when you're on the move. Whether you're looking for a lightweight, easy-to-carry carrycot or one with advanced features, we'll review some of the best isofix carrycots available to help you make an informed choice.<\/p>\n<div id=\"ez-toc-container\" class=\"ez-toc-v2_0_82_2 counter-hierarchy ez-toc-counter ez-toc-grey ez-toc-container-direction\">\n<div class=\"ez-toc-title-container\">\n<p class=\"ez-toc-title\" style=\"cursor:inherit\">Contents<\/p>\n<span class=\"ez-toc-title-toggle\"><a href=\"#\" class=\"ez-toc-pull-right ez-toc-btn ez-toc-btn-xs ez-toc-btn-default ez-toc-toggle\" aria-label=\"Toggle Table of Content\"><span class=\"ez-toc-js-icon-con\"><span class=\"\"><span class=\"eztoc-hide\" style=\"display:none;\">Toggle<\/span><span class=\"ez-toc-icon-toggle-span\"><svg style=\"fill: #999;color:#999\" xmlns=\"http:\/\/www.w3.org\/2000\/svg\" class=\"list-377408\" width=\"20px\" height=\"20px\" viewbox=\"0 0 24 24\" fill=\"none\"><path d=\"M6 6H4v2h2V6zm14 0H8v2h12V6zM4 11h2v2H4v-2zm16 0H8v2h12v-2zM4 16h2v2H4v-2zm16 0H8v2h12v-2z\" fill=\"currentColor\"><\/path><\/svg><svg style=\"fill: #999;color:#999\" class=\"arrow-unsorted-368013\" xmlns=\"http:\/\/www.w3.org\/2000\/svg\" width=\"10px\" height=\"10px\" viewbox=\"0 0 24 24\" version=\"1.2\" baseprofile=\"tiny\"><path d=\"M18.2 9.3l-6.2-6.3-6.2 6.3c-.2.2-.3.4-.3.7s.1.5.3.7c.2.2.4.3.7.3h11c.3 0 .5-.1.7-.3.2-.2.3-.5.3-.7s-.1-.5-.3-.7zM5.8 14.7l6.2 6.3 6.2-6.3c.2-.2.3-.5.3-.7s-.1-.5-.3-.7c-.2-.2-.4-.3-.7-.3h-11c-.3 0-.5.1-.7.3-.2.2-.3.5-.3.7s.1.5.3.7z\"\/><\/svg><\/span><\/span><\/span><\/a><\/span><\/div>\n<nav><ul class='ez-toc-list ez-toc-list-level-1 eztoc-toggle-hide-by-default' ><li class='ez-toc-page-1 ez-toc-heading-level-2'><a class=\"ez-toc-link ez-toc-heading-1\" href=\"https:\/\/www.monsiegeautobebe.fr\/en\/best-carrycot-car-seat\/#Quest_Ce_Quune_Nacelle_Bebe\" >What Is A Carrycot Car Seat?<\/a><ul class='ez-toc-list-level-3' ><li class='ez-toc-heading-level-3'><a class=\"ez-toc-link ez-toc-heading-2\" href=\"https:\/\/www.monsiegeautobebe.fr\/en\/best-carrycot-car-seat\/#Fonctionnalites\" >Features<\/a><\/li><li class='ez-toc-page-1 ez-toc-heading-level-3'><a class=\"ez-toc-link ez-toc-heading-3\" href=\"https:\/\/www.monsiegeautobebe.fr\/en\/best-carrycot-car-seat\/#Installation_dans_le_vehicule\" >Installation in the vehicle<\/a><\/li><\/ul><\/li><li class='ez-toc-page-1 ez-toc-heading-level-2'><a class=\"ez-toc-link ez-toc-heading-4\" href=\"https:\/\/www.monsiegeautobebe.fr\/en\/best-carrycot-car-seat\/#Selection_Des_Meilleures_Nacelles_Bebe\" >Selection Of The Best Baby Carriers<\/a><ul class='ez-toc-list-level-3' ><li class='ez-toc-heading-level-3'><a class=\"ez-toc-link ez-toc-heading-5\" href=\"https:\/\/www.monsiegeautobebe.fr\/en\/best-carrycot-car-seat\/#Maxi_Cosi_Jade\" >Maxi Cosi Jade<\/a><\/li><li class='ez-toc-page-1 ez-toc-heading-level-3'><a class=\"ez-toc-link ez-toc-heading-6\" href=\"https:\/\/www.monsiegeautobebe.fr\/en\/best-carrycot-car-seat\/#Joie_Calmi\" >Joie Calmi<\/a><\/li><li class='ez-toc-page-1 ez-toc-heading-level-3'><a class=\"ez-toc-link ez-toc-heading-7\" href=\"https:\/\/www.monsiegeautobebe.fr\/en\/best-carrycot-car-seat\/#Jane_iMatrix\" >Jan\u00e9 iMatrix<\/a><\/li><\/ul><\/li><li class='ez-toc-page-1 ez-toc-heading-level-2'><a class=\"ez-toc-link ez-toc-heading-8\" href=\"https:\/\/www.monsiegeautobebe.fr\/en\/best-carrycot-car-seat\/#Criteres_De_Selection_Dune_Nacelle_Bebe\" >Baby Carrycot Selection Criteria<\/a><\/li><li class='ez-toc-page-1 ez-toc-heading-level-2'><a class=\"ez-toc-link ez-toc-heading-9\" href=\"https:\/\/www.monsiegeautobebe.fr\/en\/best-carrycot-car-seat\/#Resultats_Aux_Tests_ADAC_Criteres_Determinants_Pour_Les_Nacelles_Isofix\" >ADAC Test Results For Isofix Carrycot Car Seat<\/a><\/li><li class='ez-toc-page-1 ez-toc-heading-level-2'><a class=\"ez-toc-link ez-toc-heading-10\" href=\"https:\/\/www.monsiegeautobebe.fr\/en\/best-carrycot-car-seat\/#Cosy_Bebe_Ou_Nacelle_Bebe_Quel_Siege_Auto_Privilegier\" >Baby Car Seat or Baby Carrycot, Which Car Seat Is Better?<\/a><\/li><li class='ez-toc-page-1 ez-toc-heading-level-2'><a class=\"ez-toc-link ez-toc-heading-11\" href=\"https:\/\/www.monsiegeautobebe.fr\/en\/best-carrycot-car-seat\/#Jusqua_Quel_Age_Utiliser_Une_Nacelle_Bebe\" >Up to what age should a baby carrycot be used?<\/a><\/li><li class='ez-toc-page-1 ez-toc-heading-level-2'><a class=\"ez-toc-link ez-toc-heading-12\" href=\"https:\/\/www.monsiegeautobebe.fr\/en\/best-carrycot-car-seat\/#Comment_Attacher_Nacelle_Bebe_Dans_La_Voiture\" >How To Attach A Baby Carrycot Car Seat In The Car<\/a><ul class='ez-toc-list-level-3' ><li class='ez-toc-heading-level-3'><a class=\"ez-toc-link ez-toc-heading-13\" href=\"https:\/\/www.monsiegeautobebe.fr\/en\/best-carrycot-car-seat\/#1_Installation_Base_Isofix_Pour_Nacelle_Bebe\" >1. Isofix Base Installation For Carrycot Car Seat<\/a><\/li><li class='ez-toc-page-1 ez-toc-heading-level-3'><a class=\"ez-toc-link ez-toc-heading-14\" href=\"https:\/\/www.monsiegeautobebe.fr\/en\/best-carrycot-car-seat\/#2_Fixation_Nacelle_Bebe_Sur_Base_Isofix\" >2. Installing Carrycot Car Seat On The Isofix Base<\/a><\/li><li class='ez-toc-page-1 ez-toc-heading-level-3'><a class=\"ez-toc-link ez-toc-heading-15\" href=\"https:\/\/www.monsiegeautobebe.fr\/en\/best-carrycot-car-seat\/#Conseils_Astuces_Pour_Fixation_Nacelle_Isofix\" >Isofix Carrycot Car Seat Fixing Tips &amp; Tricks<\/a><\/li><\/ul><\/li><li class='ez-toc-page-1 ez-toc-heading-level-2'><a class=\"ez-toc-link ez-toc-heading-16\" href=\"https:\/\/www.monsiegeautobebe.fr\/en\/best-carrycot-car-seat\/#Un_Bebe_Peut-il_Dormir_Dans_Une_Nacelle\" >Can A Baby Sleep In A Carrycot?<\/a><ul class='ez-toc-list-level-3' ><li class='ez-toc-heading-level-3'><a class=\"ez-toc-link ez-toc-heading-17\" href=\"https:\/\/www.monsiegeautobebe.fr\/en\/best-carrycot-car-seat\/#Siege_Auto_Inclinable_Lalternative_Parfaite_A_La_Nacelle_Bebe\" >Reclining Car Seat: The Perfect Alternative To The Carrycot<\/a><\/li><\/ul><\/li><\/ul><\/nav><\/div>\n<h2><span class=\"ez-toc-section\" id=\"Quest_Ce_Quune_Nacelle_Bebe\"><\/span>What Is A Carrycot Car Seat?<span class=\"ez-toc-section-end\"><\/span><\/h2>\n<p><a href=\"https:\/\/www.monsiegeautobebe.fr\/wp-content\/uploads\/2019\/10\/fixer-nacelle-isofix-dans-la-voiture.jpg\"><img fetchpriority=\"high\" decoding=\"async\" class=\"aligncenter size-full wp-image-8737\" src=\"https:\/\/www.monsiegeautobebe.fr\/wp-content\/uploads\/2019\/10\/fixer-nacelle-isofix-dans-la-voiture.jpg\" alt=\"fixing the isofix carrycot in the car\" width=\"1200\" height=\"800\" srcset=\"https:\/\/www.monsiegeautobebe.fr\/wp-content\/uploads\/2019\/10\/fixer-nacelle-isofix-dans-la-voiture.jpg 1200w, https:\/\/www.monsiegeautobebe.fr\/wp-content\/uploads\/2019\/10\/fixer-nacelle-isofix-dans-la-voiture-300x200.jpg 300w, https:\/\/www.monsiegeautobebe.fr\/wp-content\/uploads\/2019\/10\/fixer-nacelle-isofix-dans-la-voiture-1024x683.jpg 1024w, https:\/\/www.monsiegeautobebe.fr\/wp-content\/uploads\/2019\/10\/fixer-nacelle-isofix-dans-la-voiture-768x512.jpg 768w, https:\/\/www.monsiegeautobebe.fr\/wp-content\/uploads\/2019\/10\/fixer-nacelle-isofix-dans-la-voiture-18x12.jpg 18w, https:\/\/www.monsiegeautobebe.fr\/wp-content\/uploads\/2019\/10\/fixer-nacelle-isofix-dans-la-voiture-150x100.jpg 150w, https:\/\/www.monsiegeautobebe.fr\/wp-content\/uploads\/2019\/10\/fixer-nacelle-isofix-dans-la-voiture-450x300.jpg 450w\" sizes=\"(max-width: 1200px) 100vw, 1200px\" \/><\/a><\/p>\n<p>A baby carrycot is a small, portable bed designed for infants from birth to around 6 months. Similar to a cradle, it allows the baby to remain in a reclining position, providing a cosy, secure place to sleep, whether at home, in a pushchair or in the car.<\/p>\n<ul>\n<li>\n<h3><span class=\"ez-toc-section\" id=\"Fonctionnalites\"><\/span>Features<span class=\"ez-toc-section-end\"><\/span><\/h3>\n<\/li>\n<\/ul>\n<p><a href=\"https:\/\/www.monsiegeautobebe.fr\/wp-content\/uploads\/2019\/10\/nacelle-bebe-sur-poussette.jpg\"><img decoding=\"async\" class=\"aligncenter size-full wp-image-8748\" src=\"https:\/\/www.monsiegeautobebe.fr\/wp-content\/uploads\/2019\/10\/nacelle-bebe-sur-poussette.jpg\" alt=\"baby carrycot on pushchair\" width=\"1200\" height=\"800\" srcset=\"https:\/\/www.monsiegeautobebe.fr\/wp-content\/uploads\/2019\/10\/nacelle-bebe-sur-poussette.jpg 1200w, https:\/\/www.monsiegeautobebe.fr\/wp-content\/uploads\/2019\/10\/nacelle-bebe-sur-poussette-300x200.jpg 300w, https:\/\/www.monsiegeautobebe.fr\/wp-content\/uploads\/2019\/10\/nacelle-bebe-sur-poussette-1024x683.jpg 1024w, https:\/\/www.monsiegeautobebe.fr\/wp-content\/uploads\/2019\/10\/nacelle-bebe-sur-poussette-768x512.jpg 768w, https:\/\/www.monsiegeautobebe.fr\/wp-content\/uploads\/2019\/10\/nacelle-bebe-sur-poussette-18x12.jpg 18w, https:\/\/www.monsiegeautobebe.fr\/wp-content\/uploads\/2019\/10\/nacelle-bebe-sur-poussette-150x100.jpg 150w, https:\/\/www.monsiegeautobebe.fr\/wp-content\/uploads\/2019\/10\/nacelle-bebe-sur-poussette-450x300.jpg 450w\" sizes=\"(max-width: 1200px) 100vw, 1200px\" \/><\/a><\/p>\n<p>The carrycot has a comfortable mattress, a bonnet to protect baby from the elements and a handle for easy transport. Many models fit easily onto pushchair frames, transforming them into prams. The baby carrier is often part of a trio pack, which also includes a pushchair and a <a href=\"https:\/\/www.monsiegeautobebe.fr\/en\/best-baby-car-seat\/\">baby cosy<\/a>. At home, the carrycot can also be used as an extra bed, providing a place to sleep close to the parents for the first few months.<\/p>\n<ul>\n<li>\n<h3><span class=\"ez-toc-section\" id=\"Installation_dans_le_vehicule\"><\/span>Installation in the vehicle<span class=\"ez-toc-section-end\"><\/span><\/h3>\n<\/li>\n<\/ul>\n<p><a href=\"https:\/\/www.monsiegeautobebe.fr\/wp-content\/uploads\/2019\/10\/installation-nacelle-bebe-voiture.jpg\"><img decoding=\"async\" class=\"aligncenter size-full wp-image-8747\" src=\"https:\/\/www.monsiegeautobebe.fr\/wp-content\/uploads\/2019\/10\/installation-nacelle-bebe-voiture.jpg\" alt=\"installation of baby car carrycot\" width=\"1200\" height=\"800\" srcset=\"https:\/\/www.monsiegeautobebe.fr\/wp-content\/uploads\/2019\/10\/installation-nacelle-bebe-voiture.jpg 1200w, https:\/\/www.monsiegeautobebe.fr\/wp-content\/uploads\/2019\/10\/installation-nacelle-bebe-voiture-300x200.jpg 300w, https:\/\/www.monsiegeautobebe.fr\/wp-content\/uploads\/2019\/10\/installation-nacelle-bebe-voiture-1024x683.jpg 1024w, https:\/\/www.monsiegeautobebe.fr\/wp-content\/uploads\/2019\/10\/installation-nacelle-bebe-voiture-768x512.jpg 768w, https:\/\/www.monsiegeautobebe.fr\/wp-content\/uploads\/2019\/10\/installation-nacelle-bebe-voiture-18x12.jpg 18w, https:\/\/www.monsiegeautobebe.fr\/wp-content\/uploads\/2019\/10\/installation-nacelle-bebe-voiture-150x100.jpg 150w, https:\/\/www.monsiegeautobebe.fr\/wp-content\/uploads\/2019\/10\/installation-nacelle-bebe-voiture-450x300.jpg 450w\" sizes=\"(max-width: 1200px) 100vw, 1200px\" \/><\/a><\/p>\n<p>For car journeys, the carrycot is placed on the back seat, in the transverse position, secured with the vehicle's safety belt or, for greater safety, with an isofix base. Although they offer comfortable space, carrycots are not always the safest solution for car journeys, especially over long distances. Compared with a baby cosy, carrycots offer less protection in the event of a collision. Nevertheless, some recent isofix carrycots, such as the Maxi Cosi Jade, have been specifically developed to provide excellent safety.<\/p>\n<h2><span class=\"ez-toc-section\" id=\"Selection_Des_Meilleures_Nacelles_Bebe\"><\/span>Selection Of The Best Baby Carriers<span class=\"ez-toc-section-end\"><\/span><\/h2>\n<table>\n<thead>\n<tr>\n<th>Features<\/th>\n<th><center><a href=\"https:\/\/monsiegeautobebe.fr\/wp-content\/uploads\/2019\/10\/nacelle-jade-bebe-confort-adac.jpg\"><img loading=\"lazy\" decoding=\"async\" class=\"aligncenter size-thumbnail wp-image-1667\" src=\"https:\/\/monsiegeautobebe.fr\/wp-content\/uploads\/2019\/10\/nacelle-jade-bebe-confort-adac-150x150.jpg\" alt=\"Maxi Cosi Jade Baby Carrier\" width=\"80\" height=\"80\" srcset=\"https:\/\/www.monsiegeautobebe.fr\/wp-content\/uploads\/2019\/10\/nacelle-jade-bebe-confort-adac-150x150.jpg 150w, https:\/\/www.monsiegeautobebe.fr\/wp-content\/uploads\/2019\/10\/nacelle-jade-bebe-confort-adac-300x300.jpg 300w, https:\/\/www.monsiegeautobebe.fr\/wp-content\/uploads\/2019\/10\/nacelle-jade-bebe-confort-adac-336x336.jpg 336w, https:\/\/www.monsiegeautobebe.fr\/wp-content\/uploads\/2019\/10\/nacelle-jade-bebe-confort-adac-600x600.jpg 600w, https:\/\/www.monsiegeautobebe.fr\/wp-content\/uploads\/2019\/10\/nacelle-jade-bebe-confort-adac-768x768.jpg 768w, https:\/\/www.monsiegeautobebe.fr\/wp-content\/uploads\/2019\/10\/nacelle-jade-bebe-confort-adac.jpg 1000w\" sizes=\"(max-width: 80px) 100vw, 80px\" \/>Maxi Cosi Jade<\/a><\/center><\/th>\n<th><center><a href=\"https:\/\/www.monsiegeautobebe.fr\/wp-content\/uploads\/2019\/10\/nacelle-bebe-joie-calmi-r129-150x150.jpg\"><img loading=\"lazy\" decoding=\"async\" class=\"aligncenter size-thumbnail wp-image-8743\" src=\"https:\/\/www.monsiegeautobebe.fr\/wp-content\/uploads\/2019\/10\/nacelle-bebe-joie-calmi-r129.jpg\" alt=\"joie calmi r129 baby carrier\" width=\"80\" height=\"80\" srcset=\"https:\/\/www.monsiegeautobebe.fr\/wp-content\/uploads\/2019\/10\/nacelle-bebe-joie-calmi-r129.jpg 1000w, https:\/\/www.monsiegeautobebe.fr\/wp-content\/uploads\/2019\/10\/nacelle-bebe-joie-calmi-r129-300x300.jpg 300w, https:\/\/www.monsiegeautobebe.fr\/wp-content\/uploads\/2019\/10\/nacelle-bebe-joie-calmi-r129-150x150.jpg 150w, https:\/\/www.monsiegeautobebe.fr\/wp-content\/uploads\/2019\/10\/nacelle-bebe-joie-calmi-r129-768x768.jpg 768w, https:\/\/www.monsiegeautobebe.fr\/wp-content\/uploads\/2019\/10\/nacelle-bebe-joie-calmi-r129-12x12.jpg 12w, https:\/\/www.monsiegeautobebe.fr\/wp-content\/uploads\/2019\/10\/nacelle-bebe-joie-calmi-r129-450x450.jpg 450w\" sizes=\"(max-width: 80px) 100vw, 80px\" \/>Joie Calmi<\/a><\/center><\/th>\n<th><center><a href=\"https:\/\/www.monsiegeautobebe.fr\/wp-content\/uploads\/2019\/10\/nacelle-bebe-jane-imatrix.jpg\"><img loading=\"lazy\" decoding=\"async\" class=\"aligncenter size-full wp-image-8742\" src=\"https:\/\/www.monsiegeautobebe.fr\/wp-content\/uploads\/2019\/10\/nacelle-bebe-jane-imatrix-150x150.jpg\" alt=\"baby carrycot jan\u00e9 imatrix\" width=\"80\" height=\"80\" srcset=\"https:\/\/www.monsiegeautobebe.fr\/wp-content\/uploads\/2019\/10\/nacelle-bebe-jane-imatrix-150x150.jpg 150w, https:\/\/www.monsiegeautobebe.fr\/wp-content\/uploads\/2019\/10\/nacelle-bebe-jane-imatrix-300x300.jpg 300w, https:\/\/www.monsiegeautobebe.fr\/wp-content\/uploads\/2019\/10\/nacelle-bebe-jane-imatrix-768x768.jpg 768w, https:\/\/www.monsiegeautobebe.fr\/wp-content\/uploads\/2019\/10\/nacelle-bebe-jane-imatrix-12x12.jpg 12w, https:\/\/www.monsiegeautobebe.fr\/wp-content\/uploads\/2019\/10\/nacelle-bebe-jane-imatrix-450x450.jpg 450w, https:\/\/www.monsiegeautobebe.fr\/wp-content\/uploads\/2019\/10\/nacelle-bebe-jane-imatrix.jpg 1000w\" sizes=\"(max-width: 80px) 100vw, 80px\" \/>Jan\u00e9 iMatrix<\/a><\/center><\/th>\n<\/tr>\n<\/thead>\n<tbody>\n<tr>\n<td>Certification<\/td>\n<td>R129 (i-Size)<\/td>\n<td>R129 (i-Size)<\/td>\n<td>R129 (i-Size)<\/td>\n<\/tr>\n<tr>\n<td>Height \/ Weight<\/td>\n<td>40-70 cm (max. 9 kg)<\/td>\n<td>40-70 cm (max. 9 kg)<\/td>\n<td>40-83 cm (max. 13 kg)<\/td>\n<\/tr>\n<tr>\n<td>Age<\/td>\n<td>Up to 6 months<\/td>\n<td>Up to 6 months<\/td>\n<td>Up to approx. 12 months<\/td>\n<\/tr>\n<tr>\n<td>Installation<\/td>\n<td>ISOFIX<\/td>\n<td>ISOFIX<\/td>\n<td>ISOFIX<\/td>\n<\/tr>\n<tr>\n<td>Seat position<\/td>\n<td>Transversal<\/td>\n<td>Transversal<\/td>\n<td>Back to the road<\/td>\n<\/tr>\n<tr>\n<td>Reducer<\/td>\n<td>\u2705<\/td>\n<td>\u2705<\/td>\n<td>\u2705<\/td>\n<\/tr>\n<tr>\n<td>Reclining backrest<\/td>\n<td>Lying flat<\/td>\n<td>Lying flat<\/td>\n<td>\u2705<\/td>\n<\/tr>\n<tr>\n<td>Rotation<\/td>\n<td>\u274c<\/td>\n<td>\u274c<\/td>\n<td>\u274c<\/td>\n<\/tr>\n<tr>\n<td>Side guards<\/td>\n<td>\u274c<\/td>\n<td>\u274c<\/td>\n<td>\u274c<\/td>\n<\/tr>\n<tr>\n<td>Adjustable headrest<\/td>\n<td>\u274c<\/td>\n<td>\u274c<\/td>\n<td>\u2705<\/td>\n<\/tr>\n<tr>\n<td>Anti-rebound bar<\/td>\n<td>\u2705<\/td>\n<td>\u2705<\/td>\n<td>\u274c<\/td>\n<\/tr>\n<tr>\n<td>Compatible base<\/td>\n<td>Base 3wayFix, FamilyFix 3 &amp; BabyFix<\/td>\n<td>i-Base Encore &amp; i-Base LX 2<\/td>\n<td>iPlatform database<\/td>\n<\/tr>\n<tr>\n<td>ADAC test<\/td>\n<td>Very good (1.5)<\/td>\n<td>Good (2.2)<\/td>\n<td>Good (2.3)<\/td>\n<\/tr>\n<tr>\n<td>Dimensions (W x D x H)<\/td>\n<td>47.5\u00d780.5\u00d758 cm<\/td>\n<td>44.8\u00d760.6\u00d782.4 cm<\/td>\n<td>44x62x83 cm<\/td>\n<\/tr>\n<tr>\n<td>Weight<\/td>\n<td>6 kg<\/td>\n<td>3.6 kg<\/td>\n<td>5.5 kg<\/td>\n<\/tr>\n<\/tbody>\n<\/table>\n<ul>\n<li>\n<h3><span class=\"ez-toc-section\" id=\"Maxi_Cosi_Jade\"><\/span>Maxi Cosi Jade<span class=\"ez-toc-section-end\"><\/span><\/h3>\n<\/li>\n<\/ul>\n<p><a href=\"https:\/\/www.monsiegeautobebe.fr\/wp-content\/uploads\/2019\/10\/nacelle-jade-maxi-cosi.jpg\"><img loading=\"lazy\" decoding=\"async\" class=\"aligncenter size-full wp-image-8746\" src=\"https:\/\/www.monsiegeautobebe.fr\/wp-content\/uploads\/2019\/10\/nacelle-jade-maxi-cosi.jpg\" alt=\"jade maxi cosi carrycot\" width=\"1200\" height=\"800\" srcset=\"https:\/\/www.monsiegeautobebe.fr\/wp-content\/uploads\/2019\/10\/nacelle-jade-maxi-cosi.jpg 1200w, https:\/\/www.monsiegeautobebe.fr\/wp-content\/uploads\/2019\/10\/nacelle-jade-maxi-cosi-300x200.jpg 300w, https:\/\/www.monsiegeautobebe.fr\/wp-content\/uploads\/2019\/10\/nacelle-jade-maxi-cosi-1024x683.jpg 1024w, https:\/\/www.monsiegeautobebe.fr\/wp-content\/uploads\/2019\/10\/nacelle-jade-maxi-cosi-768x512.jpg 768w, https:\/\/www.monsiegeautobebe.fr\/wp-content\/uploads\/2019\/10\/nacelle-jade-maxi-cosi-18x12.jpg 18w, https:\/\/www.monsiegeautobebe.fr\/wp-content\/uploads\/2019\/10\/nacelle-jade-maxi-cosi-150x100.jpg 150w, https:\/\/www.monsiegeautobebe.fr\/wp-content\/uploads\/2019\/10\/nacelle-jade-maxi-cosi-450x300.jpg 450w\" sizes=\"(max-width: 1200px) 100vw, 1200px\" \/><\/a><\/p>\n<p>It's hard to compete with Maxi Cosi's Jade carrycot, as its safety and comfort performance surpasses that of the best baby cosies. This isofix carrycot has been developed to transport babies from birth to around 6 months (max. 9 kg). The first baby carrier to comply with the i-Size standard (R129), it ensures optimum protection for your child.<\/p>\n<p><a href=\"https:\/\/www.monsiegeautobebe.fr\/wp-content\/uploads\/2019\/10\/fixation-isofix-nacelle-bebe-maxi-cosi-en-voiture.jpg\"><img loading=\"lazy\" decoding=\"async\" class=\"aligncenter size-full wp-image-8740\" src=\"https:\/\/www.monsiegeautobebe.fr\/wp-content\/uploads\/2019\/10\/fixation-isofix-nacelle-bebe-maxi-cosi-en-voiture.jpg\" alt=\"isofix mounting for baby maxi cosi in car\" width=\"1200\" height=\"800\" srcset=\"https:\/\/www.monsiegeautobebe.fr\/wp-content\/uploads\/2019\/10\/fixation-isofix-nacelle-bebe-maxi-cosi-en-voiture.jpg 1200w, https:\/\/www.monsiegeautobebe.fr\/wp-content\/uploads\/2019\/10\/fixation-isofix-nacelle-bebe-maxi-cosi-en-voiture-300x200.jpg 300w, https:\/\/www.monsiegeautobebe.fr\/wp-content\/uploads\/2019\/10\/fixation-isofix-nacelle-bebe-maxi-cosi-en-voiture-1024x683.jpg 1024w, https:\/\/www.monsiegeautobebe.fr\/wp-content\/uploads\/2019\/10\/fixation-isofix-nacelle-bebe-maxi-cosi-en-voiture-768x512.jpg 768w, https:\/\/www.monsiegeautobebe.fr\/wp-content\/uploads\/2019\/10\/fixation-isofix-nacelle-bebe-maxi-cosi-en-voiture-18x12.jpg 18w, https:\/\/www.monsiegeautobebe.fr\/wp-content\/uploads\/2019\/10\/fixation-isofix-nacelle-bebe-maxi-cosi-en-voiture-150x100.jpg 150w, https:\/\/www.monsiegeautobebe.fr\/wp-content\/uploads\/2019\/10\/fixation-isofix-nacelle-bebe-maxi-cosi-en-voiture-450x300.jpg 450w\" sizes=\"(max-width: 1200px) 100vw, 1200px\" \/><\/a><\/p>\n<p>This baby carrier has a flat sleeping position, ideal for the <a href=\"https:\/\/www.amourdebebe.fr\/categorie-produit\/sommeil-bebe\/\" target=\"_blank\" rel=\"noopener\">rest for newborn babies<\/a>. It can be easily transferred from the car to the pushchair, so there's no need to wake baby. Thanks to its compatibility with the 3wayFix, BabyFix and FamilyFix3 bases, it's easy to install using the <a href=\"https:\/\/www.monsiegeautobebe.fr\/en\/isofix-car-seat-attachment\/\">isofix fixing<\/a>This makes it quick and easy to fit in the car.<\/p>\n<p>Awarded 5 stars by the German Stiftung Warentest, the Maxi Cosi Jade offers exceptional safety and comfort for your child. The ADAC tests confirm its excellent performance with an overall score of 1.5, indicating a very low risk of injury in the event of a head-on or side impact, while ensuring optimum installation and comfort.<\/p>\n<table>\n<thead>\n<tr>\n<th>Features<\/th>\n<th>Maxi-Cosi Jade<\/th>\n<\/tr>\n<\/thead>\n<tbody>\n<tr>\n<td>Certification<\/td>\n<td>R129 (i-Size)<\/td>\n<\/tr>\n<tr>\n<td>Height \/ Weight<\/td>\n<td>40-70 cm (max. 9 kg)<\/td>\n<\/tr>\n<tr>\n<td>Age<\/td>\n<td>Up to 6 months<\/td>\n<\/tr>\n<tr>\n<td>Installation<\/td>\n<td>ISOFIX<\/td>\n<\/tr>\n<tr>\n<td>Seat position<\/td>\n<td>Tranversale<\/td>\n<\/tr>\n<tr>\n<td>Reducer<\/td>\n<td>\u2705<\/td>\n<\/tr>\n<tr>\n<td>Reclining backrest<\/td>\n<td>Lying flat<\/td>\n<\/tr>\n<tr>\n<td>Rotation<\/td>\n<td>\u274c<\/td>\n<\/tr>\n<tr>\n<td>Side guards<\/td>\n<td>\u274c<\/td>\n<\/tr>\n<tr>\n<td>Adjustable headrest<\/td>\n<td>\u274c<\/td>\n<\/tr>\n<tr>\n<td>Anti-rebound bar<\/td>\n<td>\u2705<\/td>\n<\/tr>\n<tr>\n<td>Compatible base<\/td>\n<td>Base 3wayFix, FamilyFix 3 &amp; BabyFix<\/td>\n<\/tr>\n<tr>\n<td>ADAC test<\/td>\n<td>Very good (1.5)<\/td>\n<\/tr>\n<tr>\n<td>Dimensions (W x D x H)<\/td>\n<td>47.5\u00d780.5\u00d758 cm<\/td>\n<\/tr>\n<tr>\n<td>Weight<\/td>\n<td>6 kg<\/td>\n<\/tr>\n<\/tbody>\n<\/table>\n<ul>\n<li>\n<h3><span class=\"ez-toc-section\" id=\"Joie_Calmi\"><\/span>Joie Calmi<span class=\"ez-toc-section-end\"><\/span><\/h3>\n<\/li>\n<\/ul>\n<p><a href=\"https:\/\/www.monsiegeautobebe.fr\/wp-content\/uploads\/2019\/10\/nacelle-bebe-joie-calmi-r129.jpg\"><img loading=\"lazy\" decoding=\"async\" class=\"alignleft wp-image-8743\" src=\"https:\/\/www.monsiegeautobebe.fr\/wp-content\/uploads\/2019\/10\/nacelle-bebe-joie-calmi-r129-300x300.jpg\" alt=\"joie calmi r129 baby carrier\" width=\"264\" height=\"264\" srcset=\"https:\/\/www.monsiegeautobebe.fr\/wp-content\/uploads\/2019\/10\/nacelle-bebe-joie-calmi-r129-300x300.jpg 300w, https:\/\/www.monsiegeautobebe.fr\/wp-content\/uploads\/2019\/10\/nacelle-bebe-joie-calmi-r129-150x150.jpg 150w, https:\/\/www.monsiegeautobebe.fr\/wp-content\/uploads\/2019\/10\/nacelle-bebe-joie-calmi-r129-768x768.jpg 768w, https:\/\/www.monsiegeautobebe.fr\/wp-content\/uploads\/2019\/10\/nacelle-bebe-joie-calmi-r129-12x12.jpg 12w, https:\/\/www.monsiegeautobebe.fr\/wp-content\/uploads\/2019\/10\/nacelle-bebe-joie-calmi-r129-450x450.jpg 450w, https:\/\/www.monsiegeautobebe.fr\/wp-content\/uploads\/2019\/10\/nacelle-bebe-joie-calmi-r129.jpg 1000w\" sizes=\"(max-width: 264px) 100vw, 264px\" \/><\/a>The Calmi de Joie carrycot, suitable for babies from birth to around 6 months (40-70 cm, max 13 kg), combines comfort and safety. Compliant with the i-Size standard (R129), it offers a flat sleeping position, perfect for the well-being of newborns. Easy to install on the i-Base Encore swivel isofix base, it ensures secure attachment in the car and can also be fitted to a pushchair using special adapters.<\/p>\n<p>This isofix carrycot has a 3-point harness, a covering apron to keep baby warm and a retractable bonnet with UPF 50+ protection. The Joie Calmi carrycot is also exceptionally light (3.6 kg) and has an ergonomic handle for easy transport.<\/p>\n<p>Tested by the ADAC, this baby carrier achieved an overall score of 2.2, attesting to a very low risk of injury in the event of a side impact and a medium risk in the event of a frontal impact, guaranteeing optimum safety and comfort for the child. What's more, the Joie Calmi carrycot has also been assessed by the TCS (Touring Club Suisse), where it received 4 stars, ranking it as \"highly recommended\" for its overall performance.<\/p>\n<table>\n<thead>\n<tr>\n<th>Features<\/th>\n<th>Joie Calmi<\/th>\n<\/tr>\n<\/thead>\n<tbody>\n<tr>\n<td>Certification<\/td>\n<td>R129 (i-Size)<\/td>\n<\/tr>\n<tr>\n<td>Height \/ Weight<\/td>\n<td>40-70 cm (max. 9 kg)<\/td>\n<\/tr>\n<tr>\n<td>Age<\/td>\n<td>Up to 6 months<\/td>\n<\/tr>\n<tr>\n<td>Installation<\/td>\n<td>ISOFIX<\/td>\n<\/tr>\n<tr>\n<td>Seat position<\/td>\n<td>Transversal<\/td>\n<\/tr>\n<tr>\n<td>Reducer<\/td>\n<td>\u2705<\/td>\n<\/tr>\n<tr>\n<td>Reclining backrest<\/td>\n<td>Lying flat<\/td>\n<\/tr>\n<tr>\n<td>Rotation<\/td>\n<td>\u274c<\/td>\n<\/tr>\n<tr>\n<td>Side guards<\/td>\n<td>\u274c<\/td>\n<\/tr>\n<tr>\n<td>Adjustable headrest<\/td>\n<td>\u274c<\/td>\n<\/tr>\n<tr>\n<td>Anti-rebound bar<\/td>\n<td>\u2705<\/td>\n<\/tr>\n<tr>\n<td>Compatible base<\/td>\n<td>i-Base Encore &amp; i-Base LX 2<\/td>\n<\/tr>\n<tr>\n<td>ADAC test<\/td>\n<td>Good (2.2)<\/td>\n<\/tr>\n<tr>\n<td>Dimensions (W x D x H)<\/td>\n<td>44.8\u00d760.6\u00d782.4 cm<\/td>\n<\/tr>\n<tr>\n<td>Weight<\/td>\n<td>3.6 kg<\/td>\n<\/tr>\n<\/tbody>\n<\/table>\n<ul>\n<li class=\"P0u7UqVl7eYHTLshQatP NecGOJyr5PnXuLMlZclP sc-itUFFH jKcodC\" data-testid=\"child-seat-page-headline\">\n<h3><span class=\"ez-toc-section\" id=\"Jane_iMatrix\"><\/span>Jan\u00e9 iMatrix<span class=\"ez-toc-section-end\"><\/span><\/h3>\n<\/li>\n<\/ul>\n<p><a href=\"https:\/\/www.monsiegeautobebe.fr\/wp-content\/uploads\/2019\/10\/nacelle-bebe-jane-imatrix.jpg\"><img loading=\"lazy\" decoding=\"async\" class=\"alignleft size-medium wp-image-8742\" src=\"https:\/\/www.monsiegeautobebe.fr\/wp-content\/uploads\/2019\/10\/nacelle-bebe-jane-imatrix-300x300.jpg\" alt=\"baby carrycot jan\u00e9 imatrix\" width=\"300\" height=\"300\" srcset=\"https:\/\/www.monsiegeautobebe.fr\/wp-content\/uploads\/2019\/10\/nacelle-bebe-jane-imatrix-300x300.jpg 300w, https:\/\/www.monsiegeautobebe.fr\/wp-content\/uploads\/2019\/10\/nacelle-bebe-jane-imatrix-150x150.jpg 150w, https:\/\/www.monsiegeautobebe.fr\/wp-content\/uploads\/2019\/10\/nacelle-bebe-jane-imatrix-768x768.jpg 768w, https:\/\/www.monsiegeautobebe.fr\/wp-content\/uploads\/2019\/10\/nacelle-bebe-jane-imatrix-12x12.jpg 12w, https:\/\/www.monsiegeautobebe.fr\/wp-content\/uploads\/2019\/10\/nacelle-bebe-jane-imatrix-450x450.jpg 450w, https:\/\/www.monsiegeautobebe.fr\/wp-content\/uploads\/2019\/10\/nacelle-bebe-jane-imatrix.jpg 1000w\" sizes=\"(max-width: 300px) 100vw, 300px\" \/><\/a>The Jan\u00e9 iMatrix baby carrier, which complies with the i-Size R129 standard, is suitable for children from birth to around 12 months (40-83 cm). It is distinguished by its ability to transform into a <a href=\"https:\/\/www.monsiegeautobebe.fr\/en\/\">car seat<\/a>to <a href=\"https:\/\/www.monsiegeautobebe.fr\/en\/voyager-siege-auto-dos-a-la-route\/\">travelling rear facing<\/a> It is easy to install on the iPlatform isofix base. It is easy to install on the iPlatform isofix base, which offers an adjustable recline of up to 11\u00b0 for your child's comfort.<\/p>\n<p><a href=\"https:\/\/www.monsiegeautobebe.fr\/wp-content\/uploads\/2019\/10\/nacelle-isofix-jane-imatrix-en-voiture.jpg\"><img loading=\"lazy\" decoding=\"async\" class=\"aligncenter size-full wp-image-8751\" src=\"https:\/\/www.monsiegeautobebe.fr\/wp-content\/uploads\/2019\/10\/nacelle-isofix-jane-imatrix-en-voiture.jpg\" alt=\"isofix carrycot jan\u00e9 imatrix in the car\" width=\"1000\" height=\"1000\" srcset=\"https:\/\/www.monsiegeautobebe.fr\/wp-content\/uploads\/2019\/10\/nacelle-isofix-jane-imatrix-en-voiture.jpg 1000w, https:\/\/www.monsiegeautobebe.fr\/wp-content\/uploads\/2019\/10\/nacelle-isofix-jane-imatrix-en-voiture-300x300.jpg 300w, https:\/\/www.monsiegeautobebe.fr\/wp-content\/uploads\/2019\/10\/nacelle-isofix-jane-imatrix-en-voiture-150x150.jpg 150w, https:\/\/www.monsiegeautobebe.fr\/wp-content\/uploads\/2019\/10\/nacelle-isofix-jane-imatrix-en-voiture-768x768.jpg 768w, https:\/\/www.monsiegeautobebe.fr\/wp-content\/uploads\/2019\/10\/nacelle-isofix-jane-imatrix-en-voiture-12x12.jpg 12w, https:\/\/www.monsiegeautobebe.fr\/wp-content\/uploads\/2019\/10\/nacelle-isofix-jane-imatrix-en-voiture-450x450.jpg 450w\" sizes=\"(max-width: 1000px) 100vw, 1000px\" \/><\/a><\/p>\n<p>This model has a newborn insert for the safety of the little ones, a waterproof canopy and a covering apron for external protection. Finally, the carrycot is compatible with Jan\u00e9 pushchairs thanks to the Pro-Fix system, making it easy to switch from the car to the pushchair.<\/p>\n<p>The Jan\u00e9 iMatrix isofix carrycot achieved an overall score of 2.3 in the ADAC tests, indicating a low risk of injury in the event of a frontal collision and a medium risk in the event of a side impact. It was also awarded 4 stars in the ANWB tests, underlining its quality and safety.<\/p>\n<table>\n<thead>\n<tr>\n<th><strong>Features<\/strong><\/th>\n<th><strong>Jan\u00e9 iMatrix<\/strong><\/th>\n<\/tr>\n<\/thead>\n<tbody>\n<tr>\n<td><strong>Certification<\/strong><\/td>\n<td>R129 (i-Size)<\/td>\n<\/tr>\n<tr>\n<td><strong>Height \/ Weight<\/strong><\/td>\n<td>40-83 cm (max. 13 kg)<\/td>\n<\/tr>\n<tr>\n<td><strong>Age<\/strong><\/td>\n<td>Up to approx. 12 months<\/td>\n<\/tr>\n<tr>\n<td><strong>Seat position<\/strong><\/td>\n<td>Back to the road<\/td>\n<\/tr>\n<tr>\n<td><strong>Installation<\/strong><\/td>\n<td>ISOFIX<\/td>\n<\/tr>\n<tr>\n<td><strong>Reducer<\/strong><\/td>\n<td>\u2705<\/td>\n<\/tr>\n<tr>\n<td><strong>Reclining backrest<\/strong><\/td>\n<td>\u2705<\/td>\n<\/tr>\n<tr>\n<td><strong>Rotation<\/strong><\/td>\n<td>\u274c<\/td>\n<\/tr>\n<tr>\n<td><strong>Side guards<\/strong><\/td>\n<td>\u274c<\/td>\n<\/tr>\n<tr>\n<td><strong>Adjustable headrest<\/strong><\/td>\n<td>\u2705<\/td>\n<\/tr>\n<tr>\n<td><strong>Anti-bounce bar<\/strong><\/td>\n<td>\u274c<\/td>\n<\/tr>\n<tr>\n<td><strong>Compatible base<\/strong><\/td>\n<td>iPlatform database<\/td>\n<\/tr>\n<tr>\n<td><strong>ADAC test<\/strong><\/td>\n<td>Good (2.3)<\/td>\n<\/tr>\n<tr>\n<td><strong>Dimensions<\/strong><\/td>\n<td>44x62x83 cm<\/td>\n<\/tr>\n<tr>\n<td><strong>Weight<\/strong><\/td>\n<td>5.5 kg<\/td>\n<\/tr>\n<\/tbody>\n<\/table>\n<h2><span class=\"ez-toc-section\" id=\"Criteres_De_Selection_Dune_Nacelle_Bebe\"><\/span>Baby Carrycot Selection Criteria<span class=\"ez-toc-section-end\"><\/span><\/h2>\n<p><a href=\"https:\/\/www.monsiegeautobebe.fr\/wp-content\/uploads\/2019\/10\/criteres-selection-nacelle-auto-bebe.jpg\"><img loading=\"lazy\" decoding=\"async\" class=\"aligncenter size-full wp-image-8752\" src=\"https:\/\/www.monsiegeautobebe.fr\/wp-content\/uploads\/2019\/10\/criteres-selection-nacelle-auto-bebe.jpg\" alt=\"baby carrier selection criteria\" width=\"1200\" height=\"800\" srcset=\"https:\/\/www.monsiegeautobebe.fr\/wp-content\/uploads\/2019\/10\/criteres-selection-nacelle-auto-bebe.jpg 1200w, https:\/\/www.monsiegeautobebe.fr\/wp-content\/uploads\/2019\/10\/criteres-selection-nacelle-auto-bebe-300x200.jpg 300w, https:\/\/www.monsiegeautobebe.fr\/wp-content\/uploads\/2019\/10\/criteres-selection-nacelle-auto-bebe-1024x683.jpg 1024w, https:\/\/www.monsiegeautobebe.fr\/wp-content\/uploads\/2019\/10\/criteres-selection-nacelle-auto-bebe-768x512.jpg 768w, https:\/\/www.monsiegeautobebe.fr\/wp-content\/uploads\/2019\/10\/criteres-selection-nacelle-auto-bebe-18x12.jpg 18w, https:\/\/www.monsiegeautobebe.fr\/wp-content\/uploads\/2019\/10\/criteres-selection-nacelle-auto-bebe-150x100.jpg 150w, https:\/\/www.monsiegeautobebe.fr\/wp-content\/uploads\/2019\/10\/criteres-selection-nacelle-auto-bebe-450x300.jpg 450w\" sizes=\"(max-width: 1200px) 100vw, 1200px\" \/><\/a><\/p>\n<p>When choosing the right baby carrier, there are a number of criteria to take into account to ensure your child's safety and comfort. Here are the main points to consider:<\/p>\n<ol>\n<li><strong>Safety and compliance with standards<\/strong> : La s\u00e9curit\u00e9 est le crit\u00e8re le plus important. Il est important de choisir une nacelle qui respecte les normes de s\u00e9curit\u00e9 europ\u00e9ennes en vigueur comme la norme i Size (R129). Les r\u00e9sultats des tests ADAC sont \u00e9galement particuli\u00e8rement utiles car ils \u00e9valuent non seulement la conformit\u00e9 aux normes, mais aussi la performance\u00a0 des nacelles isofix dans des tests de collision frontale et lat\u00e9rale plus pouss\u00e9es.<\/li>\n<li><strong>Comfort for baby<\/strong> Comfort is essential for your baby's well-being. A good carrycot should be sufficiently padded, offer adequate support for baby's head and back, and be made from breathable materials.<\/li>\n<li><strong>Easy to use and transport<\/strong> A carrycot must be easy to handle. This includes fitting it in the car, removing it and attaching it to a pushchair if it is designed to do so. A light weight and an ergonomic handle are assets.<\/li>\n<li><strong>Compatible with pushchairs<\/strong> If you plan to use the carrycot as a pram, check that it is compatible with your pushchair. Some carrycots are designed to fit specific pushchair models, while others use a universal attachment system.<\/li>\n<\/ol>\n<h2><span class=\"ez-toc-section\" id=\"Resultats_Aux_Tests_ADAC_Criteres_Determinants_Pour_Les_Nacelles_Isofix\"><\/span>ADAC Test Results For Isofix Carrycot Car Seat<span class=\"ez-toc-section-end\"><\/span><\/h2>\n<p><iframe title=\"Maxi-Cosi I Jade car cot I Technical safety\" width=\"788\" height=\"443\" src=\"https:\/\/www.youtube.com\/embed\/llJkJ3wSe8A?feature=oembed\" frameborder=\"0\" allow=\"accelerometer; autoplay; clipboard-write; encrypted-media; gyroscope; picture-in-picture; web-share\" allowfullscreen><\/iframe><\/p>\n<p>The ADAC tests, recognised for their rigour and objectivity, play a crucial role in the evaluation of Isofix carrycots for babies. These tests are particularly important because the safety of carrycots in the event of an accident can be problematic. In fact, very few models managed to achieve good results, particularly in terms of safety. Here are the main criteria assessed by the ADAC for baby car seats and carrycots.<\/p>\n<ul>\n<li><strong>Safety in the event of an accident<\/strong>\u00a0This is the key criterion. The tests include simulations of frontal and lateral collisions to assess the protection offered to the baby. The performance of a carrycot in these tests is essential, as it determines its ability to protect the child in the event of an accident.<\/li>\n<li><strong>Ease of use<\/strong> The ADAC also assesses the ease with which the carrycot can be installed in the car and attached to a pushchair. Simple, intuitive installation is vital to ensure that the carrycot is always used correctly.<\/li>\n<li><strong>Comfort for the child<\/strong> Comfort: The child's comfort is also an important criterion. This includes the space available for the child, the quality of the padding, and the ability of the carrycot to provide a comfortable and safe environment.<\/li>\n<li><strong>Manufacturing quality<\/strong> Durability and the materials used to manufacture the carrycot are examined to assess the overall quality of the product. A well-built carrycot is more likely to withstand the rigours of daily use and provide reliable safety over the long term.<\/li>\n<\/ul>\n<h2><span class=\"ez-toc-section\" id=\"Cosy_Bebe_Ou_Nacelle_Bebe_Quel_Siege_Auto_Privilegier\"><\/span>Baby Car Seat or Baby Carrycot, Which Car Seat Is Better?<span class=\"ez-toc-section-end\"><\/span><\/h2>\n<p><a href=\"https:\/\/www.monsiegeautobebe.fr\/wp-content\/uploads\/2023\/10\/siege-auto-maxi-cosi-pebble.jpg\"><img loading=\"lazy\" decoding=\"async\" class=\"aligncenter size-full wp-image-8403\" src=\"https:\/\/www.monsiegeautobebe.fr\/wp-content\/uploads\/2023\/10\/siege-auto-maxi-cosi-pebble.jpg\" alt=\"maxi cosi pebble car seat\" width=\"1200\" height=\"800\" srcset=\"https:\/\/www.monsiegeautobebe.fr\/wp-content\/uploads\/2023\/10\/siege-auto-maxi-cosi-pebble.jpg 1200w, https:\/\/www.monsiegeautobebe.fr\/wp-content\/uploads\/2023\/10\/siege-auto-maxi-cosi-pebble-300x200.jpg 300w, https:\/\/www.monsiegeautobebe.fr\/wp-content\/uploads\/2023\/10\/siege-auto-maxi-cosi-pebble-1024x683.jpg 1024w, https:\/\/www.monsiegeautobebe.fr\/wp-content\/uploads\/2023\/10\/siege-auto-maxi-cosi-pebble-768x512.jpg 768w, https:\/\/www.monsiegeautobebe.fr\/wp-content\/uploads\/2023\/10\/siege-auto-maxi-cosi-pebble-18x12.jpg 18w, https:\/\/www.monsiegeautobebe.fr\/wp-content\/uploads\/2023\/10\/siege-auto-maxi-cosi-pebble-150x100.jpg 150w, https:\/\/www.monsiegeautobebe.fr\/wp-content\/uploads\/2023\/10\/siege-auto-maxi-cosi-pebble-450x300.jpg 450w\" sizes=\"(max-width: 1200px) 100vw, 1200px\" \/><\/a><\/p>\n<p>The choice between a baby carrier and a baby cosy depends largely on the specific needs of each individual, but also on the child's age, the frequency of use and the type of vehicle.<\/p>\n<p>The baby cosy positions the child with its back to the road in a semi-seated, or even virtually lying position, offering adequate protection thanks to the adjustable headrest and side protectors. Suitable from birth, it is suitable up to around 15\/18 months (max. 13 kg). The baby cosy is practical, easy to install and compatible with many pushchair systems.<\/p>\n<p>The carrycot, used from birth to around 6 months (max. 9 kg), offers optimum comfort for baby's sleep thanks to its reclining position. However, it takes up a lot of space in the vehicle, often occupying two seats, and is less safe in the event of an accident. These are points to consider when making your choice.<\/p>\n<table>\n<thead>\n<tr>\n<th>Criteria<\/th>\n<th>Baby Carrycot<\/th>\n<th>Baby Car Seat<\/th>\n<\/tr>\n<\/thead>\n<tbody>\n<tr>\n<td>Age<\/td>\n<td>From birth to around 6 months.<\/td>\n<td>From birth to around 15 or 18 months.<\/td>\n<\/tr>\n<tr>\n<td>Weight<\/td>\n<td>9 kg max.<\/td>\n<td>13 kg max.<\/td>\n<\/tr>\n<tr>\n<td>Security<\/td>\n<td>Less safe in the car<\/td>\n<td>The rear-facing position offers greater protection<\/td>\n<\/tr>\n<tr>\n<td>Installation<\/td>\n<td>Isofix<\/td>\n<td>Isofix<\/td>\n<\/tr>\n<tr>\n<td>Orientation<\/td>\n<td>Transversal<\/td>\n<td>Back to the road<\/td>\n<\/tr>\n<tr>\n<td>Position<\/td>\n<td>Only lying down<\/td>\n<td>Semi-seated\/recumbent<\/td>\n<\/tr>\n<tr>\n<td>Space in the vehicle<\/td>\n<td>Bulky, requires two seats<\/td>\n<td>More compact<\/td>\n<\/tr>\n<tr>\n<td>ADAC tests<\/td>\n<td>Very few models recommended<\/td>\n<td>Wide choice of recommended models<\/td>\n<\/tr>\n<\/tbody>\n<\/table>\n<h2><span class=\"ez-toc-section\" id=\"Jusqua_Quel_Age_Utiliser_Une_Nacelle_Bebe\"><\/span>Up to what age should a baby carrycot be used?<span class=\"ez-toc-section-end\"><\/span><\/h2>\n<p><a href=\"https:\/\/www.monsiegeautobebe.fr\/wp-content\/uploads\/2019\/10\/nacelle-auto-bebe.jpg\"><img loading=\"lazy\" decoding=\"async\" class=\"aligncenter size-full wp-image-8738\" src=\"https:\/\/www.monsiegeautobebe.fr\/wp-content\/uploads\/2019\/10\/nacelle-auto-bebe.jpg\" alt=\"baby carrier\" width=\"1200\" height=\"800\" srcset=\"https:\/\/www.monsiegeautobebe.fr\/wp-content\/uploads\/2019\/10\/nacelle-auto-bebe.jpg 1200w, https:\/\/www.monsiegeautobebe.fr\/wp-content\/uploads\/2019\/10\/nacelle-auto-bebe-300x200.jpg 300w, https:\/\/www.monsiegeautobebe.fr\/wp-content\/uploads\/2019\/10\/nacelle-auto-bebe-1024x683.jpg 1024w, https:\/\/www.monsiegeautobebe.fr\/wp-content\/uploads\/2019\/10\/nacelle-auto-bebe-768x512.jpg 768w, https:\/\/www.monsiegeautobebe.fr\/wp-content\/uploads\/2019\/10\/nacelle-auto-bebe-18x12.jpg 18w, https:\/\/www.monsiegeautobebe.fr\/wp-content\/uploads\/2019\/10\/nacelle-auto-bebe-150x100.jpg 150w, https:\/\/www.monsiegeautobebe.fr\/wp-content\/uploads\/2019\/10\/nacelle-auto-bebe-450x300.jpg 450w\" sizes=\"(max-width: 1200px) 100vw, 1200px\" \/><\/a><\/p>\n<p>Switching from a baby carrier to a car seat is an important step in ensuring your child's safety and comfort. Here are a few key points to consider when determining the ideal time to make this change:<\/p>\n<ul>\n<li><strong>Child's age and weight :<\/strong> Most baby carriers are designed for newborns up to around 6 months (40-70 cm) or until the baby reaches a certain weight, usually between 9 and 13 kg, depending on the model. Once your child has reached the age or maximum weight recommended for a carrycot, it's time to switch to a car seat.<\/li>\n<li><strong>Physical development :<\/strong> If your baby starts to sit up, roll over or show signs of wanting to sit up, this is an indicator that he or she is ready for a car seat. Carrycots are designed for babies who cannot yet sit up on their own.<\/li>\n<li><strong>Child comfort :<\/strong> If you notice that your child seems cramped or uncomfortable in the carrycot, it could be a sign that it's time to switch to a car seat to give him more space and support.<\/li>\n<li><strong>Safety standards :<\/strong> Car seats are designed to offer greater protection than carrycots in the event of a collision. They are fitted with harness systems and side protection adapted to the child's growth.<\/li>\n<\/ul>\n<h2><span class=\"ez-toc-section\" id=\"Comment_Attacher_Nacelle_Bebe_Dans_La_Voiture\"><\/span>How To Attach A Baby Carrycot Car Seat In The Car<span class=\"ez-toc-section-end\"><\/span><\/h2>\n<p>When fitting a baby carrier in the car, especially one with an Isofix base, you need to follow a number of precise steps to ensure your child's safety. Here's how to install it easily:<\/p>\n<h3><span class=\"ez-toc-section\" id=\"1_Installation_Base_Isofix_Pour_Nacelle_Bebe\"><\/span>1. Isofix Base Installation For Carrycot Car Seat<span class=\"ez-toc-section-end\"><\/span><\/h3>\n<p><iframe title=\"Maxi-Cosi | 3wayFix | How to install\" width=\"788\" height=\"443\" src=\"https:\/\/www.youtube.com\/embed\/2qkfO-SkuQ0?feature=oembed\" frameborder=\"0\" allow=\"accelerometer; autoplay; clipboard-write; encrypted-media; gyroscope; picture-in-picture; web-share\" allowfullscreen><\/iframe><\/p>\n<ol>\n<li><strong>Locating the Isofix Anchor Points<\/strong> In your vehicle, locate the Isofix anchorage points. They are usually located between the backrest and the seat of the rear seat.<\/li>\n<li><strong>Positioning the Isofix base<\/strong> Place the Isofix base on the car seat, aligning its attachment arms with your vehicle's Isofix anchorage points.<\/li>\n<li><strong>Fixing the Base<\/strong> Insert the base's attachment arms into the Isofix anchorage points until you hear a click, indicating that the base is correctly attached. Some Isofix base models have indicators that change colour or emit an audible signal to confirm that the installation is secure.<\/li>\n<li><strong>Check stability<\/strong> Once the base is in place, try moving it around to make sure it is stable and firmly anchored.<\/li>\n<\/ol>\n<h3><span class=\"ez-toc-section\" id=\"2_Fixation_Nacelle_Bebe_Sur_Base_Isofix\"><\/span>2. Installing Carrycot Car Seat On The Isofix Base<span class=\"ez-toc-section-end\"><\/span><\/h3>\n<p><iframe title=\"Maxi-Cosi | Jade | How to install\" width=\"788\" height=\"443\" src=\"https:\/\/www.youtube.com\/embed\/6UiG-YdNRfQ?feature=oembed\" frameborder=\"0\" allow=\"accelerometer; autoplay; clipboard-write; encrypted-media; gyroscope; picture-in-picture; web-share\" allowfullscreen><\/iframe><\/p>\n<ol>\n<li><strong>Align the nacelle with the base<\/strong> Position the carrycot above the Isofix base, aligning the connection points.<\/li>\n<li><strong>Securing the nacelle<\/strong> Lower the carrycot onto the base until you hear a click, indicating that the carrycot is correctly attached to the base.<\/li>\n<li><strong>Check the installation<\/strong>As with the base, check that the carrycot is securely fastened by trying to move it. It should not move.<\/li>\n<li><strong>Settling baby in<\/strong> Place your baby in the carrycot and fasten with the safety harnesses provided.<\/li>\n<\/ol>\n<h3><span class=\"ez-toc-section\" id=\"Conseils_Astuces_Pour_Fixation_Nacelle_Isofix\"><\/span>Isofix Carrycot Car Seat Fixing Tips &amp; Tricks<span class=\"ez-toc-section-end\"><\/span><\/h3>\n<ul>\n<li><strong>Read the manual <\/strong>First and foremost, it is essential to read the instruction manual supplied with your carrycot and Isofix base carefully. Each model may have its own specific installation requirements, and it is important to follow the steps recommended by the manufacturer.<\/li>\n<li><strong>Nacelle position<\/strong> The majority of carrycots are designed to be installed in a transverse position on the rear seat of the vehicle, i.e. perpendicular to the road. This position is crucial for baby's safety and comfort.<\/li>\n<li><strong>Checking installation indicators<\/strong> After installing the carrycot, it is essential to check carefully that it is correctly attached and that there is no play. Isofix bases are generally fitted with visual or audible indicators to confirm that the base and carrycot are correctly attached. These indicators are a key element in ensuring that the carrycot is correctly secured in the vehicle.<\/li>\n<li><strong>Importance of manual verification :<\/strong> Although there are installation indicators, a manual check is still essential to ensure that the carrycot is secure. Proper, secure fastening is essential to guarantee your baby's safety.<\/li>\n<\/ul>\n<h2><span class=\"ez-toc-section\" id=\"Un_Bebe_Peut-il_Dormir_Dans_Une_Nacelle\"><\/span>Can A Baby Sleep In A Carrycot?<span class=\"ez-toc-section-end\"><\/span><\/h2>\n<p><a href=\"https:\/\/www.monsiegeautobebe.fr\/wp-content\/uploads\/2019\/10\/fiare-dormir-bebe-dans-nacelle.jpg\"><img loading=\"lazy\" decoding=\"async\" class=\"aligncenter size-full wp-image-8741\" src=\"https:\/\/www.monsiegeautobebe.fr\/wp-content\/uploads\/2019\/10\/fiare-dormir-bebe-dans-nacelle.jpg\" alt=\"baby sleeping in carrycot\" width=\"1200\" height=\"800\" srcset=\"https:\/\/www.monsiegeautobebe.fr\/wp-content\/uploads\/2019\/10\/fiare-dormir-bebe-dans-nacelle.jpg 1200w, https:\/\/www.monsiegeautobebe.fr\/wp-content\/uploads\/2019\/10\/fiare-dormir-bebe-dans-nacelle-300x200.jpg 300w, https:\/\/www.monsiegeautobebe.fr\/wp-content\/uploads\/2019\/10\/fiare-dormir-bebe-dans-nacelle-1024x683.jpg 1024w, https:\/\/www.monsiegeautobebe.fr\/wp-content\/uploads\/2019\/10\/fiare-dormir-bebe-dans-nacelle-768x512.jpg 768w, https:\/\/www.monsiegeautobebe.fr\/wp-content\/uploads\/2019\/10\/fiare-dormir-bebe-dans-nacelle-18x12.jpg 18w, https:\/\/www.monsiegeautobebe.fr\/wp-content\/uploads\/2019\/10\/fiare-dormir-bebe-dans-nacelle-150x100.jpg 150w, https:\/\/www.monsiegeautobebe.fr\/wp-content\/uploads\/2019\/10\/fiare-dormir-bebe-dans-nacelle-450x300.jpg 450w\" sizes=\"(max-width: 1200px) 100vw, 1200px\" \/><\/a><\/p>\n<p>Yes, it is possible to have baby sleep in a carrycot, as long as it is designed for prolonged use and meets certain safety and comfort requirements.<\/p>\n<ul>\n<li>Make sure that the carrycot complies with current safety standards. It must be stable, with a mattress suitable for babies.<\/li>\n<li>Choose a mattress that is firm enough to avoid the risk of suffocation. Avoid mattresses that are too soft or the addition of extra cushions.<\/li>\n<li>The carrycot must be placed flat in a safe place, away from objects that could be a danger to baby (cords, curtains, clothes, etc.).<\/li>\n<li>Bear in mind that carrycots are not generally designed for long-term use. As soon as your child starts to roll over or sit up, it's time to switch to a more suitable car seat and cot.<\/li>\n<li>Even when baby is sleeping in a carrycot, it is important to check on him regularly.<\/li>\n<\/ul>\n<h3><span class=\"ez-toc-section\" id=\"Siege_Auto_Inclinable_Lalternative_Parfaite_A_La_Nacelle_Bebe\"><\/span>Reclining Car Seat: The Perfect Alternative To The Carrycot<span class=\"ez-toc-section-end\"><\/span><\/h3>\n<p>Ideal for the first few months, thanks to its reclining position, a baby carrier cannot replace the safety offered by a baby car seat. These baby car seats are essential for protecting your child in the car, offering advanced side protection in the event of a collision.<\/p>\n<p><a href=\"https:\/\/www.monsiegeautobebe.fr\/wp-content\/uploads\/2023\/10\/siege-auto-inclinable-britax-baby-safe-5z2.gif\"><img loading=\"lazy\" decoding=\"async\" class=\"aligncenter size-full wp-image-8404\" src=\"https:\/\/www.monsiegeautobebe.fr\/wp-content\/uploads\/2023\/10\/siege-auto-inclinable-britax-baby-safe-5z2.gif\" alt=\"britax baby safe 5z2 reclining car seat\" width=\"680\" height=\"640\" \/><\/a><\/p>\n<p>You should be aware that some recent reclining car seats can now be adjusted to offer a reclined position, similar to that of a carrycot. These models are an excellent alternative for parents who want to keep their baby in this position while guaranteeing optimum protection in the car.<\/p>\n<p>Wherever possible, parents are advised to combine the use of an isofix carrycot with a baby cosy to ensure maximum safety during car journeys. However, the carrycot remains a wise choice for its versatility and comfort in baby's early months.<\/p>","protected":false},"excerpt":{"rendered":"<p>The baby carrier offers a comfortable and safe resting space for newborns, allowing them to lie completely flat, an ideal position for their well-being, whether on a pushchair ride or a car journey. complying with the strictest safety standards, such as the i-Size standard (R129), the<\/p>","protected":false},"author":2,"featured_media":8739,"comment_status":"open","ping_status":"open","sticky":false,"template":"","format":"standard","meta":{"footnotes":""},"categories":[19,15],"tags":[],"class_list":{"0":"post-1662","1":"post","2":"type-post","3":"status-publish","4":"format-standard","5":"has-post-thumbnail","7":"category-comparatifs","8":"category-siege-auto"},"_links":{"self":[{"href":"https:\/\/www.monsiegeautobebe.fr\/en\/wp-json\/wp\/v2\/posts\/1662","targetHints":{"allow":["GET"]}}],"collection":[{"href":"https:\/\/www.monsiegeautobebe.fr\/en\/wp-json\/wp\/v2\/posts"}],"about":[{"href":"https:\/\/www.monsiegeautobebe.fr\/en\/wp-json\/wp\/v2\/types\/post"}],"author":[{"embeddable":true,"href":"https:\/\/www.monsiegeautobebe.fr\/en\/wp-json\/wp\/v2\/users\/2"}],"replies":[{"embeddable":true,"href":"https:\/\/www.monsiegeautobebe.fr\/en\/wp-json\/wp\/v2\/comments?post=1662"}],"version-history":[{"count":0,"href":"https:\/\/www.monsiegeautobebe.fr\/en\/wp-json\/wp\/v2\/posts\/1662\/revisions"}],"wp:featuredmedia":[{"embeddable":true,"href":"https:\/\/www.monsiegeautobebe.fr\/en\/wp-json\/wp\/v2\/media\/8739"}],"wp:attachment":[{"href":"https:\/\/www.monsiegeautobebe.fr\/en\/wp-json\/wp\/v2\/media?parent=1662"}],"wp:term":[{"taxonomy":"category","embeddable":true,"href":"https:\/\/www.monsiegeautobebe.fr\/en\/wp-json\/wp\/v2\/categories?post=1662"},{"taxonomy":"post_tag","embeddable":true,"href":"https:\/\/www.monsiegeautobebe.fr\/en\/wp-json\/wp\/v2\/tags?post=1662"}],"curies":[{"name":"wp","href":"https:\/\/api.w.org\/{rel}","templated":true}]}}