{"id":1662,"date":"2023-11-21T09:06:06","date_gmt":"2023-11-21T08:06:06","guid":{"rendered":"https:\/\/monsiegeautobebe.fr\/?p=1662"},"modified":"2023-11-29T13:40:32","modified_gmt":"2023-11-29T12:40:32","slug":"beste-babytragetasche-auto","status":"publish","type":"post","link":"https:\/\/www.monsiegeautobebe.fr\/de_ch\/beste-babytragetasche-auto\/","title":{"rendered":"Unsere Auswahl Der Besten Babytragetaschen F\u00fcr Das Auto (Bis Zu 8 Monaten)"},"content":{"rendered":"<p>Die Babywanne bietet einen bequemen und sicheren Schlafplatz f\u00fcr Neugeborene, in dem sie vollst\u00e4ndig flach liegen k\u00f6nnen - eine ideale Position f\u00fcr ihr Wohlbefinden, egal ob bei einem Spaziergang mit dem Kinderwagen oder einer Autofahrt. isofix-kinderwagenaufs\u00e4tze erf\u00fcllen die strengsten Sicherheitsstandards wie i-Size (R129) und sind so konzipiert, dass sie Ihrem Kind unterwegs optimalen Schutz und Komfort bieten. Ob Sie nun eine leichte, leicht zu transportierende Babywanne oder ein Modell mit erweiterten Funktionen suchen, wir werden einige der besten verf\u00fcgbaren Isofix-Babywannen unter die Lupe nehmen, um Ihnen eine fundierte Entscheidung zu erleichtern.<\/p>\n<div id=\"ez-toc-container\" class=\"ez-toc-v2_0_82_2 counter-hierarchy ez-toc-counter ez-toc-grey ez-toc-container-direction\">\n<div class=\"ez-toc-title-container\">\n<p class=\"ez-toc-title\" style=\"cursor:inherit\">Inhaltsverzeichnis<\/p>\n<span class=\"ez-toc-title-toggle\"><a href=\"#\" class=\"ez-toc-pull-right ez-toc-btn ez-toc-btn-xs ez-toc-btn-default ez-toc-toggle\" aria-label=\"Toggle Table of Content\"><span class=\"ez-toc-js-icon-con\"><span class=\"\"><span class=\"eztoc-hide\" style=\"display:none;\">Toggle<\/span><span class=\"ez-toc-icon-toggle-span\"><svg style=\"fill: #999;color:#999\" xmlns=\"http:\/\/www.w3.org\/2000\/svg\" class=\"list-377408\" width=\"20px\" height=\"20px\" viewbox=\"0 0 24 24\" fill=\"none\"><path d=\"M6 6H4v2h2V6zm14 0H8v2h12V6zM4 11h2v2H4v-2zm16 0H8v2h12v-2zM4 16h2v2H4v-2zm16 0H8v2h12v-2z\" fill=\"currentColor\"><\/path><\/svg><svg style=\"fill: #999;color:#999\" class=\"arrow-unsorted-368013\" xmlns=\"http:\/\/www.w3.org\/2000\/svg\" width=\"10px\" height=\"10px\" viewbox=\"0 0 24 24\" version=\"1.2\" baseprofile=\"tiny\"><path d=\"M18.2 9.3l-6.2-6.3-6.2 6.3c-.2.2-.3.4-.3.7s.1.5.3.7c.2.2.4.3.7.3h11c.3 0 .5-.1.7-.3.2-.2.3-.5.3-.7s-.1-.5-.3-.7zM5.8 14.7l6.2 6.3 6.2-6.3c.2-.2.3-.5.3-.7s-.1-.5-.3-.7c-.2-.2-.4-.3-.7-.3h-11c-.3 0-.5.1-.7.3-.2.2-.3.5-.3.7s.1.5.3.7z\"\/><\/svg><\/span><\/span><\/span><\/a><\/span><\/div>\n<nav><ul class='ez-toc-list ez-toc-list-level-1 eztoc-toggle-hide-by-default' ><li class='ez-toc-page-1 ez-toc-heading-level-2'><a class=\"ez-toc-link ez-toc-heading-1\" href=\"https:\/\/www.monsiegeautobebe.fr\/de_ch\/beste-babytragetasche-auto\/#Quest_Ce_Quune_Nacelle_Bebe\" >Was Ist Eine Baby Tragetasche?<\/a><ul class='ez-toc-list-level-3' ><li class='ez-toc-heading-level-3'><a class=\"ez-toc-link ez-toc-heading-2\" href=\"https:\/\/www.monsiegeautobebe.fr\/de_ch\/beste-babytragetasche-auto\/#Fonctionnalites\" >Funktionen<\/a><\/li><li class='ez-toc-page-1 ez-toc-heading-level-3'><a class=\"ez-toc-link ez-toc-heading-3\" href=\"https:\/\/www.monsiegeautobebe.fr\/de_ch\/beste-babytragetasche-auto\/#Installation_dans_le_vehicule\" >Installation im Fahrzeug<\/a><\/li><\/ul><\/li><li class='ez-toc-page-1 ez-toc-heading-level-2'><a class=\"ez-toc-link ez-toc-heading-4\" href=\"https:\/\/www.monsiegeautobebe.fr\/de_ch\/beste-babytragetasche-auto\/#Selection_Des_Meilleures_Nacelles_Bebe\" >Auswahl Der Besten Babytragetaschen<\/a><ul class='ez-toc-list-level-3' ><li class='ez-toc-heading-level-3'><a class=\"ez-toc-link ez-toc-heading-5\" href=\"https:\/\/www.monsiegeautobebe.fr\/de_ch\/beste-babytragetasche-auto\/#Maxi_Cosi_Jade\" >Maxi Cosi Jade<\/a><\/li><li class='ez-toc-page-1 ez-toc-heading-level-3'><a class=\"ez-toc-link ez-toc-heading-6\" href=\"https:\/\/www.monsiegeautobebe.fr\/de_ch\/beste-babytragetasche-auto\/#Joie_Calmi\" >Joie Calmi<\/a><\/li><li class='ez-toc-page-1 ez-toc-heading-level-3'><a class=\"ez-toc-link ez-toc-heading-7\" href=\"https:\/\/www.monsiegeautobebe.fr\/de_ch\/beste-babytragetasche-auto\/#Jane_iMatrix\" >Jan\u00e9 iMatrix<\/a><\/li><\/ul><\/li><li class='ez-toc-page-1 ez-toc-heading-level-2'><a class=\"ez-toc-link ez-toc-heading-8\" href=\"https:\/\/www.monsiegeautobebe.fr\/de_ch\/beste-babytragetasche-auto\/#Criteres_De_Selection_Dune_Nacelle_Bebe\" >Kriterien F\u00fcr Die Auswahl Einer Babywanne<\/a><\/li><li class='ez-toc-page-1 ez-toc-heading-level-2'><a class=\"ez-toc-link ez-toc-heading-9\" href=\"https:\/\/www.monsiegeautobebe.fr\/de_ch\/beste-babytragetasche-auto\/#Resultats_Aux_Tests_ADAC_Criteres_Determinants_Pour_Les_Nacelles_Isofix\" >ADAC Testergebnisse F\u00fcr Isofix Babytragetasche Auto<\/a><\/li><li class='ez-toc-page-1 ez-toc-heading-level-2'><a class=\"ez-toc-link ez-toc-heading-10\" href=\"https:\/\/www.monsiegeautobebe.fr\/de_ch\/beste-babytragetasche-auto\/#Cosy_Bebe_Ou_Nacelle_Bebe_Quel_Siege_Auto_Privilegier\" >Babyschale Oder Babytragetasche, Welcher Kindersitz Ist Besser?<\/a><\/li><li class='ez-toc-page-1 ez-toc-heading-level-2'><a class=\"ez-toc-link ez-toc-heading-11\" href=\"https:\/\/www.monsiegeautobebe.fr\/de_ch\/beste-babytragetasche-auto\/#Jusqua_Quel_Age_Utiliser_Une_Nacelle_Bebe\" >Wie Lange Brauchen Babys Eine Babytragetasche Auto?<\/a><\/li><li class='ez-toc-page-1 ez-toc-heading-level-2'><a class=\"ez-toc-link ez-toc-heading-12\" href=\"https:\/\/www.monsiegeautobebe.fr\/de_ch\/beste-babytragetasche-auto\/#Comment_Attacher_Nacelle_Bebe_Dans_La_Voiture\" >Wie Man Eine Babytragetasche Im Auto Befestigt<\/a><ul class='ez-toc-list-level-3' ><li class='ez-toc-heading-level-3'><a class=\"ez-toc-link ez-toc-heading-13\" href=\"https:\/\/www.monsiegeautobebe.fr\/de_ch\/beste-babytragetasche-auto\/#1_Installation_Base_Isofix_Pour_Nacelle_Bebe\" >1. Isofix Station installation f\u00fcr Babytragetasche<\/a><\/li><li class='ez-toc-page-1 ez-toc-heading-level-3'><a class=\"ez-toc-link ez-toc-heading-14\" href=\"https:\/\/www.monsiegeautobebe.fr\/de_ch\/beste-babytragetasche-auto\/#2_Fixation_Nacelle_Bebe_Sur_Base_Isofix\" >2. Einbau Der Babytragetasche Auf Der Isofix Basis<\/a><\/li><li class='ez-toc-page-1 ez-toc-heading-level-3'><a class=\"ez-toc-link ez-toc-heading-15\" href=\"https:\/\/www.monsiegeautobebe.fr\/de_ch\/beste-babytragetasche-auto\/#Conseils_Astuces_Pour_Fixation_Nacelle_Isofix\" >Tipps &amp; Tricks Zur Befestigung Des Isofix Babytragetasche<\/a><\/li><\/ul><\/li><li class='ez-toc-page-1 ez-toc-heading-level-2'><a class=\"ez-toc-link ez-toc-heading-16\" href=\"https:\/\/www.monsiegeautobebe.fr\/de_ch\/beste-babytragetasche-auto\/#Un_Bebe_Peut-il_Dormir_Dans_Une_Nacelle\" >Kann Ein Baby In Einer Babytragetasche Schlafen?<\/a><ul class='ez-toc-list-level-3' ><li class='ez-toc-heading-level-3'><a class=\"ez-toc-link ez-toc-heading-17\" href=\"https:\/\/www.monsiegeautobebe.fr\/de_ch\/beste-babytragetasche-auto\/#Siege_Auto_Inclinable_Lalternative_Parfaite_A_La_Nacelle_Bebe\" >Kindersitz Mit Liegefunktion : Die Perfekte Alternative Zur Babytragetasche<\/a><\/li><\/ul><\/li><\/ul><\/nav><\/div>\n<h2><span class=\"ez-toc-section\" id=\"Quest_Ce_Quune_Nacelle_Bebe\"><\/span>Was Ist Eine Baby Tragetasche?<span class=\"ez-toc-section-end\"><\/span><\/h2>\n<p><a href=\"https:\/\/www.monsiegeautobebe.fr\/wp-content\/uploads\/2019\/10\/fixer-nacelle-isofix-dans-la-voiture.jpg\"><img fetchpriority=\"high\" decoding=\"async\" class=\"aligncenter size-full wp-image-8737\" src=\"https:\/\/www.monsiegeautobebe.fr\/wp-content\/uploads\/2019\/10\/fixer-nacelle-isofix-dans-la-voiture.jpg\" alt=\"Isofix-Kinderwagenaufsatz im Auto befestigen\" width=\"1200\" height=\"800\" srcset=\"https:\/\/www.monsiegeautobebe.fr\/wp-content\/uploads\/2019\/10\/fixer-nacelle-isofix-dans-la-voiture.jpg 1200w, https:\/\/www.monsiegeautobebe.fr\/wp-content\/uploads\/2019\/10\/fixer-nacelle-isofix-dans-la-voiture-300x200.jpg 300w, https:\/\/www.monsiegeautobebe.fr\/wp-content\/uploads\/2019\/10\/fixer-nacelle-isofix-dans-la-voiture-1024x683.jpg 1024w, https:\/\/www.monsiegeautobebe.fr\/wp-content\/uploads\/2019\/10\/fixer-nacelle-isofix-dans-la-voiture-768x512.jpg 768w, https:\/\/www.monsiegeautobebe.fr\/wp-content\/uploads\/2019\/10\/fixer-nacelle-isofix-dans-la-voiture-18x12.jpg 18w, https:\/\/www.monsiegeautobebe.fr\/wp-content\/uploads\/2019\/10\/fixer-nacelle-isofix-dans-la-voiture-150x100.jpg 150w, https:\/\/www.monsiegeautobebe.fr\/wp-content\/uploads\/2019\/10\/fixer-nacelle-isofix-dans-la-voiture-450x300.jpg 450w\" sizes=\"(max-width: 1200px) 100vw, 1200px\" \/><\/a><\/p>\n<p>Eine babytragetasche ist ein kleines, tragbares Bettchen, das f\u00fcr S\u00e4uglinge von der Geburt bis zum Alter von etwa sechs Monaten entwickelt wurde. \u00c4hnlich wie eine Wiege erm\u00f6glicht sie es dem Baby, in einer liegenden Position zu bleiben und bietet einen gem\u00fctlichen und sicheren Platz, um seinen Schlaf zu bewahren, sei es zu Hause, im Kinderwagen oder im Auto.<\/p>\n<ul>\n<li>\n<h3><span class=\"ez-toc-section\" id=\"Fonctionnalites\"><\/span>Funktionen<span class=\"ez-toc-section-end\"><\/span><\/h3>\n<\/li>\n<\/ul>\n<p><a href=\"https:\/\/www.monsiegeautobebe.fr\/wp-content\/uploads\/2019\/10\/nacelle-bebe-sur-poussette.jpg\"><img decoding=\"async\" class=\"aligncenter size-full wp-image-8748\" src=\"https:\/\/www.monsiegeautobebe.fr\/wp-content\/uploads\/2019\/10\/nacelle-bebe-sur-poussette.jpg\" alt=\"Babywanne auf Kinderwagen\" width=\"1200\" height=\"800\" srcset=\"https:\/\/www.monsiegeautobebe.fr\/wp-content\/uploads\/2019\/10\/nacelle-bebe-sur-poussette.jpg 1200w, https:\/\/www.monsiegeautobebe.fr\/wp-content\/uploads\/2019\/10\/nacelle-bebe-sur-poussette-300x200.jpg 300w, https:\/\/www.monsiegeautobebe.fr\/wp-content\/uploads\/2019\/10\/nacelle-bebe-sur-poussette-1024x683.jpg 1024w, https:\/\/www.monsiegeautobebe.fr\/wp-content\/uploads\/2019\/10\/nacelle-bebe-sur-poussette-768x512.jpg 768w, https:\/\/www.monsiegeautobebe.fr\/wp-content\/uploads\/2019\/10\/nacelle-bebe-sur-poussette-18x12.jpg 18w, https:\/\/www.monsiegeautobebe.fr\/wp-content\/uploads\/2019\/10\/nacelle-bebe-sur-poussette-150x100.jpg 150w, https:\/\/www.monsiegeautobebe.fr\/wp-content\/uploads\/2019\/10\/nacelle-bebe-sur-poussette-450x300.jpg 450w\" sizes=\"(max-width: 1200px) 100vw, 1200px\" \/><\/a><\/p>\n<p>Der Kinderwagenaufsatz verf\u00fcgt \u00fcber eine bequeme Matratze, ein Verdeck, um das Baby vor Wind und Wetter zu sch\u00fctzen, und einen Griff, um den Transport zu erleichtern. Viele Modelle lassen sich leicht auf Kinderwagengestelle aufsetzen und so in einen Kinderwagen verwandeln. Die Babywanne ist oft Teil eines Trio-Pakets, das auch einen Kinderwagen und ein <a href=\"https:\/\/www.monsiegeautobebe.fr\/de_ch\/beste-babyschale\/\">Baby-Cosy<\/a>. Zu Hause kann der Kinderwagenaufsatz auch als Beistellbett verwendet werden und bietet in den ersten Monaten einen Schlafplatz in der N\u00e4he der Eltern.<\/p>\n<ul>\n<li>\n<h3><span class=\"ez-toc-section\" id=\"Installation_dans_le_vehicule\"><\/span>Installation im Fahrzeug<span class=\"ez-toc-section-end\"><\/span><\/h3>\n<\/li>\n<\/ul>\n<p><a href=\"https:\/\/www.monsiegeautobebe.fr\/wp-content\/uploads\/2019\/10\/installation-nacelle-bebe-voiture.jpg\"><img decoding=\"async\" class=\"aligncenter size-full wp-image-8747\" src=\"https:\/\/www.monsiegeautobebe.fr\/wp-content\/uploads\/2019\/10\/installation-nacelle-bebe-voiture.jpg\" alt=\"installation babywanne auto\" width=\"1200\" height=\"800\" srcset=\"https:\/\/www.monsiegeautobebe.fr\/wp-content\/uploads\/2019\/10\/installation-nacelle-bebe-voiture.jpg 1200w, https:\/\/www.monsiegeautobebe.fr\/wp-content\/uploads\/2019\/10\/installation-nacelle-bebe-voiture-300x200.jpg 300w, https:\/\/www.monsiegeautobebe.fr\/wp-content\/uploads\/2019\/10\/installation-nacelle-bebe-voiture-1024x683.jpg 1024w, https:\/\/www.monsiegeautobebe.fr\/wp-content\/uploads\/2019\/10\/installation-nacelle-bebe-voiture-768x512.jpg 768w, https:\/\/www.monsiegeautobebe.fr\/wp-content\/uploads\/2019\/10\/installation-nacelle-bebe-voiture-18x12.jpg 18w, https:\/\/www.monsiegeautobebe.fr\/wp-content\/uploads\/2019\/10\/installation-nacelle-bebe-voiture-150x100.jpg 150w, https:\/\/www.monsiegeautobebe.fr\/wp-content\/uploads\/2019\/10\/installation-nacelle-bebe-voiture-450x300.jpg 450w\" sizes=\"(max-width: 1200px) 100vw, 1200px\" \/><\/a><\/p>\n<p>Bei Autofahrten wird der Kinderwagenaufsatz quer auf der R\u00fcckbank platziert und mit dem Sicherheitsgurt des Fahrzeugs oder, f\u00fcr noch mehr Sicherheit, mit einer Isofix-Basis befestigt. Obwohl sie einen bequemen Platz bietet, ist die Babywanne nicht immer die sicherste L\u00f6sung f\u00fcr Reisen im Auto, insbesondere auf langen Strecken. Im Vergleich zu Babyschalen bieten Babytragetaschen einen geringeren Schutz bei einem Aufprall. Einige neuere Isofix-Tragetaschen, wie die Maxi Cosi Jade, wurden jedoch speziell entwickelt, um eine ausgezeichnete Sicherheit zu bieten.<\/p>\n<h2><span class=\"ez-toc-section\" id=\"Selection_Des_Meilleures_Nacelles_Bebe\"><\/span>Auswahl Der Besten Babytragetaschen<span class=\"ez-toc-section-end\"><\/span><\/h2>\n<table>\n<thead>\n<tr>\n<th>Merkmale<\/th>\n<th><center><a href=\"https:\/\/monsiegeautobebe.fr\/wp-content\/uploads\/2019\/10\/nacelle-jade-bebe-confort-adac.jpg\"><img loading=\"lazy\" decoding=\"async\" class=\"aligncenter size-thumbnail wp-image-1667\" src=\"https:\/\/monsiegeautobebe.fr\/wp-content\/uploads\/2019\/10\/nacelle-jade-bebe-confort-adac-150x150.jpg\" alt=\"Babywanne Maxi Cosi Jade\" width=\"80\" height=\"80\" srcset=\"https:\/\/www.monsiegeautobebe.fr\/wp-content\/uploads\/2019\/10\/nacelle-jade-bebe-confort-adac-150x150.jpg 150w, https:\/\/www.monsiegeautobebe.fr\/wp-content\/uploads\/2019\/10\/nacelle-jade-bebe-confort-adac-300x300.jpg 300w, https:\/\/www.monsiegeautobebe.fr\/wp-content\/uploads\/2019\/10\/nacelle-jade-bebe-confort-adac-336x336.jpg 336w, https:\/\/www.monsiegeautobebe.fr\/wp-content\/uploads\/2019\/10\/nacelle-jade-bebe-confort-adac-600x600.jpg 600w, https:\/\/www.monsiegeautobebe.fr\/wp-content\/uploads\/2019\/10\/nacelle-jade-bebe-confort-adac-768x768.jpg 768w, https:\/\/www.monsiegeautobebe.fr\/wp-content\/uploads\/2019\/10\/nacelle-jade-bebe-confort-adac.jpg 1000w\" sizes=\"(max-width: 80px) 100vw, 80px\" \/>Maxi Cosi Jade<\/a><\/center><\/th>\n<th><center><a href=\"https:\/\/www.monsiegeautobebe.fr\/wp-content\/uploads\/2019\/10\/nacelle-bebe-joie-calmi-r129-150x150.jpg\"><img loading=\"lazy\" decoding=\"async\" class=\"aligncenter size-thumbnail wp-image-8743\" src=\"https:\/\/www.monsiegeautobebe.fr\/wp-content\/uploads\/2019\/10\/nacelle-bebe-joie-calmi-r129.jpg\" alt=\"Babywanne Freude calmi r129\" width=\"80\" height=\"80\" srcset=\"https:\/\/www.monsiegeautobebe.fr\/wp-content\/uploads\/2019\/10\/nacelle-bebe-joie-calmi-r129.jpg 1000w, https:\/\/www.monsiegeautobebe.fr\/wp-content\/uploads\/2019\/10\/nacelle-bebe-joie-calmi-r129-300x300.jpg 300w, https:\/\/www.monsiegeautobebe.fr\/wp-content\/uploads\/2019\/10\/nacelle-bebe-joie-calmi-r129-150x150.jpg 150w, https:\/\/www.monsiegeautobebe.fr\/wp-content\/uploads\/2019\/10\/nacelle-bebe-joie-calmi-r129-768x768.jpg 768w, https:\/\/www.monsiegeautobebe.fr\/wp-content\/uploads\/2019\/10\/nacelle-bebe-joie-calmi-r129-12x12.jpg 12w, https:\/\/www.monsiegeautobebe.fr\/wp-content\/uploads\/2019\/10\/nacelle-bebe-joie-calmi-r129-450x450.jpg 450w\" sizes=\"(max-width: 80px) 100vw, 80px\" \/>Joie Calmi<\/a><\/center><\/th>\n<th><center><a href=\"https:\/\/www.monsiegeautobebe.fr\/wp-content\/uploads\/2019\/10\/nacelle-bebe-jane-imatrix.jpg\"><img loading=\"lazy\" decoding=\"async\" class=\"aligncenter size-full wp-image-8742\" src=\"https:\/\/www.monsiegeautobebe.fr\/wp-content\/uploads\/2019\/10\/nacelle-bebe-jane-imatrix-150x150.jpg\" alt=\"Babywanne Jan\u00e9 Imatrix\" width=\"80\" height=\"80\" srcset=\"https:\/\/www.monsiegeautobebe.fr\/wp-content\/uploads\/2019\/10\/nacelle-bebe-jane-imatrix-150x150.jpg 150w, https:\/\/www.monsiegeautobebe.fr\/wp-content\/uploads\/2019\/10\/nacelle-bebe-jane-imatrix-300x300.jpg 300w, https:\/\/www.monsiegeautobebe.fr\/wp-content\/uploads\/2019\/10\/nacelle-bebe-jane-imatrix-768x768.jpg 768w, https:\/\/www.monsiegeautobebe.fr\/wp-content\/uploads\/2019\/10\/nacelle-bebe-jane-imatrix-12x12.jpg 12w, https:\/\/www.monsiegeautobebe.fr\/wp-content\/uploads\/2019\/10\/nacelle-bebe-jane-imatrix-450x450.jpg 450w, https:\/\/www.monsiegeautobebe.fr\/wp-content\/uploads\/2019\/10\/nacelle-bebe-jane-imatrix.jpg 1000w\" sizes=\"(max-width: 80px) 100vw, 80px\" \/>Jan\u00e9 iMatrix<\/a><\/center><\/th>\n<\/tr>\n<\/thead>\n<tbody>\n<tr>\n<td>Zulassung<\/td>\n<td>R129 (i-Size)<\/td>\n<td>R129 (i-Size)<\/td>\n<td>R129 (i-Size)<\/td>\n<\/tr>\n<tr>\n<td>Gr\u00f6\u00dfe \/ Gewicht<\/td>\n<td>40-70 cm (9 kg max.)<\/td>\n<td>40-70 cm (9 kg max.)<\/td>\n<td>40-83 cm (13 kg max.)<\/td>\n<\/tr>\n<tr>\n<td>Alter<\/td>\n<td>Bis zu 6 Monate<\/td>\n<td>Bis zu 6 Monate<\/td>\n<td>Bis ca. 12 Monate<\/td>\n<\/tr>\n<tr>\n<td>Installation<\/td>\n<td>ISOFIX<\/td>\n<td>ISOFIX<\/td>\n<td>ISOFIX<\/td>\n<\/tr>\n<tr>\n<td>Position des Sitzes<\/td>\n<td>Querbeet<\/td>\n<td>Querbeet<\/td>\n<td>Mit dem R\u00fccken zur Stra\u00dfe<\/td>\n<\/tr>\n<tr>\n<td>Getriebe<\/td>\n<td>\u2705<\/td>\n<td>\u2705<\/td>\n<td>\u2705<\/td>\n<\/tr>\n<tr>\n<td>Neigbare R\u00fcckenlehne<\/td>\n<td>Flacher Schlaf<\/td>\n<td>Flacher Schlaf<\/td>\n<td>\u2705<\/td>\n<\/tr>\n<tr>\n<td>Rotation<\/td>\n<td>\u274c<\/td>\n<td>\u274c<\/td>\n<td>\u274c<\/td>\n<\/tr>\n<tr>\n<td>Seitenschutz<\/td>\n<td>\u274c<\/td>\n<td>\u274c<\/td>\n<td>\u274c<\/td>\n<\/tr>\n<tr>\n<td>Verstellbare Kopfst\u00fctze<\/td>\n<td>\u274c<\/td>\n<td>\u274c<\/td>\n<td>\u2705<\/td>\n<\/tr>\n<tr>\n<td>Anti-R\u00fcckprall-Leiste<\/td>\n<td>\u2705<\/td>\n<td>\u2705<\/td>\n<td>\u274c<\/td>\n<\/tr>\n<tr>\n<td>Kompatible Basis<\/td>\n<td>Basis 3wayFix, FamilyFix 3 &amp; BabyFix<\/td>\n<td>i-Base Encore &amp; i-Base LX 2<\/td>\n<td>iPlatform-Basis<\/td>\n<\/tr>\n<tr>\n<td>ADAC Test<\/td>\n<td>Sehr gut (1.5)<\/td>\n<td>Gut (2.2)<\/td>\n<td>Gut (2.3)<\/td>\n<\/tr>\n<tr>\n<td>Abmessungen (B x T x H)<\/td>\n<td>47.5\u00d780.5\u00d758 cm<\/td>\n<td>44.8\u00d760.6\u00d782.4 cm<\/td>\n<td>44x62x83 cm<\/td>\n<\/tr>\n<tr>\n<td>Gewicht<\/td>\n<td>6 kg<\/td>\n<td>3,6 kg<\/td>\n<td>5,5 kg<\/td>\n<\/tr>\n<\/tbody>\n<\/table>\n<ul>\n<li>\n<h3><span class=\"ez-toc-section\" id=\"Maxi_Cosi_Jade\"><\/span>Maxi Cosi Jade<span class=\"ez-toc-section-end\"><\/span><\/h3>\n<\/li>\n<\/ul>\n<p><a href=\"https:\/\/www.monsiegeautobebe.fr\/wp-content\/uploads\/2019\/10\/nacelle-jade-maxi-cosi.jpg\"><img loading=\"lazy\" decoding=\"async\" class=\"aligncenter size-full wp-image-8746\" src=\"https:\/\/www.monsiegeautobebe.fr\/wp-content\/uploads\/2019\/10\/nacelle-jade-maxi-cosi.jpg\" alt=\"Kinderwagenaufsatz jade maxi cosi\" width=\"1200\" height=\"800\" srcset=\"https:\/\/www.monsiegeautobebe.fr\/wp-content\/uploads\/2019\/10\/nacelle-jade-maxi-cosi.jpg 1200w, https:\/\/www.monsiegeautobebe.fr\/wp-content\/uploads\/2019\/10\/nacelle-jade-maxi-cosi-300x200.jpg 300w, https:\/\/www.monsiegeautobebe.fr\/wp-content\/uploads\/2019\/10\/nacelle-jade-maxi-cosi-1024x683.jpg 1024w, https:\/\/www.monsiegeautobebe.fr\/wp-content\/uploads\/2019\/10\/nacelle-jade-maxi-cosi-768x512.jpg 768w, https:\/\/www.monsiegeautobebe.fr\/wp-content\/uploads\/2019\/10\/nacelle-jade-maxi-cosi-18x12.jpg 18w, https:\/\/www.monsiegeautobebe.fr\/wp-content\/uploads\/2019\/10\/nacelle-jade-maxi-cosi-150x100.jpg 150w, https:\/\/www.monsiegeautobebe.fr\/wp-content\/uploads\/2019\/10\/nacelle-jade-maxi-cosi-450x300.jpg 450w\" sizes=\"(max-width: 1200px) 100vw, 1200px\" \/><\/a><\/p>\n<p>Der Kinderwagenaufsatz Jade von Maxi Cosi ist schwer zu \u00fcbertreffen, da seine Sicherheits- und Komfortleistungen die der besten Babyk\u00f6rbe \u00fcbertreffen. Diese Isofix-Babywanne wurde f\u00fcr den Transport von Babys von der Geburt bis zum Alter von ca. 6 Monaten (max. 9 kg) entwickelt. Als erste Babywanne, die dem i-Size-Standard (R129) entspricht, bietet sie optimalen Schutz f\u00fcr Ihr Kind.<\/p>\n<p><a href=\"https:\/\/www.monsiegeautobebe.fr\/wp-content\/uploads\/2019\/10\/fixation-isofix-nacelle-bebe-maxi-cosi-en-voiture.jpg\"><img loading=\"lazy\" decoding=\"async\" class=\"aligncenter size-full wp-image-8740\" src=\"https:\/\/www.monsiegeautobebe.fr\/wp-content\/uploads\/2019\/10\/fixation-isofix-nacelle-bebe-maxi-cosi-en-voiture.jpg\" alt=\"Isofix-Befestigung Babywanne Maxi Cosi im Auto\" width=\"1200\" height=\"800\" srcset=\"https:\/\/www.monsiegeautobebe.fr\/wp-content\/uploads\/2019\/10\/fixation-isofix-nacelle-bebe-maxi-cosi-en-voiture.jpg 1200w, https:\/\/www.monsiegeautobebe.fr\/wp-content\/uploads\/2019\/10\/fixation-isofix-nacelle-bebe-maxi-cosi-en-voiture-300x200.jpg 300w, https:\/\/www.monsiegeautobebe.fr\/wp-content\/uploads\/2019\/10\/fixation-isofix-nacelle-bebe-maxi-cosi-en-voiture-1024x683.jpg 1024w, https:\/\/www.monsiegeautobebe.fr\/wp-content\/uploads\/2019\/10\/fixation-isofix-nacelle-bebe-maxi-cosi-en-voiture-768x512.jpg 768w, https:\/\/www.monsiegeautobebe.fr\/wp-content\/uploads\/2019\/10\/fixation-isofix-nacelle-bebe-maxi-cosi-en-voiture-18x12.jpg 18w, https:\/\/www.monsiegeautobebe.fr\/wp-content\/uploads\/2019\/10\/fixation-isofix-nacelle-bebe-maxi-cosi-en-voiture-150x100.jpg 150w, https:\/\/www.monsiegeautobebe.fr\/wp-content\/uploads\/2019\/10\/fixation-isofix-nacelle-bebe-maxi-cosi-en-voiture-450x300.jpg 450w\" sizes=\"(max-width: 1200px) 100vw, 1200px\" \/><\/a><\/p>\n<p>Diese Babywanne bietet eine flache Liegeposition, ideal f\u00fcr den <a href=\"https:\/\/www.amourdebebe.fr\/categorie-produit\/sommeil-bebe\/\" target=\"_blank\" rel=\"noopener\">Ruhezeit f\u00fcr Neugeborene<\/a>. Sie kann leicht vom Auto auf den Kinderwagen umgestellt werden und verhindert so, dass das Baby aufwacht. Da sie mit den Basisstationen 3wayFix, BabyFix und FamilyFix3 kompatibel ist, wird die Installation durch das System der <a href=\"https:\/\/www.monsiegeautobebe.fr\/de_ch\/isofix-befestigungs-system-kindersitze\/\">Isofix-Befestigung<\/a>Das bedeutet, dass sie sicher und schnell in das Auto eingebaut werden k\u00f6nnen.<\/p>\n<p>Der Maxi Cosi Jade wurde von der Deutschen Stiftung Warentest mit 5 Sternen ausgezeichnet und bietet au\u00dfergew\u00f6hnliche Sicherheit und Komfort f\u00fcr das Kind. Die ADAC-Tests best\u00e4tigen seine hervorragenden Leistungen mit einer Gesamtnote von 1,5, was auf ein sehr geringes Verletzungsrisiko bei einem Frontal- oder Seitenaufprall hinweist, w\u00e4hrend gleichzeitig eine optimale Installation und ein optimaler Komfort gew\u00e4hrleistet werden.<\/p>\n<table>\n<thead>\n<tr>\n<th>Merkmale<\/th>\n<th>Maxi-Cosi Jade<\/th>\n<\/tr>\n<\/thead>\n<tbody>\n<tr>\n<td>Zulassung<\/td>\n<td>R129 (i-Size)<\/td>\n<\/tr>\n<tr>\n<td>Gr\u00f6\u00dfe \/ Gewicht<\/td>\n<td>40-70 cm (9 kg max.)<\/td>\n<\/tr>\n<tr>\n<td>Alter<\/td>\n<td>Bis zu 6 Monate<\/td>\n<\/tr>\n<tr>\n<td>Installation<\/td>\n<td>ISOFIX<\/td>\n<\/tr>\n<tr>\n<td>Position des Sitzes<\/td>\n<td>Tranversale<\/td>\n<\/tr>\n<tr>\n<td>Getriebe<\/td>\n<td>\u2705<\/td>\n<\/tr>\n<tr>\n<td>Neigbare R\u00fcckenlehne<\/td>\n<td>Flacher Schlaf<\/td>\n<\/tr>\n<tr>\n<td>Rotation<\/td>\n<td>\u274c<\/td>\n<\/tr>\n<tr>\n<td>Seitenschutz<\/td>\n<td>\u274c<\/td>\n<\/tr>\n<tr>\n<td>Verstellbare Kopfst\u00fctze<\/td>\n<td>\u274c<\/td>\n<\/tr>\n<tr>\n<td>Anti-R\u00fcckprall-Leiste<\/td>\n<td>\u2705<\/td>\n<\/tr>\n<tr>\n<td>Kompatible Basis<\/td>\n<td>Basis 3wayFix, FamilyFix 3 &amp; BabyFix<\/td>\n<\/tr>\n<tr>\n<td>ADAC Test<\/td>\n<td>Sehr gut (1.5)<\/td>\n<\/tr>\n<tr>\n<td>Abmessungen (B x T x H)<\/td>\n<td>47.5\u00d780.5\u00d758 cm<\/td>\n<\/tr>\n<tr>\n<td>Gewicht<\/td>\n<td>6 kg<\/td>\n<\/tr>\n<\/tbody>\n<\/table>\n<ul>\n<li>\n<h3><span class=\"ez-toc-section\" id=\"Joie_Calmi\"><\/span>Joie Calmi<span class=\"ez-toc-section-end\"><\/span><\/h3>\n<\/li>\n<\/ul>\n<p><a href=\"https:\/\/www.monsiegeautobebe.fr\/wp-content\/uploads\/2019\/10\/nacelle-bebe-joie-calmi-r129.jpg\"><img loading=\"lazy\" decoding=\"async\" class=\"alignleft wp-image-8743\" src=\"https:\/\/www.monsiegeautobebe.fr\/wp-content\/uploads\/2019\/10\/nacelle-bebe-joie-calmi-r129-300x300.jpg\" alt=\"Babywanne Freude calmi r129\" width=\"264\" height=\"264\" srcset=\"https:\/\/www.monsiegeautobebe.fr\/wp-content\/uploads\/2019\/10\/nacelle-bebe-joie-calmi-r129-300x300.jpg 300w, https:\/\/www.monsiegeautobebe.fr\/wp-content\/uploads\/2019\/10\/nacelle-bebe-joie-calmi-r129-150x150.jpg 150w, https:\/\/www.monsiegeautobebe.fr\/wp-content\/uploads\/2019\/10\/nacelle-bebe-joie-calmi-r129-768x768.jpg 768w, https:\/\/www.monsiegeautobebe.fr\/wp-content\/uploads\/2019\/10\/nacelle-bebe-joie-calmi-r129-12x12.jpg 12w, https:\/\/www.monsiegeautobebe.fr\/wp-content\/uploads\/2019\/10\/nacelle-bebe-joie-calmi-r129-450x450.jpg 450w, https:\/\/www.monsiegeautobebe.fr\/wp-content\/uploads\/2019\/10\/nacelle-bebe-joie-calmi-r129.jpg 1000w\" sizes=\"(max-width: 264px) 100vw, 264px\" \/><\/a>Die Babywanne Calmi von Joie ist f\u00fcr Babys ab der Geburt bis ca. 6 Monate (40-70 cm, max. 13 kg) geeignet und kombiniert Komfort und Sicherheit. Sie entspricht der i-Size-Norm (R129) und bietet eine flache Liegeposition, die perfekt f\u00fcr das Wohlbefinden von Neugeborenen ist. Sie ist einfach auf der drehbaren Isofix-Basis i-Base Encore zu montieren und bietet eine sichere Befestigung im Auto.<\/p>\n<p>Dieser Isofix-Kinderwagenaufsatz ist mit einem 3-Punkt-Gurt, einer bedeckenden Sch\u00fcrze, um das Baby warm zu halten, und einem versenkbaren Verdeck mit UPF 50+ Schutz ausgestattet. Der Kinderwagenaufsatz Joie Calmi zeichnet sich au\u00dferdem durch sein au\u00dfergew\u00f6hnlich geringes Gewicht (3,6 kg) und seinen ergonomischen Griff aus, der den Transport erleichtert.<\/p>\n<p>Diese Babywanne wurde vom ADAC getestet und erhielt eine Gesamtnote von 2,2, was ein sehr geringes Verletzungsrisiko bei einem Seitenaufprall und ein mittleres Risiko bei einem Frontalaufprall bescheinigt und somit optimale Sicherheit und Komfort f\u00fcr das Kind garantiert. Dar\u00fcber hinaus wurde die Joie Calmi Babywanne vom TCS (Touring Club Schweiz) bewertet und erhielt 4 Sterne, wodurch sie als \"sehr empfehlenswert\" f\u00fcr ihre Gesamtleistung eingestuft wurde.<\/p>\n<table>\n<thead>\n<tr>\n<th>Merkmale<\/th>\n<th>Joie Calmi<\/th>\n<\/tr>\n<\/thead>\n<tbody>\n<tr>\n<td>Zulassung<\/td>\n<td>R129 (i-Size)<\/td>\n<\/tr>\n<tr>\n<td>Gr\u00f6\u00dfe \/ Gewicht<\/td>\n<td>40-70 cm (9 kg max.)<\/td>\n<\/tr>\n<tr>\n<td>Alter<\/td>\n<td>Bis zu 6 Monate<\/td>\n<\/tr>\n<tr>\n<td>Installation<\/td>\n<td>ISOFIX<\/td>\n<\/tr>\n<tr>\n<td>Position des Sitzes<\/td>\n<td>Querbeet<\/td>\n<\/tr>\n<tr>\n<td>Getriebe<\/td>\n<td>\u2705<\/td>\n<\/tr>\n<tr>\n<td>Neigbare R\u00fcckenlehne<\/td>\n<td>Flacher Schlaf<\/td>\n<\/tr>\n<tr>\n<td>Rotation<\/td>\n<td>\u274c<\/td>\n<\/tr>\n<tr>\n<td>Seitenschutz<\/td>\n<td>\u274c<\/td>\n<\/tr>\n<tr>\n<td>Verstellbare Kopfst\u00fctze<\/td>\n<td>\u274c<\/td>\n<\/tr>\n<tr>\n<td>Anti-R\u00fcckprall-Leiste<\/td>\n<td>\u2705<\/td>\n<\/tr>\n<tr>\n<td>Kompatible Basis<\/td>\n<td>i-Base Encore &amp; i-Base LX 2<\/td>\n<\/tr>\n<tr>\n<td>ADAC Test<\/td>\n<td>Gut (2.2)<\/td>\n<\/tr>\n<tr>\n<td>Abmessungen (B x T x H)<\/td>\n<td>44.8\u00d760.6\u00d782.4 cm<\/td>\n<\/tr>\n<tr>\n<td>Gewicht<\/td>\n<td>3,6 kg<\/td>\n<\/tr>\n<\/tbody>\n<\/table>\n<ul>\n<li class=\"P0u7UqVl7eYHTLshQatP NecGOJyr5PnXuLMlZclP sc-itUFFH jKcodC\" data-testid=\"child-seat-page-headline\">\n<h3><span class=\"ez-toc-section\" id=\"Jane_iMatrix\"><\/span>Jan\u00e9 iMatrix<span class=\"ez-toc-section-end\"><\/span><\/h3>\n<\/li>\n<\/ul>\n<p><a href=\"https:\/\/www.monsiegeautobebe.fr\/wp-content\/uploads\/2019\/10\/nacelle-bebe-jane-imatrix.jpg\"><img loading=\"lazy\" decoding=\"async\" class=\"alignleft size-medium wp-image-8742\" src=\"https:\/\/www.monsiegeautobebe.fr\/wp-content\/uploads\/2019\/10\/nacelle-bebe-jane-imatrix-300x300.jpg\" alt=\"Babywanne Jan\u00e9 Imatrix\" width=\"300\" height=\"300\" srcset=\"https:\/\/www.monsiegeautobebe.fr\/wp-content\/uploads\/2019\/10\/nacelle-bebe-jane-imatrix-300x300.jpg 300w, https:\/\/www.monsiegeautobebe.fr\/wp-content\/uploads\/2019\/10\/nacelle-bebe-jane-imatrix-150x150.jpg 150w, https:\/\/www.monsiegeautobebe.fr\/wp-content\/uploads\/2019\/10\/nacelle-bebe-jane-imatrix-768x768.jpg 768w, https:\/\/www.monsiegeautobebe.fr\/wp-content\/uploads\/2019\/10\/nacelle-bebe-jane-imatrix-12x12.jpg 12w, https:\/\/www.monsiegeautobebe.fr\/wp-content\/uploads\/2019\/10\/nacelle-bebe-jane-imatrix-450x450.jpg 450w, https:\/\/www.monsiegeautobebe.fr\/wp-content\/uploads\/2019\/10\/nacelle-bebe-jane-imatrix.jpg 1000w\" sizes=\"(max-width: 300px) 100vw, 300px\" \/><\/a>Die Babywanne Jan\u00e9 iMatrix, die der Norm i-Size R129 entspricht, ist f\u00fcr Kinder ab der Geburt bis ca. 12 Monate (40-83 cm) geeignet. Sie zeichnet sich durch ihre F\u00e4higkeit aus, sich in eine <a href=\"https:\/\/www.monsiegeautobebe.fr\/de_ch\/\">Autositz<\/a>und erm\u00f6glicht <a href=\"https:\/\/www.monsiegeautobebe.fr\/de_ch\/reisen-autositz-ruckwartsgerichtet\/\">mit dem R\u00fccken zur Stra\u00dfe reisen<\/a> im Auto und dann wieder als Babywanne f\u00fcr Spazierg\u00e4nge mit dem Kinderwagen. Sie l\u00e4sst sich ganz einfach auf der iPlatform Isofix-Basis anbringen, die f\u00fcr den Komfort des Kindes eine verstellbare Neigung von bis zu 11\u00b0 bietet.<\/p>\n<p><a href=\"https:\/\/www.monsiegeautobebe.fr\/wp-content\/uploads\/2019\/10\/nacelle-isofix-jane-imatrix-en-voiture.jpg\"><img loading=\"lazy\" decoding=\"async\" class=\"aligncenter size-full wp-image-8751\" src=\"https:\/\/www.monsiegeautobebe.fr\/wp-content\/uploads\/2019\/10\/nacelle-isofix-jane-imatrix-en-voiture.jpg\" alt=\"Isofix-Kinderwagenaufsatz jan\u00e9 imatrix im Auto\" width=\"1000\" height=\"1000\" srcset=\"https:\/\/www.monsiegeautobebe.fr\/wp-content\/uploads\/2019\/10\/nacelle-isofix-jane-imatrix-en-voiture.jpg 1000w, https:\/\/www.monsiegeautobebe.fr\/wp-content\/uploads\/2019\/10\/nacelle-isofix-jane-imatrix-en-voiture-300x300.jpg 300w, https:\/\/www.monsiegeautobebe.fr\/wp-content\/uploads\/2019\/10\/nacelle-isofix-jane-imatrix-en-voiture-150x150.jpg 150w, https:\/\/www.monsiegeautobebe.fr\/wp-content\/uploads\/2019\/10\/nacelle-isofix-jane-imatrix-en-voiture-768x768.jpg 768w, https:\/\/www.monsiegeautobebe.fr\/wp-content\/uploads\/2019\/10\/nacelle-isofix-jane-imatrix-en-voiture-12x12.jpg 12w, https:\/\/www.monsiegeautobebe.fr\/wp-content\/uploads\/2019\/10\/nacelle-isofix-jane-imatrix-en-voiture-450x450.jpg 450w\" sizes=\"(max-width: 1000px) 100vw, 1000px\" \/><\/a><\/p>\n<p>Der Jan\u00e9 iMatrix zeichnet sich durch seine vier Neigungspositionen und seine atmungsaktiven Materialien aus. Dieses Modell verf\u00fcgt \u00fcber einen Neugeboreneneinsatz f\u00fcr die Sicherheit der Kleinsten, ein wasserdichtes Verdeck und eine abdeckende Sch\u00fcrze f\u00fcr den Au\u00dfenschutz. Schlie\u00dflich ist der Kinderwagenaufsatz dank des Pro-Fix-Systems mit Jan\u00e9-Kinderwagen kompatibel, wodurch der Wechsel vom Auto zum Kinderwagen erleichtert wird.<\/p>\n<p>Der Jan\u00e9 iMatrix Isofix-Kinderwagenaufsatz erhielt bei den ADAC-Tests eine Gesamtnote von 2,3, was auf ein geringes Verletzungsrisiko bei einem Frontalaufprall und ein mittleres Risiko bei einem Seitenaufprall hinweist. Dar\u00fcber hinaus wurde sie bei den ANWB-Tests mit 4 Sternen ausgezeichnet, was ihre Qualit\u00e4t und Sicherheit unterstreicht.<\/p>\n<table>\n<thead>\n<tr>\n<th><strong>Merkmale<\/strong><\/th>\n<th><strong>Jan\u00e9 iMatrix<\/strong><\/th>\n<\/tr>\n<\/thead>\n<tbody>\n<tr>\n<td><strong>Zulassung<\/strong><\/td>\n<td>R129 (i-Size)<\/td>\n<\/tr>\n<tr>\n<td><strong>Gr\u00f6\u00dfe \/ Gewicht<\/strong><\/td>\n<td>40-83 cm (13 kg max.)<\/td>\n<\/tr>\n<tr>\n<td><strong>Alter<\/strong><\/td>\n<td>Bis ca. 12 Monate<\/td>\n<\/tr>\n<tr>\n<td><strong>Position des Sitzes<\/strong><\/td>\n<td>Mit dem R\u00fccken zur Stra\u00dfe<\/td>\n<\/tr>\n<tr>\n<td><strong>Installation<\/strong><\/td>\n<td>ISOFIX<\/td>\n<\/tr>\n<tr>\n<td><strong>Getriebe<\/strong><\/td>\n<td>\u2705<\/td>\n<\/tr>\n<tr>\n<td><strong>Neigbare R\u00fcckenlehne<\/strong><\/td>\n<td>\u2705<\/td>\n<\/tr>\n<tr>\n<td><strong>Rotation<\/strong><\/td>\n<td>\u274c<\/td>\n<\/tr>\n<tr>\n<td><strong>Seitenschutz<\/strong><\/td>\n<td>\u274c<\/td>\n<\/tr>\n<tr>\n<td><strong>Verstellbare Kopfst\u00fctze<\/strong><\/td>\n<td>\u2705<\/td>\n<\/tr>\n<tr>\n<td><strong>Anti-R\u00fcckprall-Stange<\/strong><\/td>\n<td>\u274c<\/td>\n<\/tr>\n<tr>\n<td><strong>Kompatible Basis<\/strong><\/td>\n<td>iPlatform-Basis<\/td>\n<\/tr>\n<tr>\n<td><strong>ADAC Test<\/strong><\/td>\n<td>Gut (2.3)<\/td>\n<\/tr>\n<tr>\n<td><strong>Abmessungen<\/strong><\/td>\n<td>44x62x83 cm<\/td>\n<\/tr>\n<tr>\n<td><strong>Gewicht<\/strong><\/td>\n<td>5,5 kg<\/td>\n<\/tr>\n<\/tbody>\n<\/table>\n<h2><span class=\"ez-toc-section\" id=\"Criteres_De_Selection_Dune_Nacelle_Bebe\"><\/span>Kriterien F\u00fcr Die Auswahl Einer Babywanne<span class=\"ez-toc-section-end\"><\/span><\/h2>\n<p><a href=\"https:\/\/www.monsiegeautobebe.fr\/wp-content\/uploads\/2019\/10\/criteres-selection-nacelle-auto-bebe.jpg\"><img loading=\"lazy\" decoding=\"async\" class=\"aligncenter size-full wp-image-8752\" src=\"https:\/\/www.monsiegeautobebe.fr\/wp-content\/uploads\/2019\/10\/criteres-selection-nacelle-auto-bebe.jpg\" alt=\"Kriterien f\u00fcr die Auswahl der Babyschale\" width=\"1200\" height=\"800\" srcset=\"https:\/\/www.monsiegeautobebe.fr\/wp-content\/uploads\/2019\/10\/criteres-selection-nacelle-auto-bebe.jpg 1200w, https:\/\/www.monsiegeautobebe.fr\/wp-content\/uploads\/2019\/10\/criteres-selection-nacelle-auto-bebe-300x200.jpg 300w, https:\/\/www.monsiegeautobebe.fr\/wp-content\/uploads\/2019\/10\/criteres-selection-nacelle-auto-bebe-1024x683.jpg 1024w, https:\/\/www.monsiegeautobebe.fr\/wp-content\/uploads\/2019\/10\/criteres-selection-nacelle-auto-bebe-768x512.jpg 768w, https:\/\/www.monsiegeautobebe.fr\/wp-content\/uploads\/2019\/10\/criteres-selection-nacelle-auto-bebe-18x12.jpg 18w, https:\/\/www.monsiegeautobebe.fr\/wp-content\/uploads\/2019\/10\/criteres-selection-nacelle-auto-bebe-150x100.jpg 150w, https:\/\/www.monsiegeautobebe.fr\/wp-content\/uploads\/2019\/10\/criteres-selection-nacelle-auto-bebe-450x300.jpg 450w\" sizes=\"(max-width: 1200px) 100vw, 1200px\" \/><\/a><\/p>\n<p>Bei der Auswahl einer geeigneten Babytragetasche sollten Sie mehrere Kriterien ber\u00fccksichtigen, um sowohl die Sicherheit als auch den Komfort Ihres Kindes zu gew\u00e4hrleisten. Hier sind die wichtigsten Punkte, die Sie beachten sollten:<\/p>\n<ol>\n<li><strong>Sicherheit und Einhaltung von Standards<\/strong> : La s\u00e9curit\u00e9 est le crit\u00e8re le plus important. Il est important de choisir une nacelle qui respecte les normes de s\u00e9curit\u00e9 europ\u00e9ennes en vigueur comme la norme i Size (R129). Les r\u00e9sultats des tests ADAC sont \u00e9galement particuli\u00e8rement utiles car ils \u00e9valuent non seulement la conformit\u00e9 aux normes, mais aussi la performance\u00a0 des nacelles isofix dans des tests de collision frontale et lat\u00e9rale plus pouss\u00e9es.<\/li>\n<li><strong>Komfort f\u00fcr das Baby<\/strong> : Komfort ist f\u00fcr das Wohlbefinden Ihres Babys von entscheidender Bedeutung. Ein guter Kinderwagenaufsatz sollte ausreichend gepolstert sein, Kopf und R\u00fccken des Babys angemessen st\u00fctzen und aus atmungsaktiven Materialien hergestellt sein.<\/li>\n<li><strong>Einfacher Gebrauch und Transport<\/strong> : Ein Kinderwagenaufsatz muss leicht zu handhaben sein. Dazu geh\u00f6ren das Anbringen im Auto, das Herausnehmen sowie die Befestigung an einem Kinderwagen, wenn er daf\u00fcr ausgelegt ist. Ein geringes Gewicht und ein ergonomischer Griff sind von Vorteil.<\/li>\n<li><strong>Kompatibilit\u00e4t mit Kinderwagen<\/strong> : Wenn Sie vorhaben, die Babywanne als Kinderwagen zu verwenden, sollten Sie pr\u00fcfen, ob sie mit Ihrem Kinderwagen kompatibel ist. Manche Babywannen sind so konstruiert, dass sie auf bestimmte Kinderwagenmodelle passen, w\u00e4hrend andere ein universelles Befestigungssystem verwenden.<\/li>\n<\/ol>\n<h2><span class=\"ez-toc-section\" id=\"Resultats_Aux_Tests_ADAC_Criteres_Determinants_Pour_Les_Nacelles_Isofix\"><\/span>ADAC Testergebnisse F\u00fcr Isofix Babytragetasche Auto<span class=\"ez-toc-section-end\"><\/span><\/h2>\n<p><iframe title=\"Maxi-Cosi I Jade car cot I Technical safety\" width=\"788\" height=\"443\" src=\"https:\/\/www.youtube.com\/embed\/llJkJ3wSe8A?feature=oembed\" frameborder=\"0\" allow=\"accelerometer; autoplay; clipboard-write; encrypted-media; gyroscope; picture-in-picture; web-share\" allowfullscreen><\/iframe><\/p>\n<p>Die ADAC-Tests, die f\u00fcr ihre Strenge und Objektivit\u00e4t bekannt sind, spielen eine entscheidende Rolle bei der Bewertung von Isofix-Babytragetaschen. Diese Tests sind besonders wichtig, da die Sicherheit der Babytragetaschen im Falle eines Unfalls problematisch sein kann. Tats\u00e4chlich gelang es nur sehr wenigen Modellen, gute Ergebnisse zu erzielen, insbesondere beim Kriterium der Sicherheit. Hier sind die wichtigsten Kriterien, die der ADAC in Bezug auf Autositze und Babytragetaschen bewertet hat.<\/p>\n<ul>\n<li><strong>Sicherheit bei Unf\u00e4llen<\/strong>\u00a0: Dieses Kriterium ist entscheidend. Die Tests umfassen simulierte Frontal- und Seitenaufpralle, um den Schutz f\u00fcr das Baby zu beurteilen. Die Leistung eines Kinderwagenaufsatzes in diesen Tests ist entscheidend, da sie bestimmt, wie gut er das Kind bei einem Unfall sch\u00fctzen kann.<\/li>\n<li><strong>Einfache Handhabung<\/strong> : Der ADAC bewertet auch, wie einfach die Babywanne in das Auto eingebaut und auf einem Kinderwagen befestigt werden kann. Eine einfache und intuitive Installation ist entscheidend, um sicherzustellen, dass die Babywanne immer korrekt verwendet wird.<\/li>\n<li><strong>Bequemlichkeit f\u00fcr das Kind<\/strong> : Der Komfort des Kindes ist ebenfalls ein wichtiges Kriterium. Dazu geh\u00f6ren der Platz, der dem Kind zur Verf\u00fcgung steht, die Qualit\u00e4t der Polsterung und die F\u00e4higkeit des Kinderwagenaufsatzes, eine komfortable und sichere Umgebung zu bieten.<\/li>\n<li><strong>Qualit\u00e4t der Herstellung<\/strong> : Die Haltbarkeit und die Materialien, die f\u00fcr die Herstellung der Gondel verwendet werden, werden untersucht, um die Gesamtqualit\u00e4t des Produkts zu bewerten. Eine gut gebaute Gondel h\u00e4lt eher den Strapazen des t\u00e4glichen Gebrauchs stand und bietet langfristig zuverl\u00e4ssige Sicherheit.<\/li>\n<\/ul>\n<h2><span class=\"ez-toc-section\" id=\"Cosy_Bebe_Ou_Nacelle_Bebe_Quel_Siege_Auto_Privilegier\"><\/span>Babyschale Oder Babytragetasche, Welcher Kindersitz Ist Besser?<span class=\"ez-toc-section-end\"><\/span><\/h2>\n<p><a href=\"https:\/\/www.monsiegeautobebe.fr\/wp-content\/uploads\/2023\/10\/siege-auto-maxi-cosi-pebble.jpg\"><img loading=\"lazy\" decoding=\"async\" class=\"aligncenter size-full wp-image-8403\" src=\"https:\/\/www.monsiegeautobebe.fr\/wp-content\/uploads\/2023\/10\/siege-auto-maxi-cosi-pebble.jpg\" alt=\"Autositz Maxi Cosi Pebble\" width=\"1200\" height=\"800\" srcset=\"https:\/\/www.monsiegeautobebe.fr\/wp-content\/uploads\/2023\/10\/siege-auto-maxi-cosi-pebble.jpg 1200w, https:\/\/www.monsiegeautobebe.fr\/wp-content\/uploads\/2023\/10\/siege-auto-maxi-cosi-pebble-300x200.jpg 300w, https:\/\/www.monsiegeautobebe.fr\/wp-content\/uploads\/2023\/10\/siege-auto-maxi-cosi-pebble-1024x683.jpg 1024w, https:\/\/www.monsiegeautobebe.fr\/wp-content\/uploads\/2023\/10\/siege-auto-maxi-cosi-pebble-768x512.jpg 768w, https:\/\/www.monsiegeautobebe.fr\/wp-content\/uploads\/2023\/10\/siege-auto-maxi-cosi-pebble-18x12.jpg 18w, https:\/\/www.monsiegeautobebe.fr\/wp-content\/uploads\/2023\/10\/siege-auto-maxi-cosi-pebble-150x100.jpg 150w, https:\/\/www.monsiegeautobebe.fr\/wp-content\/uploads\/2023\/10\/siege-auto-maxi-cosi-pebble-450x300.jpg 450w\" sizes=\"(max-width: 1200px) 100vw, 1200px\" \/><\/a><\/p>\n<p>Die Wahl zwischen einer Babywanne und einem Baby-Cosi h\u00e4ngt weitgehend von den spezifischen Bed\u00fcrfnissen jedes Einzelnen ab, aber auch vom Alter des Kindes, der H\u00e4ufigkeit der Nutzung und dem Fahrzeugtyp.<\/p>\n<p>Der Baby-Cosi positioniert das Kind mit dem R\u00fccken zur Fahrtrichtung in einer halb sitzenden oder sogar fast liegenden Haltung und bietet dank der verstellbaren Kopfst\u00fctze und den Seitenschutzvorrichtungen einen angemessenen Schutz. Sie ist von Geburt an geeignet und passt bis zu einem Alter von ca. 15\/18 Monaten (max. 13 kg). Die Babyschale ist praktisch, einfach zu installieren und mit vielen Kinderwagensystemen kompatibel.<\/p>\n<p>Der Kinderwagenaufsatz, der von der Geburt bis etwa 6 Monate (max. 9 kg) verwendet wird, bietet durch seine Liegeposition einen optimalen Schlafkomfort f\u00fcr das Baby. Allerdings sind ihr Platzbedarf im Fahrzeug, der oft zwei Sitze belegt, und die geringere Sicherheit bei Unf\u00e4llen Punkte, die Sie bei Ihrer Wahl ber\u00fccksichtigen sollten.<\/p>\n<table>\n<thead>\n<tr>\n<th>Kriterium<\/th>\n<th>Babytragetasche<\/th>\n<th>Babyschale<\/th>\n<\/tr>\n<\/thead>\n<tbody>\n<tr>\n<td>Alter<\/td>\n<td>Von der Geburt bis ca. 6 Monate<\/td>\n<td>Von der Geburt bis ca. 15 oder 18 Monate.<\/td>\n<\/tr>\n<tr>\n<td>Gewicht<\/td>\n<td>9 kg max.<\/td>\n<td>13 kg max.<\/td>\n<\/tr>\n<tr>\n<td>Sicherheit<\/td>\n<td>Weniger sicher im Auto<\/td>\n<td>Die r\u00fcckw\u00e4rtsgerichtete Position bietet besseren Schutz<\/td>\n<\/tr>\n<tr>\n<td>Installation<\/td>\n<td>Isofix<\/td>\n<td>Isofix<\/td>\n<\/tr>\n<tr>\n<td>Orientierung<\/td>\n<td>Querbeet<\/td>\n<td>Mit dem R\u00fccken zur Stra\u00dfe<\/td>\n<\/tr>\n<tr>\n<td>Position<\/td>\n<td>Nur liegend<\/td>\n<td>Halbsitzend\/langgestreckt<\/td>\n<\/tr>\n<tr>\n<td>Platz im Fahrzeug<\/td>\n<td>Sperrig, ben\u00f6tigt zwei Pl\u00e4tze<\/td>\n<td>Kompakter<\/td>\n<\/tr>\n<tr>\n<td>ADAC-Tests<\/td>\n<td>Sehr wenige empfohlene Modelle<\/td>\n<td>Gro\u00dfe Auswahl an empfohlenen Modellen<\/td>\n<\/tr>\n<\/tbody>\n<\/table>\n<h2><span class=\"ez-toc-section\" id=\"Jusqua_Quel_Age_Utiliser_Une_Nacelle_Bebe\"><\/span>Wie Lange Brauchen Babys Eine Babytragetasche Auto?<span class=\"ez-toc-section-end\"><\/span><\/h2>\n<p><a href=\"https:\/\/www.monsiegeautobebe.fr\/wp-content\/uploads\/2019\/10\/nacelle-auto-bebe.jpg\"><img loading=\"lazy\" decoding=\"async\" class=\"aligncenter size-full wp-image-8738\" src=\"https:\/\/www.monsiegeautobebe.fr\/wp-content\/uploads\/2019\/10\/nacelle-auto-bebe.jpg\" alt=\"Baby-Autokorb\" width=\"1200\" height=\"800\" srcset=\"https:\/\/www.monsiegeautobebe.fr\/wp-content\/uploads\/2019\/10\/nacelle-auto-bebe.jpg 1200w, https:\/\/www.monsiegeautobebe.fr\/wp-content\/uploads\/2019\/10\/nacelle-auto-bebe-300x200.jpg 300w, https:\/\/www.monsiegeautobebe.fr\/wp-content\/uploads\/2019\/10\/nacelle-auto-bebe-1024x683.jpg 1024w, https:\/\/www.monsiegeautobebe.fr\/wp-content\/uploads\/2019\/10\/nacelle-auto-bebe-768x512.jpg 768w, https:\/\/www.monsiegeautobebe.fr\/wp-content\/uploads\/2019\/10\/nacelle-auto-bebe-18x12.jpg 18w, https:\/\/www.monsiegeautobebe.fr\/wp-content\/uploads\/2019\/10\/nacelle-auto-bebe-150x100.jpg 150w, https:\/\/www.monsiegeautobebe.fr\/wp-content\/uploads\/2019\/10\/nacelle-auto-bebe-450x300.jpg 450w\" sizes=\"(max-width: 1200px) 100vw, 1200px\" \/><\/a><\/p>\n<p>Der Wechsel von einer Babywanne zu einem Autositz ist ein wichtiger Schritt f\u00fcr die Sicherheit und den Komfort Ihres Kindes. Hier sind einige Schl\u00fcsselpunkte, die Sie beachten sollten, um den idealen Zeitpunkt f\u00fcr diesen Wechsel zu bestimmen:<\/p>\n<ul>\n<li><strong>Alter und Gewicht des Kindes :<\/strong> Die meisten Babyk\u00f6rbchen sind f\u00fcr Neugeborene bis etwa 6 Monate (40 bis 70 cm) oder bis zu einem bestimmten Gewicht des Babys ausgelegt, das je nach Modell in der Regel zwischen 9 und 13 kg liegt. Sobald Ihr Kind das empfohlene H\u00f6chstalter oder -gewicht f\u00fcr die Babywanne erreicht hat, ist es an der Zeit, auf einen Autositz umzusteigen.<\/li>\n<li><strong>K\u00f6rperliche Entwicklung :<\/strong> Wenn Ihr Baby beginnt, sich aufzurichten, sich umzudrehen oder Anzeichen zeigt, dass es sitzen m\u00f6chte, ist dies ein Indikator daf\u00fcr, dass es f\u00fcr einen Autositz bereit ist. Babyk\u00f6rbchen sind f\u00fcr Babys gedacht, die noch nicht selbstst\u00e4ndig sitzen k\u00f6nnen.<\/li>\n<li><strong>Komfort f\u00fcr das Kind :<\/strong> Wenn Sie bemerken, dass Ihr Kind in der Babywanne eingeengt wirkt oder sich unwohl f\u00fchlt, kann dies ein Zeichen daf\u00fcr sein, dass es Zeit ist, auf einen Autositz umzusteigen, der dem Kind mehr Platz und Halt bietet.<\/li>\n<li><strong>Sicherheitsstandards :<\/strong> Autositze sind so konstruiert, dass sie im Vergleich zu Babyk\u00f6rbchen einen besseren Schutz bei einem Aufprall bieten. Sie sind mit Gurtsystemen und Seitenschutz ausgestattet, die an das Wachstum des Kindes angepasst sind.<\/li>\n<\/ul>\n<h2><span class=\"ez-toc-section\" id=\"Comment_Attacher_Nacelle_Bebe_Dans_La_Voiture\"><\/span>Wie Man Eine Babytragetasche Im Auto Befestigt<span class=\"ez-toc-section-end\"><\/span><\/h2>\n<p>Bei der Befestigung einer Babywanne im Auto, insbesondere wenn sie mit einer Isofix-Basis ausgestattet ist, m\u00fcssen bestimmte Schritte befolgt werden, um die Sicherheit Ihres Kindes zu gew\u00e4hrleisten. Hier erfahren Sie, wie Sie die Installation ganz einfach durchf\u00fchren k\u00f6nnen :<\/p>\n<h3><span class=\"ez-toc-section\" id=\"1_Installation_Base_Isofix_Pour_Nacelle_Bebe\"><\/span>1. Isofix Station installation f\u00fcr Babytragetasche<span class=\"ez-toc-section-end\"><\/span><\/h3>\n<p><iframe title=\"Maxi-Cosi | 3wayFix | How to install\" width=\"788\" height=\"443\" src=\"https:\/\/www.youtube.com\/embed\/2qkfO-SkuQ0?feature=oembed\" frameborder=\"0\" allow=\"accelerometer; autoplay; clipboard-write; encrypted-media; gyroscope; picture-in-picture; web-share\" allowfullscreen><\/iframe><\/p>\n<ol>\n<li><strong>Lokalisierung von Isofix-Ankerpunkten<\/strong> : Suchen Sie in Ihrem Fahrzeug nach den Isofix-Verankerungspunkten. Sie befinden sich in der Regel zwischen der R\u00fcckenlehne und der Sitzfl\u00e4che des R\u00fccksitzes.<\/li>\n<li><strong>Positionieren Sie die Isofix-Basis<\/strong> : Platzieren Sie die Isofix-Basis auf dem Autositz und richten Sie ihre Befestigungsarme an den Isofix-Verankerungspunkten Ihres Fahrzeugs aus.<\/li>\n<li><strong>Befestigen Sie die Basis<\/strong> : Schieben Sie die Befestigungsarme der Basis in die Isofix-Verankerungspunkte, bis Sie ein Klickger\u00e4usch h\u00f6ren, das bedeutet, dass die Basis richtig befestigt ist. Einige Modelle der Isofix-Basis haben Indikatoren, die ihre Farbe \u00e4ndern oder ein akustisches Signal abgeben, um zu best\u00e4tigen, dass die Installation sicher ist.<\/li>\n<li><strong>Stabilit\u00e4t \u00fcberpr\u00fcfen<\/strong> : Wenn die Basis befestigt ist, versuchen Sie, sie zu bewegen, um sicherzustellen, dass sie stabil und fest verankert ist.<\/li>\n<\/ol>\n<h3><span class=\"ez-toc-section\" id=\"2_Fixation_Nacelle_Bebe_Sur_Base_Isofix\"><\/span>2. Einbau Der Babytragetasche Auf Der Isofix Basis<span class=\"ez-toc-section-end\"><\/span><\/h3>\n<p><iframe title=\"Maxi-Cosi | Jade | How to install\" width=\"788\" height=\"443\" src=\"https:\/\/www.youtube.com\/embed\/6UiG-YdNRfQ?feature=oembed\" frameborder=\"0\" allow=\"accelerometer; autoplay; clipboard-write; encrypted-media; gyroscope; picture-in-picture; web-share\" allowfullscreen><\/iframe><\/p>\n<ol>\n<li><strong>Richten Sie die Gondel mit der Basis aus<\/strong> : Positionieren Sie den Kinderwagenaufsatz \u00fcber der Isofix-Basis und richten Sie dabei die Verbindungspunkte aus.<\/li>\n<li><strong>Die Gondel befestigen<\/strong> : Senken Sie den Korb auf die Basis, bis Sie ein Klickger\u00e4usch h\u00f6ren, das anzeigt, dass der Korb richtig an der Basis befestigt ist.<\/li>\n<li><strong>\u00dcberpr\u00fcfen Sie die Installation<\/strong>: Wie bei der Basis vergewissern Sie sich, dass die Gondel fest sitzt, indem Sie versuchen, sie zu bewegen. Sie sollte sich nicht bewegen.<\/li>\n<li><strong>Baby aufstellen<\/strong> : Legen Sie Ihr Baby in den Kinderwagenaufsatz und sichern Sie es mit den daf\u00fcr vorgesehenen Sicherheitsgurten.<\/li>\n<\/ol>\n<h3><span class=\"ez-toc-section\" id=\"Conseils_Astuces_Pour_Fixation_Nacelle_Isofix\"><\/span>Tipps &amp; Tricks Zur Befestigung Des Isofix Babytragetasche<span class=\"ez-toc-section-end\"><\/span><\/h3>\n<ul>\n<li><strong>Handbuch lesen <\/strong>: Bevor Sie beginnen, m\u00fcssen Sie unbedingt die Bedienungsanleitung, die mit Ihrem Kinderwagenaufsatz und der Isofix-Basis geliefert wird, sorgf\u00e4ltig lesen. Jedes Modell kann seine eigenen Besonderheiten bei der Installation haben, und es ist wichtig, dass Sie die vom Hersteller empfohlenen Schritte befolgen.<\/li>\n<li><strong>Position der Gondel<\/strong> Die meisten Babyk\u00f6rbe sind so konstruiert, dass sie quer auf der R\u00fcckbank des Fahrzeugs, d. h. im rechten Winkel zur Stra\u00dfe, angebracht werden k\u00f6nnen. Diese Position ist f\u00fcr die Sicherheit und den Komfort des Babys von entscheidender Bedeutung.<\/li>\n<li><strong>\u00dcberpr\u00fcfung der Installationsindikatoren<\/strong> Nach der Installation des Kinderwagenaufsatzes ist es sehr wichtig, dass Sie gr\u00fcndlich \u00fcberpr\u00fcfen, ob der Kinderwagenaufsatz richtig befestigt ist und kein Spiel hat. Isofix-Basisstationen sind in der Regel mit visuellen oder akustischen Indikatoren ausgestattet, die best\u00e4tigen, dass die Basis und der Kinderwagenaufsatz richtig befestigt sind. Diese Indikatoren sind ein Schl\u00fcsselelement, um sicherzustellen, dass der Kinderwagenaufsatz richtig im Fahrzeug befestigt ist.<\/li>\n<li><strong>Bedeutung der manuellen \u00dcberpr\u00fcfung :<\/strong> Trotz der Installationsindikatoren bleibt eine manuelle \u00dcberpr\u00fcfung unerl\u00e4sslich, um sicherzustellen, dass der Kinderwagenaufsatz sicher befestigt ist. Eine angemessene und sichere Befestigung ist unerl\u00e4sslich, um die Sicherheit Ihres Babys zu gew\u00e4hrleisten.<\/li>\n<\/ul>\n<h2><span class=\"ez-toc-section\" id=\"Un_Bebe_Peut-il_Dormir_Dans_Une_Nacelle\"><\/span>Kann Ein Baby In Einer Babytragetasche Schlafen?<span class=\"ez-toc-section-end\"><\/span><\/h2>\n<p><a href=\"https:\/\/www.monsiegeautobebe.fr\/wp-content\/uploads\/2019\/10\/fiare-dormir-bebe-dans-nacelle.jpg\"><img loading=\"lazy\" decoding=\"async\" class=\"aligncenter size-full wp-image-8741\" src=\"https:\/\/www.monsiegeautobebe.fr\/wp-content\/uploads\/2019\/10\/fiare-dormir-bebe-dans-nacelle.jpg\" alt=\"fiare Baby in der Tragetasche schlafen\" width=\"1200\" height=\"800\" srcset=\"https:\/\/www.monsiegeautobebe.fr\/wp-content\/uploads\/2019\/10\/fiare-dormir-bebe-dans-nacelle.jpg 1200w, https:\/\/www.monsiegeautobebe.fr\/wp-content\/uploads\/2019\/10\/fiare-dormir-bebe-dans-nacelle-300x200.jpg 300w, https:\/\/www.monsiegeautobebe.fr\/wp-content\/uploads\/2019\/10\/fiare-dormir-bebe-dans-nacelle-1024x683.jpg 1024w, https:\/\/www.monsiegeautobebe.fr\/wp-content\/uploads\/2019\/10\/fiare-dormir-bebe-dans-nacelle-768x512.jpg 768w, https:\/\/www.monsiegeautobebe.fr\/wp-content\/uploads\/2019\/10\/fiare-dormir-bebe-dans-nacelle-18x12.jpg 18w, https:\/\/www.monsiegeautobebe.fr\/wp-content\/uploads\/2019\/10\/fiare-dormir-bebe-dans-nacelle-150x100.jpg 150w, https:\/\/www.monsiegeautobebe.fr\/wp-content\/uploads\/2019\/10\/fiare-dormir-bebe-dans-nacelle-450x300.jpg 450w\" sizes=\"(max-width: 1200px) 100vw, 1200px\" \/><\/a><\/p>\n<p>Ja, es ist m\u00f6glich, das Baby in einem Kinderwagenaufsatz schlafen zu lassen, sofern dieser f\u00fcr eine l\u00e4ngere Nutzung ausgelegt ist und bestimmte Sicherheits- und Komfortanforderungen erf\u00fcllt.<\/p>\n<ul>\n<li>Achten Sie darauf, dass die Babywanne den geltenden Sicherheitsstandards entspricht. Sie muss stabil sein und \u00fcber eine babygerechte Matratze verf\u00fcgen.<\/li>\n<li>Bevorzugen Sie Matratzen, die fest genug sind, um ein Erstickungsrisiko zu vermeiden. Vermeiden Sie zu weiche Matratzen oder zus\u00e4tzliche Kissen.<\/li>\n<li>Der Kinderwagenaufsatz sollte flach an einem sicheren Ort aufgestellt werden, weit weg von Gegenst\u00e4nden, die eine Gefahr f\u00fcr das Baby darstellen k\u00f6nnten (Schn\u00fcre, Vorh\u00e4nge, Kleidung etc.).<\/li>\n<li>Bedenken Sie, dass Babyk\u00f6rbchen in der Regel nicht f\u00fcr den langfristigen Gebrauch gedacht sind. Sobald das Kind beginnt, sich zu drehen oder aufzurichten, ist es an der Zeit, auf einen geeigneteren Autositz und ein Babybett umzusteigen.<\/li>\n<li>Auch wenn das Baby in einer Babytragetasche schl\u00e4ft, ist es wichtig, es regelm\u00e4\u00dfig zu \u00fcberwachen.<\/li>\n<\/ul>\n<h3><span class=\"ez-toc-section\" id=\"Siege_Auto_Inclinable_Lalternative_Parfaite_A_La_Nacelle_Bebe\"><\/span>Kindersitz Mit Liegefunktion : Die Perfekte Alternative Zur Babytragetasche<span class=\"ez-toc-section-end\"><\/span><\/h3>\n<p>Eine Babytragetasche ist dank ihrer Liegeposition ideal f\u00fcr die ersten Monate, kann aber die Sicherheit, die eine Babyschale bietet, nicht ersetzen. Diese Babyschalen sind f\u00fcr den Schutz Ihres Kindes im Auto unerl\u00e4sslich, da sie im Falle eines Aufpralls fortschrittliche Schutzelemente bieten.<\/p>\n<p><a href=\"https:\/\/www.monsiegeautobebe.fr\/wp-content\/uploads\/2023\/10\/siege-auto-inclinable-britax-baby-safe-5z2.gif\"><img loading=\"lazy\" decoding=\"async\" class=\"aligncenter size-full wp-image-8404\" src=\"https:\/\/www.monsiegeautobebe.fr\/wp-content\/uploads\/2023\/10\/siege-auto-inclinable-britax-baby-safe-5z2.gif\" alt=\"kippbarer Autositz britax baby safe 5z2\" width=\"680\" height=\"640\" \/><\/a><\/p>\n<p>Sie sollten wissen, dass einige der neueren verstellbaren Kinderautositze jetzt die M\u00f6glichkeit bieten, die Neigung so zu verstellen, dass eine Liegeposition \u00e4hnlich wie in einer Babywanne m\u00f6glich ist. Diese Modelle sind eine hervorragende Alternative f\u00fcr Eltern, die ihr Baby in dieser Position halten und gleichzeitig einen optimalen Schutz im Auto gew\u00e4hrleisten m\u00f6chten.<\/p>\n<p>Wenn m\u00f6glich, sollten Eltern die Verwendung eines Isofix-Kinderwagenaufsatzes mit einer Babyschale kombinieren, um maximale Sicherheit bei Autofahrten zu gew\u00e4hrleisten. Der Kinderwagenaufsatz bleibt jedoch aufgrund seiner Vielseitigkeit und seines Komforts in den ersten Lebensmonaten des Babys eine gute Wahl.<\/p>","protected":false},"excerpt":{"rendered":"<p>Die Babywanne bieten einen bequemen und sicheren Schlafplatz f\u00fcr Neugeborene, in dem sie vollst\u00e4ndig flach liegen k\u00f6nnen - eine ideale Position f\u00fcr ihr Wohlbefinden, sei es bei einem Spaziergang mit dem Kinderwagen oder einer Autofahrt. die den strengsten Sicherheitsstandards wie i-Size (R129) entsprechen, sind die<\/p>","protected":false},"author":2,"featured_media":8739,"comment_status":"open","ping_status":"open","sticky":false,"template":"","format":"standard","meta":{"footnotes":""},"categories":[19,15],"tags":[],"class_list":{"0":"post-1662","1":"post","2":"type-post","3":"status-publish","4":"format-standard","5":"has-post-thumbnail","7":"category-comparatifs","8":"category-siege-auto"},"_links":{"self":[{"href":"https:\/\/www.monsiegeautobebe.fr\/de_ch\/wp-json\/wp\/v2\/posts\/1662","targetHints":{"allow":["GET"]}}],"collection":[{"href":"https:\/\/www.monsiegeautobebe.fr\/de_ch\/wp-json\/wp\/v2\/posts"}],"about":[{"href":"https:\/\/www.monsiegeautobebe.fr\/de_ch\/wp-json\/wp\/v2\/types\/post"}],"author":[{"embeddable":true,"href":"https:\/\/www.monsiegeautobebe.fr\/de_ch\/wp-json\/wp\/v2\/users\/2"}],"replies":[{"embeddable":true,"href":"https:\/\/www.monsiegeautobebe.fr\/de_ch\/wp-json\/wp\/v2\/comments?post=1662"}],"version-history":[{"count":0,"href":"https:\/\/www.monsiegeautobebe.fr\/de_ch\/wp-json\/wp\/v2\/posts\/1662\/revisions"}],"wp:featuredmedia":[{"embeddable":true,"href":"https:\/\/www.monsiegeautobebe.fr\/de_ch\/wp-json\/wp\/v2\/media\/8739"}],"wp:attachment":[{"href":"https:\/\/www.monsiegeautobebe.fr\/de_ch\/wp-json\/wp\/v2\/media?parent=1662"}],"wp:term":[{"taxonomy":"category","embeddable":true,"href":"https:\/\/www.monsiegeautobebe.fr\/de_ch\/wp-json\/wp\/v2\/categories?post=1662"},{"taxonomy":"post_tag","embeddable":true,"href":"https:\/\/www.monsiegeautobebe.fr\/de_ch\/wp-json\/wp\/v2\/tags?post=1662"}],"curies":[{"name":"wp","href":"https:\/\/api.w.org\/{rel}","templated":true}]}}