{"id":1472,"date":"2019-10-28T08:24:28","date_gmt":"2019-10-28T08:24:28","guid":{"rendered":"https:\/\/monsiegeautobebe.fr\/?p=1472"},"modified":"2023-03-04T05:48:35","modified_gmt":"2023-03-04T04:48:35","slug":"beste-babyschale","status":"publish","type":"post","link":"https:\/\/www.monsiegeautobebe.fr\/de_at\/beste-babyschale\/","title":{"rendered":"Die Besten Babyschalen (Geburt Bis 18 Monate)"},"content":{"rendered":"<p><strong>Die babyschale<\/strong> ist der <a href=\"https:\/\/www.monsiegeautobebe.fr\/de_at\/\">Autositz<\/a> unverzichtbar, wenn Sie mit einem Kind reisen, sobald es aus dem Mutterschutz entlassen wird. Im Gegensatz zur <strong><a href=\"https:\/\/www.monsiegeautobebe.fr\/de_at\/beste-babytragetasche-auto\/\">Babywanne<\/a><\/strong> oder im <strong>mitwachsender Autositz<\/strong>Die Sicherheitsvorkehrungen <strong>am besten geeignet<\/strong> an die Morphologie von Neugeborenen angepasst. Verwendbar <strong>von Geburt an<\/strong>und bis sie das Ziel erreicht haben <strong>das maximale Gewicht oder die maximale Gr\u00f6\u00dfe<\/strong> erlaubt, den <strong>Babykosy<\/strong> erm\u00f6glicht <a href=\"https:\/\/www.monsiegeautobebe.fr\/de_at\/reisen-autositz-ruckwartsgerichtet\/\" target=\"_blank\" rel=\"noopener\">mit dem R\u00fccken zur Stra\u00dfe reisen<\/a>Sie k\u00f6nnen Ihr Baby sicher transportieren. Mit seinem gro\u00dfen Griff ist er au\u00dferdem sehr praktisch. <strong>um das Baby zu transportieren<\/strong>Sie k\u00f6nnen Ihr Kind, ohne es zu wecken, vom Auto nach Hause bringen oder es einfach nur mitnehmen. <strong>um ihn an einem Kinderwagen anzubringen<\/strong> kompatibel.<\/p>\n<div id=\"ez-toc-container\" class=\"ez-toc-v2_0_82_2 counter-hierarchy ez-toc-counter ez-toc-grey ez-toc-container-direction\">\n<div class=\"ez-toc-title-container\">\n<p class=\"ez-toc-title\" style=\"cursor:inherit\">Inhaltsverzeichnis<\/p>\n<span class=\"ez-toc-title-toggle\"><a href=\"#\" class=\"ez-toc-pull-right ez-toc-btn ez-toc-btn-xs ez-toc-btn-default ez-toc-toggle\" aria-label=\"Toggle Table of Content\"><span class=\"ez-toc-js-icon-con\"><span class=\"\"><span class=\"eztoc-hide\" style=\"display:none;\">Toggle<\/span><span class=\"ez-toc-icon-toggle-span\"><svg style=\"fill: #999;color:#999\" xmlns=\"http:\/\/www.w3.org\/2000\/svg\" class=\"list-377408\" width=\"20px\" height=\"20px\" viewbox=\"0 0 24 24\" fill=\"none\"><path d=\"M6 6H4v2h2V6zm14 0H8v2h12V6zM4 11h2v2H4v-2zm16 0H8v2h12v-2zM4 16h2v2H4v-2zm16 0H8v2h12v-2z\" fill=\"currentColor\"><\/path><\/svg><svg style=\"fill: #999;color:#999\" class=\"arrow-unsorted-368013\" xmlns=\"http:\/\/www.w3.org\/2000\/svg\" width=\"10px\" height=\"10px\" viewbox=\"0 0 24 24\" version=\"1.2\" baseprofile=\"tiny\"><path d=\"M18.2 9.3l-6.2-6.3-6.2 6.3c-.2.2-.3.4-.3.7s.1.5.3.7c.2.2.4.3.7.3h11c.3 0 .5-.1.7-.3.2-.2.3-.5.3-.7s-.1-.5-.3-.7zM5.8 14.7l6.2 6.3 6.2-6.3c.2-.2.3-.5.3-.7s-.1-.5-.3-.7c-.2-.2-.4-.3-.7-.3h-11c-.3 0-.5.1-.7.3-.2.2-.3.5-.3.7s.1.5.3.7z\"\/><\/svg><\/span><\/span><\/span><\/a><\/span><\/div>\n<nav><ul class='ez-toc-list ez-toc-list-level-1 eztoc-toggle-hide-by-default' ><li class='ez-toc-page-1 ez-toc-heading-level-2'><a class=\"ez-toc-link ez-toc-heading-1\" href=\"https:\/\/www.monsiegeautobebe.fr\/de_at\/beste-babyschale\/#Comment_Choisir_Un_Cosy_Pour_Bebe\" >Wie w\u00e4hlt man einen babyschale aus?<\/a><\/li><li class='ez-toc-page-1 ez-toc-heading-level-2'><a class=\"ez-toc-link ez-toc-heading-2\" href=\"https:\/\/www.monsiegeautobebe.fr\/de_at\/beste-babyschale\/#Les_Avantages_du_Cosy_Bebe\" >Vorteile eines Babysitzes<\/a><ul class='ez-toc-list-level-3' ><li class='ez-toc-heading-level-3'><a class=\"ez-toc-link ez-toc-heading-3\" href=\"https:\/\/www.monsiegeautobebe.fr\/de_at\/beste-babyschale\/#Langle_Dinclinaison_Du_Dossier\" >Der Neigungswinkel Der R\u00fcckenlehne<\/a><\/li><li class='ez-toc-page-1 ez-toc-heading-level-3'><a class=\"ez-toc-link ez-toc-heading-4\" href=\"https:\/\/www.monsiegeautobebe.fr\/de_at\/beste-babyschale\/#Le_Positionnement_Des_Sangles\" >Die Positionierung der B\u00e4nder<\/a><\/li><\/ul><\/li><li class='ez-toc-page-1 ez-toc-heading-level-2'><a class=\"ez-toc-link ez-toc-heading-5\" href=\"https:\/\/www.monsiegeautobebe.fr\/de_at\/beste-babyschale\/#Comment_Installer_Un_Cosy_Pour_Bebe\" >Wie installiert man eine babyschale?<\/a><\/li><li class='ez-toc-page-1 ez-toc-heading-level-2'><a class=\"ez-toc-link ez-toc-heading-6\" href=\"https:\/\/www.monsiegeautobebe.fr\/de_at\/beste-babyschale\/#Jusqua_quel_age_peut-on_utiliser_un_cosy_pour_bebe\" >Wann sollte man das Baby in einen Kindersitz setzen?<\/a><ul class='ez-toc-list-level-3' ><li class='ez-toc-heading-level-3'><a class=\"ez-toc-link ez-toc-heading-7\" href=\"https:\/\/www.monsiegeautobebe.fr\/de_at\/beste-babyschale\/#Le_poids_de_votre_enfant\" >Das Gewicht Ihres Kindes<\/a><\/li><li class='ez-toc-page-1 ez-toc-heading-level-3'><a class=\"ez-toc-link ez-toc-heading-8\" href=\"https:\/\/www.monsiegeautobebe.fr\/de_at\/beste-babyschale\/#La_taille_de_votre_enfant\" >Die Gr\u00f6\u00dfe Ihres Kindes<\/a><\/li><\/ul><\/li><li class='ez-toc-page-1 ez-toc-heading-level-2'><a class=\"ez-toc-link ez-toc-heading-9\" href=\"https:\/\/www.monsiegeautobebe.fr\/de_at\/beste-babyschale\/#Tableau_Comparatif_des_Cosy_Bebe_Pour_La_Naissance\" >Vergleichstabelle f\u00fcr babyschalen<\/a><ul class='ez-toc-list-level-3' ><li class='ez-toc-heading-level-3'><a class=\"ez-toc-link ez-toc-heading-10\" href=\"https:\/\/www.monsiegeautobebe.fr\/de_at\/beste-babyschale\/#Les_Meilleurs_Cosy_Bebe_Homologues_i-Size\" >Bester Babyschale (i-Size)<\/a><\/li><li class='ez-toc-page-1 ez-toc-heading-level-3'><a class=\"ez-toc-link ez-toc-heading-11\" href=\"https:\/\/www.monsiegeautobebe.fr\/de_at\/beste-babyschale\/#Les_Meilleurs_Cosy_Homologues_R4404\" >Beste Babyschale (R44\/04)<\/a><\/li><\/ul><\/li><li class='ez-toc-page-1 ez-toc-heading-level-2'><a class=\"ez-toc-link ez-toc-heading-12\" href=\"https:\/\/www.monsiegeautobebe.fr\/de_at\/beste-babyschale\/#Foire_Aux_Questions_Cosy_Bebe\" >H\u00e4ufige Fragen<\/a><ul class='ez-toc-list-level-3' ><li class='ez-toc-heading-level-3'><a class=\"ez-toc-link ez-toc-heading-13\" href=\"https:\/\/www.monsiegeautobebe.fr\/de_at\/beste-babyschale\/#Quand_Mettre_Bebe_Dans_Le_Cosy\" >Wann sollte ich mein Neugeborenes in den babyschale setzen?<\/a><\/li><li class='ez-toc-page-1 ez-toc-heading-level-3'><a class=\"ez-toc-link ez-toc-heading-14\" href=\"https:\/\/www.monsiegeautobebe.fr\/de_at\/beste-babyschale\/#Quelle_Est_La_Difference_Entre_Un_Cosy_Et_Un_Siege_Auto\" >Was ist der Unterschied zwischen einem Babysitz und einem Kindersitz?<\/a><\/li><li class='ez-toc-page-1 ez-toc-heading-level-3'><a class=\"ez-toc-link ez-toc-heading-15\" href=\"https:\/\/www.monsiegeautobebe.fr\/de_at\/beste-babyschale\/#A_Quoi_Sert_Linsert_Pour_Nouveau-Ne\" >Wozu dient ein Neugeborenen-Einsatz?<\/a><\/li><li class='ez-toc-page-1 ez-toc-heading-level-3'><a class=\"ez-toc-link ez-toc-heading-16\" href=\"https:\/\/www.monsiegeautobebe.fr\/de_at\/beste-babyschale\/#Quand_Enlever_Le_Reducteur_Pour_Nouveau-Ne\" >wann neugeborenen einsatz aus babyschale entfernen<\/a><\/li><\/ul><\/li><\/ul><\/nav><\/div>\n<h2><span class=\"ez-toc-section\" id=\"Comment_Choisir_Un_Cosy_Pour_Bebe\"><\/span>Wie w\u00e4hlt man einen babyschale aus?<span class=\"ez-toc-section-end\"><\/span><\/h2>\n<p>Um Verbrauchern bei der Auswahl eines guten Autositzes zu helfen, <a href=\"https:\/\/www.monsiegeautobebe.fr\/de_at\/reglementation-i-size-siege-auto-bebe\/\" target=\"_blank\" rel=\"noopener noreferrer\">europ\u00e4ische Regelungen eingef\u00fchrt wurden<\/a> um <strong>die Sicherheit zu verbessern<\/strong> von Kindern im Auto und <strong>die Wahl erleichtern<\/strong> von den Eltern. Neben diesen gesetzlichen Anforderungen ist der <strong>Baby-Cosy<\/strong> wird ebenfalls kontrolliert und getestet von <strong>unabh\u00e4ngige Kontrollstellen<\/strong> wie z. B. ADAC, TCS oder \u00d6AMTC. Um eine gute Note zu erhalten, m\u00fcssen die <a href=\"https:\/\/www.monsiegeautobebe.fr\/de_at\/kindersitzberatung\/\" target=\"_blank\" rel=\"noopener\">Baby-Autositze<\/a> m\u00fcssen antworten auf <strong>strenge Anforderungen<\/strong> in einer Vielzahl von verschiedenen Kriterien (Sicherheit, Ergonomie, Schadstoffgehalt und Pflegeleichtigkeit).<\/p>\n<figure id=\"attachment_1573\" aria-describedby=\"caption-attachment-1573\" style=\"width: 1000px\" class=\"wp-caption aligncenter\"><a href=\"https:\/\/monsiegeautobebe.fr\/wp-content\/uploads\/2019\/10\/bareme-notation-crash-test-adac.jpg\"><img fetchpriority=\"high\" decoding=\"async\" class=\"size-full wp-image-1573\" src=\"https:\/\/monsiegeautobebe.fr\/wp-content\/uploads\/2019\/10\/bareme-notation-crash-test-adac.jpg\" alt=\"ADAC-Bewertungsskala f\u00fcr Autositze\" width=\"1000\" height=\"429\" srcset=\"https:\/\/www.monsiegeautobebe.fr\/wp-content\/uploads\/2019\/10\/bareme-notation-crash-test-adac.jpg 1000w, https:\/\/www.monsiegeautobebe.fr\/wp-content\/uploads\/2019\/10\/bareme-notation-crash-test-adac-600x257.jpg 600w, https:\/\/www.monsiegeautobebe.fr\/wp-content\/uploads\/2019\/10\/bareme-notation-crash-test-adac-300x129.jpg 300w, https:\/\/www.monsiegeautobebe.fr\/wp-content\/uploads\/2019\/10\/bareme-notation-crash-test-adac-768x329.jpg 768w\" sizes=\"(max-width: 1000px) 100vw, 1000px\" \/><\/a><figcaption id=\"caption-attachment-1573\" class=\"wp-caption-text\">Die Bewertungsskala, die der ADAC verwendet, um die verschiedenen Modelle von Autositzen zu bewerten.<\/figcaption><\/figure>\n<h2><span class=\"ez-toc-section\" id=\"Les_Avantages_du_Cosy_Bebe\"><\/span>Vorteile eines Babysitzes<span class=\"ez-toc-section-end\"><\/span><\/h2>\n<p>Der Cosy ist ein Autositz, der f\u00fcr Kinder von der Geburt bis zum Alter von 12 bis 18 Monaten geeignet ist, je nachdem, welches Modell Sie w\u00e4hlen. Im Gegensatz zu den meisten <strong><a href=\"https:\/\/www.monsiegeautobebe.fr\/de_at\/besten-mitwachsenden-kindersitze\/\">mitwachsende Autositze<\/a><\/strong> die f\u00fcr Kinder von der Geburt bis zum Alter von 4 Jahren entwickelt wurden, pr\u00e4sentiert der Cosy <strong>zwei besonders wichtige Elemente<\/strong> damit Babys richtig gegen die Fahrtrichtung sitzen: der Neigungswinkel der R\u00fcckenlehne und die Positionierung der Gurte.<\/p>\n<ul>\n<li>\n<h3><span class=\"ez-toc-section\" id=\"Langle_Dinclinaison_Du_Dossier\"><\/span>Der Neigungswinkel Der R\u00fcckenlehne<span class=\"ez-toc-section-end\"><\/span><\/h3>\n<\/li>\n<\/ul>\n<p>Die Neigung der R\u00fcckenlehne ist der gro\u00dfe Pluspunkt des <strong>Baby-Cosy.<\/strong> Aus Gr\u00fcnden der Sicherheit und des Komforts sollten Neugeborene nicht nur mit dem R\u00fccken zur Fahrtrichtung, sondern auch in <strong>halb geneigte Position<\/strong>Die R\u00fcckenlehne des Kinderwagens, auf der ihr Kopf und R\u00fccken ruht, sollte so geneigt sein, dass ihr Kopf nach hinten und ihr Kinn von der Brust weg gerichtet ist. Die <strong>Hals- und Nackenmuskeln<\/strong> Die meisten Neugeborenen ben\u00f6tigen daher einen Winkel, der ausreicht, um den Kopf des Babys in einer aufrechten Position zu halten. <strong>ihren Kopf und ihre Atemwege offen.<\/strong> Ohne diese geneigte Position k\u00f6nnte der Kopf eines Kindes leicht <strong>nach vorne fallen<\/strong> auf seiner Brust. Wenn Ihr Kind \u00e4lter wird und seine Halsmuskeln st\u00e4rker entwickelt sind, k\u00f6nnen Sie sich f\u00fcr ein <a href=\"https:\/\/www.monsiegeautobebe.fr\/de_at\/bester-kindersitz-drehbar\/\" target=\"_blank\" rel=\"noopener\">Drehbarer Kindersitz<\/a> oder <a href=\"https:\/\/www.monsiegeautobebe.fr\/de_at\/bester-kindersitz-ruckwarts\/\" target=\"_blank\" rel=\"noopener\">r\u00fcckw\u00e4rtsgerichteter kindersitz<\/a>.<\/p>\n<figure id=\"attachment_3491\" aria-describedby=\"caption-attachment-3491\" style=\"width: 1000px\" class=\"wp-caption aligncenter\"><a href=\"https:\/\/monsiegeautobebe.fr\/wp-content\/uploads\/2019\/10\/cosy-bebe-confort-installation.jpg\"><img decoding=\"async\" class=\"size-full wp-image-3491\" src=\"https:\/\/monsiegeautobebe.fr\/wp-content\/uploads\/2019\/10\/cosy-bebe-confort-installation.jpg\" alt=\"Ein Baby, das in einer Babyschale liegt\" width=\"1000\" height=\"563\" srcset=\"https:\/\/www.monsiegeautobebe.fr\/wp-content\/uploads\/2019\/10\/cosy-bebe-confort-installation.jpg 1000w, https:\/\/www.monsiegeautobebe.fr\/wp-content\/uploads\/2019\/10\/cosy-bebe-confort-installation-600x338.jpg 600w, https:\/\/www.monsiegeautobebe.fr\/wp-content\/uploads\/2019\/10\/cosy-bebe-confort-installation-300x169.jpg 300w, https:\/\/www.monsiegeautobebe.fr\/wp-content\/uploads\/2019\/10\/cosy-bebe-confort-installation-768x432.jpg 768w\" sizes=\"(max-width: 1000px) 100vw, 1000px\" \/><\/a><figcaption id=\"caption-attachment-3491\" class=\"wp-caption-text\">Die Neigung und Positionierung der Gurte der Babyschale sorgt daf\u00fcr, dass das Baby in einer besseren Haltung bleibt<\/figcaption><\/figure>\n<ul>\n<li>\n<h3><span class=\"ez-toc-section\" id=\"Le_Positionnement_Des_Sangles\"><\/span>Die Positionierung der B\u00e4nder<span class=\"ez-toc-section-end\"><\/span><\/h3>\n<\/li>\n<\/ul>\n<p>Neben dem Schutz Ihres Neugeborenen sind auch <strong>Gurtb\u00e4nder<\/strong> richtig positioniert und eng anliegend helfen auch bei <strong>den K\u00f6rper Ihres Babys aufrechterhalten<\/strong> gegen die R\u00fcckenlehne, indem Sie seinen Kopf gerade halten und ihm das Atmen erleichtern. Die Gurte m\u00fcssen richtig positioniert sein, um Ihr Kind wirksam zu sch\u00fctzen. Bei einem Unfall ist es n\u00e4mlich wahrscheinlich, dass Ihr Kind nach oben aus der Babyschale rutscht. Aus diesem Grund m\u00fcssen sich die Gurte des Hosentr\u00e4gergurts unbedingt an folgenden Stellen befinden <strong>auf H\u00f6he der Schultern,<\/strong> oder sogar ganz leicht darunter. Wenn dies nicht mehr der Fall ist, denken Sie daran, die Gurte mithilfe des Mechanismus auf der R\u00fcckseite der R\u00fcckenlehne des Kinderautositzes anzuheben.<\/p>\n<figure id=\"attachment_3497\" aria-describedby=\"caption-attachment-3497\" style=\"width: 1000px\" class=\"wp-caption aligncenter\"><a href=\"https:\/\/monsiegeautobebe.fr\/wp-content\/uploads\/2019\/10\/position-sangle-harnais-cosy-bebe.jpg\"><img decoding=\"async\" class=\"size-full wp-image-3497\" src=\"https:\/\/monsiegeautobebe.fr\/wp-content\/uploads\/2019\/10\/position-sangle-harnais-cosy-bebe.jpg\" alt=\"Positionieren der Gurte des Cosy-Gurts\" width=\"1000\" height=\"692\" srcset=\"https:\/\/www.monsiegeautobebe.fr\/wp-content\/uploads\/2019\/10\/position-sangle-harnais-cosy-bebe.jpg 1000w, https:\/\/www.monsiegeautobebe.fr\/wp-content\/uploads\/2019\/10\/position-sangle-harnais-cosy-bebe-600x415.jpg 600w, https:\/\/www.monsiegeautobebe.fr\/wp-content\/uploads\/2019\/10\/position-sangle-harnais-cosy-bebe-300x208.jpg 300w, https:\/\/www.monsiegeautobebe.fr\/wp-content\/uploads\/2019\/10\/position-sangle-harnais-cosy-bebe-768x531.jpg 768w\" sizes=\"(max-width: 1000px) 100vw, 1000px\" \/><\/a><figcaption id=\"caption-attachment-3497\" class=\"wp-caption-text\">TCS<\/figcaption><\/figure>\n<h2><span class=\"ez-toc-section\" id=\"Comment_Installer_Un_Cosy_Pour_Bebe\"><\/span>Wie installiert man eine babyschale?<span class=\"ez-toc-section-end\"><\/span><\/h2>\n<p>Die Babyschale muss zwingend aufgestellt werden <strong>mit dem R\u00fccken zur Stra\u00dfe.<\/strong> Er kann in der Regel entweder durch die <strong>Fahrzeugsicherheitsgurt<\/strong> (Universalsystem) oder auf einem <strong>Basis<\/strong> (semi-universelles System), die ihrerseits an den <strong>isofix-verankerungspunkte<\/strong> des Fahrzeugs. Eine Babyschale kann sowohl auf der R\u00fcckbank des Fahrzeugs (sicherer) als auch auf dem Beifahrersitz installiert werden, vorausgesetzt, der Airbag ist ausgeschaltet.<\/p>\n<h2><span class=\"ez-toc-section\" id=\"Jusqua_quel_age_peut-on_utiliser_un_cosy_pour_bebe\"><\/span>Wann sollte man das Baby in einen Kindersitz setzen?<span class=\"ez-toc-section-end\"><\/span><\/h2>\n<p>Das ist eine Frage, die sich Eltern oft stellen. Und obwohl viele glauben, dass das Alter das wichtigste Kriterium ist, ist dies nicht der Fall. Um herauszufinden, ob Ihr Kindersitz noch f\u00fcr Ihr Baby geeignet ist, m\u00fcssen Sie in erster Linie das Gewicht und die Gr\u00f6\u00dfe des Babys ber\u00fccksichtigen.<\/p>\n<ul style=\"margin-left: var(--ul-ml, 0); font-size: 14px; font-family: Roboto, system-ui, -apple-system, 'Segoe UI', Arial, sans-serif; list-style-type: var(--ul-style, none);\">\n<li style=\"margin-bottom: var(--li-mb, 0); padding-left: var(--li-pl, 0); font-size: 14px;\">\n<h3><span class=\"ez-toc-section\" id=\"Le_poids_de_votre_enfant\"><\/span>Das Gewicht Ihres Kindes<span class=\"ez-toc-section-end\"><\/span><\/h3>\n<\/li>\n<\/ul>\n<p>Was das Gewicht angeht, werden Cosys generell in zwei Gruppen eingeteilt:<\/p>\n<ul>\n<li>Die <b>gruppe 0 :<\/b> f\u00fcr Babys mit einem Gewicht von bis zu 9 Kilogramm<\/li>\n<li>Die <b>Gruppe 0+ : <\/b>f\u00fcr Babys mit einem Gewicht von bis zu 13 Kilogramm<\/li>\n<\/ul>\n<p>Jenseits dieser Gewichte ist es an der Zeit <a href=\"https:\/\/www.monsiegeautobebe.fr\/de_at\/kindersitz-gruppenwechsel\/\">den Autositz wechseln<\/a> f\u00fcr ein gr\u00f6\u00dferes Modell, das besser zum K\u00f6rperbau Ihres Kindes passt.<\/p>\n<ul>\n<li>\n<h3><span class=\"ez-toc-section\" id=\"La_taille_de_votre_enfant\"><\/span>Die Gr\u00f6\u00dfe Ihres Kindes<span class=\"ez-toc-section-end\"><\/span><\/h3>\n<\/li>\n<\/ul>\n<p>Aber auch die Gr\u00f6\u00dfe Ihres Babys ist ein wichtiges Kriterium, das Sie bei der Entscheidung, ob Sie von einer Babyschale auf einen Kinderautositz umsteigen sollten, ber\u00fccksichtigen sollten. Die Babyschale ist f\u00fcr Kinder mit einer K\u00f6rpergr\u00f6\u00dfe von 40\/45 cm bis 75\/87 cm ausgelegt, d. h. von der Geburt bis etwa 12\/18 Monate.<\/p>\n<p>Denken Sie daran, dass jedes Autositzmodell seine eigenen Empfehlungen f\u00fcr das Alter, das Gewicht und die Gr\u00f6\u00dfe des Kindes hat. Daher ist es wichtig, dass Sie die Empfehlungen des Herstellers befolgen, um die Sicherheit Ihres Kindes zu gew\u00e4hrleisten<\/p>\n<h2><span class=\"ez-toc-section\" id=\"Tableau_Comparatif_des_Cosy_Bebe_Pour_La_Naissance\"><\/span>Vergleichstabelle f\u00fcr babyschalen<span class=\"ez-toc-section-end\"><\/span><\/h2>\n<p>Um Ihnen bei der Auswahl der besten Babyschale f\u00fcr Ihr Baby zu helfen, haben wir in unseren Vergleichstabellen die <strong>Baby-Autositze isofix<\/strong> die sichersten i-Size (R129) und R44\/04 gepr\u00fcften Kinderautositze, die mindestens eine Gesamtnote von 2,5 oder h\u00f6her in den folgenden Tests erreicht haben <a href=\"https:\/\/www.monsiegeautobebe.fr\/de_at\/resultat-crash-test-siege-auto\/\" target=\"_blank\" rel=\"noopener\">Crashtests von Autositzen<\/a> die der ADAC jedes Jahr durchf\u00fchrt.<\/p>\n<ul>\n<li>\n<h3><span class=\"ez-toc-section\" id=\"Les_Meilleurs_Cosy_Bebe_Homologues_i-Size\"><\/span>Bester Babyschale (i-Size)<span class=\"ez-toc-section-end\"><\/span><\/h3>\n<\/li>\n<\/ul>\n<p>Inkrafttreten im Juli 2013, <strong>die i-Size-Regelung (R129)<\/strong> hat zum Ziel, die Sicherheitsanforderungen zu erh\u00f6hen, indem unter anderem Folgendes eingef\u00fchrt wird <strong>eine neue Klassifikation<\/strong> der Autositze nach der Gr\u00f6\u00dfe des Kindes, <strong>der R\u00fccken zur Stra\u00dfe vorgeschrieben<\/strong> bis zu 15 Monaten, <a href=\"https:\/\/www.monsiegeautobebe.fr\/de_at\/systeme-de-fixation-isofix-pour-siege-auto-bebe\/\" target=\"_blank\" rel=\"noopener noreferrer\">das ISOFIX-Befestigungssystem<\/a> oder <strong>besserer Schutz<\/strong> bei einem Frontal- und Seitenaufprall. Nachfolgend finden Sie eine Liste der besten Baby-Cosys, die nach der neuesten i-Size-Regelung (R129) zugelassen sind:<\/p>\n<div id=\"tablepress-23-scroll-wrapper\" class=\"tablepress-scroll-wrapper\">\n\n<table id=\"tablepress-23\" class=\"tablepress tablepress-id-23 tablepress-responsive\">\n<thead>\n<tr class=\"row-1\">\n\t<td class=\"column-1\"><\/td><th class=\"column-2\">Standard<\/th><th class=\"column-3\">Gr\u00f6\u00dfe<\/th><th class=\"column-4\">Alter<\/th><th class=\"column-5\">Gewicht<\/th><th class=\"column-6\">Befestigung<\/th><th class=\"column-7\">Hebegurt<\/th><th class=\"column-8\">Hinweis<br \/>\nADAC<\/th><th class=\"column-9\">Tarif<\/th>\n<\/tr>\n<\/thead>\n<tbody class=\"row-striping row-hover\">\n<tr class=\"row-2\">\n\t<td class=\"column-1\"><center><a href=\"https:\/\/monsiegeautobebe.fr\/wp-content\/uploads\/2019\/10\/cosi-avionaut-pixel-i-size-adac.jpg\"><img loading=\"lazy\" decoding=\"async\" src=\"https:\/\/monsiegeautobebe.fr\/wp-content\/uploads\/2019\/10\/cosi-avionaut-pixel-i-size-adac-150x150.jpg\" alt=\"Baby Cosy Avionaut Pixel i-Size\" width=\"80\" height=\"80\" class=\"aligncenter size-thumbnail wp-image-1490\" srcset=\"https:\/\/www.monsiegeautobebe.fr\/wp-content\/uploads\/2019\/10\/cosi-avionaut-pixel-i-size-adac-150x150.jpg 150w, https:\/\/www.monsiegeautobebe.fr\/wp-content\/uploads\/2019\/10\/cosi-avionaut-pixel-i-size-adac-300x300.jpg 300w, https:\/\/www.monsiegeautobebe.fr\/wp-content\/uploads\/2019\/10\/cosi-avionaut-pixel-i-size-adac-336x336.jpg 336w, https:\/\/www.monsiegeautobebe.fr\/wp-content\/uploads\/2019\/10\/cosi-avionaut-pixel-i-size-adac-600x600.jpg 600w, https:\/\/www.monsiegeautobebe.fr\/wp-content\/uploads\/2019\/10\/cosi-avionaut-pixel-i-size-adac-768x768.jpg 768w, https:\/\/www.monsiegeautobebe.fr\/wp-content\/uploads\/2019\/10\/cosi-avionaut-pixel-i-size-adac.jpg 1000w\" sizes=\"(max-width: 80px) 100vw, 80px\" \/>Avionaut Pixel<\/a><\/center><\/td><td class=\"column-2\">i-Size (R129)<\/td><td class=\"column-3\">40 - 86 cm (max. 13 kg)<\/td><td class=\"column-4\">Bis ca. 18 Monate<\/td><td class=\"column-5\">2,9 kg<\/td><td class=\"column-6\">G\u00fcrtel oder IQ-Basis <\/td><td class=\"column-7\">3 Punkte<\/td><td class=\"column-8\">Gut (2.0)<br \/>\nGut (2.1) mit Basis<\/td><td class=\"column-9\"><a href=\"https:\/\/tidd.ly\/3pAExxf\" class=\"sc-button sc-button-default\" target=\"_blank\" rel=\"noopener\"><span>PREISE SICHTEN<\/span><\/a><\/td>\n<\/tr>\n<tr class=\"row-3\">\n\t<td class=\"column-1\"><center><a href=\"https:\/\/monsiegeautobebe.fr\/wp-content\/uploads\/2019\/10\/cosi-baby-jogger-city-go-i-size-adac.jpg\"><img loading=\"lazy\" decoding=\"async\" src=\"https:\/\/monsiegeautobebe.fr\/wp-content\/uploads\/2019\/10\/cosi-baby-jogger-city-go-i-size-adac-150x150.jpg\" alt=\"Cosy Baby Jogger City Go i-Size\" width=\"80\" height=\"80\" class=\"aligncenter size-thumbnail wp-image-1491\" srcset=\"https:\/\/www.monsiegeautobebe.fr\/wp-content\/uploads\/2019\/10\/cosi-baby-jogger-city-go-i-size-adac-150x150.jpg 150w, https:\/\/www.monsiegeautobebe.fr\/wp-content\/uploads\/2019\/10\/cosi-baby-jogger-city-go-i-size-adac-300x300.jpg 300w, https:\/\/www.monsiegeautobebe.fr\/wp-content\/uploads\/2019\/10\/cosi-baby-jogger-city-go-i-size-adac-336x336.jpg 336w, https:\/\/www.monsiegeautobebe.fr\/wp-content\/uploads\/2019\/10\/cosi-baby-jogger-city-go-i-size-adac-600x600.jpg 600w, https:\/\/www.monsiegeautobebe.fr\/wp-content\/uploads\/2019\/10\/cosi-baby-jogger-city-go-i-size-adac-768x768.jpg 768w, https:\/\/www.monsiegeautobebe.fr\/wp-content\/uploads\/2019\/10\/cosi-baby-jogger-city-go-i-size-adac.jpg 1000w\" sizes=\"(max-width: 80px) 100vw, 80px\" \/>Baby Jogger City GO i-Size<\/a><\/center><\/td><td class=\"column-2\">i-Size (R129)<\/td><td class=\"column-3\">40 - 87 cm (max. 13 kg)<\/td><td class=\"column-4\">Bis ca. 18 Monate<\/td><td class=\"column-5\">5,0 kg<\/td><td class=\"column-6\">G\u00fcrtel oder <a href=\"https:\/\/amzn.to\/2OZshYS\" rel=\"noopener nofollow noreferrer\" target=\"_blank\">Basis City GO<\/a><\/td><td class=\"column-7\">5 Punkte<\/td><td class=\"column-8\">Gut (2.4)<br \/>\nGut (2.3) mit Basis<\/td><td class=\"column-9\"><a href=\"https:\/\/amzn.to\/3pzyDMW\" class=\"sc-button sc-button-default\" target=\"_blank\" rel=\"noopener\"><span>PREISE SICHTEN<\/span><\/a><\/td>\n<\/tr>\n<tr class=\"row-4\">\n\t<td class=\"column-1\"><center><a href=\"https:\/\/monsiegeautobebe.fr\/wp-content\/uploads\/2019\/10\/cosi-bebe-confort-pebble-plus-i-size-adac.jpg\"><img loading=\"lazy\" decoding=\"async\" src=\"https:\/\/monsiegeautobebe.fr\/wp-content\/uploads\/2019\/10\/cosi-bebe-confort-pebble-plus-i-size-adac-150x150.jpg\" alt=\"Babyschale B\u00e9b\u00e9 Confort Pebble Plus i-Size\" width=\"80\" height=\"80\" class=\"aligncenter size-thumbnail wp-image-1492\" srcset=\"https:\/\/www.monsiegeautobebe.fr\/wp-content\/uploads\/2019\/10\/cosi-bebe-confort-pebble-plus-i-size-adac-150x150.jpg 150w, https:\/\/www.monsiegeautobebe.fr\/wp-content\/uploads\/2019\/10\/cosi-bebe-confort-pebble-plus-i-size-adac-300x300.jpg 300w, https:\/\/www.monsiegeautobebe.fr\/wp-content\/uploads\/2019\/10\/cosi-bebe-confort-pebble-plus-i-size-adac-336x336.jpg 336w, https:\/\/www.monsiegeautobebe.fr\/wp-content\/uploads\/2019\/10\/cosi-bebe-confort-pebble-plus-i-size-adac-600x600.jpg 600w, https:\/\/www.monsiegeautobebe.fr\/wp-content\/uploads\/2019\/10\/cosi-bebe-confort-pebble-plus-i-size-adac-768x768.jpg 768w, https:\/\/www.monsiegeautobebe.fr\/wp-content\/uploads\/2019\/10\/cosi-bebe-confort-pebble-plus-i-size-adac.jpg 1000w\" sizes=\"(max-width: 80px) 100vw, 80px\" \/>B\u00e9b\u00e9 Confort Pebble Plus<\/a><\/center><\/td><td class=\"column-2\">i-Size (R129)<\/td><td class=\"column-3\">45 - 75 cm (max. 12 kg)<\/td><td class=\"column-4\">Bis ca. 12 Monate<\/td><td class=\"column-5\">4,5 kg<\/td><td class=\"column-6\">G\u00fcrtel oder Basis <a href=\"https:\/\/action.metaffiliation.com\/trk.php?mclic=P4F2915719951B1&amp;redir=https%3A%2F%2Fwww.autourdebebe.com%2Fp%2F8712930142010%2Fbase-3wayfix-bebe-confort\" rel=\"noopener nofollow noreferrer\" target=\"_blank\">3wayFix<\/a> oder <a href=\"https:\/\/amzn.to\/2OFIfsK\" rel=\"noopener nofollow noreferrer\" target=\"_blank\">FamilyFix One<\/a><\/td><td class=\"column-7\">3 Punkte<\/td><td class=\"column-8\">Gut (1.6)<br \/>\nGut (1.6) mit 2wayFix<br \/>\n<br \/>\n<\/td><td class=\"column-9\"><a href=\"https:\/\/amzn.to\/3pyvT2t\" class=\"sc-button sc-button-default\" target=\"_blank\" rel=\"noopener\"><span>PREISE SICHTEN<\/span><\/a><br \/>\n<\/td>\n<\/tr>\n<tr class=\"row-5\">\n\t<td class=\"column-1\"><center><a href=\"https:\/\/monsiegeautobebe.fr\/wp-content\/uploads\/2019\/10\/cosi-bebe-confort-pebble-pro-i-size-adac.jpg\"><img loading=\"lazy\" decoding=\"async\" src=\"https:\/\/monsiegeautobebe.fr\/wp-content\/uploads\/2019\/10\/cosi-bebe-confort-pebble-pro-i-size-adac-150x150.jpg\" alt=\"Babyschale B\u00e9b\u00e9 Confort Pebble Pro i-Size\" width=\"80\" height=\"80\" class=\"aligncenter size-thumbnail wp-image-1493\" srcset=\"https:\/\/www.monsiegeautobebe.fr\/wp-content\/uploads\/2019\/10\/cosi-bebe-confort-pebble-pro-i-size-adac-150x150.jpg 150w, https:\/\/www.monsiegeautobebe.fr\/wp-content\/uploads\/2019\/10\/cosi-bebe-confort-pebble-pro-i-size-adac-300x300.jpg 300w, https:\/\/www.monsiegeautobebe.fr\/wp-content\/uploads\/2019\/10\/cosi-bebe-confort-pebble-pro-i-size-adac-336x336.jpg 336w, https:\/\/www.monsiegeautobebe.fr\/wp-content\/uploads\/2019\/10\/cosi-bebe-confort-pebble-pro-i-size-adac-600x600.jpg 600w, https:\/\/www.monsiegeautobebe.fr\/wp-content\/uploads\/2019\/10\/cosi-bebe-confort-pebble-pro-i-size-adac-768x768.jpg 768w, https:\/\/www.monsiegeautobebe.fr\/wp-content\/uploads\/2019\/10\/cosi-bebe-confort-pebble-pro-i-size-adac.jpg 1000w\" sizes=\"(max-width: 80px) 100vw, 80px\" \/>B\u00e9b\u00e9 Confort Pebble Pro i-Size<\/a><\/center><\/td><td class=\"column-2\">i-Size (R129)<\/td><td class=\"column-3\">40 - 75 cm (max. 12 kg)<\/td><td class=\"column-4\">Bis ca. 12 Monate<\/td><td class=\"column-5\">4,5 kg<\/td><td class=\"column-6\">G\u00fcrtel oder Basis <a href=\"https:\/\/action.metaffiliation.com\/trk.php?mclic=P4F2915719951B1&amp;redir=https%3A%2F%2Fwww.autourdebebe.com%2Fp%2F8712930142010%2Fbase-3wayfix-bebe-confort\" rel=\"noopener nofollow noreferrer\" target=\"_blank\">3wayFix<\/a> oder <a href=\"https:\/\/amzn.to\/2OFIfsK\" rel=\"noopener nofollow noreferrer\" target=\"_blank\">FamilyFix One<\/a><\/td><td class=\"column-7\">3 Punkte<\/td><td class=\"column-8\">Gut (1.7)<br \/>\nGut (1,8) mit 3wayFix oder FamilyFix One<\/td><td class=\"column-9\"><a href=\"https:\/\/action.metaffiliation.com\/trk.php?mclic=P4F2915719951B1&amp;redir=https%3A%2F%2Fwww.autourdebebe.com%2Fp%2Fampafrancecosipebbleproisize%2Fcosi-pebble-pro-i-size-bebe-confort\" class=\"sc-button sc-button-default\" target=\"_blank\" rel=\"noopener\"><span>PREISE SICHTEN<\/span><\/a><\/td>\n<\/tr>\n<tr class=\"row-6\">\n\t<td class=\"column-1\"><center><a href=\"https:\/\/monsiegeautobebe.fr\/wp-content\/uploads\/2019\/10\/cosi-bebe-confort-rock-i-size-adac.jpg\"><img loading=\"lazy\" decoding=\"async\" src=\"https:\/\/monsiegeautobebe.fr\/wp-content\/uploads\/2019\/10\/cosi-bebe-confort-rock-i-size-adac-150x150.jpg\" alt=\"Babyschale B\u00e9b\u00e9 Confort Rock i-Size\" width=\"80\" height=\"80\" class=\"aligncenter size-thumbnail wp-image-1494\" srcset=\"https:\/\/www.monsiegeautobebe.fr\/wp-content\/uploads\/2019\/10\/cosi-bebe-confort-rock-i-size-adac-150x150.jpg 150w, https:\/\/www.monsiegeautobebe.fr\/wp-content\/uploads\/2019\/10\/cosi-bebe-confort-rock-i-size-adac-300x300.jpg 300w, https:\/\/www.monsiegeautobebe.fr\/wp-content\/uploads\/2019\/10\/cosi-bebe-confort-rock-i-size-adac-336x336.jpg 336w, https:\/\/www.monsiegeautobebe.fr\/wp-content\/uploads\/2019\/10\/cosi-bebe-confort-rock-i-size-adac-600x600.jpg 600w, https:\/\/www.monsiegeautobebe.fr\/wp-content\/uploads\/2019\/10\/cosi-bebe-confort-rock-i-size-adac-768x768.jpg 768w, https:\/\/www.monsiegeautobebe.fr\/wp-content\/uploads\/2019\/10\/cosi-bebe-confort-rock-i-size-adac.jpg 1000w\" sizes=\"(max-width: 80px) 100vw, 80px\" \/>B\u00e9b\u00e9 Confort Rock i-Size<\/a><\/center><\/td><td class=\"column-2\">i-Size (R129)<\/td><td class=\"column-3\">45 - 75 cm (max. 12 kg)<\/td><td class=\"column-4\">Bis ca. 12 Monate<\/td><td class=\"column-5\">3,8 kg<\/td><td class=\"column-6\">G\u00fcrtel oder Basis <a href=\"https:\/\/action.metaffiliation.com\/trk.php?mclic=P4F2915719951B1&amp;redir=https%3A%2F%2Fwww.autourdebebe.com%2Fp%2F8712930142010%2Fbase-3wayfix-bebe-confort\" rel=\"noopener nofollow noreferrer\" target=\"_blank\">3wayFix<\/a> \/ <a href=\"https:\/\/amzn.to\/2OZYChY\" rel=\"noopener nofollow noreferrer\" target=\"_blank\">FamilyFix<\/a> \/ <a href=\"https:\/\/amzn.to\/2OFIfsK\" rel=\"noopener nofollow noreferrer\" target=\"_blank\">FamilyFix One<\/a><\/td><td class=\"column-7\">3 Punkte<\/td><td class=\"column-8\">Gut (1.7)<br \/>\nGut (1.7) mit Family One<\/td><td class=\"column-9\"><a href=\"https:\/\/amzn.to\/2MRABXL\" class=\"sc-button sc-button-default\" target=\"_blank\" rel=\"noopener\"><span>PREISE SICHTEN<\/span><\/a><\/td>\n<\/tr>\n<tr class=\"row-7\">\n\t<td class=\"column-1\"><center><a href=\"https:\/\/monsiegeautobebe.fr\/wp-content\/uploads\/2019\/10\/cosi-britax-romer-baby-safe-2-i-size-adac.jpg\"><img loading=\"lazy\" decoding=\"async\" src=\"https:\/\/monsiegeautobebe.fr\/wp-content\/uploads\/2019\/10\/cosi-britax-romer-baby-safe-2-i-size-adac-150x150.jpg\" alt=\"Babyschale Britax R\u00f6mer Baby-Safe 2 i-Size\" width=\"80\" height=\"80\" class=\"aligncenter size-thumbnail wp-image-1530\" srcset=\"https:\/\/www.monsiegeautobebe.fr\/wp-content\/uploads\/2019\/10\/cosi-britax-romer-baby-safe-2-i-size-adac-150x150.jpg 150w, https:\/\/www.monsiegeautobebe.fr\/wp-content\/uploads\/2019\/10\/cosi-britax-romer-baby-safe-2-i-size-adac-300x300.jpg 300w, https:\/\/www.monsiegeautobebe.fr\/wp-content\/uploads\/2019\/10\/cosi-britax-romer-baby-safe-2-i-size-adac-336x336.jpg 336w, https:\/\/www.monsiegeautobebe.fr\/wp-content\/uploads\/2019\/10\/cosi-britax-romer-baby-safe-2-i-size-adac-600x600.jpg 600w, https:\/\/www.monsiegeautobebe.fr\/wp-content\/uploads\/2019\/10\/cosi-britax-romer-baby-safe-2-i-size-adac-768x768.jpg 768w, https:\/\/www.monsiegeautobebe.fr\/wp-content\/uploads\/2019\/10\/cosi-britax-romer-baby-safe-2-i-size-adac.jpg 1000w\" sizes=\"(max-width: 80px) 100vw, 80px\" \/>Britax R\u00f6mer Baby-Safe\u00b2 i-Size<\/a><\/center><\/td><td class=\"column-2\">i-Size (R129)<\/td><td class=\"column-3\">40 - 83 cm (max. 13 kg)<\/td><td class=\"column-4\">Bis ca. 15 Monate<\/td><td class=\"column-5\">4,8 kg<\/td><td class=\"column-6\">G\u00fcrtel oder <a href=\"https:\/\/tidd.ly\/3jZKdzI\" rel=\"noopener nofollow noreferrer\" target=\"_blank\">Flex-Basis<\/a><br \/>\n<br \/>\n<br \/>\n<\/td><td class=\"column-7\">5 Punkte<\/td><td class=\"column-8\">Gut (1.8)<br \/>\nGut (1.7) mit Flex-Basis<\/td><td class=\"column-9\"><a href=\"https:\/\/action.metaffiliation.com\/trk.php?mclic=P4F2915719951B1&amp;redir=https%3A%2F%2Fwww.autourdebebe.com%2Fp%2F4000984192667%2Fcoque-baby-safe-2-i-size-britax-romer\" class=\"sc-button sc-button-default\" target=\"_blank\" rel=\"noopener\"><span>PREISE SICHTEN<\/span><\/a><\/td>\n<\/tr>\n<tr class=\"row-8\">\n\t<td class=\"column-1\"><center><a href=\"https:\/\/monsiegeautobebe.fr\/wp-content\/uploads\/2019\/10\/coque-besafe-izi-go-modular-i-size-adac.jpg\"><img loading=\"lazy\" decoding=\"async\" src=\"https:\/\/monsiegeautobebe.fr\/wp-content\/uploads\/2019\/10\/coque-besafe-izi-go-modular-i-size-adac-150x150.jpg\" alt=\"Cosy BeSafe iZi Go Modular i-Size\" width=\"80\" height=\"80\" class=\"aligncenter size-thumbnail wp-image-1495\" \/>BeSafe iZi Go Modular i-Size<\/a><\/center><\/td><td class=\"column-2\">i-Size (R129)<\/td><td class=\"column-3\">40 - 75 cm (max. 13 kg)<\/td><td class=\"column-4\">Bis ca. 12 Monate<\/td><td class=\"column-5\">4,2 kg<\/td><td class=\"column-6\">G\u00fcrtel oder <a href=\"https:\/\/action.metaffiliation.com\/trk.php?mclic=P494DD5719952191&amp;redir=https%3A%2F%2Fwww.roseoubleu.fr%2Fbesafe-base-siege-auto-izi-modular-i-size-a148942.html\" rel=\"noopener nofollow noreferrer\" target=\"_blank\">Basis iZi Modular i-Size<\/a><br \/>\n<br \/>\n<br \/>\n<\/td><td class=\"column-7\">5 Punkte<\/td><td class=\"column-8\">Gut (1.8)<br \/>\nGut (1.9) mit Basis<\/td><td class=\"column-9\"><a href=\"https:\/\/action.metaffiliation.com\/trk.php?mclic=P4F2915719951B1&amp;redir=https%3A%2F%2Fwww.autourdebebe.com%2Fp%2F7043485900130%2Fcoque-izi-go-modular-i-size-white-edge-besafe\" class=\"sc-button sc-button-default\" target=\"_blank\" rel=\"noopener\"><span>PREISE SICHTEN<\/span><\/a><\/td>\n<\/tr>\n<tr class=\"row-9\">\n\t<td class=\"column-1\"><center><a href=\"https:\/\/monsiegeautobebe.fr\/wp-content\/uploads\/2021\/02\/cosy-besafe-izi-go-modular-x1-i-size.jpg\"><img loading=\"lazy\" decoding=\"async\" src=\"https:\/\/monsiegeautobebe.fr\/wp-content\/uploads\/2021\/02\/cosy-besafe-izi-go-modular-x1-i-size-150x150.jpg\" alt=\"Cosy BeSafe iZi Go Modular X1 i-Size\" width=\"80\" height=\"80\" class=\"aligncenter size-thumbnail wp-image-1495\" \/>BeSafe iZi Go Modular X1 i-Size<\/a><\/center><\/td><td class=\"column-2\">i-Size (R129)<\/td><td class=\"column-3\">40 - 75 cm (max. 13 kg)<\/td><td class=\"column-4\">Bis ca. 12 Monate<\/td><td class=\"column-5\">4,2 kg<\/td><td class=\"column-6\">G\u00fcrtel oder <a href=\"https:\/\/action.metaffiliation.com\/trk.php?mclic=P494DD5719952191&amp;redir=https%3A%2F%2Fwww.roseoubleu.fr%2Fbesafe-base-siege-auto-izi-modular-i-size-a148942.html\" rel=\"noopener nofollow noreferrer\" target=\"_blank\">Basis iZi Modular i-Size<\/a><br \/>\n<br \/>\n<br \/>\n<\/td><td class=\"column-7\">5 Punkte<\/td><td class=\"column-8\">Gut (2.0) mit Basis<\/td><td class=\"column-9\"><a href=\"https:\/\/action.metaffiliation.com\/trk.php?mclic=P494DD5719952191&amp;redir=https%3A%2F%2Fwww.roseoubleu.fr%2Fbesafe-siege-auto-cosi-izi-go-modular-x1-i-size-fresh-black-cab-a274264.html\" class=\"sc-button sc-button-default\" target=\"_blank\" rel=\"noopener\"><span>PREISE SICHTEN<\/span><\/a><\/td>\n<\/tr>\n<tr class=\"row-10\">\n\t<td class=\"column-1\"><center><a href=\"https:\/\/monsiegeautobebe.fr\/wp-content\/uploads\/2019\/10\/cosi-bugaboo-turtle-by-nuna-i-size.jpg\"><img loading=\"lazy\" decoding=\"async\" src=\"https:\/\/monsiegeautobebe.fr\/wp-content\/uploads\/2019\/10\/cosi-bugaboo-turtle-by-nuna-i-size-150x150.jpg\" alt=\"Cosy Bugaboo Turtle by Nuna\" width=\"80\" height=\"80\" class=\"aligncenter size-thumbnail wp-image-1496\" srcset=\"https:\/\/www.monsiegeautobebe.fr\/wp-content\/uploads\/2019\/10\/cosi-bugaboo-turtle-by-nuna-i-size-150x150.jpg 150w, https:\/\/www.monsiegeautobebe.fr\/wp-content\/uploads\/2019\/10\/cosi-bugaboo-turtle-by-nuna-i-size-300x300.jpg 300w, https:\/\/www.monsiegeautobebe.fr\/wp-content\/uploads\/2019\/10\/cosi-bugaboo-turtle-by-nuna-i-size-336x336.jpg 336w, https:\/\/www.monsiegeautobebe.fr\/wp-content\/uploads\/2019\/10\/cosi-bugaboo-turtle-by-nuna-i-size-600x600.jpg 600w, https:\/\/www.monsiegeautobebe.fr\/wp-content\/uploads\/2019\/10\/cosi-bugaboo-turtle-by-nuna-i-size-768x768.jpg 768w, https:\/\/www.monsiegeautobebe.fr\/wp-content\/uploads\/2019\/10\/cosi-bugaboo-turtle-by-nuna-i-size.jpg 1000w\" sizes=\"(max-width: 80px) 100vw, 80px\" \/>Bugaboo Turtle by Nuna<\/a><\/center><\/td><td class=\"column-2\">i-Size (R129)<\/td><td class=\"column-3\">40 - 85 cm (max. 13 kg)<\/td><td class=\"column-4\">Bis ca. 15 Monate<\/td><td class=\"column-5\">5,1 kg<\/td><td class=\"column-6\">G\u00fcrtel oder <a href=\"https:\/\/amzn.to\/3bdJc3m\" rel=\"noopener nofollow noreferrer\" target=\"_blank\">Base Turtle by Nuna<\/a><\/td><td class=\"column-7\">5 Punkte<\/td><td class=\"column-8\">Gut (2.0)<br \/>\nGut (1.8) mit Basis<br \/>\n<\/td><td class=\"column-9\"><a href=\"https:\/\/action.metaffiliation.com\/trk.php?mclic=P494DD5719952191&amp;redir=https%3A%2F%2Fwww.roseoubleu.fr%2Fbugaboo-siege-auto-cosi-turtle-air-by-nuna-black-2020-a294060.html\" class=\"sc-button sc-button-default\" target=\"_blank\" rel=\"noopener\"><span>PREISE SICHTEN<\/span><\/a><\/td>\n<\/tr>\n<tr class=\"row-11\">\n\t<td class=\"column-1\"><a href=\"https:\/\/monsiegeautobebe.fr\/wp-content\/uploads\/2021\/03\/cosy-bebe-cybex-aton-b-i-size-adac.jpg\"><img loading=\"lazy\" decoding=\"async\" src=\"https:\/\/monsiegeautobebe.fr\/wp-content\/uploads\/2021\/03\/cosy-bebe-cybex-aton-b-i-size-adac-150x150.jpg\" alt=\"Babyschale Cybex Aton B i-Size\" width=\"100\" height=\"100\" class=\"aligncenter size-thumbnail wp-image-2096\" \/>Cybex<br \/>\nAton B i-Size<\/a><\/td><td class=\"column-2\">i-Size (R129)<\/td><td class=\"column-3\">45 - 87 cm<br \/>\n(max. 13 kg)<\/td><td class=\"column-4\">Bis ca. 18 Monate<\/td><td class=\"column-5\">4,3 kg<\/td><td class=\"column-6\">G\u00fcrtel oder <a href=\"https:\/\/amzn.to\/2MABPYp\" rel=\"noopener nofollow noreferrer\" target=\"_blank\">Basis M<\/a><\/td><td class=\"column-7\">3 Punkte<\/td><td class=\"column-8\">Gut (1.8)<br \/>\nGut (1.7) mit Basis M<\/td><td class=\"column-9\"><a href=\"https:\/\/action.metaffiliation.com\/trk.php?mclic=P494DD5719952191&amp;redir=https%3A%2F%2Fwww.roseoubleu.fr%2Fcybex-silver-siege-auto-cosi-aton-b-i-size-steel-grey-2020-a295007.html\" class=\"sc-button sc-button-default sc-button-small\" target=\"_blank\" rel=\"noopener\"><span>SIEHE BESTEN PREIS<\/span><\/a><\/td>\n<\/tr>\n<tr class=\"row-12\">\n\t<td class=\"column-1\"><center><a href=\"https:\/\/monsiegeautobebe.fr\/wp-content\/uploads\/2019\/10\/cosi-cybex-aton-m-i-size-adac.jpg\"><img loading=\"lazy\" decoding=\"async\" src=\"https:\/\/monsiegeautobebe.fr\/wp-content\/uploads\/2019\/10\/cosi-cybex-aton-m-i-size-adac-150x150.jpg\" alt=\"Cosy Cybex Aton M i-Size\" width=\"80\" height=\"80\" class=\"aligncenter size-thumbnail wp-image-1526\" srcset=\"https:\/\/www.monsiegeautobebe.fr\/wp-content\/uploads\/2019\/10\/cosi-cybex-aton-m-i-size-adac-150x150.jpg 150w, https:\/\/www.monsiegeautobebe.fr\/wp-content\/uploads\/2019\/10\/cosi-cybex-aton-m-i-size-adac-300x300.jpg 300w, https:\/\/www.monsiegeautobebe.fr\/wp-content\/uploads\/2019\/10\/cosi-cybex-aton-m-i-size-adac-336x336.jpg 336w, https:\/\/www.monsiegeautobebe.fr\/wp-content\/uploads\/2019\/10\/cosi-cybex-aton-m-i-size-adac-600x600.jpg 600w, https:\/\/www.monsiegeautobebe.fr\/wp-content\/uploads\/2019\/10\/cosi-cybex-aton-m-i-size-adac-768x768.jpg 768w, https:\/\/www.monsiegeautobebe.fr\/wp-content\/uploads\/2019\/10\/cosi-cybex-aton-m-i-size-adac.jpg 1000w\" sizes=\"(max-width: 80px) 100vw, 80px\" \/>Cybex Aton M i-Size<\/a><\/center><\/td><td class=\"column-2\">i-Size (R129)<\/td><td class=\"column-3\">45 - 87 cm (max. 13 kg)<\/td><td class=\"column-4\">Bis ca. 18 Monate<\/td><td class=\"column-5\">4,5 kg<\/td><td class=\"column-6\">G\u00fcrtel oder <a href=\"https:\/\/amzn.to\/35OfCxO\" rel=\"noopener nofollow noreferrer\" target=\"_blank\">Basis M<\/a><\/td><td class=\"column-7\">3 Punkte<\/td><td class=\"column-8\">Gut (1.8)<br \/>\nGut (1.6) mit Basis M<\/td><td class=\"column-9\"><a href=\"https:\/\/amzn.to\/2OR76Kn\" class=\"sc-button sc-button-default\" target=\"_blank\" rel=\"noopener\"><span>PREISE SICHTEN<\/span><\/a><\/td>\n<\/tr>\n<tr class=\"row-13\">\n\t<td class=\"column-1\"><center><a href=\"https:\/\/monsiegeautobebe.fr\/wp-content\/uploads\/2019\/10\/cosi-cybex-aton-q-i-size-adac.jpg\"><img loading=\"lazy\" decoding=\"async\" src=\"https:\/\/monsiegeautobebe.fr\/wp-content\/uploads\/2019\/10\/cosi-cybex-aton-q-i-size-adac-150x150.jpg\" alt=\"Babyschale Cybex Aton Q i-Size\" width=\"80\" height=\"80\" class=\"aligncenter size-thumbnail wp-image-1527\" srcset=\"https:\/\/www.monsiegeautobebe.fr\/wp-content\/uploads\/2019\/10\/cosi-cybex-aton-q-i-size-adac-150x150.jpg 150w, https:\/\/www.monsiegeautobebe.fr\/wp-content\/uploads\/2019\/10\/cosi-cybex-aton-q-i-size-adac-300x300.jpg 300w, https:\/\/www.monsiegeautobebe.fr\/wp-content\/uploads\/2019\/10\/cosi-cybex-aton-q-i-size-adac-336x336.jpg 336w, https:\/\/www.monsiegeautobebe.fr\/wp-content\/uploads\/2019\/10\/cosi-cybex-aton-q-i-size-adac-600x600.jpg 600w, https:\/\/www.monsiegeautobebe.fr\/wp-content\/uploads\/2019\/10\/cosi-cybex-aton-q-i-size-adac-768x768.jpg 768w, https:\/\/www.monsiegeautobebe.fr\/wp-content\/uploads\/2019\/10\/cosi-cybex-aton-q-i-size-adac.jpg 1000w\" sizes=\"(max-width: 80px) 100vw, 80px\" \/>Cybex Aton Q i-Size<\/a><\/center><\/td><td class=\"column-2\">i-Size (R129)<\/td><td class=\"column-3\">45 - 75 cm (max. 13 kg)<\/td><td class=\"column-4\">Bis ca. 12 Monate<\/td><td class=\"column-5\">5,1 kg<\/td><td class=\"column-6\">G\u00fcrtel oder <a href=\"https:\/\/icp.shop-orchestra.com\/?P4F9B5571995111&amp;redir=https%3A%2F%2Ffr.shop-orchestra.com%2Ffr%2Fauto%2Fbase-auto%2Fbase-i-size-pour-aton-q-i-size-PAUADQ.html\" rel=\"noopener nofollow noreferrer\" target=\"_blank\">Basis Q<\/a><\/td><td class=\"column-7\">3 Punkte<\/td><td class=\"column-8\">Gut (1.7) G\u00fcrtel<br \/>\nGut (1.7) mit Basis Q<\/td><td class=\"column-9\"><a href=\"https:\/\/icp.shop-orchestra.com\/?P4F9B5571995111&amp;redir=https%3A%2F%2Ffr.shop-orchestra.com%2Ffr%2Fauto%2Fgroupe-0-de-0-a-13-kg%2Fsiege-auto-aton-q-i-size---autumn-gold-burnt-red-PA00PP.html\" class=\"sc-button sc-button-default\" target=\"_blank\" rel=\"noopener\"><span>PREISE SICHTEN<\/span><\/a><\/td>\n<\/tr>\n<tr class=\"row-14\">\n\t<td class=\"column-1\"><center><a href=\"https:\/\/monsiegeautobebe.fr\/wp-content\/uploads\/2019\/10\/cosi-cybex-cloud-z-i-size-adac.jpg\"><img loading=\"lazy\" decoding=\"async\" src=\"https:\/\/monsiegeautobebe.fr\/wp-content\/uploads\/2019\/10\/cosi-cybex-cloud-z-i-size-adac-150x150.jpg\" alt=\"Babyschale Cybex Cloud Z i-Size\" width=\"80\" height=\"80\" class=\"aligncenter size-thumbnail wp-image-1499\" srcset=\"https:\/\/www.monsiegeautobebe.fr\/wp-content\/uploads\/2019\/10\/cosi-cybex-cloud-z-i-size-adac-150x150.jpg 150w, https:\/\/www.monsiegeautobebe.fr\/wp-content\/uploads\/2019\/10\/cosi-cybex-cloud-z-i-size-adac-300x300.jpg 300w, https:\/\/www.monsiegeautobebe.fr\/wp-content\/uploads\/2019\/10\/cosi-cybex-cloud-z-i-size-adac-336x336.jpg 336w, https:\/\/www.monsiegeautobebe.fr\/wp-content\/uploads\/2019\/10\/cosi-cybex-cloud-z-i-size-adac-600x600.jpg 600w, https:\/\/www.monsiegeautobebe.fr\/wp-content\/uploads\/2019\/10\/cosi-cybex-cloud-z-i-size-adac-768x768.jpg 768w, https:\/\/www.monsiegeautobebe.fr\/wp-content\/uploads\/2019\/10\/cosi-cybex-cloud-z-i-size-adac.jpg 1000w\" sizes=\"(max-width: 80px) 100vw, 80px\" \/>Cybex Cloud Z i-Size<\/a><\/center><\/td><td class=\"column-2\">i-Size (R129)<\/td><td class=\"column-3\">45 - 87 cm (max. 13 kg)<\/td><td class=\"column-4\">Bis ca. 18 Monate<\/td><td class=\"column-5\">5,1 kg<\/td><td class=\"column-6\">G\u00fcrtel oder <a href=\"https:\/\/action.metaffiliation.com\/trk.php?mclic=P4F2915719951B1&amp;redir=https%3A%2F%2Fautourdebebe.com%2Fp%2F4058511253831%2Fbase-z-cybex%3Futm_source%3Daffiliation%26utm_medium%3Dcatalogue%26utm_campaign%3Daffiliation%26utm_content%3D187465\" rel=\"noopener nofollow noreferrer\" target=\"_blank\">Z-Basis<\/a><\/td><td class=\"column-7\">3 Punkte<\/td><td class=\"column-8\">Gut (1.7)<br \/>\nGut (1.8) mit Basis Z<\/td><td class=\"column-9\"><a href=\"https:\/\/action.metaffiliation.com\/trk.php?mclic=P4F2915719951B1&amp;redir=https%3A%2F%2Fwww.autourdebebe.com%2Fp%2Fcybexcloudzisize%2Fcoque-cloud-z-i-size-cybex\" class=\"sc-button sc-button-default\" target=\"_blank\" rel=\"noopener\"><span>PREISE SICHTEN<\/span><\/a><\/td>\n<\/tr>\n<tr class=\"row-15\">\n\t<td class=\"column-1\"><center><a href=\"https:\/\/monsiegeautobebe.fr\/wp-content\/uploads\/2019\/10\/cosi-graco-snugride-i-size.jpg\"><img loading=\"lazy\" decoding=\"async\" src=\"https:\/\/monsiegeautobebe.fr\/wp-content\/uploads\/2019\/10\/cosi-graco-snugride-i-size-150x150.jpg\" alt=\"Cosy Graco SnugRide i-Size\" width=\"80\" height=\"80\" class=\"aligncenter size-thumbnail wp-image-1595\" srcset=\"https:\/\/www.monsiegeautobebe.fr\/wp-content\/uploads\/2019\/10\/cosi-graco-snugride-i-size-150x150.jpg 150w, https:\/\/www.monsiegeautobebe.fr\/wp-content\/uploads\/2019\/10\/cosi-graco-snugride-i-size-300x300.jpg 300w, https:\/\/www.monsiegeautobebe.fr\/wp-content\/uploads\/2019\/10\/cosi-graco-snugride-i-size-336x336.jpg 336w, https:\/\/www.monsiegeautobebe.fr\/wp-content\/uploads\/2019\/10\/cosi-graco-snugride-i-size-600x600.jpg 600w, https:\/\/www.monsiegeautobebe.fr\/wp-content\/uploads\/2019\/10\/cosi-graco-snugride-i-size-768x768.jpg 768w, https:\/\/www.monsiegeautobebe.fr\/wp-content\/uploads\/2019\/10\/cosi-graco-snugride-i-size.jpg 1000w\" sizes=\"(max-width: 80px) 100vw, 80px\" \/>Graco SnugRide i-Size<\/a><\/center><\/td><td class=\"column-2\">i-Size (R129)<\/td><td class=\"column-3\">40 - 87 cm (max. 13 kg)<\/td><td class=\"column-4\">Bis ca. 18 Monate<\/td><td class=\"column-5\">5,0 kg<\/td><td class=\"column-6\">i-Size-G\u00fcrtel oder -Basis<\/td><td class=\"column-7\">5 Punkte<\/td><td class=\"column-8\">Gut (2.3) mit Basis<\/td><td class=\"column-9\"><a href=\"https:\/\/amzn.to\/2MAXW0Z\" class=\"sc-button sc-button-default\" target=\"_blank\" rel=\"noopener\"><span>PREISE SICHTEN<\/span><\/a><\/td>\n<\/tr>\n<tr class=\"row-16\">\n\t<td class=\"column-1\"><center><a href=\"https:\/\/monsiegeautobebe.fr\/wp-content\/uploads\/2019\/10\/cosi-inglesina-darwin-i-size-adac.jpg\"><img loading=\"lazy\" decoding=\"async\" src=\"https:\/\/monsiegeautobebe.fr\/wp-content\/uploads\/2019\/10\/cosi-inglesina-darwin-i-size-adac-150x150.jpg\" alt=\"Cosy Inglesina Darwin i-Size\" width=\"80\" height=\"80\" class=\"aligncenter size-thumbnail wp-image-1500\" srcset=\"https:\/\/www.monsiegeautobebe.fr\/wp-content\/uploads\/2019\/10\/cosi-inglesina-darwin-i-size-adac-150x150.jpg 150w, https:\/\/www.monsiegeautobebe.fr\/wp-content\/uploads\/2019\/10\/cosi-inglesina-darwin-i-size-adac-300x300.jpg 300w, https:\/\/www.monsiegeautobebe.fr\/wp-content\/uploads\/2019\/10\/cosi-inglesina-darwin-i-size-adac-336x336.jpg 336w, https:\/\/www.monsiegeautobebe.fr\/wp-content\/uploads\/2019\/10\/cosi-inglesina-darwin-i-size-adac-600x600.jpg 600w, https:\/\/www.monsiegeautobebe.fr\/wp-content\/uploads\/2019\/10\/cosi-inglesina-darwin-i-size-adac-768x768.jpg 768w, https:\/\/www.monsiegeautobebe.fr\/wp-content\/uploads\/2019\/10\/cosi-inglesina-darwin-i-size-adac.jpg 1000w\" sizes=\"(max-width: 80px) 100vw, 80px\" \/>Inglesina Darwin i-Size<\/a><\/center><\/td><td class=\"column-2\">i-Size (R129)<\/td><td class=\"column-3\">45 - 75 cm (max. 12 kg)<\/td><td class=\"column-4\">Bis ca. 12 Monate<\/td><td class=\"column-5\">4,5 kg<\/td><td class=\"column-6\">G\u00fcrtel oder <a href=\"https:\/\/action.metaffiliation.com\/trk.php?mclic=P4F2915719951B1&amp;redir=https%3A%2F%2Fwww.autourdebebe.com%2Fp%2Finglesinabaseisizepoursiegeautog0darwin%2Fbase-i-size-pour-coque-darwin-inglesina\" rel=\"noopener nofollow noreferrer\" target=\"_blank\">Basis Darwin<\/a><\/td><td class=\"column-7\">3 Punkte<\/td><td class=\"column-8\">Gut (2.0)<br \/>\nGut (2.3) mit Basis<\/td><td class=\"column-9\"><a href=\"https:\/\/action.metaffiliation.com\/trk.php?mclic=P4F2915719951B1&amp;redir=https%3A%2F%2Fwww.autourdebebe.com%2Fp%2Finglesinasiegeautogroupe0isizedarwin%2Fcoque-darwin-i-size-inglesina\" class=\"sc-button sc-button-default\" target=\"_blank\" rel=\"noopener\"><span>PREISE SICHTEN<\/span><\/a><\/td>\n<\/tr>\n<tr class=\"row-17\">\n\t<td class=\"column-1\"><center><a href=\"https:\/\/monsiegeautobebe.fr\/wp-content\/uploads\/2019\/10\/cosi-jane-imatrix.jpg\"><img loading=\"lazy\" decoding=\"async\" src=\"https:\/\/monsiegeautobebe.fr\/wp-content\/uploads\/2019\/10\/cosi-jane-imatrix-150x150.jpg\" alt=\"Cosy Jan\u00e9 iMatrix\" width=\"80\" height=\"80\" class=\"aligncenter size-thumbnail wp-image-1660\" srcset=\"https:\/\/www.monsiegeautobebe.fr\/wp-content\/uploads\/2019\/10\/cosi-jane-imatrix-150x150.jpg 150w, https:\/\/www.monsiegeautobebe.fr\/wp-content\/uploads\/2019\/10\/cosi-jane-imatrix-300x300.jpg 300w, https:\/\/www.monsiegeautobebe.fr\/wp-content\/uploads\/2019\/10\/cosi-jane-imatrix-336x336.jpg 336w, https:\/\/www.monsiegeautobebe.fr\/wp-content\/uploads\/2019\/10\/cosi-jane-imatrix-600x600.jpg 600w, https:\/\/www.monsiegeautobebe.fr\/wp-content\/uploads\/2019\/10\/cosi-jane-imatrix-768x768.jpg 768w, https:\/\/www.monsiegeautobebe.fr\/wp-content\/uploads\/2019\/10\/cosi-jane-imatrix.jpg 1000w\" sizes=\"(max-width: 80px) 100vw, 80px\" \/>Jan\u00e9 iMatrix<\/a><\/center><\/td><td class=\"column-2\">i-Size (R129)<\/td><td class=\"column-3\">40 - 83 cm (max. 13 kg)<\/td><td class=\"column-4\">Bis ca. 15 Monate<\/td><td class=\"column-5\">5,4 kg<\/td><td class=\"column-6\"><a href=\"https:\/\/icp.shop-orchestra.com\/?P4F9B5571995111&amp;redir=https%3A%2F%2Ffr.shop-orchestra.com%2Ffr%2Fauto%2Fbase-auto%2Fbase-i-size-pour-i-matrix-et-i-koos-PAUBKR.html\" rel=\"noopener nofollow noreferrer\" target=\"_blank\">iPlatform-Basis<\/a><\/td><td class=\"column-7\">3 Punkte<\/td><td class=\"column-8\">Gut (2.3) mit Basis<\/td><td class=\"column-9\"><a href=\"https:\/\/amzn.to\/32WmhUy\" class=\"sc-button sc-button-default\" target=\"_blank\" rel=\"noopener\"><span>PREISE SICHTEN<\/span><\/a><\/td>\n<\/tr>\n<tr class=\"row-18\">\n\t<td class=\"column-1\"><center><a href=\"https:\/\/monsiegeautobebe.fr\/wp-content\/uploads\/2019\/10\/cosi-jane-koos-i-size.jpg\"><img loading=\"lazy\" decoding=\"async\" src=\"https:\/\/monsiegeautobebe.fr\/wp-content\/uploads\/2019\/10\/cosi-jane-koos-i-size-150x150.jpg\" alt=\"Cosy Jan\u00e9 Koos i-Size R1\" width=\"80\" height=\"80\" class=\"aligncenter size-thumbnail wp-image-1501\" srcset=\"https:\/\/www.monsiegeautobebe.fr\/wp-content\/uploads\/2019\/10\/cosi-jane-koos-i-size-150x150.jpg 150w, https:\/\/www.monsiegeautobebe.fr\/wp-content\/uploads\/2019\/10\/cosi-jane-koos-i-size-300x300.jpg 300w, https:\/\/www.monsiegeautobebe.fr\/wp-content\/uploads\/2019\/10\/cosi-jane-koos-i-size-336x336.jpg 336w, https:\/\/www.monsiegeautobebe.fr\/wp-content\/uploads\/2019\/10\/cosi-jane-koos-i-size-600x600.jpg 600w, https:\/\/www.monsiegeautobebe.fr\/wp-content\/uploads\/2019\/10\/cosi-jane-koos-i-size-768x768.jpg 768w, https:\/\/www.monsiegeautobebe.fr\/wp-content\/uploads\/2019\/10\/cosi-jane-koos-i-size.jpg 1000w\" sizes=\"(max-width: 80px) 100vw, 80px\" \/>Jan\u00e9 Koos i-Size R1<\/a><\/center><\/td><td class=\"column-2\">i-Size (R129)<\/td><td class=\"column-3\">40 - 83 cm (max. 13 kg)<\/td><td class=\"column-4\">Bis ca. 15 Monate<\/td><td class=\"column-5\">4,0 kg<\/td><td class=\"column-6\">G\u00fcrtel oder <a href=\"https:\/\/icp.shop-orchestra.com\/?P4F9B5571995111&amp;redir=https%3A%2F%2Ffr.shop-orchestra.com%2Ffr%2Fauto%2Fbase-auto%2Fbase-i-size-pour-i-matrix-et-i-koos-PAUBKR.html\" rel=\"noopener nofollow noreferrer\" target=\"_blank\">iPlatform-Basis<\/a><\/td><td class=\"column-7\">3 Punkte<\/td><td class=\"column-8\">Gut (2.0)<br \/>\nGut (1.9) mit iPlatform<\/td><td class=\"column-9\"><a href=\"https:\/\/amzn.to\/2NiMmur\" class=\"sc-button sc-button-default\" target=\"_blank\" rel=\"noopener\"><span>PREISE SICHTEN<\/span><\/a><\/td>\n<\/tr>\n<tr class=\"row-19\">\n\t<td class=\"column-1\"><center><a href=\"https:\/\/monsiegeautobebe.fr\/wp-content\/uploads\/2019\/10\/cosi-joie-i-gemm-i-size-adac.jpg\"><img loading=\"lazy\" decoding=\"async\" src=\"https:\/\/monsiegeautobebe.fr\/wp-content\/uploads\/2019\/10\/cosi-joie-i-gemm-i-size-adac-150x150.jpg\" alt=\"Cosy Joie i-Gemm i-Size\" width=\"80\" height=\"80\" class=\"aligncenter size-thumbnail wp-image-1502\" srcset=\"https:\/\/www.monsiegeautobebe.fr\/wp-content\/uploads\/2019\/10\/cosi-joie-i-gemm-i-size-adac-150x150.jpg 150w, https:\/\/www.monsiegeautobebe.fr\/wp-content\/uploads\/2019\/10\/cosi-joie-i-gemm-i-size-adac-300x300.jpg 300w, https:\/\/www.monsiegeautobebe.fr\/wp-content\/uploads\/2019\/10\/cosi-joie-i-gemm-i-size-adac-336x336.jpg 336w, https:\/\/www.monsiegeautobebe.fr\/wp-content\/uploads\/2019\/10\/cosi-joie-i-gemm-i-size-adac-600x600.jpg 600w, https:\/\/www.monsiegeautobebe.fr\/wp-content\/uploads\/2019\/10\/cosi-joie-i-gemm-i-size-adac-768x768.jpg 768w, https:\/\/www.monsiegeautobebe.fr\/wp-content\/uploads\/2019\/10\/cosi-joie-i-gemm-i-size-adac.jpg 1000w\" sizes=\"(max-width: 80px) 100vw, 80px\" \/>Joie i-Gemm<\/a><\/center><\/td><td class=\"column-2\">i-Size (R129)<\/td><td class=\"column-3\">40 - 85 cm (max. 13 kg)<\/td><td class=\"column-4\">Bis ca. 15 Monate<\/td><td class=\"column-5\">4,7 kg<\/td><td class=\"column-6\">G\u00fcrtel oder <a href=\"https:\/\/icp.shop-orchestra.com\/?P4F9B5571995111&amp;redir=https%3A%2F%2Ffr.shop-orchestra.com%2Ffr%2Fmarques-a-decouvrir%2Fjoie%2Fbase-isofix-i-base-lx---gris-PAUAXD.html\" rel=\"noopener nofollow noreferrer\" target=\"_blank\">Basis i-Size LX<\/a> oder <a href=\"https:\/\/amzn.to\/2M0D3yH\" rel=\"noopener nofollow noreferrer\" target=\"_blank\">i-Base Advance<\/a><\/td><td class=\"column-7\">5 Punkte<\/td><td class=\"column-8\">Gut (1.7)<br \/>\nGut (1.8) mit i-Base<\/td><td class=\"column-9\"><a href=\"https:\/\/amzn.to\/2Ni260T\" class=\"sc-button sc-button-default\" target=\"_blank\" rel=\"noopener\"><span>PREISE SICHTEN<\/span><\/a><\/td>\n<\/tr>\n<tr class=\"row-20\">\n\t<td class=\"column-1\"><center><a href=\"https:\/\/monsiegeautobebe.fr\/wp-content\/uploads\/2019\/10\/cosi-joie-i-level-i-size-adac.jpg\"><img loading=\"lazy\" decoding=\"async\" src=\"https:\/\/monsiegeautobebe.fr\/wp-content\/uploads\/2019\/10\/cosi-joie-i-level-i-size-adac-150x150.jpg\" alt=\"Cosy Joie i-Level i-Size\" width=\"80\" height=\"80\" class=\"aligncenter size-thumbnail wp-image-1503\" srcset=\"https:\/\/www.monsiegeautobebe.fr\/wp-content\/uploads\/2019\/10\/cosi-joie-i-level-i-size-adac-150x150.jpg 150w, https:\/\/www.monsiegeautobebe.fr\/wp-content\/uploads\/2019\/10\/cosi-joie-i-level-i-size-adac-300x300.jpg 300w, https:\/\/www.monsiegeautobebe.fr\/wp-content\/uploads\/2019\/10\/cosi-joie-i-level-i-size-adac-336x336.jpg 336w, https:\/\/www.monsiegeautobebe.fr\/wp-content\/uploads\/2019\/10\/cosi-joie-i-level-i-size-adac-600x600.jpg 600w, https:\/\/www.monsiegeautobebe.fr\/wp-content\/uploads\/2019\/10\/cosi-joie-i-level-i-size-adac-768x768.jpg 768w, https:\/\/www.monsiegeautobebe.fr\/wp-content\/uploads\/2019\/10\/cosi-joie-i-level-i-size-adac.jpg 1000w\" sizes=\"(max-width: 80px) 100vw, 80px\" \/>Freude i-Level<\/a><\/center><\/td><td class=\"column-2\">i-Size (R129)<\/td><td class=\"column-3\">40 - 85 cm (max. 13 kg)<\/td><td class=\"column-4\">Bis ca. 15 Monate<\/td><td class=\"column-5\">4,7 kg<\/td><td class=\"column-6\">Nur <a href=\"https:\/\/icp.shop-orchestra.com\/?P4F9B5571995111&amp;redir=https%3A%2F%2Ffr.shop-orchestra.com%2Ffr%2Fmarques-a-decouvrir%2Fjoie%2Fbase-isofix-i-base-lx---gris-PAUAXD.html\" rel=\"noopener nofollow noreferrer\" target=\"_blank\">Basis i-Size LX<\/a><\/td><td class=\"column-7\">3 Punkte<\/td><td class=\"column-8\">Gut (1.7)<\/td><td class=\"column-9\"><a href=\"https:\/\/amzn.to\/32xMUiF\" class=\"sc-button sc-button-default\" target=\"_blank\" rel=\"noopener\"><span>PREISE SICHTEN<\/span><\/a><\/td>\n<\/tr>\n<tr class=\"row-21\">\n\t<td class=\"column-1\"><center><a href=\"https:\/\/monsiegeautobebe.fr\/wp-content\/uploads\/2019\/10\/coque-kiddy-evoluna-i-size-adac.jpg\"><img loading=\"lazy\" decoding=\"async\" src=\"https:\/\/monsiegeautobebe.fr\/wp-content\/uploads\/2019\/10\/coque-kiddy-evoluna-i-size-adac-150x150.jpg\" alt=\"Cosy Kiddy Evoluna i-Size\" width=\"80\" height=\"80\" class=\"aligncenter size-thumbnail wp-image-1505\" \/>Kiddy Evoluna i-Size<\/a><\/center><\/td><td class=\"column-2\">i-Size (R129)<\/td><td class=\"column-3\">45 - 83 cm (max. 13 kg)<\/td><td class=\"column-4\">Bis ca. 15 Monate<\/td><td class=\"column-5\">5,2 kg<\/td><td class=\"column-6\">Nur Basis<\/td><td class=\"column-7\">3 Punkte<\/td><td class=\"column-8\">Sehr gut (1.5)<\/td><td class=\"column-9\">Ersetzt durch Kiddy Evoluna i-Size 2<\/td>\n<\/tr>\n<tr class=\"row-22\">\n\t<td class=\"column-1\"><center><a href=\"https:\/\/monsiegeautobebe.fr\/wp-content\/uploads\/2019\/10\/cosi-kiddy-evoluna-2-i-size.jpg\"><img loading=\"lazy\" decoding=\"async\" src=\"https:\/\/monsiegeautobebe.fr\/wp-content\/uploads\/2019\/10\/cosi-kiddy-evoluna-2-i-size-150x150.jpg\" alt=\"Cosy Kiddy Evoluna 2 i-Size\" width=\"80\" height=\"80\" class=\"aligncenter size-thumbnail wp-image-1504\" srcset=\"https:\/\/www.monsiegeautobebe.fr\/wp-content\/uploads\/2019\/10\/cosi-kiddy-evoluna-2-i-size-150x150.jpg 150w, https:\/\/www.monsiegeautobebe.fr\/wp-content\/uploads\/2019\/10\/cosi-kiddy-evoluna-2-i-size-300x300.jpg 300w, https:\/\/www.monsiegeautobebe.fr\/wp-content\/uploads\/2019\/10\/cosi-kiddy-evoluna-2-i-size-336x336.jpg 336w, https:\/\/www.monsiegeautobebe.fr\/wp-content\/uploads\/2019\/10\/cosi-kiddy-evoluna-2-i-size-600x600.jpg 600w, https:\/\/www.monsiegeautobebe.fr\/wp-content\/uploads\/2019\/10\/cosi-kiddy-evoluna-2-i-size-768x768.jpg 768w, https:\/\/www.monsiegeautobebe.fr\/wp-content\/uploads\/2019\/10\/cosi-kiddy-evoluna-2-i-size.jpg 1000w\" sizes=\"(max-width: 80px) 100vw, 80px\" \/>Kiddy Evoluna i-Size 2<\/a><\/center><\/td><td class=\"column-2\">i-Size (R129)<\/td><td class=\"column-3\">40 - 83 cm (max. 13 kg)<\/td><td class=\"column-4\">Bis ca. 15 Monate<\/td><td class=\"column-5\">5,5 kg<\/td><td class=\"column-6\">ISOFIX-Gurt oder -Basis 2<\/td><td class=\"column-7\">3 Punkte<\/td><td class=\"column-8\">Gut (1.7)<\/td><td class=\"column-9\"><a href=\"https:\/\/amzn.to\/3ubTxVW\" class=\"sc-button sc-button-default\" target=\"_blank\" rel=\"noopener\"><span>PREISE SICHTEN<\/span><\/a><\/td>\n<\/tr>\n<tr class=\"row-23\">\n\t<td class=\"column-1\"><center><a href=\"https:\/\/monsiegeautobebe.fr\/wp-content\/uploads\/2019\/10\/cosi-nuna-pipa-icon-i-size-adac.jpg\"><img loading=\"lazy\" decoding=\"async\" src=\"https:\/\/monsiegeautobebe.fr\/wp-content\/uploads\/2019\/10\/cosi-nuna-pipa-icon-i-size-adac-150x150.jpg\" alt=\"Cosy Nuna Pipa Icon i-Size\" width=\"80\" height=\"80\" class=\"aligncenter size-thumbnail wp-image-1506\" srcset=\"https:\/\/www.monsiegeautobebe.fr\/wp-content\/uploads\/2019\/10\/cosi-nuna-pipa-icon-i-size-adac-150x150.jpg 150w, https:\/\/www.monsiegeautobebe.fr\/wp-content\/uploads\/2019\/10\/cosi-nuna-pipa-icon-i-size-adac-300x300.jpg 300w, https:\/\/www.monsiegeautobebe.fr\/wp-content\/uploads\/2019\/10\/cosi-nuna-pipa-icon-i-size-adac-336x336.jpg 336w, https:\/\/www.monsiegeautobebe.fr\/wp-content\/uploads\/2019\/10\/cosi-nuna-pipa-icon-i-size-adac-600x600.jpg 600w, https:\/\/www.monsiegeautobebe.fr\/wp-content\/uploads\/2019\/10\/cosi-nuna-pipa-icon-i-size-adac-768x768.jpg 768w, https:\/\/www.monsiegeautobebe.fr\/wp-content\/uploads\/2019\/10\/cosi-nuna-pipa-icon-i-size-adac.jpg 1000w\" sizes=\"(max-width: 80px) 100vw, 80px\" \/>Nuna Pipa Icon<\/a><\/center><\/td><td class=\"column-2\">i-Size (R129)<\/td><td class=\"column-3\">40 - 85 cm (max. 13 kg)<\/td><td class=\"column-4\">Bis ca. 15 Monate<\/td><td class=\"column-5\">4,4 kg<\/td><td class=\"column-6\">G\u00fcrtel oder <a href=\"https:\/\/icp.shop-orchestra.com\/?P4F9B5571995111&amp;redir=https%3A%2F%2Ffr.shop-orchestra.com%2Ffr%2Fauto%2Fbase-auto%2Fbase-pipafix-i-size-pipa-icon-PAUAE5.html\" rel=\"noopener nofollow noreferrer\" target=\"_blank\">Pipa FIX Basis<\/a><br \/>\n<\/td><td class=\"column-7\">5 Punkte<\/td><td class=\"column-8\">Gut (2.0)<br \/>\nGut (1.8) mit Basis<\/td><td class=\"column-9\">Ersetzt durch Nuna Pipa Next<\/td>\n<\/tr>\n<tr class=\"row-24\">\n\t<td class=\"column-1\"><center><a href=\"\"><a href=\"https:\/\/monsiegeautobebe.fr\/wp-content\/uploads\/2021\/02\/cosy-nuna-pipa-next-i-size-adac.jpg\"><img loading=\"lazy\" decoding=\"async\" src=\"https:\/\/monsiegeautobebe.fr\/wp-content\/uploads\/2021\/02\/cosy-nuna-pipa-next-i-size-adac-150x150.jpg\" alt=\"Baby Cosy Nuna Pipa Next i-Size\" width=\"80\" height=\"80\" class=\"aligncenter size-thumbnail wp-image-1506\" \/>Nuna Pipa Next<\/a><\/center><\/td><td class=\"column-2\">i-Size (R129)<\/td><td class=\"column-3\">40 - 83 cm (max. 13 kg)<\/td><td class=\"column-4\">Bis ca. 15 Monate<\/td><td class=\"column-5\">2,8 kg<\/td><td class=\"column-6\">G\u00fcrtel oder <a href=\"https:\/\/tidd.ly\/2NxBAQV\" rel=\"noopener nofollow noreferrer\" target=\"_blank\">Basis Pipa Next<\/a><br \/>\n<\/td><td class=\"column-7\">5 Punkte<\/td><td class=\"column-8\">Gut (2.0)<br \/>\nGut (1.6) mit Basis<\/td><td class=\"column-9\"><a href=\"https:\/\/tidd.ly\/3bgZAzT\" class=\"sc-button sc-button-default\" target=\"_blank\" rel=\"noopener\"><span>PREISE SICHTEN<\/span><\/a><\/td>\n<\/tr>\n<tr class=\"row-25\">\n\t<td class=\"column-1\"><center><a href=\"https:\/\/monsiegeautobebe.fr\/wp-content\/uploads\/2019\/10\/cosi-peg-perego-primo-viaggio-i-size-adac.jpg\"><img loading=\"lazy\" decoding=\"async\" src=\"https:\/\/monsiegeautobebe.fr\/wp-content\/uploads\/2019\/10\/cosi-peg-perego-primo-viaggio-i-size-adac-150x150.jpg\" alt=\"Cosy Peg Perego Primo Viaggio i-Size\" width=\"80\" height=\"80\" class=\"aligncenter size-thumbnail wp-image-1489\" srcset=\"https:\/\/www.monsiegeautobebe.fr\/wp-content\/uploads\/2019\/10\/cosi-peg-perego-primo-viaggio-i-size-adac-150x150.jpg 150w, https:\/\/www.monsiegeautobebe.fr\/wp-content\/uploads\/2019\/10\/cosi-peg-perego-primo-viaggio-i-size-adac-300x300.jpg 300w, https:\/\/www.monsiegeautobebe.fr\/wp-content\/uploads\/2019\/10\/cosi-peg-perego-primo-viaggio-i-size-adac-336x336.jpg 336w, https:\/\/www.monsiegeautobebe.fr\/wp-content\/uploads\/2019\/10\/cosi-peg-perego-primo-viaggio-i-size-adac-600x600.jpg 600w, https:\/\/www.monsiegeautobebe.fr\/wp-content\/uploads\/2019\/10\/cosi-peg-perego-primo-viaggio-i-size-adac-768x768.jpg 768w, https:\/\/www.monsiegeautobebe.fr\/wp-content\/uploads\/2019\/10\/cosi-peg-perego-primo-viaggio-i-size-adac.jpg 1000w\" sizes=\"(max-width: 80px) 100vw, 80px\" \/>Peg Perego Primo Viaggio i-Size<\/a><\/center><\/td><td class=\"column-2\">i-Size (R129)<\/td><td class=\"column-3\">40 - 83 cm (max. 13 kg)<\/td><td class=\"column-4\">Bis ca. 15 Monate<\/td><td class=\"column-5\">4,7 kg<\/td><td class=\"column-6\">G\u00fcrtel oder <a href=\"https:\/\/action.metaffiliation.com\/trk.php?mclic=P4F2915719951B1&amp;redir=https%3A%2F%2Fwww.autourdebebe.com%2Fp%2Fpegperego1baseisize%2Fbase-i-size-peg-perego\" rel=\"noopener nofollow noreferrer\" target=\"_blank\">i-Size Basis<\/a><\/td><td class=\"column-7\">3 Punkte<\/td><td class=\"column-8\">Gut (1.8)<br \/>\nGut (1.6) mit Basis<\/td><td class=\"column-9\"><a href=\"https:\/\/action.metaffiliation.com\/trk.php?mclic=P494DD5719952191&amp;redir=https%3A%2F%2Fwww.roseoubleu.fr%2Fpeg-perego-siege-auto-cosi-primo-viaggio-i-size-luxe-pure-2019-a259847.html\" class=\"sc-button sc-button-default\" target=\"_blank\" rel=\"noopener\"><span>PREISE SICHTEN<\/span><\/a><\/td>\n<\/tr>\n<tr class=\"row-26\">\n\t<td class=\"column-1\"><center><a href=\"https:\/\/monsiegeautobebe.fr\/wp-content\/uploads\/2021\/02\/cosy-swandoo-albert-i-size-adac.jpg\"><img loading=\"lazy\" decoding=\"async\" src=\"https:\/\/monsiegeautobebe.fr\/wp-content\/uploads\/2021\/02\/cosy-swandoo-albert-i-size-adac-150x150.jpg\" alt=\"Baby Cosy Swandoo Albert i-Size\" width=\"80\" height=\"80\" class=\"aligncenter size-thumbnail wp-image-1597\" \/>Swandoo Albert i-Size<\/a><\/center><\/td><td class=\"column-2\">i-Size (R129)<\/td><td class=\"column-3\">40 - 85 cm (max. 13 kg)<\/td><td class=\"column-4\">Bis ca. 15 Monate<\/td><td class=\"column-5\">5,1 kg<\/td><td class=\"column-6\">G\u00fcrtel oder <a href=\"https:\/\/tidd.ly\/37rnsQ6\" rel=\"noopener nofollow noreferrer\" target=\"_blank\">i-Size Basis<\/a><\/td><td class=\"column-7\">3 Punkte<\/td><td class=\"column-8\">Gut (1.7)<br \/>\nGut (1.6) mit Basis<\/td><td class=\"column-9\"><a href=\"https:\/\/www.awin1.com\/cread.php?awinmid=14357&amp;awinaffid=561535&amp;clickref=Swandoo+Albert+i-Size&amp;ued=https%3A%2F%2Fwww.kidsroom.de%2Ffr%2Fswandoo-porte-bebe-albert-i-size-alfalfa-2020\" class=\"sc-button sc-button-default\" target=\"_blank\" rel=\"noopener\"><span>PREISE SICHTEN<\/span><\/a><\/td>\n<\/tr>\n<\/tbody>\n<\/table>\n\n<\/div><!-- #tablepress-23 from cache --><ul>\n<li>\n<h3><span class=\"ez-toc-section\" id=\"Les_Meilleurs_Cosy_Homologues_R4404\"><\/span>Beste Babyschale (R44\/04)<span class=\"ez-toc-section-end\"><\/span><\/h3>\n<\/li>\n<\/ul>\n<p>Es handelt sich um die alten Regelungen, die nach und nach verschwinden werden zugunsten von <strong>der neue i-Size-Standard<\/strong>. Gegenw\u00e4rtig existieren beide Standards nebeneinander und die<strong> Autositze, die nach R44\/04 zugelassen sind<\/strong> d\u00fcrfen weiterhin ohne Probleme verkauft und verwendet werden. Nachfolgend finden Sie eine Liste der besten Baby-Cosys mit R44\/04-Zulassung :<\/p>\n<div id=\"tablepress-24-scroll-wrapper\" class=\"tablepress-scroll-wrapper\">\n\n<table id=\"tablepress-24\" class=\"tablepress tablepress-id-24 tablepress-responsive\">\n<thead>\n<tr class=\"row-1\">\n\t<td class=\"column-1\"><\/td><th class=\"column-2\">Standard<\/th><th class=\"column-3\">Gr\u00f6\u00dfe<\/th><th class=\"column-4\">Alter<\/th><th class=\"column-5\">Gewicht<\/th><th class=\"column-6\">Befestigung<\/th><th class=\"column-7\">Hebegurt<\/th><th class=\"column-8\">Hinweis<br \/>\nADAC<\/th><th class=\"column-9\">Tarif<\/th>\n<\/tr>\n<\/thead>\n<tbody class=\"row-striping row-hover\">\n<tr class=\"row-2\">\n\t<td class=\"column-1\"><center><a href=\"https:\/\/monsiegeautobebe.fr\/wp-content\/uploads\/2019\/10\/coque-besafe-izi-go-x1-adac.jpg\"><img loading=\"lazy\" decoding=\"async\" src=\"https:\/\/monsiegeautobebe.fr\/wp-content\/uploads\/2019\/10\/coque-besafe-izi-go-x1-adac-150x150.jpg\" alt=\"Baby Cosy BeSafe iZi GO X1\" width=\"80\" height=\"80\" class=\"aligncenter size-thumbnail wp-image-1629\" srcset=\"https:\/\/www.monsiegeautobebe.fr\/wp-content\/uploads\/2019\/10\/coque-besafe-izi-go-x1-adac-150x150.jpg 150w, https:\/\/www.monsiegeautobebe.fr\/wp-content\/uploads\/2019\/10\/coque-besafe-izi-go-x1-adac-300x300.jpg 300w, https:\/\/www.monsiegeautobebe.fr\/wp-content\/uploads\/2019\/10\/coque-besafe-izi-go-x1-adac-336x336.jpg 336w, https:\/\/www.monsiegeautobebe.fr\/wp-content\/uploads\/2019\/10\/coque-besafe-izi-go-x1-adac-600x600.jpg 600w, https:\/\/www.monsiegeautobebe.fr\/wp-content\/uploads\/2019\/10\/coque-besafe-izi-go-x1-adac-768x768.jpg 768w, https:\/\/www.monsiegeautobebe.fr\/wp-content\/uploads\/2019\/10\/coque-besafe-izi-go-x1-adac.jpg 1000w\" sizes=\"(max-width: 80px) 100vw, 80px\" \/>BeSafe iZi Go X1<\/a><\/center><\/td><td class=\"column-2\">R44\/04<\/td><td class=\"column-3\">Gruppe 0+ (0-13 kg)<\/td><td class=\"column-4\">Bis ca. 12 Monate<\/td><td class=\"column-5\">3,8 kg<\/td><td class=\"column-6\">G\u00fcrtel oder <a href=\"https:\/\/action.metaffiliation.com\/trk.php?mclic=P4F2915719951B1&amp;redir=https%3A%2F%2Fwww.autourdebebe.com%2Fp%2Fgaminbesafeizigoisofixbase%2Fbase-izi-go-isofix-besafe\" rel=\"noopener nofollow noreferrer\" target=\"_blank\">Basisstation iZi Go X1<\/a><\/td><td class=\"column-7\">5 Punkte<\/td><td class=\"column-8\">Gut (1.7)<\/td><td class=\"column-9\"><a href=\"https:\/\/action.metaffiliation.com\/trk.php?mclic=P494DD5719952191&amp;redir=https%3A%2F%2Fwww.roseoubleu.fr%2Fbesafe-siege-auto-cosi-izi-go-x1-black-cab-a098238.html\" class=\"sc-button sc-button-default\" target=\"_blank\" rel=\"noopener\"><span>PREISE SICHTEN<\/span><\/a><\/td>\n<\/tr>\n<tr class=\"row-3\">\n\t<td class=\"column-1\"><center><a href=\"https:\/\/monsiegeautobebe.fr\/wp-content\/uploads\/2019\/10\/coque-britax-romer-baby-safe-plus-shr-ii-adac.jpg\"><img loading=\"lazy\" decoding=\"async\" src=\"https:\/\/monsiegeautobebe.fr\/wp-content\/uploads\/2019\/10\/coque-britax-romer-baby-safe-plus-shr-ii-adac-150x150.jpg\" alt=\"Baby Cosy Britax R\u00f6mer Baby Safe Plus SHR II\" width=\"80\" height=\"80\" class=\"aligncenter size-thumbnail wp-image-1606\" srcset=\"https:\/\/www.monsiegeautobebe.fr\/wp-content\/uploads\/2019\/10\/coque-britax-romer-baby-safe-plus-shr-ii-adac-150x150.jpg 150w, https:\/\/www.monsiegeautobebe.fr\/wp-content\/uploads\/2019\/10\/coque-britax-romer-baby-safe-plus-shr-ii-adac-300x300.jpg 300w, https:\/\/www.monsiegeautobebe.fr\/wp-content\/uploads\/2019\/10\/coque-britax-romer-baby-safe-plus-shr-ii-adac-336x336.jpg 336w, https:\/\/www.monsiegeautobebe.fr\/wp-content\/uploads\/2019\/10\/coque-britax-romer-baby-safe-plus-shr-ii-adac-600x600.jpg 600w, https:\/\/www.monsiegeautobebe.fr\/wp-content\/uploads\/2019\/10\/coque-britax-romer-baby-safe-plus-shr-ii-adac-768x768.jpg 768w, https:\/\/www.monsiegeautobebe.fr\/wp-content\/uploads\/2019\/10\/coque-britax-romer-baby-safe-plus-shr-ii-adac.jpg 1000w\" sizes=\"(max-width: 80px) 100vw, 80px\" \/>Britax R\u00f6mer Baby Safe Plus SHR II<\/a><\/center><\/td><td class=\"column-2\">R44\/04<\/td><td class=\"column-3\">Gruppe 0+ (0-13 kg)<\/td><td class=\"column-4\">Bis ca. 12 Monate<\/td><td class=\"column-5\">4,3 kg<\/td><td class=\"column-6\">G\u00fcrtel oder <a href=\"https:\/\/action.metaffiliation.com\/trk.php?mclic=P494DD5719952191&amp;redir=https%3A%2F%2Fwww.roseoubleu.fr%2Fbritax-roemer-base-isofix-pour-cosi-baby-safe-a000744.html\" rel=\"noopener nofollow noreferrer\" target=\"_blank\">Baby-Safe-Basis<\/a<\/td><td class=\"column-7\">5 Punkte<\/td><td class=\"column-8\">Gut (1.7)<br \/>\nSehr gut (1.4) mit Basis<\/td><td class=\"column-9\"><a href=\"https:\/\/action.metaffiliation.com\/trk.php?mclic=P494DD5719952191&amp;redir=https%3A%2F%2Fwww.roseoubleu.fr%2Fbritax-roemer-siege-auto-cosi-gr-0-baby-safe-plus-shr-ii-cosmos-black-a256567.html\" class=\"sc-button sc-button-default\" target=\"_blank\" rel=\"noopener\"><span>PREISE SICHTEN<\/span><\/a><\/td>\n<\/tr>\n<tr class=\"row-4\">\n\t<td class=\"column-1\"><center><a href=\"https:\/\/monsiegeautobebe.fr\/wp-content\/uploads\/2019\/10\/coque-bebe-confort-citi-adac.jpg\"><img loading=\"lazy\" decoding=\"async\" src=\"https:\/\/monsiegeautobebe.fr\/wp-content\/uploads\/2019\/10\/coque-bebe-confort-citi-adac-150x150.jpg\" alt=\"Cosy B\u00e9b\u00e9 Confort \/ Maxi-Cosi Citi\" width=\"80\" height=\"80\" class=\"aligncenter size-thumbnail wp-image-1627\" srcset=\"https:\/\/www.monsiegeautobebe.fr\/wp-content\/uploads\/2019\/10\/coque-bebe-confort-citi-adac-150x150.jpg 150w, https:\/\/www.monsiegeautobebe.fr\/wp-content\/uploads\/2019\/10\/coque-bebe-confort-citi-adac-300x300.jpg 300w, https:\/\/www.monsiegeautobebe.fr\/wp-content\/uploads\/2019\/10\/coque-bebe-confort-citi-adac-336x336.jpg 336w, https:\/\/www.monsiegeautobebe.fr\/wp-content\/uploads\/2019\/10\/coque-bebe-confort-citi-adac-600x600.jpg 600w, https:\/\/www.monsiegeautobebe.fr\/wp-content\/uploads\/2019\/10\/coque-bebe-confort-citi-adac-768x768.jpg 768w, https:\/\/www.monsiegeautobebe.fr\/wp-content\/uploads\/2019\/10\/coque-bebe-confort-citi-adac.jpg 1000w\" sizes=\"(max-width: 80px) 100vw, 80px\" \/>B\u00e9b\u00e9 Confort Citi<\/a><\/center><\/td><td class=\"column-2\">R44\/04<\/td><td class=\"column-3\">Gruppe 0+ (0-13 kg)<\/td><td class=\"column-4\">Bis ca. 12 Monate<\/td><td class=\"column-5\">3,3 kg<\/td><td class=\"column-6\">G\u00fcrtel oder <a href=\"https:\/\/amzn.to\/2qscirO\" rel=\"noopener nofollow noreferrer\" target=\"_blank\">CitiBase<\/a<\/td><td class=\"column-7\">3 Punkte<\/td><td class=\"column-8\">Gut (2.1)<\/td><td class=\"column-9\"><a href=\"https:\/\/action.metaffiliation.com\/trk.php?mclic=P494DD5719952191&amp;redir=https%3A%2F%2Fwww.roseoubleu.fr%2Fmaxi-cosi-siege-auto-cosy-cabriofix-essential-black-a221534.html\" class=\"sc-button sc-button-default\" target=\"_blank\" rel=\"noopener\"><span>PREISE SICHTEN<\/span><\/a><\/td>\n<\/tr>\n<tr class=\"row-5\">\n\t<td class=\"column-1\"><center><a href=\"https:\/\/monsiegeautobebe.fr\/wp-content\/uploads\/2019\/10\/coque-bebe-confort-cabriofix-adac.jpg\"><img loading=\"lazy\" decoding=\"async\" src=\"https:\/\/monsiegeautobebe.fr\/wp-content\/uploads\/2019\/10\/coque-bebe-confort-cabriofix-adac-150x150.jpg\" alt=\"Cosy B\u00e9b\u00e9 Confort \/ Maxi-Cosi Cabriofix\" width=\"80\" height=\"80\" class=\"aligncenter size-thumbnail wp-image-1626\" srcset=\"https:\/\/www.monsiegeautobebe.fr\/wp-content\/uploads\/2019\/10\/coque-bebe-confort-cabriofix-adac-150x150.jpg 150w, https:\/\/www.monsiegeautobebe.fr\/wp-content\/uploads\/2019\/10\/coque-bebe-confort-cabriofix-adac-300x300.jpg 300w, https:\/\/www.monsiegeautobebe.fr\/wp-content\/uploads\/2019\/10\/coque-bebe-confort-cabriofix-adac-336x336.jpg 336w, https:\/\/www.monsiegeautobebe.fr\/wp-content\/uploads\/2019\/10\/coque-bebe-confort-cabriofix-adac-600x600.jpg 600w, https:\/\/www.monsiegeautobebe.fr\/wp-content\/uploads\/2019\/10\/coque-bebe-confort-cabriofix-adac-768x768.jpg 768w, https:\/\/www.monsiegeautobebe.fr\/wp-content\/uploads\/2019\/10\/coque-bebe-confort-cabriofix-adac.jpg 1000w\" sizes=\"(max-width: 80px) 100vw, 80px\" \/>B\u00e9b\u00e9 Confort CabrioFix<\/a><\/center><\/td><td class=\"column-2\">R44\/04<\/td><td class=\"column-3\">Gruppe 0+ (0-13 kg)<\/td><td class=\"column-4\">Bis ca. 12 Monate<\/td><td class=\"column-5\">3,3 kg<\/td><td class=\"column-6\">G\u00fcrtel oder <a href=\"https:\/\/amzn.to\/2OZYChY\" rel=\"noopener nofollow noreferrer\" target=\"_blank\">Basis FamilyFix<\/a><\/td><td class=\"column-7\">3 Punkte<\/td><td class=\"column-8\">Gut (2.1)<br \/>\nGut (2.5) mit FamilyFix<\/td><td class=\"column-9\"><a href=\"https:\/\/amzn.to\/2Bx1bQA\" class=\"sc-button sc-button-default\" target=\"_blank\" rel=\"noopener\"><span>PREISE SICHTEN<\/span><\/a><\/td>\n<\/tr>\n<tr class=\"row-6\">\n\t<td class=\"column-1\"><center><a href=\"https:\/\/monsiegeautobebe.fr\/wp-content\/uploads\/2019\/10\/coque-bebe-confort-pebble-adac.jpg\"><img loading=\"lazy\" decoding=\"async\" src=\"https:\/\/monsiegeautobebe.fr\/wp-content\/uploads\/2019\/10\/coque-bebe-confort-pebble-adac-150x150.jpg\" alt=\"Cosy B\u00e9b\u00e9 Confort \/ Maxi-Cosi Pebble\" width=\"80\" height=\"80\" class=\"aligncenter size-thumbnail wp-image-1628\" srcset=\"https:\/\/www.monsiegeautobebe.fr\/wp-content\/uploads\/2019\/10\/coque-bebe-confort-pebble-adac-150x150.jpg 150w, https:\/\/www.monsiegeautobebe.fr\/wp-content\/uploads\/2019\/10\/coque-bebe-confort-pebble-adac-300x300.jpg 300w, https:\/\/www.monsiegeautobebe.fr\/wp-content\/uploads\/2019\/10\/coque-bebe-confort-pebble-adac-336x336.jpg 336w, https:\/\/www.monsiegeautobebe.fr\/wp-content\/uploads\/2019\/10\/coque-bebe-confort-pebble-adac-600x600.jpg 600w, https:\/\/www.monsiegeautobebe.fr\/wp-content\/uploads\/2019\/10\/coque-bebe-confort-pebble-adac-768x768.jpg 768w, https:\/\/www.monsiegeautobebe.fr\/wp-content\/uploads\/2019\/10\/coque-bebe-confort-pebble-adac.jpg 1000w\" sizes=\"(max-width: 80px) 100vw, 80px\" \/>B\u00e9b\u00e9 Confort Pebble<\/a><\/center><\/td><td class=\"column-2\">R44\/04<\/td><td class=\"column-3\">Gruppe 0+ (0-13 kg)<\/td><td class=\"column-4\">Bis ca. 12 Monate<\/td><td class=\"column-5\">4,3 kg<\/td><td class=\"column-6\">G\u00fcrtel oder Basis 2wayFix \/ <a href=\"https:\/\/amzn.to\/2OZYChY\" rel=\"noopener nofollow noreferrer\" target=\"_blank\">FamilyFix<\/a><\/td><td class=\"column-7\">3 Punkte<\/td><td class=\"column-8\">Gut (2.3)<br \/>\nGut (1.6) mit FamilyFix<br \/>\nGut (1.6) mit 2wayFix<\/td><td class=\"column-9\"><a href=\"https:\/\/www.bebeconfort-outlet.fr\/siege-auto-pebble-bebe-confort-concrete-grey.html\" class=\"sc-button sc-button-default\" target=\"_blank\" rel=\"noopener\"><span>PREISE SICHTEN<\/span><\/a><\/td>\n<\/tr>\n<tr class=\"row-7\">\n\t<td class=\"column-1\"><center><a href=\"https:\/\/monsiegeautobebe.fr\/wp-content\/uploads\/2019\/10\/coque-casualplay-baby-0-plus-adac.jpg\"><img loading=\"lazy\" decoding=\"async\" src=\"https:\/\/monsiegeautobebe.fr\/wp-content\/uploads\/2019\/10\/coque-casualplay-baby-0-plus-adac-150x150.jpg\" alt=\"Cosy Baby Casualplay Baby 0+\" width=\"80\" height=\"80\" class=\"aligncenter size-thumbnail wp-image-1607\" srcset=\"https:\/\/www.monsiegeautobebe.fr\/wp-content\/uploads\/2019\/10\/coque-casualplay-baby-0-plus-adac-150x150.jpg 150w, https:\/\/www.monsiegeautobebe.fr\/wp-content\/uploads\/2019\/10\/coque-casualplay-baby-0-plus-adac-300x300.jpg 300w, https:\/\/www.monsiegeautobebe.fr\/wp-content\/uploads\/2019\/10\/coque-casualplay-baby-0-plus-adac-336x336.jpg 336w, https:\/\/www.monsiegeautobebe.fr\/wp-content\/uploads\/2019\/10\/coque-casualplay-baby-0-plus-adac-600x600.jpg 600w, https:\/\/www.monsiegeautobebe.fr\/wp-content\/uploads\/2019\/10\/coque-casualplay-baby-0-plus-adac-768x768.jpg 768w, https:\/\/www.monsiegeautobebe.fr\/wp-content\/uploads\/2019\/10\/coque-casualplay-baby-0-plus-adac.jpg 1000w\" sizes=\"(max-width: 80px) 100vw, 80px\" \/>Casualplay Baby 0+<\/a><\/center><\/td><td class=\"column-2\">R44\/04<\/td><td class=\"column-3\">Gruppe 0+ (0-13 kg)<\/td><td class=\"column-4\">Bis ca. 12 Monate<\/td><td class=\"column-5\">4,3 kg<\/td><td class=\"column-6\">G\u00fcrtel oder <a href=\"\" rel=\"noopener nofollow noreferrer\" target=\"_blank\">BaseFix Baby 0+<\/a><br \/>\n<br \/>\n<br \/>\n<\/td><td class=\"column-7\">3 Punkte<\/td><td class=\"column-8\"><\/td><td class=\"column-9\"><a href=\"https:\/\/www.bebitus.fr\/coque-baby-0-casualplay-groupe-0-0m.html\" class=\"sc-button sc-button-default\" target=\"_blank\" rel=\"noopener\"><span>PREISE SICHTEN<\/span><\/a><\/td>\n<\/tr>\n<tr class=\"row-8\">\n\t<td class=\"column-1\"><center><a href=\"https:\/\/monsiegeautobebe.fr\/wp-content\/uploads\/2019\/10\/coque-chicco-autofix-fast-adac.jpg\"><img loading=\"lazy\" decoding=\"async\" src=\"https:\/\/monsiegeautobebe.fr\/wp-content\/uploads\/2019\/10\/coque-chicco-autofix-fast-adac-150x150.jpg\" alt=\"Baby Cosy Chicco AutoFix Fast\" width=\"80\" height=\"80\" class=\"aligncenter size-thumbnail wp-image-1610\" srcset=\"https:\/\/www.monsiegeautobebe.fr\/wp-content\/uploads\/2019\/10\/coque-chicco-autofix-fast-adac-150x150.jpg 150w, https:\/\/www.monsiegeautobebe.fr\/wp-content\/uploads\/2019\/10\/coque-chicco-autofix-fast-adac-300x300.jpg 300w, https:\/\/www.monsiegeautobebe.fr\/wp-content\/uploads\/2019\/10\/coque-chicco-autofix-fast-adac-336x336.jpg 336w, https:\/\/www.monsiegeautobebe.fr\/wp-content\/uploads\/2019\/10\/coque-chicco-autofix-fast-adac-600x600.jpg 600w, https:\/\/www.monsiegeautobebe.fr\/wp-content\/uploads\/2019\/10\/coque-chicco-autofix-fast-adac-768x768.jpg 768w, https:\/\/www.monsiegeautobebe.fr\/wp-content\/uploads\/2019\/10\/coque-chicco-autofix-fast-adac.jpg 1000w\" sizes=\"(max-width: 80px) 100vw, 80px\" \/>Chicco AutoFix Fast<\/a><\/center><\/td><td class=\"column-2\">R44\/04<\/td><td class=\"column-3\">Gruppe 0+ (0-13 kg)<\/td><td class=\"column-4\"><\/td><td class=\"column-5\">4,2 kg<\/td><td class=\"column-6\">G\u00fcrtel oder <a href=\"https:\/\/amzn.to\/3uzQCXt\" rel=\"noopener nofollow noreferrer\" target=\"_blank\">Basis AutoFix Fast<\/a><\/td><td class=\"column-7\">3 Punkte<\/td><td class=\"column-8\">Gut (2.2)<br \/>\nGut (2.0) mit Basis<\/td><td class=\"column-9\"><a href=\"https:\/\/amzn.to\/33SB7vF\" class=\"sc-button sc-button-default\" target=\"_blank\" rel=\"noopener\"><span>PREISE SICHTEN<\/span><\/a><\/td>\n<\/tr>\n<tr class=\"row-9\">\n\t<td class=\"column-1\"><center><a href=\"https:\/\/monsiegeautobebe.fr\/wp-content\/uploads\/2019\/10\/coque-concord-air-safe-adac.jpg\"><img loading=\"lazy\" decoding=\"async\" src=\"https:\/\/monsiegeautobebe.fr\/wp-content\/uploads\/2019\/10\/coque-concord-air-safe-adac-150x150.jpg\" alt=\"Cosy Baby Concord Air Safe\" width=\"80\" height=\"80\" class=\"aligncenter size-thumbnail wp-image-1612\" srcset=\"https:\/\/www.monsiegeautobebe.fr\/wp-content\/uploads\/2019\/10\/coque-concord-air-safe-adac-150x150.jpg 150w, https:\/\/www.monsiegeautobebe.fr\/wp-content\/uploads\/2019\/10\/coque-concord-air-safe-adac-300x300.jpg 300w, https:\/\/www.monsiegeautobebe.fr\/wp-content\/uploads\/2019\/10\/coque-concord-air-safe-adac-336x336.jpg 336w, https:\/\/www.monsiegeautobebe.fr\/wp-content\/uploads\/2019\/10\/coque-concord-air-safe-adac-600x600.jpg 600w, https:\/\/www.monsiegeautobebe.fr\/wp-content\/uploads\/2019\/10\/coque-concord-air-safe-adac-768x768.jpg 768w, https:\/\/www.monsiegeautobebe.fr\/wp-content\/uploads\/2019\/10\/coque-concord-air-safe-adac.jpg 1000w\" sizes=\"(max-width: 80px) 100vw, 80px\" \/>Concord Air.Safe<\/a><\/center><\/td><td class=\"column-2\">R44\/04<\/td><td class=\"column-3\">Gruppe 0+ (0-13 kg)<\/td><td class=\"column-4\">Bis ca. 18 Monate<\/td><td class=\"column-5\">3,1 kg<\/td><td class=\"column-6\">AirFix-G\u00fcrtel oder -Basis<\/td><td class=\"column-7\">3 Punkte<\/td><td class=\"column-8\">Gut (1.6)<br \/>\nGut (1.6) mit AirFix<\/td><td class=\"column-9\"><a href=\"https:\/\/amzn.to\/3sCsmCl\" class=\"sc-button sc-button-default\" target=\"_blank\" rel=\"noopener\"><span>PREISE SICHTEN<\/span><\/a><\/td>\n<\/tr>\n<tr class=\"row-10\">\n\t<td class=\"column-1\"><center><a href=\"https:\/\/monsiegeautobebe.fr\/wp-content\/uploads\/2019\/10\/coque-cybex-aton-adac.jpg\"><img loading=\"lazy\" decoding=\"async\" src=\"https:\/\/monsiegeautobebe.fr\/wp-content\/uploads\/2019\/10\/coque-cybex-aton-adac-150x150.jpg\" alt=\"Baby Cosy Cybex Aton\" width=\"80\" height=\"80\" class=\"aligncenter size-thumbnail wp-image-1614\" srcset=\"https:\/\/www.monsiegeautobebe.fr\/wp-content\/uploads\/2019\/10\/coque-cybex-aton-adac-150x150.jpg 150w, https:\/\/www.monsiegeautobebe.fr\/wp-content\/uploads\/2019\/10\/coque-cybex-aton-adac-300x300.jpg 300w, https:\/\/www.monsiegeautobebe.fr\/wp-content\/uploads\/2019\/10\/coque-cybex-aton-adac-336x336.jpg 336w, https:\/\/www.monsiegeautobebe.fr\/wp-content\/uploads\/2019\/10\/coque-cybex-aton-adac-600x600.jpg 600w, https:\/\/www.monsiegeautobebe.fr\/wp-content\/uploads\/2019\/10\/coque-cybex-aton-adac-768x768.jpg 768w, https:\/\/www.monsiegeautobebe.fr\/wp-content\/uploads\/2019\/10\/coque-cybex-aton-adac.jpg 1000w\" sizes=\"(max-width: 80px) 100vw, 80px\" \/>Cybex Aton<\/a><\/center><\/td><td class=\"column-2\">R44\/04<\/td><td class=\"column-3\">Gruppe 0+ (0-13 kg)<\/td><td class=\"column-4\">Bis ca. 18 Monate<\/td><td class=\"column-5\">3,8 kg<\/td><td class=\"column-6\">G\u00fcrtel oder <a href=\"https:\/\/amzn.to\/3aXHBQ7\" rel=\"noopener nofollow noreferrer\" target=\"_blank\">Base 2-Fix<\/a> \/ Basis 2<\/td><td class=\"column-7\">3 Punkte<\/td><td class=\"column-8\">Gut (1.9)<br \/>\nGut (1.8) mit Basis<\/td><td class=\"column-9\"><a href=\"https:\/\/amzn.to\/2MD1QXn\" class=\"sc-button sc-button-default\" target=\"_blank\" rel=\"noopener\"><span>PREISE SICHTEN<\/span><\/a><\/td>\n<\/tr>\n<tr class=\"row-11\">\n\t<td class=\"column-1\"><center><a href=\"https:\/\/monsiegeautobebe.fr\/wp-content\/uploads\/2019\/10\/coque-cybex-aton-5-adac.jpg\"><img loading=\"lazy\" decoding=\"async\" src=\"https:\/\/monsiegeautobebe.fr\/wp-content\/uploads\/2019\/10\/coque-cybex-aton-5-adac-150x150.jpg\" alt=\"Babyschale Cybex Aton 5\" width=\"80\" height=\"80\" class=\"aligncenter size-thumbnail wp-image-1613\" srcset=\"https:\/\/www.monsiegeautobebe.fr\/wp-content\/uploads\/2019\/10\/coque-cybex-aton-5-adac-150x150.jpg 150w, https:\/\/www.monsiegeautobebe.fr\/wp-content\/uploads\/2019\/10\/coque-cybex-aton-5-adac-300x300.jpg 300w, https:\/\/www.monsiegeautobebe.fr\/wp-content\/uploads\/2019\/10\/coque-cybex-aton-5-adac-336x336.jpg 336w, https:\/\/www.monsiegeautobebe.fr\/wp-content\/uploads\/2019\/10\/coque-cybex-aton-5-adac-600x600.jpg 600w, https:\/\/www.monsiegeautobebe.fr\/wp-content\/uploads\/2019\/10\/coque-cybex-aton-5-adac-768x768.jpg 768w, https:\/\/www.monsiegeautobebe.fr\/wp-content\/uploads\/2019\/10\/coque-cybex-aton-5-adac.jpg 1000w\" sizes=\"(max-width: 80px) 100vw, 80px\" \/>Cybex Aton 5<\/a><\/center><\/td><td class=\"column-2\">R44\/04<\/td><td class=\"column-3\">Gruppe 0+ (0-13 kg)<\/td><td class=\"column-4\">Bis ca. 18 Monate<\/td><td class=\"column-5\">5,3 kg<\/td><td class=\"column-6\">G\u00fcrtel oder <a href=\"https:\/\/amzn.to\/3aXHBQ7\" rel=\"noopener nofollow noreferrer\" target=\"_blank\">Base 2-Fix<\/a> \/ Basis 2<\/td><td class=\"column-7\">3 Punkte<\/td><td class=\"column-8\">Gut (1.6)<br \/>\nGut (1.7) mit Basis 2<br \/>\nGut (1.7) mit Base 2-Fix<\/td><td class=\"column-9\"><a href=\"https:\/\/amzn.to\/2O96Zcz\" class=\"sc-button sc-button-default\" target=\"_blank\" rel=\"noopener\"><span>PREISE SICHTEN<\/span><\/a><\/td>\n<\/tr>\n<tr class=\"row-12\">\n\t<td class=\"column-1\"><center><a href=\"https:\/\/monsiegeautobebe.fr\/wp-content\/uploads\/2019\/10\/coque-cybex-aton-m.jpg\"><img loading=\"lazy\" decoding=\"async\" src=\"https:\/\/monsiegeautobebe.fr\/wp-content\/uploads\/2019\/10\/coque-cybex-aton-m-150x150.jpg\" alt=\"Babyschale Cybex Aton M\" width=\"80\" height=\"80\" class=\"aligncenter size-thumbnail wp-image-1615\" srcset=\"https:\/\/www.monsiegeautobebe.fr\/wp-content\/uploads\/2019\/10\/coque-cybex-aton-m-150x150.jpg 150w, https:\/\/www.monsiegeautobebe.fr\/wp-content\/uploads\/2019\/10\/coque-cybex-aton-m-300x300.jpg 300w, https:\/\/www.monsiegeautobebe.fr\/wp-content\/uploads\/2019\/10\/coque-cybex-aton-m-336x336.jpg 336w, https:\/\/www.monsiegeautobebe.fr\/wp-content\/uploads\/2019\/10\/coque-cybex-aton-m-600x600.jpg 600w, https:\/\/www.monsiegeautobebe.fr\/wp-content\/uploads\/2019\/10\/coque-cybex-aton-m-768x768.jpg 768w, https:\/\/www.monsiegeautobebe.fr\/wp-content\/uploads\/2019\/10\/coque-cybex-aton-m.jpg 1000w\" sizes=\"(max-width: 80px) 100vw, 80px\" \/>Cybex Aton M<\/a><\/center><\/td><td class=\"column-2\">R44\/04<\/td><td class=\"column-3\">Gruppe 0+ (0-13 kg)<\/td><td class=\"column-4\">Bis ca. 18 Monate<\/td><td class=\"column-5\">4,2 kg<\/td><td class=\"column-6\">G\u00fcrtel oder <a href=\"https:\/\/amzn.to\/2MABPYp\" rel=\"noopener nofollow noreferrer\" target=\"_blank\">Basis M<\/a><\/td><td class=\"column-7\">3 Punkte<\/td><td class=\"column-8\"><\/td><td class=\"column-9\"><a href=\"https:\/\/amzn.to\/3r1F7Wt\" class=\"sc-button sc-button-default\" target=\"_blank\" rel=\"noopener\"><span>PREISE SICHTEN<\/span><\/a><\/td>\n<\/tr>\n<tr class=\"row-13\">\n\t<td class=\"column-1\"><center><a href=\"https:\/\/monsiegeautobebe.fr\/wp-content\/uploads\/2019\/10\/coque-cybex-aton-q-adac.jpg\"><img loading=\"lazy\" decoding=\"async\" src=\"https:\/\/monsiegeautobebe.fr\/wp-content\/uploads\/2019\/10\/coque-cybex-aton-q-adac-150x150.jpg\" alt=\"Babyschale Cybex Aton Q\" width=\"80\" height=\"80\" class=\"aligncenter size-thumbnail wp-image-1616\" srcset=\"https:\/\/www.monsiegeautobebe.fr\/wp-content\/uploads\/2019\/10\/coque-cybex-aton-q-adac-150x150.jpg 150w, https:\/\/www.monsiegeautobebe.fr\/wp-content\/uploads\/2019\/10\/coque-cybex-aton-q-adac-300x300.jpg 300w, https:\/\/www.monsiegeautobebe.fr\/wp-content\/uploads\/2019\/10\/coque-cybex-aton-q-adac-336x336.jpg 336w, https:\/\/www.monsiegeautobebe.fr\/wp-content\/uploads\/2019\/10\/coque-cybex-aton-q-adac-600x600.jpg 600w, https:\/\/www.monsiegeautobebe.fr\/wp-content\/uploads\/2019\/10\/coque-cybex-aton-q-adac-768x768.jpg 768w, https:\/\/www.monsiegeautobebe.fr\/wp-content\/uploads\/2019\/10\/coque-cybex-aton-q-adac.jpg 1000w\" sizes=\"(max-width: 80px) 100vw, 80px\" \/>Cybex Aton Q<\/a><\/center><\/td><td class=\"column-2\">R44\/04<\/td><td class=\"column-3\">Gruppe 0+ (0-13 kg)<\/td><td class=\"column-4\">Bis ca. 18 Monate<\/td><td class=\"column-5\">4,8 kg<\/td><td class=\"column-6\">G\u00fcrtel oder <a href=\"https:\/\/amzn.to\/32GEbLe\" rel=\"noopener nofollow noreferrer\" target=\"_blank\">Q-fix Basis<\/a><\/td><td class=\"column-7\">3 Punkte<\/td><td class=\"column-8\">Gut (1.6)<br \/>\nGut (1.6) mit Q-fix Basis<\/td><td class=\"column-9\"><a href=\"https:\/\/amzn.to\/3bMgfM7\" class=\"sc-button sc-button-default\" target=\"_blank\" rel=\"noopener\"><span>PREISE SICHTEN<\/span><\/a><\/td>\n<\/tr>\n<tr class=\"row-14\">\n\t<td class=\"column-1\"><center><a href=\"https:\/\/monsiegeautobebe.fr\/wp-content\/uploads\/2019\/10\/coque-cybex-cloud-q-adac.jpg\"><img loading=\"lazy\" decoding=\"async\" src=\"https:\/\/monsiegeautobebe.fr\/wp-content\/uploads\/2019\/10\/coque-cybex-cloud-q-adac-150x150.jpg\" alt=\"Babyschale Cybex Cloud Q\" width=\"80\" height=\"80\" class=\"aligncenter size-thumbnail wp-image-1617\" srcset=\"https:\/\/www.monsiegeautobebe.fr\/wp-content\/uploads\/2019\/10\/coque-cybex-cloud-q-adac-150x150.jpg 150w, https:\/\/www.monsiegeautobebe.fr\/wp-content\/uploads\/2019\/10\/coque-cybex-cloud-q-adac-300x300.jpg 300w, https:\/\/www.monsiegeautobebe.fr\/wp-content\/uploads\/2019\/10\/coque-cybex-cloud-q-adac-336x336.jpg 336w, https:\/\/www.monsiegeautobebe.fr\/wp-content\/uploads\/2019\/10\/coque-cybex-cloud-q-adac-600x600.jpg 600w, https:\/\/www.monsiegeautobebe.fr\/wp-content\/uploads\/2019\/10\/coque-cybex-cloud-q-adac-768x768.jpg 768w, https:\/\/www.monsiegeautobebe.fr\/wp-content\/uploads\/2019\/10\/coque-cybex-cloud-q-adac.jpg 1000w\" sizes=\"(max-width: 80px) 100vw, 80px\" \/>Cybex Cloud Q<\/a><\/center><\/td><td class=\"column-2\">R44\/04<\/td><td class=\"column-3\">Gruppe 0+ (0-13 kg)<\/td><td class=\"column-4\">Bis ca. 18 Monate<\/td><td class=\"column-5\">5,7 kg<\/td><td class=\"column-6\">G\u00fcrtel oder <a href=\"https:\/\/amzn.to\/32GEbLe\" rel=\"noopener nofollow noreferrer\" target=\"_blank\">Q-fix Basis<\/a><\/td><td class=\"column-7\">3 Punkte<\/td><td class=\"column-8\">Gut (1.9)<br \/>\nBien (2.0) mit Base Q-fix<\/td><td class=\"column-9\"><a href=\"https:\/\/ebay.us\/uJWbvs\" class=\"sc-button sc-button-default\" target=\"_blank\" rel=\"noopener\"><span>PREISE SICHTEN<\/span><\/a><\/td>\n<\/tr>\n<tr class=\"row-15\">\n\t<td class=\"column-1\"><center><a href=\"https:\/\/monsiegeautobebe.fr\/wp-content\/uploads\/2019\/10\/coque-cbx-aton.jpg\"><img loading=\"lazy\" decoding=\"async\" src=\"https:\/\/monsiegeautobebe.fr\/wp-content\/uploads\/2019\/10\/coque-cbx-aton-150x150.jpg\" alt=\"Baby Cosy CBX Aton\" width=\"80\" height=\"80\" class=\"aligncenter size-thumbnail wp-image-1608\" srcset=\"https:\/\/www.monsiegeautobebe.fr\/wp-content\/uploads\/2019\/10\/coque-cbx-aton-150x150.jpg 150w, https:\/\/www.monsiegeautobebe.fr\/wp-content\/uploads\/2019\/10\/coque-cbx-aton-300x300.jpg 300w, https:\/\/www.monsiegeautobebe.fr\/wp-content\/uploads\/2019\/10\/coque-cbx-aton-336x336.jpg 336w, https:\/\/www.monsiegeautobebe.fr\/wp-content\/uploads\/2019\/10\/coque-cbx-aton-600x600.jpg 600w, https:\/\/www.monsiegeautobebe.fr\/wp-content\/uploads\/2019\/10\/coque-cbx-aton-768x768.jpg 768w, https:\/\/www.monsiegeautobebe.fr\/wp-content\/uploads\/2019\/10\/coque-cbx-aton.jpg 1000w\" sizes=\"(max-width: 80px) 100vw, 80px\" \/>CBX Aton<\/a><\/center><\/td><td class=\"column-2\">R44\/04<\/td><td class=\"column-3\">Gruppe 0+ (0-13 kg)<\/td><td class=\"column-4\">Bis ca. 18 Monate<\/td><td class=\"column-5\">3,9 kg<\/td><td class=\"column-6\">G\u00fcrtel oder <a href=\"https:\/\/amzn.to\/2Bsj7fp\" rel=\"noopener nofollow noreferrer\" target=\"_blank\">Base-Fix Aton<\/a><\/td><td class=\"column-7\">3 Punkte<\/td><td class=\"column-8\"><\/td><td class=\"column-9\"><a href=\"https:\/\/amzn.to\/2MyH3nI\" class=\"sc-button sc-button-default\" target=\"_blank\" rel=\"noopener\"><span>PREISE SICHTEN<\/span><\/a><\/td>\n<\/tr>\n<tr class=\"row-16\">\n\t<td class=\"column-1\"><center><a href=\"https:\/\/monsiegeautobebe.fr\/wp-content\/uploads\/2019\/10\/coque-cbx-shima.jpg\"><img loading=\"lazy\" decoding=\"async\" src=\"https:\/\/monsiegeautobebe.fr\/wp-content\/uploads\/2019\/10\/coque-cbx-shima-150x150.jpg\" alt=\"Baby Cosy CBX Shima\" width=\"80\" height=\"80\" class=\"aligncenter size-thumbnail wp-image-1609\" srcset=\"https:\/\/www.monsiegeautobebe.fr\/wp-content\/uploads\/2019\/10\/coque-cbx-shima-150x150.jpg 150w, https:\/\/www.monsiegeautobebe.fr\/wp-content\/uploads\/2019\/10\/coque-cbx-shima-300x300.jpg 300w, https:\/\/www.monsiegeautobebe.fr\/wp-content\/uploads\/2019\/10\/coque-cbx-shima-336x336.jpg 336w, https:\/\/www.monsiegeautobebe.fr\/wp-content\/uploads\/2019\/10\/coque-cbx-shima-600x600.jpg 600w, https:\/\/www.monsiegeautobebe.fr\/wp-content\/uploads\/2019\/10\/coque-cbx-shima-768x768.jpg 768w, https:\/\/www.monsiegeautobebe.fr\/wp-content\/uploads\/2019\/10\/coque-cbx-shima.jpg 1000w\" sizes=\"(max-width: 80px) 100vw, 80px\" \/>CBX Shima<\/a><\/center><\/td><td class=\"column-2\">R44\/04<\/td><td class=\"column-3\">Gruppe 0+ (0-13 kg)<\/td><td class=\"column-4\">Bis ca. 18 Monate<\/td><td class=\"column-5\">3,1 kg<\/td><td class=\"column-6\">G\u00fcrtel oder <a href=\"https:\/\/amzn.to\/33UrLiH\" rel=\"noopener nofollow noreferrer\" target=\"_blank\">Base-Fix Shima<\/a><\/td><td class=\"column-7\">5 Punkte<\/td><td class=\"column-8\"><\/td><td class=\"column-9\"><a href=\"https:\/\/tracking.publicidees.com\/clic.php?progid=605&amp;partid=59883&amp;dpl=https%3A%2F%2Fwww.aubert.com%2Fp%2F10491926-1%2Fgroupe-0-plus-shima-comfy-grey-cbx\" class=\"sc-button sc-button-default\" target=\"_blank\" rel=\"noopener\"><span>PREISE SICHTEN<\/span><\/a><\/td>\n<\/tr>\n<tr class=\"row-17\">\n\t<td class=\"column-1\"><center><a href=\"https:\/\/monsiegeautobebe.fr\/wp-content\/uploads\/2019\/10\/coque-gb-artia.jpg\"><img loading=\"lazy\" decoding=\"async\" src=\"https:\/\/monsiegeautobebe.fr\/wp-content\/uploads\/2019\/10\/coque-gb-artia-150x150.jpg\" alt=\"Cosy Baby gb Artia\" width=\"80\" height=\"80\" class=\"aligncenter size-thumbnail wp-image-1618\" srcset=\"https:\/\/www.monsiegeautobebe.fr\/wp-content\/uploads\/2019\/10\/coque-gb-artia-150x150.jpg 150w, https:\/\/www.monsiegeautobebe.fr\/wp-content\/uploads\/2019\/10\/coque-gb-artia-300x300.jpg 300w, https:\/\/www.monsiegeautobebe.fr\/wp-content\/uploads\/2019\/10\/coque-gb-artia-336x336.jpg 336w, https:\/\/www.monsiegeautobebe.fr\/wp-content\/uploads\/2019\/10\/coque-gb-artia-600x600.jpg 600w, https:\/\/www.monsiegeautobebe.fr\/wp-content\/uploads\/2019\/10\/coque-gb-artia-768x768.jpg 768w, https:\/\/www.monsiegeautobebe.fr\/wp-content\/uploads\/2019\/10\/coque-gb-artia.jpg 1000w\" sizes=\"(max-width: 80px) 100vw, 80px\" \/>gb Artio<\/a><\/center><\/td><td class=\"column-2\">R44\/04<\/td><td class=\"column-3\">Gruppe 0+ (0-13 kg)<\/td><td class=\"column-4\">Bis ca. 18 Monate<\/td><td class=\"column-5\">4,8 kg<\/td><td class=\"column-6\">G\u00fcrtel oder <a href=\"https:\/\/action.metaffiliation.com\/trk.php?mclic=P494DD5719952191&amp;redir=https%3A%2F%2Fwww.roseoubleu.fr%2Fgb-base-pour-siege-auto-cosi-base-fix-a215683.html\" rel=\"noopener nofollow noreferrer\" target=\"_blank\">Base Fix Artio<\/a><\/td><td class=\"column-7\">3 Punkte<\/td><td class=\"column-8\"><\/td><td class=\"column-9\"><a href=\"https:\/\/action.metaffiliation.com\/trk.php?mclic=P494DD5719952191&amp;redir=https%3A%2F%2Fwww.roseoubleu.fr%2Fgb-gold-siege-auto-cosy-artio-satin-black-a300883.html\" class=\"sc-button sc-button-default\" target=\"_blank\" rel=\"noopener\"><span>PREISE SICHTEN<\/span><\/a><\/td>\n<\/tr>\n<tr class=\"row-18\">\n\t<td class=\"column-1\"><center><a href=\"https:\/\/monsiegeautobebe.fr\/wp-content\/uploads\/2019\/10\/coque-gb-idan-adac.jpg\"><img loading=\"lazy\" decoding=\"async\" src=\"https:\/\/monsiegeautobebe.fr\/wp-content\/uploads\/2019\/10\/coque-gb-idan-adac-150x150.jpg\" alt=\"Cosy Baby gb Idan\" width=\"80\" height=\"80\" class=\"aligncenter size-thumbnail wp-image-1619\" srcset=\"https:\/\/www.monsiegeautobebe.fr\/wp-content\/uploads\/2019\/10\/coque-gb-idan-adac-150x150.jpg 150w, https:\/\/www.monsiegeautobebe.fr\/wp-content\/uploads\/2019\/10\/coque-gb-idan-adac-300x300.jpg 300w, https:\/\/www.monsiegeautobebe.fr\/wp-content\/uploads\/2019\/10\/coque-gb-idan-adac-336x336.jpg 336w, https:\/\/www.monsiegeautobebe.fr\/wp-content\/uploads\/2019\/10\/coque-gb-idan-adac-600x600.jpg 600w, https:\/\/www.monsiegeautobebe.fr\/wp-content\/uploads\/2019\/10\/coque-gb-idan-adac-768x768.jpg 768w, https:\/\/www.monsiegeautobebe.fr\/wp-content\/uploads\/2019\/10\/coque-gb-idan-adac.jpg 1000w\" sizes=\"(max-width: 80px) 100vw, 80px\" \/>gb Idan<\/a><\/center><\/td><td class=\"column-2\">R44\/04<\/td><td class=\"column-3\">Gruppe 0+ (0-13 kg)<\/td><td class=\"column-4\">Bis ca. 18 Monate<\/td><td class=\"column-5\">4,9 kg<\/td><td class=\"column-6\">G\u00fcrtel oder <a href=\"https:\/\/action.metaffiliation.com\/trk.php?mclic=P4F2915719951B1&amp;redir=https%3A%2F%2Fwww.autourdebebe.com%2Fp%2Fcybexbasefixidan%2Fbase-fix-idan-gb\" rel=\"noopener nofollow noreferrer\" target=\"_blank\">Base-Fix Idan<\/a><br \/>\n<\/td><td class=\"column-7\">3 Punkte<\/td><td class=\"column-8\">Gut (1.8)<br \/>\nGut (1.8) mit Base Fix<\/td><td class=\"column-9\"><a href=\"https:\/\/track.effiliation.com\/servlet\/effi.redir?id_compteur=22308926&amp;url=https%3A%2F%2Fwww.berceaumagique.com%2Fproduit_gb-siege-auto-groupe-0-idan-lux-black_157297.html\" class=\"sc-button sc-button-default\" target=\"_blank\" rel=\"noopener\"><span>PREISE SICHTEN<\/span><\/a><\/td>\n<\/tr>\n<tr class=\"row-19\">\n\t<td class=\"column-1\"><center><a href=\"https:\/\/monsiegeautobebe.fr\/wp-content\/uploads\/2019\/10\/coque-hauck-comfort-fix-adac.jpg\"><img loading=\"lazy\" decoding=\"async\" src=\"https:\/\/monsiegeautobebe.fr\/wp-content\/uploads\/2019\/10\/coque-hauck-comfort-fix-adac-150x150.jpg\" alt=\"Baby Cosy Hauck Comfort Fix\" width=\"80\" height=\"80\" class=\"aligncenter size-thumbnail wp-image-1620\" srcset=\"https:\/\/www.monsiegeautobebe.fr\/wp-content\/uploads\/2019\/10\/coque-hauck-comfort-fix-adac-150x150.jpg 150w, https:\/\/www.monsiegeautobebe.fr\/wp-content\/uploads\/2019\/10\/coque-hauck-comfort-fix-adac-300x300.jpg 300w, https:\/\/www.monsiegeautobebe.fr\/wp-content\/uploads\/2019\/10\/coque-hauck-comfort-fix-adac-336x336.jpg 336w, https:\/\/www.monsiegeautobebe.fr\/wp-content\/uploads\/2019\/10\/coque-hauck-comfort-fix-adac-600x600.jpg 600w, https:\/\/www.monsiegeautobebe.fr\/wp-content\/uploads\/2019\/10\/coque-hauck-comfort-fix-adac-768x768.jpg 768w, https:\/\/www.monsiegeautobebe.fr\/wp-content\/uploads\/2019\/10\/coque-hauck-comfort-fix-adac.jpg 1000w\" sizes=\"(max-width: 80px) 100vw, 80px\" \/>Hauck Comfort Fix<\/a><\/center><\/td><td class=\"column-2\">R44\/04<\/td><td class=\"column-3\">Gruppe 0+ (0-13 kg)<\/td><td class=\"column-4\"><\/td><td class=\"column-5\">4,3 kg<\/td><td class=\"column-6\">G\u00fcrtel oder <a href=\"https:\/\/amzn.to\/33T2h5g\" rel=\"noopener nofollow noreferrer\" target=\"_blank\">Basis Comfort Fix<\/a><\/td><td class=\"column-7\">3 Punkte<\/td><td class=\"column-8\">Gut (2.4)<br \/>\nGut (2.1) mit Basis<\/td><td class=\"column-9\"><a href=\"https:\/\/amzn.to\/2MyfU4g\" class=\"sc-button sc-button-default\" target=\"_blank\" rel=\"noopener\"><span>PREISE SICHTEN<\/span><\/a><\/td>\n<\/tr>\n<tr class=\"row-20\">\n\t<td class=\"column-1\"><center><a href=\"https:\/\/monsiegeautobebe.fr\/wp-content\/uploads\/2019\/10\/coque-kiddy-evolution-pro-2-adac.jpg\"><img loading=\"lazy\" decoding=\"async\" src=\"https:\/\/monsiegeautobebe.fr\/wp-content\/uploads\/2019\/10\/coque-kiddy-evolution-pro-2-adac-150x150.jpg\" alt=\"Baby Cosy Kiddy Evolution Pro 2\" width=\"80\" height=\"80\" class=\"aligncenter size-thumbnail wp-image-1621\" srcset=\"https:\/\/www.monsiegeautobebe.fr\/wp-content\/uploads\/2019\/10\/coque-kiddy-evolution-pro-2-adac-150x150.jpg 150w, https:\/\/www.monsiegeautobebe.fr\/wp-content\/uploads\/2019\/10\/coque-kiddy-evolution-pro-2-adac-300x300.jpg 300w, https:\/\/www.monsiegeautobebe.fr\/wp-content\/uploads\/2019\/10\/coque-kiddy-evolution-pro-2-adac-336x336.jpg 336w, https:\/\/www.monsiegeautobebe.fr\/wp-content\/uploads\/2019\/10\/coque-kiddy-evolution-pro-2-adac-600x600.jpg 600w, https:\/\/www.monsiegeautobebe.fr\/wp-content\/uploads\/2019\/10\/coque-kiddy-evolution-pro-2-adac-768x768.jpg 768w, https:\/\/www.monsiegeautobebe.fr\/wp-content\/uploads\/2019\/10\/coque-kiddy-evolution-pro-2-adac.jpg 1000w\" sizes=\"(max-width: 80px) 100vw, 80px\" \/>Kiddy Evolution Pro 2<\/a><\/center><\/td><td class=\"column-2\">R44\/04<\/td><td class=\"column-3\">Gruppe 0+ (0-13 kg)<\/td><td class=\"column-4\"><\/td><td class=\"column-5\">4,8 kg<\/td><td class=\"column-6\">ISOFIX-Gurt oder -Basis 2<\/td><td class=\"column-7\">3 Punkte<\/td><td class=\"column-8\">Gut (1.9)<br \/>\nGut (1.9) mit Basis<\/td><td class=\"column-9\"><a href=\"https:\/\/www.awin1.com\/cread.php?awinaffid=561535&amp;awinmid=6948&amp;clickref=Kiddy Evolution Pro 2&amp;platform=dl&amp;p=%5B%5Bhttps%3A%2F%2Fwww.cdiscount.com%2Fpret-a-porter%2Fbebe-puericulture%2Fsiege-auto-kiddy-evolution-pro-2-lime-green-vert-2%2Ff-113177101-kid4009749351912.html%5D%5D\" class=\"sc-button sc-button-default\" target=\"_blank\" rel=\"noopener\"><span>PREISE SICHTEN<\/span><\/a><\/td>\n<\/tr>\n<tr class=\"row-21\">\n\t<td class=\"column-1\"><center><a href=\"https:\/\/monsiegeautobebe.fr\/wp-content\/uploads\/2019\/10\/coque-nania-beone-sp-adac.jpg\"><img loading=\"lazy\" decoding=\"async\" src=\"https:\/\/monsiegeautobebe.fr\/wp-content\/uploads\/2019\/10\/coque-nania-beone-sp-adac-150x150.jpg\" alt=\"Baby Cosy Nania Beone SP\" width=\"80\" height=\"80\" class=\"aligncenter size-thumbnail wp-image-1622\" srcset=\"https:\/\/www.monsiegeautobebe.fr\/wp-content\/uploads\/2019\/10\/coque-nania-beone-sp-adac-150x150.jpg 150w, https:\/\/www.monsiegeautobebe.fr\/wp-content\/uploads\/2019\/10\/coque-nania-beone-sp-adac-300x300.jpg 300w, https:\/\/www.monsiegeautobebe.fr\/wp-content\/uploads\/2019\/10\/coque-nania-beone-sp-adac-336x336.jpg 336w, https:\/\/www.monsiegeautobebe.fr\/wp-content\/uploads\/2019\/10\/coque-nania-beone-sp-adac-600x600.jpg 600w, https:\/\/www.monsiegeautobebe.fr\/wp-content\/uploads\/2019\/10\/coque-nania-beone-sp-adac-768x768.jpg 768w, https:\/\/www.monsiegeautobebe.fr\/wp-content\/uploads\/2019\/10\/coque-nania-beone-sp-adac.jpg 1000w\" sizes=\"(max-width: 80px) 100vw, 80px\" \/>Nania Be One SP<\/a><\/center><\/td><td class=\"column-2\">R44\/04<\/td><td class=\"column-3\">Gruppe 0+ (0-13 kg)<\/td><td class=\"column-4\"><\/td><td class=\"column-5\">2,9 kg<\/td><td class=\"column-6\">G\u00fcrtel oder <a href=\"https:\/\/amzn.to\/3qYG8Pf\" rel=\"noopener nofollow noreferrer\" target=\"_blank\">geg\u00fcrtete Basis<\/a><\/td><td class=\"column-7\">3 Punkte<\/td><td class=\"column-8\">Gut (2.3)<\/td><td class=\"column-9\"><a href=\"https:\/\/amzn.to\/3pXKepr\" class=\"sc-button sc-button-default\" target=\"_blank\" rel=\"noopener\"><span>PREISE SICHTEN<\/span><\/a><\/td>\n<\/tr>\n<tr class=\"row-22\">\n\t<td class=\"column-1\"><center><a href=\"https:\/\/monsiegeautobebe.fr\/wp-content\/uploads\/2019\/10\/coque-peg-perega-primo-viaggio-sl-adac.jpg\"><img loading=\"lazy\" decoding=\"async\" src=\"https:\/\/monsiegeautobebe.fr\/wp-content\/uploads\/2019\/10\/coque-peg-perega-primo-viaggio-sl-adac-150x150.jpg\" alt=\"Cosy Baby Peg Perego Primo Viaggio SL\" width=\"80\" height=\"80\" class=\"aligncenter size-thumbnail wp-image-1623\" srcset=\"https:\/\/www.monsiegeautobebe.fr\/wp-content\/uploads\/2019\/10\/coque-peg-perega-primo-viaggio-sl-adac-150x150.jpg 150w, https:\/\/www.monsiegeautobebe.fr\/wp-content\/uploads\/2019\/10\/coque-peg-perega-primo-viaggio-sl-adac-300x300.jpg 300w, https:\/\/www.monsiegeautobebe.fr\/wp-content\/uploads\/2019\/10\/coque-peg-perega-primo-viaggio-sl-adac-336x336.jpg 336w, https:\/\/www.monsiegeautobebe.fr\/wp-content\/uploads\/2019\/10\/coque-peg-perega-primo-viaggio-sl-adac-600x600.jpg 600w, https:\/\/www.monsiegeautobebe.fr\/wp-content\/uploads\/2019\/10\/coque-peg-perega-primo-viaggio-sl-adac-768x768.jpg 768w, https:\/\/www.monsiegeautobebe.fr\/wp-content\/uploads\/2019\/10\/coque-peg-perega-primo-viaggio-sl-adac.jpg 1000w\" sizes=\"(max-width: 80px) 100vw, 80px\" \/>Peg Perego Primo Viaggio SL<\/a><\/center><\/td><td class=\"column-2\">R44\/04<\/td><td class=\"column-3\">Gruppe 0+ (0-13 kg)<\/td><td class=\"column-4\">Bis ca. 12 Monate<\/td><td class=\"column-5\">3,9 kg<\/td><td class=\"column-6\">G\u00fcrtel oder <a href=\"https:\/\/amzn.to\/2W32GzA\" rel=\"noopener nofollow noreferrer\" target=\"_blank\">Basis 0+1 K<\/a> oder <a href=\"https:\/\/amzn.to\/2ByLPeG\" rel=\"noopener nofollow noreferrer\" target=\"_blank\">Belted Base<\/a><\/td><td class=\"column-7\">3 Punkte<\/td><td class=\"column-8\">Gut (1.9)<br \/>\nSehr gut (1.5) mit Basis 0+1<\/td><td class=\"column-9\"><a href=\"https:\/\/action.metaffiliation.com\/trk.php?mclic=P494DD5719952191&amp;redir=https%3A%2F%2Fwww.roseoubleu.fr%2Fpeg-perego-siege-auto-cosi-primo-viaggio-sl-polo-2019-a259913.html\" class=\"sc-button sc-button-default\" target=\"_blank\" rel=\"noopener\"><span>PREISE SICHTEN<\/span><\/a><\/td>\n<\/tr>\n<tr class=\"row-23\">\n\t<td class=\"column-1\"><center><a href=\"https:\/\/monsiegeautobebe.fr\/wp-content\/uploads\/2019\/10\/coque-recaro-privia-evo-adac.jpg\"><img loading=\"lazy\" decoding=\"async\" src=\"https:\/\/monsiegeautobebe.fr\/wp-content\/uploads\/2019\/10\/coque-recaro-privia-evo-adac-150x150.jpg\" alt=\"Baby Cosy Recaro Privia Evo\" width=\"80\" height=\"80\" class=\"aligncenter size-thumbnail wp-image-1625\" srcset=\"https:\/\/www.monsiegeautobebe.fr\/wp-content\/uploads\/2019\/10\/coque-recaro-privia-evo-adac-150x150.jpg 150w, https:\/\/www.monsiegeautobebe.fr\/wp-content\/uploads\/2019\/10\/coque-recaro-privia-evo-adac-300x300.jpg 300w, https:\/\/www.monsiegeautobebe.fr\/wp-content\/uploads\/2019\/10\/coque-recaro-privia-evo-adac-336x336.jpg 336w, https:\/\/www.monsiegeautobebe.fr\/wp-content\/uploads\/2019\/10\/coque-recaro-privia-evo-adac-600x600.jpg 600w, https:\/\/www.monsiegeautobebe.fr\/wp-content\/uploads\/2019\/10\/coque-recaro-privia-evo-adac-768x768.jpg 768w, https:\/\/www.monsiegeautobebe.fr\/wp-content\/uploads\/2019\/10\/coque-recaro-privia-evo-adac.jpg 1000w\" sizes=\"(max-width: 80px) 100vw, 80px\" \/>Recaro Privia Evo<\/a><\/center><\/td><td class=\"column-2\">R44\/04<\/td><td class=\"column-3\">Gruppe 0+ (0-13 kg)<\/td><td class=\"column-4\">Bis ca. 18 Monate<\/td><td class=\"column-5\">3,9 kg<\/td><td class=\"column-6\">G\u00fcrtel oder <a href=\"https:\/\/tidd.ly\/3aZ5RBC\" rel=\"noopener nofollow noreferrer\" target=\"_blank\">SmartClick-Basis<\/a><\/td><td class=\"column-7\">3 Punkte<\/td><td class=\"column-8\">Gut (1.9)<br \/>\nGut (1.8) mit SmartClick<\/td><td class=\"column-9\"><a href=\"https:\/\/tracking.publicidees.com\/clic.php?progid=605&amp;partid=59883&amp;dpl=https%3A%2F%2Fwww.aubert.com%2Fp%2F78984263-1235%2Fprivia-evo-carbon-black-recaro\" class=\"sc-button sc-button-default\" target=\"_blank\" rel=\"noopener\"><span>PREISE SICHTEN<\/span><\/a><\/td>\n<\/tr>\n<tr class=\"row-24\">\n\t<td class=\"column-1\"><center><a href=\"https:\/\/monsiegeautobebe.fr\/wp-content\/uploads\/2019\/11\/coque-recaro-guardia-adac.jpg\"><img loading=\"lazy\" decoding=\"async\" src=\"https:\/\/monsiegeautobebe.fr\/wp-content\/uploads\/2019\/11\/coque-recaro-guardia-adac-150x150.jpg\" alt=\"Cosy Baby Recaro Guardia\" width=\"80\" height=\"80\" class=\"aligncenter size-thumbnail wp-image-1894\" srcset=\"https:\/\/www.monsiegeautobebe.fr\/wp-content\/uploads\/2019\/11\/coque-recaro-guardia-adac-150x150.jpg 150w, https:\/\/www.monsiegeautobebe.fr\/wp-content\/uploads\/2019\/11\/coque-recaro-guardia-adac-300x300.jpg 300w, https:\/\/www.monsiegeautobebe.fr\/wp-content\/uploads\/2019\/11\/coque-recaro-guardia-adac-336x336.jpg 336w, https:\/\/www.monsiegeautobebe.fr\/wp-content\/uploads\/2019\/11\/coque-recaro-guardia-adac-600x600.jpg 600w, https:\/\/www.monsiegeautobebe.fr\/wp-content\/uploads\/2019\/11\/coque-recaro-guardia-adac-768x768.jpg 768w, https:\/\/www.monsiegeautobebe.fr\/wp-content\/uploads\/2019\/11\/coque-recaro-guardia-adac.jpg 1000w\" sizes=\"(max-width: 80px) 100vw, 80px\" \/>Recaro Guardia<\/a><\/center><\/td><td class=\"column-2\">R44\/04<\/td><td class=\"column-3\">Gruppe 0+ (0-13 kg)<\/td><td class=\"column-4\">Bis ca. 18 Monate<\/td><td class=\"column-5\">3,9 kg<\/td><td class=\"column-6\">G\u00fcrtel oder <a href=\"https:\/\/tidd.ly\/3aZ5RBC\" rel=\"noopener nofollow noreferrer\" target=\"_blank\">SmartClick-Basis<\/a><\/td><td class=\"column-7\">3 Punkte<\/td><td class=\"column-8\">Gut (1.9)<br \/>\nGut (1.8) mit SmartClick<\/td><td class=\"column-9\"><a href=\"https:\/\/tracking.publicidees.com\/clic.php?progid=605&amp;partid=59883&amp;dpl=https%3A%2F%2Fwww.aubert.com%2Fp%2F74329892-1235%2Fguardia-carbon-black-recaro\" class=\"sc-button sc-button-default\" target=\"_blank\" rel=\"noopener\"><span>PREISE SICHTEN<\/span><\/a><\/td>\n<\/tr>\n<tr class=\"row-25\">\n\t<td class=\"column-1\"><center><a href=\"https:\/\/monsiegeautobebe.fr\/wp-content\/uploads\/2019\/10\/coque-poussette-simple-parenting-doona-adac.jpg\"><img loading=\"lazy\" decoding=\"async\" src=\"https:\/\/monsiegeautobebe.fr\/wp-content\/uploads\/2019\/10\/coque-poussette-simple-parenting-doona-adac-150x150.jpg\" alt=\"Cosy Baby Einfache Elternschaft Donna+\" width=\"80\" height=\"80\" class=\"aligncenter size-thumbnail wp-image-1624\" srcset=\"https:\/\/www.monsiegeautobebe.fr\/wp-content\/uploads\/2019\/10\/coque-poussette-simple-parenting-doona-adac-150x150.jpg 150w, https:\/\/www.monsiegeautobebe.fr\/wp-content\/uploads\/2019\/10\/coque-poussette-simple-parenting-doona-adac-300x300.jpg 300w, https:\/\/www.monsiegeautobebe.fr\/wp-content\/uploads\/2019\/10\/coque-poussette-simple-parenting-doona-adac-336x336.jpg 336w, https:\/\/www.monsiegeautobebe.fr\/wp-content\/uploads\/2019\/10\/coque-poussette-simple-parenting-doona-adac-600x600.jpg 600w, https:\/\/www.monsiegeautobebe.fr\/wp-content\/uploads\/2019\/10\/coque-poussette-simple-parenting-doona-adac-768x768.jpg 768w, https:\/\/www.monsiegeautobebe.fr\/wp-content\/uploads\/2019\/10\/coque-poussette-simple-parenting-doona-adac.jpg 1000w\" sizes=\"(max-width: 80px) 100vw, 80px\" \/>Einfache Elternschaft Doona+<\/a><\/center><\/td><td class=\"column-2\">R44\/04<\/td><td class=\"column-3\">Gruppe 0+ (0-13 kg)<\/td><td class=\"column-4\">Bis ca. 18 Monate<\/td><td class=\"column-5\">7,8 kg<\/td><td class=\"column-6\">G\u00fcrtel oder <a href=\"https:\/\/amzn.to\/2NCmydc\" rel=\"noopener nofollow noreferrer\" target=\"_blank\">Basis Doona<\/a><\/td><td class=\"column-7\">5 Punkte<\/td><td class=\"column-8\">Gut (2.4)<br \/>\nGut (2.5) mit Basis<\/td><td class=\"column-9\"><a href=\"https:\/\/action.metaffiliation.com\/trk.php?mclic=P494DD5719952191&amp;redir=https%3A%2F%2Fwww.roseoubleu.fr%2Fdoona-siege-auto-cosy-transformable-poussette-racing-green-vert-2en1-a264165.html\" class=\"sc-button sc-button-default\" target=\"_blank\" rel=\"noopener\"><span>PREISE SICHTEN<\/span><\/a><\/td>\n<\/tr>\n<\/tbody>\n<\/table>\n\n<\/div><!-- #tablepress-24 from cache --><h2><span class=\"ez-toc-section\" id=\"Foire_Aux_Questions_Cosy_Bebe\"><\/span>H\u00e4ufige Fragen<span class=\"ez-toc-section-end\"><\/span><\/h2>\n<ul>\n<li>\n<h3><span class=\"ez-toc-section\" id=\"Quand_Mettre_Bebe_Dans_Le_Cosy\"><\/span>Wann sollte ich mein Neugeborenes in den babyschale setzen?<span class=\"ez-toc-section-end\"><\/span><\/h3>\n<\/li>\n<\/ul>\n<p>Sie k\u00f6nnen Ihr Baby von Anfang an bequem in eine Babyschale setzen <strong>seine Geburt bis zum Alter von 15 Monaten<\/strong> oder etwa 13 kg. Die Gesamtheit der <strong>Baby-Cosy<\/strong> werden mit <strong>Reduktionsmittel f\u00fcr Neugeborene<\/strong> die es erm\u00f6glichen, das Baby in eine physiologisch angemessene Position zu bringen. Sie sind auch <strong>mit dem R\u00fccken zur Stra\u00dfe<\/strong> f\u00fcr noch mehr Sicherheit.<\/p>\n<ul>\n<li>\n<h3><span class=\"ez-toc-section\" id=\"Quelle_Est_La_Difference_Entre_Un_Cosy_Et_Un_Siege_Auto\"><\/span>Was ist der Unterschied zwischen einem Babysitz und einem Kindersitz?<span class=\"ez-toc-section-end\"><\/span><\/h3>\n<\/li>\n<\/ul>\n<p>Der Cosy ist ein <strong>Autositz<\/strong> speziell f\u00fcr Babys und Neugeborene geeignet <strong>von der Geburt bis zum Alter von 15 Monaten<\/strong> ungef\u00e4hr. Gr\u00f6\u00dfere Autositze sind oft ungeeignet f\u00fcr <strong>Babys<\/strong> vor allem aufgrund ihrer mangelnden Neigung. Die <strong>Baby-Cosy<\/strong> bietet mehr Komfort und Sicherheit f\u00fcr Kinder, die im Auto mitfahren.<\/p>\n<figure id=\"attachment_3923\" aria-describedby=\"caption-attachment-3923\" style=\"width: 900px\" class=\"wp-caption aligncenter\"><a href=\"https:\/\/monsiegeautobebe.fr\/wp-content\/uploads\/2019\/10\/reducteur-nouveau-ne-cosy-bebe.jpg\"><img loading=\"lazy\" decoding=\"async\" class=\"size-full wp-image-3923\" src=\"https:\/\/monsiegeautobebe.fr\/wp-content\/uploads\/2019\/10\/reducteur-nouveau-ne-cosy-bebe.jpg\" alt=\"\" width=\"900\" height=\"601\" srcset=\"https:\/\/www.monsiegeautobebe.fr\/wp-content\/uploads\/2019\/10\/reducteur-nouveau-ne-cosy-bebe.jpg 900w, https:\/\/www.monsiegeautobebe.fr\/wp-content\/uploads\/2019\/10\/reducteur-nouveau-ne-cosy-bebe-600x401.jpg 600w, https:\/\/www.monsiegeautobebe.fr\/wp-content\/uploads\/2019\/10\/reducteur-nouveau-ne-cosy-bebe-300x200.jpg 300w, https:\/\/www.monsiegeautobebe.fr\/wp-content\/uploads\/2019\/10\/reducteur-nouveau-ne-cosy-bebe-768x513.jpg 768w, https:\/\/www.monsiegeautobebe.fr\/wp-content\/uploads\/2019\/10\/reducteur-nouveau-ne-cosy-bebe-104x69.jpg 104w\" sizes=\"(max-width: 900px) 100vw, 900px\" \/><\/a><figcaption id=\"caption-attachment-3923\" class=\"wp-caption-text\">Der Sitzverkleinerer erm\u00f6glicht es Ihrem Baby, bequem zu sitzen<\/figcaption><\/figure>\n<ul>\n<li>\n<h3><span class=\"ez-toc-section\" id=\"A_Quoi_Sert_Linsert_Pour_Nouveau-Ne\"><\/span>Wozu dient ein Neugeborenen-Einsatz?<span class=\"ez-toc-section-end\"><\/span><\/h3>\n<\/li>\n<\/ul>\n<p>Bei der Geburt <strong>Neugeborene<\/strong> k\u00f6nnen etwas zu klein sein, um sicher in einen <strong>Baby-Cosy.<\/strong> Die Einlage erm\u00f6glicht es Babys, mehr <strong>bequem sitzen<\/strong> in den ersten Lebensmonaten im Auto. Der Sitzverkleinerer erleichtert Ihnen au\u00dferdem das Anlegen des Gurtes und bietet dem K\u00f6rper Ihres Babys mehr Halt und Polsterung.<\/p>\n<ul>\n<li>\n<h3><span class=\"ez-toc-section\" id=\"Quand_Enlever_Le_Reducteur_Pour_Nouveau-Ne\"><\/span>wann neugeborenen einsatz aus babyschale entfernen<span class=\"ez-toc-section-end\"><\/span><\/h3>\n<\/li>\n<\/ul>\n<p>In der Regel <strong>Reduzierst\u00fccke f\u00fcr Neugeborene<\/strong> k\u00f6nnen abgenommen werden, sobald Ihr Baby bis <strong>f\u00fcnf oder sechs Monaten.<\/strong> Aber um absolut sicher zu sein, schlagen Sie im Handbuch des <strong>Autositz.<\/strong> Er sollte klare Richtlinien f\u00fcr den Entzug <strong>die Einlage f\u00fcr Neugeborene<\/strong> Ihres Kinderwagens. Er wird entweder ein Alter oder ein Gewicht angeben.<\/p>","protected":false},"excerpt":{"rendered":"<p>Der Baby-Cosi ist der unentbehrliche Autositz, wenn Sie mit Ihrem Kind reisen m\u00f6chten, sobald es aus dem Mutterleib kommt. Im Gegensatz zur Babywanne oder zum mitwachsenden Autositz ist er die Sicherheitsvorrichtung, die am besten an die Morphologie von Neugeborenen angepasst ist. Er kann von der Geburt an verwendet werden, bis sie das Gewicht oder die Gr\u00f6\u00dfe eines Kindes erreicht haben.<\/p>","protected":false},"author":2,"featured_media":1641,"comment_status":"open","ping_status":"open","sticky":false,"template":"","format":"standard","meta":{"footnotes":""},"categories":[19],"tags":[],"class_list":{"0":"post-1472","1":"post","2":"type-post","3":"status-publish","4":"format-standard","5":"has-post-thumbnail","7":"category-comparatifs"},"_links":{"self":[{"href":"https:\/\/www.monsiegeautobebe.fr\/de_at\/wp-json\/wp\/v2\/posts\/1472","targetHints":{"allow":["GET"]}}],"collection":[{"href":"https:\/\/www.monsiegeautobebe.fr\/de_at\/wp-json\/wp\/v2\/posts"}],"about":[{"href":"https:\/\/www.monsiegeautobebe.fr\/de_at\/wp-json\/wp\/v2\/types\/post"}],"author":[{"embeddable":true,"href":"https:\/\/www.monsiegeautobebe.fr\/de_at\/wp-json\/wp\/v2\/users\/2"}],"replies":[{"embeddable":true,"href":"https:\/\/www.monsiegeautobebe.fr\/de_at\/wp-json\/wp\/v2\/comments?post=1472"}],"version-history":[{"count":0,"href":"https:\/\/www.monsiegeautobebe.fr\/de_at\/wp-json\/wp\/v2\/posts\/1472\/revisions"}],"wp:featuredmedia":[{"embeddable":true,"href":"https:\/\/www.monsiegeautobebe.fr\/de_at\/wp-json\/wp\/v2\/media\/1641"}],"wp:attachment":[{"href":"https:\/\/www.monsiegeautobebe.fr\/de_at\/wp-json\/wp\/v2\/media?parent=1472"}],"wp:term":[{"taxonomy":"category","embeddable":true,"href":"https:\/\/www.monsiegeautobebe.fr\/de_at\/wp-json\/wp\/v2\/categories?post=1472"},{"taxonomy":"post_tag","embeddable":true,"href":"https:\/\/www.monsiegeautobebe.fr\/de_at\/wp-json\/wp\/v2\/tags?post=1472"}],"curies":[{"name":"wp","href":"https:\/\/api.w.org\/{rel}","templated":true}]}}