{"id":762,"date":"2019-06-25T18:24:40","date_gmt":"2019-06-25T18:24:40","guid":{"rendered":"https:\/\/monsiegeautobebe.fr\/?p=762"},"modified":"2023-02-18T15:35:24","modified_gmt":"2023-02-18T14:35:24","slug":"welche-kindersitzgruppe-wahlen","status":"publish","type":"post","link":"https:\/\/www.monsiegeautobebe.fr\/de\/welche-kindersitzgruppe-wahlen\/","title":{"rendered":"Welche Autositzgruppe w\u00e4hlen Sie f\u00fcr Ihr Kind?"},"content":{"rendered":"<p><a href=\"https:\/\/www.securite-routiere.gouv.fr\/chacun-sa-conduite\/conseils-sur-la-route-avec-les-enfants\/siege-auto-les-dispositifs-de-retenue\" target=\"_blank\" rel=\"nofollow noopener noreferrer\">In Frankreich ist der Autositz f\u00fcr Kinder bis zum Alter von 10 Jahren Pflicht.<\/a>Oder bis ihre K\u00f6rpergr\u00f6\u00dfe ihnen erlaubt, den Sicherheitsgurt zu benutzen. Die wichtigste \u00dcberlegung, die Sie bei der <strong>einen zu w\u00e4hlen <a href=\"https:\/\/www.monsiegeautobebe.fr\/de\/\">Autositz<\/a> Kind oder Baby<\/strong> ist, vor allem zu ber\u00fccksichtigen <strong>dem Gewicht, der Gr\u00f6\u00dfe und dem Alter Ihres Kindes.<\/strong> Jeder Kinderautositz wird nach diesen Kriterien entworfen, um der Morphologie des Kindes in jeder Wachstumsphase bestm\u00f6glich zu entsprechen. Seien Sie wachsam, da Sie sich dennoch strafbar machen k\u00f6nnen, wenn Sie nicht alle damit verbundenen Vorschriften kennen <strong>bei der Verwendung von Autositzen oder Sitzerh\u00f6hungen<\/strong>.<\/p>\n<div id=\"ez-toc-container\" class=\"ez-toc-v2_0_82_2 counter-hierarchy ez-toc-counter ez-toc-grey ez-toc-container-direction\">\n<div class=\"ez-toc-title-container\">\n<p class=\"ez-toc-title\" style=\"cursor:inherit\">Inhaltsverzeichnis<\/p>\n<span class=\"ez-toc-title-toggle\"><a href=\"#\" class=\"ez-toc-pull-right ez-toc-btn ez-toc-btn-xs ez-toc-btn-default ez-toc-toggle\" aria-label=\"Toggle Table of Content\"><span class=\"ez-toc-js-icon-con\"><span class=\"\"><span class=\"eztoc-hide\" style=\"display:none;\">Toggle<\/span><span class=\"ez-toc-icon-toggle-span\"><svg style=\"fill: #999;color:#999\" xmlns=\"http:\/\/www.w3.org\/2000\/svg\" class=\"list-377408\" width=\"20px\" height=\"20px\" viewbox=\"0 0 24 24\" fill=\"none\"><path d=\"M6 6H4v2h2V6zm14 0H8v2h12V6zM4 11h2v2H4v-2zm16 0H8v2h12v-2zM4 16h2v2H4v-2zm16 0H8v2h12v-2z\" fill=\"currentColor\"><\/path><\/svg><svg style=\"fill: #999;color:#999\" class=\"arrow-unsorted-368013\" xmlns=\"http:\/\/www.w3.org\/2000\/svg\" width=\"10px\" height=\"10px\" viewbox=\"0 0 24 24\" version=\"1.2\" baseprofile=\"tiny\"><path d=\"M18.2 9.3l-6.2-6.3-6.2 6.3c-.2.2-.3.4-.3.7s.1.5.3.7c.2.2.4.3.7.3h11c.3 0 .5-.1.7-.3.2-.2.3-.5.3-.7s-.1-.5-.3-.7zM5.8 14.7l6.2 6.3 6.2-6.3c.2-.2.3-.5.3-.7s-.1-.5-.3-.7c-.2-.2-.4-.3-.7-.3h-11c-.3 0-.5.1-.7.3-.2.2-.3.5-.3.7s.1.5.3.7z\"\/><\/svg><\/span><\/span><\/span><\/a><\/span><\/div>\n<nav><ul class='ez-toc-list ez-toc-list-level-1 eztoc-toggle-hide-by-default' ><li class='ez-toc-page-1 ez-toc-heading-level-2'><a class=\"ez-toc-link ez-toc-heading-1\" href=\"https:\/\/www.monsiegeautobebe.fr\/de\/welche-kindersitzgruppe-wahlen\/#Comment_Choisir_un_Siege_Auto_Bebe_selon_lAge_de_son_Enfant\" >Wie w\u00e4hlt man einen Baby-Autositz nach dem Alter des Kindes aus?<\/a><ul class='ez-toc-list-level-4' ><li class='ez-toc-heading-level-4'><ul class='ez-toc-list-level-4' ><li class='ez-toc-heading-level-4'><a class=\"ez-toc-link ez-toc-heading-2\" href=\"https:\/\/www.monsiegeautobebe.fr\/de\/welche-kindersitzgruppe-wahlen\/#Groupe_0_de_la_naissance_a_10_kg_jusqua_70_cm\" >Gruppe 0: von der Geburt bis 10 kg* \/ bis 70 cm**.<\/a><\/li><li class='ez-toc-page-1 ez-toc-heading-level-4'><a class=\"ez-toc-link ez-toc-heading-3\" href=\"https:\/\/www.monsiegeautobebe.fr\/de\/welche-kindersitzgruppe-wahlen\/#Groupe_0_de_la_naissance_a_13_kg_jusqua_80_cm\" >Gruppe 0+: von der Geburt bis 13 kg* \/ bis 80 cm**.<\/a><\/li><li class='ez-toc-page-1 ez-toc-heading-level-4'><a class=\"ez-toc-link ez-toc-heading-4\" href=\"https:\/\/www.monsiegeautobebe.fr\/de\/welche-kindersitzgruppe-wahlen\/#Groupe_1_de_9_a_18_kg_jusqua_100_cm\" >Gruppe 1: 9 bis 18 kg* \/ bis 100 cm**.<\/a><\/li><li class='ez-toc-page-1 ez-toc-heading-level-4'><a class=\"ez-toc-link ez-toc-heading-5\" href=\"https:\/\/www.monsiegeautobebe.fr\/de\/welche-kindersitzgruppe-wahlen\/#Groupe_2_de_15_a_25_kg_et_groupe_3_de_22_a_36_kg_jusqua_150_cm\" >Gruppe 2 von 15 bis 25 kg* und Gruppe 3 von 22 bis 36 kg* \/ bis zu 150 cm**.<\/a><\/li><\/ul><\/li><\/ul><\/li><li class='ez-toc-page-1 ez-toc-heading-level-2'><a class=\"ez-toc-link ez-toc-heading-6\" href=\"https:\/\/www.monsiegeautobebe.fr\/de\/welche-kindersitzgruppe-wahlen\/#Quand_Faut-il_Changer_de_Groupe_de_Siege_Auto\" >Wann sollte man die Gruppe des Autositzes wechseln?<\/a><\/li><li class='ez-toc-page-1 ez-toc-heading-level-2'><a class=\"ez-toc-link ez-toc-heading-7\" href=\"https:\/\/www.monsiegeautobebe.fr\/de\/welche-kindersitzgruppe-wahlen\/#Comment_Reconnaitre_un_Siege_Auto_Bebe_Homologues\" >Wie erkenne ich einen zugelassenen Baby-Autositz?<\/a><\/li><li class='ez-toc-page-1 ez-toc-heading-level-2'><a class=\"ez-toc-link ez-toc-heading-8\" href=\"https:\/\/www.monsiegeautobebe.fr\/de\/welche-kindersitzgruppe-wahlen\/#Quelles_sont_les_Derogations_Incluses_dans_la_Reglementation\" >Welche Ausnahmeregelungen sind in den Vorschriften enthalten?<\/a><ul class='ez-toc-list-level-5' ><li class='ez-toc-heading-level-5'><ul class='ez-toc-list-level-5' ><li class='ez-toc-heading-level-5'><ul class='ez-toc-list-level-5' ><li class='ez-toc-heading-level-5'><a class=\"ez-toc-link ez-toc-heading-9\" href=\"https:\/\/www.monsiegeautobebe.fr\/de\/welche-kindersitzgruppe-wahlen\/#Quelques_points_important_a_retenir_lors_du_choix\" >Einige wichtige Punkte, die Sie bei der Auswahl beachten sollten :<\/a><\/li><\/ul><\/li><\/ul><\/li><\/ul><\/li><li class='ez-toc-page-1 ez-toc-heading-level-2'><a class=\"ez-toc-link ez-toc-heading-10\" href=\"https:\/\/www.monsiegeautobebe.fr\/de\/welche-kindersitzgruppe-wahlen\/#Quelles_sont_les_Consequences_en_Cas_de_Non-Respect_de_la_Reglementation\" >Was sind die Konsequenzen bei Nichteinhaltung der Vorschriften?<\/a><\/li><\/ul><\/nav><\/div>\n<h2><span class=\"ez-toc-section\" id=\"Comment_Choisir_un_Siege_Auto_Bebe_selon_lAge_de_son_Enfant\"><\/span>Wie w\u00e4hlt man einen Baby-Autositz nach dem Alter des Kindes aus?<span class=\"ez-toc-section-end\"><\/span><\/h2>\n<p>Zun\u00e4chst muss man wissen, dass <strong>die Regelung gilt nicht je nach Alter des Kindes<\/strong>sondern in Abh\u00e4ngigkeit <strong>von seinem Gewicht<\/strong> <em>(Regelung R44\/04)<\/em> oder <strong>seiner Gr\u00f6\u00dfe<\/strong> <em>(R129-Regelung (i-Size))<\/em>. Lassen Sie sich also nicht von der Nachbarin t\u00e4uschen, die Ihnen erz\u00e4hlt, dass ihre Kinder von 2 bis 6 Jahren denselben Sitz benutzt haben.<\/p>\n<ul>\n<li>Die europ\u00e4ische Regelung R44\/04<\/li>\n<\/ul>\n<p>Die europ\u00e4ische Vorschrift R44\/04, unterteilt Autositze in <strong>5 Gruppen<\/strong> Korrespondent <strong>dem Gewicht des Kindes<\/strong> f\u00fcr den sie geeignet sind. Heute ist es immer noch erlaubt, Baby-Autositze zu vermarkten und zu verwenden, die nach der Vorschrift R44\/04 zugelassen sind. Diese Regelung wird jedoch in den kommenden Jahren allm\u00e4hlich verschwinden und durch folgende Regelungen ersetzt werden <strong>die neueste europ\u00e4ische Regelung R129 (i-Size)<\/strong>.<\/p>\n<p><strong>Die europ\u00e4ische Regelung R44\/04<\/strong> klassifiziert R\u00fcckhaltesysteme in <strong>5 Gruppen<\/strong> unterschieden:<\/p>\n<ol>\n<li style=\"list-style-type: none;\">\n<ol>\n<li style=\"list-style-type: none;\">\n<ul>\n<li><strong>Gruppe 0 :<\/strong> <em>von der Geburt bis 10 kg (ca. 9 Monate)<\/em><\/li>\n<li><strong>Gruppe 0+ :<\/strong> <em>von der Geburt bis 13 kg (ca. 15 Monate)<\/em><\/li>\n<li><strong>Gruppe 1 :<\/strong> <em>von 9 bis 18 kg (ca. 8 Monate bis 4 Jahre)<\/em><\/li>\n<li><strong>Gruppe 2 :<\/strong> <em>von 15 bis 25 kg (ca. 3 bis 7 Jahre)<\/em><\/li>\n<li><strong>Gruppe 3 :<\/strong> <em>von 22 bis 36 kg (ca. 6 bis 12 Jahre)<\/em><\/li>\n<\/ul>\n<\/li>\n<\/ol>\n<\/li>\n<\/ol>\n<p>Einige Autositze sagt <em><strong>\" skalierbar \"<\/strong><\/em> k\u00f6nnen gleichzeitig abdecken <strong>mehrere Gewichtsklassen<\/strong> und k\u00f6nnen daher f\u00fcr alle Gruppen, zu denen sie geh\u00f6ren, verwendet werden :<\/p>\n<ol>\n<li style=\"list-style-type: none;\">\n<ol>\n<li style=\"list-style-type: none;\">\n<ul>\n<li><strong>Gruppe 0+\/1 :<\/strong> <em>von der Geburt bis 18 kg (ca. 4 Jahre)<\/em><\/li>\n<li><strong>Gruppe 1\/2\/3 :<\/strong> <em>von 9 bis 36 kg (ca. 8 Monate bis 12 Jahre)<\/em><\/li>\n<li><strong>Gruppe 2\/3 :<\/strong> <em>von 15 bis 36 kg (ca. 3 bis 12 Jahre)<\/em><\/li>\n<\/ul>\n<\/li>\n<\/ol>\n<\/li>\n<\/ol>\n<figure id=\"attachment_779\" aria-describedby=\"caption-attachment-779\" style=\"width: 7000px\" class=\"wp-caption aligncenter\"><img fetchpriority=\"high\" decoding=\"async\" class=\"size-full wp-image-779\" src=\"https:\/\/monsiegeautobebe.fr\/wp-content\/uploads\/2019\/06\/siege-auto-groupe-reglementation-r44.jpg\" alt=\"Klassifizierung von Autositzen nach der europ\u00e4ischen Vorschrift R44\/04\" width=\"7000\" height=\"400\" \/><figcaption id=\"caption-attachment-779\" class=\"wp-caption-text\">Klassifizierung von Autositzen nach der europ\u00e4ischen Vorschrift R44\/04<\/figcaption><\/figure>\n<h4><span class=\"ez-toc-section\" id=\"Groupe_0_de_la_naissance_a_10_kg_jusqua_70_cm\"><\/span>Gruppe 0: von der Geburt bis 10 kg* \/ bis 70 cm**.<span class=\"ez-toc-section-end\"><\/span><\/h4>\n<p>Es gibt haupts\u00e4chlich Babytragetaschen, aber auch einige Babyschalen. Die Babywanne bietet die M\u00f6glichkeit, dass Neugeborene w\u00e4hrend der Autofahrt in eine Liegeposition gebracht werden k\u00f6nnen. Das Babybett wird parallel zur R\u00fcckenlehne der R\u00fcckbank aufgestellt, wobei der Kopf des Babys in der Mitte und die F\u00fc\u00dfe zur Fahrzeugt\u00fcr hin ausgerichtet sind. Obwohl neue Babytragetaschen wie die Jade von B\u00e9b\u00e9 Confort in puncto Sicherheit deutlich besser sind, ist es besser, eine Babyschale oder Babyschale f\u00fcr Reisen zu verwenden, die besser geeignet ist.<\/p>\n<ul>\n<li>Unsere Auswahl an Babyschalen der Gruppe 0+<\/li>\n<\/ul>\n<div id=\"tablepress-17-scroll-wrapper\" class=\"tablepress-scroll-wrapper\">\n\n<table id=\"tablepress-17\" class=\"tablepress tablepress-id-17 tablepress-responsive\">\n<thead>\n<tr class=\"row-1\">\n\t<td class=\"column-1\"><\/td><th class=\"column-2\"><center><img decoding=\"async\" src=\"https:\/\/monsiegeautobebe.fr\/wp-content\/uploads\/2019\/06\/siege-auto-kiddy-evolution-pro-2-150x150.jpg\" alt=\"Autositz Kiddy Evolution Pro 2 Gruppe 0+\" width=\"100\" height=\"100\" class=\"aligncenter size-thumbnail wp-image-874\" srcset=\"https:\/\/www.monsiegeautobebe.fr\/wp-content\/uploads\/2019\/06\/siege-auto-kiddy-evolution-pro-2-150x150.jpg 150w, https:\/\/www.monsiegeautobebe.fr\/wp-content\/uploads\/2019\/06\/siege-auto-kiddy-evolution-pro-2-300x300.jpg 300w, https:\/\/www.monsiegeautobebe.fr\/wp-content\/uploads\/2019\/06\/siege-auto-kiddy-evolution-pro-2-336x336.jpg 336w, https:\/\/www.monsiegeautobebe.fr\/wp-content\/uploads\/2019\/06\/siege-auto-kiddy-evolution-pro-2-600x600.jpg 600w, https:\/\/www.monsiegeautobebe.fr\/wp-content\/uploads\/2019\/06\/siege-auto-kiddy-evolution-pro-2-768x768.jpg 768w, https:\/\/www.monsiegeautobebe.fr\/wp-content\/uploads\/2019\/06\/siege-auto-kiddy-evolution-pro-2-1024x1024.jpg 1024w, https:\/\/www.monsiegeautobebe.fr\/wp-content\/uploads\/2019\/06\/siege-auto-kiddy-evolution-pro-2.jpg 1050w\" sizes=\"(max-width: 100px) 100vw, 100px\" \/>Kiddy<br \/>\nEvolution Pro 2<\/center><\/th><th class=\"column-3\"><center><img decoding=\"async\" src=\"https:\/\/monsiegeautobebe.fr\/wp-content\/uploads\/2019\/06\/coque-b\u00e9b\u00e9-cybex-aton-q-150x150.jpg\" alt=\"Babyschale Cybex Aton Q Gruppe 0+\" width=\"100\" height=\"100\" class=\"aligncenter size-thumbnail wp-image-874\" \/>Cybex<br \/>\nAton Q<\/center><\/th><th class=\"column-4\"><center><img loading=\"lazy\" decoding=\"async\" src=\"https:\/\/monsiegeautobebe.fr\/wp-content\/uploads\/2019\/06\/coque-b\u00e9b\u00e9-cybex-cloud-q-150x150.jpg\" alt=\"Babyschale Cybex Aton Cloud Q Gruppe 0+\" width=\"100\" height=\"100\" class=\"aligncenter size-thumbnail wp-image-873\" \/>Cybex<br \/>\nCloud Q<\/center><\/th><th class=\"column-5\"><center><img loading=\"lazy\" decoding=\"async\" src=\"https:\/\/monsiegeautobebe.fr\/wp-content\/uploads\/2019\/06\/siege-auto-bebe-confort-cabriofix-150x150.jpg\" alt=\"Kinderautositz B\u00e9b\u00e9 Confort Cabriofix Gruppe 0+\" width=\"100\" height=\"100\" class=\"aligncenter size-thumbnail wp-image-872\" srcset=\"https:\/\/www.monsiegeautobebe.fr\/wp-content\/uploads\/2019\/06\/siege-auto-bebe-confort-cabriofix-150x150.jpg 150w, https:\/\/www.monsiegeautobebe.fr\/wp-content\/uploads\/2019\/06\/siege-auto-bebe-confort-cabriofix-300x300.jpg 300w, https:\/\/www.monsiegeautobebe.fr\/wp-content\/uploads\/2019\/06\/siege-auto-bebe-confort-cabriofix-336x336.jpg 336w, https:\/\/www.monsiegeautobebe.fr\/wp-content\/uploads\/2019\/06\/siege-auto-bebe-confort-cabriofix-600x600.jpg 600w, https:\/\/www.monsiegeautobebe.fr\/wp-content\/uploads\/2019\/06\/siege-auto-bebe-confort-cabriofix-768x768.jpg 768w, https:\/\/www.monsiegeautobebe.fr\/wp-content\/uploads\/2019\/06\/siege-auto-bebe-confort-cabriofix-1024x1024.jpg 1024w, https:\/\/www.monsiegeautobebe.fr\/wp-content\/uploads\/2019\/06\/siege-auto-bebe-confort-cabriofix.jpg 1050w\" sizes=\"(max-width: 100px) 100vw, 100px\" \/>Baby Komfort<br \/>\nCabrioFix<\/center><\/th>\n<\/tr>\n<\/thead>\n<tbody class=\"row-striping row-hover\">\n<tr class=\"row-2\">\n\t<td class=\"column-1\"><\/td><td class=\"column-2\"><a href=\"https:\/\/www.awin1.com\/cread.php?awinmid=6948&amp;awinaffid=561535&amp;clickref=Kiddy+Evolution+Pro+2&amp;p=%5B%5Bhttps%253A%252F%252Fwww.cdiscount.com%252Fpret-a-porter%252Fbebe-puericulture%252Fkiddy-siege-coque-evolution-pro-2-spring-green%252Ff-11317710110-kid4009749366213.html%5D%5D\" class=\"sc-button sc-button-default\" target=\"_blank\" rel=\"noopener\"><span>SEHEN SIE DEN PREIS<\/span><\/a><\/td><td class=\"column-3\"><a href=\"http:\/\/rover.ebay.com\/rover\/1\/709-53476-19255-0\/1?icep_ff3=9&amp;pub=5575362389&amp;toolid=10001&amp;campid=5338556892&amp;customid=&amp;icep_uq=Cybex+Aton+Q&amp;icep_sellerId=&amp;icep_ex_kw=&amp;icep_sortBy=12&amp;icep_catId=&amp;icep_minPrice=&amp;icep_maxPrice=&amp;ipn=psmain&amp;icep_vectorid=229480&amp;kwid=902099&amp;mtid=824&amp;kw=lg\" class=\"sc-button sc-button-default\" target=\"_blank\" rel=\"noopener\"><span>SEHEN SIE DEN PREIS<\/span><\/a><\/td><td class=\"column-4\"><a href=\"http:\/\/rover.ebay.com\/rover\/1\/709-53476-19255-0\/1?icep_ff3=9&amp;pub=5575362389&amp;toolid=10001&amp;campid=5338607654&amp;customid=&amp;icep_uq=Cybex+Cloud+Q&amp;icep_sellerId=&amp;icep_ex_kw=&amp;icep_sortBy=12&amp;icep_catId=&amp;icep_minPrice=&amp;icep_maxPrice=&amp;ipn=psmain&amp;icep_vectorid=229480&amp;kwid=902099&amp;mtid=824&amp;kw=lg\" class=\"sc-button sc-button-default\" target=\"_blank\" rel=\"noopener\"><span>SEHEN SIE DEN PREIS<\/span><\/a><\/td><td class=\"column-5\"><a href=\"https:\/\/amzn.to\/2IL3R1o\" class=\"sc-button sc-button-default\" target=\"_blank\" rel=\"noopener\"><span>SEHEN SIE DEN PREIS<\/span><\/a><\/td>\n<\/tr>\n<tr class=\"row-3\">\n\t<td class=\"column-1\">Zulassung<\/td><td class=\"column-2\">R44\/04<\/td><td class=\"column-3\">R44\/04<\/td><td class=\"column-4\">R44\/04<\/td><td class=\"column-5\">R44\/04<\/td>\n<\/tr>\n<tr class=\"row-4\">\n\t<td class=\"column-1\">Klassifizierung<\/td><td class=\"column-2\">Gruppe 0+<\/td><td class=\"column-3\">Gruppe 0+<\/td><td class=\"column-4\">Gruppe 0+<\/td><td class=\"column-5\">Gruppe 0+<\/td>\n<\/tr>\n<tr class=\"row-5\">\n\t<td class=\"column-1\">Gewicht des Kindes<\/td><td class=\"column-2\">0 - 13 kg<\/td><td class=\"column-3\">0 - 13 kg<\/td><td class=\"column-4\">0 - 13 kg<\/td><td class=\"column-5\">0 - 13 kg<\/td>\n<\/tr>\n<tr class=\"row-6\">\n\t<td class=\"column-1\">Reiseposition<\/td><td class=\"column-2\">Mit dem R\u00fccken zur Stra\u00dfe<\/td><td class=\"column-3\">Mit dem R\u00fccken zur Stra\u00dfe<\/td><td class=\"column-4\">Mit dem R\u00fccken zur Stra\u00dfe<\/td><td class=\"column-5\">Mit dem R\u00fccken zur Stra\u00dfe<\/td>\n<\/tr>\n<tr class=\"row-7\">\n\t<td class=\"column-1\">Befestigungssystem<\/td><td class=\"column-2\">Sicherheitsgurt oder ISOFIX mit der ISOFIX-Basis 2<\/td><td class=\"column-3\">Sicherheitsgurt oder ISOFIX mit <a href=\"https:\/\/amzn.to\/31Y0OdE\" rel=\"noopener nofollow\" target=\"_blank\">die Q-Fix-Basis<\/a><br \/>\n<\/td><td class=\"column-4\">Sicherheitsgurt oder ISOFIX mit <a href=\"https:\/\/amzn.to\/31Y0OdE\" rel=\"noopener nofollow\" target=\"_blank\">die Q-Fix-Basis<\/a><\/td><td class=\"column-5\">Sicherheitsgurt oder ISOFIX mit <a href=\"https:\/\/amzn.to\/2X9ueH6\" rel=\"nofollow noopener\" target=\"_blank\">die FamiliFix-Basis<\/a><\/td>\n<\/tr>\n<tr class=\"row-8\">\n\t<td class=\"column-1\">Reduzierst\u00fcck f\u00fcr Neugeborene<\/td><td class=\"column-2\"><center><img loading=\"lazy\" decoding=\"async\" src=\"https:\/\/monsiegeautobebe.fr\/wp-content\/uploads\/2019\/03\/icon-yes.png\" alt=\"\" width=\"16\" height=\"16\" class=\"aligncenter size-full wp-image-693\" \/><\/center><\/td><td class=\"column-3\"><center><img loading=\"lazy\" decoding=\"async\" src=\"https:\/\/monsiegeautobebe.fr\/wp-content\/uploads\/2019\/03\/icon-yes.png\" alt=\"\" width=\"16\" height=\"16\" class=\"aligncenter size-full wp-image-693\" \/><\/center><\/td><td class=\"column-4\"><center><img loading=\"lazy\" decoding=\"async\" src=\"https:\/\/monsiegeautobebe.fr\/wp-content\/uploads\/2019\/03\/icon-yes.png\" alt=\"\" width=\"16\" height=\"16\" class=\"aligncenter size-full wp-image-693\" \/><\/center><\/td><td class=\"column-5\"><center><img loading=\"lazy\" decoding=\"async\" src=\"https:\/\/monsiegeautobebe.fr\/wp-content\/uploads\/2019\/03\/icon-yes.png\" alt=\"\" width=\"16\" height=\"16\" class=\"aligncenter size-full wp-image-693\" \/><\/center><\/td>\n<\/tr>\n<tr class=\"row-9\">\n\t<td class=\"column-1\">Kinderr\u00fcckhaltesystem<\/td><td class=\"column-2\">3-Punkt-Gurt<\/td><td class=\"column-3\">3-Punkt-Gurt<\/td><td class=\"column-4\">3-Punkt-Gurt<\/td><td class=\"column-5\">3-Punkt-Gurt<\/td>\n<\/tr>\n<tr class=\"row-10\">\n\t<td class=\"column-1\">Ergebnis ADAC Crash-Test<\/td><td class=\"column-2\"><a href=\"https:\/\/monsiegeautobebe.fr\/wp-content\/uploads\/2019\/06\/adac-crash-test-kiddy-evolution-pro-2.jpg\" target=\"_blank\"><img loading=\"lazy\" decoding=\"async\" src=\"https:\/\/monsiegeautobebe.fr\/wp-content\/uploads\/2019\/06\/adac-crash-test-kiddy-evolution-pro-2-300x203.jpg\" alt=\"Ergebnis Crashtest ADAC Kiddy Evolution Pro 2\" width=\"110\" height=\"74\" class=\"aligncenter size-medium wp-image-953\" srcset=\"https:\/\/www.monsiegeautobebe.fr\/wp-content\/uploads\/2019\/06\/adac-crash-test-kiddy-evolution-pro-2-300x203.jpg 300w, https:\/\/www.monsiegeautobebe.fr\/wp-content\/uploads\/2019\/06\/adac-crash-test-kiddy-evolution-pro-2-104x69.jpg 104w, https:\/\/www.monsiegeautobebe.fr\/wp-content\/uploads\/2019\/06\/adac-crash-test-kiddy-evolution-pro-2.jpg 500w\" sizes=\"(max-width: 110px) 100vw, 110px\" \/><\/a><\/td><td class=\"column-3\"><a href=\"https:\/\/monsiegeautobebe.fr\/wp-content\/uploads\/2019\/06\/adac-crash-test-cybex-aton-q.jpg\" target=\"_blank\"><img loading=\"lazy\" decoding=\"async\" src=\"https:\/\/monsiegeautobebe.fr\/wp-content\/uploads\/2019\/06\/adac-crash-test-cybex-aton-q-300x203.jpg\" alt=\"Ergebnis ADAC Crashtest Cybex Aton Q\" width=\"110\" height=\"74\" class=\"aligncenter size-medium wp-image-982\" srcset=\"https:\/\/www.monsiegeautobebe.fr\/wp-content\/uploads\/2019\/06\/adac-crash-test-cybex-aton-q-300x203.jpg 300w, https:\/\/www.monsiegeautobebe.fr\/wp-content\/uploads\/2019\/06\/adac-crash-test-cybex-aton-q-104x69.jpg 104w, https:\/\/www.monsiegeautobebe.fr\/wp-content\/uploads\/2019\/06\/adac-crash-test-cybex-aton-q.jpg 500w\" sizes=\"(max-width: 110px) 100vw, 110px\" \/><\/a><\/td><td class=\"column-4\"><a href=\"https:\/\/monsiegeautobebe.fr\/wp-content\/uploads\/2019\/06\/adac-crash-test-cybex-cloud-q.jpg\" target=\"_blank\"><img loading=\"lazy\" decoding=\"async\" src=\"https:\/\/monsiegeautobebe.fr\/wp-content\/uploads\/2019\/06\/adac-crash-test-cybex-cloud-q-300x203.jpg\" alt=\"Ergebnis Crashtest ADAC Cybex Cloud Q\" width=\"110\" height=\"74\" class=\"aligncenter size-medium wp-image-949\" srcset=\"https:\/\/www.monsiegeautobebe.fr\/wp-content\/uploads\/2019\/06\/adac-crash-test-cybex-cloud-q-300x203.jpg 300w, https:\/\/www.monsiegeautobebe.fr\/wp-content\/uploads\/2019\/06\/adac-crash-test-cybex-cloud-q-104x69.jpg 104w, https:\/\/www.monsiegeautobebe.fr\/wp-content\/uploads\/2019\/06\/adac-crash-test-cybex-cloud-q.jpg 500w\" sizes=\"(max-width: 110px) 100vw, 110px\" \/><\/a><\/td><td class=\"column-5\"><a href=\"https:\/\/monsiegeautobebe.fr\/wp-content\/uploads\/2019\/06\/adac-crash-test-bebe-confort-cabriofix.jpg\" target=\"_blank\"><img loading=\"lazy\" decoding=\"async\" src=\"https:\/\/monsiegeautobebe.fr\/wp-content\/uploads\/2019\/06\/adac-crash-test-bebe-confort-cabriofix-300x203.jpg\" alt=\"Ergebnis Crashtest ADAC B\u00e9b\u00e9 Confort CabrioFix\" width=\"110\" height=\"74\" class=\"aligncenter size-medium wp-image-966\" srcset=\"https:\/\/www.monsiegeautobebe.fr\/wp-content\/uploads\/2019\/06\/adac-crash-test-bebe-confort-cabriofix-300x203.jpg 300w, https:\/\/www.monsiegeautobebe.fr\/wp-content\/uploads\/2019\/06\/adac-crash-test-bebe-confort-cabriofix-104x69.jpg 104w, https:\/\/www.monsiegeautobebe.fr\/wp-content\/uploads\/2019\/06\/adac-crash-test-bebe-confort-cabriofix.jpg 500w\" sizes=\"(max-width: 110px) 100vw, 110px\" \/><\/a><\/td>\n<\/tr>\n<\/tbody>\n<\/table>\n\n<\/div><!-- #tablepress-17 from cache --><h4><span class=\"ez-toc-section\" id=\"Groupe_0_de_la_naissance_a_13_kg_jusqua_80_cm\"><\/span>Gruppe 0+: von der Geburt bis 13 kg* \/ bis 80 cm**.<span class=\"ez-toc-section-end\"><\/span><\/h4>\n<p>Es handelt sich um einen <a href=\"https:\/\/www.monsiegeautobebe.fr\/de\/kindersitzberatung\/\">Baby-Autositz<\/a> genannt <strong>Babyschale oder Cosi<\/strong>. Es erm\u00f6glicht die Positionierung <strong>das Kind in einer halb liegenden Position<\/strong> aufrechterhalten durch <strong>einen 3- oder 5-Punkt-Gurt<\/strong>. Cosi installieren sich systematisch <strong>mit dem R\u00fccken zur Stra\u00dfe<\/strong>. Er kann <strong>auf dem R\u00fccksitz installiert<\/strong> oder auf <strong>den Beifahrersitz des Fahrzeugs<\/strong> wenn der Airbag deaktiviert ist. Die Babyschale ist ein vielseitiger Kindersitz, der sowohl als Autositz verwendet werden kann, um Ihr Baby w\u00e4hrend der Autofahrt zu sichern, als auch auf dem Gestell eines Kinderwagens befestigt werden kann, um einen Spaziergang zu machen.<\/p>\n<p><center><a href=\"https:\/\/www.monsiegeautobebe.fr\/de\/beste-babyschale\/\" class=\"sc-button sc-button-default sc-button-large\"><span>DIE BESTEN BABYSCHALEN UND SITZSCHALEN ANSEHEN<\/span><\/a><\/center><\/p>\n<ul>\n<li>Unsere Auswahl an Babyschalen der Gruppe 0+<\/li>\n<\/ul>\n<div id=\"tablepress-19-scroll-wrapper\" class=\"tablepress-scroll-wrapper\">\n\n<table id=\"tablepress-19\" class=\"tablepress tablepress-id-19 tablepress-responsive\">\n<thead>\n<tr class=\"row-1\">\n\t<td class=\"column-1\"><\/td><th class=\"column-2\"><center><img loading=\"lazy\" decoding=\"async\" src=\"https:\/\/monsiegeautobebe.fr\/wp-content\/uploads\/2019\/06\/coque-bebe-besafe-izi-go-x1-150x150.jpg\" alt=\"Baby-Autoschale BeSafe iZi Go X1 Gruppe 0+\" width=\"100\" height=\"100\" class=\"aligncenter size-thumbnail wp-image-872\" \/>BeSafe<br \/>\niZi Go X1<\/center><\/th><th class=\"column-3\"><center><img loading=\"lazy\" decoding=\"async\" src=\"https:\/\/monsiegeautobebe.fr\/wp-content\/uploads\/2019\/06\/coque-b\u00e9b\u00e9-britax-baby-safe-plus-shr-ii-150x150.jpg\" alt=\"Baby-Autoschale Britax BABY-SAFE PLUS SHR II Gruppe 0+\" width=\"100\" height=\"100\" class=\"aligncenter size-thumbnail wp-image-872\" \/>Britax<br \/>\nBaby-Safe Plus SHR II<\/center><\/th><th class=\"column-4\"><center><img loading=\"lazy\" decoding=\"async\" src=\"https:\/\/monsiegeautobebe.fr\/wp-content\/uploads\/2019\/06\/siege-auto-cybex-aton-5-150x150.jpg\" alt=\"Kinderautositz Cybex Aton 5 Gruppe 0+\" width=\"100\" height=\"100\" class=\"aligncenter size-thumbnail wp-image-873\" srcset=\"https:\/\/www.monsiegeautobebe.fr\/wp-content\/uploads\/2019\/06\/siege-auto-cybex-aton-5-150x150.jpg 150w, https:\/\/www.monsiegeautobebe.fr\/wp-content\/uploads\/2019\/06\/siege-auto-cybex-aton-5-300x300.jpg 300w, https:\/\/www.monsiegeautobebe.fr\/wp-content\/uploads\/2019\/06\/siege-auto-cybex-aton-5-336x336.jpg 336w, https:\/\/www.monsiegeautobebe.fr\/wp-content\/uploads\/2019\/06\/siege-auto-cybex-aton-5-600x600.jpg 600w, https:\/\/www.monsiegeautobebe.fr\/wp-content\/uploads\/2019\/06\/siege-auto-cybex-aton-5-768x768.jpg 768w, https:\/\/www.monsiegeautobebe.fr\/wp-content\/uploads\/2019\/06\/siege-auto-cybex-aton-5-1024x1024.jpg 1024w, https:\/\/www.monsiegeautobebe.fr\/wp-content\/uploads\/2019\/06\/siege-auto-cybex-aton-5.jpg 1050w\" sizes=\"(max-width: 100px) 100vw, 100px\" \/>Cybex<br \/>\nAton 5<\/center><\/th>\n<\/tr>\n<\/thead>\n<tbody class=\"row-striping row-hover\">\n<tr class=\"row-2\">\n\t<td class=\"column-1\"><\/td><td class=\"column-2\"><a href=\"https:\/\/action.metaffiliation.com\/trk.php?mclic=P4F9AB571995171&amp;redir=https%3A%2F%2Fwww.allobebe.fr%2Fsiege-auto-coque-izi-go-x1-black-cab-groupe-0-aES031130641.html\" class=\"sc-button sc-button-default\" target=\"_blank\" rel=\"noopener\"><span>SEHEN SIE DEN PREIS<\/span><\/a><\/td><td class=\"column-3\"><a href=\"https:\/\/amzn.to\/2ZOq4RZ\" class=\"sc-button sc-button-default\" target=\"_blank\" rel=\"noopener\"><span>SEHEN SIE DEN PREIS<\/span><\/a><\/td><td class=\"column-4\"><a href=\"https:\/\/amzn.to\/2Fz91LZ\" class=\"sc-button sc-button-default\" target=\"_blank\" rel=\"noopener\"><span>SEHEN SIE DEN PREIS<\/span><\/a><\/td>\n<\/tr>\n<tr class=\"row-3\">\n\t<td class=\"column-1\">Zulassung<\/td><td class=\"column-2\">R44\/04<\/td><td class=\"column-3\">R44\/04<\/td><td class=\"column-4\">R44\/04<\/td>\n<\/tr>\n<tr class=\"row-4\">\n\t<td class=\"column-1\">Klassifizierung<\/td><td class=\"column-2\">Gruppe 0+<\/td><td class=\"column-3\">Gruppe 0+<\/td><td class=\"column-4\">Gruppe 0+<\/td>\n<\/tr>\n<tr class=\"row-5\">\n\t<td class=\"column-1\">Gewicht des Kindes<\/td><td class=\"column-2\">0 - 13 kg<\/td><td class=\"column-3\">0 - 13 kg<\/td><td class=\"column-4\">0 - 13 kg<\/td>\n<\/tr>\n<tr class=\"row-6\">\n\t<td class=\"column-1\">Reiseposition<\/td><td class=\"column-2\">Mit dem R\u00fccken zur Stra\u00dfe<\/td><td class=\"column-3\">Mit dem R\u00fccken zur Stra\u00dfe<\/td><td class=\"column-4\">Mit dem R\u00fccken zur Stra\u00dfe<\/td>\n<\/tr>\n<tr class=\"row-7\">\n\t<td class=\"column-1\">Befestigungssystem<\/td><td class=\"column-2\">Sicherheitsgurt oder ISOFIX mit <a href=\"https:\/\/www.allobebe.fr\/base-izi-go-isofix-aES031050014.html\" rel=\"noopener nofollow\" target=\"_blank\">die Basis iZi Go<\/a><\/td><td class=\"column-3\">Sicherheitsgurt mit oder ohne <a href=\"https:\/\/amzn.to\/2xgvNnA\" rel=\"noopener nofollow\" target=\"_blank\">die Baby-Safe BELTED Base<\/a> oder ISOFIX mit <a href=\"https:\/\/amzn.to\/2KDNDcM\" rel=\"noopener nofollow\" target=\"_blank\">die Baby-Safe ISOFIX Base<\/a><\/td><td class=\"column-4\">Sicherheitsgurt oder ISOFIX mit <a href=\"https:\/\/amzn.to\/2X8zYRI\" rel=\"nofollow noopener\" target=\"_blank\">die Aton Base 2-fix<\/a> oder <a href=\"https:\/\/amzn.to\/2FzT6ND\" rel=\"nofollow noopener\" target=\"_blank\">Aton Basis 2<\/a><\/td>\n<\/tr>\n<tr class=\"row-8\">\n\t<td class=\"column-1\">Reduzierst\u00fcck f\u00fcr Neugeborene<\/td><td class=\"column-2\"><center><img loading=\"lazy\" decoding=\"async\" src=\"https:\/\/monsiegeautobebe.fr\/wp-content\/uploads\/2019\/03\/icon-yes.png\" alt=\"\" width=\"16\" height=\"16\" class=\"aligncenter size-full wp-image-693\" \/><\/center><\/td><td class=\"column-3\"><center><img loading=\"lazy\" decoding=\"async\" src=\"https:\/\/monsiegeautobebe.fr\/wp-content\/uploads\/2019\/03\/icon-yes.png\" alt=\"\" width=\"16\" height=\"16\" class=\"aligncenter size-full wp-image-693\" \/><\/center><\/td><td class=\"column-4\"><center><img loading=\"lazy\" decoding=\"async\" src=\"https:\/\/monsiegeautobebe.fr\/wp-content\/uploads\/2019\/03\/icon-yes.png\" alt=\"\" width=\"16\" height=\"16\" class=\"aligncenter size-full wp-image-693\" \/><\/center><\/td>\n<\/tr>\n<tr class=\"row-9\">\n\t<td class=\"column-1\">Kinderr\u00fcckhaltesystem<\/td><td class=\"column-2\">5-Punkt-Gurt<\/td><td class=\"column-3\">5-Punkt-Gurt<\/td><td class=\"column-4\">3-Punkt-Gurt<\/td>\n<\/tr>\n<tr class=\"row-10\">\n\t<td class=\"column-1\">Ergebnis ADAC Crash-Test<\/td><td class=\"column-2\"><a href=\"https:\/\/monsiegeautobebe.fr\/wp-content\/uploads\/2019\/06\/adac-crash-test-besafe-izi-go-x1.jpg\" target=\"_blank\"><img loading=\"lazy\" decoding=\"async\" src=\"https:\/\/monsiegeautobebe.fr\/wp-content\/uploads\/2019\/06\/adac-crash-test-besafe-izi-go-x1-300x203.jpg\" alt=\"Ergebnis Crashtest ADAC BeSafe iZi Go X1\" width=\"120\" height=\"81\" class=\"aligncenter size-medium wp-image-974\" srcset=\"https:\/\/www.monsiegeautobebe.fr\/wp-content\/uploads\/2019\/06\/adac-crash-test-besafe-izi-go-x1-300x203.jpg 300w, https:\/\/www.monsiegeautobebe.fr\/wp-content\/uploads\/2019\/06\/adac-crash-test-besafe-izi-go-x1-104x69.jpg 104w, https:\/\/www.monsiegeautobebe.fr\/wp-content\/uploads\/2019\/06\/adac-crash-test-besafe-izi-go-x1.jpg 500w\" sizes=\"(max-width: 120px) 100vw, 120px\" \/><\/a><\/td><td class=\"column-3\"><a href=\"https:\/\/monsiegeautobebe.fr\/wp-content\/uploads\/2019\/06\/adac-crash-test-britax-baby-safe-plus-shr-ii.jpg\" target=\"_blank\"><img loading=\"lazy\" decoding=\"async\" src=\"https:\/\/monsiegeautobebe.fr\/wp-content\/uploads\/2019\/06\/adac-crash-test-britax-baby-safe-plus-shr-ii-300x203.jpg\" alt=\"Ergebnis Crashtest ADAC Britax Baby-Safe Plus SHR II\" width=\"120\" height=\"81\" class=\"aligncenter size-medium wp-image-967\" srcset=\"https:\/\/www.monsiegeautobebe.fr\/wp-content\/uploads\/2019\/06\/adac-crash-test-britax-baby-safe-plus-shr-ii-300x203.jpg 300w, https:\/\/www.monsiegeautobebe.fr\/wp-content\/uploads\/2019\/06\/adac-crash-test-britax-baby-safe-plus-shr-ii-104x69.jpg 104w, https:\/\/www.monsiegeautobebe.fr\/wp-content\/uploads\/2019\/06\/adac-crash-test-britax-baby-safe-plus-shr-ii.jpg 500w\" sizes=\"(max-width: 120px) 100vw, 120px\" \/><\/a><\/td><td class=\"column-4\"><a href=\"https:\/\/monsiegeautobebe.fr\/wp-content\/uploads\/2019\/06\/adac-crash-test-cybex-aton-5.jpg\" target=\"_blank\"><img loading=\"lazy\" decoding=\"async\" src=\"https:\/\/monsiegeautobebe.fr\/wp-content\/uploads\/2019\/06\/adac-crash-test-cybex-aton-5-300x203.jpg\" alt=\"Ergebnis ADAC Crashtest Cybex Aton 5\" width=\"120\" height=\"81\" class=\"aligncenter size-medium wp-image-948\" srcset=\"https:\/\/www.monsiegeautobebe.fr\/wp-content\/uploads\/2019\/06\/adac-crash-test-cybex-aton-5-300x203.jpg 300w, https:\/\/www.monsiegeautobebe.fr\/wp-content\/uploads\/2019\/06\/adac-crash-test-cybex-aton-5-104x69.jpg 104w, https:\/\/www.monsiegeautobebe.fr\/wp-content\/uploads\/2019\/06\/adac-crash-test-cybex-aton-5.jpg 500w\" sizes=\"(max-width: 120px) 100vw, 120px\" \/><\/a><\/td>\n<\/tr>\n<\/tbody>\n<\/table>\n\n<\/div><!-- #tablepress-19 from cache --><h4><span class=\"ez-toc-section\" id=\"Groupe_1_de_9_a_18_kg_jusqua_100_cm\"><\/span>Gruppe 1: 9 bis 18 kg* \/ bis 100 cm**.<span class=\"ez-toc-section-end\"><\/span><\/h4>\n<p>Sie sind dazu bestimmt <strong>an Kinder, die nun in der Lage sind, zu sitzen<\/strong>. Autositze dieses Typs <strong>wird zwingend auf der R\u00fcckseite des Fahrzeugs angebracht<\/strong> und lassen sich ebenso gut verwenden <strong>gegen\u00fcber der Stra\u00dfe<\/strong> als <strong>mit dem R\u00fccken zur Stra\u00dfe<\/strong> was wir sehr empfehlen. Das Kind kann in einem Autositz mit <strong>ein R\u00fcckhaltesystem mit Gurten oder Schildern<\/strong>.<\/p>\n<ul>\n<li>Unsere Auswahl an Kinderautositzen der Gruppe 0+\/1 und Gruppe 1<\/li>\n<\/ul>\n<div id=\"tablepress-16-scroll-wrapper\" class=\"tablepress-scroll-wrapper\">\n\n<table id=\"tablepress-16\" class=\"tablepress tablepress-id-16 tablepress-responsive\">\n<thead>\n<tr class=\"row-1\">\n\t<td class=\"column-1\"><\/td><th class=\"column-2\"><center><img loading=\"lazy\" decoding=\"async\" src=\"https:\/\/monsiegeautobebe.fr\/wp-content\/uploads\/2019\/06\/siege-auto-britax-dualfix-150x150.jpg\" alt=\"Kinderautositz Britax Dualfix goupe 0+\/1\" width=\"100\" height=\"100\" class=\"aligncenter size-thumbnail wp-image-846\" srcset=\"https:\/\/www.monsiegeautobebe.fr\/wp-content\/uploads\/2019\/06\/siege-auto-britax-dualfix-150x150.jpg 150w, https:\/\/www.monsiegeautobebe.fr\/wp-content\/uploads\/2019\/06\/siege-auto-britax-dualfix-300x300.jpg 300w, https:\/\/www.monsiegeautobebe.fr\/wp-content\/uploads\/2019\/06\/siege-auto-britax-dualfix-336x336.jpg 336w, https:\/\/www.monsiegeautobebe.fr\/wp-content\/uploads\/2019\/06\/siege-auto-britax-dualfix-600x600.jpg 600w, https:\/\/www.monsiegeautobebe.fr\/wp-content\/uploads\/2019\/06\/siege-auto-britax-dualfix-768x768.jpg 768w, https:\/\/www.monsiegeautobebe.fr\/wp-content\/uploads\/2019\/06\/siege-auto-britax-dualfix-1024x1024.jpg 1024w, https:\/\/www.monsiegeautobebe.fr\/wp-content\/uploads\/2019\/06\/siege-auto-britax-dualfix.jpg 1050w\" sizes=\"(max-width: 100px) 100vw, 100px\" \/>Britax<br \/>\nDualfix<\/center><\/th><th class=\"column-3\"><center><img loading=\"lazy\" decoding=\"async\" src=\"https:\/\/monsiegeautobebe.fr\/wp-content\/uploads\/2019\/06\/siege-auto-bebe-confort-milofix-150x150.jpg\" alt=\"Autositz B\u00e9b\u00e9 Confort Milofix goupe 0+\/1\" width=\"100\" height=\"100\" class=\"aligncenter size-thumbnail wp-image-845\" srcset=\"https:\/\/www.monsiegeautobebe.fr\/wp-content\/uploads\/2019\/06\/siege-auto-bebe-confort-milofix-150x150.jpg 150w, https:\/\/www.monsiegeautobebe.fr\/wp-content\/uploads\/2019\/06\/siege-auto-bebe-confort-milofix-300x300.jpg 300w, https:\/\/www.monsiegeautobebe.fr\/wp-content\/uploads\/2019\/06\/siege-auto-bebe-confort-milofix-336x336.jpg 336w, https:\/\/www.monsiegeautobebe.fr\/wp-content\/uploads\/2019\/06\/siege-auto-bebe-confort-milofix-600x600.jpg 600w, https:\/\/www.monsiegeautobebe.fr\/wp-content\/uploads\/2019\/06\/siege-auto-bebe-confort-milofix-768x768.jpg 768w, https:\/\/www.monsiegeautobebe.fr\/wp-content\/uploads\/2019\/06\/siege-auto-bebe-confort-milofix-1024x1024.jpg 1024w, https:\/\/www.monsiegeautobebe.fr\/wp-content\/uploads\/2019\/06\/siege-auto-bebe-confort-milofix.jpg 1050w\" sizes=\"(max-width: 100px) 100vw, 100px\" \/>Baby Komfort<br \/>\nMilofix<\/center><\/th><th class=\"column-4\"><center><img loading=\"lazy\" decoding=\"async\" src=\"https:\/\/monsiegeautobebe.fr\/wp-content\/uploads\/2019\/06\/siege-auto-cybex-juno-2-fix-150x150.jpg\" alt=\"Cybex Juno 2-fix Kinderautositz Gruppe 1\" width=\"100\" height=\"100\" class=\"aligncenter size-thumbnail wp-image-847\" srcset=\"https:\/\/www.monsiegeautobebe.fr\/wp-content\/uploads\/2019\/06\/siege-auto-cybex-juno-2-fix-150x150.jpg 150w, https:\/\/www.monsiegeautobebe.fr\/wp-content\/uploads\/2019\/06\/siege-auto-cybex-juno-2-fix-300x300.jpg 300w, https:\/\/www.monsiegeautobebe.fr\/wp-content\/uploads\/2019\/06\/siege-auto-cybex-juno-2-fix-336x336.jpg 336w, https:\/\/www.monsiegeautobebe.fr\/wp-content\/uploads\/2019\/06\/siege-auto-cybex-juno-2-fix-600x600.jpg 600w, https:\/\/www.monsiegeautobebe.fr\/wp-content\/uploads\/2019\/06\/siege-auto-cybex-juno-2-fix-768x768.jpg 768w, https:\/\/www.monsiegeautobebe.fr\/wp-content\/uploads\/2019\/06\/siege-auto-cybex-juno-2-fix-1024x1024.jpg 1024w, https:\/\/www.monsiegeautobebe.fr\/wp-content\/uploads\/2019\/06\/siege-auto-cybex-juno-2-fix.jpg 1050w\" sizes=\"(max-width: 100px) 100vw, 100px\" \/>Cybex<br \/>\nJuno 2-Fix<\/center><\/th>\n<\/tr>\n<\/thead>\n<tbody class=\"row-striping row-hover\">\n<tr class=\"row-2\">\n\t<td class=\"column-1\"><\/td><td class=\"column-2\"><a href=\"https:\/\/amzn.to\/2LgZEEn\" class=\"sc-button sc-button-default\" target=\"_blank\" rel=\"noopener\"><span>SEHEN SIE DEN PREIS<\/span><\/a><\/td><td class=\"column-3\"><a href=\"http:\/\/www.awin1.com\/cread.php?awinaffid=561535&amp;awinmid=6948&amp;clickref=B\u00e9b\u00e9 Confort Milofix&amp;p=https%3A%2F%2Fwww.cdiscount.com%2Fpret-a-porter%2Fbebe-puericulture%2Fbebe-confort-siege-autogroupe-0-1-milofix-isofix%2Ff-11317710101-85368950.html%23mpos%3D1%7Ccd\" class=\"sc-button sc-button-default\" target=\"_blank\" rel=\"noopener\"><span>SEHEN SIE DEN PREIS<\/span><\/a><\/td><td class=\"column-4\"><a href=\"https:\/\/amzn.to\/2J8NQ4i\" class=\"sc-button sc-button-default\" target=\"_blank\" rel=\"noopener\"><span>SEHEN SIE DEN PREIS<\/span><\/a><\/td>\n<\/tr>\n<tr class=\"row-3\">\n\t<td class=\"column-1\">Zulassung<\/td><td class=\"column-2\">R44\/04<\/td><td class=\"column-3\">R44\/04<\/td><td class=\"column-4\">R44\/04<\/td>\n<\/tr>\n<tr class=\"row-4\">\n\t<td class=\"column-1\">Klassifizierung<\/td><td class=\"column-2\">Gruppe 0+\/1<\/td><td class=\"column-3\">Gruppe 0+\/1<\/td><td class=\"column-4\">Gruppe 1<\/td>\n<\/tr>\n<tr class=\"row-5\">\n\t<td class=\"column-1\">Gewicht des Kindes<\/td><td class=\"column-2\">0 - 18 kg<\/td><td class=\"column-3\">0 - 18 kg<\/td><td class=\"column-4\">9 - 18 kg<\/td>\n<\/tr>\n<tr class=\"row-6\">\n\t<td class=\"column-1\">Reiseposition<\/td><td class=\"column-2\">Mit dem R\u00fccken zur Stra\u00dfe <em>(0 bis 18 kg)<\/em><br \/>\nGesicht zur Stra\u00dfe <em>(9 bis 18 kg)<\/em><\/td><td class=\"column-3\">Mit dem R\u00fccken zur Stra\u00dfe <em>(0 bis 13 kg)<\/em><br \/>\nGesicht zur Stra\u00dfe <em>(9 bis 18 kg)<\/em><\/td><td class=\"column-4\">Gesicht zur Stra\u00dfe<\/td>\n<\/tr>\n<tr class=\"row-7\">\n\t<td class=\"column-1\">Befestigungssystem<\/td><td class=\"column-2\">ISOFIX mit St\u00fctzbein<\/td><td class=\"column-3\">ISOFIX mit <a href=\"https:\/\/www.monsiegeautobebe.fr\/de\/top-tether-kindersitz-befestigung\/\">Top Tether<\/a><\/td><td class=\"column-4\">ISOFIX oder Sicherheitsgurt<\/td>\n<\/tr>\n<tr class=\"row-8\">\n\t<td class=\"column-1\">Kinderr\u00fcckhaltesystem<\/td><td class=\"column-2\">5-Punkt-Gurt<\/td><td class=\"column-3\">5-Punkt-Gurt<\/td><td class=\"column-4\">Schild<\/td>\n<\/tr>\n<tr class=\"row-9\">\n\t<td class=\"column-1\">Drehbar<\/td><td class=\"column-2\"><center><img loading=\"lazy\" decoding=\"async\" src=\"https:\/\/monsiegeautobebe.fr\/wp-content\/uploads\/2019\/03\/icon-yes.png\" alt=\"\" width=\"16\" height=\"16\" class=\"aligncenter size-full wp-image-693\" \/><\/center><\/td><td class=\"column-3\"><center><img loading=\"lazy\" decoding=\"async\" src=\"https:\/\/monsiegeautobebe.fr\/wp-content\/uploads\/2019\/03\/icon-no.png\" alt=\"\" width=\"16\" height=\"16\" class=\"aligncenter size-full wp-image-693\" \/><\/center><\/td><td class=\"column-4\"><center><img loading=\"lazy\" decoding=\"async\" src=\"https:\/\/monsiegeautobebe.fr\/wp-content\/uploads\/2019\/03\/icon-no.png\" alt=\"\" width=\"16\" height=\"16\" class=\"aligncenter size-full wp-image-693\" \/><\/center><\/td>\n<\/tr>\n<tr class=\"row-10\">\n\t<td class=\"column-1\">Ergebnis ADAC Crash-Test<\/td><td class=\"column-2\"><\/td><td class=\"column-3\"><a href=\"https:\/\/monsiegeautobebe.fr\/wp-content\/uploads\/2019\/06\/adac-crash-test-bebe-confort-milofix.jpg\" target=\"_blank\"><img loading=\"lazy\" decoding=\"async\" src=\"https:\/\/monsiegeautobebe.fr\/wp-content\/uploads\/2019\/06\/adac-crash-test-bebe-confort-milofix-300x203.jpg\" alt=\"Ergebnis Crashtest ADAC B\u00e9b\u00e9 Confort MiloFix\" width=\"120\" height=\"81\" class=\"aligncenter size-medium wp-image-946\" srcset=\"https:\/\/www.monsiegeautobebe.fr\/wp-content\/uploads\/2019\/06\/adac-crash-test-bebe-confort-milofix-300x203.jpg 300w, https:\/\/www.monsiegeautobebe.fr\/wp-content\/uploads\/2019\/06\/adac-crash-test-bebe-confort-milofix-104x69.jpg 104w, https:\/\/www.monsiegeautobebe.fr\/wp-content\/uploads\/2019\/06\/adac-crash-test-bebe-confort-milofix.jpg 500w\" sizes=\"(max-width: 120px) 100vw, 120px\" \/><\/a><\/td><td class=\"column-4\"><a href=\"https:\/\/monsiegeautobebe.fr\/wp-content\/uploads\/2019\/06\/adac-crash-test-cybex-juno-2-fix.jpg\" target=\"_blank\"><img loading=\"lazy\" decoding=\"async\" src=\"https:\/\/monsiegeautobebe.fr\/wp-content\/uploads\/2019\/06\/adac-crash-test-cybex-juno-2-fix-300x203.jpg\" alt=\"Ergebnis Crashtest ADAC Cybex Juno 2-Fix\" width=\"120\" height=\"81\" class=\"aligncenter size-medium wp-image-950\" srcset=\"https:\/\/www.monsiegeautobebe.fr\/wp-content\/uploads\/2019\/06\/adac-crash-test-cybex-juno-2-fix-300x203.jpg 300w, https:\/\/www.monsiegeautobebe.fr\/wp-content\/uploads\/2019\/06\/adac-crash-test-cybex-juno-2-fix-104x69.jpg 104w, https:\/\/www.monsiegeautobebe.fr\/wp-content\/uploads\/2019\/06\/adac-crash-test-cybex-juno-2-fix.jpg 500w\" sizes=\"(max-width: 120px) 100vw, 120px\" \/><\/a><\/td>\n<\/tr>\n<\/tbody>\n<\/table>\n\n<\/div><!-- #tablepress-16 from cache --><h4><span class=\"ez-toc-section\" id=\"Groupe_2_de_15_a_25_kg_et_groupe_3_de_22_a_36_kg_jusqua_150_cm\"><\/span>Gruppe 2 von 15 bis 25 kg* und Gruppe 3 von 22 bis 36 kg* \/ bis zu 150 cm**.<span class=\"ez-toc-section-end\"><\/span><\/h4>\n<p>Wann <strong>das Kind mehr als 15 kg wiegt<\/strong> und <strong>bis zu seinem 10.<\/strong>muss er in <strong>einen Autositz<\/strong> oder <strong>eine Sitzerh\u00f6hung<\/strong> (mit oder ohne R\u00fcckenlehne). Letztere wird das Kind so hoch machen, dass <strong>der Sicherheitsgurt auf der R\u00fcckbank sch\u00fctzt ihn bei einem Unfall<\/strong>. Wenn der K\u00f6rperbau des Kindes dies jedoch nicht zul\u00e4sst, ist es manchmal besser, noch etwas zu warten, bevor man den Schritt wagt. Seit 2017 haben sich die Vorschriften f\u00fcr Sitzerh\u00f6hungen ein wenig ge\u00e4ndert. Die Verwendung von Sitzerh\u00f6hungen ohne R\u00fcckenlehne ist nun ausschlie\u00dflich folgenden Personen vorbehalten <strong>Kinder mit einer K\u00f6rpergr\u00f6\u00dfe von mindestens 125 cm oder einem Gewicht von 22 kg.<\/strong><\/p>\n<p><center><a href=\"https:\/\/www.monsiegeautobebe.fr\/de\/beste-sitzerhohung-auto\/\" class=\"sc-button sc-button-default sc-button-large\"><span>DIE BESTEN SITZERH\u00d6HUNGEN ANSEHEN<\/span><\/a><\/center><\/p>\n<ul>\n<li>Unsere Auswahl an Autositzen der Gruppe 1\/2\/3<\/li>\n<\/ul>\n<div id=\"tablepress-18-scroll-wrapper\" class=\"tablepress-scroll-wrapper\">\n\n<table id=\"tablepress-18\" class=\"tablepress tablepress-id-18 tablepress-responsive\">\n<thead>\n<tr class=\"row-1\">\n\t<td class=\"column-1\"><\/td><th class=\"column-2\"><center><img loading=\"lazy\" decoding=\"async\" src=\"https:\/\/monsiegeautobebe.fr\/wp-content\/uploads\/2019\/06\/siege-auto-cybex-pallas-2-fix-150x150.jpg\" alt=\"Autositz Cybex Pallas 2-Fix Gruppe 1\/2\/3\" width=\"100\" height=\"100\" class=\"aligncenter size-thumbnail wp-image-874\" \/>Cybex<br \/>\nPallas 2-Fix<\/center><\/th><th class=\"column-3\"><center><img loading=\"lazy\" decoding=\"async\" src=\"https:\/\/monsiegeautobebe.fr\/wp-content\/uploads\/2019\/06\/siege-auto-cybex-pallas-s-fix-150x150.jpg\" alt=\"Autositz Cybex Pallas S-Fix Gruppe 1\/2\/3\" width=\"100\" height=\"100\" class=\"aligncenter size-thumbnail wp-image-873\" \/>Cybex<br \/>\nPallas S-Fix<\/center><\/th><th class=\"column-4\"><center><img loading=\"lazy\" decoding=\"async\" src=\"https:\/\/monsiegeautobebe.fr\/wp-content\/uploads\/2019\/06\/rehausseur-joie-traver-shield-150x150.jpg\" alt=\"Autositz mit Sitzerh\u00f6hung Joie Traver Shield Gruppe 1\/2\/3\" width=\"100\" height=\"100\" class=\"aligncenter size-thumbnail wp-image-925\" srcset=\"https:\/\/www.monsiegeautobebe.fr\/wp-content\/uploads\/2019\/06\/rehausseur-joie-traver-shield-150x150.jpg 150w, https:\/\/www.monsiegeautobebe.fr\/wp-content\/uploads\/2019\/06\/rehausseur-joie-traver-shield-300x300.jpg 300w, https:\/\/www.monsiegeautobebe.fr\/wp-content\/uploads\/2019\/06\/rehausseur-joie-traver-shield-336x336.jpg 336w, https:\/\/www.monsiegeautobebe.fr\/wp-content\/uploads\/2019\/06\/rehausseur-joie-traver-shield-600x600.jpg 600w, https:\/\/www.monsiegeautobebe.fr\/wp-content\/uploads\/2019\/06\/rehausseur-joie-traver-shield-768x768.jpg 768w, https:\/\/www.monsiegeautobebe.fr\/wp-content\/uploads\/2019\/06\/rehausseur-joie-traver-shield-1024x1024.jpg 1024w, https:\/\/www.monsiegeautobebe.fr\/wp-content\/uploads\/2019\/06\/rehausseur-joie-traver-shield.jpg 1050w\" sizes=\"(max-width: 100px) 100vw, 100px\" \/>Freude<br \/>\nTraver Shield <\/center><\/th>\n<\/tr>\n<\/thead>\n<tbody class=\"row-striping row-hover\">\n<tr class=\"row-2\">\n\t<td class=\"column-1\"><\/td><td class=\"column-2\"><a href=\"https:\/\/amzn.to\/2ZKTmks\" class=\"sc-button sc-button-default\" target=\"_blank\" rel=\"noopener\"><span>SEHEN SIE DEN PREIS<\/span><\/a><\/td><td class=\"column-3\"><a href=\"https:\/\/amzn.to\/2RCYVi7\" class=\"sc-button sc-button-default\" target=\"_blank\" rel=\"noopener\"><span>SEHEN SIE DEN PREIS<\/span><\/a><\/td><td class=\"column-4\"><a href=\"https:\/\/amzn.to\/2LlmkTZ\" class=\"sc-button sc-button-default\" target=\"_blank\" rel=\"noopener\"><span>SEHEN SIE DEN PREIS<\/span><\/a><\/td>\n<\/tr>\n<tr class=\"row-3\">\n\t<td class=\"column-1\">Zulassung<\/td><td class=\"column-2\">R44\/04<\/td><td class=\"column-3\">R44\/04<\/td><td class=\"column-4\">R44\/04<\/td>\n<\/tr>\n<tr class=\"row-4\">\n\t<td class=\"column-1\">Klassifizierung<\/td><td class=\"column-2\">Gruppe 1\/2\/3<\/td><td class=\"column-3\">Gruppe 1\/2\/3<\/td><td class=\"column-4\">Gruppe 1\/2\/3<\/td>\n<\/tr>\n<tr class=\"row-5\">\n\t<td class=\"column-1\">Gewicht des Kindes<\/td><td class=\"column-2\">9 - 36 kg<\/td><td class=\"column-3\">9 - 36 kg<\/td><td class=\"column-4\">9 - 36 kg<\/td>\n<\/tr>\n<tr class=\"row-6\">\n\t<td class=\"column-1\">Reiseposition<\/td><td class=\"column-2\">Gesicht zur Stra\u00dfe<\/td><td class=\"column-3\">Gesicht zur Stra\u00dfe<\/td><td class=\"column-4\">Gesicht zur Stra\u00dfe<\/td>\n<\/tr>\n<tr class=\"row-7\">\n\t<td class=\"column-1\">Befestigungssystem<\/td><td class=\"column-2\">Sicherheitsgurt oder ISOFIX<\/td><td class=\"column-3\">Sicherheitsgurt oder ISOFIX<\/td><td class=\"column-4\">Sicherheitsgurt oder ISOFIX<\/td>\n<\/tr>\n<tr class=\"row-8\">\n\t<td class=\"column-1\">Kinderr\u00fcckhaltesystem<\/td><td class=\"column-2\">Gruppe 1 <em>(9 bis 15 kg)<\/em> mit Schild<br \/>\nGruppe 2 und 3 <em>(15 bis 36 kg)<\/em> mit Sicherheitsgurt<\/td><td class=\"column-3\">Gruppe 1 <em>(9 bis 15 kg)<\/em> mit Schild<br \/>\nGruppe 2 und 3 <em>(15 bis 36 kg)<\/em> mit Sicherheitsgurt<\/td><td class=\"column-4\">Gruppe 1 <em>(von 9 bis 18 kg)<\/em> mit Schild<br \/>\nGruppe 2 und 3 <em>(von 18 bis 36 kg)<\/em> mit Sicherheitsgurt<\/td>\n<\/tr>\n<tr class=\"row-9\">\n\t<td class=\"column-1\">Ergebnis ADAC Crash-Test<\/td><td class=\"column-2\"><a href=\"https:\/\/monsiegeautobebe.fr\/wp-content\/uploads\/2019\/06\/adac-crash-test-cybex-pallas-2-fix.jpg\" target=\"_blank\"><img loading=\"lazy\" decoding=\"async\" src=\"https:\/\/monsiegeautobebe.fr\/wp-content\/uploads\/2019\/06\/adac-crash-test-cybex-pallas-2-fix-300x203.jpg\" alt=\"Ergebnis Crashtest ADAC Cybex Pallas 2-fix\" width=\"120\" height=\"81\" class=\"aligncenter size-medium wp-image-968\" srcset=\"https:\/\/www.monsiegeautobebe.fr\/wp-content\/uploads\/2019\/06\/adac-crash-test-cybex-pallas-2-fix-300x203.jpg 300w, https:\/\/www.monsiegeautobebe.fr\/wp-content\/uploads\/2019\/06\/adac-crash-test-cybex-pallas-2-fix-104x69.jpg 104w, https:\/\/www.monsiegeautobebe.fr\/wp-content\/uploads\/2019\/06\/adac-crash-test-cybex-pallas-2-fix.jpg 500w\" sizes=\"(max-width: 120px) 100vw, 120px\" \/><\/a><\/td><td class=\"column-3\"><a href=\"https:\/\/monsiegeautobebe.fr\/wp-content\/uploads\/2019\/06\/adac-crash-test-cybex-pallas-s-fix.jpg\" target=\"_blank\"><img loading=\"lazy\" decoding=\"async\" src=\"https:\/\/monsiegeautobebe.fr\/wp-content\/uploads\/2019\/06\/adac-crash-test-cybex-pallas-s-fix-300x203.jpg\" alt=\"Ergebnis Crashtest ADAC Cybex Pallas S-Fix\" width=\"120\" height=\"81\" class=\"aligncenter size-medium wp-image-951\" srcset=\"https:\/\/www.monsiegeautobebe.fr\/wp-content\/uploads\/2019\/06\/adac-crash-test-cybex-pallas-s-fix-300x203.jpg 300w, https:\/\/www.monsiegeautobebe.fr\/wp-content\/uploads\/2019\/06\/adac-crash-test-cybex-pallas-s-fix-104x69.jpg 104w, https:\/\/www.monsiegeautobebe.fr\/wp-content\/uploads\/2019\/06\/adac-crash-test-cybex-pallas-s-fix.jpg 500w\" sizes=\"(max-width: 120px) 100vw, 120px\" \/><\/a><\/td><td class=\"column-4\"><a href=\"https:\/\/monsiegeautobebe.fr\/wp-content\/uploads\/2019\/06\/adac-crash-test-joie-traver-shield.jpg\" target=\"_blank\"><img loading=\"lazy\" decoding=\"async\" src=\"https:\/\/monsiegeautobebe.fr\/wp-content\/uploads\/2019\/06\/adac-crash-test-joie-traver-shield-300x244.jpg\" alt=\"Ergebnis Crashtest ADAC Joie Traver Shield\" width=\"120\" height=\"98\" class=\"aligncenter size-medium wp-image-988\" srcset=\"https:\/\/www.monsiegeautobebe.fr\/wp-content\/uploads\/2019\/06\/adac-crash-test-joie-traver-shield-300x244.jpg 300w, https:\/\/www.monsiegeautobebe.fr\/wp-content\/uploads\/2019\/06\/adac-crash-test-joie-traver-shield-168x137.jpg 168w, https:\/\/www.monsiegeautobebe.fr\/wp-content\/uploads\/2019\/06\/adac-crash-test-joie-traver-shield.jpg 500w\" sizes=\"(max-width: 120px) 100vw, 120px\" \/><\/a><\/td>\n<\/tr>\n<\/tbody>\n<\/table>\n\n<\/div><!-- #tablepress-18 from cache --><ul>\n<li>Unsere Auswahl an Autositzen der Gruppe 2\/3<\/li>\n<\/ul>\n<div id=\"tablepress-20-scroll-wrapper\" class=\"tablepress-scroll-wrapper\">\n\n<table id=\"tablepress-20\" class=\"tablepress tablepress-id-20 tablepress-responsive\">\n<thead>\n<tr class=\"row-1\">\n\t<td class=\"column-1\"><\/td><th class=\"column-2\"><center><img loading=\"lazy\" decoding=\"async\" src=\"https:\/\/monsiegeautobebe.fr\/wp-content\/uploads\/2019\/06\/rehausseur-britax-kidfix-sl-sict-150x150.jpg\" alt=\"Autositz mit Sitzerh\u00f6hung Britax KIDFIX SL SICT Gruppe 2\/3\" width=\"100\" height=\"100\" class=\"aligncenter size-thumbnail wp-image-924\" srcset=\"https:\/\/www.monsiegeautobebe.fr\/wp-content\/uploads\/2019\/06\/rehausseur-britax-kidfix-sl-sict-150x150.jpg 150w, https:\/\/www.monsiegeautobebe.fr\/wp-content\/uploads\/2019\/06\/rehausseur-britax-kidfix-sl-sict-300x300.jpg 300w, https:\/\/www.monsiegeautobebe.fr\/wp-content\/uploads\/2019\/06\/rehausseur-britax-kidfix-sl-sict-336x336.jpg 336w, https:\/\/www.monsiegeautobebe.fr\/wp-content\/uploads\/2019\/06\/rehausseur-britax-kidfix-sl-sict-600x600.jpg 600w, https:\/\/www.monsiegeautobebe.fr\/wp-content\/uploads\/2019\/06\/rehausseur-britax-kidfix-sl-sict-768x768.jpg 768w, https:\/\/www.monsiegeautobebe.fr\/wp-content\/uploads\/2019\/06\/rehausseur-britax-kidfix-sl-sict-1024x1024.jpg 1024w, https:\/\/www.monsiegeautobebe.fr\/wp-content\/uploads\/2019\/06\/rehausseur-britax-kidfix-sl-sict.jpg 1050w\" sizes=\"(max-width: 100px) 100vw, 100px\" \/>Britax R\u00f6mer<br \/>\nKIDFIX SL SICT<\/center><\/th><th class=\"column-3\"><center><img loading=\"lazy\" decoding=\"async\" src=\"https:\/\/monsiegeautobebe.fr\/wp-content\/uploads\/2019\/06\/rehausseur-bebe-confort-rodifix-airprotect-150x150.jpg\" alt=\"Erh\u00f6hter Kinderautositz B\u00e9b\u00e9 Confort RodiFix AirProtect Gruppe 2\/3\" width=\"100\" height=\"100\" class=\"aligncenter size-thumbnail wp-image-923\" srcset=\"https:\/\/www.monsiegeautobebe.fr\/wp-content\/uploads\/2019\/06\/rehausseur-bebe-confort-rodifix-airprotect-150x150.jpg 150w, https:\/\/www.monsiegeautobebe.fr\/wp-content\/uploads\/2019\/06\/rehausseur-bebe-confort-rodifix-airprotect-300x300.jpg 300w, https:\/\/www.monsiegeautobebe.fr\/wp-content\/uploads\/2019\/06\/rehausseur-bebe-confort-rodifix-airprotect-336x336.jpg 336w, https:\/\/www.monsiegeautobebe.fr\/wp-content\/uploads\/2019\/06\/rehausseur-bebe-confort-rodifix-airprotect-600x600.jpg 600w, https:\/\/www.monsiegeautobebe.fr\/wp-content\/uploads\/2019\/06\/rehausseur-bebe-confort-rodifix-airprotect-768x768.jpg 768w, https:\/\/www.monsiegeautobebe.fr\/wp-content\/uploads\/2019\/06\/rehausseur-bebe-confort-rodifix-airprotect-1024x1024.jpg 1024w, https:\/\/www.monsiegeautobebe.fr\/wp-content\/uploads\/2019\/06\/rehausseur-bebe-confort-rodifix-airprotect.jpg 1050w\" sizes=\"(max-width: 100px) 100vw, 100px\" \/>Baby Komfort<br \/>\nRodiFix AirProtect<\/center><\/th><th class=\"column-4\"><center><img decoding=\"async\" src=\"https:\/\/monsiegeautobebe.fr\/wp-content\/uploads\/2019\/06\/siege-auto-cybex-solution-s-fix-150x150.jpg\" alt=\"Cybex Autositz mit Sitzerh&ouml;hung&lt;br \/&gt;S-Fix-L&ouml;sung Gruppe 2\/3\" width=\"100\" height=\"100\" class=\"aligncenter size-thumbnail wp-image-872\" \/>Cybex<br \/>\nS-Fix-L\u00f6sung<\/center><\/th>\n<\/tr>\n<\/thead>\n<tbody class=\"row-striping row-hover\">\n<tr class=\"row-2\">\n\t<td class=\"column-1\"><\/td><td class=\"column-2\"><a href=\"https:\/\/amzn.to\/2ZUZDdz\" class=\"sc-button sc-button-default\" target=\"_blank\" rel=\"noopener\"><span>SEHEN SIE DEN PREIS<\/span><\/a><\/td><td class=\"column-3\"><a href=\"https:\/\/amzn.to\/2KFhxNU\" class=\"sc-button sc-button-default\" target=\"_blank\" rel=\"noopener\"><span>SEHEN SIE DEN PREIS<\/span><\/a><\/td><td class=\"column-4\"><a href=\"https:\/\/amzn.to\/2ZSq8jR\" class=\"sc-button sc-button-default\" target=\"_blank\" rel=\"noopener\"><span>SEHEN SIE DEN PREIS<\/span><\/a><\/td>\n<\/tr>\n<tr class=\"row-3\">\n\t<td class=\"column-1\">Zulassung<\/td><td class=\"column-2\">R44\/04<\/td><td class=\"column-3\">R44\/04<\/td><td class=\"column-4\">R44\/04<\/td>\n<\/tr>\n<tr class=\"row-4\">\n\t<td class=\"column-1\">Klassifizierung<\/td><td class=\"column-2\">Gruppe 2\/3<\/td><td class=\"column-3\">Gruppe 2\/3<\/td><td class=\"column-4\">Gruppe 2\/3<\/td>\n<\/tr>\n<tr class=\"row-5\">\n\t<td class=\"column-1\">Gewicht des Kindes<\/td><td class=\"column-2\">15 - 36 kg<\/td><td class=\"column-3\">15 - 36 kg<\/td><td class=\"column-4\">15 - 36 kg<\/td>\n<\/tr>\n<tr class=\"row-6\">\n\t<td class=\"column-1\">Reiseposition<\/td><td class=\"column-2\">Gesicht zur Stra\u00dfe<\/td><td class=\"column-3\">Gesicht zur Stra\u00dfe<\/td><td class=\"column-4\">Gesicht zur Stra\u00dfe<\/td>\n<\/tr>\n<tr class=\"row-7\">\n\t<td class=\"column-1\">Befestigungssystem<\/td><td class=\"column-2\">Sicherheitsgurt oder ISOFIX<\/td><td class=\"column-3\">Sicherheitsgurt oder ISOFIX<\/td><td class=\"column-4\">Sicherheitsgurt oder ISOFIX<\/td>\n<\/tr>\n<tr class=\"row-8\">\n\t<td class=\"column-1\">Kinderr\u00fcckhaltesystem<\/td><td class=\"column-2\">Sicherheitsgurt des Autos<\/td><td class=\"column-3\">Sicherheitsgurt des Autos<\/td><td class=\"column-4\">Sicherheitsgurt des Autos<\/td>\n<\/tr>\n<tr class=\"row-9\">\n\t<td class=\"column-1\">Ergebnis ADAC Crash-Test<\/td><td class=\"column-2\"><a href=\"https:\/\/monsiegeautobebe.fr\/wp-content\/uploads\/2019\/06\/adac-crash-test-britax-kidfix-sl-sict.jpg\" target=\"_blank\"><img loading=\"lazy\" decoding=\"async\" src=\"https:\/\/monsiegeautobebe.fr\/wp-content\/uploads\/2019\/06\/adac-crash-test-britax-kidfix-sl-sict-300x203.jpg\" alt=\"Ergebnis Crashtest ADAC Britax Kidfix SL SICT\" width=\"120\" height=\"81\" class=\"aligncenter size-medium wp-image-947\" srcset=\"https:\/\/www.monsiegeautobebe.fr\/wp-content\/uploads\/2019\/06\/adac-crash-test-britax-kidfix-sl-sict-300x203.jpg 300w, https:\/\/www.monsiegeautobebe.fr\/wp-content\/uploads\/2019\/06\/adac-crash-test-britax-kidfix-sl-sict-104x69.jpg 104w, https:\/\/www.monsiegeautobebe.fr\/wp-content\/uploads\/2019\/06\/adac-crash-test-britax-kidfix-sl-sict.jpg 500w\" sizes=\"(max-width: 120px) 100vw, 120px\" \/><\/a><\/td><td class=\"column-3\"><a href=\"https:\/\/monsiegeautobebe.fr\/wp-content\/uploads\/2019\/06\/adac-crash-test-bebe-confort-rodifix-airprotect.jpg\" target=\"_blank\"><img loading=\"lazy\" decoding=\"async\" src=\"https:\/\/monsiegeautobebe.fr\/wp-content\/uploads\/2019\/06\/adac-crash-test-bebe-confort-rodifix-airprotect-300x203.jpg\" alt=\"Ergebnis Crashtest ADAC B\u00e9b\u00e9 Confort RodiFix AirProtect\" width=\"120\" height=\"81\" class=\"aligncenter size-medium wp-image-958\" srcset=\"https:\/\/www.monsiegeautobebe.fr\/wp-content\/uploads\/2019\/06\/adac-crash-test-bebe-confort-rodifix-airprotect-300x203.jpg 300w, https:\/\/www.monsiegeautobebe.fr\/wp-content\/uploads\/2019\/06\/adac-crash-test-bebe-confort-rodifix-airprotect-104x69.jpg 104w, https:\/\/www.monsiegeautobebe.fr\/wp-content\/uploads\/2019\/06\/adac-crash-test-bebe-confort-rodifix-airprotect.jpg 500w\" sizes=\"(max-width: 120px) 100vw, 120px\" \/><\/a><\/td><td class=\"column-4\"><a href=\"https:\/\/monsiegeautobebe.fr\/wp-content\/uploads\/2019\/06\/adac-crash-test-cybex-solution-s-fix.jpg\" target=\"_blank\"><img loading=\"lazy\" decoding=\"async\" src=\"https:\/\/monsiegeautobebe.fr\/wp-content\/uploads\/2019\/06\/adac-crash-test-cybex-solution-s-fix-300x203.jpg\" alt=\"Ergebnis Crashtest ADAC Cybex Solution S-Fix\" width=\"120\" height=\"81\" class=\"aligncenter size-medium wp-image-952\" srcset=\"https:\/\/www.monsiegeautobebe.fr\/wp-content\/uploads\/2019\/06\/adac-crash-test-cybex-solution-s-fix-300x203.jpg 300w, https:\/\/www.monsiegeautobebe.fr\/wp-content\/uploads\/2019\/06\/adac-crash-test-cybex-solution-s-fix-104x69.jpg 104w, https:\/\/www.monsiegeautobebe.fr\/wp-content\/uploads\/2019\/06\/adac-crash-test-cybex-solution-s-fix.jpg 500w\" sizes=\"(max-width: 120px) 100vw, 120px\" \/><\/a><\/td>\n<\/tr>\n<\/tbody>\n<\/table>\n\n<\/div><!-- #tablepress-20 from cache --><p><em>* Klassifizierung nach der Norm R44 (Gewicht des Kindes)<\/em><br \/>\n<em>** Klassifizierung nach der Norm R129 (Gr\u00f6\u00dfe des Kindes)<\/em><\/p>\n<ul>\n<li>Die neue europ\u00e4ische Regelung R129 (i-Size)<\/li>\n<\/ul>\n<p><a href=\"https:\/\/www.monsiegeautobebe.fr\/de\/reglementation-i-size-siege-auto-bebe\/\" target=\"_blank\" rel=\"noopener noreferrer\">Seit Juli 2013 gilt die neue europ\u00e4ische Regelung R129 (i-Size).<\/a> in Kraft getreten ist. Diese neue Norm wird mehrere Jahre lang nebeneinander bestehen mit <strong>die fr\u00fchere Regelung R44\/04<\/strong> bis zu seinem allm\u00e4hlichen Verschwinden bis 2020. <strong>Die neueste Regelung R129 (i-Size)<\/strong> bringt vor allem zahlreiche Fortschritte im Bereich der Sicherheit mit sich durch die allgemeine Einf\u00fchrung <strong>des Systems der <a href=\"https:\/\/www.monsiegeautobebe.fr\/de\/isofix-befestigungs-system-kindersitze\/\">ISOFIX-Befestigung<\/a><\/strong>die Verpflichtung <strong>vom R\u00fccken zur Stra\u00dfe bis mindestens 15 Monate<\/strong>die Ber\u00fccksichtigung <strong>der Seitenaufprall bei Crashtests<\/strong> und die Einf\u00fchrung einer ganzen <strong>neue Klassifizierung von Autositzen<\/strong> abh\u00e4ngig von der Gr\u00f6\u00dfe des Kindes.<br \/>\n<img loading=\"lazy\" decoding=\"async\" class=\"aligncenter size-full wp-image-194\" src=\"https:\/\/monsiegeautobebe.fr\/wp-content\/uploads\/2018\/01\/classification-siege-auto-i-size.jpg\" alt=\"Klassifizierung von i-Size-Autositzen\" width=\"627\" height=\"416\" srcset=\"https:\/\/www.monsiegeautobebe.fr\/wp-content\/uploads\/2018\/01\/classification-siege-auto-i-size.jpg 941w, https:\/\/www.monsiegeautobebe.fr\/wp-content\/uploads\/2018\/01\/classification-siege-auto-i-size-600x398.jpg 600w, https:\/\/www.monsiegeautobebe.fr\/wp-content\/uploads\/2018\/01\/classification-siege-auto-i-size-300x199.jpg 300w, https:\/\/www.monsiegeautobebe.fr\/wp-content\/uploads\/2018\/01\/classification-siege-auto-i-size-768x509.jpg 768w, https:\/\/www.monsiegeautobebe.fr\/wp-content\/uploads\/2018\/01\/classification-siege-auto-i-size-104x69.jpg 104w\" sizes=\"(max-width: 627px) 100vw, 627px\" \/><\/p>\n<h2><span class=\"ez-toc-section\" id=\"Quand_Faut-il_Changer_de_Groupe_de_Siege_Auto\"><\/span>Wann sollte man die Gruppe des Autositzes wechseln?<span class=\"ez-toc-section-end\"><\/span><\/h2>\n<p>Wenn ein Kind heranw\u00e4chst, braucht es <strong>ein System, das f\u00fcr ihre Altersgruppe geeignet ist<\/strong>. Der Wechsel von einer Gruppe in eine andere sollte erfolgen, wenn die Bedingungen dies erforderlich machen. <strong>Es gibt mehrere Kriterien, um den richtigen Zeitpunkt zu finden<\/strong> f\u00fcr <a href=\"https:\/\/www.monsiegeautobebe.fr\/de\/kindersitz-gruppenwechsel\/\">den Autositz wechseln<\/a> und zwar, um Folgendes zu gew\u00e4hrleisten <strong>maximaler Schutz<\/strong> im Falle eines Zusammensto\u00dfes.<\/p>\n<ul>\n<li>Die Position des Kopfes<\/li>\n<\/ul>\n<p>F\u00fcr die Kleinsten ist es notwendig, den Autositz zu wechseln <strong>wenn der obere Teil des Kopfes Ihres Kindes die Oberkante erreicht oder \u00fcberschreitet<\/strong> der Kopfst\u00fctze des Cosi.<\/p>\n<ul>\n<li>Das Gewicht des Kindes<\/li>\n<\/ul>\n<p>Jeder Autositz ist so konstruiert, dass er ein bestimmtes Gewicht tragen kann. W\u00e4hlen Sie immer <strong>ein Modell, das auf das Gewicht oder die Gr\u00f6\u00dfe Ihres Kindes abgestimmt ist<\/strong>. Folglich, <strong>vermeiden Sie es, das Maximalgewicht zu \u00fcberschreiten<\/strong> f\u00fcr jede Gruppe vorgesehen.<\/p>\n<ul>\n<li>Die Position des Hebegurts<\/li>\n<\/ul>\n<p>Der Hebegurt muss <strong>auf Schulterh\u00f6he des Kindes positioniert sein<\/strong>nicht zu hoch oder zu niedrig. Wenn <strong>die Schultern Ihres Kindes \u00fcber die h\u00f6chste Position des Gurtes hinausragen<\/strong> ist es an der Zeit, eine Stufe h\u00f6her zu gehen.<\/p>\n<p><img loading=\"lazy\" decoding=\"async\" class=\"aligncenter size-full wp-image-794\" src=\"https:\/\/monsiegeautobebe.fr\/wp-content\/uploads\/2019\/06\/criteres-changer-siege-auto-bebe.jpg\" alt=\"Kriterien f\u00fcr den Wechsel des Autositzes\" width=\"800\" height=\"311\" \/><\/p>\n<h2><span class=\"ez-toc-section\" id=\"Comment_Reconnaitre_un_Siege_Auto_Bebe_Homologues\"><\/span>Wie erkenne ich einen zugelassenen Baby-Autositz?<span class=\"ez-toc-section-end\"><\/span><\/h2>\n<p>In Frankreich ist es erlaubt, nur <strong>Modelle mit einem Genehmigungsvermerk R04\/44 oder R129<\/strong> der bescheinigt, dass sie sich an die geltenden europ\u00e4ischen Vorschriften halten. Beim Kauf <a href=\"https:\/\/www.monsiegeautobebe.fr\/de\/wie-entschlusseln-sie-die-etikette-homologation-r129-i-size-r44\/\" target=\"_blank\" rel=\"noopener noreferrer\">halten Sie Ausschau nach dem orangefarbenen Etikett, das best\u00e4tigt, dass der Hersteller die Zulassung erhalten hat<\/a> f\u00fcr dieses Modell. \u00dcberpr\u00fcfen Sie auf dem Etikett, ob dort steht :<br \/>\n<img loading=\"lazy\" decoding=\"async\" class=\"alignright size-full wp-image-161\" src=\"https:\/\/monsiegeautobebe.fr\/wp-content\/uploads\/2018\/01\/etiquette-i-size.jpg\" alt=\"Etikett i-Size-Zulassung\" width=\"166\" height=\"188\" srcset=\"https:\/\/www.monsiegeautobebe.fr\/wp-content\/uploads\/2018\/01\/etiquette-i-size.jpg 333w, https:\/\/www.monsiegeautobebe.fr\/wp-content\/uploads\/2018\/01\/etiquette-i-size-265x300.jpg 265w\" sizes=\"(max-width: 166px) 100vw, 166px\" \/><\/p>\n<ul>\n<li><strong>Gewicht oder Gr\u00f6\u00dfe<\/strong> f\u00fcr den die Vorlage konzipiert wurde.<\/li>\n<li><strong>Der Buchstabe E umgeben von einem Kreis<\/strong> ist das Symbol, das anzeigt, dass das Ger\u00e4t einer der beiden europ\u00e4ischen Normen entspricht. Die Zahl daneben <strong>gibt das Land an, das die Genehmigung erteilt hat<\/strong> des Autositzes (1 f\u00fcr Deutschland, 2 f\u00fcr Frankreich, 3 f\u00fcr Italien, 4 f\u00fcr die Niederlande...)<\/li>\n<\/ul>\n<p>Denken Sie auch daran, zu \u00fcberpr\u00fcfen, ob Ihr Fahrzeug \u00fcber Folgendes verf\u00fcgt <a href=\"https:\/\/www.monsiegeautobebe.fr\/de\/systeme-de-fixation-isofix-pour-siege-auto-bebe\/\" target=\"_blank\" rel=\"noopener noreferrer\">des ISOFIX-Befestigungssystems<\/a>. Fahrzeuge, die seit 2011 auf dem Markt sind, haben alle diese Art der Befestigung, jedoch waren nicht alle Fahrzeuge aus der Zeit davor damit ausgestattet. <strong>Die Wahl des Autositzes<\/strong> muss entsprechend erfolgen.<\/p>\n<h2><span class=\"ez-toc-section\" id=\"Quelles_sont_les_Derogations_Incluses_dans_la_Reglementation\"><\/span>Welche Ausnahmeregelungen sind in den Vorschriften enthalten?<span class=\"ez-toc-section-end\"><\/span><\/h2>\n<p>Die Regulierung <strong>umfasst Ausnahmen von der Verwendung eines Kindersitzes<\/strong>. Diese Ausnahmen sind strikt <a href=\"https:\/\/www.interieur.gouv.fr\/content\/download\/7441\/70415\/file\/Siege-Auto.pdf\" target=\"_blank\" rel=\"noopener nofollow noreferrer\">von der Stra\u00dfenverkehrsordnung eingerahmt<\/a>.<\/p>\n<ol>\n<li style=\"list-style-type: none;\">\n<ol>\n<li>Die Verwendung eines Autositzes oder einer Sitzerh\u00f6hung <strong>ist in Taxis oder Fahrzeugen des \u00f6ffentlichen Nahverkehrs nicht vorgeschrieben<\/strong> au\u00dfer wenn er im Rahmen einer Vereinbarung \u00fcber die Sch\u00fclerbef\u00f6rderung t\u00e4tig ist. Dasselbe gilt, wenn <strong>die Morphologie des Kindes<\/strong> ist nicht zum Anlegen des Gurtes geeignet.<\/li>\n<li>Es ist m\u00f6glich <strong>ein Kind auf den Vordersitz zu setzen<\/strong> in den folgenden F\u00e4llen:\n<ul><div class=\"sc-list sc-list-check fa-ul\"><\/ul>\n<\/li>\n<\/ol>\n<\/li>\n<\/ol>\n<p>&nbsp;<\/p>\n<ol>\n<li style=\"list-style-type: none;\">\n<ol>\n<li style=\"list-style-type: none;\">\n<ul><li><i class=\"fa fa-check\"><\/i>Das Fahrzeug hat keine R\u00fccksitze<\/li><\/ul>\n<\/li>\n<\/ol>\n<\/li>\n<\/ol>\n<p>&nbsp;<\/p>\n<ol>\n<li style=\"list-style-type: none;\">\n<ol>\n<li style=\"list-style-type: none;\">\n<ul><li><i class=\"fa fa-check\"><\/i>Kinder unter 10 Jahren befinden sich bereits auf der R\u00fcckbank<\/li><\/ul>\n<\/li>\n<\/ol>\n<\/li>\n<\/ol>\n<p>&nbsp;<\/p>\n<ol>\n<li style=\"list-style-type: none;\">\n<ol>\n<li style=\"list-style-type: none;\">\n<ul><li><i class=\"fa fa-check\"><\/i>Auf der R\u00fcckbank gibt es keine Sicherheitsgurte<\/li><\/ul>\n<\/li>\n<\/ol>\n<\/li>\n<\/ol>\n<p>&nbsp;<\/p>\n<ol>\n<li style=\"list-style-type: none;\">\n<ul><\/div><\/ul>\n<\/li>\n<\/ol>\n<h5><span class=\"ez-toc-section\" id=\"Quelques_points_important_a_retenir_lors_du_choix\"><\/span>Einige wichtige Punkte, die Sie bei der Auswahl beachten sollten :<span class=\"ez-toc-section-end\"><\/span><\/h5>\n<ul>\n<li><strong>Alle Kinder unter 10 Jahren<\/strong> m\u00fcssen zwingend in einem Kindersitz reisen, der f\u00fcr sie geeignet ist. <strong>ihre Gr\u00f6\u00dfe, ihr Gewicht und ihren K\u00f6rperbau.<\/strong><\/li>\n<li><strong>Ein einziges Kind<\/strong> in einen Autositz gelegt werden kann.<\/li>\n<li>Es liegt in der Verantwortung des Fahrers, daf\u00fcr zu sorgen, dass <strong>jedes Kind unter zehn Jahren durch ein R\u00fcckhaltesystem gesch\u00fctzt wird<\/strong> die f\u00fcr ihn geeignet ist.<\/li>\n<li>Es ist strengstens verboten, Folgendes zu platzieren <strong>ein Kind unter 10 Jahren auf dem Vordersitz eines beliebigen Fahrzeugs<\/strong>Es sei denn, das Kind sitzt in einem r\u00fcckw\u00e4rts gerichteten Autositz oder es ist absolut unm\u00f6glich, dies zu vermeiden.<\/li>\n<li>Wenn der Kindersitz auf dem Vordersitz des Fahrzeugs installiert wird, ist es von gr\u00f6\u00dfter Bedeutung, dass Sie <strong>den Beifahrerairbag deaktivieren.<\/strong><\/li>\n<\/ul>\n<h2><span class=\"ez-toc-section\" id=\"Quelles_sont_les_Consequences_en_Cas_de_Non-Respect_de_la_Reglementation\"><\/span>Was sind die Konsequenzen bei Nichteinhaltung der Vorschriften?<span class=\"ez-toc-section-end\"><\/span><\/h2>\n<p>Es ist der Fahrer, der die Verantwortung daf\u00fcr tr\u00e4gt, dass <strong>alle Passagiere unter 18 Jahren<\/strong> die sich im Fahrzeug befinden. <a href=\"https:\/\/www.demarches.interieur.gouv.fr\/particuliers\/ceinture-securite-siege-enfant-bebe-quelles-regles\" target=\"_blank\" rel=\"noopener nofollow noreferrer\">Bei Verst\u00f6\u00dfen in Bezug auf Sicherheitsgurte und Autositze wird der Fahrer mit einer pauschalen Geldstrafe von 135\u20ac belegt<\/a> f\u00fcr jede Straftat, an der ein Minderj\u00e4hriger beteiligt ist.<\/p>\n<p>Da sich die Vorschriften st\u00e4ndig weiterentwickeln <strong>halten Sie sich regelm\u00e4\u00dfig \u00fcber \u00c4nderungen auf dem Laufenden<\/strong> um nicht Gefahr zu laufen, einen Strafzettel zu bekommen oder die Sicherheit Ihrer Kinder im Falle eines Unfalls zu gef\u00e4hrden. Weitere Informationen zu diesem Thema finden Sie auf der Website der Europ\u00e4ischen Kommission. <a href=\"https:\/\/www.securite-routiere.gouv.fr\/\" target=\"_blank\" rel=\"nofollow noopener noreferrer\">Verkehrssicherheit<\/a> oder des <a href=\"https:\/\/www.service-public.fr\/particuliers\/vosdroits\/F628\" target=\"_blank\" rel=\"nofollow noopener noreferrer\">\u00f6ffentlicher Dienst<\/a>.<\/p>","protected":false},"excerpt":{"rendered":"<p>In Frankreich ist ein Kinderautositz f\u00fcr Kinder bis zum Alter von 10 Jahren oder bis zu dem Zeitpunkt, an dem sie aufgrund ihrer Gr\u00f6\u00dfe einen Sicherheitsgurt verwenden k\u00f6nnen, Pflicht. Das Wichtigste, was Sie bei der Auswahl eines Kinder- oder Babysitzes beachten sollten, ist vor allem das Gewicht,<\/p>","protected":false},"author":2,"featured_media":813,"comment_status":"open","ping_status":"open","sticky":false,"template":"","format":"standard","meta":{"footnotes":""},"categories":[1],"tags":[],"class_list":{"0":"post-762","1":"post","2":"type-post","3":"status-publish","4":"format-standard","5":"has-post-thumbnail","7":"category-reglementation"},"_links":{"self":[{"href":"https:\/\/www.monsiegeautobebe.fr\/de\/wp-json\/wp\/v2\/posts\/762","targetHints":{"allow":["GET"]}}],"collection":[{"href":"https:\/\/www.monsiegeautobebe.fr\/de\/wp-json\/wp\/v2\/posts"}],"about":[{"href":"https:\/\/www.monsiegeautobebe.fr\/de\/wp-json\/wp\/v2\/types\/post"}],"author":[{"embeddable":true,"href":"https:\/\/www.monsiegeautobebe.fr\/de\/wp-json\/wp\/v2\/users\/2"}],"replies":[{"embeddable":true,"href":"https:\/\/www.monsiegeautobebe.fr\/de\/wp-json\/wp\/v2\/comments?post=762"}],"version-history":[{"count":0,"href":"https:\/\/www.monsiegeautobebe.fr\/de\/wp-json\/wp\/v2\/posts\/762\/revisions"}],"wp:featuredmedia":[{"embeddable":true,"href":"https:\/\/www.monsiegeautobebe.fr\/de\/wp-json\/wp\/v2\/media\/813"}],"wp:attachment":[{"href":"https:\/\/www.monsiegeautobebe.fr\/de\/wp-json\/wp\/v2\/media?parent=762"}],"wp:term":[{"taxonomy":"category","embeddable":true,"href":"https:\/\/www.monsiegeautobebe.fr\/de\/wp-json\/wp\/v2\/categories?post=762"},{"taxonomy":"post_tag","embeddable":true,"href":"https:\/\/www.monsiegeautobebe.fr\/de\/wp-json\/wp\/v2\/tags?post=762"}],"curies":[{"name":"wp","href":"https:\/\/api.w.org\/{rel}","templated":true}]}}