{"id":2879,"date":"2019-06-15T14:28:25","date_gmt":"2019-06-15T14:28:25","guid":{"rendered":"https:\/\/monsiegeautobebe.fr\/?p=2879"},"modified":"2022-04-21T15:12:53","modified_gmt":"2022-04-21T15:12:53","slug":"adac-kindersitz-test-fruhjahr-2019","status":"publish","type":"post","link":"https:\/\/www.monsiegeautobebe.fr\/de\/adac-kindersitz-test-fruhjahr-2019\/","title":{"rendered":"Die Ergebnisse der Autositze bei den Crashtests von ADAC &amp; TCS (Mai 2019)."},"content":{"rendered":"<p>Um zu erh\u00f6hen <strong>die Sicherheit der Kinder<\/strong> mit dem Auto, <a href=\"https:\/\/www.monsiegeautobebe.fr\/de\/adac-kindersitz-test-erklart\/\" target=\"_blank\" rel=\"noopener noreferrer\">der ADAC und der TCS testen regelm\u00e4\u00dfig neue Modelle von Autositzen<\/a>. Die <strong>Crashtests<\/strong> erfolgen, <strong>zweimal im Jahr<\/strong>und werden gemeinsam durchgef\u00fchrt von <strong>verschiedene europ\u00e4ische Organisationen<\/strong>. F\u00fcr diese Sitzung von <strong>Crashtests im Mai 2019<\/strong>, <strong>24 Kinderautositze<\/strong> wurden auf Sicherheit, Funktion, Ergonomie und Schadstoffgehalt getestet. Zu diesen Modellen geh\u00f6ren <strong>vier von ihnen<\/strong> wurden mit einem <strong>angeschlossenes Alarmsystem<\/strong> (separat erh\u00e4ltlich), die verhindern sollen, dass Kinder allein im Auto zur\u00fcckgelassen werden. Sieger dieser Testsitzung war das <strong>B\u00e9b\u00e9 Confort Jade + 3wayFix<\/strong> erh\u00e4lt die Note <strong>\"sehr gut\"<\/strong>. Er \u00fcberzeugte in allen Kategorien. Im Gegensatz dazu <strong>Chicco Oasys i-Size<\/strong> und der <strong>B\u00e9b\u00e9 Confort TobiFix<\/strong> sind die <strong>nur zwei Modelle<\/strong> beurteilt worden zu sein <strong>\"unzureichend\"<\/strong>. Die Experten stellten au\u00dferdem fest, dass der Durchschnittspreis f\u00fcr Sitze insgesamt gestiegen ist. Dennoch wurden im gleichen Zeitraum einige gut bewertete Modelle wie der <a href=\"https:\/\/www.monsiegeautobebe.fr\/de\/test-cosy-bebe-nania-be-one\/\" target=\"_blank\" rel=\"noopener\">Nania Be One SP<\/a> oder das <strong>Britax R\u00f6mer Adventure<\/strong> erhalten Sie f\u00fcr <strong>weniger als 100 Euro<\/strong>. Dies zeigt, dass Preis und Qualit\u00e4t nicht zwangsl\u00e4ufig miteinander verbunden sind.<\/p>\n<div class=\"sc-toggle\"><div class=\"sc-toggle-title active\"><a href=\"#\">Liste der getesteten Autositze (Mai 2019)<\/a><\/div><div class=\"sc-toggle-content active\">\n<p><center>B\u00e9b\u00e9 Confort Jade + 3wayFix<br \/>\nB\u00e9b\u00e9 Confort Pebble Pro i-Size<br \/>\nB\u00e9b\u00e9 Confort Pebble Pro i-Size + 3wayFix<br \/>\nB\u00e9b\u00e9 Confort Pebble Pro i-Size + FamilyFix One<br \/>\nInglesina Darwin i-Size<br \/>\nInglesina Darwin i-Size + Darwin i-Size Base<br \/>\nPeg Perego Primo Viaggio i-Size + i-Size Base<br \/>\n<a href=\"https:\/\/www.monsiegeautobebe.fr\/de\/cybex-cloud-z-i-size\/\">Cybex Cloud Z i-Size<\/a><br \/>\nCybex Cloud Z i-Size + Basis Z<br \/>\nAvionaut Pixel<br \/>\nAvionaut Pixel + IQ Basis<br \/>\nBaby Jogger City Go i-Size + i-Size Basis<br \/>\n<a href=\"https:\/\/www.monsiegeautobebe.fr\/de\/nania-beone\/\">Nania Be One<\/a> SP<br \/>\nBaby Jogger City Go i-Size<br \/>\nChicco Oasys i-Size Beb\u00e8care + i-Size Base<br \/>\nCybex Sirona Z R i-Size + Base Z<br \/>\nCybex Sirona Z i-Size + Basis Z<br \/>\nNuna Norr<br \/>\nNachfolger Hy5.1 TT<br \/>\nHeyner Multifix Twist<br \/>\nApramo All Stage<br \/>\nBeSafe iZi Modular RF i-Size + iZi Modular Base<br \/>\nB\u00e9b\u00e9 Confort Pearl Pro i-Size + 3wayFix<br \/>\nPeg Perego Viaggio FF105 + i-Size Base<br \/>\nB\u00e9b\u00e9 Confort TobiFix<br \/>\nBritax R\u00f6mer Max-Way Plus<br \/>\nBritax R\u00f6mer Advansafix IV R<br \/>\nB\u00e9b\u00e9 Confort Titan Pro<br \/>\n<a href=\"https:\/\/www.monsiegeautobebe.fr\/de\/britax-romer-kidfix-vergleich\/\">Britax R\u00f6mer Kidfix<\/a> III M<br \/>\nBritax R\u00f6mer Adventure<br \/>\nSafety 1st Road Fix<\/center><\/div><\/div>\n\n<p><iframe title=\"Kindersitztest Fr\u00fchjahr 2019 | ADAC\" width=\"788\" height=\"443\" src=\"https:\/\/www.youtube.com\/embed\/FVb2-KQC0Do?feature=oembed\" frameborder=\"0\" allow=\"accelerometer; autoplay; clipboard-write; encrypted-media; gyroscope; picture-in-picture\" allowfullscreen><\/iframe><\/p>\n<div id=\"ez-toc-container\" class=\"ez-toc-v2_0_82_2 counter-hierarchy ez-toc-counter ez-toc-grey ez-toc-container-direction\">\n<div class=\"ez-toc-title-container\">\n<p class=\"ez-toc-title\" style=\"cursor:inherit\">Inhaltsverzeichnis<\/p>\n<span class=\"ez-toc-title-toggle\"><a href=\"#\" class=\"ez-toc-pull-right ez-toc-btn ez-toc-btn-xs ez-toc-btn-default ez-toc-toggle\" aria-label=\"Toggle Table of Content\"><span class=\"ez-toc-js-icon-con\"><span class=\"\"><span class=\"eztoc-hide\" style=\"display:none;\">Toggle<\/span><span class=\"ez-toc-icon-toggle-span\"><svg style=\"fill: #999;color:#999\" xmlns=\"http:\/\/www.w3.org\/2000\/svg\" class=\"list-377408\" width=\"20px\" height=\"20px\" viewbox=\"0 0 24 24\" fill=\"none\"><path d=\"M6 6H4v2h2V6zm14 0H8v2h12V6zM4 11h2v2H4v-2zm16 0H8v2h12v-2zM4 16h2v2H4v-2zm16 0H8v2h12v-2z\" fill=\"currentColor\"><\/path><\/svg><svg style=\"fill: #999;color:#999\" class=\"arrow-unsorted-368013\" xmlns=\"http:\/\/www.w3.org\/2000\/svg\" width=\"10px\" height=\"10px\" viewbox=\"0 0 24 24\" version=\"1.2\" baseprofile=\"tiny\"><path d=\"M18.2 9.3l-6.2-6.3-6.2 6.3c-.2.2-.3.4-.3.7s.1.5.3.7c.2.2.4.3.7.3h11c.3 0 .5-.1.7-.3.2-.2.3-.5.3-.7s-.1-.5-.3-.7zM5.8 14.7l6.2 6.3 6.2-6.3c.2-.2.3-.5.3-.7s-.1-.5-.3-.7c-.2-.2-.4-.3-.7-.3h-11c-.3 0-.5.1-.7.3-.2.2-.3.5-.3.7s.1.5.3.7z\"\/><\/svg><\/span><\/span><\/span><\/a><\/span><\/div>\n<nav><ul class='ez-toc-list ez-toc-list-level-1 eztoc-toggle-hide-by-default' ><li class='ez-toc-page-1 ez-toc-heading-level-2'><a class=\"ez-toc-link ez-toc-heading-1\" href=\"https:\/\/www.monsiegeautobebe.fr\/de\/adac-kindersitz-test-fruhjahr-2019\/#Les_Sieges_Auto_Avec_Systeme_dAlarme_Connectes\" >Autositze mit angeschlossenem Alarmsystem<\/a><\/li><li class='ez-toc-page-1 ez-toc-heading-level-2'><a class=\"ez-toc-link ez-toc-heading-2\" href=\"https:\/\/www.monsiegeautobebe.fr\/de\/adac-kindersitz-test-fruhjahr-2019\/#Les_Perdants_De_Cette_Session_De_Crash-Tests\" >Die Verlierer Dieser Crash-Test-Session<\/a><\/li><li class='ez-toc-page-1 ez-toc-heading-level-2'><a class=\"ez-toc-link ez-toc-heading-3\" href=\"https:\/\/www.monsiegeautobebe.fr\/de\/adac-kindersitz-test-fruhjahr-2019\/#Selection_des_Meilleurs_Sieges_Auto_Recommandes_aux_Crash-Tests_Mai_2019\" >Auswahl der besten in Crashtests empfohlenen Autositze (Mai 2019)<\/a><\/li><li class='ez-toc-page-1 ez-toc-heading-level-2'><a class=\"ez-toc-link ez-toc-heading-4\" href=\"https:\/\/www.monsiegeautobebe.fr\/de\/adac-kindersitz-test-fruhjahr-2019\/#Liste_Complete_des_Notes_aux_Crash-Tests_ADAC_TCS\" >Komplette Liste der Noten bei ADAC &amp; TCS Crashtests<\/a><\/li><\/ul><\/nav><\/div>\n<h2><span class=\"ez-toc-section\" id=\"Les_Sieges_Auto_Avec_Systeme_dAlarme_Connectes\"><\/span>Autositze mit angeschlossenem Alarmsystem<span class=\"ez-toc-section-end\"><\/span><\/h2>\n<p>Ende 2019, <a href=\"https:\/\/www.ledauphine.com\/france-monde\/2019\/11\/08\/italie-un-dispositif-anti-oubli-de-bebe-obligatoire-dans-les-voitures\" target=\"_blank\" rel=\"noopener noreferrer\">in Italien trat eine neue Regelung in Kraft<\/a> um zu verhindern, dass Kinder im Auto vergessen werden. Um dies zu verhindern, haben die Hersteller auf dem Markt <strong>angeschlossene Sensoren<\/strong> die reagieren, wenn der <strong>Fahrer entfernt sich<\/strong> des Fahrzeugs in <strong>das Kind verlassen<\/strong> in seinem Amtssitz. W\u00e4hrend dieser Sitzung <strong>vier Modelle wurden getestet<\/strong> mit diesen Vorrichtungen. Zun\u00e4chst <strong>Chicco Oasys i-Size<\/strong> ist ausgestattet <a href=\"https:\/\/www.youtube.com\/watch?v=_rWPhbvzJ-I\" target=\"_blank\" rel=\"nofollow noopener noreferrer\">des Beb\u00e8care-Systems<\/a> die erkennt <strong>die Anwesenheit des Kindes im Sitz<\/strong> und warnt Sie, wenn Sie sich davon entfernen. Die <a href=\"https:\/\/www.monsiegeautobebe.fr\/de\/comparatif-sieges-auto-bebe-cybex-sirona\/\" target=\"_blank\" rel=\"noopener noreferrer\">Cybex Cloud Z i-Size, Cybex Sirona Z i-Size und der Cybex Sirona Z R i-Size<\/a> verwenden <a href=\"https:\/\/cybex-online.com\/fr-fr\/sensorsafe\" target=\"_blank\" rel=\"nofollow noopener noreferrer\">das verbundene Ger\u00e4t SensorSafe<\/a>. Wenn er am Hebegurt befestigt ist, ist dieser <strong>angeschlossener Sensor<\/strong> an Ihr Smartphone <strong>warnt Sie automatisch<\/strong> im Falle einer Gefahr. Sie werden direkt informiert, wenn das Kind <strong>legt sein Geschirr ab<\/strong>wenn die Temperatur <strong>zu hei\u00df oder zu kalt<\/strong>Wenn das Kind <strong>allein gelassen<\/strong> im Auto oder auch, wenn Ihr Kind zur\u00fcckgeblieben ist <strong>zu lange sitzen<\/strong>. Diese Alarmsysteme sind jeweils <strong>mit dem Smartphone verbunden<\/strong> \u00fcber Bluetooth. Sie funktionieren mit <strong>eine eigene Anwendung<\/strong> die man zuvor auf sein Telefon herunterladen muss. Sie <strong>warnen automatisch<\/strong> den Fahrer, der sich au\u00dferhalb der Reichweite des Signals befindet, und k\u00f6nnen auch ein <strong>Warnmeldung an Dritte<\/strong>. Obwohl es \u00fcberzeugend ist, bef\u00fcrchten Experten, dass Eltern sich zu sehr auf das System verlassen und weniger wachsam sind.<br \/>\n<a href=\"https:\/\/monsiegeautobebe.fr\/wp-content\/uploads\/2020\/06\/systeme-alarme-siege-auto-sensorsafe.jpg\"><img fetchpriority=\"high\" decoding=\"async\" class=\"aligncenter size-full wp-image-2903\" src=\"https:\/\/monsiegeautobebe.fr\/wp-content\/uploads\/2020\/06\/systeme-alarme-siege-auto-sensorsafe.jpg\" alt=\"Angeschlossenes Alarmsystem f\u00fcr den Autositz sensorsafe\" width=\"1000\" height=\"440\" \/><\/a><\/p>\n<h2><span class=\"ez-toc-section\" id=\"Les_Perdants_De_Cette_Session_De_Crash-Tests\"><\/span>Die Verlierer Dieser Crash-Test-Session<span class=\"ez-toc-section-end\"><\/span><\/h2>\n<p>W\u00e4hrend dieser Crash-Test-Sitzung <strong>zwei Modelle<\/strong> von Sitzen wurden bewertet <strong>\"unzureichend\"<\/strong>. W\u00e4hrend des Frontalaufpralltests wird das Gurtschloss der <strong>Chicco Oasys i-Size Beb\u00e8care<\/strong> riss aus dem Rumpf und f\u00fchrte zu <strong>das Herausschleudern der Puppe aus dem Sitz<\/strong>. <a href=\"https:\/\/www.leparisien.fr\/societe\/chicco-rappelle-un-siege-auto-pour-bebe-defectueux-06-04-2019-8047707.php\" target=\"_blank\" rel=\"noopener noreferrer\">Chicco hat seitdem eine R\u00fcckrufkampagne durchgef\u00fchrt<\/a> auf diesem Modell, um diesen Fehler zu beheben. F\u00fcr den <strong>B\u00e9b\u00e9 Confort TobiFix<\/strong>ist <strong>sein Gehalt an Schadstoffen<\/strong> zu gro\u00df, die zu einer <strong>Abwertung seiner Note<\/strong>. Die Ingenieure erhoben <strong>Spuren des Flammschutzmittels TCPP<\/strong> im Gewebe des Sitzes, die \u00fcber <strong>die zul\u00e4ssigen Grenzwerte<\/strong>. Die <strong>Aprano All Stage<\/strong> die einen breiten Anwendungsbereich bietet, ist auch hier nicht zu empfehlen, da sie <strong>seine schwachen Ergebnisse in Bezug auf die Sicherheit<\/strong>.<\/p>\n<h2><span class=\"ez-toc-section\" id=\"Selection_des_Meilleurs_Sieges_Auto_Recommandes_aux_Crash-Tests_Mai_2019\"><\/span>Auswahl der besten in Crashtests empfohlenen Autositze (Mai 2019)<span class=\"ez-toc-section-end\"><\/span><\/h2>\n<ul>\n<li>Les Nacelles (von der Geburt bis ca. 8 Monate)<\/li>\n<\/ul>\n<ul>\n<li><em>B\u00e9b\u00e9 Confort Jade (mit Basis)<\/em><\/li>\n<\/ul>\n<p><a href=\"https:\/\/monsiegeautobebe.fr\/wp-content\/uploads\/2019\/11\/bebe-confort-jade-resultat-crash-test-adac-2019.jpg\"><img decoding=\"async\" class=\"alignleft size-full wp-image-2945\" src=\"https:\/\/monsiegeautobebe.fr\/wp-content\/uploads\/2019\/11\/bebe-confort-jade-resultat-crash-test-adac-2019.jpg\" alt=\"Ergebnis des ADAC-Crashtests des Kinderwagenaufsatzes Jade von B\u00e9b\u00e9 Confort\" width=\"250\" height=\"213\" srcset=\"https:\/\/www.monsiegeautobebe.fr\/wp-content\/uploads\/2019\/11\/bebe-confort-jade-resultat-crash-test-adac-2019.jpg 1000w, https:\/\/www.monsiegeautobebe.fr\/wp-content\/uploads\/2019\/11\/bebe-confort-jade-resultat-crash-test-adac-2019-600x510.jpg 600w, https:\/\/www.monsiegeautobebe.fr\/wp-content\/uploads\/2019\/11\/bebe-confort-jade-resultat-crash-test-adac-2019-300x255.jpg 300w, https:\/\/www.monsiegeautobebe.fr\/wp-content\/uploads\/2019\/11\/bebe-confort-jade-resultat-crash-test-adac-2019-768x653.jpg 768w\" sizes=\"(max-width: 250px) 100vw, 250px\" \/><\/a>Die <strong>Babywanne Jade von B\u00e9b\u00e9 Confort<\/strong> ist <strong>der Sieger<\/strong> in dieser Testsitzung. Dieses Modell zeichnete sich besonders aus durch <strong>ausgezeichnete Ergebnisse<\/strong> bei den Tests von <strong>Frontal- und Seitenkollisionen<\/strong>. Es handelt sich um die <strong>erste Gondel<\/strong> genehmigt worden zu sein gem\u00e4\u00df <strong>die R129-Regelung (i-Size)<\/strong>. Sie ist geeignet f\u00fcr Babys von <strong>40 bis 70 cm<\/strong> (von der Geburt bis ca. 8 Monate). Sie bietet eine <strong>Liegeposition<\/strong> sehr bequem, damit das Baby sicher reisen und schlafen kann. Au\u00dferhalb des Fahrzeugs kann er leicht verwendet werden auf <strong>ein Kinderwagengestell<\/strong> kompatibel oder dienen als <strong>Beistellbett<\/strong>. Aufgrund ihrer imposanten Gr\u00f6\u00dfe kann die Gondel nur auf der <strong>R\u00fcckbank<\/strong> des Fahrzeugs. Sie erfordert zwingend die Basis <a href=\"http:\/\/&lt;a href=\" target=\"_blank\" rel=\"nofollow noopener noreferrer\">3wayFix<\/a><img decoding=\"async\" src=\"https:\/\/tracking.publicidees.com\/link.php?progid=605&amp;partid=59883\" width=\"1\" height=\"1\" \/> oder <a href=\"https:\/\/action.metaffiliation.com\/trk.php?mclic=P4F9AB571995171&amp;redir=https%3A%2F%2Fwww.allobebe.fr%2Fbase-familyfix-3-aBC031064289.html\" target=\"_blank\" rel=\"nofollow noopener noreferrer\">FamilyFix3<\/a> um befestigt zu werden. Diese Basen sind auch kompatibel mit den Modellen <a href=\"https:\/\/action.metaffiliation.com\/trk.php?mclic=P4F9AB571995171&amp;redir=https%3A%2F%2Fwww.allobebe.fr%2Fsiege-auto-pebble-pro-i-size-G3511-1.html\" target=\"_blank\" rel=\"nofollow noopener noreferrer\">Pebble Pro i-Size<\/a>, <a href=\"https:\/\/action.metaffiliation.com\/trk.php?mclic=P4F9AB571995171&amp;redir=https%3A%2F%2Fwww.allobebe.fr%2Fsiege-auto-pearl-pro-i-size-G3459-1.html\" target=\"_blank\" rel=\"nofollow noopener noreferrer\">Pearl Pro i-Size<\/a> und <a href=\"https:\/\/action.metaffiliation.com\/trk.php?mclic=P4F9AB571995171&amp;redir=https%3A%2F%2Fwww.allobebe.fr%2Fsiege-auto-pearl-pro-2-i-size-authentic-graphite-groupe-1-aBC032160335.html\" target=\"_blank\" rel=\"nofollow noopener noreferrer\">Pearl Pro 2 i-Size<\/a> f\u00fcr die Nutzung bis zu vier Jahren.<\/p>\n<p><iframe title=\"Jade Maxi-Cosi: Testsieger 2019\" width=\"788\" height=\"443\" src=\"https:\/\/www.youtube.com\/embed\/9i_YLymUnak?feature=oembed\" frameborder=\"0\" allow=\"accelerometer; autoplay; clipboard-write; encrypted-media; gyroscope; picture-in-picture\" allowfullscreen><\/iframe><br \/>\n<div id=\"tablepress-47-scroll-wrapper\" class=\"tablepress-scroll-wrapper\">\n\n<table id=\"tablepress-47\" class=\"tablepress tablepress-id-47 tablepress-responsive\">\n<tbody class=\"row-striping row-hover\">\n<tr class=\"row-1\">\n\t<td class=\"column-1\">Zulassung<\/td><td class=\"column-2\">R129 (i-Size)<\/td>\n<\/tr>\n<tr class=\"row-2\">\n\t<td class=\"column-1\">Gr\u00f6\u00dfe des Kindes<\/td><td class=\"column-2\">Von 40 bis 70 cm<\/td>\n<\/tr>\n<tr class=\"row-3\">\n\t<td class=\"column-1\">Alter des Kindes<\/td><td class=\"column-2\">Von der Geburt bis ca. 8 Monate<\/td>\n<\/tr>\n<tr class=\"row-4\">\n\t<td class=\"column-1\">Gewicht des Kindes<\/td><td class=\"column-2\">9 kg max.<\/td>\n<\/tr>\n<tr class=\"row-5\">\n\t<td class=\"column-1\">Einbau des Sitzes im Auto<\/td><td class=\"column-2\">Basis <a href=\"https:\/\/tracking.publicidees.com\/clic.php?progid=605&amp;partid=59883&amp;dpl=https%3A%2F%2Fwww.aubert.com%2Fp%2F10438235-35%2FEmbase-3WayFix-Noire-Bebe-Confort\" target=\"_blank\" rel=\"nofollow noopener noreferrer\"> 3wayFix<\/a><img loading=\"lazy\" decoding=\"async\" src=\"https:\/\/tracking.publicidees.com\/link.php?progid=605&amp;partid=59883\" height=\"1\" width=\"1\"> oder <a href=\"https:\/\/action.metaffiliation.com\/trk.php?mclic=P4F9AB571995171&amp;redir=https%3A%2F%2Fwww.allobebe.fr%2Fbase-familyfix-3-aBC031064289.html\" target=\"_blank\" rel=\"nofollow noopener noreferrer\">FamilyFix3<\/a> mit Streben<\/td>\n<\/tr>\n<tr class=\"row-6\">\n\t<td class=\"column-1\">Kinderr\u00fcckhaltesystem<\/td><td class=\"column-2\">3-Punkt-Gurt<\/td>\n<\/tr>\n<tr class=\"row-7\">\n\t<td class=\"column-1\"><a href=\"https:\/\/www.monsiegeautobebe.fr\/de\/\">Autositz<\/a> schwenkbar<\/td><td class=\"column-2\"><center><img loading=\"lazy\" decoding=\"async\" src=\"https:\/\/monsiegeautobebe.fr\/wp-content\/uploads\/2019\/03\/icon-no.png\" alt=\"\" width=\"16\" height=\"16\" class=\"aligncenter size-full wp-image-693\" \/><\/center><\/td>\n<\/tr>\n<tr class=\"row-8\">\n\t<td class=\"column-1\">Position des Sitzes<\/td><td class=\"column-2\">Querbeet<\/td>\n<\/tr>\n<\/tbody>\n<\/table>\n\n<\/div><!-- #tablepress-47 from cache -->\n<p><center><a href=\"https:\/\/action.metaffiliation.com\/trk.php?mclic=P4F9AB571995171&amp;redir=https%3A%2F%2Fwww.allobebe.fr%2Fnacelle-i-size-jade-essential-graphite-aBC041117974.html\" class=\"sc-button sc-button-default sc-button-medium\" target=\"_blank\" rel=\"noopener\"><span>DEN BESTEN PREIS SEHEN<br \/>\nBABY COMFORT JADE<\/span><\/a><\/center><\/p>\n<ul>\n<li>Die <a href=\"https:\/\/www.monsiegeautobebe.fr\/de\/beste-babyschale\/\">Babyschale<\/a> (von der Geburt bis ca. 18 Monate)<\/li>\n<\/ul>\n<p>In einem Baby-Cosi wird das Kind <strong>bequem untergebracht und gesch\u00fctzt<\/strong> wie in einem kleinen Kokon. Seine Neigung erm\u00f6glicht insbesondere <strong>zu verhindern, dass sein Kopf nach vorne f\u00e4llt<\/strong> wie es bei einem gr\u00f6\u00dferen, aber f\u00fcr die Kleinsten ungeeigneten Autositz der Fall sein k\u00f6nnte. Die Babyschale ist das Mittel <strong>am sichersten <\/strong> um mit dem Baby sicher zu reisen <strong>von der Geburt bis zum Alter von 12, 15 oder 18 Monaten<\/strong> in Abh\u00e4ngigkeit vom <strong>Modell<\/strong> und der <strong>Morphologie<\/strong> des Kindes.<\/p>\n<p><center><a href=\"https:\/\/www.monsiegeautobebe.fr\/de\/comparatif-meilleures-coques-cosi-bebe\/\" class=\"sc-button sc-button-default sc-button-MEDIUM\"><span>SIEHE UNSERE AUSWAHL DER BESTEN BABY-COSYS<\/span><\/a><\/center><\/p>\n<ul>\n<li><em>B\u00e9b\u00e9 Confort Pebble Pro i-Size (mit oder ohne Basisstation)<\/em><\/li>\n<\/ul>\n<p><a href=\"https:\/\/monsiegeautobebe.fr\/wp-content\/uploads\/2019\/11\/bebe-confort-pebble-pro-i-size-3wayfix-resultat-crash-test-adac-2019.jpg\"><img loading=\"lazy\" decoding=\"async\" class=\"alignleft size-full wp-image-2991\" src=\"https:\/\/monsiegeautobebe.fr\/wp-content\/uploads\/2019\/11\/bebe-confort-pebble-pro-i-size-3wayfix-resultat-crash-test-adac-2019.jpg\" alt=\"Ergebnis des ADAC-Crashtests der Babyschale B\u00e9b\u00e9 Confort Pebble Pro i-Size\" width=\"250\" height=\"213\" srcset=\"https:\/\/www.monsiegeautobebe.fr\/wp-content\/uploads\/2019\/11\/bebe-confort-pebble-pro-i-size-3wayfix-resultat-crash-test-adac-2019.jpg 1000w, https:\/\/www.monsiegeautobebe.fr\/wp-content\/uploads\/2019\/11\/bebe-confort-pebble-pro-i-size-3wayfix-resultat-crash-test-adac-2019-600x510.jpg 600w, https:\/\/www.monsiegeautobebe.fr\/wp-content\/uploads\/2019\/11\/bebe-confort-pebble-pro-i-size-3wayfix-resultat-crash-test-adac-2019-300x255.jpg 300w, https:\/\/www.monsiegeautobebe.fr\/wp-content\/uploads\/2019\/11\/bebe-confort-pebble-pro-i-size-3wayfix-resultat-crash-test-adac-2019-768x653.jpg 768w\" sizes=\"(max-width: 250px) 100vw, 250px\" \/><\/a><br \/>\nAls Ersatz f\u00fcr den Pebble Plus i-Size, der <strong>B\u00e9b\u00e9 Confort Pebble Pro i-Size<\/strong> ist ein Cosy, der nach den neuesten Vorschriften zugelassen ist <strong>R129 (i-Size)<\/strong> f\u00fcr die Verwendung mit Babys von <strong>45 bis 75 cm<\/strong> (von der Geburt bis ca. 15 Monate). Um die Kleinsten komfortabel unterzubringen, verf\u00fcgt er \u00fcber einen <strong>herausnehmbarer Einsatz f\u00fcr Neugeborene<\/strong> und einem <strong>3-Punkt-Gurt<\/strong> leicht verstellbar ist. Er kann wahlweise mithilfe der <strong>Sicherheitsgurt<\/strong> des Fahrzeugs oder \u00fcber die <strong>ISOFIX-Befestigungspunkte<\/strong> dank der Grundlagen <a href=\"http:\/\/&lt;a href=\" target=\"_blank\" rel=\"nofollow noopener noreferrer\">3wayFix<\/a><img decoding=\"async\" src=\"https:\/\/tracking.publicidees.com\/link.php?progid=605&amp;partid=59883\" width=\"1\" height=\"1\" \/> und <a href=\"https:\/\/amzn.to\/3ivwuj3\" target=\"_blank\" rel=\"nofollow noopener noreferrer\">FamilyFix One<\/a> die das Risiko einer falschen Installation weiter einschr\u00e4nken. Diese beiden Basen k\u00f6nnen auch zur Installation der Gondel verwendet werden <a href=\"https:\/\/action.metaffiliation.com\/trk.php?mclic=P4F9AB571995171&amp;redir=https%3A%2F%2Fwww.allobebe.fr%2Fnacelle-i-size-jade-essential-graphite-aBC041117974.html\" target=\"_blank\" rel=\"nofollow noopener noreferrer\">Jade<\/a> oder Autositze <a href=\"https:\/\/action.metaffiliation.com\/trk.php?mclic=P4F9AB571995171&amp;redir=https%3A%2F%2Fwww.allobebe.fr%2Fsiege-auto-pearl-pro-2-i-size-authentic-graphite-groupe-1-aBC032160335.html\" target=\"_blank\" rel=\"nofollow noopener noreferrer\">Pearl Pro 2 i-Size<\/a>, <a href=\"https:\/\/action.metaffiliation.com\/trk.php?mclic=P4F9AB571995171&amp;redir=https%3A%2F%2Fwww.allobebe.fr%2Fsiege-auto-pearl-pro-i-size-G3459-1.html\" target=\"_blank\" rel=\"nofollow noopener noreferrer\">Pearl Pro i-Size<\/a>, <a href=\"https:\/\/amzn.to\/2D6yb6k\" target=\"_blank\" rel=\"nofollow noopener noreferrer\">Pearl Smart i-Size<\/a> und <a href=\"https:\/\/amzn.to\/3gmmxmi\" target=\"_blank\" rel=\"nofollow noopener noreferrer\">Pearl One i-Size<\/a>.<\/p>\n<div id=\"tablepress-52-scroll-wrapper\" class=\"tablepress-scroll-wrapper\">\n\n<table id=\"tablepress-52\" class=\"tablepress tablepress-id-52 tablepress-responsive\">\n<tbody class=\"row-striping row-hover\">\n<tr class=\"row-1\">\n\t<td class=\"column-1\">Zulassung<\/td><td class=\"column-2\">R129 (i-Size)<\/td>\n<\/tr>\n<tr class=\"row-2\">\n\t<td class=\"column-1\">Gr\u00f6\u00dfe des Kindes<\/td><td class=\"column-2\">Von 40 bis 85 cm<\/td>\n<\/tr>\n<tr class=\"row-3\">\n\t<td class=\"column-1\">Alter des Kindes<\/td><td class=\"column-2\">Von der Geburt bis ca. 18 Monate<\/td>\n<\/tr>\n<tr class=\"row-4\">\n\t<td class=\"column-1\">Gewicht des Kindes<\/td><td class=\"column-2\">13 kg max.<\/td>\n<\/tr>\n<tr class=\"row-5\">\n\t<td class=\"column-1\">Einbau des Sitzes im Auto<\/td><td class=\"column-2\">Sicherheitsgurt oder Basen <a href=\"https:\/\/tracking.publicidees.com\/clic.php?progid=605&amp;partid=59883&amp;dpl=https%3A%2F%2Fwww.aubert.com%2Fp%2F10438235-35%2FEmbase-3WayFix-Noire-Bebe-Confort\" target=\"_blank\" rel=\"nofollow noopener noreferrer\"> 3wayFix<\/a><img loading=\"lazy\" decoding=\"async\" src=\"https:\/\/tracking.publicidees.com\/link.php?progid=605&amp;partid=59883\" height=\"1\" width=\"1\"> und <a href=\"https:\/\/amzn.to\/3ivwuj3\" target=\"_blank\" rel=\"nofollow noopener noreferrer\">FamilyFix One<\/a> mit Streben<\/td>\n<\/tr>\n<tr class=\"row-6\">\n\t<td class=\"column-1\">Kinderr\u00fcckhaltesystem<\/td><td class=\"column-2\">3-Punkt-Gurt<\/td>\n<\/tr>\n<tr class=\"row-7\">\n\t<td class=\"column-1\">Schwenkbarer Autositz<\/td><td class=\"column-2\"><center><img loading=\"lazy\" decoding=\"async\" src=\"https:\/\/monsiegeautobebe.fr\/wp-content\/uploads\/2019\/03\/icon-no.png\" alt=\"\" width=\"16\" height=\"16\" class=\"aligncenter size-full wp-image-693\" \/><\/center><\/td>\n<\/tr>\n<tr class=\"row-8\">\n\t<td class=\"column-1\">Position des Sitzes<\/td><td class=\"column-2\">Mit dem R\u00fccken zur Stra\u00dfe<\/td>\n<\/tr>\n<\/tbody>\n<\/table>\n\n<\/div><!-- #tablepress-52 from cache --><p><center><a href=\"https:\/\/action.metaffiliation.com\/trk.php?mclic=P4F9AB571995171&amp;redir=https%3A%2F%2Fwww.allobebe.fr%2Fsiege-auto-pebble-pro-i-size-essential-black-aBC031155225.html\" class=\"sc-button sc-button-default sc-button-medium\" target=\"_blank\" rel=\"noopener\"><span>DEN BESTEN PREIS SEHEN<br \/>\nKOMFORTBABY PEBBLE PRO I-SIZE<\/span><\/a><\/center><\/p>\n<ul>\n<li><em>Peg Perego Primo Viaggio i-Size (mit Basis)<\/em><\/li>\n<\/ul>\n<p><a href=\"https:\/\/monsiegeautobebe.fr\/wp-content\/uploads\/2019\/11\/peg-perego-primo-viaggio-i-size-resultat-crash-test-adac-2019.jpg\"><img loading=\"lazy\" decoding=\"async\" class=\"alignleft size-full wp-image-2992\" src=\"https:\/\/monsiegeautobebe.fr\/wp-content\/uploads\/2019\/11\/peg-perego-primo-viaggio-i-size-resultat-crash-test-adac-2019.jpg\" alt=\"Ergebnis des ADAC-Crashtests des Peg Perego Primo Viaggio i-Size Cosi\" width=\"250\" height=\"213\" srcset=\"https:\/\/www.monsiegeautobebe.fr\/wp-content\/uploads\/2019\/11\/peg-perego-primo-viaggio-i-size-resultat-crash-test-adac-2019.jpg 1000w, https:\/\/www.monsiegeautobebe.fr\/wp-content\/uploads\/2019\/11\/peg-perego-primo-viaggio-i-size-resultat-crash-test-adac-2019-600x510.jpg 600w, https:\/\/www.monsiegeautobebe.fr\/wp-content\/uploads\/2019\/11\/peg-perego-primo-viaggio-i-size-resultat-crash-test-adac-2019-300x255.jpg 300w, https:\/\/www.monsiegeautobebe.fr\/wp-content\/uploads\/2019\/11\/peg-perego-primo-viaggio-i-size-resultat-crash-test-adac-2019-768x653.jpg 768w\" sizes=\"(max-width: 250px) 100vw, 250px\" \/><\/a>Die <strong>Primo Viaggio i-Size<\/strong> ist ein nach der neuesten europ\u00e4ischen Norm zugelassener Sitz <strong>R129 (i-Size)<\/strong> die es erm\u00f6glicht, dass Kinder mit dem R\u00fccken zur Fahrtrichtung von <strong>40 bis 83 cm<\/strong> (von der Geburt bis ca. 18 Monate). Um den Komfort und die Sicherheit der Babys zu gew\u00e4hrleisten, wird dieses Modell mit einem <strong>Sitzverkleinerer f\u00fcr Neugeborene<\/strong>von <strong>verschiedene Schutzma\u00dfnahmen<\/strong> im Falle eines Aufpralls und eines <strong>verstellbare Kopfst\u00fctze<\/strong>. Der Primo Viaggio kann mit der <strong>Sicherheitsgurt<\/strong> des Fahrzeugs oder seine <a href=\"https:\/\/action.metaffiliation.com\/trk.php?mclic=P494DD5719952191&amp;redir=https%3A%2F%2Fwww.roseoubleu.fr%2Fpeg-perego-base-i-size-pour-siege-auto-cosi-2019-a263308.html\" target=\"_blank\" rel=\"nofollow noopener noreferrer\">i-Size-Basis<\/a>. Diese Basis ist auch kompatibel mit dem Sitz der h\u00f6heren Kategorie, dem <a href=\"https:\/\/action.metaffiliation.com\/trk.php?mclic=P494DD5719952191&amp;redir=https%3A%2F%2Fwww.roseoubleu.fr%2Fpeg-perego-siege-auto-viaggio-ff105-ebony-2020-a262711.html\" target=\"_blank\" rel=\"nofollow noopener noreferrer\">Peg Perego Viaggio FF105<\/a> (von 71 bis 105 cm), um das Kind von der Geburt bis ca. 4 Jahre zu begleiten.<br \/>\n<div id=\"tablepress-48-scroll-wrapper\" class=\"tablepress-scroll-wrapper\">\n\n<table id=\"tablepress-48\" class=\"tablepress tablepress-id-48 tablepress-responsive\">\n<tbody class=\"row-striping row-hover\">\n<tr class=\"row-1\">\n\t<td class=\"column-1\">Zulassung<\/td><td class=\"column-2\">R129 (i-Size)<\/td>\n<\/tr>\n<tr class=\"row-2\">\n\t<td class=\"column-1\">Gr\u00f6\u00dfe des Kindes<\/td><td class=\"column-2\">Von 40 bis 83 cm<\/td>\n<\/tr>\n<tr class=\"row-3\">\n\t<td class=\"column-1\">Gewicht des Kindes<\/td><td class=\"column-2\">13 kg max.<\/td>\n<\/tr>\n<tr class=\"row-4\">\n\t<td class=\"column-1\">Alter des Kindes<\/td><td class=\"column-2\">Von der Geburt bis ca. 15 Monate<\/td>\n<\/tr>\n<tr class=\"row-5\">\n\t<td class=\"column-1\">Einbau des Sitzes im Auto<\/td><td class=\"column-2\">Sicherheitsgurt oder Basis <a href=\"https:\/\/action.metaffiliation.com\/trk.php?mclic=P494DD5719952191&amp;redir=https%3A%2F%2Fwww.roseoubleu.fr%2Fpeg-perego-base-i-size-pour-siege-auto-cosi-2019-a263308.html\" target=\"_blank\" rel=\"nofollow noopener noreferrer\">i-Size Base<\/a> mit Strebe<\/td>\n<\/tr>\n<tr class=\"row-6\">\n\t<td class=\"column-1\">Kinderr\u00fcckhaltesystem<\/td><td class=\"column-2\">3-Punkt-Gurt<\/td>\n<\/tr>\n<tr class=\"row-7\">\n\t<td class=\"column-1\">Schwenkbarer Autositz<\/td><td class=\"column-2\"><center><img loading=\"lazy\" decoding=\"async\" src=\"https:\/\/monsiegeautobebe.fr\/wp-content\/uploads\/2019\/03\/icon-no.png\" alt=\"\" width=\"16\" height=\"16\" class=\"aligncenter size-full wp-image-693\" \/><\/center><\/td>\n<\/tr>\n<tr class=\"row-8\">\n\t<td class=\"column-1\">Position des Sitzes<\/td><td class=\"column-2\">Mit dem R\u00fccken zur Stra\u00dfe<\/td>\n<\/tr>\n<\/tbody>\n<\/table>\n\n<\/div><!-- #tablepress-48 from cache -->\n<p><center><a href=\"https:\/\/action.metaffiliation.com\/trk.php?mclic=P4F9AB571995171&amp;redir=https%3A%2F%2Fwww.allobebe.fr%2Fsa-primo-viaggio-base-i-size-G3378-1.html\" class=\"sc-button sc-button-default sc-button-medium\" target=\"_blank\" rel=\"noopener\"><span>DEN BESTEN PREIS SEHEN<br \/>\nPEG PEREGO PRIMO VIAGGIO I-SIZE<\/span><\/a><\/center><\/p>\n<ul>\n<li><em>Cybex Cloud Z i-Size (mit oder ohne Basis)<\/em><\/li>\n<\/ul>\n<p><a href=\"https:\/\/monsiegeautobebe.fr\/wp-content\/uploads\/2019\/11\/cybex-cloud-z-i-size-resultat-crash-test-adac-2019.jpg\"><img loading=\"lazy\" decoding=\"async\" class=\"alignleft size-full wp-image-2995\" src=\"https:\/\/monsiegeautobebe.fr\/wp-content\/uploads\/2019\/11\/cybex-cloud-z-i-size-resultat-crash-test-adac-2019.jpg\" alt=\"Ergebnis des ADAC Crashtests der Babyschale Cybex Cloud Z i-Size\" width=\"250\" height=\"213\" srcset=\"https:\/\/www.monsiegeautobebe.fr\/wp-content\/uploads\/2019\/11\/cybex-cloud-z-i-size-resultat-crash-test-adac-2019.jpg 1000w, https:\/\/www.monsiegeautobebe.fr\/wp-content\/uploads\/2019\/11\/cybex-cloud-z-i-size-resultat-crash-test-adac-2019-600x510.jpg 600w, https:\/\/www.monsiegeautobebe.fr\/wp-content\/uploads\/2019\/11\/cybex-cloud-z-i-size-resultat-crash-test-adac-2019-300x255.jpg 300w, https:\/\/www.monsiegeautobebe.fr\/wp-content\/uploads\/2019\/11\/cybex-cloud-z-i-size-resultat-crash-test-adac-2019-768x653.jpg 768w\" sizes=\"(max-width: 250px) 100vw, 250px\" \/><\/a><br \/>\nNachfolger des <strong>Cloud Q<\/strong>am <a href=\"https:\/\/www.monsiegeautobebe.fr\/de\/test-avis-cosy-cybex-cloud-z-i-size\/\" target=\"_blank\" rel=\"noopener\">Cybex Cloud Z i-Size<\/a> ist konform mit <strong>die europ\u00e4ische Regelung R129 (i-Size)<\/strong> f\u00fcr die Verwendung mit dem R\u00fccken zur Fahrtrichtung von <strong>45 bis 87 cm<\/strong> (von der Geburt bis ca. 18 Monate). F\u00fcr optimale Sicherheit ist dieser Sitz ausgestattet mit <strong>einem Seitenaufprallschutzsystem (LSP)<\/strong> und einer energieabsorbierenden Schale. F\u00fcr den Gebrauch au\u00dferhalb des Fahrzeugs ist der <strong>Cloud Z<\/strong> hat die Besonderheit, dass es angenommen werden kann <strong>eine ergonomische Liegeposition<\/strong> \u00e4hnlich wie bei einem Kinderwagenaufsatz. Ihr Baby sitzt dann bequem, um zu schlafen oder einen Spaziergang zu machen. Der <strong>Cloud Z i-Size<\/strong> installiert sich mithilfe der <a href=\"https:\/\/action.metaffiliation.com\/trk.php?mclic=P4F9AB571995171&amp;redir=https%3A%2F%2Fwww.allobebe.fr%2Fbase-z-black-aCY030953831.html\" target=\"_blank\" rel=\"nofollow noopener noreferrer\">Z-Basis<\/a> oder der <strong>Sicherheitsgurt.<\/strong> Wenn er auf der <strong>Z-Basis<\/strong>Der Sitz kann <strong>um 180\u00b0 drehen<\/strong>. Er kann zur Fahrzeugt\u00fcr hin ausgerichtet werden, um das Anlegen des Babys im Auto zu erleichtern. Teil <strong>des modularen Systems Z-Line<\/strong> von Cybex, die <strong>Z-Basis<\/strong> ist auch kompatibel mit <a href=\"https:\/\/www.monsiegeautobebe.fr\/de\/comparatif-sieges-auto-bebe-cybex-sirona\/\" target=\"_blank\" rel=\"noopener noreferrer\">der Sirona Z i-Size und Sirona Z R i-Size<\/a> um die Sicherheit der Kinder zu gew\u00e4hrleisten <strong>von der Geburt bis 105 cm<\/strong> (bis ca. 4 Jahre).<br \/>\n<div id=\"tablepress-49-scroll-wrapper\" class=\"tablepress-scroll-wrapper\">\n\n<table id=\"tablepress-49\" class=\"tablepress tablepress-id-49 tablepress-responsive\">\n<tbody class=\"row-striping row-hover\">\n<tr class=\"row-1\">\n\t<td class=\"column-1\">Zulassung<\/td><td class=\"column-2\">R129 (i-Size)<\/td>\n<\/tr>\n<tr class=\"row-2\">\n\t<td class=\"column-1\">Gr\u00f6\u00dfe des Kindes<\/td><td class=\"column-2\">Von 45 bis 87 cm<\/td>\n<\/tr>\n<tr class=\"row-3\">\n\t<td class=\"column-1\">Alter des Kindes<\/td><td class=\"column-2\">Von der Geburt bis ca. 18 Monate<\/td>\n<\/tr>\n<tr class=\"row-4\">\n\t<td class=\"column-1\">Gewicht des Kindes<\/td><td class=\"column-2\">13 kg max.<\/td>\n<\/tr>\n<tr class=\"row-5\">\n\t<td class=\"column-1\">Einbau des Sitzes im Auto<\/td><td class=\"column-2\">Sicherheitsgurt oder <a href=\"https:\/\/action.metaffiliation.com\/trk.php?mclic=P4F9AB571995171&amp;redir=https%3A%2F%2Fwww.allobebe.fr%2Fbase-z-black-aCY030953831.html\" target=\"_blank\" rel=\"nofollow noopener noreferrer\">Z-Basis<\/a> mit Strebe<\/td>\n<\/tr>\n<tr class=\"row-6\">\n\t<td class=\"column-1\">Kinderr\u00fcckhaltesystem<\/td><td class=\"column-2\">3-Punkt-Gurt<\/td>\n<\/tr>\n<tr class=\"row-7\">\n\t<td class=\"column-1\">Schwenkbarer Autositz<\/td><td class=\"column-2\"><center><img loading=\"lazy\" decoding=\"async\" src=\"https:\/\/monsiegeautobebe.fr\/wp-content\/uploads\/2019\/03\/icon-yes.png\" alt=\"\" width=\"16\" height=\"16\" class=\"aligncenter size-full wp-image-693\" \/>(nur mit Base Z)<\/center><\/td>\n<\/tr>\n<tr class=\"row-8\">\n\t<td class=\"column-1\">Position des Sitzes<\/td><td class=\"column-2\">Mit dem R\u00fccken zur Stra\u00dfe<\/td>\n<\/tr>\n<\/tbody>\n<\/table>\n\n<\/div><!-- #tablepress-49 from cache -->\n<p><center><a href=\"https:\/\/action.metaffiliation.com\/trk.php?mclic=P4F9AB571995171&amp;redir=https%3A%2F%2Fwww.allobebe.fr%2Fsiege-auto-cloud-z-i-size-autumn-goldburnt-red-groupe-0-aCY031129040.html\" class=\"sc-button sc-button-default sc-button-medium\" target=\"_blank\" rel=\"noopener\"><span>DEN BESTEN PREIS SEHEN<br \/>\nCYBEX CLOUD Z I-SIZE<\/span><\/a><\/center><\/p>\n<ul>\n<li>Kinderautositze (von der Geburt bis ca. 4 Jahre)<\/li>\n<\/ul>\n<p>Die r\u00fcckw\u00e4rtsgerichtete Position ist der beste Schutz f\u00fcr die <strong>Nacken<\/strong> und die <strong>Halswirbels\u00e4ule<\/strong> eines Kindes bei einem Zusammensto\u00df. Es wird empfohlen, dass Sie <strong>Ihr Kind so lange wie m\u00f6glich mit dem R\u00fccken zur Stra\u00dfe halten<\/strong> weil dadurch verhindert wird, dass sein Kopf, der proportional schwerer ist, gewaltsam <strong>nach vorne geworfen<\/strong> bei einem Aufprall, der zu schweren Verletzungen f\u00fchren kann. Die <strong>Mehrheit der Autositze<\/strong> die im Handel erh\u00e4ltlich sind, erm\u00f6glichen es, Ihr Kind mit dem R\u00fccken zur Stra\u00dfe zu halten <strong>bis zum Alter von 4 Jahren<\/strong> siehe mehr bei einigen Modellen.<\/p>\n<p><center><a href=\"https:\/\/www.monsiegeautobebe.fr\/de\/bester-kindersitz-ruckwarts\/\" class=\"sc-button sc-button-default sc-button-medium\"><span>SIEHE UNSERE AUSWAHL DER BESTEN R\u00dcCKW\u00c4RTS GERICHTETEN AUTOSITZE<\/span><\/a><\/center><\/p>\n<ul>\n<li><em>Cybex Sirona Z i-Size (mit Basis)<\/em><\/li>\n<\/ul>\n<p><a href=\"https:\/\/monsiegeautobebe.fr\/wp-content\/uploads\/2019\/11\/cybex-sirona-z-i-size-resultat-crash-test-adac-2019.jpg\"><img loading=\"lazy\" decoding=\"async\" class=\"alignleft size-full wp-image-2994\" src=\"https:\/\/monsiegeautobebe.fr\/wp-content\/uploads\/2019\/11\/cybex-sirona-z-i-size-resultat-crash-test-adac-2019.jpg\" alt=\"Ergebnis des ADAC Crashtests des Cybex Sirona Z i-Size\" width=\"250\" height=\"213\" srcset=\"https:\/\/www.monsiegeautobebe.fr\/wp-content\/uploads\/2019\/11\/cybex-sirona-z-i-size-resultat-crash-test-adac-2019.jpg 1000w, https:\/\/www.monsiegeautobebe.fr\/wp-content\/uploads\/2019\/11\/cybex-sirona-z-i-size-resultat-crash-test-adac-2019-600x510.jpg 600w, https:\/\/www.monsiegeautobebe.fr\/wp-content\/uploads\/2019\/11\/cybex-sirona-z-i-size-resultat-crash-test-adac-2019-300x255.jpg 300w, https:\/\/www.monsiegeautobebe.fr\/wp-content\/uploads\/2019\/11\/cybex-sirona-z-i-size-resultat-crash-test-adac-2019-768x653.jpg 768w\" sizes=\"(max-width: 250px) 100vw, 250px\" \/><\/a><\/p>\n<p>Die <a href=\"https:\/\/www.monsiegeautobebe.fr\/de\/comparatif-sieges-auto-bebe-cybex-sirona\/\" target=\"_blank\" rel=\"noopener noreferrer\">Sirona Z i-Size<\/a> ist ein zugelassener Autositz <strong>R129 (i-Size)<\/strong> konzipiert f\u00fcr Kinder von <strong>45 bis 105 cm<\/strong> (von der Geburt bis ca. 4 Jahre ). Die <strong>Sirona Z i-Size<\/strong> muss zwingend auf der <strong>Z-Basis<\/strong>. Diese ist Teil des modularen Z-Line-Systems, das kompatibel ist mit dem <strong>Cloud Z i-Size<\/strong> oder das <strong>Sirona Z R i-Size<\/strong>. Die <a href=\"https:\/\/action.metaffiliation.com\/trk.php?mclic=P4F9AB571995171&amp;redir=https%3A%2F%2Fwww.allobebe.fr%2Fbase-z-black-aCY030953831.html\" target=\"_blank\" rel=\"nofollow noopener noreferrer\">Z-Basis <\/a>erm\u00f6glicht <strong>den Sitz um 360\u00b0 drehen<\/strong> um Kinder leicht in das Fahrzeug zu setzen, sondern auch, um von der Position <strong>mit dem R\u00fccken zur Stra\u00dfe<\/strong> an der Position <strong>gegen\u00fcber der Stra\u00dfe<\/strong> in wenigen Sekunden. Die <strong>Seitenaufprallschutz<\/strong> (LSP), die Technologie von <strong>Energiereduktion<\/strong> und die verschiedenen Einstellungen des Sitzes sorgen f\u00fcr einen ausgezeichneten Komfort, aber auch f\u00fcr eine erh\u00f6hte Sicherheit bei St\u00f6\u00dfen. F\u00fcr die Technikbegeisterten unter Ihnen bietet der <strong>Sirona Z i-Size<\/strong> ist kompatibel mit dem <strong>verbundener Sensor SensorSafe<\/strong>. Wenn er am Gurt des Sitzes befestigt ist, erm\u00f6glicht der Sensor <strong>den Fahrer zu warnen<\/strong> bei Gefahr f\u00fcr das Kind<br \/>\n<div id=\"tablepress-50-scroll-wrapper\" class=\"tablepress-scroll-wrapper\">\n\n<table id=\"tablepress-50\" class=\"tablepress tablepress-id-50 tablepress-responsive\">\n<tbody class=\"row-striping row-hover\">\n<tr class=\"row-1\">\n\t<td class=\"column-1\">Zulassung<\/td><td class=\"column-2\">R129 (i-Size)<\/td>\n<\/tr>\n<tr class=\"row-2\">\n\t<td class=\"column-1\">Gr\u00f6\u00dfe des Kindes<\/td><td class=\"column-2\">Von 45 bis 105 cm<\/td>\n<\/tr>\n<tr class=\"row-3\">\n\t<td class=\"column-1\">Alter des Kindes<\/td><td class=\"column-2\">Von der Geburt Monat bis ca. 4 Jahre<\/td>\n<\/tr>\n<tr class=\"row-4\">\n\t<td class=\"column-1\">Gewicht des Kindes<\/td><td class=\"column-2\">18 kg max.<\/td>\n<\/tr>\n<tr class=\"row-5\">\n\t<td class=\"column-1\">Einbau des Sitzes im Auto<\/td><td class=\"column-2\"><a href=\"https:\/\/action.metaffiliation.com\/trk.php?mclic=P4F9AB571995171&amp;redir=https%3A%2F%2Fwww.allobebe.fr%2Fbase-z-black-aCY030953831.html\" target=\"_blank\" rel=\"nofollow noopener noreferrer\">Z-Basis<\/a> mit Strebe<\/td>\n<\/tr>\n<tr class=\"row-6\">\n\t<td class=\"column-1\">Kinderr\u00fcckhaltesystem<\/td><td class=\"column-2\">5-Punkt-Gurt<\/td>\n<\/tr>\n<tr class=\"row-7\">\n\t<td class=\"column-1\">Schwenkbarer Autositz<\/td><td class=\"column-2\"><center><img loading=\"lazy\" decoding=\"async\" src=\"https:\/\/monsiegeautobebe.fr\/wp-content\/uploads\/2019\/03\/icon-yes.png\" alt=\"\" width=\"16\" height=\"16\" class=\"aligncenter size-full wp-image-693\" \/><\/center><\/td>\n<\/tr>\n<tr class=\"row-8\">\n\t<td class=\"column-1\">Reduzierst\u00fcck Neugeborenes<\/td><td class=\"column-2\"><center><img loading=\"lazy\" decoding=\"async\" src=\"https:\/\/monsiegeautobebe.fr\/wp-content\/uploads\/2019\/03\/icon-no.png\" alt=\"\" width=\"16\" height=\"16\" class=\"aligncenter size-full wp-image-693\" \/><\/center><\/td>\n<\/tr>\n<tr class=\"row-9\">\n\t<td class=\"column-1\">Position des Sitzes<\/td><td class=\"column-2\">R\u00fccken Stra\u00dfe (45 bis 105 cm)<br \/>\nStra\u00dfenseite (76 bis 105 cm)<\/td>\n<\/tr>\n<\/tbody>\n<\/table>\n\n<\/div><!-- #tablepress-50 from cache -->\n<p><center><a href=\"https:\/\/action.metaffiliation.com\/trk.php?mclic=P4F9AB571995171&amp;redir=https%3A%2F%2Fwww.allobebe.fr%2Fsiege-auto-sirona-z-G3402-1.html\" class=\"sc-button sc-button-default sc-button-medium\" target=\"_blank\" rel=\"noopener\"><span>DEN BESTEN PREIS SEHEN<br \/>\nCYBEX SIRONA Z I-SIZE<\/span><\/a><\/center><\/p>\n<ul>\n<li><em>Cybex Sirona Z R i-Size (mit Basis)<\/em><\/li>\n<\/ul>\n<p><a href=\"https:\/\/monsiegeautobebe.fr\/wp-content\/uploads\/2019\/11\/cybex-sirona-z-r-i-size-resultat-crash-test-adac-2019.jpg\"><img loading=\"lazy\" decoding=\"async\" class=\"alignleft size-full wp-image-2993\" src=\"https:\/\/monsiegeautobebe.fr\/wp-content\/uploads\/2019\/11\/cybex-sirona-z-r-i-size-resultat-crash-test-adac-2019.jpg\" alt=\"Ergebnis des ADAC Crashtests des Cybex Sirona Z R i-Size\" width=\"250\" height=\"213\" srcset=\"https:\/\/www.monsiegeautobebe.fr\/wp-content\/uploads\/2019\/11\/cybex-sirona-z-r-i-size-resultat-crash-test-adac-2019.jpg 1000w, https:\/\/www.monsiegeautobebe.fr\/wp-content\/uploads\/2019\/11\/cybex-sirona-z-r-i-size-resultat-crash-test-adac-2019-600x510.jpg 600w, https:\/\/www.monsiegeautobebe.fr\/wp-content\/uploads\/2019\/11\/cybex-sirona-z-r-i-size-resultat-crash-test-adac-2019-300x255.jpg 300w, https:\/\/www.monsiegeautobebe.fr\/wp-content\/uploads\/2019\/11\/cybex-sirona-z-r-i-size-resultat-crash-test-adac-2019-768x653.jpg 768w\" sizes=\"(max-width: 250px) 100vw, 250px\" \/><\/a><br \/>\nDie <a href=\"https:\/\/www.monsiegeautobebe.fr\/de\/comparatif-sieges-auto-bebe-cybex-sirona\/\" target=\"_blank\" rel=\"noopener noreferrer\">Sirona Z R i-Size<\/a> ist eine exakte Kopie des <strong>Sirona Z<\/strong> bis auf eine Ausnahme, <strong>er wird nur in r\u00fcckw\u00e4rts gerichteter Position verwendet<\/strong>. Dies ist einer der Gr\u00fcnde, warum <a href=\"https:\/\/www.monsiegeautobebe.fr\/de\/plus-test-suedois-pour-la-securite-des-sieges-auto-bebe\/\" target=\"_blank\" rel=\"noopener noreferrer\">konnte er den sehr schwierigen Schwedischen Plus-Test erreichen<\/a>. Seine zahlreichen integrierten Sicherheitsausstattungen und die Funktion <strong>um 180\u00b0 drehbar<\/strong> bis zur Fahrzeugt\u00fcr machen die Nutzung im Alltag viel einfacher. Der <strong>Sirona Z R i-Size<\/strong> darf im Auto nur mit der <a href=\"https:\/\/action.metaffiliation.com\/trk.php?mclic=P4F9AB571995171&amp;redir=https%3A%2F%2Fwww.allobebe.fr%2Fbase-z-black-aCY030953831.html\" target=\"_blank\" rel=\"nofollow noopener noreferrer\">Z-Basis<\/a> auch mit der Babyschale Cloud Z i-Size oder dem Sirona Z i-Size kompatibel.<br \/>\n<div id=\"tablepress-51-scroll-wrapper\" class=\"tablepress-scroll-wrapper\">\n\n<table id=\"tablepress-51\" class=\"tablepress tablepress-id-51 tablepress-responsive\">\n<tbody class=\"row-striping row-hover\">\n<tr class=\"row-1\">\n\t<td class=\"column-1\">Zulassung<\/td><td class=\"column-2\">R129 (i-Size)<\/td>\n<\/tr>\n<tr class=\"row-2\">\n\t<td class=\"column-1\">Gr\u00f6\u00dfe des Kindes<\/td><td class=\"column-2\">Von 45 bis 105 cm<\/td>\n<\/tr>\n<tr class=\"row-3\">\n\t<td class=\"column-1\">Alter des Kindes<\/td><td class=\"column-2\">Von der Geburt bis ca. 4 Jahre<\/td>\n<\/tr>\n<tr class=\"row-4\">\n\t<td class=\"column-1\">Gewicht des Kindes<\/td><td class=\"column-2\">18 kg max.<\/td>\n<\/tr>\n<tr class=\"row-5\">\n\t<td class=\"column-1\">Einbau des Sitzes im Auto<\/td><td class=\"column-2\"><a href=\"https:\/\/action.metaffiliation.com\/trk.php?mclic=P4F9AB571995171&amp;redir=https%3A%2F%2Fwww.allobebe.fr%2Fbase-z-black-aCY030953831.html\" target=\"_blank\" rel=\"nofollow noopener noreferrer\">Z-Basis<\/a> mit Strebe<\/td>\n<\/tr>\n<tr class=\"row-6\">\n\t<td class=\"column-1\">Kinderr\u00fcckhaltesystem<\/td><td class=\"column-2\">5-Punkt-Gurt<\/td>\n<\/tr>\n<tr class=\"row-7\">\n\t<td class=\"column-1\">Schwenkbarer Autositz<\/td><td class=\"column-2\"><center><img loading=\"lazy\" decoding=\"async\" src=\"https:\/\/monsiegeautobebe.fr\/wp-content\/uploads\/2019\/03\/icon-yes.png\" alt=\"\" width=\"16\" height=\"16\" class=\"aligncenter size-full wp-image-693\" \/><\/center><\/td>\n<\/tr>\n<tr class=\"row-8\">\n\t<td class=\"column-1\">Reduzierst\u00fcck Neugeborenes<\/td><td class=\"column-2\"><center><img loading=\"lazy\" decoding=\"async\" src=\"https:\/\/monsiegeautobebe.fr\/wp-content\/uploads\/2019\/03\/icon-no.png\" alt=\"\" width=\"16\" height=\"16\" class=\"aligncenter size-full wp-image-693\" \/><\/center><\/td>\n<\/tr>\n<tr class=\"row-9\">\n\t<td class=\"column-1\">Position des Sitzes<\/td><td class=\"column-2\">Mit dem R\u00fccken zur Stra\u00dfe<\/td>\n<\/tr>\n<\/tbody>\n<\/table>\n\n<\/div><!-- #tablepress-51 from cache -->\n<p><center><a href=\"https:\/\/www.uberkids.com\/eu\/cybex-sirona-z-r-i-size-car-seat-2009648\/\" class=\"sc-button sc-button-default sc-button-medium\" target=\"_blank\" rel=\"noopener\"><span>DEN BESTEN PREIS SEHEN<br \/>\nCYBEX SIRONA Z R I-SIZE<\/span><\/a><\/center><\/p>\n<ul>\n<li><em>Nuna Norr<\/em><\/li>\n<\/ul>\n<p>&nbsp;<\/p>\n<p><a href=\"https:\/\/monsiegeautobebe.fr\/wp-content\/uploads\/2019\/11\/nuna-norr-resultat-crash-test-adac-2019.jpg\"><img loading=\"lazy\" decoding=\"async\" class=\"alignleft size-full wp-image-3016\" src=\"https:\/\/monsiegeautobebe.fr\/wp-content\/uploads\/2019\/11\/nuna-norr-resultat-crash-test-adac-2019.jpg\" alt=\"ADAC-Crashtest-Ergebnis des Nuna Norr\" width=\"250\" height=\"213\" srcset=\"https:\/\/www.monsiegeautobebe.fr\/wp-content\/uploads\/2019\/11\/nuna-norr-resultat-crash-test-adac-2019.jpg 1000w, https:\/\/www.monsiegeautobebe.fr\/wp-content\/uploads\/2019\/11\/nuna-norr-resultat-crash-test-adac-2019-600x510.jpg 600w, https:\/\/www.monsiegeautobebe.fr\/wp-content\/uploads\/2019\/11\/nuna-norr-resultat-crash-test-adac-2019-300x255.jpg 300w, https:\/\/www.monsiegeautobebe.fr\/wp-content\/uploads\/2019\/11\/nuna-norr-resultat-crash-test-adac-2019-768x653.jpg 768w\" sizes=\"(max-width: 250px) 100vw, 250px\" \/><\/a>Die <strong>Nuna Norr<\/strong> ist identisch mit Nuna Rebl Plus, kann aber nur in <strong>r\u00fcckw\u00e4rtsgerichtete Position<\/strong> f\u00fcr mehr Sicherheit. Inhaber des <strong>Mehr Test<\/strong>Dieses Modell ist nach den folgenden Vorschriften zugelassen <strong>R129 (i-Size)<\/strong> f\u00fcr Kinder von <strong>40 bis 105 cm<\/strong> (von der Geburt bis ca. 4 Jahre) und mit einem H\u00f6chstgewicht von <strong>18,5 kg<\/strong>. Der Einbau des Sitzes erfolgt einfach und schnell mithilfe der ISOFIX-Befestigungen. Dieses Modell ist ausgestattet mit <strong>einer drehbaren Schale<\/strong> die es ihm erm\u00f6glicht, zur T\u00fcr hin ausgerichtet zu sein, um <strong>die Eingew\u00f6hnung des Kindes erleichtern<\/strong>. Um noch mehr Sicherheit und Komfort zu bieten, ist die Nuna Norr au\u00dferdem mit einem <strong>Sitzverkleinerer f\u00fcr Neugeborene<\/strong> abnehmbar, von einer <strong>Memory-Schaum<\/strong>von mehreren <strong>Schutzvorrichtungen<\/strong> gegen St\u00f6\u00dfe oder auch eine <strong>Neigung<\/strong> und einem <strong>verstellbare Kopfst\u00fctzen<\/strong> an alle Altersgruppen.<br \/>\n<div id=\"tablepress-53-scroll-wrapper\" class=\"tablepress-scroll-wrapper\">\n\n<table id=\"tablepress-53\" class=\"tablepress tablepress-id-53 tablepress-responsive\">\n<tbody class=\"row-striping row-hover\">\n<tr class=\"row-1\">\n\t<td class=\"column-1\">Zulassung<\/td><td class=\"column-2\">R129 (i-Size)<\/td>\n<\/tr>\n<tr class=\"row-2\">\n\t<td class=\"column-1\">Gr\u00f6\u00dfe des Kindes<\/td><td class=\"column-2\">Von 40 bis 105 cm<\/td>\n<\/tr>\n<tr class=\"row-3\">\n\t<td class=\"column-1\">Alter des Kindes<\/td><td class=\"column-2\">Von der Geburt bis ca. 4 Jahre<\/td>\n<\/tr>\n<tr class=\"row-4\">\n\t<td class=\"column-1\">Gewicht des Kindes<\/td><td class=\"column-2\">18 kg max.<\/td>\n<\/tr>\n<tr class=\"row-5\">\n\t<td class=\"column-1\">Einbau des Sitzes im Auto<\/td><td class=\"column-2\">ISOFIX-Basis mit Strebe<\/td>\n<\/tr>\n<tr class=\"row-6\">\n\t<td class=\"column-1\">Kinderr\u00fcckhaltesystem<\/td><td class=\"column-2\">5-Punkt-Gurt<\/td>\n<\/tr>\n<tr class=\"row-7\">\n\t<td class=\"column-1\">Schwenkbarer Autositz<\/td><td class=\"column-2\"><center><img loading=\"lazy\" decoding=\"async\" src=\"https:\/\/monsiegeautobebe.fr\/wp-content\/uploads\/2019\/03\/icon-yes.png\" alt=\"\" width=\"16\" height=\"16\" class=\"aligncenter size-full wp-image-693\" \/><\/center><\/td>\n<\/tr>\n<tr class=\"row-8\">\n\t<td class=\"column-1\">Reduzierst\u00fcck Neugeborenes<\/td><td class=\"column-2\"><center><img loading=\"lazy\" decoding=\"async\" src=\"https:\/\/monsiegeautobebe.fr\/wp-content\/uploads\/2019\/03\/icon-yes.png\" alt=\"\" width=\"16\" height=\"16\" class=\"aligncenter size-full wp-image-693\" \/><\/center><\/td>\n<\/tr>\n<tr class=\"row-9\">\n\t<td class=\"column-1\">Position des Sitzes<\/td><td class=\"column-2\">Mit dem R\u00fccken zur Stra\u00dfe<\/td>\n<\/tr>\n<\/tbody>\n<\/table>\n\n<\/div><!-- #tablepress-53 from cache -->\n<p><center><a href=\"https:\/\/www.uberkids.com\/eu\/nuna-norr-i-size-car-seat-nuncs08800cvrgl\/\" class=\"sc-button sc-button-default sc-button-medium\" target=\"_blank\" rel=\"noopener\"><span>DEN BESTEN PREIS SEHEN<br \/>\nNUNA NORR<\/span><\/a><\/center><\/p>\n<ul>\n<li><em>BeSafe iZi Modular RF i-Size<\/em><\/li>\n<\/ul>\n<p><a href=\"https:\/\/monsiegeautobebe.fr\/wp-content\/uploads\/2019\/11\/besafe-izi-modular-rf-i-size-resultat-crash-test-adac-2019.jpg\"><img loading=\"lazy\" decoding=\"async\" class=\"alignleft size-full wp-image-3018\" src=\"https:\/\/monsiegeautobebe.fr\/wp-content\/uploads\/2019\/11\/besafe-izi-modular-rf-i-size-resultat-crash-test-adac-2019.jpg\" alt=\"Ergebnis des ADAC Crashtests des BeSafe iZi Modular RF i-Size\" width=\"250\" height=\"213\" srcset=\"https:\/\/www.monsiegeautobebe.fr\/wp-content\/uploads\/2019\/11\/besafe-izi-modular-rf-i-size-resultat-crash-test-adac-2019.jpg 1000w, https:\/\/www.monsiegeautobebe.fr\/wp-content\/uploads\/2019\/11\/besafe-izi-modular-rf-i-size-resultat-crash-test-adac-2019-600x510.jpg 600w, https:\/\/www.monsiegeautobebe.fr\/wp-content\/uploads\/2019\/11\/besafe-izi-modular-rf-i-size-resultat-crash-test-adac-2019-300x255.jpg 300w, https:\/\/www.monsiegeautobebe.fr\/wp-content\/uploads\/2019\/11\/besafe-izi-modular-rf-i-size-resultat-crash-test-adac-2019-768x653.jpg 768w\" sizes=\"(max-width: 250px) 100vw, 250px\" \/><\/a>Die <strong>BeSafe iZi Modular RF i-Size<\/strong> ist nach den neuesten europ\u00e4ischen Vorschriften zugelassen <strong>R129 (i-Size)<\/strong> f\u00fcr Kinder von <strong>61 bis 105 cm<\/strong> (von ca. 6 Monaten bis 4 Jahren). Dieser Sitz wird nur auf der <a href=\"https:\/\/action.metaffiliation.com\/trk.php?mclic=P4F9AB571995171&amp;redir=https%3A%2F%2Fwww.allobebe.fr%2Fbase-izi-modular-i-size-aES031095005.html\" target=\"_blank\" rel=\"nofollow noopener noreferrer\">Basis iZi Modular i-Size<\/a> mit der er nur in <strong>r\u00fcckw\u00e4rtsgerichtete Position<\/strong> (RF = Rear Facing). Dadurch konnte er erfolgreich das <a href=\"https:\/\/www.monsiegeautobebe.fr\/de\/plus-test-suedois-pour-la-securite-des-sieges-auto-bebe\/\" target=\"_blank\" rel=\"noopener noreferrer\">Schwedischer Plus Test<\/a>. Umgekehrt ist der <a href=\"https:\/\/action.metaffiliation.com\/trk.php?mclic=P4F9AB571995171&amp;redir=https%3A%2F%2Fwww.allobebe.fr%2Fsiege-auto-izi-modular-i-size-black-cab-groupe-01-aES032100645.html\" target=\"_blank\" rel=\"nofollow noopener noreferrer\">BeSafe iZi Modular i-Size<\/a> und <a href=\"https:\/\/action.metaffiliation.com\/trk.php?mclic=P494DD5719952191&amp;redir=https%3A%2F%2Fwww.roseoubleu.fr%2Fbesafe-siege-auto-pivotant-izi-modular-x1-i-size-cloud-melange-2020-a287007.html\" target=\"_blank\" rel=\"nofollow noopener noreferrer\">iZi Modular X1 i-Size<\/a>99%, die mit dem iZi Modular RF i-Size identisch sind, k\u00f6nnen sowohl f\u00fcr die <strong>mit dem R\u00fccken zur Stra\u00dfe<\/strong> als <strong>gegen\u00fcber der Stra\u00dfe<\/strong>. L'<strong>iZi Modular RF i-Size<\/strong> hat dank seiner ISOFIX-Basis die Besonderheit, dass er <strong>den verf\u00fcgbaren Platz anpassen<\/strong> f\u00fcr die Beine in 3 Positionen. Er ist au\u00dferdem mit einem <strong>Energieabsorptionssystem<\/strong>von <strong>Seitenschutz<\/strong> (SIP), eines <strong>verstellbare Kopfst\u00fctze<\/strong>von mehreren <strong>Neigungspositionen<\/strong> oder auch eines <strong>Sitzverkleinerer f\u00fcr Neugeborene<\/strong> mit Formged\u00e4chtnis.<\/p>\n<p>Die <a href=\"https:\/\/action.metaffiliation.com\/trk.php?mclic=P4F9AB571995171&amp;redir=https%3A%2F%2Fwww.allobebe.fr%2Fbase-izi-modular-i-size-aES031095005.html\" target=\"_blank\" rel=\"nofollow noopener noreferrer\">Basis iZi Modular i-Size<\/a> kann mit den folgenden Babyschalen und Autositzen verwendet werden:<\/p>\n<ol>\n<li style=\"list-style-type: none;\">\n<ul>\n<li><a href=\"http:\/\/&lt;a href=\" target=\"_blank\" rel=\"nofollow noopener\">BeSafe iZi GO Modular i-Size<\/a><img loading=\"lazy\" decoding=\"async\" src=\"https:\/\/tracking.publicidees.com\/link.php?progid=605&amp;partid=53816\" width=\"1\" height=\"1\" \/><\/li>\n<li><a href=\"https:\/\/action.metaffiliation.com\/trk.php?mclic=P494DD5719952191&amp;redir=https%3A%2F%2Fwww.roseoubleu.fr%2Fbesafe-siege-auto-cosi-izi-go-modular-x1-i-size-fresh-black-cab-a274264.html\" target=\"_blank\" rel=\"nofollow noopener noreferrer\">BeSafe iZi GO Modular X1 i-Size<\/a> (neue Version des iZi GO Modular i-Size)<\/li>\n<li><a href=\"https:\/\/action.metaffiliation.com\/trk.php?mclic=P4F9AB571995171&amp;redir=https%3A%2F%2Fwww.allobebe.fr%2Fsiege-auto-izi-modular-i-size-black-cab-groupe-01-aES032100645.html\" target=\"_blank\" rel=\"nofollow noopener noreferrer\">BeSafe iZi Modular i-Size<\/a><\/li>\n<li><a href=\"https:\/\/action.metaffiliation.com\/trk.php?mclic=P494DD5719952191&amp;redir=https%3A%2F%2Fwww.roseoubleu.fr%2Fbesafe-siege-auto-pivotant-izi-modular-x1-i-size-cloud-melange-2020-a287007.html\" target=\"_blank\" rel=\"nofollow noopener noreferrer\">BeSafe iZi Modular X1 i-Size<\/a> (neue Version des iZi Modular i-Size)<\/li>\n<li><a href=\"https:\/\/action.metaffiliation.com\/trk.php?mclic=P494DD5719952191&amp;redir=https%3A%2F%2Fwww.roseoubleu.fr%2Fbesafe-siege-auto-izi-modular-i-size-rf-x1-burgundy-melange-2020-a286994.html\" target=\"_blank\" rel=\"nofollow noopener noreferrer\">BeSafe iZi Modular RF X1 i-Size<\/a> (neue Version iZi Modular RF i-Size)<\/li>\n<\/ul>\n<\/li>\n<\/ol>\n<ul>\n<li style=\"list-style-type: none;\">\n<ul><div id=\"tablepress-54-scroll-wrapper\" class=\"tablepress-scroll-wrapper\">\n\n<table id=\"tablepress-54\" class=\"tablepress tablepress-id-54 tablepress-responsive\">\n<tbody class=\"row-striping row-hover\">\n<tr class=\"row-1\">\n\t<td class=\"column-1\">Zulassung<\/td><td class=\"column-2\">R129 (i-Size)<\/td>\n<\/tr>\n<tr class=\"row-2\">\n\t<td class=\"column-1\">Gr\u00f6\u00dfe des Kindes<\/td><td class=\"column-2\">Von 61 bis 105 cm<\/td>\n<\/tr>\n<tr class=\"row-3\">\n\t<td class=\"column-1\">Alter des Kindes<\/td><td class=\"column-2\">Von 6 Monaten bis ca. 4 Jahren<\/td>\n<\/tr>\n<tr class=\"row-4\">\n\t<td class=\"column-1\">Gewicht des Kindes<\/td><td class=\"column-2\">18 kg max.<\/td>\n<\/tr>\n<tr class=\"row-5\">\n\t<td class=\"column-1\">Einbau des Sitzes im Auto<\/td><td class=\"column-2\">Basis <a href=\"https:\/\/action.metaffiliation.com\/trk.php?mclic=P4F9AB571995171&amp;redir=https%3A%2F%2Fwww.allobebe.fr%2Fbase-izi-modular-i-size-aES031095005.html\" target=\"_blank\" rel=\"nofollow noopener noreferrer\">iZi Modular i-Size<\/a> mit Strebe<\/td>\n<\/tr>\n<tr class=\"row-6\">\n\t<td class=\"column-1\">Kinderr\u00fcckhaltesystem<\/td><td class=\"column-2\">5-Punkt-Gurt<\/td>\n<\/tr>\n<tr class=\"row-7\">\n\t<td class=\"column-1\">Schwenkbarer Autositz<\/td><td class=\"column-2\"><center><img loading=\"lazy\" decoding=\"async\" src=\"https:\/\/monsiegeautobebe.fr\/wp-content\/uploads\/2019\/03\/icon-no.png\" alt=\"\" width=\"16\" height=\"16\" class=\"aligncenter size-full wp-image-693\" \/><\/center><\/td>\n<\/tr>\n<tr class=\"row-8\">\n\t<td class=\"column-1\">Reduzierst\u00fcck Neugeborenes<\/td><td class=\"column-2\"><center><img loading=\"lazy\" decoding=\"async\" src=\"https:\/\/monsiegeautobebe.fr\/wp-content\/uploads\/2019\/03\/icon-yes.png\" alt=\"\" width=\"16\" height=\"16\" class=\"aligncenter size-full wp-image-693\" \/><\/center><\/td>\n<\/tr>\n<tr class=\"row-9\">\n\t<td class=\"column-1\">Position des Sitzes<\/td><td class=\"column-2\">Mit dem R\u00fccken zur Stra\u00dfe<\/td>\n<\/tr>\n<\/tbody>\n<\/table>\n\n<\/div><!-- #tablepress-54 from cache --><\/ul>\n<\/li>\n<\/ul>\n<p>&nbsp;<\/p>\n<p><center><a href=\"https:\/\/www.uberkids.com\/eu\/besafe-izi-modular-rf-i-size-car-seat-1182491\/\" class=\"sc-button sc-button-default sc-button-medium\" target=\"_blank\" rel=\"noopener\"><span>DEN BESTEN PREIS SEHEN<br \/>\nBESAFE IZI MODULAR RF I-SIZE<\/span><\/a><\/center><\/p>\n<ul>\n<li>Sitzerh\u00f6hungen f\u00fcr Autos (von 4 bis ca. 12 Jahren)<\/li>\n<\/ul>\n<p>Die <strong>Sitzerh\u00f6hungen<\/strong> haben zum Ziel, das Kind an die <strong>Sicherheitsgurt f\u00fcr Erwachsene<\/strong> des Fahrzeugs, um das Kind zu sch\u00fctzen <em>bis zum Alter von 12 Jahren.<\/em> Obwohl es m\u00f6glich ist, einen <a href=\"https:\/\/www.monsiegeautobebe.fr\/de\/quel-rehausseur-voiture-enfant-choisir\/\" target=\"_blank\" rel=\"noopener\">Autositz<\/a> ab dem Alter von 3 Jahren, bevorzugen Sie die Verwendung eines <strong><a href=\"https:\/\/www.monsiegeautobebe.fr\/de\/bester-kindersitz-ruckwarts\/\">r\u00fcckw\u00e4rtsgerichteter kindersitz<\/a><\/strong> vor der Umstellung auf <strong><a href=\"https:\/\/www.monsiegeautobebe.fr\/de\/wie-waehlt-man-seine-sitzerhoehung-auto\/\">Sitzerh\u00f6hung im Auto<\/a><\/strong>.<\/p>\n<p><center><a href=\"https:\/\/www.monsiegeautobebe.fr\/de\/bester-kindersitz-ruckwarts\/\" class=\"sc-button sc-button-default sc-button-MEDIUM\"><span>SIEHE UNSERE AUSWAHL DER BESTEN AUTO-ERH\u00d6HUNGEN<\/span><\/a><\/center><\/p>\n<ul>\n<li><em>Britax R\u00f6mer Kidfix III M<\/em><\/li>\n<\/ul>\n<p><a href=\"https:\/\/monsiegeautobebe.fr\/wp-content\/uploads\/2019\/11\/britax-romer-kidfix-iii-m-resultat-crash-test-adac-2019.jpg\"><img loading=\"lazy\" decoding=\"async\" class=\"alignleft size-full wp-image-3017\" src=\"https:\/\/monsiegeautobebe.fr\/wp-content\/uploads\/2019\/11\/britax-romer-kidfix-iii-m-resultat-crash-test-adac-2019.jpg\" alt=\"Ergebnis des ADAC-Crashtests der Sitzerh\u00f6hung Britax KIDFIX III M\" width=\"250\" height=\"213\" srcset=\"https:\/\/www.monsiegeautobebe.fr\/wp-content\/uploads\/2019\/11\/britax-romer-kidfix-iii-m-resultat-crash-test-adac-2019.jpg 1000w, https:\/\/www.monsiegeautobebe.fr\/wp-content\/uploads\/2019\/11\/britax-romer-kidfix-iii-m-resultat-crash-test-adac-2019-600x510.jpg 600w, https:\/\/www.monsiegeautobebe.fr\/wp-content\/uploads\/2019\/11\/britax-romer-kidfix-iii-m-resultat-crash-test-adac-2019-300x255.jpg 300w, https:\/\/www.monsiegeautobebe.fr\/wp-content\/uploads\/2019\/11\/britax-romer-kidfix-iii-m-resultat-crash-test-adac-2019-768x653.jpg 768w\" sizes=\"(max-width: 250px) 100vw, 250px\" \/><\/a><br \/>\nDie <strong>Kidfix III M<\/strong> ist ein Sitzerh\u00f6her mit R\u00fcckenlehne, der nach der <strong>Regelung R44\/04<\/strong>. Es ist ein bequemes und elegantes Modell, das zur Gruppe 2\/3 geh\u00f6rt, f\u00fcr Kinder von <strong>15 bis 36 kg<\/strong> (von ca. 4 bis 12 Jahren). Die <strong>Kidfix III M<\/strong> verf\u00fcgt \u00fcber ein spezielles Sicherheitssystem wie die <strong>Seitenaufprallschutz<\/strong> (SICT) oder der <strong>SecureGuard<\/strong> der als <strong>vierter Haltepunkt<\/strong> um die Position des Sicherheitsgurts zu verbessern. Dar\u00fcber hinaus verf\u00fcgt er \u00fcber einen <strong>verstellbare Kopfst\u00fctze<\/strong> und einem <strong>V-f\u00f6rmiger R\u00fccken<\/strong> um sich dem Wachstum der Kinder anzupassen. Die <strong>Britax Kidfix III M<\/strong> kann mit der <strong>Sicherheitsgurt<\/strong> und die <strong>Punkte von <a href=\"https:\/\/www.monsiegeautobebe.fr\/de\/isofix-befestigungs-system-kindersitze\/\">ISOFIX-Befestigung<\/a><\/strong> oder einfach mit der <strong>3-Punkt-Sicherheitsgurt<\/strong> des Fahrzeugs<\/p>\n<div id=\"tablepress-55-scroll-wrapper\" class=\"tablepress-scroll-wrapper\">\n\n<table id=\"tablepress-55\" class=\"tablepress tablepress-id-55 tablepress-responsive\">\n<tbody class=\"row-striping row-hover\">\n<tr class=\"row-1\">\n\t<td class=\"column-1\">Zulassung<\/td><td class=\"column-2\">R44\/04<\/td>\n<\/tr>\n<tr class=\"row-2\">\n\t<td class=\"column-1\">Gewicht des Kindes<\/td><td class=\"column-2\">Gruppe 2\/3<br \/>\n(15 - 36 kg)<\/td>\n<\/tr>\n<tr class=\"row-3\">\n\t<td class=\"column-1\">Alter des Kindes<\/td><td class=\"column-2\">Von ca. 4 bis 12 Jahren<\/td>\n<\/tr>\n<tr class=\"row-4\">\n\t<td class=\"column-1\">Einbau des Sitzes im Auto<\/td><td class=\"column-2\">Sicherheitsgurt oder ISOFIX<\/td>\n<\/tr>\n<tr class=\"row-5\">\n\t<td class=\"column-1\">Kinderr\u00fcckhaltesystem<\/td><td class=\"column-2\">Sicherheitsgurt<\/td>\n<\/tr>\n<tr class=\"row-6\">\n\t<td class=\"column-1\">Position des Sitzes<\/td><td class=\"column-2\">Gesicht zur Stra\u00dfe<\/td>\n<\/tr>\n<\/tbody>\n<\/table>\n\n<\/div><!-- #tablepress-55 from cache --><p><center><a href=\"https:\/\/action.metaffiliation.com\/trk.php?mclic=P4F2915719951B1&amp;redir=https%3A%2F%2Fwww.autourdebebe.com%2Fp%2Fbritax1siegeautokidfixiiimcosmosblack%2Fsiege-auto-kidfix-iii-m-britax-romer\" class=\"sc-button sc-button-default sc-button-medium\" target=\"_blank\" rel=\"noopener\"><span>DEN BESTEN PREIS SEHEN<br \/>\nBRITAX R\u00d6MER KIDFIX III M<\/span><\/a><\/center><\/p>\n<h2><span class=\"ez-toc-section\" id=\"Liste_Complete_des_Notes_aux_Crash-Tests_ADAC_TCS\"><\/span>Komplette Liste der Noten bei ADAC &amp; TCS Crashtests<span class=\"ez-toc-section-end\"><\/span><\/h2>\n<p>Finden Sie <strong>die vollst\u00e4ndige Liste der Endnoten<\/strong> von den Autositzen erreicht, die in dieser Runde bewertet wurden. <strong>Crashtests im Mai 2019.<\/strong> F\u00fcr jede <strong>Gr\u00f6\u00dfenkategorie<\/strong>Die Kinderautositze werden in der Reihenfolge ihrer erreichten Punktzahl geordnet, <strong>vom besten bis zum schlechtesten<\/strong>. Weitere Informationen zu den bewerteten Kriterien und der verwendeten Bewertungsskala finden Sie unter <a href=\"https:\/\/www.monsiegeautobebe.fr\/de\/resultat-crash-test-siege-auto\/\" target=\"_blank\" rel=\"noopener noreferrer\">unser Artikel \u00fcber Crashtests<\/a> der Ihnen alle Antworten liefert.<br \/>\n<div class=\"sc-toggle\"><div class=\"sc-toggle-title active\"><a href=\"#\">Ergebnisse ADAC Crashtests (Mai 2019)<\/a><\/div><div class=\"sc-toggle-content active\">\n<a href=\"https:\/\/monsiegeautobebe.fr\/wp-content\/uploads\/2020\/06\/2019-mai-resultat-crash-test-adac.jpg\"><img loading=\"lazy\" decoding=\"async\" class=\"aligncenter size-full wp-image-2894\" src=\"https:\/\/monsiegeautobebe.fr\/wp-content\/uploads\/2020\/06\/2019-mai-resultat-crash-test-adac.jpg\" alt=\"Die Ergebnisse der ADAC Crashtests im Mai 2019.\" width=\"900\" height=\"600\" srcset=\"https:\/\/www.monsiegeautobebe.fr\/wp-content\/uploads\/2020\/06\/2019-mai-resultat-crash-test-adac.jpg 1950w, https:\/\/www.monsiegeautobebe.fr\/wp-content\/uploads\/2020\/06\/2019-mai-resultat-crash-test-adac-600x400.jpg 600w, https:\/\/www.monsiegeautobebe.fr\/wp-content\/uploads\/2020\/06\/2019-mai-resultat-crash-test-adac-300x200.jpg 300w, https:\/\/www.monsiegeautobebe.fr\/wp-content\/uploads\/2020\/06\/2019-mai-resultat-crash-test-adac-1024x683.jpg 1024w, https:\/\/www.monsiegeautobebe.fr\/wp-content\/uploads\/2020\/06\/2019-mai-resultat-crash-test-adac-768x512.jpg 768w, https:\/\/www.monsiegeautobebe.fr\/wp-content\/uploads\/2020\/06\/2019-mai-resultat-crash-test-adac-1536x1024.jpg 1536w, https:\/\/www.monsiegeautobebe.fr\/wp-content\/uploads\/2020\/06\/2019-mai-resultat-crash-test-adac-104x69.jpg 104w\" sizes=\"(max-width: 900px) 100vw, 900px\" \/><\/a><br \/>\n<\/div><\/div>\n\n<div class=\"sc-toggle\"><div class=\"sc-toggle-title active\"><a href=\"#\">Ergebnisse Crash-Tests TCS (Mai 2019)<\/a><\/div><div class=\"sc-toggle-content active\">\n<a href=\"https:\/\/monsiegeautobebe.fr\/wp-content\/uploads\/2020\/06\/resultat-crash-test-tcs-siege-enfant-mai-2019.jpg\"><img loading=\"lazy\" decoding=\"async\" class=\"aligncenter size-full wp-image-2881\" src=\"https:\/\/monsiegeautobebe.fr\/wp-content\/uploads\/2020\/06\/resultat-crash-test-tcs-siege-enfant-mai-2019.jpg\" alt=\"Die Ergebnisse der TCS-Crashtests im Mai 2019.\" width=\"600\" height=\"871\" srcset=\"https:\/\/www.monsiegeautobebe.fr\/wp-content\/uploads\/2020\/06\/resultat-crash-test-tcs-siege-enfant-mai-2019.jpg 1000w, https:\/\/www.monsiegeautobebe.fr\/wp-content\/uploads\/2020\/06\/resultat-crash-test-tcs-siege-enfant-mai-2019-600x871.jpg 600w, https:\/\/www.monsiegeautobebe.fr\/wp-content\/uploads\/2020\/06\/resultat-crash-test-tcs-siege-enfant-mai-2019-207x300.jpg 207w, https:\/\/www.monsiegeautobebe.fr\/wp-content\/uploads\/2020\/06\/resultat-crash-test-tcs-siege-enfant-mai-2019-705x1024.jpg 705w, https:\/\/www.monsiegeautobebe.fr\/wp-content\/uploads\/2020\/06\/resultat-crash-test-tcs-siege-enfant-mai-2019-768x1115.jpg 768w\" sizes=\"(max-width: 600px) 100vw, 600px\" \/><\/a><\/div><\/div>","protected":false},"excerpt":{"rendered":"<p>Um die Sicherheit von Kindern im Auto zu erh\u00f6hen, testen der ADAC und der TCS regelm\u00e4\u00dfig neue Modelle von Kinderautositzen. Die Crashtests finden zweimal im Jahr statt und werden von verschiedenen europ\u00e4ischen Organisationen gemeinsam durchgef\u00fchrt. F\u00fcr diesen Crashtest im Mai 2019 wurden 24 Kinderautositze auf ihre Sicherheit und Funktionst\u00fcchtigkeit getestet,<\/p>","protected":false},"author":2,"featured_media":2952,"comment_status":"open","ping_status":"open","sticky":false,"template":"","format":"standard","meta":{"footnotes":""},"categories":[13,32],"tags":[8,7,9],"class_list":{"0":"post-2879","1":"post","2":"type-post","3":"status-publish","4":"format-standard","5":"has-post-thumbnail","7":"category-crash-tests-adac","8":"category-crash-tests-adac-2019","9":"tag-adac","10":"tag-crash-tests","11":"tag-tcs"},"_links":{"self":[{"href":"https:\/\/www.monsiegeautobebe.fr\/de\/wp-json\/wp\/v2\/posts\/2879","targetHints":{"allow":["GET"]}}],"collection":[{"href":"https:\/\/www.monsiegeautobebe.fr\/de\/wp-json\/wp\/v2\/posts"}],"about":[{"href":"https:\/\/www.monsiegeautobebe.fr\/de\/wp-json\/wp\/v2\/types\/post"}],"author":[{"embeddable":true,"href":"https:\/\/www.monsiegeautobebe.fr\/de\/wp-json\/wp\/v2\/users\/2"}],"replies":[{"embeddable":true,"href":"https:\/\/www.monsiegeautobebe.fr\/de\/wp-json\/wp\/v2\/comments?post=2879"}],"version-history":[{"count":0,"href":"https:\/\/www.monsiegeautobebe.fr\/de\/wp-json\/wp\/v2\/posts\/2879\/revisions"}],"wp:featuredmedia":[{"embeddable":true,"href":"https:\/\/www.monsiegeautobebe.fr\/de\/wp-json\/wp\/v2\/media\/2952"}],"wp:attachment":[{"href":"https:\/\/www.monsiegeautobebe.fr\/de\/wp-json\/wp\/v2\/media?parent=2879"}],"wp:term":[{"taxonomy":"category","embeddable":true,"href":"https:\/\/www.monsiegeautobebe.fr\/de\/wp-json\/wp\/v2\/categories?post=2879"},{"taxonomy":"post_tag","embeddable":true,"href":"https:\/\/www.monsiegeautobebe.fr\/de\/wp-json\/wp\/v2\/tags?post=2879"}],"curies":[{"name":"wp","href":"https:\/\/api.w.org\/{rel}","templated":true}]}}