{"id":2224,"date":"2020-02-05T22:39:52","date_gmt":"2020-02-05T22:39:52","guid":{"rendered":"https:\/\/monsiegeautobebe.fr\/?p=2224"},"modified":"2023-02-22T02:48:57","modified_gmt":"2023-02-22T01:48:57","slug":"reise-siege-auf-der-ruckseite-der-strase","status":"publish","type":"post","link":"https:\/\/www.monsiegeautobebe.fr\/de\/reise-siege-auf-der-ruckseite-der-strase\/","title":{"rendered":"Warum sollte man mit einem r\u00fcckw\u00e4rtsgerichteten Autositz reisen?"},"content":{"rendered":"<p>Eltern sind immer darauf bedacht <strong>die Sicherheit ihres Babys<\/strong> wenn sie zu Hause, in der Schule oder bei den Gro\u00dfeltern sind, w\u00e4hrend sie ihre Sicherheit manchmal vernachl\u00e4ssigen, wenn sie im Auto sitzen. Dabei ist die Sicherheit von Kindern im Auto von gr\u00f6\u00dfter Bedeutung. Im Falle eines Unfalls <strong>mit dem R\u00fccken zur Stra\u00dfe reisen<\/strong> sorgt daf\u00fcr, dass <strong>ein H\u00f6chstma\u00df an Sicherheit<\/strong> indem sie die Auswirkungen auf den noch empfindlichen Kopf und Nacken von Babys verringern. Obwohl die Zeit, in der ein Kind in einem <strong><a href=\"https:\/\/www.monsiegeautobebe.fr\/de\/\">Autositz<\/a> mit dem R\u00fccken zur Stra\u00dfe<\/strong> <em>(oder rear-facing)<\/em> k\u00fcrzlich verl\u00e4ngert wurde durch <a href=\"https:\/\/www.monsiegeautobebe.fr\/de\/reglementation-i-size-siege-auto-bebe\/\">die neue europ\u00e4ische i-Size-Regelung<\/a>ist es sehr empfehlenswert <strong>mit dem R\u00fccken zur Stra\u00dfe zu verl\u00e4ngern<\/strong> so lange wie m\u00f6glich. Wir erkl\u00e4ren Ihnen, warum <strong>mit dem R\u00fccken zur Fahrtrichtung reisen ist f\u00fcnfmal sicherer<\/strong> f\u00fcr Ihr Kind.<\/p>\n<figure id=\"attachment_2471\" aria-describedby=\"caption-attachment-2471\" style=\"width: 800px\" class=\"wp-caption aligncenter\"><a href=\"https:\/\/monsiegeautobebe.fr\/wp-content\/uploads\/2020\/02\/consequence-siege-auto-dos-route-face-route.jpg\"><img fetchpriority=\"high\" decoding=\"async\" class=\"size-full wp-image-2471\" src=\"https:\/\/monsiegeautobebe.fr\/wp-content\/uploads\/2020\/02\/consequence-siege-auto-dos-route-face-route.jpg\" alt=\"Vergleich des Schutzniveaus zwischen einem r\u00fcckw\u00e4rtsgerichteten und einem vorw\u00e4rtsgerichteten Kindersitz\" width=\"800\" height=\"275\" srcset=\"https:\/\/www.monsiegeautobebe.fr\/wp-content\/uploads\/2020\/02\/consequence-siege-auto-dos-route-face-route.jpg 800w, https:\/\/www.monsiegeautobebe.fr\/wp-content\/uploads\/2020\/02\/consequence-siege-auto-dos-route-face-route-600x206.jpg 600w, https:\/\/www.monsiegeautobebe.fr\/wp-content\/uploads\/2020\/02\/consequence-siege-auto-dos-route-face-route-300x103.jpg 300w, https:\/\/www.monsiegeautobebe.fr\/wp-content\/uploads\/2020\/02\/consequence-siege-auto-dos-route-face-route-768x264.jpg 768w\" sizes=\"(max-width: 800px) 100vw, 800px\" \/><\/a><figcaption id=\"caption-attachment-2471\" class=\"wp-caption-text\">Bei einem Aufprall ist der K\u00f6rper des Kindes in einem r\u00fcckw\u00e4rtsgerichteten Autositz besser gesch\u00fctzt.<\/figcaption><\/figure>\n<div id=\"ez-toc-container\" class=\"ez-toc-v2_0_82_2 counter-hierarchy ez-toc-counter ez-toc-grey ez-toc-container-direction\">\n<div class=\"ez-toc-title-container\">\n<p class=\"ez-toc-title\" style=\"cursor:inherit\">Inhaltsverzeichnis<\/p>\n<span class=\"ez-toc-title-toggle\"><a href=\"#\" class=\"ez-toc-pull-right ez-toc-btn ez-toc-btn-xs ez-toc-btn-default ez-toc-toggle\" aria-label=\"Toggle Table of Content\"><span class=\"ez-toc-js-icon-con\"><span class=\"\"><span class=\"eztoc-hide\" style=\"display:none;\">Toggle<\/span><span class=\"ez-toc-icon-toggle-span\"><svg style=\"fill: #999;color:#999\" xmlns=\"http:\/\/www.w3.org\/2000\/svg\" class=\"list-377408\" width=\"20px\" height=\"20px\" viewbox=\"0 0 24 24\" fill=\"none\"><path d=\"M6 6H4v2h2V6zm14 0H8v2h12V6zM4 11h2v2H4v-2zm16 0H8v2h12v-2zM4 16h2v2H4v-2zm16 0H8v2h12v-2z\" fill=\"currentColor\"><\/path><\/svg><svg style=\"fill: #999;color:#999\" class=\"arrow-unsorted-368013\" xmlns=\"http:\/\/www.w3.org\/2000\/svg\" width=\"10px\" height=\"10px\" viewbox=\"0 0 24 24\" version=\"1.2\" baseprofile=\"tiny\"><path d=\"M18.2 9.3l-6.2-6.3-6.2 6.3c-.2.2-.3.4-.3.7s.1.5.3.7c.2.2.4.3.7.3h11c.3 0 .5-.1.7-.3.2-.2.3-.5.3-.7s-.1-.5-.3-.7zM5.8 14.7l6.2 6.3 6.2-6.3c.2-.2.3-.5.3-.7s-.1-.5-.3-.7c-.2-.2-.4-.3-.7-.3h-11c-.3 0-.5.1-.7.3-.2.2-.3.5-.3.7s.1.5.3.7z\"\/><\/svg><\/span><\/span><\/span><\/a><\/span><\/div>\n<nav><ul class='ez-toc-list ez-toc-list-level-1 eztoc-toggle-hide-by-default' ><li class='ez-toc-page-1 ez-toc-heading-level-2'><a class=\"ez-toc-link ez-toc-heading-1\" href=\"https:\/\/www.monsiegeautobebe.fr\/de\/reise-siege-auf-der-ruckseite-der-strase\/#Pourquoi_Voyager_dans_un_Siege_Auto_Dos_a_la_Route\" >Warum sollte man in einem r\u00fcckw\u00e4rtsgerichteten Autositz reisen?<\/a><ul class='ez-toc-list-level-3' ><li class='ez-toc-heading-level-3'><a class=\"ez-toc-link ez-toc-heading-2\" href=\"https:\/\/www.monsiegeautobebe.fr\/de\/reise-siege-auf-der-ruckseite-der-strase\/#Quels_sont_les_Avantages_dun_Siege_Auto_Dos_a_la_Route\" >Was sind die Vorteile eines r\u00fcckw\u00e4rts gerichteten Autositzes?<\/a><\/li><\/ul><\/li><li class='ez-toc-page-1 ez-toc-heading-level-2'><a class=\"ez-toc-link ez-toc-heading-3\" href=\"https:\/\/www.monsiegeautobebe.fr\/de\/reise-siege-auf-der-ruckseite-der-strase\/#Que_Dit_la_Reglementation_sur_le_Dos_a_la_Route\" >Was sagen die Vorschriften \u00fcber das R\u00fcckenmark?<\/a><\/li><li class='ez-toc-page-1 ez-toc-heading-level-2'><a class=\"ez-toc-link ez-toc-heading-4\" href=\"https:\/\/www.monsiegeautobebe.fr\/de\/reise-siege-auf-der-ruckseite-der-strase\/#Pourquoi_Voyager_Dos_a_la_Route_Est-il_Plus_Sur\" >Warum ist es sicherer, mit dem R\u00fccken zur Fahrtrichtung zu reisen?<\/a><\/li><li class='ez-toc-page-1 ez-toc-heading-level-2'><a class=\"ez-toc-link ez-toc-heading-5\" href=\"https:\/\/www.monsiegeautobebe.fr\/de\/reise-siege-auf-der-ruckseite-der-strase\/#Les_Suedois_Pionniers_du_Dos_a_la_Route\" >Die Schweden, Pioniere des R\u00fcckens auf der Stra\u00dfe<\/a><\/li><li class='ez-toc-page-1 ez-toc-heading-level-2'><a class=\"ez-toc-link ez-toc-heading-6\" href=\"https:\/\/www.monsiegeautobebe.fr\/de\/reise-siege-auf-der-ruckseite-der-strase\/#A_Partir_de_Quel_Age_Passer_son_Enfant_Face_a_la_Route\" >Ab welchem Alter sollte man sein Kind mit Blick auf die Stra\u00dfe fahren lassen?<\/a><\/li><li class='ez-toc-page-1 ez-toc-heading-level-2'><a class=\"ez-toc-link ez-toc-heading-7\" href=\"https:\/\/www.monsiegeautobebe.fr\/de\/reise-siege-auf-der-ruckseite-der-strase\/#Jusqua_Quel_Age_Peut_On_Garder_son_Enfant_Dos_a_la_Route\" >Wie alt darf man sein Kind mit dem R\u00fccken zur Fahrtrichtung halten?<\/a><\/li><li class='ez-toc-page-1 ez-toc-heading-level-2'><a class=\"ez-toc-link ez-toc-heading-8\" href=\"https:\/\/www.monsiegeautobebe.fr\/de\/reise-siege-auf-der-ruckseite-der-strase\/#Les_Idees_Recues_sur_le_Dos_a_la_Route\" >Mythen \u00dcber R\u00fcckw\u00e4rtsgerichtete Kindersitze<\/a><\/li><li class='ez-toc-page-1 ez-toc-heading-level-2'><a class=\"ez-toc-link ez-toc-heading-9\" href=\"https:\/\/www.monsiegeautobebe.fr\/de\/reise-siege-auf-der-ruckseite-der-strase\/#Comment_Choisir_un_Siege_Auto_Dos_a_la_Route\" >Wie w\u00e4hlt man einen r\u00fcckw\u00e4rts gerichteten Autositz?<\/a><ul class='ez-toc-list-level-3' ><li class='ez-toc-heading-level-3'><a class=\"ez-toc-link ez-toc-heading-10\" href=\"https:\/\/www.monsiegeautobebe.fr\/de\/reise-siege-auf-der-ruckseite-der-strase\/#Tableau_Comparatif_des_Meilleurs_Sieges_Dos_a_la_Route\" >Vergleichstabelle der besten r\u00fcckw\u00e4rtsgerichteten Sitze<\/a><\/li><\/ul><\/li><\/ul><\/nav><\/div>\n<h2><span class=\"ez-toc-section\" id=\"Pourquoi_Voyager_dans_un_Siege_Auto_Dos_a_la_Route\"><\/span>Warum sollte man in einem r\u00fcckw\u00e4rtsgerichteten Autositz reisen?<span class=\"ez-toc-section-end\"><\/span><\/h2>\n<p>Um die absolute Notwendigkeit zu verstehen, Neugeborene und Kleinkinder im Auto mit dem R\u00fccken zur Stra\u00dfe zu platzieren, muss man sich Folgendes vor Augen halten <strong><a href=\"https:\/\/www.ncbi.nlm.nih.gov\/pmc\/articles\/PMC3400202\/\" target=\"_blank\" rel=\"noopener noreferrer\">die Anatomie eines Babys unterscheidet sich stark von der eines Erwachsenen.<\/a><\/strong> W\u00e4hrend die <strong>Kopf eines Erwachsenen<\/strong> stellt nur <strong>6% etwa seines Gesamtgewichts<\/strong>die eines <strong>Neugeborenes<\/strong> steht f\u00fcr fast <strong>25% seines Gesamtgewichts<\/strong>. Da der Kopf eines Kindes <strong>proportional schwerer<\/strong> als der Rest ihres K\u00f6rpers, sind Kinder besonders <strong>bei einem Unfall gef\u00e4hrdet sind<\/strong> obwohl ihre Hals- und Nackenmuskulatur noch nicht voll entwickelt ist.<\/p>\n<figure id=\"attachment_606\" aria-describedby=\"caption-attachment-606\" style=\"width: 600px\" class=\"wp-caption aligncenter\"><a href=\"https:\/\/monsiegeautobebe.fr\/wp-content\/uploads\/2019\/02\/poids-taille-tete-bebe-siege-auto.jpg\"><img decoding=\"async\" class=\"size-full wp-image-606\" src=\"https:\/\/monsiegeautobebe.fr\/wp-content\/uploads\/2019\/02\/poids-taille-tete-bebe-siege-auto.jpg\" alt=\"R\u00fcckw\u00e4rts gerichteter Autositz f\u00fcr Babys\" width=\"600\" height=\"422\" srcset=\"https:\/\/www.monsiegeautobebe.fr\/wp-content\/uploads\/2019\/02\/poids-taille-tete-bebe-siege-auto.jpg 1190w, https:\/\/www.monsiegeautobebe.fr\/wp-content\/uploads\/2019\/02\/poids-taille-tete-bebe-siege-auto-600x422.jpg 600w, https:\/\/www.monsiegeautobebe.fr\/wp-content\/uploads\/2019\/02\/poids-taille-tete-bebe-siege-auto-300x211.jpg 300w, https:\/\/www.monsiegeautobebe.fr\/wp-content\/uploads\/2019\/02\/poids-taille-tete-bebe-siege-auto-768x540.jpg 768w, https:\/\/www.monsiegeautobebe.fr\/wp-content\/uploads\/2019\/02\/poids-taille-tete-bebe-siege-auto-1024x719.jpg 1024w\" sizes=\"(max-width: 600px) 100vw, 600px\" \/><\/a><figcaption id=\"caption-attachment-606\" class=\"wp-caption-text\">Proportionen des menschlichen K\u00f6rpers in verschiedenen Altersstufen<\/figcaption><\/figure>\n<p><strong>Die Halswirbel von Kleinkindern sind sehr empfindlich<\/strong> aufgrund der Unreife dieses gesamten Bereichs. Der Knorpel wandelt sich langsam in Knochen um, w\u00e4hrend <strong>die ersten vier Jahre<\/strong> des Lebens eines Babys. Dieser Prozess der Knochenverh\u00e4rtung, genannt <strong>Verkn\u00f6cherung<\/strong>Diese Entwicklung setzt sich bis zur Pubert\u00e4t fort. Die Muskeln und B\u00e4nder des Halses entwickeln sich auf \u00e4hnliche Weise. Im Laufe der Jahre ver\u00e4ndern die Halswirbel allm\u00e4hlich ihre Form, wodurch sie ebenfalls viel st\u00e4rker werden.<br \/>\n<div id=\"tablepress-35-scroll-wrapper\" class=\"tablepress-scroll-wrapper\">\n\n<table id=\"tablepress-35\" class=\"tablepress tablepress-id-35 tablepress-responsive\">\n<thead>\n<tr class=\"row-1\">\n\t<td class=\"column-1\"><\/td><th class=\"column-2\">Gewicht des Kopfes<\/th><th class=\"column-3\">Gewicht des Kindes<\/th><th class=\"column-4\">Verh\u00e4ltnis<\/th>\n<\/tr>\n<\/thead>\n<tbody class=\"row-striping row-hover\">\n<tr class=\"row-2\">\n\t<td class=\"column-1\">Neugeborenes<\/td><td class=\"column-2\">0,7 kg<\/td><td class=\"column-3\">3,4 kg<\/td><td class=\"column-4\">21%<\/td>\n<\/tr>\n<tr class=\"row-3\">\n\t<td class=\"column-1\">9 Monate<\/td><td class=\"column-2\">2,2 kg<\/td><td class=\"column-3\">9 kg<\/td><td class=\"column-4\">24%<\/td>\n<\/tr>\n<tr class=\"row-4\">\n\t<td class=\"column-1\">18 Monate<\/td><td class=\"column-2\">2,7 kg<\/td><td class=\"column-3\">11 kg<\/td><td class=\"column-4\">25%<\/td>\n<\/tr>\n<tr class=\"row-5\">\n\t<td class=\"column-1\">3 Jahre<\/td><td class=\"column-2\">2,7 kg<\/td><td class=\"column-3\">15 kg<\/td><td class=\"column-4\">18%<\/td>\n<\/tr>\n<tr class=\"row-6\">\n\t<td class=\"column-1\">6 Jahre<\/td><td class=\"column-2\">3,5 kg<\/td><td class=\"column-3\">22 kg<\/td><td class=\"column-4\">16%<\/td>\n<\/tr>\n<tr class=\"row-7\">\n\t<td class=\"column-1\">10 Jahre<\/td><td class=\"column-2\">3,6 kg<\/td><td class=\"column-3\">32 kg<\/td><td class=\"column-4\">11%<\/td>\n<\/tr>\n<\/tbody>\n<\/table>\n\n<\/div><!-- #tablepress-35 from cache -->\n<p>Wenn Ihr Kind zu fr\u00fch in eine <strong>vorw\u00e4rts gerichteter Autositz<\/strong>Bei einem Frontalaufprall ist der K\u00f6rper des Betroffenen durch das Gurtzeug oder das Schutzschild gut gesichert, <strong>sein Kopf wird heftig nach vorne geschleudert<\/strong>. Die Belastung f\u00fcr seinen noch nicht voll entwickelten Hals, Nacken und die Wirbels\u00e4ule ist extrem hoch und kann zu folgenden Problemen f\u00fchren <strong>schwere Verletzungen<\/strong>. Umgekehrt, <strong>indem du mit dem R\u00fccken zur Stra\u00dfe reist<\/strong>Wenn Sie Ihr Kind in den Kindersitz setzen, reduzieren Sie die Belastung f\u00fcr die empfindlichen K\u00f6rperteile des Kindes erheblich. Bei einem Aufprall wird das Kind gegen die R\u00fcckenlehne des Sitzes gepresst und das Kind wird in den Sitz gedr\u00fcckt.<strong>Die Energie des Aufpralls wird dann auf den gesamten R\u00fccken verteilt.<\/strong>. Die Schale des Kinderautositzes wirkt wie ein Schutzschild, indem sie den Gro\u00dfteil der beim Aufprall auftretenden Kr\u00e4fte absorbiert.<\/p>\n<hr class=\"separator\" \/>\n<em>Im Jahr 2018 machten Frontalkollisionen 40% der t\u00f6dlichen Unf\u00e4lle in Frankreich aus (vgl. <a href=\"https:\/\/www.onisr.securite-routiere.interieur.gouv.fr\/etat-de-l-insecurite-routiere?field_theme_target_id=638\" target=\"_blank\" rel=\"noopener noreferrer\">Jahresbilanz der Nationalen Interministeriellen Beobachtungsstelle f\u00fcr Stra\u00dfenverkehrssicherheit (L'Observatoire National Interminist\u00e9riel de la S\u00e9curit\u00e9 Routi\u00e8re)<\/a> (ONISR))<\/em><br \/>\n<hr class=\"separator\" \/>\n<p><iframe title=\"VERGLEICH R\u00dcCKW\u00c4RTS GERICHTETER AUTOSITZ VS. R\u00dcCKW\u00c4RTSGERICHTET\" width=\"788\" height=\"443\" src=\"https:\/\/www.youtube.com\/embed\/n8iFQOSNiWI?feature=oembed\" frameborder=\"0\" allow=\"accelerometer; autoplay; clipboard-write; encrypted-media; gyroscope; picture-in-picture; web-share\" allowfullscreen><\/iframe><\/p>\n<h3><span class=\"ez-toc-section\" id=\"Quels_sont_les_Avantages_dun_Siege_Auto_Dos_a_la_Route\"><\/span>Was sind die Vorteile eines r\u00fcckw\u00e4rts gerichteten Autositzes?<span class=\"ez-toc-section-end\"><\/span><\/h3>\n<ul>\n<li><strong>H\u00e4lt den Kopf des Kindes fest<\/strong> in einer angemessenen Position, die das Risiko schwerer Verletzungen des Halses und der Wirbels\u00e4ule verringert.<\/li>\n<li>Biete eine <strong>Schutz vor Tr\u00fcmmern<\/strong>.<\/li>\n<li><strong>Verhindert, dass der Kopf<\/strong> gegen das Fenster, die Karosserie oder den Vordersitz des Fahrzeugs zu sto\u00dfen.<\/li>\n<li>Die Energie des Sto\u00dfes ist <strong>von der Schale absorbiert<\/strong> des Sitzes.<\/li>\n<\/ul>\n<p>Verschiedene Studien der letzten Jahre haben gezeigt, dass <strong>das Risiko von Tod oder schweren Verletzungen<\/strong> bei einer Kollision betrug ca. <strong>5-mal niedriger f\u00fcr Kinder, die mit dem R\u00fccken zur Fahrtrichtung reisen<\/strong>. <a href=\"https:\/\/pediatrics.aappublications.org\/content\/121\/3\/619\" target=\"_blank\" rel=\"noopener noreferrer\">In einer 2008 ver\u00f6ffentlichten Studie hat die American Academy of Pediatrics (AAP)<\/a> sch\u00e4tzte, dass Kinder unter zwei Jahren hatten <strong>75% weniger Risiko, zu sterben oder schwer verletzt zu werden<\/strong> in einen Unfall verwickelt, wenn sie mit dem R\u00fccken zur Fahrtrichtung reisen. Dies ist einer der Gr\u00fcnde, warum die franz\u00f6sische und europ\u00e4ische Gesetzgebung seit einigen Jahren vorschreibt, dass Kinder mit dem R\u00fccken zur Fahrtrichtung sitzen m\u00fcssen <strong>bis zum Alter von 15 Monaten oder bis zu einem Gewicht von mindestens 9 kg<\/strong>.<\/p>\n<p><center><a href=\"https:\/\/www.monsiegeautobebe.fr\/de\/bester-kindersitz-ruckwarts\/\" class=\"sc-button sc-button-default\"><span>SIEHE LISTE DER BESTEN R\u00dcCKW\u00c4RTS GERICHTETEN AUTOSITZE<\/span><\/a><\/center><\/p>\n<h2><span class=\"ez-toc-section\" id=\"Que_Dit_la_Reglementation_sur_le_Dos_a_la_Route\"><\/span>Was sagen die Vorschriften \u00fcber das R\u00fcckenmark?<span class=\"ez-toc-section-end\"><\/span><\/h2>\n<p><a href=\"https:\/\/monsiegeautobebe.fr\/wp-content\/uploads\/2025\/07\/maxi-cosi-pebble-pro-installation-voiture.jpg\"><img decoding=\"async\" class=\"alignleft size-medium wp-image-1382\" src=\"https:\/\/monsiegeautobebe.fr\/wp-content\/uploads\/2019\/10\/maxi-cosi-pebble-pro-installation-voiture-300x200.jpg\" alt=\"Die Babyschale B\u00e9b\u00e9 Confort Pebble Pro i-Size und ihre Basisstation 3wayFix\" width=\"300\" height=\"225\" \/><\/a>Um unsere Kinder immer besser zu sch\u00fctzen, \u00e4ndert und entwickelt sich die Gesetzgebung st\u00e4ndig weiter. In Frankreich existieren derzeit zwei Regelungen nebeneinander. Die \u00e4ltere, <strong>die Regelung R44\/04<\/strong>Der Gesetzgeber schreibt vor, dass Eltern Kinder bis zu einem Gewicht von 9 kg gegen die Fahrtrichtung in den Kindersitz setzen m\u00fcssen. <a href=\"https:\/\/www.monsiegeautobebe.fr\/de\/reglementation-i-size-siege-auto-bebe\/\">Die neue i-Size-Regelung<\/a>In der Kategorie \"Kindersitze\" werden Autositze nun nach folgenden Kriterien gruppiert <strong>die Gr\u00f6\u00dfe des Kindes<\/strong>Kinder m\u00fcssen mit dem R\u00fccken zur Fahrtrichtung reisen. <strong>bis zum Alter von mindestens 15 Monaten<\/strong>. Sobald Sie mit einem <strong>i-Size-zugelassener Autositz<\/strong>Mit dem Inkrafttreten des neuen Gesetzes wird es zur PFLICHT, Ihr Kind bis zum Alter von mindestens 15 Monaten mit dem R\u00fccken zur Fahrtrichtung sitzen zu lassen. Beachten Sie jedoch, dass es sich hierbei um eine Mindestpflicht handelt. In der Praxis hindert Sie nichts daran <strong>Ihr Kind so lange wie m\u00f6glich mit dem R\u00fccken zur Stra\u00dfe stehen lassen<\/strong> solange Ihr Sitzplatz dies zul\u00e4sst. Zahlreiche Studien, die zu diesem Thema durchgef\u00fchrt wurden, u. a. <a href=\"https:\/\/assets.volvocars.com\/~\/media\/ccs\/company\/vision\/research\/volvo_research_safety_for_the_growing_child_jakobsson_l_isaksson-hellman_i_2004_cologne.pdf\" target=\"_blank\" rel=\"noopener\">in Schweden von Volvo<\/a> und <a href=\"https:\/\/pediatrics.aappublications.org\/content\/142\/5\/e20182460\" target=\"_blank\" rel=\"noopener noreferrer\">in den USA von der American Academy of Pediatrics<\/a> <em>(Amerikanische Akademie f\u00fcr P\u00e4diatrie)<\/em>In einer Studie des American College of Technology (ACE) wird au\u00dferdem empfohlen, so lange wie m\u00f6glich mit dem R\u00fccken zur Fahrtrichtung zu bleiben.<\/p>\n<p><iframe title=\"Mit dem R\u00fccken zur Fahrtrichtung f\u00fcr maximale Sicherheit\" width=\"788\" height=\"443\" src=\"https:\/\/www.youtube.com\/embed\/DrMWx-GIFUU?feature=oembed\" frameborder=\"0\" allow=\"accelerometer; autoplay; clipboard-write; encrypted-media; gyroscope; picture-in-picture; web-share\" allowfullscreen><\/iframe><\/p>\n<h2><span class=\"ez-toc-section\" id=\"Pourquoi_Voyager_Dos_a_la_Route_Est-il_Plus_Sur\"><\/span>Warum ist es sicherer, mit dem R\u00fccken zur Fahrtrichtung zu reisen?<span class=\"ez-toc-section-end\"><\/span><\/h2>\n<p>In Zusammenarbeit mit Herstellern von Autositzen und Autoherstellern, <a href=\"https:\/\/www.vti.se\/en\/\" target=\"_blank\" rel=\"nofollow noopener noreferrer\">das VTI (Schwedisches Nationales Forschungsinstitut f\u00fcr Stra\u00dfen und Verkehr)<\/a>entwickelte <a href=\"https:\/\/www.monsiegeautobebe.fr\/de\/plus-test-suedois-pour-la-securite-des-sieges-auto-bebe\/\" target=\"_blank\" rel=\"noopener noreferrer\">ihre eigene Zertifizierung f\u00fcr Autositze namens Plus Test.<\/a> Diese Zertifizierung, zu der sich die Hersteller freiwillig entschlie\u00dfen, ihre Kindersitze einer Pr\u00fcfung zu unterziehen, erm\u00f6glicht Folgendes <strong>den Druck auf den Nacken und die Halswirbel des Kindes genau zu messen<\/strong> bei einem Zusammensto\u00df. W\u00e4hrend dieser Tests stellten die Ingenieure fest, dass der Druck auf den Nacken des Kindes <strong>reisend mit Blick auf die Stra\u00dfe<\/strong> betrug 1852 Newton, also eine <strong>Kraft, die 180 - 200 kg entspricht.<\/strong> Im Gegensatz dazu ist, wenn das Kind <strong>in einem r\u00fcckw\u00e4rts gerichteten Sitz sitzen,<\/strong> diese Kraft betr\u00e4gt nur noch 394 Newton <strong>oder 40 - 50 kg.<\/strong><\/p>\n<figure id=\"attachment_448\" aria-describedby=\"caption-attachment-448\" style=\"width: 545px\" class=\"wp-caption aligncenter\"><a href=\"https:\/\/monsiegeautobebe.fr\/wp-content\/uploads\/2019\/02\/siege-auto-plus-test-forces-mesurees.jpg\"><img loading=\"lazy\" decoding=\"async\" class=\"size-large wp-image-448\" src=\"https:\/\/monsiegeautobebe.fr\/wp-content\/uploads\/2019\/02\/siege-auto-plus-test-forces-mesurees-652x1024.jpg\" alt=\"Unterschied in der Kraft, die auf den Hals eines Kindes in einem r\u00fcckw\u00e4rts und vorw\u00e4rts gerichteten Sitz ausge\u00fcbt wird\" width=\"545\" height=\"853\" \/><\/a><figcaption id=\"caption-attachment-448\" class=\"wp-caption-text\">Kraftunterschied, gemessen am Hals eines Kindes in einem r\u00fcckw\u00e4rtsgerichteten (unten) und vorw\u00e4rtsgerichteten (oben) Autositz.<\/figcaption><\/figure>\n<p>Wenn Sie mit dem R\u00fccken zur Fahrtrichtung reisen, ist das Risiko <strong>eines Traumas oder einer schweren Verletzung<\/strong> wird erheblich reduziert. Mit anderen Worten, <strong>mit dem R\u00fccken zur Fahrtrichtung reisen ist f\u00fcnfmal sicherer<\/strong> f\u00fcr Ihre Kinder. In Frankreich gibt es etwa 20 Autositze, die diese Zertifizierung erhalten haben, eine vollst\u00e4ndige Liste finden Sie auf unserer Website. Es handelt sich ausnahmslos um Modelle, die ausschlie\u00dflich r\u00fcckw\u00e4rts gerichtet sind. Zum Vergleich, <a href=\"https:\/\/www.monsiegeautobebe.fr\/de\/adac-kindersitz-test-erklart\/\" target=\"_blank\" rel=\"noopener noreferrer\">die zweimal j\u00e4hrlich vom ADAC durchgef\u00fchrten Crashtests<\/a> ber\u00fccksichtigen diese Art von Messungen nicht in ihrem Bewertungssystem, was erkl\u00e4rt, warum einige Modelle mit Blick auf die Stra\u00dfe ebenfalls gut bewertet werden.<\/p>\n<p><center><a href=\"https:\/\/www.monsiegeautobebe.fr\/de\/bester-kindersitz-ruckwarts\/\" class=\"sc-button sc-button-default\"><span>DIE BESTEN R\u00dcCKW\u00c4RTSGERICHTETEN AUTOSITZE ANSEHEN<\/span><\/a><\/center><\/p>\n<h2><span class=\"ez-toc-section\" id=\"Les_Suedois_Pionniers_du_Dos_a_la_Route\"><\/span>Die Schweden, Pioniere des R\u00fcckens auf der Stra\u00dfe<span class=\"ez-toc-section-end\"><\/span><\/h2>\n<p>Trat bereits in den 1960er Jahren auf, <strong>die Annahme der R\u00fcckenlage<\/strong> ist eine der <strong>Hauptgr\u00fcnde<\/strong> bei denen Schweden heute eines der fortschrittlichsten L\u00e4nder der Welt ist <strong>in Bezug auf die Sicherheit von Kindern<\/strong> in einem Auto zu fahren. Die Ingenieure von Volvo lie\u00dfen sich von den Astronauten inspirieren, die sich entgegengesetzt zur Fahrtrichtung hielten, um die Auswirkungen der Beschleunigung zu kompensieren, <strong>die ersten Prototypen von Autositzen<\/strong> die mit dem R\u00fccken zur Fahrtrichtung positioniert waren. Drei Jahre sp\u00e4ter <strong>Klippan<\/strong> vermarktete die ersten Modelle von r\u00fcckw\u00e4rts gerichteten Sitzen.<\/p>\n<figure id=\"attachment_2268\" aria-describedby=\"caption-attachment-2268\" style=\"width: 475px\" class=\"wp-caption aligncenter\"><a href=\"https:\/\/monsiegeautobebe.fr\/wp-content\/uploads\/2020\/01\/siege-dos-route-suede-1965.jpg\"><img loading=\"lazy\" decoding=\"async\" class=\"size-full wp-image-2268\" src=\"https:\/\/monsiegeautobebe.fr\/wp-content\/uploads\/2020\/01\/siege-dos-route-suede-1965.jpg\" alt=\"Erste r\u00fcckw\u00e4rtsgerichtete Autositze in Schweden\" width=\"475\" height=\"464\" srcset=\"https:\/\/www.monsiegeautobebe.fr\/wp-content\/uploads\/2020\/01\/siege-dos-route-suede-1965.jpg 950w, https:\/\/www.monsiegeautobebe.fr\/wp-content\/uploads\/2020\/01\/siege-dos-route-suede-1965-600x585.jpg 600w, https:\/\/www.monsiegeautobebe.fr\/wp-content\/uploads\/2020\/01\/siege-dos-route-suede-1965-300x293.jpg 300w, https:\/\/www.monsiegeautobebe.fr\/wp-content\/uploads\/2020\/01\/siege-dos-route-suede-1965-768x749.jpg 768w\" sizes=\"(max-width: 475px) 100vw, 475px\" \/><\/a><figcaption id=\"caption-attachment-2268\" class=\"wp-caption-text\">Die ersten r\u00fcckw\u00e4rts gerichteten Autositze erschienen in den 1965er Jahren.<\/figcaption><\/figure>\n<p><strong>Die r\u00fcckw\u00e4rtsgerichtete Position<\/strong> ist in Schweden eine feste Gewohnheit, wo Kinder bis zum Alter von vier oder f\u00fcnf Jahren gew\u00f6hnlich in dieser Position reisen. <a href=\"https:\/\/trid.trb.org\/view.aspx?id=635470\" target=\"_blank\" rel=\"noopener\">Die Analyse von fast 25.000 Unf\u00e4llen, die sich zwischen 1976 und 1996 in Schweden ereigneten<\/a> zeigt, dass dank der allgemeinen Verbreitung des R\u00fcckens, <strong>die Sterblichkeitsrate von Kindern<\/strong> bei Verkehrsunf\u00e4llen ist dort <strong>nahe Null.<\/strong><\/p>\n<h2><span class=\"ez-toc-section\" id=\"A_Partir_de_Quel_Age_Passer_son_Enfant_Face_a_la_Route\"><\/span>Ab welchem Alter sollte man sein Kind mit Blick auf die Stra\u00dfe fahren lassen?<span class=\"ez-toc-section-end\"><\/span><\/h2>\n<p>Obwohl es nicht empfohlen wird, k\u00f6nnen Sie Ihr Kind rechtm\u00e4\u00dfig mit dem Gesicht nach vorn auf die Stra\u00dfe setzen, sobald <strong>Im Alter von 15 Monaten oder ab einem Gewicht von 9 kg<\/strong>Die H\u00f6he der Beitr\u00e4ge richtet sich nach den Vorschriften Ihres Sitzes. Die <a href=\"https:\/\/www.monsiegeautobebe.fr\/de\/beste-babyschale\/\">Baby-Cosy<\/a>muss immer installiert werden. <strong>mit dem R\u00fccken zur Stra\u00dfe<\/strong> sowohl auf der R\u00fcckbank des Fahrzeugs als auch auf dem Beifahrersitz, wobei darauf zu achten ist, dass der Airbag ausgeschaltet ist. Was die Autositze f\u00fcr das zweite Lebensalter betrifft, bieten die Hersteller sowohl <strong>der <a href=\"https:\/\/www.monsiegeautobebe.fr\/de\/bester-kindersitz-ruckwarts\/\">r\u00fcckw\u00e4rtsgerichtete Autositze<\/a> als gegen\u00fcber der Stra\u00dfe.<\/strong> Die <a href=\"https:\/\/www.monsiegeautobebe.fr\/de\/bester-kindersitz-drehbar\/\">drehbare Autositze<\/a> die beliebtesten wie das <a href=\"https:\/\/www.monsiegeautobebe.fr\/de\/comparatif-siege-auto-pivotant-bebe-confort-axissfix\/\" target=\"_blank\" rel=\"noopener noreferrer\">B\u00e9b\u00e9 Confort AxissFix i-Size<\/a> oder das <a href=\"https:\/\/www.monsiegeautobebe.fr\/de\/comparatif-sieges-auto-bebe-cybex-sirona\/\" target=\"_blank\" rel=\"noopener noreferrer\">Cybex Sirona i-Size<\/a> bieten <strong>beide Positionen gleichzeitig.<\/strong><\/p>\n<h2><span class=\"ez-toc-section\" id=\"Jusqua_Quel_Age_Peut_On_Garder_son_Enfant_Dos_a_la_Route\"><\/span>Wie alt darf man sein Kind mit dem R\u00fccken zur Fahrtrichtung halten?<span class=\"ez-toc-section-end\"><\/span><\/h2>\n<p>Man findet nun <strong>zahlreiche Autositze<\/strong> die es erm\u00f6glichen, dass <strong>Ihr Kind, mit dem R\u00fccken zur Stra\u00dfe zu stehen<\/strong> so lange wie m\u00f6glich zu halten. Die meisten Sitze erm\u00f6glichen es, Ihr Kind r\u00fcckw\u00e4rtsgerichtet zu platzieren. <strong>bis zum Alter von etwa vier Jahren.<\/strong> Je nach dem K\u00f6rperbau Ihres Kindes k\u00f6nnen einige Modelle jedoch dar\u00fcber hinausgehen und das Kind bis zum Alter von 5 oder 6 Jahren begleiten. Im Einzelnen k\u00f6nnen Sie <strong>Ihr Kind mit dem R\u00fccken zur Fahrtrichtung reisen<\/strong> legal <strong>bis zu 105 cm oder 125 cm<\/strong> wenn Ihr Sitz der Vorschrift R129 entspricht <em>(i-Size)<\/em> oder <strong>bis zu einem Gewicht von 18 oder 25 kg<\/strong> wenn Ihr Sitz der Vorschrift R44\/04 entspricht.<\/p>\n<h2><span class=\"ez-toc-section\" id=\"Les_Idees_Recues_sur_le_Dos_a_la_Route\"><\/span>Mythen \u00dcber R\u00fcckw\u00e4rtsgerichtete Kindersitze<span class=\"ez-toc-section-end\"><\/span><\/h2>\n<p>Trotz <strong>enorme Sicherheitsvorteile<\/strong> Einige Eltern entscheiden sich jedoch aus verschiedenen Gr\u00fcnden daf\u00fcr, ihre Kinder schon fr\u00fch mit dem R\u00fccken zur Fahrtrichtung zu bef\u00f6rdern:<\/p>\n<ul>\n<li><strong>Position der Beine<\/strong> unbequem<\/li>\n<li><strong>Gro\u00df genug<\/strong> um der Stra\u00dfe gegen\u00fcber zu stehen<\/li>\n<li>Kind <strong>krank im Auto<\/strong><\/li>\n<li>Feld von <strong>begrenzte Sicht<\/strong><\/li>\n<li><strong>Weinen<\/strong> wenn er mit dem R\u00fccken zur Fahrtrichtung sitzt<\/li>\n<li>Welche Folgen <strong>bei einem Heckaufprall<\/strong><\/li>\n<li>Gegen die Fahrtrichtung gerichtete Sitze <strong>kosten viel Geld<\/strong><\/li>\n<li>Auto <strong>zu klein<\/strong><\/li>\n<\/ul>\n<p><strong>Der Mangel an Informationen<\/strong> \u00fcber die tats\u00e4chlichen Vorteile des R\u00fcckens, sondern auch <a href=\"https:\/\/www.monsiegeautobebe.fr\/de\/idees-recues-voyage-dos-route\/\">einige hartn\u00e4ckige Vorurteile<\/a> k\u00f6nnen diese Wahl erkl\u00e4ren. Dennoch gibt es eigentlich nur <strong>keine Gegenanzeigen<\/strong> der Sie davon abh\u00e4lt <strong>Ihre Kinder mit dem R\u00fccken zur Fahrtrichtung reisen lassen<\/strong>Im Gegenteil.<\/p>\n<h2><span class=\"ez-toc-section\" id=\"Comment_Choisir_un_Siege_Auto_Dos_a_la_Route\"><\/span>Wie w\u00e4hlt man einen r\u00fcckw\u00e4rts gerichteten Autositz?<span class=\"ez-toc-section-end\"><\/span><\/h2>\n<p>Wie Sie vielleicht schon bemerkt haben, bietet das Hinsetzen Ihres Kindes mit dem R\u00fccken zur Stra\u00dfe <strong>ein viel besseres Schutzniveau<\/strong> im Bereich des Kopfes, des Halses und der Wirbels\u00e4ule der Kleinsten. Seit einigen Jahren haben die Hersteller diese Herausforderung erkannt. Aus diesem Grund bieten sie zahlreiche Modelle an, die Folgendes erm\u00f6glichen <strong>sein Kind bequem gegen die Fahrtrichtung zu setzen<\/strong> bis zum Alter von 4 Jahren f\u00fcr <strong>ein H\u00f6chstma\u00df an Sicherheit<\/strong> im Auto zu fahren. Um Ihnen bei der Wahl Ihres Modells zu helfen, <a href=\"https:\/\/www.monsiegeautobebe.fr\/de\/kindersitzberatung\/\">denken Sie an unsere Kaufberatung speziell f\u00fcr Autositze<\/a>.<\/p>\n<h3><span class=\"ez-toc-section\" id=\"Tableau_Comparatif_des_Meilleurs_Sieges_Dos_a_la_Route\"><\/span>Vergleichstabelle der besten r\u00fcckw\u00e4rtsgerichteten Sitze<span class=\"ez-toc-section-end\"><\/span><\/h3>\n<div id=\"tablepress-36-scroll-wrapper\" class=\"tablepress-scroll-wrapper\">\n\n<table id=\"tablepress-36\" class=\"tablepress tablepress-id-36 tablepress-responsive\">\n<thead>\n<tr class=\"row-1\">\n\t<td class=\"column-1\"><\/td><th class=\"column-2\">Standard<\/th><th class=\"column-3\">Gr\u00f6\u00dfe<\/th><th class=\"column-4\">Getriebe<\/th><th class=\"column-5\">R\u00fccken Route<\/th><th class=\"column-6\">Seite Stra\u00dfe<\/th><th class=\"column-7\">Befestigung<\/th><th class=\"column-8\">Drehbar<\/th><th class=\"column-9\">Hinweis<br \/>\nADAC<\/th><th class=\"column-10\">Tarif<\/th>\n<\/tr>\n<\/thead>\n<tbody class=\"row-striping row-hover\">\n<tr class=\"row-2\">\n\t<td class=\"column-1\"><center><a href=\"https:\/\/monsiegeautobebe.fr\/wp-content\/uploads\/2019\/11\/siege-auto-axkid-minikid-dos-route.jpg\"><img loading=\"lazy\" decoding=\"async\" src=\"https:\/\/monsiegeautobebe.fr\/wp-content\/uploads\/2019\/11\/siege-auto-axkid-minikid-dos-route-150x150.jpg\" alt=\"Axkid Minikid-Autositz\" width=\"70\" height=\"70\" class=\"aligncenter size-thumbnail wp-image-1831\" srcset=\"https:\/\/www.monsiegeautobebe.fr\/wp-content\/uploads\/2019\/11\/siege-auto-axkid-minikid-dos-route-150x150.jpg 150w, https:\/\/www.monsiegeautobebe.fr\/wp-content\/uploads\/2019\/11\/siege-auto-axkid-minikid-dos-route-300x300.jpg 300w, https:\/\/www.monsiegeautobebe.fr\/wp-content\/uploads\/2019\/11\/siege-auto-axkid-minikid-dos-route-336x336.jpg 336w, https:\/\/www.monsiegeautobebe.fr\/wp-content\/uploads\/2019\/11\/siege-auto-axkid-minikid-dos-route-600x600.jpg 600w, https:\/\/www.monsiegeautobebe.fr\/wp-content\/uploads\/2019\/11\/siege-auto-axkid-minikid-dos-route-768x768.jpg 768w, https:\/\/www.monsiegeautobebe.fr\/wp-content\/uploads\/2019\/11\/siege-auto-axkid-minikid-dos-route.jpg 1000w\" sizes=\"(max-width: 70px) 100vw, 70px\" \/>Axkid<br \/>\nMinikid<\/a><\/center><\/td><td class=\"column-2\">R44\/04<\/td><td class=\"column-3\">Gruppe 0+\/1\/2<br \/>\n0 - 25 kg<\/td><td class=\"column-4\"><center><img loading=\"lazy\" decoding=\"async\" src=\"https:\/\/monsiegeautobebe.fr\/wp-content\/uploads\/2019\/03\/icon-yes.png\" alt=\"\" width=\"16\" height=\"16\" class=\"aligncenter size-full wp-image-693\" \/><\/center><\/td><td class=\"column-5\"><center><img loading=\"lazy\" decoding=\"async\" src=\"https:\/\/monsiegeautobebe.fr\/wp-content\/uploads\/2019\/03\/icon-yes.png\" alt=\"\" width=\"16\" height=\"16\" class=\"aligncenter size-full wp-image-693\" \/><\/center><\/td><td class=\"column-6\"><center><img loading=\"lazy\" decoding=\"async\" src=\"https:\/\/monsiegeautobebe.fr\/wp-content\/uploads\/2019\/03\/icon-no.png\" alt=\"\" width=\"16\" height=\"16\" class=\"aligncenter size-full wp-image-693\" \/><\/td><td class=\"column-7\">H\u00fcftgurt mit Strebe und Tether Straps<\/td><td class=\"column-8\"><center><img loading=\"lazy\" decoding=\"async\" src=\"https:\/\/monsiegeautobebe.fr\/wp-content\/uploads\/2019\/03\/icon-no.png\" alt=\"\" width=\"16\" height=\"16\" class=\"aligncenter size-full wp-image-693\" \/><\/td><td class=\"column-9\">Mehr Test<\/td><td class=\"column-10\"><a href=\"https:\/\/action.metaffiliation.com\/trk.php?mclic=P4F9AB571995171&amp;redir=https%3A%2F%2Fwww.allobebe.fr%2Fsiege-auto-minikid-G4277-1.html\" class=\"sc-button sc-button-default\" target=\"_blank\" rel=\"noopener\"><span>PREISE SICHTEN<\/span><\/a><\/td>\n<\/tr>\n<tr class=\"row-3\">\n\t<td class=\"column-1\"><center><a href=\"https:\/\/monsiegeautobebe.fr\/wp-content\/uploads\/2019\/11\/siege-auto-axkid-move-woolmax.jpg\"><img loading=\"lazy\" decoding=\"async\" src=\"https:\/\/monsiegeautobebe.fr\/wp-content\/uploads\/2019\/11\/siege-auto-axkid-move-woolmax-150x150.jpg\" alt=\"Axkid Move\/Wolmax Autositz\" width=\"70\" height=\"70\" class=\"aligncenter size-thumbnail wp-image-1829\" srcset=\"https:\/\/www.monsiegeautobebe.fr\/wp-content\/uploads\/2019\/11\/siege-auto-axkid-move-woolmax-150x150.jpg 150w, https:\/\/www.monsiegeautobebe.fr\/wp-content\/uploads\/2019\/11\/siege-auto-axkid-move-woolmax-300x300.jpg 300w, https:\/\/www.monsiegeautobebe.fr\/wp-content\/uploads\/2019\/11\/siege-auto-axkid-move-woolmax-336x336.jpg 336w, https:\/\/www.monsiegeautobebe.fr\/wp-content\/uploads\/2019\/11\/siege-auto-axkid-move-woolmax-600x600.jpg 600w, https:\/\/www.monsiegeautobebe.fr\/wp-content\/uploads\/2019\/11\/siege-auto-axkid-move-woolmax-768x768.jpg 768w, https:\/\/www.monsiegeautobebe.fr\/wp-content\/uploads\/2019\/11\/siege-auto-axkid-move-woolmax.jpg 1000w\" sizes=\"(max-width: 70px) 100vw, 70px\" \/>Axkid<br \/>\nWolmax\/Move<\/a><\/center><\/td><td class=\"column-2\">R44\/04<\/td><td class=\"column-3\">Gruppe 1\/2<br \/>\n9 - 25 kg<\/td><td class=\"column-4\"><center><img loading=\"lazy\" decoding=\"async\" src=\"https:\/\/monsiegeautobebe.fr\/wp-content\/uploads\/2019\/03\/icon-no.png\" alt=\"\" width=\"16\" height=\"16\" class=\"aligncenter size-full wp-image-693\" \/><\/td><td class=\"column-5\"><center><img loading=\"lazy\" decoding=\"async\" src=\"https:\/\/monsiegeautobebe.fr\/wp-content\/uploads\/2019\/03\/icon-yes.png\" alt=\"\" width=\"16\" height=\"16\" class=\"aligncenter size-full wp-image-693\" \/><\/center><\/td><td class=\"column-6\"><center><img loading=\"lazy\" decoding=\"async\" src=\"https:\/\/monsiegeautobebe.fr\/wp-content\/uploads\/2019\/03\/icon-no.png\" alt=\"\" width=\"16\" height=\"16\" class=\"aligncenter size-full wp-image-693\" \/><\/td><td class=\"column-7\">H\u00fcftgurt mit Strebe und Tether Straps<\/td><td class=\"column-8\"><center><img loading=\"lazy\" decoding=\"async\" src=\"https:\/\/monsiegeautobebe.fr\/wp-content\/uploads\/2019\/03\/icon-no.png\" alt=\"\" width=\"16\" height=\"16\" class=\"aligncenter size-full wp-image-693\" \/><\/td><td class=\"column-9\">Gut (3.8)<br \/>\nMehr Test<\/td><td class=\"column-10\"><a href=\"https:\/\/action.metaffiliation.com\/trk.php?mclic=P4F9AB571995171&amp;redir=https%3A%2F%2Fwww.allobebe.fr%2Fsiege-auto-move-noir-groupe-12-aXK032382183.html\" class=\"sc-button sc-button-default\" target=\"_blank\" rel=\"noopener\"><span>PREISE SICHTEN<\/span><\/a><\/td>\n<\/tr>\n<tr class=\"row-4\">\n\t<td class=\"column-1\"><center><a href=\"https:\/\/monsiegeautobebe.fr\/wp-content\/uploads\/2019\/10\/siege-auto-bebe-confort-axissfix-i-size.jpg\"><img loading=\"lazy\" decoding=\"async\" src=\"https:\/\/monsiegeautobebe.fr\/wp-content\/uploads\/2019\/10\/siege-auto-bebe-confort-axissfix-i-size-150x150.jpg\" alt=\"B\u00e9b\u00e9 Confort Kinderautositz AxissFix i-Size\" width=\"70\" height=\"70\" class=\"aligncenter size-thumbnail wp-image-1725\" srcset=\"https:\/\/www.monsiegeautobebe.fr\/wp-content\/uploads\/2019\/10\/siege-auto-bebe-confort-axissfix-i-size-150x150.jpg 150w, https:\/\/www.monsiegeautobebe.fr\/wp-content\/uploads\/2019\/10\/siege-auto-bebe-confort-axissfix-i-size-300x300.jpg 300w, https:\/\/www.monsiegeautobebe.fr\/wp-content\/uploads\/2019\/10\/siege-auto-bebe-confort-axissfix-i-size-336x336.jpg 336w, https:\/\/www.monsiegeautobebe.fr\/wp-content\/uploads\/2019\/10\/siege-auto-bebe-confort-axissfix-i-size-600x600.jpg 600w, https:\/\/www.monsiegeautobebe.fr\/wp-content\/uploads\/2019\/10\/siege-auto-bebe-confort-axissfix-i-size-768x768.jpg 768w, https:\/\/www.monsiegeautobebe.fr\/wp-content\/uploads\/2019\/10\/siege-auto-bebe-confort-axissfix-i-size.jpg 1000w\" sizes=\"(max-width: 70px) 100vw, 70px\" \/>Baby Komfort<br \/>\nAxissFix i-Size<\/a><\/center><\/td><td class=\"column-2\">i-Size (R129)<\/td><td class=\"column-3\">61 - 105 cm (max. 19 kg)<\/td><td class=\"column-4\"><center><img loading=\"lazy\" decoding=\"async\" src=\"https:\/\/monsiegeautobebe.fr\/wp-content\/uploads\/2019\/03\/icon-no.png\" alt=\"\" width=\"16\" height=\"16\" class=\"aligncenter size-full wp-image-693\" \/><\/center><\/td><td class=\"column-5\"><center><img loading=\"lazy\" decoding=\"async\" src=\"https:\/\/monsiegeautobebe.fr\/wp-content\/uploads\/2019\/03\/icon-yes.png\" alt=\"\" width=\"16\" height=\"16\" class=\"aligncenter size-full wp-image-693\" \/><\/center><\/td><td class=\"column-6\"><center><img loading=\"lazy\" decoding=\"async\" src=\"https:\/\/monsiegeautobebe.fr\/wp-content\/uploads\/2019\/03\/icon-yes.png\" alt=\"\" width=\"16\" height=\"16\" class=\"aligncenter size-full wp-image-693\" \/><\/center><\/td><td class=\"column-7\">ISOFIX mit Gurt <a href=\"https:\/\/www.monsiegeautobebe.fr\/de\/top-tether-kindersitz-befestigung\/\">Top Tether<\/a><\/td><td class=\"column-8\"><center><img loading=\"lazy\" decoding=\"async\" src=\"https:\/\/monsiegeautobebe.fr\/wp-content\/uploads\/2019\/03\/icon-yes.png\" alt=\"\" width=\"16\" height=\"16\" class=\"aligncenter size-full wp-image-693\" \/><\/center><\/td><td class=\"column-9\">Gut (2.2)<\/td><td class=\"column-10\"><a href=\"https:\/\/action.metaffiliation.com\/trk.php?mclic=P4F9AB571995171&amp;redir=https%3A%2F%2Fwww.allobebe.fr%2Fsiege-auto-axissfix-i-size-nomad-black-groupe-1-aBC032183835.html\" class=\"sc-button sc-button-default\" target=\"_blank\" rel=\"noopener\"><span>PREISE SICHTEN<\/span><\/a><\/td>\n<\/tr>\n<tr class=\"row-5\">\n\t<td class=\"column-1\"><center><a href=\"https:\/\/monsiegeautobebe.fr\/wp-content\/uploads\/2019\/10\/siege-auto-bebe-confort-axissfix-plus-i-size.jpg\"><img loading=\"lazy\" decoding=\"async\" src=\"https:\/\/monsiegeautobebe.fr\/wp-content\/uploads\/2019\/10\/siege-auto-bebe-confort-axissfix-plus-i-size-150x150.jpg\" alt=\"B\u00e9b\u00e9 Confort Kinderautositz AxissFix Plus i-Size\" width=\"70\" height=\"70\" class=\"aligncenter size-thumbnail wp-image-1704\" srcset=\"https:\/\/www.monsiegeautobebe.fr\/wp-content\/uploads\/2019\/10\/siege-auto-bebe-confort-axissfix-plus-i-size-150x150.jpg 150w, https:\/\/www.monsiegeautobebe.fr\/wp-content\/uploads\/2019\/10\/siege-auto-bebe-confort-axissfix-plus-i-size-300x300.jpg 300w, https:\/\/www.monsiegeautobebe.fr\/wp-content\/uploads\/2019\/10\/siege-auto-bebe-confort-axissfix-plus-i-size-336x336.jpg 336w, https:\/\/www.monsiegeautobebe.fr\/wp-content\/uploads\/2019\/10\/siege-auto-bebe-confort-axissfix-plus-i-size-600x600.jpg 600w, https:\/\/www.monsiegeautobebe.fr\/wp-content\/uploads\/2019\/10\/siege-auto-bebe-confort-axissfix-plus-i-size-768x768.jpg 768w, https:\/\/www.monsiegeautobebe.fr\/wp-content\/uploads\/2019\/10\/siege-auto-bebe-confort-axissfix-plus-i-size.jpg 1000w\" sizes=\"(max-width: 70px) 100vw, 70px\" \/>Baby Komfort<br \/>\nAxissFix Plus i-Size<\/a><\/center><\/td><td class=\"column-2\">i-Size (R129)<\/td><td class=\"column-3\">45 - 105 cm (max. 19 kg)<\/td><td class=\"column-4\"><center><img loading=\"lazy\" decoding=\"async\" src=\"https:\/\/monsiegeautobebe.fr\/wp-content\/uploads\/2019\/03\/icon-yes.png\" alt=\"\" width=\"16\" height=\"16\" class=\"aligncenter size-full wp-image-693\" \/><\/center><\/td><td class=\"column-5\"><center><img loading=\"lazy\" decoding=\"async\" src=\"https:\/\/monsiegeautobebe.fr\/wp-content\/uploads\/2019\/03\/icon-yes.png\" alt=\"\" width=\"16\" height=\"16\" class=\"aligncenter size-full wp-image-693\" \/><\/center><\/td><td class=\"column-6\"><center><img loading=\"lazy\" decoding=\"async\" src=\"https:\/\/monsiegeautobebe.fr\/wp-content\/uploads\/2019\/03\/icon-yes.png\" alt=\"\" width=\"16\" height=\"16\" class=\"aligncenter size-full wp-image-693\" \/><\/center><\/td><td class=\"column-7\">ISOFIX mit Top-Tether-Gurt<\/td><td class=\"column-8\"><center><img loading=\"lazy\" decoding=\"async\" src=\"https:\/\/monsiegeautobebe.fr\/wp-content\/uploads\/2019\/03\/icon-yes.png\" alt=\"\" width=\"16\" height=\"16\" class=\"aligncenter size-full wp-image-693\" \/><\/center><\/td><td class=\"column-9\">Gut (2.3)<\/td><td class=\"column-10\"><a href=\"https:\/\/www.awin1.com\/cread.php?awinmid=6968&amp;awinaffid=561535&amp;clickref=B%C3%A9b%C3%A9+Confort+AxissFix+Plus+i-Size&amp;p=%5B%5Bhttps%253A%252F%252Fwww.laredoute.fr%252Fppdp%252Fprod-514115921.aspx%5D%5D\" class=\"sc-button sc-button-default\" target=\"_blank\" rel=\"noopener\"><span>PREISE SICHTEN<\/span><\/a><\/td>\n<\/tr>\n<tr class=\"row-6\">\n\t<td class=\"column-1\"><center><a href=\"https:\/\/monsiegeautobebe.fr\/wp-content\/uploads\/2019\/10\/siege-auto-bebe-confort-axissfix-air-i-size.jpg\"><img loading=\"lazy\" decoding=\"async\" src=\"https:\/\/monsiegeautobebe.fr\/wp-content\/uploads\/2019\/10\/siege-auto-bebe-confort-axissfix-air-i-size-150x150.jpg\" alt=\"B\u00e9b\u00e9 Confort Kinderautositz AxissFix Air i-Size\" width=\"70\" height=\"70\" class=\"aligncenter size-thumbnail wp-image-1724\" srcset=\"https:\/\/www.monsiegeautobebe.fr\/wp-content\/uploads\/2019\/10\/siege-auto-bebe-confort-axissfix-air-i-size-150x150.jpg 150w, https:\/\/www.monsiegeautobebe.fr\/wp-content\/uploads\/2019\/10\/siege-auto-bebe-confort-axissfix-air-i-size-300x300.jpg 300w, https:\/\/www.monsiegeautobebe.fr\/wp-content\/uploads\/2019\/10\/siege-auto-bebe-confort-axissfix-air-i-size-336x336.jpg 336w, https:\/\/www.monsiegeautobebe.fr\/wp-content\/uploads\/2019\/10\/siege-auto-bebe-confort-axissfix-air-i-size-600x600.jpg 600w, https:\/\/www.monsiegeautobebe.fr\/wp-content\/uploads\/2019\/10\/siege-auto-bebe-confort-axissfix-air-i-size-768x768.jpg 768w, https:\/\/www.monsiegeautobebe.fr\/wp-content\/uploads\/2019\/10\/siege-auto-bebe-confort-axissfix-air-i-size.jpg 1000w\" sizes=\"(max-width: 70px) 100vw, 70px\" \/>Baby Komfort<br \/>\nAxissFix Air i-Size<\/a><\/center><\/td><td class=\"column-2\">i-Size (R129)<\/td><td class=\"column-3\">61 - 105 cm (max. 19 kg)<\/td><td class=\"column-4\"><center><img loading=\"lazy\" decoding=\"async\" src=\"https:\/\/monsiegeautobebe.fr\/wp-content\/uploads\/2019\/03\/icon-no.png\" alt=\"\" width=\"16\" height=\"16\" class=\"aligncenter size-full wp-image-693\" \/><\/center><\/td><td class=\"column-5\"><center><img loading=\"lazy\" decoding=\"async\" src=\"https:\/\/monsiegeautobebe.fr\/wp-content\/uploads\/2019\/03\/icon-yes.png\" alt=\"\" width=\"16\" height=\"16\" class=\"aligncenter size-full wp-image-693\" \/><\/center><\/td><td class=\"column-6\"><center><img loading=\"lazy\" decoding=\"async\" src=\"https:\/\/monsiegeautobebe.fr\/wp-content\/uploads\/2019\/03\/icon-yes.png\" alt=\"\" width=\"16\" height=\"16\" class=\"aligncenter size-full wp-image-693\" \/><\/center><\/td><td class=\"column-7\">ISOFIX mit Top-Tether-Gurt<\/td><td class=\"column-8\"><center><img loading=\"lazy\" decoding=\"async\" src=\"https:\/\/monsiegeautobebe.fr\/wp-content\/uploads\/2019\/03\/icon-yes.png\" alt=\"\" width=\"16\" height=\"16\" class=\"aligncenter size-full wp-image-693\" \/><\/center><\/td><td class=\"column-9\">Gut (2.2)<\/td><td class=\"column-10\"><a href=\"https:\/\/action.metaffiliation.com\/trk.php?mclic=P4F9AB571995171&amp;redir=https%3A%2F%2Fwww.allobebe.fr%2Fsiege-auto-axissfix-air-i-size-nomad-black-aBC032184047.html\" class=\"sc-button sc-button-default\" target=\"_blank\" rel=\"noopener\"><span>PREISE SICHTEN<\/span><\/a><\/td>\n<\/tr>\n<tr class=\"row-7\">\n\t<td class=\"column-1\"><center><a href=\"https:\/\/monsiegeautobebe.fr\/wp-content\/uploads\/2019\/10\/siege-auto-bebe-confort-pearl-pro-i-size.jpg\"><img loading=\"lazy\" decoding=\"async\" src=\"https:\/\/monsiegeautobebe.fr\/wp-content\/uploads\/2019\/10\/siege-auto-bebe-confort-pearl-pro-i-size-150x150.jpg\" alt=\"B\u00e9b\u00e9 Confort Kinderautositz Pearl Pro i-Size\" width=\"70\" height=\"70\" class=\"aligncenter size-thumbnail wp-image-1743\" srcset=\"https:\/\/www.monsiegeautobebe.fr\/wp-content\/uploads\/2019\/10\/siege-auto-bebe-confort-pearl-pro-i-size-150x150.jpg 150w, https:\/\/www.monsiegeautobebe.fr\/wp-content\/uploads\/2019\/10\/siege-auto-bebe-confort-pearl-pro-i-size-300x300.jpg 300w, https:\/\/www.monsiegeautobebe.fr\/wp-content\/uploads\/2019\/10\/siege-auto-bebe-confort-pearl-pro-i-size-336x336.jpg 336w, https:\/\/www.monsiegeautobebe.fr\/wp-content\/uploads\/2019\/10\/siege-auto-bebe-confort-pearl-pro-i-size-600x600.jpg 600w, https:\/\/www.monsiegeautobebe.fr\/wp-content\/uploads\/2019\/10\/siege-auto-bebe-confort-pearl-pro-i-size-768x768.jpg 768w, https:\/\/www.monsiegeautobebe.fr\/wp-content\/uploads\/2019\/10\/siege-auto-bebe-confort-pearl-pro-i-size.jpg 1000w\" sizes=\"(max-width: 70px) 100vw, 70px\" \/>Baby Komfort<br \/>\nPearl Pro i-Size<\/a><\/center><\/td><td class=\"column-2\">i-Size (R129)<\/td><td class=\"column-3\">67 - 105 cm (max. 18,5 kg)<\/td><td class=\"column-4\"><center><img loading=\"lazy\" decoding=\"async\" src=\"https:\/\/monsiegeautobebe.fr\/wp-content\/uploads\/2019\/03\/icon-no.png\" alt=\"\" width=\"16\" height=\"16\" class=\"aligncenter size-full wp-image-693\" \/><\/center><\/td><td class=\"column-5\"><center><img loading=\"lazy\" decoding=\"async\" src=\"https:\/\/monsiegeautobebe.fr\/wp-content\/uploads\/2019\/03\/icon-yes.png\" alt=\"\" width=\"16\" height=\"16\" class=\"aligncenter size-full wp-image-693\" \/><\/center><\/td><td class=\"column-6\"><center><img loading=\"lazy\" decoding=\"async\" src=\"https:\/\/monsiegeautobebe.fr\/wp-content\/uploads\/2019\/03\/icon-yes.png\" alt=\"\" width=\"16\" height=\"16\" class=\"aligncenter size-full wp-image-693\" \/><\/center><\/td><td class=\"column-7\"><a href=\"https:\/\/action.metaffiliation.com\/trk.php?mclic=P4F9AB571995171&amp;redir=https%3A%2F%2Fwww.allobebe.fr%2Fbase-2way-fix-aBC031030080.html\" rel=\"noopener nofollow noreferrer\" target=\"_blank\">Basis 2wayFix<\/a>, <a href=\"https:\/\/action.metaffiliation.com\/trk.php?mclic=P4F9AB571995171&amp;redir=https%3A%2F%2Fwww.allobebe.fr%2Fbase-3-wayfix-aBC031042010.html\" rel=\"noopener nofollow noreferrer\" target=\"_blank\">3wayFix<\/a> oder <a href=\"https:\/\/action.metaffiliation.com\/trk.php?mclic=P4F9AB571995171&amp;redir=https%3A%2F%2Fwww.allobebe.fr%2Fbase-family-fix-i-size-aBC031037122.html\" rel=\"noopener nofollow noreferrer\" target=\"_blank\">FamilyFix One<\/a> mit Strebe<\/td><td class=\"column-8\"><center><img loading=\"lazy\" decoding=\"async\" src=\"https:\/\/monsiegeautobebe.fr\/wp-content\/uploads\/2019\/03\/icon-no.png\" alt=\"\" width=\"16\" height=\"16\" class=\"aligncenter size-full wp-image-693\" \/><\/center><\/td><td class=\"column-9\">Gut (2.3) mit 3wayFix<\/td><td class=\"column-10\"><a href=\"https:\/\/action.metaffiliation.com\/trk.php?mclic=P4F9AB571995171&amp;redir=https%3A%2F%2Fwww.allobebe.fr%2Fsiege-auto-pearl-pro-i-size-nomad-black-groupe-1-aBC032141693.html\" class=\"sc-button sc-button-default\" target=\"_blank\" rel=\"noopener\"><span>PREISE SICHTEN<\/span><\/a><\/td>\n<\/tr>\n<tr class=\"row-8\">\n\t<td class=\"column-1\"><center><a href=\"https:\/\/monsiegeautobebe.fr\/wp-content\/uploads\/2019\/10\/siege-auto-bebe-confort-pearl-one-i-size.jpg\"><img loading=\"lazy\" decoding=\"async\" src=\"https:\/\/monsiegeautobebe.fr\/wp-content\/uploads\/2019\/10\/siege-auto-maxi-cosi-pearl-one-i-size-150x150.jpg\" alt=\"B\u00e9b\u00e9 Confort Kinderautositz Pearl One i-Size\" width=\"70\" height=\"70\" class=\"aligncenter size-thumbnail wp-image-1744\" \/>Baby Komfort<br \/>\nPearl One i-Size<\/a><\/center><\/td><td class=\"column-2\">i-Size (R129)<\/td><td class=\"column-3\">67 - 105 cm (max. 18,5 kg)<\/td><td class=\"column-4\"><center><img loading=\"lazy\" decoding=\"async\" src=\"https:\/\/monsiegeautobebe.fr\/wp-content\/uploads\/2019\/03\/icon-no.png\" alt=\"\" width=\"16\" height=\"16\" class=\"aligncenter size-full wp-image-693\" \/><\/center><\/td><td class=\"column-5\"><center><img loading=\"lazy\" decoding=\"async\" src=\"https:\/\/monsiegeautobebe.fr\/wp-content\/uploads\/2019\/03\/icon-yes.png\" alt=\"\" width=\"16\" height=\"16\" class=\"aligncenter size-full wp-image-693\" \/><\/center><\/td><td class=\"column-6\"><center><img loading=\"lazy\" decoding=\"async\" src=\"https:\/\/monsiegeautobebe.fr\/wp-content\/uploads\/2019\/03\/icon-no.png\" alt=\"\" width=\"16\" height=\"16\" class=\"aligncenter size-full wp-image-693\" \/><\/center><\/td><td class=\"column-7\"><a href=\"https:\/\/action.metaffiliation.com\/trk.php?mclic=P4F9AB571995171&amp;redir=https%3A%2F%2Fwww.allobebe.fr%2Fbase-2way-fix-aBC031030080.html\" rel=\"noopener nofollow noreferrer\" target=\"_blank\">Basis 2wayFix<\/a>, <a href=\"https:\/\/action.metaffiliation.com\/trk.php?mclic=P4F9AB571995171&amp;redir=https%3A%2F%2Fwww.allobebe.fr%2Fbase-3-wayfix-aBC031042010.html\" rel=\"noopener nofollow noreferrer\" target=\"_blank\">3wayFix<\/a> oder <a href=\"https:\/\/action.metaffiliation.com\/trk.php?mclic=P4F9AB571995171&amp;redir=https%3A%2F%2Fwww.allobebe.fr%2Fbase-family-fix-i-size-aBC031037122.html\" rel=\"noopener nofollow noreferrer\" target=\"_blank\">FamilyFix One<\/a> mit Strebe<\/td><td class=\"column-8\"><center><img loading=\"lazy\" decoding=\"async\" src=\"https:\/\/monsiegeautobebe.fr\/wp-content\/uploads\/2019\/03\/icon-no.png\" alt=\"\" width=\"16\" height=\"16\" class=\"aligncenter size-full wp-image-693\" \/><\/center><\/td><td class=\"column-9\">Gut (2.2)<br \/>\nMehr Test<\/td><td class=\"column-10\"><a href=\"http:\/\/rover.ebay.com\/rover\/1\/709-53476-19255-0\/1?ff3=4&amp;pub=5575362389&amp;toolid=10001&amp;campid=5338242013&amp;customid=Maxi+Cosi+Pearl+One+i-Size&amp;mpre=https%3A%2F%2Fwww.ebay.fr%2Fsch%2Fi.html%3F_from%3DR40%26_trksid%3Dm570.l1313%26_nkw%3DPeral%2BOne%2Bi-Size%26_sacat%3D0\" class=\"sc-button sc-button-default\" target=\"_blank\" rel=\"noopener\"><span>PREISE SICHTEN<\/span><\/a><\/td>\n<\/tr>\n<tr class=\"row-9\">\n\t<td class=\"column-1\"><center><a href=\"https:\/\/monsiegeautobebe.fr\/wp-content\/uploads\/2019\/10\/siege-auto-besafe-izi-kid-x2-i-size-adac.jpg\"><img loading=\"lazy\" decoding=\"async\" src=\"https:\/\/monsiegeautobebe.fr\/wp-content\/uploads\/2019\/10\/siege-auto-besafe-izi-kid-x2-i-size-adac-150x150.jpg\" alt=\"Autositz BeSafe iZi Kid X2 i-Size\" width=\"70\" height=\"70\" class=\"aligncenter size-thumbnail wp-image-1705\" srcset=\"https:\/\/www.monsiegeautobebe.fr\/wp-content\/uploads\/2019\/10\/siege-auto-besafe-izi-kid-x2-i-size-adac-150x150.jpg 150w, https:\/\/www.monsiegeautobebe.fr\/wp-content\/uploads\/2019\/10\/siege-auto-besafe-izi-kid-x2-i-size-adac-300x300.jpg 300w, https:\/\/www.monsiegeautobebe.fr\/wp-content\/uploads\/2019\/10\/siege-auto-besafe-izi-kid-x2-i-size-adac-336x336.jpg 336w, https:\/\/www.monsiegeautobebe.fr\/wp-content\/uploads\/2019\/10\/siege-auto-besafe-izi-kid-x2-i-size-adac-600x600.jpg 600w, https:\/\/www.monsiegeautobebe.fr\/wp-content\/uploads\/2019\/10\/siege-auto-besafe-izi-kid-x2-i-size-adac-768x768.jpg 768w, https:\/\/www.monsiegeautobebe.fr\/wp-content\/uploads\/2019\/10\/siege-auto-besafe-izi-kid-x2-i-size-adac.jpg 1000w\" sizes=\"(max-width: 70px) 100vw, 70px\" \/>BeSafe<br \/>\niZi Kid X2 i-Size<\/a><\/center><\/td><td class=\"column-2\">i-Size (R129)<\/td><td class=\"column-3\">61 - 105 cm (max. 18 kg)<\/td><td class=\"column-4\"><center><img loading=\"lazy\" decoding=\"async\" src=\"https:\/\/monsiegeautobebe.fr\/wp-content\/uploads\/2019\/03\/icon-no.png\" alt=\"\" width=\"16\" height=\"16\" class=\"aligncenter size-full wp-image-693\" \/><\/center><\/td><td class=\"column-5\"><center><img loading=\"lazy\" decoding=\"async\" src=\"https:\/\/monsiegeautobebe.fr\/wp-content\/uploads\/2019\/03\/icon-yes.png\" alt=\"\" width=\"16\" height=\"16\" class=\"aligncenter size-full wp-image-693\" \/><\/center><\/td><td class=\"column-6\"><center><img loading=\"lazy\" decoding=\"async\" src=\"https:\/\/monsiegeautobebe.fr\/wp-content\/uploads\/2019\/03\/icon-no.png\" alt=\"\" width=\"16\" height=\"16\" class=\"aligncenter size-full wp-image-693\" \/><\/center><\/td><td class=\"column-7\">ISOFIX mit St\u00fctzbein<\/td><td class=\"column-8\"><center><img loading=\"lazy\" decoding=\"async\" src=\"https:\/\/monsiegeautobebe.fr\/wp-content\/uploads\/2019\/03\/icon-no.png\" alt=\"\" width=\"16\" height=\"16\" class=\"aligncenter size-full wp-image-693\" \/><\/center><\/td><td class=\"column-9\">Gut (1.8)<br \/>\nMehr Test<\/td><td class=\"column-10\"><a href=\"https:\/\/www.besafe.com\/fr\/product-fr\/izi-kid-x2-i-size\/\" class=\"sc-button sc-button-default\" target=\"_blank\" rel=\"noopener\"><span>PREISE SICHTEN<\/span><\/a><\/td>\n<\/tr>\n<tr class=\"row-10\">\n\t<td class=\"column-1\"><center><a href=\"https:\/\/monsiegeautobebe.fr\/wp-content\/uploads\/2019\/10\/siege-auto-besafe-izi-kid-x3.jpg\"><img loading=\"lazy\" decoding=\"async\" src=\"https:\/\/monsiegeautobebe.fr\/wp-content\/uploads\/2019\/10\/siege-auto-besafe-izi-kid-x3-150x150.jpg\" alt=\"Autositz BeSafe iZi Kid X3 i-Size\" width=\"70\" height=\"70\" class=\"aligncenter size-thumbnail wp-image-1752\" srcset=\"https:\/\/www.monsiegeautobebe.fr\/wp-content\/uploads\/2019\/10\/siege-auto-besafe-izi-kid-x3-150x150.jpg 150w, https:\/\/www.monsiegeautobebe.fr\/wp-content\/uploads\/2019\/10\/siege-auto-besafe-izi-kid-x3-300x300.jpg 300w, https:\/\/www.monsiegeautobebe.fr\/wp-content\/uploads\/2019\/10\/siege-auto-besafe-izi-kid-x3-336x336.jpg 336w, https:\/\/www.monsiegeautobebe.fr\/wp-content\/uploads\/2019\/10\/siege-auto-besafe-izi-kid-x3-600x600.jpg 600w, https:\/\/www.monsiegeautobebe.fr\/wp-content\/uploads\/2019\/10\/siege-auto-besafe-izi-kid-x3-768x768.jpg 768w, https:\/\/www.monsiegeautobebe.fr\/wp-content\/uploads\/2019\/10\/siege-auto-besafe-izi-kid-x3.jpg 1000w\" sizes=\"(max-width: 70px) 100vw, 70px\" \/>BeSafe<br \/>\niZi Kid X3 i-Size<\/a><\/center><\/td><td class=\"column-2\">i-Size (R129)<\/td><td class=\"column-3\">61 - 105 cm (max. 18 kg)<\/td><td class=\"column-4\"><center><img loading=\"lazy\" decoding=\"async\" src=\"https:\/\/monsiegeautobebe.fr\/wp-content\/uploads\/2019\/03\/icon-no.png\" alt=\"\" width=\"16\" height=\"16\" class=\"aligncenter size-full wp-image-693\" \/><\/center><\/td><td class=\"column-5\"><center><img loading=\"lazy\" decoding=\"async\" src=\"https:\/\/monsiegeautobebe.fr\/wp-content\/uploads\/2019\/03\/icon-yes.png\" alt=\"\" width=\"16\" height=\"16\" class=\"aligncenter size-full wp-image-693\" \/><\/center><\/td><td class=\"column-6\"><center><img loading=\"lazy\" decoding=\"async\" src=\"https:\/\/monsiegeautobebe.fr\/wp-content\/uploads\/2019\/03\/icon-no.png\" alt=\"\" width=\"16\" height=\"16\" class=\"aligncenter size-full wp-image-693\" \/><\/center><\/td><td class=\"column-7\">ISOFIX mit St\u00fctzbein<\/td><td class=\"column-8\"><center><img loading=\"lazy\" decoding=\"async\" src=\"https:\/\/monsiegeautobebe.fr\/wp-content\/uploads\/2019\/03\/icon-no.png\" alt=\"\" width=\"16\" height=\"16\" class=\"aligncenter size-full wp-image-693\" \/><\/center><\/td><td class=\"column-9\">Gut (1.8)<\/td><td class=\"column-10\"><a href=\"https:\/\/action.metaffiliation.com\/trk.php?mclic=P4F9AB571995171&amp;redir=https%3A%2F%2Fwww.allobebe.fr%2Fsiege-auto-izi-kid-x3-i-size-G3586-1.html\" class=\"sc-button sc-button-default\" target=\"_blank\" rel=\"noopener\"><span>PREISE SICHTEN<\/span><\/a><\/td>\n<\/tr>\n<tr class=\"row-11\">\n\t<td class=\"column-1\"><center><a href=\"https:\/\/monsiegeautobebe.fr\/wp-content\/uploads\/2019\/10\/siege-auto-besafe-izi-modular-i-size-1.jpg\"><img loading=\"lazy\" decoding=\"async\" src=\"https:\/\/monsiegeautobebe.fr\/wp-content\/uploads\/2019\/10\/siege-auto-besafe-izi-modular-i-size-1-150x150.jpg\" alt=\"Besafe iZi Modular i-Size Kinderautositz\" width=\"70\" height=\"70\" class=\"aligncenter size-thumbnail wp-image-1706\" srcset=\"https:\/\/www.monsiegeautobebe.fr\/wp-content\/uploads\/2019\/10\/siege-auto-besafe-izi-modular-i-size-1-150x150.jpg 150w, https:\/\/www.monsiegeautobebe.fr\/wp-content\/uploads\/2019\/10\/siege-auto-besafe-izi-modular-i-size-1-300x300.jpg 300w, https:\/\/www.monsiegeautobebe.fr\/wp-content\/uploads\/2019\/10\/siege-auto-besafe-izi-modular-i-size-1-336x336.jpg 336w, https:\/\/www.monsiegeautobebe.fr\/wp-content\/uploads\/2019\/10\/siege-auto-besafe-izi-modular-i-size-1-600x600.jpg 600w, https:\/\/www.monsiegeautobebe.fr\/wp-content\/uploads\/2019\/10\/siege-auto-besafe-izi-modular-i-size-1-768x768.jpg 768w, https:\/\/www.monsiegeautobebe.fr\/wp-content\/uploads\/2019\/10\/siege-auto-besafe-izi-modular-i-size-1.jpg 1000w\" sizes=\"(max-width: 70px) 100vw, 70px\" \/>BeSafe<br \/>\niZi Modular i-Size<\/a><\/center><\/td><td class=\"column-2\">i-Size (R129)<\/td><td class=\"column-3\">61 - 105 cm (max. 18 kg)<\/td><td class=\"column-4\"><center><img loading=\"lazy\" decoding=\"async\" src=\"https:\/\/monsiegeautobebe.fr\/wp-content\/uploads\/2019\/03\/icon-no.png\" alt=\"\" width=\"16\" height=\"16\" class=\"aligncenter size-full wp-image-693\" \/><\/center><\/td><td class=\"column-5\"><center><img loading=\"lazy\" decoding=\"async\" src=\"https:\/\/monsiegeautobebe.fr\/wp-content\/uploads\/2019\/03\/icon-yes.png\" alt=\"\" width=\"16\" height=\"16\" class=\"aligncenter size-full wp-image-693\" \/><\/center><\/td><td class=\"column-6\"><center><img loading=\"lazy\" decoding=\"async\" src=\"https:\/\/monsiegeautobebe.fr\/wp-content\/uploads\/2019\/03\/icon-yes.png\" alt=\"\" width=\"16\" height=\"16\" class=\"aligncenter size-full wp-image-693\" \/><\/center><\/td><td class=\"column-7\"><a href=\"https:\/\/lb.affilae.com\/r\/?p=5f7735d32760126e01e47a62&amp;af=303&amp;lp=https%3A%2F%2Foxybul.commander1.com%2Fc3%2F%3Ftcs%3D311%26chn%3Daffiliation%26cty%3Dfr%26cmp%3Dgenerique%26src%3Daffilae_monsiegeautobebe%26adgrp%3Dblog%26med%3Dmonsiegeautobebe%26url%3Dhttps%253A%252F%252Fwww.oxybul.com%252Fbase-isofix-modular-i-size-pour-siege-auto-besafe-15537%253Fcmpid%253Daff-net-blg-monsiegeautobebe-3%26at_medium%3Dat_medium%26at_campaign%3Dgenerique%26at_type%3Daffilae_monsiegeautobebe%26at_format%3Dblg\" rel=\"noopener nofollow noreferrer\" target=\"_blank\">Basis iZi Modular i-Size<\/a> mit Strebe<br \/>\n<\/td><td class=\"column-8\"><center><img loading=\"lazy\" decoding=\"async\" src=\"https:\/\/monsiegeautobebe.fr\/wp-content\/uploads\/2019\/03\/icon-no.png\" alt=\"\" width=\"16\" height=\"16\" class=\"aligncenter size-full wp-image-693\" \/><\/center><\/td><td class=\"column-9\">Gut (2.4)<\/td><td class=\"column-10\"><a href=\"https:\/\/action.metaffiliation.com\/trk.php?mclic=P4F2915719951B1&amp;redir=https%3A%2F%2Fwww.autourdebebe.com%2Fp%2F7043485800645%2Fsiege-auto-izi-modular-i-size-besafe\" class=\"sc-button sc-button-default\" target=\"_blank\" rel=\"noopener\"><span>PREISE SICHTEN<\/span><\/a><\/td>\n<\/tr>\n<tr class=\"row-12\">\n\t<td class=\"column-1\"><center><a href=\"https:\/\/monsiegeautobebe.fr\/wp-content\/uploads\/2019\/11\/siege-auto-besafe-izi-plus.jpg\"><img loading=\"lazy\" decoding=\"async\" src=\"https:\/\/monsiegeautobebe.fr\/wp-content\/uploads\/2019\/11\/siege-auto-besafe-izi-plus-150x150.jpg\" alt=\"Autositz BeSafe iZi Plus\" width=\"70\" height=\"70\" class=\"aligncenter size-thumbnail wp-image-1819\" srcset=\"https:\/\/www.monsiegeautobebe.fr\/wp-content\/uploads\/2019\/11\/siege-auto-besafe-izi-plus-150x150.jpg 150w, https:\/\/www.monsiegeautobebe.fr\/wp-content\/uploads\/2019\/11\/siege-auto-besafe-izi-plus-300x300.jpg 300w, https:\/\/www.monsiegeautobebe.fr\/wp-content\/uploads\/2019\/11\/siege-auto-besafe-izi-plus-336x336.jpg 336w, https:\/\/www.monsiegeautobebe.fr\/wp-content\/uploads\/2019\/11\/siege-auto-besafe-izi-plus-600x600.jpg 600w, https:\/\/www.monsiegeautobebe.fr\/wp-content\/uploads\/2019\/11\/siege-auto-besafe-izi-plus-768x768.jpg 768w, https:\/\/www.monsiegeautobebe.fr\/wp-content\/uploads\/2019\/11\/siege-auto-besafe-izi-plus.jpg 1000w\" sizes=\"(max-width: 70px) 100vw, 70px\" \/>BeSafe<br \/>\niZi Plus<\/a><\/center><\/td><td class=\"column-2\">R44\/04<\/td><td class=\"column-3\">Gruppe 0+\/1\/2<br \/>\n0 - 25 kg<\/td><td class=\"column-4\"><center><img loading=\"lazy\" decoding=\"async\" src=\"https:\/\/monsiegeautobebe.fr\/wp-content\/uploads\/2019\/03\/icon-yes.png\" alt=\"\" width=\"16\" height=\"16\" class=\"aligncenter size-full wp-image-693\" \/><\/center><\/td><td class=\"column-5\"><center><img loading=\"lazy\" decoding=\"async\" src=\"https:\/\/monsiegeautobebe.fr\/wp-content\/uploads\/2019\/03\/icon-yes.png\" alt=\"\" width=\"16\" height=\"16\" class=\"aligncenter size-full wp-image-693\" \/><\/center><\/td><td class=\"column-6\"><center><img loading=\"lazy\" decoding=\"async\" src=\"https:\/\/monsiegeautobebe.fr\/wp-content\/uploads\/2019\/03\/icon-no.png\" alt=\"\" width=\"16\" height=\"16\" class=\"aligncenter size-full wp-image-693\" \/><\/td><td class=\"column-7\">H\u00fcftgurt mit Strebe und Tether Straps<\/td><td class=\"column-8\"><center><img loading=\"lazy\" decoding=\"async\" src=\"https:\/\/monsiegeautobebe.fr\/wp-content\/uploads\/2019\/03\/icon-no.png\" alt=\"\" width=\"16\" height=\"16\" class=\"aligncenter size-full wp-image-693\" \/><\/td><td class=\"column-9\">Mehr Test<\/td><td class=\"column-10\"><a href=\"http:\/\/tracking.publicidees.com\/clic.php?progid=605&amp;partid=59883&amp;dpl=https%3A%2F%2Fwww.aubert.com%2Fp%2F01096732%2Fizi-plus-midnight-black-besafe\" class=\"sc-button sc-button-default\" target=\"_blank\" rel=\"noopener\"><span>PREISE SICHTEN<\/span><\/a><\/td>\n<\/tr>\n<tr class=\"row-13\">\n\t<td class=\"column-1\"><center><a href=\"https:\/\/monsiegeautobebe.fr\/wp-content\/uploads\/2019\/11\/siege-auto-besafe-izi-plus-x1.jpg\"><img loading=\"lazy\" decoding=\"async\" src=\"https:\/\/monsiegeautobebe.fr\/wp-content\/uploads\/2019\/11\/siege-auto-besafe-izi-plus-x1-150x150.jpg\" alt=\"Autositz BeSafe iZi Plus X1\" width=\"70\" height=\"70\" class=\"aligncenter size-thumbnail wp-image-1820\" srcset=\"https:\/\/www.monsiegeautobebe.fr\/wp-content\/uploads\/2019\/11\/siege-auto-besafe-izi-plus-x1-150x150.jpg 150w, https:\/\/www.monsiegeautobebe.fr\/wp-content\/uploads\/2019\/11\/siege-auto-besafe-izi-plus-x1-300x300.jpg 300w, https:\/\/www.monsiegeautobebe.fr\/wp-content\/uploads\/2019\/11\/siege-auto-besafe-izi-plus-x1-336x336.jpg 336w, https:\/\/www.monsiegeautobebe.fr\/wp-content\/uploads\/2019\/11\/siege-auto-besafe-izi-plus-x1-600x600.jpg 600w, https:\/\/www.monsiegeautobebe.fr\/wp-content\/uploads\/2019\/11\/siege-auto-besafe-izi-plus-x1-768x768.jpg 768w, https:\/\/www.monsiegeautobebe.fr\/wp-content\/uploads\/2019\/11\/siege-auto-besafe-izi-plus-x1.jpg 1000w\" sizes=\"(max-width: 70px) 100vw, 70px\" \/>BeSafe<br \/>\niZi Plus X1<\/a><\/center><\/td><td class=\"column-2\">R44\/04<\/td><td class=\"column-3\">Gruppe 0+\/1\/2<br \/>\n0 - 25 kg<\/td><td class=\"column-4\"><center><img loading=\"lazy\" decoding=\"async\" src=\"https:\/\/monsiegeautobebe.fr\/wp-content\/uploads\/2019\/03\/icon-yes.png\" alt=\"\" width=\"16\" height=\"16\" class=\"aligncenter size-full wp-image-693\" \/><\/center><\/td><td class=\"column-5\"><center><img loading=\"lazy\" decoding=\"async\" src=\"https:\/\/monsiegeautobebe.fr\/wp-content\/uploads\/2019\/03\/icon-yes.png\" alt=\"\" width=\"16\" height=\"16\" class=\"aligncenter size-full wp-image-693\" \/><\/center><\/td><td class=\"column-6\"><center><img loading=\"lazy\" decoding=\"async\" src=\"https:\/\/monsiegeautobebe.fr\/wp-content\/uploads\/2019\/03\/icon-no.png\" alt=\"\" width=\"16\" height=\"16\" class=\"aligncenter size-full wp-image-693\" \/><\/td><td class=\"column-7\">H\u00fcftgurt mit Strebe und Tether Straps<\/td><td class=\"column-8\"><center><img loading=\"lazy\" decoding=\"async\" src=\"https:\/\/monsiegeautobebe.fr\/wp-content\/uploads\/2019\/03\/icon-no.png\" alt=\"\" width=\"16\" height=\"16\" class=\"aligncenter size-full wp-image-693\" \/><\/td><td class=\"column-9\">Mehr Test<\/td><td class=\"column-10\"><a href=\"https:\/\/action.metaffiliation.com\/trk.php?mclic=P4F9AB571995171&amp;redir=https%3A%2F%2Fwww.allobebe.fr%2Fsiege-auto-izi-plus-x1-black-cab-groupe-012-aES032100882.html\" class=\"sc-button sc-button-default\" target=\"_blank\" rel=\"noopener\"><span>PREISE SICHTEN<\/span><\/a><\/td>\n<\/tr>\n<tr class=\"row-14\">\n\t<td class=\"column-1\"><center><a href=\"https:\/\/monsiegeautobebe.fr\/wp-content\/uploads\/2019\/10\/siege-auto-britax-romer-dualfix-i-size.jpg\"><img loading=\"lazy\" decoding=\"async\" src=\"https:\/\/monsiegeautobebe.fr\/wp-content\/uploads\/2019\/10\/siege-auto-britax-romer-dualfix-i-size-150x150.jpg\" alt=\"Britax R\u00f6mer Dualfix i-Size\" width=\"70\" height=\"70\" class=\"aligncenter size-thumbnail wp-image-1708\" srcset=\"https:\/\/www.monsiegeautobebe.fr\/wp-content\/uploads\/2019\/10\/siege-auto-britax-romer-dualfix-i-size-150x150.jpg 150w, https:\/\/www.monsiegeautobebe.fr\/wp-content\/uploads\/2019\/10\/siege-auto-britax-romer-dualfix-i-size-300x300.jpg 300w, https:\/\/www.monsiegeautobebe.fr\/wp-content\/uploads\/2019\/10\/siege-auto-britax-romer-dualfix-i-size-336x336.jpg 336w, https:\/\/www.monsiegeautobebe.fr\/wp-content\/uploads\/2019\/10\/siege-auto-britax-romer-dualfix-i-size-600x600.jpg 600w, https:\/\/www.monsiegeautobebe.fr\/wp-content\/uploads\/2019\/10\/siege-auto-britax-romer-dualfix-i-size-768x768.jpg 768w, https:\/\/www.monsiegeautobebe.fr\/wp-content\/uploads\/2019\/10\/siege-auto-britax-romer-dualfix-i-size.jpg 1000w\" sizes=\"(max-width: 70px) 100vw, 70px\" \/>Britax R\u00f6mer<br \/>\nDualfix i-Size<\/a><\/center><\/td><td class=\"column-2\">i-Size (R129)<\/td><td class=\"column-3\">40 - 105 cm (max. 18 kg)<\/td><td class=\"column-4\"><center><img loading=\"lazy\" decoding=\"async\" src=\"https:\/\/monsiegeautobebe.fr\/wp-content\/uploads\/2019\/03\/icon-yes.png\" alt=\"\" width=\"16\" height=\"16\" class=\"aligncenter size-full wp-image-693\" \/><\/center><\/td><td class=\"column-5\"><center><img loading=\"lazy\" decoding=\"async\" src=\"https:\/\/monsiegeautobebe.fr\/wp-content\/uploads\/2019\/03\/icon-yes.png\" alt=\"\" width=\"16\" height=\"16\" class=\"aligncenter size-full wp-image-693\" \/><\/center><\/td><td class=\"column-6\"><center><img loading=\"lazy\" decoding=\"async\" src=\"https:\/\/monsiegeautobebe.fr\/wp-content\/uploads\/2019\/03\/icon-yes.png\" alt=\"\" width=\"16\" height=\"16\" class=\"aligncenter size-full wp-image-693\" \/><\/center><\/td><td class=\"column-7\">ISOFIX mit St\u00fctzbein<\/td><td class=\"column-8\"><center><img loading=\"lazy\" decoding=\"async\" src=\"https:\/\/monsiegeautobebe.fr\/wp-content\/uploads\/2019\/03\/icon-yes.png\" alt=\"\" width=\"16\" height=\"16\" class=\"aligncenter size-full wp-image-693\" \/><\/center><\/td><td class=\"column-9\">Gut (2.1)<\/td><td class=\"column-10\"><a href=\"https:\/\/action.metaffiliation.com\/trk.php?mclic=P4F2915719951B1&amp;redir=https%3A%2F%2Fwww.autourdebebe.com%2Fp%2F4000984159011%2Fsiege-auto-dualfix-i-size-britax-romer\" class=\"sc-button sc-button-default\" target=\"_blank\" rel=\"noopener\"><span>PREISE SICHTEN<\/span><\/a><\/td>\n<\/tr>\n<tr class=\"row-15\">\n\t<td class=\"column-1\"><center><a href=\"https:\/\/monsiegeautobebe.fr\/wp-content\/uploads\/2019\/10\/siege-auto-britax-romer-dualfix-m-i-size.jpg\"><img loading=\"lazy\" decoding=\"async\" src=\"https:\/\/monsiegeautobebe.fr\/wp-content\/uploads\/2019\/10\/siege-auto-britax-romer-dualfix-m-i-size-150x150.jpg\" alt=\"Autositz Britax R\u00f6mer Dualfix M i-Size\" width=\"70\" height=\"70\" class=\"aligncenter size-thumbnail wp-image-1709\" srcset=\"https:\/\/www.monsiegeautobebe.fr\/wp-content\/uploads\/2019\/10\/siege-auto-britax-romer-dualfix-m-i-size-150x150.jpg 150w, https:\/\/www.monsiegeautobebe.fr\/wp-content\/uploads\/2019\/10\/siege-auto-britax-romer-dualfix-m-i-size-300x300.jpg 300w, https:\/\/www.monsiegeautobebe.fr\/wp-content\/uploads\/2019\/10\/siege-auto-britax-romer-dualfix-m-i-size-336x336.jpg 336w, https:\/\/www.monsiegeautobebe.fr\/wp-content\/uploads\/2019\/10\/siege-auto-britax-romer-dualfix-m-i-size-600x600.jpg 600w, https:\/\/www.monsiegeautobebe.fr\/wp-content\/uploads\/2019\/10\/siege-auto-britax-romer-dualfix-m-i-size-768x768.jpg 768w, https:\/\/www.monsiegeautobebe.fr\/wp-content\/uploads\/2019\/10\/siege-auto-britax-romer-dualfix-m-i-size.jpg 1000w\" sizes=\"(max-width: 70px) 100vw, 70px\" \/>Britax R\u00f6mer<br \/>\nDualfix M i-Size<\/a><\/center><\/td><td class=\"column-2\">i-Size (R129)<\/td><td class=\"column-3\">61 - 105 cm (max. 18 kg)<\/td><td class=\"column-4\"><center><img loading=\"lazy\" decoding=\"async\" src=\"https:\/\/monsiegeautobebe.fr\/wp-content\/uploads\/2019\/03\/icon-no.png\" alt=\"\" width=\"16\" height=\"16\" class=\"aligncenter size-full wp-image-693\" \/><\/center><\/td><td class=\"column-5\"><center><img loading=\"lazy\" decoding=\"async\" src=\"https:\/\/monsiegeautobebe.fr\/wp-content\/uploads\/2019\/03\/icon-yes.png\" alt=\"\" width=\"16\" height=\"16\" class=\"aligncenter size-full wp-image-693\" \/><\/center><\/td><td class=\"column-6\"><center><img loading=\"lazy\" decoding=\"async\" src=\"https:\/\/monsiegeautobebe.fr\/wp-content\/uploads\/2019\/03\/icon-yes.png\" alt=\"\" width=\"16\" height=\"16\" class=\"aligncenter size-full wp-image-693\" \/><\/center><\/td><td class=\"column-7\">ISOFIX mit St\u00fctzbein<\/td><td class=\"column-8\"><center><img loading=\"lazy\" decoding=\"async\" src=\"https:\/\/monsiegeautobebe.fr\/wp-content\/uploads\/2019\/03\/icon-yes.png\" alt=\"\" width=\"16\" height=\"16\" class=\"aligncenter size-full wp-image-693\" \/><\/center><\/td><td class=\"column-9\">Gut (2.1)<\/td><td class=\"column-10\"><a href=\"https:\/\/action.metaffiliation.com\/trk.php?mclic=P4F2915719951B1&amp;redir=https%3A%2F%2Fwww.autourdebebe.com%2Fp%2Fbritax1siegeautodualfixmisizestormgrey%2Fsiege-auto-dualfix-m-i-size-britax-romer\" class=\"sc-button sc-button-default\" target=\"_blank\" rel=\"noopener\"><span>PREISE SICHTEN<\/span><\/a><\/td>\n<\/tr>\n<tr class=\"row-16\">\n\t<td class=\"column-1\"><center><a href=\"https:\/\/monsiegeautobebe.fr\/wp-content\/uploads\/2019\/11\/siege-auto-britax-max-way.jpg\"><img loading=\"lazy\" decoding=\"async\" src=\"https:\/\/monsiegeautobebe.fr\/wp-content\/uploads\/2019\/11\/siege-auto-britax-max-way-150x150.jpg\" alt=\"Autositz Britax R\u00f6mer Max-Way\" width=\"70\" height=\"70\" class=\"aligncenter size-thumbnail wp-image-1832\" srcset=\"https:\/\/www.monsiegeautobebe.fr\/wp-content\/uploads\/2019\/11\/siege-auto-britax-max-way-150x150.jpg 150w, https:\/\/www.monsiegeautobebe.fr\/wp-content\/uploads\/2019\/11\/siege-auto-britax-max-way-300x300.jpg 300w, https:\/\/www.monsiegeautobebe.fr\/wp-content\/uploads\/2019\/11\/siege-auto-britax-max-way-336x336.jpg 336w, https:\/\/www.monsiegeautobebe.fr\/wp-content\/uploads\/2019\/11\/siege-auto-britax-max-way-600x600.jpg 600w, https:\/\/www.monsiegeautobebe.fr\/wp-content\/uploads\/2019\/11\/siege-auto-britax-max-way-768x768.jpg 768w, https:\/\/www.monsiegeautobebe.fr\/wp-content\/uploads\/2019\/11\/siege-auto-britax-max-way.jpg 1000w\" sizes=\"(max-width: 70px) 100vw, 70px\" \/>Britax R\u00f6mer Max-Way<\/a><\/center><\/td><td class=\"column-2\">R44\/04<\/td><td class=\"column-3\">Gruppe 1\/2<br \/>\n9 - 25 kg<\/td><td class=\"column-4\"><center><img loading=\"lazy\" decoding=\"async\" src=\"https:\/\/monsiegeautobebe.fr\/wp-content\/uploads\/2019\/03\/icon-no.png\" alt=\"\" width=\"16\" height=\"16\" class=\"aligncenter size-full wp-image-693\" \/><\/center><\/td><td class=\"column-5\"><center><img loading=\"lazy\" decoding=\"async\" src=\"https:\/\/monsiegeautobebe.fr\/wp-content\/uploads\/2019\/03\/icon-yes.png\" alt=\"\" width=\"16\" height=\"16\" class=\"aligncenter size-full wp-image-693\" \/><\/center><\/td><td class=\"column-6\"><center><img loading=\"lazy\" decoding=\"async\" src=\"https:\/\/monsiegeautobebe.fr\/wp-content\/uploads\/2019\/03\/icon-no.png\" alt=\"\" width=\"16\" height=\"16\" class=\"aligncenter size-full wp-image-693\" \/><\/td><td class=\"column-7\">H\u00fcftgurt mit Strebe und Tether Straps<\/td><td class=\"column-8\"><center><img loading=\"lazy\" decoding=\"async\" src=\"https:\/\/monsiegeautobebe.fr\/wp-content\/uploads\/2019\/03\/icon-no.png\" alt=\"\" width=\"16\" height=\"16\" class=\"aligncenter size-full wp-image-693\" \/><\/td><td class=\"column-9\">Gut (4.0)<br \/>\nMehr Test<\/td><td class=\"column-10\"><a href=\"http:\/\/tracking.publicidees.com\/clic.php?progid=605&amp;partid=59883&amp;dpl=https%3A%2F%2Fwww.aubert.com%2Fp%2F74042588-1410%2Fmax-way-storm-grey-black-series-britax\" class=\"sc-button sc-button-default\" target=\"_blank\" rel=\"noopener\"><span>PREISE SICHTEN<\/span><\/a><\/td>\n<\/tr>\n<tr class=\"row-17\">\n\t<td class=\"column-1\"><center><a href=\"https:\/\/monsiegeautobebe.fr\/wp-content\/uploads\/2019\/11\/siege-auto-britax-romer-max-way-plus.jpg\"><img loading=\"lazy\" decoding=\"async\" src=\"https:\/\/monsiegeautobebe.fr\/wp-content\/uploads\/2019\/11\/siege-auto-britax-romer-max-way-plus-150x150.jpg\" alt=\"Autositz Britax R\u00f6mer Max-Way Plus\" width=\"70\" height=\"70\" class=\"aligncenter size-thumbnail wp-image-1810\" srcset=\"https:\/\/www.monsiegeautobebe.fr\/wp-content\/uploads\/2019\/11\/siege-auto-britax-romer-max-way-plus-150x150.jpg 150w, https:\/\/www.monsiegeautobebe.fr\/wp-content\/uploads\/2019\/11\/siege-auto-britax-romer-max-way-plus-300x300.jpg 300w, https:\/\/www.monsiegeautobebe.fr\/wp-content\/uploads\/2019\/11\/siege-auto-britax-romer-max-way-plus-336x336.jpg 336w, https:\/\/www.monsiegeautobebe.fr\/wp-content\/uploads\/2019\/11\/siege-auto-britax-romer-max-way-plus-600x600.jpg 600w, https:\/\/www.monsiegeautobebe.fr\/wp-content\/uploads\/2019\/11\/siege-auto-britax-romer-max-way-plus-768x768.jpg 768w, https:\/\/www.monsiegeautobebe.fr\/wp-content\/uploads\/2019\/11\/siege-auto-britax-romer-max-way-plus.jpg 1000w\" sizes=\"(max-width: 70px) 100vw, 70px\" \/>Britax R\u00f6mer Max-Way Plus<\/a><\/center><\/td><td class=\"column-2\">R44\/04<\/td><td class=\"column-3\">Gruppe 1\/2<br \/>\n9 - 25 kg<\/td><td class=\"column-4\"><center><img loading=\"lazy\" decoding=\"async\" src=\"https:\/\/monsiegeautobebe.fr\/wp-content\/uploads\/2019\/03\/icon-no.png\" alt=\"\" width=\"16\" height=\"16\" class=\"aligncenter size-full wp-image-693\" \/><\/center><\/td><td class=\"column-5\"><center><img loading=\"lazy\" decoding=\"async\" src=\"https:\/\/monsiegeautobebe.fr\/wp-content\/uploads\/2019\/03\/icon-yes.png\" alt=\"\" width=\"16\" height=\"16\" class=\"aligncenter size-full wp-image-693\" \/><\/center><\/td><td class=\"column-6\"><center><img loading=\"lazy\" decoding=\"async\" src=\"https:\/\/monsiegeautobebe.fr\/wp-content\/uploads\/2019\/03\/icon-no.png\" alt=\"\" width=\"16\" height=\"16\" class=\"aligncenter size-full wp-image-693\" \/><\/td><td class=\"column-7\">H\u00fcftgurt mit Strebe und Tether Straps<\/td><td class=\"column-8\"><center><img loading=\"lazy\" decoding=\"async\" src=\"https:\/\/monsiegeautobebe.fr\/wp-content\/uploads\/2019\/03\/icon-no.png\" alt=\"\" width=\"16\" height=\"16\" class=\"aligncenter size-full wp-image-693\" \/><\/td><td class=\"column-9\">Gut (3.6)<br \/>\nMehr Test<\/td><td class=\"column-10\"><a href=\"https:\/\/action.metaffiliation.com\/trk.php?mclic=P4F9AB571995171&amp;redir=https%3A%2F%2Fwww.allobebe.fr%2Fsiege-auto-max-way-plus-cosmos-black-groupe-12-aBR032383863.html\" class=\"sc-button sc-button-default\" target=\"_blank\" rel=\"noopener\"><span>PREISE SICHTEN<\/span><\/a><\/td>\n<\/tr>\n<tr class=\"row-18\">\n\t<td class=\"column-1\"><center><a href=\"https:\/\/monsiegeautobebe.fr\/wp-content\/uploads\/2019\/10\/siege-auto-concord-reverso-plus-i-size.jpg\"><img loading=\"lazy\" decoding=\"async\" src=\"https:\/\/monsiegeautobebe.fr\/wp-content\/uploads\/2019\/10\/siege-auto-concord-reverso-plus-i-size-150x150.jpg\" alt=\"Autositz Concord Reverso.Plus\" width=\"70\" height=\"70\" class=\"aligncenter size-thumbnail wp-image-1713\" srcset=\"https:\/\/www.monsiegeautobebe.fr\/wp-content\/uploads\/2019\/10\/siege-auto-concord-reverso-plus-i-size-150x150.jpg 150w, https:\/\/www.monsiegeautobebe.fr\/wp-content\/uploads\/2019\/10\/siege-auto-concord-reverso-plus-i-size-300x300.jpg 300w, https:\/\/www.monsiegeautobebe.fr\/wp-content\/uploads\/2019\/10\/siege-auto-concord-reverso-plus-i-size-336x336.jpg 336w, https:\/\/www.monsiegeautobebe.fr\/wp-content\/uploads\/2019\/10\/siege-auto-concord-reverso-plus-i-size-600x600.jpg 600w, https:\/\/www.monsiegeautobebe.fr\/wp-content\/uploads\/2019\/10\/siege-auto-concord-reverso-plus-i-size-768x768.jpg 768w, https:\/\/www.monsiegeautobebe.fr\/wp-content\/uploads\/2019\/10\/siege-auto-concord-reverso-plus-i-size.jpg 1000w\" sizes=\"(max-width: 70px) 100vw, 70px\" \/>Concord<br \/>\nReverso.Plus<\/a><\/center><\/td><td class=\"column-2\">i-Size (R129)<\/td><td class=\"column-3\">40 - 105 cm (max. 23 kg)\t<\/td><td class=\"column-4\"><center><img loading=\"lazy\" decoding=\"async\" src=\"https:\/\/monsiegeautobebe.fr\/wp-content\/uploads\/2019\/03\/icon-yes.png\" alt=\"\" width=\"16\" height=\"16\" class=\"aligncenter size-full wp-image-693\" \/><\/center><\/td><td class=\"column-5\"><center><img loading=\"lazy\" decoding=\"async\" src=\"https:\/\/monsiegeautobebe.fr\/wp-content\/uploads\/2019\/03\/icon-yes.png\" alt=\"\" width=\"16\" height=\"16\" class=\"aligncenter size-full wp-image-693\" \/><\/center><\/td><td class=\"column-6\"><center><img loading=\"lazy\" decoding=\"async\" src=\"https:\/\/monsiegeautobebe.fr\/wp-content\/uploads\/2019\/03\/icon-no.png\" alt=\"\" width=\"16\" height=\"16\" class=\"aligncenter size-full wp-image-693\" \/><\/center><\/td><td class=\"column-7\">ISOFIX mit St\u00fctzbein<\/td><td class=\"column-8\"><center><img loading=\"lazy\" decoding=\"async\" src=\"https:\/\/monsiegeautobebe.fr\/wp-content\/uploads\/2019\/03\/icon-no.png\" alt=\"\" width=\"16\" height=\"16\" class=\"aligncenter size-full wp-image-693\" \/><\/center><\/td><td class=\"column-9\">Gut (1.8)<br \/>\nMehr Test<\/td><td class=\"column-10\"><a href=\"https:\/\/action.metaffiliation.com\/trk.php?mclic=P494DD5719952191&amp;redir=https%3A%2F%2Fwww.roseoubleu.fr%2Fconcord-siege-auto-reverso-plus-cosmic-black-a200338.html\" class=\"sc-button sc-button-default\" target=\"_blank\" rel=\"noopener\"><span>PREISE SICHTEN<\/span><\/a><\/td>\n<\/tr>\n<tr class=\"row-19\">\n\t<td class=\"column-1\"><center><a href=\"https:\/\/monsiegeautobebe.fr\/wp-content\/uploads\/2019\/10\/siege-auto-cybex-sirona-m2-i-size-2.jpg\"><img loading=\"lazy\" decoding=\"async\" src=\"https:\/\/monsiegeautobebe.fr\/wp-content\/uploads\/2019\/10\/siege-auto-cybex-sirona-m2-i-size-2-150x150.jpg\" alt=\"Cybex Sirona M2 i-Size Kinderautositz\" width=\"70\" height=\"70\" class=\"aligncenter size-thumbnail wp-image-1714\" srcset=\"https:\/\/www.monsiegeautobebe.fr\/wp-content\/uploads\/2019\/10\/siege-auto-cybex-sirona-m2-i-size-2-150x150.jpg 150w, https:\/\/www.monsiegeautobebe.fr\/wp-content\/uploads\/2019\/10\/siege-auto-cybex-sirona-m2-i-size-2-300x300.jpg 300w, https:\/\/www.monsiegeautobebe.fr\/wp-content\/uploads\/2019\/10\/siege-auto-cybex-sirona-m2-i-size-2-336x336.jpg 336w, https:\/\/www.monsiegeautobebe.fr\/wp-content\/uploads\/2019\/10\/siege-auto-cybex-sirona-m2-i-size-2-600x600.jpg 600w, https:\/\/www.monsiegeautobebe.fr\/wp-content\/uploads\/2019\/10\/siege-auto-cybex-sirona-m2-i-size-2-768x768.jpg 768w, https:\/\/www.monsiegeautobebe.fr\/wp-content\/uploads\/2019\/10\/siege-auto-cybex-sirona-m2-i-size-2.jpg 1000w\" sizes=\"(max-width: 70px) 100vw, 70px\" \/>Cybex<br \/>\nSirona M2 i-Size<\/a><\/center><\/td><td class=\"column-2\">i-Size (R129)<\/td><td class=\"column-3\">45 - 105 cm (max. 19 kg)<\/td><td class=\"column-4\"><center><img loading=\"lazy\" decoding=\"async\" src=\"https:\/\/monsiegeautobebe.fr\/wp-content\/uploads\/2019\/03\/icon-yes.png\" alt=\"\" width=\"16\" height=\"16\" class=\"aligncenter size-full wp-image-693\" \/><\/center><\/td><td class=\"column-5\"><center><img loading=\"lazy\" decoding=\"async\" src=\"https:\/\/monsiegeautobebe.fr\/wp-content\/uploads\/2019\/03\/icon-yes.png\" alt=\"\" width=\"16\" height=\"16\" class=\"aligncenter size-full wp-image-693\" \/><\/center><\/td><td class=\"column-6\"><center><img loading=\"lazy\" decoding=\"async\" src=\"https:\/\/monsiegeautobebe.fr\/wp-content\/uploads\/2019\/03\/icon-yes.png\" alt=\"\" width=\"16\" height=\"16\" class=\"aligncenter size-full wp-image-693\" \/><\/center><\/td><td class=\"column-7\"><a href=\"https:\/\/amzn.to\/35OfCxO\" rel=\"noopener nofollow noreferrer\" target=\"_blank\">Basis M<\/a> mit Strebe<\/td><td class=\"column-8\"><center><img loading=\"lazy\" decoding=\"async\" src=\"https:\/\/monsiegeautobebe.fr\/wp-content\/uploads\/2019\/03\/icon-no.png\" alt=\"\" width=\"16\" height=\"16\" class=\"aligncenter size-full wp-image-693\" \/><\/center><\/td><td class=\"column-9\">Gut (2.2)<\/td><td class=\"column-10\"><a href=\"https:\/\/amzn.to\/321ZHc9\" class=\"sc-button sc-button-default\" target=\"_blank\" rel=\"noopener\"><span>PREISE SICHTEN<\/span><\/a><\/td>\n<\/tr>\n<tr class=\"row-20\">\n\t<td class=\"column-1\"><center><a href=\"https:\/\/monsiegeautobebe.fr\/wp-content\/uploads\/2019\/10\/siege-auto-cybex-sirona-z-i-size-2.jpg\"><img loading=\"lazy\" decoding=\"async\" src=\"https:\/\/monsiegeautobebe.fr\/wp-content\/uploads\/2019\/10\/siege-auto-cybex-sirona-z-i-size-2-150x150.jpg\" alt=\"Cybex Sirona Z i-Size Kinderautositz\" width=\"70\" height=\"70\" class=\"aligncenter size-thumbnail wp-image-1716\" srcset=\"https:\/\/www.monsiegeautobebe.fr\/wp-content\/uploads\/2019\/10\/siege-auto-cybex-sirona-z-i-size-2-150x150.jpg 150w, https:\/\/www.monsiegeautobebe.fr\/wp-content\/uploads\/2019\/10\/siege-auto-cybex-sirona-z-i-size-2-300x300.jpg 300w, https:\/\/www.monsiegeautobebe.fr\/wp-content\/uploads\/2019\/10\/siege-auto-cybex-sirona-z-i-size-2-336x336.jpg 336w, https:\/\/www.monsiegeautobebe.fr\/wp-content\/uploads\/2019\/10\/siege-auto-cybex-sirona-z-i-size-2-600x600.jpg 600w, https:\/\/www.monsiegeautobebe.fr\/wp-content\/uploads\/2019\/10\/siege-auto-cybex-sirona-z-i-size-2-768x768.jpg 768w, https:\/\/www.monsiegeautobebe.fr\/wp-content\/uploads\/2019\/10\/siege-auto-cybex-sirona-z-i-size-2.jpg 1000w\" sizes=\"(max-width: 70px) 100vw, 70px\" \/>Cybex<br \/>\nSirona Z i-Size<\/a><\/center><\/td><td class=\"column-2\">i-Size (R129)<\/td><td class=\"column-3\">45 - 105 cm (max. 18 kg)<\/td><td class=\"column-4\"><center><img loading=\"lazy\" decoding=\"async\" src=\"https:\/\/monsiegeautobebe.fr\/wp-content\/uploads\/2019\/03\/icon-yes.png\" alt=\"\" width=\"16\" height=\"16\" class=\"aligncenter size-full wp-image-693\" \/><\/center><\/td><td class=\"column-5\"><center><img loading=\"lazy\" decoding=\"async\" src=\"https:\/\/monsiegeautobebe.fr\/wp-content\/uploads\/2019\/03\/icon-yes.png\" alt=\"\" width=\"16\" height=\"16\" class=\"aligncenter size-full wp-image-693\" \/><\/center><\/td><td class=\"column-6\"><center><img loading=\"lazy\" decoding=\"async\" src=\"https:\/\/monsiegeautobebe.fr\/wp-content\/uploads\/2019\/03\/icon-yes.png\" alt=\"\" width=\"16\" height=\"16\" class=\"aligncenter size-full wp-image-693\" \/><\/center><\/td><td class=\"column-7\"><a href=\"https:\/\/action.metaffiliation.com\/trk.php?mclic=P4F9AB571995171&amp;redir=https%3A%2F%2Fwww.allobebe.fr%2Fbase-z-black-aCY030953831.html\" rel=\"noopener nofollow noreferrer\" target=\"_blank\">Z-Basis<\/a> mit Strebe<\/td><td class=\"column-8\"><center><img loading=\"lazy\" decoding=\"async\" src=\"https:\/\/monsiegeautobebe.fr\/wp-content\/uploads\/2019\/03\/icon-yes.png\" alt=\"\" width=\"16\" height=\"16\" class=\"aligncenter size-full wp-image-693\" \/><\/center><\/td><td class=\"column-9\">Gut (2.1)<\/td><td class=\"column-10\"><a href=\"https:\/\/action.metaffiliation.com\/trk.php?mclic=P4F9AB571995171&amp;redir=https%3A%2F%2Fwww.allobebe.fr%2Fsiege-auto-sirona-z-i-size-midnight-blue-groupe-01-2019-aCY032516120.html\" class=\"sc-button sc-button-default\" target=\"_blank\" rel=\"noopener\"><span>PREISE SICHTEN<\/span><\/a><\/td>\n<\/tr>\n<tr class=\"row-21\">\n\t<td class=\"column-1\"><center><a href=\"https:\/\/monsiegeautobebe.fr\/wp-content\/uploads\/2019\/10\/siege-auto-gb-vaya-i-size-1.jpg\"><img loading=\"lazy\" decoding=\"async\" src=\"https:\/\/monsiegeautobebe.fr\/wp-content\/uploads\/2019\/10\/siege-auto-gb-vaya-i-size-1-150x150.jpg\" alt=\"Autositz gb Vaya i-Size\" width=\"70\" height=\"70\" class=\"aligncenter size-thumbnail wp-image-1756\" srcset=\"https:\/\/www.monsiegeautobebe.fr\/wp-content\/uploads\/2019\/10\/siege-auto-gb-vaya-i-size-1-150x150.jpg 150w, https:\/\/www.monsiegeautobebe.fr\/wp-content\/uploads\/2019\/10\/siege-auto-gb-vaya-i-size-1-300x300.jpg 300w, https:\/\/www.monsiegeautobebe.fr\/wp-content\/uploads\/2019\/10\/siege-auto-gb-vaya-i-size-1-336x336.jpg 336w, https:\/\/www.monsiegeautobebe.fr\/wp-content\/uploads\/2019\/10\/siege-auto-gb-vaya-i-size-1-600x600.jpg 600w, https:\/\/www.monsiegeautobebe.fr\/wp-content\/uploads\/2019\/10\/siege-auto-gb-vaya-i-size-1-768x768.jpg 768w, https:\/\/www.monsiegeautobebe.fr\/wp-content\/uploads\/2019\/10\/siege-auto-gb-vaya-i-size-1.jpg 1000w\" sizes=\"(max-width: 70px) 100vw, 70px\" \/>gb<br \/>\nVaya i-Size<\/a><\/center><\/td><td class=\"column-2\">i-Size (R129)<\/td><td class=\"column-3\">45 - 105 cm (max. 18 kg)\t<\/td><td class=\"column-4\"><center><img loading=\"lazy\" decoding=\"async\" src=\"https:\/\/monsiegeautobebe.fr\/wp-content\/uploads\/2019\/03\/icon-yes.png\" alt=\"\" width=\"16\" height=\"16\" class=\"aligncenter size-full wp-image-693\" \/><\/center><\/td><td class=\"column-5\"><center><img loading=\"lazy\" decoding=\"async\" src=\"https:\/\/monsiegeautobebe.fr\/wp-content\/uploads\/2019\/03\/icon-yes.png\" alt=\"\" width=\"16\" height=\"16\" class=\"aligncenter size-full wp-image-693\" \/><\/center><\/td><td class=\"column-6\"><center><img loading=\"lazy\" decoding=\"async\" src=\"https:\/\/monsiegeautobebe.fr\/wp-content\/uploads\/2019\/03\/icon-yes.png\" alt=\"\" width=\"16\" height=\"16\" class=\"aligncenter size-full wp-image-693\" \/><\/center><\/td><td class=\"column-7\">ISOFIX mit St\u00fctzbein<\/td><td class=\"column-8\"><center><img loading=\"lazy\" decoding=\"async\" src=\"https:\/\/monsiegeautobebe.fr\/wp-content\/uploads\/2019\/03\/icon-yes.png\" alt=\"\" width=\"16\" height=\"16\" class=\"aligncenter size-full wp-image-693\" \/><\/center><\/td><td class=\"column-9\">Gut (2.3)<\/td><td class=\"column-10\"><a href=\"https:\/\/action.metaffiliation.com\/trk.php?mclic=P4F9AB571995171&amp;redir=https%3A%2F%2Fwww.allobebe.fr%2Fsiege-auto-vaya-i-size-silver-fox-greymid-grey-groupe-01-aGB032522561.html\" class=\"sc-button sc-button-default\" target=\"_blank\" rel=\"noopener\"><span>PREISE SICHTEN<\/span><\/a><\/td>\n<\/tr>\n<tr class=\"row-22\">\n\t<td class=\"column-1\"><center><a href=\"https:\/\/monsiegeautobebe.fr\/wp-content\/uploads\/2019\/10\/siege-auto-joie-i-spin-360-i-size.jpg\"><img loading=\"lazy\" decoding=\"async\" src=\"https:\/\/monsiegeautobebe.fr\/wp-content\/uploads\/2019\/10\/siege-auto-joie-i-spin-360-i-size-150x150.jpg\" alt=\"Joie i-Spin 360\u00b0 i-Size Autositz\" width=\"70\" height=\"70\" class=\"aligncenter size-thumbnail wp-image-1753\" srcset=\"https:\/\/www.monsiegeautobebe.fr\/wp-content\/uploads\/2019\/10\/siege-auto-joie-i-spin-360-i-size-150x150.jpg 150w, https:\/\/www.monsiegeautobebe.fr\/wp-content\/uploads\/2019\/10\/siege-auto-joie-i-spin-360-i-size-300x300.jpg 300w, https:\/\/www.monsiegeautobebe.fr\/wp-content\/uploads\/2019\/10\/siege-auto-joie-i-spin-360-i-size-336x336.jpg 336w, https:\/\/www.monsiegeautobebe.fr\/wp-content\/uploads\/2019\/10\/siege-auto-joie-i-spin-360-i-size-600x600.jpg 600w, https:\/\/www.monsiegeautobebe.fr\/wp-content\/uploads\/2019\/10\/siege-auto-joie-i-spin-360-i-size-768x768.jpg 768w, https:\/\/www.monsiegeautobebe.fr\/wp-content\/uploads\/2019\/10\/siege-auto-joie-i-spin-360-i-size.jpg 1000w\" sizes=\"(max-width: 70px) 100vw, 70px\" \/>Freude<br \/>\ni-Spin 360\u00b0<\/a><\/center><\/td><td class=\"column-2\">i-Size (R129)<\/td><td class=\"column-3\">40 - 105 cm (max. 18 kg)<\/td><td class=\"column-4\"><center><img loading=\"lazy\" decoding=\"async\" src=\"https:\/\/monsiegeautobebe.fr\/wp-content\/uploads\/2019\/03\/icon-yes.png\" alt=\"\" width=\"16\" height=\"16\" class=\"aligncenter size-full wp-image-693\" \/><\/center><\/td><td class=\"column-5\"><center><img loading=\"lazy\" decoding=\"async\" src=\"https:\/\/monsiegeautobebe.fr\/wp-content\/uploads\/2019\/03\/icon-yes.png\" alt=\"\" width=\"16\" height=\"16\" class=\"aligncenter size-full wp-image-693\" \/><\/center><\/td><td class=\"column-6\"><center><img loading=\"lazy\" decoding=\"async\" src=\"https:\/\/monsiegeautobebe.fr\/wp-content\/uploads\/2019\/03\/icon-yes.png\" alt=\"\" width=\"16\" height=\"16\" class=\"aligncenter size-full wp-image-693\" \/><\/center><\/td><td class=\"column-7\">ISOFIX mit St\u00fctzbein<\/td><td class=\"column-8\"><center><img loading=\"lazy\" decoding=\"async\" src=\"https:\/\/monsiegeautobebe.fr\/wp-content\/uploads\/2019\/03\/icon-yes.png\" alt=\"\" width=\"16\" height=\"16\" class=\"aligncenter size-full wp-image-693\" \/><\/center><\/td><td class=\"column-9\">Gut (1.8)<\/td><td class=\"column-10\"><a href=\"https:\/\/action.metaffiliation.com\/trk.php?mclic=P4F2915719951B1&amp;redir=https%3A%2F%2Fwww.autourdebebe.com%2Fp%2F5056080606781%2Fsiege-auto-i-spin-360-joie\" class=\"sc-button sc-button-default\" target=\"_blank\" rel=\"noopener\"><span>PREISE SICHTEN<\/span><\/a><\/td>\n<\/tr>\n<tr class=\"row-23\">\n\t<td class=\"column-1\"><center><a href=\"https:\/\/monsiegeautobebe.fr\/wp-content\/uploads\/2019\/11\/siege-auto-joie-spin-360.jpg\"><img loading=\"lazy\" decoding=\"async\" src=\"https:\/\/monsiegeautobebe.fr\/wp-content\/uploads\/2019\/11\/siege-auto-joie-spin-360-150x150.jpg\" alt=\"Autositz Joie Spin 360\u00b0\" width=\"70\" height=\"70\" class=\"aligncenter size-thumbnail wp-image-1812\" srcset=\"https:\/\/www.monsiegeautobebe.fr\/wp-content\/uploads\/2019\/11\/siege-auto-joie-spin-360-150x150.jpg 150w, https:\/\/www.monsiegeautobebe.fr\/wp-content\/uploads\/2019\/11\/siege-auto-joie-spin-360-300x300.jpg 300w, https:\/\/www.monsiegeautobebe.fr\/wp-content\/uploads\/2019\/11\/siege-auto-joie-spin-360-336x336.jpg 336w, https:\/\/www.monsiegeautobebe.fr\/wp-content\/uploads\/2019\/11\/siege-auto-joie-spin-360-600x600.jpg 600w, https:\/\/www.monsiegeautobebe.fr\/wp-content\/uploads\/2019\/11\/siege-auto-joie-spin-360-768x768.jpg 768w, https:\/\/www.monsiegeautobebe.fr\/wp-content\/uploads\/2019\/11\/siege-auto-joie-spin-360.jpg 1000w\" sizes=\"(max-width: 70px) 100vw, 70px\" \/>Freude<br \/>\nSpin 360\u00b0<\/a><\/center><\/td><td class=\"column-2\">R44\/04<\/td><td class=\"column-3\">Gruppe 0+\/1 <br \/>\n0 - 18 kg<\/td><td class=\"column-4\"><center><img loading=\"lazy\" decoding=\"async\" src=\"https:\/\/monsiegeautobebe.fr\/wp-content\/uploads\/2019\/03\/icon-yes.png\" alt=\"\" width=\"16\" height=\"16\" class=\"aligncenter size-full wp-image-693\" \/><\/center><\/td><td class=\"column-5\"><center><img loading=\"lazy\" decoding=\"async\" src=\"https:\/\/monsiegeautobebe.fr\/wp-content\/uploads\/2019\/03\/icon-yes.png\" alt=\"\" width=\"16\" height=\"16\" class=\"aligncenter size-full wp-image-693\" \/><\/center><\/td><td class=\"column-6\"><center><img loading=\"lazy\" decoding=\"async\" src=\"https:\/\/monsiegeautobebe.fr\/wp-content\/uploads\/2019\/03\/icon-yes.png\" alt=\"\" width=\"16\" height=\"16\" class=\"aligncenter size-full wp-image-693\" \/><\/center><\/td><td class=\"column-7\">ISOFIX mit St\u00fctzbein<\/td><td class=\"column-8\"><center><img loading=\"lazy\" decoding=\"async\" src=\"https:\/\/monsiegeautobebe.fr\/wp-content\/uploads\/2019\/03\/icon-yes.png\" alt=\"\" width=\"16\" height=\"16\" class=\"aligncenter size-full wp-image-693\" \/><\/center><\/td><td class=\"column-9\">Gut (2.8)<\/td><td class=\"column-10\"><a href=\"https:\/\/www.awin1.com\/cread.php?awinmid=7103&amp;awinaffid=561535&amp;clickref=Joie+Spin+360%C2%B0&amp;p=%5B%5Bhttps%253A%252F%252Fwww.oxybul.com%252Fpuericulture%252Fsieges-auto%252Fgroupe-0-1%252Fsiege-auto-0-1-spin-360-ember%252Fproduit%252F338327%5D%5D\" class=\"sc-button sc-button-default\" target=\"_blank\" rel=\"noopener\"><span>PREISE SICHTEN<\/span><\/a><\/td>\n<\/tr>\n<tr class=\"row-24\">\n\t<td class=\"column-1\"><center><a href=\"https:\/\/monsiegeautobebe.fr\/wp-content\/uploads\/2019\/10\/siege-auto-nuna-rebl-plus-i-size.jpg\"><img loading=\"lazy\" decoding=\"async\" src=\"https:\/\/monsiegeautobebe.fr\/wp-content\/uploads\/2019\/10\/siege-auto-nuna-rebl-plus-i-size-150x150.jpg\" alt=\"Autositz Nuna Rebl Plus i-Size\" width=\"70\" height=\"70\" class=\"aligncenter size-thumbnail wp-image-1719\" srcset=\"https:\/\/www.monsiegeautobebe.fr\/wp-content\/uploads\/2019\/10\/siege-auto-nuna-rebl-plus-i-size-150x150.jpg 150w, https:\/\/www.monsiegeautobebe.fr\/wp-content\/uploads\/2019\/10\/siege-auto-nuna-rebl-plus-i-size-300x300.jpg 300w, https:\/\/www.monsiegeautobebe.fr\/wp-content\/uploads\/2019\/10\/siege-auto-nuna-rebl-plus-i-size-336x336.jpg 336w, https:\/\/www.monsiegeautobebe.fr\/wp-content\/uploads\/2019\/10\/siege-auto-nuna-rebl-plus-i-size-600x600.jpg 600w, https:\/\/www.monsiegeautobebe.fr\/wp-content\/uploads\/2019\/10\/siege-auto-nuna-rebl-plus-i-size-768x768.jpg 768w, https:\/\/www.monsiegeautobebe.fr\/wp-content\/uploads\/2019\/10\/siege-auto-nuna-rebl-plus-i-size.jpg 1000w\" sizes=\"(max-width: 70px) 100vw, 70px\" \/>Nuna<br \/>\nRebl Plus i-Size<\/a><\/center><\/td><td class=\"column-2\">i-Size (R129)<\/td><td class=\"column-3\">40 - 105 cm (max. 18,5 kg)<\/td><td class=\"column-4\"><center><img loading=\"lazy\" decoding=\"async\" src=\"https:\/\/monsiegeautobebe.fr\/wp-content\/uploads\/2019\/03\/icon-yes.png\" alt=\"\" width=\"16\" height=\"16\" class=\"aligncenter size-full wp-image-693\" \/><\/center><\/td><td class=\"column-5\"><center><img loading=\"lazy\" decoding=\"async\" src=\"https:\/\/monsiegeautobebe.fr\/wp-content\/uploads\/2019\/03\/icon-yes.png\" alt=\"\" width=\"16\" height=\"16\" class=\"aligncenter size-full wp-image-693\" \/><\/center><\/td><td class=\"column-6\"><center><img loading=\"lazy\" decoding=\"async\" src=\"https:\/\/monsiegeautobebe.fr\/wp-content\/uploads\/2019\/03\/icon-yes.png\" alt=\"\" width=\"16\" height=\"16\" class=\"aligncenter size-full wp-image-693\" \/><\/center><\/td><td class=\"column-7\">ISOFIX mit St\u00fctzbein<\/td><td class=\"column-8\"><center><img loading=\"lazy\" decoding=\"async\" src=\"https:\/\/monsiegeautobebe.fr\/wp-content\/uploads\/2019\/03\/icon-yes.png\" alt=\"\" width=\"16\" height=\"16\" class=\"aligncenter size-full wp-image-693\" \/><\/center><\/td><td class=\"column-9\">Gut (2.5)<\/td><td class=\"column-10\"><a href=\"https:\/\/www.madeinbebe.com\/boutique\/fr\/rebl-plus-caviar-nuna\/a190243\" class=\"sc-button sc-button-default\" target=\"_blank\" rel=\"noopener\"><span>PREISE SICHTEN<\/span><\/a><\/td>\n<\/tr>\n<tr class=\"row-25\">\n\t<td class=\"column-1\"><center><a href=\"https:\/\/monsiegeautobebe.fr\/wp-content\/uploads\/2019\/10\/siege-auto-recaro-zero-1-elite-i-size.jpg\"><img loading=\"lazy\" decoding=\"async\" src=\"https:\/\/monsiegeautobebe.fr\/wp-content\/uploads\/2019\/10\/siege-auto-recaro-zero-1-elite-i-size-150x150.jpg\" alt=\"Autositz Recaro Zero.1 Elite i-Size\" width=\"70\" height=\"70\" class=\"aligncenter size-thumbnail wp-image-1721\" srcset=\"https:\/\/www.monsiegeautobebe.fr\/wp-content\/uploads\/2019\/10\/siege-auto-recaro-zero-1-elite-i-size-150x150.jpg 150w, https:\/\/www.monsiegeautobebe.fr\/wp-content\/uploads\/2019\/10\/siege-auto-recaro-zero-1-elite-i-size-300x300.jpg 300w, https:\/\/www.monsiegeautobebe.fr\/wp-content\/uploads\/2019\/10\/siege-auto-recaro-zero-1-elite-i-size-336x336.jpg 336w, https:\/\/www.monsiegeautobebe.fr\/wp-content\/uploads\/2019\/10\/siege-auto-recaro-zero-1-elite-i-size-600x600.jpg 600w, https:\/\/www.monsiegeautobebe.fr\/wp-content\/uploads\/2019\/10\/siege-auto-recaro-zero-1-elite-i-size-768x768.jpg 768w, https:\/\/www.monsiegeautobebe.fr\/wp-content\/uploads\/2019\/10\/siege-auto-recaro-zero-1-elite-i-size.jpg 1000w\" sizes=\"(max-width: 70px) 100vw, 70px\" \/>Recaro<br \/>\nZero.1 Elite i-Size<\/a><\/center><\/td><td class=\"column-2\">i-Size (R129)<\/td><td class=\"column-3\">40 - 105 cm (max. 18 kg)<\/td><td class=\"column-4\">Besitzt eine abnehmbare Babyschale<\/td><td class=\"column-5\"><center><img loading=\"lazy\" decoding=\"async\" src=\"https:\/\/monsiegeautobebe.fr\/wp-content\/uploads\/2019\/03\/icon-yes.png\" alt=\"\" width=\"16\" height=\"16\" class=\"aligncenter size-full wp-image-693\" \/><\/center><\/td><td class=\"column-6\"><center><img loading=\"lazy\" decoding=\"async\" src=\"https:\/\/monsiegeautobebe.fr\/wp-content\/uploads\/2019\/03\/icon-yes.png\" alt=\"\" width=\"16\" height=\"16\" class=\"aligncenter size-full wp-image-693\" \/><\/center><\/td><td class=\"column-7\">ISOFIX mit St\u00fctzbein<\/td><td class=\"column-8\"><center><img loading=\"lazy\" decoding=\"async\" src=\"https:\/\/monsiegeautobebe.fr\/wp-content\/uploads\/2019\/03\/icon-yes.png\" alt=\"\" width=\"16\" height=\"16\" class=\"aligncenter size-full wp-image-693\" \/><\/center><\/td><td class=\"column-9\">Gut (2.5)<\/td><td class=\"column-10\"><a href=\"http:\/\/tracking.publicidees.com\/clic.php?progid=605&amp;partid=59883&amp;dpl=https%3A%2F%2Fwww.aubert.com%2Fp%2F74351861-1235%2Fzero-1-elite-i-size-carbon-black-recaro\" class=\"sc-button sc-button-default\" target=\"_blank\" rel=\"noopener\"><span>PREISE SICHTEN<\/span><\/a><\/td>\n<\/tr>\n<tr class=\"row-26\">\n\t<td class=\"column-1\"><center><a href=\"https:\/\/monsiegeautobebe.fr\/wp-content\/uploads\/2019\/10\/siege-auto-recaro-zero-1-i-size.jpg\"><img loading=\"lazy\" decoding=\"async\" src=\"https:\/\/monsiegeautobebe.fr\/wp-content\/uploads\/2019\/10\/siege-auto-recaro-zero-1-i-size-150x150.jpg\" alt=\"Autositz Recaro Zero.1 i-Size\" width=\"70\" height=\"70\" class=\"aligncenter size-thumbnail wp-image-1722\" srcset=\"https:\/\/www.monsiegeautobebe.fr\/wp-content\/uploads\/2019\/10\/siege-auto-recaro-zero-1-i-size-150x150.jpg 150w, https:\/\/www.monsiegeautobebe.fr\/wp-content\/uploads\/2019\/10\/siege-auto-recaro-zero-1-i-size-300x300.jpg 300w, https:\/\/www.monsiegeautobebe.fr\/wp-content\/uploads\/2019\/10\/siege-auto-recaro-zero-1-i-size-336x336.jpg 336w, https:\/\/www.monsiegeautobebe.fr\/wp-content\/uploads\/2019\/10\/siege-auto-recaro-zero-1-i-size-600x600.jpg 600w, https:\/\/www.monsiegeautobebe.fr\/wp-content\/uploads\/2019\/10\/siege-auto-recaro-zero-1-i-size-768x768.jpg 768w, https:\/\/www.monsiegeautobebe.fr\/wp-content\/uploads\/2019\/10\/siege-auto-recaro-zero-1-i-size.jpg 1000w\" sizes=\"(max-width: 70px) 100vw, 70px\" \/>Recaro<br \/>\nZero.1 i-Size<\/a><\/center><\/td><td class=\"column-2\">i-Size (R129)<\/td><td class=\"column-3\">40 - 105 cm (max. 18 kg)<\/td><td class=\"column-4\"><center><img loading=\"lazy\" decoding=\"async\" src=\"https:\/\/monsiegeautobebe.fr\/wp-content\/uploads\/2019\/03\/icon-yes.png\" alt=\"\" width=\"16\" height=\"16\" class=\"aligncenter size-full wp-image-693\" \/><\/center><\/td><td class=\"column-5\"><center><img loading=\"lazy\" decoding=\"async\" src=\"https:\/\/monsiegeautobebe.fr\/wp-content\/uploads\/2019\/03\/icon-yes.png\" alt=\"\" width=\"16\" height=\"16\" class=\"aligncenter size-full wp-image-693\" \/><\/center><\/td><td class=\"column-6\"><center><img loading=\"lazy\" decoding=\"async\" src=\"https:\/\/monsiegeautobebe.fr\/wp-content\/uploads\/2019\/03\/icon-yes.png\" alt=\"\" width=\"16\" height=\"16\" class=\"aligncenter size-full wp-image-693\" \/><\/center><\/td><td class=\"column-7\">ISOFIX mit St\u00fctzbein<\/td><td class=\"column-8\"><center><img loading=\"lazy\" decoding=\"async\" src=\"https:\/\/monsiegeautobebe.fr\/wp-content\/uploads\/2019\/03\/icon-yes.png\" alt=\"\" width=\"16\" height=\"16\" class=\"aligncenter size-full wp-image-693\" \/><\/center><\/td><td class=\"column-9\">Gut (2.3)<\/td><td class=\"column-10\"><a href=\"https:\/\/amzn.to\/2XDW5MW\" class=\"sc-button sc-button-default\" target=\"_blank\" rel=\"noopener\"><span>PREISE SICHTEN<\/span><\/a><\/td>\n<\/tr>\n<\/tbody>\n<\/table>\n\n<\/div><!-- #tablepress-36 from cache -->","protected":false},"excerpt":{"rendered":"<p>Eltern sind immer um die Sicherheit ihrer Babys besorgt, wenn sie zu Hause, in der Schule oder bei den Gro\u00dfeltern sind, w\u00e4hrend sie die Sicherheit ihrer Kinder beim Autofahren manchmal vernachl\u00e4ssigen. Dabei ist die Sicherheit von Kindern im Auto von gr\u00f6\u00dfter Bedeutung. Wenn Sie mit dem R\u00fccken zur Fahrtrichtung fahren, k\u00f6nnen Sie bei einem Unfall ein hohes Ma\u00df an Sicherheit gew\u00e4hrleisten.<\/p>","protected":false},"author":2,"featured_media":2247,"comment_status":"open","ping_status":"open","sticky":false,"template":"","format":"standard","meta":{"footnotes":""},"categories":[14],"tags":[10],"class_list":{"0":"post-2224","1":"post","2":"type-post","3":"status-publish","4":"format-standard","5":"has-post-thumbnail","7":"category-siege-auto-dos-route","8":"tag-dos-a-la-route"},"_links":{"self":[{"href":"https:\/\/www.monsiegeautobebe.fr\/de\/wp-json\/wp\/v2\/posts\/2224","targetHints":{"allow":["GET"]}}],"collection":[{"href":"https:\/\/www.monsiegeautobebe.fr\/de\/wp-json\/wp\/v2\/posts"}],"about":[{"href":"https:\/\/www.monsiegeautobebe.fr\/de\/wp-json\/wp\/v2\/types\/post"}],"author":[{"embeddable":true,"href":"https:\/\/www.monsiegeautobebe.fr\/de\/wp-json\/wp\/v2\/users\/2"}],"replies":[{"embeddable":true,"href":"https:\/\/www.monsiegeautobebe.fr\/de\/wp-json\/wp\/v2\/comments?post=2224"}],"version-history":[{"count":0,"href":"https:\/\/www.monsiegeautobebe.fr\/de\/wp-json\/wp\/v2\/posts\/2224\/revisions"}],"wp:featuredmedia":[{"embeddable":true,"href":"https:\/\/www.monsiegeautobebe.fr\/de\/wp-json\/wp\/v2\/media\/2247"}],"wp:attachment":[{"href":"https:\/\/www.monsiegeautobebe.fr\/de\/wp-json\/wp\/v2\/media?parent=2224"}],"wp:term":[{"taxonomy":"category","embeddable":true,"href":"https:\/\/www.monsiegeautobebe.fr\/de\/wp-json\/wp\/v2\/categories?post=2224"},{"taxonomy":"post_tag","embeddable":true,"href":"https:\/\/www.monsiegeautobebe.fr\/de\/wp-json\/wp\/v2\/tags?post=2224"}],"curies":[{"name":"wp","href":"https:\/\/api.w.org\/{rel}","templated":true}]}}